{"id":418440,"date":"2025-10-13T01:39:17","date_gmt":"2025-10-12T23:39:17","guid":{"rendered":"https:\/\/paulinenaue.info\/?p=418440"},"modified":"2025-10-15T00:01:13","modified_gmt":"2025-10-14T22:01:13","slug":"lost-places-exkursion-an-einem-sonntag-im-herbst","status":"publish","type":"post","link":"https:\/\/paulinenaue.info\/index.php\/lost-places-exkursion-an-einem-sonntag-im-herbst\/","title":{"rendered":"Lost-Places-Exkursion an einem Sonntag im Herbst"},"content":{"rendered":"<div class=\"fusion-fullwidth fullwidth-box fusion-builder-row-1 fusion-flex-container nonhundred-percent-fullwidth non-hundred-percent-height-scrolling\" style=\"--awb-border-radius-top-left:0px;--awb-border-radius-top-right:0px;--awb-border-radius-bottom-right:0px;--awb-border-radius-bottom-left:0px;\" ><div class=\"fusion-builder-row fusion-row fusion-flex-align-items-flex-start\" style=\"max-width:1248px;margin-left: calc(-4% \/ 2 );margin-right: calc(-4% \/ 2 );\"><div class=\"fusion-layout-column fusion_builder_column fusion-builder-column-0 fusion_builder_column_1_1 1_1 fusion-flex-column\" style=\"--awb-bg-size:cover;--awb-width-large:100%;--awb-margin-top-large:0px;--awb-spacing-right-large:1.92%;--awb-margin-bottom-large:0px;--awb-spacing-left-large:1.92%;--awb-width-medium:100%;--awb-spacing-right-medium:1.92%;--awb-spacing-left-medium:1.92%;--awb-width-small:100%;--awb-spacing-right-small:1.92%;--awb-spacing-left-small:1.92%;\"><div class=\"fusion-column-wrapper fusion-flex-justify-content-flex-start fusion-content-layout-column\"><div class=\"fusion-text fusion-text-1\"><p>Die bei ihrer Er\u00f6ffnung am 7. Oktober 1974 hochmoderne Milchviehanlage wird <a href=\"https:\/\/paulinenaue.info\/index.php\/die-milchviehanlage-wird-abgerissen\/\">in den n\u00e4chsten Jahren komplett abgebaut<\/a>. 2000 K\u00fche wurden hier einmal gehalten. Jeder kennt die \u201eAnlage\u201c, aber wenige wissen so genau Bescheid \u00fcber sie wie Hartmut Henning, der von Anfang an bis 1990 hier besch\u00e4ftigt war und am Sonntag-Nachmittag seine Erfahrungen teilte. Neben Henning hatten sich 40 Interessierte, darunter etwa ein Dutzend ehemalige Besch\u00e4ftigte, zum Termin eingefunden. Obwohl es leider keine Erlaubnis zum Betreten gab, fingen ihre Erz\u00e4hlungen ein, wie die Milchviehanlage das Arbeiten und Leben sehr vieler Paulinenauerinnen und Paulinenauer in der DDR gepr\u00e4gt hat. Es ist ein wichtiges Kapitel der Ortsgeschichte. Die Erinnerungen waren folglich dicht und handelten von Milchquoten, Viehseuchen, dem guten \u2013 weil in der Kantine selbst zubereiteten \u2013 Essen und von der gro\u00dfen Solidarit\u00e4t unter den Besch\u00e4ftigten. Auch das ruhmlose Ende des Nachfolgebetriebes im Jahr 2018 kam zur Sprache. Wertvolle Erg\u00e4nzungen, etwa zur Verflechtung der Milchviehanlage mit den Forschungen des Paulinenauer Landwirtschaftsinstitutes, wurden von Beteiligten beigesteuert.<\/p>\n<\/p>\n<div id=\"attachment_418446\" style=\"width: 610px\" class=\"wp-caption alignnone\"><a href=\"https:\/\/paulinenaue.info\/wp-content\/uploads\/2025\/10\/2025-10-12-MVA-05.jpeg\"><img decoding=\"async\" aria-describedby=\"caption-attachment-418446\" data-attachment-id=\"418446\" data-permalink=\"https:\/\/paulinenaue.info\/index.php\/lost-places-exkursion-an-einem-sonntag-im-herbst\/2025-10-12-mva-05\/\" data-orig-file=\"https:\/\/paulinenaue.info\/wp-content\/uploads\/2025\/10\/2025-10-12-MVA-05.jpeg\" data-orig-size=\"1000,667\" data-comments-opened=\"1\" data-image-meta=\"{&quot;aperture&quot;:&quot;2.4&quot;,&quot;credit&quot;:&quot;&quot;,&quot;camera&quot;:&quot;DSC-RX10M3&quot;,&quot;caption&quot;:&quot;&quot;,&quot;created_timestamp&quot;:&quot;1760278163&quot;,&quot;copyright&quot;:&quot;&quot;,&quot;focal_length&quot;:&quot;8.8&quot;,&quot;iso&quot;:&quot;100&quot;,&quot;shutter_speed&quot;:&quot;0.005&quot;,&quot;title&quot;:&quot;&quot;,&quot;orientation&quot;:&quot;1&quot;}\" data-image-title=\"2025-10-12, MVA, 05\" data-image-description=\"&lt;p&gt;Ehemalige Mitarbeitende der Milchviehanlage. Foto: J. Scholz, 2025.&lt;\/p&gt;\n\" data-image-caption=\"\" data-large-file=\"https:\/\/paulinenaue.info\/wp-content\/uploads\/2025\/10\/2025-10-12-MVA-05.jpeg\" class=\"lazyload wp-image-418446 size-fusion-600\" src=\"https:\/\/paulinenaue.info\/wp-content\/uploads\/2025\/10\/2025-10-12-MVA-05-600x400.jpeg\" data-orig-src=\"https:\/\/paulinenaue.info\/wp-content\/uploads\/2025\/10\/2025-10-12-MVA-05-600x400.jpeg\" alt=\"\" width=\"600\" height=\"400\" srcset=\"data:image\/svg+xml,%3Csvg%20xmlns%3D%27http%3A%2F%2Fwww.w3.org%2F2000%2Fsvg%27%20width%3D%27600%27%20height%3D%27400%27%20viewBox%3D%270%200%20600%20400%27%3E%3Crect%20width%3D%27600%27%20height%3D%27400%27%20fill-opacity%3D%220%22%2F%3E%3C%2Fsvg%3E\" data-srcset=\"https:\/\/paulinenaue.info\/wp-content\/uploads\/2025\/10\/2025-10-12-MVA-05-200x133.jpeg 200w, https:\/\/paulinenaue.info\/wp-content\/uploads\/2025\/10\/2025-10-12-MVA-05-300x200.jpeg 300w, https:\/\/paulinenaue.info\/wp-content\/uploads\/2025\/10\/2025-10-12-MVA-05-400x267.jpeg 400w, https:\/\/paulinenaue.info\/wp-content\/uploads\/2025\/10\/2025-10-12-MVA-05-600x400.jpeg 600w, https:\/\/paulinenaue.info\/wp-content\/uploads\/2025\/10\/2025-10-12-MVA-05-768x512.jpeg 768w, https:\/\/paulinenaue.info\/wp-content\/uploads\/2025\/10\/2025-10-12-MVA-05-800x534.jpeg 800w, https:\/\/paulinenaue.info\/wp-content\/uploads\/2025\/10\/2025-10-12-MVA-05.jpeg 1000w\" data-sizes=\"auto\" data-orig-sizes=\"(max-width: 600px) 100vw, 600px\" \/><\/a><p id=\"caption-attachment-418446\" class=\"wp-caption-text\"><em>Sie haben hier einmal gearbeitet. Viele Paulinenauer verbinden lebendige Erinnerungen mit ihrem Arbeitsplatz in der Paulinenauer Milchviehanlage. Foto: J. Scholz, 2025.<\/em><\/p><\/div>\n<p>Von der Anlage ging es weiter zur nahen Eisenbahnlinie. Hier berichtete ein weiterer Zeitzeuge  \u2013 Heinz Wellenbrock \u2013 vom Leben auf \u201ePosten 15\u201c, einem im 19. Jahrhundert errichteten Bahnwohnbau nebst Streckenposten direkt an den Gleisen. Heinz kam mit seiner Frau Anfang der 1970er Jahre aus Mecklenburg nach Paulinenaue, um im Institut zu arbeiten. Obwohl seine Heimat als besonders r\u00fcckst\u00e4ndig galt, war er doch Toilette und flie\u00dfendes Wasser im Haus gew\u00f6hnt. Das alles fehlte auf Posten 15. Nur Opa Dr\u00e4ger, der Nachbar, hielt im Winter den Weg frei. Die Familie gew\u00f6hnte sich an das karge Leben. Der Fliederbusch, den Heinz pflanzte, hat sich mittlerweile weit ausgebreitet. Sonst erinnert kaum noch etwas an Posten 15. Nach Wellenbrocks wohnten Ende 1976 noch einige junge Kollegen der Milchviehanlage f\u00fcr ein paar Monate hier drau\u00dfen, berichtete Detlef Giese, der zu der Drei-Mann-Truppe geh\u00f6rte. Dann wurde \u201ePosten 15\u201c abgerissen und die Steine u.a. zum Bau der Paulinenauer Turnhalle verwendet.<\/p>\n<\/p>\n<div id=\"attachment_418441\" style=\"width: 610px\" class=\"wp-caption alignnone\"><a href=\"https:\/\/paulinenaue.info\/wp-content\/uploads\/2025\/10\/2025-10-12_16-15-18_I.jpg\"><img decoding=\"async\" aria-describedby=\"caption-attachment-418441\" data-attachment-id=\"418441\" data-permalink=\"https:\/\/paulinenaue.info\/index.php\/lost-places-exkursion-an-einem-sonntag-im-herbst\/2025-10-12_16-15-18_i\/\" data-orig-file=\"https:\/\/paulinenaue.info\/wp-content\/uploads\/2025\/10\/2025-10-12_16-15-18_I.jpg\" data-orig-size=\"1920,1080\" data-comments-opened=\"1\" data-image-meta=\"{&quot;aperture&quot;:&quot;1.78&quot;,&quot;credit&quot;:&quot;&quot;,&quot;camera&quot;:&quot;iPhone 15 Pro Max&quot;,&quot;caption&quot;:&quot;&quot;,&quot;created_timestamp&quot;:&quot;1760285718&quot;,&quot;copyright&quot;:&quot;&quot;,&quot;focal_length&quot;:&quot;6.7649998656528&quot;,&quot;iso&quot;:&quot;80&quot;,&quot;shutter_speed&quot;:&quot;0.0018832391713748&quot;,&quot;title&quot;:&quot;&quot;,&quot;orientation&quot;:&quot;1&quot;}\" data-image-title=\"2025-10-12_16-15-18_I\" data-image-description=\"\" data-image-caption=\"\" data-large-file=\"https:\/\/paulinenaue.info\/wp-content\/uploads\/2025\/10\/2025-10-12_16-15-18_I-1024x576.jpg\" class=\"lazyload wp-image-418441 size-fusion-600\" src=\"https:\/\/paulinenaue.info\/wp-content\/uploads\/2025\/10\/2025-10-12_16-15-18_I-600x338.jpg\" data-orig-src=\"https:\/\/paulinenaue.info\/wp-content\/uploads\/2025\/10\/2025-10-12_16-15-18_I-600x338.jpg\" alt=\"\" width=\"600\" height=\"338\" srcset=\"data:image\/svg+xml,%3Csvg%20xmlns%3D%27http%3A%2F%2Fwww.w3.org%2F2000%2Fsvg%27%20width%3D%27600%27%20height%3D%27338%27%20viewBox%3D%270%200%20600%20338%27%3E%3Crect%20width%3D%27600%27%20height%3D%27338%27%20fill-opacity%3D%220%22%2F%3E%3C%2Fsvg%3E\" data-srcset=\"https:\/\/paulinenaue.info\/wp-content\/uploads\/2025\/10\/2025-10-12_16-15-18_I-200x113.jpg 200w, https:\/\/paulinenaue.info\/wp-content\/uploads\/2025\/10\/2025-10-12_16-15-18_I-300x169.jpg 300w, https:\/\/paulinenaue.info\/wp-content\/uploads\/2025\/10\/2025-10-12_16-15-18_I-400x225.jpg 400w, https:\/\/paulinenaue.info\/wp-content\/uploads\/2025\/10\/2025-10-12_16-15-18_I-600x338.jpg 600w, https:\/\/paulinenaue.info\/wp-content\/uploads\/2025\/10\/2025-10-12_16-15-18_I-768x432.jpg 768w, https:\/\/paulinenaue.info\/wp-content\/uploads\/2025\/10\/2025-10-12_16-15-18_I-800x450.jpg 800w, https:\/\/paulinenaue.info\/wp-content\/uploads\/2025\/10\/2025-10-12_16-15-18_I-1024x576.jpg 1024w, https:\/\/paulinenaue.info\/wp-content\/uploads\/2025\/10\/2025-10-12_16-15-18_I-1200x675.jpg 1200w, https:\/\/paulinenaue.info\/wp-content\/uploads\/2025\/10\/2025-10-12_16-15-18_I-1536x864.jpg 1536w, https:\/\/paulinenaue.info\/wp-content\/uploads\/2025\/10\/2025-10-12_16-15-18_I.jpg 1920w\" data-sizes=\"auto\" data-orig-sizes=\"(max-width: 600px) 100vw, 600px\" \/><\/a><p id=\"caption-attachment-418441\" class=\"wp-caption-text\"><em>Heinz Wellenbrock erz\u00e4hlt vom Leben auf Posten 15. Foto: E. Schwarz, 2025.<\/em><\/p><\/div>\n<p>Herzlichen Dank an Hartmut und Heinz und an alle Beteiligten. Das <a href=\"https:\/\/paulinenaue.info\/index.php\/kulturverein\/paulinenaue-archiv\/\">Archiv des Kulturvereins<\/a> bewahrt die heute aufgezeichneten Geschichten sowie zwei Paar Latschen mit Fu\u00dfpilzschutz auf, die Eckhard Vierjahn vom Verein noch aus dem materialen Bestand der Milchviehanlage gerettet hat.<\/p>\n<\/div><\/div><\/div><\/div><\/div>\n","protected":false},"excerpt":{"rendered":"","protected":false},"author":1,"featured_media":418443,"comment_status":"open","ping_status":"open","sticky":false,"template":"","format":"standard","meta":{"_acf_changed":false,"_price":"","_stock":"","_tribe_ticket_header":"","_tribe_default_ticket_provider":"","_tribe_ticket_capacity":"0","_ticket_start_date":"","_ticket_end_date":"","_tribe_ticket_show_description":"","_tribe_ticket_show_not_going":false,"_tribe_ticket_use_global_stock":"","_tribe_ticket_global_stock_level":"","_global_stock_mode":"","_global_stock_cap":"","_tribe_rsvp_for_event":"","_tribe_ticket_going_count":"","_tribe_ticket_not_going_count":"","_tribe_tickets_list":"[]","_tribe_ticket_has_attendee_info_fields":false,"jetpack_post_was_ever_published":false,"_jetpack_newsletter_access":"","_jetpack_dont_email_post_to_subs":false,"_jetpack_newsletter_tier_id":0,"_jetpack_memberships_contains_paywalled_content":false,"_jetpack_memberships_contains_paid_content":false,"footnotes":"","jetpack_publicize_message":"","jetpack_publicize_feature_enabled":true,"jetpack_social_post_already_shared":true,"jetpack_social_options":{"image_generator_settings":{"template":"highway","default_image_id":0,"font":"","enabled":false},"version":2}},"categories":[6,7,618,526],"tags":[231,413,646],"class_list":["post-418440","post","type-post","status-publish","format-standard","has-post-thumbnail","hentry","category-hier-zuhause","category-historie","category-milchviehanlage","category-ortsgeschichte","tag-kulturverein","tag-milchviehanlage","tag-posten-15"],"acf":[],"yoast_head":"<!-- This site is optimized with the Yoast SEO plugin v27.4 - https:\/\/yoast.com\/product\/yoast-seo-wordpress\/ -->\n<title>Lost-Places-Exkursion an einem Sonntag im Herbst - Paulinenaue<\/title>\n<meta name=\"description\" content=\"Eine Exkursion f\u00fchrte 40 Interessierte zu zwei \u201eLost-Places\u201c von Paulinenaue: zur Milchviehanlage und zu Posten 15 an der Bahn.\" \/>\n<meta name=\"robots\" content=\"index, follow, max-snippet:-1, max-image-preview:large, max-video-preview:-1\" \/>\n<link rel=\"canonical\" href=\"https:\/\/paulinenaue.info\/index.php\/lost-places-exkursion-an-einem-sonntag-im-herbst\/\" \/>\n<meta property=\"og:locale\" content=\"de_DE\" \/>\n<meta property=\"og:type\" content=\"article\" \/>\n<meta property=\"og:title\" content=\"Lost-Places-Exkursion an einem Sonntag im Herbst - Paulinenaue\" \/>\n<meta property=\"og:description\" content=\"Eine Exkursion f\u00fchrte 40 Interessierte zu zwei \u201eLost-Places\u201c von Paulinenaue: zur Milchviehanlage und zu Posten 15 an der Bahn.\" \/>\n<meta property=\"og:url\" content=\"https:\/\/paulinenaue.info\/index.php\/lost-places-exkursion-an-einem-sonntag-im-herbst\/\" \/>\n<meta property=\"og:site_name\" content=\"Paulinenaue\" \/>\n<meta property=\"article:published_time\" content=\"2025-10-12T23:39:17+00:00\" \/>\n<meta property=\"article:modified_time\" content=\"2025-10-14T22:01:13+00:00\" \/>\n<meta property=\"og:image\" content=\"https:\/\/paulinenaue.info\/wp-content\/uploads\/2025\/10\/2025-10-12-MVA-02.jpeg\" \/>\n\t<meta property=\"og:image:width\" content=\"1000\" \/>\n\t<meta property=\"og:image:height\" content=\"667\" \/>\n\t<meta property=\"og:image:type\" content=\"image\/jpeg\" \/>\n<meta name=\"author\" content=\"Joachim Scholz\" \/>\n<meta name=\"twitter:card\" content=\"summary_large_image\" \/>\n<meta name=\"twitter:label1\" content=\"Verfasst von\" \/>\n\t<meta name=\"twitter:data1\" content=\"Joachim Scholz\" \/>\n\t<meta name=\"twitter:label2\" content=\"Gesch\u00e4tzte Lesezeit\" \/>\n\t<meta name=\"twitter:data2\" content=\"3\u00a0Minuten\" \/>\n<script type=\"application\/ld+json\" class=\"yoast-schema-graph\">{\"@context\":\"https:\\\/\\\/schema.org\",\"@graph\":[{\"@type\":\"Article\",\"@id\":\"https:\\\/\\\/paulinenaue.info\\\/index.php\\\/lost-places-exkursion-an-einem-sonntag-im-herbst\\\/#article\",\"isPartOf\":{\"@id\":\"https:\\\/\\\/paulinenaue.info\\\/index.php\\\/lost-places-exkursion-an-einem-sonntag-im-herbst\\\/\"},\"author\":{\"name\":\"Joachim Scholz\",\"@id\":\"https:\\\/\\\/paulinenaue.info\\\/#\\\/schema\\\/person\\\/3f9e818fd7b69b0d2bd937ac506897cc\"},\"headline\":\"Lost-Places-Exkursion an einem Sonntag im Herbst\",\"datePublished\":\"2025-10-12T23:39:17+00:00\",\"dateModified\":\"2025-10-14T22:01:13+00:00\",\"mainEntityOfPage\":{\"@id\":\"https:\\\/\\\/paulinenaue.info\\\/index.php\\\/lost-places-exkursion-an-einem-sonntag-im-herbst\\\/\"},\"wordCount\":520,\"commentCount\":0,\"image\":{\"@id\":\"https:\\\/\\\/paulinenaue.info\\\/index.php\\\/lost-places-exkursion-an-einem-sonntag-im-herbst\\\/#primaryimage\"},\"thumbnailUrl\":\"https:\\\/\\\/paulinenaue.info\\\/wp-content\\\/uploads\\\/2025\\\/10\\\/2025-10-12-MVA-02.jpeg\",\"keywords\":[\"Kulturverein\",\"Milchviehanlage\",\"Posten 15\"],\"articleSection\":[\"Hier Zuhause\",\"Historie\",\"Milchviehanlage\",\"Ortsgeschichte\"],\"inLanguage\":\"de\",\"potentialAction\":[{\"@type\":\"CommentAction\",\"name\":\"Comment\",\"target\":[\"https:\\\/\\\/paulinenaue.info\\\/index.php\\\/lost-places-exkursion-an-einem-sonntag-im-herbst\\\/#respond\"]}]},{\"@type\":\"WebPage\",\"@id\":\"https:\\\/\\\/paulinenaue.info\\\/index.php\\\/lost-places-exkursion-an-einem-sonntag-im-herbst\\\/\",\"url\":\"https:\\\/\\\/paulinenaue.info\\\/index.php\\\/lost-places-exkursion-an-einem-sonntag-im-herbst\\\/\",\"name\":\"Lost-Places-Exkursion an einem Sonntag im Herbst - Paulinenaue\",\"isPartOf\":{\"@id\":\"https:\\\/\\\/paulinenaue.info\\\/#website\"},\"primaryImageOfPage\":{\"@id\":\"https:\\\/\\\/paulinenaue.info\\\/index.php\\\/lost-places-exkursion-an-einem-sonntag-im-herbst\\\/#primaryimage\"},\"image\":{\"@id\":\"https:\\\/\\\/paulinenaue.info\\\/index.php\\\/lost-places-exkursion-an-einem-sonntag-im-herbst\\\/#primaryimage\"},\"thumbnailUrl\":\"https:\\\/\\\/paulinenaue.info\\\/wp-content\\\/uploads\\\/2025\\\/10\\\/2025-10-12-MVA-02.jpeg\",\"datePublished\":\"2025-10-12T23:39:17+00:00\",\"dateModified\":\"2025-10-14T22:01:13+00:00\",\"author\":{\"@id\":\"https:\\\/\\\/paulinenaue.info\\\/#\\\/schema\\\/person\\\/3f9e818fd7b69b0d2bd937ac506897cc\"},\"description\":\"Eine Exkursion f\u00fchrte 40 Interessierte zu zwei \u201eLost-Places\u201c von Paulinenaue: zur Milchviehanlage und zu Posten 15 an der Bahn.\",\"breadcrumb\":{\"@id\":\"https:\\\/\\\/paulinenaue.info\\\/index.php\\\/lost-places-exkursion-an-einem-sonntag-im-herbst\\\/#breadcrumb\"},\"inLanguage\":\"de\",\"potentialAction\":[{\"@type\":\"ReadAction\",\"target\":[\"https:\\\/\\\/paulinenaue.info\\\/index.php\\\/lost-places-exkursion-an-einem-sonntag-im-herbst\\\/\"]}]},{\"@type\":\"ImageObject\",\"inLanguage\":\"de\",\"@id\":\"https:\\\/\\\/paulinenaue.info\\\/index.php\\\/lost-places-exkursion-an-einem-sonntag-im-herbst\\\/#primaryimage\",\"url\":\"https:\\\/\\\/paulinenaue.info\\\/wp-content\\\/uploads\\\/2025\\\/10\\\/2025-10-12-MVA-02.jpeg\",\"contentUrl\":\"https:\\\/\\\/paulinenaue.info\\\/wp-content\\\/uploads\\\/2025\\\/10\\\/2025-10-12-MVA-02.jpeg\",\"width\":1000,\"height\":667},{\"@type\":\"BreadcrumbList\",\"@id\":\"https:\\\/\\\/paulinenaue.info\\\/index.php\\\/lost-places-exkursion-an-einem-sonntag-im-herbst\\\/#breadcrumb\",\"itemListElement\":[{\"@type\":\"ListItem\",\"position\":1,\"name\":\"Home\",\"item\":\"https:\\\/\\\/paulinenaue.info\\\/\"},{\"@type\":\"ListItem\",\"position\":2,\"name\":\"Lost-Places-Exkursion an einem Sonntag im Herbst\"}]},{\"@type\":\"WebSite\",\"@id\":\"https:\\\/\\\/paulinenaue.info\\\/#website\",\"url\":\"https:\\\/\\\/paulinenaue.info\\\/\",\"name\":\"Paulinenaue\",\"description\":\"Ein Dorf im Havelland\",\"potentialAction\":[{\"@type\":\"SearchAction\",\"target\":{\"@type\":\"EntryPoint\",\"urlTemplate\":\"https:\\\/\\\/paulinenaue.info\\\/?s={search_term_string}\"},\"query-input\":{\"@type\":\"PropertyValueSpecification\",\"valueRequired\":true,\"valueName\":\"search_term_string\"}}],\"inLanguage\":\"de\"},{\"@type\":\"Person\",\"@id\":\"https:\\\/\\\/paulinenaue.info\\\/#\\\/schema\\\/person\\\/3f9e818fd7b69b0d2bd937ac506897cc\",\"name\":\"Joachim Scholz\",\"url\":\"https:\\\/\\\/paulinenaue.info\\\/index.php\\\/author\\\/jjscholz\\\/\"}]}<\/script>\n<!-- \/ Yoast SEO plugin. -->","yoast_head_json":{"title":"Lost-Places-Exkursion an einem Sonntag im Herbst - Paulinenaue","description":"Eine Exkursion f\u00fchrte 40 Interessierte zu zwei \u201eLost-Places\u201c von Paulinenaue: zur Milchviehanlage und zu Posten 15 an der Bahn.","robots":{"index":"index","follow":"follow","max-snippet":"max-snippet:-1","max-image-preview":"max-image-preview:large","max-video-preview":"max-video-preview:-1"},"canonical":"https:\/\/paulinenaue.info\/index.php\/lost-places-exkursion-an-einem-sonntag-im-herbst\/","og_locale":"de_DE","og_type":"article","og_title":"Lost-Places-Exkursion an einem Sonntag im Herbst - Paulinenaue","og_description":"Eine Exkursion f\u00fchrte 40 Interessierte zu zwei \u201eLost-Places\u201c von Paulinenaue: zur Milchviehanlage und zu Posten 15 an der Bahn.","og_url":"https:\/\/paulinenaue.info\/index.php\/lost-places-exkursion-an-einem-sonntag-im-herbst\/","og_site_name":"Paulinenaue","article_published_time":"2025-10-12T23:39:17+00:00","article_modified_time":"2025-10-14T22:01:13+00:00","og_image":[{"width":1000,"height":667,"url":"https:\/\/paulinenaue.info\/wp-content\/uploads\/2025\/10\/2025-10-12-MVA-02.jpeg","type":"image\/jpeg"}],"author":"Joachim Scholz","twitter_card":"summary_large_image","twitter_misc":{"Verfasst von":"Joachim Scholz","Gesch\u00e4tzte Lesezeit":"3\u00a0Minuten"},"schema":{"@context":"https:\/\/schema.org","@graph":[{"@type":"Article","@id":"https:\/\/paulinenaue.info\/index.php\/lost-places-exkursion-an-einem-sonntag-im-herbst\/#article","isPartOf":{"@id":"https:\/\/paulinenaue.info\/index.php\/lost-places-exkursion-an-einem-sonntag-im-herbst\/"},"author":{"name":"Joachim Scholz","@id":"https:\/\/paulinenaue.info\/#\/schema\/person\/3f9e818fd7b69b0d2bd937ac506897cc"},"headline":"Lost-Places-Exkursion an einem Sonntag im Herbst","datePublished":"2025-10-12T23:39:17+00:00","dateModified":"2025-10-14T22:01:13+00:00","mainEntityOfPage":{"@id":"https:\/\/paulinenaue.info\/index.php\/lost-places-exkursion-an-einem-sonntag-im-herbst\/"},"wordCount":520,"commentCount":0,"image":{"@id":"https:\/\/paulinenaue.info\/index.php\/lost-places-exkursion-an-einem-sonntag-im-herbst\/#primaryimage"},"thumbnailUrl":"https:\/\/paulinenaue.info\/wp-content\/uploads\/2025\/10\/2025-10-12-MVA-02.jpeg","keywords":["Kulturverein","Milchviehanlage","Posten 15"],"articleSection":["Hier Zuhause","Historie","Milchviehanlage","Ortsgeschichte"],"inLanguage":"de","potentialAction":[{"@type":"CommentAction","name":"Comment","target":["https:\/\/paulinenaue.info\/index.php\/lost-places-exkursion-an-einem-sonntag-im-herbst\/#respond"]}]},{"@type":"WebPage","@id":"https:\/\/paulinenaue.info\/index.php\/lost-places-exkursion-an-einem-sonntag-im-herbst\/","url":"https:\/\/paulinenaue.info\/index.php\/lost-places-exkursion-an-einem-sonntag-im-herbst\/","name":"Lost-Places-Exkursion an einem Sonntag im Herbst - Paulinenaue","isPartOf":{"@id":"https:\/\/paulinenaue.info\/#website"},"primaryImageOfPage":{"@id":"https:\/\/paulinenaue.info\/index.php\/lost-places-exkursion-an-einem-sonntag-im-herbst\/#primaryimage"},"image":{"@id":"https:\/\/paulinenaue.info\/index.php\/lost-places-exkursion-an-einem-sonntag-im-herbst\/#primaryimage"},"thumbnailUrl":"https:\/\/paulinenaue.info\/wp-content\/uploads\/2025\/10\/2025-10-12-MVA-02.jpeg","datePublished":"2025-10-12T23:39:17+00:00","dateModified":"2025-10-14T22:01:13+00:00","author":{"@id":"https:\/\/paulinenaue.info\/#\/schema\/person\/3f9e818fd7b69b0d2bd937ac506897cc"},"description":"Eine Exkursion f\u00fchrte 40 Interessierte zu zwei \u201eLost-Places\u201c von Paulinenaue: zur Milchviehanlage und zu Posten 15 an der Bahn.","breadcrumb":{"@id":"https:\/\/paulinenaue.info\/index.php\/lost-places-exkursion-an-einem-sonntag-im-herbst\/#breadcrumb"},"inLanguage":"de","potentialAction":[{"@type":"ReadAction","target":["https:\/\/paulinenaue.info\/index.php\/lost-places-exkursion-an-einem-sonntag-im-herbst\/"]}]},{"@type":"ImageObject","inLanguage":"de","@id":"https:\/\/paulinenaue.info\/index.php\/lost-places-exkursion-an-einem-sonntag-im-herbst\/#primaryimage","url":"https:\/\/paulinenaue.info\/wp-content\/uploads\/2025\/10\/2025-10-12-MVA-02.jpeg","contentUrl":"https:\/\/paulinenaue.info\/wp-content\/uploads\/2025\/10\/2025-10-12-MVA-02.jpeg","width":1000,"height":667},{"@type":"BreadcrumbList","@id":"https:\/\/paulinenaue.info\/index.php\/lost-places-exkursion-an-einem-sonntag-im-herbst\/#breadcrumb","itemListElement":[{"@type":"ListItem","position":1,"name":"Home","item":"https:\/\/paulinenaue.info\/"},{"@type":"ListItem","position":2,"name":"Lost-Places-Exkursion an einem Sonntag im Herbst"}]},{"@type":"WebSite","@id":"https:\/\/paulinenaue.info\/#website","url":"https:\/\/paulinenaue.info\/","name":"Paulinenaue","description":"Ein Dorf im Havelland","potentialAction":[{"@type":"SearchAction","target":{"@type":"EntryPoint","urlTemplate":"https:\/\/paulinenaue.info\/?s={search_term_string}"},"query-input":{"@type":"PropertyValueSpecification","valueRequired":true,"valueName":"search_term_string"}}],"inLanguage":"de"},{"@type":"Person","@id":"https:\/\/paulinenaue.info\/#\/schema\/person\/3f9e818fd7b69b0d2bd937ac506897cc","name":"Joachim Scholz","url":"https:\/\/paulinenaue.info\/index.php\/author\/jjscholz\/"}]}},"jetpack_publicize_connections":[],"jetpack_featured_media_url":"https:\/\/paulinenaue.info\/wp-content\/uploads\/2025\/10\/2025-10-12-MVA-02.jpeg","jetpack_sharing_enabled":true,"jetpack_shortlink":"https:\/\/wp.me\/pcYhWA-1KR2","jetpack-related-posts":[{"id":6224,"url":"https:\/\/paulinenaue.info\/index.php\/turmverluste-silos-der-milchviehanlage-abgetragen\/","url_meta":{"origin":418440,"position":0},"title":"Turmverluste &#8211; Silos der Milchviehanlage abgetragen","author":"Joachim Scholz","date":"7. August 2008","format":false,"excerpt":"07.08.2008. Die in letzter Zeit fortschreitende Destruktion der vertrauten baulichen Kulisse unseres Dorfes hat nun auch Teile der Milchviehanlage vor den Toren Paulinenaues erfasst. In den letzten Juli- und ersten Augusttagen 2008 fielen die weithin sichtbaren Hochsilos auf dem zwei Hektar gro\u00dfen Gel\u00e4nde der einstigen 2000er Anlage, die einmal als\u2026","rel":"","context":"In &quot;Allgemein&quot;","block_context":{"text":"Allgemein","link":"https:\/\/paulinenaue.info\/index.php\/category\/allgemein\/"},"img":{"alt_text":"2 noch stehende Silot\u00fcrme","src":"https:\/\/i0.wp.com\/paulinenaue.info\/wp-content\/uploads\/2021\/10\/2008-07-27-MVA-03-ES.jpg?resize=350%2C200&ssl=1","width":350,"height":200,"srcset":"https:\/\/i0.wp.com\/paulinenaue.info\/wp-content\/uploads\/2021\/10\/2008-07-27-MVA-03-ES.jpg?resize=350%2C200&ssl=1 1x, https:\/\/i0.wp.com\/paulinenaue.info\/wp-content\/uploads\/2021\/10\/2008-07-27-MVA-03-ES.jpg?resize=525%2C300&ssl=1 1.5x, https:\/\/i0.wp.com\/paulinenaue.info\/wp-content\/uploads\/2021\/10\/2008-07-27-MVA-03-ES.jpg?resize=700%2C400&ssl=1 2x"},"classes":[]},{"id":417967,"url":"https:\/\/paulinenaue.info\/index.php\/die-milchviehanlage-wird-abgerissen\/","url_meta":{"origin":418440,"position":1},"title":"Die Milchviehanlage wird abgerissen","author":"Joachim Scholz","date":"29. Mai 2025","format":false,"excerpt":"","rel":"","context":"In &quot;Dorfentwicklung&quot;","block_context":{"text":"Dorfentwicklung","link":"https:\/\/paulinenaue.info\/index.php\/category\/dorfentwicklung\/"},"img":{"alt_text":"","src":"https:\/\/i0.wp.com\/paulinenaue.info\/wp-content\/uploads\/2025\/05\/Milchviehanlage-Paulinenaue-1970er-Jahre.jpg?resize=350%2C200&ssl=1","width":350,"height":200,"srcset":"https:\/\/i0.wp.com\/paulinenaue.info\/wp-content\/uploads\/2025\/05\/Milchviehanlage-Paulinenaue-1970er-Jahre.jpg?resize=350%2C200&ssl=1 1x, https:\/\/i0.wp.com\/paulinenaue.info\/wp-content\/uploads\/2025\/05\/Milchviehanlage-Paulinenaue-1970er-Jahre.jpg?resize=525%2C300&ssl=1 1.5x, https:\/\/i0.wp.com\/paulinenaue.info\/wp-content\/uploads\/2025\/05\/Milchviehanlage-Paulinenaue-1970er-Jahre.jpg?resize=700%2C400&ssl=1 2x"},"classes":[]},{"id":1006,"url":"https:\/\/paulinenaue.info\/index.php\/80-jahre-gemeinde-paulinenaue-eine-serie-zur-ortsgeschichte-teil-6\/","url_meta":{"origin":418440,"position":2},"title":"80 Jahre Gemeinde Paulinenaue \u2013 Eine Serie zur Ortsgeschichte (Teil 6)","author":"Sarah","date":"19. Juni 2017","format":false,"excerpt":"18.11.2004 Teil 6 Von Angelika Kellner 1945 bis 1990 An die Jahre von 1945 bis 1990 haben die meisten Paulinenauer noch eigene Erinnerungen. Nach Kriegsende ver\u00e4nderte sich in Paulinenaue vieles. Neben Bodenreform und Zuwanderung von Menschen, die ihre Heimat verloren hatten, war die Ankunft eines Mannes im Ort von entscheidender\u2026","rel":"","context":"In &quot;Allgemein&quot;","block_context":{"text":"Allgemein","link":"https:\/\/paulinenaue.info\/index.php\/category\/allgemein\/"},"img":{"alt_text":"","src":"https:\/\/i0.wp.com\/paulinenaue.info\/wp-content\/uploads\/2017\/06\/mitscherlichhaus.jpg?resize=350%2C200&ssl=1","width":350,"height":200},"classes":[]},{"id":2350,"url":"https:\/\/paulinenaue.info\/index.php\/heizhausdach-eingestuerzt\/","url_meta":{"origin":418440,"position":3},"title":"Heizhausdach eingest\u00fcrzt","author":"Joachim Scholz","date":"7. September 2018","format":false,"excerpt":"Es ist nicht so leicht, die Mitte von Paulinenaue zu bestimmen. Ohne seine Ortsteile genommen, zieht das eigentliche Dorf sich fast drei Kilometer schlauchf\u00f6rmig von der ehemaligen Milchviehanlage (MVA) bis zum Rothen Husaren die Stra\u00dfe entlang. Mittendrin liegen, wie man'n nimmt, der Bahnhof oder die Feuerwehr oder sogar die Kirche.\u2026","rel":"","context":"In &quot;Allgemein&quot;","block_context":{"text":"Allgemein","link":"https:\/\/paulinenaue.info\/index.php\/category\/allgemein\/"},"img":{"alt_text":"","src":"https:\/\/i0.wp.com\/paulinenaue.info\/wp-content\/uploads\/2018\/09\/2018-09-02-Heinzhaus-Paulinenaue.jpg?resize=350%2C200&ssl=1","width":350,"height":200,"srcset":"https:\/\/i0.wp.com\/paulinenaue.info\/wp-content\/uploads\/2018\/09\/2018-09-02-Heinzhaus-Paulinenaue.jpg?resize=350%2C200&ssl=1 1x, https:\/\/i0.wp.com\/paulinenaue.info\/wp-content\/uploads\/2018\/09\/2018-09-02-Heinzhaus-Paulinenaue.jpg?resize=525%2C300&ssl=1 1.5x, https:\/\/i0.wp.com\/paulinenaue.info\/wp-content\/uploads\/2018\/09\/2018-09-02-Heinzhaus-Paulinenaue.jpg?resize=700%2C400&ssl=1 2x"},"classes":[]},{"id":418139,"url":"https:\/\/paulinenaue.info\/index.php\/klassentreffen-50-jahre-nach-schulabschluss\/","url_meta":{"origin":418440,"position":4},"title":"Klassentreffen 50 Jahre nach Schulabschluss","author":"Joachim Scholz","date":"13. Juni 2025","format":false,"excerpt":"Im September 1967 waren sie eingeschult worden, 1975 wurden sie am Ende der 8. Klasse wieder entlassen. Erst mit dem folgenden Jahrgang wurde die Paulinenauer Schule zehnklassig. W\u00e4hrend ihrer Schulzeit fuhren noch Personenz\u00fcge nach Neuruppin, verlie\u00dfen die letzten Bewohner den Knauerhof im Lindholz, z\u00e4hlten die neue Milchviehanlage und das \u201eInstitut\u2026","rel":"","context":"In &quot;Grundschule&quot;","block_context":{"text":"Grundschule","link":"https:\/\/paulinenaue.info\/index.php\/category\/grundschule\/"},"img":{"alt_text":"","src":"https:\/\/i0.wp.com\/paulinenaue.info\/wp-content\/uploads\/2025\/06\/3262B388-38A6-4FAE-9712-8A0C0B535EAC_1_105_c.jpeg?resize=350%2C200&ssl=1","width":350,"height":200,"srcset":"https:\/\/i0.wp.com\/paulinenaue.info\/wp-content\/uploads\/2025\/06\/3262B388-38A6-4FAE-9712-8A0C0B535EAC_1_105_c.jpeg?resize=350%2C200&ssl=1 1x, https:\/\/i0.wp.com\/paulinenaue.info\/wp-content\/uploads\/2025\/06\/3262B388-38A6-4FAE-9712-8A0C0B535EAC_1_105_c.jpeg?resize=525%2C300&ssl=1 1.5x, https:\/\/i0.wp.com\/paulinenaue.info\/wp-content\/uploads\/2025\/06\/3262B388-38A6-4FAE-9712-8A0C0B535EAC_1_105_c.jpeg?resize=700%2C400&ssl=1 2x, https:\/\/i0.wp.com\/paulinenaue.info\/wp-content\/uploads\/2025\/06\/3262B388-38A6-4FAE-9712-8A0C0B535EAC_1_105_c.jpeg?resize=1050%2C600&ssl=1 3x"},"classes":[]},{"id":4768,"url":"https:\/\/paulinenaue.info\/index.php\/die-waehlergruppe-der-feuerwehr-im-buergerforum\/","url_meta":{"origin":418440,"position":5},"title":"Die W\u00e4hlergruppe der Feuerwehr im B\u00fcrgerforum","author":"Joachim Scholz","date":"13. Mai 2019","format":false,"excerpt":"von Arne Breder Am 8. Mai hatte die W\u00e4hlergruppe der Feuerwehr Paulinenaue um 19 Uhr zum B\u00fcrgerforum eingeladen. Was wir damals bei der Terminfindung nicht wussten, dass am gleichen Abend in der Kita sowie in der Schule Termine angesetzt waren.\u00a0Als um zehn vor sieben Uhr nur f\u00fcnf Paulinenauer anwesend waren,\u2026","rel":"","context":"In &quot;Allgemein&quot;","block_context":{"text":"Allgemein","link":"https:\/\/paulinenaue.info\/index.php\/category\/allgemein\/"},"img":{"alt_text":"","src":"https:\/\/i0.wp.com\/paulinenaue.info\/wp-content\/uploads\/2019\/05\/waehlergruppe-ffpaue.jpg?resize=350%2C200","width":350,"height":200,"srcset":"https:\/\/i0.wp.com\/paulinenaue.info\/wp-content\/uploads\/2019\/05\/waehlergruppe-ffpaue.jpg?resize=350%2C200 1x, https:\/\/i0.wp.com\/paulinenaue.info\/wp-content\/uploads\/2019\/05\/waehlergruppe-ffpaue.jpg?resize=525%2C300 1.5x, https:\/\/i0.wp.com\/paulinenaue.info\/wp-content\/uploads\/2019\/05\/waehlergruppe-ffpaue.jpg?resize=700%2C400 2x"},"classes":[]}],"_links":{"self":[{"href":"https:\/\/paulinenaue.info\/index.php\/wp-json\/wp\/v2\/posts\/418440","targetHints":{"allow":["GET"]}}],"collection":[{"href":"https:\/\/paulinenaue.info\/index.php\/wp-json\/wp\/v2\/posts"}],"about":[{"href":"https:\/\/paulinenaue.info\/index.php\/wp-json\/wp\/v2\/types\/post"}],"author":[{"embeddable":true,"href":"https:\/\/paulinenaue.info\/index.php\/wp-json\/wp\/v2\/users\/1"}],"replies":[{"embeddable":true,"href":"https:\/\/paulinenaue.info\/index.php\/wp-json\/wp\/v2\/comments?post=418440"}],"version-history":[{"count":26,"href":"https:\/\/paulinenaue.info\/index.php\/wp-json\/wp\/v2\/posts\/418440\/revisions"}],"predecessor-version":[{"id":418472,"href":"https:\/\/paulinenaue.info\/index.php\/wp-json\/wp\/v2\/posts\/418440\/revisions\/418472"}],"wp:featuredmedia":[{"embeddable":true,"href":"https:\/\/paulinenaue.info\/index.php\/wp-json\/wp\/v2\/media\/418443"}],"wp:attachment":[{"href":"https:\/\/paulinenaue.info\/index.php\/wp-json\/wp\/v2\/media?parent=418440"}],"wp:term":[{"taxonomy":"category","embeddable":true,"href":"https:\/\/paulinenaue.info\/index.php\/wp-json\/wp\/v2\/categories?post=418440"},{"taxonomy":"post_tag","embeddable":true,"href":"https:\/\/paulinenaue.info\/index.php\/wp-json\/wp\/v2\/tags?post=418440"}],"curies":[{"name":"wp","href":"https:\/\/api.w.org\/{rel}","templated":true}]}}