{"id":418507,"date":"2025-11-12T23:53:23","date_gmt":"2025-11-12T22:53:23","guid":{"rendered":"https:\/\/paulinenaue.info\/?p=418507"},"modified":"2025-11-12T23:53:23","modified_gmt":"2025-11-12T22:53:23","slug":"kalender-2026-mit-innenansichten-des-bahnhofs","status":"publish","type":"post","link":"https:\/\/paulinenaue.info\/index.php\/kalender-2026-mit-innenansichten-des-bahnhofs\/","title":{"rendered":"Kalender 2026 mit Innenansichten des Bahnhofs"},"content":{"rendered":"<p class=\"p1\">Die Videok\u00fcnstlerin und Fotografin <a href=\"https:\/\/www.susannehofer.ch\/\">Susanne Hofer aus Z\u00fcrich<\/a> ist regelm\u00e4\u00dfig in Paulinenaue zu Besuch. Im verbretterten, in Dunkelheit geh\u00fcllten Bahnhof begibt sie sich dann mit Kamera, Stativ und Taschenlampe auf die Suche nach Zeitspuren und Motiven. Das sp\u00e4rliche Sonnenlicht, das durch Ritzen und L\u00f6cher in die R\u00e4ume dringt, vermischt sich mit dem Lichtkegel ihrer Taschenlampe und legt architektonische Details frei, die viel \u00fcber die Geschichte des Bahnhofs erz\u00e4hlen.<\/p>\n<p class=\"p1\">Der neue Paulinenaue-Kalender zeigt isngesamt 13 Motive ihrer Fotoserie \u201eIntruder\u201c. Susanne Hofer f\u00fchrt uns darin ein Jahr lang durch das Innere und zugleich in die Vergangenheit des denkmalgesch\u00fctzten Geb\u00e4udes. Der Spaziergang geht u.a. durch das ehemalige Postzimmer, ins B\u00fcro des Stationsvorstehers, in eine M\u00e4dchenkammer im Zwischengeschoss und in die K\u00fcche des Restaurantbesitzers.<\/p>\n<p class=\"p1\">Der Kalender wurde wieder in bew\u00e4hrter Zusammenarbeit des Kulturverein mit dem Atelierhaus Stern gestaltet. Sie k\u00f6nnen ihn auf dem Weihnachtsmarkt am 29.11.2025 erwerben. Vorbestellungen per Mail an <a href=\"kulturverein@paulinenaue.info\">kulturverein@paulinenaue.info<\/a>. (Preis ist noch nicht festgelegt).<\/p>\n","protected":false},"excerpt":{"rendered":"<p>Die Videok\u00fcnstlerin und Fotografin Susanne Hofer aus Z\u00fcrich ist regelm\u00e4\u00dfig [&hellip;]<\/p>\n","protected":false},"author":1,"featured_media":418508,"comment_status":"open","ping_status":"open","sticky":false,"template":"","format":"standard","meta":{"_acf_changed":false,"_price":"","_stock":"","_tribe_ticket_header":"","_tribe_default_ticket_provider":"","_tribe_ticket_capacity":"0","_ticket_start_date":"","_ticket_end_date":"","_tribe_ticket_show_description":"","_tribe_ticket_show_not_going":false,"_tribe_ticket_use_global_stock":"","_tribe_ticket_global_stock_level":"","_global_stock_mode":"","_global_stock_cap":"","_tribe_rsvp_for_event":"","_tribe_ticket_going_count":"","_tribe_ticket_not_going_count":"","_tribe_tickets_list":"[]","_tribe_ticket_has_attendee_info_fields":false,"jetpack_post_was_ever_published":false,"_jetpack_newsletter_access":"","_jetpack_dont_email_post_to_subs":false,"_jetpack_newsletter_tier_id":0,"_jetpack_memberships_contains_paywalled_content":false,"_jetpack_memberships_contains_paid_content":false,"footnotes":"","jetpack_publicize_message":"","jetpack_publicize_feature_enabled":true,"jetpack_social_post_already_shared":true,"jetpack_social_options":{"image_generator_settings":{"template":"highway","default_image_id":0,"font":"","enabled":false},"version":2}},"categories":[1],"tags":[],"class_list":["post-418507","post","type-post","status-publish","format-standard","has-post-thumbnail","hentry","category-allgemein"],"acf":[],"yoast_head":"<!-- This site is optimized with the Yoast SEO plugin v27.4 - https:\/\/yoast.com\/product\/yoast-seo-wordpress\/ -->\n<title>Kalender 2026 mit Innenansichten des Bahnhofs - Paulinenaue<\/title>\n<meta name=\"robots\" content=\"index, follow, max-snippet:-1, max-image-preview:large, max-video-preview:-1\" \/>\n<link rel=\"canonical\" href=\"https:\/\/paulinenaue.info\/index.php\/kalender-2026-mit-innenansichten-des-bahnhofs\/\" \/>\n<meta property=\"og:locale\" content=\"de_DE\" \/>\n<meta property=\"og:type\" content=\"article\" \/>\n<meta property=\"og:title\" content=\"Kalender 2026 mit Innenansichten des Bahnhofs - Paulinenaue\" \/>\n<meta property=\"og:description\" content=\"Die Videok\u00fcnstlerin und Fotografin Susanne Hofer aus Z\u00fcrich ist regelm\u00e4\u00dfig [&hellip;]\" \/>\n<meta property=\"og:url\" content=\"https:\/\/paulinenaue.info\/index.php\/kalender-2026-mit-innenansichten-des-bahnhofs\/\" \/>\n<meta property=\"og:site_name\" content=\"Paulinenaue\" \/>\n<meta property=\"article:published_time\" content=\"2025-11-12T22:53:23+00:00\" \/>\n<meta property=\"og:image\" content=\"https:\/\/paulinenaue.info\/wp-content\/uploads\/2025\/11\/2026_Paulinenaue_Kalender.jpg\" \/>\n\t<meta property=\"og:image:width\" content=\"1000\" \/>\n\t<meta property=\"og:image:height\" content=\"706\" \/>\n\t<meta property=\"og:image:type\" content=\"image\/jpeg\" \/>\n<meta name=\"author\" content=\"Joachim Scholz\" \/>\n<meta name=\"twitter:card\" content=\"summary_large_image\" \/>\n<meta name=\"twitter:label1\" content=\"Verfasst von\" \/>\n\t<meta name=\"twitter:data1\" content=\"Joachim Scholz\" \/>\n\t<meta name=\"twitter:label2\" content=\"Gesch\u00e4tzte Lesezeit\" \/>\n\t<meta name=\"twitter:data2\" content=\"2\u00a0Minuten\" \/>\n<script type=\"application\/ld+json\" class=\"yoast-schema-graph\">{\"@context\":\"https:\\\/\\\/schema.org\",\"@graph\":[{\"@type\":\"Article\",\"@id\":\"https:\\\/\\\/paulinenaue.info\\\/index.php\\\/kalender-2026-mit-innenansichten-des-bahnhofs\\\/#article\",\"isPartOf\":{\"@id\":\"https:\\\/\\\/paulinenaue.info\\\/index.php\\\/kalender-2026-mit-innenansichten-des-bahnhofs\\\/\"},\"author\":{\"name\":\"Joachim Scholz\",\"@id\":\"https:\\\/\\\/paulinenaue.info\\\/#\\\/schema\\\/person\\\/3f9e818fd7b69b0d2bd937ac506897cc\"},\"headline\":\"Kalender 2026 mit Innenansichten des Bahnhofs\",\"datePublished\":\"2025-11-12T22:53:23+00:00\",\"mainEntityOfPage\":{\"@id\":\"https:\\\/\\\/paulinenaue.info\\\/index.php\\\/kalender-2026-mit-innenansichten-des-bahnhofs\\\/\"},\"wordCount\":175,\"commentCount\":0,\"image\":{\"@id\":\"https:\\\/\\\/paulinenaue.info\\\/index.php\\\/kalender-2026-mit-innenansichten-des-bahnhofs\\\/#primaryimage\"},\"thumbnailUrl\":\"https:\\\/\\\/paulinenaue.info\\\/wp-content\\\/uploads\\\/2025\\\/11\\\/2026_Paulinenaue_Kalender.jpg\",\"inLanguage\":\"de\",\"potentialAction\":[{\"@type\":\"CommentAction\",\"name\":\"Comment\",\"target\":[\"https:\\\/\\\/paulinenaue.info\\\/index.php\\\/kalender-2026-mit-innenansichten-des-bahnhofs\\\/#respond\"]}]},{\"@type\":\"WebPage\",\"@id\":\"https:\\\/\\\/paulinenaue.info\\\/index.php\\\/kalender-2026-mit-innenansichten-des-bahnhofs\\\/\",\"url\":\"https:\\\/\\\/paulinenaue.info\\\/index.php\\\/kalender-2026-mit-innenansichten-des-bahnhofs\\\/\",\"name\":\"Kalender 2026 mit Innenansichten des Bahnhofs - Paulinenaue\",\"isPartOf\":{\"@id\":\"https:\\\/\\\/paulinenaue.info\\\/#website\"},\"primaryImageOfPage\":{\"@id\":\"https:\\\/\\\/paulinenaue.info\\\/index.php\\\/kalender-2026-mit-innenansichten-des-bahnhofs\\\/#primaryimage\"},\"image\":{\"@id\":\"https:\\\/\\\/paulinenaue.info\\\/index.php\\\/kalender-2026-mit-innenansichten-des-bahnhofs\\\/#primaryimage\"},\"thumbnailUrl\":\"https:\\\/\\\/paulinenaue.info\\\/wp-content\\\/uploads\\\/2025\\\/11\\\/2026_Paulinenaue_Kalender.jpg\",\"datePublished\":\"2025-11-12T22:53:23+00:00\",\"author\":{\"@id\":\"https:\\\/\\\/paulinenaue.info\\\/#\\\/schema\\\/person\\\/3f9e818fd7b69b0d2bd937ac506897cc\"},\"breadcrumb\":{\"@id\":\"https:\\\/\\\/paulinenaue.info\\\/index.php\\\/kalender-2026-mit-innenansichten-des-bahnhofs\\\/#breadcrumb\"},\"inLanguage\":\"de\",\"potentialAction\":[{\"@type\":\"ReadAction\",\"target\":[\"https:\\\/\\\/paulinenaue.info\\\/index.php\\\/kalender-2026-mit-innenansichten-des-bahnhofs\\\/\"]}]},{\"@type\":\"ImageObject\",\"inLanguage\":\"de\",\"@id\":\"https:\\\/\\\/paulinenaue.info\\\/index.php\\\/kalender-2026-mit-innenansichten-des-bahnhofs\\\/#primaryimage\",\"url\":\"https:\\\/\\\/paulinenaue.info\\\/wp-content\\\/uploads\\\/2025\\\/11\\\/2026_Paulinenaue_Kalender.jpg\",\"contentUrl\":\"https:\\\/\\\/paulinenaue.info\\\/wp-content\\\/uploads\\\/2025\\\/11\\\/2026_Paulinenaue_Kalender.jpg\",\"width\":1000,\"height\":706},{\"@type\":\"BreadcrumbList\",\"@id\":\"https:\\\/\\\/paulinenaue.info\\\/index.php\\\/kalender-2026-mit-innenansichten-des-bahnhofs\\\/#breadcrumb\",\"itemListElement\":[{\"@type\":\"ListItem\",\"position\":1,\"name\":\"Home\",\"item\":\"https:\\\/\\\/paulinenaue.info\\\/\"},{\"@type\":\"ListItem\",\"position\":2,\"name\":\"Kalender 2026 mit Innenansichten des Bahnhofs\"}]},{\"@type\":\"WebSite\",\"@id\":\"https:\\\/\\\/paulinenaue.info\\\/#website\",\"url\":\"https:\\\/\\\/paulinenaue.info\\\/\",\"name\":\"Paulinenaue\",\"description\":\"Ein Dorf im Havelland\",\"potentialAction\":[{\"@type\":\"SearchAction\",\"target\":{\"@type\":\"EntryPoint\",\"urlTemplate\":\"https:\\\/\\\/paulinenaue.info\\\/?s={search_term_string}\"},\"query-input\":{\"@type\":\"PropertyValueSpecification\",\"valueRequired\":true,\"valueName\":\"search_term_string\"}}],\"inLanguage\":\"de\"},{\"@type\":\"Person\",\"@id\":\"https:\\\/\\\/paulinenaue.info\\\/#\\\/schema\\\/person\\\/3f9e818fd7b69b0d2bd937ac506897cc\",\"name\":\"Joachim Scholz\",\"url\":\"https:\\\/\\\/paulinenaue.info\\\/index.php\\\/author\\\/jjscholz\\\/\"}]}<\/script>\n<!-- \/ Yoast SEO plugin. -->","yoast_head_json":{"title":"Kalender 2026 mit Innenansichten des Bahnhofs - Paulinenaue","robots":{"index":"index","follow":"follow","max-snippet":"max-snippet:-1","max-image-preview":"max-image-preview:large","max-video-preview":"max-video-preview:-1"},"canonical":"https:\/\/paulinenaue.info\/index.php\/kalender-2026-mit-innenansichten-des-bahnhofs\/","og_locale":"de_DE","og_type":"article","og_title":"Kalender 2026 mit Innenansichten des Bahnhofs - Paulinenaue","og_description":"Die Videok\u00fcnstlerin und Fotografin Susanne Hofer aus Z\u00fcrich ist regelm\u00e4\u00dfig [&hellip;]","og_url":"https:\/\/paulinenaue.info\/index.php\/kalender-2026-mit-innenansichten-des-bahnhofs\/","og_site_name":"Paulinenaue","article_published_time":"2025-11-12T22:53:23+00:00","og_image":[{"width":1000,"height":706,"url":"https:\/\/paulinenaue.info\/wp-content\/uploads\/2025\/11\/2026_Paulinenaue_Kalender.jpg","type":"image\/jpeg"}],"author":"Joachim Scholz","twitter_card":"summary_large_image","twitter_misc":{"Verfasst von":"Joachim Scholz","Gesch\u00e4tzte Lesezeit":"2\u00a0Minuten"},"schema":{"@context":"https:\/\/schema.org","@graph":[{"@type":"Article","@id":"https:\/\/paulinenaue.info\/index.php\/kalender-2026-mit-innenansichten-des-bahnhofs\/#article","isPartOf":{"@id":"https:\/\/paulinenaue.info\/index.php\/kalender-2026-mit-innenansichten-des-bahnhofs\/"},"author":{"name":"Joachim Scholz","@id":"https:\/\/paulinenaue.info\/#\/schema\/person\/3f9e818fd7b69b0d2bd937ac506897cc"},"headline":"Kalender 2026 mit Innenansichten des Bahnhofs","datePublished":"2025-11-12T22:53:23+00:00","mainEntityOfPage":{"@id":"https:\/\/paulinenaue.info\/index.php\/kalender-2026-mit-innenansichten-des-bahnhofs\/"},"wordCount":175,"commentCount":0,"image":{"@id":"https:\/\/paulinenaue.info\/index.php\/kalender-2026-mit-innenansichten-des-bahnhofs\/#primaryimage"},"thumbnailUrl":"https:\/\/paulinenaue.info\/wp-content\/uploads\/2025\/11\/2026_Paulinenaue_Kalender.jpg","inLanguage":"de","potentialAction":[{"@type":"CommentAction","name":"Comment","target":["https:\/\/paulinenaue.info\/index.php\/kalender-2026-mit-innenansichten-des-bahnhofs\/#respond"]}]},{"@type":"WebPage","@id":"https:\/\/paulinenaue.info\/index.php\/kalender-2026-mit-innenansichten-des-bahnhofs\/","url":"https:\/\/paulinenaue.info\/index.php\/kalender-2026-mit-innenansichten-des-bahnhofs\/","name":"Kalender 2026 mit Innenansichten des Bahnhofs - Paulinenaue","isPartOf":{"@id":"https:\/\/paulinenaue.info\/#website"},"primaryImageOfPage":{"@id":"https:\/\/paulinenaue.info\/index.php\/kalender-2026-mit-innenansichten-des-bahnhofs\/#primaryimage"},"image":{"@id":"https:\/\/paulinenaue.info\/index.php\/kalender-2026-mit-innenansichten-des-bahnhofs\/#primaryimage"},"thumbnailUrl":"https:\/\/paulinenaue.info\/wp-content\/uploads\/2025\/11\/2026_Paulinenaue_Kalender.jpg","datePublished":"2025-11-12T22:53:23+00:00","author":{"@id":"https:\/\/paulinenaue.info\/#\/schema\/person\/3f9e818fd7b69b0d2bd937ac506897cc"},"breadcrumb":{"@id":"https:\/\/paulinenaue.info\/index.php\/kalender-2026-mit-innenansichten-des-bahnhofs\/#breadcrumb"},"inLanguage":"de","potentialAction":[{"@type":"ReadAction","target":["https:\/\/paulinenaue.info\/index.php\/kalender-2026-mit-innenansichten-des-bahnhofs\/"]}]},{"@type":"ImageObject","inLanguage":"de","@id":"https:\/\/paulinenaue.info\/index.php\/kalender-2026-mit-innenansichten-des-bahnhofs\/#primaryimage","url":"https:\/\/paulinenaue.info\/wp-content\/uploads\/2025\/11\/2026_Paulinenaue_Kalender.jpg","contentUrl":"https:\/\/paulinenaue.info\/wp-content\/uploads\/2025\/11\/2026_Paulinenaue_Kalender.jpg","width":1000,"height":706},{"@type":"BreadcrumbList","@id":"https:\/\/paulinenaue.info\/index.php\/kalender-2026-mit-innenansichten-des-bahnhofs\/#breadcrumb","itemListElement":[{"@type":"ListItem","position":1,"name":"Home","item":"https:\/\/paulinenaue.info\/"},{"@type":"ListItem","position":2,"name":"Kalender 2026 mit Innenansichten des Bahnhofs"}]},{"@type":"WebSite","@id":"https:\/\/paulinenaue.info\/#website","url":"https:\/\/paulinenaue.info\/","name":"Paulinenaue","description":"Ein Dorf im Havelland","potentialAction":[{"@type":"SearchAction","target":{"@type":"EntryPoint","urlTemplate":"https:\/\/paulinenaue.info\/?s={search_term_string}"},"query-input":{"@type":"PropertyValueSpecification","valueRequired":true,"valueName":"search_term_string"}}],"inLanguage":"de"},{"@type":"Person","@id":"https:\/\/paulinenaue.info\/#\/schema\/person\/3f9e818fd7b69b0d2bd937ac506897cc","name":"Joachim Scholz","url":"https:\/\/paulinenaue.info\/index.php\/author\/jjscholz\/"}]}},"jetpack_publicize_connections":[],"jetpack_featured_media_url":"https:\/\/paulinenaue.info\/wp-content\/uploads\/2025\/11\/2026_Paulinenaue_Kalender.jpg","jetpack_sharing_enabled":true,"jetpack_shortlink":"https:\/\/wp.me\/pcYhWA-1KS7","jetpack-related-posts":[{"id":2285,"url":"https:\/\/paulinenaue.info\/index.php\/super-schnelle-vorbeifahrten\/","url_meta":{"origin":418507,"position":0},"title":"\u201eSchnelle Vorbeifahrten\u201c","author":"Joachim Scholz","date":"22. August 2018","format":false,"excerpt":"Ein Landart-Parcour zum Kanaljubil\u00e4um und ein Fest f\u00fcr den Bahnhof Ein Kulturereignis dieses Formates hat es in Paulinenaue noch nicht gegeben. Was noch vor zwei Jahren, als der Ausstellungsmacher R\u00fcdiger Stern zusammen mit dem Theaterschaffenden Stefan Bischoff die \u201eSchnellen Vorbeifahrten\u201c im kleinen Rahmen in seinem Atelierhaus ins Leben rief, bereits\u2026","rel":"","context":"In &quot;Allgemein&quot;","block_context":{"text":"Allgemein","link":"https:\/\/paulinenaue.info\/index.php\/category\/allgemein\/"},"img":{"alt_text":"","src":"https:\/\/i0.wp.com\/paulinenaue.info\/wp-content\/uploads\/2018\/01\/20180819-_DSC7879.jpg?resize=350%2C200&ssl=1","width":350,"height":200,"srcset":"https:\/\/i0.wp.com\/paulinenaue.info\/wp-content\/uploads\/2018\/01\/20180819-_DSC7879.jpg?resize=350%2C200&ssl=1 1x, https:\/\/i0.wp.com\/paulinenaue.info\/wp-content\/uploads\/2018\/01\/20180819-_DSC7879.jpg?resize=525%2C300&ssl=1 1.5x, https:\/\/i0.wp.com\/paulinenaue.info\/wp-content\/uploads\/2018\/01\/20180819-_DSC7879.jpg?resize=700%2C400&ssl=1 2x, https:\/\/i0.wp.com\/paulinenaue.info\/wp-content\/uploads\/2018\/01\/20180819-_DSC7879.jpg?resize=1050%2C600&ssl=1 3x, https:\/\/i0.wp.com\/paulinenaue.info\/wp-content\/uploads\/2018\/01\/20180819-_DSC7879.jpg?resize=1400%2C800&ssl=1 4x"},"classes":[]},{"id":1081,"url":"https:\/\/paulinenaue.info\/index.php\/die-klassizistischen-bahnhoefe-der-berlin-hamburger-eisenbahn\/","url_meta":{"origin":418507,"position":1},"title":"Die klassizistischen Bahnh\u00f6fe der Berlin-Hamburger Eisenbahn","author":"Sarah","date":"21. Juni 2017","format":false,"excerpt":"21.04.2005 Eine Fotoreise von Paulinenaue nach Wittenberge Von Joachim Scholz Die \u00dcberlieferung des Eisenbahnbaus der Strecke Berlin-Hamburg aus den 40er Jahren des 19. Jahrhunderts weist meist technische Details und Eigentumsfragen aus, doch zeigt sich am Rande immer wieder auch, wie einschneidend die Bahn mit einem Schlag das Leben der Menschen\u2026","rel":"","context":"In &quot;Allgemein&quot;","block_context":{"text":"Allgemein","link":"https:\/\/paulinenaue.info\/index.php\/category\/allgemein\/"},"img":{"alt_text":"Friedrich Neuhaus (1797-1876) war Architekt der meisten Hochbauten der Berlin-Hamburger Eisenbahn. Auch der Ursprungsbau des Paulinenauer Bahnhofs wurde von ihm entworfen. ","src":"https:\/\/i0.wp.com\/paulinenaue.info\/wp-content\/uploads\/2017\/06\/1857_kl_neuhaus_friedrich.jpg?resize=350%2C200","width":350,"height":200},"classes":[]},{"id":416036,"url":"https:\/\/paulinenaue.info\/index.php\/spaziergang-durch-den-paulinenauer-bahnhof-im-februar-2024\/","url_meta":{"origin":418507,"position":2},"title":"Spaziergang durch den Paulinenauer Bahnhof","author":"Joachim Scholz","date":"24. Februar 2024","format":false,"excerpt":"","rel":"","context":"In &quot;Allgemein&quot;","block_context":{"text":"Allgemein","link":"https:\/\/paulinenaue.info\/index.php\/category\/allgemein\/"},"img":{"alt_text":"","src":"https:\/\/i0.wp.com\/paulinenaue.info\/wp-content\/uploads\/2024\/02\/2024-02-11-Im-Bahnhof-01.jpeg?resize=350%2C200&ssl=1","width":350,"height":200,"srcset":"https:\/\/i0.wp.com\/paulinenaue.info\/wp-content\/uploads\/2024\/02\/2024-02-11-Im-Bahnhof-01.jpeg?resize=350%2C200&ssl=1 1x, https:\/\/i0.wp.com\/paulinenaue.info\/wp-content\/uploads\/2024\/02\/2024-02-11-Im-Bahnhof-01.jpeg?resize=525%2C300&ssl=1 1.5x, https:\/\/i0.wp.com\/paulinenaue.info\/wp-content\/uploads\/2024\/02\/2024-02-11-Im-Bahnhof-01.jpeg?resize=700%2C400&ssl=1 2x"},"classes":[]},{"id":135,"url":"https:\/\/paulinenaue.info\/index.php\/tag-des-offenen-denkmals-ausstellung-fuehrungen-und-rikscha-fahrten-im-und-um-den-paulinenauer-bahnhof\/","url_meta":{"origin":418507,"position":3},"title":"Tag des offenen Denkmals \u2013 Ausstellung, F\u00fchrungen und Rikscha-Fahrten im und um den Paulinenauer Bahnhof","author":"Joachim Scholz","date":"9. September 2012","format":false,"excerpt":"Zum Tag des offenen Denkmals \u00f6ffnete der Kulturverein in Zusammenarbeit mit freiwilligen Helfern zum zweiten Mal das Bahnhofsgeb\u00e4ude. Ca. 150 Besucher, die in mehreren F\u00fchrungen das Geb\u00e4ude erkundeten, machten den Tag des offenen Denkmals zu einem besonderen Tag f\u00fcr Paulinenaue. Das aufw\u00e4ndige Rahmenprogramm \u00fcbertraf das Angebot vor drei Jahren und\u2026","rel":"","context":"In &quot;Bahnhof&quot;","block_context":{"text":"Bahnhof","link":"https:\/\/paulinenaue.info\/index.php\/category\/bahnhof\/"},"img":{"alt_text":"","src":"https:\/\/i0.wp.com\/paulinenaue.info\/wp-content\/uploads\/2016\/03\/20120909_tdod_08_es.jpg?resize=350%2C200&ssl=1","width":350,"height":200},"classes":[]},{"id":143058,"url":"https:\/\/paulinenaue.info\/index.php\/erfolgreicher-dorfputz\/","url_meta":{"origin":418507,"position":4},"title":"Erfolgreicher Dorfputz","author":"Sarah","date":"26. April 2022","format":false,"excerpt":"","rel":"","context":"In &quot;Gemeinde Paulinenaue&quot;","block_context":{"text":"Gemeinde Paulinenaue","link":"https:\/\/paulinenaue.info\/index.php\/category\/gemeinde-paulinenaue\/"},"img":{"alt_text":"","src":"https:\/\/i0.wp.com\/paulinenaue.info\/wp-content\/uploads\/2022\/04\/IMG-20220409-WA0000.jpg?resize=350%2C200&ssl=1","width":350,"height":200,"srcset":"https:\/\/i0.wp.com\/paulinenaue.info\/wp-content\/uploads\/2022\/04\/IMG-20220409-WA0000.jpg?resize=350%2C200&ssl=1 1x, https:\/\/i0.wp.com\/paulinenaue.info\/wp-content\/uploads\/2022\/04\/IMG-20220409-WA0000.jpg?resize=525%2C300&ssl=1 1.5x, https:\/\/i0.wp.com\/paulinenaue.info\/wp-content\/uploads\/2022\/04\/IMG-20220409-WA0000.jpg?resize=700%2C400&ssl=1 2x"},"classes":[]},{"id":1430,"url":"https:\/\/paulinenaue.info\/index.php\/erste-schritte-in-die-zukunft-des-paulinenauer-bahnhofsgebaeude\/","url_meta":{"origin":418507,"position":5},"title":"Erste Schritte in die Zukunft des Paulinenauer Bahnhofsgeb\u00e4udes","author":"Joachim Scholz","date":"3. Februar 2008","format":false,"excerpt":"Im Bahnhof k\u00f6nnte wieder das Herz des Dorfes schlagen Ein Zeichen, dass in Paulinenaues Mitte etwas in Gang kommt, ist mit dem k\u00fcrzlich sanierten Bahnhofsvorplatz bereits gesetzt. Der schmucke Platz aber hat seit seiner Fertigstellung den Handlungsbedarf beim Bahnhofsgeb\u00e4ude selbst nur noch mehr hervortreten lassen und da die Gemeinde den\u2026","rel":"","context":"In &quot;Allgemein&quot;","block_context":{"text":"Allgemein","link":"https:\/\/paulinenaue.info\/index.php\/category\/allgemein\/"},"img":{"alt_text":"","src":"https:\/\/i0.wp.com\/paulinenaue.info\/wp-content\/uploads\/2019\/01\/2007-12-01-Bahnhof.jpg?resize=350%2C200&ssl=1","width":350,"height":200,"srcset":"https:\/\/i0.wp.com\/paulinenaue.info\/wp-content\/uploads\/2019\/01\/2007-12-01-Bahnhof.jpg?resize=350%2C200&ssl=1 1x, https:\/\/i0.wp.com\/paulinenaue.info\/wp-content\/uploads\/2019\/01\/2007-12-01-Bahnhof.jpg?resize=525%2C300&ssl=1 1.5x, https:\/\/i0.wp.com\/paulinenaue.info\/wp-content\/uploads\/2019\/01\/2007-12-01-Bahnhof.jpg?resize=700%2C400&ssl=1 2x"},"classes":[]}],"_links":{"self":[{"href":"https:\/\/paulinenaue.info\/index.php\/wp-json\/wp\/v2\/posts\/418507","targetHints":{"allow":["GET"]}}],"collection":[{"href":"https:\/\/paulinenaue.info\/index.php\/wp-json\/wp\/v2\/posts"}],"about":[{"href":"https:\/\/paulinenaue.info\/index.php\/wp-json\/wp\/v2\/types\/post"}],"author":[{"embeddable":true,"href":"https:\/\/paulinenaue.info\/index.php\/wp-json\/wp\/v2\/users\/1"}],"replies":[{"embeddable":true,"href":"https:\/\/paulinenaue.info\/index.php\/wp-json\/wp\/v2\/comments?post=418507"}],"version-history":[{"count":6,"href":"https:\/\/paulinenaue.info\/index.php\/wp-json\/wp\/v2\/posts\/418507\/revisions"}],"predecessor-version":[{"id":418514,"href":"https:\/\/paulinenaue.info\/index.php\/wp-json\/wp\/v2\/posts\/418507\/revisions\/418514"}],"wp:featuredmedia":[{"embeddable":true,"href":"https:\/\/paulinenaue.info\/index.php\/wp-json\/wp\/v2\/media\/418508"}],"wp:attachment":[{"href":"https:\/\/paulinenaue.info\/index.php\/wp-json\/wp\/v2\/media?parent=418507"}],"wp:term":[{"taxonomy":"category","embeddable":true,"href":"https:\/\/paulinenaue.info\/index.php\/wp-json\/wp\/v2\/categories?post=418507"},{"taxonomy":"post_tag","embeddable":true,"href":"https:\/\/paulinenaue.info\/index.php\/wp-json\/wp\/v2\/tags?post=418507"}],"curies":[{"name":"wp","href":"https:\/\/api.w.org\/{rel}","templated":true}]}}