{"id":418773,"date":"2009-09-02T15:50:28","date_gmt":"2009-09-02T13:50:28","guid":{"rendered":"https:\/\/paulinenaue.info\/?p=418773"},"modified":"2026-01-09T15:51:34","modified_gmt":"2026-01-09T14:51:34","slug":"etwas-von-der-sanierung-des-paulinenauer-herrenhauses","status":"publish","type":"post","link":"https:\/\/paulinenaue.info\/index.php\/etwas-von-der-sanierung-des-paulinenauer-herrenhauses\/","title":{"rendered":"Etwas von der Sanierung des Paulinenauer Herrenhauses"},"content":{"rendered":"<p>02.10.2009. Schon seit dem Sommer ist f\u00fcr jeden sichtbar: Das Paulinenauer Herrenhaus wird rundum erneuert. Einen langen Weg mussten die beiden Br\u00fcder \u2013 und V\u00e4ter des Projekts \u2013 Matthias und Burkhard Kunkel durch Beh\u00f6rdeng\u00e4nge gehen, bis es losgehen konnte. Mittlerweile nimmt ihr Vorhaben Gestalt an. Das Dach wird gedeckt und noch in diesem Jahr soll die \u00e4u\u00dfere H\u00fclle fertig sein. Bei der Sanierung hat auch der Denkmalschutz seine Hand im Spiel.<\/p>\n<div id=\"attachment_418774\" style=\"width: 610px\" class=\"wp-caption alignnone\"><a href=\"https:\/\/paulinenaue.info\/wp-content\/uploads\/2026\/01\/2009-08-29-Sanierung-Herrenhaus-01.jpeg\"><img decoding=\"async\" aria-describedby=\"caption-attachment-418774\" data-attachment-id=\"418774\" data-permalink=\"https:\/\/paulinenaue.info\/index.php\/etwas-von-der-sanierung-des-paulinenauer-herrenhauses\/2009-08-29-sanierung-herrenhaus-01\/\" data-orig-file=\"https:\/\/paulinenaue.info\/wp-content\/uploads\/2026\/01\/2009-08-29-Sanierung-Herrenhaus-01.jpeg\" data-orig-size=\"1000,750\" data-comments-opened=\"1\" data-image-meta=\"{&quot;aperture&quot;:&quot;4&quot;,&quot;credit&quot;:&quot;&quot;,&quot;camera&quot;:&quot;DSC-H10&quot;,&quot;caption&quot;:&quot;&quot;,&quot;created_timestamp&quot;:&quot;1251557008&quot;,&quot;copyright&quot;:&quot;&quot;,&quot;focal_length&quot;:&quot;23.8&quot;,&quot;iso&quot;:&quot;125&quot;,&quot;shutter_speed&quot;:&quot;0.0025&quot;,&quot;title&quot;:&quot;&quot;,&quot;orientation&quot;:&quot;1&quot;}\" data-image-title=\"2009-08-29, Sanierung Herrenhaus, 01\" data-image-description=\"\" data-image-caption=\"\" data-large-file=\"https:\/\/paulinenaue.info\/wp-content\/uploads\/2026\/01\/2009-08-29-Sanierung-Herrenhaus-01.jpeg\" class=\"lazyload wp-image-418774 size-fusion-600\" src=\"https:\/\/paulinenaue.info\/wp-content\/uploads\/2026\/01\/2009-08-29-Sanierung-Herrenhaus-01-600x450.jpeg\" data-orig-src=\"https:\/\/paulinenaue.info\/wp-content\/uploads\/2026\/01\/2009-08-29-Sanierung-Herrenhaus-01-600x450.jpeg\" alt=\"\" width=\"600\" height=\"450\" srcset=\"data:image\/svg+xml,%3Csvg%20xmlns%3D%27http%3A%2F%2Fwww.w3.org%2F2000%2Fsvg%27%20width%3D%27600%27%20height%3D%27450%27%20viewBox%3D%270%200%20600%20450%27%3E%3Crect%20width%3D%27600%27%20height%3D%27450%27%20fill-opacity%3D%220%22%2F%3E%3C%2Fsvg%3E\" data-srcset=\"https:\/\/paulinenaue.info\/wp-content\/uploads\/2026\/01\/2009-08-29-Sanierung-Herrenhaus-01-200x150.jpeg 200w, https:\/\/paulinenaue.info\/wp-content\/uploads\/2026\/01\/2009-08-29-Sanierung-Herrenhaus-01-300x225.jpeg 300w, https:\/\/paulinenaue.info\/wp-content\/uploads\/2026\/01\/2009-08-29-Sanierung-Herrenhaus-01-400x300.jpeg 400w, https:\/\/paulinenaue.info\/wp-content\/uploads\/2026\/01\/2009-08-29-Sanierung-Herrenhaus-01-600x450.jpeg 600w, https:\/\/paulinenaue.info\/wp-content\/uploads\/2026\/01\/2009-08-29-Sanierung-Herrenhaus-01-768x576.jpeg 768w, https:\/\/paulinenaue.info\/wp-content\/uploads\/2026\/01\/2009-08-29-Sanierung-Herrenhaus-01-800x600.jpeg 800w, https:\/\/paulinenaue.info\/wp-content\/uploads\/2026\/01\/2009-08-29-Sanierung-Herrenhaus-01.jpeg 1000w\" data-sizes=\"auto\" data-orig-sizes=\"(max-width: 600px) 100vw, 600px\" \/><\/a><p id=\"caption-attachment-418774\" class=\"wp-caption-text\"><em>Ende August 2009 zeigt sich Paulinenaues Schloss \u201eoben ohne\u201c. Um mehr Licht ins Dachgeschoss zu bringen, erh\u00e4lt das Haus Dachfenster, die sich nach Ma\u00dfgabe des Denkmalschutzes streng an den Achsen des Hauses orientieren m\u00fcssen. Foto: J. Scholz, 2009.<\/em><\/p><\/div>\n<div id=\"attachment_418780\" style=\"width: 610px\" class=\"wp-caption alignnone\"><a href=\"https:\/\/paulinenaue.info\/wp-content\/uploads\/2026\/01\/2009-09-27-Sanierung-Herrenhaus-01.jpeg\"><img decoding=\"async\" aria-describedby=\"caption-attachment-418780\" data-attachment-id=\"418780\" data-permalink=\"https:\/\/paulinenaue.info\/index.php\/etwas-von-der-sanierung-des-paulinenauer-herrenhauses\/2009-09-27-sanierung-herrenhaus-01\/\" data-orig-file=\"https:\/\/paulinenaue.info\/wp-content\/uploads\/2026\/01\/2009-09-27-Sanierung-Herrenhaus-01.jpeg\" data-orig-size=\"1000,750\" data-comments-opened=\"1\" data-image-meta=\"{&quot;aperture&quot;:&quot;9&quot;,&quot;credit&quot;:&quot;&quot;,&quot;camera&quot;:&quot;DSC-H10&quot;,&quot;caption&quot;:&quot;&quot;,&quot;created_timestamp&quot;:&quot;1254055657&quot;,&quot;copyright&quot;:&quot;&quot;,&quot;focal_length&quot;:&quot;14.6&quot;,&quot;iso&quot;:&quot;125&quot;,&quot;shutter_speed&quot;:&quot;0.00625&quot;,&quot;title&quot;:&quot;&quot;,&quot;orientation&quot;:&quot;1&quot;}\" data-image-title=\"2009-09-27, Sanierung Herrenhaus, 01\" data-image-description=\"\" data-image-caption=\"\" data-large-file=\"https:\/\/paulinenaue.info\/wp-content\/uploads\/2026\/01\/2009-09-27-Sanierung-Herrenhaus-01.jpeg\" class=\"lazyload wp-image-418780 size-fusion-600\" src=\"https:\/\/paulinenaue.info\/wp-content\/uploads\/2026\/01\/2009-09-27-Sanierung-Herrenhaus-01-600x450.jpeg\" data-orig-src=\"https:\/\/paulinenaue.info\/wp-content\/uploads\/2026\/01\/2009-09-27-Sanierung-Herrenhaus-01-600x450.jpeg\" alt=\"\" width=\"600\" height=\"450\" srcset=\"data:image\/svg+xml,%3Csvg%20xmlns%3D%27http%3A%2F%2Fwww.w3.org%2F2000%2Fsvg%27%20width%3D%27600%27%20height%3D%27450%27%20viewBox%3D%270%200%20600%20450%27%3E%3Crect%20width%3D%27600%27%20height%3D%27450%27%20fill-opacity%3D%220%22%2F%3E%3C%2Fsvg%3E\" data-srcset=\"https:\/\/paulinenaue.info\/wp-content\/uploads\/2026\/01\/2009-09-27-Sanierung-Herrenhaus-01-200x150.jpeg 200w, https:\/\/paulinenaue.info\/wp-content\/uploads\/2026\/01\/2009-09-27-Sanierung-Herrenhaus-01-300x225.jpeg 300w, https:\/\/paulinenaue.info\/wp-content\/uploads\/2026\/01\/2009-09-27-Sanierung-Herrenhaus-01-400x300.jpeg 400w, https:\/\/paulinenaue.info\/wp-content\/uploads\/2026\/01\/2009-09-27-Sanierung-Herrenhaus-01-600x450.jpeg 600w, https:\/\/paulinenaue.info\/wp-content\/uploads\/2026\/01\/2009-09-27-Sanierung-Herrenhaus-01-768x576.jpeg 768w, https:\/\/paulinenaue.info\/wp-content\/uploads\/2026\/01\/2009-09-27-Sanierung-Herrenhaus-01-800x600.jpeg 800w, https:\/\/paulinenaue.info\/wp-content\/uploads\/2026\/01\/2009-09-27-Sanierung-Herrenhaus-01.jpeg 1000w\" data-sizes=\"auto\" data-orig-sizes=\"(max-width: 600px) 100vw, 600px\" \/><\/a><p id=\"caption-attachment-418780\" class=\"wp-caption-text\"><em>Ende September ist das neue Dach schon beinahe fertig. Ob das Haus \u00fcbrigens seinen bekannten gelben Anstrich beh\u00e4lt, ist noch fraglich, denn das Original war anscheinend wesentlich heller. Man darf gespannt sein. Foto: Joachim Scholz, 2009.<\/em><\/p><\/div>\n<div id=\"attachment_418782\" style=\"width: 610px\" class=\"wp-caption alignnone\"><a href=\"https:\/\/paulinenaue.info\/wp-content\/uploads\/2026\/01\/2009-09-27-Sanierung-Herrenhaus-03.jpeg\"><img decoding=\"async\" aria-describedby=\"caption-attachment-418782\" data-attachment-id=\"418782\" data-permalink=\"https:\/\/paulinenaue.info\/index.php\/etwas-von-der-sanierung-des-paulinenauer-herrenhauses\/2009-09-27-sanierung-herrenhaus-03\/\" data-orig-file=\"https:\/\/paulinenaue.info\/wp-content\/uploads\/2026\/01\/2009-09-27-Sanierung-Herrenhaus-03.jpeg\" data-orig-size=\"750,1000\" data-comments-opened=\"1\" data-image-meta=\"{&quot;aperture&quot;:&quot;3.5&quot;,&quot;credit&quot;:&quot;&quot;,&quot;camera&quot;:&quot;DSC-H10&quot;,&quot;caption&quot;:&quot;&quot;,&quot;created_timestamp&quot;:&quot;1254055946&quot;,&quot;copyright&quot;:&quot;&quot;,&quot;focal_length&quot;:&quot;6.3&quot;,&quot;iso&quot;:&quot;125&quot;,&quot;shutter_speed&quot;:&quot;0.0025&quot;,&quot;title&quot;:&quot;&quot;,&quot;orientation&quot;:&quot;1&quot;}\" data-image-title=\"2009-09-27, Sanierung Herrenhaus, 03\" data-image-description=\"\" data-image-caption=\"\" data-large-file=\"https:\/\/paulinenaue.info\/wp-content\/uploads\/2026\/01\/2009-09-27-Sanierung-Herrenhaus-03.jpeg\" class=\"lazyload wp-image-418782 size-fusion-600\" src=\"https:\/\/paulinenaue.info\/wp-content\/uploads\/2026\/01\/2009-09-27-Sanierung-Herrenhaus-03-600x800.jpeg\" data-orig-src=\"https:\/\/paulinenaue.info\/wp-content\/uploads\/2026\/01\/2009-09-27-Sanierung-Herrenhaus-03-600x800.jpeg\" alt=\"\" width=\"600\" height=\"800\" srcset=\"data:image\/svg+xml,%3Csvg%20xmlns%3D%27http%3A%2F%2Fwww.w3.org%2F2000%2Fsvg%27%20width%3D%27600%27%20height%3D%27800%27%20viewBox%3D%270%200%20600%20800%27%3E%3Crect%20width%3D%27600%27%20height%3D%27800%27%20fill-opacity%3D%220%22%2F%3E%3C%2Fsvg%3E\" data-srcset=\"https:\/\/paulinenaue.info\/wp-content\/uploads\/2026\/01\/2009-09-27-Sanierung-Herrenhaus-03-200x267.jpeg 200w, https:\/\/paulinenaue.info\/wp-content\/uploads\/2026\/01\/2009-09-27-Sanierung-Herrenhaus-03-225x300.jpeg 225w, https:\/\/paulinenaue.info\/wp-content\/uploads\/2026\/01\/2009-09-27-Sanierung-Herrenhaus-03-400x533.jpeg 400w, https:\/\/paulinenaue.info\/wp-content\/uploads\/2026\/01\/2009-09-27-Sanierung-Herrenhaus-03-600x800.jpeg 600w, https:\/\/paulinenaue.info\/wp-content\/uploads\/2026\/01\/2009-09-27-Sanierung-Herrenhaus-03.jpeg 750w\" data-sizes=\"auto\" data-orig-sizes=\"(max-width: 600px) 100vw, 600px\" \/><\/a><p id=\"caption-attachment-418782\" class=\"wp-caption-text\"><em>Die Hofseite mit der Freitreppe und dem Mittelrisalit. Die zu DDR-Zeiten fehlerhaft sanierte Treppe weist heute gro\u00dfe Sch\u00e4den auf. Foto: J. Scholz, 2009.<\/em><\/p><\/div>\n<div id=\"attachment_418781\" style=\"width: 610px\" class=\"wp-caption alignnone\"><a href=\"https:\/\/paulinenaue.info\/wp-content\/uploads\/2026\/01\/2009-09-27-Sanierung-Herrenhaus-02.jpeg\"><img decoding=\"async\" aria-describedby=\"caption-attachment-418781\" data-attachment-id=\"418781\" data-permalink=\"https:\/\/paulinenaue.info\/index.php\/etwas-von-der-sanierung-des-paulinenauer-herrenhauses\/2009-09-27-sanierung-herrenhaus-02\/\" data-orig-file=\"https:\/\/paulinenaue.info\/wp-content\/uploads\/2026\/01\/2009-09-27-Sanierung-Herrenhaus-02.jpeg\" data-orig-size=\"1000,750\" data-comments-opened=\"1\" data-image-meta=\"{&quot;aperture&quot;:&quot;4&quot;,&quot;credit&quot;:&quot;&quot;,&quot;camera&quot;:&quot;DSC-H10&quot;,&quot;caption&quot;:&quot;&quot;,&quot;created_timestamp&quot;:&quot;1254055231&quot;,&quot;copyright&quot;:&quot;&quot;,&quot;focal_length&quot;:&quot;31.3&quot;,&quot;iso&quot;:&quot;125&quot;,&quot;shutter_speed&quot;:&quot;0.0025&quot;,&quot;title&quot;:&quot;&quot;,&quot;orientation&quot;:&quot;1&quot;}\" data-image-title=\"2009-09-27, Sanierung Herrenhaus, 02\" data-image-description=\"\" data-image-caption=\"\" data-large-file=\"https:\/\/paulinenaue.info\/wp-content\/uploads\/2026\/01\/2009-09-27-Sanierung-Herrenhaus-02.jpeg\" class=\"lazyload wp-image-418781 size-fusion-600\" src=\"https:\/\/paulinenaue.info\/wp-content\/uploads\/2026\/01\/2009-09-27-Sanierung-Herrenhaus-02-600x450.jpeg\" data-orig-src=\"https:\/\/paulinenaue.info\/wp-content\/uploads\/2026\/01\/2009-09-27-Sanierung-Herrenhaus-02-600x450.jpeg\" alt=\"\" width=\"600\" height=\"450\" srcset=\"data:image\/svg+xml,%3Csvg%20xmlns%3D%27http%3A%2F%2Fwww.w3.org%2F2000%2Fsvg%27%20width%3D%27600%27%20height%3D%27450%27%20viewBox%3D%270%200%20600%20450%27%3E%3Crect%20width%3D%27600%27%20height%3D%27450%27%20fill-opacity%3D%220%22%2F%3E%3C%2Fsvg%3E\" data-srcset=\"https:\/\/paulinenaue.info\/wp-content\/uploads\/2026\/01\/2009-09-27-Sanierung-Herrenhaus-02-200x150.jpeg 200w, https:\/\/paulinenaue.info\/wp-content\/uploads\/2026\/01\/2009-09-27-Sanierung-Herrenhaus-02-300x225.jpeg 300w, https:\/\/paulinenaue.info\/wp-content\/uploads\/2026\/01\/2009-09-27-Sanierung-Herrenhaus-02-400x300.jpeg 400w, https:\/\/paulinenaue.info\/wp-content\/uploads\/2026\/01\/2009-09-27-Sanierung-Herrenhaus-02-600x450.jpeg 600w, https:\/\/paulinenaue.info\/wp-content\/uploads\/2026\/01\/2009-09-27-Sanierung-Herrenhaus-02-768x576.jpeg 768w, https:\/\/paulinenaue.info\/wp-content\/uploads\/2026\/01\/2009-09-27-Sanierung-Herrenhaus-02-800x600.jpeg 800w, https:\/\/paulinenaue.info\/wp-content\/uploads\/2026\/01\/2009-09-27-Sanierung-Herrenhaus-02.jpeg 1000w\" data-sizes=\"auto\" data-orig-sizes=\"(max-width: 600px) 100vw, 600px\" \/><\/a><p id=\"caption-attachment-418781\" class=\"wp-caption-text\"><em>Im Paulinenauer Herrenhaus entstehen nach der Sanierung 13 altersgerechte Wohnungen. Foto: J. Scholz, 2009.<\/em><\/p><\/div>\n","protected":false},"excerpt":{"rendered":"<p>02.10.2009. Schon seit dem Sommer ist f\u00fcr jeden sichtbar: Das [&hellip;]<\/p>\n","protected":false},"author":1,"featured_media":418781,"comment_status":"open","ping_status":"open","sticky":false,"template":"","format":"standard","meta":{"_acf_changed":false,"_price":"","_stock":"","_tribe_ticket_header":"","_tribe_default_ticket_provider":"","_tribe_ticket_capacity":"","_ticket_start_date":"","_ticket_end_date":"","_tribe_ticket_show_description":"","_tribe_ticket_show_not_going":false,"_tribe_ticket_use_global_stock":"","_tribe_ticket_global_stock_level":"","_global_stock_mode":"","_global_stock_cap":"","_tribe_rsvp_for_event":"","_tribe_ticket_going_count":"","_tribe_ticket_not_going_count":"","_tribe_tickets_list":"[]","_tribe_ticket_has_attendee_info_fields":false,"jetpack_post_was_ever_published":false,"_jetpack_newsletter_access":"","_jetpack_dont_email_post_to_subs":false,"_jetpack_newsletter_tier_id":0,"_jetpack_memberships_contains_paywalled_content":false,"_jetpack_memberships_contains_paid_content":false,"footnotes":"","jetpack_publicize_message":"","jetpack_publicize_feature_enabled":true,"jetpack_social_post_already_shared":true,"jetpack_social_options":{"image_generator_settings":{"template":"highway","default_image_id":0,"font":"","enabled":false},"version":2}},"categories":[1,40],"tags":[660,50,70,659],"class_list":["post-418773","post","type-post","status-publish","format-standard","has-post-thumbnail","hentry","category-allgemein","category-dorfentwicklung","tag-gutshaus-paulinenaue","tag-herrenhaus","tag-sanierung","tag-schloss-paulinenaue"],"acf":[],"yoast_head":"<!-- This site is optimized with the Yoast SEO plugin v27.5 - https:\/\/yoast.com\/product\/yoast-seo-wordpress\/ -->\n<title>Etwas von der Sanierung des Paulinenauer Herrenhauses - Paulinenaue<\/title>\n<meta name=\"description\" content=\"Das Paulinenauer Herrenhaus wird 2009 saniert. Im Herbst nimmt das Vorhaben Gestalt an. Das Dach wird gedeckt.\" \/>\n<meta name=\"robots\" content=\"index, follow, max-snippet:-1, max-image-preview:large, max-video-preview:-1\" \/>\n<link rel=\"canonical\" href=\"https:\/\/paulinenaue.info\/index.php\/etwas-von-der-sanierung-des-paulinenauer-herrenhauses\/\" \/>\n<meta property=\"og:locale\" content=\"de_DE\" \/>\n<meta property=\"og:type\" content=\"article\" \/>\n<meta property=\"og:title\" content=\"Etwas von der Sanierung des Paulinenauer Herrenhauses - Paulinenaue\" \/>\n<meta property=\"og:description\" content=\"Das Paulinenauer Herrenhaus wird 2009 saniert. Im Herbst nimmt das Vorhaben Gestalt an. Das Dach wird gedeckt.\" \/>\n<meta property=\"og:url\" content=\"https:\/\/paulinenaue.info\/index.php\/etwas-von-der-sanierung-des-paulinenauer-herrenhauses\/\" \/>\n<meta property=\"og:site_name\" content=\"Paulinenaue\" \/>\n<meta property=\"article:published_time\" content=\"2009-09-02T13:50:28+00:00\" \/>\n<meta property=\"article:modified_time\" content=\"2026-01-09T14:51:34+00:00\" \/>\n<meta property=\"og:image\" content=\"https:\/\/paulinenaue.info\/wp-content\/uploads\/2026\/01\/2009-09-27-Sanierung-Herrenhaus-02.jpeg\" \/>\n\t<meta property=\"og:image:width\" content=\"1000\" \/>\n\t<meta property=\"og:image:height\" content=\"750\" \/>\n\t<meta property=\"og:image:type\" content=\"image\/jpeg\" \/>\n<meta name=\"author\" content=\"Joachim Scholz\" \/>\n<meta name=\"twitter:card\" content=\"summary_large_image\" \/>\n<meta name=\"twitter:label1\" content=\"Verfasst von\" \/>\n\t<meta name=\"twitter:data1\" content=\"Joachim Scholz\" \/>\n\t<meta name=\"twitter:label2\" content=\"Gesch\u00e4tzte Lesezeit\" \/>\n\t<meta name=\"twitter:data2\" content=\"3\u00a0Minuten\" \/>\n<script type=\"application\/ld+json\" class=\"yoast-schema-graph\">{\"@context\":\"https:\\\/\\\/schema.org\",\"@graph\":[{\"@type\":\"Article\",\"@id\":\"https:\\\/\\\/paulinenaue.info\\\/index.php\\\/etwas-von-der-sanierung-des-paulinenauer-herrenhauses\\\/#article\",\"isPartOf\":{\"@id\":\"https:\\\/\\\/paulinenaue.info\\\/index.php\\\/etwas-von-der-sanierung-des-paulinenauer-herrenhauses\\\/\"},\"author\":{\"name\":\"Joachim Scholz\",\"@id\":\"https:\\\/\\\/paulinenaue.info\\\/#\\\/schema\\\/person\\\/3f9e818fd7b69b0d2bd937ac506897cc\"},\"headline\":\"Etwas von der Sanierung des Paulinenauer Herrenhauses\",\"datePublished\":\"2009-09-02T13:50:28+00:00\",\"dateModified\":\"2026-01-09T14:51:34+00:00\",\"mainEntityOfPage\":{\"@id\":\"https:\\\/\\\/paulinenaue.info\\\/index.php\\\/etwas-von-der-sanierung-des-paulinenauer-herrenhauses\\\/\"},\"wordCount\":221,\"commentCount\":0,\"image\":{\"@id\":\"https:\\\/\\\/paulinenaue.info\\\/index.php\\\/etwas-von-der-sanierung-des-paulinenauer-herrenhauses\\\/#primaryimage\"},\"thumbnailUrl\":\"https:\\\/\\\/paulinenaue.info\\\/wp-content\\\/uploads\\\/2026\\\/01\\\/2009-09-27-Sanierung-Herrenhaus-02.jpeg\",\"keywords\":[\"Gutshaus Paulinenaue\",\"Herrenhaus\",\"Sanierung\",\"Schloss Paulinenaue\"],\"articleSection\":{\"1\":\"Dorfentwicklung\"},\"inLanguage\":\"de\",\"potentialAction\":[{\"@type\":\"CommentAction\",\"name\":\"Comment\",\"target\":[\"https:\\\/\\\/paulinenaue.info\\\/index.php\\\/etwas-von-der-sanierung-des-paulinenauer-herrenhauses\\\/#respond\"]}]},{\"@type\":\"WebPage\",\"@id\":\"https:\\\/\\\/paulinenaue.info\\\/index.php\\\/etwas-von-der-sanierung-des-paulinenauer-herrenhauses\\\/\",\"url\":\"https:\\\/\\\/paulinenaue.info\\\/index.php\\\/etwas-von-der-sanierung-des-paulinenauer-herrenhauses\\\/\",\"name\":\"Etwas von der Sanierung des Paulinenauer Herrenhauses - Paulinenaue\",\"isPartOf\":{\"@id\":\"https:\\\/\\\/paulinenaue.info\\\/#website\"},\"primaryImageOfPage\":{\"@id\":\"https:\\\/\\\/paulinenaue.info\\\/index.php\\\/etwas-von-der-sanierung-des-paulinenauer-herrenhauses\\\/#primaryimage\"},\"image\":{\"@id\":\"https:\\\/\\\/paulinenaue.info\\\/index.php\\\/etwas-von-der-sanierung-des-paulinenauer-herrenhauses\\\/#primaryimage\"},\"thumbnailUrl\":\"https:\\\/\\\/paulinenaue.info\\\/wp-content\\\/uploads\\\/2026\\\/01\\\/2009-09-27-Sanierung-Herrenhaus-02.jpeg\",\"datePublished\":\"2009-09-02T13:50:28+00:00\",\"dateModified\":\"2026-01-09T14:51:34+00:00\",\"author\":{\"@id\":\"https:\\\/\\\/paulinenaue.info\\\/#\\\/schema\\\/person\\\/3f9e818fd7b69b0d2bd937ac506897cc\"},\"description\":\"Das Paulinenauer Herrenhaus wird 2009 saniert. Im Herbst nimmt das Vorhaben Gestalt an. Das Dach wird gedeckt.\",\"breadcrumb\":{\"@id\":\"https:\\\/\\\/paulinenaue.info\\\/index.php\\\/etwas-von-der-sanierung-des-paulinenauer-herrenhauses\\\/#breadcrumb\"},\"inLanguage\":\"de\",\"potentialAction\":[{\"@type\":\"ReadAction\",\"target\":[\"https:\\\/\\\/paulinenaue.info\\\/index.php\\\/etwas-von-der-sanierung-des-paulinenauer-herrenhauses\\\/\"]}]},{\"@type\":\"ImageObject\",\"inLanguage\":\"de\",\"@id\":\"https:\\\/\\\/paulinenaue.info\\\/index.php\\\/etwas-von-der-sanierung-des-paulinenauer-herrenhauses\\\/#primaryimage\",\"url\":\"https:\\\/\\\/paulinenaue.info\\\/wp-content\\\/uploads\\\/2026\\\/01\\\/2009-09-27-Sanierung-Herrenhaus-02.jpeg\",\"contentUrl\":\"https:\\\/\\\/paulinenaue.info\\\/wp-content\\\/uploads\\\/2026\\\/01\\\/2009-09-27-Sanierung-Herrenhaus-02.jpeg\",\"width\":1000,\"height\":750},{\"@type\":\"BreadcrumbList\",\"@id\":\"https:\\\/\\\/paulinenaue.info\\\/index.php\\\/etwas-von-der-sanierung-des-paulinenauer-herrenhauses\\\/#breadcrumb\",\"itemListElement\":[{\"@type\":\"ListItem\",\"position\":1,\"name\":\"Home\",\"item\":\"https:\\\/\\\/paulinenaue.info\\\/\"},{\"@type\":\"ListItem\",\"position\":2,\"name\":\"Etwas von der Sanierung des Paulinenauer Herrenhauses\"}]},{\"@type\":\"WebSite\",\"@id\":\"https:\\\/\\\/paulinenaue.info\\\/#website\",\"url\":\"https:\\\/\\\/paulinenaue.info\\\/\",\"name\":\"Paulinenaue\",\"description\":\"Ein Dorf im Havelland\",\"potentialAction\":[{\"@type\":\"SearchAction\",\"target\":{\"@type\":\"EntryPoint\",\"urlTemplate\":\"https:\\\/\\\/paulinenaue.info\\\/?s={search_term_string}\"},\"query-input\":{\"@type\":\"PropertyValueSpecification\",\"valueRequired\":true,\"valueName\":\"search_term_string\"}}],\"inLanguage\":\"de\"},{\"@type\":\"Person\",\"@id\":\"https:\\\/\\\/paulinenaue.info\\\/#\\\/schema\\\/person\\\/3f9e818fd7b69b0d2bd937ac506897cc\",\"name\":\"Joachim Scholz\",\"url\":\"https:\\\/\\\/paulinenaue.info\\\/index.php\\\/author\\\/jjscholz\\\/\"}]}<\/script>\n<!-- \/ Yoast SEO plugin. -->","yoast_head_json":{"title":"Etwas von der Sanierung des Paulinenauer Herrenhauses - Paulinenaue","description":"Das Paulinenauer Herrenhaus wird 2009 saniert. Im Herbst nimmt das Vorhaben Gestalt an. Das Dach wird gedeckt.","robots":{"index":"index","follow":"follow","max-snippet":"max-snippet:-1","max-image-preview":"max-image-preview:large","max-video-preview":"max-video-preview:-1"},"canonical":"https:\/\/paulinenaue.info\/index.php\/etwas-von-der-sanierung-des-paulinenauer-herrenhauses\/","og_locale":"de_DE","og_type":"article","og_title":"Etwas von der Sanierung des Paulinenauer Herrenhauses - Paulinenaue","og_description":"Das Paulinenauer Herrenhaus wird 2009 saniert. Im Herbst nimmt das Vorhaben Gestalt an. Das Dach wird gedeckt.","og_url":"https:\/\/paulinenaue.info\/index.php\/etwas-von-der-sanierung-des-paulinenauer-herrenhauses\/","og_site_name":"Paulinenaue","article_published_time":"2009-09-02T13:50:28+00:00","article_modified_time":"2026-01-09T14:51:34+00:00","og_image":[{"width":1000,"height":750,"url":"https:\/\/paulinenaue.info\/wp-content\/uploads\/2026\/01\/2009-09-27-Sanierung-Herrenhaus-02.jpeg","type":"image\/jpeg"}],"author":"Joachim Scholz","twitter_card":"summary_large_image","twitter_misc":{"Verfasst von":"Joachim Scholz","Gesch\u00e4tzte Lesezeit":"3\u00a0Minuten"},"schema":{"@context":"https:\/\/schema.org","@graph":[{"@type":"Article","@id":"https:\/\/paulinenaue.info\/index.php\/etwas-von-der-sanierung-des-paulinenauer-herrenhauses\/#article","isPartOf":{"@id":"https:\/\/paulinenaue.info\/index.php\/etwas-von-der-sanierung-des-paulinenauer-herrenhauses\/"},"author":{"name":"Joachim Scholz","@id":"https:\/\/paulinenaue.info\/#\/schema\/person\/3f9e818fd7b69b0d2bd937ac506897cc"},"headline":"Etwas von der Sanierung des Paulinenauer Herrenhauses","datePublished":"2009-09-02T13:50:28+00:00","dateModified":"2026-01-09T14:51:34+00:00","mainEntityOfPage":{"@id":"https:\/\/paulinenaue.info\/index.php\/etwas-von-der-sanierung-des-paulinenauer-herrenhauses\/"},"wordCount":221,"commentCount":0,"image":{"@id":"https:\/\/paulinenaue.info\/index.php\/etwas-von-der-sanierung-des-paulinenauer-herrenhauses\/#primaryimage"},"thumbnailUrl":"https:\/\/paulinenaue.info\/wp-content\/uploads\/2026\/01\/2009-09-27-Sanierung-Herrenhaus-02.jpeg","keywords":["Gutshaus Paulinenaue","Herrenhaus","Sanierung","Schloss Paulinenaue"],"articleSection":{"1":"Dorfentwicklung"},"inLanguage":"de","potentialAction":[{"@type":"CommentAction","name":"Comment","target":["https:\/\/paulinenaue.info\/index.php\/etwas-von-der-sanierung-des-paulinenauer-herrenhauses\/#respond"]}]},{"@type":"WebPage","@id":"https:\/\/paulinenaue.info\/index.php\/etwas-von-der-sanierung-des-paulinenauer-herrenhauses\/","url":"https:\/\/paulinenaue.info\/index.php\/etwas-von-der-sanierung-des-paulinenauer-herrenhauses\/","name":"Etwas von der Sanierung des Paulinenauer Herrenhauses - Paulinenaue","isPartOf":{"@id":"https:\/\/paulinenaue.info\/#website"},"primaryImageOfPage":{"@id":"https:\/\/paulinenaue.info\/index.php\/etwas-von-der-sanierung-des-paulinenauer-herrenhauses\/#primaryimage"},"image":{"@id":"https:\/\/paulinenaue.info\/index.php\/etwas-von-der-sanierung-des-paulinenauer-herrenhauses\/#primaryimage"},"thumbnailUrl":"https:\/\/paulinenaue.info\/wp-content\/uploads\/2026\/01\/2009-09-27-Sanierung-Herrenhaus-02.jpeg","datePublished":"2009-09-02T13:50:28+00:00","dateModified":"2026-01-09T14:51:34+00:00","author":{"@id":"https:\/\/paulinenaue.info\/#\/schema\/person\/3f9e818fd7b69b0d2bd937ac506897cc"},"description":"Das Paulinenauer Herrenhaus wird 2009 saniert. Im Herbst nimmt das Vorhaben Gestalt an. Das Dach wird gedeckt.","breadcrumb":{"@id":"https:\/\/paulinenaue.info\/index.php\/etwas-von-der-sanierung-des-paulinenauer-herrenhauses\/#breadcrumb"},"inLanguage":"de","potentialAction":[{"@type":"ReadAction","target":["https:\/\/paulinenaue.info\/index.php\/etwas-von-der-sanierung-des-paulinenauer-herrenhauses\/"]}]},{"@type":"ImageObject","inLanguage":"de","@id":"https:\/\/paulinenaue.info\/index.php\/etwas-von-der-sanierung-des-paulinenauer-herrenhauses\/#primaryimage","url":"https:\/\/paulinenaue.info\/wp-content\/uploads\/2026\/01\/2009-09-27-Sanierung-Herrenhaus-02.jpeg","contentUrl":"https:\/\/paulinenaue.info\/wp-content\/uploads\/2026\/01\/2009-09-27-Sanierung-Herrenhaus-02.jpeg","width":1000,"height":750},{"@type":"BreadcrumbList","@id":"https:\/\/paulinenaue.info\/index.php\/etwas-von-der-sanierung-des-paulinenauer-herrenhauses\/#breadcrumb","itemListElement":[{"@type":"ListItem","position":1,"name":"Home","item":"https:\/\/paulinenaue.info\/"},{"@type":"ListItem","position":2,"name":"Etwas von der Sanierung des Paulinenauer Herrenhauses"}]},{"@type":"WebSite","@id":"https:\/\/paulinenaue.info\/#website","url":"https:\/\/paulinenaue.info\/","name":"Paulinenaue","description":"Ein Dorf im Havelland","potentialAction":[{"@type":"SearchAction","target":{"@type":"EntryPoint","urlTemplate":"https:\/\/paulinenaue.info\/?s={search_term_string}"},"query-input":{"@type":"PropertyValueSpecification","valueRequired":true,"valueName":"search_term_string"}}],"inLanguage":"de"},{"@type":"Person","@id":"https:\/\/paulinenaue.info\/#\/schema\/person\/3f9e818fd7b69b0d2bd937ac506897cc","name":"Joachim Scholz","url":"https:\/\/paulinenaue.info\/index.php\/author\/jjscholz\/"}]}},"jetpack_publicize_connections":[],"jetpack_featured_media_url":"https:\/\/paulinenaue.info\/wp-content\/uploads\/2026\/01\/2009-09-27-Sanierung-Herrenhaus-02.jpeg","jetpack_sharing_enabled":true,"jetpack_shortlink":"https:\/\/wp.me\/pcYhWA-1KWp","jetpack-related-posts":[{"id":172,"url":"https:\/\/paulinenaue.info\/index.php\/parkgestaltung-hat-begonnen\/","url_meta":{"origin":418773,"position":0},"title":"Parkgestaltung hat begonnen","author":"Joachim Scholz","date":"22. M\u00e4rz 2016","format":false,"excerpt":"Joachim Scholz, Walter Siegmund 09.10.2010. Was Spazierg\u00e4nger an den sch\u00f6nen Herbsttagen des letzten Wochenendes im Paulinenauer Gutspark sehen, soll erst der Anfang der Versch\u00f6nerung des unter Denkmalschutz stehenden Parkgel\u00e4ndes sein. Bis Ende 2011 will die\u00a0ILLUT\u00a0hier von Sch\u00fclerinnen und Sch\u00fclern einer polnischen Partnerschule einen Erholungspark gestalten. Die Zustimmungen sowohl der Gemeinde,\u2026","rel":"","context":"In &quot;Dorfentwicklung&quot;","block_context":{"text":"Dorfentwicklung","link":"https:\/\/paulinenaue.info\/index.php\/category\/dorfentwicklung\/"},"img":{"alt_text":"","src":"https:\/\/i0.wp.com\/paulinenaue.info\/wp-content\/uploads\/2016\/03\/20101009_park_01.jpg?resize=350%2C200&ssl=1","width":350,"height":200},"classes":[]},{"id":174,"url":"https:\/\/paulinenaue.info\/index.php\/wir-wuerden-es-wieder-tun-burkhard-kunkel-zur-fertigstellung-der-paulinenauer-schlosssanierung\/","url_meta":{"origin":418773,"position":1},"title":"&#8222;Wir w\u00fcrden es wieder tun!&#8220; \u2013 Burkhard Kunkel zur Fertigstellung der Paulinenauer Schlosssanierung","author":"Joachim Scholz","date":"22. M\u00e4rz 2016","format":false,"excerpt":"Die beiden Br\u00fcder Matthias und Burkhard Kunkel haben in einer beispielhaften lokalen Initiative das in seiner aktuellen Form 1914 errichtete Paulinenauer Herrenhaus sanieren lassen. Am 28. Februar 2010, wenige Tage vor der Schl\u00fcssel\u00fcbergabe und der Er\u00f6ffnung als altersgerechte Wohnanlage \"Schloss Paulinenaue\" konnte sich die \u00d6ffentlichkeit an einem \"Tag der offenen\u2026","rel":"","context":"In &quot;Dorfentwicklung&quot;","block_context":{"text":"Dorfentwicklung","link":"https:\/\/paulinenaue.info\/index.php\/category\/dorfentwicklung\/"},"img":{"alt_text":"","src":"https:\/\/i0.wp.com\/paulinenaue.info\/wp-content\/uploads\/2015\/10\/schluss-rckseite-2-paue.jpg?resize=350%2C200&ssl=1","width":350,"height":200,"srcset":"https:\/\/i0.wp.com\/paulinenaue.info\/wp-content\/uploads\/2015\/10\/schluss-rckseite-2-paue.jpg?resize=350%2C200&ssl=1 1x, https:\/\/i0.wp.com\/paulinenaue.info\/wp-content\/uploads\/2015\/10\/schluss-rckseite-2-paue.jpg?resize=525%2C300&ssl=1 1.5x, https:\/\/i0.wp.com\/paulinenaue.info\/wp-content\/uploads\/2015\/10\/schluss-rckseite-2-paue.jpg?resize=700%2C400&ssl=1 2x"},"classes":[]},{"id":176,"url":"https:\/\/paulinenaue.info\/index.php\/zweiter-tag-der-offenen-tuer-im-schloss-paulinenaue\/","url_meta":{"origin":418773,"position":2},"title":"Zweiter Tag der offenen T\u00fcr im &#8222;Schloss Paulinenaue&#8220;","author":"Joachim Scholz","date":"25. April 2010","format":false,"excerpt":"25.04.2010. Noch einen, ja sogar zwei Tage der offenen T\u00fcr im Paulinenauer Schloss innerhalb kurzer Zeit - welchen Sinn sollte das machen? Wer sich am vergangenen Freitag und Samstag auf den Weg zu dem frisch sanierten Geb\u00e4ude machte, der konnte es erfahren. Denn das Herrenhaus pr\u00e4sentiert sich nunmehr teilm\u00f6bliert und\u2026","rel":"","context":"In &quot;Allgemein&quot;","block_context":{"text":"Allgemein","link":"https:\/\/paulinenaue.info\/index.php\/category\/allgemein\/"},"img":{"alt_text":"","src":"https:\/\/i0.wp.com\/paulinenaue.info\/wp-content\/uploads\/2016\/03\/2010-04-24-Schloss-Gemeinschaftsraum.jpg?resize=350%2C200&ssl=1","width":350,"height":200,"srcset":"https:\/\/i0.wp.com\/paulinenaue.info\/wp-content\/uploads\/2016\/03\/2010-04-24-Schloss-Gemeinschaftsraum.jpg?resize=350%2C200&ssl=1 1x, https:\/\/i0.wp.com\/paulinenaue.info\/wp-content\/uploads\/2016\/03\/2010-04-24-Schloss-Gemeinschaftsraum.jpg?resize=525%2C300&ssl=1 1.5x, https:\/\/i0.wp.com\/paulinenaue.info\/wp-content\/uploads\/2016\/03\/2010-04-24-Schloss-Gemeinschaftsraum.jpg?resize=700%2C400&ssl=1 2x"},"classes":[]},{"id":131,"url":"https:\/\/paulinenaue.info\/index.php\/solch-einen-stimmungsvollen-ort-habe-ich-selten-erlebt-gisela-heller-liest-im-wintergarten-des-paulinenauer-herrenhauses\/","url_meta":{"origin":418773,"position":3},"title":"\u201eSolch einen stimmungsvollen Ort habe ich selten erlebt\u201c &#8211; Gisela Heller liest im Wintergarten des Paulinenauer Herrenhauses","author":"Joachim Scholz","date":"6. Dezember 2012","format":false,"excerpt":"09.11.2012. \u201eUnterwegs mit Gisela\u201c hie\u00dfen die Radio-Reportagen, mit denen Gisela Heller zu DDR-Zeiten Heimatkundliches \u00fcber den \u00c4ther schickte. Gek\u00fcrzt gingen ausgew\u00e4hlte St\u00fccke dann in ihre beiden Buchpublikationen \u201eM\u00e4rkischer Bilderbogen\u201c (1976) und \u201eNeuer M\u00e4rkischer Bilderbogen\u201c (1986) ein. Eine dieser Reportagen war Paulinenaue gewidmet, denn in jenen Jahren war unser Dorf ein\u2026","rel":"","context":"In &quot;Historie&quot;","block_context":{"text":"Historie","link":"https:\/\/paulinenaue.info\/index.php\/category\/historie\/"},"img":{"alt_text":"","src":"https:\/\/i0.wp.com\/paulinenaue.info\/wp-content\/uploads\/2016\/03\/20121109_heller_06_ft.jpg?resize=350%2C200&ssl=1","width":350,"height":200},"classes":[]},{"id":191,"url":"https:\/\/paulinenaue.info\/index.php\/wie-ich-paulinenaue-in-traditionellem-bleiglasfenster-kaufte\/","url_meta":{"origin":418773,"position":4},"title":"Wie ich Paulinenaue in traditionellem Bleiglasfenster kaufte","author":"Joachim Scholz","date":"22. M\u00e4rz 2016","format":false,"excerpt":"Joachim Scholz \u201eHat nicht jeder das Bed\u00fcrfnis nach einem eigenen, sicheren Ort, an dem er leben und gl\u00fccklich sein kann? Vielleicht ist dies f\u00fcr Sie Paulinenaue. Vielleicht sind Sie dort geboren und aufgewachsen?\u201c Mit Worten, die ins Herzen treffen wollten, wandte sich vor einiger Zeit schon ein Hersteller f\u00fcr Bleiglasfenster\u2026","rel":"","context":"In &quot;Historie&quot;","block_context":{"text":"Historie","link":"https:\/\/paulinenaue.info\/index.php\/category\/historie\/"},"img":{"alt_text":"","src":"https:\/\/i0.wp.com\/paulinenaue.info\/wp-content\/uploads\/2016\/03\/20130429_glasfenster_01.jpg?resize=350%2C200&ssl=1","width":350,"height":200},"classes":[]},{"id":2122,"url":"https:\/\/paulinenaue.info\/index.php\/tagespflege-eroeffnet-auf-dem-gutshof\/","url_meta":{"origin":418773,"position":5},"title":"Tagespflege er\u00f6ffnet auf dem Gutshof","author":"Joachim Scholz","date":"21. April 2018","format":false,"excerpt":"Zweifellos kein Tag wie jeder andere in Paulinenaue. Das Gemeinschaftswerk Soziale Dienste er\u00f6ffnete heute auf dem Gutshof in einem der beiden ehemaligen Torgeb\u00e4ude des Gutes mit einem Tag der offenen T\u00fcr seine neue Tagespflegeeinrichtung mit betreutem Wohnen.\u00a0 Bauherr Jan Gabriel hatte den ehemaligen Rinderstall zusammen mit dem verbliebenen denkmalgesch\u00fctzten Ensemble\u2026","rel":"","context":"In &quot;Allgemein&quot;","block_context":{"text":"Allgemein","link":"https:\/\/paulinenaue.info\/index.php\/category\/allgemein\/"},"img":{"alt_text":"","src":"https:\/\/i0.wp.com\/paulinenaue.info\/wp-content\/uploads\/2018\/04\/DSC00084.jpg?resize=350%2C200&ssl=1","width":350,"height":200,"srcset":"https:\/\/i0.wp.com\/paulinenaue.info\/wp-content\/uploads\/2018\/04\/DSC00084.jpg?resize=350%2C200&ssl=1 1x, https:\/\/i0.wp.com\/paulinenaue.info\/wp-content\/uploads\/2018\/04\/DSC00084.jpg?resize=525%2C300&ssl=1 1.5x, https:\/\/i0.wp.com\/paulinenaue.info\/wp-content\/uploads\/2018\/04\/DSC00084.jpg?resize=700%2C400&ssl=1 2x"},"classes":[]}],"_links":{"self":[{"href":"https:\/\/paulinenaue.info\/index.php\/wp-json\/wp\/v2\/posts\/418773","targetHints":{"allow":["GET"]}}],"collection":[{"href":"https:\/\/paulinenaue.info\/index.php\/wp-json\/wp\/v2\/posts"}],"about":[{"href":"https:\/\/paulinenaue.info\/index.php\/wp-json\/wp\/v2\/types\/post"}],"author":[{"embeddable":true,"href":"https:\/\/paulinenaue.info\/index.php\/wp-json\/wp\/v2\/users\/1"}],"replies":[{"embeddable":true,"href":"https:\/\/paulinenaue.info\/index.php\/wp-json\/wp\/v2\/comments?post=418773"}],"version-history":[{"count":4,"href":"https:\/\/paulinenaue.info\/index.php\/wp-json\/wp\/v2\/posts\/418773\/revisions"}],"predecessor-version":[{"id":418794,"href":"https:\/\/paulinenaue.info\/index.php\/wp-json\/wp\/v2\/posts\/418773\/revisions\/418794"}],"wp:featuredmedia":[{"embeddable":true,"href":"https:\/\/paulinenaue.info\/index.php\/wp-json\/wp\/v2\/media\/418781"}],"wp:attachment":[{"href":"https:\/\/paulinenaue.info\/index.php\/wp-json\/wp\/v2\/media?parent=418773"}],"wp:term":[{"taxonomy":"category","embeddable":true,"href":"https:\/\/paulinenaue.info\/index.php\/wp-json\/wp\/v2\/categories?post=418773"},{"taxonomy":"post_tag","embeddable":true,"href":"https:\/\/paulinenaue.info\/index.php\/wp-json\/wp\/v2\/tags?post=418773"}],"curies":[{"name":"wp","href":"https:\/\/api.w.org\/{rel}","templated":true}]}}