{"id":419051,"date":"2026-03-10T11:07:02","date_gmt":"2026-03-10T10:07:02","guid":{"rendered":"https:\/\/paulinenaue.info\/?p=419051"},"modified":"2026-03-10T11:07:02","modified_gmt":"2026-03-10T10:07:02","slug":"super-stimmung-beim-frauentagsbrunch","status":"publish","type":"post","link":"https:\/\/paulinenaue.info\/index.php\/super-stimmung-beim-frauentagsbrunch\/","title":{"rendered":"Super Stimmung beim Frauentagsbrunch"},"content":{"rendered":"<p><em>Text: Dorit Zahn. <\/em><\/p>\n<p>\u201eKr\u00fcgers feiert Frauentag\u201c \u2013 so hie\u00df das Motto zum Frauentag 2026 in Paulinenaue. Eingeladen hatten Anna und Uwe von\u00a0 \u201eKr\u00fcgers Biergarten\u201c, um beim Brunchbuffet den Sonntag zu genie\u00dfen.<\/p>\n<p>Das haben sich am vergangenen Sonntag viele Frauen nicht zweimal sagen lassen. Das Buffet liebevoll angerichtet und sehr schmackhaft, mit Sekt und Aperol sowie alkoholfreien Getr\u00e4nken war f\u00fcr jeden Geschmack etwas dabei.<\/p>\n<p>Mehr als 40 Frauen freuten sich \u00fcber die M\u00f6glichkeit gemeinsam in super Stimmung zusammen ihren Ehrentag zu begehen. Von der Sch\u00fclerin bis zur Seniorensportlerin sa\u00dfen alle bei bester Stimmung und hatten ein paar gesellige Stunden.<\/p>\n<div id=\"attachment_419053\" style=\"width: 610px\" class=\"wp-caption alignnone\"><a href=\"https:\/\/paulinenaue.info\/wp-content\/uploads\/2026\/03\/2026-03-08-Frauentag-02.jpeg\"><img decoding=\"async\" aria-describedby=\"caption-attachment-419053\" data-attachment-id=\"419053\" data-permalink=\"https:\/\/paulinenaue.info\/index.php\/super-stimmung-beim-frauentagsbrunch\/2026-03-08-frauentag-02\/\" data-orig-file=\"https:\/\/paulinenaue.info\/wp-content\/uploads\/2026\/03\/2026-03-08-Frauentag-02.jpeg\" data-orig-size=\"700,1000\" data-comments-opened=\"1\" data-image-meta=\"{&quot;aperture&quot;:&quot;0&quot;,&quot;credit&quot;:&quot;&quot;,&quot;camera&quot;:&quot;&quot;,&quot;caption&quot;:&quot;&quot;,&quot;created_timestamp&quot;:&quot;1773000924&quot;,&quot;copyright&quot;:&quot;&quot;,&quot;focal_length&quot;:&quot;0&quot;,&quot;iso&quot;:&quot;0&quot;,&quot;shutter_speed&quot;:&quot;0&quot;,&quot;title&quot;:&quot;&quot;,&quot;orientation&quot;:&quot;1&quot;}\" data-image-title=\"2026-03-08, Frauentag, 02\" data-image-description=\"\" data-image-caption=\"\" data-large-file=\"https:\/\/paulinenaue.info\/wp-content\/uploads\/2026\/03\/2026-03-08-Frauentag-02.jpeg\" class=\"lazyload wp-image-419053 size-fusion-600\" src=\"https:\/\/paulinenaue.info\/wp-content\/uploads\/2026\/03\/2026-03-08-Frauentag-02-600x857.jpeg\" data-orig-src=\"https:\/\/paulinenaue.info\/wp-content\/uploads\/2026\/03\/2026-03-08-Frauentag-02-600x857.jpeg\" alt=\"\" width=\"600\" height=\"857\" srcset=\"data:image\/svg+xml,%3Csvg%20xmlns%3D%27http%3A%2F%2Fwww.w3.org%2F2000%2Fsvg%27%20width%3D%27600%27%20height%3D%27857%27%20viewBox%3D%270%200%20600%20857%27%3E%3Crect%20width%3D%27600%27%20height%3D%27857%27%20fill-opacity%3D%220%22%2F%3E%3C%2Fsvg%3E\" data-srcset=\"https:\/\/paulinenaue.info\/wp-content\/uploads\/2026\/03\/2026-03-08-Frauentag-02-200x286.jpeg 200w, https:\/\/paulinenaue.info\/wp-content\/uploads\/2026\/03\/2026-03-08-Frauentag-02-210x300.jpeg 210w, https:\/\/paulinenaue.info\/wp-content\/uploads\/2026\/03\/2026-03-08-Frauentag-02-400x571.jpeg 400w, https:\/\/paulinenaue.info\/wp-content\/uploads\/2026\/03\/2026-03-08-Frauentag-02-600x857.jpeg 600w, https:\/\/paulinenaue.info\/wp-content\/uploads\/2026\/03\/2026-03-08-Frauentag-02.jpeg 700w\" data-sizes=\"auto\" data-orig-sizes=\"(max-width: 600px) 100vw, 600px\" \/><\/a><p id=\"caption-attachment-419053\" class=\"wp-caption-text\"><em>Am Frauentag \u00fcbernahmen die Paulinenauerinnen Kr\u00fcger&#8217;s Biergarten<\/em><\/p><\/div>\n<p>Anna und Uwe \u2013 habt lieben Dank, dass ihr anl\u00e4sslich des internationalen Frauentages diesen Brunch organisiert und durchgef\u00fchrt habt. Euer Engagement ist auf jeden Fall eine Bereicherung f\u00fcr unser Dorfleben.<\/p>\n","protected":false},"excerpt":{"rendered":"<p>Text: Dorit Zahn. \u201eKr\u00fcgers feiert Frauentag\u201c \u2013 so hie\u00df das [&hellip;]<\/p>\n","protected":false},"author":1,"featured_media":419052,"comment_status":"open","ping_status":"open","sticky":false,"template":"","format":"standard","meta":{"_acf_changed":false,"_price":"","_stock":"","_tribe_ticket_header":"","_tribe_default_ticket_provider":"","_tribe_ticket_capacity":"","_ticket_start_date":"","_ticket_end_date":"","_tribe_ticket_show_description":"","_tribe_ticket_show_not_going":false,"_tribe_ticket_use_global_stock":"","_tribe_ticket_global_stock_level":"","_global_stock_mode":"","_global_stock_cap":"","_tribe_rsvp_for_event":"","_tribe_ticket_going_count":"","_tribe_ticket_not_going_count":"","_tribe_tickets_list":"[]","_tribe_ticket_has_attendee_info_fields":false,"jetpack_post_was_ever_published":false,"_jetpack_newsletter_access":"","_jetpack_dont_email_post_to_subs":false,"_jetpack_newsletter_tier_id":0,"_jetpack_memberships_contains_paywalled_content":false,"_jetpack_memberships_contains_paid_content":false,"footnotes":"","jetpack_publicize_message":"","jetpack_publicize_feature_enabled":true,"jetpack_social_post_already_shared":true,"jetpack_social_options":{"image_generator_settings":{"template":"highway","default_image_id":0,"font":"","enabled":false},"version":2}},"categories":[1,404,9,93],"tags":[462,664],"class_list":["post-419051","post","type-post","status-publish","format-standard","has-post-thumbnail","hentry","category-allgemein","category-gastronomie","category-neuigkeiten","category-veranstaltungen","tag-frauentag","tag-frauentagsbrunch"],"acf":[],"yoast_head":"<!-- This site is optimized with the Yoast SEO plugin v27.4 - https:\/\/yoast.com\/product\/yoast-seo-wordpress\/ -->\n<title>Super Stimmung beim Frauentagsbrunch - Paulinenaue<\/title>\n<meta name=\"description\" content=\"\u201eKr\u00fcgers feiert Frauentag\u201c \u2013 so hie\u00df das Motto zum Frauentag 2026 in Paulinenaue. 40 Paulinenauerinnen folgten der Einladung.\" \/>\n<meta name=\"robots\" content=\"index, follow, max-snippet:-1, max-image-preview:large, max-video-preview:-1\" \/>\n<link rel=\"canonical\" href=\"https:\/\/paulinenaue.info\/index.php\/super-stimmung-beim-frauentagsbrunch\/\" \/>\n<meta property=\"og:locale\" content=\"de_DE\" \/>\n<meta property=\"og:type\" content=\"article\" \/>\n<meta property=\"og:title\" content=\"Super Stimmung beim Frauentagsbrunch - Paulinenaue\" \/>\n<meta property=\"og:description\" content=\"\u201eKr\u00fcgers feiert Frauentag\u201c \u2013 so hie\u00df das Motto zum Frauentag 2026 in Paulinenaue. 40 Paulinenauerinnen folgten der Einladung.\" \/>\n<meta property=\"og:url\" content=\"https:\/\/paulinenaue.info\/index.php\/super-stimmung-beim-frauentagsbrunch\/\" \/>\n<meta property=\"og:site_name\" content=\"Paulinenaue\" \/>\n<meta property=\"article:published_time\" content=\"2026-03-10T10:07:02+00:00\" \/>\n<meta property=\"og:image\" content=\"https:\/\/paulinenaue.info\/wp-content\/uploads\/2026\/03\/image0.jpeg\" \/>\n\t<meta property=\"og:image:width\" content=\"1000\" \/>\n\t<meta property=\"og:image:height\" content=\"750\" \/>\n\t<meta property=\"og:image:type\" content=\"image\/jpeg\" \/>\n<meta name=\"author\" content=\"Joachim Scholz\" \/>\n<meta name=\"twitter:card\" content=\"summary_large_image\" \/>\n<meta name=\"twitter:label1\" content=\"Verfasst von\" \/>\n\t<meta name=\"twitter:data1\" content=\"Joachim Scholz\" \/>\n\t<meta name=\"twitter:label2\" content=\"Gesch\u00e4tzte Lesezeit\" \/>\n\t<meta name=\"twitter:data2\" content=\"2\u00a0Minuten\" \/>\n<script type=\"application\/ld+json\" class=\"yoast-schema-graph\">{\"@context\":\"https:\\\/\\\/schema.org\",\"@graph\":[{\"@type\":\"Article\",\"@id\":\"https:\\\/\\\/paulinenaue.info\\\/index.php\\\/super-stimmung-beim-frauentagsbrunch\\\/#article\",\"isPartOf\":{\"@id\":\"https:\\\/\\\/paulinenaue.info\\\/index.php\\\/super-stimmung-beim-frauentagsbrunch\\\/\"},\"author\":{\"name\":\"Joachim Scholz\",\"@id\":\"https:\\\/\\\/paulinenaue.info\\\/#\\\/schema\\\/person\\\/3f9e818fd7b69b0d2bd937ac506897cc\"},\"headline\":\"Super Stimmung beim Frauentagsbrunch\",\"datePublished\":\"2026-03-10T10:07:02+00:00\",\"mainEntityOfPage\":{\"@id\":\"https:\\\/\\\/paulinenaue.info\\\/index.php\\\/super-stimmung-beim-frauentagsbrunch\\\/\"},\"wordCount\":155,\"commentCount\":0,\"image\":{\"@id\":\"https:\\\/\\\/paulinenaue.info\\\/index.php\\\/super-stimmung-beim-frauentagsbrunch\\\/#primaryimage\"},\"thumbnailUrl\":\"https:\\\/\\\/paulinenaue.info\\\/wp-content\\\/uploads\\\/2026\\\/03\\\/image0.jpeg\",\"keywords\":[\"Frauentag\",\"Frauentagsbrunch\"],\"articleSection\":{\"1\":\"Gastronomie\",\"2\":\"Neuigkeiten\",\"3\":\"Veranstaltungen\"},\"inLanguage\":\"de\",\"potentialAction\":[{\"@type\":\"CommentAction\",\"name\":\"Comment\",\"target\":[\"https:\\\/\\\/paulinenaue.info\\\/index.php\\\/super-stimmung-beim-frauentagsbrunch\\\/#respond\"]}]},{\"@type\":\"WebPage\",\"@id\":\"https:\\\/\\\/paulinenaue.info\\\/index.php\\\/super-stimmung-beim-frauentagsbrunch\\\/\",\"url\":\"https:\\\/\\\/paulinenaue.info\\\/index.php\\\/super-stimmung-beim-frauentagsbrunch\\\/\",\"name\":\"Super Stimmung beim Frauentagsbrunch - Paulinenaue\",\"isPartOf\":{\"@id\":\"https:\\\/\\\/paulinenaue.info\\\/#website\"},\"primaryImageOfPage\":{\"@id\":\"https:\\\/\\\/paulinenaue.info\\\/index.php\\\/super-stimmung-beim-frauentagsbrunch\\\/#primaryimage\"},\"image\":{\"@id\":\"https:\\\/\\\/paulinenaue.info\\\/index.php\\\/super-stimmung-beim-frauentagsbrunch\\\/#primaryimage\"},\"thumbnailUrl\":\"https:\\\/\\\/paulinenaue.info\\\/wp-content\\\/uploads\\\/2026\\\/03\\\/image0.jpeg\",\"datePublished\":\"2026-03-10T10:07:02+00:00\",\"author\":{\"@id\":\"https:\\\/\\\/paulinenaue.info\\\/#\\\/schema\\\/person\\\/3f9e818fd7b69b0d2bd937ac506897cc\"},\"description\":\"\u201eKr\u00fcgers feiert Frauentag\u201c \u2013 so hie\u00df das Motto zum Frauentag 2026 in Paulinenaue. 40 Paulinenauerinnen folgten der Einladung.\",\"breadcrumb\":{\"@id\":\"https:\\\/\\\/paulinenaue.info\\\/index.php\\\/super-stimmung-beim-frauentagsbrunch\\\/#breadcrumb\"},\"inLanguage\":\"de\",\"potentialAction\":[{\"@type\":\"ReadAction\",\"target\":[\"https:\\\/\\\/paulinenaue.info\\\/index.php\\\/super-stimmung-beim-frauentagsbrunch\\\/\"]}]},{\"@type\":\"ImageObject\",\"inLanguage\":\"de\",\"@id\":\"https:\\\/\\\/paulinenaue.info\\\/index.php\\\/super-stimmung-beim-frauentagsbrunch\\\/#primaryimage\",\"url\":\"https:\\\/\\\/paulinenaue.info\\\/wp-content\\\/uploads\\\/2026\\\/03\\\/image0.jpeg\",\"contentUrl\":\"https:\\\/\\\/paulinenaue.info\\\/wp-content\\\/uploads\\\/2026\\\/03\\\/image0.jpeg\",\"width\":1000,\"height\":750},{\"@type\":\"BreadcrumbList\",\"@id\":\"https:\\\/\\\/paulinenaue.info\\\/index.php\\\/super-stimmung-beim-frauentagsbrunch\\\/#breadcrumb\",\"itemListElement\":[{\"@type\":\"ListItem\",\"position\":1,\"name\":\"Home\",\"item\":\"https:\\\/\\\/paulinenaue.info\\\/\"},{\"@type\":\"ListItem\",\"position\":2,\"name\":\"Super Stimmung beim Frauentagsbrunch\"}]},{\"@type\":\"WebSite\",\"@id\":\"https:\\\/\\\/paulinenaue.info\\\/#website\",\"url\":\"https:\\\/\\\/paulinenaue.info\\\/\",\"name\":\"Paulinenaue\",\"description\":\"Ein Dorf im Havelland\",\"potentialAction\":[{\"@type\":\"SearchAction\",\"target\":{\"@type\":\"EntryPoint\",\"urlTemplate\":\"https:\\\/\\\/paulinenaue.info\\\/?s={search_term_string}\"},\"query-input\":{\"@type\":\"PropertyValueSpecification\",\"valueRequired\":true,\"valueName\":\"search_term_string\"}}],\"inLanguage\":\"de\"},{\"@type\":\"Person\",\"@id\":\"https:\\\/\\\/paulinenaue.info\\\/#\\\/schema\\\/person\\\/3f9e818fd7b69b0d2bd937ac506897cc\",\"name\":\"Joachim Scholz\",\"url\":\"https:\\\/\\\/paulinenaue.info\\\/index.php\\\/author\\\/jjscholz\\\/\"}]}<\/script>\n<!-- \/ Yoast SEO plugin. -->","yoast_head_json":{"title":"Super Stimmung beim Frauentagsbrunch - Paulinenaue","description":"\u201eKr\u00fcgers feiert Frauentag\u201c \u2013 so hie\u00df das Motto zum Frauentag 2026 in Paulinenaue. 40 Paulinenauerinnen folgten der Einladung.","robots":{"index":"index","follow":"follow","max-snippet":"max-snippet:-1","max-image-preview":"max-image-preview:large","max-video-preview":"max-video-preview:-1"},"canonical":"https:\/\/paulinenaue.info\/index.php\/super-stimmung-beim-frauentagsbrunch\/","og_locale":"de_DE","og_type":"article","og_title":"Super Stimmung beim Frauentagsbrunch - Paulinenaue","og_description":"\u201eKr\u00fcgers feiert Frauentag\u201c \u2013 so hie\u00df das Motto zum Frauentag 2026 in Paulinenaue. 40 Paulinenauerinnen folgten der Einladung.","og_url":"https:\/\/paulinenaue.info\/index.php\/super-stimmung-beim-frauentagsbrunch\/","og_site_name":"Paulinenaue","article_published_time":"2026-03-10T10:07:02+00:00","og_image":[{"width":1000,"height":750,"url":"https:\/\/paulinenaue.info\/wp-content\/uploads\/2026\/03\/image0.jpeg","type":"image\/jpeg"}],"author":"Joachim Scholz","twitter_card":"summary_large_image","twitter_misc":{"Verfasst von":"Joachim Scholz","Gesch\u00e4tzte Lesezeit":"2\u00a0Minuten"},"schema":{"@context":"https:\/\/schema.org","@graph":[{"@type":"Article","@id":"https:\/\/paulinenaue.info\/index.php\/super-stimmung-beim-frauentagsbrunch\/#article","isPartOf":{"@id":"https:\/\/paulinenaue.info\/index.php\/super-stimmung-beim-frauentagsbrunch\/"},"author":{"name":"Joachim Scholz","@id":"https:\/\/paulinenaue.info\/#\/schema\/person\/3f9e818fd7b69b0d2bd937ac506897cc"},"headline":"Super Stimmung beim Frauentagsbrunch","datePublished":"2026-03-10T10:07:02+00:00","mainEntityOfPage":{"@id":"https:\/\/paulinenaue.info\/index.php\/super-stimmung-beim-frauentagsbrunch\/"},"wordCount":155,"commentCount":0,"image":{"@id":"https:\/\/paulinenaue.info\/index.php\/super-stimmung-beim-frauentagsbrunch\/#primaryimage"},"thumbnailUrl":"https:\/\/paulinenaue.info\/wp-content\/uploads\/2026\/03\/image0.jpeg","keywords":["Frauentag","Frauentagsbrunch"],"articleSection":{"1":"Gastronomie","2":"Neuigkeiten","3":"Veranstaltungen"},"inLanguage":"de","potentialAction":[{"@type":"CommentAction","name":"Comment","target":["https:\/\/paulinenaue.info\/index.php\/super-stimmung-beim-frauentagsbrunch\/#respond"]}]},{"@type":"WebPage","@id":"https:\/\/paulinenaue.info\/index.php\/super-stimmung-beim-frauentagsbrunch\/","url":"https:\/\/paulinenaue.info\/index.php\/super-stimmung-beim-frauentagsbrunch\/","name":"Super Stimmung beim Frauentagsbrunch - Paulinenaue","isPartOf":{"@id":"https:\/\/paulinenaue.info\/#website"},"primaryImageOfPage":{"@id":"https:\/\/paulinenaue.info\/index.php\/super-stimmung-beim-frauentagsbrunch\/#primaryimage"},"image":{"@id":"https:\/\/paulinenaue.info\/index.php\/super-stimmung-beim-frauentagsbrunch\/#primaryimage"},"thumbnailUrl":"https:\/\/paulinenaue.info\/wp-content\/uploads\/2026\/03\/image0.jpeg","datePublished":"2026-03-10T10:07:02+00:00","author":{"@id":"https:\/\/paulinenaue.info\/#\/schema\/person\/3f9e818fd7b69b0d2bd937ac506897cc"},"description":"\u201eKr\u00fcgers feiert Frauentag\u201c \u2013 so hie\u00df das Motto zum Frauentag 2026 in Paulinenaue. 40 Paulinenauerinnen folgten der Einladung.","breadcrumb":{"@id":"https:\/\/paulinenaue.info\/index.php\/super-stimmung-beim-frauentagsbrunch\/#breadcrumb"},"inLanguage":"de","potentialAction":[{"@type":"ReadAction","target":["https:\/\/paulinenaue.info\/index.php\/super-stimmung-beim-frauentagsbrunch\/"]}]},{"@type":"ImageObject","inLanguage":"de","@id":"https:\/\/paulinenaue.info\/index.php\/super-stimmung-beim-frauentagsbrunch\/#primaryimage","url":"https:\/\/paulinenaue.info\/wp-content\/uploads\/2026\/03\/image0.jpeg","contentUrl":"https:\/\/paulinenaue.info\/wp-content\/uploads\/2026\/03\/image0.jpeg","width":1000,"height":750},{"@type":"BreadcrumbList","@id":"https:\/\/paulinenaue.info\/index.php\/super-stimmung-beim-frauentagsbrunch\/#breadcrumb","itemListElement":[{"@type":"ListItem","position":1,"name":"Home","item":"https:\/\/paulinenaue.info\/"},{"@type":"ListItem","position":2,"name":"Super Stimmung beim Frauentagsbrunch"}]},{"@type":"WebSite","@id":"https:\/\/paulinenaue.info\/#website","url":"https:\/\/paulinenaue.info\/","name":"Paulinenaue","description":"Ein Dorf im Havelland","potentialAction":[{"@type":"SearchAction","target":{"@type":"EntryPoint","urlTemplate":"https:\/\/paulinenaue.info\/?s={search_term_string}"},"query-input":{"@type":"PropertyValueSpecification","valueRequired":true,"valueName":"search_term_string"}}],"inLanguage":"de"},{"@type":"Person","@id":"https:\/\/paulinenaue.info\/#\/schema\/person\/3f9e818fd7b69b0d2bd937ac506897cc","name":"Joachim Scholz","url":"https:\/\/paulinenaue.info\/index.php\/author\/jjscholz\/"}]}},"jetpack_publicize_connections":[],"jetpack_featured_media_url":"https:\/\/paulinenaue.info\/wp-content\/uploads\/2026\/03\/image0.jpeg","jetpack_sharing_enabled":true,"jetpack_shortlink":"https:\/\/wp.me\/pcYhWA-1L0T","jetpack-related-posts":[{"id":418376,"url":"https:\/\/paulinenaue.info\/index.php\/bier-und-weinfest-in-kruegers-biergarten\/","url_meta":{"origin":419051,"position":0},"title":"Bier- und Weinfest in Kr\u00fcgers Biergarten","author":"Joachim Scholz","date":"5. Oktober 2025","format":false,"excerpt":"\u201eSo voll war es hier noch nie, ja vielleicht fr\u00fcher mal zu Himmelfahrt\u201c, so die Worte von Dieter Blume. Viele Paulinenauer folgten der Einladung von Uwe Kr\u00fcger zum Bier- und Weinfest. Wer in Google Maps nach Kr\u00fcgers Biergarten sucht, findet den Hinweis, dass die Gastst\u00e4tte dauerhaft geschlossen ist. Manche Eintragungen\u2026","rel":"","context":"In &quot;Gastronomie&quot;","block_context":{"text":"Gastronomie","link":"https:\/\/paulinenaue.info\/index.php\/category\/gastronomie\/"},"img":{"alt_text":"","src":"https:\/\/i0.wp.com\/paulinenaue.info\/wp-content\/uploads\/2025\/10\/Bild-5a-scaled.jpg?resize=350%2C200&ssl=1","width":350,"height":200,"srcset":"https:\/\/i0.wp.com\/paulinenaue.info\/wp-content\/uploads\/2025\/10\/Bild-5a-scaled.jpg?resize=350%2C200&ssl=1 1x, https:\/\/i0.wp.com\/paulinenaue.info\/wp-content\/uploads\/2025\/10\/Bild-5a-scaled.jpg?resize=525%2C300&ssl=1 1.5x, https:\/\/i0.wp.com\/paulinenaue.info\/wp-content\/uploads\/2025\/10\/Bild-5a-scaled.jpg?resize=700%2C400&ssl=1 2x, https:\/\/i0.wp.com\/paulinenaue.info\/wp-content\/uploads\/2025\/10\/Bild-5a-scaled.jpg?resize=1050%2C600&ssl=1 3x, https:\/\/i0.wp.com\/paulinenaue.info\/wp-content\/uploads\/2025\/10\/Bild-5a-scaled.jpg?resize=1400%2C800&ssl=1 4x"},"classes":[]},{"id":417805,"url":"https:\/\/paulinenaue.info\/index.php\/auf-dem-gipfel-besucherrekord-beim-eiertrudeln-2025\/","url_meta":{"origin":419051,"position":1},"title":"Auf dem Gipfel:\u00a0Besucherrekord beim Eiertrudeln 2025","author":"Joachim Scholz","date":"21. April 2025","format":false,"excerpt":"","rel":"","context":"In &quot;Ehrenamt&quot;","block_context":{"text":"Ehrenamt","link":"https:\/\/paulinenaue.info\/index.php\/category\/ehrenamt\/"},"img":{"alt_text":"","src":"https:\/\/i0.wp.com\/paulinenaue.info\/wp-content\/uploads\/2025\/04\/2025-04-20-Eiertrudeln-01.jpeg?resize=350%2C200&ssl=1","width":350,"height":200,"srcset":"https:\/\/i0.wp.com\/paulinenaue.info\/wp-content\/uploads\/2025\/04\/2025-04-20-Eiertrudeln-01.jpeg?resize=350%2C200&ssl=1 1x, https:\/\/i0.wp.com\/paulinenaue.info\/wp-content\/uploads\/2025\/04\/2025-04-20-Eiertrudeln-01.jpeg?resize=525%2C300&ssl=1 1.5x, https:\/\/i0.wp.com\/paulinenaue.info\/wp-content\/uploads\/2025\/04\/2025-04-20-Eiertrudeln-01.jpeg?resize=700%2C400&ssl=1 2x"},"classes":[]},{"id":415635,"url":"https:\/\/paulinenaue.info\/index.php\/weihnachtsfeier-der-volkssolidaritaet\/","url_meta":{"origin":419051,"position":2},"title":"Weihnachtsfeier der Volkssolidarit\u00e4t","author":"Sarah","date":"18. Dezember 2023","format":false,"excerpt":"von Helga Henning Die Ortsgruppe der Volkssolidarit\u00e4t hatte am 6.12.2023 zur Weihnachtsfeier alle Seniorinnen und Senioren aus Paulinenaue eingeladen. Die Einladung fand gro\u00dfen Zuspruch, so fanden sich 62\u00a0 Seniorinnen \/ Senioren im Saal des Mehrzweckgeb\u00e4udes zu einem gem\u00fctlichen Nachmittag ein. Als Gast konnte auch Arne Breder, unser B\u00fcrgermeister, begr\u00fc\u00dft werden.\u2026","rel":"","context":"In &quot;Allgemein&quot;","block_context":{"text":"Allgemein","link":"https:\/\/paulinenaue.info\/index.php\/category\/allgemein\/"},"img":{"alt_text":"","src":"https:\/\/i0.wp.com\/paulinenaue.info\/wp-content\/uploads\/2023\/12\/Weihnachtsfeier-Senioren_1.jpg?resize=350%2C200&ssl=1","width":350,"height":200,"srcset":"https:\/\/i0.wp.com\/paulinenaue.info\/wp-content\/uploads\/2023\/12\/Weihnachtsfeier-Senioren_1.jpg?resize=350%2C200&ssl=1 1x, https:\/\/i0.wp.com\/paulinenaue.info\/wp-content\/uploads\/2023\/12\/Weihnachtsfeier-Senioren_1.jpg?resize=525%2C300&ssl=1 1.5x, https:\/\/i0.wp.com\/paulinenaue.info\/wp-content\/uploads\/2023\/12\/Weihnachtsfeier-Senioren_1.jpg?resize=700%2C400&ssl=1 2x, https:\/\/i0.wp.com\/paulinenaue.info\/wp-content\/uploads\/2023\/12\/Weihnachtsfeier-Senioren_1.jpg?resize=1050%2C600&ssl=1 3x, https:\/\/i0.wp.com\/paulinenaue.info\/wp-content\/uploads\/2023\/12\/Weihnachtsfeier-Senioren_1.jpg?resize=1400%2C800&ssl=1 4x"},"classes":[]},{"id":417840,"url":"https:\/\/paulinenaue.info\/index.php\/417840\/","url_meta":{"origin":419051,"position":3},"title":"Eiertrudeln im Paulinenauer Wald \u2013 Ein gelungener Ostersonntag mit den Pauerfrauen","author":"Pauline Hirschberg","date":"21. April 2025","format":false,"excerpt":"Eiertrudeln im Paulinenauer Wald \u2013 Ein gelungener Ostersonntag mit den Pauerfrauen Am Ostersonntag luden die Pauerfrauen zum traditionellen Eiertrudeln in den nahegelegenen Wald ein \u2013 und viele kleine und gro\u00dfe G\u00e4ste folgten der Einladung bei herrlichem Fr\u00fchlingswetter. Insgesamt konnten wir ca. 170 gro\u00dfe und kleine G\u00e4ste sowie 4 Hunde und\u2026","rel":"","context":"In &quot;Ehrenamt&quot;","block_context":{"text":"Ehrenamt","link":"https:\/\/paulinenaue.info\/index.php\/category\/ehrenamt\/"},"img":{"alt_text":"","src":"https:\/\/i0.wp.com\/paulinenaue.info\/wp-content\/uploads\/2025\/04\/IMG-20250421-WA0039.jpg?resize=350%2C200&ssl=1","width":350,"height":200,"srcset":"https:\/\/i0.wp.com\/paulinenaue.info\/wp-content\/uploads\/2025\/04\/IMG-20250421-WA0039.jpg?resize=350%2C200&ssl=1 1x, https:\/\/i0.wp.com\/paulinenaue.info\/wp-content\/uploads\/2025\/04\/IMG-20250421-WA0039.jpg?resize=525%2C300&ssl=1 1.5x, https:\/\/i0.wp.com\/paulinenaue.info\/wp-content\/uploads\/2025\/04\/IMG-20250421-WA0039.jpg?resize=700%2C400&ssl=1 2x, https:\/\/i0.wp.com\/paulinenaue.info\/wp-content\/uploads\/2025\/04\/IMG-20250421-WA0039.jpg?resize=1050%2C600&ssl=1 3x, https:\/\/i0.wp.com\/paulinenaue.info\/wp-content\/uploads\/2025\/04\/IMG-20250421-WA0039.jpg?resize=1400%2C800&ssl=1 4x"},"classes":[]},{"id":416616,"url":"https:\/\/paulinenaue.info\/index.php\/paulinenaues-sommerfest-und-geburtstagsfeier-ein-voller-erfolg\/","url_meta":{"origin":419051,"position":4},"title":"Paulinenaues Sommerfest und\u00a0Geburtstagsfeier \u2013\u00a0ein voller Erfolg","author":"Joachim Scholz","date":"14. Juli 2024","format":false,"excerpt":"Von Eckhard Vierjahn Petrus meinte es gut mit uns. Bei bestem Wetter begann das Sommerfest am 13.07.2024 um 14:00 auf dem kleinen Sportplatz in Paulinenaue und sollte bis in die fr\u00fchen Stunden des n\u00e4chsten Tages andauern. Das Fest im Jahr des 100-j\u00e4hrigen Bestehens von Paulinenaue als selbstst\u00e4ndige Gemeinde war ein\u2026","rel":"","context":"In &quot;Allgemein&quot;","block_context":{"text":"Allgemein","link":"https:\/\/paulinenaue.info\/index.php\/category\/allgemein\/"},"img":{"alt_text":"","src":"https:\/\/i0.wp.com\/paulinenaue.info\/wp-content\/uploads\/2024\/07\/2024-07-13-Dorffest-01.jpeg?resize=350%2C200&ssl=1","width":350,"height":200,"srcset":"https:\/\/i0.wp.com\/paulinenaue.info\/wp-content\/uploads\/2024\/07\/2024-07-13-Dorffest-01.jpeg?resize=350%2C200&ssl=1 1x, https:\/\/i0.wp.com\/paulinenaue.info\/wp-content\/uploads\/2024\/07\/2024-07-13-Dorffest-01.jpeg?resize=525%2C300&ssl=1 1.5x, https:\/\/i0.wp.com\/paulinenaue.info\/wp-content\/uploads\/2024\/07\/2024-07-13-Dorffest-01.jpeg?resize=700%2C400&ssl=1 2x"},"classes":[]},{"id":418693,"url":"https:\/\/paulinenaue.info\/index.php\/rueckblick-auf-die-senioren-weihnachtsfeier-im-mehrzweckgebaeude\/","url_meta":{"origin":419051,"position":5},"title":"R\u00fcckblick auf die Senioren-Weihnachtsfeier im Mehrzweckgeb\u00e4ude","author":"Pauline Hirschberg","date":"5. Dezember 2025","format":false,"excerpt":"Am vergangenen Mittwoch fand im Mehrzweckgeb\u00e4ude in der Professor-Mitscherlich-Allee \u2013 vielen noch als ehemaliges \u201eJugendhaus Paulinenaue\u201c bekannt \u2013 die j\u00e4hrliche Senioren-Weihnachtsfeier statt. Organisiert wurde die Veranstaltung wie gewohnt von der Ortsgruppe der Volkssolidarit\u00e4t, in diesem Jahr jedoch wieder mit tatkr\u00e4ftiger Unterst\u00fctzung der Pauerfrauen. Schon im Vorfeld haben wir Pauerfrauen Pl\u00e4tzchen\u2026","rel":"","context":"In &quot;Ehrenamt&quot;","block_context":{"text":"Ehrenamt","link":"https:\/\/paulinenaue.info\/index.php\/category\/ehrenamt\/"},"img":{"alt_text":"","src":"https:\/\/i0.wp.com\/paulinenaue.info\/wp-content\/uploads\/2025\/12\/IMG-20251203-WA0004.jpg?resize=350%2C200&ssl=1","width":350,"height":200,"srcset":"https:\/\/i0.wp.com\/paulinenaue.info\/wp-content\/uploads\/2025\/12\/IMG-20251203-WA0004.jpg?resize=350%2C200&ssl=1 1x, https:\/\/i0.wp.com\/paulinenaue.info\/wp-content\/uploads\/2025\/12\/IMG-20251203-WA0004.jpg?resize=525%2C300&ssl=1 1.5x, https:\/\/i0.wp.com\/paulinenaue.info\/wp-content\/uploads\/2025\/12\/IMG-20251203-WA0004.jpg?resize=700%2C400&ssl=1 2x, https:\/\/i0.wp.com\/paulinenaue.info\/wp-content\/uploads\/2025\/12\/IMG-20251203-WA0004.jpg?resize=1050%2C600&ssl=1 3x"},"classes":[]}],"_links":{"self":[{"href":"https:\/\/paulinenaue.info\/index.php\/wp-json\/wp\/v2\/posts\/419051","targetHints":{"allow":["GET"]}}],"collection":[{"href":"https:\/\/paulinenaue.info\/index.php\/wp-json\/wp\/v2\/posts"}],"about":[{"href":"https:\/\/paulinenaue.info\/index.php\/wp-json\/wp\/v2\/types\/post"}],"author":[{"embeddable":true,"href":"https:\/\/paulinenaue.info\/index.php\/wp-json\/wp\/v2\/users\/1"}],"replies":[{"embeddable":true,"href":"https:\/\/paulinenaue.info\/index.php\/wp-json\/wp\/v2\/comments?post=419051"}],"version-history":[{"count":1,"href":"https:\/\/paulinenaue.info\/index.php\/wp-json\/wp\/v2\/posts\/419051\/revisions"}],"predecessor-version":[{"id":419054,"href":"https:\/\/paulinenaue.info\/index.php\/wp-json\/wp\/v2\/posts\/419051\/revisions\/419054"}],"wp:featuredmedia":[{"embeddable":true,"href":"https:\/\/paulinenaue.info\/index.php\/wp-json\/wp\/v2\/media\/419052"}],"wp:attachment":[{"href":"https:\/\/paulinenaue.info\/index.php\/wp-json\/wp\/v2\/media?parent=419051"}],"wp:term":[{"taxonomy":"category","embeddable":true,"href":"https:\/\/paulinenaue.info\/index.php\/wp-json\/wp\/v2\/categories?post=419051"},{"taxonomy":"post_tag","embeddable":true,"href":"https:\/\/paulinenaue.info\/index.php\/wp-json\/wp\/v2\/tags?post=419051"}],"curies":[{"name":"wp","href":"https:\/\/api.w.org\/{rel}","templated":true}]}}