{"id":419075,"date":"2007-03-18T12:13:48","date_gmt":"2007-03-18T11:13:48","guid":{"rendered":"https:\/\/paulinenaue.info\/?p=419075"},"modified":"2026-03-11T01:14:28","modified_gmt":"2026-03-11T00:14:28","slug":"schweisserei-goldschmidt-abgerissen","status":"publish","type":"post","link":"https:\/\/paulinenaue.info\/index.php\/schweisserei-goldschmidt-abgerissen\/","title":{"rendered":"Wieder ein Abschied vom alten Paulinenaue \u2013\u00a0Die ehemalige Schwei\u00dferei Goldschmidt wurde abgerissen"},"content":{"rendered":"<p>Mit dem Abriss der ehemaligen Schwei\u00dferei Goldschmidt\/Mosterei Werner hat Paulinenaue wiederum einen seiner pr\u00e4gnantesten Altbauten verloren. Die Bausubstanz der 90j\u00e4hrigen gro\u00dfen alten Dame in der Ruppiner Stra\u00dfe befand sich freilich schon seit vielen Jahren in einem nicht mehr haltbaren Zustand.<\/p>\n\n\t\t<style type=\"text\/css\">\n\t\t\t#gallery-1 {\n\t\t\t\tmargin: auto;\n\t\t\t}\n\t\t\t#gallery-1 .gallery-item {\n\t\t\t\tfloat: left;\n\t\t\t\tmargin-top: 10px;\n\t\t\t\ttext-align: center;\n\t\t\t\twidth: 33%;\n\t\t\t}\n\t\t\t#gallery-1 img {\n\t\t\t\tborder: 2px solid #cfcfcf;\n\t\t\t}\n\t\t\t#gallery-1 .gallery-caption {\n\t\t\t\tmargin-left: 0;\n\t\t\t}\n\t\t\t\/* see gallery_shortcode() in wp-includes\/media.php *\/\n\t\t<\/style>\n\t\t<div data-carousel-extra='{&quot;blog_id&quot;:1,&quot;permalink&quot;:&quot;https:\/\/paulinenaue.info\/index.php\/schweisserei-goldschmidt-abgerissen\/&quot;}' id='gallery-1' class='gallery galleryid-419075 gallery-columns-3 gallery-size-thumbnail'><dl class='gallery-item'>\n\t\t\t<dt class='gallery-icon landscape'>\n\t\t\t\t<a data-rel=\"iLightbox[postimages]\" data-title=\"Abriss der Schwei\u00dferei Goldschmidt\" data-caption=\"05.03.2007\" href='https:\/\/paulinenaue.info\/index.php\/schweisserei-goldschmidt-abgerissen\/abriss-der-schweisserei-goldschmidt\/'><img decoding=\"async\" width=\"150\" height=\"150\" src=\"https:\/\/paulinenaue.info\/wp-content\/uploads\/2026\/03\/2007-03-05-Abriss-Schweisserei-Goldschmidt-07-150x150.jpeg\" class=\"attachment-thumbnail size-thumbnail lazyload\" alt=\"\" aria-describedby=\"gallery-1-419079\" srcset=\"data:image\/svg+xml,%3Csvg%20xmlns%3D%27http%3A%2F%2Fwww.w3.org%2F2000%2Fsvg%27%20width%3D%271000%27%20height%3D%27671%27%20viewBox%3D%270%200%201000%20671%27%3E%3Crect%20width%3D%271000%27%20height%3D%27671%27%20fill-opacity%3D%220%22%2F%3E%3C%2Fsvg%3E\" data-orig-src=\"https:\/\/paulinenaue.info\/wp-content\/uploads\/2026\/03\/2007-03-05-Abriss-Schweisserei-Goldschmidt-07-150x150.jpeg\" data-srcset=\"https:\/\/paulinenaue.info\/wp-content\/uploads\/2026\/03\/2007-03-05-Abriss-Schweisserei-Goldschmidt-07-66x66.jpeg 66w, https:\/\/paulinenaue.info\/wp-content\/uploads\/2026\/03\/2007-03-05-Abriss-Schweisserei-Goldschmidt-07-150x150.jpeg 150w\" data-sizes=\"auto\" data-attachment-id=\"419079\" data-permalink=\"https:\/\/paulinenaue.info\/index.php\/schweisserei-goldschmidt-abgerissen\/abriss-der-schweisserei-goldschmidt\/\" data-orig-file=\"https:\/\/paulinenaue.info\/wp-content\/uploads\/2026\/03\/2007-03-05-Abriss-Schweisserei-Goldschmidt-07.jpeg\" data-orig-size=\"1000,671\" data-comments-opened=\"1\" data-image-meta=\"{&quot;aperture&quot;:&quot;0&quot;,&quot;credit&quot;:&quot;&quot;,&quot;camera&quot;:&quot;SP-3000&quot;,&quot;caption&quot;:&quot;Abriss der Schwei\\u00dferei Goldschmidt&quot;,&quot;created_timestamp&quot;:&quot;1173091524&quot;,&quot;copyright&quot;:&quot;&quot;,&quot;focal_length&quot;:&quot;0&quot;,&quot;iso&quot;:&quot;0&quot;,&quot;shutter_speed&quot;:&quot;0&quot;,&quot;title&quot;:&quot;Abriss der Schwei\\u00dferei Goldschmidt&quot;,&quot;orientation&quot;:&quot;1&quot;}\" data-image-title=\"Abriss der Schwei\u00dferei Goldschmidt\" data-image-description=\"\" data-image-caption=\"&lt;p&gt;05.03.2007&lt;\/p&gt;\n\" data-large-file=\"https:\/\/paulinenaue.info\/wp-content\/uploads\/2026\/03\/2007-03-05-Abriss-Schweisserei-Goldschmidt-07.jpeg\" \/><\/a>\n\t\t\t<\/dt>\n\t\t\t\t<dd class='wp-caption-text gallery-caption' id='gallery-1-419079'>\n\t\t\t\t05.03.2007\n\t\t\t\t<\/dd><\/dl><dl class='gallery-item'>\n\t\t\t<dt class='gallery-icon landscape'>\n\t\t\t\t<a data-rel=\"iLightbox[postimages]\" data-title=\"Abriss der ehemaligen Schwei\u00dferei Goldschmidt am 6. M\u00e4rz 2007\" data-caption=\"06.03.2007\" href='https:\/\/paulinenaue.info\/index.php\/schweisserei-goldschmidt-abgerissen\/abriss-der-ehemaligen-schweisserei-goldschmidt-am-6-maerz-2007-2\/'><img decoding=\"async\" width=\"150\" height=\"150\" src=\"https:\/\/paulinenaue.info\/wp-content\/uploads\/2026\/03\/2007-03-06-Abriss-Schweisserei-Goldschmidt-02-150x150.jpeg\" class=\"attachment-thumbnail size-thumbnail lazyload\" alt=\"\" aria-describedby=\"gallery-1-419080\" srcset=\"data:image\/svg+xml,%3Csvg%20xmlns%3D%27http%3A%2F%2Fwww.w3.org%2F2000%2Fsvg%27%20width%3D%271000%27%20height%3D%27671%27%20viewBox%3D%270%200%201000%20671%27%3E%3Crect%20width%3D%271000%27%20height%3D%27671%27%20fill-opacity%3D%220%22%2F%3E%3C%2Fsvg%3E\" data-orig-src=\"https:\/\/paulinenaue.info\/wp-content\/uploads\/2026\/03\/2007-03-06-Abriss-Schweisserei-Goldschmidt-02-150x150.jpeg\" data-srcset=\"https:\/\/paulinenaue.info\/wp-content\/uploads\/2026\/03\/2007-03-06-Abriss-Schweisserei-Goldschmidt-02-66x66.jpeg 66w, https:\/\/paulinenaue.info\/wp-content\/uploads\/2026\/03\/2007-03-06-Abriss-Schweisserei-Goldschmidt-02-150x150.jpeg 150w\" data-sizes=\"auto\" data-attachment-id=\"419080\" data-permalink=\"https:\/\/paulinenaue.info\/index.php\/schweisserei-goldschmidt-abgerissen\/abriss-der-ehemaligen-schweisserei-goldschmidt-am-6-maerz-2007-2\/\" data-orig-file=\"https:\/\/paulinenaue.info\/wp-content\/uploads\/2026\/03\/2007-03-06-Abriss-Schweisserei-Goldschmidt-02.jpeg\" data-orig-size=\"1000,671\" data-comments-opened=\"1\" data-image-meta=\"{&quot;aperture&quot;:&quot;0&quot;,&quot;credit&quot;:&quot;&quot;,&quot;camera&quot;:&quot;SP-3000&quot;,&quot;caption&quot;:&quot;Abriss der ehemaligen Schwei\\u00dferei Goldschmidt am 6. M\\u00e4rz 2007&quot;,&quot;created_timestamp&quot;:&quot;1173176924&quot;,&quot;copyright&quot;:&quot;&quot;,&quot;focal_length&quot;:&quot;0&quot;,&quot;iso&quot;:&quot;0&quot;,&quot;shutter_speed&quot;:&quot;0&quot;,&quot;title&quot;:&quot;Abriss der ehemaligen Schwei\\u00dferei Goldschmidt am 6. M\\u00e4rz 2007&quot;,&quot;orientation&quot;:&quot;1&quot;}\" data-image-title=\"Abriss der ehemaligen Schwei\u00dferei Goldschmidt am 6. M\u00e4rz 2007\" data-image-description=\"\" data-image-caption=\"&lt;p&gt;06.03.2007&lt;\/p&gt;\n\" data-large-file=\"https:\/\/paulinenaue.info\/wp-content\/uploads\/2026\/03\/2007-03-06-Abriss-Schweisserei-Goldschmidt-02.jpeg\" \/><\/a>\n\t\t\t<\/dt>\n\t\t\t\t<dd class='wp-caption-text gallery-caption' id='gallery-1-419080'>\n\t\t\t\t06.03.2007\n\t\t\t\t<\/dd><\/dl><dl class='gallery-item'>\n\t\t\t<dt class='gallery-icon landscape'>\n\t\t\t\t<a data-rel=\"iLightbox[postimages]\" data-title=\"Abriss der ehemaligen Schwei\u00dferei Goldschmidt\" data-caption=\"07.03.2007\" href='https:\/\/paulinenaue.info\/index.php\/schweisserei-goldschmidt-abgerissen\/abriss-der-ehemaligen-schweisserei-goldschmidt\/'><img decoding=\"async\" width=\"150\" height=\"150\" src=\"https:\/\/paulinenaue.info\/wp-content\/uploads\/2026\/03\/2007-03-07-Abriss-Schweisserei-Goldschmidt-23-150x150.jpeg\" class=\"attachment-thumbnail size-thumbnail lazyload\" alt=\"\" aria-describedby=\"gallery-1-419081\" srcset=\"data:image\/svg+xml,%3Csvg%20xmlns%3D%27http%3A%2F%2Fwww.w3.org%2F2000%2Fsvg%27%20width%3D%271000%27%20height%3D%27671%27%20viewBox%3D%270%200%201000%20671%27%3E%3Crect%20width%3D%271000%27%20height%3D%27671%27%20fill-opacity%3D%220%22%2F%3E%3C%2Fsvg%3E\" data-orig-src=\"https:\/\/paulinenaue.info\/wp-content\/uploads\/2026\/03\/2007-03-07-Abriss-Schweisserei-Goldschmidt-23-150x150.jpeg\" data-srcset=\"https:\/\/paulinenaue.info\/wp-content\/uploads\/2026\/03\/2007-03-07-Abriss-Schweisserei-Goldschmidt-23-66x66.jpeg 66w, https:\/\/paulinenaue.info\/wp-content\/uploads\/2026\/03\/2007-03-07-Abriss-Schweisserei-Goldschmidt-23-150x150.jpeg 150w\" data-sizes=\"auto\" data-attachment-id=\"419081\" data-permalink=\"https:\/\/paulinenaue.info\/index.php\/schweisserei-goldschmidt-abgerissen\/abriss-der-ehemaligen-schweisserei-goldschmidt\/\" data-orig-file=\"https:\/\/paulinenaue.info\/wp-content\/uploads\/2026\/03\/2007-03-07-Abriss-Schweisserei-Goldschmidt-23.jpeg\" data-orig-size=\"1000,671\" data-comments-opened=\"1\" data-image-meta=\"{&quot;aperture&quot;:&quot;0&quot;,&quot;credit&quot;:&quot;&quot;,&quot;camera&quot;:&quot;SP-3000&quot;,&quot;caption&quot;:&quot;Abriss der ehemaligen Schwei\\u00dferei Goldschmidt&quot;,&quot;created_timestamp&quot;:&quot;1173263723&quot;,&quot;copyright&quot;:&quot;&quot;,&quot;focal_length&quot;:&quot;0&quot;,&quot;iso&quot;:&quot;0&quot;,&quot;shutter_speed&quot;:&quot;0&quot;,&quot;title&quot;:&quot;Abriss der ehemaligen Schwei\\u00dferei Goldschmidt&quot;,&quot;orientation&quot;:&quot;1&quot;}\" data-image-title=\"Abriss der ehemaligen Schwei\u00dferei Goldschmidt\" data-image-description=\"\" data-image-caption=\"&lt;p&gt;07.03.2007&lt;\/p&gt;\n\" data-large-file=\"https:\/\/paulinenaue.info\/wp-content\/uploads\/2026\/03\/2007-03-07-Abriss-Schweisserei-Goldschmidt-23.jpeg\" \/><\/a>\n\t\t\t<\/dt>\n\t\t\t\t<dd class='wp-caption-text gallery-caption' id='gallery-1-419081'>\n\t\t\t\t07.03.2007\n\t\t\t\t<\/dd><\/dl><br style=\"clear: both\" \/>\n\t\t<\/div>\n\n<p class=\"p1\">Das Geb\u00e4ude, das der Chemiker\u00a0<a href=\"https:\/\/de.wikipedia.org\/wiki\/Hans_Goldschmidt_(Chemiker)\">Johannes (Hans) Goldschmidt<\/a> als neuer Gutsbesitzer von Paulinenaue gegen Ende des Ersten Weltkriegs errichten lie\u00df, steht mit einer ber\u00fchmten Erfindung in Zusammenhang \u2013 dem Thermitschwei\u00dfverfahren, mit dem man Eisenbahnschienen verbindet. Sp\u00e4ter war hier eine Mosterei untergebracht. In den beiden \u00e4u\u00dferen Fl\u00fcgeln befanden sich Wohnungen, die noch bis nach der Wende genutzt wurden. Der prominenteste Bewohner der alten Schwei\u00dferei allerdings lebte hier nur saisonweise. Ob der Paulinenauer Storch sein l\u00e4ngst errichtetes Ausweichquartier in der Jahnstra\u00dfe in diesem Jahr beziehen wird, ist noch ungewiss.<\/p>\n<div id=\"attachment_419076\" style=\"width: 610px\" class=\"wp-caption alignnone\"><a href=\"https:\/\/paulinenaue.info\/wp-content\/uploads\/2026\/03\/2004-04-10-Storch-auf-der-Schweisserei-Goldschmidt.jpeg\"><img decoding=\"async\" aria-describedby=\"caption-attachment-419076\" data-attachment-id=\"419076\" data-permalink=\"https:\/\/paulinenaue.info\/index.php\/schweisserei-goldschmidt-abgerissen\/2004-04-10-storch-auf-der-schweisserei-goldschmidt\/\" data-orig-file=\"https:\/\/paulinenaue.info\/wp-content\/uploads\/2026\/03\/2004-04-10-Storch-auf-der-Schweisserei-Goldschmidt.jpeg\" data-orig-size=\"1000,750\" data-comments-opened=\"1\" data-image-meta=\"{&quot;aperture&quot;:&quot;9&quot;,&quot;credit&quot;:&quot;&quot;,&quot;camera&quot;:&quot;DSC-P72&quot;,&quot;caption&quot;:&quot;&quot;,&quot;created_timestamp&quot;:&quot;1081609240&quot;,&quot;copyright&quot;:&quot;&quot;,&quot;focal_length&quot;:&quot;13.5&quot;,&quot;iso&quot;:&quot;100&quot;,&quot;shutter_speed&quot;:&quot;0.003125&quot;,&quot;title&quot;:&quot;&quot;,&quot;orientation&quot;:&quot;1&quot;}\" data-image-title=\"2004-04-10, Storch auf der Schweisserei Goldschmidt\" data-image-description=\"\" data-image-caption=\"\" data-large-file=\"https:\/\/paulinenaue.info\/wp-content\/uploads\/2026\/03\/2004-04-10-Storch-auf-der-Schweisserei-Goldschmidt.jpeg\" class=\"lazyload wp-image-419076 size-fusion-600\" src=\"https:\/\/paulinenaue.info\/wp-content\/uploads\/2026\/03\/2004-04-10-Storch-auf-der-Schweisserei-Goldschmidt-600x450.jpeg\" data-orig-src=\"https:\/\/paulinenaue.info\/wp-content\/uploads\/2026\/03\/2004-04-10-Storch-auf-der-Schweisserei-Goldschmidt-600x450.jpeg\" alt=\"\" width=\"600\" height=\"450\" srcset=\"data:image\/svg+xml,%3Csvg%20xmlns%3D%27http%3A%2F%2Fwww.w3.org%2F2000%2Fsvg%27%20width%3D%27600%27%20height%3D%27450%27%20viewBox%3D%270%200%20600%20450%27%3E%3Crect%20width%3D%27600%27%20height%3D%27450%27%20fill-opacity%3D%220%22%2F%3E%3C%2Fsvg%3E\" data-srcset=\"https:\/\/paulinenaue.info\/wp-content\/uploads\/2026\/03\/2004-04-10-Storch-auf-der-Schweisserei-Goldschmidt-200x150.jpeg 200w, https:\/\/paulinenaue.info\/wp-content\/uploads\/2026\/03\/2004-04-10-Storch-auf-der-Schweisserei-Goldschmidt-300x225.jpeg 300w, https:\/\/paulinenaue.info\/wp-content\/uploads\/2026\/03\/2004-04-10-Storch-auf-der-Schweisserei-Goldschmidt-400x300.jpeg 400w, https:\/\/paulinenaue.info\/wp-content\/uploads\/2026\/03\/2004-04-10-Storch-auf-der-Schweisserei-Goldschmidt-600x450.jpeg 600w, https:\/\/paulinenaue.info\/wp-content\/uploads\/2026\/03\/2004-04-10-Storch-auf-der-Schweisserei-Goldschmidt-768x576.jpeg 768w, https:\/\/paulinenaue.info\/wp-content\/uploads\/2026\/03\/2004-04-10-Storch-auf-der-Schweisserei-Goldschmidt-800x600.jpeg 800w, https:\/\/paulinenaue.info\/wp-content\/uploads\/2026\/03\/2004-04-10-Storch-auf-der-Schweisserei-Goldschmidt.jpeg 1000w\" data-sizes=\"auto\" data-orig-sizes=\"(max-width: 600px) 100vw, 600px\" \/><\/a><p id=\"caption-attachment-419076\" class=\"wp-caption-text\"><em>Das Paulinenauer Storchenpaar auf dem Dach der alten Schwei\u00dferei im April 2004. Ihr neues Nest in der Jahnstra\u00dfe haben die V\u00f6gel bislang verschm\u00e4ht. Foto: J. Scholz.<\/em><\/p><\/div>\n","protected":false},"excerpt":{"rendered":"<p>Mit dem Abriss der ehemaligen Schwei\u00dferei Goldschmidt\/Mosterei Werner hat Paulinenaue [&hellip;]<\/p>\n","protected":false},"author":1,"featured_media":419078,"comment_status":"open","ping_status":"open","sticky":false,"template":"","format":"standard","meta":{"_acf_changed":false,"_price":"","_stock":"","_tribe_ticket_header":"","_tribe_default_ticket_provider":"","_tribe_ticket_capacity":"","_ticket_start_date":"","_ticket_end_date":"","_tribe_ticket_show_description":"","_tribe_ticket_show_not_going":false,"_tribe_ticket_use_global_stock":"","_tribe_ticket_global_stock_level":"","_global_stock_mode":"","_global_stock_cap":"","_tribe_rsvp_for_event":"","_tribe_ticket_going_count":"","_tribe_ticket_not_going_count":"","_tribe_tickets_list":"[]","_tribe_ticket_has_attendee_info_fields":false,"jetpack_post_was_ever_published":false,"_jetpack_newsletter_access":"","_jetpack_dont_email_post_to_subs":false,"_jetpack_newsletter_tier_id":0,"_jetpack_memberships_contains_paywalled_content":false,"_jetpack_memberships_contains_paid_content":false,"footnotes":"","jetpack_publicize_message":"","jetpack_publicize_feature_enabled":true,"jetpack_social_post_already_shared":true,"jetpack_social_options":{"image_generator_settings":{"template":"highway","default_image_id":0,"font":"","enabled":false},"version":2}},"categories":[1,40,7,526],"tags":[671,670,266,23],"class_list":["post-419075","post","type-post","status-publish","format-standard","has-post-thumbnail","hentry","category-allgemein","category-dorfentwicklung","category-historie","category-ortsgeschichte","tag-abrisse","tag-mosterei-werner","tag-schweisserei-goldschmidt","tag-storch"],"acf":[],"yoast_head":"<!-- This site is optimized with the Yoast SEO plugin v27.5 - https:\/\/yoast.com\/product\/yoast-seo-wordpress\/ -->\n<title>- Paulinenaue<\/title>\n<meta name=\"description\" content=\"Mit der ehemaligen Schwei\u00dferei Goldschmidt hat Paulinenaue 2007 wieder einen pr\u00e4gnanten Altbauten verloren.\" \/>\n<meta name=\"robots\" content=\"index, follow, max-snippet:-1, max-image-preview:large, max-video-preview:-1\" \/>\n<link rel=\"canonical\" href=\"https:\/\/paulinenaue.info\/index.php\/schweisserei-goldschmidt-abgerissen\/\" \/>\n<meta property=\"og:locale\" content=\"de_DE\" \/>\n<meta property=\"og:type\" content=\"article\" \/>\n<meta property=\"og:title\" content=\"- Paulinenaue\" \/>\n<meta property=\"og:description\" content=\"Mit der ehemaligen Schwei\u00dferei Goldschmidt hat Paulinenaue 2007 wieder einen pr\u00e4gnanten Altbauten verloren.\" \/>\n<meta property=\"og:url\" content=\"https:\/\/paulinenaue.info\/index.php\/schweisserei-goldschmidt-abgerissen\/\" \/>\n<meta property=\"og:site_name\" content=\"Paulinenaue\" \/>\n<meta property=\"article:published_time\" content=\"2007-03-18T11:13:48+00:00\" \/>\n<meta property=\"article:modified_time\" content=\"2026-03-11T00:14:28+00:00\" \/>\n<meta property=\"og:image\" content=\"https:\/\/paulinenaue.info\/wp-content\/uploads\/2026\/03\/2007-03-06-Abriss-Schweisserei-Goldschmidt-04.jpeg\" \/>\n\t<meta property=\"og:image:width\" content=\"1000\" \/>\n\t<meta property=\"og:image:height\" content=\"671\" \/>\n\t<meta property=\"og:image:type\" content=\"image\/jpeg\" \/>\n<meta name=\"author\" content=\"Joachim Scholz\" \/>\n<meta name=\"twitter:card\" content=\"summary_large_image\" \/>\n<meta name=\"twitter:label1\" content=\"Verfasst von\" \/>\n\t<meta name=\"twitter:data1\" content=\"Joachim Scholz\" \/>\n\t<meta name=\"twitter:label2\" content=\"Gesch\u00e4tzte Lesezeit\" \/>\n\t<meta name=\"twitter:data2\" content=\"2\u00a0Minuten\" \/>\n<script type=\"application\/ld+json\" class=\"yoast-schema-graph\">{\"@context\":\"https:\\\/\\\/schema.org\",\"@graph\":[{\"@type\":\"Article\",\"@id\":\"https:\\\/\\\/paulinenaue.info\\\/index.php\\\/schweisserei-goldschmidt-abgerissen\\\/#article\",\"isPartOf\":{\"@id\":\"https:\\\/\\\/paulinenaue.info\\\/index.php\\\/schweisserei-goldschmidt-abgerissen\\\/\"},\"author\":{\"name\":\"Joachim Scholz\",\"@id\":\"https:\\\/\\\/paulinenaue.info\\\/#\\\/schema\\\/person\\\/3f9e818fd7b69b0d2bd937ac506897cc\"},\"headline\":\"Wieder ein Abschied vom alten Paulinenaue \u2013\u00a0Die ehemalige Schwei\u00dferei Goldschmidt wurde abgerissen\",\"datePublished\":\"2007-03-18T11:13:48+00:00\",\"dateModified\":\"2026-03-11T00:14:28+00:00\",\"mainEntityOfPage\":{\"@id\":\"https:\\\/\\\/paulinenaue.info\\\/index.php\\\/schweisserei-goldschmidt-abgerissen\\\/\"},\"wordCount\":192,\"commentCount\":0,\"image\":{\"@id\":\"https:\\\/\\\/paulinenaue.info\\\/index.php\\\/schweisserei-goldschmidt-abgerissen\\\/#primaryimage\"},\"thumbnailUrl\":\"https:\\\/\\\/paulinenaue.info\\\/wp-content\\\/uploads\\\/2026\\\/03\\\/2007-03-06-Abriss-Schweisserei-Goldschmidt-04.jpeg\",\"keywords\":[\"Abrisse\",\"Mosterei Werner\",\"Schwei\u00dferei Goldschmidt\",\"Storch\"],\"articleSection\":{\"1\":\"Dorfentwicklung\",\"2\":\"Historie\",\"3\":\"Ortsgeschichte\"},\"inLanguage\":\"de\",\"potentialAction\":[{\"@type\":\"CommentAction\",\"name\":\"Comment\",\"target\":[\"https:\\\/\\\/paulinenaue.info\\\/index.php\\\/schweisserei-goldschmidt-abgerissen\\\/#respond\"]}]},{\"@type\":\"WebPage\",\"@id\":\"https:\\\/\\\/paulinenaue.info\\\/index.php\\\/schweisserei-goldschmidt-abgerissen\\\/\",\"url\":\"https:\\\/\\\/paulinenaue.info\\\/index.php\\\/schweisserei-goldschmidt-abgerissen\\\/\",\"name\":\"- Paulinenaue\",\"isPartOf\":{\"@id\":\"https:\\\/\\\/paulinenaue.info\\\/#website\"},\"primaryImageOfPage\":{\"@id\":\"https:\\\/\\\/paulinenaue.info\\\/index.php\\\/schweisserei-goldschmidt-abgerissen\\\/#primaryimage\"},\"image\":{\"@id\":\"https:\\\/\\\/paulinenaue.info\\\/index.php\\\/schweisserei-goldschmidt-abgerissen\\\/#primaryimage\"},\"thumbnailUrl\":\"https:\\\/\\\/paulinenaue.info\\\/wp-content\\\/uploads\\\/2026\\\/03\\\/2007-03-06-Abriss-Schweisserei-Goldschmidt-04.jpeg\",\"datePublished\":\"2007-03-18T11:13:48+00:00\",\"dateModified\":\"2026-03-11T00:14:28+00:00\",\"author\":{\"@id\":\"https:\\\/\\\/paulinenaue.info\\\/#\\\/schema\\\/person\\\/3f9e818fd7b69b0d2bd937ac506897cc\"},\"description\":\"Mit der ehemaligen Schwei\u00dferei Goldschmidt hat Paulinenaue 2007 wieder einen pr\u00e4gnanten Altbauten verloren.\",\"breadcrumb\":{\"@id\":\"https:\\\/\\\/paulinenaue.info\\\/index.php\\\/schweisserei-goldschmidt-abgerissen\\\/#breadcrumb\"},\"inLanguage\":\"de\",\"potentialAction\":[{\"@type\":\"ReadAction\",\"target\":[\"https:\\\/\\\/paulinenaue.info\\\/index.php\\\/schweisserei-goldschmidt-abgerissen\\\/\"]}]},{\"@type\":\"ImageObject\",\"inLanguage\":\"de\",\"@id\":\"https:\\\/\\\/paulinenaue.info\\\/index.php\\\/schweisserei-goldschmidt-abgerissen\\\/#primaryimage\",\"url\":\"https:\\\/\\\/paulinenaue.info\\\/wp-content\\\/uploads\\\/2026\\\/03\\\/2007-03-06-Abriss-Schweisserei-Goldschmidt-04.jpeg\",\"contentUrl\":\"https:\\\/\\\/paulinenaue.info\\\/wp-content\\\/uploads\\\/2026\\\/03\\\/2007-03-06-Abriss-Schweisserei-Goldschmidt-04.jpeg\",\"width\":1000,\"height\":671,\"caption\":\"Abriss der ehemaligen Schwei\u00dferei Goldschmidt am 6. M\u00e4rz 2007\"},{\"@type\":\"BreadcrumbList\",\"@id\":\"https:\\\/\\\/paulinenaue.info\\\/index.php\\\/schweisserei-goldschmidt-abgerissen\\\/#breadcrumb\",\"itemListElement\":[{\"@type\":\"ListItem\",\"position\":1,\"name\":\"Home\",\"item\":\"https:\\\/\\\/paulinenaue.info\\\/\"},{\"@type\":\"ListItem\",\"position\":2,\"name\":\"Wieder ein Abschied vom alten Paulinenaue \u2013\u00a0Die ehemalige Schwei\u00dferei Goldschmidt wurde abgerissen\"}]},{\"@type\":\"WebSite\",\"@id\":\"https:\\\/\\\/paulinenaue.info\\\/#website\",\"url\":\"https:\\\/\\\/paulinenaue.info\\\/\",\"name\":\"Paulinenaue\",\"description\":\"Ein Dorf im Havelland\",\"potentialAction\":[{\"@type\":\"SearchAction\",\"target\":{\"@type\":\"EntryPoint\",\"urlTemplate\":\"https:\\\/\\\/paulinenaue.info\\\/?s={search_term_string}\"},\"query-input\":{\"@type\":\"PropertyValueSpecification\",\"valueRequired\":true,\"valueName\":\"search_term_string\"}}],\"inLanguage\":\"de\"},{\"@type\":\"Person\",\"@id\":\"https:\\\/\\\/paulinenaue.info\\\/#\\\/schema\\\/person\\\/3f9e818fd7b69b0d2bd937ac506897cc\",\"name\":\"Joachim Scholz\",\"url\":\"https:\\\/\\\/paulinenaue.info\\\/index.php\\\/author\\\/jjscholz\\\/\"}]}<\/script>\n<!-- \/ Yoast SEO plugin. -->","yoast_head_json":{"title":"- Paulinenaue","description":"Mit der ehemaligen Schwei\u00dferei Goldschmidt hat Paulinenaue 2007 wieder einen pr\u00e4gnanten Altbauten verloren.","robots":{"index":"index","follow":"follow","max-snippet":"max-snippet:-1","max-image-preview":"max-image-preview:large","max-video-preview":"max-video-preview:-1"},"canonical":"https:\/\/paulinenaue.info\/index.php\/schweisserei-goldschmidt-abgerissen\/","og_locale":"de_DE","og_type":"article","og_title":"- Paulinenaue","og_description":"Mit der ehemaligen Schwei\u00dferei Goldschmidt hat Paulinenaue 2007 wieder einen pr\u00e4gnanten Altbauten verloren.","og_url":"https:\/\/paulinenaue.info\/index.php\/schweisserei-goldschmidt-abgerissen\/","og_site_name":"Paulinenaue","article_published_time":"2007-03-18T11:13:48+00:00","article_modified_time":"2026-03-11T00:14:28+00:00","og_image":[{"width":1000,"height":671,"url":"https:\/\/paulinenaue.info\/wp-content\/uploads\/2026\/03\/2007-03-06-Abriss-Schweisserei-Goldschmidt-04.jpeg","type":"image\/jpeg"}],"author":"Joachim Scholz","twitter_card":"summary_large_image","twitter_misc":{"Verfasst von":"Joachim Scholz","Gesch\u00e4tzte Lesezeit":"2\u00a0Minuten"},"schema":{"@context":"https:\/\/schema.org","@graph":[{"@type":"Article","@id":"https:\/\/paulinenaue.info\/index.php\/schweisserei-goldschmidt-abgerissen\/#article","isPartOf":{"@id":"https:\/\/paulinenaue.info\/index.php\/schweisserei-goldschmidt-abgerissen\/"},"author":{"name":"Joachim Scholz","@id":"https:\/\/paulinenaue.info\/#\/schema\/person\/3f9e818fd7b69b0d2bd937ac506897cc"},"headline":"Wieder ein Abschied vom alten Paulinenaue \u2013\u00a0Die ehemalige Schwei\u00dferei Goldschmidt wurde abgerissen","datePublished":"2007-03-18T11:13:48+00:00","dateModified":"2026-03-11T00:14:28+00:00","mainEntityOfPage":{"@id":"https:\/\/paulinenaue.info\/index.php\/schweisserei-goldschmidt-abgerissen\/"},"wordCount":192,"commentCount":0,"image":{"@id":"https:\/\/paulinenaue.info\/index.php\/schweisserei-goldschmidt-abgerissen\/#primaryimage"},"thumbnailUrl":"https:\/\/paulinenaue.info\/wp-content\/uploads\/2026\/03\/2007-03-06-Abriss-Schweisserei-Goldschmidt-04.jpeg","keywords":["Abrisse","Mosterei Werner","Schwei\u00dferei Goldschmidt","Storch"],"articleSection":{"1":"Dorfentwicklung","2":"Historie","3":"Ortsgeschichte"},"inLanguage":"de","potentialAction":[{"@type":"CommentAction","name":"Comment","target":["https:\/\/paulinenaue.info\/index.php\/schweisserei-goldschmidt-abgerissen\/#respond"]}]},{"@type":"WebPage","@id":"https:\/\/paulinenaue.info\/index.php\/schweisserei-goldschmidt-abgerissen\/","url":"https:\/\/paulinenaue.info\/index.php\/schweisserei-goldschmidt-abgerissen\/","name":"- Paulinenaue","isPartOf":{"@id":"https:\/\/paulinenaue.info\/#website"},"primaryImageOfPage":{"@id":"https:\/\/paulinenaue.info\/index.php\/schweisserei-goldschmidt-abgerissen\/#primaryimage"},"image":{"@id":"https:\/\/paulinenaue.info\/index.php\/schweisserei-goldschmidt-abgerissen\/#primaryimage"},"thumbnailUrl":"https:\/\/paulinenaue.info\/wp-content\/uploads\/2026\/03\/2007-03-06-Abriss-Schweisserei-Goldschmidt-04.jpeg","datePublished":"2007-03-18T11:13:48+00:00","dateModified":"2026-03-11T00:14:28+00:00","author":{"@id":"https:\/\/paulinenaue.info\/#\/schema\/person\/3f9e818fd7b69b0d2bd937ac506897cc"},"description":"Mit der ehemaligen Schwei\u00dferei Goldschmidt hat Paulinenaue 2007 wieder einen pr\u00e4gnanten Altbauten verloren.","breadcrumb":{"@id":"https:\/\/paulinenaue.info\/index.php\/schweisserei-goldschmidt-abgerissen\/#breadcrumb"},"inLanguage":"de","potentialAction":[{"@type":"ReadAction","target":["https:\/\/paulinenaue.info\/index.php\/schweisserei-goldschmidt-abgerissen\/"]}]},{"@type":"ImageObject","inLanguage":"de","@id":"https:\/\/paulinenaue.info\/index.php\/schweisserei-goldschmidt-abgerissen\/#primaryimage","url":"https:\/\/paulinenaue.info\/wp-content\/uploads\/2026\/03\/2007-03-06-Abriss-Schweisserei-Goldschmidt-04.jpeg","contentUrl":"https:\/\/paulinenaue.info\/wp-content\/uploads\/2026\/03\/2007-03-06-Abriss-Schweisserei-Goldschmidt-04.jpeg","width":1000,"height":671,"caption":"Abriss der ehemaligen Schwei\u00dferei Goldschmidt am 6. M\u00e4rz 2007"},{"@type":"BreadcrumbList","@id":"https:\/\/paulinenaue.info\/index.php\/schweisserei-goldschmidt-abgerissen\/#breadcrumb","itemListElement":[{"@type":"ListItem","position":1,"name":"Home","item":"https:\/\/paulinenaue.info\/"},{"@type":"ListItem","position":2,"name":"Wieder ein Abschied vom alten Paulinenaue \u2013\u00a0Die ehemalige Schwei\u00dferei Goldschmidt wurde abgerissen"}]},{"@type":"WebSite","@id":"https:\/\/paulinenaue.info\/#website","url":"https:\/\/paulinenaue.info\/","name":"Paulinenaue","description":"Ein Dorf im Havelland","potentialAction":[{"@type":"SearchAction","target":{"@type":"EntryPoint","urlTemplate":"https:\/\/paulinenaue.info\/?s={search_term_string}"},"query-input":{"@type":"PropertyValueSpecification","valueRequired":true,"valueName":"search_term_string"}}],"inLanguage":"de"},{"@type":"Person","@id":"https:\/\/paulinenaue.info\/#\/schema\/person\/3f9e818fd7b69b0d2bd937ac506897cc","name":"Joachim Scholz","url":"https:\/\/paulinenaue.info\/index.php\/author\/jjscholz\/"}]}},"jetpack_publicize_connections":[],"jetpack_featured_media_url":"https:\/\/paulinenaue.info\/wp-content\/uploads\/2026\/03\/2007-03-06-Abriss-Schweisserei-Goldschmidt-04.jpeg","jetpack_sharing_enabled":true,"jetpack_shortlink":"https:\/\/wp.me\/pcYhWA-1L1h","jetpack-related-posts":[{"id":6533,"url":"https:\/\/paulinenaue.info\/index.php\/abriss-der-brennerei-auf-dem-gutshof\/","url_meta":{"origin":419075,"position":0},"title":"Abriss der Brennerei auf dem Gutshof","author":"Joachim Scholz","date":"30. April 2003","format":false,"excerpt":"30.04.2003. Im Januar 2003 beginnt der Abriss des verbliebenen Stallgeb\u00e4udes auf der Ostseite des Paulinenauer Gutshofes. Es hei\u00dft, als\u00a0 N\u00e4chstes folge im Herbst der Abriss der ehemaligen Schwei\u00dferei Goldschmidt in der Ruppiner Stra\u00dfe.","rel":"","context":"In &quot;Allgemein&quot;","block_context":{"text":"Allgemein","link":"https:\/\/paulinenaue.info\/index.php\/category\/allgemein\/"},"img":{"alt_text":"","src":"https:\/\/i0.wp.com\/paulinenaue.info\/wp-content\/uploads\/2021\/12\/2003-02-08-Abriss-der-Brennerei-auf-dem-Paulinenauer-Gutshof.jpg?resize=350%2C200&ssl=1","width":350,"height":200,"srcset":"https:\/\/i0.wp.com\/paulinenaue.info\/wp-content\/uploads\/2021\/12\/2003-02-08-Abriss-der-Brennerei-auf-dem-Paulinenauer-Gutshof.jpg?resize=350%2C200&ssl=1 1x, https:\/\/i0.wp.com\/paulinenaue.info\/wp-content\/uploads\/2021\/12\/2003-02-08-Abriss-der-Brennerei-auf-dem-Paulinenauer-Gutshof.jpg?resize=525%2C300&ssl=1 1.5x, https:\/\/i0.wp.com\/paulinenaue.info\/wp-content\/uploads\/2021\/12\/2003-02-08-Abriss-der-Brennerei-auf-dem-Paulinenauer-Gutshof.jpg?resize=700%2C400&ssl=1 2x, https:\/\/i0.wp.com\/paulinenaue.info\/wp-content\/uploads\/2021\/12\/2003-02-08-Abriss-der-Brennerei-auf-dem-Paulinenauer-Gutshof.jpg?resize=1050%2C600&ssl=1 3x, https:\/\/i0.wp.com\/paulinenaue.info\/wp-content\/uploads\/2021\/12\/2003-02-08-Abriss-der-Brennerei-auf-dem-Paulinenauer-Gutshof.jpg?resize=1400%2C800&ssl=1 4x"},"classes":[]},{"id":2259,"url":"https:\/\/paulinenaue.info\/index.php\/strassenumbenennung-zu-ehren-von-hans-goldschmidt\/","url_meta":{"origin":419075,"position":1},"title":"Stra\u00dfenumbenennung zu Ehren von Hans Goldschmidt","author":"Joachim Scholz","date":"7. August 2018","format":false,"excerpt":"07.08.2018. Recht unspektakul\u00e4r in der Ausf\u00fchrung, im Resultat aber von bleibender Sichtbarkeit, ist die j\u00fcngste Ehrung eines ber\u00fchmten Paulinenauers. Ende Juli fiel am Ortsausgang ein Schild auf, das den Friedhofsweg, der offziell ohne Namen war, nun als \u201eProf. Hans-Goldschmidt-Weg\u201c auswies. Die Entscheidung zur Benennung des Weges war bereits am 7.\u2026","rel":"","context":"In &quot;Allgemein&quot;","block_context":{"text":"Allgemein","link":"https:\/\/paulinenaue.info\/index.php\/category\/allgemein\/"},"img":{"alt_text":"","src":"https:\/\/i0.wp.com\/paulinenaue.info\/wp-content\/uploads\/2018\/08\/Goldschmidtweg-02.jpg?resize=350%2C200&ssl=1","width":350,"height":200,"srcset":"https:\/\/i0.wp.com\/paulinenaue.info\/wp-content\/uploads\/2018\/08\/Goldschmidtweg-02.jpg?resize=350%2C200&ssl=1 1x, https:\/\/i0.wp.com\/paulinenaue.info\/wp-content\/uploads\/2018\/08\/Goldschmidtweg-02.jpg?resize=525%2C300&ssl=1 1.5x, https:\/\/i0.wp.com\/paulinenaue.info\/wp-content\/uploads\/2018\/08\/Goldschmidtweg-02.jpg?resize=700%2C400&ssl=1 2x"},"classes":[]},{"id":418291,"url":"https:\/\/paulinenaue.info\/index.php\/hundert-jahre-alter-neubau\/","url_meta":{"origin":419075,"position":2},"title":"Hundert Jahre alter Neubau: Spaziergang durch Paulinenaues Norden","author":"Joachim Scholz","date":"21. September 2025","format":false,"excerpt":"","rel":"","context":"In &quot;Ehrenamt&quot;","block_context":{"text":"Ehrenamt","link":"https:\/\/paulinenaue.info\/index.php\/category\/ehrenamt\/"},"img":{"alt_text":"","src":"https:\/\/i0.wp.com\/paulinenaue.info\/wp-content\/uploads\/2025\/09\/2025-09-20_12-04-09-WANDERUNG.jpg?resize=350%2C200&ssl=1","width":350,"height":200,"srcset":"https:\/\/i0.wp.com\/paulinenaue.info\/wp-content\/uploads\/2025\/09\/2025-09-20_12-04-09-WANDERUNG.jpg?resize=350%2C200&ssl=1 1x, https:\/\/i0.wp.com\/paulinenaue.info\/wp-content\/uploads\/2025\/09\/2025-09-20_12-04-09-WANDERUNG.jpg?resize=525%2C300&ssl=1 1.5x, https:\/\/i0.wp.com\/paulinenaue.info\/wp-content\/uploads\/2025\/09\/2025-09-20_12-04-09-WANDERUNG.jpg?resize=700%2C400&ssl=1 2x, https:\/\/i0.wp.com\/paulinenaue.info\/wp-content\/uploads\/2025\/09\/2025-09-20_12-04-09-WANDERUNG.jpg?resize=1050%2C600&ssl=1 3x, https:\/\/i0.wp.com\/paulinenaue.info\/wp-content\/uploads\/2025\/09\/2025-09-20_12-04-09-WANDERUNG.jpg?resize=1400%2C800&ssl=1 4x"},"classes":[]},{"id":992,"url":"https:\/\/paulinenaue.info\/index.php\/80-jahre-gemeinde-paulinenaue-eine-serie-zur-ortsgeschichte-teil-4\/","url_meta":{"origin":419075,"position":3},"title":"80 Jahre Gemeinde Paulinenaue \u2013 Eine Serie zur Ortsgeschichte (Teil 4)","author":"Sarah","date":"19. Juni 2017","format":false,"excerpt":"02.10.2004 Teil 4 Von der Jahrhundertwende bis zur Gemeindegr\u00fcndung Zu Beginn des letzten Jahrhunderts musste das Luch zum zweiten Mal trockengelegt werden, da viele wassertechnische Anlagen im Laufe der Zeit verkommen waren. 1917 erwirbt eine Landsiedlungsgesellschaft das kurz zuvor baulich aufgewertete Gut und Paulinenaue wird zum Zentrum einer Besiedlungswelle, die\u2026","rel":"","context":"In &quot;Allgemein&quot;","block_context":{"text":"Allgemein","link":"https:\/\/paulinenaue.info\/index.php\/category\/allgemein\/"},"img":{"alt_text":"","src":"https:\/\/i0.wp.com\/paulinenaue.info\/wp-content\/uploads\/2017\/06\/goldschmidt.jpg?resize=350%2C200&ssl=1","width":350,"height":200},"classes":[]},{"id":1438,"url":"https:\/\/paulinenaue.info\/index.php\/2002-und-2007-paulinenaue-im-fuenfjahresvergleich\/","url_meta":{"origin":419075,"position":4},"title":"2002 und 2007: Paulinenaue im F\u00fcnfjahresvergleich","author":"Sarah","date":"14. September 2017","format":false,"excerpt":"31.03.2007 Joachim Scholz Vor f\u00fcnf Jahren durchstreiften zum hehren Zwecke der Dokumentation Stefan Lindemann und ich unsere Heimatd\u00f6rfer Gro\u00df Behnitz und Paulinenaue. Allein in Paulinenaue entstanden am 18. M\u00e4rz 2002 weit mehr als 100 Fotos. Nach f\u00fcnf Jahren schien die Zeit gekommen, einige der Bilder nachzustellen und mit den alten\u2026","rel":"","context":"In &quot;Allgemein&quot;","block_context":{"text":"Allgemein","link":"https:\/\/paulinenaue.info\/index.php\/category\/allgemein\/"},"img":{"alt_text":"","src":"https:\/\/i0.wp.com\/paulinenaue.info\/wp-content\/uploads\/2017\/09\/20020318_bhfstr_02.jpg?resize=350%2C200&ssl=1","width":350,"height":200},"classes":[]},{"id":415382,"url":"https:\/\/paulinenaue.info\/index.php\/sport-frei-100-jahre-paulinenauer-turn-und-sportverein\/","url_meta":{"origin":419075,"position":5},"title":"Sport frei! \u2013 100 Jahre Paulinenauer Turn- und Sportverein","author":"Joachim Scholz","date":"25. November 2023","format":false,"excerpt":"Im Roman ,Drei Kameraden\u2018 l\u00e4sst der Schriftsteller Erich Maria Remarque seinen Protagonisten \u00fcber das Jahresende 1923 sagen: \u201eDas war in der Inflation. Zweihundert Billionen Mark hatte ich monatlich verdient. Zweimal am Tag gab es Geld und jedesmal eine halbe Stunde Urlaub, damit man in die L\u00e4den rasen und etwas kaufen\u2026","rel":"","context":"In &quot;Allgemein&quot;","block_context":{"text":"Allgemein","link":"https:\/\/paulinenaue.info\/index.php\/category\/allgemein\/"},"img":{"alt_text":"","src":"https:\/\/i0.wp.com\/paulinenaue.info\/wp-content\/uploads\/2023\/11\/1952_mannschaft_01.jpg?resize=350%2C200&ssl=1","width":350,"height":200,"srcset":"https:\/\/i0.wp.com\/paulinenaue.info\/wp-content\/uploads\/2023\/11\/1952_mannschaft_01.jpg?resize=350%2C200&ssl=1 1x, https:\/\/i0.wp.com\/paulinenaue.info\/wp-content\/uploads\/2023\/11\/1952_mannschaft_01.jpg?resize=525%2C300&ssl=1 1.5x, https:\/\/i0.wp.com\/paulinenaue.info\/wp-content\/uploads\/2023\/11\/1952_mannschaft_01.jpg?resize=700%2C400&ssl=1 2x, https:\/\/i0.wp.com\/paulinenaue.info\/wp-content\/uploads\/2023\/11\/1952_mannschaft_01.jpg?resize=1050%2C600&ssl=1 3x, https:\/\/i0.wp.com\/paulinenaue.info\/wp-content\/uploads\/2023\/11\/1952_mannschaft_01.jpg?resize=1400%2C800&ssl=1 4x"},"classes":[]}],"_links":{"self":[{"href":"https:\/\/paulinenaue.info\/index.php\/wp-json\/wp\/v2\/posts\/419075","targetHints":{"allow":["GET"]}}],"collection":[{"href":"https:\/\/paulinenaue.info\/index.php\/wp-json\/wp\/v2\/posts"}],"about":[{"href":"https:\/\/paulinenaue.info\/index.php\/wp-json\/wp\/v2\/types\/post"}],"author":[{"embeddable":true,"href":"https:\/\/paulinenaue.info\/index.php\/wp-json\/wp\/v2\/users\/1"}],"replies":[{"embeddable":true,"href":"https:\/\/paulinenaue.info\/index.php\/wp-json\/wp\/v2\/comments?post=419075"}],"version-history":[{"count":6,"href":"https:\/\/paulinenaue.info\/index.php\/wp-json\/wp\/v2\/posts\/419075\/revisions"}],"predecessor-version":[{"id":419086,"href":"https:\/\/paulinenaue.info\/index.php\/wp-json\/wp\/v2\/posts\/419075\/revisions\/419086"}],"wp:featuredmedia":[{"embeddable":true,"href":"https:\/\/paulinenaue.info\/index.php\/wp-json\/wp\/v2\/media\/419078"}],"wp:attachment":[{"href":"https:\/\/paulinenaue.info\/index.php\/wp-json\/wp\/v2\/media?parent=419075"}],"wp:term":[{"taxonomy":"category","embeddable":true,"href":"https:\/\/paulinenaue.info\/index.php\/wp-json\/wp\/v2\/categories?post=419075"},{"taxonomy":"post_tag","embeddable":true,"href":"https:\/\/paulinenaue.info\/index.php\/wp-json\/wp\/v2\/tags?post=419075"}],"curies":[{"name":"wp","href":"https:\/\/api.w.org\/{rel}","templated":true}]}}