{"id":419441,"date":"2014-02-22T23:36:57","date_gmt":"2014-02-22T22:36:57","guid":{"rendered":"https:\/\/paulinenaue.info\/?p=419441"},"modified":"2026-04-25T09:21:53","modified_gmt":"2026-04-25T07:21:53","slug":"feuerwehruebung-am-paulinenauer-schloss","status":"publish","type":"post","link":"https:\/\/paulinenaue.info\/index.php\/feuerwehruebung-am-paulinenauer-schloss\/","title":{"rendered":"Feuerwehr\u00fcbung am Paulinenauer Schloss"},"content":{"rendered":"<p><em>Text: Arne Breder, Fotos: Eberhard Schwarz<\/em><\/p>\n<p>Am Samstag, dem 22.02.2014 trafen sich die Wehren Retzow, Friesack, Selbelang und Paulinenaue, um sich die \u00d6rtlichkeiten der vom Pflegedienst Begemann betriebenen Einrichtungen genauer anzusehen. Es gab viele Fragen zu beleuchten. Wo bringen wir die Drehleiter in Stellung? Wo sind L\u00f6schwasserentnahmestellen? Wie und wo stellen sich die Einsatzfahrzeuge auf? Dieses und vieles mehr wollten wir an diesem Samstag genauer anschauen.<\/p>\n<div id=\"attachment_419442\" style=\"width: 610px\" class=\"wp-caption alignnone\"><a href=\"https:\/\/paulinenaue.info\/wp-content\/uploads\/2026\/04\/2014-002-22-Feuerwehruebung-01.jpeg\"><img decoding=\"async\" aria-describedby=\"caption-attachment-419442\" data-attachment-id=\"419442\" data-permalink=\"https:\/\/paulinenaue.info\/index.php\/feuerwehruebung-am-paulinenauer-schloss\/2014-002-22-feuerwehruebung-01\/\" data-orig-file=\"https:\/\/paulinenaue.info\/wp-content\/uploads\/2026\/04\/2014-002-22-Feuerwehruebung-01.jpeg\" data-orig-size=\"1000,563\" data-comments-opened=\"1\" data-image-meta=\"{&quot;aperture&quot;:&quot;3.5&quot;,&quot;credit&quot;:&quot;&quot;,&quot;camera&quot;:&quot;DSC-HX200V&quot;,&quot;caption&quot;:&quot;&quot;,&quot;created_timestamp&quot;:&quot;1393065865&quot;,&quot;copyright&quot;:&quot;&quot;,&quot;focal_length&quot;:&quot;7.48&quot;,&quot;iso&quot;:&quot;100&quot;,&quot;shutter_speed&quot;:&quot;0.003125&quot;,&quot;title&quot;:&quot;&quot;,&quot;orientation&quot;:&quot;1&quot;}\" data-image-title=\"2014-002-22, Feuerwehru\u0308bung, 01\" data-image-description=\"\" data-image-caption=\"\" data-large-file=\"https:\/\/paulinenaue.info\/wp-content\/uploads\/2026\/04\/2014-002-22-Feuerwehruebung-01.jpeg\" class=\"lazyload wp-image-419442 size-fusion-600\" src=\"https:\/\/paulinenaue.info\/wp-content\/uploads\/2026\/04\/2014-002-22-Feuerwehruebung-01-600x338.jpeg\" data-orig-src=\"https:\/\/paulinenaue.info\/wp-content\/uploads\/2026\/04\/2014-002-22-Feuerwehruebung-01-600x338.jpeg\" alt=\"\" width=\"600\" height=\"338\" srcset=\"data:image\/svg+xml,%3Csvg%20xmlns%3D%27http%3A%2F%2Fwww.w3.org%2F2000%2Fsvg%27%20width%3D%27600%27%20height%3D%27338%27%20viewBox%3D%270%200%20600%20338%27%3E%3Crect%20width%3D%27600%27%20height%3D%27338%27%20fill-opacity%3D%220%22%2F%3E%3C%2Fsvg%3E\" data-srcset=\"https:\/\/paulinenaue.info\/wp-content\/uploads\/2026\/04\/2014-002-22-Feuerwehruebung-01-200x113.jpeg 200w, https:\/\/paulinenaue.info\/wp-content\/uploads\/2026\/04\/2014-002-22-Feuerwehruebung-01-300x169.jpeg 300w, https:\/\/paulinenaue.info\/wp-content\/uploads\/2026\/04\/2014-002-22-Feuerwehruebung-01-400x225.jpeg 400w, https:\/\/paulinenaue.info\/wp-content\/uploads\/2026\/04\/2014-002-22-Feuerwehruebung-01-600x338.jpeg 600w, https:\/\/paulinenaue.info\/wp-content\/uploads\/2026\/04\/2014-002-22-Feuerwehruebung-01-768x432.jpeg 768w, https:\/\/paulinenaue.info\/wp-content\/uploads\/2026\/04\/2014-002-22-Feuerwehruebung-01-800x450.jpeg 800w, https:\/\/paulinenaue.info\/wp-content\/uploads\/2026\/04\/2014-002-22-Feuerwehruebung-01.jpeg 1000w\" data-sizes=\"auto\" data-orig-sizes=\"(max-width: 600px) 100vw, 600px\" \/><\/a><p id=\"caption-attachment-419442\" class=\"wp-caption-text\"><em>Schnell war die Leiter in Stellung gebracht. Zuerst probierten wir, den Balkon zu erreichen. Foto: E. Schwarz, 2014.<\/em><\/p><\/div>\n<div id=\"attachment_419443\" style=\"width: 610px\" class=\"wp-caption alignnone\"><a href=\"https:\/\/paulinenaue.info\/wp-content\/uploads\/2026\/04\/2014-002-22-Feuerwehruebung-02.jpeg\"><img decoding=\"async\" aria-describedby=\"caption-attachment-419443\" data-attachment-id=\"419443\" data-permalink=\"https:\/\/paulinenaue.info\/index.php\/feuerwehruebung-am-paulinenauer-schloss\/2014-002-22-feuerwehruebung-02\/\" data-orig-file=\"https:\/\/paulinenaue.info\/wp-content\/uploads\/2026\/04\/2014-002-22-Feuerwehruebung-02.jpeg\" data-orig-size=\"1000,563\" data-comments-opened=\"1\" data-image-meta=\"{&quot;aperture&quot;:&quot;5&quot;,&quot;credit&quot;:&quot;&quot;,&quot;camera&quot;:&quot;DSC-HX200V&quot;,&quot;caption&quot;:&quot;&quot;,&quot;created_timestamp&quot;:&quot;1393065815&quot;,&quot;copyright&quot;:&quot;&quot;,&quot;focal_length&quot;:&quot;42.72&quot;,&quot;iso&quot;:&quot;160&quot;,&quot;shutter_speed&quot;:&quot;0.004&quot;,&quot;title&quot;:&quot;&quot;,&quot;orientation&quot;:&quot;1&quot;}\" data-image-title=\"2014-002-22, Feuerwehru\u0308bung, 02\" data-image-description=\"\" data-image-caption=\"\" data-large-file=\"https:\/\/paulinenaue.info\/wp-content\/uploads\/2026\/04\/2014-002-22-Feuerwehruebung-02.jpeg\" class=\"lazyload wp-image-419443 size-fusion-600\" src=\"https:\/\/paulinenaue.info\/wp-content\/uploads\/2026\/04\/2014-002-22-Feuerwehruebung-02-600x338.jpeg\" data-orig-src=\"https:\/\/paulinenaue.info\/wp-content\/uploads\/2026\/04\/2014-002-22-Feuerwehruebung-02-600x338.jpeg\" alt=\"\" width=\"600\" height=\"338\" srcset=\"data:image\/svg+xml,%3Csvg%20xmlns%3D%27http%3A%2F%2Fwww.w3.org%2F2000%2Fsvg%27%20width%3D%27600%27%20height%3D%27338%27%20viewBox%3D%270%200%20600%20338%27%3E%3Crect%20width%3D%27600%27%20height%3D%27338%27%20fill-opacity%3D%220%22%2F%3E%3C%2Fsvg%3E\" data-srcset=\"https:\/\/paulinenaue.info\/wp-content\/uploads\/2026\/04\/2014-002-22-Feuerwehruebung-02-200x113.jpeg 200w, https:\/\/paulinenaue.info\/wp-content\/uploads\/2026\/04\/2014-002-22-Feuerwehruebung-02-300x169.jpeg 300w, https:\/\/paulinenaue.info\/wp-content\/uploads\/2026\/04\/2014-002-22-Feuerwehruebung-02-400x225.jpeg 400w, https:\/\/paulinenaue.info\/wp-content\/uploads\/2026\/04\/2014-002-22-Feuerwehruebung-02-600x338.jpeg 600w, https:\/\/paulinenaue.info\/wp-content\/uploads\/2026\/04\/2014-002-22-Feuerwehruebung-02-768x432.jpeg 768w, https:\/\/paulinenaue.info\/wp-content\/uploads\/2026\/04\/2014-002-22-Feuerwehruebung-02-800x450.jpeg 800w, https:\/\/paulinenaue.info\/wp-content\/uploads\/2026\/04\/2014-002-22-Feuerwehruebung-02.jpeg 1000w\" data-sizes=\"auto\" data-orig-sizes=\"(max-width: 600px) 100vw, 600px\" \/><\/a><p id=\"caption-attachment-419443\" class=\"wp-caption-text\"><em>Das war mit leerem Rettungskorb kein Problem. Im Einsatzfall sind aber Kameraden oder zu evakuierende Personen im Korb und die seitliche Auslage sinkt, bedingt durch das Gewicht. Also mussten wir n\u00e4her ran. Foto: E. Schwarz, 2014.<\/em><\/p><\/div>\n<div id=\"attachment_419444\" style=\"width: 610px\" class=\"wp-caption alignnone\"><a href=\"https:\/\/paulinenaue.info\/wp-content\/uploads\/2026\/04\/2014-002-22-Feuerwehruebung-03.jpeg\"><img decoding=\"async\" aria-describedby=\"caption-attachment-419444\" data-attachment-id=\"419444\" data-permalink=\"https:\/\/paulinenaue.info\/index.php\/feuerwehruebung-am-paulinenauer-schloss\/2014-002-22-feuerwehruebung-03\/\" data-orig-file=\"https:\/\/paulinenaue.info\/wp-content\/uploads\/2026\/04\/2014-002-22-Feuerwehruebung-03.jpeg\" data-orig-size=\"1000,563\" data-comments-opened=\"1\" data-image-meta=\"{&quot;aperture&quot;:&quot;4&quot;,&quot;credit&quot;:&quot;&quot;,&quot;camera&quot;:&quot;DSC-HX200V&quot;,&quot;caption&quot;:&quot;&quot;,&quot;created_timestamp&quot;:&quot;1393066125&quot;,&quot;copyright&quot;:&quot;&quot;,&quot;focal_length&quot;:&quot;11.25&quot;,&quot;iso&quot;:&quot;100&quot;,&quot;shutter_speed&quot;:&quot;0.002&quot;,&quot;title&quot;:&quot;&quot;,&quot;orientation&quot;:&quot;1&quot;}\" data-image-title=\"2014-002-22, Feuerwehru\u0308bung, 03\" data-image-description=\"\" data-image-caption=\"\" data-large-file=\"https:\/\/paulinenaue.info\/wp-content\/uploads\/2026\/04\/2014-002-22-Feuerwehruebung-03.jpeg\" class=\"lazyload wp-image-419444 size-fusion-600\" src=\"https:\/\/paulinenaue.info\/wp-content\/uploads\/2026\/04\/2014-002-22-Feuerwehruebung-03-600x338.jpeg\" data-orig-src=\"https:\/\/paulinenaue.info\/wp-content\/uploads\/2026\/04\/2014-002-22-Feuerwehruebung-03-600x338.jpeg\" alt=\"\" width=\"600\" height=\"338\" srcset=\"data:image\/svg+xml,%3Csvg%20xmlns%3D%27http%3A%2F%2Fwww.w3.org%2F2000%2Fsvg%27%20width%3D%27600%27%20height%3D%27338%27%20viewBox%3D%270%200%20600%20338%27%3E%3Crect%20width%3D%27600%27%20height%3D%27338%27%20fill-opacity%3D%220%22%2F%3E%3C%2Fsvg%3E\" data-srcset=\"https:\/\/paulinenaue.info\/wp-content\/uploads\/2026\/04\/2014-002-22-Feuerwehruebung-03-200x113.jpeg 200w, https:\/\/paulinenaue.info\/wp-content\/uploads\/2026\/04\/2014-002-22-Feuerwehruebung-03-300x169.jpeg 300w, https:\/\/paulinenaue.info\/wp-content\/uploads\/2026\/04\/2014-002-22-Feuerwehruebung-03-400x225.jpeg 400w, https:\/\/paulinenaue.info\/wp-content\/uploads\/2026\/04\/2014-002-22-Feuerwehruebung-03-600x338.jpeg 600w, https:\/\/paulinenaue.info\/wp-content\/uploads\/2026\/04\/2014-002-22-Feuerwehruebung-03-768x432.jpeg 768w, https:\/\/paulinenaue.info\/wp-content\/uploads\/2026\/04\/2014-002-22-Feuerwehruebung-03-800x450.jpeg 800w, https:\/\/paulinenaue.info\/wp-content\/uploads\/2026\/04\/2014-002-22-Feuerwehruebung-03.jpeg 1000w\" data-sizes=\"auto\" data-orig-sizes=\"(max-width: 600px) 100vw, 600px\" \/><\/a><p id=\"caption-attachment-419444\" class=\"wp-caption-text\"><em>Ein kleines St\u00fcck dichter ans Geb\u00e4ude und das Problem war gel\u00f6st. Diese wichtigen Erkenntnisse k\u00f6nnen im Einsatzfall wertvolle Minuten ausmachen. Foto: E. Schwarz, 2014.<\/em><\/p><\/div>\n<p>W\u00e4hrend mit der Drehleiter noch einige Punkte angefahren wurden, erl\u00e4uterte Ortswehrf\u00fchrer Arne Breder den anderen Kameraden, wo sich die n\u00e4chsten L\u00f6schwasserentnahmestellen befinden. Wir gingen zum Flachspiegelbrunnen, der sich am Durchgang zwischen Kr\u00e4henwinkel und dem Ingenieurb\u00fcro Spittel befindet. Hier machten sich vor allem die Maschinisten mit den Anfahrtwegen vertraut. Danach ging es zum Brunnen auf dem Gutshof. Auch dieser ist f\u00fcr ortsfremde Kameraden nur schwer zu finden. Leider ist der f\u00fcr uns besser gelegene Flachspiegelbrunnen an der Parkeinfahrt nur eingeschr\u00e4nkt nutzbar. Er bringt nicht mehr die erforderliche Menge Wasser.<br \/>\nNun schauten wir uns im Geb\u00e4ude noch die Lage der Absperreinrichtungen an. Im Brandfall muss das Haus von allen Medien getrennt werden. Abschlie\u00dfend wurden die Ergebnisse ausgewertet. Amtsbrandmeister Mario Haufe machte sich einige Notizen, um die Ergebnisse in die Alarm- und Ausr\u00fcckeordnung einflie\u00dfen zu lassen.<\/p>\n<div id=\"attachment_419445\" style=\"width: 610px\" class=\"wp-caption alignnone\"><a href=\"https:\/\/paulinenaue.info\/wp-content\/uploads\/2026\/04\/2014-002-22-Feuerwehruebung-04.jpeg\"><img decoding=\"async\" aria-describedby=\"caption-attachment-419445\" data-attachment-id=\"419445\" data-permalink=\"https:\/\/paulinenaue.info\/index.php\/feuerwehruebung-am-paulinenauer-schloss\/2014-002-22-feuerwehruebung-04\/\" data-orig-file=\"https:\/\/paulinenaue.info\/wp-content\/uploads\/2026\/04\/2014-002-22-Feuerwehruebung-04.jpeg\" data-orig-size=\"1000,563\" data-comments-opened=\"1\" data-image-meta=\"{&quot;aperture&quot;:&quot;2.8&quot;,&quot;credit&quot;:&quot;&quot;,&quot;camera&quot;:&quot;DSC-HX200V&quot;,&quot;caption&quot;:&quot;&quot;,&quot;created_timestamp&quot;:&quot;1393067503&quot;,&quot;copyright&quot;:&quot;&quot;,&quot;focal_length&quot;:&quot;4.8&quot;,&quot;iso&quot;:&quot;100&quot;,&quot;shutter_speed&quot;:&quot;0.005&quot;,&quot;title&quot;:&quot;&quot;,&quot;orientation&quot;:&quot;1&quot;}\" data-image-title=\"2014-002-22, Feuerwehru\u0308bung, 04\" data-image-description=\"\" data-image-caption=\"\" data-large-file=\"https:\/\/paulinenaue.info\/wp-content\/uploads\/2026\/04\/2014-002-22-Feuerwehruebung-04.jpeg\" class=\"lazyload wp-image-419445 size-fusion-600\" src=\"https:\/\/paulinenaue.info\/wp-content\/uploads\/2026\/04\/2014-002-22-Feuerwehruebung-04-600x338.jpeg\" data-orig-src=\"https:\/\/paulinenaue.info\/wp-content\/uploads\/2026\/04\/2014-002-22-Feuerwehruebung-04-600x338.jpeg\" alt=\"\" width=\"600\" height=\"338\" srcset=\"data:image\/svg+xml,%3Csvg%20xmlns%3D%27http%3A%2F%2Fwww.w3.org%2F2000%2Fsvg%27%20width%3D%27600%27%20height%3D%27338%27%20viewBox%3D%270%200%20600%20338%27%3E%3Crect%20width%3D%27600%27%20height%3D%27338%27%20fill-opacity%3D%220%22%2F%3E%3C%2Fsvg%3E\" data-srcset=\"https:\/\/paulinenaue.info\/wp-content\/uploads\/2026\/04\/2014-002-22-Feuerwehruebung-04-200x113.jpeg 200w, https:\/\/paulinenaue.info\/wp-content\/uploads\/2026\/04\/2014-002-22-Feuerwehruebung-04-300x169.jpeg 300w, https:\/\/paulinenaue.info\/wp-content\/uploads\/2026\/04\/2014-002-22-Feuerwehruebung-04-400x225.jpeg 400w, https:\/\/paulinenaue.info\/wp-content\/uploads\/2026\/04\/2014-002-22-Feuerwehruebung-04-600x338.jpeg 600w, https:\/\/paulinenaue.info\/wp-content\/uploads\/2026\/04\/2014-002-22-Feuerwehruebung-04-768x432.jpeg 768w, https:\/\/paulinenaue.info\/wp-content\/uploads\/2026\/04\/2014-002-22-Feuerwehruebung-04-800x450.jpeg 800w, https:\/\/paulinenaue.info\/wp-content\/uploads\/2026\/04\/2014-002-22-Feuerwehruebung-04.jpeg 1000w\" data-sizes=\"auto\" data-orig-sizes=\"(max-width: 600px) 100vw, 600px\" \/><\/a><p id=\"caption-attachment-419445\" class=\"wp-caption-text\"><em>Es ist wichtig, sich mit den Gegebenheiten vertraut zu machen. Wir waren bei Tageslicht vor Ort. Bei Dunkelheit sind die Bedingungen um einiges schwieriger. Foto: E. Schwarz, 2014.<\/em><\/p><\/div>\n<p>Weiter ging es nach Retzow und nach Pessin. Auch dort kam die Drehleiter zum Einsatz und wir machten uns mit den \u00f6rtlichen Gegebenheiten vertraut. Wir hoffen nat\u00fcrlich, dass wir nie zum Ernstfall anr\u00fccken m\u00fcssen. Ich m\u00f6chte mich bei den Mitarbeitern von Frau Begemann recht herzlich bedanken. Sie haben unsere Hinweise dankend aufgenommen und hatten auch schon Handlungsabl\u00e4ufe f\u00fcr den Brandfall erarbeitet. Durch regelm\u00e4\u00dfige \u00dcbungen werden die Mitarbeiter gemeinsam mit den Bewohnern des Hauses die Abl\u00e4ufe vertiefen.<\/p>\n","protected":false},"excerpt":{"rendered":"<p>Text: Arne Breder, Fotos: Eberhard Schwarz Am Samstag, dem 22.02.2014 [&hellip;]<\/p>\n","protected":false},"author":1,"featured_media":419446,"comment_status":"open","ping_status":"open","sticky":false,"template":"","format":"standard","meta":{"_acf_changed":false,"_price":"","_stock":"","_tribe_ticket_header":"","_tribe_default_ticket_provider":"","_tribe_ticket_capacity":"","_ticket_start_date":"","_ticket_end_date":"","_tribe_ticket_show_description":"","_tribe_ticket_show_not_going":false,"_tribe_ticket_use_global_stock":"","_tribe_ticket_global_stock_level":"","_global_stock_mode":"","_global_stock_cap":"","_tribe_rsvp_for_event":"","_tribe_ticket_going_count":"","_tribe_ticket_not_going_count":"","_tribe_tickets_list":"[]","_tribe_ticket_has_attendee_info_fields":false,"jetpack_post_was_ever_published":false,"_jetpack_newsletter_access":"","_jetpack_dont_email_post_to_subs":false,"_jetpack_newsletter_tier_id":0,"_jetpack_memberships_contains_paywalled_content":false,"_jetpack_memberships_contains_paid_content":false,"footnotes":"","jetpack_publicize_message":"","jetpack_publicize_feature_enabled":true,"jetpack_social_post_already_shared":true,"jetpack_social_options":{"image_generator_settings":{"template":"highway","default_image_id":0,"font":"","enabled":false},"version":2}},"categories":[519,16,9,672],"tags":[17,204,50,659],"class_list":["post-419441","post","type-post","status-publish","format-standard","has-post-thumbnail","hentry","category-ehrenamt","category-feuerwehr","category-neuigkeiten","category-park","tag-feuerwehr","tag-gutshaus","tag-herrenhaus","tag-schloss-paulinenaue"],"acf":[],"yoast_head":"<!-- This site is optimized with the Yoast SEO plugin v27.5 - https:\/\/yoast.com\/product\/yoast-seo-wordpress\/ -->\n<title>Feuerwehr\u00fcbung am Paulinenauer Schloss - Paulinenaue<\/title>\n<meta name=\"description\" content=\"Am 22. Februar 2014 nahmen die Kameraden der Paulinenauer Feuerwehr das Seniorenwohnheim im Schloss unter die Lupe.\" \/>\n<meta name=\"robots\" content=\"index, follow, max-snippet:-1, max-image-preview:large, max-video-preview:-1\" \/>\n<link rel=\"canonical\" href=\"https:\/\/paulinenaue.info\/index.php\/feuerwehruebung-am-paulinenauer-schloss\/\" \/>\n<meta property=\"og:locale\" content=\"de_DE\" \/>\n<meta property=\"og:type\" content=\"article\" \/>\n<meta property=\"og:title\" content=\"Feuerwehr\u00fcbung am Paulinenauer Schloss - Paulinenaue\" \/>\n<meta property=\"og:description\" content=\"Am 22. Februar 2014 nahmen die Kameraden der Paulinenauer Feuerwehr das Seniorenwohnheim im Schloss unter die Lupe.\" \/>\n<meta property=\"og:url\" content=\"https:\/\/paulinenaue.info\/index.php\/feuerwehruebung-am-paulinenauer-schloss\/\" \/>\n<meta property=\"og:site_name\" content=\"Paulinenaue\" \/>\n<meta property=\"article:published_time\" content=\"2014-02-22T22:36:57+00:00\" \/>\n<meta property=\"article:modified_time\" content=\"2026-04-25T07:21:53+00:00\" \/>\n<meta property=\"og:image\" content=\"https:\/\/paulinenaue.info\/wp-content\/uploads\/2026\/04\/2014-002-22-Feuerwehruebung-05.jpeg\" \/>\n\t<meta property=\"og:image:width\" content=\"1000\" \/>\n\t<meta property=\"og:image:height\" content=\"563\" \/>\n\t<meta property=\"og:image:type\" content=\"image\/jpeg\" \/>\n<meta name=\"author\" content=\"Joachim Scholz\" \/>\n<meta name=\"twitter:card\" content=\"summary_large_image\" \/>\n<meta name=\"twitter:label1\" content=\"Verfasst von\" \/>\n\t<meta name=\"twitter:data1\" content=\"Joachim Scholz\" \/>\n\t<meta name=\"twitter:label2\" content=\"Gesch\u00e4tzte Lesezeit\" \/>\n\t<meta name=\"twitter:data2\" content=\"4\u00a0Minuten\" \/>\n<script type=\"application\/ld+json\" class=\"yoast-schema-graph\">{\"@context\":\"https:\\\/\\\/schema.org\",\"@graph\":[{\"@type\":\"Article\",\"@id\":\"https:\\\/\\\/paulinenaue.info\\\/index.php\\\/feuerwehruebung-am-paulinenauer-schloss\\\/#article\",\"isPartOf\":{\"@id\":\"https:\\\/\\\/paulinenaue.info\\\/index.php\\\/feuerwehruebung-am-paulinenauer-schloss\\\/\"},\"author\":{\"name\":\"Joachim Scholz\",\"@id\":\"https:\\\/\\\/paulinenaue.info\\\/#\\\/schema\\\/person\\\/3f9e818fd7b69b0d2bd937ac506897cc\"},\"headline\":\"Feuerwehr\u00fcbung am Paulinenauer Schloss\",\"datePublished\":\"2014-02-22T22:36:57+00:00\",\"dateModified\":\"2026-04-25T07:21:53+00:00\",\"mainEntityOfPage\":{\"@id\":\"https:\\\/\\\/paulinenaue.info\\\/index.php\\\/feuerwehruebung-am-paulinenauer-schloss\\\/\"},\"wordCount\":437,\"commentCount\":0,\"image\":{\"@id\":\"https:\\\/\\\/paulinenaue.info\\\/index.php\\\/feuerwehruebung-am-paulinenauer-schloss\\\/#primaryimage\"},\"thumbnailUrl\":\"https:\\\/\\\/paulinenaue.info\\\/wp-content\\\/uploads\\\/2026\\\/04\\\/2014-002-22-Feuerwehruebung-05.jpeg\",\"keywords\":[\"Feuerwehr\",\"Gutshaus\",\"Herrenhaus\",\"Schloss Paulinenaue\"],\"articleSection\":[\"Ehrenamt\",\"Feuerwehr\",\"Neuigkeiten\",\"Park\"],\"inLanguage\":\"de\",\"potentialAction\":[{\"@type\":\"CommentAction\",\"name\":\"Comment\",\"target\":[\"https:\\\/\\\/paulinenaue.info\\\/index.php\\\/feuerwehruebung-am-paulinenauer-schloss\\\/#respond\"]}]},{\"@type\":\"WebPage\",\"@id\":\"https:\\\/\\\/paulinenaue.info\\\/index.php\\\/feuerwehruebung-am-paulinenauer-schloss\\\/\",\"url\":\"https:\\\/\\\/paulinenaue.info\\\/index.php\\\/feuerwehruebung-am-paulinenauer-schloss\\\/\",\"name\":\"Feuerwehr\u00fcbung am Paulinenauer Schloss - Paulinenaue\",\"isPartOf\":{\"@id\":\"https:\\\/\\\/paulinenaue.info\\\/#website\"},\"primaryImageOfPage\":{\"@id\":\"https:\\\/\\\/paulinenaue.info\\\/index.php\\\/feuerwehruebung-am-paulinenauer-schloss\\\/#primaryimage\"},\"image\":{\"@id\":\"https:\\\/\\\/paulinenaue.info\\\/index.php\\\/feuerwehruebung-am-paulinenauer-schloss\\\/#primaryimage\"},\"thumbnailUrl\":\"https:\\\/\\\/paulinenaue.info\\\/wp-content\\\/uploads\\\/2026\\\/04\\\/2014-002-22-Feuerwehruebung-05.jpeg\",\"datePublished\":\"2014-02-22T22:36:57+00:00\",\"dateModified\":\"2026-04-25T07:21:53+00:00\",\"author\":{\"@id\":\"https:\\\/\\\/paulinenaue.info\\\/#\\\/schema\\\/person\\\/3f9e818fd7b69b0d2bd937ac506897cc\"},\"description\":\"Am 22. Februar 2014 nahmen die Kameraden der Paulinenauer Feuerwehr das Seniorenwohnheim im Schloss unter die Lupe.\",\"breadcrumb\":{\"@id\":\"https:\\\/\\\/paulinenaue.info\\\/index.php\\\/feuerwehruebung-am-paulinenauer-schloss\\\/#breadcrumb\"},\"inLanguage\":\"de\",\"potentialAction\":[{\"@type\":\"ReadAction\",\"target\":[\"https:\\\/\\\/paulinenaue.info\\\/index.php\\\/feuerwehruebung-am-paulinenauer-schloss\\\/\"]}]},{\"@type\":\"ImageObject\",\"inLanguage\":\"de\",\"@id\":\"https:\\\/\\\/paulinenaue.info\\\/index.php\\\/feuerwehruebung-am-paulinenauer-schloss\\\/#primaryimage\",\"url\":\"https:\\\/\\\/paulinenaue.info\\\/wp-content\\\/uploads\\\/2026\\\/04\\\/2014-002-22-Feuerwehruebung-05.jpeg\",\"contentUrl\":\"https:\\\/\\\/paulinenaue.info\\\/wp-content\\\/uploads\\\/2026\\\/04\\\/2014-002-22-Feuerwehruebung-05.jpeg\",\"width\":1000,\"height\":563},{\"@type\":\"BreadcrumbList\",\"@id\":\"https:\\\/\\\/paulinenaue.info\\\/index.php\\\/feuerwehruebung-am-paulinenauer-schloss\\\/#breadcrumb\",\"itemListElement\":[{\"@type\":\"ListItem\",\"position\":1,\"name\":\"Home\",\"item\":\"https:\\\/\\\/paulinenaue.info\\\/\"},{\"@type\":\"ListItem\",\"position\":2,\"name\":\"Feuerwehr\u00fcbung am Paulinenauer Schloss\"}]},{\"@type\":\"WebSite\",\"@id\":\"https:\\\/\\\/paulinenaue.info\\\/#website\",\"url\":\"https:\\\/\\\/paulinenaue.info\\\/\",\"name\":\"Paulinenaue\",\"description\":\"Ein Dorf im Havelland\",\"potentialAction\":[{\"@type\":\"SearchAction\",\"target\":{\"@type\":\"EntryPoint\",\"urlTemplate\":\"https:\\\/\\\/paulinenaue.info\\\/?s={search_term_string}\"},\"query-input\":{\"@type\":\"PropertyValueSpecification\",\"valueRequired\":true,\"valueName\":\"search_term_string\"}}],\"inLanguage\":\"de\"},{\"@type\":\"Person\",\"@id\":\"https:\\\/\\\/paulinenaue.info\\\/#\\\/schema\\\/person\\\/3f9e818fd7b69b0d2bd937ac506897cc\",\"name\":\"Joachim Scholz\",\"url\":\"https:\\\/\\\/paulinenaue.info\\\/index.php\\\/author\\\/jjscholz\\\/\"}]}<\/script>\n<!-- \/ Yoast SEO plugin. -->","yoast_head_json":{"title":"Feuerwehr\u00fcbung am Paulinenauer Schloss - Paulinenaue","description":"Am 22. Februar 2014 nahmen die Kameraden der Paulinenauer Feuerwehr das Seniorenwohnheim im Schloss unter die Lupe.","robots":{"index":"index","follow":"follow","max-snippet":"max-snippet:-1","max-image-preview":"max-image-preview:large","max-video-preview":"max-video-preview:-1"},"canonical":"https:\/\/paulinenaue.info\/index.php\/feuerwehruebung-am-paulinenauer-schloss\/","og_locale":"de_DE","og_type":"article","og_title":"Feuerwehr\u00fcbung am Paulinenauer Schloss - Paulinenaue","og_description":"Am 22. Februar 2014 nahmen die Kameraden der Paulinenauer Feuerwehr das Seniorenwohnheim im Schloss unter die Lupe.","og_url":"https:\/\/paulinenaue.info\/index.php\/feuerwehruebung-am-paulinenauer-schloss\/","og_site_name":"Paulinenaue","article_published_time":"2014-02-22T22:36:57+00:00","article_modified_time":"2026-04-25T07:21:53+00:00","og_image":[{"width":1000,"height":563,"url":"https:\/\/paulinenaue.info\/wp-content\/uploads\/2026\/04\/2014-002-22-Feuerwehruebung-05.jpeg","type":"image\/jpeg"}],"author":"Joachim Scholz","twitter_card":"summary_large_image","twitter_misc":{"Verfasst von":"Joachim Scholz","Gesch\u00e4tzte Lesezeit":"4\u00a0Minuten"},"schema":{"@context":"https:\/\/schema.org","@graph":[{"@type":"Article","@id":"https:\/\/paulinenaue.info\/index.php\/feuerwehruebung-am-paulinenauer-schloss\/#article","isPartOf":{"@id":"https:\/\/paulinenaue.info\/index.php\/feuerwehruebung-am-paulinenauer-schloss\/"},"author":{"name":"Joachim Scholz","@id":"https:\/\/paulinenaue.info\/#\/schema\/person\/3f9e818fd7b69b0d2bd937ac506897cc"},"headline":"Feuerwehr\u00fcbung am Paulinenauer Schloss","datePublished":"2014-02-22T22:36:57+00:00","dateModified":"2026-04-25T07:21:53+00:00","mainEntityOfPage":{"@id":"https:\/\/paulinenaue.info\/index.php\/feuerwehruebung-am-paulinenauer-schloss\/"},"wordCount":437,"commentCount":0,"image":{"@id":"https:\/\/paulinenaue.info\/index.php\/feuerwehruebung-am-paulinenauer-schloss\/#primaryimage"},"thumbnailUrl":"https:\/\/paulinenaue.info\/wp-content\/uploads\/2026\/04\/2014-002-22-Feuerwehruebung-05.jpeg","keywords":["Feuerwehr","Gutshaus","Herrenhaus","Schloss Paulinenaue"],"articleSection":["Ehrenamt","Feuerwehr","Neuigkeiten","Park"],"inLanguage":"de","potentialAction":[{"@type":"CommentAction","name":"Comment","target":["https:\/\/paulinenaue.info\/index.php\/feuerwehruebung-am-paulinenauer-schloss\/#respond"]}]},{"@type":"WebPage","@id":"https:\/\/paulinenaue.info\/index.php\/feuerwehruebung-am-paulinenauer-schloss\/","url":"https:\/\/paulinenaue.info\/index.php\/feuerwehruebung-am-paulinenauer-schloss\/","name":"Feuerwehr\u00fcbung am Paulinenauer Schloss - Paulinenaue","isPartOf":{"@id":"https:\/\/paulinenaue.info\/#website"},"primaryImageOfPage":{"@id":"https:\/\/paulinenaue.info\/index.php\/feuerwehruebung-am-paulinenauer-schloss\/#primaryimage"},"image":{"@id":"https:\/\/paulinenaue.info\/index.php\/feuerwehruebung-am-paulinenauer-schloss\/#primaryimage"},"thumbnailUrl":"https:\/\/paulinenaue.info\/wp-content\/uploads\/2026\/04\/2014-002-22-Feuerwehruebung-05.jpeg","datePublished":"2014-02-22T22:36:57+00:00","dateModified":"2026-04-25T07:21:53+00:00","author":{"@id":"https:\/\/paulinenaue.info\/#\/schema\/person\/3f9e818fd7b69b0d2bd937ac506897cc"},"description":"Am 22. Februar 2014 nahmen die Kameraden der Paulinenauer Feuerwehr das Seniorenwohnheim im Schloss unter die Lupe.","breadcrumb":{"@id":"https:\/\/paulinenaue.info\/index.php\/feuerwehruebung-am-paulinenauer-schloss\/#breadcrumb"},"inLanguage":"de","potentialAction":[{"@type":"ReadAction","target":["https:\/\/paulinenaue.info\/index.php\/feuerwehruebung-am-paulinenauer-schloss\/"]}]},{"@type":"ImageObject","inLanguage":"de","@id":"https:\/\/paulinenaue.info\/index.php\/feuerwehruebung-am-paulinenauer-schloss\/#primaryimage","url":"https:\/\/paulinenaue.info\/wp-content\/uploads\/2026\/04\/2014-002-22-Feuerwehruebung-05.jpeg","contentUrl":"https:\/\/paulinenaue.info\/wp-content\/uploads\/2026\/04\/2014-002-22-Feuerwehruebung-05.jpeg","width":1000,"height":563},{"@type":"BreadcrumbList","@id":"https:\/\/paulinenaue.info\/index.php\/feuerwehruebung-am-paulinenauer-schloss\/#breadcrumb","itemListElement":[{"@type":"ListItem","position":1,"name":"Home","item":"https:\/\/paulinenaue.info\/"},{"@type":"ListItem","position":2,"name":"Feuerwehr\u00fcbung am Paulinenauer Schloss"}]},{"@type":"WebSite","@id":"https:\/\/paulinenaue.info\/#website","url":"https:\/\/paulinenaue.info\/","name":"Paulinenaue","description":"Ein Dorf im Havelland","potentialAction":[{"@type":"SearchAction","target":{"@type":"EntryPoint","urlTemplate":"https:\/\/paulinenaue.info\/?s={search_term_string}"},"query-input":{"@type":"PropertyValueSpecification","valueRequired":true,"valueName":"search_term_string"}}],"inLanguage":"de"},{"@type":"Person","@id":"https:\/\/paulinenaue.info\/#\/schema\/person\/3f9e818fd7b69b0d2bd937ac506897cc","name":"Joachim Scholz","url":"https:\/\/paulinenaue.info\/index.php\/author\/jjscholz\/"}]}},"jetpack_publicize_connections":[],"jetpack_featured_media_url":"https:\/\/paulinenaue.info\/wp-content\/uploads\/2026\/04\/2014-002-22-Feuerwehruebung-05.jpeg","jetpack_sharing_enabled":true,"jetpack_shortlink":"https:\/\/wp.me\/pcYhWA-1L7b","jetpack-related-posts":[{"id":143058,"url":"https:\/\/paulinenaue.info\/index.php\/erfolgreicher-dorfputz\/","url_meta":{"origin":419441,"position":0},"title":"Erfolgreicher Dorfputz","author":"Sarah","date":"26. April 2022","format":false,"excerpt":"","rel":"","context":"In &quot;Gemeinde Paulinenaue&quot;","block_context":{"text":"Gemeinde Paulinenaue","link":"https:\/\/paulinenaue.info\/index.php\/category\/gemeinde-paulinenaue\/"},"img":{"alt_text":"","src":"https:\/\/i0.wp.com\/paulinenaue.info\/wp-content\/uploads\/2022\/04\/IMG-20220409-WA0000.jpg?resize=350%2C200&ssl=1","width":350,"height":200,"srcset":"https:\/\/i0.wp.com\/paulinenaue.info\/wp-content\/uploads\/2022\/04\/IMG-20220409-WA0000.jpg?resize=350%2C200&ssl=1 1x, https:\/\/i0.wp.com\/paulinenaue.info\/wp-content\/uploads\/2022\/04\/IMG-20220409-WA0000.jpg?resize=525%2C300&ssl=1 1.5x, https:\/\/i0.wp.com\/paulinenaue.info\/wp-content\/uploads\/2022\/04\/IMG-20220409-WA0000.jpg?resize=700%2C400&ssl=1 2x"},"classes":[]},{"id":418247,"url":"https:\/\/paulinenaue.info\/index.php\/ein-schwerer-brand-erschuettert-paulinenaue\/","url_meta":{"origin":419441,"position":1},"title":"Ein schwerer Brand ersch\u00fcttert Paulinenaue","author":"Joachim Scholz","date":"13. September 2025","format":false,"excerpt":"Am sp\u00e4ten Samstag-Nachmittag ereignete sich in Paulinenaue der vielleicht schwerste Hausbrand seiner Geschichte, mit Sicherheit der dramatischste. Noch nach Einbruch der Dunkelheit dauerten die L\u00f6scharbeiten an. Personen kamen aber offenbar nicht zu Schaden. Der ehemalige so genannte ,Russenblock\u2018, der letzte und gr\u00f6\u00dfte zu DDR-Zeiten errichtete Wohnblock, der derzeit zu einem\u2026","rel":"","context":"In &quot;Allgemein&quot;","block_context":{"text":"Allgemein","link":"https:\/\/paulinenaue.info\/index.php\/category\/allgemein\/"},"img":{"alt_text":"","src":"https:\/\/i0.wp.com\/paulinenaue.info\/wp-content\/uploads\/2025\/09\/DSC00336.jpeg?resize=350%2C200&ssl=1","width":350,"height":200,"srcset":"https:\/\/i0.wp.com\/paulinenaue.info\/wp-content\/uploads\/2025\/09\/DSC00336.jpeg?resize=350%2C200&ssl=1 1x, https:\/\/i0.wp.com\/paulinenaue.info\/wp-content\/uploads\/2025\/09\/DSC00336.jpeg?resize=525%2C300&ssl=1 1.5x, https:\/\/i0.wp.com\/paulinenaue.info\/wp-content\/uploads\/2025\/09\/DSC00336.jpeg?resize=700%2C400&ssl=1 2x"},"classes":[]},{"id":417460,"url":"https:\/\/paulinenaue.info\/index.php\/der-abriss-des-paulinenauer-feuerwehrdepots\/","url_meta":{"origin":419441,"position":2},"title":"Der Abriss des Paulinenauer Feuerwehrdepots","author":"Joachim Scholz","date":"11. M\u00e4rz 2025","format":false,"excerpt":"Ein kleiner Bagger steht noch auf der ansonsten v\u00f6llig planen Fl\u00e4che am Beginn des Br\u00e4dikower Weges, wo sich bis vor Kurzem noch das Paulinenauer Feuerwehrdepot befand. Der Anblick ist neu, denn fast kann man sagen, dass hier in den letzten 60 Jahren ein richtiges kleines Feuerwehrviertel gewachsen war. 1963 begannen\u2026","rel":"","context":"In &quot;Allgemein&quot;","block_context":{"text":"Allgemein","link":"https:\/\/paulinenaue.info\/index.php\/category\/allgemein\/"},"img":{"alt_text":"","src":"https:\/\/i0.wp.com\/paulinenaue.info\/wp-content\/uploads\/2025\/03\/2025-03-10-Abriss-FFW-01.jpeg?resize=350%2C200&ssl=1","width":350,"height":200,"srcset":"https:\/\/i0.wp.com\/paulinenaue.info\/wp-content\/uploads\/2025\/03\/2025-03-10-Abriss-FFW-01.jpeg?resize=350%2C200&ssl=1 1x, https:\/\/i0.wp.com\/paulinenaue.info\/wp-content\/uploads\/2025\/03\/2025-03-10-Abriss-FFW-01.jpeg?resize=525%2C300&ssl=1 1.5x, https:\/\/i0.wp.com\/paulinenaue.info\/wp-content\/uploads\/2025\/03\/2025-03-10-Abriss-FFW-01.jpeg?resize=700%2C400&ssl=1 2x"},"classes":[]},{"id":416933,"url":"https:\/\/paulinenaue.info\/index.php\/paulinenaue-feierte-das-martinsfest\/","url_meta":{"origin":419441,"position":3},"title":"Paulinenaue feierte das Martinsfest","author":"Sarah","date":"13. November 2024","format":false,"excerpt":"Text: Eckhard Vierjahn Temperaturen nahe dem Gefrierpunkt am Sonntag den 10. November machten warme Kleidung erforderlich. Umso mehr konnte man verstehen wie g\u00fctig der heilige Martin war, der mit einem Bettler seinen Mantel teile. Die Gemeindep\u00e4dagogin Rukiye Pr\u00f6hl erz\u00e4hlte eindrucksvoll die Geschichte des heiligen Martin und nahm viele Paulinenauer Kinder,\u2026","rel":"","context":"In &quot;Feuerwehr&quot;","block_context":{"text":"Feuerwehr","link":"https:\/\/paulinenaue.info\/index.php\/category\/feuerwehr\/"},"img":{"alt_text":"","src":"https:\/\/i0.wp.com\/paulinenaue.info\/wp-content\/uploads\/2023\/11\/St.-Martinsfest-4_Ausschnitt.png?resize=350%2C200&ssl=1","width":350,"height":200,"srcset":"https:\/\/i0.wp.com\/paulinenaue.info\/wp-content\/uploads\/2023\/11\/St.-Martinsfest-4_Ausschnitt.png?resize=350%2C200&ssl=1 1x, https:\/\/i0.wp.com\/paulinenaue.info\/wp-content\/uploads\/2023\/11\/St.-Martinsfest-4_Ausschnitt.png?resize=525%2C300&ssl=1 1.5x"},"classes":[]},{"id":418186,"url":"https:\/\/paulinenaue.info\/index.php\/grundsteinlegung-auf-der-baustelle-des-neuen-feuerwehrgeraetehauses-paulinenaue\/","url_meta":{"origin":419441,"position":4},"title":"Grundsteinlegung auf der Baustelle des neuen Feuerwehrger\u00e4tehauses Paulinenaue","author":"Sarah","date":"8. Juli 2025","format":false,"excerpt":"Text und Bilder Eberhard Schwarz \u00a0 Am 03.07.2025 fand auf der Baustelle des neuen Feuerwehrgeb\u00e4udes in Paulinenaue die Grundsteinlegung statt. F\u00fcr Au\u00dfenstehende mutete die Feierstunde wie ein Treffen der Mitglieder der Wehren des Amtes Friesack an. Dem Anlass entsprechend wurde der Bau, die Planung und jetzige Umsetzung von den Amtstr\u00e4gern\u2026","rel":"","context":"In &quot;Dorfentwicklung&quot;","block_context":{"text":"Dorfentwicklung","link":"https:\/\/paulinenaue.info\/index.php\/category\/dorfentwicklung\/"},"img":{"alt_text":"","src":"https:\/\/i0.wp.com\/paulinenaue.info\/wp-content\/uploads\/2025\/07\/Grundstein-2025-2.jpg?resize=350%2C200&ssl=1","width":350,"height":200,"srcset":"https:\/\/i0.wp.com\/paulinenaue.info\/wp-content\/uploads\/2025\/07\/Grundstein-2025-2.jpg?resize=350%2C200&ssl=1 1x, https:\/\/i0.wp.com\/paulinenaue.info\/wp-content\/uploads\/2025\/07\/Grundstein-2025-2.jpg?resize=525%2C300&ssl=1 1.5x, https:\/\/i0.wp.com\/paulinenaue.info\/wp-content\/uploads\/2025\/07\/Grundstein-2025-2.jpg?resize=700%2C400&ssl=1 2x, https:\/\/i0.wp.com\/paulinenaue.info\/wp-content\/uploads\/2025\/07\/Grundstein-2025-2.jpg?resize=1050%2C600&ssl=1 3x, https:\/\/i0.wp.com\/paulinenaue.info\/wp-content\/uploads\/2025\/07\/Grundstein-2025-2.jpg?resize=1400%2C800&ssl=1 4x"},"classes":[]},{"id":4783,"url":"https:\/\/paulinenaue.info\/index.php\/zum-90-geburtstag-feuerwehrfest-auf-dem-grossen-sportplatz\/","url_meta":{"origin":419441,"position":5},"title":"Zum 90. Geburtstag \u2013\u00a0Feuerwehrfest auf dem Gro\u00dfen Sportplatz","author":"Joachim Scholz","date":"18. Mai 2019","format":false,"excerpt":"Auf dem Gro\u00dfen Sportplatz feierte am Samstag die Paulinenauer Freiwillige Feuerwehr mit den Einwohnerinnen und Einwohnern von Paulinenaue und den Vertretern der anderen Wehren des Amtes Friesack ihren 90. Geburtstag. Mit einem festlichen Umzug durchs Dorf hatte alles schon am Vormittag begonnen. Horst Heinze, mit dem ich sprach, schw\u00e4rmte. Der\u2026","rel":"","context":"In &quot;Feuerwehr&quot;","block_context":{"text":"Feuerwehr","link":"https:\/\/paulinenaue.info\/index.php\/category\/feuerwehr\/"},"img":{"alt_text":"","src":"https:\/\/i0.wp.com\/paulinenaue.info\/wp-content\/uploads\/2019\/05\/DSC01257.jpg?resize=350%2C200&ssl=1","width":350,"height":200,"srcset":"https:\/\/i0.wp.com\/paulinenaue.info\/wp-content\/uploads\/2019\/05\/DSC01257.jpg?resize=350%2C200&ssl=1 1x, https:\/\/i0.wp.com\/paulinenaue.info\/wp-content\/uploads\/2019\/05\/DSC01257.jpg?resize=525%2C300&ssl=1 1.5x, https:\/\/i0.wp.com\/paulinenaue.info\/wp-content\/uploads\/2019\/05\/DSC01257.jpg?resize=700%2C400&ssl=1 2x"},"classes":[]}],"_links":{"self":[{"href":"https:\/\/paulinenaue.info\/index.php\/wp-json\/wp\/v2\/posts\/419441","targetHints":{"allow":["GET"]}}],"collection":[{"href":"https:\/\/paulinenaue.info\/index.php\/wp-json\/wp\/v2\/posts"}],"about":[{"href":"https:\/\/paulinenaue.info\/index.php\/wp-json\/wp\/v2\/types\/post"}],"author":[{"embeddable":true,"href":"https:\/\/paulinenaue.info\/index.php\/wp-json\/wp\/v2\/users\/1"}],"replies":[{"embeddable":true,"href":"https:\/\/paulinenaue.info\/index.php\/wp-json\/wp\/v2\/comments?post=419441"}],"version-history":[{"count":4,"href":"https:\/\/paulinenaue.info\/index.php\/wp-json\/wp\/v2\/posts\/419441\/revisions"}],"predecessor-version":[{"id":419462,"href":"https:\/\/paulinenaue.info\/index.php\/wp-json\/wp\/v2\/posts\/419441\/revisions\/419462"}],"wp:featuredmedia":[{"embeddable":true,"href":"https:\/\/paulinenaue.info\/index.php\/wp-json\/wp\/v2\/media\/419446"}],"wp:attachment":[{"href":"https:\/\/paulinenaue.info\/index.php\/wp-json\/wp\/v2\/media?parent=419441"}],"wp:term":[{"taxonomy":"category","embeddable":true,"href":"https:\/\/paulinenaue.info\/index.php\/wp-json\/wp\/v2\/categories?post=419441"},{"taxonomy":"post_tag","embeddable":true,"href":"https:\/\/paulinenaue.info\/index.php\/wp-json\/wp\/v2\/tags?post=419441"}],"curies":[{"name":"wp","href":"https:\/\/api.w.org\/{rel}","templated":true}]}}