{"id":419983,"date":"2026-09-05T16:57:14","date_gmt":"2026-09-05T14:57:14","guid":{"rendered":"https:\/\/paulinenaue.info\/?p=419983"},"modified":"2026-09-05T16:57:14","modified_gmt":"2026-09-05T14:57:14","slug":"schon-gewusst-mammutbaeume-in-selbelang","status":"publish","type":"post","link":"https:\/\/paulinenaue.info\/index.php\/schon-gewusst-mammutbaeume-in-selbelang\/","title":{"rendered":"Schon gewusst? Mammutb\u00e4ume in Selbelang"},"content":{"rendered":"<p><strong>Schon gewusst? Mammutb\u00e4ume in Selbelang<\/strong><\/p>\n<p>\u00dcber das Projekt \u201eVon Bank zu Bank im Havelland\u201c wird auf der Webseite des Tourismusverbandes Havelland berichtet und einige Bankstandorte pr\u00e4sentieren sich dort schon. Mehr dazu unter diesem Link: <a href=\"https:\/\/www.visithavelland.de\/von-bank-zu-bank-im-havelland\">Von Bank zu Bank<\/a><\/p>\n<p>Nun sollen auch die B\u00e4nke in Paulinenaue und Selbelang dazu kommen und daf\u00fcr sollten weitere Informationen zu den Orten zur Verf\u00fcgung gestellt werden. Als ich dies zu Beginn des Jahres gemacht habe, las ich auch \u00fcber Mammutb\u00e4ume in Selbelang. Erich Ball best\u00e4tigte mir, dass es zwei dieser Baumriesen tats\u00e4chlich in Selbelang gibt. Seit 1990 stehen beide sogar als Naturdenkmale unter Schutz. Wie oft ist man schon daran vorbei gefahren ohne davon Notiz genommen zu haben? Ja, der Blick muss daf\u00fcr schon nach oben gehen.<\/p>\n<p>Als ich am 26. August mit Carina Sanders vom Tourismusverband und dem Fotografen Steven Ritzer durch Selbelang unterwegs war, f\u00fchrte uns Erich Ball auch zu den Mammutb\u00e4umen, die als besonderes Fotomotiv ausgew\u00e4hlt wurden. Schon gigantisch, wenn man unten am m\u00e4chtigen Stammt steht und nach oben blickt.<\/p>\n<p>Wenige Tage sp\u00e4ter lese ich im Newsletter des Tourismusverbandes:<\/p>\n<p>SCHON GEWUSST? Es gibt Mammutb\u00e4ume in Selbelang.<br \/>\nErfahren Sie mehr \u00fcber die Mammutb\u00e4ume im Newsletter des Tourismusverbandes: <a href=\"https:\/\/www.visithavelland.de\/amt-friesack?utm_source=brevo&amp;utm_medium=email&amp;utm_campaign=B2C%20Gstenewsletter%20092026_ERNTEZEIT\">Mammutb\u00e4ume in Selbelang<\/a><\/p>\n<p>Das sollte also auch auf unserer Webseite eine Meldung unter \u201aNeuigkeiten\u2018 wert sein. F\u00fcr mich war es zu Beginn des Jahres eine Neuigkeit, bestimmt auch f\u00fcr weitere Paulinenauer oder sogar Selbelanger. Es lohnt sich also, mal in Ruhe durch Selbelang zu gehen. Wer eine Pause ben\u00f6tigt kann sich auf der <a href=\"https:\/\/paulinenaue.info\/index.php\/selbelanger-kirchbaenke\/\">Kirchbank<\/a> ausruhen und von dort aus sogar die Mammutb\u00e4ume hinter der alten Brennerei und in der Parkstra\u00dfe sehen. Im Hofladen gibt es zudem f\u00fcr eine St\u00e4rkung leckeren Kuchen und Kaffee.<br \/>\nVielleicht gelingt es ja auch noch, das Alter der B\u00e4ume genau zu bestimmen.<\/p>\n<p>Text und Foto: Eckhard Vierjahn<\/p>\n","protected":false},"excerpt":{"rendered":"<p>Schon gewusst? Mammutb\u00e4ume in Selbelang \u00dcber das Projekt \u201eVon Bank [&hellip;]<\/p>\n","protected":false},"author":31,"featured_media":419984,"comment_status":"open","ping_status":"open","sticky":false,"template":"","format":"standard","meta":{"_acf_changed":false,"_price":"","_stock":"","_tribe_ticket_header":"","_tribe_default_ticket_provider":"","_tribe_ticket_capacity":"","_ticket_start_date":"","_ticket_end_date":"","_tribe_ticket_show_description":"","_tribe_ticket_show_not_going":false,"_tribe_ticket_use_global_stock":"","_tribe_ticket_global_stock_level":"","_global_stock_mode":"","_global_stock_cap":"","_tribe_rsvp_for_event":"","_tribe_ticket_going_count":"","_tribe_ticket_not_going_count":"","_tribe_tickets_list":"[]","_tribe_ticket_has_attendee_info_fields":false,"_jetpack_newsletter_access":"","_jetpack_dont_email_post_to_subs":false,"_jetpack_newsletter_tier_id":0,"_jetpack_memberships_contains_paywalled_content":false,"_jetpack_feature_clip_id":0,"_jetpack_memberships_contains_paid_content":false,"footnotes":"","jetpack_publicize_message":"","jetpack_publicize_feature_enabled":true,"jetpack_social_post_already_shared":true,"jetpack_social_options":{"image_generator_settings":{"template":"highway","default_image_id":0,"font":"","enabled":false},"version":2},"jetpack_post_was_ever_published":false},"categories":[354,8],"tags":[706],"class_list":["post-419983","post","type-post","status-publish","format-standard","has-post-thumbnail","hentry","category-selbelang","category-tourismus","tag-mammutbaum"],"acf":[],"yoast_head":"<!-- This site is optimized with the Yoast SEO plugin v28.4 - https:\/\/yoast.com\/product\/yoast-seo-wordpress\/ -->\n<title>Schon gewusst? Mammutb\u00e4ume in Selbelang - Paulinenaue<\/title>\n<meta name=\"description\" content=\"Mammutb\u00e4ume in Selbelang\" \/>\n<meta name=\"robots\" content=\"index, follow, max-snippet:-1, max-image-preview:large, max-video-preview:-1\" \/>\n<link rel=\"canonical\" href=\"https:\/\/paulinenaue.info\/index.php\/schon-gewusst-mammutbaeume-in-selbelang\/\" \/>\n<meta property=\"og:locale\" content=\"de_DE\" \/>\n<meta property=\"og:type\" content=\"article\" \/>\n<meta property=\"og:title\" content=\"Schon gewusst? Mammutb\u00e4ume in Selbelang - Paulinenaue\" \/>\n<meta property=\"og:description\" content=\"Mammutb\u00e4ume in Selbelang\" \/>\n<meta property=\"og:url\" content=\"https:\/\/paulinenaue.info\/index.php\/schon-gewusst-mammutbaeume-in-selbelang\/\" \/>\n<meta property=\"og:site_name\" content=\"Paulinenaue\" \/>\n<meta property=\"article:published_time\" content=\"2026-09-05T14:57:14+00:00\" \/>\n<meta property=\"og:image\" content=\"https:\/\/paulinenaue.info\/wp-content\/uploads\/2026\/09\/Mammutbaum-Website-verkleinert-rotated.jpg\" \/>\n\t<meta property=\"og:image:width\" content=\"750\" \/>\n\t<meta property=\"og:image:height\" content=\"1000\" \/>\n\t<meta property=\"og:image:type\" content=\"image\/jpeg\" \/>\n<meta name=\"author\" content=\"Eckhard Vierjahn\" \/>\n<meta name=\"twitter:card\" content=\"summary_large_image\" \/>\n<meta name=\"twitter:label1\" content=\"Verfasst von\" \/>\n\t<meta name=\"twitter:data1\" content=\"Eckhard Vierjahn\" \/>\n\t<meta name=\"twitter:label2\" content=\"Gesch\u00e4tzte Lesezeit\" \/>\n\t<meta name=\"twitter:data2\" content=\"2\u00a0Minuten\" \/>\n<script type=\"application\/ld+json\" class=\"yoast-schema-graph\">{\"@context\":\"https:\\\/\\\/schema.org\",\"@graph\":[{\"@type\":\"Article\",\"@id\":\"https:\\\/\\\/paulinenaue.info\\\/index.php\\\/schon-gewusst-mammutbaeume-in-selbelang\\\/#article\",\"isPartOf\":{\"@id\":\"https:\\\/\\\/paulinenaue.info\\\/index.php\\\/schon-gewusst-mammutbaeume-in-selbelang\\\/\"},\"author\":{\"name\":\"Eckhard Vierjahn\",\"@id\":\"https:\\\/\\\/paulinenaue.info\\\/#\\\/schema\\\/person\\\/c767a512f914502eefbc97cb88b340da\"},\"headline\":\"Schon gewusst? Mammutb\u00e4ume in Selbelang\",\"datePublished\":\"2026-09-05T14:57:14+00:00\",\"mainEntityOfPage\":{\"@id\":\"https:\\\/\\\/paulinenaue.info\\\/index.php\\\/schon-gewusst-mammutbaeume-in-selbelang\\\/\"},\"wordCount\":324,\"commentCount\":0,\"image\":{\"@id\":\"https:\\\/\\\/paulinenaue.info\\\/index.php\\\/schon-gewusst-mammutbaeume-in-selbelang\\\/#primaryimage\"},\"thumbnailUrl\":\"https:\\\/\\\/paulinenaue.info\\\/wp-content\\\/uploads\\\/2026\\\/09\\\/Mammutbaum-Website-verkleinert-rotated.jpg\",\"keywords\":[\"Mammutbaum\"],\"articleSection\":[\"Selbelang\",\"Tourismus\"],\"inLanguage\":\"de\",\"potentialAction\":[{\"@type\":\"CommentAction\",\"name\":\"Comment\",\"target\":[\"https:\\\/\\\/paulinenaue.info\\\/index.php\\\/schon-gewusst-mammutbaeume-in-selbelang\\\/#respond\"]}]},{\"@type\":\"WebPage\",\"@id\":\"https:\\\/\\\/paulinenaue.info\\\/index.php\\\/schon-gewusst-mammutbaeume-in-selbelang\\\/\",\"url\":\"https:\\\/\\\/paulinenaue.info\\\/index.php\\\/schon-gewusst-mammutbaeume-in-selbelang\\\/\",\"name\":\"Schon gewusst? Mammutb\u00e4ume in Selbelang - Paulinenaue\",\"isPartOf\":{\"@id\":\"https:\\\/\\\/paulinenaue.info\\\/#website\"},\"primaryImageOfPage\":{\"@id\":\"https:\\\/\\\/paulinenaue.info\\\/index.php\\\/schon-gewusst-mammutbaeume-in-selbelang\\\/#primaryimage\"},\"image\":{\"@id\":\"https:\\\/\\\/paulinenaue.info\\\/index.php\\\/schon-gewusst-mammutbaeume-in-selbelang\\\/#primaryimage\"},\"thumbnailUrl\":\"https:\\\/\\\/paulinenaue.info\\\/wp-content\\\/uploads\\\/2026\\\/09\\\/Mammutbaum-Website-verkleinert-rotated.jpg\",\"datePublished\":\"2026-09-05T14:57:14+00:00\",\"author\":{\"@id\":\"https:\\\/\\\/paulinenaue.info\\\/#\\\/schema\\\/person\\\/c767a512f914502eefbc97cb88b340da\"},\"description\":\"Mammutb\u00e4ume in Selbelang\",\"breadcrumb\":{\"@id\":\"https:\\\/\\\/paulinenaue.info\\\/index.php\\\/schon-gewusst-mammutbaeume-in-selbelang\\\/#breadcrumb\"},\"inLanguage\":\"de\",\"potentialAction\":[{\"@type\":\"ReadAction\",\"target\":[\"https:\\\/\\\/paulinenaue.info\\\/index.php\\\/schon-gewusst-mammutbaeume-in-selbelang\\\/\"]}]},{\"@type\":\"ImageObject\",\"inLanguage\":\"de\",\"@id\":\"https:\\\/\\\/paulinenaue.info\\\/index.php\\\/schon-gewusst-mammutbaeume-in-selbelang\\\/#primaryimage\",\"url\":\"https:\\\/\\\/paulinenaue.info\\\/wp-content\\\/uploads\\\/2026\\\/09\\\/Mammutbaum-Website-verkleinert-rotated.jpg\",\"contentUrl\":\"https:\\\/\\\/paulinenaue.info\\\/wp-content\\\/uploads\\\/2026\\\/09\\\/Mammutbaum-Website-verkleinert-rotated.jpg\",\"width\":750,\"height\":1000},{\"@type\":\"BreadcrumbList\",\"@id\":\"https:\\\/\\\/paulinenaue.info\\\/index.php\\\/schon-gewusst-mammutbaeume-in-selbelang\\\/#breadcrumb\",\"itemListElement\":[{\"@type\":\"ListItem\",\"position\":1,\"name\":\"Home\",\"item\":\"https:\\\/\\\/paulinenaue.info\\\/\"},{\"@type\":\"ListItem\",\"position\":2,\"name\":\"Schon gewusst? Mammutb\u00e4ume in Selbelang\"}]},{\"@type\":\"WebSite\",\"@id\":\"https:\\\/\\\/paulinenaue.info\\\/#website\",\"url\":\"https:\\\/\\\/paulinenaue.info\\\/\",\"name\":\"Paulinenaue\",\"description\":\"Ein Dorf im Havelland\",\"potentialAction\":[{\"@type\":\"SearchAction\",\"target\":{\"@type\":\"EntryPoint\",\"urlTemplate\":\"https:\\\/\\\/paulinenaue.info\\\/?s={search_term_string}\"},\"query-input\":{\"@type\":\"PropertyValueSpecification\",\"valueRequired\":true,\"valueName\":\"search_term_string\"}}],\"inLanguage\":\"de\"},{\"@type\":\"Person\",\"@id\":\"https:\\\/\\\/paulinenaue.info\\\/#\\\/schema\\\/person\\\/c767a512f914502eefbc97cb88b340da\",\"name\":\"Eckhard Vierjahn\",\"url\":\"https:\\\/\\\/paulinenaue.info\\\/index.php\\\/author\\\/eckhard-vierjahn\\\/\"}]}<\/script>\n<!-- \/ Yoast SEO plugin. -->","yoast_head_json":{"title":"Schon gewusst? Mammutb\u00e4ume in Selbelang - Paulinenaue","description":"Mammutb\u00e4ume in Selbelang","robots":{"index":"index","follow":"follow","max-snippet":"max-snippet:-1","max-image-preview":"max-image-preview:large","max-video-preview":"max-video-preview:-1"},"canonical":"https:\/\/paulinenaue.info\/index.php\/schon-gewusst-mammutbaeume-in-selbelang\/","og_locale":"de_DE","og_type":"article","og_title":"Schon gewusst? Mammutb\u00e4ume in Selbelang - Paulinenaue","og_description":"Mammutb\u00e4ume in Selbelang","og_url":"https:\/\/paulinenaue.info\/index.php\/schon-gewusst-mammutbaeume-in-selbelang\/","og_site_name":"Paulinenaue","article_published_time":"2026-09-05T14:57:14+00:00","og_image":[{"width":750,"height":1000,"url":"https:\/\/paulinenaue.info\/wp-content\/uploads\/2026\/09\/Mammutbaum-Website-verkleinert-rotated.jpg","type":"image\/jpeg"}],"author":"Eckhard Vierjahn","twitter_card":"summary_large_image","twitter_misc":{"Verfasst von":"Eckhard Vierjahn","Gesch\u00e4tzte Lesezeit":"2\u00a0Minuten"},"schema":{"@context":"https:\/\/schema.org","@graph":[{"@type":"Article","@id":"https:\/\/paulinenaue.info\/index.php\/schon-gewusst-mammutbaeume-in-selbelang\/#article","isPartOf":{"@id":"https:\/\/paulinenaue.info\/index.php\/schon-gewusst-mammutbaeume-in-selbelang\/"},"author":{"name":"Eckhard Vierjahn","@id":"https:\/\/paulinenaue.info\/#\/schema\/person\/c767a512f914502eefbc97cb88b340da"},"headline":"Schon gewusst? Mammutb\u00e4ume in Selbelang","datePublished":"2026-09-05T14:57:14+00:00","mainEntityOfPage":{"@id":"https:\/\/paulinenaue.info\/index.php\/schon-gewusst-mammutbaeume-in-selbelang\/"},"wordCount":324,"commentCount":0,"image":{"@id":"https:\/\/paulinenaue.info\/index.php\/schon-gewusst-mammutbaeume-in-selbelang\/#primaryimage"},"thumbnailUrl":"https:\/\/paulinenaue.info\/wp-content\/uploads\/2026\/09\/Mammutbaum-Website-verkleinert-rotated.jpg","keywords":["Mammutbaum"],"articleSection":["Selbelang","Tourismus"],"inLanguage":"de","potentialAction":[{"@type":"CommentAction","name":"Comment","target":["https:\/\/paulinenaue.info\/index.php\/schon-gewusst-mammutbaeume-in-selbelang\/#respond"]}]},{"@type":"WebPage","@id":"https:\/\/paulinenaue.info\/index.php\/schon-gewusst-mammutbaeume-in-selbelang\/","url":"https:\/\/paulinenaue.info\/index.php\/schon-gewusst-mammutbaeume-in-selbelang\/","name":"Schon gewusst? Mammutb\u00e4ume in Selbelang - Paulinenaue","isPartOf":{"@id":"https:\/\/paulinenaue.info\/#website"},"primaryImageOfPage":{"@id":"https:\/\/paulinenaue.info\/index.php\/schon-gewusst-mammutbaeume-in-selbelang\/#primaryimage"},"image":{"@id":"https:\/\/paulinenaue.info\/index.php\/schon-gewusst-mammutbaeume-in-selbelang\/#primaryimage"},"thumbnailUrl":"https:\/\/paulinenaue.info\/wp-content\/uploads\/2026\/09\/Mammutbaum-Website-verkleinert-rotated.jpg","datePublished":"2026-09-05T14:57:14+00:00","author":{"@id":"https:\/\/paulinenaue.info\/#\/schema\/person\/c767a512f914502eefbc97cb88b340da"},"description":"Mammutb\u00e4ume in Selbelang","breadcrumb":{"@id":"https:\/\/paulinenaue.info\/index.php\/schon-gewusst-mammutbaeume-in-selbelang\/#breadcrumb"},"inLanguage":"de","potentialAction":[{"@type":"ReadAction","target":["https:\/\/paulinenaue.info\/index.php\/schon-gewusst-mammutbaeume-in-selbelang\/"]}]},{"@type":"ImageObject","inLanguage":"de","@id":"https:\/\/paulinenaue.info\/index.php\/schon-gewusst-mammutbaeume-in-selbelang\/#primaryimage","url":"https:\/\/paulinenaue.info\/wp-content\/uploads\/2026\/09\/Mammutbaum-Website-verkleinert-rotated.jpg","contentUrl":"https:\/\/paulinenaue.info\/wp-content\/uploads\/2026\/09\/Mammutbaum-Website-verkleinert-rotated.jpg","width":750,"height":1000},{"@type":"BreadcrumbList","@id":"https:\/\/paulinenaue.info\/index.php\/schon-gewusst-mammutbaeume-in-selbelang\/#breadcrumb","itemListElement":[{"@type":"ListItem","position":1,"name":"Home","item":"https:\/\/paulinenaue.info\/"},{"@type":"ListItem","position":2,"name":"Schon gewusst? Mammutb\u00e4ume in Selbelang"}]},{"@type":"WebSite","@id":"https:\/\/paulinenaue.info\/#website","url":"https:\/\/paulinenaue.info\/","name":"Paulinenaue","description":"Ein Dorf im Havelland","potentialAction":[{"@type":"SearchAction","target":{"@type":"EntryPoint","urlTemplate":"https:\/\/paulinenaue.info\/?s={search_term_string}"},"query-input":{"@type":"PropertyValueSpecification","valueRequired":true,"valueName":"search_term_string"}}],"inLanguage":"de"},{"@type":"Person","@id":"https:\/\/paulinenaue.info\/#\/schema\/person\/c767a512f914502eefbc97cb88b340da","name":"Eckhard Vierjahn","url":"https:\/\/paulinenaue.info\/index.php\/author\/eckhard-vierjahn\/"}]}},"jetpack_publicize_connections":[],"jetpack_sharing_enabled":true,"jetpack_shortlink":"https:\/\/wp.me\/pcYhWA-1LfV","jetpack-related-posts":[{"id":418667,"url":"https:\/\/paulinenaue.info\/index.php\/selbelanger-kirchbaenke\/","url_meta":{"origin":419983,"position":0},"title":"Einweihung der Selbelanger Kirchb\u00e4nke","author":"Joachim Scholz","date":"3. Dezember 2025","format":false,"excerpt":"30.11.2025. In unmittelbarer N\u00e4he zur sp\u00e4tgotischen Kirche St. Nikolai Selbelang, unter einem Schatten spendenden Ahornbaum, stehen seit September 2025 zwei schmucke h\u00f6lzerne B\u00e4nke und ein Tisch. Der Tisch tr\u00e4gt ein Wappen, das ein Motiv der Wetterfahne der Selbelanger Dorfkirche aufnimmt. Man erkennt darauf einen Pelikan mit seinen Jungen: ein Sinnbild\u2026","rel":"","context":"In &quot;Dorfentwicklung&quot;","block_context":{"text":"Dorfentwicklung","link":"https:\/\/paulinenaue.info\/index.php\/category\/dorfentwicklung\/"},"img":{"alt_text":"","src":"https:\/\/i0.wp.com\/paulinenaue.info\/wp-content\/uploads\/2025\/12\/2025-11-30-Bankeinweihung.jpg?resize=350%2C200&ssl=1","width":350,"height":200,"srcset":"https:\/\/i0.wp.com\/paulinenaue.info\/wp-content\/uploads\/2025\/12\/2025-11-30-Bankeinweihung.jpg?resize=350%2C200&ssl=1 1x, https:\/\/i0.wp.com\/paulinenaue.info\/wp-content\/uploads\/2025\/12\/2025-11-30-Bankeinweihung.jpg?resize=525%2C300&ssl=1 1.5x, https:\/\/i0.wp.com\/paulinenaue.info\/wp-content\/uploads\/2025\/12\/2025-11-30-Bankeinweihung.jpg?resize=700%2C400&ssl=1 2x, https:\/\/i0.wp.com\/paulinenaue.info\/wp-content\/uploads\/2025\/12\/2025-11-30-Bankeinweihung.jpg?resize=1050%2C600&ssl=1 3x, https:\/\/i0.wp.com\/paulinenaue.info\/wp-content\/uploads\/2025\/12\/2025-11-30-Bankeinweihung.jpg?resize=1400%2C800&ssl=1 4x"},"classes":[]},{"id":1166,"url":"https:\/\/paulinenaue.info\/index.php\/paulinenaues-nachbarn\/","url_meta":{"origin":419983,"position":1},"title":"Paulinenaues Nachbarn","author":"Sarah","date":"21. Juni 2017","format":false,"excerpt":"29.11.2005 Nach der Novemberumfrage im Fotoforum k\u00f6nnte man vermuten, dass Wagenitzer unter den Besuchern unserer Interetseite reichlich vertreten sind. Oder sollte Wagenitz wirklich so sch\u00f6n sein? Ein Fototoermin an einem der letzten sonnigen Herbstwochenenden ergab das folgende Portrait der wichtigsten Nachbarorte Paulinenaues und eine interessante Verteilung von engagiertem Auschwung und\u2026","rel":"","context":"In &quot;Allgemein&quot;","block_context":{"text":"Allgemein","link":"https:\/\/paulinenaue.info\/index.php\/category\/allgemein\/"},"img":{"alt_text":"Umfrage im Fotoforum vom 20.10. bis 21.11.2005 mit 47 Stimmen.","src":"https:\/\/i0.wp.com\/paulinenaue.info\/wp-content\/uploads\/2017\/06\/200511_nachbarorte.jpg?resize=350%2C200","width":350,"height":200},"classes":[]},{"id":418155,"url":"https:\/\/paulinenaue.info\/index.php\/sommerfest-in-selbelang\/","url_meta":{"origin":419983,"position":2},"title":"Sommerfest in Selbelang","author":"Sarah","date":"17. Juni 2025","format":false,"excerpt":"Text und Fotos Eckhard Vierjahn Gleich mehrere Anl\u00e4sse gab es f\u00fcr die Selbelanger am 14. Juni 2025 zu feiern. Selbelang feierte Sommerfest sowie 25 Jahre Kinder- und Jugendfeuerwehr und nachtr\u00e4glich auch den Kindertag. Traditionell findet das Sommerfest im Ortszentrum auf den Freifl\u00e4chen neben der Kirche und der Feuerwehr statt. Die\u2026","rel":"","context":"In &quot;Neuigkeiten&quot;","block_context":{"text":"Neuigkeiten","link":"https:\/\/paulinenaue.info\/index.php\/category\/neuigkeiten\/"},"img":{"alt_text":"","src":"https:\/\/i0.wp.com\/paulinenaue.info\/wp-content\/uploads\/2025\/06\/Selbelang-25-06-14-1.jpeg?resize=350%2C200&ssl=1","width":350,"height":200,"srcset":"https:\/\/i0.wp.com\/paulinenaue.info\/wp-content\/uploads\/2025\/06\/Selbelang-25-06-14-1.jpeg?resize=350%2C200&ssl=1 1x, https:\/\/i0.wp.com\/paulinenaue.info\/wp-content\/uploads\/2025\/06\/Selbelang-25-06-14-1.jpeg?resize=525%2C300&ssl=1 1.5x, https:\/\/i0.wp.com\/paulinenaue.info\/wp-content\/uploads\/2025\/06\/Selbelang-25-06-14-1.jpeg?resize=700%2C400&ssl=1 2x, https:\/\/i0.wp.com\/paulinenaue.info\/wp-content\/uploads\/2025\/06\/Selbelang-25-06-14-1.jpeg?resize=1050%2C600&ssl=1 3x, https:\/\/i0.wp.com\/paulinenaue.info\/wp-content\/uploads\/2025\/06\/Selbelang-25-06-14-1.jpeg?resize=1400%2C800&ssl=1 4x"},"classes":[]},{"id":417007,"url":"https:\/\/paulinenaue.info\/index.php\/100-jahre-gemeinde-paulinenaue-2\/","url_meta":{"origin":419983,"position":3},"title":"8. Dezember 2024 \u2013\u00a0100 Jahre Gemeinde Paulinenaue","author":"Joachim Scholz","date":"8. Dezember 2024","format":false,"excerpt":"Herzlichen Gl\u00fcckwunsch, aber feiern wir vielleicht das falsche Jubil\u00e4um? Vortrag von Joachim Scholz zur Feierstunde am 16.11.2024 im Saal des ehemaligen MZG Paulinenaue Nicht lange her, da wurden in Paulinenaue 100 Jahre Sportverein gefeiert, auch einen Friedhof gibt es seit etwa 100 Jahren in Paulinenaue. Damals muss also ganz sch\u00f6n\u2026","rel":"","context":"In &quot;Dorfentwicklung&quot;","block_context":{"text":"Dorfentwicklung","link":"https:\/\/paulinenaue.info\/index.php\/category\/dorfentwicklung\/"},"img":{"alt_text":"","src":"https:\/\/i0.wp.com\/paulinenaue.info\/wp-content\/uploads\/2024\/12\/Paulinenaue-Schmiede-und-Strasse-um-1920.jpg?resize=350%2C200&ssl=1","width":350,"height":200,"srcset":"https:\/\/i0.wp.com\/paulinenaue.info\/wp-content\/uploads\/2024\/12\/Paulinenaue-Schmiede-und-Strasse-um-1920.jpg?resize=350%2C200&ssl=1 1x, https:\/\/i0.wp.com\/paulinenaue.info\/wp-content\/uploads\/2024\/12\/Paulinenaue-Schmiede-und-Strasse-um-1920.jpg?resize=525%2C300&ssl=1 1.5x, https:\/\/i0.wp.com\/paulinenaue.info\/wp-content\/uploads\/2024\/12\/Paulinenaue-Schmiede-und-Strasse-um-1920.jpg?resize=700%2C400&ssl=1 2x"},"classes":[]},{"id":419452,"url":"https:\/\/paulinenaue.info\/index.php\/havellaendische-ehrenamtsmedaille-fuer-erich-ball\/","url_meta":{"origin":419983,"position":4},"title":"Havell\u00e4ndische Ehrenamtsmedaille f\u00fcr Erich Ball","author":"Eckhard Vierjahn","date":"25. April 2026","format":false,"excerpt":"Am 17. April 2026 zeichnete Landrat Roger Lewandowski auf Schloss Ribbeck 43 M\u00e4nner und Frauen f\u00fcr ihr ehrenamtliches Engagement aus. Zu den Geehrten Im Bereich Heimat, Gemeinschaft und Politik geh\u00f6rt der Selbelanger Erich Ball. Als die Frage aufkam, wer aus Paulinenaue f\u00fcr sein besonderes und langj\u00e4hriges Engagement im Ehrenamt ausgezeichnet\u2026","rel":"","context":"In &quot;Ehrenamt&quot;","block_context":{"text":"Ehrenamt","link":"https:\/\/paulinenaue.info\/index.php\/category\/ehrenamt\/"},"img":{"alt_text":"","src":"https:\/\/i0.wp.com\/paulinenaue.info\/wp-content\/uploads\/2026\/04\/Ball_E-Website-1.jpg?resize=350%2C200&ssl=1","width":350,"height":200,"srcset":"https:\/\/i0.wp.com\/paulinenaue.info\/wp-content\/uploads\/2026\/04\/Ball_E-Website-1.jpg?resize=350%2C200&ssl=1 1x, https:\/\/i0.wp.com\/paulinenaue.info\/wp-content\/uploads\/2026\/04\/Ball_E-Website-1.jpg?resize=525%2C300&ssl=1 1.5x, https:\/\/i0.wp.com\/paulinenaue.info\/wp-content\/uploads\/2026\/04\/Ball_E-Website-1.jpg?resize=700%2C400&ssl=1 2x, https:\/\/i0.wp.com\/paulinenaue.info\/wp-content\/uploads\/2026\/04\/Ball_E-Website-1.jpg?resize=1050%2C600&ssl=1 3x"},"classes":[]},{"id":419258,"url":"https:\/\/paulinenaue.info\/index.php\/der-osterstrauss-des-jahres-2026\/","url_meta":{"origin":419983,"position":5},"title":"Der Osterstrau\u00df des Jahres 2026","author":"Joachim Scholz","date":"4. April 2026","format":false,"excerpt":"Erkundungen in Paulinenaue und Selbelang \u201eThere is nothing you can do that can't be done,\u201c sangen 1967 die Beatles in ihrem Klassiker \u201eAll You Need is Love\u201c. Es gibt nichts Originelles, alles ist so oder \u00e4hnlich schon mal da gewesen. Wenn man allerdings \u201eOsterstrau\u00df des Jahres \u201c in die KI\u2026","rel":"","context":"In &quot;Allgemein&quot;","block_context":{"text":"Allgemein","link":"https:\/\/paulinenaue.info\/index.php\/category\/allgemein\/"},"img":{"alt_text":"","src":"https:\/\/i0.wp.com\/paulinenaue.info\/wp-content\/uploads\/2026\/04\/2026-04-04-Osterstrauss-01.jpeg?resize=350%2C200&ssl=1","width":350,"height":200,"srcset":"https:\/\/i0.wp.com\/paulinenaue.info\/wp-content\/uploads\/2026\/04\/2026-04-04-Osterstrauss-01.jpeg?resize=350%2C200&ssl=1 1x, https:\/\/i0.wp.com\/paulinenaue.info\/wp-content\/uploads\/2026\/04\/2026-04-04-Osterstrauss-01.jpeg?resize=525%2C300&ssl=1 1.5x, https:\/\/i0.wp.com\/paulinenaue.info\/wp-content\/uploads\/2026\/04\/2026-04-04-Osterstrauss-01.jpeg?resize=700%2C400&ssl=1 2x"},"classes":[]}],"jetpack_featured_media_url":"https:\/\/paulinenaue.info\/wp-content\/uploads\/2026\/09\/Mammutbaum-Website-verkleinert-rotated.jpg","_links":{"self":[{"href":"https:\/\/paulinenaue.info\/index.php\/wp-json\/wp\/v2\/posts\/419983","targetHints":{"allow":["GET"]}}],"collection":[{"href":"https:\/\/paulinenaue.info\/index.php\/wp-json\/wp\/v2\/posts"}],"about":[{"href":"https:\/\/paulinenaue.info\/index.php\/wp-json\/wp\/v2\/types\/post"}],"author":[{"embeddable":true,"href":"https:\/\/paulinenaue.info\/index.php\/wp-json\/wp\/v2\/users\/31"}],"replies":[{"embeddable":true,"href":"https:\/\/paulinenaue.info\/index.php\/wp-json\/wp\/v2\/comments?post=419983"}],"version-history":[{"count":4,"href":"https:\/\/paulinenaue.info\/index.php\/wp-json\/wp\/v2\/posts\/419983\/revisions"}],"predecessor-version":[{"id":419988,"href":"https:\/\/paulinenaue.info\/index.php\/wp-json\/wp\/v2\/posts\/419983\/revisions\/419988"}],"wp:featuredmedia":[{"embeddable":true,"href":"https:\/\/paulinenaue.info\/index.php\/wp-json\/wp\/v2\/media\/419984"}],"wp:attachment":[{"href":"https:\/\/paulinenaue.info\/index.php\/wp-json\/wp\/v2\/media?parent=419983"}],"wp:term":[{"taxonomy":"category","embeddable":true,"href":"https:\/\/paulinenaue.info\/index.php\/wp-json\/wp\/v2\/categories?post=419983"},{"taxonomy":"post_tag","embeddable":true,"href":"https:\/\/paulinenaue.info\/index.php\/wp-json\/wp\/v2\/tags?post=419983"}],"curies":[{"name":"wp","href":"https:\/\/api.w.org\/{rel}","templated":true}]}}