{"id":4607,"date":"2019-03-31T00:57:17","date_gmt":"2019-03-30T23:57:17","guid":{"rendered":"http:\/\/paulinenaue.info\/?p=4607"},"modified":"2019-03-31T01:09:38","modified_gmt":"2019-03-31T00:09:38","slug":"schleiereulen-turmfalken-und-dohlen","status":"publish","type":"post","link":"https:\/\/paulinenaue.info\/index.php\/schleiereulen-turmfalken-und-dohlen\/","title":{"rendered":"Schleiereulen, Turmfalken und Dohlen"},"content":{"rendered":"<p>Wie und wo leben Turmfalken, Dohlen und Schleiereulen im Havelland? Schnell ist man mit einer solchen Frage \u00fcberfordert. Gibt es \u00fcberhaupt Schleiereulen hier bei uns?\u00a0 Die 30 Besucher der vom Kulturverein und dem NABU Osthavelland gemeinsam organisierten Vortragsveranstaltung im Paulinenauer Feuerwehrdepot waren am vergangenen Freitag aufmerksame Zuh\u00f6rer einer interessanten Pr\u00e4sentation und wissen nun mehr.<\/p>\n<p>Die vom Aussterben bedrohten Vogelarten sind tats\u00e4chlich hier zu Hause. Sie leben in Kircht\u00fcrmen (wie dem in Br\u00e4dikow), in Trafot\u00fcrmen (zum Beispiel dem an der \u201eKAP\u201c-Stra\u00dfe bei Berge) oder in Scheunen. Sie m\u00f6gen es ruhig und brauchen unseren Schutz und unsere Pflege.<\/p>\n<div id=\"attachment_4613\" style=\"width: 1010px\" class=\"wp-caption alignnone\"><a href=\"http:\/\/paulinenaue.info\/wp-content\/uploads\/2019\/03\/DSC09866.jpg\"><img decoding=\"async\" aria-describedby=\"caption-attachment-4613\" data-attachment-id=\"4613\" data-permalink=\"https:\/\/paulinenaue.info\/index.php\/schleiereulen-turmfalken-und-dohlen\/dsc09866\/\" data-orig-file=\"https:\/\/paulinenaue.info\/wp-content\/uploads\/2019\/03\/DSC09866.jpg\" data-orig-size=\"1000,667\" data-comments-opened=\"1\" data-image-meta=\"{&quot;aperture&quot;:&quot;2.8&quot;,&quot;credit&quot;:&quot;&quot;,&quot;camera&quot;:&quot;DSC-RX10&quot;,&quot;caption&quot;:&quot;&quot;,&quot;created_timestamp&quot;:&quot;1553887787&quot;,&quot;copyright&quot;:&quot;&quot;,&quot;focal_length&quot;:&quot;8.8&quot;,&quot;iso&quot;:&quot;1250&quot;,&quot;shutter_speed&quot;:&quot;0.125&quot;,&quot;title&quot;:&quot;&quot;,&quot;orientation&quot;:&quot;1&quot;}\" data-image-title=\"DSC09866\" data-image-description=\"\" data-image-caption=\"\" data-large-file=\"https:\/\/paulinenaue.info\/wp-content\/uploads\/2019\/03\/DSC09866.jpg\" class=\"lazyload wp-image-4613 size-full\" src=\"http:\/\/paulinenaue.info\/wp-content\/uploads\/2019\/03\/DSC09866.jpg\" data-orig-src=\"http:\/\/paulinenaue.info\/wp-content\/uploads\/2019\/03\/DSC09866.jpg\" alt=\"\" width=\"1000\" height=\"667\" srcset=\"data:image\/svg+xml,%3Csvg%20xmlns%3D%27http%3A%2F%2Fwww.w3.org%2F2000%2Fsvg%27%20width%3D%271000%27%20height%3D%27667%27%20viewBox%3D%270%200%201000%20667%27%3E%3Crect%20width%3D%271000%27%20height%3D%27667%27%20fill-opacity%3D%220%22%2F%3E%3C%2Fsvg%3E\" data-srcset=\"https:\/\/paulinenaue.info\/wp-content\/uploads\/2019\/03\/DSC09866-272x182.jpg 272w, https:\/\/paulinenaue.info\/wp-content\/uploads\/2019\/03\/DSC09866-300x200.jpg 300w, https:\/\/paulinenaue.info\/wp-content\/uploads\/2019\/03\/DSC09866-600x400.jpg 600w, https:\/\/paulinenaue.info\/wp-content\/uploads\/2019\/03\/DSC09866-768x512.jpg 768w, https:\/\/paulinenaue.info\/wp-content\/uploads\/2019\/03\/DSC09866-958x639.jpg 958w, https:\/\/paulinenaue.info\/wp-content\/uploads\/2019\/03\/DSC09866.jpg 1000w\" data-sizes=\"auto\" data-orig-sizes=\"(max-width: 1000px) 100vw, 1000px\" \/><\/a><p id=\"caption-attachment-4613\" class=\"wp-caption-text\">Konrad Bauer vom NABU sprach am 29.03.2019 in Paulinenaue \u00fcber die Schutzbem\u00fchungen f\u00fcr bedrohte Vogelarten.<\/p><\/div>\n<p>Diese Aufgabe haben sich Konrad Bauer und Monika Weber gestellt. Mit tollen Fotoaufnahmen dokumentieren sie an diesem Abend ihre ehrenamtliche Arbeit. In seinem Vortrag konnte Konrad Bauer Einblicke in die wichtige T\u00e4tigkeit zum Schutz der Tiere geben.<\/p>\n<div id=\"attachment_4614\" style=\"width: 1010px\" class=\"wp-caption alignnone\"><a href=\"http:\/\/paulinenaue.info\/wp-content\/uploads\/2019\/03\/DSC09861.jpg\"><img decoding=\"async\" aria-describedby=\"caption-attachment-4614\" data-attachment-id=\"4614\" data-permalink=\"https:\/\/paulinenaue.info\/index.php\/schleiereulen-turmfalken-und-dohlen\/dsc09861\/\" data-orig-file=\"https:\/\/paulinenaue.info\/wp-content\/uploads\/2019\/03\/DSC09861.jpg\" data-orig-size=\"1000,667\" data-comments-opened=\"1\" data-image-meta=\"{&quot;aperture&quot;:&quot;2.8&quot;,&quot;credit&quot;:&quot;&quot;,&quot;camera&quot;:&quot;DSC-RX10&quot;,&quot;caption&quot;:&quot;&quot;,&quot;created_timestamp&quot;:&quot;1553887289&quot;,&quot;copyright&quot;:&quot;&quot;,&quot;focal_length&quot;:&quot;36&quot;,&quot;iso&quot;:&quot;800&quot;,&quot;shutter_speed&quot;:&quot;0.02&quot;,&quot;title&quot;:&quot;&quot;,&quot;orientation&quot;:&quot;1&quot;}\" data-image-title=\"DSC09861\" data-image-description=\"\" data-image-caption=\"\" data-large-file=\"https:\/\/paulinenaue.info\/wp-content\/uploads\/2019\/03\/DSC09861.jpg\" class=\"lazyload wp-image-4614 size-full\" src=\"http:\/\/paulinenaue.info\/wp-content\/uploads\/2019\/03\/DSC09861.jpg\" data-orig-src=\"http:\/\/paulinenaue.info\/wp-content\/uploads\/2019\/03\/DSC09861.jpg\" alt=\"\" width=\"1000\" height=\"667\" srcset=\"data:image\/svg+xml,%3Csvg%20xmlns%3D%27http%3A%2F%2Fwww.w3.org%2F2000%2Fsvg%27%20width%3D%271000%27%20height%3D%27667%27%20viewBox%3D%270%200%201000%20667%27%3E%3Crect%20width%3D%271000%27%20height%3D%27667%27%20fill-opacity%3D%220%22%2F%3E%3C%2Fsvg%3E\" data-srcset=\"https:\/\/paulinenaue.info\/wp-content\/uploads\/2019\/03\/DSC09861-272x182.jpg 272w, https:\/\/paulinenaue.info\/wp-content\/uploads\/2019\/03\/DSC09861-300x200.jpg 300w, https:\/\/paulinenaue.info\/wp-content\/uploads\/2019\/03\/DSC09861-600x400.jpg 600w, https:\/\/paulinenaue.info\/wp-content\/uploads\/2019\/03\/DSC09861-768x512.jpg 768w, https:\/\/paulinenaue.info\/wp-content\/uploads\/2019\/03\/DSC09861-958x639.jpg 958w, https:\/\/paulinenaue.info\/wp-content\/uploads\/2019\/03\/DSC09861.jpg 1000w\" data-sizes=\"auto\" data-orig-sizes=\"(max-width: 1000px) 100vw, 1000px\" \/><\/a><p id=\"caption-attachment-4614\" class=\"wp-caption-text\">Anke Goersz vom Paulinenauer Kulturverein begr\u00fc\u00dft den Referenten.<\/p><\/div>\n<p>Eine pr\u00e4parierte Schleiereule blickte auf die Zuschauer, Gew\u00f6lle lagen aus, aber besonders anschauliche Exponate waren die von Tischlermeister Ren\u00e9 Holz hergestellten Nistk\u00e4sten, die nach den Bed\u00fcrfnissen jeder Vogelart hergestellt werden. Viele von ihnen sind in den letzten Jahren bereits im Altkreis Nauen aufgestellt worden.<\/p>\n<p>Wir bedanken uns herzlich bei allen Ehrenamtlichen, die diesen informativen Abend gestalteten und bei der Paulinenauer Freiwilligen Feuerwehr, die daf\u00fcr ihren Vereinsraum zur Verf\u00fcgung stellte.<\/p>\n","protected":false},"excerpt":{"rendered":"<p>Wie und wo leben Turmfalken, Dohlen und Schleiereulen im Havelland? [&hellip;]<\/p>\n","protected":false},"author":1,"featured_media":4612,"comment_status":"open","ping_status":"open","sticky":false,"template":"","format":"standard","meta":{"_acf_changed":false,"_price":"","_stock":"","_tribe_ticket_header":"","_tribe_default_ticket_provider":"","_tribe_ticket_capacity":"0","_ticket_start_date":"","_ticket_end_date":"","_tribe_ticket_show_description":"","_tribe_ticket_show_not_going":false,"_tribe_ticket_use_global_stock":"","_tribe_ticket_global_stock_level":"","_global_stock_mode":"","_global_stock_cap":"","_tribe_rsvp_for_event":"","_tribe_ticket_going_count":"","_tribe_ticket_not_going_count":"","_tribe_tickets_list":"[]","_tribe_ticket_has_attendee_info_fields":false,"jetpack_post_was_ever_published":false,"_jetpack_newsletter_access":"","_jetpack_dont_email_post_to_subs":false,"_jetpack_newsletter_tier_id":0,"_jetpack_memberships_contains_paywalled_content":false,"_jetpack_memberships_contains_paid_content":false,"footnotes":"","jetpack_publicize_message":"","jetpack_publicize_feature_enabled":true,"jetpack_social_post_already_shared":true,"jetpack_social_options":{"image_generator_settings":{"template":"highway","default_image_id":0,"font":"","enabled":false},"version":2}},"categories":[1,6,47,216,9,93,10],"tags":[92,130],"class_list":["post-4607","post","type-post","status-publish","format-standard","has-post-thumbnail","hentry","category-allgemein","category-hier-zuhause","category-kulturverein","category-natur","category-neuigkeiten","category-veranstaltungen","category-vereine","tag-havelland","tag-naturschutz"],"acf":[],"yoast_head":"<!-- This site is optimized with the Yoast SEO plugin v27.5 - https:\/\/yoast.com\/product\/yoast-seo-wordpress\/ -->\n<title>Schleiereulen, Turmfalken und Dohlen - Paulinenaue<\/title>\n<meta name=\"robots\" content=\"index, follow, max-snippet:-1, max-image-preview:large, max-video-preview:-1\" \/>\n<link rel=\"canonical\" href=\"https:\/\/paulinenaue.info\/index.php\/schleiereulen-turmfalken-und-dohlen\/\" \/>\n<meta property=\"og:locale\" content=\"de_DE\" \/>\n<meta property=\"og:type\" content=\"article\" \/>\n<meta property=\"og:title\" content=\"Schleiereulen, Turmfalken und Dohlen - Paulinenaue\" \/>\n<meta property=\"og:description\" content=\"Wie und wo leben Turmfalken, Dohlen und Schleiereulen im Havelland? [&hellip;]\" \/>\n<meta property=\"og:url\" content=\"https:\/\/paulinenaue.info\/index.php\/schleiereulen-turmfalken-und-dohlen\/\" \/>\n<meta property=\"og:site_name\" content=\"Paulinenaue\" \/>\n<meta property=\"article:published_time\" content=\"2019-03-30T23:57:17+00:00\" \/>\n<meta property=\"article:modified_time\" content=\"2019-03-31T00:09:38+00:00\" \/>\n<meta property=\"og:image\" content=\"https:\/\/i1.wp.com\/paulinenaue.info\/wp-content\/uploads\/2019\/03\/DSC09837.jpg?fit=1000%2C667&ssl=1\" \/>\n\t<meta property=\"og:image:width\" content=\"1000\" \/>\n\t<meta property=\"og:image:height\" content=\"667\" \/>\n\t<meta property=\"og:image:type\" content=\"image\/jpeg\" \/>\n<meta name=\"author\" content=\"Joachim Scholz\" \/>\n<meta name=\"twitter:card\" content=\"summary_large_image\" \/>\n<meta name=\"twitter:label1\" content=\"Verfasst von\" \/>\n\t<meta name=\"twitter:data1\" content=\"Joachim Scholz\" \/>\n\t<meta name=\"twitter:label2\" content=\"Gesch\u00e4tzte Lesezeit\" \/>\n\t<meta name=\"twitter:data2\" content=\"1\u00a0Minute\" \/>\n<script type=\"application\/ld+json\" class=\"yoast-schema-graph\">{\"@context\":\"https:\\\/\\\/schema.org\",\"@graph\":[{\"@type\":\"Article\",\"@id\":\"https:\\\/\\\/paulinenaue.info\\\/index.php\\\/schleiereulen-turmfalken-und-dohlen\\\/#article\",\"isPartOf\":{\"@id\":\"https:\\\/\\\/paulinenaue.info\\\/index.php\\\/schleiereulen-turmfalken-und-dohlen\\\/\"},\"author\":{\"name\":\"Joachim Scholz\",\"@id\":\"https:\\\/\\\/paulinenaue.info\\\/#\\\/schema\\\/person\\\/3f9e818fd7b69b0d2bd937ac506897cc\"},\"headline\":\"Schleiereulen, Turmfalken und Dohlen\",\"datePublished\":\"2019-03-30T23:57:17+00:00\",\"dateModified\":\"2019-03-31T00:09:38+00:00\",\"mainEntityOfPage\":{\"@id\":\"https:\\\/\\\/paulinenaue.info\\\/index.php\\\/schleiereulen-turmfalken-und-dohlen\\\/\"},\"wordCount\":260,\"commentCount\":0,\"image\":{\"@id\":\"https:\\\/\\\/paulinenaue.info\\\/index.php\\\/schleiereulen-turmfalken-und-dohlen\\\/#primaryimage\"},\"thumbnailUrl\":\"https:\\\/\\\/paulinenaue.info\\\/wp-content\\\/uploads\\\/2019\\\/03\\\/DSC09837.jpg\",\"keywords\":[\"Havelland\",\"Naturschutz\"],\"articleSection\":{\"1\":\"Hier Zuhause\",\"2\":\"Kulturverein\",\"3\":\"Natur\",\"4\":\"Neuigkeiten\",\"5\":\"Veranstaltungen\",\"6\":\"Vereine\"},\"inLanguage\":\"de\",\"potentialAction\":[{\"@type\":\"CommentAction\",\"name\":\"Comment\",\"target\":[\"https:\\\/\\\/paulinenaue.info\\\/index.php\\\/schleiereulen-turmfalken-und-dohlen\\\/#respond\"]}]},{\"@type\":\"WebPage\",\"@id\":\"https:\\\/\\\/paulinenaue.info\\\/index.php\\\/schleiereulen-turmfalken-und-dohlen\\\/\",\"url\":\"https:\\\/\\\/paulinenaue.info\\\/index.php\\\/schleiereulen-turmfalken-und-dohlen\\\/\",\"name\":\"Schleiereulen, Turmfalken und Dohlen - Paulinenaue\",\"isPartOf\":{\"@id\":\"https:\\\/\\\/paulinenaue.info\\\/#website\"},\"primaryImageOfPage\":{\"@id\":\"https:\\\/\\\/paulinenaue.info\\\/index.php\\\/schleiereulen-turmfalken-und-dohlen\\\/#primaryimage\"},\"image\":{\"@id\":\"https:\\\/\\\/paulinenaue.info\\\/index.php\\\/schleiereulen-turmfalken-und-dohlen\\\/#primaryimage\"},\"thumbnailUrl\":\"https:\\\/\\\/paulinenaue.info\\\/wp-content\\\/uploads\\\/2019\\\/03\\\/DSC09837.jpg\",\"datePublished\":\"2019-03-30T23:57:17+00:00\",\"dateModified\":\"2019-03-31T00:09:38+00:00\",\"author\":{\"@id\":\"https:\\\/\\\/paulinenaue.info\\\/#\\\/schema\\\/person\\\/3f9e818fd7b69b0d2bd937ac506897cc\"},\"breadcrumb\":{\"@id\":\"https:\\\/\\\/paulinenaue.info\\\/index.php\\\/schleiereulen-turmfalken-und-dohlen\\\/#breadcrumb\"},\"inLanguage\":\"de\",\"potentialAction\":[{\"@type\":\"ReadAction\",\"target\":[\"https:\\\/\\\/paulinenaue.info\\\/index.php\\\/schleiereulen-turmfalken-und-dohlen\\\/\"]}]},{\"@type\":\"ImageObject\",\"inLanguage\":\"de\",\"@id\":\"https:\\\/\\\/paulinenaue.info\\\/index.php\\\/schleiereulen-turmfalken-und-dohlen\\\/#primaryimage\",\"url\":\"https:\\\/\\\/paulinenaue.info\\\/wp-content\\\/uploads\\\/2019\\\/03\\\/DSC09837.jpg\",\"contentUrl\":\"https:\\\/\\\/paulinenaue.info\\\/wp-content\\\/uploads\\\/2019\\\/03\\\/DSC09837.jpg\",\"width\":1000,\"height\":667},{\"@type\":\"BreadcrumbList\",\"@id\":\"https:\\\/\\\/paulinenaue.info\\\/index.php\\\/schleiereulen-turmfalken-und-dohlen\\\/#breadcrumb\",\"itemListElement\":[{\"@type\":\"ListItem\",\"position\":1,\"name\":\"Home\",\"item\":\"https:\\\/\\\/paulinenaue.info\\\/\"},{\"@type\":\"ListItem\",\"position\":2,\"name\":\"Schleiereulen, Turmfalken und Dohlen\"}]},{\"@type\":\"WebSite\",\"@id\":\"https:\\\/\\\/paulinenaue.info\\\/#website\",\"url\":\"https:\\\/\\\/paulinenaue.info\\\/\",\"name\":\"Paulinenaue\",\"description\":\"Ein Dorf im Havelland\",\"potentialAction\":[{\"@type\":\"SearchAction\",\"target\":{\"@type\":\"EntryPoint\",\"urlTemplate\":\"https:\\\/\\\/paulinenaue.info\\\/?s={search_term_string}\"},\"query-input\":{\"@type\":\"PropertyValueSpecification\",\"valueRequired\":true,\"valueName\":\"search_term_string\"}}],\"inLanguage\":\"de\"},{\"@type\":\"Person\",\"@id\":\"https:\\\/\\\/paulinenaue.info\\\/#\\\/schema\\\/person\\\/3f9e818fd7b69b0d2bd937ac506897cc\",\"name\":\"Joachim Scholz\",\"url\":\"https:\\\/\\\/paulinenaue.info\\\/index.php\\\/author\\\/jjscholz\\\/\"}]}<\/script>\n<!-- \/ Yoast SEO plugin. -->","yoast_head_json":{"title":"Schleiereulen, Turmfalken und Dohlen - Paulinenaue","robots":{"index":"index","follow":"follow","max-snippet":"max-snippet:-1","max-image-preview":"max-image-preview:large","max-video-preview":"max-video-preview:-1"},"canonical":"https:\/\/paulinenaue.info\/index.php\/schleiereulen-turmfalken-und-dohlen\/","og_locale":"de_DE","og_type":"article","og_title":"Schleiereulen, Turmfalken und Dohlen - Paulinenaue","og_description":"Wie und wo leben Turmfalken, Dohlen und Schleiereulen im Havelland? [&hellip;]","og_url":"https:\/\/paulinenaue.info\/index.php\/schleiereulen-turmfalken-und-dohlen\/","og_site_name":"Paulinenaue","article_published_time":"2019-03-30T23:57:17+00:00","article_modified_time":"2019-03-31T00:09:38+00:00","og_image":[{"width":1000,"height":667,"url":"https:\/\/i1.wp.com\/paulinenaue.info\/wp-content\/uploads\/2019\/03\/DSC09837.jpg?fit=1000%2C667&ssl=1","type":"image\/jpeg"}],"author":"Joachim Scholz","twitter_card":"summary_large_image","twitter_misc":{"Verfasst von":"Joachim Scholz","Gesch\u00e4tzte Lesezeit":"1\u00a0Minute"},"schema":{"@context":"https:\/\/schema.org","@graph":[{"@type":"Article","@id":"https:\/\/paulinenaue.info\/index.php\/schleiereulen-turmfalken-und-dohlen\/#article","isPartOf":{"@id":"https:\/\/paulinenaue.info\/index.php\/schleiereulen-turmfalken-und-dohlen\/"},"author":{"name":"Joachim Scholz","@id":"https:\/\/paulinenaue.info\/#\/schema\/person\/3f9e818fd7b69b0d2bd937ac506897cc"},"headline":"Schleiereulen, Turmfalken und Dohlen","datePublished":"2019-03-30T23:57:17+00:00","dateModified":"2019-03-31T00:09:38+00:00","mainEntityOfPage":{"@id":"https:\/\/paulinenaue.info\/index.php\/schleiereulen-turmfalken-und-dohlen\/"},"wordCount":260,"commentCount":0,"image":{"@id":"https:\/\/paulinenaue.info\/index.php\/schleiereulen-turmfalken-und-dohlen\/#primaryimage"},"thumbnailUrl":"https:\/\/paulinenaue.info\/wp-content\/uploads\/2019\/03\/DSC09837.jpg","keywords":["Havelland","Naturschutz"],"articleSection":{"1":"Hier Zuhause","2":"Kulturverein","3":"Natur","4":"Neuigkeiten","5":"Veranstaltungen","6":"Vereine"},"inLanguage":"de","potentialAction":[{"@type":"CommentAction","name":"Comment","target":["https:\/\/paulinenaue.info\/index.php\/schleiereulen-turmfalken-und-dohlen\/#respond"]}]},{"@type":"WebPage","@id":"https:\/\/paulinenaue.info\/index.php\/schleiereulen-turmfalken-und-dohlen\/","url":"https:\/\/paulinenaue.info\/index.php\/schleiereulen-turmfalken-und-dohlen\/","name":"Schleiereulen, Turmfalken und Dohlen - Paulinenaue","isPartOf":{"@id":"https:\/\/paulinenaue.info\/#website"},"primaryImageOfPage":{"@id":"https:\/\/paulinenaue.info\/index.php\/schleiereulen-turmfalken-und-dohlen\/#primaryimage"},"image":{"@id":"https:\/\/paulinenaue.info\/index.php\/schleiereulen-turmfalken-und-dohlen\/#primaryimage"},"thumbnailUrl":"https:\/\/paulinenaue.info\/wp-content\/uploads\/2019\/03\/DSC09837.jpg","datePublished":"2019-03-30T23:57:17+00:00","dateModified":"2019-03-31T00:09:38+00:00","author":{"@id":"https:\/\/paulinenaue.info\/#\/schema\/person\/3f9e818fd7b69b0d2bd937ac506897cc"},"breadcrumb":{"@id":"https:\/\/paulinenaue.info\/index.php\/schleiereulen-turmfalken-und-dohlen\/#breadcrumb"},"inLanguage":"de","potentialAction":[{"@type":"ReadAction","target":["https:\/\/paulinenaue.info\/index.php\/schleiereulen-turmfalken-und-dohlen\/"]}]},{"@type":"ImageObject","inLanguage":"de","@id":"https:\/\/paulinenaue.info\/index.php\/schleiereulen-turmfalken-und-dohlen\/#primaryimage","url":"https:\/\/paulinenaue.info\/wp-content\/uploads\/2019\/03\/DSC09837.jpg","contentUrl":"https:\/\/paulinenaue.info\/wp-content\/uploads\/2019\/03\/DSC09837.jpg","width":1000,"height":667},{"@type":"BreadcrumbList","@id":"https:\/\/paulinenaue.info\/index.php\/schleiereulen-turmfalken-und-dohlen\/#breadcrumb","itemListElement":[{"@type":"ListItem","position":1,"name":"Home","item":"https:\/\/paulinenaue.info\/"},{"@type":"ListItem","position":2,"name":"Schleiereulen, Turmfalken und Dohlen"}]},{"@type":"WebSite","@id":"https:\/\/paulinenaue.info\/#website","url":"https:\/\/paulinenaue.info\/","name":"Paulinenaue","description":"Ein Dorf im Havelland","potentialAction":[{"@type":"SearchAction","target":{"@type":"EntryPoint","urlTemplate":"https:\/\/paulinenaue.info\/?s={search_term_string}"},"query-input":{"@type":"PropertyValueSpecification","valueRequired":true,"valueName":"search_term_string"}}],"inLanguage":"de"},{"@type":"Person","@id":"https:\/\/paulinenaue.info\/#\/schema\/person\/3f9e818fd7b69b0d2bd937ac506897cc","name":"Joachim Scholz","url":"https:\/\/paulinenaue.info\/index.php\/author\/jjscholz\/"}]}},"jetpack_publicize_connections":[],"jetpack_featured_media_url":"https:\/\/paulinenaue.info\/wp-content\/uploads\/2019\/03\/DSC09837.jpg","jetpack_sharing_enabled":true,"jetpack_shortlink":"https:\/\/wp.me\/pcYhWA-1cj","jetpack-related-posts":[{"id":1561,"url":"https:\/\/paulinenaue.info\/index.php\/kraniche-beobachten-entlang-dem-havellandradweg\/","url_meta":{"origin":4607,"position":0},"title":"Kraniche beobachten entlang dem Havellandradweg","author":"Joachim Scholz","date":"1. Oktober 2017","format":false,"excerpt":"01.10.2017. Den letzten sonnigen Nachmittag vor dem Wetterumschwung am Sonntag verbrachten auf Einladung des Kulturvereins knapp 40 Naturfreunde auf dem Fahrrad, um mit Anke Goersz vom Kranichschutz Osthavelland die rastenden Gro\u00dfv\u00f6gel auf ihren \u00c4sungsfl\u00e4chen zu besuchen. Anfangs schien die Fahrt einfach nur Freude am Radfahren durch die herbstliche Natur zu\u2026","rel":"","context":"In &quot;Allgemein&quot;","block_context":{"text":"Allgemein","link":"https:\/\/paulinenaue.info\/index.php\/category\/allgemein\/"},"img":{"alt_text":"","src":"https:\/\/i0.wp.com\/paulinenaue.info\/wp-content\/uploads\/2017\/10\/DSC07807.jpg?resize=350%2C200&ssl=1","width":350,"height":200,"srcset":"https:\/\/i0.wp.com\/paulinenaue.info\/wp-content\/uploads\/2017\/10\/DSC07807.jpg?resize=350%2C200&ssl=1 1x, https:\/\/i0.wp.com\/paulinenaue.info\/wp-content\/uploads\/2017\/10\/DSC07807.jpg?resize=525%2C300&ssl=1 1.5x, https:\/\/i0.wp.com\/paulinenaue.info\/wp-content\/uploads\/2017\/10\/DSC07807.jpg?resize=700%2C400&ssl=1 2x"},"classes":[]},{"id":971,"url":"https:\/\/paulinenaue.info\/index.php\/botanische-schaetze-auf-trockenrasen-und-unter-alten-eichen\/","url_meta":{"origin":4607,"position":1},"title":"Botanische Sch\u00e4tze auf Trockenrasen und unter alten Eichen","author":"Joachim Scholz","date":"14. Juni 2017","format":false,"excerpt":"09.06.2017. Sie sind dicht vor unserer Haust\u00fcr und stecken voller Geheimnis und Sch\u00f6nheit: In Paulinenaues unmittelbarer Umgebung liegen mit den Jahnbergen und dem Lindholz zwei reizvolle Naturschutzgebiete. \u00dcber die einzigartige Pflanzenwelt, die sich auch Dank der Arbeit von Natursch\u00fctzer_innen an beiden Stellen halten kann, informierte am 9. Juni 2017 im\u2026","rel":"","context":"In &quot;Allgemein&quot;","block_context":{"text":"Allgemein","link":"https:\/\/paulinenaue.info\/index.php\/category\/allgemein\/"},"img":{"alt_text":"","src":"https:\/\/i0.wp.com\/paulinenaue.info\/wp-content\/uploads\/2017\/06\/DSC02870.jpg?resize=350%2C200&ssl=1","width":350,"height":200,"srcset":"https:\/\/i0.wp.com\/paulinenaue.info\/wp-content\/uploads\/2017\/06\/DSC02870.jpg?resize=350%2C200&ssl=1 1x, https:\/\/i0.wp.com\/paulinenaue.info\/wp-content\/uploads\/2017\/06\/DSC02870.jpg?resize=525%2C300&ssl=1 1.5x, https:\/\/i0.wp.com\/paulinenaue.info\/wp-content\/uploads\/2017\/06\/DSC02870.jpg?resize=700%2C400&ssl=1 2x"},"classes":[]},{"id":416102,"url":"https:\/\/paulinenaue.info\/index.php\/kulturverein-zur-kommunalwahl-2024\/","url_meta":{"origin":4607,"position":2},"title":"Kulturverein zur Kommunalwahl 2024","author":"Joachim Scholz","date":"15. M\u00e4rz 2024","format":false,"excerpt":"Die Kandidaten des Kulturvereins stellen sich vor Der Paulinenauer Kulturverein pflegt mit Veranstaltungen wie dem Weihnachtsmarkt, dem Tag des offenen Denkmals oder dem Kunstfestival \u201eSchnelle Vorbeifahrten\u201c das gemeinschaftliche Leben in Paulinenaue. Unser Verein bewahrt die Geschichte des Ortes und h\u00e4lt sie auf der Internetseite www.paulinenaue.info lebendig. Besonders am Herzen liegt\u2026","rel":"","context":"In &quot;Allgemein&quot;","block_context":{"text":"Allgemein","link":"https:\/\/paulinenaue.info\/index.php\/category\/allgemein\/"},"img":{"alt_text":"","src":"https:\/\/i0.wp.com\/paulinenaue.info\/wp-content\/uploads\/2024\/03\/Kandidaten-Kulturverein-2024.jpeg?resize=350%2C200&ssl=1","width":350,"height":200,"srcset":"https:\/\/i0.wp.com\/paulinenaue.info\/wp-content\/uploads\/2024\/03\/Kandidaten-Kulturverein-2024.jpeg?resize=350%2C200&ssl=1 1x, https:\/\/i0.wp.com\/paulinenaue.info\/wp-content\/uploads\/2024\/03\/Kandidaten-Kulturverein-2024.jpeg?resize=525%2C300&ssl=1 1.5x, https:\/\/i0.wp.com\/paulinenaue.info\/wp-content\/uploads\/2024\/03\/Kandidaten-Kulturverein-2024.jpeg?resize=700%2C400&ssl=1 2x"},"classes":[]},{"id":416768,"url":"https:\/\/paulinenaue.info\/index.php\/die-biene-und-du\/","url_meta":{"origin":4607,"position":3},"title":"Die Biene und Du!","author":"Joachim Scholz","date":"11. September 2024","format":false,"excerpt":"Schulprojektwoche im Rahmen der \u201eSchnellen Vorbeifahrten\u201c 2024 Das neue Schuljahr begann an der Karibu-Grundschule au\u00dfergew\u00f6hnlich. Die Sch\u00fclerinnen und Sch\u00fcler erwartete eine Projektwoche unter dem Motto: \u201eDie Biene und Du\u201c. Dahinter verbarg sich eine Workshopreihe im Rahmen des Paulinenauer Kunstfestivals \u201eSchnelle Vorbeifahrten\u201c, das in diesem Jahr wieder vom Paulinenauer Kulturverein, dem\u2026","rel":"","context":"In &quot;\"Gr\u00fcnes Luch e.V.\"&quot;","block_context":{"text":"\"Gr\u00fcnes Luch e.V.\"","link":"https:\/\/paulinenaue.info\/index.php\/category\/hier-zuhause\/gruenes-luch-e-v\/"},"img":{"alt_text":"","src":"https:\/\/i0.wp.com\/paulinenaue.info\/wp-content\/uploads\/2024\/09\/DSCF5770.jpeg?resize=350%2C200&ssl=1","width":350,"height":200,"srcset":"https:\/\/i0.wp.com\/paulinenaue.info\/wp-content\/uploads\/2024\/09\/DSCF5770.jpeg?resize=350%2C200&ssl=1 1x, https:\/\/i0.wp.com\/paulinenaue.info\/wp-content\/uploads\/2024\/09\/DSCF5770.jpeg?resize=525%2C300&ssl=1 1.5x"},"classes":[]},{"id":2285,"url":"https:\/\/paulinenaue.info\/index.php\/super-schnelle-vorbeifahrten\/","url_meta":{"origin":4607,"position":4},"title":"\u201eSchnelle Vorbeifahrten\u201c","author":"Joachim Scholz","date":"22. August 2018","format":false,"excerpt":"Ein Landart-Parcour zum Kanaljubil\u00e4um und ein Fest f\u00fcr den Bahnhof Ein Kulturereignis dieses Formates hat es in Paulinenaue noch nicht gegeben. Was noch vor zwei Jahren, als der Ausstellungsmacher R\u00fcdiger Stern zusammen mit dem Theaterschaffenden Stefan Bischoff die \u201eSchnellen Vorbeifahrten\u201c im kleinen Rahmen in seinem Atelierhaus ins Leben rief, bereits\u2026","rel":"","context":"In &quot;Allgemein&quot;","block_context":{"text":"Allgemein","link":"https:\/\/paulinenaue.info\/index.php\/category\/allgemein\/"},"img":{"alt_text":"","src":"https:\/\/i0.wp.com\/paulinenaue.info\/wp-content\/uploads\/2018\/01\/20180819-_DSC7879.jpg?resize=350%2C200&ssl=1","width":350,"height":200,"srcset":"https:\/\/i0.wp.com\/paulinenaue.info\/wp-content\/uploads\/2018\/01\/20180819-_DSC7879.jpg?resize=350%2C200&ssl=1 1x, https:\/\/i0.wp.com\/paulinenaue.info\/wp-content\/uploads\/2018\/01\/20180819-_DSC7879.jpg?resize=525%2C300&ssl=1 1.5x, https:\/\/i0.wp.com\/paulinenaue.info\/wp-content\/uploads\/2018\/01\/20180819-_DSC7879.jpg?resize=700%2C400&ssl=1 2x, https:\/\/i0.wp.com\/paulinenaue.info\/wp-content\/uploads\/2018\/01\/20180819-_DSC7879.jpg?resize=1050%2C600&ssl=1 3x, https:\/\/i0.wp.com\/paulinenaue.info\/wp-content\/uploads\/2018\/01\/20180819-_DSC7879.jpg?resize=1400%2C800&ssl=1 4x"},"classes":[]},{"id":4717,"url":"https:\/\/paulinenaue.info\/index.php\/thema-torf-eine-exkursion-mit-karl-weirauch\/","url_meta":{"origin":4607,"position":5},"title":"Thema Torf \u2013 eine\u00a0Exkursion mit Karl Weirauch","author":"Joachim Scholz","date":"1. Mai 2019","format":false,"excerpt":"Karl Weirauch ist ein Ph\u00e4nomen. Das \u00e4lteste Foto von ihm zeigt ihn als Dreij\u00e4hrigen auf einer monstr\u00f6sen Wiesenwalze vor dem Paulinenauer \u201eNeubau\u201c, in der heutigen Philipp-M\u00fcller-Stra\u00dfe. Es wurde 1928 aufgenommen. Wenn er heute \u00fcber das Schicksal der Walze berichtet, die Mitte der 1930er Jahre erst ausrangiert und dann ausgeweidet wurde,\u2026","rel":"","context":"In &quot;Dorfentwicklung&quot;","block_context":{"text":"Dorfentwicklung","link":"https:\/\/paulinenaue.info\/index.php\/category\/dorfentwicklung\/"},"img":{"alt_text":"","src":"https:\/\/i0.wp.com\/paulinenaue.info\/wp-content\/uploads\/2019\/04\/DSC01130.jpg?resize=350%2C200&ssl=1","width":350,"height":200,"srcset":"https:\/\/i0.wp.com\/paulinenaue.info\/wp-content\/uploads\/2019\/04\/DSC01130.jpg?resize=350%2C200&ssl=1 1x, https:\/\/i0.wp.com\/paulinenaue.info\/wp-content\/uploads\/2019\/04\/DSC01130.jpg?resize=525%2C300&ssl=1 1.5x, https:\/\/i0.wp.com\/paulinenaue.info\/wp-content\/uploads\/2019\/04\/DSC01130.jpg?resize=700%2C400&ssl=1 2x"},"classes":[]}],"_links":{"self":[{"href":"https:\/\/paulinenaue.info\/index.php\/wp-json\/wp\/v2\/posts\/4607","targetHints":{"allow":["GET"]}}],"collection":[{"href":"https:\/\/paulinenaue.info\/index.php\/wp-json\/wp\/v2\/posts"}],"about":[{"href":"https:\/\/paulinenaue.info\/index.php\/wp-json\/wp\/v2\/types\/post"}],"author":[{"embeddable":true,"href":"https:\/\/paulinenaue.info\/index.php\/wp-json\/wp\/v2\/users\/1"}],"replies":[{"embeddable":true,"href":"https:\/\/paulinenaue.info\/index.php\/wp-json\/wp\/v2\/comments?post=4607"}],"version-history":[{"count":11,"href":"https:\/\/paulinenaue.info\/index.php\/wp-json\/wp\/v2\/posts\/4607\/revisions"}],"predecessor-version":[{"id":4621,"href":"https:\/\/paulinenaue.info\/index.php\/wp-json\/wp\/v2\/posts\/4607\/revisions\/4621"}],"wp:featuredmedia":[{"embeddable":true,"href":"https:\/\/paulinenaue.info\/index.php\/wp-json\/wp\/v2\/media\/4612"}],"wp:attachment":[{"href":"https:\/\/paulinenaue.info\/index.php\/wp-json\/wp\/v2\/media?parent=4607"}],"wp:term":[{"taxonomy":"category","embeddable":true,"href":"https:\/\/paulinenaue.info\/index.php\/wp-json\/wp\/v2\/categories?post=4607"},{"taxonomy":"post_tag","embeddable":true,"href":"https:\/\/paulinenaue.info\/index.php\/wp-json\/wp\/v2\/tags?post=4607"}],"curies":[{"name":"wp","href":"https:\/\/api.w.org\/{rel}","templated":true}]}}