{"id":4804,"date":"2008-10-25T23:13:56","date_gmt":"2008-10-25T21:13:56","guid":{"rendered":"http:\/\/paulinenaue.info\/?p=4804"},"modified":"2021-11-08T23:48:40","modified_gmt":"2021-11-08T22:48:40","slug":"strassenbau-vor-dem-abschluss","status":"publish","type":"post","link":"https:\/\/paulinenaue.info\/index.php\/strassenbau-vor-dem-abschluss\/","title":{"rendered":"Stra\u00dfenbau vor dem Abschluss"},"content":{"rendered":"<p>25.10.2008. Ende Oktober 2008 stehen die Stra\u00dfenbauarbeiten, die uns \u00fcbers Jahr begleitet haben, vor dem Abschluss und die Paulinenauer Ortsdurchfahrt ist wieder f\u00fcr den Verkehr freigegeben. Neu sind nicht nur die Stra\u00dfenbel\u00e4ge, Rad- und Gehwege mitsamt den Grundst\u00fcckszufahrten, auch die Vorfahrt am Abzweig Bienenfarmer Weg\/ Brandenburger Allee hat sich ge\u00e4ndert. Die \u201eKAP-Stra\u00dfe\u201c ist nunmehr Vorfahrtstra\u00dfe.<\/p>\n<div id=\"attachment_4801\" style=\"width: 1010px\" class=\"wp-caption alignnone\"><a href=\"http:\/\/paulinenaue.info\/wp-content\/uploads\/2019\/05\/DSC09067.jpg\"><img decoding=\"async\" aria-describedby=\"caption-attachment-4801\" data-attachment-id=\"4801\" data-permalink=\"https:\/\/paulinenaue.info\/index.php\/strassenbau-vor-dem-abschluss\/dsc09067-jpg\/\" data-orig-file=\"https:\/\/paulinenaue.info\/wp-content\/uploads\/2019\/05\/DSC09067.jpg\" data-orig-size=\"1000,750\" data-comments-opened=\"1\" data-image-meta=\"{&quot;aperture&quot;:&quot;3.5&quot;,&quot;credit&quot;:&quot;&quot;,&quot;camera&quot;:&quot;DSC-H5&quot;,&quot;caption&quot;:&quot;&quot;,&quot;created_timestamp&quot;:&quot;1224938150&quot;,&quot;copyright&quot;:&quot;&quot;,&quot;focal_length&quot;:&quot;18.6&quot;,&quot;iso&quot;:&quot;320&quot;,&quot;shutter_speed&quot;:&quot;0.008&quot;,&quot;title&quot;:&quot;DSC09067.JPG&quot;,&quot;orientation&quot;:&quot;1&quot;}\" data-image-title=\"DSC09067.JPG\" data-image-description=\"\" data-image-caption=\"\" data-large-file=\"https:\/\/paulinenaue.info\/wp-content\/uploads\/2019\/05\/DSC09067.jpg\" class=\"lazyload wp-image-4801 size-full\" src=\"http:\/\/paulinenaue.info\/wp-content\/uploads\/2019\/05\/DSC09067.jpg\" data-orig-src=\"http:\/\/paulinenaue.info\/wp-content\/uploads\/2019\/05\/DSC09067.jpg\" alt=\"\" width=\"1000\" height=\"750\" srcset=\"data:image\/svg+xml,%3Csvg%20xmlns%3D%27http%3A%2F%2Fwww.w3.org%2F2000%2Fsvg%27%20width%3D%271000%27%20height%3D%27750%27%20viewBox%3D%270%200%201000%20750%27%3E%3Crect%20width%3D%271000%27%20height%3D%27750%27%20fill-opacity%3D%220%22%2F%3E%3C%2Fsvg%3E\" data-srcset=\"https:\/\/paulinenaue.info\/wp-content\/uploads\/2019\/05\/DSC09067-300x225.jpg 300w, https:\/\/paulinenaue.info\/wp-content\/uploads\/2019\/05\/DSC09067-768x576.jpg 768w, https:\/\/paulinenaue.info\/wp-content\/uploads\/2019\/05\/DSC09067-958x719.jpg 958w, https:\/\/paulinenaue.info\/wp-content\/uploads\/2019\/05\/DSC09067.jpg 1000w\" data-sizes=\"auto\" data-orig-sizes=\"(max-width: 1000px) 100vw, 1000px\" \/><\/a><p id=\"caption-attachment-4801\" class=\"wp-caption-text\">Fahrbahnmarkierung. An der Brandenburger Allee wird noch am Wochenende letzte Hand angelegt. Foto: Joachim Scholz, 2008<\/p><\/div>\n<p>&nbsp;<\/p>\n<div id=\"attachment_4800\" style=\"width: 1010px\" class=\"wp-caption alignnone\"><a href=\"http:\/\/paulinenaue.info\/wp-content\/uploads\/2019\/05\/DSC08035.jpg\"><img decoding=\"async\" aria-describedby=\"caption-attachment-4800\" data-attachment-id=\"4800\" data-permalink=\"https:\/\/paulinenaue.info\/index.php\/strassenbau-vor-dem-abschluss\/dsc08035-jpg\/\" data-orig-file=\"https:\/\/paulinenaue.info\/wp-content\/uploads\/2019\/05\/DSC08035.jpg\" data-orig-size=\"1000,750\" data-comments-opened=\"1\" data-image-meta=\"{&quot;aperture&quot;:&quot;2.8&quot;,&quot;credit&quot;:&quot;&quot;,&quot;camera&quot;:&quot;DSC-H5&quot;,&quot;caption&quot;:&quot;&quot;,&quot;created_timestamp&quot;:&quot;1221242198&quot;,&quot;copyright&quot;:&quot;&quot;,&quot;focal_length&quot;:&quot;6&quot;,&quot;iso&quot;:&quot;125&quot;,&quot;shutter_speed&quot;:&quot;0.016666666666667&quot;,&quot;title&quot;:&quot;DSC08035.JPG&quot;,&quot;orientation&quot;:&quot;1&quot;}\" data-image-title=\"DSC08035.JPG\" data-image-description=\"\" data-image-caption=\"\" data-large-file=\"https:\/\/paulinenaue.info\/wp-content\/uploads\/2019\/05\/DSC08035.jpg\" class=\"lazyload wp-image-4800 size-full\" src=\"http:\/\/paulinenaue.info\/wp-content\/uploads\/2019\/05\/DSC08035.jpg\" data-orig-src=\"http:\/\/paulinenaue.info\/wp-content\/uploads\/2019\/05\/DSC08035.jpg\" alt=\"\" width=\"1000\" height=\"750\" srcset=\"data:image\/svg+xml,%3Csvg%20xmlns%3D%27http%3A%2F%2Fwww.w3.org%2F2000%2Fsvg%27%20width%3D%271000%27%20height%3D%27750%27%20viewBox%3D%270%200%201000%20750%27%3E%3Crect%20width%3D%271000%27%20height%3D%27750%27%20fill-opacity%3D%220%22%2F%3E%3C%2Fsvg%3E\" data-srcset=\"https:\/\/paulinenaue.info\/wp-content\/uploads\/2019\/05\/DSC08035-300x225.jpg 300w, https:\/\/paulinenaue.info\/wp-content\/uploads\/2019\/05\/DSC08035-768x576.jpg 768w, https:\/\/paulinenaue.info\/wp-content\/uploads\/2019\/05\/DSC08035-958x719.jpg 958w, https:\/\/paulinenaue.info\/wp-content\/uploads\/2019\/05\/DSC08035.jpg 1000w\" data-sizes=\"auto\" data-orig-sizes=\"(max-width: 1000px) 100vw, 1000px\" \/><\/a><p id=\"caption-attachment-4800\" class=\"wp-caption-text\">Durch die Fahrbahnerh\u00f6hung ist die Zufahrt von manchem Grundst\u00fcck wesentlich steiler als zuvor. Das hatte wie die Verengung des Gehweges auf der Radwegseite und die Kostenbeteiligung bei Anwohnern zu \u00c4rgernis gef\u00fchrt. Foto: Joachim Scholz, 2008.<\/p><\/div>\n<p>&nbsp;<\/p>\n","protected":false},"excerpt":{"rendered":"<p>25.10.2008. Ende Oktober 2008 stehen die Stra\u00dfenbauarbeiten, die uns \u00fcbers [&hellip;]<\/p>\n","protected":false},"author":1,"featured_media":4802,"comment_status":"open","ping_status":"open","sticky":false,"template":"","format":"standard","meta":{"_acf_changed":false,"_price":"","_stock":"","_tribe_ticket_header":"","_tribe_default_ticket_provider":"","_tribe_ticket_capacity":"0","_ticket_start_date":"","_ticket_end_date":"","_tribe_ticket_show_description":"","_tribe_ticket_show_not_going":false,"_tribe_ticket_use_global_stock":"","_tribe_ticket_global_stock_level":"","_global_stock_mode":"","_global_stock_cap":"","_tribe_rsvp_for_event":"","_tribe_ticket_going_count":"","_tribe_ticket_not_going_count":"","_tribe_tickets_list":"[]","_tribe_ticket_has_attendee_info_fields":false,"jetpack_post_was_ever_published":false,"_jetpack_newsletter_access":"","_jetpack_dont_email_post_to_subs":false,"_jetpack_newsletter_tier_id":0,"_jetpack_memberships_contains_paywalled_content":false,"_jetpack_memberships_contains_paid_content":false,"footnotes":"","jetpack_publicize_message":"","jetpack_publicize_feature_enabled":true,"jetpack_social_post_already_shared":true,"jetpack_social_options":{"image_generator_settings":{"template":"highway","default_image_id":0,"font":"","enabled":false},"version":2}},"categories":[40,6,9,25],"tags":[],"class_list":["post-4804","post","type-post","status-publish","format-standard","has-post-thumbnail","hentry","category-dorfentwicklung","category-hier-zuhause","category-neuigkeiten","category-wirtschaft"],"acf":[],"yoast_head":"<!-- This site is optimized with the Yoast SEO plugin v27.5 - https:\/\/yoast.com\/product\/yoast-seo-wordpress\/ -->\n<title>Stra\u00dfenbau vor dem Abschluss - Paulinenaue<\/title>\n<meta name=\"robots\" content=\"index, follow, max-snippet:-1, max-image-preview:large, max-video-preview:-1\" \/>\n<link rel=\"canonical\" href=\"https:\/\/paulinenaue.info\/index.php\/strassenbau-vor-dem-abschluss\/\" \/>\n<meta property=\"og:locale\" content=\"de_DE\" \/>\n<meta property=\"og:type\" content=\"article\" \/>\n<meta property=\"og:title\" content=\"Stra\u00dfenbau vor dem Abschluss - Paulinenaue\" \/>\n<meta property=\"og:description\" content=\"25.10.2008. Ende Oktober 2008 stehen die Stra\u00dfenbauarbeiten, die uns \u00fcbers [&hellip;]\" \/>\n<meta property=\"og:url\" content=\"https:\/\/paulinenaue.info\/index.php\/strassenbau-vor-dem-abschluss\/\" \/>\n<meta property=\"og:site_name\" content=\"Paulinenaue\" \/>\n<meta property=\"article:published_time\" content=\"2008-10-25T21:13:56+00:00\" \/>\n<meta property=\"article:modified_time\" content=\"2021-11-08T22:48:40+00:00\" \/>\n<meta property=\"og:image\" content=\"https:\/\/i2.wp.com\/paulinenaue.info\/wp-content\/uploads\/2019\/05\/DSC09074.jpg?fit=1000%2C750&ssl=1\" \/>\n\t<meta property=\"og:image:width\" content=\"1000\" \/>\n\t<meta property=\"og:image:height\" content=\"750\" \/>\n\t<meta property=\"og:image:type\" content=\"image\/jpeg\" \/>\n<meta name=\"author\" content=\"Joachim Scholz\" \/>\n<meta name=\"twitter:card\" content=\"summary_large_image\" \/>\n<meta name=\"twitter:label1\" content=\"Verfasst von\" \/>\n\t<meta name=\"twitter:data1\" content=\"Joachim Scholz\" \/>\n\t<meta name=\"twitter:label2\" content=\"Gesch\u00e4tzte Lesezeit\" \/>\n\t<meta name=\"twitter:data2\" content=\"1\u00a0Minute\" \/>\n<script type=\"application\/ld+json\" class=\"yoast-schema-graph\">{\"@context\":\"https:\\\/\\\/schema.org\",\"@graph\":[{\"@type\":\"Article\",\"@id\":\"https:\\\/\\\/paulinenaue.info\\\/index.php\\\/strassenbau-vor-dem-abschluss\\\/#article\",\"isPartOf\":{\"@id\":\"https:\\\/\\\/paulinenaue.info\\\/index.php\\\/strassenbau-vor-dem-abschluss\\\/\"},\"author\":{\"name\":\"Joachim Scholz\",\"@id\":\"https:\\\/\\\/paulinenaue.info\\\/#\\\/schema\\\/person\\\/3f9e818fd7b69b0d2bd937ac506897cc\"},\"headline\":\"Stra\u00dfenbau vor dem Abschluss\",\"datePublished\":\"2008-10-25T21:13:56+00:00\",\"dateModified\":\"2021-11-08T22:48:40+00:00\",\"mainEntityOfPage\":{\"@id\":\"https:\\\/\\\/paulinenaue.info\\\/index.php\\\/strassenbau-vor-dem-abschluss\\\/\"},\"wordCount\":134,\"commentCount\":0,\"image\":{\"@id\":\"https:\\\/\\\/paulinenaue.info\\\/index.php\\\/strassenbau-vor-dem-abschluss\\\/#primaryimage\"},\"thumbnailUrl\":\"https:\\\/\\\/paulinenaue.info\\\/wp-content\\\/uploads\\\/2019\\\/05\\\/DSC09074.jpg\",\"articleSection\":[\"Dorfentwicklung\",\"Hier Zuhause\",\"Neuigkeiten\",\"Wirtschaft\"],\"inLanguage\":\"de\",\"potentialAction\":[{\"@type\":\"CommentAction\",\"name\":\"Comment\",\"target\":[\"https:\\\/\\\/paulinenaue.info\\\/index.php\\\/strassenbau-vor-dem-abschluss\\\/#respond\"]}]},{\"@type\":\"WebPage\",\"@id\":\"https:\\\/\\\/paulinenaue.info\\\/index.php\\\/strassenbau-vor-dem-abschluss\\\/\",\"url\":\"https:\\\/\\\/paulinenaue.info\\\/index.php\\\/strassenbau-vor-dem-abschluss\\\/\",\"name\":\"Stra\u00dfenbau vor dem Abschluss - Paulinenaue\",\"isPartOf\":{\"@id\":\"https:\\\/\\\/paulinenaue.info\\\/#website\"},\"primaryImageOfPage\":{\"@id\":\"https:\\\/\\\/paulinenaue.info\\\/index.php\\\/strassenbau-vor-dem-abschluss\\\/#primaryimage\"},\"image\":{\"@id\":\"https:\\\/\\\/paulinenaue.info\\\/index.php\\\/strassenbau-vor-dem-abschluss\\\/#primaryimage\"},\"thumbnailUrl\":\"https:\\\/\\\/paulinenaue.info\\\/wp-content\\\/uploads\\\/2019\\\/05\\\/DSC09074.jpg\",\"datePublished\":\"2008-10-25T21:13:56+00:00\",\"dateModified\":\"2021-11-08T22:48:40+00:00\",\"author\":{\"@id\":\"https:\\\/\\\/paulinenaue.info\\\/#\\\/schema\\\/person\\\/3f9e818fd7b69b0d2bd937ac506897cc\"},\"breadcrumb\":{\"@id\":\"https:\\\/\\\/paulinenaue.info\\\/index.php\\\/strassenbau-vor-dem-abschluss\\\/#breadcrumb\"},\"inLanguage\":\"de\",\"potentialAction\":[{\"@type\":\"ReadAction\",\"target\":[\"https:\\\/\\\/paulinenaue.info\\\/index.php\\\/strassenbau-vor-dem-abschluss\\\/\"]}]},{\"@type\":\"ImageObject\",\"inLanguage\":\"de\",\"@id\":\"https:\\\/\\\/paulinenaue.info\\\/index.php\\\/strassenbau-vor-dem-abschluss\\\/#primaryimage\",\"url\":\"https:\\\/\\\/paulinenaue.info\\\/wp-content\\\/uploads\\\/2019\\\/05\\\/DSC09074.jpg\",\"contentUrl\":\"https:\\\/\\\/paulinenaue.info\\\/wp-content\\\/uploads\\\/2019\\\/05\\\/DSC09074.jpg\",\"width\":1000,\"height\":750},{\"@type\":\"BreadcrumbList\",\"@id\":\"https:\\\/\\\/paulinenaue.info\\\/index.php\\\/strassenbau-vor-dem-abschluss\\\/#breadcrumb\",\"itemListElement\":[{\"@type\":\"ListItem\",\"position\":1,\"name\":\"Home\",\"item\":\"https:\\\/\\\/paulinenaue.info\\\/\"},{\"@type\":\"ListItem\",\"position\":2,\"name\":\"Stra\u00dfenbau vor dem Abschluss\"}]},{\"@type\":\"WebSite\",\"@id\":\"https:\\\/\\\/paulinenaue.info\\\/#website\",\"url\":\"https:\\\/\\\/paulinenaue.info\\\/\",\"name\":\"Paulinenaue\",\"description\":\"Ein Dorf im Havelland\",\"potentialAction\":[{\"@type\":\"SearchAction\",\"target\":{\"@type\":\"EntryPoint\",\"urlTemplate\":\"https:\\\/\\\/paulinenaue.info\\\/?s={search_term_string}\"},\"query-input\":{\"@type\":\"PropertyValueSpecification\",\"valueRequired\":true,\"valueName\":\"search_term_string\"}}],\"inLanguage\":\"de\"},{\"@type\":\"Person\",\"@id\":\"https:\\\/\\\/paulinenaue.info\\\/#\\\/schema\\\/person\\\/3f9e818fd7b69b0d2bd937ac506897cc\",\"name\":\"Joachim Scholz\",\"url\":\"https:\\\/\\\/paulinenaue.info\\\/index.php\\\/author\\\/jjscholz\\\/\"}]}<\/script>\n<!-- \/ Yoast SEO plugin. -->","yoast_head_json":{"title":"Stra\u00dfenbau vor dem Abschluss - Paulinenaue","robots":{"index":"index","follow":"follow","max-snippet":"max-snippet:-1","max-image-preview":"max-image-preview:large","max-video-preview":"max-video-preview:-1"},"canonical":"https:\/\/paulinenaue.info\/index.php\/strassenbau-vor-dem-abschluss\/","og_locale":"de_DE","og_type":"article","og_title":"Stra\u00dfenbau vor dem Abschluss - Paulinenaue","og_description":"25.10.2008. Ende Oktober 2008 stehen die Stra\u00dfenbauarbeiten, die uns \u00fcbers [&hellip;]","og_url":"https:\/\/paulinenaue.info\/index.php\/strassenbau-vor-dem-abschluss\/","og_site_name":"Paulinenaue","article_published_time":"2008-10-25T21:13:56+00:00","article_modified_time":"2021-11-08T22:48:40+00:00","og_image":[{"width":1000,"height":750,"url":"https:\/\/i2.wp.com\/paulinenaue.info\/wp-content\/uploads\/2019\/05\/DSC09074.jpg?fit=1000%2C750&ssl=1","type":"image\/jpeg"}],"author":"Joachim Scholz","twitter_card":"summary_large_image","twitter_misc":{"Verfasst von":"Joachim Scholz","Gesch\u00e4tzte Lesezeit":"1\u00a0Minute"},"schema":{"@context":"https:\/\/schema.org","@graph":[{"@type":"Article","@id":"https:\/\/paulinenaue.info\/index.php\/strassenbau-vor-dem-abschluss\/#article","isPartOf":{"@id":"https:\/\/paulinenaue.info\/index.php\/strassenbau-vor-dem-abschluss\/"},"author":{"name":"Joachim Scholz","@id":"https:\/\/paulinenaue.info\/#\/schema\/person\/3f9e818fd7b69b0d2bd937ac506897cc"},"headline":"Stra\u00dfenbau vor dem Abschluss","datePublished":"2008-10-25T21:13:56+00:00","dateModified":"2021-11-08T22:48:40+00:00","mainEntityOfPage":{"@id":"https:\/\/paulinenaue.info\/index.php\/strassenbau-vor-dem-abschluss\/"},"wordCount":134,"commentCount":0,"image":{"@id":"https:\/\/paulinenaue.info\/index.php\/strassenbau-vor-dem-abschluss\/#primaryimage"},"thumbnailUrl":"https:\/\/paulinenaue.info\/wp-content\/uploads\/2019\/05\/DSC09074.jpg","articleSection":["Dorfentwicklung","Hier Zuhause","Neuigkeiten","Wirtschaft"],"inLanguage":"de","potentialAction":[{"@type":"CommentAction","name":"Comment","target":["https:\/\/paulinenaue.info\/index.php\/strassenbau-vor-dem-abschluss\/#respond"]}]},{"@type":"WebPage","@id":"https:\/\/paulinenaue.info\/index.php\/strassenbau-vor-dem-abschluss\/","url":"https:\/\/paulinenaue.info\/index.php\/strassenbau-vor-dem-abschluss\/","name":"Stra\u00dfenbau vor dem Abschluss - Paulinenaue","isPartOf":{"@id":"https:\/\/paulinenaue.info\/#website"},"primaryImageOfPage":{"@id":"https:\/\/paulinenaue.info\/index.php\/strassenbau-vor-dem-abschluss\/#primaryimage"},"image":{"@id":"https:\/\/paulinenaue.info\/index.php\/strassenbau-vor-dem-abschluss\/#primaryimage"},"thumbnailUrl":"https:\/\/paulinenaue.info\/wp-content\/uploads\/2019\/05\/DSC09074.jpg","datePublished":"2008-10-25T21:13:56+00:00","dateModified":"2021-11-08T22:48:40+00:00","author":{"@id":"https:\/\/paulinenaue.info\/#\/schema\/person\/3f9e818fd7b69b0d2bd937ac506897cc"},"breadcrumb":{"@id":"https:\/\/paulinenaue.info\/index.php\/strassenbau-vor-dem-abschluss\/#breadcrumb"},"inLanguage":"de","potentialAction":[{"@type":"ReadAction","target":["https:\/\/paulinenaue.info\/index.php\/strassenbau-vor-dem-abschluss\/"]}]},{"@type":"ImageObject","inLanguage":"de","@id":"https:\/\/paulinenaue.info\/index.php\/strassenbau-vor-dem-abschluss\/#primaryimage","url":"https:\/\/paulinenaue.info\/wp-content\/uploads\/2019\/05\/DSC09074.jpg","contentUrl":"https:\/\/paulinenaue.info\/wp-content\/uploads\/2019\/05\/DSC09074.jpg","width":1000,"height":750},{"@type":"BreadcrumbList","@id":"https:\/\/paulinenaue.info\/index.php\/strassenbau-vor-dem-abschluss\/#breadcrumb","itemListElement":[{"@type":"ListItem","position":1,"name":"Home","item":"https:\/\/paulinenaue.info\/"},{"@type":"ListItem","position":2,"name":"Stra\u00dfenbau vor dem Abschluss"}]},{"@type":"WebSite","@id":"https:\/\/paulinenaue.info\/#website","url":"https:\/\/paulinenaue.info\/","name":"Paulinenaue","description":"Ein Dorf im Havelland","potentialAction":[{"@type":"SearchAction","target":{"@type":"EntryPoint","urlTemplate":"https:\/\/paulinenaue.info\/?s={search_term_string}"},"query-input":{"@type":"PropertyValueSpecification","valueRequired":true,"valueName":"search_term_string"}}],"inLanguage":"de"},{"@type":"Person","@id":"https:\/\/paulinenaue.info\/#\/schema\/person\/3f9e818fd7b69b0d2bd937ac506897cc","name":"Joachim Scholz","url":"https:\/\/paulinenaue.info\/index.php\/author\/jjscholz\/"}]}},"jetpack_publicize_connections":[],"jetpack_featured_media_url":"https:\/\/paulinenaue.info\/wp-content\/uploads\/2019\/05\/DSC09074.jpg","jetpack_sharing_enabled":true,"jetpack_shortlink":"https:\/\/wp.me\/pcYhWA-1fu","jetpack-related-posts":[{"id":6316,"url":"https:\/\/paulinenaue.info\/index.php\/bahnhofstrasse-bekommt-bitumendecke\/","url_meta":{"origin":4804,"position":0},"title":"Bahnhofstra\u00dfe bekommt Bitumendecke","author":"Joachim Scholz","date":"19. August 2008","format":false,"excerpt":"18.08.2008. Nach wochenlanger Bauphase erh\u00e4lt die Paulinenauer Bahnhofstra\u00dfe nun ein ansehnliches Asphaltkleid, das in Schichten aufgetragen wird. Eberhard Schwarz gibt mit der Kamera eine Momentaufnahme der Situation am Montag, dem 18.08.2008. \u00a0 \u00a0 \u00a0 \u00a0 \u00a0","rel":"","context":"In &quot;Allgemein&quot;","block_context":{"text":"Allgemein","link":"https:\/\/paulinenaue.info\/index.php\/category\/allgemein\/"},"img":{"alt_text":"","src":"https:\/\/i0.wp.com\/paulinenaue.info\/wp-content\/uploads\/2021\/11\/2008-08-18_bahnhofstrasse_bitumendecke_06_es.jpg?resize=350%2C200&ssl=1","width":350,"height":200,"srcset":"https:\/\/i0.wp.com\/paulinenaue.info\/wp-content\/uploads\/2021\/11\/2008-08-18_bahnhofstrasse_bitumendecke_06_es.jpg?resize=350%2C200&ssl=1 1x, https:\/\/i0.wp.com\/paulinenaue.info\/wp-content\/uploads\/2021\/11\/2008-08-18_bahnhofstrasse_bitumendecke_06_es.jpg?resize=525%2C300&ssl=1 1.5x, https:\/\/i0.wp.com\/paulinenaue.info\/wp-content\/uploads\/2021\/11\/2008-08-18_bahnhofstrasse_bitumendecke_06_es.jpg?resize=700%2C400&ssl=1 2x"},"classes":[]},{"id":419258,"url":"https:\/\/paulinenaue.info\/index.php\/der-osterstrauss-des-jahres-2026\/","url_meta":{"origin":4804,"position":1},"title":"Der Osterstrau\u00df des Jahres 2026","author":"Joachim Scholz","date":"4. April 2026","format":false,"excerpt":"Erkundungen in Paulinenaue und Selbelang \u201eThere is nothing you can do that can't be done,\u201c sangen 1967 die Beatles in ihrem Klassiker \u201eAll You Need is Love\u201c. Es gibt nichts Originelles, alles ist so oder \u00e4hnlich schon mal da gewesen. Wenn man allerdings \u201eOsterstrau\u00df des Jahres \u201c in die KI\u2026","rel":"","context":"In &quot;Allgemein&quot;","block_context":{"text":"Allgemein","link":"https:\/\/paulinenaue.info\/index.php\/category\/allgemein\/"},"img":{"alt_text":"","src":"https:\/\/i0.wp.com\/paulinenaue.info\/wp-content\/uploads\/2026\/04\/2026-04-04-Osterstrauss-01.jpeg?resize=350%2C200&ssl=1","width":350,"height":200,"srcset":"https:\/\/i0.wp.com\/paulinenaue.info\/wp-content\/uploads\/2026\/04\/2026-04-04-Osterstrauss-01.jpeg?resize=350%2C200&ssl=1 1x, https:\/\/i0.wp.com\/paulinenaue.info\/wp-content\/uploads\/2026\/04\/2026-04-04-Osterstrauss-01.jpeg?resize=525%2C300&ssl=1 1.5x, https:\/\/i0.wp.com\/paulinenaue.info\/wp-content\/uploads\/2026\/04\/2026-04-04-Osterstrauss-01.jpeg?resize=700%2C400&ssl=1 2x"},"classes":[]},{"id":417977,"url":"https:\/\/paulinenaue.info\/index.php\/schliessung-des-bahnuebergangs-ruppiner-strasse\/","url_meta":{"origin":4804,"position":2},"title":"Schlie\u00dfung des Bahn\u00fcbergangs Ruppiner Stra\u00dfe","author":"Joachim Scholz","date":"10. September 2004","format":false,"excerpt":"10.09.2004. Die \u00dcberquerung der Eisenbahnlinie ist f\u00fcr Kraftfahrzeuge seit dem Nachmittag des 10. September 2004 nur noch \u00fcber die neu erbaute Br\u00fccke m\u00f6glich. Der seit \u00fcber 150 Jahren bestehende Bahn\u00fcbergang an der Ruppiner Stra\u00dfe ist geschlossen worden. \u00a0","rel":"","context":"In &quot;Bahnhof&quot;","block_context":{"text":"Bahnhof","link":"https:\/\/paulinenaue.info\/index.php\/category\/bahnhof\/"},"img":{"alt_text":"","src":"https:\/\/i0.wp.com\/paulinenaue.info\/wp-content\/uploads\/2025\/05\/2004-09-12-Bahnhuebergang-02.jpeg?resize=350%2C200&ssl=1","width":350,"height":200,"srcset":"https:\/\/i0.wp.com\/paulinenaue.info\/wp-content\/uploads\/2025\/05\/2004-09-12-Bahnhuebergang-02.jpeg?resize=350%2C200&ssl=1 1x, https:\/\/i0.wp.com\/paulinenaue.info\/wp-content\/uploads\/2025\/05\/2004-09-12-Bahnhuebergang-02.jpeg?resize=525%2C300&ssl=1 1.5x, https:\/\/i0.wp.com\/paulinenaue.info\/wp-content\/uploads\/2025\/05\/2004-09-12-Bahnhuebergang-02.jpeg?resize=700%2C400&ssl=1 2x"},"classes":[]},{"id":201,"url":"https:\/\/paulinenaue.info\/index.php\/damals-vor-40-jahren-paulinenaue-im-ausnahmezustand\/","url_meta":{"origin":4804,"position":3},"title":"Damals vor 40 Jahren: Paulinenaue im Ausnahmezustand","author":"Joachim Scholz","date":"22. M\u00e4rz 2016","format":false,"excerpt":"Georg Drasch\u00e9 fotografierte das Dorf im November 1972 nach dem Sturm \u201eQuimburga\u201c Artikel aus dem Archiv der Website vom 30.11.2012 von Joachim Scholz \u201eWetterlage:\u00a0Ein Sturmtief \u00fcberquert mit seinen Ausl\u00e4ufern im Tagesverlauf die DDR. Auf seiner R\u00fcckseite wird erneut Kaltluft herangef\u00fchrt.\u00a0Wetteraussichten:\u00a0Bedeckt und zeitweise Regen. Im sp\u00e4teren Tagesverlauf Schauer. Tagesh\u00f6chsttemperaturen 5 \u00b0C-10\u00b0C.\u2026","rel":"","context":"In &quot;Hier Zuhause&quot;","block_context":{"text":"Hier Zuhause","link":"https:\/\/paulinenaue.info\/index.php\/category\/hier-zuhause\/"},"img":{"alt_text":"","src":"https:\/\/i0.wp.com\/paulinenaue.info\/wp-content\/uploads\/2016\/03\/19721114_quimburga_10_gd.jpg?resize=350%2C200&ssl=1","width":350,"height":200},"classes":[]},{"id":417988,"url":"https:\/\/paulinenaue.info\/index.php\/altes-paulinenauer-kopfsteinpflaster\/","url_meta":{"origin":4804,"position":4},"title":"Stra\u00dfenbau f\u00f6rdert altes Paulinenauer Kopfsteinpflaster zu Tage","author":"Joachim Scholz","date":"7. August 2008","format":false,"excerpt":"07.08.2008. Dass Paulinenaue ein Kind des 19. Jahrhunderts ist, kann man dank der Stra\u00dfenbauarbeiten inmitten des Dorfes gerade auf anschauliche Weise erfahren. In Paulinenaue wird in diesem Jahr die durch das Dorf f\u00fchrende Kreisstra\u00dfe HVL 12 erneuert. Die Aufhebung der Asphaltdecke bringt hier das historische Pflaster unter der Bahnhofstra\u00dfe wieder\u2026","rel":"","context":"In &quot;Allgemein&quot;","block_context":{"text":"Allgemein","link":"https:\/\/paulinenaue.info\/index.php\/category\/allgemein\/"},"img":{"alt_text":"","src":"https:\/\/i0.wp.com\/paulinenaue.info\/wp-content\/uploads\/2025\/05\/2008-07-27-Kopfsteinpflaster-05_es.jpeg?resize=350%2C200&ssl=1","width":350,"height":200,"srcset":"https:\/\/i0.wp.com\/paulinenaue.info\/wp-content\/uploads\/2025\/05\/2008-07-27-Kopfsteinpflaster-05_es.jpeg?resize=350%2C200&ssl=1 1x, https:\/\/i0.wp.com\/paulinenaue.info\/wp-content\/uploads\/2025\/05\/2008-07-27-Kopfsteinpflaster-05_es.jpeg?resize=525%2C300&ssl=1 1.5x, https:\/\/i0.wp.com\/paulinenaue.info\/wp-content\/uploads\/2025\/05\/2008-07-27-Kopfsteinpflaster-05_es.jpeg?resize=700%2C400&ssl=1 2x"},"classes":[]},{"id":418835,"url":"https:\/\/paulinenaue.info\/index.php\/schienenrueckbau-auf-der-strecke-nach-fehrbellin\/","url_meta":{"origin":4804,"position":5},"title":"Schienenr\u00fcckbau auf der Strecke nach Fehrbellin","author":"Joachim Scholz","date":"13. April 2008","format":false,"excerpt":"13.04.2008. \u201eBis Bahnhof Paulinenaue Schrott\u201c \u2013 auf den Gleisen der Eisenbahnstrecke nach Fehrbellin stehen neben blauen Markierungen dieser Tage solche und \u00e4hnliche r\u00e4tselhaft sinnige Informationsfetzen geschrieben. Was es mit ihnen auf sich hat, erf\u00e4hrt der von Paulinenaue kommende Spazierg\u00e4nger sp\u00e4testens jenseits des Kanals, wo es mit dem gewohnten durchgehenden Schienenstrang\u2026","rel":"","context":"In &quot;Allgemein&quot;","block_context":{"text":"Allgemein","link":"https:\/\/paulinenaue.info\/index.php\/category\/allgemein\/"},"img":{"alt_text":"","src":"https:\/\/i0.wp.com\/paulinenaue.info\/wp-content\/uploads\/2026\/01\/2008-04-12-Schienen-05.jpeg?resize=350%2C200&ssl=1","width":350,"height":200,"srcset":"https:\/\/i0.wp.com\/paulinenaue.info\/wp-content\/uploads\/2026\/01\/2008-04-12-Schienen-05.jpeg?resize=350%2C200&ssl=1 1x, https:\/\/i0.wp.com\/paulinenaue.info\/wp-content\/uploads\/2026\/01\/2008-04-12-Schienen-05.jpeg?resize=525%2C300&ssl=1 1.5x, https:\/\/i0.wp.com\/paulinenaue.info\/wp-content\/uploads\/2026\/01\/2008-04-12-Schienen-05.jpeg?resize=700%2C400&ssl=1 2x"},"classes":[]}],"_links":{"self":[{"href":"https:\/\/paulinenaue.info\/index.php\/wp-json\/wp\/v2\/posts\/4804","targetHints":{"allow":["GET"]}}],"collection":[{"href":"https:\/\/paulinenaue.info\/index.php\/wp-json\/wp\/v2\/posts"}],"about":[{"href":"https:\/\/paulinenaue.info\/index.php\/wp-json\/wp\/v2\/types\/post"}],"author":[{"embeddable":true,"href":"https:\/\/paulinenaue.info\/index.php\/wp-json\/wp\/v2\/users\/1"}],"replies":[{"embeddable":true,"href":"https:\/\/paulinenaue.info\/index.php\/wp-json\/wp\/v2\/comments?post=4804"}],"version-history":[{"count":8,"href":"https:\/\/paulinenaue.info\/index.php\/wp-json\/wp\/v2\/posts\/4804\/revisions"}],"predecessor-version":[{"id":6311,"href":"https:\/\/paulinenaue.info\/index.php\/wp-json\/wp\/v2\/posts\/4804\/revisions\/6311"}],"wp:featuredmedia":[{"embeddable":true,"href":"https:\/\/paulinenaue.info\/index.php\/wp-json\/wp\/v2\/media\/4802"}],"wp:attachment":[{"href":"https:\/\/paulinenaue.info\/index.php\/wp-json\/wp\/v2\/media?parent=4804"}],"wp:term":[{"taxonomy":"category","embeddable":true,"href":"https:\/\/paulinenaue.info\/index.php\/wp-json\/wp\/v2\/categories?post=4804"},{"taxonomy":"post_tag","embeddable":true,"href":"https:\/\/paulinenaue.info\/index.php\/wp-json\/wp\/v2\/tags?post=4804"}],"curies":[{"name":"wp","href":"https:\/\/api.w.org\/{rel}","templated":true}]}}