{"id":4952,"date":"2019-08-13T19:18:53","date_gmt":"2019-08-13T17:18:53","guid":{"rendered":"http:\/\/paulinenaue.info\/?p=4952"},"modified":"2019-08-13T19:18:53","modified_gmt":"2019-08-13T17:18:53","slug":"2-sommerausflug-2019-der-senioren","status":"publish","type":"post","link":"https:\/\/paulinenaue.info\/index.php\/2-sommerausflug-2019-der-senioren\/","title":{"rendered":"2. Sommerausflug 2019 der Senioren"},"content":{"rendered":"<h6>Text: Helga Henning<\/h6>\n<p>Der diesj\u00e4hrige Sommerausflug f\u00fchrte 74 Senioren am 31. Juli nach Potsdam. Zuerst ging es zum Landtag. Dort wurden wir kompetent durch das Geb\u00e4ude gef\u00fchrt und konnten viele neue, interessante Eindr\u00fccke gewinnen. Auch hatten wir Gelegenheit mit dem Abgeordneten Wolfgang Royk zu sprechen.<\/p>\n<p>Nach den vielen Eindr\u00fccken ging es zum Mittagessen in die Gastst\u00e4tte &#8222;Stadtw\u00e4chter&#8220;. Allen hat es gut gemundet. So gest\u00e4rkt begaben wir uns zur Schl\u00f6sserfahrt auf die Potsdamer Gew\u00e4sser. Leider hat es etwas geregnet, aber Kaffee und Kuchen haben uns vers\u00f6hnt.<\/p>\n<p>Froh und gl\u00fccklich \u00fcber den erlebnisreichen Tag sind wir am Abend heimgekehrt.<\/p>\n\n\t\t<style type=\"text\/css\">\n\t\t\t#gallery-1 {\n\t\t\t\tmargin: auto;\n\t\t\t}\n\t\t\t#gallery-1 .gallery-item {\n\t\t\t\tfloat: left;\n\t\t\t\tmargin-top: 10px;\n\t\t\t\ttext-align: center;\n\t\t\t\twidth: 33%;\n\t\t\t}\n\t\t\t#gallery-1 img {\n\t\t\t\tborder: 2px solid #cfcfcf;\n\t\t\t}\n\t\t\t#gallery-1 .gallery-caption {\n\t\t\t\tmargin-left: 0;\n\t\t\t}\n\t\t\t\/* see gallery_shortcode() in wp-includes\/media.php *\/\n\t\t<\/style>\n\t\t<div data-carousel-extra='{&quot;blog_id&quot;:1,&quot;permalink&quot;:&quot;https:\/\/paulinenaue.info\/index.php\/2-sommerausflug-2019-der-senioren\/&quot;}' id='gallery-1' class='gallery galleryid-4952 gallery-columns-3 gallery-size-thumbnail'><dl class='gallery-item'>\n\t\t\t<dt class='gallery-icon portrait'>\n\t\t\t\t<a data-rel=\"iLightbox[postimages]\" data-title=\"20190731_105249\" data-caption=\"\" href='https:\/\/paulinenaue.info\/index.php\/2-sommerausflug-2019-der-senioren\/20190731_105249\/'><img decoding=\"async\" width=\"150\" height=\"150\" src=\"https:\/\/paulinenaue.info\/wp-content\/uploads\/2019\/08\/20190731_105249-e1565716544387-150x150.jpg\" class=\"attachment-thumbnail size-thumbnail lazyload\" alt=\"\" srcset=\"data:image\/svg+xml,%3Csvg%20xmlns%3D%27http%3A%2F%2Fwww.w3.org%2F2000%2Fsvg%27%20width%3D%273024%27%20height%3D%274032%27%20viewBox%3D%270%200%203024%204032%27%3E%3Crect%20width%3D%273024%27%20height%3D%274032%27%20fill-opacity%3D%220%22%2F%3E%3C%2Fsvg%3E\" data-orig-src=\"https:\/\/paulinenaue.info\/wp-content\/uploads\/2019\/08\/20190731_105249-e1565716544387-150x150.jpg\" data-srcset=\"https:\/\/paulinenaue.info\/wp-content\/uploads\/2019\/08\/20190731_105249-e1565716544387-100x100.jpg 100w, https:\/\/paulinenaue.info\/wp-content\/uploads\/2019\/08\/20190731_105249-e1565716544387-150x150.jpg 150w, https:\/\/paulinenaue.info\/wp-content\/uploads\/2019\/08\/20190731_105249-e1565716544387-210x210.jpg 210w, https:\/\/paulinenaue.info\/wp-content\/uploads\/2019\/08\/20190731_105249-e1565716544387-400x400.jpg 400w\" data-sizes=\"auto\" data-attachment-id=\"4953\" data-permalink=\"https:\/\/paulinenaue.info\/index.php\/2-sommerausflug-2019-der-senioren\/20190731_105249\/\" data-orig-file=\"https:\/\/paulinenaue.info\/wp-content\/uploads\/2019\/08\/20190731_105249-e1565716544387.jpg\" data-orig-size=\"3024,4032\" data-comments-opened=\"1\" data-image-meta=\"{&quot;aperture&quot;:&quot;1.7&quot;,&quot;credit&quot;:&quot;&quot;,&quot;camera&quot;:&quot;SM-A505FN&quot;,&quot;caption&quot;:&quot;&quot;,&quot;created_timestamp&quot;:&quot;1564570369&quot;,&quot;copyright&quot;:&quot;&quot;,&quot;focal_length&quot;:&quot;3.93&quot;,&quot;iso&quot;:&quot;40&quot;,&quot;shutter_speed&quot;:&quot;0.0078125&quot;,&quot;title&quot;:&quot;&quot;,&quot;orientation&quot;:&quot;6&quot;}\" data-image-title=\"20190731_105249\" data-image-description=\"\" data-image-caption=\"\" data-large-file=\"https:\/\/paulinenaue.info\/wp-content\/uploads\/2019\/08\/20190731_105249-e1565716544387-768x1024.jpg\" \/><\/a>\n\t\t\t<\/dt><\/dl><dl class='gallery-item'>\n\t\t\t<dt class='gallery-icon landscape'>\n\t\t\t\t<a data-rel=\"iLightbox[postimages]\" data-title=\"20190731_160202\" data-caption=\"\" href='https:\/\/paulinenaue.info\/index.php\/2-sommerausflug-2019-der-senioren\/20190731_160202\/'><img decoding=\"async\" width=\"150\" height=\"150\" src=\"https:\/\/paulinenaue.info\/wp-content\/uploads\/2019\/08\/20190731_160202-e1565716577103-150x150.jpg\" class=\"attachment-thumbnail size-thumbnail lazyload\" alt=\"\" srcset=\"data:image\/svg+xml,%3Csvg%20xmlns%3D%27http%3A%2F%2Fwww.w3.org%2F2000%2Fsvg%27%20width%3D%274032%27%20height%3D%273024%27%20viewBox%3D%270%200%204032%203024%27%3E%3Crect%20width%3D%274032%27%20height%3D%273024%27%20fill-opacity%3D%220%22%2F%3E%3C%2Fsvg%3E\" data-orig-src=\"https:\/\/paulinenaue.info\/wp-content\/uploads\/2019\/08\/20190731_160202-e1565716577103-150x150.jpg\" data-srcset=\"https:\/\/paulinenaue.info\/wp-content\/uploads\/2019\/08\/20190731_160202-e1565716577103-100x100.jpg 100w, https:\/\/paulinenaue.info\/wp-content\/uploads\/2019\/08\/20190731_160202-e1565716577103-150x150.jpg 150w, https:\/\/paulinenaue.info\/wp-content\/uploads\/2019\/08\/20190731_160202-e1565716577103-210x210.jpg 210w, https:\/\/paulinenaue.info\/wp-content\/uploads\/2019\/08\/20190731_160202-e1565716577103-400x400.jpg 400w\" data-sizes=\"auto\" data-attachment-id=\"4954\" data-permalink=\"https:\/\/paulinenaue.info\/index.php\/2-sommerausflug-2019-der-senioren\/20190731_160202\/\" data-orig-file=\"https:\/\/paulinenaue.info\/wp-content\/uploads\/2019\/08\/20190731_160202-e1565716577103.jpg\" data-orig-size=\"4032,3024\" data-comments-opened=\"1\" data-image-meta=\"{&quot;aperture&quot;:&quot;1.7&quot;,&quot;credit&quot;:&quot;&quot;,&quot;camera&quot;:&quot;SM-A505FN&quot;,&quot;caption&quot;:&quot;&quot;,&quot;created_timestamp&quot;:&quot;1564588922&quot;,&quot;copyright&quot;:&quot;&quot;,&quot;focal_length&quot;:&quot;3.93&quot;,&quot;iso&quot;:&quot;40&quot;,&quot;shutter_speed&quot;:&quot;0.00039200313602509&quot;,&quot;title&quot;:&quot;&quot;,&quot;orientation&quot;:&quot;3&quot;}\" data-image-title=\"20190731_160202\" data-image-description=\"\" data-image-caption=\"\" data-large-file=\"https:\/\/paulinenaue.info\/wp-content\/uploads\/2019\/08\/20190731_160202-e1565716577103-1024x768.jpg\" \/><\/a>\n\t\t\t<\/dt><\/dl>\n\t\t\t<br style='clear: both' \/>\n\t\t<\/div>\n\n","protected":false},"excerpt":{"rendered":"<p>Text: Helga Henning Der diesj\u00e4hrige Sommerausflug f\u00fchrte 74 Senioren am [&hellip;]<\/p>\n","protected":false},"author":3,"featured_media":4955,"comment_status":"open","ping_status":"open","sticky":false,"template":"","format":"standard","meta":{"_acf_changed":false,"_price":"","_stock":"","_tribe_ticket_header":"","_tribe_default_ticket_provider":"","_tribe_ticket_capacity":"0","_ticket_start_date":"","_ticket_end_date":"","_tribe_ticket_show_description":"","_tribe_ticket_show_not_going":false,"_tribe_ticket_use_global_stock":"","_tribe_ticket_global_stock_level":"","_global_stock_mode":"","_global_stock_cap":"","_tribe_rsvp_for_event":"","_tribe_ticket_going_count":"","_tribe_ticket_not_going_count":"","_tribe_tickets_list":"[]","_tribe_ticket_has_attendee_info_fields":false,"jetpack_post_was_ever_published":false,"_jetpack_newsletter_access":"","_jetpack_dont_email_post_to_subs":false,"_jetpack_newsletter_tier_id":0,"_jetpack_memberships_contains_paywalled_content":false,"_jetpack_memberships_contains_paid_content":false,"footnotes":"","jetpack_publicize_message":"","jetpack_publicize_feature_enabled":true,"jetpack_social_post_already_shared":true,"jetpack_social_options":{"image_generator_settings":{"template":"highway","default_image_id":0,"font":"","enabled":false},"version":2}},"categories":[6,9,300],"tags":[301,304,303,305,302],"class_list":["post-4952","post","type-post","status-publish","format-standard","has-post-thumbnail","hentry","category-hier-zuhause","category-neuigkeiten","category-volkssolidaritaet","tag-ausflug","tag-landtag","tag-potsdam","tag-senioren","tag-volssolidaritaet"],"acf":[],"yoast_head":"<!-- This site is optimized with the Yoast SEO plugin v27.5 - https:\/\/yoast.com\/product\/yoast-seo-wordpress\/ -->\n<title>2. Sommerausflug 2019 der Senioren - Paulinenaue<\/title>\n<meta name=\"robots\" content=\"index, follow, max-snippet:-1, max-image-preview:large, max-video-preview:-1\" \/>\n<link rel=\"canonical\" href=\"https:\/\/paulinenaue.info\/index.php\/2-sommerausflug-2019-der-senioren\/\" \/>\n<meta property=\"og:locale\" content=\"de_DE\" \/>\n<meta property=\"og:type\" content=\"article\" \/>\n<meta property=\"og:title\" content=\"2. Sommerausflug 2019 der Senioren - Paulinenaue\" \/>\n<meta property=\"og:description\" content=\"Text: Helga Henning Der diesj\u00e4hrige Sommerausflug f\u00fchrte 74 Senioren am [&hellip;]\" \/>\n<meta property=\"og:url\" content=\"https:\/\/paulinenaue.info\/index.php\/2-sommerausflug-2019-der-senioren\/\" \/>\n<meta property=\"og:site_name\" content=\"Paulinenaue\" \/>\n<meta property=\"article:published_time\" content=\"2019-08-13T17:18:53+00:00\" \/>\n<meta property=\"og:image\" content=\"https:\/\/i1.wp.com\/paulinenaue.info\/wp-content\/uploads\/2019\/08\/20190731_100718-e1565716609760.jpg?fit=4032%2C3024&ssl=1\" \/>\n\t<meta property=\"og:image:width\" content=\"4032\" \/>\n\t<meta property=\"og:image:height\" content=\"3024\" \/>\n\t<meta property=\"og:image:type\" content=\"image\/jpeg\" \/>\n<meta name=\"author\" content=\"Sarah\" \/>\n<meta name=\"twitter:card\" content=\"summary_large_image\" \/>\n<meta name=\"twitter:label1\" content=\"Verfasst von\" \/>\n\t<meta name=\"twitter:data1\" content=\"Sarah\" \/>\n\t<meta name=\"twitter:label2\" content=\"Gesch\u00e4tzte Lesezeit\" \/>\n\t<meta name=\"twitter:data2\" content=\"1\u00a0Minute\" \/>\n<script type=\"application\/ld+json\" class=\"yoast-schema-graph\">{\"@context\":\"https:\\\/\\\/schema.org\",\"@graph\":[{\"@type\":\"Article\",\"@id\":\"https:\\\/\\\/paulinenaue.info\\\/index.php\\\/2-sommerausflug-2019-der-senioren\\\/#article\",\"isPartOf\":{\"@id\":\"https:\\\/\\\/paulinenaue.info\\\/index.php\\\/2-sommerausflug-2019-der-senioren\\\/\"},\"author\":{\"name\":\"Sarah\",\"@id\":\"https:\\\/\\\/paulinenaue.info\\\/#\\\/schema\\\/person\\\/e5be566a57b5b3f65d2c65a58c42325e\"},\"headline\":\"2. Sommerausflug 2019 der Senioren\",\"datePublished\":\"2019-08-13T17:18:53+00:00\",\"mainEntityOfPage\":{\"@id\":\"https:\\\/\\\/paulinenaue.info\\\/index.php\\\/2-sommerausflug-2019-der-senioren\\\/\"},\"wordCount\":113,\"commentCount\":0,\"image\":{\"@id\":\"https:\\\/\\\/paulinenaue.info\\\/index.php\\\/2-sommerausflug-2019-der-senioren\\\/#primaryimage\"},\"thumbnailUrl\":\"https:\\\/\\\/paulinenaue.info\\\/wp-content\\\/uploads\\\/2019\\\/08\\\/20190731_100718-e1565716609760.jpg\",\"keywords\":[\"Ausflug\",\"Landtag\",\"Potsdam\",\"Senioren\",\"Volssolidarit\u00e4t\"],\"articleSection\":[\"Hier Zuhause\",\"Neuigkeiten\",\"Volkssolidarit\u00e4t\"],\"inLanguage\":\"de\",\"potentialAction\":[{\"@type\":\"CommentAction\",\"name\":\"Comment\",\"target\":[\"https:\\\/\\\/paulinenaue.info\\\/index.php\\\/2-sommerausflug-2019-der-senioren\\\/#respond\"]}]},{\"@type\":\"WebPage\",\"@id\":\"https:\\\/\\\/paulinenaue.info\\\/index.php\\\/2-sommerausflug-2019-der-senioren\\\/\",\"url\":\"https:\\\/\\\/paulinenaue.info\\\/index.php\\\/2-sommerausflug-2019-der-senioren\\\/\",\"name\":\"2. Sommerausflug 2019 der Senioren - Paulinenaue\",\"isPartOf\":{\"@id\":\"https:\\\/\\\/paulinenaue.info\\\/#website\"},\"primaryImageOfPage\":{\"@id\":\"https:\\\/\\\/paulinenaue.info\\\/index.php\\\/2-sommerausflug-2019-der-senioren\\\/#primaryimage\"},\"image\":{\"@id\":\"https:\\\/\\\/paulinenaue.info\\\/index.php\\\/2-sommerausflug-2019-der-senioren\\\/#primaryimage\"},\"thumbnailUrl\":\"https:\\\/\\\/paulinenaue.info\\\/wp-content\\\/uploads\\\/2019\\\/08\\\/20190731_100718-e1565716609760.jpg\",\"datePublished\":\"2019-08-13T17:18:53+00:00\",\"author\":{\"@id\":\"https:\\\/\\\/paulinenaue.info\\\/#\\\/schema\\\/person\\\/e5be566a57b5b3f65d2c65a58c42325e\"},\"breadcrumb\":{\"@id\":\"https:\\\/\\\/paulinenaue.info\\\/index.php\\\/2-sommerausflug-2019-der-senioren\\\/#breadcrumb\"},\"inLanguage\":\"de\",\"potentialAction\":[{\"@type\":\"ReadAction\",\"target\":[\"https:\\\/\\\/paulinenaue.info\\\/index.php\\\/2-sommerausflug-2019-der-senioren\\\/\"]}]},{\"@type\":\"ImageObject\",\"inLanguage\":\"de\",\"@id\":\"https:\\\/\\\/paulinenaue.info\\\/index.php\\\/2-sommerausflug-2019-der-senioren\\\/#primaryimage\",\"url\":\"https:\\\/\\\/paulinenaue.info\\\/wp-content\\\/uploads\\\/2019\\\/08\\\/20190731_100718-e1565716609760.jpg\",\"contentUrl\":\"https:\\\/\\\/paulinenaue.info\\\/wp-content\\\/uploads\\\/2019\\\/08\\\/20190731_100718-e1565716609760.jpg\",\"width\":4032,\"height\":3024},{\"@type\":\"BreadcrumbList\",\"@id\":\"https:\\\/\\\/paulinenaue.info\\\/index.php\\\/2-sommerausflug-2019-der-senioren\\\/#breadcrumb\",\"itemListElement\":[{\"@type\":\"ListItem\",\"position\":1,\"name\":\"Home\",\"item\":\"https:\\\/\\\/paulinenaue.info\\\/\"},{\"@type\":\"ListItem\",\"position\":2,\"name\":\"2. Sommerausflug 2019 der Senioren\"}]},{\"@type\":\"WebSite\",\"@id\":\"https:\\\/\\\/paulinenaue.info\\\/#website\",\"url\":\"https:\\\/\\\/paulinenaue.info\\\/\",\"name\":\"Paulinenaue\",\"description\":\"Ein Dorf im Havelland\",\"potentialAction\":[{\"@type\":\"SearchAction\",\"target\":{\"@type\":\"EntryPoint\",\"urlTemplate\":\"https:\\\/\\\/paulinenaue.info\\\/?s={search_term_string}\"},\"query-input\":{\"@type\":\"PropertyValueSpecification\",\"valueRequired\":true,\"valueName\":\"search_term_string\"}}],\"inLanguage\":\"de\"},{\"@type\":\"Person\",\"@id\":\"https:\\\/\\\/paulinenaue.info\\\/#\\\/schema\\\/person\\\/e5be566a57b5b3f65d2c65a58c42325e\",\"name\":\"Sarah\",\"url\":\"https:\\\/\\\/paulinenaue.info\\\/index.php\\\/author\\\/sarah\\\/\"}]}<\/script>\n<!-- \/ Yoast SEO plugin. -->","yoast_head_json":{"title":"2. Sommerausflug 2019 der Senioren - Paulinenaue","robots":{"index":"index","follow":"follow","max-snippet":"max-snippet:-1","max-image-preview":"max-image-preview:large","max-video-preview":"max-video-preview:-1"},"canonical":"https:\/\/paulinenaue.info\/index.php\/2-sommerausflug-2019-der-senioren\/","og_locale":"de_DE","og_type":"article","og_title":"2. Sommerausflug 2019 der Senioren - Paulinenaue","og_description":"Text: Helga Henning Der diesj\u00e4hrige Sommerausflug f\u00fchrte 74 Senioren am [&hellip;]","og_url":"https:\/\/paulinenaue.info\/index.php\/2-sommerausflug-2019-der-senioren\/","og_site_name":"Paulinenaue","article_published_time":"2019-08-13T17:18:53+00:00","og_image":[{"width":4032,"height":3024,"url":"https:\/\/i1.wp.com\/paulinenaue.info\/wp-content\/uploads\/2019\/08\/20190731_100718-e1565716609760.jpg?fit=4032%2C3024&ssl=1","type":"image\/jpeg"}],"author":"Sarah","twitter_card":"summary_large_image","twitter_misc":{"Verfasst von":"Sarah","Gesch\u00e4tzte Lesezeit":"1\u00a0Minute"},"schema":{"@context":"https:\/\/schema.org","@graph":[{"@type":"Article","@id":"https:\/\/paulinenaue.info\/index.php\/2-sommerausflug-2019-der-senioren\/#article","isPartOf":{"@id":"https:\/\/paulinenaue.info\/index.php\/2-sommerausflug-2019-der-senioren\/"},"author":{"name":"Sarah","@id":"https:\/\/paulinenaue.info\/#\/schema\/person\/e5be566a57b5b3f65d2c65a58c42325e"},"headline":"2. Sommerausflug 2019 der Senioren","datePublished":"2019-08-13T17:18:53+00:00","mainEntityOfPage":{"@id":"https:\/\/paulinenaue.info\/index.php\/2-sommerausflug-2019-der-senioren\/"},"wordCount":113,"commentCount":0,"image":{"@id":"https:\/\/paulinenaue.info\/index.php\/2-sommerausflug-2019-der-senioren\/#primaryimage"},"thumbnailUrl":"https:\/\/paulinenaue.info\/wp-content\/uploads\/2019\/08\/20190731_100718-e1565716609760.jpg","keywords":["Ausflug","Landtag","Potsdam","Senioren","Volssolidarit\u00e4t"],"articleSection":["Hier Zuhause","Neuigkeiten","Volkssolidarit\u00e4t"],"inLanguage":"de","potentialAction":[{"@type":"CommentAction","name":"Comment","target":["https:\/\/paulinenaue.info\/index.php\/2-sommerausflug-2019-der-senioren\/#respond"]}]},{"@type":"WebPage","@id":"https:\/\/paulinenaue.info\/index.php\/2-sommerausflug-2019-der-senioren\/","url":"https:\/\/paulinenaue.info\/index.php\/2-sommerausflug-2019-der-senioren\/","name":"2. Sommerausflug 2019 der Senioren - Paulinenaue","isPartOf":{"@id":"https:\/\/paulinenaue.info\/#website"},"primaryImageOfPage":{"@id":"https:\/\/paulinenaue.info\/index.php\/2-sommerausflug-2019-der-senioren\/#primaryimage"},"image":{"@id":"https:\/\/paulinenaue.info\/index.php\/2-sommerausflug-2019-der-senioren\/#primaryimage"},"thumbnailUrl":"https:\/\/paulinenaue.info\/wp-content\/uploads\/2019\/08\/20190731_100718-e1565716609760.jpg","datePublished":"2019-08-13T17:18:53+00:00","author":{"@id":"https:\/\/paulinenaue.info\/#\/schema\/person\/e5be566a57b5b3f65d2c65a58c42325e"},"breadcrumb":{"@id":"https:\/\/paulinenaue.info\/index.php\/2-sommerausflug-2019-der-senioren\/#breadcrumb"},"inLanguage":"de","potentialAction":[{"@type":"ReadAction","target":["https:\/\/paulinenaue.info\/index.php\/2-sommerausflug-2019-der-senioren\/"]}]},{"@type":"ImageObject","inLanguage":"de","@id":"https:\/\/paulinenaue.info\/index.php\/2-sommerausflug-2019-der-senioren\/#primaryimage","url":"https:\/\/paulinenaue.info\/wp-content\/uploads\/2019\/08\/20190731_100718-e1565716609760.jpg","contentUrl":"https:\/\/paulinenaue.info\/wp-content\/uploads\/2019\/08\/20190731_100718-e1565716609760.jpg","width":4032,"height":3024},{"@type":"BreadcrumbList","@id":"https:\/\/paulinenaue.info\/index.php\/2-sommerausflug-2019-der-senioren\/#breadcrumb","itemListElement":[{"@type":"ListItem","position":1,"name":"Home","item":"https:\/\/paulinenaue.info\/"},{"@type":"ListItem","position":2,"name":"2. Sommerausflug 2019 der Senioren"}]},{"@type":"WebSite","@id":"https:\/\/paulinenaue.info\/#website","url":"https:\/\/paulinenaue.info\/","name":"Paulinenaue","description":"Ein Dorf im Havelland","potentialAction":[{"@type":"SearchAction","target":{"@type":"EntryPoint","urlTemplate":"https:\/\/paulinenaue.info\/?s={search_term_string}"},"query-input":{"@type":"PropertyValueSpecification","valueRequired":true,"valueName":"search_term_string"}}],"inLanguage":"de"},{"@type":"Person","@id":"https:\/\/paulinenaue.info\/#\/schema\/person\/e5be566a57b5b3f65d2c65a58c42325e","name":"Sarah","url":"https:\/\/paulinenaue.info\/index.php\/author\/sarah\/"}]}},"jetpack_publicize_connections":[],"jetpack_featured_media_url":"https:\/\/paulinenaue.info\/wp-content\/uploads\/2019\/08\/20190731_100718-e1565716609760.jpg","jetpack_sharing_enabled":true,"jetpack_shortlink":"https:\/\/wp.me\/pcYhWA-1hS","jetpack-related-posts":[{"id":418279,"url":"https:\/\/paulinenaue.info\/index.php\/sommerausflug-der-volkssolidaritaet\/","url_meta":{"origin":4952,"position":0},"title":"Sommerausflug der Volkssolidarit\u00e4t","author":"Sarah","date":"15. September 2025","format":false,"excerpt":"Text: Helga Henning Am Morgen des 20.08.2025 trafen sich 68 Seniorinnen und Senioren zum diesj\u00e4hrigen Sommerausflug der Volkssolidarit\u00e4t. Unser Ziel war die Kaiser - und Hansestadt Tangerm\u00fcnde. Nach einer F\u00fchrung durch die Altstadt, wollten wir eine Dampferfahrt auf der Elbe machen. Da aber die Elbe Niedrigwasser f\u00fchrt, musste diese in\u2026","rel":"","context":"In &quot;Ehrenamt&quot;","block_context":{"text":"Ehrenamt","link":"https:\/\/paulinenaue.info\/index.php\/category\/ehrenamt\/"},"img":{"alt_text":"","src":"https:\/\/i0.wp.com\/paulinenaue.info\/wp-content\/uploads\/2025\/09\/IMG_8300.jpg?resize=350%2C200&ssl=1","width":350,"height":200,"srcset":"https:\/\/i0.wp.com\/paulinenaue.info\/wp-content\/uploads\/2025\/09\/IMG_8300.jpg?resize=350%2C200&ssl=1 1x, https:\/\/i0.wp.com\/paulinenaue.info\/wp-content\/uploads\/2025\/09\/IMG_8300.jpg?resize=525%2C300&ssl=1 1.5x, https:\/\/i0.wp.com\/paulinenaue.info\/wp-content\/uploads\/2025\/09\/IMG_8300.jpg?resize=700%2C400&ssl=1 2x, https:\/\/i0.wp.com\/paulinenaue.info\/wp-content\/uploads\/2025\/09\/IMG_8300.jpg?resize=1050%2C600&ssl=1 3x, https:\/\/i0.wp.com\/paulinenaue.info\/wp-content\/uploads\/2025\/09\/IMG_8300.jpg?resize=1400%2C800&ssl=1 4x"},"classes":[]},{"id":416754,"url":"https:\/\/paulinenaue.info\/index.php\/sommerausflug-der-volkssolidaritaet-2024\/","url_meta":{"origin":4952,"position":1},"title":"Sommerausflug der Volkssolidarit\u00e4t 2024","author":"Sarah","date":"8. September 2024","format":false,"excerpt":"Text: Helga Henning, Ortsgruppe der Volkssolidarit\u00e4t Paulinenaue Am Morgen des 28.08.2024 fanden sich 74 Seniorinnen und Senioren zum Sommerausflug ein. Unser Ziel war in diesem Jahr die Fontanestadt Neuruppin. Auf einer Stadtrundfahrt erfuhren wir viel Wissenswertes und Neues \u00fcber Neuruppin. So wurde von Vielen der Entschluss gefasst, der n\u00e4chste Sonntagsausflug\u2026","rel":"","context":"In &quot;Ehrenamt&quot;","block_context":{"text":"Ehrenamt","link":"https:\/\/paulinenaue.info\/index.php\/category\/ehrenamt\/"},"img":{"alt_text":"","src":"https:\/\/i0.wp.com\/paulinenaue.info\/wp-content\/uploads\/2024\/09\/IMG_7651-scaled.jpg?resize=350%2C200&ssl=1","width":350,"height":200,"srcset":"https:\/\/i0.wp.com\/paulinenaue.info\/wp-content\/uploads\/2024\/09\/IMG_7651-scaled.jpg?resize=350%2C200&ssl=1 1x, https:\/\/i0.wp.com\/paulinenaue.info\/wp-content\/uploads\/2024\/09\/IMG_7651-scaled.jpg?resize=525%2C300&ssl=1 1.5x, https:\/\/i0.wp.com\/paulinenaue.info\/wp-content\/uploads\/2024\/09\/IMG_7651-scaled.jpg?resize=700%2C400&ssl=1 2x, https:\/\/i0.wp.com\/paulinenaue.info\/wp-content\/uploads\/2024\/09\/IMG_7651-scaled.jpg?resize=1050%2C600&ssl=1 3x, https:\/\/i0.wp.com\/paulinenaue.info\/wp-content\/uploads\/2024\/09\/IMG_7651-scaled.jpg?resize=1400%2C800&ssl=1 4x"},"classes":[]},{"id":415635,"url":"https:\/\/paulinenaue.info\/index.php\/weihnachtsfeier-der-volkssolidaritaet\/","url_meta":{"origin":4952,"position":2},"title":"Weihnachtsfeier der Volkssolidarit\u00e4t","author":"Sarah","date":"18. Dezember 2023","format":false,"excerpt":"von Helga Henning Die Ortsgruppe der Volkssolidarit\u00e4t hatte am 6.12.2023 zur Weihnachtsfeier alle Seniorinnen und Senioren aus Paulinenaue eingeladen. Die Einladung fand gro\u00dfen Zuspruch, so fanden sich 62\u00a0 Seniorinnen \/ Senioren im Saal des Mehrzweckgeb\u00e4udes zu einem gem\u00fctlichen Nachmittag ein. Als Gast konnte auch Arne Breder, unser B\u00fcrgermeister, begr\u00fc\u00dft werden.\u2026","rel":"","context":"In &quot;Allgemein&quot;","block_context":{"text":"Allgemein","link":"https:\/\/paulinenaue.info\/index.php\/category\/allgemein\/"},"img":{"alt_text":"","src":"https:\/\/i0.wp.com\/paulinenaue.info\/wp-content\/uploads\/2023\/12\/Weihnachtsfeier-Senioren_1.jpg?resize=350%2C200&ssl=1","width":350,"height":200,"srcset":"https:\/\/i0.wp.com\/paulinenaue.info\/wp-content\/uploads\/2023\/12\/Weihnachtsfeier-Senioren_1.jpg?resize=350%2C200&ssl=1 1x, https:\/\/i0.wp.com\/paulinenaue.info\/wp-content\/uploads\/2023\/12\/Weihnachtsfeier-Senioren_1.jpg?resize=525%2C300&ssl=1 1.5x, https:\/\/i0.wp.com\/paulinenaue.info\/wp-content\/uploads\/2023\/12\/Weihnachtsfeier-Senioren_1.jpg?resize=700%2C400&ssl=1 2x, https:\/\/i0.wp.com\/paulinenaue.info\/wp-content\/uploads\/2023\/12\/Weihnachtsfeier-Senioren_1.jpg?resize=1050%2C600&ssl=1 3x, https:\/\/i0.wp.com\/paulinenaue.info\/wp-content\/uploads\/2023\/12\/Weihnachtsfeier-Senioren_1.jpg?resize=1400%2C800&ssl=1 4x"},"classes":[]},{"id":418693,"url":"https:\/\/paulinenaue.info\/index.php\/rueckblick-auf-die-senioren-weihnachtsfeier-im-mehrzweckgebaeude\/","url_meta":{"origin":4952,"position":3},"title":"R\u00fcckblick auf die Senioren-Weihnachtsfeier im Mehrzweckgeb\u00e4ude","author":"Pauline Hirschberg","date":"5. Dezember 2025","format":false,"excerpt":"Am vergangenen Mittwoch fand im Mehrzweckgeb\u00e4ude in der Professor-Mitscherlich-Allee \u2013 vielen noch als ehemaliges \u201eJugendhaus Paulinenaue\u201c bekannt \u2013 die j\u00e4hrliche Senioren-Weihnachtsfeier statt. Organisiert wurde die Veranstaltung wie gewohnt von der Ortsgruppe der Volkssolidarit\u00e4t, in diesem Jahr jedoch wieder mit tatkr\u00e4ftiger Unterst\u00fctzung der Pauerfrauen. Schon im Vorfeld haben wir Pauerfrauen Pl\u00e4tzchen\u2026","rel":"","context":"In &quot;Ehrenamt&quot;","block_context":{"text":"Ehrenamt","link":"https:\/\/paulinenaue.info\/index.php\/category\/ehrenamt\/"},"img":{"alt_text":"","src":"https:\/\/i0.wp.com\/paulinenaue.info\/wp-content\/uploads\/2025\/12\/IMG-20251203-WA0004.jpg?resize=350%2C200&ssl=1","width":350,"height":200,"srcset":"https:\/\/i0.wp.com\/paulinenaue.info\/wp-content\/uploads\/2025\/12\/IMG-20251203-WA0004.jpg?resize=350%2C200&ssl=1 1x, https:\/\/i0.wp.com\/paulinenaue.info\/wp-content\/uploads\/2025\/12\/IMG-20251203-WA0004.jpg?resize=525%2C300&ssl=1 1.5x, https:\/\/i0.wp.com\/paulinenaue.info\/wp-content\/uploads\/2025\/12\/IMG-20251203-WA0004.jpg?resize=700%2C400&ssl=1 2x, https:\/\/i0.wp.com\/paulinenaue.info\/wp-content\/uploads\/2025\/12\/IMG-20251203-WA0004.jpg?resize=1050%2C600&ssl=1 3x"},"classes":[]},{"id":1260,"url":"https:\/\/paulinenaue.info\/index.php\/die-vertreibung-des-pfarrers-willimsky-von-widerstand-und-anpassung-im-nationalsozialismus-in-paulinenaue-und-friesack-teil-1\/","url_meta":{"origin":4952,"position":4},"title":"Die Vertreibung des Pfarrers Willimsky (1)","author":"Sarah","date":"23. Juni 2017","format":false,"excerpt":"09.01.2007 Wer war Albert Willimsky? Von Widerstand und Anpassung im Nationalsozialismus in Paulinenaue und Friesack 1. Teil Joachim Scholz In der Berliner St. Hedwigskathedrale ist zum Gedenken an die katholischen Geistlichen, die dem Nationalsozialismus zum Opfer gefallen sind, eine Tafel angebracht. Der Name Willimsky ist hier ebenso angegeben wie auf\u2026","rel":"","context":"In &quot;Allgemein&quot;","block_context":{"text":"Allgemein","link":"https:\/\/paulinenaue.info\/index.php\/category\/allgemein\/"},"img":{"alt_text":"Pfarrer Albert Willimsky (1890-1940)","src":"https:\/\/i0.wp.com\/paulinenaue.info\/wp-content\/uploads\/2017\/06\/willimsky.jpg?resize=350%2C200","width":350,"height":200},"classes":[]},{"id":416836,"url":"https:\/\/paulinenaue.info\/index.php\/wie-gehts-euch-zora-alber-ueber-ihren-havelland-podcast\/","url_meta":{"origin":4952,"position":5},"title":"\u201eWie geht\u2019s euch?\u201c \u2013\u00a0Zora Alber \u00fcber ihren Havelland-Podcast","author":"Joachim Scholz","date":"15. September 2024","format":false,"excerpt":"Die Journalistin Zora Alber vom Sender Flux FM fuhr in diesem Sommer mit dem Fahrrad auf dem Havelland-Radweg, um f\u00fcr den Podcast \u201eHavelland und Leute\u201c Stimmen einzufangen. Ihr Weg f\u00fchrte sie auch durch Paulinenaue. \u00dcber den Podcast und die Stimmung im Havelland lesen Sie im folgenden Interview.\u00a0 Mit Zora Alber\u2026","rel":"","context":"In &quot;Allgemein&quot;","block_context":{"text":"Allgemein","link":"https:\/\/paulinenaue.info\/index.php\/category\/allgemein\/"},"img":{"alt_text":"","src":"https:\/\/i0.wp.com\/paulinenaue.info\/wp-content\/uploads\/2024\/09\/Zoom_Meeting_02.jpg?resize=350%2C200&ssl=1","width":350,"height":200,"srcset":"https:\/\/i0.wp.com\/paulinenaue.info\/wp-content\/uploads\/2024\/09\/Zoom_Meeting_02.jpg?resize=350%2C200&ssl=1 1x, https:\/\/i0.wp.com\/paulinenaue.info\/wp-content\/uploads\/2024\/09\/Zoom_Meeting_02.jpg?resize=525%2C300&ssl=1 1.5x, https:\/\/i0.wp.com\/paulinenaue.info\/wp-content\/uploads\/2024\/09\/Zoom_Meeting_02.jpg?resize=700%2C400&ssl=1 2x"},"classes":[]}],"_links":{"self":[{"href":"https:\/\/paulinenaue.info\/index.php\/wp-json\/wp\/v2\/posts\/4952","targetHints":{"allow":["GET"]}}],"collection":[{"href":"https:\/\/paulinenaue.info\/index.php\/wp-json\/wp\/v2\/posts"}],"about":[{"href":"https:\/\/paulinenaue.info\/index.php\/wp-json\/wp\/v2\/types\/post"}],"author":[{"embeddable":true,"href":"https:\/\/paulinenaue.info\/index.php\/wp-json\/wp\/v2\/users\/3"}],"replies":[{"embeddable":true,"href":"https:\/\/paulinenaue.info\/index.php\/wp-json\/wp\/v2\/comments?post=4952"}],"version-history":[{"count":1,"href":"https:\/\/paulinenaue.info\/index.php\/wp-json\/wp\/v2\/posts\/4952\/revisions"}],"predecessor-version":[{"id":4956,"href":"https:\/\/paulinenaue.info\/index.php\/wp-json\/wp\/v2\/posts\/4952\/revisions\/4956"}],"wp:featuredmedia":[{"embeddable":true,"href":"https:\/\/paulinenaue.info\/index.php\/wp-json\/wp\/v2\/media\/4955"}],"wp:attachment":[{"href":"https:\/\/paulinenaue.info\/index.php\/wp-json\/wp\/v2\/media?parent=4952"}],"wp:term":[{"taxonomy":"category","embeddable":true,"href":"https:\/\/paulinenaue.info\/index.php\/wp-json\/wp\/v2\/categories?post=4952"},{"taxonomy":"post_tag","embeddable":true,"href":"https:\/\/paulinenaue.info\/index.php\/wp-json\/wp\/v2\/tags?post=4952"}],"curies":[{"name":"wp","href":"https:\/\/api.w.org\/{rel}","templated":true}]}}