{"id":4968,"date":"2019-09-02T00:03:44","date_gmt":"2019-09-01T22:03:44","guid":{"rendered":"http:\/\/paulinenaue.info\/?p=4968"},"modified":"2019-09-22T00:38:39","modified_gmt":"2019-09-21T22:38:39","slug":"landtagswahl-2019-in-paulinenaue","status":"publish","type":"post","link":"https:\/\/paulinenaue.info\/index.php\/landtagswahl-2019-in-paulinenaue\/","title":{"rendered":"Landtagswahl 2019 in Paulinenaue"},"content":{"rendered":"<h2>Ein Blick auf die Zweitstimmenverteilung<\/h2>\n<p>In Brandenburg und in Sachsen ist am 1. September 2019 ein neuer Landtag gew\u00e4hlt worden. In beiden L\u00e4ndern war mit Spannung vor allem das Ergebnis der populistischen rechtsnationalen \u201eAlternative f\u00fcr Deutschland\u201c erwartet worden, die in den Umfragen zeitweise als Favoritin in der W\u00e4hlergunst galt. Am Wahlabend wurde klar, dass trotz deutlicher Verluste die regierungsf\u00fchrenden Parteien ihren Spitzenplatz behaupten konnten. Im Land Brandenburg ist das die SPD.<\/p>\n<p>In Paulinenaue stellt sich die Situation nicht anders dar als auf Landesebene, sowohl was die Prognosen, Bef\u00fcrchtungen und Hoffnungen vor der Wahl, als auch was die Resultate angeht. Ein Blick auf die Zweitstimmen aus dem Wahllokal im Feuerwehrdepot zeigt f\u00fcr die Parteien das folgende Bild.<\/p>\n<h3>Prozentuale Verteilung der Zweitstimmen im Paulinenauer Wahllokal (FFW)<\/h3>\n<div id=\"attachment_4972\" style=\"width: 801px\" class=\"wp-caption alignnone\"><a href=\"http:\/\/paulinenaue.info\/wp-content\/uploads\/2019\/09\/Zweitstimmen-Landtag-Wahllokal-FFW.jpg\"><img decoding=\"async\" aria-describedby=\"caption-attachment-4972\" data-attachment-id=\"4972\" data-permalink=\"https:\/\/paulinenaue.info\/index.php\/landtagswahl-2019-in-paulinenaue\/zweitstimmen-landtag-wahllokal-ffw\/\" data-orig-file=\"https:\/\/paulinenaue.info\/wp-content\/uploads\/2019\/09\/Zweitstimmen-Landtag-Wahllokal-FFW.jpg\" data-orig-size=\"791,515\" data-comments-opened=\"1\" data-image-meta=\"{&quot;aperture&quot;:&quot;0&quot;,&quot;credit&quot;:&quot;&quot;,&quot;camera&quot;:&quot;&quot;,&quot;caption&quot;:&quot;&quot;,&quot;created_timestamp&quot;:&quot;0&quot;,&quot;copyright&quot;:&quot;&quot;,&quot;focal_length&quot;:&quot;0&quot;,&quot;iso&quot;:&quot;0&quot;,&quot;shutter_speed&quot;:&quot;0&quot;,&quot;title&quot;:&quot;&quot;,&quot;orientation&quot;:&quot;0&quot;}\" data-image-title=\"Zweitstimmen Landtag Wahllokal FFW\" data-image-description=\"\" data-image-caption=\"\" data-large-file=\"https:\/\/paulinenaue.info\/wp-content\/uploads\/2019\/09\/Zweitstimmen-Landtag-Wahllokal-FFW.jpg\" class=\"lazyload wp-image-4972 size-full\" src=\"http:\/\/paulinenaue.info\/wp-content\/uploads\/2019\/09\/Zweitstimmen-Landtag-Wahllokal-FFW.jpg\" data-orig-src=\"http:\/\/paulinenaue.info\/wp-content\/uploads\/2019\/09\/Zweitstimmen-Landtag-Wahllokal-FFW.jpg\" alt=\"\" width=\"791\" height=\"515\" srcset=\"data:image\/svg+xml,%3Csvg%20xmlns%3D%27http%3A%2F%2Fwww.w3.org%2F2000%2Fsvg%27%20width%3D%27791%27%20height%3D%27515%27%20viewBox%3D%270%200%20791%20515%27%3E%3Crect%20width%3D%27791%27%20height%3D%27515%27%20fill-opacity%3D%220%22%2F%3E%3C%2Fsvg%3E\" data-srcset=\"https:\/\/paulinenaue.info\/wp-content\/uploads\/2019\/09\/Zweitstimmen-Landtag-Wahllokal-FFW-300x195.jpg 300w, https:\/\/paulinenaue.info\/wp-content\/uploads\/2019\/09\/Zweitstimmen-Landtag-Wahllokal-FFW-768x500.jpg 768w, https:\/\/paulinenaue.info\/wp-content\/uploads\/2019\/09\/Zweitstimmen-Landtag-Wahllokal-FFW.jpg 791w\" data-sizes=\"auto\" data-orig-sizes=\"(max-width: 791px) 100vw, 791px\" \/><\/a><p id=\"caption-attachment-4972\" class=\"wp-caption-text\">Die Ergebnisse der Zweitstimmenausz\u00e4hlung im Paulinenauer Wahllokal 2019 und 2014.<\/p><\/div>\n<p>Die SPD, traditionell st\u00e4rkste Kraft im Dorf, beh\u00e4lt mit 33,4 Prozent ihren Spitzenplatz. Gegen\u00fcber 2014 verliert sie 1,8 Prozent. Mit dem satten Stimmendrittel, das sie hinter sich wei\u00df, liegt der Paulinenauer Wert aber mehr als sieben Prozent h\u00f6her als der SPD-Landesdurchschnitt. Auch im Amt Friesack (29,3 %) ist Paulinenaue nach wie vor eine SPD-Hochburg. In absoluten W\u00e4hlerzahlen legte sie sogar zu: 149 Paulinenauer\/innen gaben ihre Stimme der SPD, 2014 waren es 118.<\/p>\n<p>Die AfD war mit 16,4 Prozent bei den Landtagswahlen 2014 bereits drittst\u00e4rkste Partei in Paulinenaue, nun ist sie einer der beiden Gipfel im Diagramm. Ihr prozentualer Zugewinn von 10,8 Prozent ist beispiellos in der Geschichte freier Wahlen in Paulinenaue und umfasst mehr als das gesamte Stimmenvolumen, das die Gr\u00fcnen oder die Linke einfahren konnten. Dieses sprunghafte Anwachsen der AfD, aber auch das der Kleinparteien (z.B. Freie W\u00e4hler und Tierschutzpartei) zeugt von einer bisher nicht gekannten Dynamisierung des politischen Klimas auch hierzulande. 122 Paulinenauer\/innen gaben der AfD am Sonntag ihre Zweitstimme. Sie liegt hier 3,7 Prozent \u00fcber dem Landesdurchschnitt und mit ihren 27,2 Prozent im Mittelfeld der Orte des Amtes Friesack, das Senzke (53,3 %) anf\u00fchrt und Br\u00e4dikow (18,4 %) abschlie\u00dft.<\/p>\n<div id=\"attachment_4971\" style=\"width: 1010px\" class=\"wp-caption alignnone\"><a href=\"http:\/\/paulinenaue.info\/wp-content\/uploads\/2019\/09\/DSC04997.jpg\"><img decoding=\"async\" aria-describedby=\"caption-attachment-4971\" data-attachment-id=\"4971\" data-permalink=\"https:\/\/paulinenaue.info\/index.php\/landtagswahl-2019-in-paulinenaue\/dsc04997\/\" data-orig-file=\"https:\/\/paulinenaue.info\/wp-content\/uploads\/2019\/09\/DSC04997.jpg\" data-orig-size=\"1000,667\" data-comments-opened=\"1\" data-image-meta=\"{&quot;aperture&quot;:&quot;6.3&quot;,&quot;credit&quot;:&quot;&quot;,&quot;camera&quot;:&quot;ILCE-6000&quot;,&quot;caption&quot;:&quot;&quot;,&quot;created_timestamp&quot;:&quot;1567346253&quot;,&quot;copyright&quot;:&quot;&quot;,&quot;focal_length&quot;:&quot;29&quot;,&quot;iso&quot;:&quot;100&quot;,&quot;shutter_speed&quot;:&quot;0.004&quot;,&quot;title&quot;:&quot;&quot;,&quot;orientation&quot;:&quot;1&quot;}\" data-image-title=\"DSC04997\" data-image-description=\"\" data-image-caption=\"\" data-large-file=\"https:\/\/paulinenaue.info\/wp-content\/uploads\/2019\/09\/DSC04997.jpg\" class=\"lazyload wp-image-4971 size-full\" src=\"http:\/\/paulinenaue.info\/wp-content\/uploads\/2019\/09\/DSC04997.jpg\" data-orig-src=\"http:\/\/paulinenaue.info\/wp-content\/uploads\/2019\/09\/DSC04997.jpg\" alt=\"\" width=\"1000\" height=\"667\" srcset=\"data:image\/svg+xml,%3Csvg%20xmlns%3D%27http%3A%2F%2Fwww.w3.org%2F2000%2Fsvg%27%20width%3D%271000%27%20height%3D%27667%27%20viewBox%3D%270%200%201000%20667%27%3E%3Crect%20width%3D%271000%27%20height%3D%27667%27%20fill-opacity%3D%220%22%2F%3E%3C%2Fsvg%3E\" data-srcset=\"https:\/\/paulinenaue.info\/wp-content\/uploads\/2019\/09\/DSC04997-272x182.jpg 272w, https:\/\/paulinenaue.info\/wp-content\/uploads\/2019\/09\/DSC04997-300x200.jpg 300w, https:\/\/paulinenaue.info\/wp-content\/uploads\/2019\/09\/DSC04997-600x400.jpg 600w, https:\/\/paulinenaue.info\/wp-content\/uploads\/2019\/09\/DSC04997-768x512.jpg 768w, https:\/\/paulinenaue.info\/wp-content\/uploads\/2019\/09\/DSC04997-958x639.jpg 958w, https:\/\/paulinenaue.info\/wp-content\/uploads\/2019\/09\/DSC04997.jpg 1000w\" data-sizes=\"auto\" data-orig-sizes=\"(max-width: 1000px) 100vw, 1000px\" \/><\/a><p id=\"caption-attachment-4971\" class=\"wp-caption-text\">In Paulinenaue erzielt die AfD Gewinne im zweistelligen Bereich.<\/p><\/div>\n<p>Nach den beiden Spitzenreitern kommt erst einmal lange nichts, bis mit einem Wert von 12,1 Prozent auf dem dritten Platz die CDU folgt. Ihre Verluste von 7,6 Prozent gegen\u00fcber der Landtagswahl vor f\u00fcnf Jahren fallen deutlich ins Auge. Auch der Amtsdurchschnitt von 13,5 % wird noch unterschritten.<\/p>\n<p>Die Gr\u00fcnen dagegen sind in Paulinenaue in einem kontinuierlichen Aufstieg begriffen, der nach meinen Aufzeichnungen seit 15 Jahren nicht abbricht. Am Ende ist das Ergebnis mit 8,3 Prozent noch immer \u00fcberschaubar, immerhin reicht es erstmals f\u00fcr Platz 4 im Parteienranking. Unter den Gemeinden des Amtes ist das ein Mittelfeldplatz.<\/p>\n<p>Wirklich dramatisch sind \u2013 wie schon bei der Europawahl \u2013 die Verluste f\u00fcr die Partei Die Linke. Sie b\u00fc\u00dft in Paulinenaue mehr als die H\u00e4lfte ihres W\u00e4hlerzuspruchs ein (- 8,8 %) und landet mit 6,7 Prozent auf Platz 5. Auch im Vergleich mit den Amtsnachbarn ist das ein Kellerwert. Nur Warsow und Wutzetz folgen noch weiter hinten. Erstaunlicherweise erzielt die Linke nebenan im Selbelanger Wahllokal mit 14,8 Prozent einen ihrer besten Werte und mehr als das Doppelte vom Paulinenauer Feuerwehr. Interessant ist \u00fcbrigens wieder der Spitzenwert der Partei im Amt. Auch die Linke erzielt ihn in Senzke. Was f\u00fcr ein Dorf! Von derart polarisierten Verh\u00e4ltnissen ist Paulinenaue weit entfernt.<\/p>\n","protected":false},"excerpt":{"rendered":"<p>Ein Blick auf die Zweitstimmenverteilung In Brandenburg und in Sachsen [&hellip;]<\/p>\n","protected":false},"author":1,"featured_media":4970,"comment_status":"open","ping_status":"open","sticky":false,"template":"","format":"standard","meta":{"_acf_changed":false,"_price":"","_stock":"","_tribe_ticket_header":"","_tribe_default_ticket_provider":"","_tribe_ticket_capacity":"0","_ticket_start_date":"","_ticket_end_date":"","_tribe_ticket_show_description":"","_tribe_ticket_show_not_going":false,"_tribe_ticket_use_global_stock":"","_tribe_ticket_global_stock_level":"","_global_stock_mode":"","_global_stock_cap":"","_tribe_rsvp_for_event":"","_tribe_ticket_going_count":"","_tribe_ticket_not_going_count":"","_tribe_tickets_list":"[]","_tribe_ticket_has_attendee_info_fields":false,"jetpack_post_was_ever_published":false,"_jetpack_newsletter_access":"","_jetpack_dont_email_post_to_subs":false,"_jetpack_newsletter_tier_id":0,"_jetpack_memberships_contains_paywalled_content":false,"_jetpack_memberships_contains_paid_content":false,"footnotes":"","jetpack_publicize_message":"","jetpack_publicize_feature_enabled":true,"jetpack_social_post_already_shared":true,"jetpack_social_options":{"image_generator_settings":{"template":"highway","default_image_id":0,"font":"","enabled":false},"version":2}},"categories":[1,40,6,9,293],"tags":[307],"class_list":["post-4968","post","type-post","status-publish","format-standard","has-post-thumbnail","hentry","category-allgemein","category-dorfentwicklung","category-hier-zuhause","category-neuigkeiten","category-wahlen","tag-landtagswahl"],"acf":[],"yoast_head":"<!-- This site is optimized with the Yoast SEO plugin v27.5 - https:\/\/yoast.com\/product\/yoast-seo-wordpress\/ -->\n<title>Landtagswahl 2019 in Paulinenaue - Paulinenaue<\/title>\n<meta name=\"robots\" content=\"index, follow, max-snippet:-1, max-image-preview:large, max-video-preview:-1\" \/>\n<link rel=\"canonical\" href=\"https:\/\/paulinenaue.info\/index.php\/landtagswahl-2019-in-paulinenaue\/\" \/>\n<meta property=\"og:locale\" content=\"de_DE\" \/>\n<meta property=\"og:type\" content=\"article\" \/>\n<meta property=\"og:title\" content=\"Landtagswahl 2019 in Paulinenaue - Paulinenaue\" \/>\n<meta property=\"og:description\" content=\"Ein Blick auf die Zweitstimmenverteilung In Brandenburg und in Sachsen [&hellip;]\" \/>\n<meta property=\"og:url\" content=\"https:\/\/paulinenaue.info\/index.php\/landtagswahl-2019-in-paulinenaue\/\" \/>\n<meta property=\"og:site_name\" content=\"Paulinenaue\" \/>\n<meta property=\"article:published_time\" content=\"2019-09-01T22:03:44+00:00\" \/>\n<meta property=\"article:modified_time\" content=\"2019-09-21T22:38:39+00:00\" \/>\n<meta property=\"og:image\" content=\"https:\/\/i2.wp.com\/paulinenaue.info\/wp-content\/uploads\/2019\/09\/DSC04992.jpg?fit=1000%2C714&ssl=1\" \/>\n\t<meta property=\"og:image:width\" content=\"1000\" \/>\n\t<meta property=\"og:image:height\" content=\"714\" \/>\n\t<meta property=\"og:image:type\" content=\"image\/jpeg\" \/>\n<meta name=\"author\" content=\"Joachim Scholz\" \/>\n<meta name=\"twitter:card\" content=\"summary_large_image\" \/>\n<meta name=\"twitter:label1\" content=\"Verfasst von\" \/>\n\t<meta name=\"twitter:data1\" content=\"Joachim Scholz\" \/>\n\t<meta name=\"twitter:label2\" content=\"Gesch\u00e4tzte Lesezeit\" \/>\n\t<meta name=\"twitter:data2\" content=\"3\u00a0Minuten\" \/>\n<script type=\"application\/ld+json\" class=\"yoast-schema-graph\">{\"@context\":\"https:\\\/\\\/schema.org\",\"@graph\":[{\"@type\":\"Article\",\"@id\":\"https:\\\/\\\/paulinenaue.info\\\/index.php\\\/landtagswahl-2019-in-paulinenaue\\\/#article\",\"isPartOf\":{\"@id\":\"https:\\\/\\\/paulinenaue.info\\\/index.php\\\/landtagswahl-2019-in-paulinenaue\\\/\"},\"author\":{\"name\":\"Joachim Scholz\",\"@id\":\"https:\\\/\\\/paulinenaue.info\\\/#\\\/schema\\\/person\\\/3f9e818fd7b69b0d2bd937ac506897cc\"},\"headline\":\"Landtagswahl 2019 in Paulinenaue\",\"datePublished\":\"2019-09-01T22:03:44+00:00\",\"dateModified\":\"2019-09-21T22:38:39+00:00\",\"mainEntityOfPage\":{\"@id\":\"https:\\\/\\\/paulinenaue.info\\\/index.php\\\/landtagswahl-2019-in-paulinenaue\\\/\"},\"wordCount\":553,\"commentCount\":0,\"image\":{\"@id\":\"https:\\\/\\\/paulinenaue.info\\\/index.php\\\/landtagswahl-2019-in-paulinenaue\\\/#primaryimage\"},\"thumbnailUrl\":\"https:\\\/\\\/paulinenaue.info\\\/wp-content\\\/uploads\\\/2019\\\/09\\\/DSC04992.jpg\",\"keywords\":[\"Landtagswahl\"],\"articleSection\":{\"1\":\"Dorfentwicklung\",\"2\":\"Hier Zuhause\",\"3\":\"Neuigkeiten\",\"4\":\"Wahlen\"},\"inLanguage\":\"de\",\"potentialAction\":[{\"@type\":\"CommentAction\",\"name\":\"Comment\",\"target\":[\"https:\\\/\\\/paulinenaue.info\\\/index.php\\\/landtagswahl-2019-in-paulinenaue\\\/#respond\"]}]},{\"@type\":\"WebPage\",\"@id\":\"https:\\\/\\\/paulinenaue.info\\\/index.php\\\/landtagswahl-2019-in-paulinenaue\\\/\",\"url\":\"https:\\\/\\\/paulinenaue.info\\\/index.php\\\/landtagswahl-2019-in-paulinenaue\\\/\",\"name\":\"Landtagswahl 2019 in Paulinenaue - Paulinenaue\",\"isPartOf\":{\"@id\":\"https:\\\/\\\/paulinenaue.info\\\/#website\"},\"primaryImageOfPage\":{\"@id\":\"https:\\\/\\\/paulinenaue.info\\\/index.php\\\/landtagswahl-2019-in-paulinenaue\\\/#primaryimage\"},\"image\":{\"@id\":\"https:\\\/\\\/paulinenaue.info\\\/index.php\\\/landtagswahl-2019-in-paulinenaue\\\/#primaryimage\"},\"thumbnailUrl\":\"https:\\\/\\\/paulinenaue.info\\\/wp-content\\\/uploads\\\/2019\\\/09\\\/DSC04992.jpg\",\"datePublished\":\"2019-09-01T22:03:44+00:00\",\"dateModified\":\"2019-09-21T22:38:39+00:00\",\"author\":{\"@id\":\"https:\\\/\\\/paulinenaue.info\\\/#\\\/schema\\\/person\\\/3f9e818fd7b69b0d2bd937ac506897cc\"},\"breadcrumb\":{\"@id\":\"https:\\\/\\\/paulinenaue.info\\\/index.php\\\/landtagswahl-2019-in-paulinenaue\\\/#breadcrumb\"},\"inLanguage\":\"de\",\"potentialAction\":[{\"@type\":\"ReadAction\",\"target\":[\"https:\\\/\\\/paulinenaue.info\\\/index.php\\\/landtagswahl-2019-in-paulinenaue\\\/\"]}]},{\"@type\":\"ImageObject\",\"inLanguage\":\"de\",\"@id\":\"https:\\\/\\\/paulinenaue.info\\\/index.php\\\/landtagswahl-2019-in-paulinenaue\\\/#primaryimage\",\"url\":\"https:\\\/\\\/paulinenaue.info\\\/wp-content\\\/uploads\\\/2019\\\/09\\\/DSC04992.jpg\",\"contentUrl\":\"https:\\\/\\\/paulinenaue.info\\\/wp-content\\\/uploads\\\/2019\\\/09\\\/DSC04992.jpg\",\"width\":1000,\"height\":714},{\"@type\":\"BreadcrumbList\",\"@id\":\"https:\\\/\\\/paulinenaue.info\\\/index.php\\\/landtagswahl-2019-in-paulinenaue\\\/#breadcrumb\",\"itemListElement\":[{\"@type\":\"ListItem\",\"position\":1,\"name\":\"Home\",\"item\":\"https:\\\/\\\/paulinenaue.info\\\/\"},{\"@type\":\"ListItem\",\"position\":2,\"name\":\"Landtagswahl 2019 in Paulinenaue\"}]},{\"@type\":\"WebSite\",\"@id\":\"https:\\\/\\\/paulinenaue.info\\\/#website\",\"url\":\"https:\\\/\\\/paulinenaue.info\\\/\",\"name\":\"Paulinenaue\",\"description\":\"Ein Dorf im Havelland\",\"potentialAction\":[{\"@type\":\"SearchAction\",\"target\":{\"@type\":\"EntryPoint\",\"urlTemplate\":\"https:\\\/\\\/paulinenaue.info\\\/?s={search_term_string}\"},\"query-input\":{\"@type\":\"PropertyValueSpecification\",\"valueRequired\":true,\"valueName\":\"search_term_string\"}}],\"inLanguage\":\"de\"},{\"@type\":\"Person\",\"@id\":\"https:\\\/\\\/paulinenaue.info\\\/#\\\/schema\\\/person\\\/3f9e818fd7b69b0d2bd937ac506897cc\",\"name\":\"Joachim Scholz\",\"url\":\"https:\\\/\\\/paulinenaue.info\\\/index.php\\\/author\\\/jjscholz\\\/\"}]}<\/script>\n<!-- \/ Yoast SEO plugin. -->","yoast_head_json":{"title":"Landtagswahl 2019 in Paulinenaue - Paulinenaue","robots":{"index":"index","follow":"follow","max-snippet":"max-snippet:-1","max-image-preview":"max-image-preview:large","max-video-preview":"max-video-preview:-1"},"canonical":"https:\/\/paulinenaue.info\/index.php\/landtagswahl-2019-in-paulinenaue\/","og_locale":"de_DE","og_type":"article","og_title":"Landtagswahl 2019 in Paulinenaue - Paulinenaue","og_description":"Ein Blick auf die Zweitstimmenverteilung In Brandenburg und in Sachsen [&hellip;]","og_url":"https:\/\/paulinenaue.info\/index.php\/landtagswahl-2019-in-paulinenaue\/","og_site_name":"Paulinenaue","article_published_time":"2019-09-01T22:03:44+00:00","article_modified_time":"2019-09-21T22:38:39+00:00","og_image":[{"width":1000,"height":714,"url":"https:\/\/i2.wp.com\/paulinenaue.info\/wp-content\/uploads\/2019\/09\/DSC04992.jpg?fit=1000%2C714&ssl=1","type":"image\/jpeg"}],"author":"Joachim Scholz","twitter_card":"summary_large_image","twitter_misc":{"Verfasst von":"Joachim Scholz","Gesch\u00e4tzte Lesezeit":"3\u00a0Minuten"},"schema":{"@context":"https:\/\/schema.org","@graph":[{"@type":"Article","@id":"https:\/\/paulinenaue.info\/index.php\/landtagswahl-2019-in-paulinenaue\/#article","isPartOf":{"@id":"https:\/\/paulinenaue.info\/index.php\/landtagswahl-2019-in-paulinenaue\/"},"author":{"name":"Joachim Scholz","@id":"https:\/\/paulinenaue.info\/#\/schema\/person\/3f9e818fd7b69b0d2bd937ac506897cc"},"headline":"Landtagswahl 2019 in Paulinenaue","datePublished":"2019-09-01T22:03:44+00:00","dateModified":"2019-09-21T22:38:39+00:00","mainEntityOfPage":{"@id":"https:\/\/paulinenaue.info\/index.php\/landtagswahl-2019-in-paulinenaue\/"},"wordCount":553,"commentCount":0,"image":{"@id":"https:\/\/paulinenaue.info\/index.php\/landtagswahl-2019-in-paulinenaue\/#primaryimage"},"thumbnailUrl":"https:\/\/paulinenaue.info\/wp-content\/uploads\/2019\/09\/DSC04992.jpg","keywords":["Landtagswahl"],"articleSection":{"1":"Dorfentwicklung","2":"Hier Zuhause","3":"Neuigkeiten","4":"Wahlen"},"inLanguage":"de","potentialAction":[{"@type":"CommentAction","name":"Comment","target":["https:\/\/paulinenaue.info\/index.php\/landtagswahl-2019-in-paulinenaue\/#respond"]}]},{"@type":"WebPage","@id":"https:\/\/paulinenaue.info\/index.php\/landtagswahl-2019-in-paulinenaue\/","url":"https:\/\/paulinenaue.info\/index.php\/landtagswahl-2019-in-paulinenaue\/","name":"Landtagswahl 2019 in Paulinenaue - Paulinenaue","isPartOf":{"@id":"https:\/\/paulinenaue.info\/#website"},"primaryImageOfPage":{"@id":"https:\/\/paulinenaue.info\/index.php\/landtagswahl-2019-in-paulinenaue\/#primaryimage"},"image":{"@id":"https:\/\/paulinenaue.info\/index.php\/landtagswahl-2019-in-paulinenaue\/#primaryimage"},"thumbnailUrl":"https:\/\/paulinenaue.info\/wp-content\/uploads\/2019\/09\/DSC04992.jpg","datePublished":"2019-09-01T22:03:44+00:00","dateModified":"2019-09-21T22:38:39+00:00","author":{"@id":"https:\/\/paulinenaue.info\/#\/schema\/person\/3f9e818fd7b69b0d2bd937ac506897cc"},"breadcrumb":{"@id":"https:\/\/paulinenaue.info\/index.php\/landtagswahl-2019-in-paulinenaue\/#breadcrumb"},"inLanguage":"de","potentialAction":[{"@type":"ReadAction","target":["https:\/\/paulinenaue.info\/index.php\/landtagswahl-2019-in-paulinenaue\/"]}]},{"@type":"ImageObject","inLanguage":"de","@id":"https:\/\/paulinenaue.info\/index.php\/landtagswahl-2019-in-paulinenaue\/#primaryimage","url":"https:\/\/paulinenaue.info\/wp-content\/uploads\/2019\/09\/DSC04992.jpg","contentUrl":"https:\/\/paulinenaue.info\/wp-content\/uploads\/2019\/09\/DSC04992.jpg","width":1000,"height":714},{"@type":"BreadcrumbList","@id":"https:\/\/paulinenaue.info\/index.php\/landtagswahl-2019-in-paulinenaue\/#breadcrumb","itemListElement":[{"@type":"ListItem","position":1,"name":"Home","item":"https:\/\/paulinenaue.info\/"},{"@type":"ListItem","position":2,"name":"Landtagswahl 2019 in Paulinenaue"}]},{"@type":"WebSite","@id":"https:\/\/paulinenaue.info\/#website","url":"https:\/\/paulinenaue.info\/","name":"Paulinenaue","description":"Ein Dorf im Havelland","potentialAction":[{"@type":"SearchAction","target":{"@type":"EntryPoint","urlTemplate":"https:\/\/paulinenaue.info\/?s={search_term_string}"},"query-input":{"@type":"PropertyValueSpecification","valueRequired":true,"valueName":"search_term_string"}}],"inLanguage":"de"},{"@type":"Person","@id":"https:\/\/paulinenaue.info\/#\/schema\/person\/3f9e818fd7b69b0d2bd937ac506897cc","name":"Joachim Scholz","url":"https:\/\/paulinenaue.info\/index.php\/author\/jjscholz\/"}]}},"jetpack_publicize_connections":[],"jetpack_featured_media_url":"https:\/\/paulinenaue.info\/wp-content\/uploads\/2019\/09\/DSC04992.jpg","jetpack_sharing_enabled":true,"jetpack_shortlink":"https:\/\/wp.me\/pcYhWA-1i8","jetpack-related-posts":[{"id":416863,"url":"https:\/\/paulinenaue.info\/index.php\/spd-gewinnt-landtagswahl-in-paulinenaue-besonders-in-selbelang\/","url_meta":{"origin":4968,"position":0},"title":"SPD gewinnt Landtagswahl in Paulinenaue \u2013\u00a0besonders in Selbelang","author":"Joachim Scholz","date":"23. September 2024","format":false,"excerpt":"Als letzte der drei ostdeutschen Landtagswahlen dieses Jahres komplettierte nach Th\u00fcringen und Sachsen am 22. September 2024 die Wahl in Brandenburg den Abstimmungsreigen auf Landesebene. Alle drei Wahlen fanden bundesweit starke Beachtung, da der sich abzeichnende\u00a0 Zugewinn populistischer Parteien und Gruppierungen wie der AfD oder des neuen \u201eB\u00fcndnis Sarah Wagenknecht\u201c\u2026","rel":"","context":"In &quot;Neuigkeiten&quot;","block_context":{"text":"Neuigkeiten","link":"https:\/\/paulinenaue.info\/index.php\/category\/neuigkeiten\/"},"img":{"alt_text":"","src":"https:\/\/i0.wp.com\/paulinenaue.info\/wp-content\/uploads\/2024\/09\/2024-09-24-Landtagswahl-02.jpeg?resize=350%2C200&ssl=1","width":350,"height":200,"srcset":"https:\/\/i0.wp.com\/paulinenaue.info\/wp-content\/uploads\/2024\/09\/2024-09-24-Landtagswahl-02.jpeg?resize=350%2C200&ssl=1 1x, https:\/\/i0.wp.com\/paulinenaue.info\/wp-content\/uploads\/2024\/09\/2024-09-24-Landtagswahl-02.jpeg?resize=525%2C300&ssl=1 1.5x, https:\/\/i0.wp.com\/paulinenaue.info\/wp-content\/uploads\/2024\/09\/2024-09-24-Landtagswahl-02.jpeg?resize=700%2C400&ssl=1 2x, https:\/\/i0.wp.com\/paulinenaue.info\/wp-content\/uploads\/2024\/09\/2024-09-24-Landtagswahl-02.jpeg?resize=1050%2C600&ssl=1 3x, https:\/\/i0.wp.com\/paulinenaue.info\/wp-content\/uploads\/2024\/09\/2024-09-24-Landtagswahl-02.jpeg?resize=1400%2C800&ssl=1 4x"},"classes":[]},{"id":416836,"url":"https:\/\/paulinenaue.info\/index.php\/wie-gehts-euch-zora-alber-ueber-ihren-havelland-podcast\/","url_meta":{"origin":4968,"position":1},"title":"\u201eWie geht\u2019s euch?\u201c \u2013\u00a0Zora Alber \u00fcber ihren Havelland-Podcast","author":"Joachim Scholz","date":"15. September 2024","format":false,"excerpt":"Die Journalistin Zora Alber vom Sender Flux FM fuhr in diesem Sommer mit dem Fahrrad auf dem Havelland-Radweg, um f\u00fcr den Podcast \u201eHavelland und Leute\u201c Stimmen einzufangen. Ihr Weg f\u00fchrte sie auch durch Paulinenaue. \u00dcber den Podcast und die Stimmung im Havelland lesen Sie im folgenden Interview.\u00a0 Mit Zora Alber\u2026","rel":"","context":"In &quot;Allgemein&quot;","block_context":{"text":"Allgemein","link":"https:\/\/paulinenaue.info\/index.php\/category\/allgemein\/"},"img":{"alt_text":"","src":"https:\/\/i0.wp.com\/paulinenaue.info\/wp-content\/uploads\/2024\/09\/Zoom_Meeting_02.jpg?resize=350%2C200&ssl=1","width":350,"height":200,"srcset":"https:\/\/i0.wp.com\/paulinenaue.info\/wp-content\/uploads\/2024\/09\/Zoom_Meeting_02.jpg?resize=350%2C200&ssl=1 1x, https:\/\/i0.wp.com\/paulinenaue.info\/wp-content\/uploads\/2024\/09\/Zoom_Meeting_02.jpg?resize=525%2C300&ssl=1 1.5x, https:\/\/i0.wp.com\/paulinenaue.info\/wp-content\/uploads\/2024\/09\/Zoom_Meeting_02.jpg?resize=700%2C400&ssl=1 2x"},"classes":[]},{"id":1537,"url":"https:\/\/paulinenaue.info\/index.php\/nach-der-bundestagswahl-2017\/","url_meta":{"origin":4968,"position":2},"title":"Nach der Bundestagswahl 2017","author":"Joachim Scholz","date":"1. Oktober 2017","format":false,"excerpt":"Nach der Bundestagswahl 2017 kann man sagen, dass sich, wie auch bundesweit, in Paulinenaue die eingespielte Parteiensympathie-Verteilung drastisch verschoben hat. Gew\u00e4hlt wurde an diesem 24. September im Feuerwehrdepot. Schon bevor Wahlleiter Dieter Czerniak von dort gegen 19.25 Uhr das Ergebnis nach Friesack durchgab, war zwischen emsigem Zettelrascheln das Staunen greifbar:\u2026","rel":"","context":"In &quot;Allgemein&quot;","block_context":{"text":"Allgemein","link":"https:\/\/paulinenaue.info\/index.php\/category\/allgemein\/"},"img":{"alt_text":"Zweitstimmen Bundestagswahl 2017","src":"https:\/\/i0.wp.com\/paulinenaue.info\/wp-content\/uploads\/2017\/09\/Zweitstimmen-Bundestagswahl-2017.jpg?resize=350%2C200&ssl=1","width":350,"height":200,"srcset":"https:\/\/i0.wp.com\/paulinenaue.info\/wp-content\/uploads\/2017\/09\/Zweitstimmen-Bundestagswahl-2017.jpg?resize=350%2C200&ssl=1 1x, https:\/\/i0.wp.com\/paulinenaue.info\/wp-content\/uploads\/2017\/09\/Zweitstimmen-Bundestagswahl-2017.jpg?resize=525%2C300&ssl=1 1.5x, https:\/\/i0.wp.com\/paulinenaue.info\/wp-content\/uploads\/2017\/09\/Zweitstimmen-Bundestagswahl-2017.jpg?resize=700%2C400&ssl=1 2x"},"classes":[]},{"id":417323,"url":"https:\/\/paulinenaue.info\/index.php\/bundestagswahl-2025-in-paulinenaue\/","url_meta":{"origin":4968,"position":3},"title":"Bundestagswahl 2025 in Paulinenaue","author":"Joachim Scholz","date":"24. Februar 2025","format":false,"excerpt":"Die vorgezogene Bundestagswahl fand am 23. Februar 2025 in Paulinenaue nicht mehr wie \u00fcblich im Feuerwehrdepot, sondern in der Schule statt. Das traditionsreiche Wahllokal wird gerade abgerissen. Auch die Mehrheitsverh\u00e4ltnisse sind nicht mehr die gewohnten. Das auffallendste Ergebnis dieser Wahl ist zweifellos, dass die rechtspopulistische AfD mit 37,7 Prozent (ohne\u2026","rel":"","context":"In &quot;Politik&quot;","block_context":{"text":"Politik","link":"https:\/\/paulinenaue.info\/index.php\/category\/politik\/"},"img":{"alt_text":"","src":"https:\/\/i0.wp.com\/paulinenaue.info\/wp-content\/uploads\/2025\/02\/DSC05268.jpeg?resize=350%2C200&ssl=1","width":350,"height":200,"srcset":"https:\/\/i0.wp.com\/paulinenaue.info\/wp-content\/uploads\/2025\/02\/DSC05268.jpeg?resize=350%2C200&ssl=1 1x, https:\/\/i0.wp.com\/paulinenaue.info\/wp-content\/uploads\/2025\/02\/DSC05268.jpeg?resize=525%2C300&ssl=1 1.5x, https:\/\/i0.wp.com\/paulinenaue.info\/wp-content\/uploads\/2025\/02\/DSC05268.jpeg?resize=700%2C400&ssl=1 2x"},"classes":[]},{"id":6017,"url":"https:\/\/paulinenaue.info\/index.php\/die-bundestagswahl-in-paulinenaue-2021-im-ueberblick\/","url_meta":{"origin":4968,"position":4},"title":"Die Bundestagswahl in Paulinenaue 2021 im \u00dcberblick","author":"Joachim Scholz","date":"6. Oktober 2021","format":false,"excerpt":"Die Bundestagswahl 2021, die nun auch schon wieder einige Tage zur\u00fcckliegt, hat die politischen Gewichte in Deutschland verschoben. Verlusten bei der CDU, der Linken und \u2013 in kleinerem Ma\u00dfe \u2013\u00a0bei der AfD stehen Gewinne bei SPD, Gr\u00fcnen und der FDP gegen\u00fcber. Die SPD mag auf die politische B\u00fchne zur\u00fcckgekehrt sein,\u2026","rel":"","context":"In &quot;Allgemein&quot;","block_context":{"text":"Allgemein","link":"https:\/\/paulinenaue.info\/index.php\/category\/allgemein\/"},"img":{"alt_text":"","src":"https:\/\/i0.wp.com\/paulinenaue.info\/wp-content\/uploads\/2021\/10\/20210926_zum_wahlraum.jpg?resize=350%2C200&ssl=1","width":350,"height":200,"srcset":"https:\/\/i0.wp.com\/paulinenaue.info\/wp-content\/uploads\/2021\/10\/20210926_zum_wahlraum.jpg?resize=350%2C200&ssl=1 1x, https:\/\/i0.wp.com\/paulinenaue.info\/wp-content\/uploads\/2021\/10\/20210926_zum_wahlraum.jpg?resize=525%2C300&ssl=1 1.5x, https:\/\/i0.wp.com\/paulinenaue.info\/wp-content\/uploads\/2021\/10\/20210926_zum_wahlraum.jpg?resize=700%2C400&ssl=1 2x"},"classes":[]},{"id":416495,"url":"https:\/\/paulinenaue.info\/index.php\/wahlergebnisse-europa-und-kommunal\/","url_meta":{"origin":4968,"position":5},"title":"Wahlen: Europa, Gemeindevertretung und B\u00fcrgermeister","author":"Joachim Scholz","date":"10. Juni 2024","format":false,"excerpt":"Wie in ganz Deutschland tritt auch in Paulinenaue und Selbelang das Wahljahr 2024 nunmehr in seine hei\u00dfe Phase. Die Wahl des havell\u00e4ndischen Landrates am 26. Mai hatte den Anfang gemacht und die Richtung ausgewiesen. Zwar vereinte der Amtsinhaber Roger Lewandowski (CDU) in der Gemeinde mit 45,4 Prozent die meisten W\u00e4hlerstimmen\u2026","rel":"","context":"In &quot;Allgemein&quot;","block_context":{"text":"Allgemein","link":"https:\/\/paulinenaue.info\/index.php\/category\/allgemein\/"},"img":{"alt_text":"","src":"https:\/\/i0.wp.com\/paulinenaue.info\/wp-content\/uploads\/2024\/06\/2024-06-09-Paulinenaue-Plakate-Europawahl.jpeg?resize=350%2C200&ssl=1","width":350,"height":200,"srcset":"https:\/\/i0.wp.com\/paulinenaue.info\/wp-content\/uploads\/2024\/06\/2024-06-09-Paulinenaue-Plakate-Europawahl.jpeg?resize=350%2C200&ssl=1 1x, https:\/\/i0.wp.com\/paulinenaue.info\/wp-content\/uploads\/2024\/06\/2024-06-09-Paulinenaue-Plakate-Europawahl.jpeg?resize=525%2C300&ssl=1 1.5x, https:\/\/i0.wp.com\/paulinenaue.info\/wp-content\/uploads\/2024\/06\/2024-06-09-Paulinenaue-Plakate-Europawahl.jpeg?resize=700%2C400&ssl=1 2x"},"classes":[]}],"_links":{"self":[{"href":"https:\/\/paulinenaue.info\/index.php\/wp-json\/wp\/v2\/posts\/4968","targetHints":{"allow":["GET"]}}],"collection":[{"href":"https:\/\/paulinenaue.info\/index.php\/wp-json\/wp\/v2\/posts"}],"about":[{"href":"https:\/\/paulinenaue.info\/index.php\/wp-json\/wp\/v2\/types\/post"}],"author":[{"embeddable":true,"href":"https:\/\/paulinenaue.info\/index.php\/wp-json\/wp\/v2\/users\/1"}],"replies":[{"embeddable":true,"href":"https:\/\/paulinenaue.info\/index.php\/wp-json\/wp\/v2\/comments?post=4968"}],"version-history":[{"count":23,"href":"https:\/\/paulinenaue.info\/index.php\/wp-json\/wp\/v2\/posts\/4968\/revisions"}],"predecessor-version":[{"id":5042,"href":"https:\/\/paulinenaue.info\/index.php\/wp-json\/wp\/v2\/posts\/4968\/revisions\/5042"}],"wp:featuredmedia":[{"embeddable":true,"href":"https:\/\/paulinenaue.info\/index.php\/wp-json\/wp\/v2\/media\/4970"}],"wp:attachment":[{"href":"https:\/\/paulinenaue.info\/index.php\/wp-json\/wp\/v2\/media?parent=4968"}],"wp:term":[{"taxonomy":"category","embeddable":true,"href":"https:\/\/paulinenaue.info\/index.php\/wp-json\/wp\/v2\/categories?post=4968"},{"taxonomy":"post_tag","embeddable":true,"href":"https:\/\/paulinenaue.info\/index.php\/wp-json\/wp\/v2\/tags?post=4968"}],"curies":[{"name":"wp","href":"https:\/\/api.w.org\/{rel}","templated":true}]}}