{"id":5023,"date":"2019-09-22T00:21:16","date_gmt":"2019-09-21T22:21:16","guid":{"rendered":"http:\/\/paulinenaue.info\/?p=5023"},"modified":"2019-09-22T00:34:07","modified_gmt":"2019-09-21T22:34:07","slug":"singen-statt-kaempfen-was-wir-von-den-voegeln-lernen-koennen","status":"publish","type":"post","link":"https:\/\/paulinenaue.info\/index.php\/singen-statt-kaempfen-was-wir-von-den-voegeln-lernen-koennen\/","title":{"rendered":"Singen statt K\u00e4mpfen \u2013\u00a0Was wir von den V\u00f6geln lernen k\u00f6nnen"},"content":{"rendered":"<p>Einen Abend mit dem erfolgreichen Buchautoren, Vogelkundler und Natursch\u00fctzer <a href=\"https:\/\/de.wikipedia.org\/wiki\/Ernst_Paul_D%C3%B6rfler\">Ernst Paul D\u00f6rfler<\/a> konnten etwa 30 Paulinenauer\/innen in der\u00a0 Durchgangshalle ihres Bahnhofsgeb\u00e4udes erleben. Das Motto des Abends hie\u00df wie D\u00f6rflers neustes Buch \u201eNestw\u00e4rme \u2013 Was wir von V\u00f6geln lernen k\u00f6nnen\u201c. Und das ist, wie wir erfuhren, eine ganze Menge: wie V\u00f6gel sich treu um ihren Nachwuchs k\u00fcmmern zum Beispiel, wie sie emanzipativ ihre Geschlechterverh\u00e4ltnisse regeln, und zwar so, dass die Vogelm\u00e4nnchen um ihre Partnerinnen werben, diese dann aber die Wahl treffen, wie sie danach partnerschaftlich zusammenleben und dabei lieber singen statt k\u00e4mpfen und wie sie schlie\u00dflich \u2013 die vielleicht aktuellste Vorbildfunktion von allen \u2013 CO2-frei fliegen.<\/p>\n<div id=\"attachment_5020\" style=\"width: 510px\" class=\"wp-caption alignnone\"><a href=\"http:\/\/paulinenaue.info\/wp-content\/uploads\/2019\/09\/DSC05850.jpg\"><img decoding=\"async\" aria-describedby=\"caption-attachment-5020\" data-attachment-id=\"5020\" data-permalink=\"https:\/\/paulinenaue.info\/index.php\/singen-statt-kaempfen-was-wir-von-den-voegeln-lernen-koennen\/dsc05850\/\" data-orig-file=\"https:\/\/paulinenaue.info\/wp-content\/uploads\/2019\/09\/DSC05850.jpg\" data-orig-size=\"1000,667\" data-comments-opened=\"1\" data-image-meta=\"{&quot;aperture&quot;:&quot;3.5&quot;,&quot;credit&quot;:&quot;&quot;,&quot;camera&quot;:&quot;ILCE-6000&quot;,&quot;caption&quot;:&quot;&quot;,&quot;created_timestamp&quot;:&quot;1569091164&quot;,&quot;copyright&quot;:&quot;&quot;,&quot;focal_length&quot;:&quot;16&quot;,&quot;iso&quot;:&quot;3200&quot;,&quot;shutter_speed&quot;:&quot;0.016666666666667&quot;,&quot;title&quot;:&quot;&quot;,&quot;orientation&quot;:&quot;1&quot;}\" data-image-title=\"DSC05850\" data-image-description=\"\" data-image-caption=\"\" data-large-file=\"https:\/\/paulinenaue.info\/wp-content\/uploads\/2019\/09\/DSC05850.jpg\" class=\"lazyload wp-image-5020\" src=\"http:\/\/paulinenaue.info\/wp-content\/uploads\/2019\/09\/DSC05850-300x200.jpg\" data-orig-src=\"http:\/\/paulinenaue.info\/wp-content\/uploads\/2019\/09\/DSC05850-300x200.jpg\" alt=\"\" width=\"500\" height=\"334\" srcset=\"data:image\/svg+xml,%3Csvg%20xmlns%3D%27http%3A%2F%2Fwww.w3.org%2F2000%2Fsvg%27%20width%3D%27500%27%20height%3D%27334%27%20viewBox%3D%270%200%20500%20334%27%3E%3Crect%20width%3D%27500%27%20height%3D%27334%27%20fill-opacity%3D%220%22%2F%3E%3C%2Fsvg%3E\" data-srcset=\"https:\/\/paulinenaue.info\/wp-content\/uploads\/2019\/09\/DSC05850-272x182.jpg 272w, https:\/\/paulinenaue.info\/wp-content\/uploads\/2019\/09\/DSC05850-300x200.jpg 300w, https:\/\/paulinenaue.info\/wp-content\/uploads\/2019\/09\/DSC05850-600x400.jpg 600w, https:\/\/paulinenaue.info\/wp-content\/uploads\/2019\/09\/DSC05850-768x512.jpg 768w, https:\/\/paulinenaue.info\/wp-content\/uploads\/2019\/09\/DSC05850-958x639.jpg 958w, https:\/\/paulinenaue.info\/wp-content\/uploads\/2019\/09\/DSC05850.jpg 1000w\" data-sizes=\"auto\" data-orig-sizes=\"(max-width: 500px) 100vw, 500px\" \/><\/a><p id=\"caption-attachment-5020\" class=\"wp-caption-text\">Sarah Vierjahn vom Paulinenauer Kulturverein e.V. begr\u00fc\u00dft den Gast.<\/p><\/div>\n<div class=\"mceTemp\"><\/div>\n<p>Auf unterhaltsame Weise und nur unterbrochen von gelegentlichen schnellen Vorbeifahrten sowie einer Kinderschar, die die Attraktion im Bahnhof von drau\u00dfen t\u00f6nend begleitete, ein bisschen so wie fl\u00fcgge Vogelkinder, f\u00fchrte Ernst Paul D\u00f6rfler durchs Programm. Es war ein sch\u00f6ner Abend und die Bahnhofshalle erwies sich als ausgezeichneter Veranstaltungsort. Demn\u00e4chst werden hier die Treppe gerichtet und die T\u00fcren gesichert, damit Paulinenaue noch manches Mal zeigen kann, was f\u00fcr ein wunderbares Geb\u00e4ude es in seinem Herzen hat.<\/p>\n<div class=\"mceTemp\"><\/div>\n<div id=\"attachment_5022\" style=\"width: 344px\" class=\"wp-caption alignnone\"><a href=\"http:\/\/paulinenaue.info\/wp-content\/uploads\/2019\/09\/DSC05867.jpg\"><img decoding=\"async\" aria-describedby=\"caption-attachment-5022\" data-attachment-id=\"5022\" data-permalink=\"https:\/\/paulinenaue.info\/index.php\/singen-statt-kaempfen-was-wir-von-den-voegeln-lernen-koennen\/dsc05867\/\" data-orig-file=\"https:\/\/paulinenaue.info\/wp-content\/uploads\/2019\/09\/DSC05867.jpg\" data-orig-size=\"667,1000\" data-comments-opened=\"1\" data-image-meta=\"{&quot;aperture&quot;:&quot;3.5&quot;,&quot;credit&quot;:&quot;&quot;,&quot;camera&quot;:&quot;ILCE-6000&quot;,&quot;caption&quot;:&quot;&quot;,&quot;created_timestamp&quot;:&quot;1569093744&quot;,&quot;copyright&quot;:&quot;&quot;,&quot;focal_length&quot;:&quot;16&quot;,&quot;iso&quot;:&quot;3200&quot;,&quot;shutter_speed&quot;:&quot;0.016666666666667&quot;,&quot;title&quot;:&quot;&quot;,&quot;orientation&quot;:&quot;1&quot;}\" data-image-title=\"DSC05867\" data-image-description=\"\" data-image-caption=\"\" data-large-file=\"https:\/\/paulinenaue.info\/wp-content\/uploads\/2019\/09\/DSC05867.jpg\" class=\"lazyload wp-image-5022\" src=\"http:\/\/paulinenaue.info\/wp-content\/uploads\/2019\/09\/DSC05867.jpg\" data-orig-src=\"http:\/\/paulinenaue.info\/wp-content\/uploads\/2019\/09\/DSC05867.jpg\" alt=\"Begegnung mit dem Rebhuhn. \" width=\"334\" height=\"500\" srcset=\"data:image\/svg+xml,%3Csvg%20xmlns%3D%27http%3A%2F%2Fwww.w3.org%2F2000%2Fsvg%27%20width%3D%27334%27%20height%3D%27500%27%20viewBox%3D%270%200%20334%20500%27%3E%3Crect%20width%3D%27334%27%20height%3D%27500%27%20fill-opacity%3D%220%22%2F%3E%3C%2Fsvg%3E\" data-srcset=\"https:\/\/paulinenaue.info\/wp-content\/uploads\/2019\/09\/DSC05867-200x300.jpg 200w, https:\/\/paulinenaue.info\/wp-content\/uploads\/2019\/09\/DSC05867.jpg 667w\" data-sizes=\"auto\" data-orig-sizes=\"(max-width: 334px) 100vw, 334px\" \/><\/a><p id=\"caption-attachment-5022\" class=\"wp-caption-text\">Ein Rebhuhn lugt hervor.<\/p><\/div>\n<p>Dank an die Kamerad\/innen von der Freiwilligen Feuerwehr f\u00fcr die B\u00e4nke und an die Organisator\/innen vom Paulinenauer Kulturverein und nat\u00fcrlich an Ernst Paul D\u00f6rfler f\u00fcr den sch\u00f6nen Abend.<\/p>\n","protected":false},"excerpt":{"rendered":"<p>Einen Abend mit dem erfolgreichen Buchautoren, Vogelkundler und Natursch\u00fctzer Ernst [&hellip;]<\/p>\n","protected":false},"author":1,"featured_media":5021,"comment_status":"open","ping_status":"open","sticky":false,"template":"","format":"standard","meta":{"_acf_changed":false,"_price":"","_stock":"","_tribe_ticket_header":"","_tribe_default_ticket_provider":"","_tribe_ticket_capacity":"0","_ticket_start_date":"","_ticket_end_date":"","_tribe_ticket_show_description":"","_tribe_ticket_show_not_going":false,"_tribe_ticket_use_global_stock":"","_tribe_ticket_global_stock_level":"","_global_stock_mode":"","_global_stock_cap":"","_tribe_rsvp_for_event":"","_tribe_ticket_going_count":"","_tribe_ticket_not_going_count":"","_tribe_tickets_list":"[]","_tribe_ticket_has_attendee_info_fields":false,"jetpack_post_was_ever_published":false,"_jetpack_newsletter_access":"","_jetpack_dont_email_post_to_subs":false,"_jetpack_newsletter_tier_id":0,"_jetpack_memberships_contains_paywalled_content":false,"_jetpack_memberships_contains_paid_content":false,"footnotes":"","jetpack_publicize_message":"","jetpack_publicize_feature_enabled":true,"jetpack_social_post_already_shared":true,"jetpack_social_options":{"image_generator_settings":{"template":"highway","default_image_id":0,"font":"","enabled":false},"version":2}},"categories":[1,280,6,47,216,9,93],"tags":[],"class_list":["post-5023","post","type-post","status-publish","format-standard","has-post-thumbnail","hentry","category-allgemein","category-bahnhof","category-hier-zuhause","category-kulturverein","category-natur","category-neuigkeiten","category-veranstaltungen"],"acf":[],"yoast_head":"<!-- This site is optimized with the Yoast SEO plugin v27.5 - https:\/\/yoast.com\/product\/yoast-seo-wordpress\/ -->\n<title>Singen statt K\u00e4mpfen \u2013\u00a0Was wir von den V\u00f6geln lernen k\u00f6nnen - Paulinenaue<\/title>\n<meta name=\"robots\" content=\"index, follow, max-snippet:-1, max-image-preview:large, max-video-preview:-1\" \/>\n<link rel=\"canonical\" href=\"https:\/\/paulinenaue.info\/index.php\/singen-statt-kaempfen-was-wir-von-den-voegeln-lernen-koennen\/\" \/>\n<meta property=\"og:locale\" content=\"de_DE\" \/>\n<meta property=\"og:type\" content=\"article\" \/>\n<meta property=\"og:title\" content=\"Singen statt K\u00e4mpfen \u2013\u00a0Was wir von den V\u00f6geln lernen k\u00f6nnen - Paulinenaue\" \/>\n<meta property=\"og:description\" content=\"Einen Abend mit dem erfolgreichen Buchautoren, Vogelkundler und Natursch\u00fctzer Ernst [&hellip;]\" \/>\n<meta property=\"og:url\" content=\"https:\/\/paulinenaue.info\/index.php\/singen-statt-kaempfen-was-wir-von-den-voegeln-lernen-koennen\/\" \/>\n<meta property=\"og:site_name\" content=\"Paulinenaue\" \/>\n<meta property=\"article:published_time\" content=\"2019-09-21T22:21:16+00:00\" \/>\n<meta property=\"article:modified_time\" content=\"2019-09-21T22:34:07+00:00\" \/>\n<meta property=\"og:image\" content=\"https:\/\/i1.wp.com\/paulinenaue.info\/wp-content\/uploads\/2019\/09\/DSC05853.jpg?fit=1000%2C667&ssl=1\" \/>\n\t<meta property=\"og:image:width\" content=\"1000\" \/>\n\t<meta property=\"og:image:height\" content=\"667\" \/>\n\t<meta property=\"og:image:type\" content=\"image\/jpeg\" \/>\n<meta name=\"author\" content=\"Joachim Scholz\" \/>\n<meta name=\"twitter:card\" content=\"summary_large_image\" \/>\n<meta name=\"twitter:label1\" content=\"Verfasst von\" \/>\n\t<meta name=\"twitter:data1\" content=\"Joachim Scholz\" \/>\n\t<meta name=\"twitter:label2\" content=\"Gesch\u00e4tzte Lesezeit\" \/>\n\t<meta name=\"twitter:data2\" content=\"1\u00a0Minute\" \/>\n<script type=\"application\/ld+json\" class=\"yoast-schema-graph\">{\"@context\":\"https:\\\/\\\/schema.org\",\"@graph\":[{\"@type\":\"Article\",\"@id\":\"https:\\\/\\\/paulinenaue.info\\\/index.php\\\/singen-statt-kaempfen-was-wir-von-den-voegeln-lernen-koennen\\\/#article\",\"isPartOf\":{\"@id\":\"https:\\\/\\\/paulinenaue.info\\\/index.php\\\/singen-statt-kaempfen-was-wir-von-den-voegeln-lernen-koennen\\\/\"},\"author\":{\"name\":\"Joachim Scholz\",\"@id\":\"https:\\\/\\\/paulinenaue.info\\\/#\\\/schema\\\/person\\\/3f9e818fd7b69b0d2bd937ac506897cc\"},\"headline\":\"Singen statt K\u00e4mpfen \u2013\u00a0Was wir von den V\u00f6geln lernen k\u00f6nnen\",\"datePublished\":\"2019-09-21T22:21:16+00:00\",\"dateModified\":\"2019-09-21T22:34:07+00:00\",\"mainEntityOfPage\":{\"@id\":\"https:\\\/\\\/paulinenaue.info\\\/index.php\\\/singen-statt-kaempfen-was-wir-von-den-voegeln-lernen-koennen\\\/\"},\"wordCount\":278,\"commentCount\":0,\"image\":{\"@id\":\"https:\\\/\\\/paulinenaue.info\\\/index.php\\\/singen-statt-kaempfen-was-wir-von-den-voegeln-lernen-koennen\\\/#primaryimage\"},\"thumbnailUrl\":\"https:\\\/\\\/paulinenaue.info\\\/wp-content\\\/uploads\\\/2019\\\/09\\\/DSC05853.jpg\",\"articleSection\":{\"1\":\"Bahnhof\",\"2\":\"Hier Zuhause\",\"3\":\"Kulturverein\",\"4\":\"Natur\",\"5\":\"Neuigkeiten\",\"6\":\"Veranstaltungen\"},\"inLanguage\":\"de\",\"potentialAction\":[{\"@type\":\"CommentAction\",\"name\":\"Comment\",\"target\":[\"https:\\\/\\\/paulinenaue.info\\\/index.php\\\/singen-statt-kaempfen-was-wir-von-den-voegeln-lernen-koennen\\\/#respond\"]}]},{\"@type\":\"WebPage\",\"@id\":\"https:\\\/\\\/paulinenaue.info\\\/index.php\\\/singen-statt-kaempfen-was-wir-von-den-voegeln-lernen-koennen\\\/\",\"url\":\"https:\\\/\\\/paulinenaue.info\\\/index.php\\\/singen-statt-kaempfen-was-wir-von-den-voegeln-lernen-koennen\\\/\",\"name\":\"Singen statt K\u00e4mpfen \u2013\u00a0Was wir von den V\u00f6geln lernen k\u00f6nnen - Paulinenaue\",\"isPartOf\":{\"@id\":\"https:\\\/\\\/paulinenaue.info\\\/#website\"},\"primaryImageOfPage\":{\"@id\":\"https:\\\/\\\/paulinenaue.info\\\/index.php\\\/singen-statt-kaempfen-was-wir-von-den-voegeln-lernen-koennen\\\/#primaryimage\"},\"image\":{\"@id\":\"https:\\\/\\\/paulinenaue.info\\\/index.php\\\/singen-statt-kaempfen-was-wir-von-den-voegeln-lernen-koennen\\\/#primaryimage\"},\"thumbnailUrl\":\"https:\\\/\\\/paulinenaue.info\\\/wp-content\\\/uploads\\\/2019\\\/09\\\/DSC05853.jpg\",\"datePublished\":\"2019-09-21T22:21:16+00:00\",\"dateModified\":\"2019-09-21T22:34:07+00:00\",\"author\":{\"@id\":\"https:\\\/\\\/paulinenaue.info\\\/#\\\/schema\\\/person\\\/3f9e818fd7b69b0d2bd937ac506897cc\"},\"breadcrumb\":{\"@id\":\"https:\\\/\\\/paulinenaue.info\\\/index.php\\\/singen-statt-kaempfen-was-wir-von-den-voegeln-lernen-koennen\\\/#breadcrumb\"},\"inLanguage\":\"de\",\"potentialAction\":[{\"@type\":\"ReadAction\",\"target\":[\"https:\\\/\\\/paulinenaue.info\\\/index.php\\\/singen-statt-kaempfen-was-wir-von-den-voegeln-lernen-koennen\\\/\"]}]},{\"@type\":\"ImageObject\",\"inLanguage\":\"de\",\"@id\":\"https:\\\/\\\/paulinenaue.info\\\/index.php\\\/singen-statt-kaempfen-was-wir-von-den-voegeln-lernen-koennen\\\/#primaryimage\",\"url\":\"https:\\\/\\\/paulinenaue.info\\\/wp-content\\\/uploads\\\/2019\\\/09\\\/DSC05853.jpg\",\"contentUrl\":\"https:\\\/\\\/paulinenaue.info\\\/wp-content\\\/uploads\\\/2019\\\/09\\\/DSC05853.jpg\",\"width\":1000,\"height\":667},{\"@type\":\"BreadcrumbList\",\"@id\":\"https:\\\/\\\/paulinenaue.info\\\/index.php\\\/singen-statt-kaempfen-was-wir-von-den-voegeln-lernen-koennen\\\/#breadcrumb\",\"itemListElement\":[{\"@type\":\"ListItem\",\"position\":1,\"name\":\"Home\",\"item\":\"https:\\\/\\\/paulinenaue.info\\\/\"},{\"@type\":\"ListItem\",\"position\":2,\"name\":\"Singen statt K\u00e4mpfen \u2013\u00a0Was wir von den V\u00f6geln lernen k\u00f6nnen\"}]},{\"@type\":\"WebSite\",\"@id\":\"https:\\\/\\\/paulinenaue.info\\\/#website\",\"url\":\"https:\\\/\\\/paulinenaue.info\\\/\",\"name\":\"Paulinenaue\",\"description\":\"Ein Dorf im Havelland\",\"potentialAction\":[{\"@type\":\"SearchAction\",\"target\":{\"@type\":\"EntryPoint\",\"urlTemplate\":\"https:\\\/\\\/paulinenaue.info\\\/?s={search_term_string}\"},\"query-input\":{\"@type\":\"PropertyValueSpecification\",\"valueRequired\":true,\"valueName\":\"search_term_string\"}}],\"inLanguage\":\"de\"},{\"@type\":\"Person\",\"@id\":\"https:\\\/\\\/paulinenaue.info\\\/#\\\/schema\\\/person\\\/3f9e818fd7b69b0d2bd937ac506897cc\",\"name\":\"Joachim Scholz\",\"url\":\"https:\\\/\\\/paulinenaue.info\\\/index.php\\\/author\\\/jjscholz\\\/\"}]}<\/script>\n<!-- \/ Yoast SEO plugin. -->","yoast_head_json":{"title":"Singen statt K\u00e4mpfen \u2013\u00a0Was wir von den V\u00f6geln lernen k\u00f6nnen - Paulinenaue","robots":{"index":"index","follow":"follow","max-snippet":"max-snippet:-1","max-image-preview":"max-image-preview:large","max-video-preview":"max-video-preview:-1"},"canonical":"https:\/\/paulinenaue.info\/index.php\/singen-statt-kaempfen-was-wir-von-den-voegeln-lernen-koennen\/","og_locale":"de_DE","og_type":"article","og_title":"Singen statt K\u00e4mpfen \u2013\u00a0Was wir von den V\u00f6geln lernen k\u00f6nnen - Paulinenaue","og_description":"Einen Abend mit dem erfolgreichen Buchautoren, Vogelkundler und Natursch\u00fctzer Ernst [&hellip;]","og_url":"https:\/\/paulinenaue.info\/index.php\/singen-statt-kaempfen-was-wir-von-den-voegeln-lernen-koennen\/","og_site_name":"Paulinenaue","article_published_time":"2019-09-21T22:21:16+00:00","article_modified_time":"2019-09-21T22:34:07+00:00","og_image":[{"width":1000,"height":667,"url":"https:\/\/i1.wp.com\/paulinenaue.info\/wp-content\/uploads\/2019\/09\/DSC05853.jpg?fit=1000%2C667&ssl=1","type":"image\/jpeg"}],"author":"Joachim Scholz","twitter_card":"summary_large_image","twitter_misc":{"Verfasst von":"Joachim Scholz","Gesch\u00e4tzte Lesezeit":"1\u00a0Minute"},"schema":{"@context":"https:\/\/schema.org","@graph":[{"@type":"Article","@id":"https:\/\/paulinenaue.info\/index.php\/singen-statt-kaempfen-was-wir-von-den-voegeln-lernen-koennen\/#article","isPartOf":{"@id":"https:\/\/paulinenaue.info\/index.php\/singen-statt-kaempfen-was-wir-von-den-voegeln-lernen-koennen\/"},"author":{"name":"Joachim Scholz","@id":"https:\/\/paulinenaue.info\/#\/schema\/person\/3f9e818fd7b69b0d2bd937ac506897cc"},"headline":"Singen statt K\u00e4mpfen \u2013\u00a0Was wir von den V\u00f6geln lernen k\u00f6nnen","datePublished":"2019-09-21T22:21:16+00:00","dateModified":"2019-09-21T22:34:07+00:00","mainEntityOfPage":{"@id":"https:\/\/paulinenaue.info\/index.php\/singen-statt-kaempfen-was-wir-von-den-voegeln-lernen-koennen\/"},"wordCount":278,"commentCount":0,"image":{"@id":"https:\/\/paulinenaue.info\/index.php\/singen-statt-kaempfen-was-wir-von-den-voegeln-lernen-koennen\/#primaryimage"},"thumbnailUrl":"https:\/\/paulinenaue.info\/wp-content\/uploads\/2019\/09\/DSC05853.jpg","articleSection":{"1":"Bahnhof","2":"Hier Zuhause","3":"Kulturverein","4":"Natur","5":"Neuigkeiten","6":"Veranstaltungen"},"inLanguage":"de","potentialAction":[{"@type":"CommentAction","name":"Comment","target":["https:\/\/paulinenaue.info\/index.php\/singen-statt-kaempfen-was-wir-von-den-voegeln-lernen-koennen\/#respond"]}]},{"@type":"WebPage","@id":"https:\/\/paulinenaue.info\/index.php\/singen-statt-kaempfen-was-wir-von-den-voegeln-lernen-koennen\/","url":"https:\/\/paulinenaue.info\/index.php\/singen-statt-kaempfen-was-wir-von-den-voegeln-lernen-koennen\/","name":"Singen statt K\u00e4mpfen \u2013\u00a0Was wir von den V\u00f6geln lernen k\u00f6nnen - Paulinenaue","isPartOf":{"@id":"https:\/\/paulinenaue.info\/#website"},"primaryImageOfPage":{"@id":"https:\/\/paulinenaue.info\/index.php\/singen-statt-kaempfen-was-wir-von-den-voegeln-lernen-koennen\/#primaryimage"},"image":{"@id":"https:\/\/paulinenaue.info\/index.php\/singen-statt-kaempfen-was-wir-von-den-voegeln-lernen-koennen\/#primaryimage"},"thumbnailUrl":"https:\/\/paulinenaue.info\/wp-content\/uploads\/2019\/09\/DSC05853.jpg","datePublished":"2019-09-21T22:21:16+00:00","dateModified":"2019-09-21T22:34:07+00:00","author":{"@id":"https:\/\/paulinenaue.info\/#\/schema\/person\/3f9e818fd7b69b0d2bd937ac506897cc"},"breadcrumb":{"@id":"https:\/\/paulinenaue.info\/index.php\/singen-statt-kaempfen-was-wir-von-den-voegeln-lernen-koennen\/#breadcrumb"},"inLanguage":"de","potentialAction":[{"@type":"ReadAction","target":["https:\/\/paulinenaue.info\/index.php\/singen-statt-kaempfen-was-wir-von-den-voegeln-lernen-koennen\/"]}]},{"@type":"ImageObject","inLanguage":"de","@id":"https:\/\/paulinenaue.info\/index.php\/singen-statt-kaempfen-was-wir-von-den-voegeln-lernen-koennen\/#primaryimage","url":"https:\/\/paulinenaue.info\/wp-content\/uploads\/2019\/09\/DSC05853.jpg","contentUrl":"https:\/\/paulinenaue.info\/wp-content\/uploads\/2019\/09\/DSC05853.jpg","width":1000,"height":667},{"@type":"BreadcrumbList","@id":"https:\/\/paulinenaue.info\/index.php\/singen-statt-kaempfen-was-wir-von-den-voegeln-lernen-koennen\/#breadcrumb","itemListElement":[{"@type":"ListItem","position":1,"name":"Home","item":"https:\/\/paulinenaue.info\/"},{"@type":"ListItem","position":2,"name":"Singen statt K\u00e4mpfen \u2013\u00a0Was wir von den V\u00f6geln lernen k\u00f6nnen"}]},{"@type":"WebSite","@id":"https:\/\/paulinenaue.info\/#website","url":"https:\/\/paulinenaue.info\/","name":"Paulinenaue","description":"Ein Dorf im Havelland","potentialAction":[{"@type":"SearchAction","target":{"@type":"EntryPoint","urlTemplate":"https:\/\/paulinenaue.info\/?s={search_term_string}"},"query-input":{"@type":"PropertyValueSpecification","valueRequired":true,"valueName":"search_term_string"}}],"inLanguage":"de"},{"@type":"Person","@id":"https:\/\/paulinenaue.info\/#\/schema\/person\/3f9e818fd7b69b0d2bd937ac506897cc","name":"Joachim Scholz","url":"https:\/\/paulinenaue.info\/index.php\/author\/jjscholz\/"}]}},"jetpack_publicize_connections":[],"jetpack_featured_media_url":"https:\/\/paulinenaue.info\/wp-content\/uploads\/2019\/09\/DSC05853.jpg","jetpack_sharing_enabled":true,"jetpack_shortlink":"https:\/\/wp.me\/pcYhWA-1j1","jetpack-related-posts":[{"id":1561,"url":"https:\/\/paulinenaue.info\/index.php\/kraniche-beobachten-entlang-dem-havellandradweg\/","url_meta":{"origin":5023,"position":0},"title":"Kraniche beobachten entlang dem Havellandradweg","author":"Joachim Scholz","date":"1. Oktober 2017","format":false,"excerpt":"01.10.2017. Den letzten sonnigen Nachmittag vor dem Wetterumschwung am Sonntag verbrachten auf Einladung des Kulturvereins knapp 40 Naturfreunde auf dem Fahrrad, um mit Anke Goersz vom Kranichschutz Osthavelland die rastenden Gro\u00dfv\u00f6gel auf ihren \u00c4sungsfl\u00e4chen zu besuchen. Anfangs schien die Fahrt einfach nur Freude am Radfahren durch die herbstliche Natur zu\u2026","rel":"","context":"In &quot;Allgemein&quot;","block_context":{"text":"Allgemein","link":"https:\/\/paulinenaue.info\/index.php\/category\/allgemein\/"},"img":{"alt_text":"","src":"https:\/\/i0.wp.com\/paulinenaue.info\/wp-content\/uploads\/2017\/10\/DSC07807.jpg?resize=350%2C200&ssl=1","width":350,"height":200,"srcset":"https:\/\/i0.wp.com\/paulinenaue.info\/wp-content\/uploads\/2017\/10\/DSC07807.jpg?resize=350%2C200&ssl=1 1x, https:\/\/i0.wp.com\/paulinenaue.info\/wp-content\/uploads\/2017\/10\/DSC07807.jpg?resize=525%2C300&ssl=1 1.5x, https:\/\/i0.wp.com\/paulinenaue.info\/wp-content\/uploads\/2017\/10\/DSC07807.jpg?resize=700%2C400&ssl=1 2x"},"classes":[]},{"id":4607,"url":"https:\/\/paulinenaue.info\/index.php\/schleiereulen-turmfalken-und-dohlen\/","url_meta":{"origin":5023,"position":1},"title":"Schleiereulen, Turmfalken und Dohlen","author":"Joachim Scholz","date":"31. M\u00e4rz 2019","format":false,"excerpt":"Wie und wo leben Turmfalken, Dohlen und Schleiereulen im Havelland? Schnell ist man mit einer solchen Frage \u00fcberfordert. Gibt es \u00fcberhaupt Schleiereulen hier bei uns?\u00a0 Die 30 Besucher der vom Kulturverein und dem NABU Osthavelland gemeinsam organisierten Vortragsveranstaltung im Paulinenauer Feuerwehrdepot waren am vergangenen Freitag aufmerksame Zuh\u00f6rer einer interessanten Pr\u00e4sentation\u2026","rel":"","context":"In &quot;Allgemein&quot;","block_context":{"text":"Allgemein","link":"https:\/\/paulinenaue.info\/index.php\/category\/allgemein\/"},"img":{"alt_text":"","src":"https:\/\/i0.wp.com\/paulinenaue.info\/wp-content\/uploads\/2019\/03\/DSC09837.jpg?resize=350%2C200&ssl=1","width":350,"height":200,"srcset":"https:\/\/i0.wp.com\/paulinenaue.info\/wp-content\/uploads\/2019\/03\/DSC09837.jpg?resize=350%2C200&ssl=1 1x, https:\/\/i0.wp.com\/paulinenaue.info\/wp-content\/uploads\/2019\/03\/DSC09837.jpg?resize=525%2C300&ssl=1 1.5x, https:\/\/i0.wp.com\/paulinenaue.info\/wp-content\/uploads\/2019\/03\/DSC09837.jpg?resize=700%2C400&ssl=1 2x"},"classes":[]},{"id":907,"url":"https:\/\/paulinenaue.info\/index.php\/paulinenaue-aus-der-vogelperspektive-im-dezember-2003\/","url_meta":{"origin":5023,"position":2},"title":"Paulinenaue aus der Vogelperspektive im Dezember 2003","author":"Sarah","date":"10. Juni 2017","format":false,"excerpt":"22.03.2004 Joachim Scholz Zum derzeitigen intensiven Baugeschehen im Bahnbereich geh\u00f6rte auch die Aufstellung eines 50 Meter hohen Baukranes an exponierter Stelle im Dorf. Die aus luftiger H\u00f6he gemachten Fotografien entstanden im Dezember 2003.","rel":"","context":"In &quot;Allgemein&quot;","block_context":{"text":"Allgemein","link":"https:\/\/paulinenaue.info\/index.php\/category\/allgemein\/"},"img":{"alt_text":"","src":"https:\/\/i0.wp.com\/paulinenaue.info\/wp-content\/uploads\/2017\/06\/bahnhof_20031207_01.jpg?resize=350%2C200&ssl=1","width":350,"height":200},"classes":[]},{"id":852,"url":"https:\/\/paulinenaue.info\/index.php\/lesung-mit-geschichtensammler-eugen-gliege\/","url_meta":{"origin":5023,"position":3},"title":"Lesung mit Geschichtensammler Eugen Gliege","author":"Sarah","date":"26. April 2017","format":false,"excerpt":"Am 24. April fand in Paulinenaue in \u201eOnkel Walters Scheune\u201c eine Lesung mit dem bekannten havell\u00e4ndischen Pressezeichner und Geschichtensammler Eugen Gliege statt. Zu dieser Veranstaltung hatte der Paulinenauer Kulturverein eingeladen. Den Teilnehmern wurde ein toller Abend geboten, bei dem Eugen Gliege viele aufmerksame Zuh\u00f6rer f\u00fcr die Erz\u00e4hlungen und \u00dcberlieferungen fand,\u2026","rel":"","context":"In &quot;Hier Zuhause&quot;","block_context":{"text":"Hier Zuhause","link":"https:\/\/paulinenaue.info\/index.php\/category\/hier-zuhause\/"},"img":{"alt_text":"Eugen Gliege","src":"https:\/\/i0.wp.com\/paulinenaue.info\/wp-content\/uploads\/2017\/04\/Gliege.jpg?resize=350%2C200&ssl=1","width":350,"height":200,"srcset":"https:\/\/i0.wp.com\/paulinenaue.info\/wp-content\/uploads\/2017\/04\/Gliege.jpg?resize=350%2C200&ssl=1 1x, https:\/\/i0.wp.com\/paulinenaue.info\/wp-content\/uploads\/2017\/04\/Gliege.jpg?resize=525%2C300&ssl=1 1.5x"},"classes":[]},{"id":5098,"url":"https:\/\/paulinenaue.info\/index.php\/tu-studierende-im-bahnhof\/","url_meta":{"origin":5023,"position":4},"title":"TU-Studierende im Bahnhof","author":"Sarah","date":"13. November 2019","format":false,"excerpt":"Wie k\u00f6nnen wir den Bahnhof wieder sichtbar machen? Was k\u00f6nnen wir selbst daf\u00fcr tun? Und: Wie wollen wir den Bahnhof wieder lebendig werden lassen? Fragestellungen wie diese gibt es nicht erst seit gestern. Wer in Paulinenaue wohnt oder t\u00e4glich von hier aus mit der Bahn pendelt, hat sicher die ein\u2026","rel":"","context":"In &quot;Allgemein&quot;","block_context":{"text":"Allgemein","link":"https:\/\/paulinenaue.info\/index.php\/category\/allgemein\/"},"img":{"alt_text":"","src":"https:\/\/i0.wp.com\/paulinenaue.info\/wp-content\/uploads\/2019\/11\/01_Paulinenaue11-11-19.jpeg?resize=350%2C200&ssl=1","width":350,"height":200,"srcset":"https:\/\/i0.wp.com\/paulinenaue.info\/wp-content\/uploads\/2019\/11\/01_Paulinenaue11-11-19.jpeg?resize=350%2C200&ssl=1 1x, https:\/\/i0.wp.com\/paulinenaue.info\/wp-content\/uploads\/2019\/11\/01_Paulinenaue11-11-19.jpeg?resize=525%2C300&ssl=1 1.5x, https:\/\/i0.wp.com\/paulinenaue.info\/wp-content\/uploads\/2019\/11\/01_Paulinenaue11-11-19.jpeg?resize=700%2C400&ssl=1 2x, https:\/\/i0.wp.com\/paulinenaue.info\/wp-content\/uploads\/2019\/11\/01_Paulinenaue11-11-19.jpeg?resize=1050%2C600&ssl=1 3x, https:\/\/i0.wp.com\/paulinenaue.info\/wp-content\/uploads\/2019\/11\/01_Paulinenaue11-11-19.jpeg?resize=1400%2C800&ssl=1 4x"},"classes":[]},{"id":417887,"url":"https:\/\/paulinenaue.info\/index.php\/bahnhof-paulinenaue-knotenpunkt-adresse-und-moeglichkeitsraum\/","url_meta":{"origin":5023,"position":5},"title":"Bahnhof Paulinenaue: Knotenpunkt, Adresse und M\u00f6glichkeitsraum","author":"Joachim Scholz","date":"18. Mai 2025","format":false,"excerpt":"Joachim Schultz-Granberg wuchs in Paulinenaue auf. Heute ist er Architekt, Stadtplaner und Professor f\u00fcr St\u00e4dtebau an der MSA | M\u00fcnster School of Architecture. Er geh\u00f6rt zum Team, das sich aktuell der Perspektivsuche f\u00fcr das Bahnhofsgeb\u00e4ude zusammengefunden hat und unterbreitet hier seine Vision f\u00fcr das Bahnhofsgeb\u00e4ude.\u00a0\u00a0 Ausgangspunkt Das 1847 erbaute Bahnhofsgeb\u00e4ude\u2026","rel":"","context":"In &quot;Bahnhof&quot;","block_context":{"text":"Bahnhof","link":"https:\/\/paulinenaue.info\/index.php\/category\/bahnhof\/"},"img":{"alt_text":"","src":"https:\/\/i0.wp.com\/paulinenaue.info\/wp-content\/uploads\/2025\/05\/2024-11-30-Bahnhof-Vogelperspektive-01.jpg?resize=350%2C200&ssl=1","width":350,"height":200,"srcset":"https:\/\/i0.wp.com\/paulinenaue.info\/wp-content\/uploads\/2025\/05\/2024-11-30-Bahnhof-Vogelperspektive-01.jpg?resize=350%2C200&ssl=1 1x, https:\/\/i0.wp.com\/paulinenaue.info\/wp-content\/uploads\/2025\/05\/2024-11-30-Bahnhof-Vogelperspektive-01.jpg?resize=525%2C300&ssl=1 1.5x, https:\/\/i0.wp.com\/paulinenaue.info\/wp-content\/uploads\/2025\/05\/2024-11-30-Bahnhof-Vogelperspektive-01.jpg?resize=700%2C400&ssl=1 2x"},"classes":[]}],"_links":{"self":[{"href":"https:\/\/paulinenaue.info\/index.php\/wp-json\/wp\/v2\/posts\/5023","targetHints":{"allow":["GET"]}}],"collection":[{"href":"https:\/\/paulinenaue.info\/index.php\/wp-json\/wp\/v2\/posts"}],"about":[{"href":"https:\/\/paulinenaue.info\/index.php\/wp-json\/wp\/v2\/types\/post"}],"author":[{"embeddable":true,"href":"https:\/\/paulinenaue.info\/index.php\/wp-json\/wp\/v2\/users\/1"}],"replies":[{"embeddable":true,"href":"https:\/\/paulinenaue.info\/index.php\/wp-json\/wp\/v2\/comments?post=5023"}],"version-history":[{"count":18,"href":"https:\/\/paulinenaue.info\/index.php\/wp-json\/wp\/v2\/posts\/5023\/revisions"}],"predecessor-version":[{"id":5041,"href":"https:\/\/paulinenaue.info\/index.php\/wp-json\/wp\/v2\/posts\/5023\/revisions\/5041"}],"wp:featuredmedia":[{"embeddable":true,"href":"https:\/\/paulinenaue.info\/index.php\/wp-json\/wp\/v2\/media\/5021"}],"wp:attachment":[{"href":"https:\/\/paulinenaue.info\/index.php\/wp-json\/wp\/v2\/media?parent=5023"}],"wp:term":[{"taxonomy":"category","embeddable":true,"href":"https:\/\/paulinenaue.info\/index.php\/wp-json\/wp\/v2\/categories?post=5023"},{"taxonomy":"post_tag","embeddable":true,"href":"https:\/\/paulinenaue.info\/index.php\/wp-json\/wp\/v2\/tags?post=5023"}],"curies":[{"name":"wp","href":"https:\/\/api.w.org\/{rel}","templated":true}]}}