{"id":5089,"date":"2019-11-04T17:49:46","date_gmt":"2019-11-04T16:49:46","guid":{"rendered":"http:\/\/paulinenaue.info\/?p=5089"},"modified":"2019-11-04T18:00:35","modified_gmt":"2019-11-04T17:00:35","slug":"halloween-2019","status":"publish","type":"post","link":"https:\/\/paulinenaue.info\/index.php\/halloween-2019\/","title":{"rendered":"Halloween 2019"},"content":{"rendered":"<p>Am 1. November des Jahres feierten wir wieder unser mittlerweile schon traditionelles Halloweenfest.<\/p>\n<p>Schon ein paar Tage zuvor hat sich unsere Kinder- und Jugendfeuerwehr zum K\u00fcrbisse-Schnitzen getroffen, die Ergebnisse konnten in einer tollen Ausstellung bewundert werden.<\/p>\n<div id=\"attachment_5090\" style=\"width: 310px\" class=\"wp-caption aligncenter\"><a href=\"http:\/\/paulinenaue.info\/wp-content\/uploads\/2019\/11\/IMG-20191031-WA0003.jpg\"><img decoding=\"async\" aria-describedby=\"caption-attachment-5090\" data-attachment-id=\"5090\" data-permalink=\"https:\/\/paulinenaue.info\/index.php\/halloween-2019\/img-20191031-wa0003\/\" data-orig-file=\"https:\/\/paulinenaue.info\/wp-content\/uploads\/2019\/11\/IMG-20191031-WA0003.jpg\" data-orig-size=\"1600,900\" data-comments-opened=\"1\" data-image-meta=\"{&quot;aperture&quot;:&quot;0&quot;,&quot;credit&quot;:&quot;&quot;,&quot;camera&quot;:&quot;&quot;,&quot;caption&quot;:&quot;&quot;,&quot;created_timestamp&quot;:&quot;0&quot;,&quot;copyright&quot;:&quot;&quot;,&quot;focal_length&quot;:&quot;0&quot;,&quot;iso&quot;:&quot;0&quot;,&quot;shutter_speed&quot;:&quot;0&quot;,&quot;title&quot;:&quot;&quot;,&quot;orientation&quot;:&quot;0&quot;}\" data-image-title=\"IMG-20191031-WA0003\" data-image-description=\"\" data-image-caption=\"\" data-large-file=\"https:\/\/paulinenaue.info\/wp-content\/uploads\/2019\/11\/IMG-20191031-WA0003-1024x576.jpg\" class=\"lazyload wp-image-5090 size-medium\" src=\"http:\/\/paulinenaue.info\/wp-content\/uploads\/2019\/11\/IMG-20191031-WA0003-300x169.jpg\" data-orig-src=\"http:\/\/paulinenaue.info\/wp-content\/uploads\/2019\/11\/IMG-20191031-WA0003-300x169.jpg\" alt=\"\" width=\"300\" height=\"169\" srcset=\"data:image\/svg+xml,%3Csvg%20xmlns%3D%27http%3A%2F%2Fwww.w3.org%2F2000%2Fsvg%27%20width%3D%27300%27%20height%3D%27169%27%20viewBox%3D%270%200%20300%20169%27%3E%3Crect%20width%3D%27300%27%20height%3D%27169%27%20fill-opacity%3D%220%22%2F%3E%3C%2Fsvg%3E\" data-srcset=\"https:\/\/paulinenaue.info\/wp-content\/uploads\/2019\/11\/IMG-20191031-WA0003-300x169.jpg 300w, https:\/\/paulinenaue.info\/wp-content\/uploads\/2019\/11\/IMG-20191031-WA0003-768x432.jpg 768w, https:\/\/paulinenaue.info\/wp-content\/uploads\/2019\/11\/IMG-20191031-WA0003-958x539.jpg 958w, https:\/\/paulinenaue.info\/wp-content\/uploads\/2019\/11\/IMG-20191031-WA0003-1024x576.jpg 1024w, https:\/\/paulinenaue.info\/wp-content\/uploads\/2019\/11\/IMG-20191031-WA0003.jpg 1600w\" data-sizes=\"auto\" data-orig-sizes=\"(max-width: 300px) 100vw, 300px\" \/><\/a><p id=\"caption-attachment-5090\" class=\"wp-caption-text\">Die Kinder der Jugendfeuerwehr haben K\u00fcrbisse geschnitzt<\/p><\/div>\n<p>Neben den bew\u00e4hrten K\u00f6stlichkeiten von Grill und Pfanne sowie hei\u00dfen und kalten Getr\u00e4nken hat auch erstmals Nico Nachtigall mit seinem gro\u00dfen S\u00fc\u00dfigkeiten-Wagen unser Angebot erg\u00e4nzt. Zuckerwatte und frisch gebrannte Mandeln waren hier gefragte Leckereien.<\/p>\n<p>Nach dem Laternenumzug hatten alle die Gelegenheit sich zu st\u00e4rken, ehe noch ein Highlight f\u00fcr unsere kleinen Besucher auf dem Programm stand: in liebevoller Bastelarbeit sind handgefertigte Pinatas entstanden, die den Kindern noch einmal einiges abverlangten und nat\u00fcrlich halloween-typisch mit S\u00fc\u00dfigkeiten gef\u00fcllt waren.<\/p>\n<div id=\"attachment_5091\" style=\"width: 310px\" class=\"wp-caption aligncenter\"><a href=\"http:\/\/paulinenaue.info\/wp-content\/uploads\/2019\/11\/IMG-20191102-WA0000.jpg\"><img decoding=\"async\" aria-describedby=\"caption-attachment-5091\" data-attachment-id=\"5091\" data-permalink=\"https:\/\/paulinenaue.info\/index.php\/halloween-2019\/img-20191102-wa0000\/\" data-orig-file=\"https:\/\/paulinenaue.info\/wp-content\/uploads\/2019\/11\/IMG-20191102-WA0000.jpg\" data-orig-size=\"1600,1200\" data-comments-opened=\"1\" data-image-meta=\"{&quot;aperture&quot;:&quot;0&quot;,&quot;credit&quot;:&quot;&quot;,&quot;camera&quot;:&quot;&quot;,&quot;caption&quot;:&quot;&quot;,&quot;created_timestamp&quot;:&quot;0&quot;,&quot;copyright&quot;:&quot;&quot;,&quot;focal_length&quot;:&quot;0&quot;,&quot;iso&quot;:&quot;0&quot;,&quot;shutter_speed&quot;:&quot;0&quot;,&quot;title&quot;:&quot;&quot;,&quot;orientation&quot;:&quot;0&quot;}\" data-image-title=\"IMG-20191102-WA0000\" data-image-description=\"\" data-image-caption=\"\" data-large-file=\"https:\/\/paulinenaue.info\/wp-content\/uploads\/2019\/11\/IMG-20191102-WA0000-1024x768.jpg\" class=\"lazyload wp-image-5091 size-medium\" src=\"http:\/\/paulinenaue.info\/wp-content\/uploads\/2019\/11\/IMG-20191102-WA0000-300x225.jpg\" data-orig-src=\"http:\/\/paulinenaue.info\/wp-content\/uploads\/2019\/11\/IMG-20191102-WA0000-300x225.jpg\" alt=\"\" width=\"300\" height=\"225\" srcset=\"data:image\/svg+xml,%3Csvg%20xmlns%3D%27http%3A%2F%2Fwww.w3.org%2F2000%2Fsvg%27%20width%3D%27300%27%20height%3D%27225%27%20viewBox%3D%270%200%20300%20225%27%3E%3Crect%20width%3D%27300%27%20height%3D%27225%27%20fill-opacity%3D%220%22%2F%3E%3C%2Fsvg%3E\" data-srcset=\"https:\/\/paulinenaue.info\/wp-content\/uploads\/2019\/11\/IMG-20191102-WA0000-300x225.jpg 300w, https:\/\/paulinenaue.info\/wp-content\/uploads\/2019\/11\/IMG-20191102-WA0000-768x576.jpg 768w, https:\/\/paulinenaue.info\/wp-content\/uploads\/2019\/11\/IMG-20191102-WA0000-958x719.jpg 958w, https:\/\/paulinenaue.info\/wp-content\/uploads\/2019\/11\/IMG-20191102-WA0000-1024x768.jpg 1024w, https:\/\/paulinenaue.info\/wp-content\/uploads\/2019\/11\/IMG-20191102-WA0000.jpg 1600w\" data-sizes=\"auto\" data-orig-sizes=\"(max-width: 300px) 100vw, 300px\" \/><\/a><p id=\"caption-attachment-5091\" class=\"wp-caption-text\">Die ersten Pinatas werden zerschlagen<\/p><\/div>\n<p>Leider hat es der Wettergott nicht so richtig gut mit uns gemeint, dennoch blieben viele Paulinenauer bei guter Stimmung bis in den sp\u00e4ten Abend und zu Musik von DJ Dieter gab es auch noch das eine oder andere kleine T\u00e4nzchen.<\/p>\n<p>F\u00fcr die Unterst\u00fctzung von rundherum sowie die zahlreichen Besucher wollen wir ganz herzlich DANKE sagen!<\/p>\n<p>Die Kameraden der FF Paulinenaue<\/p>\n","protected":false},"excerpt":{"rendered":"<p>Am 1. November des Jahres feierten wir wieder unser mittlerweile [&hellip;]<\/p>\n","protected":false},"author":10,"featured_media":5094,"comment_status":"open","ping_status":"open","sticky":false,"template":"","format":"standard","meta":{"_acf_changed":false,"_price":"","_stock":"","_tribe_ticket_header":"","_tribe_default_ticket_provider":"","_tribe_ticket_capacity":"0","_ticket_start_date":"","_ticket_end_date":"","_tribe_ticket_show_description":"","_tribe_ticket_show_not_going":false,"_tribe_ticket_use_global_stock":"","_tribe_ticket_global_stock_level":"","_global_stock_mode":"","_global_stock_cap":"","_tribe_rsvp_for_event":"","_tribe_ticket_going_count":"","_tribe_ticket_not_going_count":"","_tribe_tickets_list":"[]","_tribe_ticket_has_attendee_info_fields":false,"jetpack_post_was_ever_published":false,"_jetpack_newsletter_access":"","_jetpack_dont_email_post_to_subs":false,"_jetpack_newsletter_tier_id":0,"_jetpack_memberships_contains_paywalled_content":false,"_jetpack_memberships_contains_paid_content":false,"footnotes":"","jetpack_publicize_message":"","jetpack_publicize_feature_enabled":true,"jetpack_social_post_already_shared":true,"jetpack_social_options":{"image_generator_settings":{"template":"highway","default_image_id":0,"font":"","enabled":false},"version":2}},"categories":[1,16,6,93],"tags":[],"class_list":["post-5089","post","type-post","status-publish","format-standard","has-post-thumbnail","hentry","category-allgemein","category-feuerwehr","category-hier-zuhause","category-veranstaltungen"],"acf":[],"yoast_head":"<!-- This site is optimized with the Yoast SEO plugin v27.5 - https:\/\/yoast.com\/product\/yoast-seo-wordpress\/ -->\n<title>Halloween 2019 - Paulinenaue<\/title>\n<meta name=\"robots\" content=\"index, follow, max-snippet:-1, max-image-preview:large, max-video-preview:-1\" \/>\n<link rel=\"canonical\" href=\"https:\/\/paulinenaue.info\/index.php\/halloween-2019\/\" \/>\n<meta property=\"og:locale\" content=\"de_DE\" \/>\n<meta property=\"og:type\" content=\"article\" \/>\n<meta property=\"og:title\" content=\"Halloween 2019 - Paulinenaue\" \/>\n<meta property=\"og:description\" content=\"Am 1. November des Jahres feierten wir wieder unser mittlerweile [&hellip;]\" \/>\n<meta property=\"og:url\" content=\"https:\/\/paulinenaue.info\/index.php\/halloween-2019\/\" \/>\n<meta property=\"og:site_name\" content=\"Paulinenaue\" \/>\n<meta property=\"article:published_time\" content=\"2019-11-04T16:49:46+00:00\" \/>\n<meta property=\"article:modified_time\" content=\"2019-11-04T17:00:35+00:00\" \/>\n<meta property=\"og:image\" content=\"https:\/\/i1.wp.com\/paulinenaue.info\/wp-content\/uploads\/2019\/11\/Halloween-2019-Titelbild-ohne-Datum.jpg?fit=694%2C500&ssl=1\" \/>\n\t<meta property=\"og:image:width\" content=\"694\" \/>\n\t<meta property=\"og:image:height\" content=\"500\" \/>\n\t<meta property=\"og:image:type\" content=\"image\/jpeg\" \/>\n<meta name=\"author\" content=\"Christian Gnewikow\" \/>\n<meta name=\"twitter:card\" content=\"summary_large_image\" \/>\n<meta name=\"twitter:label1\" content=\"Verfasst von\" \/>\n\t<meta name=\"twitter:data1\" content=\"Christian Gnewikow\" \/>\n\t<meta name=\"twitter:label2\" content=\"Gesch\u00e4tzte Lesezeit\" \/>\n\t<meta name=\"twitter:data2\" content=\"1\u00a0Minute\" \/>\n<script type=\"application\/ld+json\" class=\"yoast-schema-graph\">{\"@context\":\"https:\\\/\\\/schema.org\",\"@graph\":[{\"@type\":\"Article\",\"@id\":\"https:\\\/\\\/paulinenaue.info\\\/index.php\\\/halloween-2019\\\/#article\",\"isPartOf\":{\"@id\":\"https:\\\/\\\/paulinenaue.info\\\/index.php\\\/halloween-2019\\\/\"},\"author\":{\"name\":\"Christian Gnewikow\",\"@id\":\"https:\\\/\\\/paulinenaue.info\\\/#\\\/schema\\\/person\\\/aca8d11f85faf4f9071e05c0c7e82e7e\"},\"headline\":\"Halloween 2019\",\"datePublished\":\"2019-11-04T16:49:46+00:00\",\"dateModified\":\"2019-11-04T17:00:35+00:00\",\"mainEntityOfPage\":{\"@id\":\"https:\\\/\\\/paulinenaue.info\\\/index.php\\\/halloween-2019\\\/\"},\"wordCount\":217,\"commentCount\":0,\"image\":{\"@id\":\"https:\\\/\\\/paulinenaue.info\\\/index.php\\\/halloween-2019\\\/#primaryimage\"},\"thumbnailUrl\":\"https:\\\/\\\/paulinenaue.info\\\/wp-content\\\/uploads\\\/2019\\\/11\\\/Halloween-2019-Titelbild-ohne-Datum.jpg\",\"articleSection\":{\"1\":\"Feuerwehr\",\"2\":\"Hier Zuhause\",\"3\":\"Veranstaltungen\"},\"inLanguage\":\"de\",\"potentialAction\":[{\"@type\":\"CommentAction\",\"name\":\"Comment\",\"target\":[\"https:\\\/\\\/paulinenaue.info\\\/index.php\\\/halloween-2019\\\/#respond\"]}]},{\"@type\":\"WebPage\",\"@id\":\"https:\\\/\\\/paulinenaue.info\\\/index.php\\\/halloween-2019\\\/\",\"url\":\"https:\\\/\\\/paulinenaue.info\\\/index.php\\\/halloween-2019\\\/\",\"name\":\"Halloween 2019 - Paulinenaue\",\"isPartOf\":{\"@id\":\"https:\\\/\\\/paulinenaue.info\\\/#website\"},\"primaryImageOfPage\":{\"@id\":\"https:\\\/\\\/paulinenaue.info\\\/index.php\\\/halloween-2019\\\/#primaryimage\"},\"image\":{\"@id\":\"https:\\\/\\\/paulinenaue.info\\\/index.php\\\/halloween-2019\\\/#primaryimage\"},\"thumbnailUrl\":\"https:\\\/\\\/paulinenaue.info\\\/wp-content\\\/uploads\\\/2019\\\/11\\\/Halloween-2019-Titelbild-ohne-Datum.jpg\",\"datePublished\":\"2019-11-04T16:49:46+00:00\",\"dateModified\":\"2019-11-04T17:00:35+00:00\",\"author\":{\"@id\":\"https:\\\/\\\/paulinenaue.info\\\/#\\\/schema\\\/person\\\/aca8d11f85faf4f9071e05c0c7e82e7e\"},\"breadcrumb\":{\"@id\":\"https:\\\/\\\/paulinenaue.info\\\/index.php\\\/halloween-2019\\\/#breadcrumb\"},\"inLanguage\":\"de\",\"potentialAction\":[{\"@type\":\"ReadAction\",\"target\":[\"https:\\\/\\\/paulinenaue.info\\\/index.php\\\/halloween-2019\\\/\"]}]},{\"@type\":\"ImageObject\",\"inLanguage\":\"de\",\"@id\":\"https:\\\/\\\/paulinenaue.info\\\/index.php\\\/halloween-2019\\\/#primaryimage\",\"url\":\"https:\\\/\\\/paulinenaue.info\\\/wp-content\\\/uploads\\\/2019\\\/11\\\/Halloween-2019-Titelbild-ohne-Datum.jpg\",\"contentUrl\":\"https:\\\/\\\/paulinenaue.info\\\/wp-content\\\/uploads\\\/2019\\\/11\\\/Halloween-2019-Titelbild-ohne-Datum.jpg\",\"width\":694,\"height\":500},{\"@type\":\"BreadcrumbList\",\"@id\":\"https:\\\/\\\/paulinenaue.info\\\/index.php\\\/halloween-2019\\\/#breadcrumb\",\"itemListElement\":[{\"@type\":\"ListItem\",\"position\":1,\"name\":\"Home\",\"item\":\"https:\\\/\\\/paulinenaue.info\\\/\"},{\"@type\":\"ListItem\",\"position\":2,\"name\":\"Halloween 2019\"}]},{\"@type\":\"WebSite\",\"@id\":\"https:\\\/\\\/paulinenaue.info\\\/#website\",\"url\":\"https:\\\/\\\/paulinenaue.info\\\/\",\"name\":\"Paulinenaue\",\"description\":\"Ein Dorf im Havelland\",\"potentialAction\":[{\"@type\":\"SearchAction\",\"target\":{\"@type\":\"EntryPoint\",\"urlTemplate\":\"https:\\\/\\\/paulinenaue.info\\\/?s={search_term_string}\"},\"query-input\":{\"@type\":\"PropertyValueSpecification\",\"valueRequired\":true,\"valueName\":\"search_term_string\"}}],\"inLanguage\":\"de\"},{\"@type\":\"Person\",\"@id\":\"https:\\\/\\\/paulinenaue.info\\\/#\\\/schema\\\/person\\\/aca8d11f85faf4f9071e05c0c7e82e7e\",\"name\":\"Christian Gnewikow\",\"url\":\"https:\\\/\\\/paulinenaue.info\\\/index.php\\\/author\\\/christian-gnewikow\\\/\"}]}<\/script>\n<!-- \/ Yoast SEO plugin. -->","yoast_head_json":{"title":"Halloween 2019 - Paulinenaue","robots":{"index":"index","follow":"follow","max-snippet":"max-snippet:-1","max-image-preview":"max-image-preview:large","max-video-preview":"max-video-preview:-1"},"canonical":"https:\/\/paulinenaue.info\/index.php\/halloween-2019\/","og_locale":"de_DE","og_type":"article","og_title":"Halloween 2019 - Paulinenaue","og_description":"Am 1. November des Jahres feierten wir wieder unser mittlerweile [&hellip;]","og_url":"https:\/\/paulinenaue.info\/index.php\/halloween-2019\/","og_site_name":"Paulinenaue","article_published_time":"2019-11-04T16:49:46+00:00","article_modified_time":"2019-11-04T17:00:35+00:00","og_image":[{"width":694,"height":500,"url":"https:\/\/i1.wp.com\/paulinenaue.info\/wp-content\/uploads\/2019\/11\/Halloween-2019-Titelbild-ohne-Datum.jpg?fit=694%2C500&ssl=1","type":"image\/jpeg"}],"author":"Christian Gnewikow","twitter_card":"summary_large_image","twitter_misc":{"Verfasst von":"Christian Gnewikow","Gesch\u00e4tzte Lesezeit":"1\u00a0Minute"},"schema":{"@context":"https:\/\/schema.org","@graph":[{"@type":"Article","@id":"https:\/\/paulinenaue.info\/index.php\/halloween-2019\/#article","isPartOf":{"@id":"https:\/\/paulinenaue.info\/index.php\/halloween-2019\/"},"author":{"name":"Christian Gnewikow","@id":"https:\/\/paulinenaue.info\/#\/schema\/person\/aca8d11f85faf4f9071e05c0c7e82e7e"},"headline":"Halloween 2019","datePublished":"2019-11-04T16:49:46+00:00","dateModified":"2019-11-04T17:00:35+00:00","mainEntityOfPage":{"@id":"https:\/\/paulinenaue.info\/index.php\/halloween-2019\/"},"wordCount":217,"commentCount":0,"image":{"@id":"https:\/\/paulinenaue.info\/index.php\/halloween-2019\/#primaryimage"},"thumbnailUrl":"https:\/\/paulinenaue.info\/wp-content\/uploads\/2019\/11\/Halloween-2019-Titelbild-ohne-Datum.jpg","articleSection":{"1":"Feuerwehr","2":"Hier Zuhause","3":"Veranstaltungen"},"inLanguage":"de","potentialAction":[{"@type":"CommentAction","name":"Comment","target":["https:\/\/paulinenaue.info\/index.php\/halloween-2019\/#respond"]}]},{"@type":"WebPage","@id":"https:\/\/paulinenaue.info\/index.php\/halloween-2019\/","url":"https:\/\/paulinenaue.info\/index.php\/halloween-2019\/","name":"Halloween 2019 - Paulinenaue","isPartOf":{"@id":"https:\/\/paulinenaue.info\/#website"},"primaryImageOfPage":{"@id":"https:\/\/paulinenaue.info\/index.php\/halloween-2019\/#primaryimage"},"image":{"@id":"https:\/\/paulinenaue.info\/index.php\/halloween-2019\/#primaryimage"},"thumbnailUrl":"https:\/\/paulinenaue.info\/wp-content\/uploads\/2019\/11\/Halloween-2019-Titelbild-ohne-Datum.jpg","datePublished":"2019-11-04T16:49:46+00:00","dateModified":"2019-11-04T17:00:35+00:00","author":{"@id":"https:\/\/paulinenaue.info\/#\/schema\/person\/aca8d11f85faf4f9071e05c0c7e82e7e"},"breadcrumb":{"@id":"https:\/\/paulinenaue.info\/index.php\/halloween-2019\/#breadcrumb"},"inLanguage":"de","potentialAction":[{"@type":"ReadAction","target":["https:\/\/paulinenaue.info\/index.php\/halloween-2019\/"]}]},{"@type":"ImageObject","inLanguage":"de","@id":"https:\/\/paulinenaue.info\/index.php\/halloween-2019\/#primaryimage","url":"https:\/\/paulinenaue.info\/wp-content\/uploads\/2019\/11\/Halloween-2019-Titelbild-ohne-Datum.jpg","contentUrl":"https:\/\/paulinenaue.info\/wp-content\/uploads\/2019\/11\/Halloween-2019-Titelbild-ohne-Datum.jpg","width":694,"height":500},{"@type":"BreadcrumbList","@id":"https:\/\/paulinenaue.info\/index.php\/halloween-2019\/#breadcrumb","itemListElement":[{"@type":"ListItem","position":1,"name":"Home","item":"https:\/\/paulinenaue.info\/"},{"@type":"ListItem","position":2,"name":"Halloween 2019"}]},{"@type":"WebSite","@id":"https:\/\/paulinenaue.info\/#website","url":"https:\/\/paulinenaue.info\/","name":"Paulinenaue","description":"Ein Dorf im Havelland","potentialAction":[{"@type":"SearchAction","target":{"@type":"EntryPoint","urlTemplate":"https:\/\/paulinenaue.info\/?s={search_term_string}"},"query-input":{"@type":"PropertyValueSpecification","valueRequired":true,"valueName":"search_term_string"}}],"inLanguage":"de"},{"@type":"Person","@id":"https:\/\/paulinenaue.info\/#\/schema\/person\/aca8d11f85faf4f9071e05c0c7e82e7e","name":"Christian Gnewikow","url":"https:\/\/paulinenaue.info\/index.php\/author\/christian-gnewikow\/"}]}},"jetpack_publicize_connections":[],"jetpack_featured_media_url":"https:\/\/paulinenaue.info\/wp-content\/uploads\/2019\/11\/Halloween-2019-Titelbild-ohne-Datum.jpg","jetpack_sharing_enabled":true,"jetpack_shortlink":"https:\/\/wp.me\/pcYhWA-1k5","jetpack-related-posts":[{"id":418155,"url":"https:\/\/paulinenaue.info\/index.php\/sommerfest-in-selbelang\/","url_meta":{"origin":5089,"position":0},"title":"Sommerfest in Selbelang","author":"Sarah","date":"17. Juni 2025","format":false,"excerpt":"Text und Fotos Eckhard Vierjahn Gleich mehrere Anl\u00e4sse gab es f\u00fcr die Selbelanger am 14. Juni 2025 zu feiern. Selbelang feierte Sommerfest sowie 25 Jahre Kinder- und Jugendfeuerwehr und nachtr\u00e4glich auch den Kindertag. Traditionell findet das Sommerfest im Ortszentrum auf den Freifl\u00e4chen neben der Kirche und der Feuerwehr statt. Die\u2026","rel":"","context":"In &quot;Neuigkeiten&quot;","block_context":{"text":"Neuigkeiten","link":"https:\/\/paulinenaue.info\/index.php\/category\/neuigkeiten\/"},"img":{"alt_text":"","src":"https:\/\/i0.wp.com\/paulinenaue.info\/wp-content\/uploads\/2025\/06\/Selbelang-25-06-14-1.jpeg?resize=350%2C200&ssl=1","width":350,"height":200,"srcset":"https:\/\/i0.wp.com\/paulinenaue.info\/wp-content\/uploads\/2025\/06\/Selbelang-25-06-14-1.jpeg?resize=350%2C200&ssl=1 1x, https:\/\/i0.wp.com\/paulinenaue.info\/wp-content\/uploads\/2025\/06\/Selbelang-25-06-14-1.jpeg?resize=525%2C300&ssl=1 1.5x, https:\/\/i0.wp.com\/paulinenaue.info\/wp-content\/uploads\/2025\/06\/Selbelang-25-06-14-1.jpeg?resize=700%2C400&ssl=1 2x, https:\/\/i0.wp.com\/paulinenaue.info\/wp-content\/uploads\/2025\/06\/Selbelang-25-06-14-1.jpeg?resize=1050%2C600&ssl=1 3x, https:\/\/i0.wp.com\/paulinenaue.info\/wp-content\/uploads\/2025\/06\/Selbelang-25-06-14-1.jpeg?resize=1400%2C800&ssl=1 4x"},"classes":[]},{"id":139,"url":"https:\/\/paulinenaue.info\/index.php\/der-kampf-mit-dem-schlauch-in-paulinenaue-findet-zum-dritten-mal-eine-meisterschaft-im-schlauchtrekking-statt\/","url_meta":{"origin":5089,"position":1},"title":"Der Kampf mit dem Schlauch \u2013 In Paulinenaue findet zum dritten Mal eine Meisterschaft im Schlauchtrekking statt","author":"Joachim Scholz","date":"22. M\u00e4rz 2016","format":false,"excerpt":"Christian Gnewikow 11.08.2012. Wie in den beiden Vorjahren fand das mittlerweile zur kleinen Tradition gewordene Schlauch-Trekking des Paulinenauer Feuerwehrvereins wieder am ersten Wochenende nach den Sommerferien statt. Ab 15 Uhr versammelten sich die Paulinenauer auf dem Kleinen Sportplatz in der Bahnhofstra\u00dfe bei Kaffee und Kuchen. Um 15.30 Uhr begann Clown\u2026","rel":"","context":"In &quot;Feuerwehr&quot;","block_context":{"text":"Feuerwehr","link":"https:\/\/paulinenaue.info\/index.php\/category\/feuerwehr\/"},"img":{"alt_text":"","src":"https:\/\/i0.wp.com\/paulinenaue.info\/wp-content\/uploads\/2016\/03\/20120811_schlauchtrekking_10.jpg?resize=350%2C200&ssl=1","width":350,"height":200},"classes":[]},{"id":418186,"url":"https:\/\/paulinenaue.info\/index.php\/grundsteinlegung-auf-der-baustelle-des-neuen-feuerwehrgeraetehauses-paulinenaue\/","url_meta":{"origin":5089,"position":2},"title":"Grundsteinlegung auf der Baustelle des neuen Feuerwehrger\u00e4tehauses Paulinenaue","author":"Sarah","date":"8. Juli 2025","format":false,"excerpt":"Text und Bilder Eberhard Schwarz \u00a0 Am 03.07.2025 fand auf der Baustelle des neuen Feuerwehrgeb\u00e4udes in Paulinenaue die Grundsteinlegung statt. F\u00fcr Au\u00dfenstehende mutete die Feierstunde wie ein Treffen der Mitglieder der Wehren des Amtes Friesack an. Dem Anlass entsprechend wurde der Bau, die Planung und jetzige Umsetzung von den Amtstr\u00e4gern\u2026","rel":"","context":"In &quot;Dorfentwicklung&quot;","block_context":{"text":"Dorfentwicklung","link":"https:\/\/paulinenaue.info\/index.php\/category\/dorfentwicklung\/"},"img":{"alt_text":"","src":"https:\/\/i0.wp.com\/paulinenaue.info\/wp-content\/uploads\/2025\/07\/Grundstein-2025-2.jpg?resize=350%2C200&ssl=1","width":350,"height":200,"srcset":"https:\/\/i0.wp.com\/paulinenaue.info\/wp-content\/uploads\/2025\/07\/Grundstein-2025-2.jpg?resize=350%2C200&ssl=1 1x, https:\/\/i0.wp.com\/paulinenaue.info\/wp-content\/uploads\/2025\/07\/Grundstein-2025-2.jpg?resize=525%2C300&ssl=1 1.5x, https:\/\/i0.wp.com\/paulinenaue.info\/wp-content\/uploads\/2025\/07\/Grundstein-2025-2.jpg?resize=700%2C400&ssl=1 2x, https:\/\/i0.wp.com\/paulinenaue.info\/wp-content\/uploads\/2025\/07\/Grundstein-2025-2.jpg?resize=1050%2C600&ssl=1 3x, https:\/\/i0.wp.com\/paulinenaue.info\/wp-content\/uploads\/2025\/07\/Grundstein-2025-2.jpg?resize=1400%2C800&ssl=1 4x"},"classes":[]},{"id":417460,"url":"https:\/\/paulinenaue.info\/index.php\/der-abriss-des-paulinenauer-feuerwehrdepots\/","url_meta":{"origin":5089,"position":3},"title":"Der Abriss des Paulinenauer Feuerwehrdepots","author":"Joachim Scholz","date":"11. M\u00e4rz 2025","format":false,"excerpt":"Ein kleiner Bagger steht noch auf der ansonsten v\u00f6llig planen Fl\u00e4che am Beginn des Br\u00e4dikower Weges, wo sich bis vor Kurzem noch das Paulinenauer Feuerwehrdepot befand. Der Anblick ist neu, denn fast kann man sagen, dass hier in den letzten 60 Jahren ein richtiges kleines Feuerwehrviertel gewachsen war. 1963 begannen\u2026","rel":"","context":"In &quot;Allgemein&quot;","block_context":{"text":"Allgemein","link":"https:\/\/paulinenaue.info\/index.php\/category\/allgemein\/"},"img":{"alt_text":"","src":"https:\/\/i0.wp.com\/paulinenaue.info\/wp-content\/uploads\/2025\/03\/2025-03-10-Abriss-FFW-01.jpeg?resize=350%2C200&ssl=1","width":350,"height":200,"srcset":"https:\/\/i0.wp.com\/paulinenaue.info\/wp-content\/uploads\/2025\/03\/2025-03-10-Abriss-FFW-01.jpeg?resize=350%2C200&ssl=1 1x, https:\/\/i0.wp.com\/paulinenaue.info\/wp-content\/uploads\/2025\/03\/2025-03-10-Abriss-FFW-01.jpeg?resize=525%2C300&ssl=1 1.5x, https:\/\/i0.wp.com\/paulinenaue.info\/wp-content\/uploads\/2025\/03\/2025-03-10-Abriss-FFW-01.jpeg?resize=700%2C400&ssl=1 2x"},"classes":[]},{"id":5828,"url":"https:\/\/paulinenaue.info\/index.php\/corona-schnelltest-in-friesack-moeglich\/","url_meta":{"origin":5089,"position":4},"title":"Corona-Schnelltest in Friesack m\u00f6glich","author":"Sarah","date":"1. Mai 2021","format":false,"excerpt":"Im Testzentrum Friesack k\u00f6nnen in den R\u00e4umen der Jugendfeuerwehr, Kle\u00dfener Stra\u00dfe, Corona-Schnelltests durchgef\u00fchrt werden. Weitere Informationen entnehmen Sie bitte dem untenstehenden Dokument! Dokument: Corona-Schnelltest in Friesack","rel":"","context":"In &quot;Allgemein&quot;","block_context":{"text":"Allgemein","link":"https:\/\/paulinenaue.info\/index.php\/category\/allgemein\/"},"img":{"alt_text":"","src":"https:\/\/i0.wp.com\/paulinenaue.info\/wp-content\/uploads\/2021\/06\/wappen_amt2.jpg?resize=350%2C200&ssl=1","width":350,"height":200,"srcset":"https:\/\/i0.wp.com\/paulinenaue.info\/wp-content\/uploads\/2021\/06\/wappen_amt2.jpg?resize=350%2C200&ssl=1 1x, https:\/\/i0.wp.com\/paulinenaue.info\/wp-content\/uploads\/2021\/06\/wappen_amt2.jpg?resize=525%2C300&ssl=1 1.5x, https:\/\/i0.wp.com\/paulinenaue.info\/wp-content\/uploads\/2021\/06\/wappen_amt2.jpg?resize=700%2C400&ssl=1 2x"},"classes":[]},{"id":5662,"url":"https:\/\/paulinenaue.info\/index.php\/jahresrueckblick-feuerwehr\/","url_meta":{"origin":5089,"position":5},"title":"Jahresr\u00fcckblick Feuerwehr","author":"Christian Gnewikow","date":"15. Januar 2021","format":false,"excerpt":"Auch hinter unserer Feuerwehr liegt ein denkw\u00fcrdiges und in jeder Hinsicht au\u00dfergew\u00f6hnliches Jahr, auf das wir hier einmal zur\u00fcckblicken wollen. Begonnen hat das Jahr 2020 eher unaufgeregt. So konnten wir noch am 25. Januar in gewohnter Weise unser Weihnachtsbaumverbrennen feiern. Die Planungen f\u00fcr weitere Aktivit\u00e4ten liefen schon auf Hochtouren: wir\u2026","rel":"","context":"In &quot;Allgemein&quot;","block_context":{"text":"Allgemein","link":"https:\/\/paulinenaue.info\/index.php\/category\/allgemein\/"},"img":{"alt_text":"","src":"https:\/\/i0.wp.com\/paulinenaue.info\/wp-content\/uploads\/2021\/01\/01-WBV-300x225.jpg?resize=350%2C200&ssl=1","width":350,"height":200},"classes":[]}],"_links":{"self":[{"href":"https:\/\/paulinenaue.info\/index.php\/wp-json\/wp\/v2\/posts\/5089","targetHints":{"allow":["GET"]}}],"collection":[{"href":"https:\/\/paulinenaue.info\/index.php\/wp-json\/wp\/v2\/posts"}],"about":[{"href":"https:\/\/paulinenaue.info\/index.php\/wp-json\/wp\/v2\/types\/post"}],"author":[{"embeddable":true,"href":"https:\/\/paulinenaue.info\/index.php\/wp-json\/wp\/v2\/users\/10"}],"replies":[{"embeddable":true,"href":"https:\/\/paulinenaue.info\/index.php\/wp-json\/wp\/v2\/comments?post=5089"}],"version-history":[{"count":2,"href":"https:\/\/paulinenaue.info\/index.php\/wp-json\/wp\/v2\/posts\/5089\/revisions"}],"predecessor-version":[{"id":5096,"href":"https:\/\/paulinenaue.info\/index.php\/wp-json\/wp\/v2\/posts\/5089\/revisions\/5096"}],"wp:featuredmedia":[{"embeddable":true,"href":"https:\/\/paulinenaue.info\/index.php\/wp-json\/wp\/v2\/media\/5094"}],"wp:attachment":[{"href":"https:\/\/paulinenaue.info\/index.php\/wp-json\/wp\/v2\/media?parent=5089"}],"wp:term":[{"taxonomy":"category","embeddable":true,"href":"https:\/\/paulinenaue.info\/index.php\/wp-json\/wp\/v2\/categories?post=5089"},{"taxonomy":"post_tag","embeddable":true,"href":"https:\/\/paulinenaue.info\/index.php\/wp-json\/wp\/v2\/tags?post=5089"}],"curies":[{"name":"wp","href":"https:\/\/api.w.org\/{rel}","templated":true}]}}