{"id":5098,"date":"2019-11-13T19:56:47","date_gmt":"2019-11-13T18:56:47","guid":{"rendered":"http:\/\/paulinenaue.info\/?p=5098"},"modified":"2019-12-05T13:52:35","modified_gmt":"2019-12-05T13:52:35","slug":"tu-studierende-im-bahnhof","status":"publish","type":"post","link":"https:\/\/paulinenaue.info\/index.php\/tu-studierende-im-bahnhof\/","title":{"rendered":"TU-Studierende im Bahnhof"},"content":{"rendered":"<p>Wie k\u00f6nnen wir den Bahnhof wieder sichtbar machen? Was k\u00f6nnen wir selbst daf\u00fcr tun? Und: Wie wollen wir den Bahnhof wieder lebendig werden lassen?<\/p>\n<p>Fragestellungen wie diese gibt es nicht erst seit gestern. Wer in Paulinenaue wohnt oder t\u00e4glich von hier aus mit der Bahn pendelt, hat sicher die ein oder andere Antwort auf diese Fragen. Viel zu lange steht das klassizistische und unter Denkmalschutz stehende Bahnhofsgeb\u00e4ude nun schon leer und zerf\u00e4llt zunehmend. Dabei liegt so viel Potential in ihm, das nur wach gekitzelt werden muss. Doch das ist gar nicht so einfach, betrachtet man die vielen Einflussfaktoren.<\/p>\n<p>Studierende der Technischen Universit\u00e4t Berlin haben bereits im letzten Jahr begonnen sich den Bahnh\u00f6fen an der Strecke Berlin-Hamburg zu widmen und die Ergebnisse Ihrer Arbeit in der Ausstellung &#8222;Neben der Spur&#8220; pr\u00e4sentiert. Dabei geht es um m\u00f6gliche Nutzungskonzepte und die Inwertsetzung der Geb\u00e4ude, unter anderem auch in Friesack und Neustadt\/ Dosse. Nun hat die complan Kommunalberatung GmbH bzw. die LAG Havelland die TU damit beauftragt, sich weiterhin mit dem Bahnhof Paulinenaue im Rahmen eines Studienprojektes zu befassen.<\/p>\n<p>Am Montag, den 11.11.19 waren sie erneut mit ihrer Professorin Frau Dolff-Bonek\u00e4mper vom Fachgebiet f\u00fcr Denkmalpflege, in Paulinenaue, um das Bahnhofsgeb\u00e4ude gemeinsam mit B\u00fcrgermeister Arne Breder, Gemeindevertretern, Marcus Kolodziej vom Regionalmanagement der LAG, Mitgliedern vom Kulturverein sowie interessierten Paulinenauer*innen zu erkunden und so einen Eindruck von der Gr\u00f6\u00dfe und dem Potenzial des Geb\u00e4udes zu erlangen. Anschlie\u00dfend ging es in die Feuerwehr, wo die Studierenden mit den Anwesenden ins Gespr\u00e4ch kamen und Ideen und Eindr\u00fccke sammelten. Die Anbringung einer Uhr am Bahnhofsgeb\u00e4ude wie es sie fr\u00fcher gab, die Wiederherstellung des Schriftzuges Berlin &#8211; Hamburg, die Schaffung einer freieren Sicht auf das Geb\u00e4ude, die durch den Parkplatz beeintr\u00e4chtigt wird, eine \u00f6ffentliche Toilette, ein Caf\u00e9, B\u00fcros f\u00fcr Start-up Unternehmen, R\u00e4ume f\u00fcr Lehrveranstaltungen und Ausstellungen, sind nur einige Ideen des Abends. Als Stichwort fiel auch &#8222;Partizipatorische Restaurierung&#8220; &#8211; aktive Beteiligung der Paulinenauer*innen bei der st\u00fcckweisen Instandsetzung. Auch eine weitere F\u00f6rderung durch LEADER bzw. KLI-Mittel w\u00e4re denkbar. Der Kulturverein hat bereits 5000,-\u20ac durch das F\u00f6rderprogramm bekommen und damit einen Stromanschluss verlegt, der es erm\u00f6glicht, wieder kleinere Veranstaltungen im Bahnhof stattfinden zu lassen. Demn\u00e4chst wird die Treppe zum Mittelteil des Bahnhofes gerichtet und die T\u00fcren f\u00fcr eine bessere Zug\u00e4nglichkeit in Eigenarbeit aufgearbeitet und mit neuen Fensterscheiben versehen.<\/p>\n<p>Insgesamt war es ein Abend voller Inspirationen und kritischer Betrachtungen der m\u00f6glichen Nutzung des Geb\u00e4udes und deren Umsetzung. Die Studierenden werden mit den gesammelten Eindr\u00fccken nun weiter an einem Konzept arbeiten, wie der Bahnhof in kleinen Schritten wieder in das Bewusstsein ger\u00fcckt werden und aus seinem Dornr\u00f6schenschlaf erwachen kann. Wir sind gespannt auf ihre Ideen und bedanken uns, dass Sie so viel Energie in dieses Projekt setzen. Auch allen weiteren Anwesenden an dem Abend unser Dank f\u00fcr ihr Interesse am Erhalt des Bahnhofs.<\/p>\n<p>Am 02.12.19 um 16:15 Uhr werden die Studierenden erneut nach Paulinenaue kommen. Alle Interessierten sind herzlich eingeladen, sich erneut auszutauschen. Treffpunkt ist am Bahnhof.<\/p>\n<p>Vorher werden die Studierenden auch auf dem Weihnachtsmarkt am 30.11.19 vertreten sein, um dort mit den Paulinenauern ins Gespr\u00e4ch zu kommen.<\/p>\n<p><a href=\"http:\/\/paulinenaue.info\/wp-content\/uploads\/2019\/11\/log-lag-havelland-neu-final.png\"><img decoding=\"async\" data-attachment-id=\"5111\" data-permalink=\"https:\/\/paulinenaue.info\/index.php\/tu-studierende-im-bahnhof\/log-lag-havelland-neu-final\/\" data-orig-file=\"https:\/\/paulinenaue.info\/wp-content\/uploads\/2019\/11\/log-lag-havelland-neu-final.png\" data-orig-size=\"2000,1259\" data-comments-opened=\"1\" data-image-meta=\"{&quot;aperture&quot;:&quot;0&quot;,&quot;credit&quot;:&quot;&quot;,&quot;camera&quot;:&quot;&quot;,&quot;caption&quot;:&quot;&quot;,&quot;created_timestamp&quot;:&quot;0&quot;,&quot;copyright&quot;:&quot;&quot;,&quot;focal_length&quot;:&quot;0&quot;,&quot;iso&quot;:&quot;0&quot;,&quot;shutter_speed&quot;:&quot;0&quot;,&quot;title&quot;:&quot;&quot;,&quot;orientation&quot;:&quot;0&quot;}\" data-image-title=\"log-lag-havelland-neu-final\" data-image-description=\"\" data-image-caption=\"\" data-large-file=\"https:\/\/paulinenaue.info\/wp-content\/uploads\/2019\/11\/log-lag-havelland-neu-final-1024x645.png\" class=\"lazyload alignnone wp-image-5111\" src=\"http:\/\/paulinenaue.info\/wp-content\/uploads\/2019\/11\/log-lag-havelland-neu-final-300x189.png\" data-orig-src=\"http:\/\/paulinenaue.info\/wp-content\/uploads\/2019\/11\/log-lag-havelland-neu-final-300x189.png\" alt=\"\" width=\"100\" height=\"63\" srcset=\"data:image\/svg+xml,%3Csvg%20xmlns%3D%27http%3A%2F%2Fwww.w3.org%2F2000%2Fsvg%27%20width%3D%27100%27%20height%3D%2763%27%20viewBox%3D%270%200%20100%2063%27%3E%3Crect%20width%3D%27100%27%20height%3D%2763%27%20fill-opacity%3D%220%22%2F%3E%3C%2Fsvg%3E\" data-srcset=\"https:\/\/paulinenaue.info\/wp-content\/uploads\/2019\/11\/log-lag-havelland-neu-final-200x125.png 200w, https:\/\/paulinenaue.info\/wp-content\/uploads\/2019\/11\/log-lag-havelland-neu-final-300x189.png 300w, https:\/\/paulinenaue.info\/wp-content\/uploads\/2019\/11\/log-lag-havelland-neu-final-330x206.png 330w, https:\/\/paulinenaue.info\/wp-content\/uploads\/2019\/11\/log-lag-havelland-neu-final-768x483.png 768w, https:\/\/paulinenaue.info\/wp-content\/uploads\/2019\/11\/log-lag-havelland-neu-final-800x500.png 800w, https:\/\/paulinenaue.info\/wp-content\/uploads\/2019\/11\/log-lag-havelland-neu-final-958x603.png 958w, https:\/\/paulinenaue.info\/wp-content\/uploads\/2019\/11\/log-lag-havelland-neu-final-1024x645.png 1024w, https:\/\/paulinenaue.info\/wp-content\/uploads\/2019\/11\/log-lag-havelland-neu-final-1536x967.png 1536w, https:\/\/paulinenaue.info\/wp-content\/uploads\/2019\/11\/log-lag-havelland-neu-final.png 2000w\" data-sizes=\"auto\" data-orig-sizes=\"(max-width: 100px) 100vw, 100px\" \/><\/a><a href=\"http:\/\/paulinenaue.info\/wp-content\/uploads\/2019\/11\/complan-kommunalberatung-squarelogo-1450257090889.png\"><img decoding=\"async\" data-attachment-id=\"5112\" data-permalink=\"https:\/\/paulinenaue.info\/index.php\/tu-studierende-im-bahnhof\/complan-kommunalberatung-squarelogo-1450257090889\/\" data-orig-file=\"https:\/\/paulinenaue.info\/wp-content\/uploads\/2019\/11\/complan-kommunalberatung-squarelogo-1450257090889.png\" data-orig-size=\"180,180\" data-comments-opened=\"1\" data-image-meta=\"{&quot;aperture&quot;:&quot;0&quot;,&quot;credit&quot;:&quot;&quot;,&quot;camera&quot;:&quot;&quot;,&quot;caption&quot;:&quot;&quot;,&quot;created_timestamp&quot;:&quot;0&quot;,&quot;copyright&quot;:&quot;&quot;,&quot;focal_length&quot;:&quot;0&quot;,&quot;iso&quot;:&quot;0&quot;,&quot;shutter_speed&quot;:&quot;0&quot;,&quot;title&quot;:&quot;&quot;,&quot;orientation&quot;:&quot;0&quot;}\" data-image-title=\"complan-kommunalberatung-squarelogo-1450257090889\" data-image-description=\"\" data-image-caption=\"\" data-large-file=\"https:\/\/paulinenaue.info\/wp-content\/uploads\/2019\/11\/complan-kommunalberatung-squarelogo-1450257090889.png\" class=\"lazyload alignnone wp-image-5112\" src=\"http:\/\/paulinenaue.info\/wp-content\/uploads\/2019\/11\/complan-kommunalberatung-squarelogo-1450257090889.png\" data-orig-src=\"http:\/\/paulinenaue.info\/wp-content\/uploads\/2019\/11\/complan-kommunalberatung-squarelogo-1450257090889.png\" alt=\"\" width=\"100\" height=\"100\" srcset=\"data:image\/svg+xml,%3Csvg%20xmlns%3D%27http%3A%2F%2Fwww.w3.org%2F2000%2Fsvg%27%20width%3D%27100%27%20height%3D%27100%27%20viewBox%3D%270%200%20100%20100%27%3E%3Crect%20width%3D%27100%27%20height%3D%27100%27%20fill-opacity%3D%220%22%2F%3E%3C%2Fsvg%3E\" data-srcset=\"https:\/\/paulinenaue.info\/wp-content\/uploads\/2019\/11\/complan-kommunalberatung-squarelogo-1450257090889-100x100.png 100w, https:\/\/paulinenaue.info\/wp-content\/uploads\/2019\/11\/complan-kommunalberatung-squarelogo-1450257090889-150x150.png 150w, https:\/\/paulinenaue.info\/wp-content\/uploads\/2019\/11\/complan-kommunalberatung-squarelogo-1450257090889.png 180w\" data-sizes=\"auto\" data-orig-sizes=\"(max-width: 100px) 100vw, 100px\" \/><\/a><a href=\"http:\/\/paulinenaue.info\/wp-content\/uploads\/2019\/11\/Logo_der_Technischen_Universitt_Berlin.svg_.png\"><img decoding=\"async\" data-attachment-id=\"5113\" data-permalink=\"https:\/\/paulinenaue.info\/index.php\/tu-studierende-im-bahnhof\/logo_der_technischen_universitt_berlin-svg\/\" data-orig-file=\"https:\/\/paulinenaue.info\/wp-content\/uploads\/2019\/11\/Logo_der_Technischen_Universitt_Berlin.svg_.png\" data-orig-size=\"1200,671\" data-comments-opened=\"1\" data-image-meta=\"{&quot;aperture&quot;:&quot;0&quot;,&quot;credit&quot;:&quot;&quot;,&quot;camera&quot;:&quot;&quot;,&quot;caption&quot;:&quot;&quot;,&quot;created_timestamp&quot;:&quot;0&quot;,&quot;copyright&quot;:&quot;&quot;,&quot;focal_length&quot;:&quot;0&quot;,&quot;iso&quot;:&quot;0&quot;,&quot;shutter_speed&quot;:&quot;0&quot;,&quot;title&quot;:&quot;&quot;,&quot;orientation&quot;:&quot;0&quot;}\" data-image-title=\"Logo_der_Technischen_Universit?t_Berlin.svg\" data-image-description=\"\" data-image-caption=\"\" data-large-file=\"https:\/\/paulinenaue.info\/wp-content\/uploads\/2019\/11\/Logo_der_Technischen_Universitt_Berlin.svg_-1024x573.png\" class=\"lazyload alignnone wp-image-5113\" src=\"http:\/\/paulinenaue.info\/wp-content\/uploads\/2019\/11\/Logo_der_Technischen_Universitt_Berlin.svg_-300x168.png\" data-orig-src=\"http:\/\/paulinenaue.info\/wp-content\/uploads\/2019\/11\/Logo_der_Technischen_Universitt_Berlin.svg_-300x168.png\" alt=\"\" width=\"100\" height=\"56\" srcset=\"data:image\/svg+xml,%3Csvg%20xmlns%3D%27http%3A%2F%2Fwww.w3.org%2F2000%2Fsvg%27%20width%3D%27100%27%20height%3D%2756%27%20viewBox%3D%270%200%20100%2056%27%3E%3Crect%20width%3D%27100%27%20height%3D%2756%27%20fill-opacity%3D%220%22%2F%3E%3C%2Fsvg%3E\" data-srcset=\"https:\/\/paulinenaue.info\/wp-content\/uploads\/2019\/11\/Logo_der_Technischen_Universitt_Berlin.svg_-300x168.png 300w, https:\/\/paulinenaue.info\/wp-content\/uploads\/2019\/11\/Logo_der_Technischen_Universitt_Berlin.svg_-768x429.png 768w, https:\/\/paulinenaue.info\/wp-content\/uploads\/2019\/11\/Logo_der_Technischen_Universitt_Berlin.svg_-958x536.png 958w, https:\/\/paulinenaue.info\/wp-content\/uploads\/2019\/11\/Logo_der_Technischen_Universitt_Berlin.svg_-1024x573.png 1024w, https:\/\/paulinenaue.info\/wp-content\/uploads\/2019\/11\/Logo_der_Technischen_Universitt_Berlin.svg_.png 1200w\" data-sizes=\"auto\" data-orig-sizes=\"(max-width: 100px) 100vw, 100px\" \/><\/a><\/p>\n\n\t\t<style type=\"text\/css\">\n\t\t\t#gallery-1 {\n\t\t\t\tmargin: auto;\n\t\t\t}\n\t\t\t#gallery-1 .gallery-item {\n\t\t\t\tfloat: left;\n\t\t\t\tmargin-top: 10px;\n\t\t\t\ttext-align: center;\n\t\t\t\twidth: 33%;\n\t\t\t}\n\t\t\t#gallery-1 img {\n\t\t\t\tborder: 2px solid #cfcfcf;\n\t\t\t}\n\t\t\t#gallery-1 .gallery-caption {\n\t\t\t\tmargin-left: 0;\n\t\t\t}\n\t\t\t\/* see gallery_shortcode() in wp-includes\/media.php *\/\n\t\t<\/style>\n\t\t<div data-carousel-extra='{&quot;blog_id&quot;:1,&quot;permalink&quot;:&quot;https:\/\/paulinenaue.info\/index.php\/tu-studierende-im-bahnhof\/&quot;}' id='gallery-1' class='gallery galleryid-5098 gallery-columns-3 gallery-size-thumbnail'><dl class='gallery-item'>\n\t\t\t<dt class='gallery-icon landscape'>\n\t\t\t\t<a data-rel=\"iLightbox[postimages]\" data-title=\"02_Paulinenaue11-11-19\" data-caption=\"Arne Breder f\u00fchrt eine Gruppe Studierender durch den Bahnhof. Bild: Elena Rhode\" href='https:\/\/paulinenaue.info\/index.php\/tu-studierende-im-bahnhof\/02_paulinenaue11-11-19\/'><img decoding=\"async\" width=\"150\" height=\"150\" src=\"https:\/\/paulinenaue.info\/wp-content\/uploads\/2019\/11\/02_Paulinenaue11-11-19-150x150.jpeg\" class=\"attachment-thumbnail size-thumbnail lazyload\" alt=\"\" aria-describedby=\"gallery-1-5100\" srcset=\"data:image\/svg+xml,%3Csvg%20xmlns%3D%27http%3A%2F%2Fwww.w3.org%2F2000%2Fsvg%27%20width%3D%271600%27%20height%3D%271200%27%20viewBox%3D%270%200%201600%201200%27%3E%3Crect%20width%3D%271600%27%20height%3D%271200%27%20fill-opacity%3D%220%22%2F%3E%3C%2Fsvg%3E\" data-orig-src=\"https:\/\/paulinenaue.info\/wp-content\/uploads\/2019\/11\/02_Paulinenaue11-11-19-150x150.jpeg\" data-srcset=\"https:\/\/paulinenaue.info\/wp-content\/uploads\/2019\/11\/02_Paulinenaue11-11-19-100x100.jpeg 100w, https:\/\/paulinenaue.info\/wp-content\/uploads\/2019\/11\/02_Paulinenaue11-11-19-150x150.jpeg 150w, https:\/\/paulinenaue.info\/wp-content\/uploads\/2019\/11\/02_Paulinenaue11-11-19-210x210.jpeg 210w, https:\/\/paulinenaue.info\/wp-content\/uploads\/2019\/11\/02_Paulinenaue11-11-19-400x400.jpeg 400w\" data-sizes=\"auto\" data-attachment-id=\"5100\" data-permalink=\"https:\/\/paulinenaue.info\/index.php\/tu-studierende-im-bahnhof\/02_paulinenaue11-11-19\/\" data-orig-file=\"https:\/\/paulinenaue.info\/wp-content\/uploads\/2019\/11\/02_Paulinenaue11-11-19.jpeg\" data-orig-size=\"1600,1200\" data-comments-opened=\"1\" data-image-meta=\"{&quot;aperture&quot;:&quot;0&quot;,&quot;credit&quot;:&quot;&quot;,&quot;camera&quot;:&quot;&quot;,&quot;caption&quot;:&quot;&quot;,&quot;created_timestamp&quot;:&quot;0&quot;,&quot;copyright&quot;:&quot;&quot;,&quot;focal_length&quot;:&quot;0&quot;,&quot;iso&quot;:&quot;0&quot;,&quot;shutter_speed&quot;:&quot;0&quot;,&quot;title&quot;:&quot;&quot;,&quot;orientation&quot;:&quot;0&quot;}\" data-image-title=\"02_Paulinenaue11-11-19\" data-image-description=\"\" data-image-caption=\"&lt;p&gt;Arne Breder f\u00fchrt eine Gruppe Studierender durch den Bahnhof. Bild: Elena Rhode&lt;\/p&gt;\n\" data-large-file=\"https:\/\/paulinenaue.info\/wp-content\/uploads\/2019\/11\/02_Paulinenaue11-11-19-1024x768.jpeg\" \/><\/a>\n\t\t\t<\/dt>\n\t\t\t\t<dd class='wp-caption-text gallery-caption' id='gallery-1-5100'>\n\t\t\t\tArne Breder f\u00fchrt eine Gruppe Studierender durch den Bahnhof. Bild: Elena Rhode\n\t\t\t\t<\/dd><\/dl><dl class='gallery-item'>\n\t\t\t<dt class='gallery-icon landscape'>\n\t\t\t\t<a data-rel=\"iLightbox[postimages]\" data-title=\"03_Paulinenaue11-11-19\" data-caption=\"Reger Austausch in der Feuerwehr. Bild: Elena Rhode\" href='https:\/\/paulinenaue.info\/index.php\/tu-studierende-im-bahnhof\/03_paulinenaue11-11-19\/'><img decoding=\"async\" width=\"150\" height=\"150\" src=\"https:\/\/paulinenaue.info\/wp-content\/uploads\/2019\/11\/03_Paulinenaue11-11-19-150x150.jpeg\" class=\"attachment-thumbnail size-thumbnail lazyload\" alt=\"\" aria-describedby=\"gallery-1-5101\" srcset=\"data:image\/svg+xml,%3Csvg%20xmlns%3D%27http%3A%2F%2Fwww.w3.org%2F2000%2Fsvg%27%20width%3D%271600%27%20height%3D%271200%27%20viewBox%3D%270%200%201600%201200%27%3E%3Crect%20width%3D%271600%27%20height%3D%271200%27%20fill-opacity%3D%220%22%2F%3E%3C%2Fsvg%3E\" data-orig-src=\"https:\/\/paulinenaue.info\/wp-content\/uploads\/2019\/11\/03_Paulinenaue11-11-19-150x150.jpeg\" data-srcset=\"https:\/\/paulinenaue.info\/wp-content\/uploads\/2019\/11\/03_Paulinenaue11-11-19-100x100.jpeg 100w, https:\/\/paulinenaue.info\/wp-content\/uploads\/2019\/11\/03_Paulinenaue11-11-19-150x150.jpeg 150w, https:\/\/paulinenaue.info\/wp-content\/uploads\/2019\/11\/03_Paulinenaue11-11-19-210x210.jpeg 210w, https:\/\/paulinenaue.info\/wp-content\/uploads\/2019\/11\/03_Paulinenaue11-11-19-400x400.jpeg 400w\" data-sizes=\"auto\" data-attachment-id=\"5101\" data-permalink=\"https:\/\/paulinenaue.info\/index.php\/tu-studierende-im-bahnhof\/03_paulinenaue11-11-19\/\" data-orig-file=\"https:\/\/paulinenaue.info\/wp-content\/uploads\/2019\/11\/03_Paulinenaue11-11-19.jpeg\" data-orig-size=\"1600,1200\" data-comments-opened=\"1\" data-image-meta=\"{&quot;aperture&quot;:&quot;0&quot;,&quot;credit&quot;:&quot;&quot;,&quot;camera&quot;:&quot;&quot;,&quot;caption&quot;:&quot;&quot;,&quot;created_timestamp&quot;:&quot;0&quot;,&quot;copyright&quot;:&quot;&quot;,&quot;focal_length&quot;:&quot;0&quot;,&quot;iso&quot;:&quot;0&quot;,&quot;shutter_speed&quot;:&quot;0&quot;,&quot;title&quot;:&quot;&quot;,&quot;orientation&quot;:&quot;0&quot;}\" data-image-title=\"03_Paulinenaue11-11-19\" data-image-description=\"\" data-image-caption=\"&lt;p&gt;Reger Austausch in der Feuerwehr. Bild: Elena Rhode&lt;\/p&gt;\n\" data-large-file=\"https:\/\/paulinenaue.info\/wp-content\/uploads\/2019\/11\/03_Paulinenaue11-11-19-1024x768.jpeg\" \/><\/a>\n\t\t\t<\/dt>\n\t\t\t\t<dd class='wp-caption-text gallery-caption' id='gallery-1-5101'>\n\t\t\t\tReger Austausch in der Feuerwehr. Bild: Elena Rhode\n\t\t\t\t<\/dd><\/dl>\n\t\t\t<br style='clear: both' \/>\n\t\t<\/div>\n\n","protected":false},"excerpt":{"rendered":"<p>Wie k\u00f6nnen wir den Bahnhof wieder sichtbar machen? Was k\u00f6nnen [&hellip;]<\/p>\n","protected":false},"author":3,"featured_media":5099,"comment_status":"open","ping_status":"open","sticky":false,"template":"","format":"standard","meta":{"_acf_changed":false,"_price":"","_stock":"","_tribe_ticket_header":"","_tribe_default_ticket_provider":"","_tribe_ticket_capacity":"0","_ticket_start_date":"","_ticket_end_date":"","_tribe_ticket_show_description":"","_tribe_ticket_show_not_going":false,"_tribe_ticket_use_global_stock":"","_tribe_ticket_global_stock_level":"","_global_stock_mode":"","_global_stock_cap":"","_tribe_rsvp_for_event":"","_tribe_ticket_going_count":"","_tribe_ticket_not_going_count":"","_tribe_tickets_list":"[]","_tribe_ticket_has_attendee_info_fields":false,"jetpack_post_was_ever_published":false,"_jetpack_newsletter_access":"","_jetpack_dont_email_post_to_subs":false,"_jetpack_newsletter_tier_id":0,"_jetpack_memberships_contains_paywalled_content":false,"_jetpack_memberships_contains_paid_content":false,"footnotes":"","jetpack_publicize_message":"","jetpack_publicize_feature_enabled":true,"jetpack_social_post_already_shared":true,"jetpack_social_options":{"image_generator_settings":{"template":"highway","default_image_id":0,"font":"","enabled":false},"version":2}},"categories":[1,280,40,7,9],"tags":[21,183,328,327,325,324,91,323,322,326,321],"class_list":["post-5098","post","type-post","status-publish","format-standard","has-post-thumbnail","hentry","category-allgemein","category-bahnhof","category-dorfentwicklung","category-historie","category-neuigkeiten","tag-bahnhof","tag-bahnhofsgebaeude","tag-foerdermittel","tag-kli","tag-kolodziej","tag-lag","tag-paulinenaue","tag-studenten","tag-studierende","tag-technische-universitaet-berlin","tag-tu"],"acf":[],"yoast_head":"<!-- This site is optimized with the Yoast SEO plugin v27.5 - https:\/\/yoast.com\/product\/yoast-seo-wordpress\/ -->\n<title>TU-Studierende im Bahnhof - Paulinenaue<\/title>\n<meta name=\"robots\" content=\"index, follow, max-snippet:-1, max-image-preview:large, max-video-preview:-1\" \/>\n<link rel=\"canonical\" href=\"https:\/\/paulinenaue.info\/index.php\/tu-studierende-im-bahnhof\/\" \/>\n<meta property=\"og:locale\" content=\"de_DE\" \/>\n<meta property=\"og:type\" content=\"article\" \/>\n<meta property=\"og:title\" content=\"TU-Studierende im Bahnhof - Paulinenaue\" \/>\n<meta property=\"og:description\" content=\"Wie k\u00f6nnen wir den Bahnhof wieder sichtbar machen? Was k\u00f6nnen [&hellip;]\" \/>\n<meta property=\"og:url\" content=\"https:\/\/paulinenaue.info\/index.php\/tu-studierende-im-bahnhof\/\" \/>\n<meta property=\"og:site_name\" content=\"Paulinenaue\" \/>\n<meta property=\"article:published_time\" content=\"2019-11-13T18:56:47+00:00\" \/>\n<meta property=\"article:modified_time\" content=\"2019-12-05T13:52:35+00:00\" \/>\n<meta property=\"og:image\" content=\"https:\/\/i0.wp.com\/paulinenaue.info\/wp-content\/uploads\/2019\/11\/01_Paulinenaue11-11-19.jpeg?fit=1600%2C1200&ssl=1\" \/>\n\t<meta property=\"og:image:width\" content=\"1600\" \/>\n\t<meta property=\"og:image:height\" content=\"1200\" \/>\n\t<meta property=\"og:image:type\" content=\"image\/jpeg\" \/>\n<meta name=\"author\" content=\"Sarah\" \/>\n<meta name=\"twitter:card\" content=\"summary_large_image\" \/>\n<meta name=\"twitter:label1\" content=\"Verfasst von\" \/>\n\t<meta name=\"twitter:data1\" content=\"Sarah\" \/>\n\t<meta name=\"twitter:label2\" content=\"Gesch\u00e4tzte Lesezeit\" \/>\n\t<meta name=\"twitter:data2\" content=\"3\u00a0Minuten\" \/>\n<script type=\"application\/ld+json\" class=\"yoast-schema-graph\">{\"@context\":\"https:\\\/\\\/schema.org\",\"@graph\":[{\"@type\":\"Article\",\"@id\":\"https:\\\/\\\/paulinenaue.info\\\/index.php\\\/tu-studierende-im-bahnhof\\\/#article\",\"isPartOf\":{\"@id\":\"https:\\\/\\\/paulinenaue.info\\\/index.php\\\/tu-studierende-im-bahnhof\\\/\"},\"author\":{\"name\":\"Sarah\",\"@id\":\"https:\\\/\\\/paulinenaue.info\\\/#\\\/schema\\\/person\\\/e5be566a57b5b3f65d2c65a58c42325e\"},\"headline\":\"TU-Studierende im Bahnhof\",\"datePublished\":\"2019-11-13T18:56:47+00:00\",\"dateModified\":\"2019-12-05T13:52:35+00:00\",\"mainEntityOfPage\":{\"@id\":\"https:\\\/\\\/paulinenaue.info\\\/index.php\\\/tu-studierende-im-bahnhof\\\/\"},\"wordCount\":551,\"commentCount\":0,\"image\":{\"@id\":\"https:\\\/\\\/paulinenaue.info\\\/index.php\\\/tu-studierende-im-bahnhof\\\/#primaryimage\"},\"thumbnailUrl\":\"https:\\\/\\\/paulinenaue.info\\\/wp-content\\\/uploads\\\/2019\\\/11\\\/01_Paulinenaue11-11-19.jpeg\",\"keywords\":[\"Bahnhof\",\"Bahnhofsgeb\u00e4ude\",\"F\u00f6rdermittel\",\"KLI\",\"Kolodziej\",\"LAG\",\"Paulinenaue\",\"Studenten\",\"Studierende\",\"Technische Universit\u00e4t Berlin\",\"TU\"],\"articleSection\":{\"1\":\"Bahnhof\",\"2\":\"Dorfentwicklung\",\"3\":\"Historie\",\"4\":\"Neuigkeiten\"},\"inLanguage\":\"de\",\"potentialAction\":[{\"@type\":\"CommentAction\",\"name\":\"Comment\",\"target\":[\"https:\\\/\\\/paulinenaue.info\\\/index.php\\\/tu-studierende-im-bahnhof\\\/#respond\"]}]},{\"@type\":\"WebPage\",\"@id\":\"https:\\\/\\\/paulinenaue.info\\\/index.php\\\/tu-studierende-im-bahnhof\\\/\",\"url\":\"https:\\\/\\\/paulinenaue.info\\\/index.php\\\/tu-studierende-im-bahnhof\\\/\",\"name\":\"TU-Studierende im Bahnhof - Paulinenaue\",\"isPartOf\":{\"@id\":\"https:\\\/\\\/paulinenaue.info\\\/#website\"},\"primaryImageOfPage\":{\"@id\":\"https:\\\/\\\/paulinenaue.info\\\/index.php\\\/tu-studierende-im-bahnhof\\\/#primaryimage\"},\"image\":{\"@id\":\"https:\\\/\\\/paulinenaue.info\\\/index.php\\\/tu-studierende-im-bahnhof\\\/#primaryimage\"},\"thumbnailUrl\":\"https:\\\/\\\/paulinenaue.info\\\/wp-content\\\/uploads\\\/2019\\\/11\\\/01_Paulinenaue11-11-19.jpeg\",\"datePublished\":\"2019-11-13T18:56:47+00:00\",\"dateModified\":\"2019-12-05T13:52:35+00:00\",\"author\":{\"@id\":\"https:\\\/\\\/paulinenaue.info\\\/#\\\/schema\\\/person\\\/e5be566a57b5b3f65d2c65a58c42325e\"},\"breadcrumb\":{\"@id\":\"https:\\\/\\\/paulinenaue.info\\\/index.php\\\/tu-studierende-im-bahnhof\\\/#breadcrumb\"},\"inLanguage\":\"de\",\"potentialAction\":[{\"@type\":\"ReadAction\",\"target\":[\"https:\\\/\\\/paulinenaue.info\\\/index.php\\\/tu-studierende-im-bahnhof\\\/\"]}]},{\"@type\":\"ImageObject\",\"inLanguage\":\"de\",\"@id\":\"https:\\\/\\\/paulinenaue.info\\\/index.php\\\/tu-studierende-im-bahnhof\\\/#primaryimage\",\"url\":\"https:\\\/\\\/paulinenaue.info\\\/wp-content\\\/uploads\\\/2019\\\/11\\\/01_Paulinenaue11-11-19.jpeg\",\"contentUrl\":\"https:\\\/\\\/paulinenaue.info\\\/wp-content\\\/uploads\\\/2019\\\/11\\\/01_Paulinenaue11-11-19.jpeg\",\"width\":1600,\"height\":1200},{\"@type\":\"BreadcrumbList\",\"@id\":\"https:\\\/\\\/paulinenaue.info\\\/index.php\\\/tu-studierende-im-bahnhof\\\/#breadcrumb\",\"itemListElement\":[{\"@type\":\"ListItem\",\"position\":1,\"name\":\"Home\",\"item\":\"https:\\\/\\\/paulinenaue.info\\\/\"},{\"@type\":\"ListItem\",\"position\":2,\"name\":\"TU-Studierende im Bahnhof\"}]},{\"@type\":\"WebSite\",\"@id\":\"https:\\\/\\\/paulinenaue.info\\\/#website\",\"url\":\"https:\\\/\\\/paulinenaue.info\\\/\",\"name\":\"Paulinenaue\",\"description\":\"Ein Dorf im Havelland\",\"potentialAction\":[{\"@type\":\"SearchAction\",\"target\":{\"@type\":\"EntryPoint\",\"urlTemplate\":\"https:\\\/\\\/paulinenaue.info\\\/?s={search_term_string}\"},\"query-input\":{\"@type\":\"PropertyValueSpecification\",\"valueRequired\":true,\"valueName\":\"search_term_string\"}}],\"inLanguage\":\"de\"},{\"@type\":\"Person\",\"@id\":\"https:\\\/\\\/paulinenaue.info\\\/#\\\/schema\\\/person\\\/e5be566a57b5b3f65d2c65a58c42325e\",\"name\":\"Sarah\",\"url\":\"https:\\\/\\\/paulinenaue.info\\\/index.php\\\/author\\\/sarah\\\/\"}]}<\/script>\n<!-- \/ Yoast SEO plugin. -->","yoast_head_json":{"title":"TU-Studierende im Bahnhof - Paulinenaue","robots":{"index":"index","follow":"follow","max-snippet":"max-snippet:-1","max-image-preview":"max-image-preview:large","max-video-preview":"max-video-preview:-1"},"canonical":"https:\/\/paulinenaue.info\/index.php\/tu-studierende-im-bahnhof\/","og_locale":"de_DE","og_type":"article","og_title":"TU-Studierende im Bahnhof - Paulinenaue","og_description":"Wie k\u00f6nnen wir den Bahnhof wieder sichtbar machen? Was k\u00f6nnen [&hellip;]","og_url":"https:\/\/paulinenaue.info\/index.php\/tu-studierende-im-bahnhof\/","og_site_name":"Paulinenaue","article_published_time":"2019-11-13T18:56:47+00:00","article_modified_time":"2019-12-05T13:52:35+00:00","og_image":[{"width":1600,"height":1200,"url":"https:\/\/i0.wp.com\/paulinenaue.info\/wp-content\/uploads\/2019\/11\/01_Paulinenaue11-11-19.jpeg?fit=1600%2C1200&ssl=1","type":"image\/jpeg"}],"author":"Sarah","twitter_card":"summary_large_image","twitter_misc":{"Verfasst von":"Sarah","Gesch\u00e4tzte Lesezeit":"3\u00a0Minuten"},"schema":{"@context":"https:\/\/schema.org","@graph":[{"@type":"Article","@id":"https:\/\/paulinenaue.info\/index.php\/tu-studierende-im-bahnhof\/#article","isPartOf":{"@id":"https:\/\/paulinenaue.info\/index.php\/tu-studierende-im-bahnhof\/"},"author":{"name":"Sarah","@id":"https:\/\/paulinenaue.info\/#\/schema\/person\/e5be566a57b5b3f65d2c65a58c42325e"},"headline":"TU-Studierende im Bahnhof","datePublished":"2019-11-13T18:56:47+00:00","dateModified":"2019-12-05T13:52:35+00:00","mainEntityOfPage":{"@id":"https:\/\/paulinenaue.info\/index.php\/tu-studierende-im-bahnhof\/"},"wordCount":551,"commentCount":0,"image":{"@id":"https:\/\/paulinenaue.info\/index.php\/tu-studierende-im-bahnhof\/#primaryimage"},"thumbnailUrl":"https:\/\/paulinenaue.info\/wp-content\/uploads\/2019\/11\/01_Paulinenaue11-11-19.jpeg","keywords":["Bahnhof","Bahnhofsgeb\u00e4ude","F\u00f6rdermittel","KLI","Kolodziej","LAG","Paulinenaue","Studenten","Studierende","Technische Universit\u00e4t Berlin","TU"],"articleSection":{"1":"Bahnhof","2":"Dorfentwicklung","3":"Historie","4":"Neuigkeiten"},"inLanguage":"de","potentialAction":[{"@type":"CommentAction","name":"Comment","target":["https:\/\/paulinenaue.info\/index.php\/tu-studierende-im-bahnhof\/#respond"]}]},{"@type":"WebPage","@id":"https:\/\/paulinenaue.info\/index.php\/tu-studierende-im-bahnhof\/","url":"https:\/\/paulinenaue.info\/index.php\/tu-studierende-im-bahnhof\/","name":"TU-Studierende im Bahnhof - Paulinenaue","isPartOf":{"@id":"https:\/\/paulinenaue.info\/#website"},"primaryImageOfPage":{"@id":"https:\/\/paulinenaue.info\/index.php\/tu-studierende-im-bahnhof\/#primaryimage"},"image":{"@id":"https:\/\/paulinenaue.info\/index.php\/tu-studierende-im-bahnhof\/#primaryimage"},"thumbnailUrl":"https:\/\/paulinenaue.info\/wp-content\/uploads\/2019\/11\/01_Paulinenaue11-11-19.jpeg","datePublished":"2019-11-13T18:56:47+00:00","dateModified":"2019-12-05T13:52:35+00:00","author":{"@id":"https:\/\/paulinenaue.info\/#\/schema\/person\/e5be566a57b5b3f65d2c65a58c42325e"},"breadcrumb":{"@id":"https:\/\/paulinenaue.info\/index.php\/tu-studierende-im-bahnhof\/#breadcrumb"},"inLanguage":"de","potentialAction":[{"@type":"ReadAction","target":["https:\/\/paulinenaue.info\/index.php\/tu-studierende-im-bahnhof\/"]}]},{"@type":"ImageObject","inLanguage":"de","@id":"https:\/\/paulinenaue.info\/index.php\/tu-studierende-im-bahnhof\/#primaryimage","url":"https:\/\/paulinenaue.info\/wp-content\/uploads\/2019\/11\/01_Paulinenaue11-11-19.jpeg","contentUrl":"https:\/\/paulinenaue.info\/wp-content\/uploads\/2019\/11\/01_Paulinenaue11-11-19.jpeg","width":1600,"height":1200},{"@type":"BreadcrumbList","@id":"https:\/\/paulinenaue.info\/index.php\/tu-studierende-im-bahnhof\/#breadcrumb","itemListElement":[{"@type":"ListItem","position":1,"name":"Home","item":"https:\/\/paulinenaue.info\/"},{"@type":"ListItem","position":2,"name":"TU-Studierende im Bahnhof"}]},{"@type":"WebSite","@id":"https:\/\/paulinenaue.info\/#website","url":"https:\/\/paulinenaue.info\/","name":"Paulinenaue","description":"Ein Dorf im Havelland","potentialAction":[{"@type":"SearchAction","target":{"@type":"EntryPoint","urlTemplate":"https:\/\/paulinenaue.info\/?s={search_term_string}"},"query-input":{"@type":"PropertyValueSpecification","valueRequired":true,"valueName":"search_term_string"}}],"inLanguage":"de"},{"@type":"Person","@id":"https:\/\/paulinenaue.info\/#\/schema\/person\/e5be566a57b5b3f65d2c65a58c42325e","name":"Sarah","url":"https:\/\/paulinenaue.info\/index.php\/author\/sarah\/"}]}},"jetpack_publicize_connections":[],"jetpack_featured_media_url":"https:\/\/paulinenaue.info\/wp-content\/uploads\/2019\/11\/01_Paulinenaue11-11-19.jpeg","jetpack_sharing_enabled":true,"jetpack_shortlink":"https:\/\/wp.me\/pcYhWA-1ke","jetpack-related-posts":[{"id":2503,"url":"https:\/\/paulinenaue.info\/index.php\/tu-denkmalpfleger-zu-besuch-im-bahnhofsgebaeude\/","url_meta":{"origin":5098,"position":0},"title":"TU-Denkmalpfleger zu Besuch im Bahnhofsgeb\u00e4ude","author":"Joachim Scholz","date":"6. Dezember 2018","format":false,"excerpt":"Am Nikolaustag besuchte ein Seminar der Technischen Universit\u00e4t Berlin Paulinenaue, um das Bahnhofsgeb\u00e4ude zu besichtigen. Kurz vor Einbruch der Dunkelheit kam die Gruppe aus elf Studierenden und den beiden Dozentinnen Frauke Michler und Kirsten Krempelin in Paulinenaue an. Zuvor hatten sie schon in Neustadt\/Dosse und in Friesack Gespr\u00e4che gef\u00fchrt. Das\u2026","rel":"","context":"In &quot;Allgemein&quot;","block_context":{"text":"Allgemein","link":"https:\/\/paulinenaue.info\/index.php\/category\/allgemein\/"},"img":{"alt_text":"","src":"https:\/\/i0.wp.com\/paulinenaue.info\/wp-content\/uploads\/2018\/12\/2018-12-06-Seminar-TU-Berlin.jpg?resize=350%2C200&ssl=1","width":350,"height":200,"srcset":"https:\/\/i0.wp.com\/paulinenaue.info\/wp-content\/uploads\/2018\/12\/2018-12-06-Seminar-TU-Berlin.jpg?resize=350%2C200&ssl=1 1x, https:\/\/i0.wp.com\/paulinenaue.info\/wp-content\/uploads\/2018\/12\/2018-12-06-Seminar-TU-Berlin.jpg?resize=525%2C300&ssl=1 1.5x, https:\/\/i0.wp.com\/paulinenaue.info\/wp-content\/uploads\/2018\/12\/2018-12-06-Seminar-TU-Berlin.jpg?resize=700%2C400&ssl=1 2x"},"classes":[]},{"id":5006,"url":"https:\/\/paulinenaue.info\/index.php\/bahnhof-unter-strom-am-tag-des-offenen-denkmals\/","url_meta":{"origin":5098,"position":1},"title":"Bahnhof unter Strom am Tag des offenen Denkmals","author":"Joachim Scholz","date":"9. September 2019","format":false,"excerpt":"Wieder einmal lockte der \u201eTag des offenen Denkmals\u201c am ersten Septemberwochenende viele Schaulustige nach Paulinenaue. Der Kulturverein hatte daf\u00fcr gesorgt, dass das Bahnhofsgeb\u00e4ude an diesem Tag ge\u00f6ffnet wurde. Die beiden F\u00fchrungen durch das 1847 errichtete und 1883 erweiterte imposante Geb\u00e4ude besuchten ca. 60 Personen. Etwas Besonderes war die in Teilen\u2026","rel":"","context":"In &quot;Bahnhof&quot;","block_context":{"text":"Bahnhof","link":"https:\/\/paulinenaue.info\/index.php\/category\/bahnhof\/"},"img":{"alt_text":"","src":"https:\/\/i0.wp.com\/paulinenaue.info\/wp-content\/uploads\/2019\/09\/DSC05546.jpg?resize=350%2C200&ssl=1","width":350,"height":200,"srcset":"https:\/\/i0.wp.com\/paulinenaue.info\/wp-content\/uploads\/2019\/09\/DSC05546.jpg?resize=350%2C200&ssl=1 1x, https:\/\/i0.wp.com\/paulinenaue.info\/wp-content\/uploads\/2019\/09\/DSC05546.jpg?resize=525%2C300&ssl=1 1.5x, https:\/\/i0.wp.com\/paulinenaue.info\/wp-content\/uploads\/2019\/09\/DSC05546.jpg?resize=700%2C400&ssl=1 2x"},"classes":[]},{"id":5116,"url":"https:\/\/paulinenaue.info\/index.php\/unterstand-am-bahnhof-wieder-zugaenglich\/","url_meta":{"origin":5098,"position":2},"title":"Unterstand am Bahnhof wieder zug\u00e4nglich","author":"Christian Gnewikow","date":"16. November 2019","format":false,"excerpt":"Insbesondere die Pendler unter uns konnten schon ein Lied davon singen: regelm\u00e4\u00dfig mussten sie die Wartezeiten bei Regen ohne Unterstellm\u00f6glichkeit verbringen. Denn das \"Warteh\u00e4uschen\" auf dem Bahnsteig bietet im besten Fall zwei bis drei Personen Platz. In der vergangenen Woche wurde der Bauzaun um einige Meter nach hinten verr\u00fcckt und\u2026","rel":"","context":"In &quot;Allgemein&quot;","block_context":{"text":"Allgemein","link":"https:\/\/paulinenaue.info\/index.php\/category\/allgemein\/"},"img":{"alt_text":"","src":"https:\/\/i0.wp.com\/paulinenaue.info\/wp-content\/uploads\/2019\/11\/IMG_0763-scaled.jpg?resize=350%2C200&ssl=1","width":350,"height":200,"srcset":"https:\/\/i0.wp.com\/paulinenaue.info\/wp-content\/uploads\/2019\/11\/IMG_0763-scaled.jpg?resize=350%2C200&ssl=1 1x, https:\/\/i0.wp.com\/paulinenaue.info\/wp-content\/uploads\/2019\/11\/IMG_0763-scaled.jpg?resize=525%2C300&ssl=1 1.5x, https:\/\/i0.wp.com\/paulinenaue.info\/wp-content\/uploads\/2019\/11\/IMG_0763-scaled.jpg?resize=700%2C400&ssl=1 2x, https:\/\/i0.wp.com\/paulinenaue.info\/wp-content\/uploads\/2019\/11\/IMG_0763-scaled.jpg?resize=1050%2C600&ssl=1 3x, https:\/\/i0.wp.com\/paulinenaue.info\/wp-content\/uploads\/2019\/11\/IMG_0763-scaled.jpg?resize=1400%2C800&ssl=1 4x"},"classes":[]},{"id":1400,"url":"https:\/\/paulinenaue.info\/index.php\/160-jahre-paulinenauer-bahnhofsgebaeude-2007\/","url_meta":{"origin":5098,"position":3},"title":"160 Jahre Paulinenauer Bahnhofsgeb\u00e4ude 2007","author":"Sarah","date":"13. September 2017","format":false,"excerpt":"17.02.2008 Zukunft f\u00fcr das Bahnhofsgeb\u00e4ude Joachim Scholz Paulinenaue besitzt neben dem Herrenhaus nur ein kulturbedeutsames Geb\u00e4ude: seinen klassizistischen Bahnhof. Er hat das Aufbl\u00fchen des Dorfes im 19. Jahrhundert gew\u00e4hrleistet, ihm verdankt Paulinenaue, dass es sich \u00fcberhaupt von seinen einstigen Schwestern Bienenfarm und Lindholzfarm unterscheidet. Ein Teil des Bahnhofs bildet heute\u2026","rel":"","context":"In &quot;Allgemein&quot;","block_context":{"text":"Allgemein","link":"https:\/\/paulinenaue.info\/index.php\/category\/allgemein\/"},"img":{"alt_text":"","src":"https:\/\/i0.wp.com\/paulinenaue.info\/wp-content\/uploads\/2017\/09\/Bhf-Paulinenaue-Ansicht-von-der-Perronseite.jpg?resize=350%2C200&ssl=1","width":350,"height":200,"srcset":"https:\/\/i0.wp.com\/paulinenaue.info\/wp-content\/uploads\/2017\/09\/Bhf-Paulinenaue-Ansicht-von-der-Perronseite.jpg?resize=350%2C200&ssl=1 1x, https:\/\/i0.wp.com\/paulinenaue.info\/wp-content\/uploads\/2017\/09\/Bhf-Paulinenaue-Ansicht-von-der-Perronseite.jpg?resize=525%2C300&ssl=1 1.5x, https:\/\/i0.wp.com\/paulinenaue.info\/wp-content\/uploads\/2017\/09\/Bhf-Paulinenaue-Ansicht-von-der-Perronseite.jpg?resize=700%2C400&ssl=1 2x"},"classes":[]},{"id":5209,"url":"https:\/\/paulinenaue.info\/index.php\/es-werde-licht\/","url_meta":{"origin":5098,"position":4},"title":"Es werde Licht","author":"Sarah","date":"23. Januar 2020","format":false,"excerpt":"Wer zu fr\u00fcher oder sp\u00e4ter Stunde am Bahnhof entlang kommt, wird diesen nicht mehr so leicht \u00fcbersehen. Die historischen Lampen am Bahnhofsgeb\u00e4ude wurden durch die Firma G\u00f6bel aus Pessin im Auftrag der Gemeinde wieder funktionst\u00fcchtig angeschlossen. In der letzten Gemeindevertretersitzung hatten die Studierenden der TU Berlin nochmals die Ergebnisse ihres\u2026","rel":"","context":"In &quot;Allgemein&quot;","block_context":{"text":"Allgemein","link":"https:\/\/paulinenaue.info\/index.php\/category\/allgemein\/"},"img":{"alt_text":"","src":"https:\/\/i0.wp.com\/paulinenaue.info\/wp-content\/uploads\/2020\/01\/IMG-20200123-WA0000.jpg?resize=350%2C200&ssl=1","width":350,"height":200,"srcset":"https:\/\/i0.wp.com\/paulinenaue.info\/wp-content\/uploads\/2020\/01\/IMG-20200123-WA0000.jpg?resize=350%2C200&ssl=1 1x, https:\/\/i0.wp.com\/paulinenaue.info\/wp-content\/uploads\/2020\/01\/IMG-20200123-WA0000.jpg?resize=525%2C300&ssl=1 1.5x, https:\/\/i0.wp.com\/paulinenaue.info\/wp-content\/uploads\/2020\/01\/IMG-20200123-WA0000.jpg?resize=700%2C400&ssl=1 2x, https:\/\/i0.wp.com\/paulinenaue.info\/wp-content\/uploads\/2020\/01\/IMG-20200123-WA0000.jpg?resize=1050%2C600&ssl=1 3x, https:\/\/i0.wp.com\/paulinenaue.info\/wp-content\/uploads\/2020\/01\/IMG-20200123-WA0000.jpg?resize=1400%2C800&ssl=1 4x"},"classes":[]},{"id":5362,"url":"https:\/\/paulinenaue.info\/index.php\/einsatz-im-bahnhof\/","url_meta":{"origin":5098,"position":5},"title":"Einsatz im Bahnhof","author":"Joachim Scholz","date":"11. Juni 2020","format":false,"excerpt":"Im letzten Jahr konnte durch Mittel aus dem Programm \u201eKleine lokale Initiativen\u201c, die der Kulturverein eingeworben hatte, die Durchgangshalle des Bahnhofsgeb\u00e4udes wieder zug\u00e4nglich gemacht werden. Die Treppe wurde wieder hergerichtet, Strom verlegt und die maroden T\u00fcren erhielten eine neue Verglasung. Auch vom Interesse und den kleinen Interventionen eines Seminars aus\u2026","rel":"","context":"In &quot;Allgemein&quot;","block_context":{"text":"Allgemein","link":"https:\/\/paulinenaue.info\/index.php\/category\/allgemein\/"},"img":{"alt_text":"","src":"https:\/\/i0.wp.com\/paulinenaue.info\/wp-content\/uploads\/2020\/06\/DSC09760.jpg?resize=350%2C200&ssl=1","width":350,"height":200,"srcset":"https:\/\/i0.wp.com\/paulinenaue.info\/wp-content\/uploads\/2020\/06\/DSC09760.jpg?resize=350%2C200&ssl=1 1x, https:\/\/i0.wp.com\/paulinenaue.info\/wp-content\/uploads\/2020\/06\/DSC09760.jpg?resize=525%2C300&ssl=1 1.5x, https:\/\/i0.wp.com\/paulinenaue.info\/wp-content\/uploads\/2020\/06\/DSC09760.jpg?resize=700%2C400&ssl=1 2x, https:\/\/i0.wp.com\/paulinenaue.info\/wp-content\/uploads\/2020\/06\/DSC09760.jpg?resize=1050%2C600&ssl=1 3x, https:\/\/i0.wp.com\/paulinenaue.info\/wp-content\/uploads\/2020\/06\/DSC09760.jpg?resize=1400%2C800&ssl=1 4x"},"classes":[]}],"_links":{"self":[{"href":"https:\/\/paulinenaue.info\/index.php\/wp-json\/wp\/v2\/posts\/5098","targetHints":{"allow":["GET"]}}],"collection":[{"href":"https:\/\/paulinenaue.info\/index.php\/wp-json\/wp\/v2\/posts"}],"about":[{"href":"https:\/\/paulinenaue.info\/index.php\/wp-json\/wp\/v2\/types\/post"}],"author":[{"embeddable":true,"href":"https:\/\/paulinenaue.info\/index.php\/wp-json\/wp\/v2\/users\/3"}],"replies":[{"embeddable":true,"href":"https:\/\/paulinenaue.info\/index.php\/wp-json\/wp\/v2\/comments?post=5098"}],"version-history":[{"count":5,"href":"https:\/\/paulinenaue.info\/index.php\/wp-json\/wp\/v2\/posts\/5098\/revisions"}],"predecessor-version":[{"id":5195,"href":"https:\/\/paulinenaue.info\/index.php\/wp-json\/wp\/v2\/posts\/5098\/revisions\/5195"}],"wp:featuredmedia":[{"embeddable":true,"href":"https:\/\/paulinenaue.info\/index.php\/wp-json\/wp\/v2\/media\/5099"}],"wp:attachment":[{"href":"https:\/\/paulinenaue.info\/index.php\/wp-json\/wp\/v2\/media?parent=5098"}],"wp:term":[{"taxonomy":"category","embeddable":true,"href":"https:\/\/paulinenaue.info\/index.php\/wp-json\/wp\/v2\/categories?post=5098"},{"taxonomy":"post_tag","embeddable":true,"href":"https:\/\/paulinenaue.info\/index.php\/wp-json\/wp\/v2\/tags?post=5098"}],"curies":[{"name":"wp","href":"https:\/\/api.w.org\/{rel}","templated":true}]}}