{"id":5116,"date":"2019-11-16T22:41:10","date_gmt":"2019-11-16T21:41:10","guid":{"rendered":"http:\/\/paulinenaue.info\/?p=5116"},"modified":"2019-11-16T22:44:40","modified_gmt":"2019-11-16T21:44:40","slug":"unterstand-am-bahnhof-wieder-zugaenglich","status":"publish","type":"post","link":"https:\/\/paulinenaue.info\/index.php\/unterstand-am-bahnhof-wieder-zugaenglich\/","title":{"rendered":"Unterstand am Bahnhof wieder zug\u00e4nglich"},"content":{"rendered":"<p>Insbesondere die Pendler unter uns konnten schon ein Lied davon singen: regelm\u00e4\u00dfig mussten sie die Wartezeiten bei Regen ohne Unterstellm\u00f6glichkeit verbringen. Denn das &#8222;Warteh\u00e4uschen&#8220; auf dem Bahnsteig bietet im besten Fall zwei bis drei Personen Platz.<\/p>\n<p>In der vergangenen Woche wurde der Bauzaun um einige Meter nach hinten verr\u00fcckt und dadurch ist nun auch der gleisseitige \u00fcberdachte Bereich des Bahnhofsgeb\u00e4udes wieder zug\u00e4nglich.<\/p>\n<p>Nachdem wir erst wenige Tage zuvor mit Studierenden der TU Berlin dar\u00fcber diskutiert haben, wie dieses ehrw\u00fcrdige Geb\u00e4ude wieder etwas mehr ins Bewusstsein der Paulinenauer ger\u00fcckt werden kann, denke ich ist mit dieser Ma\u00dfnahme ein erster, wenn auch kleiner Schritt in diese Richtung getan.<\/p>\n<p>Wer au\u00dferdem noch Ideen, W\u00fcnsche oder Anregungen hat, die er in diesem Prozess gerne einbringen m\u00f6chte, der sei hiermit noch einmal ganz herzlich eingeladen zum diesj\u00e4hrigen Weihnachtsmarkt am 30.11. an der Kirche. Die Studiengruppe wird dort mit einem Stand vertreten sein, um mit Paulinenauern ins Gespr\u00e4ch zu kommen und ihre Sicht auf den Bahnhof zu erfahren.<\/p>\n<p style=\"text-align: center;\"><a href=\"http:\/\/paulinenaue.info\/wp-content\/uploads\/2019\/11\/TU-Flyer-1.png\"><img decoding=\"async\" width=\"213\" height=\"300\" data-attachment-id=\"5107\" data-permalink=\"https:\/\/paulinenaue.info\/?attachment_id=5107\" data-orig-file=\"https:\/\/paulinenaue.info\/wp-content\/uploads\/2019\/11\/TU-Flyer-1.png\" data-orig-size=\"992,1398\" data-comments-opened=\"1\" data-image-meta=\"{&quot;aperture&quot;:&quot;0&quot;,&quot;credit&quot;:&quot;&quot;,&quot;camera&quot;:&quot;&quot;,&quot;caption&quot;:&quot;&quot;,&quot;created_timestamp&quot;:&quot;0&quot;,&quot;copyright&quot;:&quot;&quot;,&quot;focal_length&quot;:&quot;0&quot;,&quot;iso&quot;:&quot;0&quot;,&quot;shutter_speed&quot;:&quot;0&quot;,&quot;title&quot;:&quot;&quot;,&quot;orientation&quot;:&quot;0&quot;}\" data-image-title=\"TU Flyer 1\" data-image-description=\"\" data-image-caption=\"\" data-large-file=\"https:\/\/paulinenaue.info\/wp-content\/uploads\/2019\/11\/TU-Flyer-1-727x1024.png\" class=\"lazyload alignnone size-medium wp-image-5107\" src=\"http:\/\/paulinenaue.info\/wp-content\/uploads\/2019\/11\/TU-Flyer-1-213x300.png\" data-orig-src=\"http:\/\/paulinenaue.info\/wp-content\/uploads\/2019\/11\/TU-Flyer-1-213x300.png\" alt=\"\" srcset=\"data:image\/svg+xml,%3Csvg%20xmlns%3D%27http%3A%2F%2Fwww.w3.org%2F2000%2Fsvg%27%20width%3D%27213%27%20height%3D%27300%27%20viewBox%3D%270%200%20213%20300%27%3E%3Crect%20width%3D%27213%27%20height%3D%27300%27%20fill-opacity%3D%220%22%2F%3E%3C%2Fsvg%3E\" data-srcset=\"https:\/\/paulinenaue.info\/wp-content\/uploads\/2019\/11\/TU-Flyer-1-213x300.png 213w, https:\/\/paulinenaue.info\/wp-content\/uploads\/2019\/11\/TU-Flyer-1-727x1024.png 727w, https:\/\/paulinenaue.info\/wp-content\/uploads\/2019\/11\/TU-Flyer-1-768x1082.png 768w, https:\/\/paulinenaue.info\/wp-content\/uploads\/2019\/11\/TU-Flyer-1-958x1350.png 958w, https:\/\/paulinenaue.info\/wp-content\/uploads\/2019\/11\/TU-Flyer-1.png 992w\" data-sizes=\"auto\" data-orig-sizes=\"(max-width: 213px) 100vw, 213px\" \/><\/a> \u00a0 \u00a0 \u00a0 <a href=\"http:\/\/paulinenaue.info\/wp-content\/uploads\/2019\/11\/TU-Flyer-2.png\"><img decoding=\"async\" width=\"213\" height=\"300\" data-attachment-id=\"5108\" data-permalink=\"https:\/\/paulinenaue.info\/?attachment_id=5108\" data-orig-file=\"https:\/\/paulinenaue.info\/wp-content\/uploads\/2019\/11\/TU-Flyer-2.png\" data-orig-size=\"992,1398\" data-comments-opened=\"1\" data-image-meta=\"{&quot;aperture&quot;:&quot;0&quot;,&quot;credit&quot;:&quot;&quot;,&quot;camera&quot;:&quot;&quot;,&quot;caption&quot;:&quot;&quot;,&quot;created_timestamp&quot;:&quot;0&quot;,&quot;copyright&quot;:&quot;&quot;,&quot;focal_length&quot;:&quot;0&quot;,&quot;iso&quot;:&quot;0&quot;,&quot;shutter_speed&quot;:&quot;0&quot;,&quot;title&quot;:&quot;&quot;,&quot;orientation&quot;:&quot;0&quot;}\" data-image-title=\"TU Flyer 2\" data-image-description=\"\" data-image-caption=\"\" data-large-file=\"https:\/\/paulinenaue.info\/wp-content\/uploads\/2019\/11\/TU-Flyer-2-727x1024.png\" class=\"lazyload alignnone size-medium wp-image-5108\" src=\"http:\/\/paulinenaue.info\/wp-content\/uploads\/2019\/11\/TU-Flyer-2-213x300.png\" data-orig-src=\"http:\/\/paulinenaue.info\/wp-content\/uploads\/2019\/11\/TU-Flyer-2-213x300.png\" alt=\"\" srcset=\"data:image\/svg+xml,%3Csvg%20xmlns%3D%27http%3A%2F%2Fwww.w3.org%2F2000%2Fsvg%27%20width%3D%27213%27%20height%3D%27300%27%20viewBox%3D%270%200%20213%20300%27%3E%3Crect%20width%3D%27213%27%20height%3D%27300%27%20fill-opacity%3D%220%22%2F%3E%3C%2Fsvg%3E\" data-srcset=\"https:\/\/paulinenaue.info\/wp-content\/uploads\/2019\/11\/TU-Flyer-2-213x300.png 213w, https:\/\/paulinenaue.info\/wp-content\/uploads\/2019\/11\/TU-Flyer-2-727x1024.png 727w, https:\/\/paulinenaue.info\/wp-content\/uploads\/2019\/11\/TU-Flyer-2-768x1082.png 768w, https:\/\/paulinenaue.info\/wp-content\/uploads\/2019\/11\/TU-Flyer-2-958x1350.png 958w, https:\/\/paulinenaue.info\/wp-content\/uploads\/2019\/11\/TU-Flyer-2.png 992w\" data-sizes=\"auto\" data-orig-sizes=\"(max-width: 213px) 100vw, 213px\" \/><\/a><\/p>\n<p>&nbsp;<\/p>\n","protected":false},"excerpt":{"rendered":"<p>Insbesondere die Pendler unter uns konnten schon ein Lied davon [&hellip;]<\/p>\n","protected":false},"author":10,"featured_media":5117,"comment_status":"open","ping_status":"open","sticky":false,"template":"","format":"standard","meta":{"_acf_changed":false,"_price":"","_stock":"","_tribe_ticket_header":"","_tribe_default_ticket_provider":"","_tribe_ticket_capacity":"0","_ticket_start_date":"","_ticket_end_date":"","_tribe_ticket_show_description":"","_tribe_ticket_show_not_going":false,"_tribe_ticket_use_global_stock":"","_tribe_ticket_global_stock_level":"","_global_stock_mode":"","_global_stock_cap":"","_tribe_rsvp_for_event":"","_tribe_ticket_going_count":"","_tribe_ticket_not_going_count":"","_tribe_tickets_list":"[]","_tribe_ticket_has_attendee_info_fields":false,"jetpack_post_was_ever_published":false,"_jetpack_newsletter_access":"","_jetpack_dont_email_post_to_subs":false,"_jetpack_newsletter_tier_id":0,"_jetpack_memberships_contains_paywalled_content":false,"_jetpack_memberships_contains_paid_content":false,"footnotes":"","jetpack_publicize_message":"","jetpack_publicize_feature_enabled":true,"jetpack_social_post_already_shared":true,"jetpack_social_options":{"image_generator_settings":{"template":"highway","default_image_id":0,"font":"","enabled":false},"version":2}},"categories":[1,280,40,9],"tags":[],"class_list":["post-5116","post","type-post","status-publish","format-standard","has-post-thumbnail","hentry","category-allgemein","category-bahnhof","category-dorfentwicklung","category-neuigkeiten"],"acf":[],"yoast_head":"<!-- This site is optimized with the Yoast SEO plugin v27.5 - https:\/\/yoast.com\/product\/yoast-seo-wordpress\/ -->\n<title>Unterstand am Bahnhof wieder zug\u00e4nglich - Paulinenaue<\/title>\n<meta name=\"robots\" content=\"index, follow, max-snippet:-1, max-image-preview:large, max-video-preview:-1\" \/>\n<link rel=\"canonical\" href=\"https:\/\/paulinenaue.info\/index.php\/unterstand-am-bahnhof-wieder-zugaenglich\/\" \/>\n<meta property=\"og:locale\" content=\"de_DE\" \/>\n<meta property=\"og:type\" content=\"article\" \/>\n<meta property=\"og:title\" content=\"Unterstand am Bahnhof wieder zug\u00e4nglich - Paulinenaue\" \/>\n<meta property=\"og:description\" content=\"Insbesondere die Pendler unter uns konnten schon ein Lied davon [&hellip;]\" \/>\n<meta property=\"og:url\" content=\"https:\/\/paulinenaue.info\/index.php\/unterstand-am-bahnhof-wieder-zugaenglich\/\" \/>\n<meta property=\"og:site_name\" content=\"Paulinenaue\" \/>\n<meta property=\"article:published_time\" content=\"2019-11-16T21:41:10+00:00\" \/>\n<meta property=\"article:modified_time\" content=\"2019-11-16T21:44:40+00:00\" \/>\n<meta property=\"og:image\" content=\"https:\/\/i2.wp.com\/paulinenaue.info\/wp-content\/uploads\/2019\/11\/IMG_0763-scaled.jpg?fit=2560%2C1920&ssl=1\" \/>\n\t<meta property=\"og:image:width\" content=\"2560\" \/>\n\t<meta property=\"og:image:height\" content=\"1920\" \/>\n\t<meta property=\"og:image:type\" content=\"image\/jpeg\" \/>\n<meta name=\"author\" content=\"Christian Gnewikow\" \/>\n<meta name=\"twitter:card\" content=\"summary_large_image\" \/>\n<meta name=\"twitter:label1\" content=\"Verfasst von\" \/>\n\t<meta name=\"twitter:data1\" content=\"Christian Gnewikow\" \/>\n\t<meta name=\"twitter:label2\" content=\"Gesch\u00e4tzte Lesezeit\" \/>\n\t<meta name=\"twitter:data2\" content=\"1\u00a0Minute\" \/>\n<script type=\"application\/ld+json\" class=\"yoast-schema-graph\">{\"@context\":\"https:\\\/\\\/schema.org\",\"@graph\":[{\"@type\":\"Article\",\"@id\":\"https:\\\/\\\/paulinenaue.info\\\/index.php\\\/unterstand-am-bahnhof-wieder-zugaenglich\\\/#article\",\"isPartOf\":{\"@id\":\"https:\\\/\\\/paulinenaue.info\\\/index.php\\\/unterstand-am-bahnhof-wieder-zugaenglich\\\/\"},\"author\":{\"name\":\"Christian Gnewikow\",\"@id\":\"https:\\\/\\\/paulinenaue.info\\\/#\\\/schema\\\/person\\\/aca8d11f85faf4f9071e05c0c7e82e7e\"},\"headline\":\"Unterstand am Bahnhof wieder zug\u00e4nglich\",\"datePublished\":\"2019-11-16T21:41:10+00:00\",\"dateModified\":\"2019-11-16T21:44:40+00:00\",\"mainEntityOfPage\":{\"@id\":\"https:\\\/\\\/paulinenaue.info\\\/index.php\\\/unterstand-am-bahnhof-wieder-zugaenglich\\\/\"},\"wordCount\":184,\"commentCount\":0,\"image\":{\"@id\":\"https:\\\/\\\/paulinenaue.info\\\/index.php\\\/unterstand-am-bahnhof-wieder-zugaenglich\\\/#primaryimage\"},\"thumbnailUrl\":\"https:\\\/\\\/paulinenaue.info\\\/wp-content\\\/uploads\\\/2019\\\/11\\\/IMG_0763-scaled.jpg\",\"articleSection\":{\"1\":\"Bahnhof\",\"2\":\"Dorfentwicklung\",\"3\":\"Neuigkeiten\"},\"inLanguage\":\"de\",\"potentialAction\":[{\"@type\":\"CommentAction\",\"name\":\"Comment\",\"target\":[\"https:\\\/\\\/paulinenaue.info\\\/index.php\\\/unterstand-am-bahnhof-wieder-zugaenglich\\\/#respond\"]}]},{\"@type\":\"WebPage\",\"@id\":\"https:\\\/\\\/paulinenaue.info\\\/index.php\\\/unterstand-am-bahnhof-wieder-zugaenglich\\\/\",\"url\":\"https:\\\/\\\/paulinenaue.info\\\/index.php\\\/unterstand-am-bahnhof-wieder-zugaenglich\\\/\",\"name\":\"Unterstand am Bahnhof wieder zug\u00e4nglich - Paulinenaue\",\"isPartOf\":{\"@id\":\"https:\\\/\\\/paulinenaue.info\\\/#website\"},\"primaryImageOfPage\":{\"@id\":\"https:\\\/\\\/paulinenaue.info\\\/index.php\\\/unterstand-am-bahnhof-wieder-zugaenglich\\\/#primaryimage\"},\"image\":{\"@id\":\"https:\\\/\\\/paulinenaue.info\\\/index.php\\\/unterstand-am-bahnhof-wieder-zugaenglich\\\/#primaryimage\"},\"thumbnailUrl\":\"https:\\\/\\\/paulinenaue.info\\\/wp-content\\\/uploads\\\/2019\\\/11\\\/IMG_0763-scaled.jpg\",\"datePublished\":\"2019-11-16T21:41:10+00:00\",\"dateModified\":\"2019-11-16T21:44:40+00:00\",\"author\":{\"@id\":\"https:\\\/\\\/paulinenaue.info\\\/#\\\/schema\\\/person\\\/aca8d11f85faf4f9071e05c0c7e82e7e\"},\"breadcrumb\":{\"@id\":\"https:\\\/\\\/paulinenaue.info\\\/index.php\\\/unterstand-am-bahnhof-wieder-zugaenglich\\\/#breadcrumb\"},\"inLanguage\":\"de\",\"potentialAction\":[{\"@type\":\"ReadAction\",\"target\":[\"https:\\\/\\\/paulinenaue.info\\\/index.php\\\/unterstand-am-bahnhof-wieder-zugaenglich\\\/\"]}]},{\"@type\":\"ImageObject\",\"inLanguage\":\"de\",\"@id\":\"https:\\\/\\\/paulinenaue.info\\\/index.php\\\/unterstand-am-bahnhof-wieder-zugaenglich\\\/#primaryimage\",\"url\":\"https:\\\/\\\/paulinenaue.info\\\/wp-content\\\/uploads\\\/2019\\\/11\\\/IMG_0763-scaled.jpg\",\"contentUrl\":\"https:\\\/\\\/paulinenaue.info\\\/wp-content\\\/uploads\\\/2019\\\/11\\\/IMG_0763-scaled.jpg\",\"width\":2560,\"height\":1920},{\"@type\":\"BreadcrumbList\",\"@id\":\"https:\\\/\\\/paulinenaue.info\\\/index.php\\\/unterstand-am-bahnhof-wieder-zugaenglich\\\/#breadcrumb\",\"itemListElement\":[{\"@type\":\"ListItem\",\"position\":1,\"name\":\"Home\",\"item\":\"https:\\\/\\\/paulinenaue.info\\\/\"},{\"@type\":\"ListItem\",\"position\":2,\"name\":\"Unterstand am Bahnhof wieder zug\u00e4nglich\"}]},{\"@type\":\"WebSite\",\"@id\":\"https:\\\/\\\/paulinenaue.info\\\/#website\",\"url\":\"https:\\\/\\\/paulinenaue.info\\\/\",\"name\":\"Paulinenaue\",\"description\":\"Ein Dorf im Havelland\",\"potentialAction\":[{\"@type\":\"SearchAction\",\"target\":{\"@type\":\"EntryPoint\",\"urlTemplate\":\"https:\\\/\\\/paulinenaue.info\\\/?s={search_term_string}\"},\"query-input\":{\"@type\":\"PropertyValueSpecification\",\"valueRequired\":true,\"valueName\":\"search_term_string\"}}],\"inLanguage\":\"de\"},{\"@type\":\"Person\",\"@id\":\"https:\\\/\\\/paulinenaue.info\\\/#\\\/schema\\\/person\\\/aca8d11f85faf4f9071e05c0c7e82e7e\",\"name\":\"Christian Gnewikow\",\"url\":\"https:\\\/\\\/paulinenaue.info\\\/index.php\\\/author\\\/christian-gnewikow\\\/\"}]}<\/script>\n<!-- \/ Yoast SEO plugin. -->","yoast_head_json":{"title":"Unterstand am Bahnhof wieder zug\u00e4nglich - Paulinenaue","robots":{"index":"index","follow":"follow","max-snippet":"max-snippet:-1","max-image-preview":"max-image-preview:large","max-video-preview":"max-video-preview:-1"},"canonical":"https:\/\/paulinenaue.info\/index.php\/unterstand-am-bahnhof-wieder-zugaenglich\/","og_locale":"de_DE","og_type":"article","og_title":"Unterstand am Bahnhof wieder zug\u00e4nglich - Paulinenaue","og_description":"Insbesondere die Pendler unter uns konnten schon ein Lied davon [&hellip;]","og_url":"https:\/\/paulinenaue.info\/index.php\/unterstand-am-bahnhof-wieder-zugaenglich\/","og_site_name":"Paulinenaue","article_published_time":"2019-11-16T21:41:10+00:00","article_modified_time":"2019-11-16T21:44:40+00:00","og_image":[{"width":2560,"height":1920,"url":"https:\/\/i2.wp.com\/paulinenaue.info\/wp-content\/uploads\/2019\/11\/IMG_0763-scaled.jpg?fit=2560%2C1920&ssl=1","type":"image\/jpeg"}],"author":"Christian Gnewikow","twitter_card":"summary_large_image","twitter_misc":{"Verfasst von":"Christian Gnewikow","Gesch\u00e4tzte Lesezeit":"1\u00a0Minute"},"schema":{"@context":"https:\/\/schema.org","@graph":[{"@type":"Article","@id":"https:\/\/paulinenaue.info\/index.php\/unterstand-am-bahnhof-wieder-zugaenglich\/#article","isPartOf":{"@id":"https:\/\/paulinenaue.info\/index.php\/unterstand-am-bahnhof-wieder-zugaenglich\/"},"author":{"name":"Christian Gnewikow","@id":"https:\/\/paulinenaue.info\/#\/schema\/person\/aca8d11f85faf4f9071e05c0c7e82e7e"},"headline":"Unterstand am Bahnhof wieder zug\u00e4nglich","datePublished":"2019-11-16T21:41:10+00:00","dateModified":"2019-11-16T21:44:40+00:00","mainEntityOfPage":{"@id":"https:\/\/paulinenaue.info\/index.php\/unterstand-am-bahnhof-wieder-zugaenglich\/"},"wordCount":184,"commentCount":0,"image":{"@id":"https:\/\/paulinenaue.info\/index.php\/unterstand-am-bahnhof-wieder-zugaenglich\/#primaryimage"},"thumbnailUrl":"https:\/\/paulinenaue.info\/wp-content\/uploads\/2019\/11\/IMG_0763-scaled.jpg","articleSection":{"1":"Bahnhof","2":"Dorfentwicklung","3":"Neuigkeiten"},"inLanguage":"de","potentialAction":[{"@type":"CommentAction","name":"Comment","target":["https:\/\/paulinenaue.info\/index.php\/unterstand-am-bahnhof-wieder-zugaenglich\/#respond"]}]},{"@type":"WebPage","@id":"https:\/\/paulinenaue.info\/index.php\/unterstand-am-bahnhof-wieder-zugaenglich\/","url":"https:\/\/paulinenaue.info\/index.php\/unterstand-am-bahnhof-wieder-zugaenglich\/","name":"Unterstand am Bahnhof wieder zug\u00e4nglich - Paulinenaue","isPartOf":{"@id":"https:\/\/paulinenaue.info\/#website"},"primaryImageOfPage":{"@id":"https:\/\/paulinenaue.info\/index.php\/unterstand-am-bahnhof-wieder-zugaenglich\/#primaryimage"},"image":{"@id":"https:\/\/paulinenaue.info\/index.php\/unterstand-am-bahnhof-wieder-zugaenglich\/#primaryimage"},"thumbnailUrl":"https:\/\/paulinenaue.info\/wp-content\/uploads\/2019\/11\/IMG_0763-scaled.jpg","datePublished":"2019-11-16T21:41:10+00:00","dateModified":"2019-11-16T21:44:40+00:00","author":{"@id":"https:\/\/paulinenaue.info\/#\/schema\/person\/aca8d11f85faf4f9071e05c0c7e82e7e"},"breadcrumb":{"@id":"https:\/\/paulinenaue.info\/index.php\/unterstand-am-bahnhof-wieder-zugaenglich\/#breadcrumb"},"inLanguage":"de","potentialAction":[{"@type":"ReadAction","target":["https:\/\/paulinenaue.info\/index.php\/unterstand-am-bahnhof-wieder-zugaenglich\/"]}]},{"@type":"ImageObject","inLanguage":"de","@id":"https:\/\/paulinenaue.info\/index.php\/unterstand-am-bahnhof-wieder-zugaenglich\/#primaryimage","url":"https:\/\/paulinenaue.info\/wp-content\/uploads\/2019\/11\/IMG_0763-scaled.jpg","contentUrl":"https:\/\/paulinenaue.info\/wp-content\/uploads\/2019\/11\/IMG_0763-scaled.jpg","width":2560,"height":1920},{"@type":"BreadcrumbList","@id":"https:\/\/paulinenaue.info\/index.php\/unterstand-am-bahnhof-wieder-zugaenglich\/#breadcrumb","itemListElement":[{"@type":"ListItem","position":1,"name":"Home","item":"https:\/\/paulinenaue.info\/"},{"@type":"ListItem","position":2,"name":"Unterstand am Bahnhof wieder zug\u00e4nglich"}]},{"@type":"WebSite","@id":"https:\/\/paulinenaue.info\/#website","url":"https:\/\/paulinenaue.info\/","name":"Paulinenaue","description":"Ein Dorf im Havelland","potentialAction":[{"@type":"SearchAction","target":{"@type":"EntryPoint","urlTemplate":"https:\/\/paulinenaue.info\/?s={search_term_string}"},"query-input":{"@type":"PropertyValueSpecification","valueRequired":true,"valueName":"search_term_string"}}],"inLanguage":"de"},{"@type":"Person","@id":"https:\/\/paulinenaue.info\/#\/schema\/person\/aca8d11f85faf4f9071e05c0c7e82e7e","name":"Christian Gnewikow","url":"https:\/\/paulinenaue.info\/index.php\/author\/christian-gnewikow\/"}]}},"jetpack_publicize_connections":[],"jetpack_featured_media_url":"https:\/\/paulinenaue.info\/wp-content\/uploads\/2019\/11\/IMG_0763-scaled.jpg","jetpack_sharing_enabled":true,"jetpack_shortlink":"https:\/\/wp.me\/pcYhWA-1kw","jetpack-related-posts":[{"id":5098,"url":"https:\/\/paulinenaue.info\/index.php\/tu-studierende-im-bahnhof\/","url_meta":{"origin":5116,"position":0},"title":"TU-Studierende im Bahnhof","author":"Sarah","date":"13. November 2019","format":false,"excerpt":"Wie k\u00f6nnen wir den Bahnhof wieder sichtbar machen? Was k\u00f6nnen wir selbst daf\u00fcr tun? Und: Wie wollen wir den Bahnhof wieder lebendig werden lassen? Fragestellungen wie diese gibt es nicht erst seit gestern. Wer in Paulinenaue wohnt oder t\u00e4glich von hier aus mit der Bahn pendelt, hat sicher die ein\u2026","rel":"","context":"In &quot;Allgemein&quot;","block_context":{"text":"Allgemein","link":"https:\/\/paulinenaue.info\/index.php\/category\/allgemein\/"},"img":{"alt_text":"","src":"https:\/\/i0.wp.com\/paulinenaue.info\/wp-content\/uploads\/2019\/11\/01_Paulinenaue11-11-19.jpeg?resize=350%2C200&ssl=1","width":350,"height":200,"srcset":"https:\/\/i0.wp.com\/paulinenaue.info\/wp-content\/uploads\/2019\/11\/01_Paulinenaue11-11-19.jpeg?resize=350%2C200&ssl=1 1x, https:\/\/i0.wp.com\/paulinenaue.info\/wp-content\/uploads\/2019\/11\/01_Paulinenaue11-11-19.jpeg?resize=525%2C300&ssl=1 1.5x, https:\/\/i0.wp.com\/paulinenaue.info\/wp-content\/uploads\/2019\/11\/01_Paulinenaue11-11-19.jpeg?resize=700%2C400&ssl=1 2x, https:\/\/i0.wp.com\/paulinenaue.info\/wp-content\/uploads\/2019\/11\/01_Paulinenaue11-11-19.jpeg?resize=1050%2C600&ssl=1 3x, https:\/\/i0.wp.com\/paulinenaue.info\/wp-content\/uploads\/2019\/11\/01_Paulinenaue11-11-19.jpeg?resize=1400%2C800&ssl=1 4x"},"classes":[]},{"id":5362,"url":"https:\/\/paulinenaue.info\/index.php\/einsatz-im-bahnhof\/","url_meta":{"origin":5116,"position":1},"title":"Einsatz im Bahnhof","author":"Joachim Scholz","date":"11. Juni 2020","format":false,"excerpt":"Im letzten Jahr konnte durch Mittel aus dem Programm \u201eKleine lokale Initiativen\u201c, die der Kulturverein eingeworben hatte, die Durchgangshalle des Bahnhofsgeb\u00e4udes wieder zug\u00e4nglich gemacht werden. Die Treppe wurde wieder hergerichtet, Strom verlegt und die maroden T\u00fcren erhielten eine neue Verglasung. Auch vom Interesse und den kleinen Interventionen eines Seminars aus\u2026","rel":"","context":"In &quot;Allgemein&quot;","block_context":{"text":"Allgemein","link":"https:\/\/paulinenaue.info\/index.php\/category\/allgemein\/"},"img":{"alt_text":"","src":"https:\/\/i0.wp.com\/paulinenaue.info\/wp-content\/uploads\/2020\/06\/DSC09760.jpg?resize=350%2C200&ssl=1","width":350,"height":200,"srcset":"https:\/\/i0.wp.com\/paulinenaue.info\/wp-content\/uploads\/2020\/06\/DSC09760.jpg?resize=350%2C200&ssl=1 1x, https:\/\/i0.wp.com\/paulinenaue.info\/wp-content\/uploads\/2020\/06\/DSC09760.jpg?resize=525%2C300&ssl=1 1.5x, https:\/\/i0.wp.com\/paulinenaue.info\/wp-content\/uploads\/2020\/06\/DSC09760.jpg?resize=700%2C400&ssl=1 2x, https:\/\/i0.wp.com\/paulinenaue.info\/wp-content\/uploads\/2020\/06\/DSC09760.jpg?resize=1050%2C600&ssl=1 3x, https:\/\/i0.wp.com\/paulinenaue.info\/wp-content\/uploads\/2020\/06\/DSC09760.jpg?resize=1400%2C800&ssl=1 4x"},"classes":[]},{"id":5006,"url":"https:\/\/paulinenaue.info\/index.php\/bahnhof-unter-strom-am-tag-des-offenen-denkmals\/","url_meta":{"origin":5116,"position":2},"title":"Bahnhof unter Strom am Tag des offenen Denkmals","author":"Joachim Scholz","date":"9. September 2019","format":false,"excerpt":"Wieder einmal lockte der \u201eTag des offenen Denkmals\u201c am ersten Septemberwochenende viele Schaulustige nach Paulinenaue. Der Kulturverein hatte daf\u00fcr gesorgt, dass das Bahnhofsgeb\u00e4ude an diesem Tag ge\u00f6ffnet wurde. Die beiden F\u00fchrungen durch das 1847 errichtete und 1883 erweiterte imposante Geb\u00e4ude besuchten ca. 60 Personen. Etwas Besonderes war die in Teilen\u2026","rel":"","context":"In &quot;Bahnhof&quot;","block_context":{"text":"Bahnhof","link":"https:\/\/paulinenaue.info\/index.php\/category\/bahnhof\/"},"img":{"alt_text":"","src":"https:\/\/i0.wp.com\/paulinenaue.info\/wp-content\/uploads\/2019\/09\/DSC05546.jpg?resize=350%2C200&ssl=1","width":350,"height":200,"srcset":"https:\/\/i0.wp.com\/paulinenaue.info\/wp-content\/uploads\/2019\/09\/DSC05546.jpg?resize=350%2C200&ssl=1 1x, https:\/\/i0.wp.com\/paulinenaue.info\/wp-content\/uploads\/2019\/09\/DSC05546.jpg?resize=525%2C300&ssl=1 1.5x, https:\/\/i0.wp.com\/paulinenaue.info\/wp-content\/uploads\/2019\/09\/DSC05546.jpg?resize=700%2C400&ssl=1 2x"},"classes":[]},{"id":135,"url":"https:\/\/paulinenaue.info\/index.php\/tag-des-offenen-denkmals-ausstellung-fuehrungen-und-rikscha-fahrten-im-und-um-den-paulinenauer-bahnhof\/","url_meta":{"origin":5116,"position":3},"title":"Tag des offenen Denkmals \u2013 Ausstellung, F\u00fchrungen und Rikscha-Fahrten im und um den Paulinenauer Bahnhof","author":"Joachim Scholz","date":"9. September 2012","format":false,"excerpt":"Zum Tag des offenen Denkmals \u00f6ffnete der Kulturverein in Zusammenarbeit mit freiwilligen Helfern zum zweiten Mal das Bahnhofsgeb\u00e4ude. Ca. 150 Besucher, die in mehreren F\u00fchrungen das Geb\u00e4ude erkundeten, machten den Tag des offenen Denkmals zu einem besonderen Tag f\u00fcr Paulinenaue. Das aufw\u00e4ndige Rahmenprogramm \u00fcbertraf das Angebot vor drei Jahren und\u2026","rel":"","context":"In &quot;Bahnhof&quot;","block_context":{"text":"Bahnhof","link":"https:\/\/paulinenaue.info\/index.php\/category\/bahnhof\/"},"img":{"alt_text":"","src":"https:\/\/i0.wp.com\/paulinenaue.info\/wp-content\/uploads\/2016\/03\/20120909_tdod_08_es.jpg?resize=350%2C200&ssl=1","width":350,"height":200},"classes":[]},{"id":417887,"url":"https:\/\/paulinenaue.info\/index.php\/bahnhof-paulinenaue-knotenpunkt-adresse-und-moeglichkeitsraum\/","url_meta":{"origin":5116,"position":4},"title":"Bahnhof Paulinenaue: Knotenpunkt, Adresse und M\u00f6glichkeitsraum","author":"Joachim Scholz","date":"18. Mai 2025","format":false,"excerpt":"Joachim Schultz-Granberg wuchs in Paulinenaue auf. Heute ist er Architekt, Stadtplaner und Professor f\u00fcr St\u00e4dtebau an der MSA | M\u00fcnster School of Architecture. Er geh\u00f6rt zum Team, das sich aktuell der Perspektivsuche f\u00fcr das Bahnhofsgeb\u00e4ude zusammengefunden hat und unterbreitet hier seine Vision f\u00fcr das Bahnhofsgeb\u00e4ude.\u00a0\u00a0 Ausgangspunkt Das 1847 erbaute Bahnhofsgeb\u00e4ude\u2026","rel":"","context":"In &quot;Bahnhof&quot;","block_context":{"text":"Bahnhof","link":"https:\/\/paulinenaue.info\/index.php\/category\/bahnhof\/"},"img":{"alt_text":"","src":"https:\/\/i0.wp.com\/paulinenaue.info\/wp-content\/uploads\/2025\/05\/2024-11-30-Bahnhof-Vogelperspektive-01.jpg?resize=350%2C200&ssl=1","width":350,"height":200,"srcset":"https:\/\/i0.wp.com\/paulinenaue.info\/wp-content\/uploads\/2025\/05\/2024-11-30-Bahnhof-Vogelperspektive-01.jpg?resize=350%2C200&ssl=1 1x, https:\/\/i0.wp.com\/paulinenaue.info\/wp-content\/uploads\/2025\/05\/2024-11-30-Bahnhof-Vogelperspektive-01.jpg?resize=525%2C300&ssl=1 1.5x, https:\/\/i0.wp.com\/paulinenaue.info\/wp-content\/uploads\/2025\/05\/2024-11-30-Bahnhof-Vogelperspektive-01.jpg?resize=700%2C400&ssl=1 2x"},"classes":[]},{"id":416036,"url":"https:\/\/paulinenaue.info\/index.php\/spaziergang-durch-den-paulinenauer-bahnhof-im-februar-2024\/","url_meta":{"origin":5116,"position":5},"title":"Spaziergang durch den Paulinenauer Bahnhof","author":"Joachim Scholz","date":"24. Februar 2024","format":false,"excerpt":"","rel":"","context":"In &quot;Allgemein&quot;","block_context":{"text":"Allgemein","link":"https:\/\/paulinenaue.info\/index.php\/category\/allgemein\/"},"img":{"alt_text":"","src":"https:\/\/i0.wp.com\/paulinenaue.info\/wp-content\/uploads\/2024\/02\/2024-02-11-Im-Bahnhof-01.jpeg?resize=350%2C200&ssl=1","width":350,"height":200,"srcset":"https:\/\/i0.wp.com\/paulinenaue.info\/wp-content\/uploads\/2024\/02\/2024-02-11-Im-Bahnhof-01.jpeg?resize=350%2C200&ssl=1 1x, https:\/\/i0.wp.com\/paulinenaue.info\/wp-content\/uploads\/2024\/02\/2024-02-11-Im-Bahnhof-01.jpeg?resize=525%2C300&ssl=1 1.5x, https:\/\/i0.wp.com\/paulinenaue.info\/wp-content\/uploads\/2024\/02\/2024-02-11-Im-Bahnhof-01.jpeg?resize=700%2C400&ssl=1 2x"},"classes":[]}],"_links":{"self":[{"href":"https:\/\/paulinenaue.info\/index.php\/wp-json\/wp\/v2\/posts\/5116","targetHints":{"allow":["GET"]}}],"collection":[{"href":"https:\/\/paulinenaue.info\/index.php\/wp-json\/wp\/v2\/posts"}],"about":[{"href":"https:\/\/paulinenaue.info\/index.php\/wp-json\/wp\/v2\/types\/post"}],"author":[{"embeddable":true,"href":"https:\/\/paulinenaue.info\/index.php\/wp-json\/wp\/v2\/users\/10"}],"replies":[{"embeddable":true,"href":"https:\/\/paulinenaue.info\/index.php\/wp-json\/wp\/v2\/comments?post=5116"}],"version-history":[{"count":3,"href":"https:\/\/paulinenaue.info\/index.php\/wp-json\/wp\/v2\/posts\/5116\/revisions"}],"predecessor-version":[{"id":5120,"href":"https:\/\/paulinenaue.info\/index.php\/wp-json\/wp\/v2\/posts\/5116\/revisions\/5120"}],"wp:featuredmedia":[{"embeddable":true,"href":"https:\/\/paulinenaue.info\/index.php\/wp-json\/wp\/v2\/media\/5117"}],"wp:attachment":[{"href":"https:\/\/paulinenaue.info\/index.php\/wp-json\/wp\/v2\/media?parent=5116"}],"wp:term":[{"taxonomy":"category","embeddable":true,"href":"https:\/\/paulinenaue.info\/index.php\/wp-json\/wp\/v2\/categories?post=5116"},{"taxonomy":"post_tag","embeddable":true,"href":"https:\/\/paulinenaue.info\/index.php\/wp-json\/wp\/v2\/tags?post=5116"}],"curies":[{"name":"wp","href":"https:\/\/api.w.org\/{rel}","templated":true}]}}