{"id":5132,"date":"2019-11-23T22:25:37","date_gmt":"2019-11-23T22:25:37","guid":{"rendered":"http:\/\/paulinenaue.info\/?p=5132"},"modified":"2019-11-24T10:45:14","modified_gmt":"2019-11-24T10:45:14","slug":"nachwendejahre-in-paulinenaue-kalender-2020-erscheint-zum-weihnachtsmarkt","status":"publish","type":"post","link":"https:\/\/paulinenaue.info\/index.php\/nachwendejahre-in-paulinenaue-kalender-2020-erscheint-zum-weihnachtsmarkt\/","title":{"rendered":"Nachwendejahre in Paulinenaue \u2013\u00a0Kalender 2020 erscheint zum Weihnachtsmarkt"},"content":{"rendered":"<div class=\"page\" title=\"Page 13\">\n<div class=\"layoutArea\">\n<div class=\"column\">\n<p>Der neue Paulinenaue-Kalender ist fertig und wartet auf das kommende Jahr 2020. Die insgesamt 13 Motive sind ca. ein Vierteljahrhundert alt und entstanden in den Nachwendejahren.<\/p>\n<p>Paulinenaue in den 1990ern zeigt noch das Ortsbild der durch Gut, Eisenbahn und das Institut fu\u0308r Futterproduktion gepr\u00e4gten Jahrzehnte zuvor, und doch brachte die Zeit nach dem politischen Umbruch gro\u00dfe Ver\u00e4nderungen. Arbeitgeber fielen weg, die Gemeinde stand vor neuen kommunalen Aufgaben, das Leben verschob sich mehr in den privaten Bereich. Die Fotografien des Kalenders zeigen das Dorf in einer Phase der beginnenden Neufindung, wo Altes noch sichtbar ist und Zukunft sich andeutet.<\/p>\n<p>Der Kalender wurde im Offsetdruckverfahren im Din-A 4-Format hergestellt. Er wird zum Preis von 9,- \u20ac auf dem Paulinenauer Weihnachtsmarkt am 30.11.2019 angeboten. Schon jetzt kann er f\u00fcr 10,- \u20ac (inklusive Versandkosten) \u00fcber die Mailadresse kulturverein@paulinenaue.info bestellt werden.<\/p>\n<\/div>\n<\/div>\n<\/div>\n","protected":false},"excerpt":{"rendered":"<p>Der neue Paulinenaue-Kalender ist fertig und wartet auf das kommende [&hellip;]<\/p>\n","protected":false},"author":1,"featured_media":5133,"comment_status":"open","ping_status":"open","sticky":false,"template":"","format":"standard","meta":{"_acf_changed":false,"_price":"","_stock":"","_tribe_ticket_header":"","_tribe_default_ticket_provider":"","_tribe_ticket_capacity":"0","_ticket_start_date":"","_ticket_end_date":"","_tribe_ticket_show_description":"","_tribe_ticket_show_not_going":false,"_tribe_ticket_use_global_stock":"","_tribe_ticket_global_stock_level":"","_global_stock_mode":"","_global_stock_cap":"","_tribe_rsvp_for_event":"","_tribe_ticket_going_count":"","_tribe_ticket_not_going_count":"","_tribe_tickets_list":"[]","_tribe_ticket_has_attendee_info_fields":false,"jetpack_post_was_ever_published":false,"_jetpack_newsletter_access":"","_jetpack_dont_email_post_to_subs":false,"_jetpack_newsletter_tier_id":0,"_jetpack_memberships_contains_paywalled_content":false,"_jetpack_memberships_contains_paid_content":false,"footnotes":"","jetpack_publicize_message":"","jetpack_publicize_feature_enabled":true,"jetpack_social_post_already_shared":true,"jetpack_social_options":{"image_generator_settings":{"template":"highway","default_image_id":0,"font":"","enabled":false},"version":2}},"categories":[1,40,6,7,47,9],"tags":[90,91],"class_list":["post-5132","post","type-post","status-publish","format-standard","has-post-thumbnail","hentry","category-allgemein","category-dorfentwicklung","category-hier-zuhause","category-historie","category-kulturverein","category-neuigkeiten","tag-kalender","tag-paulinenaue"],"acf":[],"yoast_head":"<!-- This site is optimized with the Yoast SEO plugin v27.5 - https:\/\/yoast.com\/product\/yoast-seo-wordpress\/ -->\n<title>Nachwendejahre in Paulinenaue \u2013\u00a0Kalender 2020 erscheint zum Weihnachtsmarkt - Paulinenaue<\/title>\n<meta name=\"robots\" content=\"index, follow, max-snippet:-1, max-image-preview:large, max-video-preview:-1\" \/>\n<link rel=\"canonical\" href=\"https:\/\/paulinenaue.info\/index.php\/nachwendejahre-in-paulinenaue-kalender-2020-erscheint-zum-weihnachtsmarkt\/\" \/>\n<meta property=\"og:locale\" content=\"de_DE\" \/>\n<meta property=\"og:type\" content=\"article\" \/>\n<meta property=\"og:title\" content=\"Nachwendejahre in Paulinenaue \u2013\u00a0Kalender 2020 erscheint zum Weihnachtsmarkt - Paulinenaue\" \/>\n<meta property=\"og:description\" content=\"Der neue Paulinenaue-Kalender ist fertig und wartet auf das kommende [&hellip;]\" \/>\n<meta property=\"og:url\" content=\"https:\/\/paulinenaue.info\/index.php\/nachwendejahre-in-paulinenaue-kalender-2020-erscheint-zum-weihnachtsmarkt\/\" \/>\n<meta property=\"og:site_name\" content=\"Paulinenaue\" \/>\n<meta property=\"article:published_time\" content=\"2019-11-23T22:25:37+00:00\" \/>\n<meta property=\"article:modified_time\" content=\"2019-11-24T10:45:14+00:00\" \/>\n<meta property=\"og:image\" content=\"https:\/\/i2.wp.com\/paulinenaue.info\/wp-content\/uploads\/2019\/11\/Deckblatt-Kalender-2020.jpg?fit=1000%2C707&ssl=1\" \/>\n\t<meta property=\"og:image:width\" content=\"1000\" \/>\n\t<meta property=\"og:image:height\" content=\"707\" \/>\n\t<meta property=\"og:image:type\" content=\"image\/jpeg\" \/>\n<meta name=\"author\" content=\"Joachim Scholz\" \/>\n<meta name=\"twitter:card\" content=\"summary_large_image\" \/>\n<meta name=\"twitter:label1\" content=\"Verfasst von\" \/>\n\t<meta name=\"twitter:data1\" content=\"Joachim Scholz\" \/>\n\t<meta name=\"twitter:label2\" content=\"Gesch\u00e4tzte Lesezeit\" \/>\n\t<meta name=\"twitter:data2\" content=\"1\u00a0Minute\" \/>\n<script type=\"application\/ld+json\" class=\"yoast-schema-graph\">{\"@context\":\"https:\\\/\\\/schema.org\",\"@graph\":[{\"@type\":\"Article\",\"@id\":\"https:\\\/\\\/paulinenaue.info\\\/index.php\\\/nachwendejahre-in-paulinenaue-kalender-2020-erscheint-zum-weihnachtsmarkt\\\/#article\",\"isPartOf\":{\"@id\":\"https:\\\/\\\/paulinenaue.info\\\/index.php\\\/nachwendejahre-in-paulinenaue-kalender-2020-erscheint-zum-weihnachtsmarkt\\\/\"},\"author\":{\"name\":\"Joachim Scholz\",\"@id\":\"https:\\\/\\\/paulinenaue.info\\\/#\\\/schema\\\/person\\\/3f9e818fd7b69b0d2bd937ac506897cc\"},\"headline\":\"Nachwendejahre in Paulinenaue \u2013\u00a0Kalender 2020 erscheint zum Weihnachtsmarkt\",\"datePublished\":\"2019-11-23T22:25:37+00:00\",\"dateModified\":\"2019-11-24T10:45:14+00:00\",\"mainEntityOfPage\":{\"@id\":\"https:\\\/\\\/paulinenaue.info\\\/index.php\\\/nachwendejahre-in-paulinenaue-kalender-2020-erscheint-zum-weihnachtsmarkt\\\/\"},\"wordCount\":145,\"commentCount\":0,\"image\":{\"@id\":\"https:\\\/\\\/paulinenaue.info\\\/index.php\\\/nachwendejahre-in-paulinenaue-kalender-2020-erscheint-zum-weihnachtsmarkt\\\/#primaryimage\"},\"thumbnailUrl\":\"https:\\\/\\\/paulinenaue.info\\\/wp-content\\\/uploads\\\/2019\\\/11\\\/Deckblatt-Kalender-2020.jpg\",\"keywords\":[\"Kalender\",\"Paulinenaue\"],\"articleSection\":{\"1\":\"Dorfentwicklung\",\"2\":\"Hier Zuhause\",\"3\":\"Historie\",\"4\":\"Kulturverein\",\"5\":\"Neuigkeiten\"},\"inLanguage\":\"de\",\"potentialAction\":[{\"@type\":\"CommentAction\",\"name\":\"Comment\",\"target\":[\"https:\\\/\\\/paulinenaue.info\\\/index.php\\\/nachwendejahre-in-paulinenaue-kalender-2020-erscheint-zum-weihnachtsmarkt\\\/#respond\"]}]},{\"@type\":\"WebPage\",\"@id\":\"https:\\\/\\\/paulinenaue.info\\\/index.php\\\/nachwendejahre-in-paulinenaue-kalender-2020-erscheint-zum-weihnachtsmarkt\\\/\",\"url\":\"https:\\\/\\\/paulinenaue.info\\\/index.php\\\/nachwendejahre-in-paulinenaue-kalender-2020-erscheint-zum-weihnachtsmarkt\\\/\",\"name\":\"Nachwendejahre in Paulinenaue \u2013\u00a0Kalender 2020 erscheint zum Weihnachtsmarkt - Paulinenaue\",\"isPartOf\":{\"@id\":\"https:\\\/\\\/paulinenaue.info\\\/#website\"},\"primaryImageOfPage\":{\"@id\":\"https:\\\/\\\/paulinenaue.info\\\/index.php\\\/nachwendejahre-in-paulinenaue-kalender-2020-erscheint-zum-weihnachtsmarkt\\\/#primaryimage\"},\"image\":{\"@id\":\"https:\\\/\\\/paulinenaue.info\\\/index.php\\\/nachwendejahre-in-paulinenaue-kalender-2020-erscheint-zum-weihnachtsmarkt\\\/#primaryimage\"},\"thumbnailUrl\":\"https:\\\/\\\/paulinenaue.info\\\/wp-content\\\/uploads\\\/2019\\\/11\\\/Deckblatt-Kalender-2020.jpg\",\"datePublished\":\"2019-11-23T22:25:37+00:00\",\"dateModified\":\"2019-11-24T10:45:14+00:00\",\"author\":{\"@id\":\"https:\\\/\\\/paulinenaue.info\\\/#\\\/schema\\\/person\\\/3f9e818fd7b69b0d2bd937ac506897cc\"},\"breadcrumb\":{\"@id\":\"https:\\\/\\\/paulinenaue.info\\\/index.php\\\/nachwendejahre-in-paulinenaue-kalender-2020-erscheint-zum-weihnachtsmarkt\\\/#breadcrumb\"},\"inLanguage\":\"de\",\"potentialAction\":[{\"@type\":\"ReadAction\",\"target\":[\"https:\\\/\\\/paulinenaue.info\\\/index.php\\\/nachwendejahre-in-paulinenaue-kalender-2020-erscheint-zum-weihnachtsmarkt\\\/\"]}]},{\"@type\":\"ImageObject\",\"inLanguage\":\"de\",\"@id\":\"https:\\\/\\\/paulinenaue.info\\\/index.php\\\/nachwendejahre-in-paulinenaue-kalender-2020-erscheint-zum-weihnachtsmarkt\\\/#primaryimage\",\"url\":\"https:\\\/\\\/paulinenaue.info\\\/wp-content\\\/uploads\\\/2019\\\/11\\\/Deckblatt-Kalender-2020.jpg\",\"contentUrl\":\"https:\\\/\\\/paulinenaue.info\\\/wp-content\\\/uploads\\\/2019\\\/11\\\/Deckblatt-Kalender-2020.jpg\",\"width\":1000,\"height\":707},{\"@type\":\"BreadcrumbList\",\"@id\":\"https:\\\/\\\/paulinenaue.info\\\/index.php\\\/nachwendejahre-in-paulinenaue-kalender-2020-erscheint-zum-weihnachtsmarkt\\\/#breadcrumb\",\"itemListElement\":[{\"@type\":\"ListItem\",\"position\":1,\"name\":\"Home\",\"item\":\"https:\\\/\\\/paulinenaue.info\\\/\"},{\"@type\":\"ListItem\",\"position\":2,\"name\":\"Nachwendejahre in Paulinenaue \u2013\u00a0Kalender 2020 erscheint zum Weihnachtsmarkt\"}]},{\"@type\":\"WebSite\",\"@id\":\"https:\\\/\\\/paulinenaue.info\\\/#website\",\"url\":\"https:\\\/\\\/paulinenaue.info\\\/\",\"name\":\"Paulinenaue\",\"description\":\"Ein Dorf im Havelland\",\"potentialAction\":[{\"@type\":\"SearchAction\",\"target\":{\"@type\":\"EntryPoint\",\"urlTemplate\":\"https:\\\/\\\/paulinenaue.info\\\/?s={search_term_string}\"},\"query-input\":{\"@type\":\"PropertyValueSpecification\",\"valueRequired\":true,\"valueName\":\"search_term_string\"}}],\"inLanguage\":\"de\"},{\"@type\":\"Person\",\"@id\":\"https:\\\/\\\/paulinenaue.info\\\/#\\\/schema\\\/person\\\/3f9e818fd7b69b0d2bd937ac506897cc\",\"name\":\"Joachim Scholz\",\"url\":\"https:\\\/\\\/paulinenaue.info\\\/index.php\\\/author\\\/jjscholz\\\/\"}]}<\/script>\n<!-- \/ Yoast SEO plugin. -->","yoast_head_json":{"title":"Nachwendejahre in Paulinenaue \u2013\u00a0Kalender 2020 erscheint zum Weihnachtsmarkt - Paulinenaue","robots":{"index":"index","follow":"follow","max-snippet":"max-snippet:-1","max-image-preview":"max-image-preview:large","max-video-preview":"max-video-preview:-1"},"canonical":"https:\/\/paulinenaue.info\/index.php\/nachwendejahre-in-paulinenaue-kalender-2020-erscheint-zum-weihnachtsmarkt\/","og_locale":"de_DE","og_type":"article","og_title":"Nachwendejahre in Paulinenaue \u2013\u00a0Kalender 2020 erscheint zum Weihnachtsmarkt - Paulinenaue","og_description":"Der neue Paulinenaue-Kalender ist fertig und wartet auf das kommende [&hellip;]","og_url":"https:\/\/paulinenaue.info\/index.php\/nachwendejahre-in-paulinenaue-kalender-2020-erscheint-zum-weihnachtsmarkt\/","og_site_name":"Paulinenaue","article_published_time":"2019-11-23T22:25:37+00:00","article_modified_time":"2019-11-24T10:45:14+00:00","og_image":[{"width":1000,"height":707,"url":"https:\/\/i2.wp.com\/paulinenaue.info\/wp-content\/uploads\/2019\/11\/Deckblatt-Kalender-2020.jpg?fit=1000%2C707&ssl=1","type":"image\/jpeg"}],"author":"Joachim Scholz","twitter_card":"summary_large_image","twitter_misc":{"Verfasst von":"Joachim Scholz","Gesch\u00e4tzte Lesezeit":"1\u00a0Minute"},"schema":{"@context":"https:\/\/schema.org","@graph":[{"@type":"Article","@id":"https:\/\/paulinenaue.info\/index.php\/nachwendejahre-in-paulinenaue-kalender-2020-erscheint-zum-weihnachtsmarkt\/#article","isPartOf":{"@id":"https:\/\/paulinenaue.info\/index.php\/nachwendejahre-in-paulinenaue-kalender-2020-erscheint-zum-weihnachtsmarkt\/"},"author":{"name":"Joachim Scholz","@id":"https:\/\/paulinenaue.info\/#\/schema\/person\/3f9e818fd7b69b0d2bd937ac506897cc"},"headline":"Nachwendejahre in Paulinenaue \u2013\u00a0Kalender 2020 erscheint zum Weihnachtsmarkt","datePublished":"2019-11-23T22:25:37+00:00","dateModified":"2019-11-24T10:45:14+00:00","mainEntityOfPage":{"@id":"https:\/\/paulinenaue.info\/index.php\/nachwendejahre-in-paulinenaue-kalender-2020-erscheint-zum-weihnachtsmarkt\/"},"wordCount":145,"commentCount":0,"image":{"@id":"https:\/\/paulinenaue.info\/index.php\/nachwendejahre-in-paulinenaue-kalender-2020-erscheint-zum-weihnachtsmarkt\/#primaryimage"},"thumbnailUrl":"https:\/\/paulinenaue.info\/wp-content\/uploads\/2019\/11\/Deckblatt-Kalender-2020.jpg","keywords":["Kalender","Paulinenaue"],"articleSection":{"1":"Dorfentwicklung","2":"Hier Zuhause","3":"Historie","4":"Kulturverein","5":"Neuigkeiten"},"inLanguage":"de","potentialAction":[{"@type":"CommentAction","name":"Comment","target":["https:\/\/paulinenaue.info\/index.php\/nachwendejahre-in-paulinenaue-kalender-2020-erscheint-zum-weihnachtsmarkt\/#respond"]}]},{"@type":"WebPage","@id":"https:\/\/paulinenaue.info\/index.php\/nachwendejahre-in-paulinenaue-kalender-2020-erscheint-zum-weihnachtsmarkt\/","url":"https:\/\/paulinenaue.info\/index.php\/nachwendejahre-in-paulinenaue-kalender-2020-erscheint-zum-weihnachtsmarkt\/","name":"Nachwendejahre in Paulinenaue \u2013\u00a0Kalender 2020 erscheint zum Weihnachtsmarkt - Paulinenaue","isPartOf":{"@id":"https:\/\/paulinenaue.info\/#website"},"primaryImageOfPage":{"@id":"https:\/\/paulinenaue.info\/index.php\/nachwendejahre-in-paulinenaue-kalender-2020-erscheint-zum-weihnachtsmarkt\/#primaryimage"},"image":{"@id":"https:\/\/paulinenaue.info\/index.php\/nachwendejahre-in-paulinenaue-kalender-2020-erscheint-zum-weihnachtsmarkt\/#primaryimage"},"thumbnailUrl":"https:\/\/paulinenaue.info\/wp-content\/uploads\/2019\/11\/Deckblatt-Kalender-2020.jpg","datePublished":"2019-11-23T22:25:37+00:00","dateModified":"2019-11-24T10:45:14+00:00","author":{"@id":"https:\/\/paulinenaue.info\/#\/schema\/person\/3f9e818fd7b69b0d2bd937ac506897cc"},"breadcrumb":{"@id":"https:\/\/paulinenaue.info\/index.php\/nachwendejahre-in-paulinenaue-kalender-2020-erscheint-zum-weihnachtsmarkt\/#breadcrumb"},"inLanguage":"de","potentialAction":[{"@type":"ReadAction","target":["https:\/\/paulinenaue.info\/index.php\/nachwendejahre-in-paulinenaue-kalender-2020-erscheint-zum-weihnachtsmarkt\/"]}]},{"@type":"ImageObject","inLanguage":"de","@id":"https:\/\/paulinenaue.info\/index.php\/nachwendejahre-in-paulinenaue-kalender-2020-erscheint-zum-weihnachtsmarkt\/#primaryimage","url":"https:\/\/paulinenaue.info\/wp-content\/uploads\/2019\/11\/Deckblatt-Kalender-2020.jpg","contentUrl":"https:\/\/paulinenaue.info\/wp-content\/uploads\/2019\/11\/Deckblatt-Kalender-2020.jpg","width":1000,"height":707},{"@type":"BreadcrumbList","@id":"https:\/\/paulinenaue.info\/index.php\/nachwendejahre-in-paulinenaue-kalender-2020-erscheint-zum-weihnachtsmarkt\/#breadcrumb","itemListElement":[{"@type":"ListItem","position":1,"name":"Home","item":"https:\/\/paulinenaue.info\/"},{"@type":"ListItem","position":2,"name":"Nachwendejahre in Paulinenaue \u2013\u00a0Kalender 2020 erscheint zum Weihnachtsmarkt"}]},{"@type":"WebSite","@id":"https:\/\/paulinenaue.info\/#website","url":"https:\/\/paulinenaue.info\/","name":"Paulinenaue","description":"Ein Dorf im Havelland","potentialAction":[{"@type":"SearchAction","target":{"@type":"EntryPoint","urlTemplate":"https:\/\/paulinenaue.info\/?s={search_term_string}"},"query-input":{"@type":"PropertyValueSpecification","valueRequired":true,"valueName":"search_term_string"}}],"inLanguage":"de"},{"@type":"Person","@id":"https:\/\/paulinenaue.info\/#\/schema\/person\/3f9e818fd7b69b0d2bd937ac506897cc","name":"Joachim Scholz","url":"https:\/\/paulinenaue.info\/index.php\/author\/jjscholz\/"}]}},"jetpack_publicize_connections":[],"jetpack_featured_media_url":"https:\/\/paulinenaue.info\/wp-content\/uploads\/2019\/11\/Deckblatt-Kalender-2020.jpg","jetpack_sharing_enabled":true,"jetpack_shortlink":"https:\/\/wp.me\/pcYhWA-1kM","jetpack-related-posts":[{"id":1827,"url":"https:\/\/paulinenaue.info\/index.php\/der-neue-kalender-paulinenaue-nach-der-gemeindegruendung-1924-1933-erscheint-zum-weihnachtsmarkt\/","url_meta":{"origin":5132,"position":0},"title":"Ein neuer Kalender erscheint zum Weihnachtsmarkt!","author":"Joachim Scholz","date":"26. November 2017","format":false,"excerpt":"\u201eWas war das f\u00fcr eine Zeit, als die heute \u00e4ltesten Paulinenauer kleine Kinder waren?\u201c, wird im neuen Kalender f\u00fcr das n\u00e4chste Jahr 2018 gefragt.\u00a0P\u00fcnktlich zum Weihnachtsmarkt am 2. Dezember soll der Kalender fertig sein und kann dort am Stand des Kulturvereins zum Preis von 10,- \u20ac erworben werden. Mit seinen\u2026","rel":"","context":"In &quot;Allgemein&quot;","block_context":{"text":"Allgemein","link":"https:\/\/paulinenaue.info\/index.php\/category\/allgemein\/"},"img":{"alt_text":"","src":"https:\/\/i0.wp.com\/paulinenaue.info\/wp-content\/uploads\/2017\/11\/Kalender_Paulinenaue_2018_01.jpg?resize=350%2C200&ssl=1","width":350,"height":200,"srcset":"https:\/\/i0.wp.com\/paulinenaue.info\/wp-content\/uploads\/2017\/11\/Kalender_Paulinenaue_2018_01.jpg?resize=350%2C200&ssl=1 1x, https:\/\/i0.wp.com\/paulinenaue.info\/wp-content\/uploads\/2017\/11\/Kalender_Paulinenaue_2018_01.jpg?resize=525%2C300&ssl=1 1.5x, https:\/\/i0.wp.com\/paulinenaue.info\/wp-content\/uploads\/2017\/11\/Kalender_Paulinenaue_2018_01.jpg?resize=700%2C400&ssl=1 2x"},"classes":[]},{"id":5162,"url":"https:\/\/paulinenaue.info\/index.php\/paulinenaue-kalender-2020-zu-verkaufen\/","url_meta":{"origin":5132,"position":1},"title":"Paulinenaue-Kalender 2020 zu verkaufen!!!","author":"Sarah","date":"3. Dezember 2019","format":false,"excerpt":"Wer noch keinen Paulinenaue-Kalender hat, kann diesen bei Helga Henning ( Philipp-M\u00fcller- Stra\u00dfe 19) bekommen. Wir haben noch ausreichend Exemplare! Kosten 9,- \u20ac \u00a0 https:\/\/paulinenaue.info\/index.php\/nachwendejahre-in-paulinenaue-kalender-2020-erscheint-zum-weihnachtsmarkt\/","rel":"","context":"In &quot;Allgemein&quot;","block_context":{"text":"Allgemein","link":"https:\/\/paulinenaue.info\/index.php\/category\/allgemein\/"},"img":{"alt_text":"","src":"https:\/\/i0.wp.com\/paulinenaue.info\/wp-content\/uploads\/2019\/11\/Deckblatt-Kalender-2020.jpg?resize=350%2C200&ssl=1","width":350,"height":200,"srcset":"https:\/\/i0.wp.com\/paulinenaue.info\/wp-content\/uploads\/2019\/11\/Deckblatt-Kalender-2020.jpg?resize=350%2C200&ssl=1 1x, https:\/\/i0.wp.com\/paulinenaue.info\/wp-content\/uploads\/2019\/11\/Deckblatt-Kalender-2020.jpg?resize=525%2C300&ssl=1 1.5x, https:\/\/i0.wp.com\/paulinenaue.info\/wp-content\/uploads\/2019\/11\/Deckblatt-Kalender-2020.jpg?resize=700%2C400&ssl=1 2x"},"classes":[]},{"id":415369,"url":"https:\/\/paulinenaue.info\/index.php\/paulinenaue-kalender-2024-erscheint-zum-weihnachtsmarkt\/","url_meta":{"origin":5132,"position":2},"title":"Paulinenaue-Kalender 2024 erscheint zum Weihnachtsmarkt","author":"Joachim Scholz","date":"18. November 2023","format":false,"excerpt":"Am 8. Dezember 2024 begeht Paulinenaue den 100. Jahrestag seiner Gemeindegr\u00fcndung. Unser Kalender weist in diesem Jahr auf Spuren und Traditionen aus der Zeit der Gemeindegr\u00fcndung hin, die heute noch sichtbar und erfahrbar sind. Zugleich m\u00f6chten wir mit ihm auf Besonderheiten unseres Dorfes hinweisen, die im Alltag \u00fcbersehen werden oder\u2026","rel":"","context":"In &quot;Allgemein&quot;","block_context":{"text":"Allgemein","link":"https:\/\/paulinenaue.info\/index.php\/category\/allgemein\/"},"img":{"alt_text":"","src":"https:\/\/i0.wp.com\/paulinenaue.info\/wp-content\/uploads\/2023\/11\/kalender2024.jpg?resize=350%2C200&ssl=1","width":350,"height":200,"srcset":"https:\/\/i0.wp.com\/paulinenaue.info\/wp-content\/uploads\/2023\/11\/kalender2024.jpg?resize=350%2C200&ssl=1 1x, https:\/\/i0.wp.com\/paulinenaue.info\/wp-content\/uploads\/2023\/11\/kalender2024.jpg?resize=525%2C300&ssl=1 1.5x, https:\/\/i0.wp.com\/paulinenaue.info\/wp-content\/uploads\/2023\/11\/kalender2024.jpg?resize=700%2C400&ssl=1 2x"},"classes":[]},{"id":554,"url":"https:\/\/paulinenaue.info\/index.php\/neuer-kalender-paulinenaue-im-havelland-2017-erschienen\/","url_meta":{"origin":5132,"position":3},"title":"Neuer Kalender \u201ePaulinenaue im Havelland 2017\u201c erschienen","author":"Joachim Scholz","date":"25. November 2016","format":false,"excerpt":"P\u00fcnktlich zum zehnten Paulinenauer Weihnachtsmarkt am Ersten Advent gibt der Kulturverein wieder einen Kalender f\u00fcr das neue Jahr 2017 heraus. In ihm finden sich Fotografien von Tilo Geisel, Joachim Scholz, Sarah Vierjahn und Henriette von der Waydbrink, von der auch das Titelbild \u2013 ein besonders stimmungsvoller Sonnenuntergang am Kanal \u2013\u2026","rel":"","context":"In &quot;Hier Zuhause&quot;","block_context":{"text":"Hier Zuhause","link":"https:\/\/paulinenaue.info\/index.php\/category\/hier-zuhause\/"},"img":{"alt_text":"","src":"https:\/\/i0.wp.com\/paulinenaue.info\/wp-content\/uploads\/2016\/11\/Kalender_Paulinenaue_2017_01_pdf.jpg?resize=350%2C200&ssl=1","width":350,"height":200,"srcset":"https:\/\/i0.wp.com\/paulinenaue.info\/wp-content\/uploads\/2016\/11\/Kalender_Paulinenaue_2017_01_pdf.jpg?resize=350%2C200&ssl=1 1x, https:\/\/i0.wp.com\/paulinenaue.info\/wp-content\/uploads\/2016\/11\/Kalender_Paulinenaue_2017_01_pdf.jpg?resize=525%2C300&ssl=1 1.5x, https:\/\/i0.wp.com\/paulinenaue.info\/wp-content\/uploads\/2016\/11\/Kalender_Paulinenaue_2017_01_pdf.jpg?resize=700%2C400&ssl=1 2x, https:\/\/i0.wp.com\/paulinenaue.info\/wp-content\/uploads\/2016\/11\/Kalender_Paulinenaue_2017_01_pdf.jpg?resize=1050%2C600&ssl=1 3x, https:\/\/i0.wp.com\/paulinenaue.info\/wp-content\/uploads\/2016\/11\/Kalender_Paulinenaue_2017_01_pdf.jpg?resize=1400%2C800&ssl=1 4x"},"classes":[]},{"id":143058,"url":"https:\/\/paulinenaue.info\/index.php\/erfolgreicher-dorfputz\/","url_meta":{"origin":5132,"position":4},"title":"Erfolgreicher Dorfputz","author":"Sarah","date":"26. April 2022","format":false,"excerpt":"","rel":"","context":"In &quot;Gemeinde Paulinenaue&quot;","block_context":{"text":"Gemeinde Paulinenaue","link":"https:\/\/paulinenaue.info\/index.php\/category\/gemeinde-paulinenaue\/"},"img":{"alt_text":"","src":"https:\/\/i0.wp.com\/paulinenaue.info\/wp-content\/uploads\/2022\/04\/IMG-20220409-WA0000.jpg?resize=350%2C200&ssl=1","width":350,"height":200,"srcset":"https:\/\/i0.wp.com\/paulinenaue.info\/wp-content\/uploads\/2022\/04\/IMG-20220409-WA0000.jpg?resize=350%2C200&ssl=1 1x, https:\/\/i0.wp.com\/paulinenaue.info\/wp-content\/uploads\/2022\/04\/IMG-20220409-WA0000.jpg?resize=525%2C300&ssl=1 1.5x, https:\/\/i0.wp.com\/paulinenaue.info\/wp-content\/uploads\/2022\/04\/IMG-20220409-WA0000.jpg?resize=700%2C400&ssl=1 2x"},"classes":[]},{"id":2465,"url":"https:\/\/paulinenaue.info\/index.php\/mit-dem-weihnachtsmarkt-in-den-advent\/","url_meta":{"origin":5132,"position":5},"title":"Mit dem Weihnachtsmarkt in den Advent","author":"Joachim Scholz","date":"2. Dezember 2018","format":false,"excerpt":"Am Samstag vor dem Ersten Advent fand in Paulinenaue wieder der Weihnachtsmarkt auf dem Gel\u00e4nde der Evangelischen Kirche statt. Mit den Vorbereitungen hatte das Organisationsteam schon im Juni begonnen. In den letzten Wochen wurde es dann spannend. An so vieles musste gedacht und alles koordiniert werden. Zum Paulinenauer Weihnachtsmarkt geh\u00f6ren\u2026","rel":"","context":"In &quot;Allgemein&quot;","block_context":{"text":"Allgemein","link":"https:\/\/paulinenaue.info\/index.php\/category\/allgemein\/"},"img":{"alt_text":"","src":"https:\/\/i0.wp.com\/paulinenaue.info\/wp-content\/uploads\/2018\/12\/DSC05940.jpg?resize=350%2C200&ssl=1","width":350,"height":200,"srcset":"https:\/\/i0.wp.com\/paulinenaue.info\/wp-content\/uploads\/2018\/12\/DSC05940.jpg?resize=350%2C200&ssl=1 1x, https:\/\/i0.wp.com\/paulinenaue.info\/wp-content\/uploads\/2018\/12\/DSC05940.jpg?resize=525%2C300&ssl=1 1.5x, https:\/\/i0.wp.com\/paulinenaue.info\/wp-content\/uploads\/2018\/12\/DSC05940.jpg?resize=700%2C400&ssl=1 2x"},"classes":[]}],"_links":{"self":[{"href":"https:\/\/paulinenaue.info\/index.php\/wp-json\/wp\/v2\/posts\/5132","targetHints":{"allow":["GET"]}}],"collection":[{"href":"https:\/\/paulinenaue.info\/index.php\/wp-json\/wp\/v2\/posts"}],"about":[{"href":"https:\/\/paulinenaue.info\/index.php\/wp-json\/wp\/v2\/types\/post"}],"author":[{"embeddable":true,"href":"https:\/\/paulinenaue.info\/index.php\/wp-json\/wp\/v2\/users\/1"}],"replies":[{"embeddable":true,"href":"https:\/\/paulinenaue.info\/index.php\/wp-json\/wp\/v2\/comments?post=5132"}],"version-history":[{"count":10,"href":"https:\/\/paulinenaue.info\/index.php\/wp-json\/wp\/v2\/posts\/5132\/revisions"}],"predecessor-version":[{"id":5144,"href":"https:\/\/paulinenaue.info\/index.php\/wp-json\/wp\/v2\/posts\/5132\/revisions\/5144"}],"wp:featuredmedia":[{"embeddable":true,"href":"https:\/\/paulinenaue.info\/index.php\/wp-json\/wp\/v2\/media\/5133"}],"wp:attachment":[{"href":"https:\/\/paulinenaue.info\/index.php\/wp-json\/wp\/v2\/media?parent=5132"}],"wp:term":[{"taxonomy":"category","embeddable":true,"href":"https:\/\/paulinenaue.info\/index.php\/wp-json\/wp\/v2\/categories?post=5132"},{"taxonomy":"post_tag","embeddable":true,"href":"https:\/\/paulinenaue.info\/index.php\/wp-json\/wp\/v2\/tags?post=5132"}],"curies":[{"name":"wp","href":"https:\/\/api.w.org\/{rel}","templated":true}]}}