{"id":5156,"date":"2019-11-26T18:37:47","date_gmt":"2019-11-26T18:37:47","guid":{"rendered":"http:\/\/paulinenaue.info\/?p=5156"},"modified":"2019-11-26T18:39:02","modified_gmt":"2019-11-26T18:39:02","slug":"besinnliche-stimmung-am-bahnhof","status":"publish","type":"post","link":"https:\/\/paulinenaue.info\/index.php\/besinnliche-stimmung-am-bahnhof\/","title":{"rendered":"Besinnliche Stimmung am Bahnhof"},"content":{"rendered":"<p>Seit Montag liegt nun auch am Bahnhof bereits ein Hauch von Weihnachten in der Luft. Ein Herrenhuter Weihnachtsstern leuchtet unter dem Vordach am Gleis 1 und verbreitet eine weihnachtlich, gem\u00fctliche Atmosph\u00e4re. Vielleicht ist dies ein erster Weg, den Bahnhof wieder sichtbarer zu machen und ihn ein wenig in unser aller Bewusstsein zu r\u00fccken. Vielen Dank an die Initiatoren und Umsetzenden aus dem Kulturverein!<\/p>\n","protected":false},"excerpt":{"rendered":"<p>Seit Montag liegt nun auch am Bahnhof bereits ein Hauch [&hellip;]<\/p>\n","protected":false},"author":3,"featured_media":5157,"comment_status":"open","ping_status":"open","sticky":false,"template":"","format":"standard","meta":{"_acf_changed":false,"_price":"","_stock":"","_tribe_ticket_header":"","_tribe_default_ticket_provider":"","_tribe_ticket_capacity":"0","_ticket_start_date":"","_ticket_end_date":"","_tribe_ticket_show_description":"","_tribe_ticket_show_not_going":false,"_tribe_ticket_use_global_stock":"","_tribe_ticket_global_stock_level":"","_global_stock_mode":"","_global_stock_cap":"","_tribe_rsvp_for_event":"","_tribe_ticket_going_count":"","_tribe_ticket_not_going_count":"","_tribe_tickets_list":"[]","_tribe_ticket_has_attendee_info_fields":false,"jetpack_post_was_ever_published":false,"_jetpack_newsletter_access":"","_jetpack_dont_email_post_to_subs":false,"_jetpack_newsletter_tier_id":0,"_jetpack_memberships_contains_paywalled_content":false,"_jetpack_memberships_contains_paid_content":false,"footnotes":"","jetpack_publicize_message":"","jetpack_publicize_feature_enabled":true,"jetpack_social_post_already_shared":true,"jetpack_social_options":{"image_generator_settings":{"template":"highway","default_image_id":0,"font":"","enabled":false},"version":2}},"categories":[1,280,47,9],"tags":[21,330],"class_list":["post-5156","post","type-post","status-publish","format-standard","has-post-thumbnail","hentry","category-allgemein","category-bahnhof","category-kulturverein","category-neuigkeiten","tag-bahnhof","tag-weihnachtsstern"],"acf":[],"yoast_head":"<!-- This site is optimized with the Yoast SEO plugin v27.5 - https:\/\/yoast.com\/product\/yoast-seo-wordpress\/ -->\n<title>Besinnliche Stimmung am Bahnhof - Paulinenaue<\/title>\n<meta name=\"robots\" content=\"index, follow, max-snippet:-1, max-image-preview:large, max-video-preview:-1\" \/>\n<link rel=\"canonical\" href=\"https:\/\/paulinenaue.info\/index.php\/besinnliche-stimmung-am-bahnhof\/\" \/>\n<meta property=\"og:locale\" content=\"de_DE\" \/>\n<meta property=\"og:type\" content=\"article\" \/>\n<meta property=\"og:title\" content=\"Besinnliche Stimmung am Bahnhof - Paulinenaue\" \/>\n<meta property=\"og:description\" content=\"Seit Montag liegt nun auch am Bahnhof bereits ein Hauch [&hellip;]\" \/>\n<meta property=\"og:url\" content=\"https:\/\/paulinenaue.info\/index.php\/besinnliche-stimmung-am-bahnhof\/\" \/>\n<meta property=\"og:site_name\" content=\"Paulinenaue\" \/>\n<meta property=\"article:published_time\" content=\"2019-11-26T18:37:47+00:00\" \/>\n<meta property=\"article:modified_time\" content=\"2019-11-26T18:39:02+00:00\" \/>\n<meta property=\"og:image\" content=\"https:\/\/i1.wp.com\/paulinenaue.info\/wp-content\/uploads\/2019\/11\/Stern-Bahnhof.jpg?fit=1599%2C899&ssl=1\" \/>\n\t<meta property=\"og:image:width\" content=\"1599\" \/>\n\t<meta property=\"og:image:height\" content=\"899\" \/>\n\t<meta property=\"og:image:type\" content=\"image\/jpeg\" \/>\n<meta name=\"author\" content=\"Sarah\" \/>\n<meta name=\"twitter:card\" content=\"summary_large_image\" \/>\n<meta name=\"twitter:label1\" content=\"Verfasst von\" \/>\n\t<meta name=\"twitter:data1\" content=\"Sarah\" \/>\n<script type=\"application\/ld+json\" class=\"yoast-schema-graph\">{\"@context\":\"https:\\\/\\\/schema.org\",\"@graph\":[{\"@type\":\"Article\",\"@id\":\"https:\\\/\\\/paulinenaue.info\\\/index.php\\\/besinnliche-stimmung-am-bahnhof\\\/#article\",\"isPartOf\":{\"@id\":\"https:\\\/\\\/paulinenaue.info\\\/index.php\\\/besinnliche-stimmung-am-bahnhof\\\/\"},\"author\":{\"name\":\"Sarah\",\"@id\":\"https:\\\/\\\/paulinenaue.info\\\/#\\\/schema\\\/person\\\/e5be566a57b5b3f65d2c65a58c42325e\"},\"headline\":\"Besinnliche Stimmung am Bahnhof\",\"datePublished\":\"2019-11-26T18:37:47+00:00\",\"dateModified\":\"2019-11-26T18:39:02+00:00\",\"mainEntityOfPage\":{\"@id\":\"https:\\\/\\\/paulinenaue.info\\\/index.php\\\/besinnliche-stimmung-am-bahnhof\\\/\"},\"wordCount\":69,\"commentCount\":0,\"image\":{\"@id\":\"https:\\\/\\\/paulinenaue.info\\\/index.php\\\/besinnliche-stimmung-am-bahnhof\\\/#primaryimage\"},\"thumbnailUrl\":\"https:\\\/\\\/paulinenaue.info\\\/wp-content\\\/uploads\\\/2019\\\/11\\\/Stern-Bahnhof.jpg\",\"keywords\":[\"Bahnhof\",\"Weihnachtsstern\"],\"articleSection\":{\"1\":\"Bahnhof\",\"2\":\"Kulturverein\",\"3\":\"Neuigkeiten\"},\"inLanguage\":\"de\",\"potentialAction\":[{\"@type\":\"CommentAction\",\"name\":\"Comment\",\"target\":[\"https:\\\/\\\/paulinenaue.info\\\/index.php\\\/besinnliche-stimmung-am-bahnhof\\\/#respond\"]}]},{\"@type\":\"WebPage\",\"@id\":\"https:\\\/\\\/paulinenaue.info\\\/index.php\\\/besinnliche-stimmung-am-bahnhof\\\/\",\"url\":\"https:\\\/\\\/paulinenaue.info\\\/index.php\\\/besinnliche-stimmung-am-bahnhof\\\/\",\"name\":\"Besinnliche Stimmung am Bahnhof - Paulinenaue\",\"isPartOf\":{\"@id\":\"https:\\\/\\\/paulinenaue.info\\\/#website\"},\"primaryImageOfPage\":{\"@id\":\"https:\\\/\\\/paulinenaue.info\\\/index.php\\\/besinnliche-stimmung-am-bahnhof\\\/#primaryimage\"},\"image\":{\"@id\":\"https:\\\/\\\/paulinenaue.info\\\/index.php\\\/besinnliche-stimmung-am-bahnhof\\\/#primaryimage\"},\"thumbnailUrl\":\"https:\\\/\\\/paulinenaue.info\\\/wp-content\\\/uploads\\\/2019\\\/11\\\/Stern-Bahnhof.jpg\",\"datePublished\":\"2019-11-26T18:37:47+00:00\",\"dateModified\":\"2019-11-26T18:39:02+00:00\",\"author\":{\"@id\":\"https:\\\/\\\/paulinenaue.info\\\/#\\\/schema\\\/person\\\/e5be566a57b5b3f65d2c65a58c42325e\"},\"breadcrumb\":{\"@id\":\"https:\\\/\\\/paulinenaue.info\\\/index.php\\\/besinnliche-stimmung-am-bahnhof\\\/#breadcrumb\"},\"inLanguage\":\"de\",\"potentialAction\":[{\"@type\":\"ReadAction\",\"target\":[\"https:\\\/\\\/paulinenaue.info\\\/index.php\\\/besinnliche-stimmung-am-bahnhof\\\/\"]}]},{\"@type\":\"ImageObject\",\"inLanguage\":\"de\",\"@id\":\"https:\\\/\\\/paulinenaue.info\\\/index.php\\\/besinnliche-stimmung-am-bahnhof\\\/#primaryimage\",\"url\":\"https:\\\/\\\/paulinenaue.info\\\/wp-content\\\/uploads\\\/2019\\\/11\\\/Stern-Bahnhof.jpg\",\"contentUrl\":\"https:\\\/\\\/paulinenaue.info\\\/wp-content\\\/uploads\\\/2019\\\/11\\\/Stern-Bahnhof.jpg\",\"width\":1599,\"height\":899,\"caption\":\"Foto: Jan Gabriel\"},{\"@type\":\"BreadcrumbList\",\"@id\":\"https:\\\/\\\/paulinenaue.info\\\/index.php\\\/besinnliche-stimmung-am-bahnhof\\\/#breadcrumb\",\"itemListElement\":[{\"@type\":\"ListItem\",\"position\":1,\"name\":\"Home\",\"item\":\"https:\\\/\\\/paulinenaue.info\\\/\"},{\"@type\":\"ListItem\",\"position\":2,\"name\":\"Besinnliche Stimmung am Bahnhof\"}]},{\"@type\":\"WebSite\",\"@id\":\"https:\\\/\\\/paulinenaue.info\\\/#website\",\"url\":\"https:\\\/\\\/paulinenaue.info\\\/\",\"name\":\"Paulinenaue\",\"description\":\"Ein Dorf im Havelland\",\"potentialAction\":[{\"@type\":\"SearchAction\",\"target\":{\"@type\":\"EntryPoint\",\"urlTemplate\":\"https:\\\/\\\/paulinenaue.info\\\/?s={search_term_string}\"},\"query-input\":{\"@type\":\"PropertyValueSpecification\",\"valueRequired\":true,\"valueName\":\"search_term_string\"}}],\"inLanguage\":\"de\"},{\"@type\":\"Person\",\"@id\":\"https:\\\/\\\/paulinenaue.info\\\/#\\\/schema\\\/person\\\/e5be566a57b5b3f65d2c65a58c42325e\",\"name\":\"Sarah\",\"url\":\"https:\\\/\\\/paulinenaue.info\\\/index.php\\\/author\\\/sarah\\\/\"}]}<\/script>\n<!-- \/ Yoast SEO plugin. -->","yoast_head_json":{"title":"Besinnliche Stimmung am Bahnhof - Paulinenaue","robots":{"index":"index","follow":"follow","max-snippet":"max-snippet:-1","max-image-preview":"max-image-preview:large","max-video-preview":"max-video-preview:-1"},"canonical":"https:\/\/paulinenaue.info\/index.php\/besinnliche-stimmung-am-bahnhof\/","og_locale":"de_DE","og_type":"article","og_title":"Besinnliche Stimmung am Bahnhof - Paulinenaue","og_description":"Seit Montag liegt nun auch am Bahnhof bereits ein Hauch [&hellip;]","og_url":"https:\/\/paulinenaue.info\/index.php\/besinnliche-stimmung-am-bahnhof\/","og_site_name":"Paulinenaue","article_published_time":"2019-11-26T18:37:47+00:00","article_modified_time":"2019-11-26T18:39:02+00:00","og_image":[{"width":1599,"height":899,"url":"https:\/\/i1.wp.com\/paulinenaue.info\/wp-content\/uploads\/2019\/11\/Stern-Bahnhof.jpg?fit=1599%2C899&ssl=1","type":"image\/jpeg"}],"author":"Sarah","twitter_card":"summary_large_image","twitter_misc":{"Verfasst von":"Sarah"},"schema":{"@context":"https:\/\/schema.org","@graph":[{"@type":"Article","@id":"https:\/\/paulinenaue.info\/index.php\/besinnliche-stimmung-am-bahnhof\/#article","isPartOf":{"@id":"https:\/\/paulinenaue.info\/index.php\/besinnliche-stimmung-am-bahnhof\/"},"author":{"name":"Sarah","@id":"https:\/\/paulinenaue.info\/#\/schema\/person\/e5be566a57b5b3f65d2c65a58c42325e"},"headline":"Besinnliche Stimmung am Bahnhof","datePublished":"2019-11-26T18:37:47+00:00","dateModified":"2019-11-26T18:39:02+00:00","mainEntityOfPage":{"@id":"https:\/\/paulinenaue.info\/index.php\/besinnliche-stimmung-am-bahnhof\/"},"wordCount":69,"commentCount":0,"image":{"@id":"https:\/\/paulinenaue.info\/index.php\/besinnliche-stimmung-am-bahnhof\/#primaryimage"},"thumbnailUrl":"https:\/\/paulinenaue.info\/wp-content\/uploads\/2019\/11\/Stern-Bahnhof.jpg","keywords":["Bahnhof","Weihnachtsstern"],"articleSection":{"1":"Bahnhof","2":"Kulturverein","3":"Neuigkeiten"},"inLanguage":"de","potentialAction":[{"@type":"CommentAction","name":"Comment","target":["https:\/\/paulinenaue.info\/index.php\/besinnliche-stimmung-am-bahnhof\/#respond"]}]},{"@type":"WebPage","@id":"https:\/\/paulinenaue.info\/index.php\/besinnliche-stimmung-am-bahnhof\/","url":"https:\/\/paulinenaue.info\/index.php\/besinnliche-stimmung-am-bahnhof\/","name":"Besinnliche Stimmung am Bahnhof - Paulinenaue","isPartOf":{"@id":"https:\/\/paulinenaue.info\/#website"},"primaryImageOfPage":{"@id":"https:\/\/paulinenaue.info\/index.php\/besinnliche-stimmung-am-bahnhof\/#primaryimage"},"image":{"@id":"https:\/\/paulinenaue.info\/index.php\/besinnliche-stimmung-am-bahnhof\/#primaryimage"},"thumbnailUrl":"https:\/\/paulinenaue.info\/wp-content\/uploads\/2019\/11\/Stern-Bahnhof.jpg","datePublished":"2019-11-26T18:37:47+00:00","dateModified":"2019-11-26T18:39:02+00:00","author":{"@id":"https:\/\/paulinenaue.info\/#\/schema\/person\/e5be566a57b5b3f65d2c65a58c42325e"},"breadcrumb":{"@id":"https:\/\/paulinenaue.info\/index.php\/besinnliche-stimmung-am-bahnhof\/#breadcrumb"},"inLanguage":"de","potentialAction":[{"@type":"ReadAction","target":["https:\/\/paulinenaue.info\/index.php\/besinnliche-stimmung-am-bahnhof\/"]}]},{"@type":"ImageObject","inLanguage":"de","@id":"https:\/\/paulinenaue.info\/index.php\/besinnliche-stimmung-am-bahnhof\/#primaryimage","url":"https:\/\/paulinenaue.info\/wp-content\/uploads\/2019\/11\/Stern-Bahnhof.jpg","contentUrl":"https:\/\/paulinenaue.info\/wp-content\/uploads\/2019\/11\/Stern-Bahnhof.jpg","width":1599,"height":899,"caption":"Foto: Jan Gabriel"},{"@type":"BreadcrumbList","@id":"https:\/\/paulinenaue.info\/index.php\/besinnliche-stimmung-am-bahnhof\/#breadcrumb","itemListElement":[{"@type":"ListItem","position":1,"name":"Home","item":"https:\/\/paulinenaue.info\/"},{"@type":"ListItem","position":2,"name":"Besinnliche Stimmung am Bahnhof"}]},{"@type":"WebSite","@id":"https:\/\/paulinenaue.info\/#website","url":"https:\/\/paulinenaue.info\/","name":"Paulinenaue","description":"Ein Dorf im Havelland","potentialAction":[{"@type":"SearchAction","target":{"@type":"EntryPoint","urlTemplate":"https:\/\/paulinenaue.info\/?s={search_term_string}"},"query-input":{"@type":"PropertyValueSpecification","valueRequired":true,"valueName":"search_term_string"}}],"inLanguage":"de"},{"@type":"Person","@id":"https:\/\/paulinenaue.info\/#\/schema\/person\/e5be566a57b5b3f65d2c65a58c42325e","name":"Sarah","url":"https:\/\/paulinenaue.info\/index.php\/author\/sarah\/"}]}},"jetpack_publicize_connections":[],"jetpack_featured_media_url":"https:\/\/paulinenaue.info\/wp-content\/uploads\/2019\/11\/Stern-Bahnhof.jpg","jetpack_sharing_enabled":true,"jetpack_shortlink":"https:\/\/wp.me\/pcYhWA-1la","jetpack-related-posts":[{"id":418507,"url":"https:\/\/paulinenaue.info\/index.php\/kalender-2026-mit-innenansichten-des-bahnhofs\/","url_meta":{"origin":5156,"position":0},"title":"Kalender 2026 mit Innenansichten des Bahnhofs","author":"Joachim Scholz","date":"12. November 2025","format":false,"excerpt":"Die Videok\u00fcnstlerin und Fotografin Susanne Hofer aus Z\u00fcrich ist regelm\u00e4\u00dfig in Paulinenaue zu Besuch. Im verbretterten, in Dunkelheit geh\u00fcllten Bahnhof begibt sie sich dann mit Kamera, Stativ und Taschenlampe auf die Suche nach Zeitspuren und Motiven. Das sp\u00e4rliche Sonnenlicht, das durch Ritzen und L\u00f6cher in die R\u00e4ume dringt, vermischt sich\u2026","rel":"","context":"In &quot;Allgemein&quot;","block_context":{"text":"Allgemein","link":"https:\/\/paulinenaue.info\/index.php\/category\/allgemein\/"},"img":{"alt_text":"","src":"https:\/\/i0.wp.com\/paulinenaue.info\/wp-content\/uploads\/2025\/11\/2026_Paulinenaue_Kalender.jpg?resize=350%2C200&ssl=1","width":350,"height":200,"srcset":"https:\/\/i0.wp.com\/paulinenaue.info\/wp-content\/uploads\/2025\/11\/2026_Paulinenaue_Kalender.jpg?resize=350%2C200&ssl=1 1x, https:\/\/i0.wp.com\/paulinenaue.info\/wp-content\/uploads\/2025\/11\/2026_Paulinenaue_Kalender.jpg?resize=525%2C300&ssl=1 1.5x, https:\/\/i0.wp.com\/paulinenaue.info\/wp-content\/uploads\/2025\/11\/2026_Paulinenaue_Kalender.jpg?resize=700%2C400&ssl=1 2x"},"classes":[]},{"id":5282,"url":"https:\/\/paulinenaue.info\/index.php\/fleissige-haende-fuer-einen-einsatz-am-paulinenauer-bahnhof-gesucht\/","url_meta":{"origin":5156,"position":1},"title":"Flei\u00dfige H\u00e4nde f\u00fcr einen Einsatz am Paulinenauer Bahnhof gesucht","author":"Sarah","date":"25. Mai 2020","format":false,"excerpt":"Liebe Kulturvereinsmitglieder, liebe Paulinenaue-Interessierte, liebe Paulinenauer, im letzten Jahr hat der Paulinenauer Kulturverein KLI-F\u00f6rdergelder (kleine lokale Initiativen) \u00fcber die LAG in H\u00f6he von 5000,-\u20ac erhalten und davon bereits die Treppenstufen zum Bahnhof wieder aufnehmen sowie einen Stromanschluss legen lassen. Nun fehlt noch die Eigenleistung, die zu erbringen ist. Am 05.\u2026","rel":"","context":"In &quot;Kulturverein&quot;","block_context":{"text":"Kulturverein","link":"https:\/\/paulinenaue.info\/index.php\/category\/kulturverein\/"},"img":{"alt_text":"","src":"https:\/\/i0.wp.com\/paulinenaue.info\/wp-content\/uploads\/2017\/06\/paulinenaue_fassade.jpg?resize=350%2C200&ssl=1","width":350,"height":200},"classes":[]},{"id":5168,"url":"https:\/\/paulinenaue.info\/index.php\/wieder-sicheren-fusses-in-den-bahnhof-gelangen\/","url_meta":{"origin":5156,"position":2},"title":"Wieder sicheren Fu\u00dfes in den Bahnhof gelangen","author":"Sarah","date":"4. Dezember 2019","format":false,"excerpt":"Text und Fotos: Jan Gabriel Nach einigem Anlauf ist es nun soweit: die Eingangstreppe zum Bahnhofsgeb\u00e4ude konnte aus Initiative unseres Kulturvereins Paulinenaue e.V. mit Hilfe von F\u00f6rdergeldern aus dem KLI - Programm der LAG saniert und wieder standfest und begehbar gemacht werden. Die Firma EL-Bau aus Nennhausen hat sich der\u2026","rel":"","context":"In &quot;Allgemein&quot;","block_context":{"text":"Allgemein","link":"https:\/\/paulinenaue.info\/index.php\/category\/allgemein\/"},"img":{"alt_text":"","src":"https:\/\/i0.wp.com\/paulinenaue.info\/wp-content\/uploads\/2019\/12\/DSC_5873-scaled.jpg?resize=350%2C200&ssl=1","width":350,"height":200,"srcset":"https:\/\/i0.wp.com\/paulinenaue.info\/wp-content\/uploads\/2019\/12\/DSC_5873-scaled.jpg?resize=350%2C200&ssl=1 1x, https:\/\/i0.wp.com\/paulinenaue.info\/wp-content\/uploads\/2019\/12\/DSC_5873-scaled.jpg?resize=525%2C300&ssl=1 1.5x, https:\/\/i0.wp.com\/paulinenaue.info\/wp-content\/uploads\/2019\/12\/DSC_5873-scaled.jpg?resize=700%2C400&ssl=1 2x, https:\/\/i0.wp.com\/paulinenaue.info\/wp-content\/uploads\/2019\/12\/DSC_5873-scaled.jpg?resize=1050%2C600&ssl=1 3x, https:\/\/i0.wp.com\/paulinenaue.info\/wp-content\/uploads\/2019\/12\/DSC_5873-scaled.jpg?resize=1400%2C800&ssl=1 4x"},"classes":[]},{"id":5362,"url":"https:\/\/paulinenaue.info\/index.php\/einsatz-im-bahnhof\/","url_meta":{"origin":5156,"position":3},"title":"Einsatz im Bahnhof","author":"Joachim Scholz","date":"11. Juni 2020","format":false,"excerpt":"Im letzten Jahr konnte durch Mittel aus dem Programm \u201eKleine lokale Initiativen\u201c, die der Kulturverein eingeworben hatte, die Durchgangshalle des Bahnhofsgeb\u00e4udes wieder zug\u00e4nglich gemacht werden. Die Treppe wurde wieder hergerichtet, Strom verlegt und die maroden T\u00fcren erhielten eine neue Verglasung. Auch vom Interesse und den kleinen Interventionen eines Seminars aus\u2026","rel":"","context":"In &quot;Allgemein&quot;","block_context":{"text":"Allgemein","link":"https:\/\/paulinenaue.info\/index.php\/category\/allgemein\/"},"img":{"alt_text":"","src":"https:\/\/i0.wp.com\/paulinenaue.info\/wp-content\/uploads\/2020\/06\/DSC09760.jpg?resize=350%2C200&ssl=1","width":350,"height":200,"srcset":"https:\/\/i0.wp.com\/paulinenaue.info\/wp-content\/uploads\/2020\/06\/DSC09760.jpg?resize=350%2C200&ssl=1 1x, https:\/\/i0.wp.com\/paulinenaue.info\/wp-content\/uploads\/2020\/06\/DSC09760.jpg?resize=525%2C300&ssl=1 1.5x, https:\/\/i0.wp.com\/paulinenaue.info\/wp-content\/uploads\/2020\/06\/DSC09760.jpg?resize=700%2C400&ssl=1 2x, https:\/\/i0.wp.com\/paulinenaue.info\/wp-content\/uploads\/2020\/06\/DSC09760.jpg?resize=1050%2C600&ssl=1 3x, https:\/\/i0.wp.com\/paulinenaue.info\/wp-content\/uploads\/2020\/06\/DSC09760.jpg?resize=1400%2C800&ssl=1 4x"},"classes":[]},{"id":5006,"url":"https:\/\/paulinenaue.info\/index.php\/bahnhof-unter-strom-am-tag-des-offenen-denkmals\/","url_meta":{"origin":5156,"position":4},"title":"Bahnhof unter Strom am Tag des offenen Denkmals","author":"Joachim Scholz","date":"9. September 2019","format":false,"excerpt":"Wieder einmal lockte der \u201eTag des offenen Denkmals\u201c am ersten Septemberwochenende viele Schaulustige nach Paulinenaue. Der Kulturverein hatte daf\u00fcr gesorgt, dass das Bahnhofsgeb\u00e4ude an diesem Tag ge\u00f6ffnet wurde. Die beiden F\u00fchrungen durch das 1847 errichtete und 1883 erweiterte imposante Geb\u00e4ude besuchten ca. 60 Personen. Etwas Besonderes war die in Teilen\u2026","rel":"","context":"In &quot;Bahnhof&quot;","block_context":{"text":"Bahnhof","link":"https:\/\/paulinenaue.info\/index.php\/category\/bahnhof\/"},"img":{"alt_text":"","src":"https:\/\/i0.wp.com\/paulinenaue.info\/wp-content\/uploads\/2019\/09\/DSC05546.jpg?resize=350%2C200&ssl=1","width":350,"height":200,"srcset":"https:\/\/i0.wp.com\/paulinenaue.info\/wp-content\/uploads\/2019\/09\/DSC05546.jpg?resize=350%2C200&ssl=1 1x, https:\/\/i0.wp.com\/paulinenaue.info\/wp-content\/uploads\/2019\/09\/DSC05546.jpg?resize=525%2C300&ssl=1 1.5x, https:\/\/i0.wp.com\/paulinenaue.info\/wp-content\/uploads\/2019\/09\/DSC05546.jpg?resize=700%2C400&ssl=1 2x"},"classes":[]},{"id":5098,"url":"https:\/\/paulinenaue.info\/index.php\/tu-studierende-im-bahnhof\/","url_meta":{"origin":5156,"position":5},"title":"TU-Studierende im Bahnhof","author":"Sarah","date":"13. November 2019","format":false,"excerpt":"Wie k\u00f6nnen wir den Bahnhof wieder sichtbar machen? Was k\u00f6nnen wir selbst daf\u00fcr tun? Und: Wie wollen wir den Bahnhof wieder lebendig werden lassen? Fragestellungen wie diese gibt es nicht erst seit gestern. Wer in Paulinenaue wohnt oder t\u00e4glich von hier aus mit der Bahn pendelt, hat sicher die ein\u2026","rel":"","context":"In &quot;Allgemein&quot;","block_context":{"text":"Allgemein","link":"https:\/\/paulinenaue.info\/index.php\/category\/allgemein\/"},"img":{"alt_text":"","src":"https:\/\/i0.wp.com\/paulinenaue.info\/wp-content\/uploads\/2019\/11\/01_Paulinenaue11-11-19.jpeg?resize=350%2C200&ssl=1","width":350,"height":200,"srcset":"https:\/\/i0.wp.com\/paulinenaue.info\/wp-content\/uploads\/2019\/11\/01_Paulinenaue11-11-19.jpeg?resize=350%2C200&ssl=1 1x, https:\/\/i0.wp.com\/paulinenaue.info\/wp-content\/uploads\/2019\/11\/01_Paulinenaue11-11-19.jpeg?resize=525%2C300&ssl=1 1.5x, https:\/\/i0.wp.com\/paulinenaue.info\/wp-content\/uploads\/2019\/11\/01_Paulinenaue11-11-19.jpeg?resize=700%2C400&ssl=1 2x, https:\/\/i0.wp.com\/paulinenaue.info\/wp-content\/uploads\/2019\/11\/01_Paulinenaue11-11-19.jpeg?resize=1050%2C600&ssl=1 3x, https:\/\/i0.wp.com\/paulinenaue.info\/wp-content\/uploads\/2019\/11\/01_Paulinenaue11-11-19.jpeg?resize=1400%2C800&ssl=1 4x"},"classes":[]}],"_links":{"self":[{"href":"https:\/\/paulinenaue.info\/index.php\/wp-json\/wp\/v2\/posts\/5156","targetHints":{"allow":["GET"]}}],"collection":[{"href":"https:\/\/paulinenaue.info\/index.php\/wp-json\/wp\/v2\/posts"}],"about":[{"href":"https:\/\/paulinenaue.info\/index.php\/wp-json\/wp\/v2\/types\/post"}],"author":[{"embeddable":true,"href":"https:\/\/paulinenaue.info\/index.php\/wp-json\/wp\/v2\/users\/3"}],"replies":[{"embeddable":true,"href":"https:\/\/paulinenaue.info\/index.php\/wp-json\/wp\/v2\/comments?post=5156"}],"version-history":[{"count":2,"href":"https:\/\/paulinenaue.info\/index.php\/wp-json\/wp\/v2\/posts\/5156\/revisions"}],"predecessor-version":[{"id":5159,"href":"https:\/\/paulinenaue.info\/index.php\/wp-json\/wp\/v2\/posts\/5156\/revisions\/5159"}],"wp:featuredmedia":[{"embeddable":true,"href":"https:\/\/paulinenaue.info\/index.php\/wp-json\/wp\/v2\/media\/5157"}],"wp:attachment":[{"href":"https:\/\/paulinenaue.info\/index.php\/wp-json\/wp\/v2\/media?parent=5156"}],"wp:term":[{"taxonomy":"category","embeddable":true,"href":"https:\/\/paulinenaue.info\/index.php\/wp-json\/wp\/v2\/categories?post=5156"},{"taxonomy":"post_tag","embeddable":true,"href":"https:\/\/paulinenaue.info\/index.php\/wp-json\/wp\/v2\/tags?post=5156"}],"curies":[{"name":"wp","href":"https:\/\/api.w.org\/{rel}","templated":true}]}}