{"id":518,"date":"2016-11-05T16:54:32","date_gmt":"2016-11-05T15:54:32","guid":{"rendered":"http:\/\/paulinenaue.info\/?p=518"},"modified":"2016-11-05T17:24:21","modified_gmt":"2016-11-05T16:24:21","slug":"10-weihnachtsmarkt-in-paulinenaue","status":"publish","type":"post","link":"https:\/\/paulinenaue.info\/index.php\/10-weihnachtsmarkt-in-paulinenaue\/","title":{"rendered":"10. Weihnachtsmarkt in Paulinenaue"},"content":{"rendered":"<p>Am Samstag vor dem ersten Advent findet nunmehr zum 10. Mal der Weihnachtsmarkt rund um die Kirche in Paulinenaue statt.<\/p>\n<p>Wie gewohnt, wird es wieder zahlreiche Leckereien und Handarbeiten zu bestaunen und zu erwerben geben. Das traditionelle vorweihnachtliche Bastelangebot wird in diesem Jahr drau\u00dfen stattfinden.<\/p>\n<p><a href=\"http:\/\/paulinenaue.info\/wp-content\/uploads\/2016\/11\/flyer-fertig-vorn.jpg\"><img decoding=\"async\" data-attachment-id=\"519\" data-permalink=\"https:\/\/paulinenaue.info\/index.php\/10-weihnachtsmarkt-in-paulinenaue\/flyer-fertig-vorn\/\" data-orig-file=\"https:\/\/paulinenaue.info\/wp-content\/uploads\/2016\/11\/flyer-fertig-vorn-e1478361853777.jpg\" data-orig-size=\"260,251\" data-comments-opened=\"1\" data-image-meta=\"{&quot;aperture&quot;:&quot;0&quot;,&quot;credit&quot;:&quot;&quot;,&quot;camera&quot;:&quot;&quot;,&quot;caption&quot;:&quot;&quot;,&quot;created_timestamp&quot;:&quot;0&quot;,&quot;copyright&quot;:&quot;&quot;,&quot;focal_length&quot;:&quot;0&quot;,&quot;iso&quot;:&quot;0&quot;,&quot;shutter_speed&quot;:&quot;0&quot;,&quot;title&quot;:&quot;&quot;,&quot;orientation&quot;:&quot;0&quot;}\" data-image-title=\"flyer-fertig-vorn\" data-image-description=\"\" data-image-caption=\"\" data-large-file=\"https:\/\/paulinenaue.info\/wp-content\/uploads\/2016\/11\/flyer-fertig-vorn-e1478361853777.jpg\" class=\"lazyload alignnone size-medium wp-image-519\" src=\"data:image\/gif;base64,R0lGODlhAQABAAAAACH5BAEKAAEALAAAAAABAAEAAAICTAEAOw==\" data-orig-src=\"http:\/\/paulinenaue.info\/wp-content\/uploads\/2016\/11\/flyer-fertig-vorn-140x300.jpg\" alt=\"flyer-fertig-vorn\" \/><\/a>\u00a0\u00a0\u00a0\u00a0 <a href=\"http:\/\/paulinenaue.info\/wp-content\/uploads\/2016\/11\/flyer-fertig-hinten.jpg\"><img decoding=\"async\" width=\"140\" height=\"300\" data-attachment-id=\"520\" data-permalink=\"https:\/\/paulinenaue.info\/index.php\/10-weihnachtsmarkt-in-paulinenaue\/flyer-fertig-hinten\/\" data-orig-file=\"https:\/\/paulinenaue.info\/wp-content\/uploads\/2016\/11\/flyer-fertig-hinten.jpg\" data-orig-size=\"278,595\" data-comments-opened=\"1\" data-image-meta=\"{&quot;aperture&quot;:&quot;0&quot;,&quot;credit&quot;:&quot;&quot;,&quot;camera&quot;:&quot;&quot;,&quot;caption&quot;:&quot;&quot;,&quot;created_timestamp&quot;:&quot;0&quot;,&quot;copyright&quot;:&quot;&quot;,&quot;focal_length&quot;:&quot;0&quot;,&quot;iso&quot;:&quot;0&quot;,&quot;shutter_speed&quot;:&quot;0&quot;,&quot;title&quot;:&quot;&quot;,&quot;orientation&quot;:&quot;0&quot;}\" data-image-title=\"flyer-fertig-hinten\" data-image-description=\"\" data-image-caption=\"\" data-large-file=\"https:\/\/paulinenaue.info\/wp-content\/uploads\/2016\/11\/flyer-fertig-hinten.jpg\" class=\"lazyload alignnone size-medium wp-image-520\" src=\"http:\/\/paulinenaue.info\/wp-content\/uploads\/2016\/11\/flyer-fertig-hinten-140x300.jpg\" data-orig-src=\"http:\/\/paulinenaue.info\/wp-content\/uploads\/2016\/11\/flyer-fertig-hinten-140x300.jpg\" alt=\"flyer-fertig-hinten\" srcset=\"data:image\/svg+xml,%3Csvg%20xmlns%3D%27http%3A%2F%2Fwww.w3.org%2F2000%2Fsvg%27%20width%3D%27140%27%20height%3D%27300%27%20viewBox%3D%270%200%20140%20300%27%3E%3Crect%20width%3D%27140%27%20height%3D%27300%27%20fill-opacity%3D%220%22%2F%3E%3C%2Fsvg%3E\" data-srcset=\"https:\/\/paulinenaue.info\/wp-content\/uploads\/2016\/11\/flyer-fertig-hinten-140x300.jpg 140w, https:\/\/paulinenaue.info\/wp-content\/uploads\/2016\/11\/flyer-fertig-hinten.jpg 278w\" data-sizes=\"auto\" data-orig-sizes=\"(max-width: 140px) 100vw, 140px\" \/><\/a><\/p>\n","protected":false},"excerpt":{"rendered":"<p>Am Samstag vor dem ersten Advent findet nunmehr zum 10. [&hellip;]<\/p>\n","protected":false},"author":4,"featured_media":527,"comment_status":"open","ping_status":"open","sticky":false,"template":"","format":"standard","meta":{"_acf_changed":false,"_price":"","_stock":"","_tribe_ticket_header":"","_tribe_default_ticket_provider":"","_tribe_ticket_capacity":"0","_ticket_start_date":"","_ticket_end_date":"","_tribe_ticket_show_description":"","_tribe_ticket_show_not_going":false,"_tribe_ticket_use_global_stock":"","_tribe_ticket_global_stock_level":"","_global_stock_mode":"","_global_stock_cap":"","_tribe_rsvp_for_event":"","_tribe_ticket_going_count":"","_tribe_ticket_not_going_count":"","_tribe_tickets_list":"[]","_tribe_ticket_has_attendee_info_fields":false,"jetpack_post_was_ever_published":false,"_jetpack_newsletter_access":"","_jetpack_dont_email_post_to_subs":false,"_jetpack_newsletter_tier_id":0,"_jetpack_memberships_contains_paywalled_content":false,"_jetpack_memberships_contains_paid_content":false,"footnotes":"","jetpack_publicize_message":"","jetpack_publicize_feature_enabled":true,"jetpack_social_post_already_shared":false,"jetpack_social_options":{"image_generator_settings":{"template":"highway","default_image_id":0,"font":"","enabled":false},"version":2}},"categories":[9],"tags":[],"class_list":["post-518","post","type-post","status-publish","format-standard","has-post-thumbnail","hentry","category-neuigkeiten"],"acf":[],"yoast_head":"<!-- This site is optimized with the Yoast SEO plugin v27.5 - https:\/\/yoast.com\/product\/yoast-seo-wordpress\/ -->\n<title>10. Weihnachtsmarkt in Paulinenaue - Paulinenaue<\/title>\n<meta name=\"robots\" content=\"index, follow, max-snippet:-1, max-image-preview:large, max-video-preview:-1\" \/>\n<link rel=\"canonical\" href=\"https:\/\/paulinenaue.info\/index.php\/10-weihnachtsmarkt-in-paulinenaue\/\" \/>\n<meta property=\"og:locale\" content=\"de_DE\" \/>\n<meta property=\"og:type\" content=\"article\" \/>\n<meta property=\"og:title\" content=\"10. Weihnachtsmarkt in Paulinenaue - Paulinenaue\" \/>\n<meta property=\"og:description\" content=\"Am Samstag vor dem ersten Advent findet nunmehr zum 10. [&hellip;]\" \/>\n<meta property=\"og:url\" content=\"https:\/\/paulinenaue.info\/index.php\/10-weihnachtsmarkt-in-paulinenaue\/\" \/>\n<meta property=\"og:site_name\" content=\"Paulinenaue\" \/>\n<meta property=\"article:published_time\" content=\"2016-11-05T15:54:32+00:00\" \/>\n<meta property=\"article:modified_time\" content=\"2016-11-05T16:24:21+00:00\" \/>\n<meta property=\"og:image\" content=\"https:\/\/i2.wp.com\/paulinenaue.info\/wp-content\/uploads\/2016\/11\/kugel-e1478363154481.jpg?fit=278%2C196&ssl=1\" \/>\n\t<meta property=\"og:image:width\" content=\"278\" \/>\n\t<meta property=\"og:image:height\" content=\"196\" \/>\n\t<meta property=\"og:image:type\" content=\"image\/jpeg\" \/>\n<meta name=\"author\" content=\"Donata Kienitz-Jannermann\" \/>\n<meta name=\"twitter:card\" content=\"summary_large_image\" \/>\n<meta name=\"twitter:label1\" content=\"Verfasst von\" \/>\n\t<meta name=\"twitter:data1\" content=\"Donata Kienitz-Jannermann\" \/>\n<script type=\"application\/ld+json\" class=\"yoast-schema-graph\">{\"@context\":\"https:\\\/\\\/schema.org\",\"@graph\":[{\"@type\":\"Article\",\"@id\":\"https:\\\/\\\/paulinenaue.info\\\/index.php\\\/10-weihnachtsmarkt-in-paulinenaue\\\/#article\",\"isPartOf\":{\"@id\":\"https:\\\/\\\/paulinenaue.info\\\/index.php\\\/10-weihnachtsmarkt-in-paulinenaue\\\/\"},\"author\":{\"name\":\"Donata Kienitz-Jannermann\",\"@id\":\"https:\\\/\\\/paulinenaue.info\\\/#\\\/schema\\\/person\\\/b8930b3a7b6e83e01e533fec0389213c\"},\"headline\":\"10. Weihnachtsmarkt in Paulinenaue\",\"datePublished\":\"2016-11-05T15:54:32+00:00\",\"dateModified\":\"2016-11-05T16:24:21+00:00\",\"mainEntityOfPage\":{\"@id\":\"https:\\\/\\\/paulinenaue.info\\\/index.php\\\/10-weihnachtsmarkt-in-paulinenaue\\\/\"},\"wordCount\":48,\"commentCount\":1,\"image\":{\"@id\":\"https:\\\/\\\/paulinenaue.info\\\/index.php\\\/10-weihnachtsmarkt-in-paulinenaue\\\/#primaryimage\"},\"thumbnailUrl\":\"https:\\\/\\\/paulinenaue.info\\\/wp-content\\\/uploads\\\/2016\\\/11\\\/kugel-e1478363154481.jpg\",\"articleSection\":[\"Neuigkeiten\"],\"inLanguage\":\"de\",\"potentialAction\":[{\"@type\":\"CommentAction\",\"name\":\"Comment\",\"target\":[\"https:\\\/\\\/paulinenaue.info\\\/index.php\\\/10-weihnachtsmarkt-in-paulinenaue\\\/#respond\"]}]},{\"@type\":\"WebPage\",\"@id\":\"https:\\\/\\\/paulinenaue.info\\\/index.php\\\/10-weihnachtsmarkt-in-paulinenaue\\\/\",\"url\":\"https:\\\/\\\/paulinenaue.info\\\/index.php\\\/10-weihnachtsmarkt-in-paulinenaue\\\/\",\"name\":\"10. Weihnachtsmarkt in Paulinenaue - Paulinenaue\",\"isPartOf\":{\"@id\":\"https:\\\/\\\/paulinenaue.info\\\/#website\"},\"primaryImageOfPage\":{\"@id\":\"https:\\\/\\\/paulinenaue.info\\\/index.php\\\/10-weihnachtsmarkt-in-paulinenaue\\\/#primaryimage\"},\"image\":{\"@id\":\"https:\\\/\\\/paulinenaue.info\\\/index.php\\\/10-weihnachtsmarkt-in-paulinenaue\\\/#primaryimage\"},\"thumbnailUrl\":\"https:\\\/\\\/paulinenaue.info\\\/wp-content\\\/uploads\\\/2016\\\/11\\\/kugel-e1478363154481.jpg\",\"datePublished\":\"2016-11-05T15:54:32+00:00\",\"dateModified\":\"2016-11-05T16:24:21+00:00\",\"author\":{\"@id\":\"https:\\\/\\\/paulinenaue.info\\\/#\\\/schema\\\/person\\\/b8930b3a7b6e83e01e533fec0389213c\"},\"breadcrumb\":{\"@id\":\"https:\\\/\\\/paulinenaue.info\\\/index.php\\\/10-weihnachtsmarkt-in-paulinenaue\\\/#breadcrumb\"},\"inLanguage\":\"de\",\"potentialAction\":[{\"@type\":\"ReadAction\",\"target\":[\"https:\\\/\\\/paulinenaue.info\\\/index.php\\\/10-weihnachtsmarkt-in-paulinenaue\\\/\"]}]},{\"@type\":\"ImageObject\",\"inLanguage\":\"de\",\"@id\":\"https:\\\/\\\/paulinenaue.info\\\/index.php\\\/10-weihnachtsmarkt-in-paulinenaue\\\/#primaryimage\",\"url\":\"https:\\\/\\\/paulinenaue.info\\\/wp-content\\\/uploads\\\/2016\\\/11\\\/kugel-e1478363154481.jpg\",\"contentUrl\":\"https:\\\/\\\/paulinenaue.info\\\/wp-content\\\/uploads\\\/2016\\\/11\\\/kugel-e1478363154481.jpg\",\"width\":278,\"height\":196},{\"@type\":\"BreadcrumbList\",\"@id\":\"https:\\\/\\\/paulinenaue.info\\\/index.php\\\/10-weihnachtsmarkt-in-paulinenaue\\\/#breadcrumb\",\"itemListElement\":[{\"@type\":\"ListItem\",\"position\":1,\"name\":\"Home\",\"item\":\"https:\\\/\\\/paulinenaue.info\\\/\"},{\"@type\":\"ListItem\",\"position\":2,\"name\":\"10. Weihnachtsmarkt in Paulinenaue\"}]},{\"@type\":\"WebSite\",\"@id\":\"https:\\\/\\\/paulinenaue.info\\\/#website\",\"url\":\"https:\\\/\\\/paulinenaue.info\\\/\",\"name\":\"Paulinenaue\",\"description\":\"Ein Dorf im Havelland\",\"potentialAction\":[{\"@type\":\"SearchAction\",\"target\":{\"@type\":\"EntryPoint\",\"urlTemplate\":\"https:\\\/\\\/paulinenaue.info\\\/?s={search_term_string}\"},\"query-input\":{\"@type\":\"PropertyValueSpecification\",\"valueRequired\":true,\"valueName\":\"search_term_string\"}}],\"inLanguage\":\"de\"},{\"@type\":\"Person\",\"@id\":\"https:\\\/\\\/paulinenaue.info\\\/#\\\/schema\\\/person\\\/b8930b3a7b6e83e01e533fec0389213c\",\"name\":\"Donata Kienitz-Jannermann\",\"url\":\"https:\\\/\\\/paulinenaue.info\\\/index.php\\\/author\\\/donata\\\/\"}]}<\/script>\n<!-- \/ Yoast SEO plugin. -->","yoast_head_json":{"title":"10. Weihnachtsmarkt in Paulinenaue - Paulinenaue","robots":{"index":"index","follow":"follow","max-snippet":"max-snippet:-1","max-image-preview":"max-image-preview:large","max-video-preview":"max-video-preview:-1"},"canonical":"https:\/\/paulinenaue.info\/index.php\/10-weihnachtsmarkt-in-paulinenaue\/","og_locale":"de_DE","og_type":"article","og_title":"10. Weihnachtsmarkt in Paulinenaue - Paulinenaue","og_description":"Am Samstag vor dem ersten Advent findet nunmehr zum 10. [&hellip;]","og_url":"https:\/\/paulinenaue.info\/index.php\/10-weihnachtsmarkt-in-paulinenaue\/","og_site_name":"Paulinenaue","article_published_time":"2016-11-05T15:54:32+00:00","article_modified_time":"2016-11-05T16:24:21+00:00","og_image":[{"width":278,"height":196,"url":"https:\/\/i2.wp.com\/paulinenaue.info\/wp-content\/uploads\/2016\/11\/kugel-e1478363154481.jpg?fit=278%2C196&ssl=1","type":"image\/jpeg"}],"author":"Donata Kienitz-Jannermann","twitter_card":"summary_large_image","twitter_misc":{"Verfasst von":"Donata Kienitz-Jannermann"},"schema":{"@context":"https:\/\/schema.org","@graph":[{"@type":"Article","@id":"https:\/\/paulinenaue.info\/index.php\/10-weihnachtsmarkt-in-paulinenaue\/#article","isPartOf":{"@id":"https:\/\/paulinenaue.info\/index.php\/10-weihnachtsmarkt-in-paulinenaue\/"},"author":{"name":"Donata Kienitz-Jannermann","@id":"https:\/\/paulinenaue.info\/#\/schema\/person\/b8930b3a7b6e83e01e533fec0389213c"},"headline":"10. Weihnachtsmarkt in Paulinenaue","datePublished":"2016-11-05T15:54:32+00:00","dateModified":"2016-11-05T16:24:21+00:00","mainEntityOfPage":{"@id":"https:\/\/paulinenaue.info\/index.php\/10-weihnachtsmarkt-in-paulinenaue\/"},"wordCount":48,"commentCount":1,"image":{"@id":"https:\/\/paulinenaue.info\/index.php\/10-weihnachtsmarkt-in-paulinenaue\/#primaryimage"},"thumbnailUrl":"https:\/\/paulinenaue.info\/wp-content\/uploads\/2016\/11\/kugel-e1478363154481.jpg","articleSection":["Neuigkeiten"],"inLanguage":"de","potentialAction":[{"@type":"CommentAction","name":"Comment","target":["https:\/\/paulinenaue.info\/index.php\/10-weihnachtsmarkt-in-paulinenaue\/#respond"]}]},{"@type":"WebPage","@id":"https:\/\/paulinenaue.info\/index.php\/10-weihnachtsmarkt-in-paulinenaue\/","url":"https:\/\/paulinenaue.info\/index.php\/10-weihnachtsmarkt-in-paulinenaue\/","name":"10. Weihnachtsmarkt in Paulinenaue - Paulinenaue","isPartOf":{"@id":"https:\/\/paulinenaue.info\/#website"},"primaryImageOfPage":{"@id":"https:\/\/paulinenaue.info\/index.php\/10-weihnachtsmarkt-in-paulinenaue\/#primaryimage"},"image":{"@id":"https:\/\/paulinenaue.info\/index.php\/10-weihnachtsmarkt-in-paulinenaue\/#primaryimage"},"thumbnailUrl":"https:\/\/paulinenaue.info\/wp-content\/uploads\/2016\/11\/kugel-e1478363154481.jpg","datePublished":"2016-11-05T15:54:32+00:00","dateModified":"2016-11-05T16:24:21+00:00","author":{"@id":"https:\/\/paulinenaue.info\/#\/schema\/person\/b8930b3a7b6e83e01e533fec0389213c"},"breadcrumb":{"@id":"https:\/\/paulinenaue.info\/index.php\/10-weihnachtsmarkt-in-paulinenaue\/#breadcrumb"},"inLanguage":"de","potentialAction":[{"@type":"ReadAction","target":["https:\/\/paulinenaue.info\/index.php\/10-weihnachtsmarkt-in-paulinenaue\/"]}]},{"@type":"ImageObject","inLanguage":"de","@id":"https:\/\/paulinenaue.info\/index.php\/10-weihnachtsmarkt-in-paulinenaue\/#primaryimage","url":"https:\/\/paulinenaue.info\/wp-content\/uploads\/2016\/11\/kugel-e1478363154481.jpg","contentUrl":"https:\/\/paulinenaue.info\/wp-content\/uploads\/2016\/11\/kugel-e1478363154481.jpg","width":278,"height":196},{"@type":"BreadcrumbList","@id":"https:\/\/paulinenaue.info\/index.php\/10-weihnachtsmarkt-in-paulinenaue\/#breadcrumb","itemListElement":[{"@type":"ListItem","position":1,"name":"Home","item":"https:\/\/paulinenaue.info\/"},{"@type":"ListItem","position":2,"name":"10. Weihnachtsmarkt in Paulinenaue"}]},{"@type":"WebSite","@id":"https:\/\/paulinenaue.info\/#website","url":"https:\/\/paulinenaue.info\/","name":"Paulinenaue","description":"Ein Dorf im Havelland","potentialAction":[{"@type":"SearchAction","target":{"@type":"EntryPoint","urlTemplate":"https:\/\/paulinenaue.info\/?s={search_term_string}"},"query-input":{"@type":"PropertyValueSpecification","valueRequired":true,"valueName":"search_term_string"}}],"inLanguage":"de"},{"@type":"Person","@id":"https:\/\/paulinenaue.info\/#\/schema\/person\/b8930b3a7b6e83e01e533fec0389213c","name":"Donata Kienitz-Jannermann","url":"https:\/\/paulinenaue.info\/index.php\/author\/donata\/"}]}},"jetpack_publicize_connections":[],"jetpack_featured_media_url":"https:\/\/paulinenaue.info\/wp-content\/uploads\/2016\/11\/kugel-e1478363154481.jpg","jetpack_sharing_enabled":true,"jetpack_shortlink":"https:\/\/wp.me\/pcYhWA-8m","jetpack-related-posts":[{"id":558,"url":"https:\/\/paulinenaue.info\/index.php\/zehnter-paulinenauer-weihnachtsmarkt\/","url_meta":{"origin":518,"position":0},"title":"Zehnter Paulinenauer Weihnachtsmarkt","author":"Joachim Scholz","date":"28. November 2016","format":false,"excerpt":"Einen Weihnachtsmarkt abzuhalten, wie es in anderen Orten hier und dort bereits \u00fcblich war, geh\u00f6rte im Herbst 2006 zu den ersten Zielen und Vorhaben des neu gegr\u00fcndeten Paulinenauer Kulturvereins. Doch seitdem er vor zehn Jahren das erste Mal seine Pforten er\u00f6ffnete, wurde der Weihnachtsmarkt stets von Vielen gestaltet.\u00a02016 fand er\u2026","rel":"","context":"In &quot;Allgemein&quot;","block_context":{"text":"Allgemein","link":"https:\/\/paulinenaue.info\/index.php\/category\/allgemein\/"},"img":{"alt_text":"","src":"https:\/\/i0.wp.com\/paulinenaue.info\/wp-content\/uploads\/2016\/11\/DSC07450.jpg?resize=350%2C200&ssl=1","width":350,"height":200,"srcset":"https:\/\/i0.wp.com\/paulinenaue.info\/wp-content\/uploads\/2016\/11\/DSC07450.jpg?resize=350%2C200&ssl=1 1x, https:\/\/i0.wp.com\/paulinenaue.info\/wp-content\/uploads\/2016\/11\/DSC07450.jpg?resize=525%2C300&ssl=1 1.5x, https:\/\/i0.wp.com\/paulinenaue.info\/wp-content\/uploads\/2016\/11\/DSC07450.jpg?resize=700%2C400&ssl=1 2x"},"classes":[]},{"id":129,"url":"https:\/\/paulinenaue.info\/index.php\/nun-ist-weihnachtszeit-kirche-kita-und-kulturverein-gestalten-gemeinsam-den-7-paulinenauer-weihnachtsmarkt\/","url_meta":{"origin":518,"position":1},"title":"Nun ist Weihnachtszeit \u2013 Kirche, Kita und Kulturverein gestalten gemeinsam den 7. Paulinenauer Weihnachtsmarkt","author":"Joachim Scholz","date":"22. M\u00e4rz 2016","format":false,"excerpt":"Joachim Scholz 01.12.2012. Der Weihnachtsmarkt hat Paulinenaue am Samstag vor dem ersten Advent wieder in vorweihnachtlichem Rahmen zu gem\u00fctlichen und kurzweiligen Stunden zusammengebracht. Die beschauliche Kulisse rund um das Kirchgel\u00e4nde und die gute Zusammenarbeit von Kirchgemeinde, Kitateam, Kulturverein und auch der Schule: das hat sich in den letzten Jahren bei\u2026","rel":"","context":"In &quot;Kirche&quot;","block_context":{"text":"Kirche","link":"https:\/\/paulinenaue.info\/index.php\/category\/kirche\/"},"img":{"alt_text":"","src":"https:\/\/i0.wp.com\/paulinenaue.info\/wp-content\/uploads\/2016\/03\/20121201_weihnachtsmarkt_04_ft.jpg?resize=350%2C200&ssl=1","width":350,"height":200},"classes":[]},{"id":418593,"url":"https:\/\/paulinenaue.info\/index.php\/willkommen-auf-dem-weihnachtsmarkt\/","url_meta":{"origin":518,"position":2},"title":"Willkommen auf dem 17. Paulinenauer Weihnachtsmarkt","author":"Joachim Scholz","date":"30. November 2025","format":false,"excerpt":"29.11.2025. Wer hatte einst die Idee, die Paulinenauer Weihnachtsm\u00e4rkte durchzunummerieren und wird eigentlich noch richtig gez\u00e4hlt? Dass im Jahr 2006 der damals frisch gegr\u00fcndete Paulinenauer Kulturverein seiner ersten gr\u00f6\u00dferen Veranstaltung die Premiere in den Titel einschrieb (\u201e1. Paulinenauer Weihnachtsmarkt\u201c) ist wohl der Grund. Danach wurde einfach weitergez\u00e4hlt. In der Coronazeit\u2026","rel":"","context":"In &quot;Ehrenamt&quot;","block_context":{"text":"Ehrenamt","link":"https:\/\/paulinenaue.info\/index.php\/category\/ehrenamt\/"},"img":{"alt_text":"","src":"https:\/\/i0.wp.com\/paulinenaue.info\/wp-content\/uploads\/2025\/11\/DSC02019.jpeg?resize=350%2C200&ssl=1","width":350,"height":200,"srcset":"https:\/\/i0.wp.com\/paulinenaue.info\/wp-content\/uploads\/2025\/11\/DSC02019.jpeg?resize=350%2C200&ssl=1 1x, https:\/\/i0.wp.com\/paulinenaue.info\/wp-content\/uploads\/2025\/11\/DSC02019.jpeg?resize=525%2C300&ssl=1 1.5x, https:\/\/i0.wp.com\/paulinenaue.info\/wp-content\/uploads\/2025\/11\/DSC02019.jpeg?resize=700%2C400&ssl=1 2x"},"classes":[]},{"id":6287,"url":"https:\/\/paulinenaue.info\/index.php\/information-paulinenauer-weihnachtsmarkt-2021\/","url_meta":{"origin":518,"position":3},"title":"Information Paulinenauer Weihnachtsmarkt 2021","author":"Sarah","date":"2. November 2021","format":false,"excerpt":"Liebe Paulinenauerinnen und Paulinenauer, leider werden wir auch in diesem Jahr keinen Weihnachtsmarkt durchf\u00fchren. Es gibt zu viele Unsicherheiten und einen deutlich h\u00f6heren Aufwand f\u00fcr uns bei der Organisation und Durchf\u00fchrung. Wir wollen kein Risiko eingehen und daf\u00fcr im n\u00e4chsten Jahr wieder mit euch einen tollen Weihnachtsmarkt erleben. Wir w\u00fcnschen\u2026","rel":"","context":"In &quot;Allgemein&quot;","block_context":{"text":"Allgemein","link":"https:\/\/paulinenaue.info\/index.php\/category\/allgemein\/"},"img":{"alt_text":"","src":"https:\/\/i0.wp.com\/paulinenaue.info\/wp-content\/uploads\/2019\/12\/17.jpg?resize=350%2C200&ssl=1","width":350,"height":200,"srcset":"https:\/\/i0.wp.com\/paulinenaue.info\/wp-content\/uploads\/2019\/12\/17.jpg?resize=350%2C200&ssl=1 1x, https:\/\/i0.wp.com\/paulinenaue.info\/wp-content\/uploads\/2019\/12\/17.jpg?resize=525%2C300&ssl=1 1.5x, https:\/\/i0.wp.com\/paulinenaue.info\/wp-content\/uploads\/2019\/12\/17.jpg?resize=700%2C400&ssl=1 2x, https:\/\/i0.wp.com\/paulinenaue.info\/wp-content\/uploads\/2019\/12\/17.jpg?resize=1050%2C600&ssl=1 3x, https:\/\/i0.wp.com\/paulinenaue.info\/wp-content\/uploads\/2019\/12\/17.jpg?resize=1400%2C800&ssl=1 4x"},"classes":[]},{"id":414966,"url":"https:\/\/paulinenaue.info\/index.php\/wieder-weihnachtsmarkt-in-paulinenaue\/","url_meta":{"origin":518,"position":4},"title":"Wieder Weihnachtsmarkt in Paulinenaue","author":"Joachim Scholz","date":"27. November 2022","format":false,"excerpt":"Nach zwei Jahren Coronapause war am Samstag vor dem Ersten Advent 2022 wieder Weihnachtsmarkt in Paulinenaue. Und es war ein sch\u00f6ner, ein fast formvollendeter Weihnachtsmarkt. So h\u00f6rte man es von vielen Seiten. Und wohin man blickte, Leute im Gespr\u00e4ch, vertraute Gesichter, manche extra angereist f\u00fcr ein Wiedersehen. St\u00e4nde lockten mit\u2026","rel":"","context":"In &quot;Allgemein&quot;","block_context":{"text":"Allgemein","link":"https:\/\/paulinenaue.info\/index.php\/category\/allgemein\/"},"img":{"alt_text":"","src":"https:\/\/i0.wp.com\/paulinenaue.info\/wp-content\/uploads\/2022\/11\/2022-11-26-Weihnachtsmarkt-11.jpeg?resize=350%2C200&ssl=1","width":350,"height":200,"srcset":"https:\/\/i0.wp.com\/paulinenaue.info\/wp-content\/uploads\/2022\/11\/2022-11-26-Weihnachtsmarkt-11.jpeg?resize=350%2C200&ssl=1 1x, https:\/\/i0.wp.com\/paulinenaue.info\/wp-content\/uploads\/2022\/11\/2022-11-26-Weihnachtsmarkt-11.jpeg?resize=525%2C300&ssl=1 1.5x, https:\/\/i0.wp.com\/paulinenaue.info\/wp-content\/uploads\/2022\/11\/2022-11-26-Weihnachtsmarkt-11.jpeg?resize=700%2C400&ssl=1 2x"},"classes":[]},{"id":5549,"url":"https:\/\/paulinenaue.info\/index.php\/ausfall-weihnachtsmarkt-2020\/","url_meta":{"origin":518,"position":5},"title":"Ausfall Weihnachtsmarkt 2020","author":"Sarah","date":"22. Oktober 2020","format":false,"excerpt":"Liebe Paulinenauerinnen und Paulinenauer, die Nachricht wird nicht all zu \u00fcberraschend kommen - in diesem Jahr werden wir leider keinen Weihnachtsmarkt veranstalten. Unter den derzeitigen Umst\u00e4nden k\u00f6nnen und wollen wir kein Risiko eingehen. Unser Weihnachtsmarkt lebt von der Gem\u00fctlichkeit und \"Enge\" an der Kirche. Andacht sowie Kaffe und Kuchen in\u2026","rel":"","context":"In &quot;Feuerwehr&quot;","block_context":{"text":"Feuerwehr","link":"https:\/\/paulinenaue.info\/index.php\/category\/feuerwehr\/"},"img":{"alt_text":"","src":"https:\/\/i0.wp.com\/paulinenaue.info\/wp-content\/uploads\/2019\/12\/11.jpg?resize=350%2C200&ssl=1","width":350,"height":200,"srcset":"https:\/\/i0.wp.com\/paulinenaue.info\/wp-content\/uploads\/2019\/12\/11.jpg?resize=350%2C200&ssl=1 1x, https:\/\/i0.wp.com\/paulinenaue.info\/wp-content\/uploads\/2019\/12\/11.jpg?resize=525%2C300&ssl=1 1.5x, https:\/\/i0.wp.com\/paulinenaue.info\/wp-content\/uploads\/2019\/12\/11.jpg?resize=700%2C400&ssl=1 2x, https:\/\/i0.wp.com\/paulinenaue.info\/wp-content\/uploads\/2019\/12\/11.jpg?resize=1050%2C600&ssl=1 3x, https:\/\/i0.wp.com\/paulinenaue.info\/wp-content\/uploads\/2019\/12\/11.jpg?resize=1400%2C800&ssl=1 4x"},"classes":[]}],"_links":{"self":[{"href":"https:\/\/paulinenaue.info\/index.php\/wp-json\/wp\/v2\/posts\/518","targetHints":{"allow":["GET"]}}],"collection":[{"href":"https:\/\/paulinenaue.info\/index.php\/wp-json\/wp\/v2\/posts"}],"about":[{"href":"https:\/\/paulinenaue.info\/index.php\/wp-json\/wp\/v2\/types\/post"}],"author":[{"embeddable":true,"href":"https:\/\/paulinenaue.info\/index.php\/wp-json\/wp\/v2\/users\/4"}],"replies":[{"embeddable":true,"href":"https:\/\/paulinenaue.info\/index.php\/wp-json\/wp\/v2\/comments?post=518"}],"version-history":[{"count":1,"href":"https:\/\/paulinenaue.info\/index.php\/wp-json\/wp\/v2\/posts\/518\/revisions"}],"predecessor-version":[{"id":521,"href":"https:\/\/paulinenaue.info\/index.php\/wp-json\/wp\/v2\/posts\/518\/revisions\/521"}],"wp:featuredmedia":[{"embeddable":true,"href":"https:\/\/paulinenaue.info\/index.php\/wp-json\/wp\/v2\/media\/527"}],"wp:attachment":[{"href":"https:\/\/paulinenaue.info\/index.php\/wp-json\/wp\/v2\/media?parent=518"}],"wp:term":[{"taxonomy":"category","embeddable":true,"href":"https:\/\/paulinenaue.info\/index.php\/wp-json\/wp\/v2\/categories?post=518"},{"taxonomy":"post_tag","embeddable":true,"href":"https:\/\/paulinenaue.info\/index.php\/wp-json\/wp\/v2\/tags?post=518"}],"curies":[{"name":"wp","href":"https:\/\/api.w.org\/{rel}","templated":true}]}}