{"id":5256,"date":"2020-03-29T17:52:07","date_gmt":"2020-03-29T16:52:07","guid":{"rendered":"http:\/\/paulinenaue.info\/?p=5256"},"modified":"2020-03-29T17:54:59","modified_gmt":"2020-03-29T16:54:59","slug":"osterandacht-ostern-zu-hause-feiern","status":"publish","type":"post","link":"https:\/\/paulinenaue.info\/index.php\/osterandacht-ostern-zu-hause-feiern\/","title":{"rendered":"Osterandacht &#8211; Ostern zu Hause feiern"},"content":{"rendered":"<h5>Text: Michael Jurk<\/h5>\n<p><a href=\"http:\/\/paulinenaue.info\/wp-content\/uploads\/2020\/03\/Osterandacht.jpg\"><img decoding=\"async\" data-attachment-id=\"5257\" data-permalink=\"https:\/\/paulinenaue.info\/index.php\/osterandacht-ostern-zu-hause-feiern\/osterandacht\/\" data-orig-file=\"https:\/\/paulinenaue.info\/wp-content\/uploads\/2020\/03\/Osterandacht.jpg\" data-orig-size=\"1024,403\" data-comments-opened=\"1\" data-image-meta=\"{&quot;aperture&quot;:&quot;0&quot;,&quot;credit&quot;:&quot;&quot;,&quot;camera&quot;:&quot;&quot;,&quot;caption&quot;:&quot;&quot;,&quot;created_timestamp&quot;:&quot;0&quot;,&quot;copyright&quot;:&quot;&quot;,&quot;focal_length&quot;:&quot;0&quot;,&quot;iso&quot;:&quot;0&quot;,&quot;shutter_speed&quot;:&quot;0&quot;,&quot;title&quot;:&quot;&quot;,&quot;orientation&quot;:&quot;0&quot;}\" data-image-title=\"Osterandacht\" data-image-description=\"\" data-image-caption=\"\" data-large-file=\"https:\/\/paulinenaue.info\/wp-content\/uploads\/2020\/03\/Osterandacht.jpg\" class=\"lazyload alignnone wp-image-5257\" src=\"http:\/\/paulinenaue.info\/wp-content\/uploads\/2020\/03\/Osterandacht-300x118.jpg\" data-orig-src=\"http:\/\/paulinenaue.info\/wp-content\/uploads\/2020\/03\/Osterandacht-300x118.jpg\" alt=\"\" width=\"645\" height=\"254\" srcset=\"data:image\/svg+xml,%3Csvg%20xmlns%3D%27http%3A%2F%2Fwww.w3.org%2F2000%2Fsvg%27%20width%3D%27645%27%20height%3D%27254%27%20viewBox%3D%270%200%20645%20254%27%3E%3Crect%20width%3D%27645%27%20height%3D%27254%27%20fill-opacity%3D%220%22%2F%3E%3C%2Fsvg%3E\" data-srcset=\"https:\/\/paulinenaue.info\/wp-content\/uploads\/2020\/03\/Osterandacht-300x118.jpg 300w, https:\/\/paulinenaue.info\/wp-content\/uploads\/2020\/03\/Osterandacht-768x302.jpg 768w, https:\/\/paulinenaue.info\/wp-content\/uploads\/2020\/03\/Osterandacht-958x377.jpg 958w, https:\/\/paulinenaue.info\/wp-content\/uploads\/2020\/03\/Osterandacht.jpg 1024w\" data-sizes=\"auto\" data-orig-sizes=\"(max-width: 645px) 100vw, 645px\" \/><\/a><\/p>\n<p>Da die aktuellen Ma\u00dfnahmen gegen Covid-19 noch verhindern, dass wir uns am Ostersonntag zum Gottesdienst versammeln, haben wir f\u00fcr den 12. April 2020 eine kleine \u201eOsteraktion\u201c vorbereitet. Diese Aktion soll erm\u00f6glichen, dass wir trotz des einzuhaltenden r\u00e4umlichen Abstandes, uns zumindest <em>innerlich<\/em> \u00f6sterlich verbunden f\u00fchlen:<\/p>\n<p>Am Ostersonntag wird zum Sonnenaufgang (um 6:15 Uhr) die Kirchturmglocke l\u00e4uten und zum gemeinsamen Gebet einladen. Wer mag, \u00f6ffnet dabei das Fenster und entz\u00fcndet ein Kerzenlicht. F\u00fcr das anschlie\u00dfende Gebet haben wir ein Liedblatt vorbereitet, das Sie zusammen mit der Osterkerze am Gr\u00fcndonnerstag abholen k\u00f6nnen. Dazu wird die Paulinenauer Kirche ge\u00f6ffnet sein.<\/p>\n<p><strong>Liedblatt und Kerzenlicht f\u00fcr die Osterandacht<\/strong> zu Hause k\u00f6nnen am <strong>9. April 2020<\/strong> (Gr\u00fcndonnerstag) <strong>zwischen 10:00 Uhr und 18:00 Uhr<\/strong> in der Kirche abgeholt werden.<\/p>\n","protected":false},"excerpt":{"rendered":"<p>Text: Michael Jurk Da die aktuellen Ma\u00dfnahmen gegen Covid-19 noch [&hellip;]<\/p>\n","protected":false},"author":3,"featured_media":5261,"comment_status":"open","ping_status":"open","sticky":false,"template":"","format":"standard","meta":{"_acf_changed":false,"_price":"","_stock":"","_tribe_ticket_header":"","_tribe_default_ticket_provider":"","_tribe_ticket_capacity":"0","_ticket_start_date":"","_ticket_end_date":"","_tribe_ticket_show_description":"","_tribe_ticket_show_not_going":false,"_tribe_ticket_use_global_stock":"","_tribe_ticket_global_stock_level":"","_global_stock_mode":"","_global_stock_cap":"","_tribe_rsvp_for_event":"","_tribe_ticket_going_count":"","_tribe_ticket_not_going_count":"","_tribe_tickets_list":"[]","_tribe_ticket_has_attendee_info_fields":false,"jetpack_post_was_ever_published":false,"_jetpack_newsletter_access":"","_jetpack_dont_email_post_to_subs":false,"_jetpack_newsletter_tier_id":0,"_jetpack_memberships_contains_paywalled_content":false,"_jetpack_memberships_contains_paid_content":false,"footnotes":"","jetpack_publicize_message":"","jetpack_publicize_feature_enabled":true,"jetpack_social_post_already_shared":true,"jetpack_social_options":{"image_generator_settings":{"template":"highway","default_image_id":0,"font":"","enabled":false},"version":2}},"categories":[1,26,9,93],"tags":[346,27,345,15],"class_list":["post-5256","post","type-post","status-publish","format-standard","has-post-thumbnail","hentry","category-allgemein","category-kirche","category-neuigkeiten","category-veranstaltungen","tag-covid-19","tag-kirche","tag-osterandacht","tag-ostern"],"acf":[],"yoast_head":"<!-- This site is optimized with the Yoast SEO plugin v27.5 - https:\/\/yoast.com\/product\/yoast-seo-wordpress\/ -->\n<title>Osterandacht - Ostern zu Hause feiern - Paulinenaue<\/title>\n<meta name=\"robots\" content=\"index, follow, max-snippet:-1, max-image-preview:large, max-video-preview:-1\" \/>\n<link rel=\"canonical\" href=\"https:\/\/paulinenaue.info\/index.php\/osterandacht-ostern-zu-hause-feiern\/\" \/>\n<meta property=\"og:locale\" content=\"de_DE\" \/>\n<meta property=\"og:type\" content=\"article\" \/>\n<meta property=\"og:title\" content=\"Osterandacht - Ostern zu Hause feiern - Paulinenaue\" \/>\n<meta property=\"og:description\" content=\"Text: Michael Jurk Da die aktuellen Ma\u00dfnahmen gegen Covid-19 noch [&hellip;]\" \/>\n<meta property=\"og:url\" content=\"https:\/\/paulinenaue.info\/index.php\/osterandacht-ostern-zu-hause-feiern\/\" \/>\n<meta property=\"og:site_name\" content=\"Paulinenaue\" \/>\n<meta property=\"article:published_time\" content=\"2020-03-29T16:52:07+00:00\" \/>\n<meta property=\"article:modified_time\" content=\"2020-03-29T16:54:59+00:00\" \/>\n<meta property=\"og:image\" content=\"https:\/\/i2.wp.com\/paulinenaue.info\/wp-content\/uploads\/2020\/03\/img_20120815_9774_540.jpg?fit=540%2C405&ssl=1\" \/>\n\t<meta property=\"og:image:width\" content=\"540\" \/>\n\t<meta property=\"og:image:height\" content=\"405\" \/>\n\t<meta property=\"og:image:type\" content=\"image\/jpeg\" \/>\n<meta name=\"author\" content=\"Sarah\" \/>\n<meta name=\"twitter:card\" content=\"summary_large_image\" \/>\n<meta name=\"twitter:label1\" content=\"Verfasst von\" \/>\n\t<meta name=\"twitter:data1\" content=\"Sarah\" \/>\n\t<meta name=\"twitter:label2\" content=\"Gesch\u00e4tzte Lesezeit\" \/>\n\t<meta name=\"twitter:data2\" content=\"1\u00a0Minute\" \/>\n<script type=\"application\/ld+json\" class=\"yoast-schema-graph\">{\"@context\":\"https:\\\/\\\/schema.org\",\"@graph\":[{\"@type\":\"Article\",\"@id\":\"https:\\\/\\\/paulinenaue.info\\\/index.php\\\/osterandacht-ostern-zu-hause-feiern\\\/#article\",\"isPartOf\":{\"@id\":\"https:\\\/\\\/paulinenaue.info\\\/index.php\\\/osterandacht-ostern-zu-hause-feiern\\\/\"},\"author\":{\"name\":\"Sarah\",\"@id\":\"https:\\\/\\\/paulinenaue.info\\\/#\\\/schema\\\/person\\\/e5be566a57b5b3f65d2c65a58c42325e\"},\"headline\":\"Osterandacht &#8211; Ostern zu Hause feiern\",\"datePublished\":\"2020-03-29T16:52:07+00:00\",\"dateModified\":\"2020-03-29T16:54:59+00:00\",\"mainEntityOfPage\":{\"@id\":\"https:\\\/\\\/paulinenaue.info\\\/index.php\\\/osterandacht-ostern-zu-hause-feiern\\\/\"},\"wordCount\":138,\"commentCount\":0,\"image\":{\"@id\":\"https:\\\/\\\/paulinenaue.info\\\/index.php\\\/osterandacht-ostern-zu-hause-feiern\\\/#primaryimage\"},\"thumbnailUrl\":\"https:\\\/\\\/paulinenaue.info\\\/wp-content\\\/uploads\\\/2020\\\/03\\\/img_20120815_9774_540.jpg\",\"keywords\":[\"Covid-19\",\"Kirche\",\"Osterandacht\",\"Ostern\"],\"articleSection\":{\"1\":\"Kirche\",\"2\":\"Neuigkeiten\",\"3\":\"Veranstaltungen\"},\"inLanguage\":\"de\",\"potentialAction\":[{\"@type\":\"CommentAction\",\"name\":\"Comment\",\"target\":[\"https:\\\/\\\/paulinenaue.info\\\/index.php\\\/osterandacht-ostern-zu-hause-feiern\\\/#respond\"]}]},{\"@type\":\"WebPage\",\"@id\":\"https:\\\/\\\/paulinenaue.info\\\/index.php\\\/osterandacht-ostern-zu-hause-feiern\\\/\",\"url\":\"https:\\\/\\\/paulinenaue.info\\\/index.php\\\/osterandacht-ostern-zu-hause-feiern\\\/\",\"name\":\"Osterandacht - Ostern zu Hause feiern - Paulinenaue\",\"isPartOf\":{\"@id\":\"https:\\\/\\\/paulinenaue.info\\\/#website\"},\"primaryImageOfPage\":{\"@id\":\"https:\\\/\\\/paulinenaue.info\\\/index.php\\\/osterandacht-ostern-zu-hause-feiern\\\/#primaryimage\"},\"image\":{\"@id\":\"https:\\\/\\\/paulinenaue.info\\\/index.php\\\/osterandacht-ostern-zu-hause-feiern\\\/#primaryimage\"},\"thumbnailUrl\":\"https:\\\/\\\/paulinenaue.info\\\/wp-content\\\/uploads\\\/2020\\\/03\\\/img_20120815_9774_540.jpg\",\"datePublished\":\"2020-03-29T16:52:07+00:00\",\"dateModified\":\"2020-03-29T16:54:59+00:00\",\"author\":{\"@id\":\"https:\\\/\\\/paulinenaue.info\\\/#\\\/schema\\\/person\\\/e5be566a57b5b3f65d2c65a58c42325e\"},\"breadcrumb\":{\"@id\":\"https:\\\/\\\/paulinenaue.info\\\/index.php\\\/osterandacht-ostern-zu-hause-feiern\\\/#breadcrumb\"},\"inLanguage\":\"de\",\"potentialAction\":[{\"@type\":\"ReadAction\",\"target\":[\"https:\\\/\\\/paulinenaue.info\\\/index.php\\\/osterandacht-ostern-zu-hause-feiern\\\/\"]}]},{\"@type\":\"ImageObject\",\"inLanguage\":\"de\",\"@id\":\"https:\\\/\\\/paulinenaue.info\\\/index.php\\\/osterandacht-ostern-zu-hause-feiern\\\/#primaryimage\",\"url\":\"https:\\\/\\\/paulinenaue.info\\\/wp-content\\\/uploads\\\/2020\\\/03\\\/img_20120815_9774_540.jpg\",\"contentUrl\":\"https:\\\/\\\/paulinenaue.info\\\/wp-content\\\/uploads\\\/2020\\\/03\\\/img_20120815_9774_540.jpg\",\"width\":540,\"height\":405,\"caption\":\"Foto: Sengebusch-K\u00e4hne\"},{\"@type\":\"BreadcrumbList\",\"@id\":\"https:\\\/\\\/paulinenaue.info\\\/index.php\\\/osterandacht-ostern-zu-hause-feiern\\\/#breadcrumb\",\"itemListElement\":[{\"@type\":\"ListItem\",\"position\":1,\"name\":\"Home\",\"item\":\"https:\\\/\\\/paulinenaue.info\\\/\"},{\"@type\":\"ListItem\",\"position\":2,\"name\":\"Osterandacht &#8211; Ostern zu Hause feiern\"}]},{\"@type\":\"WebSite\",\"@id\":\"https:\\\/\\\/paulinenaue.info\\\/#website\",\"url\":\"https:\\\/\\\/paulinenaue.info\\\/\",\"name\":\"Paulinenaue\",\"description\":\"Ein Dorf im Havelland\",\"potentialAction\":[{\"@type\":\"SearchAction\",\"target\":{\"@type\":\"EntryPoint\",\"urlTemplate\":\"https:\\\/\\\/paulinenaue.info\\\/?s={search_term_string}\"},\"query-input\":{\"@type\":\"PropertyValueSpecification\",\"valueRequired\":true,\"valueName\":\"search_term_string\"}}],\"inLanguage\":\"de\"},{\"@type\":\"Person\",\"@id\":\"https:\\\/\\\/paulinenaue.info\\\/#\\\/schema\\\/person\\\/e5be566a57b5b3f65d2c65a58c42325e\",\"name\":\"Sarah\",\"url\":\"https:\\\/\\\/paulinenaue.info\\\/index.php\\\/author\\\/sarah\\\/\"}]}<\/script>\n<!-- \/ Yoast SEO plugin. -->","yoast_head_json":{"title":"Osterandacht - Ostern zu Hause feiern - Paulinenaue","robots":{"index":"index","follow":"follow","max-snippet":"max-snippet:-1","max-image-preview":"max-image-preview:large","max-video-preview":"max-video-preview:-1"},"canonical":"https:\/\/paulinenaue.info\/index.php\/osterandacht-ostern-zu-hause-feiern\/","og_locale":"de_DE","og_type":"article","og_title":"Osterandacht - Ostern zu Hause feiern - Paulinenaue","og_description":"Text: Michael Jurk Da die aktuellen Ma\u00dfnahmen gegen Covid-19 noch [&hellip;]","og_url":"https:\/\/paulinenaue.info\/index.php\/osterandacht-ostern-zu-hause-feiern\/","og_site_name":"Paulinenaue","article_published_time":"2020-03-29T16:52:07+00:00","article_modified_time":"2020-03-29T16:54:59+00:00","og_image":[{"width":540,"height":405,"url":"https:\/\/i2.wp.com\/paulinenaue.info\/wp-content\/uploads\/2020\/03\/img_20120815_9774_540.jpg?fit=540%2C405&ssl=1","type":"image\/jpeg"}],"author":"Sarah","twitter_card":"summary_large_image","twitter_misc":{"Verfasst von":"Sarah","Gesch\u00e4tzte Lesezeit":"1\u00a0Minute"},"schema":{"@context":"https:\/\/schema.org","@graph":[{"@type":"Article","@id":"https:\/\/paulinenaue.info\/index.php\/osterandacht-ostern-zu-hause-feiern\/#article","isPartOf":{"@id":"https:\/\/paulinenaue.info\/index.php\/osterandacht-ostern-zu-hause-feiern\/"},"author":{"name":"Sarah","@id":"https:\/\/paulinenaue.info\/#\/schema\/person\/e5be566a57b5b3f65d2c65a58c42325e"},"headline":"Osterandacht &#8211; Ostern zu Hause feiern","datePublished":"2020-03-29T16:52:07+00:00","dateModified":"2020-03-29T16:54:59+00:00","mainEntityOfPage":{"@id":"https:\/\/paulinenaue.info\/index.php\/osterandacht-ostern-zu-hause-feiern\/"},"wordCount":138,"commentCount":0,"image":{"@id":"https:\/\/paulinenaue.info\/index.php\/osterandacht-ostern-zu-hause-feiern\/#primaryimage"},"thumbnailUrl":"https:\/\/paulinenaue.info\/wp-content\/uploads\/2020\/03\/img_20120815_9774_540.jpg","keywords":["Covid-19","Kirche","Osterandacht","Ostern"],"articleSection":{"1":"Kirche","2":"Neuigkeiten","3":"Veranstaltungen"},"inLanguage":"de","potentialAction":[{"@type":"CommentAction","name":"Comment","target":["https:\/\/paulinenaue.info\/index.php\/osterandacht-ostern-zu-hause-feiern\/#respond"]}]},{"@type":"WebPage","@id":"https:\/\/paulinenaue.info\/index.php\/osterandacht-ostern-zu-hause-feiern\/","url":"https:\/\/paulinenaue.info\/index.php\/osterandacht-ostern-zu-hause-feiern\/","name":"Osterandacht - Ostern zu Hause feiern - Paulinenaue","isPartOf":{"@id":"https:\/\/paulinenaue.info\/#website"},"primaryImageOfPage":{"@id":"https:\/\/paulinenaue.info\/index.php\/osterandacht-ostern-zu-hause-feiern\/#primaryimage"},"image":{"@id":"https:\/\/paulinenaue.info\/index.php\/osterandacht-ostern-zu-hause-feiern\/#primaryimage"},"thumbnailUrl":"https:\/\/paulinenaue.info\/wp-content\/uploads\/2020\/03\/img_20120815_9774_540.jpg","datePublished":"2020-03-29T16:52:07+00:00","dateModified":"2020-03-29T16:54:59+00:00","author":{"@id":"https:\/\/paulinenaue.info\/#\/schema\/person\/e5be566a57b5b3f65d2c65a58c42325e"},"breadcrumb":{"@id":"https:\/\/paulinenaue.info\/index.php\/osterandacht-ostern-zu-hause-feiern\/#breadcrumb"},"inLanguage":"de","potentialAction":[{"@type":"ReadAction","target":["https:\/\/paulinenaue.info\/index.php\/osterandacht-ostern-zu-hause-feiern\/"]}]},{"@type":"ImageObject","inLanguage":"de","@id":"https:\/\/paulinenaue.info\/index.php\/osterandacht-ostern-zu-hause-feiern\/#primaryimage","url":"https:\/\/paulinenaue.info\/wp-content\/uploads\/2020\/03\/img_20120815_9774_540.jpg","contentUrl":"https:\/\/paulinenaue.info\/wp-content\/uploads\/2020\/03\/img_20120815_9774_540.jpg","width":540,"height":405,"caption":"Foto: Sengebusch-K\u00e4hne"},{"@type":"BreadcrumbList","@id":"https:\/\/paulinenaue.info\/index.php\/osterandacht-ostern-zu-hause-feiern\/#breadcrumb","itemListElement":[{"@type":"ListItem","position":1,"name":"Home","item":"https:\/\/paulinenaue.info\/"},{"@type":"ListItem","position":2,"name":"Osterandacht &#8211; Ostern zu Hause feiern"}]},{"@type":"WebSite","@id":"https:\/\/paulinenaue.info\/#website","url":"https:\/\/paulinenaue.info\/","name":"Paulinenaue","description":"Ein Dorf im Havelland","potentialAction":[{"@type":"SearchAction","target":{"@type":"EntryPoint","urlTemplate":"https:\/\/paulinenaue.info\/?s={search_term_string}"},"query-input":{"@type":"PropertyValueSpecification","valueRequired":true,"valueName":"search_term_string"}}],"inLanguage":"de"},{"@type":"Person","@id":"https:\/\/paulinenaue.info\/#\/schema\/person\/e5be566a57b5b3f65d2c65a58c42325e","name":"Sarah","url":"https:\/\/paulinenaue.info\/index.php\/author\/sarah\/"}]}},"jetpack_publicize_connections":[],"jetpack_featured_media_url":"https:\/\/paulinenaue.info\/wp-content\/uploads\/2020\/03\/img_20120815_9774_540.jpg","jetpack_sharing_enabled":true,"jetpack_shortlink":"https:\/\/wp.me\/pcYhWA-1mM","jetpack-related-posts":[{"id":109773,"url":"https:\/\/paulinenaue.info\/index.php\/vor-ostern-2022\/","url_meta":{"origin":5256,"position":0},"title":"Vor Ostern 2022","author":"Sarah","date":"8. April 2022","format":false,"excerpt":"","rel":"","context":"In &quot;Allgemein&quot;","block_context":{"text":"Allgemein","link":"https:\/\/paulinenaue.info\/index.php\/category\/allgemein\/"},"img":{"alt_text":"","src":"https:\/\/i0.wp.com\/paulinenaue.info\/wp-content\/uploads\/2022\/04\/ostern1.jpg?resize=350%2C200&ssl=1","width":350,"height":200,"srcset":"https:\/\/i0.wp.com\/paulinenaue.info\/wp-content\/uploads\/2022\/04\/ostern1.jpg?resize=350%2C200&ssl=1 1x, https:\/\/i0.wp.com\/paulinenaue.info\/wp-content\/uploads\/2022\/04\/ostern1.jpg?resize=525%2C300&ssl=1 1.5x, https:\/\/i0.wp.com\/paulinenaue.info\/wp-content\/uploads\/2022\/04\/ostern1.jpg?resize=700%2C400&ssl=1 2x, https:\/\/i0.wp.com\/paulinenaue.info\/wp-content\/uploads\/2022\/04\/ostern1.jpg?resize=1050%2C600&ssl=1 3x, https:\/\/i0.wp.com\/paulinenaue.info\/wp-content\/uploads\/2022\/04\/ostern1.jpg?resize=1400%2C800&ssl=1 4x"},"classes":[]},{"id":417840,"url":"https:\/\/paulinenaue.info\/index.php\/417840\/","url_meta":{"origin":5256,"position":1},"title":"Eiertrudeln im Paulinenauer Wald \u2013 Ein gelungener Ostersonntag mit den Pauerfrauen","author":"Pauline Hirschberg","date":"21. April 2025","format":false,"excerpt":"Eiertrudeln im Paulinenauer Wald \u2013 Ein gelungener Ostersonntag mit den Pauerfrauen Am Ostersonntag luden die Pauerfrauen zum traditionellen Eiertrudeln in den nahegelegenen Wald ein \u2013 und viele kleine und gro\u00dfe G\u00e4ste folgten der Einladung bei herrlichem Fr\u00fchlingswetter. Insgesamt konnten wir ca. 170 gro\u00dfe und kleine G\u00e4ste sowie 4 Hunde und\u2026","rel":"","context":"In &quot;Ehrenamt&quot;","block_context":{"text":"Ehrenamt","link":"https:\/\/paulinenaue.info\/index.php\/category\/ehrenamt\/"},"img":{"alt_text":"","src":"https:\/\/i0.wp.com\/paulinenaue.info\/wp-content\/uploads\/2025\/04\/IMG-20250421-WA0039.jpg?resize=350%2C200&ssl=1","width":350,"height":200,"srcset":"https:\/\/i0.wp.com\/paulinenaue.info\/wp-content\/uploads\/2025\/04\/IMG-20250421-WA0039.jpg?resize=350%2C200&ssl=1 1x, https:\/\/i0.wp.com\/paulinenaue.info\/wp-content\/uploads\/2025\/04\/IMG-20250421-WA0039.jpg?resize=525%2C300&ssl=1 1.5x, https:\/\/i0.wp.com\/paulinenaue.info\/wp-content\/uploads\/2025\/04\/IMG-20250421-WA0039.jpg?resize=700%2C400&ssl=1 2x, https:\/\/i0.wp.com\/paulinenaue.info\/wp-content\/uploads\/2025\/04\/IMG-20250421-WA0039.jpg?resize=1050%2C600&ssl=1 3x, https:\/\/i0.wp.com\/paulinenaue.info\/wp-content\/uploads\/2025\/04\/IMG-20250421-WA0039.jpg?resize=1400%2C800&ssl=1 4x"},"classes":[]},{"id":4659,"url":"https:\/\/paulinenaue.info\/index.php\/ostereiertrudeln-im-sonnenschein-2019\/","url_meta":{"origin":5256,"position":2},"title":"Ostereiertrudeln im Sonnenschein 2019","author":"Joachim Scholz","date":"21. April 2019","format":false,"excerpt":"\u201eVom Eise befreit\u201c \u2013 Es w\u00e4re untertrieben, das \u00fcber die Gipfel der Eierberge in diesem Jahr zu sagen. Wahrscheinlich lag im ganzen Winter 2018\/19 kein Millimeter Schnee hier oben. Aber einen Osterspaziergang hat es dann doch gegeben. Als sich am Nachmittag des Ostersonntag 30 bis 40 Paulinenauer\/innen und G\u00e4ste flanierend\u2026","rel":"","context":"In &quot;Allgemein&quot;","block_context":{"text":"Allgemein","link":"https:\/\/paulinenaue.info\/index.php\/category\/allgemein\/"},"img":{"alt_text":"","src":"https:\/\/i0.wp.com\/paulinenaue.info\/wp-content\/uploads\/2019\/04\/DSC00818.jpg?resize=350%2C200&ssl=1","width":350,"height":200,"srcset":"https:\/\/i0.wp.com\/paulinenaue.info\/wp-content\/uploads\/2019\/04\/DSC00818.jpg?resize=350%2C200&ssl=1 1x, https:\/\/i0.wp.com\/paulinenaue.info\/wp-content\/uploads\/2019\/04\/DSC00818.jpg?resize=525%2C300&ssl=1 1.5x, https:\/\/i0.wp.com\/paulinenaue.info\/wp-content\/uploads\/2019\/04\/DSC00818.jpg?resize=700%2C400&ssl=1 2x"},"classes":[]},{"id":1972,"url":"https:\/\/paulinenaue.info\/index.php\/frohe-ostern-in-paulinenaue\/","url_meta":{"origin":5256,"position":3},"title":"Frohe Ostern in Paulinenaue","author":"Joachim Scholz","date":"29. M\u00e4rz 2018","format":false,"excerpt":"Ein k\u00fchles Osterfest begehen wir in diesem Jahr, aber vor vielen Paulinenauer H\u00e4usern ist dennoch fr\u00fchlingshafte Farbenpracht zu bewundern. Das machen die vielen bunten Osterstr\u00e4u\u00dfe. Einer von ihnen, der bei Familie Gossmann in der Bahnhofstra\u00dfe 18, wurde von unserer Websiteredaktion zum \u201eOsterstrau\u00df des Jahres 2018\u201c gek\u00fcrt. Wir w\u00fcnschen Ihnen damit\u2026","rel":"","context":"In &quot;Allgemein&quot;","block_context":{"text":"Allgemein","link":"https:\/\/paulinenaue.info\/index.php\/category\/allgemein\/"},"img":{"alt_text":"Der Osterstrau\u00df des Jahres","src":"https:\/\/i0.wp.com\/paulinenaue.info\/wp-content\/uploads\/2018\/03\/DSC09383-1.jpg?resize=350%2C200&ssl=1","width":350,"height":200,"srcset":"https:\/\/i0.wp.com\/paulinenaue.info\/wp-content\/uploads\/2018\/03\/DSC09383-1.jpg?resize=350%2C200&ssl=1 1x, https:\/\/i0.wp.com\/paulinenaue.info\/wp-content\/uploads\/2018\/03\/DSC09383-1.jpg?resize=525%2C300&ssl=1 1.5x, https:\/\/i0.wp.com\/paulinenaue.info\/wp-content\/uploads\/2018\/03\/DSC09383-1.jpg?resize=700%2C400&ssl=1 2x"},"classes":[]},{"id":417788,"url":"https:\/\/paulinenaue.info\/index.php\/der-osterstrauss-des-jahres-2025\/","url_meta":{"origin":5256,"position":4},"title":"Der Osterstrau\u00df des Jahres 2025","author":"Joachim Scholz","date":"20. April 2025","format":false,"excerpt":"Den Osterstrau\u00df des Jahres, der in jedem Jahr f\u00fcr unsere Website gek\u00fcrt wird, hat Sylvia Kreier am Samstagvormittag herausgeputzt. Ein erster Blick verr\u00e4t sofort seine k\u00fcnstlerische Qualit\u00e4t. Dieser Strau\u00df mit seinen originellen handbemalten Motiveiern \u2013 keines gleicht in der Ausmalung dem anderen \u2013 verdient unbedingt die begehrte Auszeichnung. \u201eIch habe\u2026","rel":"","context":"In &quot;Hier Zuhause&quot;","block_context":{"text":"Hier Zuhause","link":"https:\/\/paulinenaue.info\/index.php\/category\/hier-zuhause\/"},"img":{"alt_text":"","src":"https:\/\/i0.wp.com\/paulinenaue.info\/wp-content\/uploads\/2025\/04\/2025-04-20-Osterstrauss-04.jpeg?resize=350%2C200&ssl=1","width":350,"height":200,"srcset":"https:\/\/i0.wp.com\/paulinenaue.info\/wp-content\/uploads\/2025\/04\/2025-04-20-Osterstrauss-04.jpeg?resize=350%2C200&ssl=1 1x, https:\/\/i0.wp.com\/paulinenaue.info\/wp-content\/uploads\/2025\/04\/2025-04-20-Osterstrauss-04.jpeg?resize=525%2C300&ssl=1 1.5x, https:\/\/i0.wp.com\/paulinenaue.info\/wp-content\/uploads\/2025\/04\/2025-04-20-Osterstrauss-04.jpeg?resize=700%2C400&ssl=1 2x"},"classes":[]},{"id":184284,"url":"https:\/\/paulinenaue.info\/index.php\/kirche-wird-saniert-und-multifunktional-nutzbar\/","url_meta":{"origin":5256,"position":5},"title":"Kirche wird saniert und multifunktional nutzbar","author":"Joachim Scholz","date":"29. Mai 2022","format":false,"excerpt":"von Andreas Flender, ehrenamtlicher Mitarbeiter und Bauverantwortlicher der evangelischen Kirchengemeinde In der Paulinenauer Kirche soll demn\u00e4chst ein Dorftreff entstehen. Es gibt daf\u00fcr Interesse von Vereinen, die bisher keine eigenen R\u00e4ume haben. Denkbar ist, dass der Kulturverein oder das Gemeinschaftswerk Soziale Dienste den Treff nutzen wird. Die Notfallseelsorge m\u00f6chte dort Gruppenabende\u2026","rel":"","context":"In &quot;Allgemein&quot;","block_context":{"text":"Allgemein","link":"https:\/\/paulinenaue.info\/index.php\/category\/allgemein\/"},"img":{"alt_text":"","src":"https:\/\/i0.wp.com\/paulinenaue.info\/wp-content\/uploads\/2022\/05\/2022-05-28-Paulinenaue-Kirche.jpg?resize=350%2C200&ssl=1","width":350,"height":200,"srcset":"https:\/\/i0.wp.com\/paulinenaue.info\/wp-content\/uploads\/2022\/05\/2022-05-28-Paulinenaue-Kirche.jpg?resize=350%2C200&ssl=1 1x, https:\/\/i0.wp.com\/paulinenaue.info\/wp-content\/uploads\/2022\/05\/2022-05-28-Paulinenaue-Kirche.jpg?resize=525%2C300&ssl=1 1.5x, https:\/\/i0.wp.com\/paulinenaue.info\/wp-content\/uploads\/2022\/05\/2022-05-28-Paulinenaue-Kirche.jpg?resize=700%2C400&ssl=1 2x"},"classes":[]}],"_links":{"self":[{"href":"https:\/\/paulinenaue.info\/index.php\/wp-json\/wp\/v2\/posts\/5256","targetHints":{"allow":["GET"]}}],"collection":[{"href":"https:\/\/paulinenaue.info\/index.php\/wp-json\/wp\/v2\/posts"}],"about":[{"href":"https:\/\/paulinenaue.info\/index.php\/wp-json\/wp\/v2\/types\/post"}],"author":[{"embeddable":true,"href":"https:\/\/paulinenaue.info\/index.php\/wp-json\/wp\/v2\/users\/3"}],"replies":[{"embeddable":true,"href":"https:\/\/paulinenaue.info\/index.php\/wp-json\/wp\/v2\/comments?post=5256"}],"version-history":[{"count":3,"href":"https:\/\/paulinenaue.info\/index.php\/wp-json\/wp\/v2\/posts\/5256\/revisions"}],"predecessor-version":[{"id":5260,"href":"https:\/\/paulinenaue.info\/index.php\/wp-json\/wp\/v2\/posts\/5256\/revisions\/5260"}],"wp:featuredmedia":[{"embeddable":true,"href":"https:\/\/paulinenaue.info\/index.php\/wp-json\/wp\/v2\/media\/5261"}],"wp:attachment":[{"href":"https:\/\/paulinenaue.info\/index.php\/wp-json\/wp\/v2\/media?parent=5256"}],"wp:term":[{"taxonomy":"category","embeddable":true,"href":"https:\/\/paulinenaue.info\/index.php\/wp-json\/wp\/v2\/categories?post=5256"},{"taxonomy":"post_tag","embeddable":true,"href":"https:\/\/paulinenaue.info\/index.php\/wp-json\/wp\/v2\/tags?post=5256"}],"curies":[{"name":"wp","href":"https:\/\/api.w.org\/{rel}","templated":true}]}}