{"id":5263,"date":"2020-04-12T10:59:12","date_gmt":"2020-04-12T09:59:12","guid":{"rendered":"http:\/\/paulinenaue.info\/?p=5263"},"modified":"2020-04-12T10:59:12","modified_gmt":"2020-04-12T09:59:12","slug":"ostern-2020","status":"publish","type":"post","link":"https:\/\/paulinenaue.info\/index.php\/ostern-2020\/","title":{"rendered":"Ostern 2020"},"content":{"rendered":"<p>Den Osterstrau\u00df 2020 haben wir in diesem Jahr nicht gek\u00fcrt &#8211; Ostern ist eben dieses Jahr etwas anders f\u00fcr uns alle. Deshalb nun auch ein etwas anderer Osterbericht, als in den Vorjahren.<\/p>\n<p>Trotz ausgebliebener Osterstrau\u00dfbewertung sind in Paulinenaue in vielen G\u00e4rten bunte Eier an den Str\u00e4uchern zu finden, die dank den warmen Temperaturen rege bl\u00fchen. Die Bienen und Hummeln sind unterwegs und sammeln flei\u00dfig Nektar. Erinnern wir uns kurz einmal an 2013 zur\u00fcck. Hier wurde Ostern mit Schneebar und Schneehasen im Garten gefeiert. <a href=\"http:\/\/archiv.paulinenaue.info\/neues\/neues_2014\/neues_2013\/20130331_ostern.html?m=2013\" target=\"_blank\" rel=\"noopener noreferrer\">Lesen Sie hier: Wei\u00dfe Ostern 2013 in Paulinenaue<\/a><\/p>\n<p>Auch der Storch hat Paulinenaue schon erreicht. Nur etwas herausputzen muss er sich noch und sein Nest aufr\u00e4umen, damit sich auch bald eine Storchendame zu ihm gesellt.<\/p>\n<p>Ostern mit Corona bringt f\u00fcr uns neue Umst\u00e4nde, wobei wir uns auf dem Dorf doch noch sehr gl\u00fccklich sch\u00e4tzen k\u00f6nnen. F\u00fcr den einen ist Ostern das Fest der Auferstehung Jesu Christi und der traditionelle Gang in die Kirche blieb an diesem Morgen. Dennoch kann dank der &#8222;Osteraktion&#8220; der Kirche jeder f\u00fcr sich das Osterfest zu Hause mit Osterlicht und Liedzettel begehen. F\u00fcr den anderen geh\u00f6rt traditionell die Ostereiersuche im heimischen Garten oder Haus dazu &#8211; darauf muss nicht verzichtet werden, denn der Osterhase steht nat\u00fcrlich nicht unter Quarant\u00e4ne. Und manch einer muss heute sogar arbeiten und der Tag erscheint fast wie jeder andere.<\/p>\n<p>Bei dem sch\u00f6nen Wetter wird es sicher viele von uns raus ziehen in den Garten, auf das Motorrad oder Fahrrad oder zu einem Spaziergang, um auf den Eierbergen das ein oder andere Ei mit ausreichendem Sicherheitsabstand hinunter trudeln zu lassen. So richtig schmeckt es eben doch erst, wenn etwas Erde dran ist.<\/p>\n\n\t\t<style type=\"text\/css\">\n\t\t\t#gallery-1 {\n\t\t\t\tmargin: auto;\n\t\t\t}\n\t\t\t#gallery-1 .gallery-item {\n\t\t\t\tfloat: left;\n\t\t\t\tmargin-top: 10px;\n\t\t\t\ttext-align: center;\n\t\t\t\twidth: 33%;\n\t\t\t}\n\t\t\t#gallery-1 img {\n\t\t\t\tborder: 2px solid #cfcfcf;\n\t\t\t}\n\t\t\t#gallery-1 .gallery-caption {\n\t\t\t\tmargin-left: 0;\n\t\t\t}\n\t\t\t\/* see gallery_shortcode() in wp-includes\/media.php *\/\n\t\t<\/style>\n\t\t<div data-carousel-extra='{&quot;blog_id&quot;:1,&quot;permalink&quot;:&quot;https:\/\/paulinenaue.info\/index.php\/ostern-2020\/&quot;}' id='gallery-1' class='gallery galleryid-5263 gallery-columns-3 gallery-size-thumbnail'><dl class='gallery-item'>\n\t\t\t<dt class='gallery-icon portrait'>\n\t\t\t\t<a data-rel=\"iLightbox[postimages]\" data-title=\"IMG_20200412_093737\" data-caption=\"Diese Biene hat schon einen dicken Batzen Pollen gesammelt und bedient sich gerade an der Bl\u00fcte einer Quitte. Foto: Sarah Vierjahn\" href='https:\/\/paulinenaue.info\/index.php\/ostern-2020\/img_20200412_093737\/'><img decoding=\"async\" width=\"150\" height=\"150\" src=\"https:\/\/paulinenaue.info\/wp-content\/uploads\/2020\/04\/IMG_20200412_093737-150x150.jpg\" class=\"attachment-thumbnail size-thumbnail lazyload\" alt=\"\" aria-describedby=\"gallery-1-5268\" srcset=\"data:image\/svg+xml,%3Csvg%20xmlns%3D%27http%3A%2F%2Fwww.w3.org%2F2000%2Fsvg%27%20width%3D%271920%27%20height%3D%272560%27%20viewBox%3D%270%200%201920%202560%27%3E%3Crect%20width%3D%271920%27%20height%3D%272560%27%20fill-opacity%3D%220%22%2F%3E%3C%2Fsvg%3E\" data-orig-src=\"https:\/\/paulinenaue.info\/wp-content\/uploads\/2020\/04\/IMG_20200412_093737-150x150.jpg\" data-srcset=\"https:\/\/paulinenaue.info\/wp-content\/uploads\/2020\/04\/IMG_20200412_093737-100x100.jpg 100w, https:\/\/paulinenaue.info\/wp-content\/uploads\/2020\/04\/IMG_20200412_093737-150x150.jpg 150w, https:\/\/paulinenaue.info\/wp-content\/uploads\/2020\/04\/IMG_20200412_093737-210x210.jpg 210w, https:\/\/paulinenaue.info\/wp-content\/uploads\/2020\/04\/IMG_20200412_093737-400x400.jpg 400w\" data-sizes=\"auto\" data-attachment-id=\"5268\" data-permalink=\"https:\/\/paulinenaue.info\/index.php\/ostern-2020\/img_20200412_093737\/\" data-orig-file=\"https:\/\/paulinenaue.info\/wp-content\/uploads\/2020\/04\/IMG_20200412_093737-scaled.jpg\" data-orig-size=\"1920,2560\" data-comments-opened=\"1\" data-image-meta=\"{&quot;aperture&quot;:&quot;2.2&quot;,&quot;credit&quot;:&quot;&quot;,&quot;camera&quot;:&quot;FIG-LX1&quot;,&quot;caption&quot;:&quot;&quot;,&quot;created_timestamp&quot;:&quot;1586684257&quot;,&quot;copyright&quot;:&quot;&quot;,&quot;focal_length&quot;:&quot;3.21&quot;,&quot;iso&quot;:&quot;50&quot;,&quot;shutter_speed&quot;:&quot;0.002461&quot;,&quot;title&quot;:&quot;&quot;,&quot;orientation&quot;:&quot;0&quot;}\" data-image-title=\"IMG_20200412_093737\" data-image-description=\"\" data-image-caption=\"&lt;p&gt;Diese Biene hat schon einen dicken Batzen Pollen gesammelt und bedient sich gerade an der Bl\u00fcte einer Quitte. Foto: Sarah Vierjahn&lt;\/p&gt;\n\" data-large-file=\"https:\/\/paulinenaue.info\/wp-content\/uploads\/2020\/04\/IMG_20200412_093737-768x1024.jpg\" \/><\/a>\n\t\t\t<\/dt>\n\t\t\t\t<dd class='wp-caption-text gallery-caption' id='gallery-1-5268'>\n\t\t\t\tDiese Biene hat schon einen dicken Batzen Pollen gesammelt und bedient sich gerade an der Bl\u00fcte einer Quitte. Foto: Sarah Vierjahn\n\t\t\t\t<\/dd><\/dl><dl class='gallery-item'>\n\t\t\t<dt class='gallery-icon landscape'>\n\t\t\t\t<a data-rel=\"iLightbox[postimages]\" data-title=\"20130331_schneebar_ostern_01_ev\" data-caption=\"2013 lag Ostern noch Schnee. Hier wurde mit einer Schneebar am Osterfeuer die Getr\u00e4nke kalt gehalten. Foto: Eckhard Vierjahn\" href='https:\/\/paulinenaue.info\/index.php\/helmut-fritsch-wie-ich-in-paulinenaue-eine-neue-heimat-gefunden-habe-teil-2\/20130331_schneebar_ostern_01_ev\/'><img decoding=\"async\" width=\"150\" height=\"150\" src=\"https:\/\/paulinenaue.info\/wp-content\/uploads\/2016\/03\/20130331_schneebar_ostern_01_ev-150x150.jpg\" class=\"attachment-thumbnail size-thumbnail lazyload\" alt=\"\" aria-describedby=\"gallery-1-307\" srcset=\"data:image\/svg+xml,%3Csvg%20xmlns%3D%27http%3A%2F%2Fwww.w3.org%2F2000%2Fsvg%27%20width%3D%27500%27%20height%3D%27375%27%20viewBox%3D%270%200%20500%20375%27%3E%3Crect%20width%3D%27500%27%20height%3D%27375%27%20fill-opacity%3D%220%22%2F%3E%3C%2Fsvg%3E\" data-orig-src=\"https:\/\/paulinenaue.info\/wp-content\/uploads\/2016\/03\/20130331_schneebar_ostern_01_ev-150x150.jpg\" data-srcset=\"https:\/\/paulinenaue.info\/wp-content\/uploads\/2016\/03\/20130331_schneebar_ostern_01_ev-100x100.jpg 100w, https:\/\/paulinenaue.info\/wp-content\/uploads\/2016\/03\/20130331_schneebar_ostern_01_ev-150x150.jpg 150w, https:\/\/paulinenaue.info\/wp-content\/uploads\/2016\/03\/20130331_schneebar_ostern_01_ev-210x210.jpg 210w\" data-sizes=\"auto\" data-attachment-id=\"307\" data-permalink=\"https:\/\/paulinenaue.info\/index.php\/helmut-fritsch-wie-ich-in-paulinenaue-eine-neue-heimat-gefunden-habe-teil-2\/20130331_schneebar_ostern_01_ev\/\" data-orig-file=\"https:\/\/paulinenaue.info\/wp-content\/uploads\/2016\/03\/20130331_schneebar_ostern_01_ev.jpg\" data-orig-size=\"500,375\" data-comments-opened=\"1\" data-image-meta=\"{&quot;aperture&quot;:&quot;2.8&quot;,&quot;credit&quot;:&quot;&quot;,&quot;camera&quot;:&quot;DMC-FS6&quot;,&quot;caption&quot;:&quot;&quot;,&quot;created_timestamp&quot;:&quot;1364672214&quot;,&quot;copyright&quot;:&quot;&quot;,&quot;focal_length&quot;:&quot;5.5&quot;,&quot;iso&quot;:&quot;80&quot;,&quot;shutter_speed&quot;:&quot;0.01&quot;,&quot;title&quot;:&quot;&quot;,&quot;orientation&quot;:&quot;1&quot;}\" data-image-title=\"20130331_schneebar_ostern_01_ev\" data-image-description=\"\" data-image-caption=\"&lt;p&gt;2013 lag Ostern noch Schnee. Hier wurde mit einer Schneebar am Osterfeuer die Getr\u00e4nke kalt gehalten. Foto: Eckhard Vierjahn&lt;\/p&gt;\n\" data-large-file=\"https:\/\/paulinenaue.info\/wp-content\/uploads\/2016\/03\/20130331_schneebar_ostern_01_ev.jpg\" \/><\/a>\n\t\t\t<\/dt>\n\t\t\t\t<dd class='wp-caption-text gallery-caption' id='gallery-1-307'>\n\t\t\t\t2013 lag Ostern noch Schnee. Hier wurde mit einer Schneebar am Osterfeuer die Getr\u00e4nke kalt gehalten. Foto: Eckhard Vierjahn\n\t\t\t\t<\/dd><\/dl><dl class='gallery-item'>\n\t\t\t<dt class='gallery-icon portrait'>\n\t\t\t\t<a data-rel=\"iLightbox[postimages]\" data-title=\"IMG_20200410_200025\" data-caption=\"Der Storch in seinem noch nicht gemachten Nest. Foto: Sarah Vierjahn\" href='https:\/\/paulinenaue.info\/index.php\/ostern-2020\/img_20200410_200025\/'><img decoding=\"async\" width=\"150\" height=\"150\" src=\"https:\/\/paulinenaue.info\/wp-content\/uploads\/2020\/04\/IMG_20200410_200025-150x150.jpg\" class=\"attachment-thumbnail size-thumbnail lazyload\" alt=\"\" aria-describedby=\"gallery-1-5265\" srcset=\"data:image\/svg+xml,%3Csvg%20xmlns%3D%27http%3A%2F%2Fwww.w3.org%2F2000%2Fsvg%27%20width%3D%271920%27%20height%3D%272560%27%20viewBox%3D%270%200%201920%202560%27%3E%3Crect%20width%3D%271920%27%20height%3D%272560%27%20fill-opacity%3D%220%22%2F%3E%3C%2Fsvg%3E\" data-orig-src=\"https:\/\/paulinenaue.info\/wp-content\/uploads\/2020\/04\/IMG_20200410_200025-150x150.jpg\" data-srcset=\"https:\/\/paulinenaue.info\/wp-content\/uploads\/2020\/04\/IMG_20200410_200025-100x100.jpg 100w, https:\/\/paulinenaue.info\/wp-content\/uploads\/2020\/04\/IMG_20200410_200025-150x150.jpg 150w, https:\/\/paulinenaue.info\/wp-content\/uploads\/2020\/04\/IMG_20200410_200025-210x210.jpg 210w, https:\/\/paulinenaue.info\/wp-content\/uploads\/2020\/04\/IMG_20200410_200025-400x400.jpg 400w\" data-sizes=\"auto\" data-attachment-id=\"5265\" data-permalink=\"https:\/\/paulinenaue.info\/index.php\/ostern-2020\/img_20200410_200025\/\" data-orig-file=\"https:\/\/paulinenaue.info\/wp-content\/uploads\/2020\/04\/IMG_20200410_200025-scaled.jpg\" data-orig-size=\"1920,2560\" data-comments-opened=\"1\" data-image-meta=\"{&quot;aperture&quot;:&quot;2.2&quot;,&quot;credit&quot;:&quot;&quot;,&quot;camera&quot;:&quot;FIG-LX1&quot;,&quot;caption&quot;:&quot;&quot;,&quot;created_timestamp&quot;:&quot;1586548828&quot;,&quot;copyright&quot;:&quot;&quot;,&quot;focal_length&quot;:&quot;3.21&quot;,&quot;iso&quot;:&quot;64&quot;,&quot;shutter_speed&quot;:&quot;0.02&quot;,&quot;title&quot;:&quot;&quot;,&quot;orientation&quot;:&quot;0&quot;}\" data-image-title=\"IMG_20200410_200025\" data-image-description=\"\" data-image-caption=\"&lt;p&gt;Der Storch in seinem noch nicht gemachten Nest. Foto: Sarah Vierjahn&lt;\/p&gt;\n\" data-large-file=\"https:\/\/paulinenaue.info\/wp-content\/uploads\/2020\/04\/IMG_20200410_200025-768x1024.jpg\" \/><\/a>\n\t\t\t<\/dt>\n\t\t\t\t<dd class='wp-caption-text gallery-caption' id='gallery-1-5265'>\n\t\t\t\tDer Storch in seinem noch nicht gemachten Nest. Foto: Sarah Vierjahn\n\t\t\t\t<\/dd><\/dl><br style=\"clear: both\" \/><dl class='gallery-item'>\n\t\t\t<dt class='gallery-icon landscape'>\n\t\t\t\t<a data-rel=\"iLightbox[postimages]\" data-title=\"IMG_20200412_093542\" data-caption=\"Erfolgreiche Eiersuche. Foto: Sarah Vierjahn\" href='https:\/\/paulinenaue.info\/index.php\/ostern-2020\/img_20200412_093542\/'><img decoding=\"async\" width=\"150\" height=\"150\" src=\"https:\/\/paulinenaue.info\/wp-content\/uploads\/2020\/04\/IMG_20200412_093542-150x150.jpg\" class=\"attachment-thumbnail size-thumbnail lazyload\" alt=\"\" aria-describedby=\"gallery-1-5266\" srcset=\"data:image\/svg+xml,%3Csvg%20xmlns%3D%27http%3A%2F%2Fwww.w3.org%2F2000%2Fsvg%27%20width%3D%272560%27%20height%3D%271920%27%20viewBox%3D%270%200%202560%201920%27%3E%3Crect%20width%3D%272560%27%20height%3D%271920%27%20fill-opacity%3D%220%22%2F%3E%3C%2Fsvg%3E\" data-orig-src=\"https:\/\/paulinenaue.info\/wp-content\/uploads\/2020\/04\/IMG_20200412_093542-150x150.jpg\" data-srcset=\"https:\/\/paulinenaue.info\/wp-content\/uploads\/2020\/04\/IMG_20200412_093542-100x100.jpg 100w, https:\/\/paulinenaue.info\/wp-content\/uploads\/2020\/04\/IMG_20200412_093542-150x150.jpg 150w, https:\/\/paulinenaue.info\/wp-content\/uploads\/2020\/04\/IMG_20200412_093542-210x210.jpg 210w, https:\/\/paulinenaue.info\/wp-content\/uploads\/2020\/04\/IMG_20200412_093542-400x400.jpg 400w\" data-sizes=\"auto\" data-attachment-id=\"5266\" data-permalink=\"https:\/\/paulinenaue.info\/index.php\/ostern-2020\/img_20200412_093542\/\" data-orig-file=\"https:\/\/paulinenaue.info\/wp-content\/uploads\/2020\/04\/IMG_20200412_093542-scaled.jpg\" data-orig-size=\"2560,1920\" data-comments-opened=\"1\" data-image-meta=\"{&quot;aperture&quot;:&quot;2.2&quot;,&quot;credit&quot;:&quot;&quot;,&quot;camera&quot;:&quot;FIG-LX1&quot;,&quot;caption&quot;:&quot;&quot;,&quot;created_timestamp&quot;:&quot;1586684144&quot;,&quot;copyright&quot;:&quot;&quot;,&quot;focal_length&quot;:&quot;3.21&quot;,&quot;iso&quot;:&quot;50&quot;,&quot;shutter_speed&quot;:&quot;0.001459&quot;,&quot;title&quot;:&quot;&quot;,&quot;orientation&quot;:&quot;0&quot;}\" data-image-title=\"IMG_20200412_093542\" data-image-description=\"\" data-image-caption=\"&lt;p&gt;Erfolgreiche Eiersuche. Foto: Sarah Vierjahn&lt;\/p&gt;\n\" data-large-file=\"https:\/\/paulinenaue.info\/wp-content\/uploads\/2020\/04\/IMG_20200412_093542-1024x768.jpg\" \/><\/a>\n\t\t\t<\/dt>\n\t\t\t\t<dd class='wp-caption-text gallery-caption' id='gallery-1-5266'>\n\t\t\t\tErfolgreiche Eiersuche. Foto: Sarah Vierjahn\n\t\t\t\t<\/dd><\/dl>\n\t\t\t<br style='clear: both' \/>\n\t\t<\/div>\n\n","protected":false},"excerpt":{"rendered":"<p>Den Osterstrau\u00df 2020 haben wir in diesem Jahr nicht gek\u00fcrt [&hellip;]<\/p>\n","protected":false},"author":3,"featured_media":5267,"comment_status":"open","ping_status":"open","sticky":false,"template":"","format":"standard","meta":{"_acf_changed":false,"_price":"","_stock":"","_tribe_ticket_header":"","_tribe_default_ticket_provider":"","_tribe_ticket_capacity":"0","_ticket_start_date":"","_ticket_end_date":"","_tribe_ticket_show_description":"","_tribe_ticket_show_not_going":false,"_tribe_ticket_use_global_stock":"","_tribe_ticket_global_stock_level":"","_global_stock_mode":"","_global_stock_cap":"","_tribe_rsvp_for_event":"","_tribe_ticket_going_count":"","_tribe_ticket_not_going_count":"","_tribe_tickets_list":"[]","_tribe_ticket_has_attendee_info_fields":false,"jetpack_post_was_ever_published":false,"_jetpack_newsletter_access":"","_jetpack_dont_email_post_to_subs":false,"_jetpack_newsletter_tier_id":0,"_jetpack_memberships_contains_paywalled_content":false,"_jetpack_memberships_contains_paid_content":false,"footnotes":"","jetpack_publicize_message":"","jetpack_publicize_feature_enabled":true,"jetpack_social_post_already_shared":true,"jetpack_social_options":{"image_generator_settings":{"template":"highway","default_image_id":0,"font":"","enabled":false},"version":2}},"categories":[1,9],"tags":[347,15,23],"class_list":["post-5263","post","type-post","status-publish","format-standard","has-post-thumbnail","hentry","category-allgemein","category-neuigkeiten","tag-corona","tag-ostern","tag-storch"],"acf":[],"yoast_head":"<!-- This site is optimized with the Yoast SEO plugin v27.5 - https:\/\/yoast.com\/product\/yoast-seo-wordpress\/ -->\n<title>Ostern 2020 - Paulinenaue<\/title>\n<meta name=\"robots\" content=\"index, follow, max-snippet:-1, max-image-preview:large, max-video-preview:-1\" \/>\n<link rel=\"canonical\" href=\"https:\/\/paulinenaue.info\/index.php\/ostern-2020\/\" \/>\n<meta property=\"og:locale\" content=\"de_DE\" \/>\n<meta property=\"og:type\" content=\"article\" \/>\n<meta property=\"og:title\" content=\"Ostern 2020 - Paulinenaue\" \/>\n<meta property=\"og:description\" content=\"Den Osterstrau\u00df 2020 haben wir in diesem Jahr nicht gek\u00fcrt [&hellip;]\" \/>\n<meta property=\"og:url\" content=\"https:\/\/paulinenaue.info\/index.php\/ostern-2020\/\" \/>\n<meta property=\"og:site_name\" content=\"Paulinenaue\" \/>\n<meta property=\"article:published_time\" content=\"2020-04-12T09:59:12+00:00\" \/>\n<meta property=\"og:image\" content=\"https:\/\/i2.wp.com\/paulinenaue.info\/wp-content\/uploads\/2020\/04\/IMG_20200412_093615-scaled.jpg?fit=1920%2C2560&ssl=1\" \/>\n\t<meta property=\"og:image:width\" content=\"1920\" \/>\n\t<meta property=\"og:image:height\" content=\"2560\" \/>\n\t<meta property=\"og:image:type\" content=\"image\/jpeg\" \/>\n<meta name=\"author\" content=\"Sarah\" \/>\n<meta name=\"twitter:card\" content=\"summary_large_image\" \/>\n<meta name=\"twitter:label1\" content=\"Verfasst von\" \/>\n\t<meta name=\"twitter:data1\" content=\"Sarah\" \/>\n\t<meta name=\"twitter:label2\" content=\"Gesch\u00e4tzte Lesezeit\" \/>\n\t<meta name=\"twitter:data2\" content=\"1\u00a0Minute\" \/>\n<script type=\"application\/ld+json\" class=\"yoast-schema-graph\">{\"@context\":\"https:\\\/\\\/schema.org\",\"@graph\":[{\"@type\":\"Article\",\"@id\":\"https:\\\/\\\/paulinenaue.info\\\/index.php\\\/ostern-2020\\\/#article\",\"isPartOf\":{\"@id\":\"https:\\\/\\\/paulinenaue.info\\\/index.php\\\/ostern-2020\\\/\"},\"author\":{\"name\":\"Sarah\",\"@id\":\"https:\\\/\\\/paulinenaue.info\\\/#\\\/schema\\\/person\\\/e5be566a57b5b3f65d2c65a58c42325e\"},\"headline\":\"Ostern 2020\",\"datePublished\":\"2020-04-12T09:59:12+00:00\",\"mainEntityOfPage\":{\"@id\":\"https:\\\/\\\/paulinenaue.info\\\/index.php\\\/ostern-2020\\\/\"},\"wordCount\":295,\"commentCount\":0,\"image\":{\"@id\":\"https:\\\/\\\/paulinenaue.info\\\/index.php\\\/ostern-2020\\\/#primaryimage\"},\"thumbnailUrl\":\"https:\\\/\\\/paulinenaue.info\\\/wp-content\\\/uploads\\\/2020\\\/04\\\/IMG_20200412_093615-scaled.jpg\",\"keywords\":[\"Corona\",\"Ostern\",\"Storch\"],\"articleSection\":{\"1\":\"Neuigkeiten\"},\"inLanguage\":\"de\",\"potentialAction\":[{\"@type\":\"CommentAction\",\"name\":\"Comment\",\"target\":[\"https:\\\/\\\/paulinenaue.info\\\/index.php\\\/ostern-2020\\\/#respond\"]}]},{\"@type\":\"WebPage\",\"@id\":\"https:\\\/\\\/paulinenaue.info\\\/index.php\\\/ostern-2020\\\/\",\"url\":\"https:\\\/\\\/paulinenaue.info\\\/index.php\\\/ostern-2020\\\/\",\"name\":\"Ostern 2020 - Paulinenaue\",\"isPartOf\":{\"@id\":\"https:\\\/\\\/paulinenaue.info\\\/#website\"},\"primaryImageOfPage\":{\"@id\":\"https:\\\/\\\/paulinenaue.info\\\/index.php\\\/ostern-2020\\\/#primaryimage\"},\"image\":{\"@id\":\"https:\\\/\\\/paulinenaue.info\\\/index.php\\\/ostern-2020\\\/#primaryimage\"},\"thumbnailUrl\":\"https:\\\/\\\/paulinenaue.info\\\/wp-content\\\/uploads\\\/2020\\\/04\\\/IMG_20200412_093615-scaled.jpg\",\"datePublished\":\"2020-04-12T09:59:12+00:00\",\"author\":{\"@id\":\"https:\\\/\\\/paulinenaue.info\\\/#\\\/schema\\\/person\\\/e5be566a57b5b3f65d2c65a58c42325e\"},\"breadcrumb\":{\"@id\":\"https:\\\/\\\/paulinenaue.info\\\/index.php\\\/ostern-2020\\\/#breadcrumb\"},\"inLanguage\":\"de\",\"potentialAction\":[{\"@type\":\"ReadAction\",\"target\":[\"https:\\\/\\\/paulinenaue.info\\\/index.php\\\/ostern-2020\\\/\"]}]},{\"@type\":\"ImageObject\",\"inLanguage\":\"de\",\"@id\":\"https:\\\/\\\/paulinenaue.info\\\/index.php\\\/ostern-2020\\\/#primaryimage\",\"url\":\"https:\\\/\\\/paulinenaue.info\\\/wp-content\\\/uploads\\\/2020\\\/04\\\/IMG_20200412_093615-scaled.jpg\",\"contentUrl\":\"https:\\\/\\\/paulinenaue.info\\\/wp-content\\\/uploads\\\/2020\\\/04\\\/IMG_20200412_093615-scaled.jpg\",\"width\":1920,\"height\":2560},{\"@type\":\"BreadcrumbList\",\"@id\":\"https:\\\/\\\/paulinenaue.info\\\/index.php\\\/ostern-2020\\\/#breadcrumb\",\"itemListElement\":[{\"@type\":\"ListItem\",\"position\":1,\"name\":\"Home\",\"item\":\"https:\\\/\\\/paulinenaue.info\\\/\"},{\"@type\":\"ListItem\",\"position\":2,\"name\":\"Ostern 2020\"}]},{\"@type\":\"WebSite\",\"@id\":\"https:\\\/\\\/paulinenaue.info\\\/#website\",\"url\":\"https:\\\/\\\/paulinenaue.info\\\/\",\"name\":\"Paulinenaue\",\"description\":\"Ein Dorf im Havelland\",\"potentialAction\":[{\"@type\":\"SearchAction\",\"target\":{\"@type\":\"EntryPoint\",\"urlTemplate\":\"https:\\\/\\\/paulinenaue.info\\\/?s={search_term_string}\"},\"query-input\":{\"@type\":\"PropertyValueSpecification\",\"valueRequired\":true,\"valueName\":\"search_term_string\"}}],\"inLanguage\":\"de\"},{\"@type\":\"Person\",\"@id\":\"https:\\\/\\\/paulinenaue.info\\\/#\\\/schema\\\/person\\\/e5be566a57b5b3f65d2c65a58c42325e\",\"name\":\"Sarah\",\"url\":\"https:\\\/\\\/paulinenaue.info\\\/index.php\\\/author\\\/sarah\\\/\"}]}<\/script>\n<!-- \/ Yoast SEO plugin. -->","yoast_head_json":{"title":"Ostern 2020 - Paulinenaue","robots":{"index":"index","follow":"follow","max-snippet":"max-snippet:-1","max-image-preview":"max-image-preview:large","max-video-preview":"max-video-preview:-1"},"canonical":"https:\/\/paulinenaue.info\/index.php\/ostern-2020\/","og_locale":"de_DE","og_type":"article","og_title":"Ostern 2020 - Paulinenaue","og_description":"Den Osterstrau\u00df 2020 haben wir in diesem Jahr nicht gek\u00fcrt [&hellip;]","og_url":"https:\/\/paulinenaue.info\/index.php\/ostern-2020\/","og_site_name":"Paulinenaue","article_published_time":"2020-04-12T09:59:12+00:00","og_image":[{"width":1920,"height":2560,"url":"https:\/\/i2.wp.com\/paulinenaue.info\/wp-content\/uploads\/2020\/04\/IMG_20200412_093615-scaled.jpg?fit=1920%2C2560&ssl=1","type":"image\/jpeg"}],"author":"Sarah","twitter_card":"summary_large_image","twitter_misc":{"Verfasst von":"Sarah","Gesch\u00e4tzte Lesezeit":"1\u00a0Minute"},"schema":{"@context":"https:\/\/schema.org","@graph":[{"@type":"Article","@id":"https:\/\/paulinenaue.info\/index.php\/ostern-2020\/#article","isPartOf":{"@id":"https:\/\/paulinenaue.info\/index.php\/ostern-2020\/"},"author":{"name":"Sarah","@id":"https:\/\/paulinenaue.info\/#\/schema\/person\/e5be566a57b5b3f65d2c65a58c42325e"},"headline":"Ostern 2020","datePublished":"2020-04-12T09:59:12+00:00","mainEntityOfPage":{"@id":"https:\/\/paulinenaue.info\/index.php\/ostern-2020\/"},"wordCount":295,"commentCount":0,"image":{"@id":"https:\/\/paulinenaue.info\/index.php\/ostern-2020\/#primaryimage"},"thumbnailUrl":"https:\/\/paulinenaue.info\/wp-content\/uploads\/2020\/04\/IMG_20200412_093615-scaled.jpg","keywords":["Corona","Ostern","Storch"],"articleSection":{"1":"Neuigkeiten"},"inLanguage":"de","potentialAction":[{"@type":"CommentAction","name":"Comment","target":["https:\/\/paulinenaue.info\/index.php\/ostern-2020\/#respond"]}]},{"@type":"WebPage","@id":"https:\/\/paulinenaue.info\/index.php\/ostern-2020\/","url":"https:\/\/paulinenaue.info\/index.php\/ostern-2020\/","name":"Ostern 2020 - Paulinenaue","isPartOf":{"@id":"https:\/\/paulinenaue.info\/#website"},"primaryImageOfPage":{"@id":"https:\/\/paulinenaue.info\/index.php\/ostern-2020\/#primaryimage"},"image":{"@id":"https:\/\/paulinenaue.info\/index.php\/ostern-2020\/#primaryimage"},"thumbnailUrl":"https:\/\/paulinenaue.info\/wp-content\/uploads\/2020\/04\/IMG_20200412_093615-scaled.jpg","datePublished":"2020-04-12T09:59:12+00:00","author":{"@id":"https:\/\/paulinenaue.info\/#\/schema\/person\/e5be566a57b5b3f65d2c65a58c42325e"},"breadcrumb":{"@id":"https:\/\/paulinenaue.info\/index.php\/ostern-2020\/#breadcrumb"},"inLanguage":"de","potentialAction":[{"@type":"ReadAction","target":["https:\/\/paulinenaue.info\/index.php\/ostern-2020\/"]}]},{"@type":"ImageObject","inLanguage":"de","@id":"https:\/\/paulinenaue.info\/index.php\/ostern-2020\/#primaryimage","url":"https:\/\/paulinenaue.info\/wp-content\/uploads\/2020\/04\/IMG_20200412_093615-scaled.jpg","contentUrl":"https:\/\/paulinenaue.info\/wp-content\/uploads\/2020\/04\/IMG_20200412_093615-scaled.jpg","width":1920,"height":2560},{"@type":"BreadcrumbList","@id":"https:\/\/paulinenaue.info\/index.php\/ostern-2020\/#breadcrumb","itemListElement":[{"@type":"ListItem","position":1,"name":"Home","item":"https:\/\/paulinenaue.info\/"},{"@type":"ListItem","position":2,"name":"Ostern 2020"}]},{"@type":"WebSite","@id":"https:\/\/paulinenaue.info\/#website","url":"https:\/\/paulinenaue.info\/","name":"Paulinenaue","description":"Ein Dorf im Havelland","potentialAction":[{"@type":"SearchAction","target":{"@type":"EntryPoint","urlTemplate":"https:\/\/paulinenaue.info\/?s={search_term_string}"},"query-input":{"@type":"PropertyValueSpecification","valueRequired":true,"valueName":"search_term_string"}}],"inLanguage":"de"},{"@type":"Person","@id":"https:\/\/paulinenaue.info\/#\/schema\/person\/e5be566a57b5b3f65d2c65a58c42325e","name":"Sarah","url":"https:\/\/paulinenaue.info\/index.php\/author\/sarah\/"}]}},"jetpack_publicize_connections":[],"jetpack_featured_media_url":"https:\/\/paulinenaue.info\/wp-content\/uploads\/2020\/04\/IMG_20200412_093615-scaled.jpg","jetpack_sharing_enabled":true,"jetpack_shortlink":"https:\/\/wp.me\/pcYhWA-1mT","jetpack-related-posts":[{"id":109773,"url":"https:\/\/paulinenaue.info\/index.php\/vor-ostern-2022\/","url_meta":{"origin":5263,"position":0},"title":"Vor Ostern 2022","author":"Sarah","date":"8. April 2022","format":false,"excerpt":"","rel":"","context":"In &quot;Allgemein&quot;","block_context":{"text":"Allgemein","link":"https:\/\/paulinenaue.info\/index.php\/category\/allgemein\/"},"img":{"alt_text":"","src":"https:\/\/i0.wp.com\/paulinenaue.info\/wp-content\/uploads\/2022\/04\/ostern1.jpg?resize=350%2C200&ssl=1","width":350,"height":200,"srcset":"https:\/\/i0.wp.com\/paulinenaue.info\/wp-content\/uploads\/2022\/04\/ostern1.jpg?resize=350%2C200&ssl=1 1x, https:\/\/i0.wp.com\/paulinenaue.info\/wp-content\/uploads\/2022\/04\/ostern1.jpg?resize=525%2C300&ssl=1 1.5x, https:\/\/i0.wp.com\/paulinenaue.info\/wp-content\/uploads\/2022\/04\/ostern1.jpg?resize=700%2C400&ssl=1 2x, https:\/\/i0.wp.com\/paulinenaue.info\/wp-content\/uploads\/2022\/04\/ostern1.jpg?resize=1050%2C600&ssl=1 3x, https:\/\/i0.wp.com\/paulinenaue.info\/wp-content\/uploads\/2022\/04\/ostern1.jpg?resize=1400%2C800&ssl=1 4x"},"classes":[]},{"id":118,"url":"https:\/\/paulinenaue.info\/index.php\/frohes-fest-weisse-ostern-2013-in-paulinenaue\/","url_meta":{"origin":5263,"position":1},"title":"Frohes Fest! \u2013 Wei\u00dfe Ostern 2013 in Paulinenaue","author":"Joachim Scholz","date":"22. M\u00e4rz 2016","format":false,"excerpt":"Joachim Scholz 31.03.2013. Wenn das Wetter nun nicht f\u00fcr immer so bleibt, dann wird uns dieses Osterfest noch lange als ein besonderes in Erinnerung bleiben. Fast vier Wochen vergingen schon seit dem letzten Wintereinbruch, wir haben Anfang April, die Sommerzeit und eben auch Ostern sind gekommen. Aber es besteht noch\u2026","rel":"","context":"In &quot;Hier Zuhause&quot;","block_context":{"text":"Hier Zuhause","link":"https:\/\/paulinenaue.info\/index.php\/category\/hier-zuhause\/"},"img":{"alt_text":"","src":"https:\/\/i0.wp.com\/paulinenaue.info\/wp-content\/uploads\/2016\/03\/20130331_ostern_lange_01.jpg?resize=350%2C200&ssl=1","width":350,"height":200},"classes":[]},{"id":120,"url":"https:\/\/paulinenaue.info\/index.php\/eiertrudeln-im-schnee-frohe-ostern-wuenscht-die-kita-paulinchen\/","url_meta":{"origin":5263,"position":2},"title":"Eiertrudeln im Schnee \u2013 Frohe Ostern w\u00fcnscht die Kita \u201ePaulinchen\u201c","author":"Joachim Scholz","date":"22. M\u00e4rz 2016","format":false,"excerpt":"Joachim Scholz 26.03.2013. Mit diesen Bildern sendet und die Paulinenauer Kita \u201ePaulinchen\u201c einen lieben Ostergru\u00df. Am vergangenen Dienstag veranstalteten die kleinen Paulinenauerinnen und Paulinenauer ihr Osterfest unter den seltsamen Bedingungen richtigen Winterwetters, das uns zu Weihnachten verwehrt geblieben war. F\u00fcr die Kleinen, die erst in die Ordnung dieser Welt hineinwachsen,\u2026","rel":"","context":"In &quot;Kita&quot;","block_context":{"text":"Kita","link":"https:\/\/paulinenaue.info\/index.php\/category\/kita\/"},"img":{"alt_text":"","src":"","width":0,"height":0},"classes":[]},{"id":5274,"url":"https:\/\/paulinenaue.info\/index.php\/das-storchenpaar-ist-komplett\/","url_meta":{"origin":5263,"position":3},"title":"Das Storchenpaar ist komplett","author":"Sarah","date":"13. April 2020","format":false,"excerpt":"Noch am Freitag sa\u00df der Storch alleine in seinem Nest zwischen dem Gartenweg und der Jahnstra\u00dfe. Gestern, am Ostersonntag, war er schon nicht mehr allein - die Storchendame hat sich dazu gesellt. Na wenn das nicht das sch\u00f6nste Ostergeschenk f\u00fcr ihn war... \u00a0","rel":"","context":"In &quot;Allgemein&quot;","block_context":{"text":"Allgemein","link":"https:\/\/paulinenaue.info\/index.php\/category\/allgemein\/"},"img":{"alt_text":"","src":"https:\/\/i0.wp.com\/paulinenaue.info\/wp-content\/uploads\/2020\/04\/IMG_20200412_195804-scaled-e1586777874884.jpg?resize=350%2C200&ssl=1","width":350,"height":200,"srcset":"https:\/\/i0.wp.com\/paulinenaue.info\/wp-content\/uploads\/2020\/04\/IMG_20200412_195804-scaled-e1586777874884.jpg?resize=350%2C200&ssl=1 1x, https:\/\/i0.wp.com\/paulinenaue.info\/wp-content\/uploads\/2020\/04\/IMG_20200412_195804-scaled-e1586777874884.jpg?resize=525%2C300&ssl=1 1.5x, https:\/\/i0.wp.com\/paulinenaue.info\/wp-content\/uploads\/2020\/04\/IMG_20200412_195804-scaled-e1586777874884.jpg?resize=700%2C400&ssl=1 2x, https:\/\/i0.wp.com\/paulinenaue.info\/wp-content\/uploads\/2020\/04\/IMG_20200412_195804-scaled-e1586777874884.jpg?resize=1050%2C600&ssl=1 3x, https:\/\/i0.wp.com\/paulinenaue.info\/wp-content\/uploads\/2020\/04\/IMG_20200412_195804-scaled-e1586777874884.jpg?resize=1400%2C800&ssl=1 4x"},"classes":[]},{"id":415144,"url":"https:\/\/paulinenaue.info\/index.php\/eiertrudeln-wie-vor-90-jahren-ostern-auf-dem-dorf\/","url_meta":{"origin":5263,"position":4},"title":"Eiertrudeln wie vor 90 Jahren \u2013\u00a0Ostern auf dem Dorf","author":"Joachim Scholz","date":"10. April 2023","format":false,"excerpt":"Es ist wieder Ostern, der Winter ist definitiv vorbei und es erwacht \u00f6sterliches Paulinenauer Brauchtum. Der Osterstrau\u00df des Jahres wurde bereits gek\u00fcrt, nun standen abseits der religi\u00f6sen Feierlichkeiten noch Osterfeuer und Eiertrudeln auf dem Plan. Nicht nur die Menschen wissen, was sich zu dieser Zeit geh\u00f6rt. So war alles wie\u2026","rel":"","context":"In &quot;Allgemein&quot;","block_context":{"text":"Allgemein","link":"https:\/\/paulinenaue.info\/index.php\/category\/allgemein\/"},"img":{"alt_text":"","src":"https:\/\/i0.wp.com\/paulinenaue.info\/wp-content\/uploads\/2023\/04\/2023-04-08-Osterfeuer-01-1.jpeg?resize=350%2C200&ssl=1","width":350,"height":200,"srcset":"https:\/\/i0.wp.com\/paulinenaue.info\/wp-content\/uploads\/2023\/04\/2023-04-08-Osterfeuer-01-1.jpeg?resize=350%2C200&ssl=1 1x, https:\/\/i0.wp.com\/paulinenaue.info\/wp-content\/uploads\/2023\/04\/2023-04-08-Osterfeuer-01-1.jpeg?resize=525%2C300&ssl=1 1.5x, https:\/\/i0.wp.com\/paulinenaue.info\/wp-content\/uploads\/2023\/04\/2023-04-08-Osterfeuer-01-1.jpeg?resize=700%2C400&ssl=1 2x"},"classes":[]},{"id":4674,"url":"https:\/\/paulinenaue.info\/index.php\/der-osterstrauss-des-jahres-2014\/","url_meta":{"origin":5263,"position":5},"title":"Der Osterstrau\u00df des Jahres 2014","author":"Joachim Scholz","date":"21. April 2014","format":false,"excerpt":"Viele Osterstr\u00e4u\u00dfe sind auch in diesem Jahr wieder in Paulinenauer G\u00e4rten zu bestaunen, so dass die Jury f\u00fcr den \u201ePaulinenauer Osterstrau\u00df des Jahres\u201c beim Durchfahren des Ortes am Ostermontag kein leichtes Spiel hatte. In der Waldstra\u00dfe aber zieht ein Strau\u00df die Blicke besonders auf sich. Hier steht im Garten von\u2026","rel":"","context":"In &quot;Allgemein&quot;","block_context":{"text":"Allgemein","link":"https:\/\/paulinenaue.info\/index.php\/category\/allgemein\/"},"img":{"alt_text":"","src":"https:\/\/i0.wp.com\/paulinenaue.info\/wp-content\/uploads\/2019\/04\/20140421_osterstrauss_christine_lass.jpg?resize=350%2C200&ssl=1","width":350,"height":200,"srcset":"https:\/\/i0.wp.com\/paulinenaue.info\/wp-content\/uploads\/2019\/04\/20140421_osterstrauss_christine_lass.jpg?resize=350%2C200&ssl=1 1x, https:\/\/i0.wp.com\/paulinenaue.info\/wp-content\/uploads\/2019\/04\/20140421_osterstrauss_christine_lass.jpg?resize=525%2C300&ssl=1 1.5x, https:\/\/i0.wp.com\/paulinenaue.info\/wp-content\/uploads\/2019\/04\/20140421_osterstrauss_christine_lass.jpg?resize=700%2C400&ssl=1 2x"},"classes":[]}],"_links":{"self":[{"href":"https:\/\/paulinenaue.info\/index.php\/wp-json\/wp\/v2\/posts\/5263","targetHints":{"allow":["GET"]}}],"collection":[{"href":"https:\/\/paulinenaue.info\/index.php\/wp-json\/wp\/v2\/posts"}],"about":[{"href":"https:\/\/paulinenaue.info\/index.php\/wp-json\/wp\/v2\/types\/post"}],"author":[{"embeddable":true,"href":"https:\/\/paulinenaue.info\/index.php\/wp-json\/wp\/v2\/users\/3"}],"replies":[{"embeddable":true,"href":"https:\/\/paulinenaue.info\/index.php\/wp-json\/wp\/v2\/comments?post=5263"}],"version-history":[{"count":5,"href":"https:\/\/paulinenaue.info\/index.php\/wp-json\/wp\/v2\/posts\/5263\/revisions"}],"predecessor-version":[{"id":5273,"href":"https:\/\/paulinenaue.info\/index.php\/wp-json\/wp\/v2\/posts\/5263\/revisions\/5273"}],"wp:featuredmedia":[{"embeddable":true,"href":"https:\/\/paulinenaue.info\/index.php\/wp-json\/wp\/v2\/media\/5267"}],"wp:attachment":[{"href":"https:\/\/paulinenaue.info\/index.php\/wp-json\/wp\/v2\/media?parent=5263"}],"wp:term":[{"taxonomy":"category","embeddable":true,"href":"https:\/\/paulinenaue.info\/index.php\/wp-json\/wp\/v2\/categories?post=5263"},{"taxonomy":"post_tag","embeddable":true,"href":"https:\/\/paulinenaue.info\/index.php\/wp-json\/wp\/v2\/tags?post=5263"}],"curies":[{"name":"wp","href":"https:\/\/api.w.org\/{rel}","templated":true}]}}