{"id":5274,"date":"2020-04-13T12:40:02","date_gmt":"2020-04-13T11:40:02","guid":{"rendered":"http:\/\/paulinenaue.info\/?p=5274"},"modified":"2020-04-13T12:40:02","modified_gmt":"2020-04-13T11:40:02","slug":"das-storchenpaar-ist-komplett","status":"publish","type":"post","link":"https:\/\/paulinenaue.info\/index.php\/das-storchenpaar-ist-komplett\/","title":{"rendered":"Das Storchenpaar ist komplett"},"content":{"rendered":"<p>Noch am Freitag sa\u00df der Storch alleine in seinem Nest zwischen dem Gartenweg und der Jahnstra\u00dfe. Gestern, am Ostersonntag, war er schon nicht mehr allein &#8211; die Storchendame hat sich dazu gesellt. Na wenn das nicht das sch\u00f6nste Ostergeschenk f\u00fcr ihn war&#8230;<\/p>\n\n\t\t<style type=\"text\/css\">\n\t\t\t#gallery-1 {\n\t\t\t\tmargin: auto;\n\t\t\t}\n\t\t\t#gallery-1 .gallery-item {\n\t\t\t\tfloat: left;\n\t\t\t\tmargin-top: 10px;\n\t\t\t\ttext-align: center;\n\t\t\t\twidth: 33%;\n\t\t\t}\n\t\t\t#gallery-1 img {\n\t\t\t\tborder: 2px solid #cfcfcf;\n\t\t\t}\n\t\t\t#gallery-1 .gallery-caption {\n\t\t\t\tmargin-left: 0;\n\t\t\t}\n\t\t\t\/* see gallery_shortcode() in wp-includes\/media.php *\/\n\t\t<\/style>\n\t\t<div data-carousel-extra='{&quot;blog_id&quot;:1,&quot;permalink&quot;:&quot;https:\/\/paulinenaue.info\/index.php\/das-storchenpaar-ist-komplett\/&quot;}' id='gallery-1' class='gallery galleryid-5274 gallery-columns-3 gallery-size-thumbnail'><dl class='gallery-item'>\n\t\t\t<dt class='gallery-icon portrait'>\n\t\t\t\t<a data-rel=\"iLightbox[postimages]\" data-title=\"IMG_20200412_195756\" data-caption=\"Hoch oben lebt es sich gut. Ostersonntag war das Storchenpaar wieder vereint im Paulinenauer Storchennest. Foto: Sarah Vierjahn\" href='https:\/\/paulinenaue.info\/index.php\/das-storchenpaar-ist-komplett\/img_20200412_195756\/'><img decoding=\"async\" width=\"150\" height=\"150\" src=\"https:\/\/paulinenaue.info\/wp-content\/uploads\/2020\/04\/IMG_20200412_195756-150x150.jpg\" class=\"attachment-thumbnail size-thumbnail lazyload\" alt=\"\" aria-describedby=\"gallery-1-5275\" srcset=\"data:image\/svg+xml,%3Csvg%20xmlns%3D%27http%3A%2F%2Fwww.w3.org%2F2000%2Fsvg%27%20width%3D%271920%27%20height%3D%272560%27%20viewBox%3D%270%200%201920%202560%27%3E%3Crect%20width%3D%271920%27%20height%3D%272560%27%20fill-opacity%3D%220%22%2F%3E%3C%2Fsvg%3E\" data-orig-src=\"https:\/\/paulinenaue.info\/wp-content\/uploads\/2020\/04\/IMG_20200412_195756-150x150.jpg\" data-srcset=\"https:\/\/paulinenaue.info\/wp-content\/uploads\/2020\/04\/IMG_20200412_195756-100x100.jpg 100w, https:\/\/paulinenaue.info\/wp-content\/uploads\/2020\/04\/IMG_20200412_195756-150x150.jpg 150w, https:\/\/paulinenaue.info\/wp-content\/uploads\/2020\/04\/IMG_20200412_195756-210x210.jpg 210w, https:\/\/paulinenaue.info\/wp-content\/uploads\/2020\/04\/IMG_20200412_195756-400x400.jpg 400w\" data-sizes=\"auto\" data-attachment-id=\"5275\" data-permalink=\"https:\/\/paulinenaue.info\/index.php\/das-storchenpaar-ist-komplett\/img_20200412_195756\/\" data-orig-file=\"https:\/\/paulinenaue.info\/wp-content\/uploads\/2020\/04\/IMG_20200412_195756-scaled.jpg\" data-orig-size=\"1920,2560\" data-comments-opened=\"1\" data-image-meta=\"{&quot;aperture&quot;:&quot;2.2&quot;,&quot;credit&quot;:&quot;&quot;,&quot;camera&quot;:&quot;FIG-LX1&quot;,&quot;caption&quot;:&quot;&quot;,&quot;created_timestamp&quot;:&quot;1586721477&quot;,&quot;copyright&quot;:&quot;&quot;,&quot;focal_length&quot;:&quot;3.21&quot;,&quot;iso&quot;:&quot;80&quot;,&quot;shutter_speed&quot;:&quot;0.02&quot;,&quot;title&quot;:&quot;&quot;,&quot;orientation&quot;:&quot;0&quot;}\" data-image-title=\"IMG_20200412_195756\" data-image-description=\"\" data-image-caption=\"&lt;p&gt;Hoch oben lebt es sich gut. Ostersonntag war das Storchenpaar wieder vereint im Paulinenauer Storchennest. Foto: Sarah Vierjahn&lt;\/p&gt;\n\" data-large-file=\"https:\/\/paulinenaue.info\/wp-content\/uploads\/2020\/04\/IMG_20200412_195756-768x1024.jpg\" \/><\/a>\n\t\t\t<\/dt>\n\t\t\t\t<dd class='wp-caption-text gallery-caption' id='gallery-1-5275'>\n\t\t\t\tHoch oben lebt es sich gut. Ostersonntag war das Storchenpaar wieder vereint im Paulinenauer Storchennest. Foto: Sarah Vierjahn\n\t\t\t\t<\/dd><\/dl><dl class='gallery-item'>\n\t\t\t<dt class='gallery-icon landscape'>\n\t\t\t\t<a data-rel=\"iLightbox[postimages]\" data-title=\"IMG_20200412_195804\" data-caption=\"Zu zweit ist es eben doch sch\u00f6ner. Jetzt kann der Nachwuchs kommen. Foto: Sarah Vierjahn\" href='https:\/\/paulinenaue.info\/index.php\/das-storchenpaar-ist-komplett\/img_20200412_195804\/'><img decoding=\"async\" width=\"150\" height=\"150\" src=\"https:\/\/paulinenaue.info\/wp-content\/uploads\/2020\/04\/IMG_20200412_195804-scaled-e1586777874884-150x150.jpg\" class=\"attachment-thumbnail size-thumbnail lazyload\" alt=\"\" aria-describedby=\"gallery-1-5276\" srcset=\"data:image\/svg+xml,%3Csvg%20xmlns%3D%27http%3A%2F%2Fwww.w3.org%2F2000%2Fsvg%27%20width%3D%271920%27%20height%3D%271158%27%20viewBox%3D%270%200%201920%201158%27%3E%3Crect%20width%3D%271920%27%20height%3D%271158%27%20fill-opacity%3D%220%22%2F%3E%3C%2Fsvg%3E\" data-orig-src=\"https:\/\/paulinenaue.info\/wp-content\/uploads\/2020\/04\/IMG_20200412_195804-scaled-e1586777874884-150x150.jpg\" data-srcset=\"https:\/\/paulinenaue.info\/wp-content\/uploads\/2020\/04\/IMG_20200412_195804-scaled-e1586777874884-100x100.jpg 100w, https:\/\/paulinenaue.info\/wp-content\/uploads\/2020\/04\/IMG_20200412_195804-scaled-e1586777874884-150x150.jpg 150w, https:\/\/paulinenaue.info\/wp-content\/uploads\/2020\/04\/IMG_20200412_195804-scaled-e1586777874884-210x210.jpg 210w, https:\/\/paulinenaue.info\/wp-content\/uploads\/2020\/04\/IMG_20200412_195804-scaled-e1586777874884-400x400.jpg 400w\" data-sizes=\"auto\" data-attachment-id=\"5276\" data-permalink=\"https:\/\/paulinenaue.info\/index.php\/das-storchenpaar-ist-komplett\/img_20200412_195804\/\" data-orig-file=\"https:\/\/paulinenaue.info\/wp-content\/uploads\/2020\/04\/IMG_20200412_195804-scaled-e1586777874884.jpg\" data-orig-size=\"1920,1158\" data-comments-opened=\"1\" data-image-meta=\"{&quot;aperture&quot;:&quot;2.2&quot;,&quot;credit&quot;:&quot;&quot;,&quot;camera&quot;:&quot;FIG-LX1&quot;,&quot;caption&quot;:&quot;&quot;,&quot;created_timestamp&quot;:&quot;1586721490&quot;,&quot;copyright&quot;:&quot;&quot;,&quot;focal_length&quot;:&quot;3.21&quot;,&quot;iso&quot;:&quot;64&quot;,&quot;shutter_speed&quot;:&quot;0.02&quot;,&quot;title&quot;:&quot;&quot;,&quot;orientation&quot;:&quot;0&quot;}\" data-image-title=\"IMG_20200412_195804\" data-image-description=\"\" data-image-caption=\"&lt;p&gt;Zu zweit ist es eben doch sch\u00f6ner. Jetzt kann der Nachwuchs kommen. Foto: Sarah Vierjahn&lt;\/p&gt;\n\" data-large-file=\"https:\/\/paulinenaue.info\/wp-content\/uploads\/2020\/04\/IMG_20200412_195804-scaled-e1586777874884-1024x618.jpg\" \/><\/a>\n\t\t\t<\/dt>\n\t\t\t\t<dd class='wp-caption-text gallery-caption' id='gallery-1-5276'>\n\t\t\t\tZu zweit ist es eben doch sch\u00f6ner. Jetzt kann der Nachwuchs kommen. Foto: Sarah Vierjahn\n\t\t\t\t<\/dd><\/dl>\n\t\t\t<br style='clear: both' \/>\n\t\t<\/div>\n\n<p>&nbsp;<\/p>\n","protected":false},"excerpt":{"rendered":"<p>Noch am Freitag sa\u00df der Storch alleine in seinem Nest [&hellip;]<\/p>\n","protected":false},"author":3,"featured_media":5276,"comment_status":"open","ping_status":"open","sticky":false,"template":"","format":"standard","meta":{"_acf_changed":false,"_price":"","_stock":"","_tribe_ticket_header":"","_tribe_default_ticket_provider":"","_tribe_ticket_capacity":"0","_ticket_start_date":"","_ticket_end_date":"","_tribe_ticket_show_description":"","_tribe_ticket_show_not_going":false,"_tribe_ticket_use_global_stock":"","_tribe_ticket_global_stock_level":"","_global_stock_mode":"","_global_stock_cap":"","_tribe_rsvp_for_event":"","_tribe_ticket_going_count":"","_tribe_ticket_not_going_count":"","_tribe_tickets_list":"[]","_tribe_ticket_has_attendee_info_fields":false,"jetpack_post_was_ever_published":false,"_jetpack_newsletter_access":"","_jetpack_dont_email_post_to_subs":false,"_jetpack_newsletter_tier_id":0,"_jetpack_memberships_contains_paywalled_content":false,"_jetpack_memberships_contains_paid_content":false,"footnotes":"","jetpack_publicize_message":"","jetpack_publicize_feature_enabled":true,"jetpack_social_post_already_shared":true,"jetpack_social_options":{"image_generator_settings":{"template":"highway","default_image_id":0,"font":"","enabled":false},"version":2}},"categories":[1,216,9],"tags":[23,24],"class_list":["post-5274","post","type-post","status-publish","format-standard","has-post-thumbnail","hentry","category-allgemein","category-natur","category-neuigkeiten","tag-storch","tag-storchenankunft"],"acf":[],"yoast_head":"<!-- This site is optimized with the Yoast SEO plugin v27.5 - https:\/\/yoast.com\/product\/yoast-seo-wordpress\/ -->\n<title>Das Storchenpaar ist komplett - Paulinenaue<\/title>\n<meta name=\"robots\" content=\"index, follow, max-snippet:-1, max-image-preview:large, max-video-preview:-1\" \/>\n<link rel=\"canonical\" href=\"https:\/\/paulinenaue.info\/index.php\/das-storchenpaar-ist-komplett\/\" \/>\n<meta property=\"og:locale\" content=\"de_DE\" \/>\n<meta property=\"og:type\" content=\"article\" \/>\n<meta property=\"og:title\" content=\"Das Storchenpaar ist komplett - Paulinenaue\" \/>\n<meta property=\"og:description\" content=\"Noch am Freitag sa\u00df der Storch alleine in seinem Nest [&hellip;]\" \/>\n<meta property=\"og:url\" content=\"https:\/\/paulinenaue.info\/index.php\/das-storchenpaar-ist-komplett\/\" \/>\n<meta property=\"og:site_name\" content=\"Paulinenaue\" \/>\n<meta property=\"article:published_time\" content=\"2020-04-13T11:40:02+00:00\" \/>\n<meta property=\"og:image\" content=\"https:\/\/i1.wp.com\/paulinenaue.info\/wp-content\/uploads\/2020\/04\/IMG_20200412_195804-scaled-e1586777874884.jpg?fit=1920%2C1158&ssl=1\" \/>\n\t<meta property=\"og:image:width\" content=\"1920\" \/>\n\t<meta property=\"og:image:height\" content=\"1158\" \/>\n\t<meta property=\"og:image:type\" content=\"image\/jpeg\" \/>\n<meta name=\"author\" content=\"Sarah\" \/>\n<meta name=\"twitter:card\" content=\"summary_large_image\" \/>\n<meta name=\"twitter:label1\" content=\"Verfasst von\" \/>\n\t<meta name=\"twitter:data1\" content=\"Sarah\" \/>\n<script type=\"application\/ld+json\" class=\"yoast-schema-graph\">{\"@context\":\"https:\\\/\\\/schema.org\",\"@graph\":[{\"@type\":\"Article\",\"@id\":\"https:\\\/\\\/paulinenaue.info\\\/index.php\\\/das-storchenpaar-ist-komplett\\\/#article\",\"isPartOf\":{\"@id\":\"https:\\\/\\\/paulinenaue.info\\\/index.php\\\/das-storchenpaar-ist-komplett\\\/\"},\"author\":{\"name\":\"Sarah\",\"@id\":\"https:\\\/\\\/paulinenaue.info\\\/#\\\/schema\\\/person\\\/e5be566a57b5b3f65d2c65a58c42325e\"},\"headline\":\"Das Storchenpaar ist komplett\",\"datePublished\":\"2020-04-13T11:40:02+00:00\",\"mainEntityOfPage\":{\"@id\":\"https:\\\/\\\/paulinenaue.info\\\/index.php\\\/das-storchenpaar-ist-komplett\\\/\"},\"wordCount\":52,\"commentCount\":0,\"image\":{\"@id\":\"https:\\\/\\\/paulinenaue.info\\\/index.php\\\/das-storchenpaar-ist-komplett\\\/#primaryimage\"},\"thumbnailUrl\":\"https:\\\/\\\/paulinenaue.info\\\/wp-content\\\/uploads\\\/2020\\\/04\\\/IMG_20200412_195804-scaled-e1586777874884.jpg\",\"keywords\":[\"Storch\",\"Storchenankunft\"],\"articleSection\":{\"1\":\"Natur\",\"2\":\"Neuigkeiten\"},\"inLanguage\":\"de\",\"potentialAction\":[{\"@type\":\"CommentAction\",\"name\":\"Comment\",\"target\":[\"https:\\\/\\\/paulinenaue.info\\\/index.php\\\/das-storchenpaar-ist-komplett\\\/#respond\"]}]},{\"@type\":\"WebPage\",\"@id\":\"https:\\\/\\\/paulinenaue.info\\\/index.php\\\/das-storchenpaar-ist-komplett\\\/\",\"url\":\"https:\\\/\\\/paulinenaue.info\\\/index.php\\\/das-storchenpaar-ist-komplett\\\/\",\"name\":\"Das Storchenpaar ist komplett - Paulinenaue\",\"isPartOf\":{\"@id\":\"https:\\\/\\\/paulinenaue.info\\\/#website\"},\"primaryImageOfPage\":{\"@id\":\"https:\\\/\\\/paulinenaue.info\\\/index.php\\\/das-storchenpaar-ist-komplett\\\/#primaryimage\"},\"image\":{\"@id\":\"https:\\\/\\\/paulinenaue.info\\\/index.php\\\/das-storchenpaar-ist-komplett\\\/#primaryimage\"},\"thumbnailUrl\":\"https:\\\/\\\/paulinenaue.info\\\/wp-content\\\/uploads\\\/2020\\\/04\\\/IMG_20200412_195804-scaled-e1586777874884.jpg\",\"datePublished\":\"2020-04-13T11:40:02+00:00\",\"author\":{\"@id\":\"https:\\\/\\\/paulinenaue.info\\\/#\\\/schema\\\/person\\\/e5be566a57b5b3f65d2c65a58c42325e\"},\"breadcrumb\":{\"@id\":\"https:\\\/\\\/paulinenaue.info\\\/index.php\\\/das-storchenpaar-ist-komplett\\\/#breadcrumb\"},\"inLanguage\":\"de\",\"potentialAction\":[{\"@type\":\"ReadAction\",\"target\":[\"https:\\\/\\\/paulinenaue.info\\\/index.php\\\/das-storchenpaar-ist-komplett\\\/\"]}]},{\"@type\":\"ImageObject\",\"inLanguage\":\"de\",\"@id\":\"https:\\\/\\\/paulinenaue.info\\\/index.php\\\/das-storchenpaar-ist-komplett\\\/#primaryimage\",\"url\":\"https:\\\/\\\/paulinenaue.info\\\/wp-content\\\/uploads\\\/2020\\\/04\\\/IMG_20200412_195804-scaled-e1586777874884.jpg\",\"contentUrl\":\"https:\\\/\\\/paulinenaue.info\\\/wp-content\\\/uploads\\\/2020\\\/04\\\/IMG_20200412_195804-scaled-e1586777874884.jpg\",\"width\":1920,\"height\":1158,\"caption\":\"Zu zweit ist es eben doch sch\u00f6ner. Jetzt kann der Nachwuchs kommen. Foto: Sarah Vierjahn\"},{\"@type\":\"BreadcrumbList\",\"@id\":\"https:\\\/\\\/paulinenaue.info\\\/index.php\\\/das-storchenpaar-ist-komplett\\\/#breadcrumb\",\"itemListElement\":[{\"@type\":\"ListItem\",\"position\":1,\"name\":\"Home\",\"item\":\"https:\\\/\\\/paulinenaue.info\\\/\"},{\"@type\":\"ListItem\",\"position\":2,\"name\":\"Das Storchenpaar ist komplett\"}]},{\"@type\":\"WebSite\",\"@id\":\"https:\\\/\\\/paulinenaue.info\\\/#website\",\"url\":\"https:\\\/\\\/paulinenaue.info\\\/\",\"name\":\"Paulinenaue\",\"description\":\"Ein Dorf im Havelland\",\"potentialAction\":[{\"@type\":\"SearchAction\",\"target\":{\"@type\":\"EntryPoint\",\"urlTemplate\":\"https:\\\/\\\/paulinenaue.info\\\/?s={search_term_string}\"},\"query-input\":{\"@type\":\"PropertyValueSpecification\",\"valueRequired\":true,\"valueName\":\"search_term_string\"}}],\"inLanguage\":\"de\"},{\"@type\":\"Person\",\"@id\":\"https:\\\/\\\/paulinenaue.info\\\/#\\\/schema\\\/person\\\/e5be566a57b5b3f65d2c65a58c42325e\",\"name\":\"Sarah\",\"url\":\"https:\\\/\\\/paulinenaue.info\\\/index.php\\\/author\\\/sarah\\\/\"}]}<\/script>\n<!-- \/ Yoast SEO plugin. -->","yoast_head_json":{"title":"Das Storchenpaar ist komplett - Paulinenaue","robots":{"index":"index","follow":"follow","max-snippet":"max-snippet:-1","max-image-preview":"max-image-preview:large","max-video-preview":"max-video-preview:-1"},"canonical":"https:\/\/paulinenaue.info\/index.php\/das-storchenpaar-ist-komplett\/","og_locale":"de_DE","og_type":"article","og_title":"Das Storchenpaar ist komplett - Paulinenaue","og_description":"Noch am Freitag sa\u00df der Storch alleine in seinem Nest [&hellip;]","og_url":"https:\/\/paulinenaue.info\/index.php\/das-storchenpaar-ist-komplett\/","og_site_name":"Paulinenaue","article_published_time":"2020-04-13T11:40:02+00:00","og_image":[{"width":1920,"height":1158,"url":"https:\/\/i1.wp.com\/paulinenaue.info\/wp-content\/uploads\/2020\/04\/IMG_20200412_195804-scaled-e1586777874884.jpg?fit=1920%2C1158&ssl=1","type":"image\/jpeg"}],"author":"Sarah","twitter_card":"summary_large_image","twitter_misc":{"Verfasst von":"Sarah"},"schema":{"@context":"https:\/\/schema.org","@graph":[{"@type":"Article","@id":"https:\/\/paulinenaue.info\/index.php\/das-storchenpaar-ist-komplett\/#article","isPartOf":{"@id":"https:\/\/paulinenaue.info\/index.php\/das-storchenpaar-ist-komplett\/"},"author":{"name":"Sarah","@id":"https:\/\/paulinenaue.info\/#\/schema\/person\/e5be566a57b5b3f65d2c65a58c42325e"},"headline":"Das Storchenpaar ist komplett","datePublished":"2020-04-13T11:40:02+00:00","mainEntityOfPage":{"@id":"https:\/\/paulinenaue.info\/index.php\/das-storchenpaar-ist-komplett\/"},"wordCount":52,"commentCount":0,"image":{"@id":"https:\/\/paulinenaue.info\/index.php\/das-storchenpaar-ist-komplett\/#primaryimage"},"thumbnailUrl":"https:\/\/paulinenaue.info\/wp-content\/uploads\/2020\/04\/IMG_20200412_195804-scaled-e1586777874884.jpg","keywords":["Storch","Storchenankunft"],"articleSection":{"1":"Natur","2":"Neuigkeiten"},"inLanguage":"de","potentialAction":[{"@type":"CommentAction","name":"Comment","target":["https:\/\/paulinenaue.info\/index.php\/das-storchenpaar-ist-komplett\/#respond"]}]},{"@type":"WebPage","@id":"https:\/\/paulinenaue.info\/index.php\/das-storchenpaar-ist-komplett\/","url":"https:\/\/paulinenaue.info\/index.php\/das-storchenpaar-ist-komplett\/","name":"Das Storchenpaar ist komplett - Paulinenaue","isPartOf":{"@id":"https:\/\/paulinenaue.info\/#website"},"primaryImageOfPage":{"@id":"https:\/\/paulinenaue.info\/index.php\/das-storchenpaar-ist-komplett\/#primaryimage"},"image":{"@id":"https:\/\/paulinenaue.info\/index.php\/das-storchenpaar-ist-komplett\/#primaryimage"},"thumbnailUrl":"https:\/\/paulinenaue.info\/wp-content\/uploads\/2020\/04\/IMG_20200412_195804-scaled-e1586777874884.jpg","datePublished":"2020-04-13T11:40:02+00:00","author":{"@id":"https:\/\/paulinenaue.info\/#\/schema\/person\/e5be566a57b5b3f65d2c65a58c42325e"},"breadcrumb":{"@id":"https:\/\/paulinenaue.info\/index.php\/das-storchenpaar-ist-komplett\/#breadcrumb"},"inLanguage":"de","potentialAction":[{"@type":"ReadAction","target":["https:\/\/paulinenaue.info\/index.php\/das-storchenpaar-ist-komplett\/"]}]},{"@type":"ImageObject","inLanguage":"de","@id":"https:\/\/paulinenaue.info\/index.php\/das-storchenpaar-ist-komplett\/#primaryimage","url":"https:\/\/paulinenaue.info\/wp-content\/uploads\/2020\/04\/IMG_20200412_195804-scaled-e1586777874884.jpg","contentUrl":"https:\/\/paulinenaue.info\/wp-content\/uploads\/2020\/04\/IMG_20200412_195804-scaled-e1586777874884.jpg","width":1920,"height":1158,"caption":"Zu zweit ist es eben doch sch\u00f6ner. Jetzt kann der Nachwuchs kommen. Foto: Sarah Vierjahn"},{"@type":"BreadcrumbList","@id":"https:\/\/paulinenaue.info\/index.php\/das-storchenpaar-ist-komplett\/#breadcrumb","itemListElement":[{"@type":"ListItem","position":1,"name":"Home","item":"https:\/\/paulinenaue.info\/"},{"@type":"ListItem","position":2,"name":"Das Storchenpaar ist komplett"}]},{"@type":"WebSite","@id":"https:\/\/paulinenaue.info\/#website","url":"https:\/\/paulinenaue.info\/","name":"Paulinenaue","description":"Ein Dorf im Havelland","potentialAction":[{"@type":"SearchAction","target":{"@type":"EntryPoint","urlTemplate":"https:\/\/paulinenaue.info\/?s={search_term_string}"},"query-input":{"@type":"PropertyValueSpecification","valueRequired":true,"valueName":"search_term_string"}}],"inLanguage":"de"},{"@type":"Person","@id":"https:\/\/paulinenaue.info\/#\/schema\/person\/e5be566a57b5b3f65d2c65a58c42325e","name":"Sarah","url":"https:\/\/paulinenaue.info\/index.php\/author\/sarah\/"}]}},"jetpack_publicize_connections":[],"jetpack_featured_media_url":"https:\/\/paulinenaue.info\/wp-content\/uploads\/2020\/04\/IMG_20200412_195804-scaled-e1586777874884.jpg","jetpack_sharing_enabled":true,"jetpack_shortlink":"https:\/\/wp.me\/pcYhWA-1n4","jetpack-related-posts":[{"id":5263,"url":"https:\/\/paulinenaue.info\/index.php\/ostern-2020\/","url_meta":{"origin":5274,"position":0},"title":"Ostern 2020","author":"Sarah","date":"12. April 2020","format":false,"excerpt":"Den Osterstrau\u00df 2020 haben wir in diesem Jahr nicht gek\u00fcrt - Ostern ist eben dieses Jahr etwas anders f\u00fcr uns alle. Deshalb nun auch ein etwas anderer Osterbericht, als in den Vorjahren. Trotz ausgebliebener Osterstrau\u00dfbewertung sind in Paulinenaue in vielen G\u00e4rten bunte Eier an den Str\u00e4uchern zu finden, die dank\u2026","rel":"","context":"In &quot;Allgemein&quot;","block_context":{"text":"Allgemein","link":"https:\/\/paulinenaue.info\/index.php\/category\/allgemein\/"},"img":{"alt_text":"","src":"https:\/\/i0.wp.com\/paulinenaue.info\/wp-content\/uploads\/2020\/04\/IMG_20200412_093615-scaled.jpg?resize=350%2C200&ssl=1","width":350,"height":200,"srcset":"https:\/\/i0.wp.com\/paulinenaue.info\/wp-content\/uploads\/2020\/04\/IMG_20200412_093615-scaled.jpg?resize=350%2C200&ssl=1 1x, https:\/\/i0.wp.com\/paulinenaue.info\/wp-content\/uploads\/2020\/04\/IMG_20200412_093615-scaled.jpg?resize=525%2C300&ssl=1 1.5x, https:\/\/i0.wp.com\/paulinenaue.info\/wp-content\/uploads\/2020\/04\/IMG_20200412_093615-scaled.jpg?resize=700%2C400&ssl=1 2x, https:\/\/i0.wp.com\/paulinenaue.info\/wp-content\/uploads\/2020\/04\/IMG_20200412_093615-scaled.jpg?resize=1050%2C600&ssl=1 3x, https:\/\/i0.wp.com\/paulinenaue.info\/wp-content\/uploads\/2020\/04\/IMG_20200412_093615-scaled.jpg?resize=1400%2C800&ssl=1 4x"},"classes":[]},{"id":415144,"url":"https:\/\/paulinenaue.info\/index.php\/eiertrudeln-wie-vor-90-jahren-ostern-auf-dem-dorf\/","url_meta":{"origin":5274,"position":1},"title":"Eiertrudeln wie vor 90 Jahren \u2013\u00a0Ostern auf dem Dorf","author":"Joachim Scholz","date":"10. April 2023","format":false,"excerpt":"Es ist wieder Ostern, der Winter ist definitiv vorbei und es erwacht \u00f6sterliches Paulinenauer Brauchtum. Der Osterstrau\u00df des Jahres wurde bereits gek\u00fcrt, nun standen abseits der religi\u00f6sen Feierlichkeiten noch Osterfeuer und Eiertrudeln auf dem Plan. Nicht nur die Menschen wissen, was sich zu dieser Zeit geh\u00f6rt. So war alles wie\u2026","rel":"","context":"In &quot;Allgemein&quot;","block_context":{"text":"Allgemein","link":"https:\/\/paulinenaue.info\/index.php\/category\/allgemein\/"},"img":{"alt_text":"","src":"https:\/\/i0.wp.com\/paulinenaue.info\/wp-content\/uploads\/2023\/04\/2023-04-08-Osterfeuer-01-1.jpeg?resize=350%2C200&ssl=1","width":350,"height":200,"srcset":"https:\/\/i0.wp.com\/paulinenaue.info\/wp-content\/uploads\/2023\/04\/2023-04-08-Osterfeuer-01-1.jpeg?resize=350%2C200&ssl=1 1x, https:\/\/i0.wp.com\/paulinenaue.info\/wp-content\/uploads\/2023\/04\/2023-04-08-Osterfeuer-01-1.jpeg?resize=525%2C300&ssl=1 1.5x, https:\/\/i0.wp.com\/paulinenaue.info\/wp-content\/uploads\/2023\/04\/2023-04-08-Osterfeuer-01-1.jpeg?resize=700%2C400&ssl=1 2x"},"classes":[]},{"id":113,"url":"https:\/\/paulinenaue.info\/index.php\/storchenstories-aus-der-jahnstrasse\/","url_meta":{"origin":5274,"position":2},"title":"Storchenstories aus der Jahnstra\u00dfe","author":"Joachim Scholz","date":"22. M\u00e4rz 2016","format":false,"excerpt":"Joachim Scholz, Ingo Ludwig, Ralf und Antje Kopplin 25.06.2013. Im April angekommen, hatte es \u201eunsere\u201c Storchenfamilie zun\u00e4chst nicht ganz leicht \u2013\u00a0sie musste ihr Nest gegen Konkurrenz verteidigen. Nun aber mehren sich die deutlichen Anzeichen daf\u00fcr, dass man sich etabliert hat. Ralf und Antje Kopplin staunten nicht schlecht, als sie am\u2026","rel":"","context":"In &quot;Hier Zuhause&quot;","block_context":{"text":"Hier Zuhause","link":"https:\/\/paulinenaue.info\/index.php\/category\/hier-zuhause\/"},"img":{"alt_text":"","src":"https:\/\/i0.wp.com\/paulinenaue.info\/wp-content\/uploads\/2016\/03\/20130621_storch_01_rk.jpg?resize=350%2C200&ssl=1","width":350,"height":200},"classes":[]},{"id":99,"url":"https:\/\/paulinenaue.info\/index.php\/storchenankunft-2014-2\/","url_meta":{"origin":5274,"position":3},"title":"Storchenankunft 2014","author":"Joachim Scholz","date":"22. M\u00e4rz 2016","format":false,"excerpt":"29.03.2014. Den heutigen sonnigen Samstag hat der erste Storch f\u00fcr seinen Einflug genutzt. Mehrmals \u00fcberflog er klappernd das Nest in der Jahnstra\u00dfe und setzte sich auch schon einmal testweise darauf. Nun hoffen wir auf Storch Nr. 2 f\u00fcr dieses Jahr und darauf, dass die Bauarbeiten unmittelbar auf der gegen\u00fcberliegenden Seite\u2026","rel":"","context":"In &quot;Hier Zuhause&quot;","block_context":{"text":"Hier Zuhause","link":"https:\/\/paulinenaue.info\/index.php\/category\/hier-zuhause\/"},"img":{"alt_text":"","src":"https:\/\/i0.wp.com\/paulinenaue.info\/wp-content\/uploads\/2016\/03\/20140329_storch_01.jpg?resize=350%2C200&ssl=1","width":350,"height":200},"classes":[]},{"id":416143,"url":"https:\/\/paulinenaue.info\/index.php\/ostern-2024-in-paulinenaue\/","url_meta":{"origin":5274,"position":4},"title":"Das war Ostern 2024","author":"Joachim Scholz","date":"1. April 2024","format":false,"excerpt":"Der Storch, der sich in diesem Jahr am 26. M\u00e4rz in Paulinenaue einstellte, hatte den Fr\u00fchling bereits angek\u00fcndigt. Nun kam das Osterfest. Neben seiner religi\u00f6sen Bedeutung ist es immer auch Auftakt zum Fr\u00fchlingserleben, besonders, wenn wie diesmal das Wetter ordentlich dazu beitrug. Mit etwas Mut zum Kitsch k\u00f6nnte man direkt\u2026","rel":"","context":"In &quot;Allgemein&quot;","block_context":{"text":"Allgemein","link":"https:\/\/paulinenaue.info\/index.php\/category\/allgemein\/"},"img":{"alt_text":"","src":"https:\/\/i0.wp.com\/paulinenaue.info\/wp-content\/uploads\/2024\/04\/2024-03-31-Eiertrudeln-01.jpeg?resize=350%2C200&ssl=1","width":350,"height":200,"srcset":"https:\/\/i0.wp.com\/paulinenaue.info\/wp-content\/uploads\/2024\/04\/2024-03-31-Eiertrudeln-01.jpeg?resize=350%2C200&ssl=1 1x, https:\/\/i0.wp.com\/paulinenaue.info\/wp-content\/uploads\/2024\/04\/2024-03-31-Eiertrudeln-01.jpeg?resize=525%2C300&ssl=1 1.5x, https:\/\/i0.wp.com\/paulinenaue.info\/wp-content\/uploads\/2024\/04\/2024-03-31-Eiertrudeln-01.jpeg?resize=700%2C400&ssl=1 2x"},"classes":[]},{"id":37586,"url":"https:\/\/paulinenaue.info\/index.php\/storchenankunft-2022\/","url_meta":{"origin":5274,"position":5},"title":"Vom Winde verweht?","author":"Joachim Scholz","date":"19. Februar 2022","format":false,"excerpt":"Storchenankunft wahrscheinlich blo\u00df vorl\u00e4ufig Der Storch stellte sich in den vergangenen Jahren mal fr\u00fcher und mal sp\u00e4ter in Paulinenaue ein. Sein Erscheinen auf dem Nest in der Jahnstra\u00dfe am 17. Februar z\u00e4hlt sicherlich zu den fr\u00fcheren Terminen. Es blieb im Dorf nicht unbemerkt. Heide Hesse wurde von Nachbarn informiert und\u2026","rel":"","context":"In &quot;Hier Zuhause&quot;","block_context":{"text":"Hier Zuhause","link":"https:\/\/paulinenaue.info\/index.php\/category\/hier-zuhause\/"},"img":{"alt_text":"","src":"https:\/\/i0.wp.com\/paulinenaue.info\/wp-content\/uploads\/2022\/02\/2022-02-17-Storchensichtung-kl.jpg?resize=350%2C200&ssl=1","width":350,"height":200,"srcset":"https:\/\/i0.wp.com\/paulinenaue.info\/wp-content\/uploads\/2022\/02\/2022-02-17-Storchensichtung-kl.jpg?resize=350%2C200&ssl=1 1x, https:\/\/i0.wp.com\/paulinenaue.info\/wp-content\/uploads\/2022\/02\/2022-02-17-Storchensichtung-kl.jpg?resize=525%2C300&ssl=1 1.5x, https:\/\/i0.wp.com\/paulinenaue.info\/wp-content\/uploads\/2022\/02\/2022-02-17-Storchensichtung-kl.jpg?resize=700%2C400&ssl=1 2x"},"classes":[]}],"_links":{"self":[{"href":"https:\/\/paulinenaue.info\/index.php\/wp-json\/wp\/v2\/posts\/5274","targetHints":{"allow":["GET"]}}],"collection":[{"href":"https:\/\/paulinenaue.info\/index.php\/wp-json\/wp\/v2\/posts"}],"about":[{"href":"https:\/\/paulinenaue.info\/index.php\/wp-json\/wp\/v2\/types\/post"}],"author":[{"embeddable":true,"href":"https:\/\/paulinenaue.info\/index.php\/wp-json\/wp\/v2\/users\/3"}],"replies":[{"embeddable":true,"href":"https:\/\/paulinenaue.info\/index.php\/wp-json\/wp\/v2\/comments?post=5274"}],"version-history":[{"count":4,"href":"https:\/\/paulinenaue.info\/index.php\/wp-json\/wp\/v2\/posts\/5274\/revisions"}],"predecessor-version":[{"id":5280,"href":"https:\/\/paulinenaue.info\/index.php\/wp-json\/wp\/v2\/posts\/5274\/revisions\/5280"}],"wp:featuredmedia":[{"embeddable":true,"href":"https:\/\/paulinenaue.info\/index.php\/wp-json\/wp\/v2\/media\/5276"}],"wp:attachment":[{"href":"https:\/\/paulinenaue.info\/index.php\/wp-json\/wp\/v2\/media?parent=5274"}],"wp:term":[{"taxonomy":"category","embeddable":true,"href":"https:\/\/paulinenaue.info\/index.php\/wp-json\/wp\/v2\/categories?post=5274"},{"taxonomy":"post_tag","embeddable":true,"href":"https:\/\/paulinenaue.info\/index.php\/wp-json\/wp\/v2\/tags?post=5274"}],"curies":[{"name":"wp","href":"https:\/\/api.w.org\/{rel}","templated":true}]}}