{"id":539,"date":"2014-01-04T12:27:50","date_gmt":"2014-01-04T11:27:50","guid":{"rendered":"http:\/\/paulinenaue.info\/?p=539"},"modified":"2026-03-07T01:36:01","modified_gmt":"2026-03-07T00:36:01","slug":"paulinenaue-im-ersten-weltkrieg","status":"publish","type":"post","link":"https:\/\/paulinenaue.info\/index.php\/paulinenaue-im-ersten-weltkrieg\/","title":{"rendered":"Paulinenaue im Ersten Weltkrieg"},"content":{"rendered":"<p>Der Beginn des Ersten Weltkrieges vor einhundert Jahren findet 2014 gro\u00dfe \u00f6ffentliche Beachtung und deshalb schon ist es ein reizvolles Projekt, den \u201eGro\u00dfen Krieg\u201c im kleinen Paulinenaue auf dieser Seite vorzustellen. Gl\u00fccklicherweise sind wichtige Vorg\u00e4nge dieser Jahre durch verschiedene Quellen gut belegt, die auch erahnen lassen, wie die Menschen in unserem Ort den Krieg wahrgenommen haben. Zusammen betrachtet ergibt sich ein spannungsreiches Bild, aus dem deutlich wird, dass sich zwischen 1914 und 1919 eine f\u00fcr die Entwicklung Paulinenaues sehr wichtige Phase vollzog, die meist ganz \u00fcbersehen wird, wenn man die Ortsgeschichte nur als die des Knoblauch&#8217;schen Gutes, der Eisenbahn oder des Landwirtschaftsinstitutes erz\u00e4hlt.<\/p>\n<div id=\"attachment_418971\" style=\"width: 610px\" class=\"wp-caption alignnone\"><a href=\"https:\/\/paulinenaue.info\/wp-content\/uploads\/2014\/01\/1926-08-26-Schaeferei-und-Villa-Schumacher-01.jpeg\"><img decoding=\"async\" aria-describedby=\"caption-attachment-418971\" data-attachment-id=\"418971\" data-permalink=\"https:\/\/paulinenaue.info\/index.php\/paulinenaue-im-ersten-weltkrieg\/1926-08-26-schaeferei-und-villa-schumacher-01\/\" data-orig-file=\"https:\/\/paulinenaue.info\/wp-content\/uploads\/2014\/01\/1926-08-26-Schaeferei-und-Villa-Schumacher-01.jpeg\" data-orig-size=\"647,1000\" data-comments-opened=\"1\" data-image-meta=\"{&quot;aperture&quot;:&quot;0&quot;,&quot;credit&quot;:&quot;&quot;,&quot;camera&quot;:&quot;&quot;,&quot;caption&quot;:&quot;&quot;,&quot;created_timestamp&quot;:&quot;1388763878&quot;,&quot;copyright&quot;:&quot;&quot;,&quot;focal_length&quot;:&quot;0&quot;,&quot;iso&quot;:&quot;0&quot;,&quot;shutter_speed&quot;:&quot;0&quot;,&quot;title&quot;:&quot;&quot;,&quot;orientation&quot;:&quot;1&quot;}\" data-image-title=\"1926-08-26, Scha\u0308ferei und Villa Schumacher, 01\" data-image-description=\"\" data-image-caption=\"\" data-large-file=\"https:\/\/paulinenaue.info\/wp-content\/uploads\/2014\/01\/1926-08-26-Schaeferei-und-Villa-Schumacher-01.jpeg\" class=\"lazyload wp-image-418971 size-fusion-600\" src=\"https:\/\/paulinenaue.info\/wp-content\/uploads\/2014\/01\/1926-08-26-Schaeferei-und-Villa-Schumacher-01-600x927.jpeg\" data-orig-src=\"https:\/\/paulinenaue.info\/wp-content\/uploads\/2014\/01\/1926-08-26-Schaeferei-und-Villa-Schumacher-01-600x927.jpeg\" alt=\"\" width=\"600\" height=\"927\" srcset=\"data:image\/svg+xml,%3Csvg%20xmlns%3D%27http%3A%2F%2Fwww.w3.org%2F2000%2Fsvg%27%20width%3D%27600%27%20height%3D%27927%27%20viewBox%3D%270%200%20600%20927%27%3E%3Crect%20width%3D%27600%27%20height%3D%27927%27%20fill-opacity%3D%220%22%2F%3E%3C%2Fsvg%3E\" data-srcset=\"https:\/\/paulinenaue.info\/wp-content\/uploads\/2014\/01\/1926-08-26-Schaeferei-und-Villa-Schumacher-01-194x300.jpeg 194w, https:\/\/paulinenaue.info\/wp-content\/uploads\/2014\/01\/1926-08-26-Schaeferei-und-Villa-Schumacher-01-200x309.jpeg 200w, https:\/\/paulinenaue.info\/wp-content\/uploads\/2014\/01\/1926-08-26-Schaeferei-und-Villa-Schumacher-01-400x618.jpeg 400w, https:\/\/paulinenaue.info\/wp-content\/uploads\/2014\/01\/1926-08-26-Schaeferei-und-Villa-Schumacher-01-600x927.jpeg 600w, https:\/\/paulinenaue.info\/wp-content\/uploads\/2014\/01\/1926-08-26-Schaeferei-und-Villa-Schumacher-01.jpeg 647w\" data-sizes=\"auto\" data-orig-sizes=\"(max-width: 600px) 100vw, 600px\" \/><\/a><p id=\"caption-attachment-418971\" class=\"wp-caption-text\"><em>Der Erste Weltkrieg leitete in Paulinenaue eine Periode wirtschaftlichen Aufschwungs ein. Das demonstriert auch die Postkarte aus den 1920er Jahren. Sammlung J. Scholz.<\/em><\/p><\/div>\n<p>Denn der Krieg beeinflusste den gewohnten Gang der Dinge in Paulinenaue nicht nur durch die Abwesenheit\u00a0 vieler M\u00e4nner, von denen viele nicht wiederkehrten. Er hatte auch eine andere Seite, brachte er doch in den Orten des Havell\u00e4ndischen Luchs lange \u00fcberf\u00e4llige wirtschaftliche Erneuerungen in Gang. Erst mit der Errichtung eines Kriegsgefangenenlagers in Bergerdamm wurde in den kargen Landstrichen n\u00f6rdlich der Eisenbahn Berlin-Hamburg die notwendige, aber \u00fcber Jahrzehnte verschleppte zweite Luchmelioration m\u00f6glich. Zusammen mit der forcierten Binnenkolonisations-Politik des sp\u00e4ten Kaiserreiches wurde das verkehrsg\u00fcnstig an der Bahn gelegene Paulinenaue damals zu einem Zentrum erheblicher Investitionen in den regionalen Landesausbau und die Landwirtschaft. F\u00fcr die Erweiterung des Gutes zu einem hochmodernen Betrieb sind w\u00e4hrend des Ersten Weltkrieges au\u00dfergew\u00f6hnlich hohe Ausgaben riskiert worden. Erfahrene Gartenbauwirte und andere Betriebe siedelten sich nun in Paulinenaue an und die Gebr\u00fcder Knauer errichteten ihr ber\u00fchmtes Gest\u00fct, den \u201eLindenhof\u201c, ebenfalls mitten im Ersten Weltkrieg. Die wenigen ansehnlichen Altbauten von Paulinenaue \u2013 das Gutshaus und die Villen in der Bahnhofstra\u00dfe \u2013 sind nicht wie andernorts Resultat der Gr\u00fcnderjahre nach dem 1870 gewonnenen Krieg gegen Frankreich, sondern erst eine Folge des wirtschaftlichen Ausbaus, der hier ausgerechnet zur Zeit eines Weltkrieges begann, der verloren gehen sollte.<\/p>\n<div id=\"attachment_545\" style=\"width: 513px\" class=\"wp-caption alignnone\"><a href=\"http:\/\/paulinenaue.info\/wp-content\/uploads\/2016\/11\/1916_russische_kriegsgefangene_02.jpg\"><img decoding=\"async\" aria-describedby=\"caption-attachment-545\" data-attachment-id=\"545\" data-permalink=\"https:\/\/paulinenaue.info\/index.php\/paulinenaue-im-ersten-weltkrieg\/1916_russische_kriegsgefangene_02\/\" data-orig-file=\"https:\/\/paulinenaue.info\/wp-content\/uploads\/2016\/11\/1916_russische_kriegsgefangene_02.jpg\" data-orig-size=\"503,278\" data-comments-opened=\"1\" data-image-meta=\"{&quot;aperture&quot;:&quot;0&quot;,&quot;credit&quot;:&quot;&quot;,&quot;camera&quot;:&quot;&quot;,&quot;caption&quot;:&quot;&quot;,&quot;created_timestamp&quot;:&quot;0&quot;,&quot;copyright&quot;:&quot;&quot;,&quot;focal_length&quot;:&quot;0&quot;,&quot;iso&quot;:&quot;0&quot;,&quot;shutter_speed&quot;:&quot;0&quot;,&quot;title&quot;:&quot;&quot;,&quot;orientation&quot;:&quot;1&quot;}\" data-image-title=\"1916_russische_kriegsgefangene_02\" data-image-description=\"\" data-image-caption=\"\" data-large-file=\"https:\/\/paulinenaue.info\/wp-content\/uploads\/2016\/11\/1916_russische_kriegsgefangene_02.jpg\" class=\"lazyload wp-image-545 size-full\" src=\"http:\/\/paulinenaue.info\/wp-content\/uploads\/2016\/11\/1916_russische_kriegsgefangene_02.jpg\" data-orig-src=\"http:\/\/paulinenaue.info\/wp-content\/uploads\/2016\/11\/1916_russische_kriegsgefangene_02.jpg\" alt=\"1916_russische_kriegsgefangene_02\" width=\"503\" height=\"278\" srcset=\"data:image\/svg+xml,%3Csvg%20xmlns%3D%27http%3A%2F%2Fwww.w3.org%2F2000%2Fsvg%27%20width%3D%27503%27%20height%3D%27278%27%20viewBox%3D%270%200%20503%20278%27%3E%3Crect%20width%3D%27503%27%20height%3D%27278%27%20fill-opacity%3D%220%22%2F%3E%3C%2Fsvg%3E\" data-srcset=\"https:\/\/paulinenaue.info\/wp-content\/uploads\/2016\/11\/1916_russische_kriegsgefangene_02-300x166.jpg 300w, https:\/\/paulinenaue.info\/wp-content\/uploads\/2016\/11\/1916_russische_kriegsgefangene_02.jpg 503w\" data-sizes=\"auto\" data-orig-sizes=\"(max-width: 503px) 100vw, 503px\" \/><\/a><p id=\"caption-attachment-545\" class=\"wp-caption-text\"><em>Erster Weltkrieg in Paulinenaue: Das Bild aus der \u201eLeipziger Illustrierten Zeitung\u201c von 1916 ist untertitelt: \u201eTorfgr\u00e4berei Paulinenaue. Russische Gefangene beim Setzen von Gem\u00fcsepflanzen.\u201c<\/em><\/p><\/div>\n<p>Doch auch die Schattenseiten dieser nach au\u00dfen wie innen expansiven Politik sind dokumentiert: Russische Kriegsgefangene wurden in der Paulinenauer Feldmark eingesetzt, Familien verloren Angeh\u00f6rige, die am Ende des Krieges grassierende so genannte \u201eSpanische Grippe\u201c forderte Opfer auch in unserem Dorf. An diese Ereignisse soll in weiteren Artikeln auf dieser Seite so ausf\u00fchrlich wie m\u00f6glich erinnert werden.<\/p>\n","protected":false},"excerpt":{"rendered":"<p>Der Beginn des Ersten Weltkrieges vor einhundert Jahren findet 2014 [&hellip;]<\/p>\n","protected":false},"author":1,"featured_media":545,"comment_status":"open","ping_status":"open","sticky":false,"template":"","format":"standard","meta":{"_acf_changed":false,"_price":"","_stock":"","_tribe_ticket_header":"","_tribe_default_ticket_provider":"","_tribe_ticket_capacity":"0","_ticket_start_date":"","_ticket_end_date":"","_tribe_ticket_show_description":"","_tribe_ticket_show_not_going":false,"_tribe_ticket_use_global_stock":"","_tribe_ticket_global_stock_level":"","_global_stock_mode":"","_global_stock_cap":"","_tribe_rsvp_for_event":"","_tribe_ticket_going_count":"","_tribe_ticket_not_going_count":"","_tribe_tickets_list":"[]","_tribe_ticket_has_attendee_info_fields":false,"jetpack_post_was_ever_published":false,"_jetpack_newsletter_access":"","_jetpack_dont_email_post_to_subs":false,"_jetpack_newsletter_tier_id":0,"_jetpack_memberships_contains_paywalled_content":false,"_jetpack_memberships_contains_paid_content":false,"footnotes":"","jetpack_publicize_message":"","jetpack_publicize_feature_enabled":true,"jetpack_social_post_already_shared":false,"jetpack_social_options":{"image_generator_settings":{"template":"highway","default_image_id":0,"font":"","enabled":false},"version":2}},"categories":[40,6,7],"tags":[454,418,268],"class_list":["post-539","post","type-post","status-publish","format-standard","has-post-thumbnail","hentry","category-dorfentwicklung","category-hier-zuhause","category-historie","tag-binnenkolonisation","tag-erster-weltkrieg","tag-havellaendisches-luch"],"acf":[],"yoast_head":"<!-- This site is optimized with the Yoast SEO plugin v27.5 - https:\/\/yoast.com\/product\/yoast-seo-wordpress\/ -->\n<title>Paulinenaue im Ersten Weltkrieg - Paulinenaue<\/title>\n<meta name=\"description\" content=\"Der Artikel von 2014 befasst sich mit der Bedeutung des Ersten Weltkriegs f\u00fcr die Entwicklung von Paulinenaue.\" \/>\n<meta name=\"robots\" content=\"index, follow, max-snippet:-1, max-image-preview:large, max-video-preview:-1\" \/>\n<link rel=\"canonical\" href=\"https:\/\/paulinenaue.info\/index.php\/paulinenaue-im-ersten-weltkrieg\/\" \/>\n<meta property=\"og:locale\" content=\"de_DE\" \/>\n<meta property=\"og:type\" content=\"article\" \/>\n<meta property=\"og:title\" content=\"Paulinenaue im Ersten Weltkrieg - Paulinenaue\" \/>\n<meta property=\"og:description\" content=\"Der Artikel von 2014 befasst sich mit der Bedeutung des Ersten Weltkriegs f\u00fcr die Entwicklung von Paulinenaue.\" \/>\n<meta property=\"og:url\" content=\"https:\/\/paulinenaue.info\/index.php\/paulinenaue-im-ersten-weltkrieg\/\" \/>\n<meta property=\"og:site_name\" content=\"Paulinenaue\" \/>\n<meta property=\"article:published_time\" content=\"2014-01-04T11:27:50+00:00\" \/>\n<meta property=\"article:modified_time\" content=\"2026-03-07T00:36:01+00:00\" \/>\n<meta property=\"og:image\" content=\"https:\/\/paulinenaue.info\/wp-content\/uploads\/2016\/11\/1916_russische_kriegsgefangene_02.jpg\" \/>\n\t<meta property=\"og:image:width\" content=\"503\" \/>\n\t<meta property=\"og:image:height\" content=\"278\" \/>\n\t<meta property=\"og:image:type\" content=\"image\/jpeg\" \/>\n<meta name=\"author\" content=\"Joachim Scholz\" \/>\n<meta name=\"twitter:card\" content=\"summary_large_image\" \/>\n<meta name=\"twitter:label1\" content=\"Verfasst von\" \/>\n\t<meta name=\"twitter:data1\" content=\"Joachim Scholz\" \/>\n\t<meta name=\"twitter:label2\" content=\"Gesch\u00e4tzte Lesezeit\" \/>\n\t<meta name=\"twitter:data2\" content=\"3\u00a0Minuten\" \/>\n<script type=\"application\/ld+json\" class=\"yoast-schema-graph\">{\"@context\":\"https:\\\/\\\/schema.org\",\"@graph\":[{\"@type\":\"Article\",\"@id\":\"https:\\\/\\\/paulinenaue.info\\\/index.php\\\/paulinenaue-im-ersten-weltkrieg\\\/#article\",\"isPartOf\":{\"@id\":\"https:\\\/\\\/paulinenaue.info\\\/index.php\\\/paulinenaue-im-ersten-weltkrieg\\\/\"},\"author\":{\"name\":\"Joachim Scholz\",\"@id\":\"https:\\\/\\\/paulinenaue.info\\\/#\\\/schema\\\/person\\\/3f9e818fd7b69b0d2bd937ac506897cc\"},\"headline\":\"Paulinenaue im Ersten Weltkrieg\",\"datePublished\":\"2014-01-04T11:27:50+00:00\",\"dateModified\":\"2026-03-07T00:36:01+00:00\",\"mainEntityOfPage\":{\"@id\":\"https:\\\/\\\/paulinenaue.info\\\/index.php\\\/paulinenaue-im-ersten-weltkrieg\\\/\"},\"wordCount\":438,\"commentCount\":0,\"image\":{\"@id\":\"https:\\\/\\\/paulinenaue.info\\\/index.php\\\/paulinenaue-im-ersten-weltkrieg\\\/#primaryimage\"},\"thumbnailUrl\":\"https:\\\/\\\/paulinenaue.info\\\/wp-content\\\/uploads\\\/2016\\\/11\\\/1916_russische_kriegsgefangene_02.jpg\",\"keywords\":[\"Binnenkolonisation\",\"Erster Weltkrieg\",\"Havell\u00e4ndisches Luch\"],\"articleSection\":[\"Dorfentwicklung\",\"Hier Zuhause\",\"Historie\"],\"inLanguage\":\"de\",\"potentialAction\":[{\"@type\":\"CommentAction\",\"name\":\"Comment\",\"target\":[\"https:\\\/\\\/paulinenaue.info\\\/index.php\\\/paulinenaue-im-ersten-weltkrieg\\\/#respond\"]}]},{\"@type\":\"WebPage\",\"@id\":\"https:\\\/\\\/paulinenaue.info\\\/index.php\\\/paulinenaue-im-ersten-weltkrieg\\\/\",\"url\":\"https:\\\/\\\/paulinenaue.info\\\/index.php\\\/paulinenaue-im-ersten-weltkrieg\\\/\",\"name\":\"Paulinenaue im Ersten Weltkrieg - Paulinenaue\",\"isPartOf\":{\"@id\":\"https:\\\/\\\/paulinenaue.info\\\/#website\"},\"primaryImageOfPage\":{\"@id\":\"https:\\\/\\\/paulinenaue.info\\\/index.php\\\/paulinenaue-im-ersten-weltkrieg\\\/#primaryimage\"},\"image\":{\"@id\":\"https:\\\/\\\/paulinenaue.info\\\/index.php\\\/paulinenaue-im-ersten-weltkrieg\\\/#primaryimage\"},\"thumbnailUrl\":\"https:\\\/\\\/paulinenaue.info\\\/wp-content\\\/uploads\\\/2016\\\/11\\\/1916_russische_kriegsgefangene_02.jpg\",\"datePublished\":\"2014-01-04T11:27:50+00:00\",\"dateModified\":\"2026-03-07T00:36:01+00:00\",\"author\":{\"@id\":\"https:\\\/\\\/paulinenaue.info\\\/#\\\/schema\\\/person\\\/3f9e818fd7b69b0d2bd937ac506897cc\"},\"description\":\"Der Artikel von 2014 befasst sich mit der Bedeutung des Ersten Weltkriegs f\u00fcr die Entwicklung von Paulinenaue.\",\"breadcrumb\":{\"@id\":\"https:\\\/\\\/paulinenaue.info\\\/index.php\\\/paulinenaue-im-ersten-weltkrieg\\\/#breadcrumb\"},\"inLanguage\":\"de\",\"potentialAction\":[{\"@type\":\"ReadAction\",\"target\":[\"https:\\\/\\\/paulinenaue.info\\\/index.php\\\/paulinenaue-im-ersten-weltkrieg\\\/\"]}]},{\"@type\":\"ImageObject\",\"inLanguage\":\"de\",\"@id\":\"https:\\\/\\\/paulinenaue.info\\\/index.php\\\/paulinenaue-im-ersten-weltkrieg\\\/#primaryimage\",\"url\":\"https:\\\/\\\/paulinenaue.info\\\/wp-content\\\/uploads\\\/2016\\\/11\\\/1916_russische_kriegsgefangene_02.jpg\",\"contentUrl\":\"https:\\\/\\\/paulinenaue.info\\\/wp-content\\\/uploads\\\/2016\\\/11\\\/1916_russische_kriegsgefangene_02.jpg\",\"width\":503,\"height\":278},{\"@type\":\"BreadcrumbList\",\"@id\":\"https:\\\/\\\/paulinenaue.info\\\/index.php\\\/paulinenaue-im-ersten-weltkrieg\\\/#breadcrumb\",\"itemListElement\":[{\"@type\":\"ListItem\",\"position\":1,\"name\":\"Home\",\"item\":\"https:\\\/\\\/paulinenaue.info\\\/\"},{\"@type\":\"ListItem\",\"position\":2,\"name\":\"Paulinenaue im Ersten Weltkrieg\"}]},{\"@type\":\"WebSite\",\"@id\":\"https:\\\/\\\/paulinenaue.info\\\/#website\",\"url\":\"https:\\\/\\\/paulinenaue.info\\\/\",\"name\":\"Paulinenaue\",\"description\":\"Ein Dorf im Havelland\",\"potentialAction\":[{\"@type\":\"SearchAction\",\"target\":{\"@type\":\"EntryPoint\",\"urlTemplate\":\"https:\\\/\\\/paulinenaue.info\\\/?s={search_term_string}\"},\"query-input\":{\"@type\":\"PropertyValueSpecification\",\"valueRequired\":true,\"valueName\":\"search_term_string\"}}],\"inLanguage\":\"de\"},{\"@type\":\"Person\",\"@id\":\"https:\\\/\\\/paulinenaue.info\\\/#\\\/schema\\\/person\\\/3f9e818fd7b69b0d2bd937ac506897cc\",\"name\":\"Joachim Scholz\",\"url\":\"https:\\\/\\\/paulinenaue.info\\\/index.php\\\/author\\\/jjscholz\\\/\"}]}<\/script>\n<!-- \/ Yoast SEO plugin. -->","yoast_head_json":{"title":"Paulinenaue im Ersten Weltkrieg - Paulinenaue","description":"Der Artikel von 2014 befasst sich mit der Bedeutung des Ersten Weltkriegs f\u00fcr die Entwicklung von Paulinenaue.","robots":{"index":"index","follow":"follow","max-snippet":"max-snippet:-1","max-image-preview":"max-image-preview:large","max-video-preview":"max-video-preview:-1"},"canonical":"https:\/\/paulinenaue.info\/index.php\/paulinenaue-im-ersten-weltkrieg\/","og_locale":"de_DE","og_type":"article","og_title":"Paulinenaue im Ersten Weltkrieg - Paulinenaue","og_description":"Der Artikel von 2014 befasst sich mit der Bedeutung des Ersten Weltkriegs f\u00fcr die Entwicklung von Paulinenaue.","og_url":"https:\/\/paulinenaue.info\/index.php\/paulinenaue-im-ersten-weltkrieg\/","og_site_name":"Paulinenaue","article_published_time":"2014-01-04T11:27:50+00:00","article_modified_time":"2026-03-07T00:36:01+00:00","og_image":[{"width":503,"height":278,"url":"https:\/\/paulinenaue.info\/wp-content\/uploads\/2016\/11\/1916_russische_kriegsgefangene_02.jpg","type":"image\/jpeg"}],"author":"Joachim Scholz","twitter_card":"summary_large_image","twitter_misc":{"Verfasst von":"Joachim Scholz","Gesch\u00e4tzte Lesezeit":"3\u00a0Minuten"},"schema":{"@context":"https:\/\/schema.org","@graph":[{"@type":"Article","@id":"https:\/\/paulinenaue.info\/index.php\/paulinenaue-im-ersten-weltkrieg\/#article","isPartOf":{"@id":"https:\/\/paulinenaue.info\/index.php\/paulinenaue-im-ersten-weltkrieg\/"},"author":{"name":"Joachim Scholz","@id":"https:\/\/paulinenaue.info\/#\/schema\/person\/3f9e818fd7b69b0d2bd937ac506897cc"},"headline":"Paulinenaue im Ersten Weltkrieg","datePublished":"2014-01-04T11:27:50+00:00","dateModified":"2026-03-07T00:36:01+00:00","mainEntityOfPage":{"@id":"https:\/\/paulinenaue.info\/index.php\/paulinenaue-im-ersten-weltkrieg\/"},"wordCount":438,"commentCount":0,"image":{"@id":"https:\/\/paulinenaue.info\/index.php\/paulinenaue-im-ersten-weltkrieg\/#primaryimage"},"thumbnailUrl":"https:\/\/paulinenaue.info\/wp-content\/uploads\/2016\/11\/1916_russische_kriegsgefangene_02.jpg","keywords":["Binnenkolonisation","Erster Weltkrieg","Havell\u00e4ndisches Luch"],"articleSection":["Dorfentwicklung","Hier Zuhause","Historie"],"inLanguage":"de","potentialAction":[{"@type":"CommentAction","name":"Comment","target":["https:\/\/paulinenaue.info\/index.php\/paulinenaue-im-ersten-weltkrieg\/#respond"]}]},{"@type":"WebPage","@id":"https:\/\/paulinenaue.info\/index.php\/paulinenaue-im-ersten-weltkrieg\/","url":"https:\/\/paulinenaue.info\/index.php\/paulinenaue-im-ersten-weltkrieg\/","name":"Paulinenaue im Ersten Weltkrieg - Paulinenaue","isPartOf":{"@id":"https:\/\/paulinenaue.info\/#website"},"primaryImageOfPage":{"@id":"https:\/\/paulinenaue.info\/index.php\/paulinenaue-im-ersten-weltkrieg\/#primaryimage"},"image":{"@id":"https:\/\/paulinenaue.info\/index.php\/paulinenaue-im-ersten-weltkrieg\/#primaryimage"},"thumbnailUrl":"https:\/\/paulinenaue.info\/wp-content\/uploads\/2016\/11\/1916_russische_kriegsgefangene_02.jpg","datePublished":"2014-01-04T11:27:50+00:00","dateModified":"2026-03-07T00:36:01+00:00","author":{"@id":"https:\/\/paulinenaue.info\/#\/schema\/person\/3f9e818fd7b69b0d2bd937ac506897cc"},"description":"Der Artikel von 2014 befasst sich mit der Bedeutung des Ersten Weltkriegs f\u00fcr die Entwicklung von Paulinenaue.","breadcrumb":{"@id":"https:\/\/paulinenaue.info\/index.php\/paulinenaue-im-ersten-weltkrieg\/#breadcrumb"},"inLanguage":"de","potentialAction":[{"@type":"ReadAction","target":["https:\/\/paulinenaue.info\/index.php\/paulinenaue-im-ersten-weltkrieg\/"]}]},{"@type":"ImageObject","inLanguage":"de","@id":"https:\/\/paulinenaue.info\/index.php\/paulinenaue-im-ersten-weltkrieg\/#primaryimage","url":"https:\/\/paulinenaue.info\/wp-content\/uploads\/2016\/11\/1916_russische_kriegsgefangene_02.jpg","contentUrl":"https:\/\/paulinenaue.info\/wp-content\/uploads\/2016\/11\/1916_russische_kriegsgefangene_02.jpg","width":503,"height":278},{"@type":"BreadcrumbList","@id":"https:\/\/paulinenaue.info\/index.php\/paulinenaue-im-ersten-weltkrieg\/#breadcrumb","itemListElement":[{"@type":"ListItem","position":1,"name":"Home","item":"https:\/\/paulinenaue.info\/"},{"@type":"ListItem","position":2,"name":"Paulinenaue im Ersten Weltkrieg"}]},{"@type":"WebSite","@id":"https:\/\/paulinenaue.info\/#website","url":"https:\/\/paulinenaue.info\/","name":"Paulinenaue","description":"Ein Dorf im Havelland","potentialAction":[{"@type":"SearchAction","target":{"@type":"EntryPoint","urlTemplate":"https:\/\/paulinenaue.info\/?s={search_term_string}"},"query-input":{"@type":"PropertyValueSpecification","valueRequired":true,"valueName":"search_term_string"}}],"inLanguage":"de"},{"@type":"Person","@id":"https:\/\/paulinenaue.info\/#\/schema\/person\/3f9e818fd7b69b0d2bd937ac506897cc","name":"Joachim Scholz","url":"https:\/\/paulinenaue.info\/index.php\/author\/jjscholz\/"}]}},"jetpack_publicize_connections":[],"jetpack_featured_media_url":"https:\/\/paulinenaue.info\/wp-content\/uploads\/2016\/11\/1916_russische_kriegsgefangene_02.jpg","jetpack_sharing_enabled":true,"jetpack_shortlink":"https:\/\/wp.me\/pcYhWA-8H","jetpack-related-posts":[{"id":992,"url":"https:\/\/paulinenaue.info\/index.php\/80-jahre-gemeinde-paulinenaue-eine-serie-zur-ortsgeschichte-teil-4\/","url_meta":{"origin":539,"position":0},"title":"80 Jahre Gemeinde Paulinenaue \u2013 Eine Serie zur Ortsgeschichte (Teil 4)","author":"Sarah","date":"19. Juni 2017","format":false,"excerpt":"02.10.2004 Teil 4 Von der Jahrhundertwende bis zur Gemeindegr\u00fcndung Zu Beginn des letzten Jahrhunderts musste das Luch zum zweiten Mal trockengelegt werden, da viele wassertechnische Anlagen im Laufe der Zeit verkommen waren. 1917 erwirbt eine Landsiedlungsgesellschaft das kurz zuvor baulich aufgewertete Gut und Paulinenaue wird zum Zentrum einer Besiedlungswelle, die\u2026","rel":"","context":"In &quot;Allgemein&quot;","block_context":{"text":"Allgemein","link":"https:\/\/paulinenaue.info\/index.php\/category\/allgemein\/"},"img":{"alt_text":"","src":"https:\/\/i0.wp.com\/paulinenaue.info\/wp-content\/uploads\/2017\/06\/goldschmidt.jpg?resize=350%2C200&ssl=1","width":350,"height":200},"classes":[]},{"id":418291,"url":"https:\/\/paulinenaue.info\/index.php\/hundert-jahre-alter-neubau\/","url_meta":{"origin":539,"position":1},"title":"Hundert Jahre alter Neubau: Spaziergang durch Paulinenaues Norden","author":"Joachim Scholz","date":"21. September 2025","format":false,"excerpt":"","rel":"","context":"In &quot;Ehrenamt&quot;","block_context":{"text":"Ehrenamt","link":"https:\/\/paulinenaue.info\/index.php\/category\/ehrenamt\/"},"img":{"alt_text":"","src":"https:\/\/i0.wp.com\/paulinenaue.info\/wp-content\/uploads\/2025\/09\/2025-09-20_12-04-09-WANDERUNG.jpg?resize=350%2C200&ssl=1","width":350,"height":200,"srcset":"https:\/\/i0.wp.com\/paulinenaue.info\/wp-content\/uploads\/2025\/09\/2025-09-20_12-04-09-WANDERUNG.jpg?resize=350%2C200&ssl=1 1x, https:\/\/i0.wp.com\/paulinenaue.info\/wp-content\/uploads\/2025\/09\/2025-09-20_12-04-09-WANDERUNG.jpg?resize=525%2C300&ssl=1 1.5x, https:\/\/i0.wp.com\/paulinenaue.info\/wp-content\/uploads\/2025\/09\/2025-09-20_12-04-09-WANDERUNG.jpg?resize=700%2C400&ssl=1 2x, https:\/\/i0.wp.com\/paulinenaue.info\/wp-content\/uploads\/2025\/09\/2025-09-20_12-04-09-WANDERUNG.jpg?resize=1050%2C600&ssl=1 3x, https:\/\/i0.wp.com\/paulinenaue.info\/wp-content\/uploads\/2025\/09\/2025-09-20_12-04-09-WANDERUNG.jpg?resize=1400%2C800&ssl=1 4x"},"classes":[]},{"id":415945,"url":"https:\/\/paulinenaue.info\/index.php\/chroniken-von-paulinenaue\/","url_meta":{"origin":539,"position":2},"title":"Chroniken von Paulinenaue","author":"Joachim Scholz","date":"4. Februar 2024","format":false,"excerpt":"Kirchenb\u00fccher und Kriegschroniken \u2013 Die Anf\u00e4nge Paulinenaue ist ein junges Dorf, das 1833 aus einem unbedeutenden Vorwerk hervorging. F\u00fcr lange Zeit wurden Aufzeichnungen wichtiger Lebensereignisse seiner Einwohner, wie Geburten, Taufen, Hochzeiten und Todesf\u00e4lle, nur in den Kirchenb\u00fcchern der Nachbargemeinden festgehalten, zu denen es kirchenrechtlich geh\u00f6rte. Erst seit 1920 wurde in\u2026","rel":"","context":"In &quot;Dorfentwicklung&quot;","block_context":{"text":"Dorfentwicklung","link":"https:\/\/paulinenaue.info\/index.php\/category\/dorfentwicklung\/"},"img":{"alt_text":"","src":"https:\/\/i0.wp.com\/paulinenaue.info\/wp-content\/uploads\/2024\/01\/1915-05-23-Heimatszeitung-Titelblatt.jpg?resize=350%2C200&ssl=1","width":350,"height":200,"srcset":"https:\/\/i0.wp.com\/paulinenaue.info\/wp-content\/uploads\/2024\/01\/1915-05-23-Heimatszeitung-Titelblatt.jpg?resize=350%2C200&ssl=1 1x, https:\/\/i0.wp.com\/paulinenaue.info\/wp-content\/uploads\/2024\/01\/1915-05-23-Heimatszeitung-Titelblatt.jpg?resize=525%2C300&ssl=1 1.5x, https:\/\/i0.wp.com\/paulinenaue.info\/wp-content\/uploads\/2024\/01\/1915-05-23-Heimatszeitung-Titelblatt.jpg?resize=700%2C400&ssl=1 2x"},"classes":[]},{"id":1022,"url":"https:\/\/paulinenaue.info\/index.php\/zum-80-gemeindejubilaeum-historische-ortsansichten-von-paulinenaue\/","url_meta":{"origin":539,"position":3},"title":"Zum 80. Gemeindejubil\u00e4um: Historische Ortsansichten von Paulinenaue","author":"Sarah","date":"19. Juni 2017","format":false,"excerpt":"08.12.2004 Historische Ortsansichten von Paulinenaue zum 80. Jahrestag der Gemeindegr\u00fcndung 1924 Eine der \u00e4ltesten fotografischen Aufnahmen unseres Dorfes. Das Sch\u00e4ferhaus auf dem Gutshof (links) war strohgedeckt und z\u00e4hlte vermutlich noch zu den Geb\u00e4uden der Bardelebenschen Meierei. Der Bahnhof in seiner ganzen Pracht. Die Kundschaft des Gasthofes hat im Biergarten vor\u2026","rel":"","context":"In &quot;Allgemein&quot;","block_context":{"text":"Allgemein","link":"https:\/\/paulinenaue.info\/index.php\/category\/allgemein\/"},"img":{"alt_text":"Foto: Sammlung Joachim Scholz","src":"https:\/\/i0.wp.com\/paulinenaue.info\/wp-content\/uploads\/2017\/06\/meierei-300x215.jpg?resize=350%2C200","width":350,"height":200},"classes":[]},{"id":418075,"url":"https:\/\/paulinenaue.info\/index.php\/100-jahre-ortsgeschichtsschreibung\/","url_meta":{"origin":539,"position":4},"title":"100 Jahre Ortsgeschichtsschreibung","author":"Joachim Scholz","date":"9. Juni 2025","format":false,"excerpt":"","rel":"","context":"In &quot;Dorfentwicklung&quot;","block_context":{"text":"Dorfentwicklung","link":"https:\/\/paulinenaue.info\/index.php\/category\/dorfentwicklung\/"},"img":{"alt_text":"","src":"https:\/\/i0.wp.com\/paulinenaue.info\/wp-content\/uploads\/2025\/06\/1900-ca.-Paulinenaue-Schaeferhaus-unbearbeitet.jpeg?resize=350%2C200&ssl=1","width":350,"height":200,"srcset":"https:\/\/i0.wp.com\/paulinenaue.info\/wp-content\/uploads\/2025\/06\/1900-ca.-Paulinenaue-Schaeferhaus-unbearbeitet.jpeg?resize=350%2C200&ssl=1 1x, https:\/\/i0.wp.com\/paulinenaue.info\/wp-content\/uploads\/2025\/06\/1900-ca.-Paulinenaue-Schaeferhaus-unbearbeitet.jpeg?resize=525%2C300&ssl=1 1.5x, https:\/\/i0.wp.com\/paulinenaue.info\/wp-content\/uploads\/2025\/06\/1900-ca.-Paulinenaue-Schaeferhaus-unbearbeitet.jpeg?resize=700%2C400&ssl=1 2x"},"classes":[]},{"id":900,"url":"https:\/\/paulinenaue.info\/index.php\/der-lindenhof-das-legendaere-gestuet-der-brueder-knauer-seltene-fotografien-aus-dem-jahre-1960\/","url_meta":{"origin":539,"position":5},"title":"Der Lindenhof &#8211; das legend\u00e4re Gest\u00fct der Br\u00fcder Knauer. Seltene Fotografien aus dem Jahre 1960","author":"Sarah","date":"31. Januar 2004","format":false,"excerpt":"Text: Joachim Scholz (2004), Fotos: Manfred H\u00e4nsch (1960) Seit 1916 und bis in die 70er-Jahre des letzten Jahrhunderts bestand am Nordrand des Lindholzes hinter dem Kanal das von Carl und Arthur Knauer bewirtschaftete Gest\u00fct \u201eLindenhof\u201c. Durch kluge Zucht und als Ergebnis der Importpolitik beider Br\u00fcder brachte der Knauersche Hof bis\u2026","rel":"","context":"In &quot;Allgemein&quot;","block_context":{"text":"Allgemein","link":"https:\/\/paulinenaue.info\/index.php\/category\/allgemein\/"},"img":{"alt_text":"Knauerhof 1960","src":"https:\/\/i0.wp.com\/paulinenaue.info\/wp-content\/uploads\/2017\/06\/1960-Fru%CC%88hjahr-Knauerhof-Hengst-Ewald-01.jpg?resize=350%2C200&ssl=1","width":350,"height":200,"srcset":"https:\/\/i0.wp.com\/paulinenaue.info\/wp-content\/uploads\/2017\/06\/1960-Fru%CC%88hjahr-Knauerhof-Hengst-Ewald-01.jpg?resize=350%2C200&ssl=1 1x, https:\/\/i0.wp.com\/paulinenaue.info\/wp-content\/uploads\/2017\/06\/1960-Fru%CC%88hjahr-Knauerhof-Hengst-Ewald-01.jpg?resize=525%2C300&ssl=1 1.5x, https:\/\/i0.wp.com\/paulinenaue.info\/wp-content\/uploads\/2017\/06\/1960-Fru%CC%88hjahr-Knauerhof-Hengst-Ewald-01.jpg?resize=700%2C400&ssl=1 2x"},"classes":[]}],"_links":{"self":[{"href":"https:\/\/paulinenaue.info\/index.php\/wp-json\/wp\/v2\/posts\/539","targetHints":{"allow":["GET"]}}],"collection":[{"href":"https:\/\/paulinenaue.info\/index.php\/wp-json\/wp\/v2\/posts"}],"about":[{"href":"https:\/\/paulinenaue.info\/index.php\/wp-json\/wp\/v2\/types\/post"}],"author":[{"embeddable":true,"href":"https:\/\/paulinenaue.info\/index.php\/wp-json\/wp\/v2\/users\/1"}],"replies":[{"embeddable":true,"href":"https:\/\/paulinenaue.info\/index.php\/wp-json\/wp\/v2\/comments?post=539"}],"version-history":[{"count":11,"href":"https:\/\/paulinenaue.info\/index.php\/wp-json\/wp\/v2\/posts\/539\/revisions"}],"predecessor-version":[{"id":418972,"href":"https:\/\/paulinenaue.info\/index.php\/wp-json\/wp\/v2\/posts\/539\/revisions\/418972"}],"wp:featuredmedia":[{"embeddable":true,"href":"https:\/\/paulinenaue.info\/index.php\/wp-json\/wp\/v2\/media\/545"}],"wp:attachment":[{"href":"https:\/\/paulinenaue.info\/index.php\/wp-json\/wp\/v2\/media?parent=539"}],"wp:term":[{"taxonomy":"category","embeddable":true,"href":"https:\/\/paulinenaue.info\/index.php\/wp-json\/wp\/v2\/categories?post=539"},{"taxonomy":"post_tag","embeddable":true,"href":"https:\/\/paulinenaue.info\/index.php\/wp-json\/wp\/v2\/tags?post=539"}],"curies":[{"name":"wp","href":"https:\/\/api.w.org\/{rel}","templated":true}]}}