{"id":5410,"date":"2020-06-30T02:40:30","date_gmt":"2020-06-29T20:40:30","guid":{"rendered":"http:\/\/paulinenaue.info\/?p=5410"},"modified":"2020-06-30T02:40:30","modified_gmt":"2020-06-29T20:40:30","slug":"naechster-bauabschnitt-an-der-schule","status":"publish","type":"post","link":"https:\/\/paulinenaue.info\/index.php\/naechster-bauabschnitt-an-der-schule\/","title":{"rendered":"N\u00e4chster Bauabschnitt an der Schule"},"content":{"rendered":"<p>Schon seit Anfang M\u00e4rz wurden die D\u00e4cher und Fassaden unserer beiden Schulgeb\u00e4ude saniert und erstrahlen seitdem in neuem Glanz. Ab heute hat nun auch der letzte Bauabschnitt begonnen. Mit schwerem Ger\u00e4t wurde das alte Pflaster auf dem Schulhof aufgenommen und mit weiteren Tiefbauarbeiten begonnen.<\/p>\n<div id=\"attachment_5413\" style=\"width: 310px\" class=\"wp-caption alignnone\"><a href=\"http:\/\/paulinenaue.info\/wp-content\/uploads\/2020\/06\/IMG_20200324_073135-scaled.jpg\"><img decoding=\"async\" aria-describedby=\"caption-attachment-5413\" data-attachment-id=\"5413\" data-permalink=\"https:\/\/paulinenaue.info\/index.php\/naechster-bauabschnitt-an-der-schule\/img_20200324_073135\/\" data-orig-file=\"https:\/\/paulinenaue.info\/wp-content\/uploads\/2020\/06\/IMG_20200324_073135-scaled.jpg\" data-orig-size=\"2560,1920\" data-comments-opened=\"1\" data-image-meta=\"{&quot;aperture&quot;:&quot;1.8&quot;,&quot;credit&quot;:&quot;&quot;,&quot;camera&quot;:&quot;HRY-LX2&quot;,&quot;caption&quot;:&quot;&quot;,&quot;created_timestamp&quot;:&quot;1585035096&quot;,&quot;copyright&quot;:&quot;&quot;,&quot;focal_length&quot;:&quot;3.6&quot;,&quot;iso&quot;:&quot;50&quot;,&quot;shutter_speed&quot;:&quot;0.000424&quot;,&quot;title&quot;:&quot;&quot;,&quot;orientation&quot;:&quot;1&quot;}\" data-image-title=\"IMG_20200324_073135\" data-image-description=\"&lt;p&gt;Fassadensanierung: Das Bild auf dem Giebel verschwindet&lt;\/p&gt;\n\" data-image-caption=\"&lt;p&gt;Fassadensanierung: Das Bild auf dem Giebel verschwindet&lt;\/p&gt;\n\" data-large-file=\"https:\/\/paulinenaue.info\/wp-content\/uploads\/2020\/06\/IMG_20200324_073135-1024x768.jpg\" class=\"lazyload wp-image-5413 size-medium\" src=\"http:\/\/paulinenaue.info\/wp-content\/uploads\/2020\/06\/IMG_20200324_073135-300x225.jpg\" data-orig-src=\"http:\/\/paulinenaue.info\/wp-content\/uploads\/2020\/06\/IMG_20200324_073135-300x225.jpg\" alt=\"Fassadensanierung: Das Bild auf dem Giebel verschwindet\" width=\"300\" height=\"225\" srcset=\"data:image\/svg+xml,%3Csvg%20xmlns%3D%27http%3A%2F%2Fwww.w3.org%2F2000%2Fsvg%27%20width%3D%27300%27%20height%3D%27225%27%20viewBox%3D%270%200%20300%20225%27%3E%3Crect%20width%3D%27300%27%20height%3D%27225%27%20fill-opacity%3D%220%22%2F%3E%3C%2Fsvg%3E\" data-srcset=\"https:\/\/paulinenaue.info\/wp-content\/uploads\/2020\/06\/IMG_20200324_073135-300x225.jpg 300w, https:\/\/paulinenaue.info\/wp-content\/uploads\/2020\/06\/IMG_20200324_073135-768x576.jpg 768w, https:\/\/paulinenaue.info\/wp-content\/uploads\/2020\/06\/IMG_20200324_073135-958x719.jpg 958w, https:\/\/paulinenaue.info\/wp-content\/uploads\/2020\/06\/IMG_20200324_073135-1024x768.jpg 1024w, https:\/\/paulinenaue.info\/wp-content\/uploads\/2020\/06\/IMG_20200324_073135-1536x1152.jpg 1536w, https:\/\/paulinenaue.info\/wp-content\/uploads\/2020\/06\/IMG_20200324_073135-scaled.jpg 2560w\" data-sizes=\"auto\" data-orig-sizes=\"(max-width: 300px) 100vw, 300px\" \/><\/a><p id=\"caption-attachment-5413\" class=\"wp-caption-text\">Fassadensanierung: Das Bild auf dem Giebel verschwindet<\/p><\/div>\n<p>Bis zum Ende der Sommerferien soll nun die gesamte Regenentw\u00e4sserung des Schulhofes erneuert werden. Der Hof selbst wird in dem Zuge ebenfalls einen neuen Belag bekommen. Insgesamt investiert die Gemeinde mit dieser Ma\u00dfnahme knapp eine halbe Million Euro in die Bildungsinfrastruktur, wovon 75 % aus F\u00f6rdermitteln stammen.<\/p>\n","protected":false},"excerpt":{"rendered":"<p>Schon seit Anfang M\u00e4rz wurden die D\u00e4cher und Fassaden unserer [&hellip;]<\/p>\n","protected":false},"author":10,"featured_media":5412,"comment_status":"open","ping_status":"open","sticky":false,"template":"","format":"standard","meta":{"_acf_changed":false,"_price":"","_stock":"","_tribe_ticket_header":"","_tribe_default_ticket_provider":"","_tribe_ticket_capacity":"0","_ticket_start_date":"","_ticket_end_date":"","_tribe_ticket_show_description":"","_tribe_ticket_show_not_going":false,"_tribe_ticket_use_global_stock":"","_tribe_ticket_global_stock_level":"","_global_stock_mode":"","_global_stock_cap":"","_tribe_rsvp_for_event":"","_tribe_ticket_going_count":"","_tribe_ticket_not_going_count":"","_tribe_tickets_list":"[]","_tribe_ticket_has_attendee_info_fields":false,"jetpack_post_was_ever_published":false,"_jetpack_newsletter_access":"","_jetpack_dont_email_post_to_subs":false,"_jetpack_newsletter_tier_id":0,"_jetpack_memberships_contains_paywalled_content":false,"_jetpack_memberships_contains_paid_content":false,"footnotes":"","jetpack_publicize_message":"","jetpack_publicize_feature_enabled":true,"jetpack_social_post_already_shared":true,"jetpack_social_options":{"image_generator_settings":{"template":"highway","default_image_id":0,"font":"","enabled":false},"version":2}},"categories":[1,40,43,6,9],"tags":[],"class_list":["post-5410","post","type-post","status-publish","format-standard","has-post-thumbnail","hentry","category-allgemein","category-dorfentwicklung","category-grundschule","category-hier-zuhause","category-neuigkeiten"],"acf":[],"yoast_head":"<!-- This site is optimized with the Yoast SEO plugin v27.5 - https:\/\/yoast.com\/product\/yoast-seo-wordpress\/ -->\n<title>N\u00e4chster Bauabschnitt an der Schule - Paulinenaue<\/title>\n<meta name=\"robots\" content=\"index, follow, max-snippet:-1, max-image-preview:large, max-video-preview:-1\" \/>\n<link rel=\"canonical\" href=\"https:\/\/paulinenaue.info\/index.php\/naechster-bauabschnitt-an-der-schule\/\" \/>\n<meta property=\"og:locale\" content=\"de_DE\" \/>\n<meta property=\"og:type\" content=\"article\" \/>\n<meta property=\"og:title\" content=\"N\u00e4chster Bauabschnitt an der Schule - Paulinenaue\" \/>\n<meta property=\"og:description\" content=\"Schon seit Anfang M\u00e4rz wurden die D\u00e4cher und Fassaden unserer [&hellip;]\" \/>\n<meta property=\"og:url\" content=\"https:\/\/paulinenaue.info\/index.php\/naechster-bauabschnitt-an-der-schule\/\" \/>\n<meta property=\"og:site_name\" content=\"Paulinenaue\" \/>\n<meta property=\"article:published_time\" content=\"2020-06-29T20:40:30+00:00\" \/>\n<meta property=\"og:image\" content=\"https:\/\/i1.wp.com\/paulinenaue.info\/wp-content\/uploads\/2020\/06\/IMG_20200629_161920-scaled.jpg?fit=2560%2C1920&ssl=1\" \/>\n\t<meta property=\"og:image:width\" content=\"2560\" \/>\n\t<meta property=\"og:image:height\" content=\"1920\" \/>\n\t<meta property=\"og:image:type\" content=\"image\/jpeg\" \/>\n<meta name=\"author\" content=\"Christian Gnewikow\" \/>\n<meta name=\"twitter:card\" content=\"summary_large_image\" \/>\n<meta name=\"twitter:label1\" content=\"Verfasst von\" \/>\n\t<meta name=\"twitter:data1\" content=\"Christian Gnewikow\" \/>\n\t<meta name=\"twitter:label2\" content=\"Gesch\u00e4tzte Lesezeit\" \/>\n\t<meta name=\"twitter:data2\" content=\"1\u00a0Minute\" \/>\n<script type=\"application\/ld+json\" class=\"yoast-schema-graph\">{\"@context\":\"https:\\\/\\\/schema.org\",\"@graph\":[{\"@type\":\"Article\",\"@id\":\"https:\\\/\\\/paulinenaue.info\\\/index.php\\\/naechster-bauabschnitt-an-der-schule\\\/#article\",\"isPartOf\":{\"@id\":\"https:\\\/\\\/paulinenaue.info\\\/index.php\\\/naechster-bauabschnitt-an-der-schule\\\/\"},\"author\":{\"name\":\"Christian Gnewikow\",\"@id\":\"https:\\\/\\\/paulinenaue.info\\\/#\\\/schema\\\/person\\\/aca8d11f85faf4f9071e05c0c7e82e7e\"},\"headline\":\"N\u00e4chster Bauabschnitt an der Schule\",\"datePublished\":\"2020-06-29T20:40:30+00:00\",\"mainEntityOfPage\":{\"@id\":\"https:\\\/\\\/paulinenaue.info\\\/index.php\\\/naechster-bauabschnitt-an-der-schule\\\/\"},\"wordCount\":116,\"commentCount\":0,\"image\":{\"@id\":\"https:\\\/\\\/paulinenaue.info\\\/index.php\\\/naechster-bauabschnitt-an-der-schule\\\/#primaryimage\"},\"thumbnailUrl\":\"https:\\\/\\\/paulinenaue.info\\\/wp-content\\\/uploads\\\/2020\\\/06\\\/IMG_20200629_161920-scaled.jpg\",\"articleSection\":{\"1\":\"Dorfentwicklung\",\"2\":\"Grundschule\",\"3\":\"Hier Zuhause\",\"4\":\"Neuigkeiten\"},\"inLanguage\":\"de\",\"potentialAction\":[{\"@type\":\"CommentAction\",\"name\":\"Comment\",\"target\":[\"https:\\\/\\\/paulinenaue.info\\\/index.php\\\/naechster-bauabschnitt-an-der-schule\\\/#respond\"]}]},{\"@type\":\"WebPage\",\"@id\":\"https:\\\/\\\/paulinenaue.info\\\/index.php\\\/naechster-bauabschnitt-an-der-schule\\\/\",\"url\":\"https:\\\/\\\/paulinenaue.info\\\/index.php\\\/naechster-bauabschnitt-an-der-schule\\\/\",\"name\":\"N\u00e4chster Bauabschnitt an der Schule - Paulinenaue\",\"isPartOf\":{\"@id\":\"https:\\\/\\\/paulinenaue.info\\\/#website\"},\"primaryImageOfPage\":{\"@id\":\"https:\\\/\\\/paulinenaue.info\\\/index.php\\\/naechster-bauabschnitt-an-der-schule\\\/#primaryimage\"},\"image\":{\"@id\":\"https:\\\/\\\/paulinenaue.info\\\/index.php\\\/naechster-bauabschnitt-an-der-schule\\\/#primaryimage\"},\"thumbnailUrl\":\"https:\\\/\\\/paulinenaue.info\\\/wp-content\\\/uploads\\\/2020\\\/06\\\/IMG_20200629_161920-scaled.jpg\",\"datePublished\":\"2020-06-29T20:40:30+00:00\",\"author\":{\"@id\":\"https:\\\/\\\/paulinenaue.info\\\/#\\\/schema\\\/person\\\/aca8d11f85faf4f9071e05c0c7e82e7e\"},\"breadcrumb\":{\"@id\":\"https:\\\/\\\/paulinenaue.info\\\/index.php\\\/naechster-bauabschnitt-an-der-schule\\\/#breadcrumb\"},\"inLanguage\":\"de\",\"potentialAction\":[{\"@type\":\"ReadAction\",\"target\":[\"https:\\\/\\\/paulinenaue.info\\\/index.php\\\/naechster-bauabschnitt-an-der-schule\\\/\"]}]},{\"@type\":\"ImageObject\",\"inLanguage\":\"de\",\"@id\":\"https:\\\/\\\/paulinenaue.info\\\/index.php\\\/naechster-bauabschnitt-an-der-schule\\\/#primaryimage\",\"url\":\"https:\\\/\\\/paulinenaue.info\\\/wp-content\\\/uploads\\\/2020\\\/06\\\/IMG_20200629_161920-scaled.jpg\",\"contentUrl\":\"https:\\\/\\\/paulinenaue.info\\\/wp-content\\\/uploads\\\/2020\\\/06\\\/IMG_20200629_161920-scaled.jpg\",\"width\":2560,\"height\":1920},{\"@type\":\"BreadcrumbList\",\"@id\":\"https:\\\/\\\/paulinenaue.info\\\/index.php\\\/naechster-bauabschnitt-an-der-schule\\\/#breadcrumb\",\"itemListElement\":[{\"@type\":\"ListItem\",\"position\":1,\"name\":\"Home\",\"item\":\"https:\\\/\\\/paulinenaue.info\\\/\"},{\"@type\":\"ListItem\",\"position\":2,\"name\":\"N\u00e4chster Bauabschnitt an der Schule\"}]},{\"@type\":\"WebSite\",\"@id\":\"https:\\\/\\\/paulinenaue.info\\\/#website\",\"url\":\"https:\\\/\\\/paulinenaue.info\\\/\",\"name\":\"Paulinenaue\",\"description\":\"Ein Dorf im Havelland\",\"potentialAction\":[{\"@type\":\"SearchAction\",\"target\":{\"@type\":\"EntryPoint\",\"urlTemplate\":\"https:\\\/\\\/paulinenaue.info\\\/?s={search_term_string}\"},\"query-input\":{\"@type\":\"PropertyValueSpecification\",\"valueRequired\":true,\"valueName\":\"search_term_string\"}}],\"inLanguage\":\"de\"},{\"@type\":\"Person\",\"@id\":\"https:\\\/\\\/paulinenaue.info\\\/#\\\/schema\\\/person\\\/aca8d11f85faf4f9071e05c0c7e82e7e\",\"name\":\"Christian Gnewikow\",\"url\":\"https:\\\/\\\/paulinenaue.info\\\/index.php\\\/author\\\/christian-gnewikow\\\/\"}]}<\/script>\n<!-- \/ Yoast SEO plugin. -->","yoast_head_json":{"title":"N\u00e4chster Bauabschnitt an der Schule - Paulinenaue","robots":{"index":"index","follow":"follow","max-snippet":"max-snippet:-1","max-image-preview":"max-image-preview:large","max-video-preview":"max-video-preview:-1"},"canonical":"https:\/\/paulinenaue.info\/index.php\/naechster-bauabschnitt-an-der-schule\/","og_locale":"de_DE","og_type":"article","og_title":"N\u00e4chster Bauabschnitt an der Schule - Paulinenaue","og_description":"Schon seit Anfang M\u00e4rz wurden die D\u00e4cher und Fassaden unserer [&hellip;]","og_url":"https:\/\/paulinenaue.info\/index.php\/naechster-bauabschnitt-an-der-schule\/","og_site_name":"Paulinenaue","article_published_time":"2020-06-29T20:40:30+00:00","og_image":[{"width":2560,"height":1920,"url":"https:\/\/i1.wp.com\/paulinenaue.info\/wp-content\/uploads\/2020\/06\/IMG_20200629_161920-scaled.jpg?fit=2560%2C1920&ssl=1","type":"image\/jpeg"}],"author":"Christian Gnewikow","twitter_card":"summary_large_image","twitter_misc":{"Verfasst von":"Christian Gnewikow","Gesch\u00e4tzte Lesezeit":"1\u00a0Minute"},"schema":{"@context":"https:\/\/schema.org","@graph":[{"@type":"Article","@id":"https:\/\/paulinenaue.info\/index.php\/naechster-bauabschnitt-an-der-schule\/#article","isPartOf":{"@id":"https:\/\/paulinenaue.info\/index.php\/naechster-bauabschnitt-an-der-schule\/"},"author":{"name":"Christian Gnewikow","@id":"https:\/\/paulinenaue.info\/#\/schema\/person\/aca8d11f85faf4f9071e05c0c7e82e7e"},"headline":"N\u00e4chster Bauabschnitt an der Schule","datePublished":"2020-06-29T20:40:30+00:00","mainEntityOfPage":{"@id":"https:\/\/paulinenaue.info\/index.php\/naechster-bauabschnitt-an-der-schule\/"},"wordCount":116,"commentCount":0,"image":{"@id":"https:\/\/paulinenaue.info\/index.php\/naechster-bauabschnitt-an-der-schule\/#primaryimage"},"thumbnailUrl":"https:\/\/paulinenaue.info\/wp-content\/uploads\/2020\/06\/IMG_20200629_161920-scaled.jpg","articleSection":{"1":"Dorfentwicklung","2":"Grundschule","3":"Hier Zuhause","4":"Neuigkeiten"},"inLanguage":"de","potentialAction":[{"@type":"CommentAction","name":"Comment","target":["https:\/\/paulinenaue.info\/index.php\/naechster-bauabschnitt-an-der-schule\/#respond"]}]},{"@type":"WebPage","@id":"https:\/\/paulinenaue.info\/index.php\/naechster-bauabschnitt-an-der-schule\/","url":"https:\/\/paulinenaue.info\/index.php\/naechster-bauabschnitt-an-der-schule\/","name":"N\u00e4chster Bauabschnitt an der Schule - Paulinenaue","isPartOf":{"@id":"https:\/\/paulinenaue.info\/#website"},"primaryImageOfPage":{"@id":"https:\/\/paulinenaue.info\/index.php\/naechster-bauabschnitt-an-der-schule\/#primaryimage"},"image":{"@id":"https:\/\/paulinenaue.info\/index.php\/naechster-bauabschnitt-an-der-schule\/#primaryimage"},"thumbnailUrl":"https:\/\/paulinenaue.info\/wp-content\/uploads\/2020\/06\/IMG_20200629_161920-scaled.jpg","datePublished":"2020-06-29T20:40:30+00:00","author":{"@id":"https:\/\/paulinenaue.info\/#\/schema\/person\/aca8d11f85faf4f9071e05c0c7e82e7e"},"breadcrumb":{"@id":"https:\/\/paulinenaue.info\/index.php\/naechster-bauabschnitt-an-der-schule\/#breadcrumb"},"inLanguage":"de","potentialAction":[{"@type":"ReadAction","target":["https:\/\/paulinenaue.info\/index.php\/naechster-bauabschnitt-an-der-schule\/"]}]},{"@type":"ImageObject","inLanguage":"de","@id":"https:\/\/paulinenaue.info\/index.php\/naechster-bauabschnitt-an-der-schule\/#primaryimage","url":"https:\/\/paulinenaue.info\/wp-content\/uploads\/2020\/06\/IMG_20200629_161920-scaled.jpg","contentUrl":"https:\/\/paulinenaue.info\/wp-content\/uploads\/2020\/06\/IMG_20200629_161920-scaled.jpg","width":2560,"height":1920},{"@type":"BreadcrumbList","@id":"https:\/\/paulinenaue.info\/index.php\/naechster-bauabschnitt-an-der-schule\/#breadcrumb","itemListElement":[{"@type":"ListItem","position":1,"name":"Home","item":"https:\/\/paulinenaue.info\/"},{"@type":"ListItem","position":2,"name":"N\u00e4chster Bauabschnitt an der Schule"}]},{"@type":"WebSite","@id":"https:\/\/paulinenaue.info\/#website","url":"https:\/\/paulinenaue.info\/","name":"Paulinenaue","description":"Ein Dorf im Havelland","potentialAction":[{"@type":"SearchAction","target":{"@type":"EntryPoint","urlTemplate":"https:\/\/paulinenaue.info\/?s={search_term_string}"},"query-input":{"@type":"PropertyValueSpecification","valueRequired":true,"valueName":"search_term_string"}}],"inLanguage":"de"},{"@type":"Person","@id":"https:\/\/paulinenaue.info\/#\/schema\/person\/aca8d11f85faf4f9071e05c0c7e82e7e","name":"Christian Gnewikow","url":"https:\/\/paulinenaue.info\/index.php\/author\/christian-gnewikow\/"}]}},"jetpack_publicize_connections":[],"jetpack_featured_media_url":"https:\/\/paulinenaue.info\/wp-content\/uploads\/2020\/06\/IMG_20200629_161920-scaled.jpg","jetpack_sharing_enabled":true,"jetpack_shortlink":"https:\/\/wp.me\/pcYhWA-1pg","jetpack-related-posts":[{"id":34249,"url":"https:\/\/paulinenaue.info\/index.php\/eroeffnung-des-havelland-radwanderweges-in-paulinenaue\/","url_meta":{"origin":5410,"position":0},"title":"Er\u00f6ffnung des Havelland-Radwanderweges in Paulinenaue","author":"Joachim Scholz","date":"12. April 2003","format":false,"excerpt":"Am 12. April 2003 wurde in Paulinenaue der beinahe 100 Kilometer lange Havelland-Radweg er\u00f6ffnet. F\u00fcr die Er\u00f6ffnungsveranstaltung zur Freigabe des Havelland-Radweges war Paulinenaue ausgew\u00e4hlt worden, weil die Gemeinde einerseits nahezu auf der H\u00e4lfte der Gesamtstrecke liegt und andererseits mit der Bahn auch f\u00fcr diejenigen gut zu erreichen ist, die nur\u2026","rel":"","context":"In &quot;Allgemein&quot;","block_context":{"text":"Allgemein","link":"https:\/\/paulinenaue.info\/index.php\/category\/allgemein\/"},"img":{"alt_text":"","src":"https:\/\/i0.wp.com\/paulinenaue.info\/wp-content\/uploads\/2022\/02\/2003-04-12-Eroeffnung-Havellandradweg-02.jpg?resize=350%2C200&ssl=1","width":350,"height":200,"srcset":"https:\/\/i0.wp.com\/paulinenaue.info\/wp-content\/uploads\/2022\/02\/2003-04-12-Eroeffnung-Havellandradweg-02.jpg?resize=350%2C200&ssl=1 1x, https:\/\/i0.wp.com\/paulinenaue.info\/wp-content\/uploads\/2022\/02\/2003-04-12-Eroeffnung-Havellandradweg-02.jpg?resize=525%2C300&ssl=1 1.5x, https:\/\/i0.wp.com\/paulinenaue.info\/wp-content\/uploads\/2022\/02\/2003-04-12-Eroeffnung-Havellandradweg-02.jpg?resize=700%2C400&ssl=1 2x, https:\/\/i0.wp.com\/paulinenaue.info\/wp-content\/uploads\/2022\/02\/2003-04-12-Eroeffnung-Havellandradweg-02.jpg?resize=1050%2C600&ssl=1 3x, https:\/\/i0.wp.com\/paulinenaue.info\/wp-content\/uploads\/2022\/02\/2003-04-12-Eroeffnung-Havellandradweg-02.jpg?resize=1400%2C800&ssl=1 4x"},"classes":[]},{"id":419406,"url":"https:\/\/paulinenaue.info\/index.php\/land-unter-auf-dem-paulinenauer-schulgelaende-2007\/","url_meta":{"origin":5410,"position":1},"title":"Land unter auf dem Paulinenauer Schulgel\u00e4nde","author":"Joachim Scholz","date":"17. August 2007","format":false,"excerpt":"17.08.2007.\u00a0Wolfgang Arndt, Hausmeister an der Grundschule Paulinenaue, hat dergleichen noch nicht erlebt. Mit der Kamera hielt er am 26. Juli 2007 die Folgen, die einige Tage zuvor die Starkregenf\u00e4lle in Paulinenaue auf dem Schulhof hinterlie\u00dfen, fest. Falls auch Sie Bilder von der Ausnahmesituation nach den extremen Niederschl\u00e4gen in Paulinenaue aufgenommen\u2026","rel":"","context":"In &quot;Neuigkeiten&quot;","block_context":{"text":"Neuigkeiten","link":"https:\/\/paulinenaue.info\/index.php\/category\/neuigkeiten\/"},"img":{"alt_text":"","src":"https:\/\/i0.wp.com\/paulinenaue.info\/wp-content\/uploads\/2007\/08\/2007-06-23-Sportanlagen-nach-Starkregen-04.jpeg?resize=350%2C200&ssl=1","width":350,"height":200,"srcset":"https:\/\/i0.wp.com\/paulinenaue.info\/wp-content\/uploads\/2007\/08\/2007-06-23-Sportanlagen-nach-Starkregen-04.jpeg?resize=350%2C200&ssl=1 1x, https:\/\/i0.wp.com\/paulinenaue.info\/wp-content\/uploads\/2007\/08\/2007-06-23-Sportanlagen-nach-Starkregen-04.jpeg?resize=525%2C300&ssl=1 1.5x, https:\/\/i0.wp.com\/paulinenaue.info\/wp-content\/uploads\/2007\/08\/2007-06-23-Sportanlagen-nach-Starkregen-04.jpeg?resize=700%2C400&ssl=1 2x"},"classes":[]},{"id":417865,"url":"https:\/\/paulinenaue.info\/index.php\/floh-und-pflanzenmarkt-der-pauerfrauen-ein-buntes-miteinander-im-herzen-des-dorfes\/","url_meta":{"origin":5410,"position":2},"title":"Floh- und Pflanzenmarkt der Pauerfrauen \u2013 Ein buntes Miteinander im Herzen des Dorfes","author":"Pauline Hirschberg","date":"14. Mai 2025","format":false,"excerpt":"Am vergangenen Wochenende, genauer am Samstag den 10.05.2025, verwandelte sich der Schulhof der Karibu-Grundschule in ein fr\u00f6hliches Markttreiben: Die Pauerfrauen hatten zum Floh- und Pflanzenmarkt eingeladen \u2013 und viele Dorfbewohner, Nachbarn und Interessierte folgten dem Ruf. Bei bestem Fr\u00fchlingswetter konnte nach Herzenslust gest\u00f6bert, getauscht und gekauft werden. Von liebevoll gezogenen\u2026","rel":"","context":"In &quot;Ehrenamt&quot;","block_context":{"text":"Ehrenamt","link":"https:\/\/paulinenaue.info\/index.php\/category\/ehrenamt\/"},"img":{"alt_text":"","src":"https:\/\/i0.wp.com\/paulinenaue.info\/wp-content\/uploads\/2025\/05\/IMG-20250510-WA0011.jpg?resize=350%2C200&ssl=1","width":350,"height":200,"srcset":"https:\/\/i0.wp.com\/paulinenaue.info\/wp-content\/uploads\/2025\/05\/IMG-20250510-WA0011.jpg?resize=350%2C200&ssl=1 1x, https:\/\/i0.wp.com\/paulinenaue.info\/wp-content\/uploads\/2025\/05\/IMG-20250510-WA0011.jpg?resize=525%2C300&ssl=1 1.5x, https:\/\/i0.wp.com\/paulinenaue.info\/wp-content\/uploads\/2025\/05\/IMG-20250510-WA0011.jpg?resize=700%2C400&ssl=1 2x, https:\/\/i0.wp.com\/paulinenaue.info\/wp-content\/uploads\/2025\/05\/IMG-20250510-WA0011.jpg?resize=1050%2C600&ssl=1 3x, https:\/\/i0.wp.com\/paulinenaue.info\/wp-content\/uploads\/2025\/05\/IMG-20250510-WA0011.jpg?resize=1400%2C800&ssl=1 4x"},"classes":[]},{"id":133,"url":"https:\/\/paulinenaue.info\/index.php\/karibu-meets-feuerwehr-beim-halloweenfest-2012\/","url_meta":{"origin":5410,"position":3},"title":"Karibu meets Feuerwehr &#8230; beim Halloweenfest 2012","author":"Joachim Scholz","date":"22. Oktober 2012","format":false,"excerpt":"Gemeinsam mit der Feuerwehr gestaltete die Karibu-Grundschule am 31. Oktober 2012 wieder das Halloween-Fest. Es begann als Projekttag am Vormittag in der Schule und endete mit einem Fackelumzug am Abend. Alle Schulklassen bereiteten sich bis 11 Uhr mit Basteln, Kochen und anderem auf Halloween vor. Am Abend trafen wir uns\u2026","rel":"","context":"In &quot;Feuerwehr&quot;","block_context":{"text":"Feuerwehr","link":"https:\/\/paulinenaue.info\/index.php\/category\/feuerwehr\/"},"img":{"alt_text":"","src":"https:\/\/i0.wp.com\/paulinenaue.info\/wp-content\/uploads\/2016\/03\/Halloween-Schule-31.10.2012-01.jpg?resize=350%2C200&ssl=1","width":350,"height":200,"srcset":"https:\/\/i0.wp.com\/paulinenaue.info\/wp-content\/uploads\/2016\/03\/Halloween-Schule-31.10.2012-01.jpg?resize=350%2C200&ssl=1 1x, https:\/\/i0.wp.com\/paulinenaue.info\/wp-content\/uploads\/2016\/03\/Halloween-Schule-31.10.2012-01.jpg?resize=525%2C300&ssl=1 1.5x, https:\/\/i0.wp.com\/paulinenaue.info\/wp-content\/uploads\/2016\/03\/Halloween-Schule-31.10.2012-01.jpg?resize=700%2C400&ssl=1 2x"},"classes":[]},{"id":160,"url":"https:\/\/paulinenaue.info\/index.php\/schulfest-zum-150-schuljubilaeum\/","url_meta":{"origin":5410,"position":4},"title":"Schulfest zum 150. Schuljubil\u00e4um","author":"Joachim Scholz","date":"22. M\u00e4rz 2016","format":false,"excerpt":"Joachim Scholz, Angelika Kellner 18.06.2011. Zum zweiten Mal schon hat sich gezeigt, dass es wohl keine bessere Gelegenheit zur Zusammenkunft vieler Paulinenauer gibt als ein Schulfest, denn kaum etwas anderes als die gemeinsam verbrachte Schulzeit verbindet so viele unterschiedliche Lebensgeschichten. Nach dem gro\u00dfen Erfolg vor f\u00fcnf Jahren hatten viele G\u00e4ste\u2026","rel":"","context":"In &quot;Grundschule&quot;","block_context":{"text":"Grundschule","link":"https:\/\/paulinenaue.info\/index.php\/category\/grundschule\/"},"img":{"alt_text":"","src":"https:\/\/i0.wp.com\/paulinenaue.info\/wp-content\/uploads\/2016\/03\/20110618_schulfest_04_ak.jpg?resize=350%2C200&ssl=1","width":350,"height":200},"classes":[]},{"id":416768,"url":"https:\/\/paulinenaue.info\/index.php\/die-biene-und-du\/","url_meta":{"origin":5410,"position":5},"title":"Die Biene und Du!","author":"Joachim Scholz","date":"11. September 2024","format":false,"excerpt":"Schulprojektwoche im Rahmen der \u201eSchnellen Vorbeifahrten\u201c 2024 Das neue Schuljahr begann an der Karibu-Grundschule au\u00dfergew\u00f6hnlich. Die Sch\u00fclerinnen und Sch\u00fcler erwartete eine Projektwoche unter dem Motto: \u201eDie Biene und Du\u201c. Dahinter verbarg sich eine Workshopreihe im Rahmen des Paulinenauer Kunstfestivals \u201eSchnelle Vorbeifahrten\u201c, das in diesem Jahr wieder vom Paulinenauer Kulturverein, dem\u2026","rel":"","context":"In &quot;\"Gr\u00fcnes Luch e.V.\"&quot;","block_context":{"text":"\"Gr\u00fcnes Luch e.V.\"","link":"https:\/\/paulinenaue.info\/index.php\/category\/hier-zuhause\/gruenes-luch-e-v\/"},"img":{"alt_text":"","src":"https:\/\/i0.wp.com\/paulinenaue.info\/wp-content\/uploads\/2024\/09\/DSCF5770.jpeg?resize=350%2C200&ssl=1","width":350,"height":200,"srcset":"https:\/\/i0.wp.com\/paulinenaue.info\/wp-content\/uploads\/2024\/09\/DSCF5770.jpeg?resize=350%2C200&ssl=1 1x, https:\/\/i0.wp.com\/paulinenaue.info\/wp-content\/uploads\/2024\/09\/DSCF5770.jpeg?resize=525%2C300&ssl=1 1.5x"},"classes":[]}],"_links":{"self":[{"href":"https:\/\/paulinenaue.info\/index.php\/wp-json\/wp\/v2\/posts\/5410","targetHints":{"allow":["GET"]}}],"collection":[{"href":"https:\/\/paulinenaue.info\/index.php\/wp-json\/wp\/v2\/posts"}],"about":[{"href":"https:\/\/paulinenaue.info\/index.php\/wp-json\/wp\/v2\/types\/post"}],"author":[{"embeddable":true,"href":"https:\/\/paulinenaue.info\/index.php\/wp-json\/wp\/v2\/users\/10"}],"replies":[{"embeddable":true,"href":"https:\/\/paulinenaue.info\/index.php\/wp-json\/wp\/v2\/comments?post=5410"}],"version-history":[{"count":15,"href":"https:\/\/paulinenaue.info\/index.php\/wp-json\/wp\/v2\/posts\/5410\/revisions"}],"predecessor-version":[{"id":5427,"href":"https:\/\/paulinenaue.info\/index.php\/wp-json\/wp\/v2\/posts\/5410\/revisions\/5427"}],"wp:featuredmedia":[{"embeddable":true,"href":"https:\/\/paulinenaue.info\/index.php\/wp-json\/wp\/v2\/media\/5412"}],"wp:attachment":[{"href":"https:\/\/paulinenaue.info\/index.php\/wp-json\/wp\/v2\/media?parent=5410"}],"wp:term":[{"taxonomy":"category","embeddable":true,"href":"https:\/\/paulinenaue.info\/index.php\/wp-json\/wp\/v2\/categories?post=5410"},{"taxonomy":"post_tag","embeddable":true,"href":"https:\/\/paulinenaue.info\/index.php\/wp-json\/wp\/v2\/tags?post=5410"}],"curies":[{"name":"wp","href":"https:\/\/api.w.org\/{rel}","templated":true}]}}