{"id":5490,"date":"2020-09-13T23:43:52","date_gmt":"2020-09-13T17:43:52","guid":{"rendered":"http:\/\/paulinenaue.info\/?p=5490"},"modified":"2020-09-14T01:00:35","modified_gmt":"2020-09-13T19:00:35","slug":"kraeuter-so-weit-das-auge-reicht","status":"publish","type":"post","link":"https:\/\/paulinenaue.info\/index.php\/kraeuter-so-weit-das-auge-reicht\/","title":{"rendered":"Kr\u00e4uter so weit das Auge reicht"},"content":{"rendered":"<p>Wenn man ganz allt\u00e4glich durch Paulinenaue geht, achtet man wenig auf sie &#8211; die vielen Pflanzen rechts und links der Wege. Viele sind f\u00fcr uns einfach nur Unkr\u00e4uter, die uns im heimischen Garten \u00e4rgern oder gar weh tun, wenn man sie ber\u00fchrt. Doch in ihnen steckt so manche unbekannte Wirkung, die dem menschlichen K\u00f6rper gut tun kann.<\/p>\n<p>Was genau, hat uns am heutigen Sonntag Sylvia Geisel (Dipl. Biol) bei einer Erste-Hilfe-Kr\u00e4uter-Wanderung zwischen Bahnhof und gro\u00dfem Sportplatz n\u00e4her gebracht.<br \/>\nDirekt am Treffpunkt ging es los mit Sauerampfer und Wegwarte, einer von Sylvia Geisels Lieblings-Heilpflanzen. Diese bl\u00fcht nicht nur h\u00fcbsch, sondern kann mit ihren Bitterstoffen und der enthaltenen Fols\u00e4ure bei Verdauungsbeschwerden helfen. Au\u00dferdem ist sie ein Liebling f\u00fcr viele Insekten, die sich in den Morgen- und Vormittagsstunden auf ihr sammeln.<\/p>\n\n\t\t<style type=\"text\/css\">\n\t\t\t#gallery-1 {\n\t\t\t\tmargin: auto;\n\t\t\t}\n\t\t\t#gallery-1 .gallery-item {\n\t\t\t\tfloat: left;\n\t\t\t\tmargin-top: 10px;\n\t\t\t\ttext-align: center;\n\t\t\t\twidth: 33%;\n\t\t\t}\n\t\t\t#gallery-1 img {\n\t\t\t\tborder: 2px solid #cfcfcf;\n\t\t\t}\n\t\t\t#gallery-1 .gallery-caption {\n\t\t\t\tmargin-left: 0;\n\t\t\t}\n\t\t\t\/* see gallery_shortcode() in wp-includes\/media.php *\/\n\t\t<\/style>\n\t\t<div data-carousel-extra='{&quot;blog_id&quot;:1,&quot;permalink&quot;:&quot;https:\/\/paulinenaue.info\/index.php\/kraeuter-so-weit-das-auge-reicht\/&quot;}' id='gallery-1' class='gallery galleryid-5490 gallery-columns-3 gallery-size-thumbnail'><dl class='gallery-item'>\n\t\t\t<dt class='gallery-icon landscape'>\n\t\t\t\t<a data-rel=\"iLightbox[postimages]\" data-title=\"IMG_20200913_100251\" data-caption=\"Schon am Bahnhof gab es f\u00fcr die 15 kleinen und gro\u00dfen Teilnehmer spannende Pflanzen zu entdecken. Foto: Sarah Vierjahn\" href='https:\/\/paulinenaue.info\/index.php\/kraeuter-so-weit-das-auge-reicht\/img_20200913_100251\/'><img decoding=\"async\" width=\"150\" height=\"150\" src=\"https:\/\/paulinenaue.info\/wp-content\/uploads\/2020\/09\/IMG_20200913_100251-150x150.jpg\" class=\"attachment-thumbnail size-thumbnail lazyload\" alt=\"Schon am Bahnhof gab es f\u00fcr die 15 kleinen und gro\u00dfen Teilnehmer spannende Pflanzen zu entdecken. Foto: Sarah Vierjahn\" aria-describedby=\"gallery-1-5491\" srcset=\"data:image\/svg+xml,%3Csvg%20xmlns%3D%27http%3A%2F%2Fwww.w3.org%2F2000%2Fsvg%27%20width%3D%272560%27%20height%3D%271920%27%20viewBox%3D%270%200%202560%201920%27%3E%3Crect%20width%3D%272560%27%20height%3D%271920%27%20fill-opacity%3D%220%22%2F%3E%3C%2Fsvg%3E\" data-orig-src=\"https:\/\/paulinenaue.info\/wp-content\/uploads\/2020\/09\/IMG_20200913_100251-150x150.jpg\" data-srcset=\"https:\/\/paulinenaue.info\/wp-content\/uploads\/2020\/09\/IMG_20200913_100251-100x100.jpg 100w, https:\/\/paulinenaue.info\/wp-content\/uploads\/2020\/09\/IMG_20200913_100251-150x150.jpg 150w, https:\/\/paulinenaue.info\/wp-content\/uploads\/2020\/09\/IMG_20200913_100251-210x210.jpg 210w, https:\/\/paulinenaue.info\/wp-content\/uploads\/2020\/09\/IMG_20200913_100251-400x400.jpg 400w\" data-sizes=\"auto\" data-attachment-id=\"5491\" data-permalink=\"https:\/\/paulinenaue.info\/index.php\/kraeuter-so-weit-das-auge-reicht\/img_20200913_100251\/\" data-orig-file=\"https:\/\/paulinenaue.info\/wp-content\/uploads\/2020\/09\/IMG_20200913_100251-scaled.jpg\" data-orig-size=\"2560,1920\" data-comments-opened=\"1\" data-image-meta=\"{&quot;aperture&quot;:&quot;2.2&quot;,&quot;credit&quot;:&quot;&quot;,&quot;camera&quot;:&quot;FIG-LX1&quot;,&quot;caption&quot;:&quot;&quot;,&quot;created_timestamp&quot;:&quot;1599991373&quot;,&quot;copyright&quot;:&quot;&quot;,&quot;focal_length&quot;:&quot;3.21&quot;,&quot;iso&quot;:&quot;50&quot;,&quot;shutter_speed&quot;:&quot;0.001099&quot;,&quot;title&quot;:&quot;&quot;,&quot;orientation&quot;:&quot;0&quot;}\" data-image-title=\"IMG_20200913_100251\" data-image-description=\"&lt;p&gt;Schon am Bahnhof gab es f\u00fcr die 15 kleinen und gro\u00dfen Teilnehmer spannende Pflanzen zu entdecken. Foto: Sarah Vierjahn&lt;\/p&gt;\n\" data-image-caption=\"&lt;p&gt;Schon am Bahnhof gab es f\u00fcr die 15 kleinen und gro\u00dfen Teilnehmer spannende Pflanzen zu entdecken. Foto: Sarah Vierjahn&lt;\/p&gt;\n\" data-large-file=\"https:\/\/paulinenaue.info\/wp-content\/uploads\/2020\/09\/IMG_20200913_100251-1024x768.jpg\" \/><\/a>\n\t\t\t<\/dt>\n\t\t\t\t<dd class='wp-caption-text gallery-caption' id='gallery-1-5491'>\n\t\t\t\tSchon am Bahnhof gab es f\u00fcr die 15 kleinen und gro\u00dfen Teilnehmer spannende Pflanzen zu entdecken. Foto: Sarah Vierjahn\n\t\t\t\t<\/dd><\/dl><dl class='gallery-item'>\n\t\t\t<dt class='gallery-icon portrait'>\n\t\t\t\t<a data-rel=\"iLightbox[postimages]\" data-title=\"IMG_20200913_100929\" data-caption=\"Sylvia Geisel zeigt uns eine Wegwarte. Foto: Sarah Vierjahn\" href='https:\/\/paulinenaue.info\/index.php\/kraeuter-so-weit-das-auge-reicht\/img_20200913_100929\/'><img decoding=\"async\" width=\"150\" height=\"150\" src=\"https:\/\/paulinenaue.info\/wp-content\/uploads\/2020\/09\/IMG_20200913_100929-150x150.jpg\" class=\"attachment-thumbnail size-thumbnail lazyload\" alt=\"Sylvia Geisel zeigt uns eine Wegwarte. Foto: Sarah Vierjahn\" aria-describedby=\"gallery-1-5492\" srcset=\"data:image\/svg+xml,%3Csvg%20xmlns%3D%27http%3A%2F%2Fwww.w3.org%2F2000%2Fsvg%27%20width%3D%271920%27%20height%3D%272560%27%20viewBox%3D%270%200%201920%202560%27%3E%3Crect%20width%3D%271920%27%20height%3D%272560%27%20fill-opacity%3D%220%22%2F%3E%3C%2Fsvg%3E\" data-orig-src=\"https:\/\/paulinenaue.info\/wp-content\/uploads\/2020\/09\/IMG_20200913_100929-150x150.jpg\" data-srcset=\"https:\/\/paulinenaue.info\/wp-content\/uploads\/2020\/09\/IMG_20200913_100929-100x100.jpg 100w, https:\/\/paulinenaue.info\/wp-content\/uploads\/2020\/09\/IMG_20200913_100929-150x150.jpg 150w, https:\/\/paulinenaue.info\/wp-content\/uploads\/2020\/09\/IMG_20200913_100929-210x210.jpg 210w, https:\/\/paulinenaue.info\/wp-content\/uploads\/2020\/09\/IMG_20200913_100929-400x400.jpg 400w\" data-sizes=\"auto\" data-attachment-id=\"5492\" data-permalink=\"https:\/\/paulinenaue.info\/index.php\/kraeuter-so-weit-das-auge-reicht\/img_20200913_100929\/\" data-orig-file=\"https:\/\/paulinenaue.info\/wp-content\/uploads\/2020\/09\/IMG_20200913_100929-scaled.jpg\" data-orig-size=\"1920,2560\" data-comments-opened=\"1\" data-image-meta=\"{&quot;aperture&quot;:&quot;2.2&quot;,&quot;credit&quot;:&quot;&quot;,&quot;camera&quot;:&quot;FIG-LX1&quot;,&quot;caption&quot;:&quot;&quot;,&quot;created_timestamp&quot;:&quot;1599991771&quot;,&quot;copyright&quot;:&quot;&quot;,&quot;focal_length&quot;:&quot;3.21&quot;,&quot;iso&quot;:&quot;50&quot;,&quot;shutter_speed&quot;:&quot;0.001166&quot;,&quot;title&quot;:&quot;&quot;,&quot;orientation&quot;:&quot;0&quot;}\" data-image-title=\"IMG_20200913_100929\" data-image-description=\"&lt;p&gt;Sylvia Geisel zeigt uns eine Wegwarte. Foto: Sarah Vierjahn&lt;\/p&gt;\n\" data-image-caption=\"&lt;p&gt;Sylvia Geisel zeigt uns eine Wegwarte. Foto: Sarah Vierjahn&lt;\/p&gt;\n\" data-large-file=\"https:\/\/paulinenaue.info\/wp-content\/uploads\/2020\/09\/IMG_20200913_100929-768x1024.jpg\" \/><\/a>\n\t\t\t<\/dt>\n\t\t\t\t<dd class='wp-caption-text gallery-caption' id='gallery-1-5492'>\n\t\t\t\tSylvia Geisel zeigt uns eine Wegwarte. Foto: Sarah Vierjahn\n\t\t\t\t<\/dd><\/dl>\n\t\t\t<br style='clear: both' \/>\n\t\t<\/div>\n\n<p>Weiter ging es in Richtung Kanal, auch hier entdeckten wir am Wegesrand immer wieder erstaunt Pflanzen, Str\u00e4ucher und B\u00e4ume, die man v\u00f6llig untersch\u00e4tzt hatte. Ahorn, Linde, Beifu\u00df, Wei\u00dfer G\u00e4nsefu\u00df, roter Klee, Johanneskraut, Melde, Malven, Ringelblumen, Wei\u00dfdorn&#8230; Von vielen kann man Bl\u00e4tter, St\u00e4ngel, Bl\u00fcten, Samen und Wurzeln verarbeiten. Getrocknet, als Tee aufgegossen, ger\u00f6stet und als Gew\u00fcrz verwendet oder frisch im Salat k\u00f6nnen sie bei so manchem inneren und \u00e4u\u00dferen Wehwehchen helfen. Auch zur St\u00e4rkung bei Wanderungen, gegen m\u00fcde F\u00fc\u00dfe oder als Ersatz f\u00fcr Deo k\u00f6nnen sie eingesetzt werden.<\/p>\n<p>Meine pers\u00f6nlichen Favoriten waren die Nachtkerze und der Borretsch, von denen man unter anderem die Bl\u00fcten essen kann, welche einen tollen Geschmack haben.<\/p>\n\n\t\t<style type=\"text\/css\">\n\t\t\t#gallery-2 {\n\t\t\t\tmargin: auto;\n\t\t\t}\n\t\t\t#gallery-2 .gallery-item {\n\t\t\t\tfloat: left;\n\t\t\t\tmargin-top: 10px;\n\t\t\t\ttext-align: center;\n\t\t\t\twidth: 33%;\n\t\t\t}\n\t\t\t#gallery-2 img {\n\t\t\t\tborder: 2px solid #cfcfcf;\n\t\t\t}\n\t\t\t#gallery-2 .gallery-caption {\n\t\t\t\tmargin-left: 0;\n\t\t\t}\n\t\t\t\/* see gallery_shortcode() in wp-includes\/media.php *\/\n\t\t<\/style>\n\t\t<div data-carousel-extra='{&quot;blog_id&quot;:1,&quot;permalink&quot;:&quot;https:\/\/paulinenaue.info\/index.php\/kraeuter-so-weit-das-auge-reicht\/&quot;}' id='gallery-2' class='gallery galleryid-5490 gallery-columns-3 gallery-size-thumbnail'><dl class='gallery-item'>\n\t\t\t<dt class='gallery-icon landscape'>\n\t\t\t\t<a data-rel=\"iLightbox[postimages]\" data-title=\"IMG_20200913_110837\" data-caption=\"Die Nachtkerze ganz unscheinbar ohne Bl\u00fctensatand. Foto: Sarah Vierjahn\" href='https:\/\/paulinenaue.info\/index.php\/kraeuter-so-weit-das-auge-reicht\/img_20200913_110837\/'><img decoding=\"async\" width=\"150\" height=\"150\" src=\"https:\/\/paulinenaue.info\/wp-content\/uploads\/2020\/09\/IMG_20200913_110837-150x150.jpg\" class=\"attachment-thumbnail size-thumbnail lazyload\" alt=\"Die Nachtkerze ganz unscheinbar ohne Bl\u00fctensatand. Foto: Sarah Vierjahn\" aria-describedby=\"gallery-2-5494\" srcset=\"data:image\/svg+xml,%3Csvg%20xmlns%3D%27http%3A%2F%2Fwww.w3.org%2F2000%2Fsvg%27%20width%3D%272560%27%20height%3D%271920%27%20viewBox%3D%270%200%202560%201920%27%3E%3Crect%20width%3D%272560%27%20height%3D%271920%27%20fill-opacity%3D%220%22%2F%3E%3C%2Fsvg%3E\" data-orig-src=\"https:\/\/paulinenaue.info\/wp-content\/uploads\/2020\/09\/IMG_20200913_110837-150x150.jpg\" data-srcset=\"https:\/\/paulinenaue.info\/wp-content\/uploads\/2020\/09\/IMG_20200913_110837-100x100.jpg 100w, https:\/\/paulinenaue.info\/wp-content\/uploads\/2020\/09\/IMG_20200913_110837-150x150.jpg 150w, https:\/\/paulinenaue.info\/wp-content\/uploads\/2020\/09\/IMG_20200913_110837-210x210.jpg 210w, https:\/\/paulinenaue.info\/wp-content\/uploads\/2020\/09\/IMG_20200913_110837-400x400.jpg 400w\" data-sizes=\"auto\" data-attachment-id=\"5494\" data-permalink=\"https:\/\/paulinenaue.info\/index.php\/kraeuter-so-weit-das-auge-reicht\/img_20200913_110837\/\" data-orig-file=\"https:\/\/paulinenaue.info\/wp-content\/uploads\/2020\/09\/IMG_20200913_110837-scaled.jpg\" data-orig-size=\"2560,1920\" data-comments-opened=\"1\" data-image-meta=\"{&quot;aperture&quot;:&quot;2.2&quot;,&quot;credit&quot;:&quot;&quot;,&quot;camera&quot;:&quot;FIG-LX1&quot;,&quot;caption&quot;:&quot;&quot;,&quot;created_timestamp&quot;:&quot;1599995319&quot;,&quot;copyright&quot;:&quot;&quot;,&quot;focal_length&quot;:&quot;3.21&quot;,&quot;iso&quot;:&quot;80&quot;,&quot;shutter_speed&quot;:&quot;0.01&quot;,&quot;title&quot;:&quot;&quot;,&quot;orientation&quot;:&quot;0&quot;}\" data-image-title=\"IMG_20200913_110837\" data-image-description=\"&lt;p&gt;Die Nachtkerze ganz unscheinbar ohne Bl\u00fctensatand. Foto: Sarah Vierjahn&lt;\/p&gt;\n\" data-image-caption=\"&lt;p&gt;Die Nachtkerze ganz unscheinbar ohne Bl\u00fctensatand. Foto: Sarah Vierjahn&lt;\/p&gt;\n\" data-large-file=\"https:\/\/paulinenaue.info\/wp-content\/uploads\/2020\/09\/IMG_20200913_110837-1024x768.jpg\" \/><\/a>\n\t\t\t<\/dt>\n\t\t\t\t<dd class='wp-caption-text gallery-caption' id='gallery-2-5494'>\n\t\t\t\tDie Nachtkerze ganz unscheinbar ohne Bl\u00fctensatand. Foto: Sarah Vierjahn\n\t\t\t\t<\/dd><\/dl><dl class='gallery-item'>\n\t\t\t<dt class='gallery-icon portrait'>\n\t\t\t\t<a data-rel=\"iLightbox[postimages]\" data-title=\"IMG_20200913_110630\" data-caption=\"Im n\u00e4chsten Jahr zeigt sie ihre tolle gelbe, wohlschmeckende Bl\u00fcte. Foto: Sarah Vierjahn\" href='https:\/\/paulinenaue.info\/index.php\/kraeuter-so-weit-das-auge-reicht\/img_20200913_110630\/'><img decoding=\"async\" width=\"150\" height=\"150\" src=\"https:\/\/paulinenaue.info\/wp-content\/uploads\/2020\/09\/IMG_20200913_110630-150x150.jpg\" class=\"attachment-thumbnail size-thumbnail lazyload\" alt=\"Im n\u00e4chsten Jahr zeigt sie ihre tolle gelbe, wohlschmeckende Bl\u00fcte. Foto: Sarah Vierjahn\" aria-describedby=\"gallery-2-5493\" srcset=\"data:image\/svg+xml,%3Csvg%20xmlns%3D%27http%3A%2F%2Fwww.w3.org%2F2000%2Fsvg%27%20width%3D%271920%27%20height%3D%272560%27%20viewBox%3D%270%200%201920%202560%27%3E%3Crect%20width%3D%271920%27%20height%3D%272560%27%20fill-opacity%3D%220%22%2F%3E%3C%2Fsvg%3E\" data-orig-src=\"https:\/\/paulinenaue.info\/wp-content\/uploads\/2020\/09\/IMG_20200913_110630-150x150.jpg\" data-srcset=\"https:\/\/paulinenaue.info\/wp-content\/uploads\/2020\/09\/IMG_20200913_110630-100x100.jpg 100w, https:\/\/paulinenaue.info\/wp-content\/uploads\/2020\/09\/IMG_20200913_110630-150x150.jpg 150w, https:\/\/paulinenaue.info\/wp-content\/uploads\/2020\/09\/IMG_20200913_110630-210x210.jpg 210w, https:\/\/paulinenaue.info\/wp-content\/uploads\/2020\/09\/IMG_20200913_110630-400x400.jpg 400w\" data-sizes=\"auto\" data-attachment-id=\"5493\" data-permalink=\"https:\/\/paulinenaue.info\/index.php\/kraeuter-so-weit-das-auge-reicht\/img_20200913_110630\/\" data-orig-file=\"https:\/\/paulinenaue.info\/wp-content\/uploads\/2020\/09\/IMG_20200913_110630-scaled.jpg\" data-orig-size=\"1920,2560\" data-comments-opened=\"1\" data-image-meta=\"{&quot;aperture&quot;:&quot;2.2&quot;,&quot;credit&quot;:&quot;&quot;,&quot;camera&quot;:&quot;FIG-LX1&quot;,&quot;caption&quot;:&quot;&quot;,&quot;created_timestamp&quot;:&quot;1599995192&quot;,&quot;copyright&quot;:&quot;&quot;,&quot;focal_length&quot;:&quot;3.21&quot;,&quot;iso&quot;:&quot;50&quot;,&quot;shutter_speed&quot;:&quot;0.002636&quot;,&quot;title&quot;:&quot;&quot;,&quot;orientation&quot;:&quot;0&quot;}\" data-image-title=\"IMG_20200913_110630\" data-image-description=\"&lt;p&gt;Im n\u00e4chsten Jahr zeigt sie ihre tolle gelbe, wohlschmeckende Bl\u00fcte. Foto: Sarah Vierjahn&lt;\/p&gt;\n\" data-image-caption=\"&lt;p&gt;Im n\u00e4chsten Jahr zeigt sie ihre tolle gelbe, wohlschmeckende Bl\u00fcte. Foto: Sarah Vierjahn&lt;\/p&gt;\n\" data-large-file=\"https:\/\/paulinenaue.info\/wp-content\/uploads\/2020\/09\/IMG_20200913_110630-768x1024.jpg\" \/><\/a>\n\t\t\t<\/dt>\n\t\t\t\t<dd class='wp-caption-text gallery-caption' id='gallery-2-5493'>\n\t\t\t\tIm n\u00e4chsten Jahr zeigt sie ihre tolle gelbe, wohlschmeckende Bl\u00fcte. Foto: Sarah Vierjahn\n\t\t\t\t<\/dd><\/dl>\n\t\t\t<br style='clear: both' \/>\n\t\t<\/div>\n\n<p>Am Sportplatz gab es f\u00fcr die 15 Teilnehmer eine kleine Pause mit Informationen zu den Beziehungen des Menschen zum jahreszeitlichen Verlauf und Feiertage, die ihren Ursprung in Kr\u00e4uter und Gew\u00fcrzen haben, bevor es wieder zur\u00fcck zum Bahnhof ging. Nach etwa 3 Stunden hatten alle viel neues \u00fcber Kr\u00e4uter erfahren und waren ziemlich erstaunt.<\/p>\n<p>Nochmals einen herzlichen Dank an Sylvia Geisel f\u00fcr die tolle F\u00fchrung und die Beantwortung der vielen Fragen. Im n\u00e4chsten Fr\u00fchjahr wird es sicher wieder eine neue Runde geben!<\/p>\n","protected":false},"excerpt":{"rendered":"<p>Wenn man ganz allt\u00e4glich durch Paulinenaue geht, achtet man wenig [&hellip;]<\/p>\n","protected":false},"author":3,"featured_media":5495,"comment_status":"open","ping_status":"open","sticky":false,"template":"","format":"standard","meta":{"_acf_changed":false,"_price":"","_stock":"","_tribe_ticket_header":"","_tribe_default_ticket_provider":"","_tribe_ticket_capacity":"0","_ticket_start_date":"","_ticket_end_date":"","_tribe_ticket_show_description":"","_tribe_ticket_show_not_going":false,"_tribe_ticket_use_global_stock":"","_tribe_ticket_global_stock_level":"","_global_stock_mode":"","_global_stock_cap":"","_tribe_rsvp_for_event":"","_tribe_ticket_going_count":"","_tribe_ticket_not_going_count":"","_tribe_tickets_list":"[]","_tribe_ticket_has_attendee_info_fields":false,"jetpack_post_was_ever_published":false,"_jetpack_newsletter_access":"","_jetpack_dont_email_post_to_subs":false,"_jetpack_newsletter_tier_id":0,"_jetpack_memberships_contains_paywalled_content":false,"_jetpack_memberships_contains_paid_content":false,"footnotes":"","jetpack_publicize_message":"","jetpack_publicize_feature_enabled":true,"jetpack_social_post_already_shared":true,"jetpack_social_options":{"image_generator_settings":{"template":"highway","default_image_id":0,"font":"","enabled":false},"version":2}},"categories":[216,9,93],"tags":[359,255,358],"class_list":["post-5490","post","type-post","status-publish","format-standard","has-post-thumbnail","hentry","category-natur","category-neuigkeiten","category-veranstaltungen","tag-geisel","tag-heilkraeuter","tag-kraeuter"],"acf":[],"yoast_head":"<!-- This site is optimized with the Yoast SEO plugin v27.5 - https:\/\/yoast.com\/product\/yoast-seo-wordpress\/ -->\n<title>Kr\u00e4uter so weit das Auge reicht - Paulinenaue<\/title>\n<meta name=\"robots\" content=\"index, follow, max-snippet:-1, max-image-preview:large, max-video-preview:-1\" \/>\n<link rel=\"canonical\" href=\"https:\/\/paulinenaue.info\/index.php\/kraeuter-so-weit-das-auge-reicht\/\" \/>\n<meta property=\"og:locale\" content=\"de_DE\" \/>\n<meta property=\"og:type\" content=\"article\" \/>\n<meta property=\"og:title\" content=\"Kr\u00e4uter so weit das Auge reicht - Paulinenaue\" \/>\n<meta property=\"og:description\" content=\"Wenn man ganz allt\u00e4glich durch Paulinenaue geht, achtet man wenig [&hellip;]\" \/>\n<meta property=\"og:url\" content=\"https:\/\/paulinenaue.info\/index.php\/kraeuter-so-weit-das-auge-reicht\/\" \/>\n<meta property=\"og:site_name\" content=\"Paulinenaue\" \/>\n<meta property=\"article:published_time\" content=\"2020-09-13T17:43:52+00:00\" \/>\n<meta property=\"article:modified_time\" content=\"2020-09-13T19:00:35+00:00\" \/>\n<meta property=\"og:image\" content=\"https:\/\/i2.wp.com\/paulinenaue.info\/wp-content\/uploads\/2020\/09\/IMG_20200913_121826-scaled.jpg?fit=2560%2C1920&ssl=1\" \/>\n\t<meta property=\"og:image:width\" content=\"2560\" \/>\n\t<meta property=\"og:image:height\" content=\"1920\" \/>\n\t<meta property=\"og:image:type\" content=\"image\/jpeg\" \/>\n<meta name=\"author\" content=\"Sarah\" \/>\n<meta name=\"twitter:card\" content=\"summary_large_image\" \/>\n<meta name=\"twitter:label1\" content=\"Verfasst von\" \/>\n\t<meta name=\"twitter:data1\" content=\"Sarah\" \/>\n\t<meta name=\"twitter:label2\" content=\"Gesch\u00e4tzte Lesezeit\" \/>\n\t<meta name=\"twitter:data2\" content=\"2\u00a0Minuten\" \/>\n<script type=\"application\/ld+json\" class=\"yoast-schema-graph\">{\"@context\":\"https:\\\/\\\/schema.org\",\"@graph\":[{\"@type\":\"Article\",\"@id\":\"https:\\\/\\\/paulinenaue.info\\\/index.php\\\/kraeuter-so-weit-das-auge-reicht\\\/#article\",\"isPartOf\":{\"@id\":\"https:\\\/\\\/paulinenaue.info\\\/index.php\\\/kraeuter-so-weit-das-auge-reicht\\\/\"},\"author\":{\"name\":\"Sarah\",\"@id\":\"https:\\\/\\\/paulinenaue.info\\\/#\\\/schema\\\/person\\\/e5be566a57b5b3f65d2c65a58c42325e\"},\"headline\":\"Kr\u00e4uter so weit das Auge reicht\",\"datePublished\":\"2020-09-13T17:43:52+00:00\",\"dateModified\":\"2020-09-13T19:00:35+00:00\",\"mainEntityOfPage\":{\"@id\":\"https:\\\/\\\/paulinenaue.info\\\/index.php\\\/kraeuter-so-weit-das-auge-reicht\\\/\"},\"wordCount\":371,\"commentCount\":1,\"image\":{\"@id\":\"https:\\\/\\\/paulinenaue.info\\\/index.php\\\/kraeuter-so-weit-das-auge-reicht\\\/#primaryimage\"},\"thumbnailUrl\":\"https:\\\/\\\/paulinenaue.info\\\/wp-content\\\/uploads\\\/2020\\\/09\\\/IMG_20200913_121826-scaled.jpg\",\"keywords\":[\"Geisel\",\"Heilkr\u00e4uter\",\"Kr\u00e4uter\"],\"articleSection\":[\"Natur\",\"Neuigkeiten\",\"Veranstaltungen\"],\"inLanguage\":\"de\",\"potentialAction\":[{\"@type\":\"CommentAction\",\"name\":\"Comment\",\"target\":[\"https:\\\/\\\/paulinenaue.info\\\/index.php\\\/kraeuter-so-weit-das-auge-reicht\\\/#respond\"]}]},{\"@type\":\"WebPage\",\"@id\":\"https:\\\/\\\/paulinenaue.info\\\/index.php\\\/kraeuter-so-weit-das-auge-reicht\\\/\",\"url\":\"https:\\\/\\\/paulinenaue.info\\\/index.php\\\/kraeuter-so-weit-das-auge-reicht\\\/\",\"name\":\"Kr\u00e4uter so weit das Auge reicht - Paulinenaue\",\"isPartOf\":{\"@id\":\"https:\\\/\\\/paulinenaue.info\\\/#website\"},\"primaryImageOfPage\":{\"@id\":\"https:\\\/\\\/paulinenaue.info\\\/index.php\\\/kraeuter-so-weit-das-auge-reicht\\\/#primaryimage\"},\"image\":{\"@id\":\"https:\\\/\\\/paulinenaue.info\\\/index.php\\\/kraeuter-so-weit-das-auge-reicht\\\/#primaryimage\"},\"thumbnailUrl\":\"https:\\\/\\\/paulinenaue.info\\\/wp-content\\\/uploads\\\/2020\\\/09\\\/IMG_20200913_121826-scaled.jpg\",\"datePublished\":\"2020-09-13T17:43:52+00:00\",\"dateModified\":\"2020-09-13T19:00:35+00:00\",\"author\":{\"@id\":\"https:\\\/\\\/paulinenaue.info\\\/#\\\/schema\\\/person\\\/e5be566a57b5b3f65d2c65a58c42325e\"},\"breadcrumb\":{\"@id\":\"https:\\\/\\\/paulinenaue.info\\\/index.php\\\/kraeuter-so-weit-das-auge-reicht\\\/#breadcrumb\"},\"inLanguage\":\"de\",\"potentialAction\":[{\"@type\":\"ReadAction\",\"target\":[\"https:\\\/\\\/paulinenaue.info\\\/index.php\\\/kraeuter-so-weit-das-auge-reicht\\\/\"]}]},{\"@type\":\"ImageObject\",\"inLanguage\":\"de\",\"@id\":\"https:\\\/\\\/paulinenaue.info\\\/index.php\\\/kraeuter-so-weit-das-auge-reicht\\\/#primaryimage\",\"url\":\"https:\\\/\\\/paulinenaue.info\\\/wp-content\\\/uploads\\\/2020\\\/09\\\/IMG_20200913_121826-scaled.jpg\",\"contentUrl\":\"https:\\\/\\\/paulinenaue.info\\\/wp-content\\\/uploads\\\/2020\\\/09\\\/IMG_20200913_121826-scaled.jpg\",\"width\":2560,\"height\":1920},{\"@type\":\"BreadcrumbList\",\"@id\":\"https:\\\/\\\/paulinenaue.info\\\/index.php\\\/kraeuter-so-weit-das-auge-reicht\\\/#breadcrumb\",\"itemListElement\":[{\"@type\":\"ListItem\",\"position\":1,\"name\":\"Home\",\"item\":\"https:\\\/\\\/paulinenaue.info\\\/\"},{\"@type\":\"ListItem\",\"position\":2,\"name\":\"Kr\u00e4uter so weit das Auge reicht\"}]},{\"@type\":\"WebSite\",\"@id\":\"https:\\\/\\\/paulinenaue.info\\\/#website\",\"url\":\"https:\\\/\\\/paulinenaue.info\\\/\",\"name\":\"Paulinenaue\",\"description\":\"Ein Dorf im Havelland\",\"potentialAction\":[{\"@type\":\"SearchAction\",\"target\":{\"@type\":\"EntryPoint\",\"urlTemplate\":\"https:\\\/\\\/paulinenaue.info\\\/?s={search_term_string}\"},\"query-input\":{\"@type\":\"PropertyValueSpecification\",\"valueRequired\":true,\"valueName\":\"search_term_string\"}}],\"inLanguage\":\"de\"},{\"@type\":\"Person\",\"@id\":\"https:\\\/\\\/paulinenaue.info\\\/#\\\/schema\\\/person\\\/e5be566a57b5b3f65d2c65a58c42325e\",\"name\":\"Sarah\",\"url\":\"https:\\\/\\\/paulinenaue.info\\\/index.php\\\/author\\\/sarah\\\/\"}]}<\/script>\n<!-- \/ Yoast SEO plugin. -->","yoast_head_json":{"title":"Kr\u00e4uter so weit das Auge reicht - Paulinenaue","robots":{"index":"index","follow":"follow","max-snippet":"max-snippet:-1","max-image-preview":"max-image-preview:large","max-video-preview":"max-video-preview:-1"},"canonical":"https:\/\/paulinenaue.info\/index.php\/kraeuter-so-weit-das-auge-reicht\/","og_locale":"de_DE","og_type":"article","og_title":"Kr\u00e4uter so weit das Auge reicht - Paulinenaue","og_description":"Wenn man ganz allt\u00e4glich durch Paulinenaue geht, achtet man wenig [&hellip;]","og_url":"https:\/\/paulinenaue.info\/index.php\/kraeuter-so-weit-das-auge-reicht\/","og_site_name":"Paulinenaue","article_published_time":"2020-09-13T17:43:52+00:00","article_modified_time":"2020-09-13T19:00:35+00:00","og_image":[{"width":2560,"height":1920,"url":"https:\/\/i2.wp.com\/paulinenaue.info\/wp-content\/uploads\/2020\/09\/IMG_20200913_121826-scaled.jpg?fit=2560%2C1920&ssl=1","type":"image\/jpeg"}],"author":"Sarah","twitter_card":"summary_large_image","twitter_misc":{"Verfasst von":"Sarah","Gesch\u00e4tzte Lesezeit":"2\u00a0Minuten"},"schema":{"@context":"https:\/\/schema.org","@graph":[{"@type":"Article","@id":"https:\/\/paulinenaue.info\/index.php\/kraeuter-so-weit-das-auge-reicht\/#article","isPartOf":{"@id":"https:\/\/paulinenaue.info\/index.php\/kraeuter-so-weit-das-auge-reicht\/"},"author":{"name":"Sarah","@id":"https:\/\/paulinenaue.info\/#\/schema\/person\/e5be566a57b5b3f65d2c65a58c42325e"},"headline":"Kr\u00e4uter so weit das Auge reicht","datePublished":"2020-09-13T17:43:52+00:00","dateModified":"2020-09-13T19:00:35+00:00","mainEntityOfPage":{"@id":"https:\/\/paulinenaue.info\/index.php\/kraeuter-so-weit-das-auge-reicht\/"},"wordCount":371,"commentCount":1,"image":{"@id":"https:\/\/paulinenaue.info\/index.php\/kraeuter-so-weit-das-auge-reicht\/#primaryimage"},"thumbnailUrl":"https:\/\/paulinenaue.info\/wp-content\/uploads\/2020\/09\/IMG_20200913_121826-scaled.jpg","keywords":["Geisel","Heilkr\u00e4uter","Kr\u00e4uter"],"articleSection":["Natur","Neuigkeiten","Veranstaltungen"],"inLanguage":"de","potentialAction":[{"@type":"CommentAction","name":"Comment","target":["https:\/\/paulinenaue.info\/index.php\/kraeuter-so-weit-das-auge-reicht\/#respond"]}]},{"@type":"WebPage","@id":"https:\/\/paulinenaue.info\/index.php\/kraeuter-so-weit-das-auge-reicht\/","url":"https:\/\/paulinenaue.info\/index.php\/kraeuter-so-weit-das-auge-reicht\/","name":"Kr\u00e4uter so weit das Auge reicht - Paulinenaue","isPartOf":{"@id":"https:\/\/paulinenaue.info\/#website"},"primaryImageOfPage":{"@id":"https:\/\/paulinenaue.info\/index.php\/kraeuter-so-weit-das-auge-reicht\/#primaryimage"},"image":{"@id":"https:\/\/paulinenaue.info\/index.php\/kraeuter-so-weit-das-auge-reicht\/#primaryimage"},"thumbnailUrl":"https:\/\/paulinenaue.info\/wp-content\/uploads\/2020\/09\/IMG_20200913_121826-scaled.jpg","datePublished":"2020-09-13T17:43:52+00:00","dateModified":"2020-09-13T19:00:35+00:00","author":{"@id":"https:\/\/paulinenaue.info\/#\/schema\/person\/e5be566a57b5b3f65d2c65a58c42325e"},"breadcrumb":{"@id":"https:\/\/paulinenaue.info\/index.php\/kraeuter-so-weit-das-auge-reicht\/#breadcrumb"},"inLanguage":"de","potentialAction":[{"@type":"ReadAction","target":["https:\/\/paulinenaue.info\/index.php\/kraeuter-so-weit-das-auge-reicht\/"]}]},{"@type":"ImageObject","inLanguage":"de","@id":"https:\/\/paulinenaue.info\/index.php\/kraeuter-so-weit-das-auge-reicht\/#primaryimage","url":"https:\/\/paulinenaue.info\/wp-content\/uploads\/2020\/09\/IMG_20200913_121826-scaled.jpg","contentUrl":"https:\/\/paulinenaue.info\/wp-content\/uploads\/2020\/09\/IMG_20200913_121826-scaled.jpg","width":2560,"height":1920},{"@type":"BreadcrumbList","@id":"https:\/\/paulinenaue.info\/index.php\/kraeuter-so-weit-das-auge-reicht\/#breadcrumb","itemListElement":[{"@type":"ListItem","position":1,"name":"Home","item":"https:\/\/paulinenaue.info\/"},{"@type":"ListItem","position":2,"name":"Kr\u00e4uter so weit das Auge reicht"}]},{"@type":"WebSite","@id":"https:\/\/paulinenaue.info\/#website","url":"https:\/\/paulinenaue.info\/","name":"Paulinenaue","description":"Ein Dorf im Havelland","potentialAction":[{"@type":"SearchAction","target":{"@type":"EntryPoint","urlTemplate":"https:\/\/paulinenaue.info\/?s={search_term_string}"},"query-input":{"@type":"PropertyValueSpecification","valueRequired":true,"valueName":"search_term_string"}}],"inLanguage":"de"},{"@type":"Person","@id":"https:\/\/paulinenaue.info\/#\/schema\/person\/e5be566a57b5b3f65d2c65a58c42325e","name":"Sarah","url":"https:\/\/paulinenaue.info\/index.php\/author\/sarah\/"}]}},"jetpack_publicize_connections":[],"jetpack_featured_media_url":"https:\/\/paulinenaue.info\/wp-content\/uploads\/2020\/09\/IMG_20200913_121826-scaled.jpg","jetpack_sharing_enabled":true,"jetpack_shortlink":"https:\/\/wp.me\/pcYhWA-1qy","jetpack-related-posts":[{"id":5831,"url":"https:\/\/paulinenaue.info\/index.php\/kraeuterwanderung-durchs-lindholz\/","url_meta":{"origin":5490,"position":0},"title":"Kr\u00e4uterwanderung durchs Lindholz","author":"Sarah","date":"30. Mai 2021","format":false,"excerpt":"Text und Bilder: Heide Hesse Am vergangenen Freitag trafen sich rund 25 interessierte Paulinenauer:innen zur nun schon 3. Kr\u00e4uterwanderung. Der Kulturverein konnte daf\u00fcr erneut Sylvia Geisel gewinnen, die diese Veranstaltung f\u00fcr alle zum Erlebnis werden lie\u00df. Ihr Thema \"Auf der Suche nach dem Suppenkraut\" war keinesfalls so einseitig, wie man\u2026","rel":"","context":"In &quot;Allgemein&quot;","block_context":{"text":"Allgemein","link":"https:\/\/paulinenaue.info\/index.php\/category\/allgemein\/"},"img":{"alt_text":"","src":"https:\/\/i0.wp.com\/paulinenaue.info\/wp-content\/uploads\/2021\/06\/paulinauene-kraueterwanderung-2021-3.jpg?resize=350%2C200&ssl=1","width":350,"height":200,"srcset":"https:\/\/i0.wp.com\/paulinenaue.info\/wp-content\/uploads\/2021\/06\/paulinauene-kraueterwanderung-2021-3.jpg?resize=350%2C200&ssl=1 1x, https:\/\/i0.wp.com\/paulinenaue.info\/wp-content\/uploads\/2021\/06\/paulinauene-kraueterwanderung-2021-3.jpg?resize=525%2C300&ssl=1 1.5x, https:\/\/i0.wp.com\/paulinenaue.info\/wp-content\/uploads\/2021\/06\/paulinauene-kraueterwanderung-2021-3.jpg?resize=700%2C400&ssl=1 2x, https:\/\/i0.wp.com\/paulinenaue.info\/wp-content\/uploads\/2021\/06\/paulinauene-kraueterwanderung-2021-3.jpg?resize=1050%2C600&ssl=1 3x"},"classes":[]},{"id":2137,"url":"https:\/\/paulinenaue.info\/index.php\/ueber-heilkraefte-und-mythen-der-baeume-und-kraeuter\/","url_meta":{"origin":5490,"position":1},"title":"\u00dcber Heilkr\u00e4fte und Mythen der B\u00e4ume und Kr\u00e4uter","author":"Joachim Scholz","date":"9. Juni 2018","format":false,"excerpt":"Der Paulinenauer Kulturverein lud am 26. Mai zu einer Kr\u00e4uterwanderung mit Sylvia Geisel ein. Treffpunkt war der historische und denkmalgesch\u00fctzte Bahnhof in Paulinenaue. Die Wanderung f\u00fchrte die ca. zehn Teilnehmer entlang der Ruppiner Strasse, vorbei am Sportplatz bis zum Waldrand des Naturschutzgebietes Lindholz. Auch wenn der Weg recht kurz war,\u2026","rel":"","context":"In &quot;Allgemein&quot;","block_context":{"text":"Allgemein","link":"https:\/\/paulinenaue.info\/index.php\/category\/allgemein\/"},"img":{"alt_text":"","src":"https:\/\/i0.wp.com\/paulinenaue.info\/wp-content\/uploads\/2018\/06\/DSC_4699.jpg?resize=350%2C200&ssl=1","width":350,"height":200,"srcset":"https:\/\/i0.wp.com\/paulinenaue.info\/wp-content\/uploads\/2018\/06\/DSC_4699.jpg?resize=350%2C200&ssl=1 1x, https:\/\/i0.wp.com\/paulinenaue.info\/wp-content\/uploads\/2018\/06\/DSC_4699.jpg?resize=525%2C300&ssl=1 1.5x, https:\/\/i0.wp.com\/paulinenaue.info\/wp-content\/uploads\/2018\/06\/DSC_4699.jpg?resize=700%2C400&ssl=1 2x"},"classes":[]},{"id":416263,"url":"https:\/\/paulinenaue.info\/index.php\/kraeuterverkostung-2024\/","url_meta":{"origin":5490,"position":2},"title":"Kr\u00e4uterverkostung 2024","author":"Valentin Franklyn","date":"20. Mai 2024","format":false,"excerpt":"Am 4. Mai 2024 fand wieder die allj\u00e4hrliche Kr\u00e4uterwanderung mit Sylvia Geisel statt \u2013 organisiert vom Kulturverein Paulinenaue. Bei gutem Wetter und hungrigen M\u00fccken machten sich die rund 20 neugierigen Kr\u00e4uter-Pilgerer und Pilgerinnen auf den Weg, um unter Anleitung der Biologin Sylvia Geisel Spitzwegerich, L\u00f6wenzahn & co. zu erkunden und\u2026","rel":"","context":"In &quot;Allgemein&quot;","block_context":{"text":"Allgemein","link":"https:\/\/paulinenaue.info\/index.php\/category\/allgemein\/"},"img":{"alt_text":"","src":"https:\/\/i0.wp.com\/paulinenaue.info\/wp-content\/uploads\/2024\/05\/Kraeuterwanderung_4_Mai_2024_22.jpg?resize=350%2C200&ssl=1","width":350,"height":200,"srcset":"https:\/\/i0.wp.com\/paulinenaue.info\/wp-content\/uploads\/2024\/05\/Kraeuterwanderung_4_Mai_2024_22.jpg?resize=350%2C200&ssl=1 1x, https:\/\/i0.wp.com\/paulinenaue.info\/wp-content\/uploads\/2024\/05\/Kraeuterwanderung_4_Mai_2024_22.jpg?resize=525%2C300&ssl=1 1.5x, https:\/\/i0.wp.com\/paulinenaue.info\/wp-content\/uploads\/2024\/05\/Kraeuterwanderung_4_Mai_2024_22.jpg?resize=700%2C400&ssl=1 2x, https:\/\/i0.wp.com\/paulinenaue.info\/wp-content\/uploads\/2024\/05\/Kraeuterwanderung_4_Mai_2024_22.jpg?resize=1050%2C600&ssl=1 3x, https:\/\/i0.wp.com\/paulinenaue.info\/wp-content\/uploads\/2024\/05\/Kraeuterwanderung_4_Mai_2024_22.jpg?resize=1400%2C800&ssl=1 4x"},"classes":[]},{"id":149345,"url":"https:\/\/paulinenaue.info\/index.php\/149345\/","url_meta":{"origin":5490,"position":3},"title":"Besuch in der Waldapotheke","author":"Joachim Scholz","date":"30. April 2022","format":false,"excerpt":"Auf diesen Termin hatten sich viele schon lange gefreut. Auch in diesem Jahr ging es wieder mit Sylvia Geisel\u00a0 auf eine Kr\u00e4uterwanderung vors Dorf. Diesmal stand der Spaziergang unter dem Motto \u201eBesuch in der Waldapotheke\u201c. Die Sonne schien, es gr\u00fcnte allerorten. Den Weg zur Pessiner Heide glaubt man zu kennen\u2026","rel":"","context":"In &quot;Hier Zuhause&quot;","block_context":{"text":"Hier Zuhause","link":"https:\/\/paulinenaue.info\/index.php\/category\/hier-zuhause\/"},"img":{"alt_text":"","src":"https:\/\/i0.wp.com\/paulinenaue.info\/wp-content\/uploads\/2022\/04\/2022-04-29-Kra%CC%88uterwanderung.jpg?resize=350%2C200&ssl=1","width":350,"height":200,"srcset":"https:\/\/i0.wp.com\/paulinenaue.info\/wp-content\/uploads\/2022\/04\/2022-04-29-Kra%CC%88uterwanderung.jpg?resize=350%2C200&ssl=1 1x, https:\/\/i0.wp.com\/paulinenaue.info\/wp-content\/uploads\/2022\/04\/2022-04-29-Kra%CC%88uterwanderung.jpg?resize=525%2C300&ssl=1 1.5x, https:\/\/i0.wp.com\/paulinenaue.info\/wp-content\/uploads\/2022\/04\/2022-04-29-Kra%CC%88uterwanderung.jpg?resize=700%2C400&ssl=1 2x"},"classes":[]},{"id":1230,"url":"https:\/\/paulinenaue.info\/index.php\/der-paulinenauer-fotozirkel\/","url_meta":{"origin":5490,"position":4},"title":"Der Paulinenauer Fotozirkel","author":"Sarah","date":"22. Juni 2017","format":false,"excerpt":"06.09.2006 von Tilo Geisel, Angelika Kellner und Thomas M\u00fcller Text: Angelika Kellner Anfang Juli 2006 trafen sich vier \"Fotofreunde\" nach langer Zeit wieder und erinnerten sich alter Zeiten mit Bildern und k\u00fchlenden Getr\u00e4nken. Vielleicht werden sie sich auch zuk\u00fcnftig \u00fcber ihre Arbeiten austauschen und so auf irgendeine Art und Weise\u2026","rel":"","context":"In &quot;Allgemein&quot;","block_context":{"text":"Allgemein","link":"https:\/\/paulinenaue.info\/index.php\/category\/allgemein\/"},"img":{"alt_text":"","src":"https:\/\/i0.wp.com\/paulinenaue.info\/wp-content\/uploads\/2017\/06\/06.jpg?resize=350%2C200&ssl=1","width":350,"height":200},"classes":[]},{"id":416768,"url":"https:\/\/paulinenaue.info\/index.php\/die-biene-und-du\/","url_meta":{"origin":5490,"position":5},"title":"Die Biene und Du!","author":"Joachim Scholz","date":"11. September 2024","format":false,"excerpt":"Schulprojektwoche im Rahmen der \u201eSchnellen Vorbeifahrten\u201c 2024 Das neue Schuljahr begann an der Karibu-Grundschule au\u00dfergew\u00f6hnlich. Die Sch\u00fclerinnen und Sch\u00fcler erwartete eine Projektwoche unter dem Motto: \u201eDie Biene und Du\u201c. Dahinter verbarg sich eine Workshopreihe im Rahmen des Paulinenauer Kunstfestivals \u201eSchnelle Vorbeifahrten\u201c, das in diesem Jahr wieder vom Paulinenauer Kulturverein, dem\u2026","rel":"","context":"In &quot;\"Gr\u00fcnes Luch e.V.\"&quot;","block_context":{"text":"\"Gr\u00fcnes Luch e.V.\"","link":"https:\/\/paulinenaue.info\/index.php\/category\/hier-zuhause\/gruenes-luch-e-v\/"},"img":{"alt_text":"","src":"https:\/\/i0.wp.com\/paulinenaue.info\/wp-content\/uploads\/2024\/09\/DSCF5770.jpeg?resize=350%2C200&ssl=1","width":350,"height":200,"srcset":"https:\/\/i0.wp.com\/paulinenaue.info\/wp-content\/uploads\/2024\/09\/DSCF5770.jpeg?resize=350%2C200&ssl=1 1x, https:\/\/i0.wp.com\/paulinenaue.info\/wp-content\/uploads\/2024\/09\/DSCF5770.jpeg?resize=525%2C300&ssl=1 1.5x"},"classes":[]}],"_links":{"self":[{"href":"https:\/\/paulinenaue.info\/index.php\/wp-json\/wp\/v2\/posts\/5490","targetHints":{"allow":["GET"]}}],"collection":[{"href":"https:\/\/paulinenaue.info\/index.php\/wp-json\/wp\/v2\/posts"}],"about":[{"href":"https:\/\/paulinenaue.info\/index.php\/wp-json\/wp\/v2\/types\/post"}],"author":[{"embeddable":true,"href":"https:\/\/paulinenaue.info\/index.php\/wp-json\/wp\/v2\/users\/3"}],"replies":[{"embeddable":true,"href":"https:\/\/paulinenaue.info\/index.php\/wp-json\/wp\/v2\/comments?post=5490"}],"version-history":[{"count":6,"href":"https:\/\/paulinenaue.info\/index.php\/wp-json\/wp\/v2\/posts\/5490\/revisions"}],"predecessor-version":[{"id":5501,"href":"https:\/\/paulinenaue.info\/index.php\/wp-json\/wp\/v2\/posts\/5490\/revisions\/5501"}],"wp:featuredmedia":[{"embeddable":true,"href":"https:\/\/paulinenaue.info\/index.php\/wp-json\/wp\/v2\/media\/5495"}],"wp:attachment":[{"href":"https:\/\/paulinenaue.info\/index.php\/wp-json\/wp\/v2\/media?parent=5490"}],"wp:term":[{"taxonomy":"category","embeddable":true,"href":"https:\/\/paulinenaue.info\/index.php\/wp-json\/wp\/v2\/categories?post=5490"},{"taxonomy":"post_tag","embeddable":true,"href":"https:\/\/paulinenaue.info\/index.php\/wp-json\/wp\/v2\/tags?post=5490"}],"curies":[{"name":"wp","href":"https:\/\/api.w.org\/{rel}","templated":true}]}}