{"id":554,"date":"2016-11-25T23:49:27","date_gmt":"2016-11-25T22:49:27","guid":{"rendered":"http:\/\/paulinenaue.info\/?p=554"},"modified":"2016-11-28T01:12:36","modified_gmt":"2016-11-28T00:12:36","slug":"neuer-kalender-paulinenaue-im-havelland-2017-erschienen","status":"publish","type":"post","link":"https:\/\/paulinenaue.info\/index.php\/neuer-kalender-paulinenaue-im-havelland-2017-erschienen\/","title":{"rendered":"Neuer Kalender \u201ePaulinenaue im Havelland 2017\u201c erschienen"},"content":{"rendered":"<p>P\u00fcnktlich zum zehnten Paulinenauer Weihnachtsmarkt am Ersten Advent gibt der Kulturverein wieder einen Kalender f\u00fcr das neue Jahr 2017 heraus. In ihm finden sich Fotografien von Tilo Geisel, Joachim Scholz, Sarah Vierjahn und Henriette von der Waydbrink, von der auch das Titelbild \u2013 ein besonders stimmungsvoller Sonnenuntergang am Kanal \u2013 stammt. Die Aufnahmen haben durch die Reihe einen hohen Wiedererkennungswert f\u00fcr Paulinenauer_innnen, sind aber auch geeignet, Fremden den Liebreiz unseres Dorfes und seiner Umgebung ein ganzes Jahr lang vor Augen zu f\u00fchren.<\/p>\n<p>Der Kalender erscheint in einer kleinen Auflage (nur 150 St\u00fcck) und wird\u00a0auf dem Weihnachtsmarkt ver\u00f6ffentlicht. Sp\u00e4ter kann er zum Preis von 8,- \u20ac bei Helga Henning oder Roswitha Scholz (Gartenweg 6) erworben werden.<\/p>\n<p>&nbsp;<\/p>\n<p>&nbsp;<\/p>\n","protected":false},"excerpt":{"rendered":"<p>P\u00fcnktlich zum zehnten Paulinenauer Weihnachtsmarkt am Ersten Advent gibt der [&hellip;]<\/p>\n","protected":false},"author":1,"featured_media":555,"comment_status":"open","ping_status":"open","sticky":false,"template":"","format":"standard","meta":{"_acf_changed":false,"_price":"","_stock":"","_tribe_ticket_header":"","_tribe_default_ticket_provider":"","_tribe_ticket_capacity":"0","_ticket_start_date":"","_ticket_end_date":"","_tribe_ticket_show_description":"","_tribe_ticket_show_not_going":false,"_tribe_ticket_use_global_stock":"","_tribe_ticket_global_stock_level":"","_global_stock_mode":"","_global_stock_cap":"","_tribe_rsvp_for_event":"","_tribe_ticket_going_count":"","_tribe_ticket_not_going_count":"","_tribe_tickets_list":"[]","_tribe_ticket_has_attendee_info_fields":false,"jetpack_post_was_ever_published":false,"_jetpack_newsletter_access":"","_jetpack_dont_email_post_to_subs":false,"_jetpack_newsletter_tier_id":0,"_jetpack_memberships_contains_paywalled_content":false,"_jetpack_memberships_contains_paid_content":false,"footnotes":"","jetpack_publicize_message":"","jetpack_publicize_feature_enabled":true,"jetpack_social_post_already_shared":false,"jetpack_social_options":{"image_generator_settings":{"template":"highway","default_image_id":0,"font":"","enabled":false},"version":2}},"categories":[6,47,9],"tags":[92,90,91],"class_list":["post-554","post","type-post","status-publish","format-standard","has-post-thumbnail","hentry","category-hier-zuhause","category-kulturverein","category-neuigkeiten","tag-havelland","tag-kalender","tag-paulinenaue"],"acf":[],"yoast_head":"<!-- This site is optimized with the Yoast SEO plugin v27.5 - https:\/\/yoast.com\/product\/yoast-seo-wordpress\/ -->\n<title>Neuer Kalender \u201ePaulinenaue im Havelland 2017\u201c erschienen - Paulinenaue<\/title>\n<meta name=\"robots\" content=\"index, follow, max-snippet:-1, max-image-preview:large, max-video-preview:-1\" \/>\n<link rel=\"canonical\" href=\"https:\/\/paulinenaue.info\/index.php\/neuer-kalender-paulinenaue-im-havelland-2017-erschienen\/\" \/>\n<meta property=\"og:locale\" content=\"de_DE\" \/>\n<meta property=\"og:type\" content=\"article\" \/>\n<meta property=\"og:title\" content=\"Neuer Kalender \u201ePaulinenaue im Havelland 2017\u201c erschienen - Paulinenaue\" \/>\n<meta property=\"og:description\" content=\"P\u00fcnktlich zum zehnten Paulinenauer Weihnachtsmarkt am Ersten Advent gibt der [&hellip;]\" \/>\n<meta property=\"og:url\" content=\"https:\/\/paulinenaue.info\/index.php\/neuer-kalender-paulinenaue-im-havelland-2017-erschienen\/\" \/>\n<meta property=\"og:site_name\" content=\"Paulinenaue\" \/>\n<meta property=\"article:published_time\" content=\"2016-11-25T22:49:27+00:00\" \/>\n<meta property=\"article:modified_time\" content=\"2016-11-28T00:12:36+00:00\" \/>\n<meta property=\"og:image\" content=\"https:\/\/i1.wp.com\/paulinenaue.info\/wp-content\/uploads\/2016\/11\/Kalender_Paulinenaue_2017_01_pdf.jpg?fit=1631%2C1144&ssl=1\" \/>\n\t<meta property=\"og:image:width\" content=\"1631\" \/>\n\t<meta property=\"og:image:height\" content=\"1144\" \/>\n\t<meta property=\"og:image:type\" content=\"image\/jpeg\" \/>\n<meta name=\"author\" content=\"Joachim Scholz\" \/>\n<meta name=\"twitter:card\" content=\"summary_large_image\" \/>\n<meta name=\"twitter:label1\" content=\"Verfasst von\" \/>\n\t<meta name=\"twitter:data1\" content=\"Joachim Scholz\" \/>\n\t<meta name=\"twitter:label2\" content=\"Gesch\u00e4tzte Lesezeit\" \/>\n\t<meta name=\"twitter:data2\" content=\"1\u00a0Minute\" \/>\n<script type=\"application\/ld+json\" class=\"yoast-schema-graph\">{\"@context\":\"https:\\\/\\\/schema.org\",\"@graph\":[{\"@type\":\"Article\",\"@id\":\"https:\\\/\\\/paulinenaue.info\\\/index.php\\\/neuer-kalender-paulinenaue-im-havelland-2017-erschienen\\\/#article\",\"isPartOf\":{\"@id\":\"https:\\\/\\\/paulinenaue.info\\\/index.php\\\/neuer-kalender-paulinenaue-im-havelland-2017-erschienen\\\/\"},\"author\":{\"name\":\"Joachim Scholz\",\"@id\":\"https:\\\/\\\/paulinenaue.info\\\/#\\\/schema\\\/person\\\/3f9e818fd7b69b0d2bd937ac506897cc\"},\"headline\":\"Neuer Kalender \u201ePaulinenaue im Havelland 2017\u201c erschienen\",\"datePublished\":\"2016-11-25T22:49:27+00:00\",\"dateModified\":\"2016-11-28T00:12:36+00:00\",\"mainEntityOfPage\":{\"@id\":\"https:\\\/\\\/paulinenaue.info\\\/index.php\\\/neuer-kalender-paulinenaue-im-havelland-2017-erschienen\\\/\"},\"wordCount\":126,\"commentCount\":0,\"image\":{\"@id\":\"https:\\\/\\\/paulinenaue.info\\\/index.php\\\/neuer-kalender-paulinenaue-im-havelland-2017-erschienen\\\/#primaryimage\"},\"thumbnailUrl\":\"https:\\\/\\\/paulinenaue.info\\\/wp-content\\\/uploads\\\/2016\\\/11\\\/Kalender_Paulinenaue_2017_01_pdf.jpg\",\"keywords\":[\"Havelland\",\"Kalender\",\"Paulinenaue\"],\"articleSection\":[\"Hier Zuhause\",\"Kulturverein\",\"Neuigkeiten\"],\"inLanguage\":\"de\",\"potentialAction\":[{\"@type\":\"CommentAction\",\"name\":\"Comment\",\"target\":[\"https:\\\/\\\/paulinenaue.info\\\/index.php\\\/neuer-kalender-paulinenaue-im-havelland-2017-erschienen\\\/#respond\"]}]},{\"@type\":\"WebPage\",\"@id\":\"https:\\\/\\\/paulinenaue.info\\\/index.php\\\/neuer-kalender-paulinenaue-im-havelland-2017-erschienen\\\/\",\"url\":\"https:\\\/\\\/paulinenaue.info\\\/index.php\\\/neuer-kalender-paulinenaue-im-havelland-2017-erschienen\\\/\",\"name\":\"Neuer Kalender \u201ePaulinenaue im Havelland 2017\u201c erschienen - Paulinenaue\",\"isPartOf\":{\"@id\":\"https:\\\/\\\/paulinenaue.info\\\/#website\"},\"primaryImageOfPage\":{\"@id\":\"https:\\\/\\\/paulinenaue.info\\\/index.php\\\/neuer-kalender-paulinenaue-im-havelland-2017-erschienen\\\/#primaryimage\"},\"image\":{\"@id\":\"https:\\\/\\\/paulinenaue.info\\\/index.php\\\/neuer-kalender-paulinenaue-im-havelland-2017-erschienen\\\/#primaryimage\"},\"thumbnailUrl\":\"https:\\\/\\\/paulinenaue.info\\\/wp-content\\\/uploads\\\/2016\\\/11\\\/Kalender_Paulinenaue_2017_01_pdf.jpg\",\"datePublished\":\"2016-11-25T22:49:27+00:00\",\"dateModified\":\"2016-11-28T00:12:36+00:00\",\"author\":{\"@id\":\"https:\\\/\\\/paulinenaue.info\\\/#\\\/schema\\\/person\\\/3f9e818fd7b69b0d2bd937ac506897cc\"},\"breadcrumb\":{\"@id\":\"https:\\\/\\\/paulinenaue.info\\\/index.php\\\/neuer-kalender-paulinenaue-im-havelland-2017-erschienen\\\/#breadcrumb\"},\"inLanguage\":\"de\",\"potentialAction\":[{\"@type\":\"ReadAction\",\"target\":[\"https:\\\/\\\/paulinenaue.info\\\/index.php\\\/neuer-kalender-paulinenaue-im-havelland-2017-erschienen\\\/\"]}]},{\"@type\":\"ImageObject\",\"inLanguage\":\"de\",\"@id\":\"https:\\\/\\\/paulinenaue.info\\\/index.php\\\/neuer-kalender-paulinenaue-im-havelland-2017-erschienen\\\/#primaryimage\",\"url\":\"https:\\\/\\\/paulinenaue.info\\\/wp-content\\\/uploads\\\/2016\\\/11\\\/Kalender_Paulinenaue_2017_01_pdf.jpg\",\"contentUrl\":\"https:\\\/\\\/paulinenaue.info\\\/wp-content\\\/uploads\\\/2016\\\/11\\\/Kalender_Paulinenaue_2017_01_pdf.jpg\",\"width\":1631,\"height\":1144},{\"@type\":\"BreadcrumbList\",\"@id\":\"https:\\\/\\\/paulinenaue.info\\\/index.php\\\/neuer-kalender-paulinenaue-im-havelland-2017-erschienen\\\/#breadcrumb\",\"itemListElement\":[{\"@type\":\"ListItem\",\"position\":1,\"name\":\"Home\",\"item\":\"https:\\\/\\\/paulinenaue.info\\\/\"},{\"@type\":\"ListItem\",\"position\":2,\"name\":\"Neuer Kalender \u201ePaulinenaue im Havelland 2017\u201c erschienen\"}]},{\"@type\":\"WebSite\",\"@id\":\"https:\\\/\\\/paulinenaue.info\\\/#website\",\"url\":\"https:\\\/\\\/paulinenaue.info\\\/\",\"name\":\"Paulinenaue\",\"description\":\"Ein Dorf im Havelland\",\"potentialAction\":[{\"@type\":\"SearchAction\",\"target\":{\"@type\":\"EntryPoint\",\"urlTemplate\":\"https:\\\/\\\/paulinenaue.info\\\/?s={search_term_string}\"},\"query-input\":{\"@type\":\"PropertyValueSpecification\",\"valueRequired\":true,\"valueName\":\"search_term_string\"}}],\"inLanguage\":\"de\"},{\"@type\":\"Person\",\"@id\":\"https:\\\/\\\/paulinenaue.info\\\/#\\\/schema\\\/person\\\/3f9e818fd7b69b0d2bd937ac506897cc\",\"name\":\"Joachim Scholz\",\"url\":\"https:\\\/\\\/paulinenaue.info\\\/index.php\\\/author\\\/jjscholz\\\/\"}]}<\/script>\n<!-- \/ Yoast SEO plugin. -->","yoast_head_json":{"title":"Neuer Kalender \u201ePaulinenaue im Havelland 2017\u201c erschienen - Paulinenaue","robots":{"index":"index","follow":"follow","max-snippet":"max-snippet:-1","max-image-preview":"max-image-preview:large","max-video-preview":"max-video-preview:-1"},"canonical":"https:\/\/paulinenaue.info\/index.php\/neuer-kalender-paulinenaue-im-havelland-2017-erschienen\/","og_locale":"de_DE","og_type":"article","og_title":"Neuer Kalender \u201ePaulinenaue im Havelland 2017\u201c erschienen - Paulinenaue","og_description":"P\u00fcnktlich zum zehnten Paulinenauer Weihnachtsmarkt am Ersten Advent gibt der [&hellip;]","og_url":"https:\/\/paulinenaue.info\/index.php\/neuer-kalender-paulinenaue-im-havelland-2017-erschienen\/","og_site_name":"Paulinenaue","article_published_time":"2016-11-25T22:49:27+00:00","article_modified_time":"2016-11-28T00:12:36+00:00","og_image":[{"width":1631,"height":1144,"url":"https:\/\/i1.wp.com\/paulinenaue.info\/wp-content\/uploads\/2016\/11\/Kalender_Paulinenaue_2017_01_pdf.jpg?fit=1631%2C1144&ssl=1","type":"image\/jpeg"}],"author":"Joachim Scholz","twitter_card":"summary_large_image","twitter_misc":{"Verfasst von":"Joachim Scholz","Gesch\u00e4tzte Lesezeit":"1\u00a0Minute"},"schema":{"@context":"https:\/\/schema.org","@graph":[{"@type":"Article","@id":"https:\/\/paulinenaue.info\/index.php\/neuer-kalender-paulinenaue-im-havelland-2017-erschienen\/#article","isPartOf":{"@id":"https:\/\/paulinenaue.info\/index.php\/neuer-kalender-paulinenaue-im-havelland-2017-erschienen\/"},"author":{"name":"Joachim Scholz","@id":"https:\/\/paulinenaue.info\/#\/schema\/person\/3f9e818fd7b69b0d2bd937ac506897cc"},"headline":"Neuer Kalender \u201ePaulinenaue im Havelland 2017\u201c erschienen","datePublished":"2016-11-25T22:49:27+00:00","dateModified":"2016-11-28T00:12:36+00:00","mainEntityOfPage":{"@id":"https:\/\/paulinenaue.info\/index.php\/neuer-kalender-paulinenaue-im-havelland-2017-erschienen\/"},"wordCount":126,"commentCount":0,"image":{"@id":"https:\/\/paulinenaue.info\/index.php\/neuer-kalender-paulinenaue-im-havelland-2017-erschienen\/#primaryimage"},"thumbnailUrl":"https:\/\/paulinenaue.info\/wp-content\/uploads\/2016\/11\/Kalender_Paulinenaue_2017_01_pdf.jpg","keywords":["Havelland","Kalender","Paulinenaue"],"articleSection":["Hier Zuhause","Kulturverein","Neuigkeiten"],"inLanguage":"de","potentialAction":[{"@type":"CommentAction","name":"Comment","target":["https:\/\/paulinenaue.info\/index.php\/neuer-kalender-paulinenaue-im-havelland-2017-erschienen\/#respond"]}]},{"@type":"WebPage","@id":"https:\/\/paulinenaue.info\/index.php\/neuer-kalender-paulinenaue-im-havelland-2017-erschienen\/","url":"https:\/\/paulinenaue.info\/index.php\/neuer-kalender-paulinenaue-im-havelland-2017-erschienen\/","name":"Neuer Kalender \u201ePaulinenaue im Havelland 2017\u201c erschienen - Paulinenaue","isPartOf":{"@id":"https:\/\/paulinenaue.info\/#website"},"primaryImageOfPage":{"@id":"https:\/\/paulinenaue.info\/index.php\/neuer-kalender-paulinenaue-im-havelland-2017-erschienen\/#primaryimage"},"image":{"@id":"https:\/\/paulinenaue.info\/index.php\/neuer-kalender-paulinenaue-im-havelland-2017-erschienen\/#primaryimage"},"thumbnailUrl":"https:\/\/paulinenaue.info\/wp-content\/uploads\/2016\/11\/Kalender_Paulinenaue_2017_01_pdf.jpg","datePublished":"2016-11-25T22:49:27+00:00","dateModified":"2016-11-28T00:12:36+00:00","author":{"@id":"https:\/\/paulinenaue.info\/#\/schema\/person\/3f9e818fd7b69b0d2bd937ac506897cc"},"breadcrumb":{"@id":"https:\/\/paulinenaue.info\/index.php\/neuer-kalender-paulinenaue-im-havelland-2017-erschienen\/#breadcrumb"},"inLanguage":"de","potentialAction":[{"@type":"ReadAction","target":["https:\/\/paulinenaue.info\/index.php\/neuer-kalender-paulinenaue-im-havelland-2017-erschienen\/"]}]},{"@type":"ImageObject","inLanguage":"de","@id":"https:\/\/paulinenaue.info\/index.php\/neuer-kalender-paulinenaue-im-havelland-2017-erschienen\/#primaryimage","url":"https:\/\/paulinenaue.info\/wp-content\/uploads\/2016\/11\/Kalender_Paulinenaue_2017_01_pdf.jpg","contentUrl":"https:\/\/paulinenaue.info\/wp-content\/uploads\/2016\/11\/Kalender_Paulinenaue_2017_01_pdf.jpg","width":1631,"height":1144},{"@type":"BreadcrumbList","@id":"https:\/\/paulinenaue.info\/index.php\/neuer-kalender-paulinenaue-im-havelland-2017-erschienen\/#breadcrumb","itemListElement":[{"@type":"ListItem","position":1,"name":"Home","item":"https:\/\/paulinenaue.info\/"},{"@type":"ListItem","position":2,"name":"Neuer Kalender \u201ePaulinenaue im Havelland 2017\u201c erschienen"}]},{"@type":"WebSite","@id":"https:\/\/paulinenaue.info\/#website","url":"https:\/\/paulinenaue.info\/","name":"Paulinenaue","description":"Ein Dorf im Havelland","potentialAction":[{"@type":"SearchAction","target":{"@type":"EntryPoint","urlTemplate":"https:\/\/paulinenaue.info\/?s={search_term_string}"},"query-input":{"@type":"PropertyValueSpecification","valueRequired":true,"valueName":"search_term_string"}}],"inLanguage":"de"},{"@type":"Person","@id":"https:\/\/paulinenaue.info\/#\/schema\/person\/3f9e818fd7b69b0d2bd937ac506897cc","name":"Joachim Scholz","url":"https:\/\/paulinenaue.info\/index.php\/author\/jjscholz\/"}]}},"jetpack_publicize_connections":[],"jetpack_featured_media_url":"https:\/\/paulinenaue.info\/wp-content\/uploads\/2016\/11\/Kalender_Paulinenaue_2017_01_pdf.jpg","jetpack_sharing_enabled":true,"jetpack_shortlink":"https:\/\/wp.me\/pcYhWA-8W","jetpack-related-posts":[{"id":182,"url":"https:\/\/paulinenaue.info\/index.php\/der-paulinenauer-weihnachtsmarkt-in-diesem-jahr\/","url_meta":{"origin":554,"position":0},"title":"Der Paulinenauer Weihnachtsmarkt in diesem Jahr","author":"Joachim Scholz","date":"22. M\u00e4rz 2016","format":false,"excerpt":"Joachim Scholz 28.11.2010. Eine feine Reifschicht bedeckte das Kirchengel\u00e4nde, als allen Terrorwarnungen im Lande zum Trotz viele Paulinenauer am Samstag vor dem ersten Advent auf den belebten Weihnachtsmarkt str\u00f6mten. Vor f\u00fcnf Jahren hatte der Kulturverein den Markt ins Leben gerufen, den seither die Vereine des Ortes und die Kirchengemeinde ohne\u2026","rel":"","context":"In &quot;Kulturverein&quot;","block_context":{"text":"Kulturverein","link":"https:\/\/paulinenaue.info\/index.php\/category\/kulturverein\/"},"img":{"alt_text":"","src":"https:\/\/i0.wp.com\/paulinenaue.info\/wp-content\/uploads\/2016\/03\/20101127_weihnachtsmarkt_03.jpg?resize=350%2C200&ssl=1","width":350,"height":200},"classes":[]},{"id":558,"url":"https:\/\/paulinenaue.info\/index.php\/zehnter-paulinenauer-weihnachtsmarkt\/","url_meta":{"origin":554,"position":1},"title":"Zehnter Paulinenauer Weihnachtsmarkt","author":"Joachim Scholz","date":"28. November 2016","format":false,"excerpt":"Einen Weihnachtsmarkt abzuhalten, wie es in anderen Orten hier und dort bereits \u00fcblich war, geh\u00f6rte im Herbst 2006 zu den ersten Zielen und Vorhaben des neu gegr\u00fcndeten Paulinenauer Kulturvereins. Doch seitdem er vor zehn Jahren das erste Mal seine Pforten er\u00f6ffnete, wurde der Weihnachtsmarkt stets von Vielen gestaltet.\u00a02016 fand er\u2026","rel":"","context":"In &quot;Allgemein&quot;","block_context":{"text":"Allgemein","link":"https:\/\/paulinenaue.info\/index.php\/category\/allgemein\/"},"img":{"alt_text":"","src":"https:\/\/i0.wp.com\/paulinenaue.info\/wp-content\/uploads\/2016\/11\/DSC07450.jpg?resize=350%2C200&ssl=1","width":350,"height":200,"srcset":"https:\/\/i0.wp.com\/paulinenaue.info\/wp-content\/uploads\/2016\/11\/DSC07450.jpg?resize=350%2C200&ssl=1 1x, https:\/\/i0.wp.com\/paulinenaue.info\/wp-content\/uploads\/2016\/11\/DSC07450.jpg?resize=525%2C300&ssl=1 1.5x, https:\/\/i0.wp.com\/paulinenaue.info\/wp-content\/uploads\/2016\/11\/DSC07450.jpg?resize=700%2C400&ssl=1 2x"},"classes":[]},{"id":2465,"url":"https:\/\/paulinenaue.info\/index.php\/mit-dem-weihnachtsmarkt-in-den-advent\/","url_meta":{"origin":554,"position":2},"title":"Mit dem Weihnachtsmarkt in den Advent","author":"Joachim Scholz","date":"2. Dezember 2018","format":false,"excerpt":"Am Samstag vor dem Ersten Advent fand in Paulinenaue wieder der Weihnachtsmarkt auf dem Gel\u00e4nde der Evangelischen Kirche statt. Mit den Vorbereitungen hatte das Organisationsteam schon im Juni begonnen. In den letzten Wochen wurde es dann spannend. An so vieles musste gedacht und alles koordiniert werden. Zum Paulinenauer Weihnachtsmarkt geh\u00f6ren\u2026","rel":"","context":"In &quot;Allgemein&quot;","block_context":{"text":"Allgemein","link":"https:\/\/paulinenaue.info\/index.php\/category\/allgemein\/"},"img":{"alt_text":"","src":"https:\/\/i0.wp.com\/paulinenaue.info\/wp-content\/uploads\/2018\/12\/DSC05940.jpg?resize=350%2C200&ssl=1","width":350,"height":200,"srcset":"https:\/\/i0.wp.com\/paulinenaue.info\/wp-content\/uploads\/2018\/12\/DSC05940.jpg?resize=350%2C200&ssl=1 1x, https:\/\/i0.wp.com\/paulinenaue.info\/wp-content\/uploads\/2018\/12\/DSC05940.jpg?resize=525%2C300&ssl=1 1.5x, https:\/\/i0.wp.com\/paulinenaue.info\/wp-content\/uploads\/2018\/12\/DSC05940.jpg?resize=700%2C400&ssl=1 2x"},"classes":[]},{"id":414966,"url":"https:\/\/paulinenaue.info\/index.php\/wieder-weihnachtsmarkt-in-paulinenaue\/","url_meta":{"origin":554,"position":3},"title":"Wieder Weihnachtsmarkt in Paulinenaue","author":"Joachim Scholz","date":"27. November 2022","format":false,"excerpt":"Nach zwei Jahren Coronapause war am Samstag vor dem Ersten Advent 2022 wieder Weihnachtsmarkt in Paulinenaue. Und es war ein sch\u00f6ner, ein fast formvollendeter Weihnachtsmarkt. So h\u00f6rte man es von vielen Seiten. Und wohin man blickte, Leute im Gespr\u00e4ch, vertraute Gesichter, manche extra angereist f\u00fcr ein Wiedersehen. St\u00e4nde lockten mit\u2026","rel":"","context":"In &quot;Allgemein&quot;","block_context":{"text":"Allgemein","link":"https:\/\/paulinenaue.info\/index.php\/category\/allgemein\/"},"img":{"alt_text":"","src":"https:\/\/i0.wp.com\/paulinenaue.info\/wp-content\/uploads\/2022\/11\/2022-11-26-Weihnachtsmarkt-11.jpeg?resize=350%2C200&ssl=1","width":350,"height":200,"srcset":"https:\/\/i0.wp.com\/paulinenaue.info\/wp-content\/uploads\/2022\/11\/2022-11-26-Weihnachtsmarkt-11.jpeg?resize=350%2C200&ssl=1 1x, https:\/\/i0.wp.com\/paulinenaue.info\/wp-content\/uploads\/2022\/11\/2022-11-26-Weihnachtsmarkt-11.jpeg?resize=525%2C300&ssl=1 1.5x, https:\/\/i0.wp.com\/paulinenaue.info\/wp-content\/uploads\/2022\/11\/2022-11-26-Weihnachtsmarkt-11.jpeg?resize=700%2C400&ssl=1 2x"},"classes":[]},{"id":1827,"url":"https:\/\/paulinenaue.info\/index.php\/der-neue-kalender-paulinenaue-nach-der-gemeindegruendung-1924-1933-erscheint-zum-weihnachtsmarkt\/","url_meta":{"origin":554,"position":4},"title":"Ein neuer Kalender erscheint zum Weihnachtsmarkt!","author":"Joachim Scholz","date":"26. November 2017","format":false,"excerpt":"\u201eWas war das f\u00fcr eine Zeit, als die heute \u00e4ltesten Paulinenauer kleine Kinder waren?\u201c, wird im neuen Kalender f\u00fcr das n\u00e4chste Jahr 2018 gefragt.\u00a0P\u00fcnktlich zum Weihnachtsmarkt am 2. Dezember soll der Kalender fertig sein und kann dort am Stand des Kulturvereins zum Preis von 10,- \u20ac erworben werden. Mit seinen\u2026","rel":"","context":"In &quot;Allgemein&quot;","block_context":{"text":"Allgemein","link":"https:\/\/paulinenaue.info\/index.php\/category\/allgemein\/"},"img":{"alt_text":"","src":"https:\/\/i0.wp.com\/paulinenaue.info\/wp-content\/uploads\/2017\/11\/Kalender_Paulinenaue_2018_01.jpg?resize=350%2C200&ssl=1","width":350,"height":200,"srcset":"https:\/\/i0.wp.com\/paulinenaue.info\/wp-content\/uploads\/2017\/11\/Kalender_Paulinenaue_2018_01.jpg?resize=350%2C200&ssl=1 1x, https:\/\/i0.wp.com\/paulinenaue.info\/wp-content\/uploads\/2017\/11\/Kalender_Paulinenaue_2018_01.jpg?resize=525%2C300&ssl=1 1.5x, https:\/\/i0.wp.com\/paulinenaue.info\/wp-content\/uploads\/2017\/11\/Kalender_Paulinenaue_2018_01.jpg?resize=700%2C400&ssl=1 2x"},"classes":[]},{"id":6380,"url":"https:\/\/paulinenaue.info\/index.php\/rueckblick-auf-den-weihnachtsmarkt-2011\/","url_meta":{"origin":554,"position":5},"title":"R\u00fcckblick auf den Weihnachtsmarkt 2011","author":"Joachim Scholz","date":"26. November 2011","format":false,"excerpt":"26.11.2011. Auf bew\u00e4hrtem Gel\u00e4nde und zusammen mit Kita und Kirchgemeinde fand auch 2011 wieder der vom Kulturverein initiierte Weihnachtsmarkt statt. Der j\u00e4hrliche Termin hat sich mittlerweile auf den 1. Advent eingependelt. Auch wenn die Feuerwehr diesmal nicht dabei war und kein Kalender f\u00fcr das neue Jahr angeboten werden konnte, ist\u2026","rel":"","context":"In &quot;Allgemein&quot;","block_context":{"text":"Allgemein","link":"https:\/\/paulinenaue.info\/index.php\/category\/allgemein\/"},"img":{"alt_text":"","src":"https:\/\/i0.wp.com\/paulinenaue.info\/wp-content\/uploads\/2021\/12\/2012-11-26-Weihnachtsmarkt-Paulinenaue-05.jpg?resize=350%2C200&ssl=1","width":350,"height":200,"srcset":"https:\/\/i0.wp.com\/paulinenaue.info\/wp-content\/uploads\/2021\/12\/2012-11-26-Weihnachtsmarkt-Paulinenaue-05.jpg?resize=350%2C200&ssl=1 1x, https:\/\/i0.wp.com\/paulinenaue.info\/wp-content\/uploads\/2021\/12\/2012-11-26-Weihnachtsmarkt-Paulinenaue-05.jpg?resize=525%2C300&ssl=1 1.5x, https:\/\/i0.wp.com\/paulinenaue.info\/wp-content\/uploads\/2021\/12\/2012-11-26-Weihnachtsmarkt-Paulinenaue-05.jpg?resize=700%2C400&ssl=1 2x"},"classes":[]}],"_links":{"self":[{"href":"https:\/\/paulinenaue.info\/index.php\/wp-json\/wp\/v2\/posts\/554","targetHints":{"allow":["GET"]}}],"collection":[{"href":"https:\/\/paulinenaue.info\/index.php\/wp-json\/wp\/v2\/posts"}],"about":[{"href":"https:\/\/paulinenaue.info\/index.php\/wp-json\/wp\/v2\/types\/post"}],"author":[{"embeddable":true,"href":"https:\/\/paulinenaue.info\/index.php\/wp-json\/wp\/v2\/users\/1"}],"replies":[{"embeddable":true,"href":"https:\/\/paulinenaue.info\/index.php\/wp-json\/wp\/v2\/comments?post=554"}],"version-history":[{"count":4,"href":"https:\/\/paulinenaue.info\/index.php\/wp-json\/wp\/v2\/posts\/554\/revisions"}],"predecessor-version":[{"id":596,"href":"https:\/\/paulinenaue.info\/index.php\/wp-json\/wp\/v2\/posts\/554\/revisions\/596"}],"wp:featuredmedia":[{"embeddable":true,"href":"https:\/\/paulinenaue.info\/index.php\/wp-json\/wp\/v2\/media\/555"}],"wp:attachment":[{"href":"https:\/\/paulinenaue.info\/index.php\/wp-json\/wp\/v2\/media?parent=554"}],"wp:term":[{"taxonomy":"category","embeddable":true,"href":"https:\/\/paulinenaue.info\/index.php\/wp-json\/wp\/v2\/categories?post=554"},{"taxonomy":"post_tag","embeddable":true,"href":"https:\/\/paulinenaue.info\/index.php\/wp-json\/wp\/v2\/tags?post=554"}],"curies":[{"name":"wp","href":"https:\/\/api.w.org\/{rel}","templated":true}]}}