{"id":5549,"date":"2020-10-22T13:43:40","date_gmt":"2020-10-22T07:43:40","guid":{"rendered":"https:\/\/paulinenaue.info\/?p=5549"},"modified":"2020-10-22T13:43:40","modified_gmt":"2020-10-22T07:43:40","slug":"ausfall-weihnachtsmarkt-2020","status":"publish","type":"post","link":"https:\/\/paulinenaue.info\/index.php\/ausfall-weihnachtsmarkt-2020\/","title":{"rendered":"Ausfall Weihnachtsmarkt 2020"},"content":{"rendered":"<p>Liebe Paulinenauerinnen und Paulinenauer,<\/p>\n<p>die Nachricht wird nicht all zu \u00fcberraschend kommen &#8211; in diesem Jahr werden wir leider keinen Weihnachtsmarkt veranstalten. Unter den derzeitigen Umst\u00e4nden k\u00f6nnen und wollen wir kein Risiko eingehen. Unser Weihnachtsmarkt lebt von der Gem\u00fctlichkeit und &#8222;Enge&#8220; an der Kirche. Andacht sowie Kaffe und Kuchen in der Kirchbaracke geh\u00f6ren mit dazu &#8211; das k\u00f6nnen wir nicht umsetzen.<\/p>\n<p>Trotzdem wird es einen Paulinenaue-Kalender 2021 geben, dazu wird es noch eine gesonderte Information geben.<\/p>\n<p>Bitte seid nicht entt\u00e4uscht und freut euch umso mehr auf den Weihnachtsmarkt 2021!<\/p>\n<p>&nbsp;<\/p>\n","protected":false},"excerpt":{"rendered":"<p>Liebe Paulinenauerinnen und Paulinenauer, die Nachricht wird nicht all zu [&hellip;]<\/p>\n","protected":false},"author":3,"featured_media":5180,"comment_status":"open","ping_status":"open","sticky":false,"template":"","format":"standard","meta":{"_acf_changed":false,"_price":"","_stock":"","_tribe_ticket_header":"","_tribe_default_ticket_provider":"","_tribe_ticket_capacity":"0","_ticket_start_date":"","_ticket_end_date":"","_tribe_ticket_show_description":"","_tribe_ticket_show_not_going":false,"_tribe_ticket_use_global_stock":"","_tribe_ticket_global_stock_level":"","_global_stock_mode":"","_global_stock_cap":"","_tribe_rsvp_for_event":"","_tribe_ticket_going_count":"","_tribe_ticket_not_going_count":"","_tribe_tickets_list":"[]","_tribe_ticket_has_attendee_info_fields":false,"jetpack_post_was_ever_published":false,"_jetpack_newsletter_access":"","_jetpack_dont_email_post_to_subs":false,"_jetpack_newsletter_tier_id":0,"_jetpack_memberships_contains_paywalled_content":false,"_jetpack_memberships_contains_paid_content":false,"footnotes":"","jetpack_publicize_message":"","jetpack_publicize_feature_enabled":true,"jetpack_social_post_already_shared":true,"jetpack_social_options":{"image_generator_settings":{"template":"highway","default_image_id":0,"font":"","enabled":false},"version":2}},"categories":[16,26,47,9,93],"tags":[28],"class_list":["post-5549","post","type-post","status-publish","format-standard","has-post-thumbnail","hentry","category-feuerwehr","category-kirche","category-kulturverein","category-neuigkeiten","category-veranstaltungen","tag-weihnachtsmarkt"],"acf":[],"yoast_head":"<!-- This site is optimized with the Yoast SEO plugin v27.5 - https:\/\/yoast.com\/product\/yoast-seo-wordpress\/ -->\n<title>Ausfall Weihnachtsmarkt 2020 - Paulinenaue<\/title>\n<meta name=\"robots\" content=\"index, follow, max-snippet:-1, max-image-preview:large, max-video-preview:-1\" \/>\n<link rel=\"canonical\" href=\"https:\/\/paulinenaue.info\/index.php\/ausfall-weihnachtsmarkt-2020\/\" \/>\n<meta property=\"og:locale\" content=\"de_DE\" \/>\n<meta property=\"og:type\" content=\"article\" \/>\n<meta property=\"og:title\" content=\"Ausfall Weihnachtsmarkt 2020 - Paulinenaue\" \/>\n<meta property=\"og:description\" content=\"Liebe Paulinenauerinnen und Paulinenauer, die Nachricht wird nicht all zu [&hellip;]\" \/>\n<meta property=\"og:url\" content=\"https:\/\/paulinenaue.info\/index.php\/ausfall-weihnachtsmarkt-2020\/\" \/>\n<meta property=\"og:site_name\" content=\"Paulinenaue\" \/>\n<meta property=\"article:published_time\" content=\"2020-10-22T07:43:40+00:00\" \/>\n<meta property=\"og:image\" content=\"https:\/\/i0.wp.com\/paulinenaue.info\/wp-content\/uploads\/2019\/12\/11.jpg?fit=1600%2C1200&ssl=1\" \/>\n\t<meta property=\"og:image:width\" content=\"1600\" \/>\n\t<meta property=\"og:image:height\" content=\"1200\" \/>\n\t<meta property=\"og:image:type\" content=\"image\/jpeg\" \/>\n<meta name=\"author\" content=\"Sarah\" \/>\n<meta name=\"twitter:card\" content=\"summary_large_image\" \/>\n<meta name=\"twitter:label1\" content=\"Verfasst von\" \/>\n\t<meta name=\"twitter:data1\" content=\"Sarah\" \/>\n<script type=\"application\/ld+json\" class=\"yoast-schema-graph\">{\"@context\":\"https:\\\/\\\/schema.org\",\"@graph\":[{\"@type\":\"Article\",\"@id\":\"https:\\\/\\\/paulinenaue.info\\\/index.php\\\/ausfall-weihnachtsmarkt-2020\\\/#article\",\"isPartOf\":{\"@id\":\"https:\\\/\\\/paulinenaue.info\\\/index.php\\\/ausfall-weihnachtsmarkt-2020\\\/\"},\"author\":{\"name\":\"Sarah\",\"@id\":\"https:\\\/\\\/paulinenaue.info\\\/#\\\/schema\\\/person\\\/e5be566a57b5b3f65d2c65a58c42325e\"},\"headline\":\"Ausfall Weihnachtsmarkt 2020\",\"datePublished\":\"2020-10-22T07:43:40+00:00\",\"mainEntityOfPage\":{\"@id\":\"https:\\\/\\\/paulinenaue.info\\\/index.php\\\/ausfall-weihnachtsmarkt-2020\\\/\"},\"wordCount\":96,\"commentCount\":1,\"image\":{\"@id\":\"https:\\\/\\\/paulinenaue.info\\\/index.php\\\/ausfall-weihnachtsmarkt-2020\\\/#primaryimage\"},\"thumbnailUrl\":\"https:\\\/\\\/paulinenaue.info\\\/wp-content\\\/uploads\\\/2019\\\/12\\\/11.jpg\",\"keywords\":[\"Weihnachtsmarkt\"],\"articleSection\":[\"Feuerwehr\",\"Kirche\",\"Kulturverein\",\"Neuigkeiten\",\"Veranstaltungen\"],\"inLanguage\":\"de\",\"potentialAction\":[{\"@type\":\"CommentAction\",\"name\":\"Comment\",\"target\":[\"https:\\\/\\\/paulinenaue.info\\\/index.php\\\/ausfall-weihnachtsmarkt-2020\\\/#respond\"]}]},{\"@type\":\"WebPage\",\"@id\":\"https:\\\/\\\/paulinenaue.info\\\/index.php\\\/ausfall-weihnachtsmarkt-2020\\\/\",\"url\":\"https:\\\/\\\/paulinenaue.info\\\/index.php\\\/ausfall-weihnachtsmarkt-2020\\\/\",\"name\":\"Ausfall Weihnachtsmarkt 2020 - Paulinenaue\",\"isPartOf\":{\"@id\":\"https:\\\/\\\/paulinenaue.info\\\/#website\"},\"primaryImageOfPage\":{\"@id\":\"https:\\\/\\\/paulinenaue.info\\\/index.php\\\/ausfall-weihnachtsmarkt-2020\\\/#primaryimage\"},\"image\":{\"@id\":\"https:\\\/\\\/paulinenaue.info\\\/index.php\\\/ausfall-weihnachtsmarkt-2020\\\/#primaryimage\"},\"thumbnailUrl\":\"https:\\\/\\\/paulinenaue.info\\\/wp-content\\\/uploads\\\/2019\\\/12\\\/11.jpg\",\"datePublished\":\"2020-10-22T07:43:40+00:00\",\"author\":{\"@id\":\"https:\\\/\\\/paulinenaue.info\\\/#\\\/schema\\\/person\\\/e5be566a57b5b3f65d2c65a58c42325e\"},\"breadcrumb\":{\"@id\":\"https:\\\/\\\/paulinenaue.info\\\/index.php\\\/ausfall-weihnachtsmarkt-2020\\\/#breadcrumb\"},\"inLanguage\":\"de\",\"potentialAction\":[{\"@type\":\"ReadAction\",\"target\":[\"https:\\\/\\\/paulinenaue.info\\\/index.php\\\/ausfall-weihnachtsmarkt-2020\\\/\"]}]},{\"@type\":\"ImageObject\",\"inLanguage\":\"de\",\"@id\":\"https:\\\/\\\/paulinenaue.info\\\/index.php\\\/ausfall-weihnachtsmarkt-2020\\\/#primaryimage\",\"url\":\"https:\\\/\\\/paulinenaue.info\\\/wp-content\\\/uploads\\\/2019\\\/12\\\/11.jpg\",\"contentUrl\":\"https:\\\/\\\/paulinenaue.info\\\/wp-content\\\/uploads\\\/2019\\\/12\\\/11.jpg\",\"width\":1600,\"height\":1200,\"caption\":\"Liebevolle Dekoration an allen St\u00e4nden brachte Gem\u00fctlichkeit auf den Weihnachtsmarkt.\"},{\"@type\":\"BreadcrumbList\",\"@id\":\"https:\\\/\\\/paulinenaue.info\\\/index.php\\\/ausfall-weihnachtsmarkt-2020\\\/#breadcrumb\",\"itemListElement\":[{\"@type\":\"ListItem\",\"position\":1,\"name\":\"Home\",\"item\":\"https:\\\/\\\/paulinenaue.info\\\/\"},{\"@type\":\"ListItem\",\"position\":2,\"name\":\"Ausfall Weihnachtsmarkt 2020\"}]},{\"@type\":\"WebSite\",\"@id\":\"https:\\\/\\\/paulinenaue.info\\\/#website\",\"url\":\"https:\\\/\\\/paulinenaue.info\\\/\",\"name\":\"Paulinenaue\",\"description\":\"Ein Dorf im Havelland\",\"potentialAction\":[{\"@type\":\"SearchAction\",\"target\":{\"@type\":\"EntryPoint\",\"urlTemplate\":\"https:\\\/\\\/paulinenaue.info\\\/?s={search_term_string}\"},\"query-input\":{\"@type\":\"PropertyValueSpecification\",\"valueRequired\":true,\"valueName\":\"search_term_string\"}}],\"inLanguage\":\"de\"},{\"@type\":\"Person\",\"@id\":\"https:\\\/\\\/paulinenaue.info\\\/#\\\/schema\\\/person\\\/e5be566a57b5b3f65d2c65a58c42325e\",\"name\":\"Sarah\",\"url\":\"https:\\\/\\\/paulinenaue.info\\\/index.php\\\/author\\\/sarah\\\/\"}]}<\/script>\n<!-- \/ Yoast SEO plugin. -->","yoast_head_json":{"title":"Ausfall Weihnachtsmarkt 2020 - Paulinenaue","robots":{"index":"index","follow":"follow","max-snippet":"max-snippet:-1","max-image-preview":"max-image-preview:large","max-video-preview":"max-video-preview:-1"},"canonical":"https:\/\/paulinenaue.info\/index.php\/ausfall-weihnachtsmarkt-2020\/","og_locale":"de_DE","og_type":"article","og_title":"Ausfall Weihnachtsmarkt 2020 - Paulinenaue","og_description":"Liebe Paulinenauerinnen und Paulinenauer, die Nachricht wird nicht all zu [&hellip;]","og_url":"https:\/\/paulinenaue.info\/index.php\/ausfall-weihnachtsmarkt-2020\/","og_site_name":"Paulinenaue","article_published_time":"2020-10-22T07:43:40+00:00","og_image":[{"width":1600,"height":1200,"url":"https:\/\/i0.wp.com\/paulinenaue.info\/wp-content\/uploads\/2019\/12\/11.jpg?fit=1600%2C1200&ssl=1","type":"image\/jpeg"}],"author":"Sarah","twitter_card":"summary_large_image","twitter_misc":{"Verfasst von":"Sarah"},"schema":{"@context":"https:\/\/schema.org","@graph":[{"@type":"Article","@id":"https:\/\/paulinenaue.info\/index.php\/ausfall-weihnachtsmarkt-2020\/#article","isPartOf":{"@id":"https:\/\/paulinenaue.info\/index.php\/ausfall-weihnachtsmarkt-2020\/"},"author":{"name":"Sarah","@id":"https:\/\/paulinenaue.info\/#\/schema\/person\/e5be566a57b5b3f65d2c65a58c42325e"},"headline":"Ausfall Weihnachtsmarkt 2020","datePublished":"2020-10-22T07:43:40+00:00","mainEntityOfPage":{"@id":"https:\/\/paulinenaue.info\/index.php\/ausfall-weihnachtsmarkt-2020\/"},"wordCount":96,"commentCount":1,"image":{"@id":"https:\/\/paulinenaue.info\/index.php\/ausfall-weihnachtsmarkt-2020\/#primaryimage"},"thumbnailUrl":"https:\/\/paulinenaue.info\/wp-content\/uploads\/2019\/12\/11.jpg","keywords":["Weihnachtsmarkt"],"articleSection":["Feuerwehr","Kirche","Kulturverein","Neuigkeiten","Veranstaltungen"],"inLanguage":"de","potentialAction":[{"@type":"CommentAction","name":"Comment","target":["https:\/\/paulinenaue.info\/index.php\/ausfall-weihnachtsmarkt-2020\/#respond"]}]},{"@type":"WebPage","@id":"https:\/\/paulinenaue.info\/index.php\/ausfall-weihnachtsmarkt-2020\/","url":"https:\/\/paulinenaue.info\/index.php\/ausfall-weihnachtsmarkt-2020\/","name":"Ausfall Weihnachtsmarkt 2020 - Paulinenaue","isPartOf":{"@id":"https:\/\/paulinenaue.info\/#website"},"primaryImageOfPage":{"@id":"https:\/\/paulinenaue.info\/index.php\/ausfall-weihnachtsmarkt-2020\/#primaryimage"},"image":{"@id":"https:\/\/paulinenaue.info\/index.php\/ausfall-weihnachtsmarkt-2020\/#primaryimage"},"thumbnailUrl":"https:\/\/paulinenaue.info\/wp-content\/uploads\/2019\/12\/11.jpg","datePublished":"2020-10-22T07:43:40+00:00","author":{"@id":"https:\/\/paulinenaue.info\/#\/schema\/person\/e5be566a57b5b3f65d2c65a58c42325e"},"breadcrumb":{"@id":"https:\/\/paulinenaue.info\/index.php\/ausfall-weihnachtsmarkt-2020\/#breadcrumb"},"inLanguage":"de","potentialAction":[{"@type":"ReadAction","target":["https:\/\/paulinenaue.info\/index.php\/ausfall-weihnachtsmarkt-2020\/"]}]},{"@type":"ImageObject","inLanguage":"de","@id":"https:\/\/paulinenaue.info\/index.php\/ausfall-weihnachtsmarkt-2020\/#primaryimage","url":"https:\/\/paulinenaue.info\/wp-content\/uploads\/2019\/12\/11.jpg","contentUrl":"https:\/\/paulinenaue.info\/wp-content\/uploads\/2019\/12\/11.jpg","width":1600,"height":1200,"caption":"Liebevolle Dekoration an allen St\u00e4nden brachte Gem\u00fctlichkeit auf den Weihnachtsmarkt."},{"@type":"BreadcrumbList","@id":"https:\/\/paulinenaue.info\/index.php\/ausfall-weihnachtsmarkt-2020\/#breadcrumb","itemListElement":[{"@type":"ListItem","position":1,"name":"Home","item":"https:\/\/paulinenaue.info\/"},{"@type":"ListItem","position":2,"name":"Ausfall Weihnachtsmarkt 2020"}]},{"@type":"WebSite","@id":"https:\/\/paulinenaue.info\/#website","url":"https:\/\/paulinenaue.info\/","name":"Paulinenaue","description":"Ein Dorf im Havelland","potentialAction":[{"@type":"SearchAction","target":{"@type":"EntryPoint","urlTemplate":"https:\/\/paulinenaue.info\/?s={search_term_string}"},"query-input":{"@type":"PropertyValueSpecification","valueRequired":true,"valueName":"search_term_string"}}],"inLanguage":"de"},{"@type":"Person","@id":"https:\/\/paulinenaue.info\/#\/schema\/person\/e5be566a57b5b3f65d2c65a58c42325e","name":"Sarah","url":"https:\/\/paulinenaue.info\/index.php\/author\/sarah\/"}]}},"jetpack_publicize_connections":[],"jetpack_featured_media_url":"https:\/\/paulinenaue.info\/wp-content\/uploads\/2019\/12\/11.jpg","jetpack_sharing_enabled":true,"jetpack_shortlink":"https:\/\/wp.me\/pcYhWA-1rv","jetpack-related-posts":[{"id":418593,"url":"https:\/\/paulinenaue.info\/index.php\/willkommen-auf-dem-weihnachtsmarkt\/","url_meta":{"origin":5549,"position":0},"title":"Willkommen auf dem 17. Paulinenauer Weihnachtsmarkt","author":"Joachim Scholz","date":"30. November 2025","format":false,"excerpt":"29.11.2025. Wer hatte einst die Idee, die Paulinenauer Weihnachtsm\u00e4rkte durchzunummerieren und wird eigentlich noch richtig gez\u00e4hlt? Dass im Jahr 2006 der damals frisch gegr\u00fcndete Paulinenauer Kulturverein seiner ersten gr\u00f6\u00dferen Veranstaltung die Premiere in den Titel einschrieb (\u201e1. Paulinenauer Weihnachtsmarkt\u201c) ist wohl der Grund. Danach wurde einfach weitergez\u00e4hlt. In der Coronazeit\u2026","rel":"","context":"In &quot;Ehrenamt&quot;","block_context":{"text":"Ehrenamt","link":"https:\/\/paulinenaue.info\/index.php\/category\/ehrenamt\/"},"img":{"alt_text":"","src":"https:\/\/i0.wp.com\/paulinenaue.info\/wp-content\/uploads\/2025\/11\/DSC02019.jpeg?resize=350%2C200&ssl=1","width":350,"height":200,"srcset":"https:\/\/i0.wp.com\/paulinenaue.info\/wp-content\/uploads\/2025\/11\/DSC02019.jpeg?resize=350%2C200&ssl=1 1x, https:\/\/i0.wp.com\/paulinenaue.info\/wp-content\/uploads\/2025\/11\/DSC02019.jpeg?resize=525%2C300&ssl=1 1.5x, https:\/\/i0.wp.com\/paulinenaue.info\/wp-content\/uploads\/2025\/11\/DSC02019.jpeg?resize=700%2C400&ssl=1 2x"},"classes":[]},{"id":6287,"url":"https:\/\/paulinenaue.info\/index.php\/information-paulinenauer-weihnachtsmarkt-2021\/","url_meta":{"origin":5549,"position":1},"title":"Information Paulinenauer Weihnachtsmarkt 2021","author":"Sarah","date":"2. November 2021","format":false,"excerpt":"Liebe Paulinenauerinnen und Paulinenauer, leider werden wir auch in diesem Jahr keinen Weihnachtsmarkt durchf\u00fchren. Es gibt zu viele Unsicherheiten und einen deutlich h\u00f6heren Aufwand f\u00fcr uns bei der Organisation und Durchf\u00fchrung. Wir wollen kein Risiko eingehen und daf\u00fcr im n\u00e4chsten Jahr wieder mit euch einen tollen Weihnachtsmarkt erleben. Wir w\u00fcnschen\u2026","rel":"","context":"In &quot;Allgemein&quot;","block_context":{"text":"Allgemein","link":"https:\/\/paulinenaue.info\/index.php\/category\/allgemein\/"},"img":{"alt_text":"","src":"https:\/\/i0.wp.com\/paulinenaue.info\/wp-content\/uploads\/2019\/12\/17.jpg?resize=350%2C200&ssl=1","width":350,"height":200,"srcset":"https:\/\/i0.wp.com\/paulinenaue.info\/wp-content\/uploads\/2019\/12\/17.jpg?resize=350%2C200&ssl=1 1x, https:\/\/i0.wp.com\/paulinenaue.info\/wp-content\/uploads\/2019\/12\/17.jpg?resize=525%2C300&ssl=1 1.5x, https:\/\/i0.wp.com\/paulinenaue.info\/wp-content\/uploads\/2019\/12\/17.jpg?resize=700%2C400&ssl=1 2x, https:\/\/i0.wp.com\/paulinenaue.info\/wp-content\/uploads\/2019\/12\/17.jpg?resize=1050%2C600&ssl=1 3x, https:\/\/i0.wp.com\/paulinenaue.info\/wp-content\/uploads\/2019\/12\/17.jpg?resize=1400%2C800&ssl=1 4x"},"classes":[]},{"id":414961,"url":"https:\/\/paulinenaue.info\/index.php\/vorbereitungen-fuer-den-weihnachtsmarkt-laufen\/","url_meta":{"origin":5549,"position":2},"title":"Vorbereitungen f\u00fcr den Weihnachtsmarkt","author":"Sarah","date":"20. November 2022","format":false,"excerpt":"Der diesj\u00e4hrige Weihnachtsmarkt steht in den Startl\u00f6chern. Am kommenden Samstag, 26.11.2022, wird der Platz um die Paulinenauer Kirche in weihnachtliches Licht getaucht und nach Gl\u00fchwein, Quarkb\u00e4llchen und Co. duften. Dazu gesellen sich viele kleine H\u00e4ndler, die ihre selbst gefertigten Produkte verkaufen. Honig, Stricksachen, Paulinenaue-Kalender, Keramik.... Au\u00dferdem wird ein Konzert mit\u2026","rel":"","context":"In &quot;Kulturverein&quot;","block_context":{"text":"Kulturverein","link":"https:\/\/paulinenaue.info\/index.php\/category\/kulturverein\/"},"img":{"alt_text":"","src":"https:\/\/i0.wp.com\/paulinenaue.info\/wp-content\/uploads\/2022\/11\/769d453d-af2d-4729-b3e7-1d10d6044e61.jpg?resize=350%2C200&ssl=1","width":350,"height":200,"srcset":"https:\/\/i0.wp.com\/paulinenaue.info\/wp-content\/uploads\/2022\/11\/769d453d-af2d-4729-b3e7-1d10d6044e61.jpg?resize=350%2C200&ssl=1 1x, https:\/\/i0.wp.com\/paulinenaue.info\/wp-content\/uploads\/2022\/11\/769d453d-af2d-4729-b3e7-1d10d6044e61.jpg?resize=525%2C300&ssl=1 1.5x, https:\/\/i0.wp.com\/paulinenaue.info\/wp-content\/uploads\/2022\/11\/769d453d-af2d-4729-b3e7-1d10d6044e61.jpg?resize=700%2C400&ssl=1 2x, https:\/\/i0.wp.com\/paulinenaue.info\/wp-content\/uploads\/2022\/11\/769d453d-af2d-4729-b3e7-1d10d6044e61.jpg?resize=1050%2C600&ssl=1 3x, https:\/\/i0.wp.com\/paulinenaue.info\/wp-content\/uploads\/2022\/11\/769d453d-af2d-4729-b3e7-1d10d6044e61.jpg?resize=1400%2C800&ssl=1 4x"},"classes":[]},{"id":2465,"url":"https:\/\/paulinenaue.info\/index.php\/mit-dem-weihnachtsmarkt-in-den-advent\/","url_meta":{"origin":5549,"position":3},"title":"Mit dem Weihnachtsmarkt in den Advent","author":"Joachim Scholz","date":"2. Dezember 2018","format":false,"excerpt":"Am Samstag vor dem Ersten Advent fand in Paulinenaue wieder der Weihnachtsmarkt auf dem Gel\u00e4nde der Evangelischen Kirche statt. Mit den Vorbereitungen hatte das Organisationsteam schon im Juni begonnen. In den letzten Wochen wurde es dann spannend. An so vieles musste gedacht und alles koordiniert werden. Zum Paulinenauer Weihnachtsmarkt geh\u00f6ren\u2026","rel":"","context":"In &quot;Allgemein&quot;","block_context":{"text":"Allgemein","link":"https:\/\/paulinenaue.info\/index.php\/category\/allgemein\/"},"img":{"alt_text":"","src":"https:\/\/i0.wp.com\/paulinenaue.info\/wp-content\/uploads\/2018\/12\/DSC05940.jpg?resize=350%2C200&ssl=1","width":350,"height":200,"srcset":"https:\/\/i0.wp.com\/paulinenaue.info\/wp-content\/uploads\/2018\/12\/DSC05940.jpg?resize=350%2C200&ssl=1 1x, https:\/\/i0.wp.com\/paulinenaue.info\/wp-content\/uploads\/2018\/12\/DSC05940.jpg?resize=525%2C300&ssl=1 1.5x, https:\/\/i0.wp.com\/paulinenaue.info\/wp-content\/uploads\/2018\/12\/DSC05940.jpg?resize=700%2C400&ssl=1 2x"},"classes":[]},{"id":416973,"url":"https:\/\/paulinenaue.info\/index.php\/kultur-zum-jahresende-der-paulinenauer-weihnachtsmarkt\/","url_meta":{"origin":5549,"position":4},"title":"Kultur zum Jahresende \u2013\u00a0Der Paulinenauer Weihnachtsmarkt","author":"Joachim Scholz","date":"1. Dezember 2024","format":false,"excerpt":"Am Ende dieses Jahr standen und stehen in Paulinenaue einige kulturelle Highlights auf der Tagesordnung. Wir feierten das hundertste Gemeindejubil\u00e4um, erlebten Stunden der Besinnlichkeit beim Martinsfest oder\u00a0 die j\u00e4hrliche Andacht f\u00fcr die \u00fcbers Jahr Verstorbenen auf dem Friedhof. Das Dorfbild zeigte mit dem\u00a0Arrangement aus B\u00e4nken und Tisch vor der Schule\u2026","rel":"","context":"In &quot;Allgemein&quot;","block_context":{"text":"Allgemein","link":"https:\/\/paulinenaue.info\/index.php\/category\/allgemein\/"},"img":{"alt_text":"","src":"https:\/\/i0.wp.com\/paulinenaue.info\/wp-content\/uploads\/2024\/12\/2024-11-30-Weihnachtsmarkt-04.jpeg?resize=350%2C200&ssl=1","width":350,"height":200,"srcset":"https:\/\/i0.wp.com\/paulinenaue.info\/wp-content\/uploads\/2024\/12\/2024-11-30-Weihnachtsmarkt-04.jpeg?resize=350%2C200&ssl=1 1x, https:\/\/i0.wp.com\/paulinenaue.info\/wp-content\/uploads\/2024\/12\/2024-11-30-Weihnachtsmarkt-04.jpeg?resize=525%2C300&ssl=1 1.5x, https:\/\/i0.wp.com\/paulinenaue.info\/wp-content\/uploads\/2024\/12\/2024-11-30-Weihnachtsmarkt-04.jpeg?resize=700%2C400&ssl=1 2x"},"classes":[]},{"id":5166,"url":"https:\/\/paulinenaue.info\/index.php\/mit-dem-weihnachtsmarkt-in-den-advent-2\/","url_meta":{"origin":5549,"position":5},"title":"Mit dem Weihnachtsmarkt in den Advent","author":"Sarah","date":"4. Dezember 2019","format":false,"excerpt":"Ein Highlight durfte auch in diesem Jahr nicht fehlen - der Weihnachtsmarkt rund um unsere Kirche. F\u00fcr mich ist es einer der sch\u00f6nsten, wenn nicht sogar der sch\u00f6nste! Wo findet man einen so gem\u00fctlichen, famili\u00e4ren Weihnachtsmarkt schon? Aber die tolle Atmosph\u00e4re entstand nicht nur durch die liebevolle Dekoration, sondern im\u2026","rel":"","context":"In &quot;Allgemein&quot;","block_context":{"text":"Allgemein","link":"https:\/\/paulinenaue.info\/index.php\/category\/allgemein\/"},"img":{"alt_text":"","src":"https:\/\/i0.wp.com\/paulinenaue.info\/wp-content\/uploads\/2019\/12\/7-scaled.jpg?resize=350%2C200&ssl=1","width":350,"height":200,"srcset":"https:\/\/i0.wp.com\/paulinenaue.info\/wp-content\/uploads\/2019\/12\/7-scaled.jpg?resize=350%2C200&ssl=1 1x, https:\/\/i0.wp.com\/paulinenaue.info\/wp-content\/uploads\/2019\/12\/7-scaled.jpg?resize=525%2C300&ssl=1 1.5x, https:\/\/i0.wp.com\/paulinenaue.info\/wp-content\/uploads\/2019\/12\/7-scaled.jpg?resize=700%2C400&ssl=1 2x, https:\/\/i0.wp.com\/paulinenaue.info\/wp-content\/uploads\/2019\/12\/7-scaled.jpg?resize=1050%2C600&ssl=1 3x, https:\/\/i0.wp.com\/paulinenaue.info\/wp-content\/uploads\/2019\/12\/7-scaled.jpg?resize=1400%2C800&ssl=1 4x"},"classes":[]}],"_links":{"self":[{"href":"https:\/\/paulinenaue.info\/index.php\/wp-json\/wp\/v2\/posts\/5549","targetHints":{"allow":["GET"]}}],"collection":[{"href":"https:\/\/paulinenaue.info\/index.php\/wp-json\/wp\/v2\/posts"}],"about":[{"href":"https:\/\/paulinenaue.info\/index.php\/wp-json\/wp\/v2\/types\/post"}],"author":[{"embeddable":true,"href":"https:\/\/paulinenaue.info\/index.php\/wp-json\/wp\/v2\/users\/3"}],"replies":[{"embeddable":true,"href":"https:\/\/paulinenaue.info\/index.php\/wp-json\/wp\/v2\/comments?post=5549"}],"version-history":[{"count":3,"href":"https:\/\/paulinenaue.info\/index.php\/wp-json\/wp\/v2\/posts\/5549\/revisions"}],"predecessor-version":[{"id":5552,"href":"https:\/\/paulinenaue.info\/index.php\/wp-json\/wp\/v2\/posts\/5549\/revisions\/5552"}],"wp:featuredmedia":[{"embeddable":true,"href":"https:\/\/paulinenaue.info\/index.php\/wp-json\/wp\/v2\/media\/5180"}],"wp:attachment":[{"href":"https:\/\/paulinenaue.info\/index.php\/wp-json\/wp\/v2\/media?parent=5549"}],"wp:term":[{"taxonomy":"category","embeddable":true,"href":"https:\/\/paulinenaue.info\/index.php\/wp-json\/wp\/v2\/categories?post=5549"},{"taxonomy":"post_tag","embeddable":true,"href":"https:\/\/paulinenaue.info\/index.php\/wp-json\/wp\/v2\/tags?post=5549"}],"curies":[{"name":"wp","href":"https:\/\/api.w.org\/{rel}","templated":true}]}}