{"id":5555,"date":"2020-10-31T21:46:21","date_gmt":"2020-10-31T15:46:21","guid":{"rendered":"https:\/\/paulinenaue.info\/?p=5555"},"modified":"2020-10-31T21:46:21","modified_gmt":"2020-10-31T15:46:21","slug":"paulinenaue-kalender-2021","status":"publish","type":"post","link":"https:\/\/paulinenaue.info\/index.php\/paulinenaue-kalender-2021\/","title":{"rendered":"Paulinenaue-Kalender 2021"},"content":{"rendered":"<p>Im Paulinenaue-Kalender des n\u00e4chsten Jahres soll sich alles um G\u00e4rten in Paulinenaue drehen &#8211; Blumen, Str\u00e4ucher, B\u00e4ume, Gartenarbeit, Gartenbewohner.<\/p>\n<p>Daf\u00fcr bitten wir um Einsendungen von Bildern aus Ihrem Garten! Die Bilder sollten eine m\u00f6glichst hohe Aufl\u00f6sung haben und im Querformat sein. Schreiben Sie auch gern einen kleinen Text, was auf den Bildern zu sehen ist, dieser kann dann in den Kalender aufgenommen werden.<\/p>\n<p>Einsendungen bitte bis zum <strong>22.11.2020<\/strong> an <strong>kulturverein@paulinenaue.info<\/strong> unter dem Betreff &#8222;Paulinenaue-Kalender 2021&#8220;.<\/p>\n","protected":false},"excerpt":{"rendered":"<p>Im Paulinenaue-Kalender des n\u00e4chsten Jahres soll sich alles um G\u00e4rten [&hellip;]<\/p>\n","protected":false},"author":3,"featured_media":5556,"comment_status":"open","ping_status":"open","sticky":false,"template":"","format":"standard","meta":{"_acf_changed":false,"_price":"","_stock":"","_tribe_ticket_header":"","_tribe_default_ticket_provider":"","_tribe_ticket_capacity":"0","_ticket_start_date":"","_ticket_end_date":"","_tribe_ticket_show_description":"","_tribe_ticket_show_not_going":false,"_tribe_ticket_use_global_stock":"","_tribe_ticket_global_stock_level":"","_global_stock_mode":"","_global_stock_cap":"","_tribe_rsvp_for_event":"","_tribe_ticket_going_count":"","_tribe_ticket_not_going_count":"","_tribe_tickets_list":"[]","_tribe_ticket_has_attendee_info_fields":false,"jetpack_post_was_ever_published":false,"_jetpack_newsletter_access":"","_jetpack_dont_email_post_to_subs":false,"_jetpack_newsletter_tier_id":0,"_jetpack_memberships_contains_paywalled_content":false,"_jetpack_memberships_contains_paid_content":false,"footnotes":"","jetpack_publicize_message":"","jetpack_publicize_feature_enabled":true,"jetpack_social_post_already_shared":true,"jetpack_social_options":{"image_generator_settings":{"template":"highway","default_image_id":0,"font":"","enabled":false},"version":2}},"categories":[1,47,216,9],"tags":[361,90,360],"class_list":["post-5555","post","type-post","status-publish","format-standard","has-post-thumbnail","hentry","category-allgemein","category-kulturverein","category-natur","category-neuigkeiten","tag-garten","tag-kalender","tag-paulinenaue-kalender"],"acf":[],"yoast_head":"<!-- This site is optimized with the Yoast SEO plugin v27.5 - https:\/\/yoast.com\/product\/yoast-seo-wordpress\/ -->\n<title>Paulinenaue-Kalender 2021 - Paulinenaue<\/title>\n<meta name=\"robots\" content=\"index, follow, max-snippet:-1, max-image-preview:large, max-video-preview:-1\" \/>\n<link rel=\"canonical\" href=\"https:\/\/paulinenaue.info\/index.php\/paulinenaue-kalender-2021\/\" \/>\n<meta property=\"og:locale\" content=\"de_DE\" \/>\n<meta property=\"og:type\" content=\"article\" \/>\n<meta property=\"og:title\" content=\"Paulinenaue-Kalender 2021 - Paulinenaue\" \/>\n<meta property=\"og:description\" content=\"Im Paulinenaue-Kalender des n\u00e4chsten Jahres soll sich alles um G\u00e4rten [&hellip;]\" \/>\n<meta property=\"og:url\" content=\"https:\/\/paulinenaue.info\/index.php\/paulinenaue-kalender-2021\/\" \/>\n<meta property=\"og:site_name\" content=\"Paulinenaue\" \/>\n<meta property=\"article:published_time\" content=\"2020-10-31T15:46:21+00:00\" \/>\n<meta property=\"og:image\" content=\"https:\/\/i0.wp.com\/paulinenaue.info\/wp-content\/uploads\/2020\/10\/IMG_20201031_101908-scaled.jpg?fit=2560%2C1920&ssl=1\" \/>\n\t<meta property=\"og:image:width\" content=\"2560\" \/>\n\t<meta property=\"og:image:height\" content=\"1920\" \/>\n\t<meta property=\"og:image:type\" content=\"image\/jpeg\" \/>\n<meta name=\"author\" content=\"Sarah\" \/>\n<meta name=\"twitter:card\" content=\"summary_large_image\" \/>\n<meta name=\"twitter:label1\" content=\"Verfasst von\" \/>\n\t<meta name=\"twitter:data1\" content=\"Sarah\" \/>\n<script type=\"application\/ld+json\" class=\"yoast-schema-graph\">{\"@context\":\"https:\\\/\\\/schema.org\",\"@graph\":[{\"@type\":\"Article\",\"@id\":\"https:\\\/\\\/paulinenaue.info\\\/index.php\\\/paulinenaue-kalender-2021\\\/#article\",\"isPartOf\":{\"@id\":\"https:\\\/\\\/paulinenaue.info\\\/index.php\\\/paulinenaue-kalender-2021\\\/\"},\"author\":{\"name\":\"Sarah\",\"@id\":\"https:\\\/\\\/paulinenaue.info\\\/#\\\/schema\\\/person\\\/e5be566a57b5b3f65d2c65a58c42325e\"},\"headline\":\"Paulinenaue-Kalender 2021\",\"datePublished\":\"2020-10-31T15:46:21+00:00\",\"mainEntityOfPage\":{\"@id\":\"https:\\\/\\\/paulinenaue.info\\\/index.php\\\/paulinenaue-kalender-2021\\\/\"},\"wordCount\":83,\"commentCount\":0,\"image\":{\"@id\":\"https:\\\/\\\/paulinenaue.info\\\/index.php\\\/paulinenaue-kalender-2021\\\/#primaryimage\"},\"thumbnailUrl\":\"https:\\\/\\\/paulinenaue.info\\\/wp-content\\\/uploads\\\/2020\\\/10\\\/IMG_20201031_101908-scaled.jpg\",\"keywords\":[\"Garten\",\"Kalender\",\"Paulinenaue-Kalender\"],\"articleSection\":{\"1\":\"Kulturverein\",\"2\":\"Natur\",\"3\":\"Neuigkeiten\"},\"inLanguage\":\"de\",\"potentialAction\":[{\"@type\":\"CommentAction\",\"name\":\"Comment\",\"target\":[\"https:\\\/\\\/paulinenaue.info\\\/index.php\\\/paulinenaue-kalender-2021\\\/#respond\"]}]},{\"@type\":\"WebPage\",\"@id\":\"https:\\\/\\\/paulinenaue.info\\\/index.php\\\/paulinenaue-kalender-2021\\\/\",\"url\":\"https:\\\/\\\/paulinenaue.info\\\/index.php\\\/paulinenaue-kalender-2021\\\/\",\"name\":\"Paulinenaue-Kalender 2021 - Paulinenaue\",\"isPartOf\":{\"@id\":\"https:\\\/\\\/paulinenaue.info\\\/#website\"},\"primaryImageOfPage\":{\"@id\":\"https:\\\/\\\/paulinenaue.info\\\/index.php\\\/paulinenaue-kalender-2021\\\/#primaryimage\"},\"image\":{\"@id\":\"https:\\\/\\\/paulinenaue.info\\\/index.php\\\/paulinenaue-kalender-2021\\\/#primaryimage\"},\"thumbnailUrl\":\"https:\\\/\\\/paulinenaue.info\\\/wp-content\\\/uploads\\\/2020\\\/10\\\/IMG_20201031_101908-scaled.jpg\",\"datePublished\":\"2020-10-31T15:46:21+00:00\",\"author\":{\"@id\":\"https:\\\/\\\/paulinenaue.info\\\/#\\\/schema\\\/person\\\/e5be566a57b5b3f65d2c65a58c42325e\"},\"breadcrumb\":{\"@id\":\"https:\\\/\\\/paulinenaue.info\\\/index.php\\\/paulinenaue-kalender-2021\\\/#breadcrumb\"},\"inLanguage\":\"de\",\"potentialAction\":[{\"@type\":\"ReadAction\",\"target\":[\"https:\\\/\\\/paulinenaue.info\\\/index.php\\\/paulinenaue-kalender-2021\\\/\"]}]},{\"@type\":\"ImageObject\",\"inLanguage\":\"de\",\"@id\":\"https:\\\/\\\/paulinenaue.info\\\/index.php\\\/paulinenaue-kalender-2021\\\/#primaryimage\",\"url\":\"https:\\\/\\\/paulinenaue.info\\\/wp-content\\\/uploads\\\/2020\\\/10\\\/IMG_20201031_101908-scaled.jpg\",\"contentUrl\":\"https:\\\/\\\/paulinenaue.info\\\/wp-content\\\/uploads\\\/2020\\\/10\\\/IMG_20201031_101908-scaled.jpg\",\"width\":2560,\"height\":1920},{\"@type\":\"BreadcrumbList\",\"@id\":\"https:\\\/\\\/paulinenaue.info\\\/index.php\\\/paulinenaue-kalender-2021\\\/#breadcrumb\",\"itemListElement\":[{\"@type\":\"ListItem\",\"position\":1,\"name\":\"Home\",\"item\":\"https:\\\/\\\/paulinenaue.info\\\/\"},{\"@type\":\"ListItem\",\"position\":2,\"name\":\"Paulinenaue-Kalender 2021\"}]},{\"@type\":\"WebSite\",\"@id\":\"https:\\\/\\\/paulinenaue.info\\\/#website\",\"url\":\"https:\\\/\\\/paulinenaue.info\\\/\",\"name\":\"Paulinenaue\",\"description\":\"Ein Dorf im Havelland\",\"potentialAction\":[{\"@type\":\"SearchAction\",\"target\":{\"@type\":\"EntryPoint\",\"urlTemplate\":\"https:\\\/\\\/paulinenaue.info\\\/?s={search_term_string}\"},\"query-input\":{\"@type\":\"PropertyValueSpecification\",\"valueRequired\":true,\"valueName\":\"search_term_string\"}}],\"inLanguage\":\"de\"},{\"@type\":\"Person\",\"@id\":\"https:\\\/\\\/paulinenaue.info\\\/#\\\/schema\\\/person\\\/e5be566a57b5b3f65d2c65a58c42325e\",\"name\":\"Sarah\",\"url\":\"https:\\\/\\\/paulinenaue.info\\\/index.php\\\/author\\\/sarah\\\/\"}]}<\/script>\n<!-- \/ Yoast SEO plugin. -->","yoast_head_json":{"title":"Paulinenaue-Kalender 2021 - Paulinenaue","robots":{"index":"index","follow":"follow","max-snippet":"max-snippet:-1","max-image-preview":"max-image-preview:large","max-video-preview":"max-video-preview:-1"},"canonical":"https:\/\/paulinenaue.info\/index.php\/paulinenaue-kalender-2021\/","og_locale":"de_DE","og_type":"article","og_title":"Paulinenaue-Kalender 2021 - Paulinenaue","og_description":"Im Paulinenaue-Kalender des n\u00e4chsten Jahres soll sich alles um G\u00e4rten [&hellip;]","og_url":"https:\/\/paulinenaue.info\/index.php\/paulinenaue-kalender-2021\/","og_site_name":"Paulinenaue","article_published_time":"2020-10-31T15:46:21+00:00","og_image":[{"width":2560,"height":1920,"url":"https:\/\/i0.wp.com\/paulinenaue.info\/wp-content\/uploads\/2020\/10\/IMG_20201031_101908-scaled.jpg?fit=2560%2C1920&ssl=1","type":"image\/jpeg"}],"author":"Sarah","twitter_card":"summary_large_image","twitter_misc":{"Verfasst von":"Sarah"},"schema":{"@context":"https:\/\/schema.org","@graph":[{"@type":"Article","@id":"https:\/\/paulinenaue.info\/index.php\/paulinenaue-kalender-2021\/#article","isPartOf":{"@id":"https:\/\/paulinenaue.info\/index.php\/paulinenaue-kalender-2021\/"},"author":{"name":"Sarah","@id":"https:\/\/paulinenaue.info\/#\/schema\/person\/e5be566a57b5b3f65d2c65a58c42325e"},"headline":"Paulinenaue-Kalender 2021","datePublished":"2020-10-31T15:46:21+00:00","mainEntityOfPage":{"@id":"https:\/\/paulinenaue.info\/index.php\/paulinenaue-kalender-2021\/"},"wordCount":83,"commentCount":0,"image":{"@id":"https:\/\/paulinenaue.info\/index.php\/paulinenaue-kalender-2021\/#primaryimage"},"thumbnailUrl":"https:\/\/paulinenaue.info\/wp-content\/uploads\/2020\/10\/IMG_20201031_101908-scaled.jpg","keywords":["Garten","Kalender","Paulinenaue-Kalender"],"articleSection":{"1":"Kulturverein","2":"Natur","3":"Neuigkeiten"},"inLanguage":"de","potentialAction":[{"@type":"CommentAction","name":"Comment","target":["https:\/\/paulinenaue.info\/index.php\/paulinenaue-kalender-2021\/#respond"]}]},{"@type":"WebPage","@id":"https:\/\/paulinenaue.info\/index.php\/paulinenaue-kalender-2021\/","url":"https:\/\/paulinenaue.info\/index.php\/paulinenaue-kalender-2021\/","name":"Paulinenaue-Kalender 2021 - Paulinenaue","isPartOf":{"@id":"https:\/\/paulinenaue.info\/#website"},"primaryImageOfPage":{"@id":"https:\/\/paulinenaue.info\/index.php\/paulinenaue-kalender-2021\/#primaryimage"},"image":{"@id":"https:\/\/paulinenaue.info\/index.php\/paulinenaue-kalender-2021\/#primaryimage"},"thumbnailUrl":"https:\/\/paulinenaue.info\/wp-content\/uploads\/2020\/10\/IMG_20201031_101908-scaled.jpg","datePublished":"2020-10-31T15:46:21+00:00","author":{"@id":"https:\/\/paulinenaue.info\/#\/schema\/person\/e5be566a57b5b3f65d2c65a58c42325e"},"breadcrumb":{"@id":"https:\/\/paulinenaue.info\/index.php\/paulinenaue-kalender-2021\/#breadcrumb"},"inLanguage":"de","potentialAction":[{"@type":"ReadAction","target":["https:\/\/paulinenaue.info\/index.php\/paulinenaue-kalender-2021\/"]}]},{"@type":"ImageObject","inLanguage":"de","@id":"https:\/\/paulinenaue.info\/index.php\/paulinenaue-kalender-2021\/#primaryimage","url":"https:\/\/paulinenaue.info\/wp-content\/uploads\/2020\/10\/IMG_20201031_101908-scaled.jpg","contentUrl":"https:\/\/paulinenaue.info\/wp-content\/uploads\/2020\/10\/IMG_20201031_101908-scaled.jpg","width":2560,"height":1920},{"@type":"BreadcrumbList","@id":"https:\/\/paulinenaue.info\/index.php\/paulinenaue-kalender-2021\/#breadcrumb","itemListElement":[{"@type":"ListItem","position":1,"name":"Home","item":"https:\/\/paulinenaue.info\/"},{"@type":"ListItem","position":2,"name":"Paulinenaue-Kalender 2021"}]},{"@type":"WebSite","@id":"https:\/\/paulinenaue.info\/#website","url":"https:\/\/paulinenaue.info\/","name":"Paulinenaue","description":"Ein Dorf im Havelland","potentialAction":[{"@type":"SearchAction","target":{"@type":"EntryPoint","urlTemplate":"https:\/\/paulinenaue.info\/?s={search_term_string}"},"query-input":{"@type":"PropertyValueSpecification","valueRequired":true,"valueName":"search_term_string"}}],"inLanguage":"de"},{"@type":"Person","@id":"https:\/\/paulinenaue.info\/#\/schema\/person\/e5be566a57b5b3f65d2c65a58c42325e","name":"Sarah","url":"https:\/\/paulinenaue.info\/index.php\/author\/sarah\/"}]}},"jetpack_publicize_connections":[],"jetpack_featured_media_url":"https:\/\/paulinenaue.info\/wp-content\/uploads\/2020\/10\/IMG_20201031_101908-scaled.jpg","jetpack_sharing_enabled":true,"jetpack_shortlink":"https:\/\/wp.me\/pcYhWA-1rB","jetpack-related-posts":[{"id":5620,"url":"https:\/\/paulinenaue.info\/index.php\/neuer-paulinenaue-kalender-erschienen\/","url_meta":{"origin":5555,"position":0},"title":"Neuer Paulinenaue-Kalender erschienen","author":"Sarah","date":"4. Dezember 2020","format":false,"excerpt":"Der neue Paulinenaue-Kalender ist heute druckfrisch eingetroffen! Er zeigt Aufnahmen aus Paulinenaues G\u00e4rten im Jahresverlauf. Die Auswahl der eingesendeten Bilder war nicht einfach, vielen Dank f\u00fcr die wirklich sch\u00f6nen Aufnahmen, die mit einem Gratis-Exemplar belohnt werden. Zum Preis von 8,00 \u20ac kann der Kalender an den unten aufgef\u00fchrten Orten erworben\u2026","rel":"","context":"In &quot;Kulturverein&quot;","block_context":{"text":"Kulturverein","link":"https:\/\/paulinenaue.info\/index.php\/category\/kulturverein\/"},"img":{"alt_text":"","src":"https:\/\/i0.wp.com\/paulinenaue.info\/wp-content\/uploads\/2020\/12\/Kalender-2021-Bild-2-e1607097200767-300x207.png?resize=350%2C200&ssl=1","width":350,"height":200},"classes":[]},{"id":554,"url":"https:\/\/paulinenaue.info\/index.php\/neuer-kalender-paulinenaue-im-havelland-2017-erschienen\/","url_meta":{"origin":5555,"position":1},"title":"Neuer Kalender \u201ePaulinenaue im Havelland 2017\u201c erschienen","author":"Joachim Scholz","date":"25. November 2016","format":false,"excerpt":"P\u00fcnktlich zum zehnten Paulinenauer Weihnachtsmarkt am Ersten Advent gibt der Kulturverein wieder einen Kalender f\u00fcr das neue Jahr 2017 heraus. In ihm finden sich Fotografien von Tilo Geisel, Joachim Scholz, Sarah Vierjahn und Henriette von der Waydbrink, von der auch das Titelbild \u2013 ein besonders stimmungsvoller Sonnenuntergang am Kanal \u2013\u2026","rel":"","context":"In &quot;Hier Zuhause&quot;","block_context":{"text":"Hier Zuhause","link":"https:\/\/paulinenaue.info\/index.php\/category\/hier-zuhause\/"},"img":{"alt_text":"","src":"https:\/\/i0.wp.com\/paulinenaue.info\/wp-content\/uploads\/2016\/11\/Kalender_Paulinenaue_2017_01_pdf.jpg?resize=350%2C200&ssl=1","width":350,"height":200,"srcset":"https:\/\/i0.wp.com\/paulinenaue.info\/wp-content\/uploads\/2016\/11\/Kalender_Paulinenaue_2017_01_pdf.jpg?resize=350%2C200&ssl=1 1x, https:\/\/i0.wp.com\/paulinenaue.info\/wp-content\/uploads\/2016\/11\/Kalender_Paulinenaue_2017_01_pdf.jpg?resize=525%2C300&ssl=1 1.5x, https:\/\/i0.wp.com\/paulinenaue.info\/wp-content\/uploads\/2016\/11\/Kalender_Paulinenaue_2017_01_pdf.jpg?resize=700%2C400&ssl=1 2x, https:\/\/i0.wp.com\/paulinenaue.info\/wp-content\/uploads\/2016\/11\/Kalender_Paulinenaue_2017_01_pdf.jpg?resize=1050%2C600&ssl=1 3x, https:\/\/i0.wp.com\/paulinenaue.info\/wp-content\/uploads\/2016\/11\/Kalender_Paulinenaue_2017_01_pdf.jpg?resize=1400%2C800&ssl=1 4x"},"classes":[]},{"id":109773,"url":"https:\/\/paulinenaue.info\/index.php\/vor-ostern-2022\/","url_meta":{"origin":5555,"position":2},"title":"Vor Ostern 2022","author":"Sarah","date":"8. April 2022","format":false,"excerpt":"","rel":"","context":"In &quot;Allgemein&quot;","block_context":{"text":"Allgemein","link":"https:\/\/paulinenaue.info\/index.php\/category\/allgemein\/"},"img":{"alt_text":"","src":"https:\/\/i0.wp.com\/paulinenaue.info\/wp-content\/uploads\/2022\/04\/ostern1.jpg?resize=350%2C200&ssl=1","width":350,"height":200,"srcset":"https:\/\/i0.wp.com\/paulinenaue.info\/wp-content\/uploads\/2022\/04\/ostern1.jpg?resize=350%2C200&ssl=1 1x, https:\/\/i0.wp.com\/paulinenaue.info\/wp-content\/uploads\/2022\/04\/ostern1.jpg?resize=525%2C300&ssl=1 1.5x, https:\/\/i0.wp.com\/paulinenaue.info\/wp-content\/uploads\/2022\/04\/ostern1.jpg?resize=700%2C400&ssl=1 2x, https:\/\/i0.wp.com\/paulinenaue.info\/wp-content\/uploads\/2022\/04\/ostern1.jpg?resize=1050%2C600&ssl=1 3x, https:\/\/i0.wp.com\/paulinenaue.info\/wp-content\/uploads\/2022\/04\/ostern1.jpg?resize=1400%2C800&ssl=1 4x"},"classes":[]},{"id":414989,"url":"https:\/\/paulinenaue.info\/index.php\/paulinenaue-kalender-2023-erschienen\/","url_meta":{"origin":5555,"position":3},"title":"Paulinenaue-Kalender 2023 erschienen","author":"Joachim Scholz","date":"2. Dezember 2022","format":false,"excerpt":"Es gibt ihn wieder, den Fotokalender mit Paulinenauer Motiven f\u00fcr das n\u00e4chste Jahr. Der aktuelle Kalender ist eine Werkschau von Eberhard Schwarz, der in den 1980er-Jahren bereits dem Fotozirkel des Institutes unter der Leitung von Georg Drasch\u00e9 angeh\u00f6rte. Schwarz, der zu vielen Anl\u00e4ssen die Kamera dabei hat, dokumentiert auch regelm\u00e4\u00dfig\u2026","rel":"","context":"In &quot;Allgemein&quot;","block_context":{"text":"Allgemein","link":"https:\/\/paulinenaue.info\/index.php\/category\/allgemein\/"},"img":{"alt_text":"","src":"https:\/\/i0.wp.com\/paulinenaue.info\/wp-content\/uploads\/2022\/12\/2022-12-02-Kalender-2023.jpeg?resize=350%2C200&ssl=1","width":350,"height":200,"srcset":"https:\/\/i0.wp.com\/paulinenaue.info\/wp-content\/uploads\/2022\/12\/2022-12-02-Kalender-2023.jpeg?resize=350%2C200&ssl=1 1x, https:\/\/i0.wp.com\/paulinenaue.info\/wp-content\/uploads\/2022\/12\/2022-12-02-Kalender-2023.jpeg?resize=525%2C300&ssl=1 1.5x, https:\/\/i0.wp.com\/paulinenaue.info\/wp-content\/uploads\/2022\/12\/2022-12-02-Kalender-2023.jpeg?resize=700%2C400&ssl=1 2x"},"classes":[]},{"id":1827,"url":"https:\/\/paulinenaue.info\/index.php\/der-neue-kalender-paulinenaue-nach-der-gemeindegruendung-1924-1933-erscheint-zum-weihnachtsmarkt\/","url_meta":{"origin":5555,"position":4},"title":"Ein neuer Kalender erscheint zum Weihnachtsmarkt!","author":"Joachim Scholz","date":"26. November 2017","format":false,"excerpt":"\u201eWas war das f\u00fcr eine Zeit, als die heute \u00e4ltesten Paulinenauer kleine Kinder waren?\u201c, wird im neuen Kalender f\u00fcr das n\u00e4chste Jahr 2018 gefragt.\u00a0P\u00fcnktlich zum Weihnachtsmarkt am 2. Dezember soll der Kalender fertig sein und kann dort am Stand des Kulturvereins zum Preis von 10,- \u20ac erworben werden. Mit seinen\u2026","rel":"","context":"In &quot;Allgemein&quot;","block_context":{"text":"Allgemein","link":"https:\/\/paulinenaue.info\/index.php\/category\/allgemein\/"},"img":{"alt_text":"","src":"https:\/\/i0.wp.com\/paulinenaue.info\/wp-content\/uploads\/2017\/11\/Kalender_Paulinenaue_2018_01.jpg?resize=350%2C200&ssl=1","width":350,"height":200,"srcset":"https:\/\/i0.wp.com\/paulinenaue.info\/wp-content\/uploads\/2017\/11\/Kalender_Paulinenaue_2018_01.jpg?resize=350%2C200&ssl=1 1x, https:\/\/i0.wp.com\/paulinenaue.info\/wp-content\/uploads\/2017\/11\/Kalender_Paulinenaue_2018_01.jpg?resize=525%2C300&ssl=1 1.5x, https:\/\/i0.wp.com\/paulinenaue.info\/wp-content\/uploads\/2017\/11\/Kalender_Paulinenaue_2018_01.jpg?resize=700%2C400&ssl=1 2x"},"classes":[]},{"id":415369,"url":"https:\/\/paulinenaue.info\/index.php\/paulinenaue-kalender-2024-erscheint-zum-weihnachtsmarkt\/","url_meta":{"origin":5555,"position":5},"title":"Paulinenaue-Kalender 2024 erscheint zum Weihnachtsmarkt","author":"Joachim Scholz","date":"18. November 2023","format":false,"excerpt":"Am 8. Dezember 2024 begeht Paulinenaue den 100. Jahrestag seiner Gemeindegr\u00fcndung. Unser Kalender weist in diesem Jahr auf Spuren und Traditionen aus der Zeit der Gemeindegr\u00fcndung hin, die heute noch sichtbar und erfahrbar sind. Zugleich m\u00f6chten wir mit ihm auf Besonderheiten unseres Dorfes hinweisen, die im Alltag \u00fcbersehen werden oder\u2026","rel":"","context":"In &quot;Allgemein&quot;","block_context":{"text":"Allgemein","link":"https:\/\/paulinenaue.info\/index.php\/category\/allgemein\/"},"img":{"alt_text":"","src":"https:\/\/i0.wp.com\/paulinenaue.info\/wp-content\/uploads\/2023\/11\/kalender2024.jpg?resize=350%2C200&ssl=1","width":350,"height":200,"srcset":"https:\/\/i0.wp.com\/paulinenaue.info\/wp-content\/uploads\/2023\/11\/kalender2024.jpg?resize=350%2C200&ssl=1 1x, https:\/\/i0.wp.com\/paulinenaue.info\/wp-content\/uploads\/2023\/11\/kalender2024.jpg?resize=525%2C300&ssl=1 1.5x, https:\/\/i0.wp.com\/paulinenaue.info\/wp-content\/uploads\/2023\/11\/kalender2024.jpg?resize=700%2C400&ssl=1 2x"},"classes":[]}],"_links":{"self":[{"href":"https:\/\/paulinenaue.info\/index.php\/wp-json\/wp\/v2\/posts\/5555","targetHints":{"allow":["GET"]}}],"collection":[{"href":"https:\/\/paulinenaue.info\/index.php\/wp-json\/wp\/v2\/posts"}],"about":[{"href":"https:\/\/paulinenaue.info\/index.php\/wp-json\/wp\/v2\/types\/post"}],"author":[{"embeddable":true,"href":"https:\/\/paulinenaue.info\/index.php\/wp-json\/wp\/v2\/users\/3"}],"replies":[{"embeddable":true,"href":"https:\/\/paulinenaue.info\/index.php\/wp-json\/wp\/v2\/comments?post=5555"}],"version-history":[{"count":2,"href":"https:\/\/paulinenaue.info\/index.php\/wp-json\/wp\/v2\/posts\/5555\/revisions"}],"predecessor-version":[{"id":5558,"href":"https:\/\/paulinenaue.info\/index.php\/wp-json\/wp\/v2\/posts\/5555\/revisions\/5558"}],"wp:featuredmedia":[{"embeddable":true,"href":"https:\/\/paulinenaue.info\/index.php\/wp-json\/wp\/v2\/media\/5556"}],"wp:attachment":[{"href":"https:\/\/paulinenaue.info\/index.php\/wp-json\/wp\/v2\/media?parent=5555"}],"wp:term":[{"taxonomy":"category","embeddable":true,"href":"https:\/\/paulinenaue.info\/index.php\/wp-json\/wp\/v2\/categories?post=5555"},{"taxonomy":"post_tag","embeddable":true,"href":"https:\/\/paulinenaue.info\/index.php\/wp-json\/wp\/v2\/tags?post=5555"}],"curies":[{"name":"wp","href":"https:\/\/api.w.org\/{rel}","templated":true}]}}