{"id":5560,"date":"2020-11-03T17:20:24","date_gmt":"2020-11-03T11:20:24","guid":{"rendered":"https:\/\/paulinenaue.info\/?p=5560"},"modified":"2020-11-03T17:22:53","modified_gmt":"2020-11-03T11:22:53","slug":"ist-das-kunst-oder-kann-das-weg","status":"publish","type":"post","link":"https:\/\/paulinenaue.info\/index.php\/ist-das-kunst-oder-kann-das-weg\/","title":{"rendered":"Ist das Kunst oder kann das weg?"},"content":{"rendered":"<p>Die Antwort ist klar &#8211; es kann weg! Zumindest das, was sich auf dem eigentlichen Kunstwerk von Graffitik\u00fcnstler Patrick Kieper befindet. Derjenige, welcher die Schmierereien an diversen Schildern und Bauwerken in Paulinenaue zu verantworten hat, hat mit Kunst eindeutig nichts am Hut.<\/p>\n<p>Eher zeugen die Schriftz\u00fcge von jugendlicher Langeweile, b\u00f6swilliger Besch\u00e4digung und einem Ausdruck von Nichts, denn die Message hinter den Buchstaben ist nicht zu erkennen. Auch google hilft nicht weiter. Unter dem Suchbegriff QWNA, wie an der Bushaltestelle in Pessin Ausbau zu lesen, will Google gleich auf Qwant korrigieren, die Suchmaschine eines franz\u00f6sischen Unternehmens. F\u00fcr TRK wird das Ergebnis &#8222;technische Richtkonzentration&#8220; geliefert. Eine Angabe f\u00fcr die Konzentration gef\u00e4hrlicher Stoffe am Arbeitsplatz. Die waren wohl auch beim sprayen der drei Buchstaben vorhanden&#8230;Hoffentlich wurde eine Atemschutzmaske getragen.\u00a0 Auch MESK und BBQ scheinen v\u00f6llig aus der Welt gegriffen &#8211; vielleicht Anfangsbuchstaben oder der &#8222;K\u00fcnstlername&#8220;. Es wird wohl nicht auf die Liebe des Beschmierers zum Grillen hin deuten.<\/p>\n<p>Auch in der Gemeindevertretung waren die Graffiti Thema. Der Beschluss zur Entfernung der Schriftz\u00fcge an der erst ein Jahr alten Br\u00fccke \u00fcber den Kanal nach Eichberge wurde einstimmig abgelehnt. Die Gefahr, dass neue Schriftz\u00fcge die Br\u00fccke zieren ist zu gro\u00df im Verh\u00e4ltnis zu den entstehenden Kosten.<\/p>\n<p>Apropos Kosten &#8211; Hier einmal eine kleine Rechnung, die man den Verursachern in Rechnung stellen k\u00f6nnte:<\/p>\n<p>Entfernung der Schmiererei und Aufbringung eines neuen Anti-Graffiti Schutzes an der Br\u00fccke kosten stolze 1.600 \u20ac. Weiter geht es mit den beiden Pfeilwegweisern. Der Neupreis bel\u00e4uft sich hier je nach Folientyp und Form auf je rund 120 \u20ac. Die Leitplatte auf der Verkehrsinsel in der Bahnhofstra\u00dfe\u00a0 schafft es auf rund 80 \u20ac Neuwert. Besonders bedauernswert ist auch das jetzige Aussehen des EMB-H\u00e4uschens am Ortsausgang Richtung Pessin. Dieses wurde vom Graffitik\u00fcnstler Patrick Kieper in m\u00fchevoller Arbeit gestaltet und ist nun von unsch\u00f6nem Beiwerk geschm\u00fcckt. Eine Reinigung ist hier unm\u00f6glich, neu dr\u00fcber spr\u00fchen auch nicht Sinn der Sache. Die EMB hat sich die Gestaltung ihres Gash\u00e4uschens sicher einiges kosten lassen. Der Ehrenkodex unter Graffiti-Malern &#8222;<strong>Crosse (\u00fcbermale) niemals ein Bild, das besser ist, als dein eigenes.&#8220; <\/strong>scheint den Paulinenauer Graffiti-&#8222;K\u00fcnstlern&#8220; nicht bekannt gewesen zu sein &#8211; eine Schande!<\/p>\n\n\t\t<style type=\"text\/css\">\n\t\t\t#gallery-1 {\n\t\t\t\tmargin: auto;\n\t\t\t}\n\t\t\t#gallery-1 .gallery-item {\n\t\t\t\tfloat: left;\n\t\t\t\tmargin-top: 10px;\n\t\t\t\ttext-align: center;\n\t\t\t\twidth: 33%;\n\t\t\t}\n\t\t\t#gallery-1 img {\n\t\t\t\tborder: 2px solid #cfcfcf;\n\t\t\t}\n\t\t\t#gallery-1 .gallery-caption {\n\t\t\t\tmargin-left: 0;\n\t\t\t}\n\t\t\t\/* see gallery_shortcode() in wp-includes\/media.php *\/\n\t\t<\/style>\n\t\t<div data-carousel-extra='{&quot;blog_id&quot;:1,&quot;permalink&quot;:&quot;https:\/\/paulinenaue.info\/index.php\/ist-das-kunst-oder-kann-das-weg\/&quot;}' id='gallery-1' class='gallery galleryid-5560 gallery-columns-3 gallery-size-thumbnail'><dl class='gallery-item'>\n\t\t\t<dt class='gallery-icon landscape'>\n\t\t\t\t<a data-rel=\"iLightbox[postimages]\" data-title=\"Pessin Richtung Paulinenaue\" data-caption=\"Schon auf dem Weg nach Paulinenaue haben die Beschmierer ihre Zeichen hinterlassen. Foto: Martin Hirsekorn\" href='https:\/\/paulinenaue.info\/index.php\/ist-das-kunst-oder-kann-das-weg\/pessin-richtung-paulinenaue\/'><img decoding=\"async\" width=\"150\" height=\"150\" src=\"https:\/\/paulinenaue.info\/wp-content\/uploads\/2020\/11\/Pessin-Richtung-Paulinenaue-150x150.jpg\" class=\"attachment-thumbnail size-thumbnail lazyload\" alt=\"\" aria-describedby=\"gallery-1-5565\" srcset=\"data:image\/svg+xml,%3Csvg%20xmlns%3D%27http%3A%2F%2Fwww.w3.org%2F2000%2Fsvg%27%20width%3D%271600%27%20height%3D%271200%27%20viewBox%3D%270%200%201600%201200%27%3E%3Crect%20width%3D%271600%27%20height%3D%271200%27%20fill-opacity%3D%220%22%2F%3E%3C%2Fsvg%3E\" data-orig-src=\"https:\/\/paulinenaue.info\/wp-content\/uploads\/2020\/11\/Pessin-Richtung-Paulinenaue-150x150.jpg\" data-srcset=\"https:\/\/paulinenaue.info\/wp-content\/uploads\/2020\/11\/Pessin-Richtung-Paulinenaue-100x100.jpg 100w, https:\/\/paulinenaue.info\/wp-content\/uploads\/2020\/11\/Pessin-Richtung-Paulinenaue-150x150.jpg 150w, https:\/\/paulinenaue.info\/wp-content\/uploads\/2020\/11\/Pessin-Richtung-Paulinenaue-210x210.jpg 210w, https:\/\/paulinenaue.info\/wp-content\/uploads\/2020\/11\/Pessin-Richtung-Paulinenaue-400x400.jpg 400w\" data-sizes=\"auto\" data-attachment-id=\"5565\" data-permalink=\"https:\/\/paulinenaue.info\/index.php\/ist-das-kunst-oder-kann-das-weg\/pessin-richtung-paulinenaue\/\" data-orig-file=\"https:\/\/paulinenaue.info\/wp-content\/uploads\/2020\/11\/Pessin-Richtung-Paulinenaue.jpg\" data-orig-size=\"1600,1200\" data-comments-opened=\"1\" data-image-meta=\"{&quot;aperture&quot;:&quot;0&quot;,&quot;credit&quot;:&quot;&quot;,&quot;camera&quot;:&quot;&quot;,&quot;caption&quot;:&quot;&quot;,&quot;created_timestamp&quot;:&quot;0&quot;,&quot;copyright&quot;:&quot;&quot;,&quot;focal_length&quot;:&quot;0&quot;,&quot;iso&quot;:&quot;0&quot;,&quot;shutter_speed&quot;:&quot;0&quot;,&quot;title&quot;:&quot;&quot;,&quot;orientation&quot;:&quot;0&quot;}\" data-image-title=\"Pessin Richtung Paulinenaue\" data-image-description=\"&lt;p&gt;Schon auf dem Weg nach Paulinenaue haben die Beschmierer ihre Zeichen hinterlassen. Foto: Martin Hirsekorn&lt;\/p&gt;\n\" data-image-caption=\"&lt;p&gt;Schon auf dem Weg nach Paulinenaue haben die Beschmierer ihre Zeichen hinterlassen. Foto: Martin Hirsekorn&lt;\/p&gt;\n\" data-large-file=\"https:\/\/paulinenaue.info\/wp-content\/uploads\/2020\/11\/Pessin-Richtung-Paulinenaue-1024x768.jpg\" \/><\/a>\n\t\t\t<\/dt>\n\t\t\t\t<dd class='wp-caption-text gallery-caption' id='gallery-1-5565'>\n\t\t\t\tSchon auf dem Weg nach Paulinenaue haben die Beschmierer ihre Zeichen hinterlassen. Foto: Martin Hirsekorn\n\t\t\t\t<\/dd><\/dl><dl class='gallery-item'>\n\t\t\t<dt class='gallery-icon portrait'>\n\t\t\t\t<a data-rel=\"iLightbox[postimages]\" data-title=\"Verkehrsinsel\" data-caption=\"Auch hier hatt BBQ seinen Schriftzug hinterlassen. Foto: Martin Hirsekorn\" href='https:\/\/paulinenaue.info\/index.php\/ist-das-kunst-oder-kann-das-weg\/verkehrsinsel\/'><img decoding=\"async\" width=\"150\" height=\"150\" src=\"https:\/\/paulinenaue.info\/wp-content\/uploads\/2020\/11\/Verkehrsinsel-150x150.jpg\" class=\"attachment-thumbnail size-thumbnail lazyload\" alt=\"\" aria-describedby=\"gallery-1-5567\" srcset=\"data:image\/svg+xml,%3Csvg%20xmlns%3D%27http%3A%2F%2Fwww.w3.org%2F2000%2Fsvg%27%20width%3D%271200%27%20height%3D%271600%27%20viewBox%3D%270%200%201200%201600%27%3E%3Crect%20width%3D%271200%27%20height%3D%271600%27%20fill-opacity%3D%220%22%2F%3E%3C%2Fsvg%3E\" data-orig-src=\"https:\/\/paulinenaue.info\/wp-content\/uploads\/2020\/11\/Verkehrsinsel-150x150.jpg\" data-srcset=\"https:\/\/paulinenaue.info\/wp-content\/uploads\/2020\/11\/Verkehrsinsel-100x100.jpg 100w, https:\/\/paulinenaue.info\/wp-content\/uploads\/2020\/11\/Verkehrsinsel-150x150.jpg 150w, https:\/\/paulinenaue.info\/wp-content\/uploads\/2020\/11\/Verkehrsinsel-210x210.jpg 210w, https:\/\/paulinenaue.info\/wp-content\/uploads\/2020\/11\/Verkehrsinsel-400x400.jpg 400w\" data-sizes=\"auto\" data-attachment-id=\"5567\" data-permalink=\"https:\/\/paulinenaue.info\/index.php\/ist-das-kunst-oder-kann-das-weg\/verkehrsinsel\/\" data-orig-file=\"https:\/\/paulinenaue.info\/wp-content\/uploads\/2020\/11\/Verkehrsinsel.jpg\" data-orig-size=\"1200,1600\" data-comments-opened=\"1\" data-image-meta=\"{&quot;aperture&quot;:&quot;0&quot;,&quot;credit&quot;:&quot;&quot;,&quot;camera&quot;:&quot;&quot;,&quot;caption&quot;:&quot;&quot;,&quot;created_timestamp&quot;:&quot;0&quot;,&quot;copyright&quot;:&quot;&quot;,&quot;focal_length&quot;:&quot;0&quot;,&quot;iso&quot;:&quot;0&quot;,&quot;shutter_speed&quot;:&quot;0&quot;,&quot;title&quot;:&quot;&quot;,&quot;orientation&quot;:&quot;0&quot;}\" data-image-title=\"Verkehrsinsel\" data-image-description=\"&lt;p&gt;Auch hier hatt BBQ seinen Schriftzug hinterlassen. Foto: Martin Hirsekorn&lt;\/p&gt;\n\" data-image-caption=\"&lt;p&gt;Auch hier hatt BBQ seinen Schriftzug hinterlassen. Foto: Martin Hirsekorn&lt;\/p&gt;\n\" data-large-file=\"https:\/\/paulinenaue.info\/wp-content\/uploads\/2020\/11\/Verkehrsinsel-768x1024.jpg\" \/><\/a>\n\t\t\t<\/dt>\n\t\t\t\t<dd class='wp-caption-text gallery-caption' id='gallery-1-5567'>\n\t\t\t\tAuch hier hatt BBQ seinen Schriftzug hinterlassen. Foto: Martin Hirsekorn\n\t\t\t\t<\/dd><\/dl><dl class='gallery-item'>\n\t\t\t<dt class='gallery-icon landscape'>\n\t\t\t\t<a data-rel=\"iLightbox[postimages]\" data-title=\"Schild Berge\" data-caption=\"Hier geht es nicht mehr nur nach Berge sondern auch in unlesbare Weiten. Foto: Martin Hirsekorn\" href='https:\/\/paulinenaue.info\/index.php\/ist-das-kunst-oder-kann-das-weg\/schild-berge\/'><img decoding=\"async\" width=\"150\" height=\"150\" src=\"https:\/\/paulinenaue.info\/wp-content\/uploads\/2020\/11\/Schild-Berge-150x150.jpg\" class=\"attachment-thumbnail size-thumbnail lazyload\" alt=\"\" aria-describedby=\"gallery-1-5566\" srcset=\"data:image\/svg+xml,%3Csvg%20xmlns%3D%27http%3A%2F%2Fwww.w3.org%2F2000%2Fsvg%27%20width%3D%271600%27%20height%3D%271200%27%20viewBox%3D%270%200%201600%201200%27%3E%3Crect%20width%3D%271600%27%20height%3D%271200%27%20fill-opacity%3D%220%22%2F%3E%3C%2Fsvg%3E\" data-orig-src=\"https:\/\/paulinenaue.info\/wp-content\/uploads\/2020\/11\/Schild-Berge-150x150.jpg\" data-srcset=\"https:\/\/paulinenaue.info\/wp-content\/uploads\/2020\/11\/Schild-Berge-100x100.jpg 100w, https:\/\/paulinenaue.info\/wp-content\/uploads\/2020\/11\/Schild-Berge-150x150.jpg 150w, https:\/\/paulinenaue.info\/wp-content\/uploads\/2020\/11\/Schild-Berge-210x210.jpg 210w, https:\/\/paulinenaue.info\/wp-content\/uploads\/2020\/11\/Schild-Berge-400x400.jpg 400w\" data-sizes=\"auto\" data-attachment-id=\"5566\" data-permalink=\"https:\/\/paulinenaue.info\/index.php\/ist-das-kunst-oder-kann-das-weg\/schild-berge\/\" data-orig-file=\"https:\/\/paulinenaue.info\/wp-content\/uploads\/2020\/11\/Schild-Berge.jpg\" data-orig-size=\"1600,1200\" data-comments-opened=\"1\" data-image-meta=\"{&quot;aperture&quot;:&quot;0&quot;,&quot;credit&quot;:&quot;&quot;,&quot;camera&quot;:&quot;&quot;,&quot;caption&quot;:&quot;&quot;,&quot;created_timestamp&quot;:&quot;0&quot;,&quot;copyright&quot;:&quot;&quot;,&quot;focal_length&quot;:&quot;0&quot;,&quot;iso&quot;:&quot;0&quot;,&quot;shutter_speed&quot;:&quot;0&quot;,&quot;title&quot;:&quot;&quot;,&quot;orientation&quot;:&quot;0&quot;}\" data-image-title=\"Schild Berge\" data-image-description=\"&lt;p&gt;Hier geht es nicht mehr nur nach Berge sondern auch in unlesbare Weiten. Foto: Martin Hirsekorn&lt;\/p&gt;\n\" data-image-caption=\"&lt;p&gt;Hier geht es nicht mehr nur nach Berge sondern auch in unlesbare Weiten. Foto: Martin Hirsekorn&lt;\/p&gt;\n\" data-large-file=\"https:\/\/paulinenaue.info\/wp-content\/uploads\/2020\/11\/Schild-Berge-1024x768.jpg\" \/><\/a>\n\t\t\t<\/dt>\n\t\t\t\t<dd class='wp-caption-text gallery-caption' id='gallery-1-5566'>\n\t\t\t\tHier geht es nicht mehr nur nach Berge sondern auch in unlesbare Weiten. Foto: Martin Hirsekorn\n\t\t\t\t<\/dd><\/dl><br style=\"clear: both\" \/><dl class='gallery-item'>\n\t\t\t<dt class='gallery-icon landscape'>\n\t\t\t\t<a data-rel=\"iLightbox[postimages]\" data-title=\"Bushaltestelle Pessin Ausbau\" data-caption=\"Die Bushaltestelle in Pessin Ausbau wird nun von lila Farbe &quot;geziert&quot;. Foto: Martin Hirsekorn\" href='https:\/\/paulinenaue.info\/index.php\/ist-das-kunst-oder-kann-das-weg\/bushaltestelle-pessin-ausbau\/'><img decoding=\"async\" width=\"150\" height=\"150\" src=\"https:\/\/paulinenaue.info\/wp-content\/uploads\/2020\/11\/Bushaltestelle-Pessin-Ausbau-150x150.jpg\" class=\"attachment-thumbnail size-thumbnail lazyload\" alt=\"\" aria-describedby=\"gallery-1-5563\" srcset=\"data:image\/svg+xml,%3Csvg%20xmlns%3D%27http%3A%2F%2Fwww.w3.org%2F2000%2Fsvg%27%20width%3D%271600%27%20height%3D%271200%27%20viewBox%3D%270%200%201600%201200%27%3E%3Crect%20width%3D%271600%27%20height%3D%271200%27%20fill-opacity%3D%220%22%2F%3E%3C%2Fsvg%3E\" data-orig-src=\"https:\/\/paulinenaue.info\/wp-content\/uploads\/2020\/11\/Bushaltestelle-Pessin-Ausbau-150x150.jpg\" data-srcset=\"https:\/\/paulinenaue.info\/wp-content\/uploads\/2020\/11\/Bushaltestelle-Pessin-Ausbau-100x100.jpg 100w, https:\/\/paulinenaue.info\/wp-content\/uploads\/2020\/11\/Bushaltestelle-Pessin-Ausbau-150x150.jpg 150w, https:\/\/paulinenaue.info\/wp-content\/uploads\/2020\/11\/Bushaltestelle-Pessin-Ausbau-210x210.jpg 210w, https:\/\/paulinenaue.info\/wp-content\/uploads\/2020\/11\/Bushaltestelle-Pessin-Ausbau-400x400.jpg 400w\" data-sizes=\"auto\" data-attachment-id=\"5563\" data-permalink=\"https:\/\/paulinenaue.info\/index.php\/ist-das-kunst-oder-kann-das-weg\/bushaltestelle-pessin-ausbau\/\" data-orig-file=\"https:\/\/paulinenaue.info\/wp-content\/uploads\/2020\/11\/Bushaltestelle-Pessin-Ausbau.jpg\" data-orig-size=\"1600,1200\" data-comments-opened=\"1\" data-image-meta=\"{&quot;aperture&quot;:&quot;0&quot;,&quot;credit&quot;:&quot;&quot;,&quot;camera&quot;:&quot;&quot;,&quot;caption&quot;:&quot;&quot;,&quot;created_timestamp&quot;:&quot;0&quot;,&quot;copyright&quot;:&quot;&quot;,&quot;focal_length&quot;:&quot;0&quot;,&quot;iso&quot;:&quot;0&quot;,&quot;shutter_speed&quot;:&quot;0&quot;,&quot;title&quot;:&quot;&quot;,&quot;orientation&quot;:&quot;0&quot;}\" data-image-title=\"Bushaltestelle Pessin Ausbau\" data-image-description=\"&lt;p&gt;Die Bushaltestelle in Pessin Ausbau wird nun von lila Farbe &amp;#8222;geziert&amp;#8220;. Foto: Martin Hirsekorn&lt;\/p&gt;\n\" data-image-caption=\"&lt;p&gt;Die Bushaltestelle in Pessin Ausbau wird nun von lila Farbe &amp;#8222;geziert&amp;#8220;. Foto: Martin Hirsekorn&lt;\/p&gt;\n\" data-large-file=\"https:\/\/paulinenaue.info\/wp-content\/uploads\/2020\/11\/Bushaltestelle-Pessin-Ausbau-1024x768.jpg\" \/><\/a>\n\t\t\t<\/dt>\n\t\t\t\t<dd class='wp-caption-text gallery-caption' id='gallery-1-5563'>\n\t\t\t\tDie Bushaltestelle in Pessin Ausbau wird nun von lila Farbe &#8222;geziert&#8220;. Foto: Martin Hirsekorn\n\t\t\t\t<\/dd><\/dl><dl class='gallery-item'>\n\t\t\t<dt class='gallery-icon landscape'>\n\t\t\t\t<a data-rel=\"iLightbox[postimages]\" data-title=\"Br?cke Kanal\" data-caption=\"Die erst ein Jahr alte Br\u00fccke \u00fcber den GHHK ist an beiden Widerlagern beschmiert. Foto: Sarah Vierjahn\" href='https:\/\/paulinenaue.info\/index.php\/ist-das-kunst-oder-kann-das-weg\/brcke-kanal\/'><img decoding=\"async\" width=\"150\" height=\"150\" src=\"https:\/\/paulinenaue.info\/wp-content\/uploads\/2020\/11\/Brcke-Kanal-150x150.jpg\" class=\"attachment-thumbnail size-thumbnail lazyload\" alt=\"\" aria-describedby=\"gallery-1-5562\" srcset=\"data:image\/svg+xml,%3Csvg%20xmlns%3D%27http%3A%2F%2Fwww.w3.org%2F2000%2Fsvg%27%20width%3D%271600%27%20height%3D%271200%27%20viewBox%3D%270%200%201600%201200%27%3E%3Crect%20width%3D%271600%27%20height%3D%271200%27%20fill-opacity%3D%220%22%2F%3E%3C%2Fsvg%3E\" data-orig-src=\"https:\/\/paulinenaue.info\/wp-content\/uploads\/2020\/11\/Brcke-Kanal-150x150.jpg\" data-srcset=\"https:\/\/paulinenaue.info\/wp-content\/uploads\/2020\/11\/Brcke-Kanal-100x100.jpg 100w, https:\/\/paulinenaue.info\/wp-content\/uploads\/2020\/11\/Brcke-Kanal-150x150.jpg 150w, https:\/\/paulinenaue.info\/wp-content\/uploads\/2020\/11\/Brcke-Kanal-210x210.jpg 210w, https:\/\/paulinenaue.info\/wp-content\/uploads\/2020\/11\/Brcke-Kanal-400x400.jpg 400w\" data-sizes=\"auto\" data-attachment-id=\"5562\" data-permalink=\"https:\/\/paulinenaue.info\/index.php\/ist-das-kunst-oder-kann-das-weg\/brcke-kanal\/\" data-orig-file=\"https:\/\/paulinenaue.info\/wp-content\/uploads\/2020\/11\/Brcke-Kanal.jpg\" data-orig-size=\"1600,1200\" data-comments-opened=\"1\" data-image-meta=\"{&quot;aperture&quot;:&quot;0&quot;,&quot;credit&quot;:&quot;&quot;,&quot;camera&quot;:&quot;&quot;,&quot;caption&quot;:&quot;&quot;,&quot;created_timestamp&quot;:&quot;0&quot;,&quot;copyright&quot;:&quot;&quot;,&quot;focal_length&quot;:&quot;0&quot;,&quot;iso&quot;:&quot;0&quot;,&quot;shutter_speed&quot;:&quot;0&quot;,&quot;title&quot;:&quot;&quot;,&quot;orientation&quot;:&quot;0&quot;}\" data-image-title=\"Br?cke Kanal\" data-image-description=\"&lt;p&gt;Die erst ein Jahr alte Br\u00fccke \u00fcber den GHHK ist an beiden Widerlagern beschmiert. Foto: Sarah Vierjahn&lt;\/p&gt;\n\" data-image-caption=\"&lt;p&gt;Die erst ein Jahr alte Br\u00fccke \u00fcber den GHHK ist an beiden Widerlagern beschmiert. Foto: Sarah Vierjahn&lt;\/p&gt;\n\" data-large-file=\"https:\/\/paulinenaue.info\/wp-content\/uploads\/2020\/11\/Brcke-Kanal-1024x768.jpg\" \/><\/a>\n\t\t\t<\/dt>\n\t\t\t\t<dd class='wp-caption-text gallery-caption' id='gallery-1-5562'>\n\t\t\t\tDie erst ein Jahr alte Br\u00fccke \u00fcber den GHHK ist an beiden Widerlagern beschmiert. Foto: Sarah Vierjahn\n\t\t\t\t<\/dd><\/dl>\n\t\t\t<br style='clear: both' \/>\n\t\t<\/div>\n\n","protected":false},"excerpt":{"rendered":"<p>Die Antwort ist klar &#8211; es kann weg! Zumindest das, [&hellip;]<\/p>\n","protected":false},"author":3,"featured_media":5564,"comment_status":"open","ping_status":"open","sticky":false,"template":"","format":"standard","meta":{"_acf_changed":false,"_price":"","_stock":"","_tribe_ticket_header":"","_tribe_default_ticket_provider":"","_tribe_ticket_capacity":"0","_ticket_start_date":"","_ticket_end_date":"","_tribe_ticket_show_description":"","_tribe_ticket_show_not_going":false,"_tribe_ticket_use_global_stock":"","_tribe_ticket_global_stock_level":"","_global_stock_mode":"","_global_stock_cap":"","_tribe_rsvp_for_event":"","_tribe_ticket_going_count":"","_tribe_ticket_not_going_count":"","_tribe_tickets_list":"[]","_tribe_ticket_has_attendee_info_fields":false,"jetpack_post_was_ever_published":false,"_jetpack_newsletter_access":"","_jetpack_dont_email_post_to_subs":false,"_jetpack_newsletter_tier_id":0,"_jetpack_memberships_contains_paywalled_content":false,"_jetpack_memberships_contains_paid_content":false,"footnotes":"","jetpack_publicize_message":"","jetpack_publicize_feature_enabled":true,"jetpack_social_post_already_shared":true,"jetpack_social_options":{"image_generator_settings":{"template":"highway","default_image_id":0,"font":"","enabled":false},"version":2}},"categories":[9],"tags":[320,155,363,362],"class_list":["post-5560","post","type-post","status-publish","format-standard","has-post-thumbnail","hentry","category-neuigkeiten","tag-bruecke","tag-graffiti","tag-patrick-kieper","tag-schmierereien"],"acf":[],"yoast_head":"<!-- This site is optimized with the Yoast SEO plugin v27.5 - https:\/\/yoast.com\/product\/yoast-seo-wordpress\/ -->\n<title>Ist das Kunst oder kann das weg? - Paulinenaue<\/title>\n<meta name=\"robots\" content=\"index, follow, max-snippet:-1, max-image-preview:large, max-video-preview:-1\" \/>\n<link rel=\"canonical\" href=\"https:\/\/paulinenaue.info\/index.php\/ist-das-kunst-oder-kann-das-weg\/\" \/>\n<meta property=\"og:locale\" content=\"de_DE\" \/>\n<meta property=\"og:type\" content=\"article\" \/>\n<meta property=\"og:title\" content=\"Ist das Kunst oder kann das weg? - Paulinenaue\" \/>\n<meta property=\"og:description\" content=\"Die Antwort ist klar &#8211; es kann weg! Zumindest das, [&hellip;]\" \/>\n<meta property=\"og:url\" content=\"https:\/\/paulinenaue.info\/index.php\/ist-das-kunst-oder-kann-das-weg\/\" \/>\n<meta property=\"og:site_name\" content=\"Paulinenaue\" \/>\n<meta property=\"article:published_time\" content=\"2020-11-03T11:20:24+00:00\" \/>\n<meta property=\"article:modified_time\" content=\"2020-11-03T11:22:53+00:00\" \/>\n<meta property=\"og:image\" content=\"https:\/\/i0.wp.com\/paulinenaue.info\/wp-content\/uploads\/2020\/11\/EMB.jpg?fit=1200%2C1600&ssl=1\" \/>\n\t<meta property=\"og:image:width\" content=\"1200\" \/>\n\t<meta property=\"og:image:height\" content=\"1600\" \/>\n\t<meta property=\"og:image:type\" content=\"image\/jpeg\" \/>\n<meta name=\"author\" content=\"Sarah\" \/>\n<meta name=\"twitter:card\" content=\"summary_large_image\" \/>\n<meta name=\"twitter:label1\" content=\"Verfasst von\" \/>\n\t<meta name=\"twitter:data1\" content=\"Sarah\" \/>\n\t<meta name=\"twitter:label2\" content=\"Gesch\u00e4tzte Lesezeit\" \/>\n\t<meta name=\"twitter:data2\" content=\"2\u00a0Minuten\" \/>\n<script type=\"application\/ld+json\" class=\"yoast-schema-graph\">{\"@context\":\"https:\\\/\\\/schema.org\",\"@graph\":[{\"@type\":\"Article\",\"@id\":\"https:\\\/\\\/paulinenaue.info\\\/index.php\\\/ist-das-kunst-oder-kann-das-weg\\\/#article\",\"isPartOf\":{\"@id\":\"https:\\\/\\\/paulinenaue.info\\\/index.php\\\/ist-das-kunst-oder-kann-das-weg\\\/\"},\"author\":{\"name\":\"Sarah\",\"@id\":\"https:\\\/\\\/paulinenaue.info\\\/#\\\/schema\\\/person\\\/e5be566a57b5b3f65d2c65a58c42325e\"},\"headline\":\"Ist das Kunst oder kann das weg?\",\"datePublished\":\"2020-11-03T11:20:24+00:00\",\"dateModified\":\"2020-11-03T11:22:53+00:00\",\"mainEntityOfPage\":{\"@id\":\"https:\\\/\\\/paulinenaue.info\\\/index.php\\\/ist-das-kunst-oder-kann-das-weg\\\/\"},\"wordCount\":386,\"commentCount\":1,\"image\":{\"@id\":\"https:\\\/\\\/paulinenaue.info\\\/index.php\\\/ist-das-kunst-oder-kann-das-weg\\\/#primaryimage\"},\"thumbnailUrl\":\"https:\\\/\\\/paulinenaue.info\\\/wp-content\\\/uploads\\\/2020\\\/11\\\/EMB.jpg\",\"keywords\":[\"Br\u00fccke\",\"Graffiti\",\"Patrick Kieper\",\"Schmierereien\"],\"articleSection\":[\"Neuigkeiten\"],\"inLanguage\":\"de\",\"potentialAction\":[{\"@type\":\"CommentAction\",\"name\":\"Comment\",\"target\":[\"https:\\\/\\\/paulinenaue.info\\\/index.php\\\/ist-das-kunst-oder-kann-das-weg\\\/#respond\"]}]},{\"@type\":\"WebPage\",\"@id\":\"https:\\\/\\\/paulinenaue.info\\\/index.php\\\/ist-das-kunst-oder-kann-das-weg\\\/\",\"url\":\"https:\\\/\\\/paulinenaue.info\\\/index.php\\\/ist-das-kunst-oder-kann-das-weg\\\/\",\"name\":\"Ist das Kunst oder kann das weg? - Paulinenaue\",\"isPartOf\":{\"@id\":\"https:\\\/\\\/paulinenaue.info\\\/#website\"},\"primaryImageOfPage\":{\"@id\":\"https:\\\/\\\/paulinenaue.info\\\/index.php\\\/ist-das-kunst-oder-kann-das-weg\\\/#primaryimage\"},\"image\":{\"@id\":\"https:\\\/\\\/paulinenaue.info\\\/index.php\\\/ist-das-kunst-oder-kann-das-weg\\\/#primaryimage\"},\"thumbnailUrl\":\"https:\\\/\\\/paulinenaue.info\\\/wp-content\\\/uploads\\\/2020\\\/11\\\/EMB.jpg\",\"datePublished\":\"2020-11-03T11:20:24+00:00\",\"dateModified\":\"2020-11-03T11:22:53+00:00\",\"author\":{\"@id\":\"https:\\\/\\\/paulinenaue.info\\\/#\\\/schema\\\/person\\\/e5be566a57b5b3f65d2c65a58c42325e\"},\"breadcrumb\":{\"@id\":\"https:\\\/\\\/paulinenaue.info\\\/index.php\\\/ist-das-kunst-oder-kann-das-weg\\\/#breadcrumb\"},\"inLanguage\":\"de\",\"potentialAction\":[{\"@type\":\"ReadAction\",\"target\":[\"https:\\\/\\\/paulinenaue.info\\\/index.php\\\/ist-das-kunst-oder-kann-das-weg\\\/\"]}]},{\"@type\":\"ImageObject\",\"inLanguage\":\"de\",\"@id\":\"https:\\\/\\\/paulinenaue.info\\\/index.php\\\/ist-das-kunst-oder-kann-das-weg\\\/#primaryimage\",\"url\":\"https:\\\/\\\/paulinenaue.info\\\/wp-content\\\/uploads\\\/2020\\\/11\\\/EMB.jpg\",\"contentUrl\":\"https:\\\/\\\/paulinenaue.info\\\/wp-content\\\/uploads\\\/2020\\\/11\\\/EMB.jpg\",\"width\":1200,\"height\":1600,\"caption\":\"12\u00b0 42' 39.9\\\"52\u00b0 39' 46.8\\\"\"},{\"@type\":\"BreadcrumbList\",\"@id\":\"https:\\\/\\\/paulinenaue.info\\\/index.php\\\/ist-das-kunst-oder-kann-das-weg\\\/#breadcrumb\",\"itemListElement\":[{\"@type\":\"ListItem\",\"position\":1,\"name\":\"Home\",\"item\":\"https:\\\/\\\/paulinenaue.info\\\/\"},{\"@type\":\"ListItem\",\"position\":2,\"name\":\"Ist das Kunst oder kann das weg?\"}]},{\"@type\":\"WebSite\",\"@id\":\"https:\\\/\\\/paulinenaue.info\\\/#website\",\"url\":\"https:\\\/\\\/paulinenaue.info\\\/\",\"name\":\"Paulinenaue\",\"description\":\"Ein Dorf im Havelland\",\"potentialAction\":[{\"@type\":\"SearchAction\",\"target\":{\"@type\":\"EntryPoint\",\"urlTemplate\":\"https:\\\/\\\/paulinenaue.info\\\/?s={search_term_string}\"},\"query-input\":{\"@type\":\"PropertyValueSpecification\",\"valueRequired\":true,\"valueName\":\"search_term_string\"}}],\"inLanguage\":\"de\"},{\"@type\":\"Person\",\"@id\":\"https:\\\/\\\/paulinenaue.info\\\/#\\\/schema\\\/person\\\/e5be566a57b5b3f65d2c65a58c42325e\",\"name\":\"Sarah\",\"url\":\"https:\\\/\\\/paulinenaue.info\\\/index.php\\\/author\\\/sarah\\\/\"}]}<\/script>\n<!-- \/ Yoast SEO plugin. -->","yoast_head_json":{"title":"Ist das Kunst oder kann das weg? - Paulinenaue","robots":{"index":"index","follow":"follow","max-snippet":"max-snippet:-1","max-image-preview":"max-image-preview:large","max-video-preview":"max-video-preview:-1"},"canonical":"https:\/\/paulinenaue.info\/index.php\/ist-das-kunst-oder-kann-das-weg\/","og_locale":"de_DE","og_type":"article","og_title":"Ist das Kunst oder kann das weg? - Paulinenaue","og_description":"Die Antwort ist klar &#8211; es kann weg! Zumindest das, [&hellip;]","og_url":"https:\/\/paulinenaue.info\/index.php\/ist-das-kunst-oder-kann-das-weg\/","og_site_name":"Paulinenaue","article_published_time":"2020-11-03T11:20:24+00:00","article_modified_time":"2020-11-03T11:22:53+00:00","og_image":[{"width":1200,"height":1600,"url":"https:\/\/i0.wp.com\/paulinenaue.info\/wp-content\/uploads\/2020\/11\/EMB.jpg?fit=1200%2C1600&ssl=1","type":"image\/jpeg"}],"author":"Sarah","twitter_card":"summary_large_image","twitter_misc":{"Verfasst von":"Sarah","Gesch\u00e4tzte Lesezeit":"2\u00a0Minuten"},"schema":{"@context":"https:\/\/schema.org","@graph":[{"@type":"Article","@id":"https:\/\/paulinenaue.info\/index.php\/ist-das-kunst-oder-kann-das-weg\/#article","isPartOf":{"@id":"https:\/\/paulinenaue.info\/index.php\/ist-das-kunst-oder-kann-das-weg\/"},"author":{"name":"Sarah","@id":"https:\/\/paulinenaue.info\/#\/schema\/person\/e5be566a57b5b3f65d2c65a58c42325e"},"headline":"Ist das Kunst oder kann das weg?","datePublished":"2020-11-03T11:20:24+00:00","dateModified":"2020-11-03T11:22:53+00:00","mainEntityOfPage":{"@id":"https:\/\/paulinenaue.info\/index.php\/ist-das-kunst-oder-kann-das-weg\/"},"wordCount":386,"commentCount":1,"image":{"@id":"https:\/\/paulinenaue.info\/index.php\/ist-das-kunst-oder-kann-das-weg\/#primaryimage"},"thumbnailUrl":"https:\/\/paulinenaue.info\/wp-content\/uploads\/2020\/11\/EMB.jpg","keywords":["Br\u00fccke","Graffiti","Patrick Kieper","Schmierereien"],"articleSection":["Neuigkeiten"],"inLanguage":"de","potentialAction":[{"@type":"CommentAction","name":"Comment","target":["https:\/\/paulinenaue.info\/index.php\/ist-das-kunst-oder-kann-das-weg\/#respond"]}]},{"@type":"WebPage","@id":"https:\/\/paulinenaue.info\/index.php\/ist-das-kunst-oder-kann-das-weg\/","url":"https:\/\/paulinenaue.info\/index.php\/ist-das-kunst-oder-kann-das-weg\/","name":"Ist das Kunst oder kann das weg? - Paulinenaue","isPartOf":{"@id":"https:\/\/paulinenaue.info\/#website"},"primaryImageOfPage":{"@id":"https:\/\/paulinenaue.info\/index.php\/ist-das-kunst-oder-kann-das-weg\/#primaryimage"},"image":{"@id":"https:\/\/paulinenaue.info\/index.php\/ist-das-kunst-oder-kann-das-weg\/#primaryimage"},"thumbnailUrl":"https:\/\/paulinenaue.info\/wp-content\/uploads\/2020\/11\/EMB.jpg","datePublished":"2020-11-03T11:20:24+00:00","dateModified":"2020-11-03T11:22:53+00:00","author":{"@id":"https:\/\/paulinenaue.info\/#\/schema\/person\/e5be566a57b5b3f65d2c65a58c42325e"},"breadcrumb":{"@id":"https:\/\/paulinenaue.info\/index.php\/ist-das-kunst-oder-kann-das-weg\/#breadcrumb"},"inLanguage":"de","potentialAction":[{"@type":"ReadAction","target":["https:\/\/paulinenaue.info\/index.php\/ist-das-kunst-oder-kann-das-weg\/"]}]},{"@type":"ImageObject","inLanguage":"de","@id":"https:\/\/paulinenaue.info\/index.php\/ist-das-kunst-oder-kann-das-weg\/#primaryimage","url":"https:\/\/paulinenaue.info\/wp-content\/uploads\/2020\/11\/EMB.jpg","contentUrl":"https:\/\/paulinenaue.info\/wp-content\/uploads\/2020\/11\/EMB.jpg","width":1200,"height":1600,"caption":"12\u00b0 42' 39.9\"52\u00b0 39' 46.8\""},{"@type":"BreadcrumbList","@id":"https:\/\/paulinenaue.info\/index.php\/ist-das-kunst-oder-kann-das-weg\/#breadcrumb","itemListElement":[{"@type":"ListItem","position":1,"name":"Home","item":"https:\/\/paulinenaue.info\/"},{"@type":"ListItem","position":2,"name":"Ist das Kunst oder kann das weg?"}]},{"@type":"WebSite","@id":"https:\/\/paulinenaue.info\/#website","url":"https:\/\/paulinenaue.info\/","name":"Paulinenaue","description":"Ein Dorf im Havelland","potentialAction":[{"@type":"SearchAction","target":{"@type":"EntryPoint","urlTemplate":"https:\/\/paulinenaue.info\/?s={search_term_string}"},"query-input":{"@type":"PropertyValueSpecification","valueRequired":true,"valueName":"search_term_string"}}],"inLanguage":"de"},{"@type":"Person","@id":"https:\/\/paulinenaue.info\/#\/schema\/person\/e5be566a57b5b3f65d2c65a58c42325e","name":"Sarah","url":"https:\/\/paulinenaue.info\/index.php\/author\/sarah\/"}]}},"jetpack_publicize_connections":[],"jetpack_featured_media_url":"https:\/\/paulinenaue.info\/wp-content\/uploads\/2020\/11\/EMB.jpg","jetpack_sharing_enabled":true,"jetpack_shortlink":"https:\/\/wp.me\/pcYhWA-1rG","jetpack-related-posts":[{"id":416768,"url":"https:\/\/paulinenaue.info\/index.php\/die-biene-und-du\/","url_meta":{"origin":5560,"position":0},"title":"Die Biene und Du!","author":"Joachim Scholz","date":"11. September 2024","format":false,"excerpt":"Schulprojektwoche im Rahmen der \u201eSchnellen Vorbeifahrten\u201c 2024 Das neue Schuljahr begann an der Karibu-Grundschule au\u00dfergew\u00f6hnlich. Die Sch\u00fclerinnen und Sch\u00fcler erwartete eine Projektwoche unter dem Motto: \u201eDie Biene und Du\u201c. Dahinter verbarg sich eine Workshopreihe im Rahmen des Paulinenauer Kunstfestivals \u201eSchnelle Vorbeifahrten\u201c, das in diesem Jahr wieder vom Paulinenauer Kulturverein, dem\u2026","rel":"","context":"In &quot;\"Gr\u00fcnes Luch e.V.\"&quot;","block_context":{"text":"\"Gr\u00fcnes Luch e.V.\"","link":"https:\/\/paulinenaue.info\/index.php\/category\/hier-zuhause\/gruenes-luch-e-v\/"},"img":{"alt_text":"","src":"https:\/\/i0.wp.com\/paulinenaue.info\/wp-content\/uploads\/2024\/09\/DSCF5770.jpeg?resize=350%2C200&ssl=1","width":350,"height":200,"srcset":"https:\/\/i0.wp.com\/paulinenaue.info\/wp-content\/uploads\/2024\/09\/DSCF5770.jpeg?resize=350%2C200&ssl=1 1x, https:\/\/i0.wp.com\/paulinenaue.info\/wp-content\/uploads\/2024\/09\/DSCF5770.jpeg?resize=525%2C300&ssl=1 1.5x"},"classes":[]},{"id":147,"url":"https:\/\/paulinenaue.info\/index.php\/der-paulinenauer-banksy-endlich-einmal-einfallsreiche-graffiti-im-dorf\/","url_meta":{"origin":5560,"position":1},"title":"Der Paulinenauer Banksy \u2013 Endlich einmal einfallsreiche Graffiti im Dorf","author":"Joachim Scholz","date":"22. M\u00e4rz 2016","format":false,"excerpt":"Joachim Scholz 17.03.2012. Im ersten Augenblick konnte man wirklich glauben, dass Banksy in Paulinenaue war, so sehr erinnert das einfallsreiche Graffito des Mannes, der die T\u00fcr des Stromh\u00e4uschens eintritt, an den f\u00fcr seine inspirierten Motive ber\u00fchmten englischen Schablonensprayer. Dessen Werke tauchten schon an allen m\u00f6glichen Orten auf, warum nicht auch\u2026","rel":"","context":"In &quot;Dorfentwicklung&quot;","block_context":{"text":"Dorfentwicklung","link":"https:\/\/paulinenaue.info\/index.php\/category\/dorfentwicklung\/"},"img":{"alt_text":"","src":"https:\/\/i0.wp.com\/paulinenaue.info\/wp-content\/uploads\/2016\/03\/20120317_graffito_kamerun_01.jpg?resize=350%2C200&ssl=1","width":350,"height":200},"classes":[]},{"id":1193,"url":"https:\/\/paulinenaue.info\/index.php\/fhc-ein-phantom-geht-um-in-paulinenaue\/","url_meta":{"origin":5560,"position":2},"title":"FHC: Ein Phantom geht um in Paulinenaue","author":"Sarah","date":"22. Juni 2017","format":false,"excerpt":"11.03.2006 Man kann in Paulinenaue zu Grafitti stehen, wie man m\u00f6chte, es gelingt heute nicht mehr, daran vorbei zu gehen, ohne Notiz davon zu nehmen. Bei genauem Hinsehen bemerkt man, dass hierzulande vornehmlich einer die Dose schwingt: FHC, von dem niemand wei\u00df, wer er ist. Haben die Buchstaben etwas mit\u2026","rel":"","context":"In &quot;Allgemein&quot;","block_context":{"text":"Allgemein","link":"https:\/\/paulinenaue.info\/index.php\/category\/allgemein\/"},"img":{"alt_text":"","src":"https:\/\/i0.wp.com\/paulinenaue.info\/wp-content\/uploads\/2017\/06\/20040731_stellwerk.jpg?resize=350%2C200&ssl=1","width":350,"height":200},"classes":[]},{"id":1365,"url":"https:\/\/paulinenaue.info\/index.php\/neuer-fussboden-in-der-feuerwehr\/","url_meta":{"origin":5560,"position":3},"title":"Neuer Fu\u00dfboden in der Feuerwehr","author":"Christian Gnewikow","date":"5. September 2017","format":false,"excerpt":"Die erfahrungsgem\u00e4\u00df etwas ruhigere Zeit w\u00e4hrend der Sommerferien haben die Kameraden der Feuerwehr Paulinenaue genutzt, um den alten Fu\u00dfbodenbelag auszutauschen. Schon Ende Juli wurden dazu alle Schr\u00e4nke leerger\u00e4umt und ausgelagert und der mittlerweile fast 15 Jahre alte Laminatbelag ausgebaut. Die Ausf\u00fchrung der Arbeiten am Fu\u00dfboden \u00fcbernahm dann die Firma Friese\u2026","rel":"","context":"In &quot;Allgemein&quot;","block_context":{"text":"Allgemein","link":"https:\/\/paulinenaue.info\/index.php\/category\/allgemein\/"},"img":{"alt_text":"","src":"https:\/\/i0.wp.com\/paulinenaue.info\/wp-content\/uploads\/2017\/09\/IMG_20170904_155508.jpg?resize=350%2C200&ssl=1","width":350,"height":200,"srcset":"https:\/\/i0.wp.com\/paulinenaue.info\/wp-content\/uploads\/2017\/09\/IMG_20170904_155508.jpg?resize=350%2C200&ssl=1 1x, https:\/\/i0.wp.com\/paulinenaue.info\/wp-content\/uploads\/2017\/09\/IMG_20170904_155508.jpg?resize=525%2C300&ssl=1 1.5x, https:\/\/i0.wp.com\/paulinenaue.info\/wp-content\/uploads\/2017\/09\/IMG_20170904_155508.jpg?resize=700%2C400&ssl=1 2x, https:\/\/i0.wp.com\/paulinenaue.info\/wp-content\/uploads\/2017\/09\/IMG_20170904_155508.jpg?resize=1050%2C600&ssl=1 3x, https:\/\/i0.wp.com\/paulinenaue.info\/wp-content\/uploads\/2017\/09\/IMG_20170904_155508.jpg?resize=1400%2C800&ssl=1 4x"},"classes":[]},{"id":2285,"url":"https:\/\/paulinenaue.info\/index.php\/super-schnelle-vorbeifahrten\/","url_meta":{"origin":5560,"position":4},"title":"\u201eSchnelle Vorbeifahrten\u201c","author":"Joachim Scholz","date":"22. August 2018","format":false,"excerpt":"Ein Landart-Parcour zum Kanaljubil\u00e4um und ein Fest f\u00fcr den Bahnhof Ein Kulturereignis dieses Formates hat es in Paulinenaue noch nicht gegeben. Was noch vor zwei Jahren, als der Ausstellungsmacher R\u00fcdiger Stern zusammen mit dem Theaterschaffenden Stefan Bischoff die \u201eSchnellen Vorbeifahrten\u201c im kleinen Rahmen in seinem Atelierhaus ins Leben rief, bereits\u2026","rel":"","context":"In &quot;Allgemein&quot;","block_context":{"text":"Allgemein","link":"https:\/\/paulinenaue.info\/index.php\/category\/allgemein\/"},"img":{"alt_text":"","src":"https:\/\/i0.wp.com\/paulinenaue.info\/wp-content\/uploads\/2018\/01\/20180819-_DSC7879.jpg?resize=350%2C200&ssl=1","width":350,"height":200,"srcset":"https:\/\/i0.wp.com\/paulinenaue.info\/wp-content\/uploads\/2018\/01\/20180819-_DSC7879.jpg?resize=350%2C200&ssl=1 1x, https:\/\/i0.wp.com\/paulinenaue.info\/wp-content\/uploads\/2018\/01\/20180819-_DSC7879.jpg?resize=525%2C300&ssl=1 1.5x, https:\/\/i0.wp.com\/paulinenaue.info\/wp-content\/uploads\/2018\/01\/20180819-_DSC7879.jpg?resize=700%2C400&ssl=1 2x, https:\/\/i0.wp.com\/paulinenaue.info\/wp-content\/uploads\/2018\/01\/20180819-_DSC7879.jpg?resize=1050%2C600&ssl=1 3x, https:\/\/i0.wp.com\/paulinenaue.info\/wp-content\/uploads\/2018\/01\/20180819-_DSC7879.jpg?resize=1400%2C800&ssl=1 4x"},"classes":[]},{"id":415648,"url":"https:\/\/paulinenaue.info\/index.php\/erweiterung-des-ortshistorischen-archivs\/","url_meta":{"origin":5560,"position":5},"title":"Erweiterung des ortshistorischen Archivs","author":"Joachim Scholz","date":"27. Dezember 2023","format":false,"excerpt":"Kulturverein erh\u00e4lt wertvolles Quellenmaterial zu den Gebr\u00fcdern Knauer Es gibt Spezialgebiete des Wissens und die dazu geh\u00f6renden Spezialisten. Das ist nicht nur in den Wissenschaften so, sondern auch im Pferdesport. Interessiert man sich zum Beispiel f\u00fcr die Geschichte des deutschen Trabrennsports, kommt man an Karl Dold nicht vorbei. \u00dcber Umwege\u2026","rel":"","context":"In &quot;Dorfentwicklung&quot;","block_context":{"text":"Dorfentwicklung","link":"https:\/\/paulinenaue.info\/index.php\/category\/dorfentwicklung\/"},"img":{"alt_text":"","src":"https:\/\/i0.wp.com\/paulinenaue.info\/wp-content\/uploads\/2023\/12\/1910-ca-Arthur-Knauer-Zeichnung-scaled.jpg?resize=350%2C200&ssl=1","width":350,"height":200,"srcset":"https:\/\/i0.wp.com\/paulinenaue.info\/wp-content\/uploads\/2023\/12\/1910-ca-Arthur-Knauer-Zeichnung-scaled.jpg?resize=350%2C200&ssl=1 1x, https:\/\/i0.wp.com\/paulinenaue.info\/wp-content\/uploads\/2023\/12\/1910-ca-Arthur-Knauer-Zeichnung-scaled.jpg?resize=525%2C300&ssl=1 1.5x, https:\/\/i0.wp.com\/paulinenaue.info\/wp-content\/uploads\/2023\/12\/1910-ca-Arthur-Knauer-Zeichnung-scaled.jpg?resize=700%2C400&ssl=1 2x, https:\/\/i0.wp.com\/paulinenaue.info\/wp-content\/uploads\/2023\/12\/1910-ca-Arthur-Knauer-Zeichnung-scaled.jpg?resize=1050%2C600&ssl=1 3x, https:\/\/i0.wp.com\/paulinenaue.info\/wp-content\/uploads\/2023\/12\/1910-ca-Arthur-Knauer-Zeichnung-scaled.jpg?resize=1400%2C800&ssl=1 4x"},"classes":[]}],"_links":{"self":[{"href":"https:\/\/paulinenaue.info\/index.php\/wp-json\/wp\/v2\/posts\/5560","targetHints":{"allow":["GET"]}}],"collection":[{"href":"https:\/\/paulinenaue.info\/index.php\/wp-json\/wp\/v2\/posts"}],"about":[{"href":"https:\/\/paulinenaue.info\/index.php\/wp-json\/wp\/v2\/types\/post"}],"author":[{"embeddable":true,"href":"https:\/\/paulinenaue.info\/index.php\/wp-json\/wp\/v2\/users\/3"}],"replies":[{"embeddable":true,"href":"https:\/\/paulinenaue.info\/index.php\/wp-json\/wp\/v2\/comments?post=5560"}],"version-history":[{"count":5,"href":"https:\/\/paulinenaue.info\/index.php\/wp-json\/wp\/v2\/posts\/5560\/revisions"}],"predecessor-version":[{"id":5572,"href":"https:\/\/paulinenaue.info\/index.php\/wp-json\/wp\/v2\/posts\/5560\/revisions\/5572"}],"wp:featuredmedia":[{"embeddable":true,"href":"https:\/\/paulinenaue.info\/index.php\/wp-json\/wp\/v2\/media\/5564"}],"wp:attachment":[{"href":"https:\/\/paulinenaue.info\/index.php\/wp-json\/wp\/v2\/media?parent=5560"}],"wp:term":[{"taxonomy":"category","embeddable":true,"href":"https:\/\/paulinenaue.info\/index.php\/wp-json\/wp\/v2\/categories?post=5560"},{"taxonomy":"post_tag","embeddable":true,"href":"https:\/\/paulinenaue.info\/index.php\/wp-json\/wp\/v2\/tags?post=5560"}],"curies":[{"name":"wp","href":"https:\/\/api.w.org\/{rel}","templated":true}]}}