{"id":5657,"date":"2021-01-07T20:02:56","date_gmt":"2021-01-07T14:02:56","guid":{"rendered":"https:\/\/paulinenaue.info\/?p=5637"},"modified":"2021-04-08T16:29:56","modified_gmt":"2021-04-08T10:29:56","slug":"30-jahre-kita-paulinchen-e-v","status":"publish","type":"post","link":"https:\/\/paulinenaue.info\/index.php\/30-jahre-kita-paulinchen-e-v\/","title":{"rendered":"30 Jahre Kita &#8222;Paulinchen&#8220; e.V."},"content":{"rendered":"<h1 style=\"text-align: center;\"><\/h1>\n<h1><\/h1>\n<h1 style=\"text-align: center;\"><em><strong><span style=\"color: #0000ff;\">30 Jahre Kita &#8222;Paulinchen&#8220; e.V.<\/span> <\/strong><\/em><\/h1>\n<h1 style=\"text-align: center;\"><em><strong><span style=\"color: #0000ff;\">&#8230; ein Meilenstein&#8230;<\/span><\/strong><\/em><\/h1>\n<p>&nbsp;<\/p>\n<p>&nbsp;<\/p>\n<h2><\/h2>\n<h2><span style=\"color: #0000ff;\">\u00a0&#8222;Zum Erfolg gibt es keinen Lift, man muss die Treppe benutzen.&#8220; \u00a0 \u00a0 \u00a0 \u00a0 \u00a0 \u00a0 \u00a0 \u00a0 \u00a0 \u00a0 \u00a0 \u00a0 \u00a0 \u00a0 \u00a0 \u00a0 \u00a0 \u00a0 \u00a0 \u00a0 \u00a0 \u00a0 \u00a0 \u00a0 \u00a0 <\/span><\/h2>\n<h6><span style=\"color: #0000ff;\">\u00a0\u00a0\u00a0\u00a0\u00a0\u00a0\u00a0\u00a0\u00a0\u00a0\u00a0\u00a0\u00a0\u00a0\u00a0\u00a0\u00a0\u00a0\u00a0\u00a0\u00a0\u00a0\u00a0\u00a0\u00a0\u00a0\u00a0\u00a0\u00a0\u00a0\u00a0\u00a0\u00a0\u00a0\u00a0\u00a0\u00a0\u00a0\u00a0\u00a0\u00a0\u00a0\u00a0\u00a0\u00a0\u00a0\u00a0\u00a0\u00a0\u00a0\u00a0\u00a0\u00a0\u00a0\u00a0\u00a0\u00a0\u00a0\u00a0\u00a0\u00a0\u00a0\u00a0\u00a0\u00a0\u00a0\u00a0\u00a0\u00a0\u00a0\u00a0\u00a0\u00a0\u00a0\u00a0\u00a0\u00a0\u00a0\u00a0\u00a0\u00a0\u00a0\u00a0\u00a0\u00a0\u00a0\u00a0\u00a0\u00a0\u00a0\u00a0\u00a0\u00a0\u00a0\u00a0\u00a0\u00a0\u00a0\u00a0\u00a0\u00a0\u00a0\u00a0\u00a0\u00a0\u00a0\u00a0\u00a0\u00a0\u00a0\u00a0\u00a0\u00a0\u00a0\u00a0\u00a0\u00a0\u00a0\u00a0\u00a0\u00a0\u00a0\u00a0\u00a0\u00a0\u00a0\u00a0\u00a0\u00a0\u00a0\u00a0\u00a0\u00a0\u00a0\u00a0\u00a0\u00a0\u00a0\u00a0\u00a0\u00a0\u00a0\u00a0\u00a0\u00a0\u00a0\u00a0\u00a0\u00a0\u00a0\u00a0\u00a0\u00a0\u00a0\u00a0\u00a0\u00a0\u00a0\u00a0\u00a0\u00a0\u00a0\u00a0\u00a0\u00a0\u00a0\u00a0\u00a0\u00a0\u00a0\u00a0\u00a0\u00a0\u00a0\u00a0\u00a0\u00a0\u00a0\u00a0\u00a0\u00a0\u00a0 (Emil Oesch)<\/span><\/h6>\n<p>&nbsp;<\/p>\n<h2 style=\"text-align: center;\"><span style=\"color: #0000ff;\">Jeder Einzelne von uns ist sie gern mit sicheren Schritten gegangen.<\/span><\/h2>\n<h2 style=\"text-align: center;\"><span style=\"color: #0000ff;\">Chapeau, ein Hoch auf unser Team!<\/span><\/h2>\n","protected":false},"excerpt":{"rendered":"<p>30 Jahre Kita &#8222;Paulinchen&#8220; e.V. &#8230; ein Meilenstein&#8230; &nbsp; &nbsp; [&hellip;]<\/p>\n","protected":false},"author":12,"featured_media":5769,"comment_status":"open","ping_status":"open","sticky":false,"template":"","format":"standard","meta":{"_acf_changed":false,"_price":"","_stock":"","_tribe_ticket_header":"","_tribe_default_ticket_provider":"","_tribe_ticket_capacity":"0","_ticket_start_date":"","_ticket_end_date":"","_tribe_ticket_show_description":"","_tribe_ticket_show_not_going":false,"_tribe_ticket_use_global_stock":"","_tribe_ticket_global_stock_level":"","_global_stock_mode":"","_global_stock_cap":"","_tribe_rsvp_for_event":"","_tribe_ticket_going_count":"","_tribe_ticket_not_going_count":"","_tribe_tickets_list":"[]","_tribe_ticket_has_attendee_info_fields":false,"jetpack_post_was_ever_published":false,"_jetpack_newsletter_access":"","_jetpack_dont_email_post_to_subs":false,"_jetpack_newsletter_tier_id":0,"_jetpack_memberships_contains_paywalled_content":false,"_jetpack_memberships_contains_paid_content":false,"footnotes":"","jetpack_publicize_message":"","jetpack_publicize_feature_enabled":true,"jetpack_social_post_already_shared":true,"jetpack_social_options":{"image_generator_settings":{"template":"highway","default_image_id":0,"font":"","enabled":false},"version":2}},"categories":[14],"tags":[],"class_list":["post-5657","post","type-post","status-publish","format-standard","has-post-thumbnail","hentry","category-kita"],"acf":[],"yoast_head":"<!-- This site is optimized with the Yoast SEO plugin v27.5 - https:\/\/yoast.com\/product\/yoast-seo-wordpress\/ -->\n<title>30 Jahre Kita &quot;Paulinchen&quot; e.V. - Paulinenaue<\/title>\n<meta name=\"robots\" content=\"index, follow, max-snippet:-1, max-image-preview:large, max-video-preview:-1\" \/>\n<link rel=\"canonical\" href=\"https:\/\/paulinenaue.info\/index.php\/30-jahre-kita-paulinchen-e-v\/\" \/>\n<meta property=\"og:locale\" content=\"de_DE\" \/>\n<meta property=\"og:type\" content=\"article\" \/>\n<meta property=\"og:title\" content=\"30 Jahre Kita &quot;Paulinchen&quot; e.V. - Paulinenaue\" \/>\n<meta property=\"og:description\" content=\"30 Jahre Kita &#8222;Paulinchen&#8220; e.V. &#8230; ein Meilenstein&#8230; &nbsp; &nbsp; [&hellip;]\" \/>\n<meta property=\"og:url\" content=\"https:\/\/paulinenaue.info\/index.php\/30-jahre-kita-paulinchen-e-v\/\" \/>\n<meta property=\"og:site_name\" content=\"Paulinenaue\" \/>\n<meta property=\"article:published_time\" content=\"2021-01-07T14:02:56+00:00\" \/>\n<meta property=\"article:modified_time\" content=\"2021-04-08T10:29:56+00:00\" \/>\n<meta property=\"og:image\" content=\"https:\/\/i0.wp.com\/paulinenaue.info\/wp-content\/uploads\/2021\/01\/30-jahre-scaled-e1610041144400.jpeg?fit=1720%2C1120&ssl=1\" \/>\n\t<meta property=\"og:image:width\" content=\"1720\" \/>\n\t<meta property=\"og:image:height\" content=\"1120\" \/>\n\t<meta property=\"og:image:type\" content=\"image\/jpeg\" \/>\n<meta name=\"author\" content=\"Anja Paech\" \/>\n<meta name=\"twitter:card\" content=\"summary_large_image\" \/>\n<meta name=\"twitter:label1\" content=\"Verfasst von\" \/>\n\t<meta name=\"twitter:data1\" content=\"Anja Paech\" \/>\n\t<meta name=\"twitter:label2\" content=\"Gesch\u00e4tzte Lesezeit\" \/>\n\t<meta name=\"twitter:data2\" content=\"1\u00a0Minute\" \/>\n<script type=\"application\/ld+json\" class=\"yoast-schema-graph\">{\"@context\":\"https:\\\/\\\/schema.org\",\"@graph\":[{\"@type\":\"Article\",\"@id\":\"https:\\\/\\\/paulinenaue.info\\\/index.php\\\/30-jahre-kita-paulinchen-e-v\\\/#article\",\"isPartOf\":{\"@id\":\"https:\\\/\\\/paulinenaue.info\\\/index.php\\\/30-jahre-kita-paulinchen-e-v\\\/\"},\"author\":{\"name\":\"Anja Paech\",\"@id\":\"https:\\\/\\\/paulinenaue.info\\\/#\\\/schema\\\/person\\\/a9ba6c37a9c50a09af22201cad5fa26a\"},\"headline\":\"30 Jahre Kita &#8222;Paulinchen&#8220; e.V.\",\"datePublished\":\"2021-01-07T14:02:56+00:00\",\"dateModified\":\"2021-04-08T10:29:56+00:00\",\"mainEntityOfPage\":{\"@id\":\"https:\\\/\\\/paulinenaue.info\\\/index.php\\\/30-jahre-kita-paulinchen-e-v\\\/\"},\"wordCount\":45,\"commentCount\":0,\"image\":{\"@id\":\"https:\\\/\\\/paulinenaue.info\\\/index.php\\\/30-jahre-kita-paulinchen-e-v\\\/#primaryimage\"},\"thumbnailUrl\":\"https:\\\/\\\/paulinenaue.info\\\/wp-content\\\/uploads\\\/2021\\\/01\\\/30-jahre-scaled-e1610041144400.jpeg\",\"articleSection\":[\"Kita\"],\"inLanguage\":\"de\",\"potentialAction\":[{\"@type\":\"CommentAction\",\"name\":\"Comment\",\"target\":[\"https:\\\/\\\/paulinenaue.info\\\/index.php\\\/30-jahre-kita-paulinchen-e-v\\\/#respond\"]}]},{\"@type\":\"WebPage\",\"@id\":\"https:\\\/\\\/paulinenaue.info\\\/index.php\\\/30-jahre-kita-paulinchen-e-v\\\/\",\"url\":\"https:\\\/\\\/paulinenaue.info\\\/index.php\\\/30-jahre-kita-paulinchen-e-v\\\/\",\"name\":\"30 Jahre Kita \\\"Paulinchen\\\" e.V. - Paulinenaue\",\"isPartOf\":{\"@id\":\"https:\\\/\\\/paulinenaue.info\\\/#website\"},\"primaryImageOfPage\":{\"@id\":\"https:\\\/\\\/paulinenaue.info\\\/index.php\\\/30-jahre-kita-paulinchen-e-v\\\/#primaryimage\"},\"image\":{\"@id\":\"https:\\\/\\\/paulinenaue.info\\\/index.php\\\/30-jahre-kita-paulinchen-e-v\\\/#primaryimage\"},\"thumbnailUrl\":\"https:\\\/\\\/paulinenaue.info\\\/wp-content\\\/uploads\\\/2021\\\/01\\\/30-jahre-scaled-e1610041144400.jpeg\",\"datePublished\":\"2021-01-07T14:02:56+00:00\",\"dateModified\":\"2021-04-08T10:29:56+00:00\",\"author\":{\"@id\":\"https:\\\/\\\/paulinenaue.info\\\/#\\\/schema\\\/person\\\/a9ba6c37a9c50a09af22201cad5fa26a\"},\"breadcrumb\":{\"@id\":\"https:\\\/\\\/paulinenaue.info\\\/index.php\\\/30-jahre-kita-paulinchen-e-v\\\/#breadcrumb\"},\"inLanguage\":\"de\",\"potentialAction\":[{\"@type\":\"ReadAction\",\"target\":[\"https:\\\/\\\/paulinenaue.info\\\/index.php\\\/30-jahre-kita-paulinchen-e-v\\\/\"]}]},{\"@type\":\"ImageObject\",\"inLanguage\":\"de\",\"@id\":\"https:\\\/\\\/paulinenaue.info\\\/index.php\\\/30-jahre-kita-paulinchen-e-v\\\/#primaryimage\",\"url\":\"https:\\\/\\\/paulinenaue.info\\\/wp-content\\\/uploads\\\/2021\\\/01\\\/30-jahre-scaled-e1610041144400.jpeg\",\"contentUrl\":\"https:\\\/\\\/paulinenaue.info\\\/wp-content\\\/uploads\\\/2021\\\/01\\\/30-jahre-scaled-e1610041144400.jpeg\",\"width\":1720,\"height\":1120},{\"@type\":\"BreadcrumbList\",\"@id\":\"https:\\\/\\\/paulinenaue.info\\\/index.php\\\/30-jahre-kita-paulinchen-e-v\\\/#breadcrumb\",\"itemListElement\":[{\"@type\":\"ListItem\",\"position\":1,\"name\":\"Home\",\"item\":\"https:\\\/\\\/paulinenaue.info\\\/\"},{\"@type\":\"ListItem\",\"position\":2,\"name\":\"30 Jahre Kita &#8222;Paulinchen&#8220; e.V.\"}]},{\"@type\":\"WebSite\",\"@id\":\"https:\\\/\\\/paulinenaue.info\\\/#website\",\"url\":\"https:\\\/\\\/paulinenaue.info\\\/\",\"name\":\"Paulinenaue\",\"description\":\"Ein Dorf im Havelland\",\"potentialAction\":[{\"@type\":\"SearchAction\",\"target\":{\"@type\":\"EntryPoint\",\"urlTemplate\":\"https:\\\/\\\/paulinenaue.info\\\/?s={search_term_string}\"},\"query-input\":{\"@type\":\"PropertyValueSpecification\",\"valueRequired\":true,\"valueName\":\"search_term_string\"}}],\"inLanguage\":\"de\"},{\"@type\":\"Person\",\"@id\":\"https:\\\/\\\/paulinenaue.info\\\/#\\\/schema\\\/person\\\/a9ba6c37a9c50a09af22201cad5fa26a\",\"name\":\"Anja Paech\",\"url\":\"https:\\\/\\\/paulinenaue.info\\\/index.php\\\/author\\\/anja-paech\\\/\"}]}<\/script>\n<!-- \/ Yoast SEO plugin. -->","yoast_head_json":{"title":"30 Jahre Kita \"Paulinchen\" e.V. - Paulinenaue","robots":{"index":"index","follow":"follow","max-snippet":"max-snippet:-1","max-image-preview":"max-image-preview:large","max-video-preview":"max-video-preview:-1"},"canonical":"https:\/\/paulinenaue.info\/index.php\/30-jahre-kita-paulinchen-e-v\/","og_locale":"de_DE","og_type":"article","og_title":"30 Jahre Kita \"Paulinchen\" e.V. - Paulinenaue","og_description":"30 Jahre Kita &#8222;Paulinchen&#8220; e.V. &#8230; ein Meilenstein&#8230; &nbsp; &nbsp; [&hellip;]","og_url":"https:\/\/paulinenaue.info\/index.php\/30-jahre-kita-paulinchen-e-v\/","og_site_name":"Paulinenaue","article_published_time":"2021-01-07T14:02:56+00:00","article_modified_time":"2021-04-08T10:29:56+00:00","og_image":[{"width":1720,"height":1120,"url":"https:\/\/i0.wp.com\/paulinenaue.info\/wp-content\/uploads\/2021\/01\/30-jahre-scaled-e1610041144400.jpeg?fit=1720%2C1120&ssl=1","type":"image\/jpeg"}],"author":"Anja Paech","twitter_card":"summary_large_image","twitter_misc":{"Verfasst von":"Anja Paech","Gesch\u00e4tzte Lesezeit":"1\u00a0Minute"},"schema":{"@context":"https:\/\/schema.org","@graph":[{"@type":"Article","@id":"https:\/\/paulinenaue.info\/index.php\/30-jahre-kita-paulinchen-e-v\/#article","isPartOf":{"@id":"https:\/\/paulinenaue.info\/index.php\/30-jahre-kita-paulinchen-e-v\/"},"author":{"name":"Anja Paech","@id":"https:\/\/paulinenaue.info\/#\/schema\/person\/a9ba6c37a9c50a09af22201cad5fa26a"},"headline":"30 Jahre Kita &#8222;Paulinchen&#8220; e.V.","datePublished":"2021-01-07T14:02:56+00:00","dateModified":"2021-04-08T10:29:56+00:00","mainEntityOfPage":{"@id":"https:\/\/paulinenaue.info\/index.php\/30-jahre-kita-paulinchen-e-v\/"},"wordCount":45,"commentCount":0,"image":{"@id":"https:\/\/paulinenaue.info\/index.php\/30-jahre-kita-paulinchen-e-v\/#primaryimage"},"thumbnailUrl":"https:\/\/paulinenaue.info\/wp-content\/uploads\/2021\/01\/30-jahre-scaled-e1610041144400.jpeg","articleSection":["Kita"],"inLanguage":"de","potentialAction":[{"@type":"CommentAction","name":"Comment","target":["https:\/\/paulinenaue.info\/index.php\/30-jahre-kita-paulinchen-e-v\/#respond"]}]},{"@type":"WebPage","@id":"https:\/\/paulinenaue.info\/index.php\/30-jahre-kita-paulinchen-e-v\/","url":"https:\/\/paulinenaue.info\/index.php\/30-jahre-kita-paulinchen-e-v\/","name":"30 Jahre Kita \"Paulinchen\" e.V. - Paulinenaue","isPartOf":{"@id":"https:\/\/paulinenaue.info\/#website"},"primaryImageOfPage":{"@id":"https:\/\/paulinenaue.info\/index.php\/30-jahre-kita-paulinchen-e-v\/#primaryimage"},"image":{"@id":"https:\/\/paulinenaue.info\/index.php\/30-jahre-kita-paulinchen-e-v\/#primaryimage"},"thumbnailUrl":"https:\/\/paulinenaue.info\/wp-content\/uploads\/2021\/01\/30-jahre-scaled-e1610041144400.jpeg","datePublished":"2021-01-07T14:02:56+00:00","dateModified":"2021-04-08T10:29:56+00:00","author":{"@id":"https:\/\/paulinenaue.info\/#\/schema\/person\/a9ba6c37a9c50a09af22201cad5fa26a"},"breadcrumb":{"@id":"https:\/\/paulinenaue.info\/index.php\/30-jahre-kita-paulinchen-e-v\/#breadcrumb"},"inLanguage":"de","potentialAction":[{"@type":"ReadAction","target":["https:\/\/paulinenaue.info\/index.php\/30-jahre-kita-paulinchen-e-v\/"]}]},{"@type":"ImageObject","inLanguage":"de","@id":"https:\/\/paulinenaue.info\/index.php\/30-jahre-kita-paulinchen-e-v\/#primaryimage","url":"https:\/\/paulinenaue.info\/wp-content\/uploads\/2021\/01\/30-jahre-scaled-e1610041144400.jpeg","contentUrl":"https:\/\/paulinenaue.info\/wp-content\/uploads\/2021\/01\/30-jahre-scaled-e1610041144400.jpeg","width":1720,"height":1120},{"@type":"BreadcrumbList","@id":"https:\/\/paulinenaue.info\/index.php\/30-jahre-kita-paulinchen-e-v\/#breadcrumb","itemListElement":[{"@type":"ListItem","position":1,"name":"Home","item":"https:\/\/paulinenaue.info\/"},{"@type":"ListItem","position":2,"name":"30 Jahre Kita &#8222;Paulinchen&#8220; e.V."}]},{"@type":"WebSite","@id":"https:\/\/paulinenaue.info\/#website","url":"https:\/\/paulinenaue.info\/","name":"Paulinenaue","description":"Ein Dorf im Havelland","potentialAction":[{"@type":"SearchAction","target":{"@type":"EntryPoint","urlTemplate":"https:\/\/paulinenaue.info\/?s={search_term_string}"},"query-input":{"@type":"PropertyValueSpecification","valueRequired":true,"valueName":"search_term_string"}}],"inLanguage":"de"},{"@type":"Person","@id":"https:\/\/paulinenaue.info\/#\/schema\/person\/a9ba6c37a9c50a09af22201cad5fa26a","name":"Anja Paech","url":"https:\/\/paulinenaue.info\/index.php\/author\/anja-paech\/"}]}},"jetpack_publicize_connections":[],"jetpack_featured_media_url":"https:\/\/paulinenaue.info\/wp-content\/uploads\/2021\/01\/30-jahre-scaled-e1610041144400.jpeg","jetpack_sharing_enabled":true,"jetpack_shortlink":"https:\/\/wp.me\/pcYhWA-1tf","jetpack-related-posts":[{"id":1843,"url":"https:\/\/paulinenaue.info\/index.php\/kita-sucht-erzieher-in\/","url_meta":{"origin":5657,"position":0},"title":"Kita sucht Erzieher\/in","author":"Joachim Scholz","date":"26. Februar 2019","format":false,"excerpt":"Aktuell (26.02.2019): Stellenausschreibung Erzieher\/in gesucht (m\/w\/d) Die Kita \u201ePaulinchen\u201c e.V. in Paulinenaue sucht zum n\u00e4chstm\u00f6glichen Zeitpunkt eine\/n Erzieher\/in (Teilzeit\/Vollzeit). Unser Verein betreibt in Paulinenaue eine Kita mit 60 Pl\u00e4tzen f\u00fcr Kinder von 0 Jahren bis zur Einschulung. Im Herbst 2019 werden wir uns vergr\u00f6\u00dfern. Wir w\u00fcnschen uns von Ihnen: Ausbildung\u2026","rel":"","context":"In &quot;Hier Zuhause&quot;","block_context":{"text":"Hier Zuhause","link":"https:\/\/paulinenaue.info\/index.php\/category\/hier-zuhause\/"},"img":{"alt_text":"","src":"","width":0,"height":0},"classes":[]},{"id":180,"url":"https:\/\/paulinenaue.info\/index.php\/die-kita-sucht-auch-2010-den-nikolaus\/","url_meta":{"origin":5657,"position":1},"title":"Die Kita sucht auch 2010 \u2013 den Nikolaus","author":"Joachim Scholz","date":"22. M\u00e4rz 2016","format":false,"excerpt":"Petra H\u00e4nsel, Joachim Scholz 06.12.2010. Und wieder begaben sich die Kleinsten Paulinenauer auf die Suche nach dem gro\u00dfen Unbekannten, dem Nikolaus. Sie wurden nicht entt\u00e4uscht und wie immer mehrfach belohnt, mit vielen kleinen Geschenken und mit gleich drei Nikol\u00e4usen. Wetter und Stimmung waren perfekt, als sie diesmal durch Paulinenaue zogen.\u2026","rel":"","context":"In &quot;Kita&quot;","block_context":{"text":"Kita","link":"https:\/\/paulinenaue.info\/index.php\/category\/kita\/"},"img":{"alt_text":"","src":"https:\/\/i0.wp.com\/paulinenaue.info\/wp-content\/uploads\/2016\/03\/20101206_kita_03.jpg?resize=350%2C200&ssl=1","width":350,"height":200},"classes":[]},{"id":416182,"url":"https:\/\/paulinenaue.info\/index.php\/elke-janneck-kita-legende-tritt-in-den-ruhestand\/","url_meta":{"origin":5657,"position":2},"title":"Elke Janneck:  Kita-Legende tritt in den Ruhestand","author":"Joachim Scholz","date":"13. April 2024","format":false,"excerpt":"Am 1. April h\u00e4tte sie ihren ersten Tag als Rentnerin verleben k\u00f6nnen, aber Elke Janneck vertrat eine Kollegin. Erst heute verabschiedete ihr Team sie in den Ruhestand. In der Kita \u201ePaulinchen\u201c haben sich um 13.00 Uhr alle versammelt. Petra H\u00e4nsel, die Kitaleiterin, hat eine Diashow und Dankesrede vorbereitet. \u00dcber drei\u00dfig\u2026","rel":"","context":"In &quot;Kita&quot;","block_context":{"text":"Kita","link":"https:\/\/paulinenaue.info\/index.php\/category\/kita\/"},"img":{"alt_text":"","src":"https:\/\/i0.wp.com\/paulinenaue.info\/wp-content\/uploads\/2024\/04\/2024-04-12-Verabschiedung-Elke-Janneck.jpeg?resize=350%2C200&ssl=1","width":350,"height":200,"srcset":"https:\/\/i0.wp.com\/paulinenaue.info\/wp-content\/uploads\/2024\/04\/2024-04-12-Verabschiedung-Elke-Janneck.jpeg?resize=350%2C200&ssl=1 1x, https:\/\/i0.wp.com\/paulinenaue.info\/wp-content\/uploads\/2024\/04\/2024-04-12-Verabschiedung-Elke-Janneck.jpeg?resize=525%2C300&ssl=1 1.5x, https:\/\/i0.wp.com\/paulinenaue.info\/wp-content\/uploads\/2024\/04\/2024-04-12-Verabschiedung-Elke-Janneck.jpeg?resize=700%2C400&ssl=1 2x"},"classes":[]},{"id":83,"url":"https:\/\/paulinenaue.info\/index.php\/programmauffuehrung-der-kita-paulinchen\/","url_meta":{"origin":5657,"position":3},"title":"Programmauff\u00fchrung der Kita Paulinchen","author":"Joachim Scholz","date":"22. M\u00e4rz 2016","format":false,"excerpt":"Petra H\u00e4nsel 28.02.2014. Die Kita \u201ePaulinchen\u201c veranstaltete am letzten Februarfreitag eine sehr gelungene Programmauff\u00fchrung der Kindergarten- und Hortkinder. Alle Eltern waren eingeladen. Die Kinder haben sehr hingebungsvoll ihre Lieder, Gedichte und T\u00e4nze vorgetragen. Am Ende gab es einen riesigen Beifall aller G\u00e4ste.","rel":"","context":"In &quot;Kita&quot;","block_context":{"text":"Kita","link":"https:\/\/paulinenaue.info\/index.php\/category\/kita\/"},"img":{"alt_text":"","src":"https:\/\/i0.wp.com\/paulinenaue.info\/wp-content\/uploads\/2016\/03\/20140228_kita_06.jpg?resize=350%2C200&ssl=1","width":350,"height":200},"classes":[]},{"id":178,"url":"https:\/\/paulinenaue.info\/index.php\/plaetzchen-backen-im-schloss\/","url_meta":{"origin":5657,"position":4},"title":"Pl\u00e4tzchen backen im Schloss","author":"Joachim Scholz","date":"22. M\u00e4rz 2016","format":false,"excerpt":"Petra H\u00e4nsel, Joachim Scholz 09.12.2010. Am Donnerstag vor dem dritten Advent waren einige Kindergartenkinder im Schloss und haben mit den Senioren gemeinsam Pl\u00e4tzchen gebacken. Es hat, wie unsere Bilder beweisen, allen gro\u00dfen Spa\u00df bereitet. Das Paulinenauer Schloss wurde zur Weihnachtsb\u00e4ckerei und zum Treffpunkt der Generationen. Foto: Kita Paulinchen, 2010. Gekonnt\u2026","rel":"","context":"In &quot;Kita&quot;","block_context":{"text":"Kita","link":"https:\/\/paulinenaue.info\/index.php\/category\/kita\/"},"img":{"alt_text":"","src":"https:\/\/i0.wp.com\/paulinenaue.info\/wp-content\/uploads\/2016\/03\/20101209_kekse_kita_03.jpg?resize=350%2C200&ssl=1","width":350,"height":200},"classes":[]},{"id":120,"url":"https:\/\/paulinenaue.info\/index.php\/eiertrudeln-im-schnee-frohe-ostern-wuenscht-die-kita-paulinchen\/","url_meta":{"origin":5657,"position":5},"title":"Eiertrudeln im Schnee \u2013 Frohe Ostern w\u00fcnscht die Kita \u201ePaulinchen\u201c","author":"Joachim Scholz","date":"22. M\u00e4rz 2016","format":false,"excerpt":"Joachim Scholz 26.03.2013. Mit diesen Bildern sendet und die Paulinenauer Kita \u201ePaulinchen\u201c einen lieben Ostergru\u00df. Am vergangenen Dienstag veranstalteten die kleinen Paulinenauerinnen und Paulinenauer ihr Osterfest unter den seltsamen Bedingungen richtigen Winterwetters, das uns zu Weihnachten verwehrt geblieben war. F\u00fcr die Kleinen, die erst in die Ordnung dieser Welt hineinwachsen,\u2026","rel":"","context":"In &quot;Kita&quot;","block_context":{"text":"Kita","link":"https:\/\/paulinenaue.info\/index.php\/category\/kita\/"},"img":{"alt_text":"","src":"","width":0,"height":0},"classes":[]}],"_links":{"self":[{"href":"https:\/\/paulinenaue.info\/index.php\/wp-json\/wp\/v2\/posts\/5657","targetHints":{"allow":["GET"]}}],"collection":[{"href":"https:\/\/paulinenaue.info\/index.php\/wp-json\/wp\/v2\/posts"}],"about":[{"href":"https:\/\/paulinenaue.info\/index.php\/wp-json\/wp\/v2\/types\/post"}],"author":[{"embeddable":true,"href":"https:\/\/paulinenaue.info\/index.php\/wp-json\/wp\/v2\/users\/12"}],"replies":[{"embeddable":true,"href":"https:\/\/paulinenaue.info\/index.php\/wp-json\/wp\/v2\/comments?post=5657"}],"version-history":[{"count":2,"href":"https:\/\/paulinenaue.info\/index.php\/wp-json\/wp\/v2\/posts\/5657\/revisions"}],"predecessor-version":[{"id":5770,"href":"https:\/\/paulinenaue.info\/index.php\/wp-json\/wp\/v2\/posts\/5657\/revisions\/5770"}],"wp:featuredmedia":[{"embeddable":true,"href":"https:\/\/paulinenaue.info\/index.php\/wp-json\/wp\/v2\/media\/5769"}],"wp:attachment":[{"href":"https:\/\/paulinenaue.info\/index.php\/wp-json\/wp\/v2\/media?parent=5657"}],"wp:term":[{"taxonomy":"category","embeddable":true,"href":"https:\/\/paulinenaue.info\/index.php\/wp-json\/wp\/v2\/categories?post=5657"},{"taxonomy":"post_tag","embeddable":true,"href":"https:\/\/paulinenaue.info\/index.php\/wp-json\/wp\/v2\/tags?post=5657"}],"curies":[{"name":"wp","href":"https:\/\/api.w.org\/{rel}","templated":true}]}}