{"id":5831,"date":"2021-05-30T13:40:00","date_gmt":"2021-05-30T07:40:00","guid":{"rendered":"https:\/\/paulinenaue.info\/?p=5831"},"modified":"2021-05-30T13:40:00","modified_gmt":"2021-05-30T07:40:00","slug":"kraeuterwanderung-durchs-lindholz","status":"publish","type":"post","link":"https:\/\/paulinenaue.info\/index.php\/kraeuterwanderung-durchs-lindholz\/","title":{"rendered":"Kr\u00e4uterwanderung durchs Lindholz"},"content":{"rendered":"<p>Text und Bilder: Heide Hesse<\/p>\n<p><span style=\"font-size: medium;\">Am vergangenen Freitag trafen sich rund 25 interessierte Paulinenauer:innen zur nun schon 3. Kr\u00e4uterwanderung. Der Kulturverein konnte daf\u00fcr erneut Sylvia Geisel gewinnen, die diese Veranstaltung f\u00fcr alle zum Erlebnis werden lie\u00df. <\/span><span style=\"font-size: medium;\">Ihr Thema &#8222;Auf der Suche nach dem Suppenkraut&#8220; war keinesfalls so einseitig, wie man meinen m\u00f6chte.<\/span><\/p>\n<p><span style=\"font-size: medium;\">Der Kr\u00e4uterspaziergang f\u00fchrte uns durch das s\u00fcdliche Lindholz. W\u00e4hrend der Wanderung bezog die Diplom Biologin auch unsere Kleinen aktiv ein. Sie konnten Fragen rund um Kr\u00e4uter wie Giersch, Brennnessel, Wegerich, L\u00f6wenzahn usw. beantworten<\/span><span style=\"font-size: medium;\"> und erkl\u00e4rte ihre Wirkungen auf unseren K\u00f6rper. So gab sie vielf\u00e4ltige Anregungen, wie wir diesen im Fr\u00fchjahr mit Hilfe der Pflanzen entgiften k\u00f6nnen. Schon weit in der Vergangenheit wurden gesundheitliche Probleme gezielt mit Kr\u00e4utern behandelt. Sylvia Geisel machte uns klar, dass zur Gesundheit K\u00f6rper, Geist und Seele gest\u00e4rkt werden m\u00fcssen. So bideten kleine, einfache Bewegungs\u00fcbungen den Abschluss der Wanderung, die auch trotz eines Regenschauers nicht gelitten hat.<\/span><\/p>\n<p><span style=\"font-size: medium;\">Die im Anschluss zur Verf\u00fcgung gestellten Rezepte z.B. Fastensuppe und Wildkr\u00e4utersuppe, sind unten stehend abrufbar. Frau Geisel gilt nochmals unserer besonderer Dank! Auch in Zukunft wird sie weitere Touren zu leiten.<\/span><\/p>\n\n\t\t<style type=\"text\/css\">\n\t\t\t#gallery-1 {\n\t\t\t\tmargin: auto;\n\t\t\t}\n\t\t\t#gallery-1 .gallery-item {\n\t\t\t\tfloat: left;\n\t\t\t\tmargin-top: 10px;\n\t\t\t\ttext-align: center;\n\t\t\t\twidth: 33%;\n\t\t\t}\n\t\t\t#gallery-1 img {\n\t\t\t\tborder: 2px solid #cfcfcf;\n\t\t\t}\n\t\t\t#gallery-1 .gallery-caption {\n\t\t\t\tmargin-left: 0;\n\t\t\t}\n\t\t\t\/* see gallery_shortcode() in wp-includes\/media.php *\/\n\t\t<\/style>\n\t\t<div data-carousel-extra='{&quot;blog_id&quot;:1,&quot;permalink&quot;:&quot;https:\/\/paulinenaue.info\/index.php\/kraeuterwanderung-durchs-lindholz\/&quot;}' id='gallery-1' class='gallery galleryid-5831 gallery-columns-3 gallery-size-thumbnail'><dl class='gallery-item'>\n\t\t\t<dt class='gallery-icon portrait'>\n\t\t\t\t<a data-rel=\"iLightbox[postimages]\" data-title=\"paulinauene-kraueterwanderung-2021-4\" data-caption=\"\" href='https:\/\/paulinenaue.info\/paulinauene-kraueterwanderung-2021-4\/'><img decoding=\"async\" width=\"150\" height=\"150\" src=\"https:\/\/paulinenaue.info\/wp-content\/uploads\/2021\/06\/paulinauene-kraueterwanderung-2021-4-150x150.jpg\" class=\"attachment-thumbnail size-thumbnail lazyload\" alt=\"\" srcset=\"data:image\/svg+xml,%3Csvg%20xmlns%3D%27http%3A%2F%2Fwww.w3.org%2F2000%2Fsvg%27%20width%3D%271200%27%20height%3D%271600%27%20viewBox%3D%270%200%201200%201600%27%3E%3Crect%20width%3D%271200%27%20height%3D%271600%27%20fill-opacity%3D%220%22%2F%3E%3C%2Fsvg%3E\" data-orig-src=\"https:\/\/paulinenaue.info\/wp-content\/uploads\/2021\/06\/paulinauene-kraueterwanderung-2021-4-150x150.jpg\" data-srcset=\"https:\/\/paulinenaue.info\/wp-content\/uploads\/2021\/06\/paulinauene-kraueterwanderung-2021-4-66x66.jpg 66w, https:\/\/paulinenaue.info\/wp-content\/uploads\/2021\/06\/paulinauene-kraueterwanderung-2021-4-150x150.jpg 150w\" data-sizes=\"auto\" data-attachment-id=\"5832\" data-permalink=\"https:\/\/paulinenaue.info\/paulinauene-kraueterwanderung-2021-4\/\" data-orig-file=\"https:\/\/paulinenaue.info\/wp-content\/uploads\/2021\/06\/paulinauene-kraueterwanderung-2021-4.jpg\" data-orig-size=\"1200,1600\" data-comments-opened=\"1\" data-image-meta=\"{&quot;aperture&quot;:&quot;0&quot;,&quot;credit&quot;:&quot;&quot;,&quot;camera&quot;:&quot;&quot;,&quot;caption&quot;:&quot;&quot;,&quot;created_timestamp&quot;:&quot;0&quot;,&quot;copyright&quot;:&quot;&quot;,&quot;focal_length&quot;:&quot;0&quot;,&quot;iso&quot;:&quot;0&quot;,&quot;shutter_speed&quot;:&quot;0&quot;,&quot;title&quot;:&quot;&quot;,&quot;orientation&quot;:&quot;0&quot;}\" data-image-title=\"paulinauene-kraueterwanderung-2021-4\" data-image-description=\"\" data-image-caption=\"\" data-large-file=\"https:\/\/paulinenaue.info\/wp-content\/uploads\/2021\/06\/paulinauene-kraueterwanderung-2021-4-768x1024.jpg\" \/><\/a>\n\t\t\t<\/dt><\/dl><dl class='gallery-item'>\n\t\t\t<dt class='gallery-icon portrait'>\n\t\t\t\t<a data-rel=\"iLightbox[postimages]\" data-title=\"paulinauene-kraueterwanderung-2021-2\" data-caption=\"\" href='https:\/\/paulinenaue.info\/paulinauene-kraueterwanderung-2021-2\/'><img decoding=\"async\" width=\"150\" height=\"150\" src=\"https:\/\/paulinenaue.info\/wp-content\/uploads\/2021\/06\/paulinauene-kraueterwanderung-2021-2-150x150.jpg\" class=\"attachment-thumbnail size-thumbnail lazyload\" alt=\"\" srcset=\"data:image\/svg+xml,%3Csvg%20xmlns%3D%27http%3A%2F%2Fwww.w3.org%2F2000%2Fsvg%27%20width%3D%271200%27%20height%3D%271600%27%20viewBox%3D%270%200%201200%201600%27%3E%3Crect%20width%3D%271200%27%20height%3D%271600%27%20fill-opacity%3D%220%22%2F%3E%3C%2Fsvg%3E\" data-orig-src=\"https:\/\/paulinenaue.info\/wp-content\/uploads\/2021\/06\/paulinauene-kraueterwanderung-2021-2-150x150.jpg\" data-srcset=\"https:\/\/paulinenaue.info\/wp-content\/uploads\/2021\/06\/paulinauene-kraueterwanderung-2021-2-66x66.jpg 66w, https:\/\/paulinenaue.info\/wp-content\/uploads\/2021\/06\/paulinauene-kraueterwanderung-2021-2-150x150.jpg 150w\" data-sizes=\"auto\" data-attachment-id=\"5834\" data-permalink=\"https:\/\/paulinenaue.info\/paulinauene-kraueterwanderung-2021-2\/\" data-orig-file=\"https:\/\/paulinenaue.info\/wp-content\/uploads\/2021\/06\/paulinauene-kraueterwanderung-2021-2.jpg\" data-orig-size=\"1200,1600\" data-comments-opened=\"1\" data-image-meta=\"{&quot;aperture&quot;:&quot;0&quot;,&quot;credit&quot;:&quot;&quot;,&quot;camera&quot;:&quot;&quot;,&quot;caption&quot;:&quot;&quot;,&quot;created_timestamp&quot;:&quot;0&quot;,&quot;copyright&quot;:&quot;&quot;,&quot;focal_length&quot;:&quot;0&quot;,&quot;iso&quot;:&quot;0&quot;,&quot;shutter_speed&quot;:&quot;0&quot;,&quot;title&quot;:&quot;&quot;,&quot;orientation&quot;:&quot;0&quot;}\" data-image-title=\"paulinauene-kraueterwanderung-2021-2\" data-image-description=\"\" data-image-caption=\"\" data-large-file=\"https:\/\/paulinenaue.info\/wp-content\/uploads\/2021\/06\/paulinauene-kraueterwanderung-2021-2-768x1024.jpg\" \/><\/a>\n\t\t\t<\/dt><\/dl>\n\t\t\t<br style='clear: both' \/>\n\t\t<\/div>\n\n<p><a href=\"https:\/\/paulinenaue.info\/wp-content\/uploads\/2021\/05\/Rezepte.pdf\">Hier klicken f\u00fcr: Rezepte<\/a><\/p>\n","protected":false},"excerpt":{"rendered":"<p>Text und Bilder: Heide Hesse Am vergangenen Freitag trafen sich [&hellip;]<\/p>\n","protected":false},"author":3,"featured_media":5833,"comment_status":"open","ping_status":"open","sticky":false,"template":"","format":"standard","meta":{"_acf_changed":false,"_price":"","_stock":"","_tribe_ticket_header":"","_tribe_default_ticket_provider":"","_tribe_ticket_capacity":"0","_ticket_start_date":"","_ticket_end_date":"","_tribe_ticket_show_description":"","_tribe_ticket_show_not_going":false,"_tribe_ticket_use_global_stock":"","_tribe_ticket_global_stock_level":"","_global_stock_mode":"","_global_stock_cap":"","_tribe_rsvp_for_event":"","_tribe_ticket_going_count":"","_tribe_ticket_not_going_count":"","_tribe_tickets_list":"[]","_tribe_ticket_has_attendee_info_fields":false,"jetpack_post_was_ever_published":false,"_jetpack_newsletter_access":"","_jetpack_dont_email_post_to_subs":false,"_jetpack_newsletter_tier_id":0,"_jetpack_memberships_contains_paywalled_content":false,"_jetpack_memberships_contains_paid_content":false,"footnotes":"","jetpack_publicize_message":"","jetpack_publicize_feature_enabled":true,"jetpack_social_post_already_shared":true,"jetpack_social_options":{"image_generator_settings":{"template":"highway","default_image_id":0,"font":"","enabled":false},"version":2}},"categories":[1,47,216,9,93],"tags":[358,381,79,394],"class_list":["post-5831","post","type-post","status-publish","format-standard","has-post-thumbnail","hentry","category-allgemein","category-kulturverein","category-natur","category-neuigkeiten","category-veranstaltungen","tag-kraeuter","tag-kraeuterwanderung","tag-lindholz","tag-sylvia-geisel"],"acf":[],"yoast_head":"<!-- This site is optimized with the Yoast SEO plugin v27.5 - https:\/\/yoast.com\/product\/yoast-seo-wordpress\/ -->\n<title>Kr\u00e4uterwanderung durchs Lindholz - Paulinenaue<\/title>\n<meta name=\"robots\" content=\"index, follow, max-snippet:-1, max-image-preview:large, max-video-preview:-1\" \/>\n<link rel=\"canonical\" href=\"https:\/\/paulinenaue.info\/index.php\/kraeuterwanderung-durchs-lindholz\/\" \/>\n<meta property=\"og:locale\" content=\"de_DE\" \/>\n<meta property=\"og:type\" content=\"article\" \/>\n<meta property=\"og:title\" content=\"Kr\u00e4uterwanderung durchs Lindholz - Paulinenaue\" \/>\n<meta property=\"og:description\" content=\"Text und Bilder: Heide Hesse Am vergangenen Freitag trafen sich [&hellip;]\" \/>\n<meta property=\"og:url\" content=\"https:\/\/paulinenaue.info\/index.php\/kraeuterwanderung-durchs-lindholz\/\" \/>\n<meta property=\"og:site_name\" content=\"Paulinenaue\" \/>\n<meta property=\"article:published_time\" content=\"2021-05-30T07:40:00+00:00\" \/>\n<meta property=\"og:image\" content=\"https:\/\/i0.wp.com\/paulinenaue.info\/wp-content\/uploads\/2021\/06\/paulinauene-kraueterwanderung-2021-3.jpg?fit=1200%2C1600&ssl=1\" \/>\n\t<meta property=\"og:image:width\" content=\"1200\" \/>\n\t<meta property=\"og:image:height\" content=\"1600\" \/>\n\t<meta property=\"og:image:type\" content=\"image\/jpeg\" \/>\n<meta name=\"author\" content=\"Sarah\" \/>\n<meta name=\"twitter:card\" content=\"summary_large_image\" \/>\n<meta name=\"twitter:label1\" content=\"Verfasst von\" \/>\n\t<meta name=\"twitter:data1\" content=\"Sarah\" \/>\n\t<meta name=\"twitter:label2\" content=\"Gesch\u00e4tzte Lesezeit\" \/>\n\t<meta name=\"twitter:data2\" content=\"1\u00a0Minute\" \/>\n<script type=\"application\/ld+json\" class=\"yoast-schema-graph\">{\"@context\":\"https:\\\/\\\/schema.org\",\"@graph\":[{\"@type\":\"Article\",\"@id\":\"https:\\\/\\\/paulinenaue.info\\\/index.php\\\/kraeuterwanderung-durchs-lindholz\\\/#article\",\"isPartOf\":{\"@id\":\"https:\\\/\\\/paulinenaue.info\\\/index.php\\\/kraeuterwanderung-durchs-lindholz\\\/\"},\"author\":{\"name\":\"Sarah\",\"@id\":\"https:\\\/\\\/paulinenaue.info\\\/#\\\/schema\\\/person\\\/e5be566a57b5b3f65d2c65a58c42325e\"},\"headline\":\"Kr\u00e4uterwanderung durchs Lindholz\",\"datePublished\":\"2021-05-30T07:40:00+00:00\",\"mainEntityOfPage\":{\"@id\":\"https:\\\/\\\/paulinenaue.info\\\/index.php\\\/kraeuterwanderung-durchs-lindholz\\\/\"},\"wordCount\":216,\"commentCount\":0,\"image\":{\"@id\":\"https:\\\/\\\/paulinenaue.info\\\/index.php\\\/kraeuterwanderung-durchs-lindholz\\\/#primaryimage\"},\"thumbnailUrl\":\"https:\\\/\\\/paulinenaue.info\\\/wp-content\\\/uploads\\\/2021\\\/06\\\/paulinauene-kraueterwanderung-2021-3.jpg\",\"keywords\":[\"Kr\u00e4uter\",\"Kr\u00e4uterwanderung\",\"Lindholz\",\"Sylvia Geisel\"],\"articleSection\":{\"1\":\"Kulturverein\",\"2\":\"Natur\",\"3\":\"Neuigkeiten\",\"4\":\"Veranstaltungen\"},\"inLanguage\":\"de\",\"potentialAction\":[{\"@type\":\"CommentAction\",\"name\":\"Comment\",\"target\":[\"https:\\\/\\\/paulinenaue.info\\\/index.php\\\/kraeuterwanderung-durchs-lindholz\\\/#respond\"]}]},{\"@type\":\"WebPage\",\"@id\":\"https:\\\/\\\/paulinenaue.info\\\/index.php\\\/kraeuterwanderung-durchs-lindholz\\\/\",\"url\":\"https:\\\/\\\/paulinenaue.info\\\/index.php\\\/kraeuterwanderung-durchs-lindholz\\\/\",\"name\":\"Kr\u00e4uterwanderung durchs Lindholz - Paulinenaue\",\"isPartOf\":{\"@id\":\"https:\\\/\\\/paulinenaue.info\\\/#website\"},\"primaryImageOfPage\":{\"@id\":\"https:\\\/\\\/paulinenaue.info\\\/index.php\\\/kraeuterwanderung-durchs-lindholz\\\/#primaryimage\"},\"image\":{\"@id\":\"https:\\\/\\\/paulinenaue.info\\\/index.php\\\/kraeuterwanderung-durchs-lindholz\\\/#primaryimage\"},\"thumbnailUrl\":\"https:\\\/\\\/paulinenaue.info\\\/wp-content\\\/uploads\\\/2021\\\/06\\\/paulinauene-kraueterwanderung-2021-3.jpg\",\"datePublished\":\"2021-05-30T07:40:00+00:00\",\"author\":{\"@id\":\"https:\\\/\\\/paulinenaue.info\\\/#\\\/schema\\\/person\\\/e5be566a57b5b3f65d2c65a58c42325e\"},\"breadcrumb\":{\"@id\":\"https:\\\/\\\/paulinenaue.info\\\/index.php\\\/kraeuterwanderung-durchs-lindholz\\\/#breadcrumb\"},\"inLanguage\":\"de\",\"potentialAction\":[{\"@type\":\"ReadAction\",\"target\":[\"https:\\\/\\\/paulinenaue.info\\\/index.php\\\/kraeuterwanderung-durchs-lindholz\\\/\"]}]},{\"@type\":\"ImageObject\",\"inLanguage\":\"de\",\"@id\":\"https:\\\/\\\/paulinenaue.info\\\/index.php\\\/kraeuterwanderung-durchs-lindholz\\\/#primaryimage\",\"url\":\"https:\\\/\\\/paulinenaue.info\\\/wp-content\\\/uploads\\\/2021\\\/06\\\/paulinauene-kraueterwanderung-2021-3.jpg\",\"contentUrl\":\"https:\\\/\\\/paulinenaue.info\\\/wp-content\\\/uploads\\\/2021\\\/06\\\/paulinauene-kraueterwanderung-2021-3.jpg\",\"width\":1200,\"height\":1600},{\"@type\":\"BreadcrumbList\",\"@id\":\"https:\\\/\\\/paulinenaue.info\\\/index.php\\\/kraeuterwanderung-durchs-lindholz\\\/#breadcrumb\",\"itemListElement\":[{\"@type\":\"ListItem\",\"position\":1,\"name\":\"Home\",\"item\":\"https:\\\/\\\/paulinenaue.info\\\/\"},{\"@type\":\"ListItem\",\"position\":2,\"name\":\"Kr\u00e4uterwanderung durchs Lindholz\"}]},{\"@type\":\"WebSite\",\"@id\":\"https:\\\/\\\/paulinenaue.info\\\/#website\",\"url\":\"https:\\\/\\\/paulinenaue.info\\\/\",\"name\":\"Paulinenaue\",\"description\":\"Ein Dorf im Havelland\",\"potentialAction\":[{\"@type\":\"SearchAction\",\"target\":{\"@type\":\"EntryPoint\",\"urlTemplate\":\"https:\\\/\\\/paulinenaue.info\\\/?s={search_term_string}\"},\"query-input\":{\"@type\":\"PropertyValueSpecification\",\"valueRequired\":true,\"valueName\":\"search_term_string\"}}],\"inLanguage\":\"de\"},{\"@type\":\"Person\",\"@id\":\"https:\\\/\\\/paulinenaue.info\\\/#\\\/schema\\\/person\\\/e5be566a57b5b3f65d2c65a58c42325e\",\"name\":\"Sarah\",\"url\":\"https:\\\/\\\/paulinenaue.info\\\/index.php\\\/author\\\/sarah\\\/\"}]}<\/script>\n<!-- \/ Yoast SEO plugin. -->","yoast_head_json":{"title":"Kr\u00e4uterwanderung durchs Lindholz - Paulinenaue","robots":{"index":"index","follow":"follow","max-snippet":"max-snippet:-1","max-image-preview":"max-image-preview:large","max-video-preview":"max-video-preview:-1"},"canonical":"https:\/\/paulinenaue.info\/index.php\/kraeuterwanderung-durchs-lindholz\/","og_locale":"de_DE","og_type":"article","og_title":"Kr\u00e4uterwanderung durchs Lindholz - Paulinenaue","og_description":"Text und Bilder: Heide Hesse Am vergangenen Freitag trafen sich [&hellip;]","og_url":"https:\/\/paulinenaue.info\/index.php\/kraeuterwanderung-durchs-lindholz\/","og_site_name":"Paulinenaue","article_published_time":"2021-05-30T07:40:00+00:00","og_image":[{"width":1200,"height":1600,"url":"https:\/\/i0.wp.com\/paulinenaue.info\/wp-content\/uploads\/2021\/06\/paulinauene-kraueterwanderung-2021-3.jpg?fit=1200%2C1600&ssl=1","type":"image\/jpeg"}],"author":"Sarah","twitter_card":"summary_large_image","twitter_misc":{"Verfasst von":"Sarah","Gesch\u00e4tzte Lesezeit":"1\u00a0Minute"},"schema":{"@context":"https:\/\/schema.org","@graph":[{"@type":"Article","@id":"https:\/\/paulinenaue.info\/index.php\/kraeuterwanderung-durchs-lindholz\/#article","isPartOf":{"@id":"https:\/\/paulinenaue.info\/index.php\/kraeuterwanderung-durchs-lindholz\/"},"author":{"name":"Sarah","@id":"https:\/\/paulinenaue.info\/#\/schema\/person\/e5be566a57b5b3f65d2c65a58c42325e"},"headline":"Kr\u00e4uterwanderung durchs Lindholz","datePublished":"2021-05-30T07:40:00+00:00","mainEntityOfPage":{"@id":"https:\/\/paulinenaue.info\/index.php\/kraeuterwanderung-durchs-lindholz\/"},"wordCount":216,"commentCount":0,"image":{"@id":"https:\/\/paulinenaue.info\/index.php\/kraeuterwanderung-durchs-lindholz\/#primaryimage"},"thumbnailUrl":"https:\/\/paulinenaue.info\/wp-content\/uploads\/2021\/06\/paulinauene-kraueterwanderung-2021-3.jpg","keywords":["Kr\u00e4uter","Kr\u00e4uterwanderung","Lindholz","Sylvia Geisel"],"articleSection":{"1":"Kulturverein","2":"Natur","3":"Neuigkeiten","4":"Veranstaltungen"},"inLanguage":"de","potentialAction":[{"@type":"CommentAction","name":"Comment","target":["https:\/\/paulinenaue.info\/index.php\/kraeuterwanderung-durchs-lindholz\/#respond"]}]},{"@type":"WebPage","@id":"https:\/\/paulinenaue.info\/index.php\/kraeuterwanderung-durchs-lindholz\/","url":"https:\/\/paulinenaue.info\/index.php\/kraeuterwanderung-durchs-lindholz\/","name":"Kr\u00e4uterwanderung durchs Lindholz - Paulinenaue","isPartOf":{"@id":"https:\/\/paulinenaue.info\/#website"},"primaryImageOfPage":{"@id":"https:\/\/paulinenaue.info\/index.php\/kraeuterwanderung-durchs-lindholz\/#primaryimage"},"image":{"@id":"https:\/\/paulinenaue.info\/index.php\/kraeuterwanderung-durchs-lindholz\/#primaryimage"},"thumbnailUrl":"https:\/\/paulinenaue.info\/wp-content\/uploads\/2021\/06\/paulinauene-kraueterwanderung-2021-3.jpg","datePublished":"2021-05-30T07:40:00+00:00","author":{"@id":"https:\/\/paulinenaue.info\/#\/schema\/person\/e5be566a57b5b3f65d2c65a58c42325e"},"breadcrumb":{"@id":"https:\/\/paulinenaue.info\/index.php\/kraeuterwanderung-durchs-lindholz\/#breadcrumb"},"inLanguage":"de","potentialAction":[{"@type":"ReadAction","target":["https:\/\/paulinenaue.info\/index.php\/kraeuterwanderung-durchs-lindholz\/"]}]},{"@type":"ImageObject","inLanguage":"de","@id":"https:\/\/paulinenaue.info\/index.php\/kraeuterwanderung-durchs-lindholz\/#primaryimage","url":"https:\/\/paulinenaue.info\/wp-content\/uploads\/2021\/06\/paulinauene-kraueterwanderung-2021-3.jpg","contentUrl":"https:\/\/paulinenaue.info\/wp-content\/uploads\/2021\/06\/paulinauene-kraueterwanderung-2021-3.jpg","width":1200,"height":1600},{"@type":"BreadcrumbList","@id":"https:\/\/paulinenaue.info\/index.php\/kraeuterwanderung-durchs-lindholz\/#breadcrumb","itemListElement":[{"@type":"ListItem","position":1,"name":"Home","item":"https:\/\/paulinenaue.info\/"},{"@type":"ListItem","position":2,"name":"Kr\u00e4uterwanderung durchs Lindholz"}]},{"@type":"WebSite","@id":"https:\/\/paulinenaue.info\/#website","url":"https:\/\/paulinenaue.info\/","name":"Paulinenaue","description":"Ein Dorf im Havelland","potentialAction":[{"@type":"SearchAction","target":{"@type":"EntryPoint","urlTemplate":"https:\/\/paulinenaue.info\/?s={search_term_string}"},"query-input":{"@type":"PropertyValueSpecification","valueRequired":true,"valueName":"search_term_string"}}],"inLanguage":"de"},{"@type":"Person","@id":"https:\/\/paulinenaue.info\/#\/schema\/person\/e5be566a57b5b3f65d2c65a58c42325e","name":"Sarah","url":"https:\/\/paulinenaue.info\/index.php\/author\/sarah\/"}]}},"jetpack_publicize_connections":[],"jetpack_featured_media_url":"https:\/\/paulinenaue.info\/wp-content\/uploads\/2021\/06\/paulinauene-kraueterwanderung-2021-3.jpg","jetpack_sharing_enabled":true,"jetpack_shortlink":"https:\/\/wp.me\/pcYhWA-1w3","jetpack-related-posts":[{"id":2137,"url":"https:\/\/paulinenaue.info\/index.php\/ueber-heilkraefte-und-mythen-der-baeume-und-kraeuter\/","url_meta":{"origin":5831,"position":0},"title":"\u00dcber Heilkr\u00e4fte und Mythen der B\u00e4ume und Kr\u00e4uter","author":"Joachim Scholz","date":"9. Juni 2018","format":false,"excerpt":"Der Paulinenauer Kulturverein lud am 26. Mai zu einer Kr\u00e4uterwanderung mit Sylvia Geisel ein. Treffpunkt war der historische und denkmalgesch\u00fctzte Bahnhof in Paulinenaue. Die Wanderung f\u00fchrte die ca. zehn Teilnehmer entlang der Ruppiner Strasse, vorbei am Sportplatz bis zum Waldrand des Naturschutzgebietes Lindholz. Auch wenn der Weg recht kurz war,\u2026","rel":"","context":"In &quot;Allgemein&quot;","block_context":{"text":"Allgemein","link":"https:\/\/paulinenaue.info\/index.php\/category\/allgemein\/"},"img":{"alt_text":"","src":"https:\/\/i0.wp.com\/paulinenaue.info\/wp-content\/uploads\/2018\/06\/DSC_4699.jpg?resize=350%2C200&ssl=1","width":350,"height":200,"srcset":"https:\/\/i0.wp.com\/paulinenaue.info\/wp-content\/uploads\/2018\/06\/DSC_4699.jpg?resize=350%2C200&ssl=1 1x, https:\/\/i0.wp.com\/paulinenaue.info\/wp-content\/uploads\/2018\/06\/DSC_4699.jpg?resize=525%2C300&ssl=1 1.5x, https:\/\/i0.wp.com\/paulinenaue.info\/wp-content\/uploads\/2018\/06\/DSC_4699.jpg?resize=700%2C400&ssl=1 2x"},"classes":[]},{"id":416263,"url":"https:\/\/paulinenaue.info\/index.php\/kraeuterverkostung-2024\/","url_meta":{"origin":5831,"position":1},"title":"Kr\u00e4uterverkostung 2024","author":"Valentin Franklyn","date":"20. Mai 2024","format":false,"excerpt":"Am 4. Mai 2024 fand wieder die allj\u00e4hrliche Kr\u00e4uterwanderung mit Sylvia Geisel statt \u2013 organisiert vom Kulturverein Paulinenaue. Bei gutem Wetter und hungrigen M\u00fccken machten sich die rund 20 neugierigen Kr\u00e4uter-Pilgerer und Pilgerinnen auf den Weg, um unter Anleitung der Biologin Sylvia Geisel Spitzwegerich, L\u00f6wenzahn & co. zu erkunden und\u2026","rel":"","context":"In &quot;Allgemein&quot;","block_context":{"text":"Allgemein","link":"https:\/\/paulinenaue.info\/index.php\/category\/allgemein\/"},"img":{"alt_text":"","src":"https:\/\/i0.wp.com\/paulinenaue.info\/wp-content\/uploads\/2024\/05\/Kraeuterwanderung_4_Mai_2024_22.jpg?resize=350%2C200&ssl=1","width":350,"height":200,"srcset":"https:\/\/i0.wp.com\/paulinenaue.info\/wp-content\/uploads\/2024\/05\/Kraeuterwanderung_4_Mai_2024_22.jpg?resize=350%2C200&ssl=1 1x, https:\/\/i0.wp.com\/paulinenaue.info\/wp-content\/uploads\/2024\/05\/Kraeuterwanderung_4_Mai_2024_22.jpg?resize=525%2C300&ssl=1 1.5x, https:\/\/i0.wp.com\/paulinenaue.info\/wp-content\/uploads\/2024\/05\/Kraeuterwanderung_4_Mai_2024_22.jpg?resize=700%2C400&ssl=1 2x, https:\/\/i0.wp.com\/paulinenaue.info\/wp-content\/uploads\/2024\/05\/Kraeuterwanderung_4_Mai_2024_22.jpg?resize=1050%2C600&ssl=1 3x, https:\/\/i0.wp.com\/paulinenaue.info\/wp-content\/uploads\/2024\/05\/Kraeuterwanderung_4_Mai_2024_22.jpg?resize=1400%2C800&ssl=1 4x"},"classes":[]},{"id":149345,"url":"https:\/\/paulinenaue.info\/index.php\/149345\/","url_meta":{"origin":5831,"position":2},"title":"Besuch in der Waldapotheke","author":"Joachim Scholz","date":"30. April 2022","format":false,"excerpt":"Auf diesen Termin hatten sich viele schon lange gefreut. Auch in diesem Jahr ging es wieder mit Sylvia Geisel\u00a0 auf eine Kr\u00e4uterwanderung vors Dorf. Diesmal stand der Spaziergang unter dem Motto \u201eBesuch in der Waldapotheke\u201c. Die Sonne schien, es gr\u00fcnte allerorten. Den Weg zur Pessiner Heide glaubt man zu kennen\u2026","rel":"","context":"In &quot;Hier Zuhause&quot;","block_context":{"text":"Hier Zuhause","link":"https:\/\/paulinenaue.info\/index.php\/category\/hier-zuhause\/"},"img":{"alt_text":"","src":"https:\/\/i0.wp.com\/paulinenaue.info\/wp-content\/uploads\/2022\/04\/2022-04-29-Kra%CC%88uterwanderung.jpg?resize=350%2C200&ssl=1","width":350,"height":200,"srcset":"https:\/\/i0.wp.com\/paulinenaue.info\/wp-content\/uploads\/2022\/04\/2022-04-29-Kra%CC%88uterwanderung.jpg?resize=350%2C200&ssl=1 1x, https:\/\/i0.wp.com\/paulinenaue.info\/wp-content\/uploads\/2022\/04\/2022-04-29-Kra%CC%88uterwanderung.jpg?resize=525%2C300&ssl=1 1.5x, https:\/\/i0.wp.com\/paulinenaue.info\/wp-content\/uploads\/2022\/04\/2022-04-29-Kra%CC%88uterwanderung.jpg?resize=700%2C400&ssl=1 2x"},"classes":[]},{"id":971,"url":"https:\/\/paulinenaue.info\/index.php\/botanische-schaetze-auf-trockenrasen-und-unter-alten-eichen\/","url_meta":{"origin":5831,"position":3},"title":"Botanische Sch\u00e4tze auf Trockenrasen und unter alten Eichen","author":"Joachim Scholz","date":"14. Juni 2017","format":false,"excerpt":"09.06.2017. Sie sind dicht vor unserer Haust\u00fcr und stecken voller Geheimnis und Sch\u00f6nheit: In Paulinenaues unmittelbarer Umgebung liegen mit den Jahnbergen und dem Lindholz zwei reizvolle Naturschutzgebiete. \u00dcber die einzigartige Pflanzenwelt, die sich auch Dank der Arbeit von Natursch\u00fctzer_innen an beiden Stellen halten kann, informierte am 9. Juni 2017 im\u2026","rel":"","context":"In &quot;Allgemein&quot;","block_context":{"text":"Allgemein","link":"https:\/\/paulinenaue.info\/index.php\/category\/allgemein\/"},"img":{"alt_text":"","src":"https:\/\/i0.wp.com\/paulinenaue.info\/wp-content\/uploads\/2017\/06\/DSC02870.jpg?resize=350%2C200&ssl=1","width":350,"height":200,"srcset":"https:\/\/i0.wp.com\/paulinenaue.info\/wp-content\/uploads\/2017\/06\/DSC02870.jpg?resize=350%2C200&ssl=1 1x, https:\/\/i0.wp.com\/paulinenaue.info\/wp-content\/uploads\/2017\/06\/DSC02870.jpg?resize=525%2C300&ssl=1 1.5x, https:\/\/i0.wp.com\/paulinenaue.info\/wp-content\/uploads\/2017\/06\/DSC02870.jpg?resize=700%2C400&ssl=1 2x"},"classes":[]},{"id":5698,"url":"https:\/\/paulinenaue.info\/index.php\/gedankensammlung-was-2021-mit-sich-bringt\/","url_meta":{"origin":5831,"position":4},"title":"Gedankensammlung &#8230; Was 2021 mit sich bringt","author":"Sarah","date":"23. M\u00e4rz 2021","format":false,"excerpt":"Nun ist es bereits M\u00e4rz des Jahres 2021. Der Jahresanfang war in nun schon f\u00fcr uns alle gewohnter Weise ruhig, mit wenigen Kontakten - Beschr\u00e4nkung auf das N\u00f6tigste. Der erneute Wintereinbruch mit viel Schnee f\u00fcr Langlauf, Schlittenfahrten und Winterwanderungen durch das Lindholz ersetzte die stornierten Winterurlaube und die anschlie\u00dfenden schon\u2026","rel":"","context":"In &quot;Allgemein&quot;","block_context":{"text":"Allgemein","link":"https:\/\/paulinenaue.info\/index.php\/category\/allgemein\/"},"img":{"alt_text":"","src":"https:\/\/i0.wp.com\/paulinenaue.info\/wp-content\/uploads\/2021\/03\/Regenbogen1-scaled-1.jpeg?resize=350%2C200&ssl=1","width":350,"height":200,"srcset":"https:\/\/i0.wp.com\/paulinenaue.info\/wp-content\/uploads\/2021\/03\/Regenbogen1-scaled-1.jpeg?resize=350%2C200&ssl=1 1x, https:\/\/i0.wp.com\/paulinenaue.info\/wp-content\/uploads\/2021\/03\/Regenbogen1-scaled-1.jpeg?resize=525%2C300&ssl=1 1.5x, https:\/\/i0.wp.com\/paulinenaue.info\/wp-content\/uploads\/2021\/03\/Regenbogen1-scaled-1.jpeg?resize=700%2C400&ssl=1 2x, https:\/\/i0.wp.com\/paulinenaue.info\/wp-content\/uploads\/2021\/03\/Regenbogen1-scaled-1.jpeg?resize=1050%2C600&ssl=1 3x, https:\/\/i0.wp.com\/paulinenaue.info\/wp-content\/uploads\/2021\/03\/Regenbogen1-scaled-1.jpeg?resize=1400%2C800&ssl=1 4x"},"classes":[]},{"id":5490,"url":"https:\/\/paulinenaue.info\/index.php\/kraeuter-so-weit-das-auge-reicht\/","url_meta":{"origin":5831,"position":5},"title":"Kr\u00e4uter so weit das Auge reicht","author":"Sarah","date":"13. September 2020","format":false,"excerpt":"Wenn man ganz allt\u00e4glich durch Paulinenaue geht, achtet man wenig auf sie - die vielen Pflanzen rechts und links der Wege. Viele sind f\u00fcr uns einfach nur Unkr\u00e4uter, die uns im heimischen Garten \u00e4rgern oder gar weh tun, wenn man sie ber\u00fchrt. Doch in ihnen steckt so manche unbekannte Wirkung,\u2026","rel":"","context":"In &quot;Natur&quot;","block_context":{"text":"Natur","link":"https:\/\/paulinenaue.info\/index.php\/category\/natur\/"},"img":{"alt_text":"","src":"https:\/\/i0.wp.com\/paulinenaue.info\/wp-content\/uploads\/2020\/09\/IMG_20200913_121826-scaled.jpg?resize=350%2C200&ssl=1","width":350,"height":200,"srcset":"https:\/\/i0.wp.com\/paulinenaue.info\/wp-content\/uploads\/2020\/09\/IMG_20200913_121826-scaled.jpg?resize=350%2C200&ssl=1 1x, https:\/\/i0.wp.com\/paulinenaue.info\/wp-content\/uploads\/2020\/09\/IMG_20200913_121826-scaled.jpg?resize=525%2C300&ssl=1 1.5x, https:\/\/i0.wp.com\/paulinenaue.info\/wp-content\/uploads\/2020\/09\/IMG_20200913_121826-scaled.jpg?resize=700%2C400&ssl=1 2x, https:\/\/i0.wp.com\/paulinenaue.info\/wp-content\/uploads\/2020\/09\/IMG_20200913_121826-scaled.jpg?resize=1050%2C600&ssl=1 3x, https:\/\/i0.wp.com\/paulinenaue.info\/wp-content\/uploads\/2020\/09\/IMG_20200913_121826-scaled.jpg?resize=1400%2C800&ssl=1 4x"},"classes":[]}],"_links":{"self":[{"href":"https:\/\/paulinenaue.info\/index.php\/wp-json\/wp\/v2\/posts\/5831","targetHints":{"allow":["GET"]}}],"collection":[{"href":"https:\/\/paulinenaue.info\/index.php\/wp-json\/wp\/v2\/posts"}],"about":[{"href":"https:\/\/paulinenaue.info\/index.php\/wp-json\/wp\/v2\/types\/post"}],"author":[{"embeddable":true,"href":"https:\/\/paulinenaue.info\/index.php\/wp-json\/wp\/v2\/users\/3"}],"replies":[{"embeddable":true,"href":"https:\/\/paulinenaue.info\/index.php\/wp-json\/wp\/v2\/comments?post=5831"}],"version-history":[{"count":0,"href":"https:\/\/paulinenaue.info\/index.php\/wp-json\/wp\/v2\/posts\/5831\/revisions"}],"wp:featuredmedia":[{"embeddable":true,"href":"https:\/\/paulinenaue.info\/index.php\/wp-json\/wp\/v2\/media\/5833"}],"wp:attachment":[{"href":"https:\/\/paulinenaue.info\/index.php\/wp-json\/wp\/v2\/media?parent=5831"}],"wp:term":[{"taxonomy":"category","embeddable":true,"href":"https:\/\/paulinenaue.info\/index.php\/wp-json\/wp\/v2\/categories?post=5831"},{"taxonomy":"post_tag","embeddable":true,"href":"https:\/\/paulinenaue.info\/index.php\/wp-json\/wp\/v2\/tags?post=5831"}],"curies":[{"name":"wp","href":"https:\/\/api.w.org\/{rel}","templated":true}]}}