{"id":6038,"date":"2021-10-11T00:48:28","date_gmt":"2021-10-10T22:48:28","guid":{"rendered":"https:\/\/paulinenaue.info\/?p=6038"},"modified":"2021-10-11T09:05:38","modified_gmt":"2021-10-11T07:05:38","slug":"aller-guten-dinge-sind-drei-paulinenaue-hat-ein-neues-restaurant","status":"publish","type":"post","link":"https:\/\/paulinenaue.info\/index.php\/aller-guten-dinge-sind-drei-paulinenaue-hat-ein-neues-restaurant\/","title":{"rendered":"\u201eApne 3\u201c: Paulinenaue hat ein neues Restaurant"},"content":{"rendered":"<div id=\"attachment_6050\" style=\"width: 610px\" class=\"wp-caption alignnone\"><a href=\"https:\/\/paulinenaue.info\/wp-content\/uploads\/2021\/10\/DSC04568.jpg\"><img decoding=\"async\" aria-describedby=\"caption-attachment-6050\" data-attachment-id=\"6050\" data-permalink=\"https:\/\/paulinenaue.info\/index.php\/aller-guten-dinge-sind-drei-paulinenaue-hat-ein-neues-restaurant\/dsc04568\/\" data-orig-file=\"https:\/\/paulinenaue.info\/wp-content\/uploads\/2021\/10\/DSC04568.jpg\" data-orig-size=\"1000,667\" data-comments-opened=\"1\" data-image-meta=\"{&quot;aperture&quot;:&quot;2.8&quot;,&quot;credit&quot;:&quot;&quot;,&quot;camera&quot;:&quot;DSC-RX10&quot;,&quot;caption&quot;:&quot;&quot;,&quot;created_timestamp&quot;:&quot;1633877145&quot;,&quot;copyright&quot;:&quot;&quot;,&quot;focal_length&quot;:&quot;10.49&quot;,&quot;iso&quot;:&quot;800&quot;,&quot;shutter_speed&quot;:&quot;0.05&quot;,&quot;title&quot;:&quot;&quot;,&quot;orientation&quot;:&quot;1&quot;}\" data-image-title=\"DSC04568\" data-image-description=\"\" data-image-caption=\"\" data-large-file=\"https:\/\/paulinenaue.info\/wp-content\/uploads\/2021\/10\/DSC04568.jpg\" class=\"lazyload wp-image-6050 size-fusion-600\" src=\"https:\/\/paulinenaue.info\/wp-content\/uploads\/2021\/10\/DSC04568-600x400.jpg\" data-orig-src=\"https:\/\/paulinenaue.info\/wp-content\/uploads\/2021\/10\/DSC04568-600x400.jpg\" alt=\"\" width=\"600\" height=\"400\" srcset=\"data:image\/svg+xml,%3Csvg%20xmlns%3D%27http%3A%2F%2Fwww.w3.org%2F2000%2Fsvg%27%20width%3D%27600%27%20height%3D%27400%27%20viewBox%3D%270%200%20600%20400%27%3E%3Crect%20width%3D%27600%27%20height%3D%27400%27%20fill-opacity%3D%220%22%2F%3E%3C%2Fsvg%3E\" data-srcset=\"https:\/\/paulinenaue.info\/wp-content\/uploads\/2021\/10\/DSC04568-200x133.jpg 200w, https:\/\/paulinenaue.info\/wp-content\/uploads\/2021\/10\/DSC04568-300x200.jpg 300w, https:\/\/paulinenaue.info\/wp-content\/uploads\/2021\/10\/DSC04568-400x267.jpg 400w, https:\/\/paulinenaue.info\/wp-content\/uploads\/2021\/10\/DSC04568-600x400.jpg 600w, https:\/\/paulinenaue.info\/wp-content\/uploads\/2021\/10\/DSC04568-768x512.jpg 768w, https:\/\/paulinenaue.info\/wp-content\/uploads\/2021\/10\/DSC04568-800x534.jpg 800w, https:\/\/paulinenaue.info\/wp-content\/uploads\/2021\/10\/DSC04568.jpg 1000w\" data-sizes=\"auto\" data-orig-sizes=\"(max-width: 600px) 100vw, 600px\" \/><\/a><p id=\"caption-attachment-6050\" class=\"wp-caption-text\">Herzlich Willkommen! Im Saal des neuen Gasthauses von Paulinenaue wird nordindische K\u00fcche serviert. Foto: Joachim Scholz, 2021.<\/p><\/div>\n<p>Das 1886 in Paulinenaue von Wilhelm Grabau er\u00f6ffnete Gasthaus \u201eZu den drei Landkreisen\u201c ist eines der \u00e4ltesten H\u00e4user von Paulinenaue. Es hat H\u00f6hen und Tiefen und manchen Neuanfang erlebt. Hier wurde 1923 der Paulinenauer Sportverein gegr\u00fcndet, im 1933 errichteten Saal lie\u00df P\u00e4chter Paul Eickhoff Reichsarbeitsdienstler aus Bienenfarm tanzen und es wurden Propagandafilme gezeigt. Im Saal fanden Feiern, Kleintierausstellungen und der Sportunterricht statt. Kurz nach der Wende a\u00df ich hier zum ersten und einzigen Mal in meinem Leben Schnecken. Der Versuch, die franz\u00f6sische K\u00fcche ins Havelland zu bringen, scheiterte. Zum letzten Mal schlossen die \u201eDrei Landkreise\u201c 2012. Nach der Sanierung 2014 blieb es jahrelang ruhig.<\/p>\n<p>In der Corona-Zeit fuhren dann Gurinder Kaur und ihr Mann einmal mit ihren Kindern durchs Havelland, aufs Geratewohl. Die Kinder bekamen Hunger, aber nirgends war etwas zu bekommen. F\u00fcr die beiden Gastronomen, die in Berlin und in Blankenfelde-Mahlow bereits Gasth\u00e4user betreiben, war das die erste (irgendwie typische) Begegnung mit unserem Dorf. Es dauerte noch etwas, bis beiden die Idee kam und sie den Entschluss fassten, in Paulinenaue eine dritte Dependance ihrer kleinen Gastronomie-Kette zu gr\u00fcnden. Sie kamen wieder und im August 2021 begannen Vater und Sohn zum Erstaunen der Vorbeifahrenden, das alte Gasthaus knallbunt anzustreichen.<\/p>\n<p>In Paulinenaue dachten da wahrscheinlich viele wie ich: Ach du meine G\u00fcte! Passt das ins Ortsbild? Doch als sp\u00e4ter bunte Schirme und Figuren dazu kamen, kippte das Bild ins Positive. Das sah irgendwie ziemlich cool aus, besser als der steril versiegelte Bahnhofsvorplatz allemal und die Hoffnung, bald ein indisches Restaurant im Dorf zu haben, war verhei\u00dfungsvoll.<\/p>\n<div id=\"attachment_6053\" style=\"width: 610px\" class=\"wp-caption alignnone\"><a href=\"https:\/\/paulinenaue.info\/wp-content\/uploads\/2021\/10\/20211009_restaurant.jpeg\"><img decoding=\"async\" aria-describedby=\"caption-attachment-6053\" data-attachment-id=\"6053\" data-permalink=\"https:\/\/paulinenaue.info\/index.php\/aller-guten-dinge-sind-drei-paulinenaue-hat-ein-neues-restaurant\/20211009_restaurant\/\" data-orig-file=\"https:\/\/paulinenaue.info\/wp-content\/uploads\/2021\/10\/20211009_restaurant.jpeg\" data-orig-size=\"1024,768\" data-comments-opened=\"1\" data-image-meta=\"{&quot;aperture&quot;:&quot;0&quot;,&quot;credit&quot;:&quot;&quot;,&quot;camera&quot;:&quot;&quot;,&quot;caption&quot;:&quot;&quot;,&quot;created_timestamp&quot;:&quot;0&quot;,&quot;copyright&quot;:&quot;&quot;,&quot;focal_length&quot;:&quot;0&quot;,&quot;iso&quot;:&quot;0&quot;,&quot;shutter_speed&quot;:&quot;0&quot;,&quot;title&quot;:&quot;&quot;,&quot;orientation&quot;:&quot;0&quot;}\" data-image-title=\"20211009_restaurant\" data-image-description=\"\" data-image-caption=\"\" data-large-file=\"https:\/\/paulinenaue.info\/wp-content\/uploads\/2021\/10\/20211009_restaurant.jpeg\" class=\"lazyload wp-image-6053 size-fusion-600\" src=\"https:\/\/paulinenaue.info\/wp-content\/uploads\/2021\/10\/20211009_restaurant-600x450.jpeg\" data-orig-src=\"https:\/\/paulinenaue.info\/wp-content\/uploads\/2021\/10\/20211009_restaurant-600x450.jpeg\" alt=\"\" width=\"600\" height=\"450\" srcset=\"data:image\/svg+xml,%3Csvg%20xmlns%3D%27http%3A%2F%2Fwww.w3.org%2F2000%2Fsvg%27%20width%3D%27600%27%20height%3D%27450%27%20viewBox%3D%270%200%20600%20450%27%3E%3Crect%20width%3D%27600%27%20height%3D%27450%27%20fill-opacity%3D%220%22%2F%3E%3C%2Fsvg%3E\" data-srcset=\"https:\/\/paulinenaue.info\/wp-content\/uploads\/2021\/10\/20211009_restaurant-200x150.jpeg 200w, https:\/\/paulinenaue.info\/wp-content\/uploads\/2021\/10\/20211009_restaurant-300x225.jpeg 300w, https:\/\/paulinenaue.info\/wp-content\/uploads\/2021\/10\/20211009_restaurant-400x300.jpeg 400w, https:\/\/paulinenaue.info\/wp-content\/uploads\/2021\/10\/20211009_restaurant-600x450.jpeg 600w, https:\/\/paulinenaue.info\/wp-content\/uploads\/2021\/10\/20211009_restaurant-768x576.jpeg 768w, https:\/\/paulinenaue.info\/wp-content\/uploads\/2021\/10\/20211009_restaurant-800x600.jpeg 800w, https:\/\/paulinenaue.info\/wp-content\/uploads\/2021\/10\/20211009_restaurant.jpeg 1024w\" data-sizes=\"auto\" data-orig-sizes=\"(max-width: 600px) 100vw, 600px\" \/><\/a><p id=\"caption-attachment-6053\" class=\"wp-caption-text\">Bunte Schirme, bunte Farben: Paulinenaues neuer Blickfang. Foto: Christiane Meyerfeldt, 2021.<\/p><\/div>\n<p>An diesem Freitag nun \u00f6ffnete das Haus. Einige Bekannte hatten schon Fotos von innen und begeisterte Kommentare gepostet, als ich tags darauf dort mit meinem Sohn essen ging. Im Gespr\u00e4ch erz\u00e4hlt Gurinder Kaur, dass im Norden Indiens, wo die Familie herkommt, Restaurants immer so farbenfroh aussehen und dass die nordindische K\u00fcche sehr lecker und weniger scharf sei als im Rest des Landes. Sie freue sich auf das Projekt und alle hoffen, dass es etwas wird. Diesen Wunsch teilen die Betreiber sicher mit den meisten Paulinenauern. Neben dem Restaurantbetrieb sind im \u201eApne 3\u201c gr\u00f6\u00dfere Feiern mit bis zu 100 G\u00e4sten m\u00f6glich. Alle Gerichte werden auch au\u00dfer-Haus verkauft. Die Speisekarte sieht aus wie in einem Berliner Restaurant, mit moderaten Preisen. Die Cocktail-Angebote sind eine Wucht und das Essen schmeckt vorz\u00fcglich. Paulinenaue ist ein St\u00fcck nach vorne gekommen an diesem Wochenende. Und im neuen Namen \u201eApne 3\u201c steckt die vertraute 3 unseres Gasthauses \u201eZu den drei Landkreisen\u201c. Das war doch eigentlich auch ein ziemlich verr\u00fcckter Name, oder? Wie dem auch sei: Aller guten Dinge sind drei.<\/p>\n<p>&nbsp;<\/p>\n<p>&nbsp;<\/p>\n<p>&nbsp;<\/p>\n","protected":false},"excerpt":{"rendered":"<p>Das 1886 in Paulinenaue von Wilhelm Grabau er\u00f6ffnete Gasthaus \u201eZu [&hellip;]<\/p>\n","protected":false},"author":1,"featured_media":6050,"comment_status":"open","ping_status":"open","sticky":false,"template":"","format":"standard","meta":{"_acf_changed":false,"_price":"","_stock":"","_tribe_ticket_header":"","_tribe_default_ticket_provider":"","_tribe_ticket_capacity":"0","_ticket_start_date":"","_ticket_end_date":"","_tribe_ticket_show_description":"","_tribe_ticket_show_not_going":false,"_tribe_ticket_use_global_stock":"","_tribe_ticket_global_stock_level":"","_global_stock_mode":"","_global_stock_cap":"","_tribe_rsvp_for_event":"","_tribe_ticket_going_count":"","_tribe_ticket_not_going_count":"","_tribe_tickets_list":"[]","_tribe_ticket_has_attendee_info_fields":false,"jetpack_post_was_ever_published":false,"_jetpack_newsletter_access":"","_jetpack_dont_email_post_to_subs":false,"_jetpack_newsletter_tier_id":0,"_jetpack_memberships_contains_paywalled_content":false,"_jetpack_memberships_contains_paid_content":false,"footnotes":"","jetpack_publicize_message":"","jetpack_publicize_feature_enabled":true,"jetpack_social_post_already_shared":true,"jetpack_social_options":{"image_generator_settings":{"template":"highway","default_image_id":0,"font":"","enabled":false},"version":2}},"categories":[1,40,404,6,9,8],"tags":[405,406,92,91,407],"class_list":["post-6038","post","type-post","status-publish","format-standard","has-post-thumbnail","hentry","category-allgemein","category-dorfentwicklung","category-gastronomie","category-hier-zuhause","category-neuigkeiten","category-tourismus","tag-apne-3","tag-gastronomie","tag-havelland","tag-paulinenaue","tag-restaurant"],"acf":[],"yoast_head":"<!-- This site is optimized with the Yoast SEO plugin v27.5 - https:\/\/yoast.com\/product\/yoast-seo-wordpress\/ -->\n<title>\u201eApne 3\u201c: Paulinenaue hat ein neues Restaurant - Paulinenaue<\/title>\n<meta name=\"description\" content=\"In Paulinenaue hat am Wochenende ein indisches Restaurant er\u00f6ffnet: Aus \u201eZu den drei Landkreisen\u201c wird \u201eApne 3\u201c.\" \/>\n<meta name=\"robots\" content=\"index, follow, max-snippet:-1, max-image-preview:large, max-video-preview:-1\" \/>\n<link rel=\"canonical\" href=\"https:\/\/paulinenaue.info\/index.php\/aller-guten-dinge-sind-drei-paulinenaue-hat-ein-neues-restaurant\/\" \/>\n<meta property=\"og:locale\" content=\"de_DE\" \/>\n<meta property=\"og:type\" content=\"article\" \/>\n<meta property=\"og:title\" content=\"\u201eApne 3\u201c: Paulinenaue hat ein neues Restaurant - Paulinenaue\" \/>\n<meta property=\"og:description\" content=\"In Paulinenaue hat am Wochenende ein indisches Restaurant er\u00f6ffnet: Aus \u201eZu den drei Landkreisen\u201c wird \u201eApne 3\u201c.\" \/>\n<meta property=\"og:url\" content=\"https:\/\/paulinenaue.info\/index.php\/aller-guten-dinge-sind-drei-paulinenaue-hat-ein-neues-restaurant\/\" \/>\n<meta property=\"og:site_name\" content=\"Paulinenaue\" \/>\n<meta property=\"article:published_time\" content=\"2021-10-10T22:48:28+00:00\" \/>\n<meta property=\"article:modified_time\" content=\"2021-10-11T07:05:38+00:00\" \/>\n<meta property=\"og:image\" content=\"https:\/\/i2.wp.com\/paulinenaue.info\/wp-content\/uploads\/2021\/10\/DSC04568.jpg?fit=1000%2C667&ssl=1\" \/>\n\t<meta property=\"og:image:width\" content=\"1000\" \/>\n\t<meta property=\"og:image:height\" content=\"667\" \/>\n\t<meta property=\"og:image:type\" content=\"image\/jpeg\" \/>\n<meta name=\"author\" content=\"Joachim Scholz\" \/>\n<meta name=\"twitter:card\" content=\"summary_large_image\" \/>\n<meta name=\"twitter:label1\" content=\"Verfasst von\" \/>\n\t<meta name=\"twitter:data1\" content=\"Joachim Scholz\" \/>\n\t<meta name=\"twitter:label2\" content=\"Gesch\u00e4tzte Lesezeit\" \/>\n\t<meta name=\"twitter:data2\" content=\"3\u00a0Minuten\" \/>\n<script type=\"application\/ld+json\" class=\"yoast-schema-graph\">{\"@context\":\"https:\\\/\\\/schema.org\",\"@graph\":[{\"@type\":\"Article\",\"@id\":\"https:\\\/\\\/paulinenaue.info\\\/index.php\\\/aller-guten-dinge-sind-drei-paulinenaue-hat-ein-neues-restaurant\\\/#article\",\"isPartOf\":{\"@id\":\"https:\\\/\\\/paulinenaue.info\\\/index.php\\\/aller-guten-dinge-sind-drei-paulinenaue-hat-ein-neues-restaurant\\\/\"},\"author\":{\"name\":\"Joachim Scholz\",\"@id\":\"https:\\\/\\\/paulinenaue.info\\\/#\\\/schema\\\/person\\\/3f9e818fd7b69b0d2bd937ac506897cc\"},\"headline\":\"\u201eApne 3\u201c: Paulinenaue hat ein neues Restaurant\",\"datePublished\":\"2021-10-10T22:48:28+00:00\",\"dateModified\":\"2021-10-11T07:05:38+00:00\",\"mainEntityOfPage\":{\"@id\":\"https:\\\/\\\/paulinenaue.info\\\/index.php\\\/aller-guten-dinge-sind-drei-paulinenaue-hat-ein-neues-restaurant\\\/\"},\"wordCount\":491,\"commentCount\":0,\"image\":{\"@id\":\"https:\\\/\\\/paulinenaue.info\\\/index.php\\\/aller-guten-dinge-sind-drei-paulinenaue-hat-ein-neues-restaurant\\\/#primaryimage\"},\"thumbnailUrl\":\"https:\\\/\\\/paulinenaue.info\\\/wp-content\\\/uploads\\\/2021\\\/10\\\/DSC04568.jpg\",\"keywords\":[\"Apne 3\",\"Gastronomie\",\"Havelland\",\"Paulinenaue\",\"Restaurant\"],\"articleSection\":{\"1\":\"Dorfentwicklung\",\"2\":\"Gastronomie\",\"3\":\"Hier Zuhause\",\"4\":\"Neuigkeiten\",\"5\":\"Tourismus\"},\"inLanguage\":\"de\",\"potentialAction\":[{\"@type\":\"CommentAction\",\"name\":\"Comment\",\"target\":[\"https:\\\/\\\/paulinenaue.info\\\/index.php\\\/aller-guten-dinge-sind-drei-paulinenaue-hat-ein-neues-restaurant\\\/#respond\"]}]},{\"@type\":\"WebPage\",\"@id\":\"https:\\\/\\\/paulinenaue.info\\\/index.php\\\/aller-guten-dinge-sind-drei-paulinenaue-hat-ein-neues-restaurant\\\/\",\"url\":\"https:\\\/\\\/paulinenaue.info\\\/index.php\\\/aller-guten-dinge-sind-drei-paulinenaue-hat-ein-neues-restaurant\\\/\",\"name\":\"\u201eApne 3\u201c: Paulinenaue hat ein neues Restaurant - Paulinenaue\",\"isPartOf\":{\"@id\":\"https:\\\/\\\/paulinenaue.info\\\/#website\"},\"primaryImageOfPage\":{\"@id\":\"https:\\\/\\\/paulinenaue.info\\\/index.php\\\/aller-guten-dinge-sind-drei-paulinenaue-hat-ein-neues-restaurant\\\/#primaryimage\"},\"image\":{\"@id\":\"https:\\\/\\\/paulinenaue.info\\\/index.php\\\/aller-guten-dinge-sind-drei-paulinenaue-hat-ein-neues-restaurant\\\/#primaryimage\"},\"thumbnailUrl\":\"https:\\\/\\\/paulinenaue.info\\\/wp-content\\\/uploads\\\/2021\\\/10\\\/DSC04568.jpg\",\"datePublished\":\"2021-10-10T22:48:28+00:00\",\"dateModified\":\"2021-10-11T07:05:38+00:00\",\"author\":{\"@id\":\"https:\\\/\\\/paulinenaue.info\\\/#\\\/schema\\\/person\\\/3f9e818fd7b69b0d2bd937ac506897cc\"},\"description\":\"In Paulinenaue hat am Wochenende ein indisches Restaurant er\u00f6ffnet: Aus \u201eZu den drei Landkreisen\u201c wird \u201eApne 3\u201c.\",\"breadcrumb\":{\"@id\":\"https:\\\/\\\/paulinenaue.info\\\/index.php\\\/aller-guten-dinge-sind-drei-paulinenaue-hat-ein-neues-restaurant\\\/#breadcrumb\"},\"inLanguage\":\"de\",\"potentialAction\":[{\"@type\":\"ReadAction\",\"target\":[\"https:\\\/\\\/paulinenaue.info\\\/index.php\\\/aller-guten-dinge-sind-drei-paulinenaue-hat-ein-neues-restaurant\\\/\"]}]},{\"@type\":\"ImageObject\",\"inLanguage\":\"de\",\"@id\":\"https:\\\/\\\/paulinenaue.info\\\/index.php\\\/aller-guten-dinge-sind-drei-paulinenaue-hat-ein-neues-restaurant\\\/#primaryimage\",\"url\":\"https:\\\/\\\/paulinenaue.info\\\/wp-content\\\/uploads\\\/2021\\\/10\\\/DSC04568.jpg\",\"contentUrl\":\"https:\\\/\\\/paulinenaue.info\\\/wp-content\\\/uploads\\\/2021\\\/10\\\/DSC04568.jpg\",\"width\":1000,\"height\":667},{\"@type\":\"BreadcrumbList\",\"@id\":\"https:\\\/\\\/paulinenaue.info\\\/index.php\\\/aller-guten-dinge-sind-drei-paulinenaue-hat-ein-neues-restaurant\\\/#breadcrumb\",\"itemListElement\":[{\"@type\":\"ListItem\",\"position\":1,\"name\":\"Home\",\"item\":\"https:\\\/\\\/paulinenaue.info\\\/\"},{\"@type\":\"ListItem\",\"position\":2,\"name\":\"\u201eApne 3\u201c: Paulinenaue hat ein neues Restaurant\"}]},{\"@type\":\"WebSite\",\"@id\":\"https:\\\/\\\/paulinenaue.info\\\/#website\",\"url\":\"https:\\\/\\\/paulinenaue.info\\\/\",\"name\":\"Paulinenaue\",\"description\":\"Ein Dorf im Havelland\",\"potentialAction\":[{\"@type\":\"SearchAction\",\"target\":{\"@type\":\"EntryPoint\",\"urlTemplate\":\"https:\\\/\\\/paulinenaue.info\\\/?s={search_term_string}\"},\"query-input\":{\"@type\":\"PropertyValueSpecification\",\"valueRequired\":true,\"valueName\":\"search_term_string\"}}],\"inLanguage\":\"de\"},{\"@type\":\"Person\",\"@id\":\"https:\\\/\\\/paulinenaue.info\\\/#\\\/schema\\\/person\\\/3f9e818fd7b69b0d2bd937ac506897cc\",\"name\":\"Joachim Scholz\",\"url\":\"https:\\\/\\\/paulinenaue.info\\\/index.php\\\/author\\\/jjscholz\\\/\"}]}<\/script>\n<!-- \/ Yoast SEO plugin. -->","yoast_head_json":{"title":"\u201eApne 3\u201c: Paulinenaue hat ein neues Restaurant - Paulinenaue","description":"In Paulinenaue hat am Wochenende ein indisches Restaurant er\u00f6ffnet: Aus \u201eZu den drei Landkreisen\u201c wird \u201eApne 3\u201c.","robots":{"index":"index","follow":"follow","max-snippet":"max-snippet:-1","max-image-preview":"max-image-preview:large","max-video-preview":"max-video-preview:-1"},"canonical":"https:\/\/paulinenaue.info\/index.php\/aller-guten-dinge-sind-drei-paulinenaue-hat-ein-neues-restaurant\/","og_locale":"de_DE","og_type":"article","og_title":"\u201eApne 3\u201c: Paulinenaue hat ein neues Restaurant - Paulinenaue","og_description":"In Paulinenaue hat am Wochenende ein indisches Restaurant er\u00f6ffnet: Aus \u201eZu den drei Landkreisen\u201c wird \u201eApne 3\u201c.","og_url":"https:\/\/paulinenaue.info\/index.php\/aller-guten-dinge-sind-drei-paulinenaue-hat-ein-neues-restaurant\/","og_site_name":"Paulinenaue","article_published_time":"2021-10-10T22:48:28+00:00","article_modified_time":"2021-10-11T07:05:38+00:00","og_image":[{"width":1000,"height":667,"url":"https:\/\/i2.wp.com\/paulinenaue.info\/wp-content\/uploads\/2021\/10\/DSC04568.jpg?fit=1000%2C667&ssl=1","type":"image\/jpeg"}],"author":"Joachim Scholz","twitter_card":"summary_large_image","twitter_misc":{"Verfasst von":"Joachim Scholz","Gesch\u00e4tzte Lesezeit":"3\u00a0Minuten"},"schema":{"@context":"https:\/\/schema.org","@graph":[{"@type":"Article","@id":"https:\/\/paulinenaue.info\/index.php\/aller-guten-dinge-sind-drei-paulinenaue-hat-ein-neues-restaurant\/#article","isPartOf":{"@id":"https:\/\/paulinenaue.info\/index.php\/aller-guten-dinge-sind-drei-paulinenaue-hat-ein-neues-restaurant\/"},"author":{"name":"Joachim Scholz","@id":"https:\/\/paulinenaue.info\/#\/schema\/person\/3f9e818fd7b69b0d2bd937ac506897cc"},"headline":"\u201eApne 3\u201c: Paulinenaue hat ein neues Restaurant","datePublished":"2021-10-10T22:48:28+00:00","dateModified":"2021-10-11T07:05:38+00:00","mainEntityOfPage":{"@id":"https:\/\/paulinenaue.info\/index.php\/aller-guten-dinge-sind-drei-paulinenaue-hat-ein-neues-restaurant\/"},"wordCount":491,"commentCount":0,"image":{"@id":"https:\/\/paulinenaue.info\/index.php\/aller-guten-dinge-sind-drei-paulinenaue-hat-ein-neues-restaurant\/#primaryimage"},"thumbnailUrl":"https:\/\/paulinenaue.info\/wp-content\/uploads\/2021\/10\/DSC04568.jpg","keywords":["Apne 3","Gastronomie","Havelland","Paulinenaue","Restaurant"],"articleSection":{"1":"Dorfentwicklung","2":"Gastronomie","3":"Hier Zuhause","4":"Neuigkeiten","5":"Tourismus"},"inLanguage":"de","potentialAction":[{"@type":"CommentAction","name":"Comment","target":["https:\/\/paulinenaue.info\/index.php\/aller-guten-dinge-sind-drei-paulinenaue-hat-ein-neues-restaurant\/#respond"]}]},{"@type":"WebPage","@id":"https:\/\/paulinenaue.info\/index.php\/aller-guten-dinge-sind-drei-paulinenaue-hat-ein-neues-restaurant\/","url":"https:\/\/paulinenaue.info\/index.php\/aller-guten-dinge-sind-drei-paulinenaue-hat-ein-neues-restaurant\/","name":"\u201eApne 3\u201c: Paulinenaue hat ein neues Restaurant - Paulinenaue","isPartOf":{"@id":"https:\/\/paulinenaue.info\/#website"},"primaryImageOfPage":{"@id":"https:\/\/paulinenaue.info\/index.php\/aller-guten-dinge-sind-drei-paulinenaue-hat-ein-neues-restaurant\/#primaryimage"},"image":{"@id":"https:\/\/paulinenaue.info\/index.php\/aller-guten-dinge-sind-drei-paulinenaue-hat-ein-neues-restaurant\/#primaryimage"},"thumbnailUrl":"https:\/\/paulinenaue.info\/wp-content\/uploads\/2021\/10\/DSC04568.jpg","datePublished":"2021-10-10T22:48:28+00:00","dateModified":"2021-10-11T07:05:38+00:00","author":{"@id":"https:\/\/paulinenaue.info\/#\/schema\/person\/3f9e818fd7b69b0d2bd937ac506897cc"},"description":"In Paulinenaue hat am Wochenende ein indisches Restaurant er\u00f6ffnet: Aus \u201eZu den drei Landkreisen\u201c wird \u201eApne 3\u201c.","breadcrumb":{"@id":"https:\/\/paulinenaue.info\/index.php\/aller-guten-dinge-sind-drei-paulinenaue-hat-ein-neues-restaurant\/#breadcrumb"},"inLanguage":"de","potentialAction":[{"@type":"ReadAction","target":["https:\/\/paulinenaue.info\/index.php\/aller-guten-dinge-sind-drei-paulinenaue-hat-ein-neues-restaurant\/"]}]},{"@type":"ImageObject","inLanguage":"de","@id":"https:\/\/paulinenaue.info\/index.php\/aller-guten-dinge-sind-drei-paulinenaue-hat-ein-neues-restaurant\/#primaryimage","url":"https:\/\/paulinenaue.info\/wp-content\/uploads\/2021\/10\/DSC04568.jpg","contentUrl":"https:\/\/paulinenaue.info\/wp-content\/uploads\/2021\/10\/DSC04568.jpg","width":1000,"height":667},{"@type":"BreadcrumbList","@id":"https:\/\/paulinenaue.info\/index.php\/aller-guten-dinge-sind-drei-paulinenaue-hat-ein-neues-restaurant\/#breadcrumb","itemListElement":[{"@type":"ListItem","position":1,"name":"Home","item":"https:\/\/paulinenaue.info\/"},{"@type":"ListItem","position":2,"name":"\u201eApne 3\u201c: Paulinenaue hat ein neues Restaurant"}]},{"@type":"WebSite","@id":"https:\/\/paulinenaue.info\/#website","url":"https:\/\/paulinenaue.info\/","name":"Paulinenaue","description":"Ein Dorf im Havelland","potentialAction":[{"@type":"SearchAction","target":{"@type":"EntryPoint","urlTemplate":"https:\/\/paulinenaue.info\/?s={search_term_string}"},"query-input":{"@type":"PropertyValueSpecification","valueRequired":true,"valueName":"search_term_string"}}],"inLanguage":"de"},{"@type":"Person","@id":"https:\/\/paulinenaue.info\/#\/schema\/person\/3f9e818fd7b69b0d2bd937ac506897cc","name":"Joachim Scholz","url":"https:\/\/paulinenaue.info\/index.php\/author\/jjscholz\/"}]}},"jetpack_publicize_connections":[],"jetpack_featured_media_url":"https:\/\/paulinenaue.info\/wp-content\/uploads\/2021\/10\/DSC04568.jpg","jetpack_sharing_enabled":true,"jetpack_shortlink":"https:\/\/wp.me\/pcYhWA-1zo","jetpack-related-posts":[{"id":415552,"url":"https:\/\/paulinenaue.info\/index.php\/rueckblick-auf-die-feier-zum-ptsv-jubilaeum-am-25-november-2023\/","url_meta":{"origin":6038,"position":0},"title":"R\u00fcckblick auf die Feier zum PTSV-Jubil\u00e4um am 25. November 2023","author":"Joachim Scholz","date":"9. Dezember 2023","format":false,"excerpt":"Viele Sportlerinnen und Sportler, die aktiven und die nicht mehr so aktiven, wohnten am 25. November 2023 der Feier zum Jubil\u00e4um der Gr\u00fcndung des Paulinenauer Turn- und Sportvereins bei, die auf den Tag genau 100 Jahre zuvor am selben Ort, im Gasthaus \u201eZu den drei Landkreisen\u201c (heute \u201eApne 3\u201c) stattfand.\u2026","rel":"","context":"In &quot;PTSV&quot;","block_context":{"text":"PTSV","link":"https:\/\/paulinenaue.info\/index.php\/category\/ptsv\/"},"img":{"alt_text":"","src":"https:\/\/i0.wp.com\/paulinenaue.info\/wp-content\/uploads\/2023\/12\/2023-11-25-Apne-3-100-Jahre-PTSV-03.jpeg?resize=350%2C200&ssl=1","width":350,"height":200,"srcset":"https:\/\/i0.wp.com\/paulinenaue.info\/wp-content\/uploads\/2023\/12\/2023-11-25-Apne-3-100-Jahre-PTSV-03.jpeg?resize=350%2C200&ssl=1 1x, https:\/\/i0.wp.com\/paulinenaue.info\/wp-content\/uploads\/2023\/12\/2023-11-25-Apne-3-100-Jahre-PTSV-03.jpeg?resize=525%2C300&ssl=1 1.5x, https:\/\/i0.wp.com\/paulinenaue.info\/wp-content\/uploads\/2023\/12\/2023-11-25-Apne-3-100-Jahre-PTSV-03.jpeg?resize=700%2C400&ssl=1 2x"},"classes":[]},{"id":415620,"url":"https:\/\/paulinenaue.info\/index.php\/zum-ersten-zum-zweiten-zu-den-drei-landkreisen\/","url_meta":{"origin":6038,"position":1},"title":"Zum ersten, zum zweiten &#8211; Zu den drei Landkreisen","author":"Joachim Scholz","date":"7. Dezember 2013","format":false,"excerpt":"Das Paulinenauer Gasthaus wird versteigert 2012 lief es nicht gut f\u00fcr einige \u00f6ffentliche Einrichtungen von Paulinenaue. Es traf vor allem H\u00e4user mit Tradition. Im Laufe des Jahres schwanden die Hoffnungen auf eine baldige Sanierung des Bahnhofsgeb\u00e4udes und als im Dezember die Fleischerei dicht machte, hatte das Gasthaus \u201eZu den drei\u2026","rel":"","context":"In &quot;Allgemein&quot;","block_context":{"text":"Allgemein","link":"https:\/\/paulinenaue.info\/index.php\/category\/allgemein\/"},"img":{"alt_text":"","src":"https:\/\/i0.wp.com\/paulinenaue.info\/wp-content\/uploads\/2023\/12\/2013-12-01-Gasthaus-zu-den-drei-Landkreisen.jpeg?resize=350%2C200&ssl=1","width":350,"height":200,"srcset":"https:\/\/i0.wp.com\/paulinenaue.info\/wp-content\/uploads\/2023\/12\/2013-12-01-Gasthaus-zu-den-drei-Landkreisen.jpeg?resize=350%2C200&ssl=1 1x, https:\/\/i0.wp.com\/paulinenaue.info\/wp-content\/uploads\/2023\/12\/2013-12-01-Gasthaus-zu-den-drei-Landkreisen.jpeg?resize=525%2C300&ssl=1 1.5x, https:\/\/i0.wp.com\/paulinenaue.info\/wp-content\/uploads\/2023\/12\/2013-12-01-Gasthaus-zu-den-drei-Landkreisen.jpeg?resize=700%2C400&ssl=1 2x"},"classes":[]},{"id":25352,"url":"https:\/\/paulinenaue.info\/index.php\/gasthaus-zu-den-drei-landkreisen-hat-neue-inhaber\/","url_meta":{"origin":6038,"position":2},"title":"Gasthaus \u201eZu den drei Landkreisen\u201c hat neue Inhaber","author":"Joachim Scholz","date":"12. Januar 2008","format":false,"excerpt":"Das Gasthaus \u201eZu den drei Landkreisen\u201c hat am letzten Tag des alten Jahres 2007 neue Inhaber erhalten. Dieter und Renate Wolter aus Nauen haben sich Paulinenaues \u00e4ltestem Wirtsbetrieb (gegr. 1886) angenommen, um in ihn neues Leben einkehren zu lassen. Am 2. Februar 2008 veranstalten sie hier einen Faschingstanz, bei dem\u2026","rel":"","context":"In &quot;Allgemein&quot;","block_context":{"text":"Allgemein","link":"https:\/\/paulinenaue.info\/index.php\/category\/allgemein\/"},"img":{"alt_text":"","src":"https:\/\/i0.wp.com\/paulinenaue.info\/wp-content\/uploads\/2022\/02\/2008-01-11-Zu-den-drei-Landkreisen-01.jpg?resize=350%2C200&ssl=1","width":350,"height":200,"srcset":"https:\/\/i0.wp.com\/paulinenaue.info\/wp-content\/uploads\/2022\/02\/2008-01-11-Zu-den-drei-Landkreisen-01.jpg?resize=350%2C200&ssl=1 1x, https:\/\/i0.wp.com\/paulinenaue.info\/wp-content\/uploads\/2022\/02\/2008-01-11-Zu-den-drei-Landkreisen-01.jpg?resize=525%2C300&ssl=1 1.5x, https:\/\/i0.wp.com\/paulinenaue.info\/wp-content\/uploads\/2022\/02\/2008-01-11-Zu-den-drei-Landkreisen-01.jpg?resize=700%2C400&ssl=1 2x"},"classes":[]},{"id":414948,"url":"https:\/\/paulinenaue.info\/index.php\/ein-jahr-apne-3\/","url_meta":{"origin":6038,"position":3},"title":"Ein Jahr Apne 3","author":"Joachim Scholz","date":"12. November 2022","format":false,"excerpt":"Paulinenaues indisches Restaurant feiert Geburtstag \u201eWir gehen zum Inder\u201c, oder \u201eWir holen uns was vom Inder\u201c: Diese S\u00e4tze sind im Laufe des letzten Jahres in Paulinenaue gel\u00e4ufig geworden. Das indische Restaurant \u201eApne 3\u201c, das am 9. Oktober 2021 in der Dorfmitte er\u00f6ffnete, ist l\u00e4ngst eine Institution. Das Essen schmeckt und\u2026","rel":"","context":"In &quot;Allgemein&quot;","block_context":{"text":"Allgemein","link":"https:\/\/paulinenaue.info\/index.php\/category\/allgemein\/"},"img":{"alt_text":"","src":"https:\/\/i0.wp.com\/paulinenaue.info\/wp-content\/uploads\/2022\/11\/2022-11-13-Apne-3.jpeg?resize=350%2C200&ssl=1","width":350,"height":200,"srcset":"https:\/\/i0.wp.com\/paulinenaue.info\/wp-content\/uploads\/2022\/11\/2022-11-13-Apne-3.jpeg?resize=350%2C200&ssl=1 1x, https:\/\/i0.wp.com\/paulinenaue.info\/wp-content\/uploads\/2022\/11\/2022-11-13-Apne-3.jpeg?resize=525%2C300&ssl=1 1.5x, https:\/\/i0.wp.com\/paulinenaue.info\/wp-content\/uploads\/2022\/11\/2022-11-13-Apne-3.jpeg?resize=700%2C400&ssl=1 2x"},"classes":[]},{"id":415382,"url":"https:\/\/paulinenaue.info\/index.php\/sport-frei-100-jahre-paulinenauer-turn-und-sportverein\/","url_meta":{"origin":6038,"position":4},"title":"Sport frei! \u2013 100 Jahre Paulinenauer Turn- und Sportverein","author":"Joachim Scholz","date":"25. November 2023","format":false,"excerpt":"Im Roman ,Drei Kameraden\u2018 l\u00e4sst der Schriftsteller Erich Maria Remarque seinen Protagonisten \u00fcber das Jahresende 1923 sagen: \u201eDas war in der Inflation. Zweihundert Billionen Mark hatte ich monatlich verdient. Zweimal am Tag gab es Geld und jedesmal eine halbe Stunde Urlaub, damit man in die L\u00e4den rasen und etwas kaufen\u2026","rel":"","context":"In &quot;Allgemein&quot;","block_context":{"text":"Allgemein","link":"https:\/\/paulinenaue.info\/index.php\/category\/allgemein\/"},"img":{"alt_text":"","src":"https:\/\/i0.wp.com\/paulinenaue.info\/wp-content\/uploads\/2023\/11\/1952_mannschaft_01.jpg?resize=350%2C200&ssl=1","width":350,"height":200,"srcset":"https:\/\/i0.wp.com\/paulinenaue.info\/wp-content\/uploads\/2023\/11\/1952_mannschaft_01.jpg?resize=350%2C200&ssl=1 1x, https:\/\/i0.wp.com\/paulinenaue.info\/wp-content\/uploads\/2023\/11\/1952_mannschaft_01.jpg?resize=525%2C300&ssl=1 1.5x, https:\/\/i0.wp.com\/paulinenaue.info\/wp-content\/uploads\/2023\/11\/1952_mannschaft_01.jpg?resize=700%2C400&ssl=1 2x, https:\/\/i0.wp.com\/paulinenaue.info\/wp-content\/uploads\/2023\/11\/1952_mannschaft_01.jpg?resize=1050%2C600&ssl=1 3x, https:\/\/i0.wp.com\/paulinenaue.info\/wp-content\/uploads\/2023\/11\/1952_mannschaft_01.jpg?resize=1400%2C800&ssl=1 4x"},"classes":[]},{"id":105,"url":"https:\/\/paulinenaue.info\/index.php\/ptsv\/","url_meta":{"origin":6038,"position":5},"title":"90 Jahre Paulinenauer Turn- und Sportverein \u2013 Der PTSV feiert im Saal des Mehrzweckgeb\u00e4udes","author":"Joachim Scholz","date":"22. M\u00e4rz 2016","format":false,"excerpt":"Joachim Scholz 23.11.2013. Vor 90 Jahren wurde im Gasthaus \u201eZu den drei Landkreisen\u201c\u00a0der Paulinenauer Turn- und Sportverein gegr\u00fcndet. Das Gasthaus ist zur Zeit f\u00fcr ein Minimalgebot von 8000 \u20ac\u00a0zur Versteigerung ausgeschrieben, der PTSV aber steht in Flor und feiert. Seine G\u00e4ste lud der \u00e4lteste aktive Verein unseres Dorfes am Sonnabend\u2026","rel":"","context":"In &quot;PTSV&quot;","block_context":{"text":"PTSV","link":"https:\/\/paulinenaue.info\/index.php\/category\/ptsv\/"},"img":{"alt_text":"","src":"https:\/\/i0.wp.com\/paulinenaue.info\/wp-content\/uploads\/2016\/03\/20131124_ptsv_90_01.jpg?resize=350%2C200&ssl=1","width":350,"height":200},"classes":[]}],"_links":{"self":[{"href":"https:\/\/paulinenaue.info\/index.php\/wp-json\/wp\/v2\/posts\/6038","targetHints":{"allow":["GET"]}}],"collection":[{"href":"https:\/\/paulinenaue.info\/index.php\/wp-json\/wp\/v2\/posts"}],"about":[{"href":"https:\/\/paulinenaue.info\/index.php\/wp-json\/wp\/v2\/types\/post"}],"author":[{"embeddable":true,"href":"https:\/\/paulinenaue.info\/index.php\/wp-json\/wp\/v2\/users\/1"}],"replies":[{"embeddable":true,"href":"https:\/\/paulinenaue.info\/index.php\/wp-json\/wp\/v2\/comments?post=6038"}],"version-history":[{"count":35,"href":"https:\/\/paulinenaue.info\/index.php\/wp-json\/wp\/v2\/posts\/6038\/revisions"}],"predecessor-version":[{"id":6078,"href":"https:\/\/paulinenaue.info\/index.php\/wp-json\/wp\/v2\/posts\/6038\/revisions\/6078"}],"wp:featuredmedia":[{"embeddable":true,"href":"https:\/\/paulinenaue.info\/index.php\/wp-json\/wp\/v2\/media\/6050"}],"wp:attachment":[{"href":"https:\/\/paulinenaue.info\/index.php\/wp-json\/wp\/v2\/media?parent=6038"}],"wp:term":[{"taxonomy":"category","embeddable":true,"href":"https:\/\/paulinenaue.info\/index.php\/wp-json\/wp\/v2\/categories?post=6038"},{"taxonomy":"post_tag","embeddable":true,"href":"https:\/\/paulinenaue.info\/index.php\/wp-json\/wp\/v2\/tags?post=6038"}],"curies":[{"name":"wp","href":"https:\/\/api.w.org\/{rel}","templated":true}]}}