{"id":6080,"date":"2009-01-31T00:03:33","date_gmt":"2009-01-30T23:03:33","guid":{"rendered":"https:\/\/paulinenaue.info\/?p=6080"},"modified":"2024-06-07T00:41:10","modified_gmt":"2024-06-06T22:41:10","slug":"die-pferde-haben-uns","status":"publish","type":"post","link":"https:\/\/paulinenaue.info\/index.php\/die-pferde-haben-uns\/","title":{"rendered":"Die Pferde haben uns!"},"content":{"rendered":"<h2>Die Paulinenauer Traberz\u00fcchter Arthur und Carl Knauer<\/h2>\n<p class=\"autor\"><em>von Gerd von Ende<\/em><\/p>\n<p>\u201eEs war eine wilde Urgegend, wie die Hand der Natur sie gebildet hatte, ein Seitenst\u00fcck zu den Urw\u00e4ldern S\u00fcdamerikas, nur kleiner und nicht Wald, sondern Luch. Es zeigte damals in gro\u00dfer Ausdehnung, was kleinere Bruchfl\u00e4chen der Mark noch jetzt zeigen. Weit und breit bedeckte ein Rasen aus zusammengefilzter Wurzeldecke von br\u00e4unlich-gr\u00fcner Farbe die wassergleiche Ebene, deren kurze Grashalme besonders den Riedgr\u00e4sern angeh\u00f6rten. In jedem Fr\u00fchjahr quoll der Boden durch das hervordringende Grundwasser auf, die Rasendecke hob sich in die H\u00f6he &#8230;\u201c \u2013 So charakterisierte Karl Friedrich Kl\u00f6den in der ersten H\u00e4lfte des 19. Jahrhunderts Brandenburger Gegenden wie das Havell\u00e4ndische Luch. Hier zwischen Nauen und Friesack etablierte sich, thronend auf einer Talsandinsel zwischen Gr\u00e4ben, Wald, Gras und Torf, das kleine \u00d6rtchen Paulinenaue (heute Landkreis Havelland, Amt Friesack). Nur die \u00e4ltesten der gerade mal 1.300 Einwohner k\u00f6nnen sich noch an Arthur Knauer erinnern, der \u2013 zusammen mit seinem j\u00fcngeren Bruder Carl \u2013 in der gr\u00fcnen Einsamkeit des Luchs 1916 das Gest\u00fct Lindenhof gegr\u00fcndet hatte. Allseits anerkannt als Nestor deutscher Traberzucht, verstarb der gelernte Kunstmaler 1964, also vor 45 Jahren. Grund genug, sich 45 Jahre sp\u00e4ter wieder einmal des ber\u00fchmten Stuten-<span xml:lang=\"en\">Derby<\/span>-Namensgebers zu erinnern.<\/p>\n<div id=\"attachment_6084\" style=\"width: 810px\" class=\"wp-caption alignnone\"><a href=\"https:\/\/paulinenaue.info\/wp-content\/uploads\/2009\/01\/Knauer-im-Wagen.jpg\"><img decoding=\"async\" aria-describedby=\"caption-attachment-6084\" data-attachment-id=\"6084\" data-permalink=\"https:\/\/paulinenaue.info\/index.php\/die-pferde-haben-uns\/knauer-im-wagen\/\" data-orig-file=\"https:\/\/paulinenaue.info\/wp-content\/uploads\/2009\/01\/Knauer-im-Wagen.jpg\" data-orig-size=\"1000,661\" data-comments-opened=\"1\" data-image-meta=\"{&quot;aperture&quot;:&quot;0&quot;,&quot;credit&quot;:&quot;&quot;,&quot;camera&quot;:&quot;&quot;,&quot;caption&quot;:&quot;&quot;,&quot;created_timestamp&quot;:&quot;0&quot;,&quot;copyright&quot;:&quot;&quot;,&quot;focal_length&quot;:&quot;0&quot;,&quot;iso&quot;:&quot;0&quot;,&quot;shutter_speed&quot;:&quot;0&quot;,&quot;title&quot;:&quot;&quot;,&quot;orientation&quot;:&quot;1&quot;}\" data-image-title=\"Knauer im Wagen\" data-image-description=\"\" data-image-caption=\"\" data-large-file=\"https:\/\/paulinenaue.info\/wp-content\/uploads\/2009\/01\/Knauer-im-Wagen.jpg\" class=\"lazyload wp-image-6084 size-fusion-800\" src=\"https:\/\/paulinenaue.info\/wp-content\/uploads\/2009\/01\/Knauer-im-Wagen-800x529.jpg\" data-orig-src=\"https:\/\/paulinenaue.info\/wp-content\/uploads\/2009\/01\/Knauer-im-Wagen-800x529.jpg\" alt=\"\" width=\"800\" height=\"529\" srcset=\"data:image\/svg+xml,%3Csvg%20xmlns%3D%27http%3A%2F%2Fwww.w3.org%2F2000%2Fsvg%27%20width%3D%27800%27%20height%3D%27529%27%20viewBox%3D%270%200%20800%20529%27%3E%3Crect%20width%3D%27800%27%20height%3D%27529%27%20fill-opacity%3D%220%22%2F%3E%3C%2Fsvg%3E\" data-srcset=\"https:\/\/paulinenaue.info\/wp-content\/uploads\/2009\/01\/Knauer-im-Wagen-200x132.jpg 200w, https:\/\/paulinenaue.info\/wp-content\/uploads\/2009\/01\/Knauer-im-Wagen-300x198.jpg 300w, https:\/\/paulinenaue.info\/wp-content\/uploads\/2009\/01\/Knauer-im-Wagen-400x264.jpg 400w, https:\/\/paulinenaue.info\/wp-content\/uploads\/2009\/01\/Knauer-im-Wagen-600x397.jpg 600w, https:\/\/paulinenaue.info\/wp-content\/uploads\/2009\/01\/Knauer-im-Wagen-768x508.jpg 768w, https:\/\/paulinenaue.info\/wp-content\/uploads\/2009\/01\/Knauer-im-Wagen-800x529.jpg 800w, https:\/\/paulinenaue.info\/wp-content\/uploads\/2009\/01\/Knauer-im-Wagen.jpg 1000w\" data-sizes=\"auto\" data-orig-sizes=\"(max-width: 800px) 100vw, 800px\" \/><\/a><p id=\"caption-attachment-6084\" class=\"wp-caption-text\"><em>Arthur Knauer liebte es, in einem hochr\u00e4drigen Land-Dogcart durch das Havelland zu kutschieren. Foto: Archiv Gerd von Ende.<\/em><\/p><\/div>\n<h3 class=\"titel\">Gl\u00fcckliche Erwerbung der Siema<\/h3>\n<p>\u201ePaulinenaue w\u00e4chst sich immer mehr zum Mittelpunkt f\u00fcr das Luch aus, nachdem dort &#8230; umfangreiche Bauten zu landwirtschaftlichen Zwecken entstanden sind, Arbeiterwohnungen, Maschinen- und D\u00fcngerschuppen jenseits der Bahn. Der Wiesen- und Weidebetrieb im Luch wird immer gro\u00dfartiger. Wer dasselbe lange nicht gesehen hat, muss staunen, wie lebendig es geworden ist: ebene Koppeln, wo sonst Segge und Gestr\u00fcpp stand, feste Wege, wo sonst der Fu\u00df versank\u201c, \u00fcberlieferte im 1. Weltkrieg der Retzower Pfarrer Koch in der Zeitschrift \u201eHeimatglocken\u201c. Abschlie\u00dfend fasste der Geistliche zusammen: \u201eJa, das Luch bekommt Leben und erschlie\u00dft sich f\u00fcr Ansiedelungen.\u201c Neuank\u00f6mmlinge, die vor allem auf Gartenbau setzten, sorgten daf\u00fcr, dass Paulinenaue ringsum bald das \u201eErdbeerdorf\u201c genannt wurde. F\u00fcr mehr Ausstrahlung sorgten nat\u00fcrlich Arthur und Carl Knauer mit ihrem 1916 gegr\u00fcndeten Trabergest\u00fct Lindenhof, damals am Nordrand des Lindholzes zwischen dem Gro\u00dfen Graben und Eisenbahngleisen zu entdecken.<\/p>\n<p>Befl\u00fcgelt von unglaublichem Idealismus nahmen die zwei Br\u00fcder auf rund 300 Morgen (\u00e4ltestes deutsches Feldma\u00df, in Preu\u00dfen 25,53 Ar; 1 Ar = 100 Quadratmeter) \u00f6den Bruch- und Unlandes ihr Lebenswerk in Angriff. Nirgendwo bl\u00fchte ein Baum; kein Strauch gedieh auf dem schlecht entw\u00e4sserten Moorboden. Es war ein hartes St\u00fcck Arbeit, ja ureigenste Kolonisten-T\u00e4tigkeit, die es ohne Anschluss f\u00fcr Strom und Gas zu bew\u00e4ltigen galt. Der n\u00e4chste Bahnhof lag drei Kilometer entfernt. Doch die Knauers konnten grundverschiedene Kenntnisse, Fertigkeiten und Erfahrungen in die Waagschale werfen. W\u00e4hrend sich der kr\u00e4ftiger gebaute Carl \u2013 ein gelernter Landwirt und Viehz\u00fcchter \u2013 im Zwei-Mann-Staat als Macher und \u201eInnenminister\u201c engagierte, \u00fcbernahm der \u00e4ltere Arthur das \u201eAu\u00dfenreferat\u201c. Geboren am 25. Juli 1874 als Sohn eines Porzellanmalers in Altwasser (Kreis Waldenburg), hatte es den Schlesier an die Akademische Hochschule f\u00fcr Bildende Kunst nach Berlin verschlagen. In Wei\u00dfensee und <span xml:lang=\"en\">Westend<\/span>\u00a0entdeckte der junge Maler zudem sein Faible f\u00fcr die Gespanne, wovon Skizzen, Zeichnungen und Gem\u00e4lde k\u00fcnden. Auch verdingte sich Arthur bei den Traberleuten als Funktion\u00e4r und begann zu z\u00fcchten.<\/p>\n<div id=\"attachment_6087\" style=\"width: 810px\" class=\"wp-caption alignnone\"><a href=\"https:\/\/paulinenaue.info\/wp-content\/uploads\/2009\/01\/Knauer-Weissensee.jpg\"><img decoding=\"async\" aria-describedby=\"caption-attachment-6087\" data-attachment-id=\"6087\" data-permalink=\"https:\/\/paulinenaue.info\/index.php\/die-pferde-haben-uns\/knauer-weissensee\/\" data-orig-file=\"https:\/\/paulinenaue.info\/wp-content\/uploads\/2009\/01\/Knauer-Weissensee.jpg\" data-orig-size=\"1000,657\" data-comments-opened=\"1\" data-image-meta=\"{&quot;aperture&quot;:&quot;0&quot;,&quot;credit&quot;:&quot;&quot;,&quot;camera&quot;:&quot;&quot;,&quot;caption&quot;:&quot;&quot;,&quot;created_timestamp&quot;:&quot;0&quot;,&quot;copyright&quot;:&quot;&quot;,&quot;focal_length&quot;:&quot;0&quot;,&quot;iso&quot;:&quot;0&quot;,&quot;shutter_speed&quot;:&quot;0&quot;,&quot;title&quot;:&quot;&quot;,&quot;orientation&quot;:&quot;1&quot;}\" data-image-title=\"Knauer Weissensee\" data-image-description=\"\" data-image-caption=\"\" data-large-file=\"https:\/\/paulinenaue.info\/wp-content\/uploads\/2009\/01\/Knauer-Weissensee.jpg\" class=\"lazyload wp-image-6087 size-fusion-800\" src=\"https:\/\/paulinenaue.info\/wp-content\/uploads\/2009\/01\/Knauer-Weissensee-800x526.jpg\" data-orig-src=\"https:\/\/paulinenaue.info\/wp-content\/uploads\/2009\/01\/Knauer-Weissensee-800x526.jpg\" alt=\"Rennbahn Wei\u00dfensee, gemalt von Arthur Knauer\" width=\"800\" height=\"526\" srcset=\"data:image\/svg+xml,%3Csvg%20xmlns%3D%27http%3A%2F%2Fwww.w3.org%2F2000%2Fsvg%27%20width%3D%27800%27%20height%3D%27526%27%20viewBox%3D%270%200%20800%20526%27%3E%3Crect%20width%3D%27800%27%20height%3D%27526%27%20fill-opacity%3D%220%22%2F%3E%3C%2Fsvg%3E\" data-srcset=\"https:\/\/paulinenaue.info\/wp-content\/uploads\/2009\/01\/Knauer-Weissensee-200x131.jpg 200w, https:\/\/paulinenaue.info\/wp-content\/uploads\/2009\/01\/Knauer-Weissensee-300x197.jpg 300w, https:\/\/paulinenaue.info\/wp-content\/uploads\/2009\/01\/Knauer-Weissensee-400x263.jpg 400w, https:\/\/paulinenaue.info\/wp-content\/uploads\/2009\/01\/Knauer-Weissensee-600x394.jpg 600w, https:\/\/paulinenaue.info\/wp-content\/uploads\/2009\/01\/Knauer-Weissensee-768x505.jpg 768w, https:\/\/paulinenaue.info\/wp-content\/uploads\/2009\/01\/Knauer-Weissensee-800x526.jpg 800w, https:\/\/paulinenaue.info\/wp-content\/uploads\/2009\/01\/Knauer-Weissensee.jpg 1000w\" data-sizes=\"auto\" data-orig-sizes=\"(max-width: 800px) 100vw, 800px\" \/><\/a><p id=\"caption-attachment-6087\" class=\"wp-caption-text\"><em>Ansicht der Rennbahn Wei\u00dfensee, gemalt von Arthur Knauer. Bild: Internationales Traber-Album 1895.<\/em><\/p><\/div>\n<p>Auf den weiten Lindholzer Fl\u00e4chen und Koppeln, von denen die gr\u00f6\u00dfte 150 Morgen ma\u00df, tummelte sich eine Braune, an die sich Arthur Knauer gern erinnerte: \u201eVoller Stolz nannte ich bald eine Traberstute mein eigen. Es war 1908, als ich mit der damals vierj\u00e4hrigen Stute Siema die ersten Gehversuche in der Traberzucht unternahm. Diese in Bayern gezogene Stute hatte keine Rennleistung. Sie stammte von dem Amerikaner Dr. Sphinx aus der Elsa v. Ely See aus einer Halbblutstute. &#8230; Ich kann behaupten, dass Siema dennoch f\u00fcr mich eine sehr gl\u00fcckliche Erwerbung war.\u201c Nach dem 1909 geborenen Hengst Sneigas brachte Siema weitere hoffnungsvolle Fohlen, unter ihnen Simpel (1:27,5), Simplex (1:29,2) oder Sphinx I (1.29,3). Aufmerksamkeit in Fachkreisen erheischten die Knauers allerdings erst mit dem Erwerb des Deckhengst-Veteranen Franko (<span xml:lang=\"en\">US-Walnut Hall Farm<\/span>; 1899 v. Moko a. d. Franlet) aus dem gerade aufgel\u00f6sten Deutschen Traber-Hauptgest\u00fct zu Ihringen in Baden. Kaum zuf\u00e4llig bemerkte da 1924 das \u201eHandbuch der Traberzucht in Deutschland\u201c: Zu \u201eden allerneuesten Trabergest\u00fcten gr\u00f6\u00dferen Stils geh\u00f6rt das &#8230; sachkundigst angelegte Gest\u00fct Lindenhof bei Paulinenaue in der Mark, wo der brave alte Franko seine Tage beschlie\u00dfen sollte.\u201c<\/p>\n<h3 class=\"titel\">Als Vater der Importbewegung geachtet<\/h3>\n<p>Am 15. November 1918 wehte die Fahne der Revolution \u00fcber der Mariendorfer Piste. Ihr Rot signalisierte den l\u00e4ngst notwendigen Umbruch im deutschen Trabrennsport. M\u00e4nner fanden an die Z\u00fcgel, welche \u2013 laut Bruno Hettwer \u2013 von jeher seine wirklichen Tr\u00e4ger gewesen waren. Auf Initiative von Bruno Cassirer und Bruno Burchardt, mittlerweile Vorsitzende von Mariendorf beziehungsweise <span xml:lang=\"en\">Westend<\/span>, bildete sich eine Oberste Beh\u00f6rde f\u00fcr Traber-Zucht und -Rennen (OBT). Ein Deutscher Traberz\u00fcchter-Verein (1920) fand sich zusammen. Die Staatliche Traberzuchtkommission wurde neu gegr\u00fcndet, jetzt \u00fcber Mittel aus einem Staatlichen Traberzuchtfond verf\u00fcgend. In illustrer Z\u00fcchterrunde unter dem Vorsitz von Oberlandstallmeister Groscurth herrschte Einstimmigkeit dar\u00fcber, dass eine dringend notwendige Leistungssteigerung der einheimischen Pferde eines bedeutenden Imports zur Hebung des Blutstandes bedurfte. Also erm\u00e4chtigten die Herren Richter, von Schl\u00fcter, Dr. de\u00a0<span xml:lang=\"fr\">Chapeaurouge<\/span>\u00a0sowie von Schorlemmer, auf Vorschlag von Bruno Cassirer \u00fcbrigens, den Paulinenauer Arthur Knauer, sich als Vertrauensmann der Kommission in den USA nach \u201eTraberdamen\u201c umzusehen. Im Herbst 1924 brach der Havell\u00e4nder zu gro\u00dfer Fahrt auf, um das m\u00f6glichst Beste \u00fcber den Teich zu holen.<\/p>\n<div id=\"attachment_6089\" style=\"width: 810px\" class=\"wp-caption alignnone\"><a href=\"https:\/\/paulinenaue.info\/wp-content\/uploads\/2009\/01\/Siema.jpg\"><img decoding=\"async\" aria-describedby=\"caption-attachment-6089\" data-attachment-id=\"6089\" data-permalink=\"https:\/\/paulinenaue.info\/index.php\/die-pferde-haben-uns\/siema\/\" data-orig-file=\"https:\/\/paulinenaue.info\/wp-content\/uploads\/2009\/01\/Siema.jpg\" data-orig-size=\"1000,689\" data-comments-opened=\"1\" data-image-meta=\"{&quot;aperture&quot;:&quot;0&quot;,&quot;credit&quot;:&quot;&quot;,&quot;camera&quot;:&quot;&quot;,&quot;caption&quot;:&quot;&quot;,&quot;created_timestamp&quot;:&quot;0&quot;,&quot;copyright&quot;:&quot;&quot;,&quot;focal_length&quot;:&quot;0&quot;,&quot;iso&quot;:&quot;0&quot;,&quot;shutter_speed&quot;:&quot;0&quot;,&quot;title&quot;:&quot;&quot;,&quot;orientation&quot;:&quot;1&quot;}\" data-image-title=\"Siema\" data-image-description=\"\" data-image-caption=\"&lt;p&gt;Die alte \u201eDame\u201c Siema mit Nachwuchs auf der Weide. Foto: Deutsches Traber-Jahrbuch 1927.&lt;\/p&gt;\n\" data-large-file=\"https:\/\/paulinenaue.info\/wp-content\/uploads\/2009\/01\/Siema.jpg\" class=\"lazyload wp-image-6089 size-fusion-800\" src=\"https:\/\/paulinenaue.info\/wp-content\/uploads\/2009\/01\/Siema-800x551.jpg\" data-orig-src=\"https:\/\/paulinenaue.info\/wp-content\/uploads\/2009\/01\/Siema-800x551.jpg\" alt=\"Siema mit Nachwuchs, 1927\" width=\"800\" height=\"551\" srcset=\"data:image\/svg+xml,%3Csvg%20xmlns%3D%27http%3A%2F%2Fwww.w3.org%2F2000%2Fsvg%27%20width%3D%27800%27%20height%3D%27551%27%20viewBox%3D%270%200%20800%20551%27%3E%3Crect%20width%3D%27800%27%20height%3D%27551%27%20fill-opacity%3D%220%22%2F%3E%3C%2Fsvg%3E\" data-srcset=\"https:\/\/paulinenaue.info\/wp-content\/uploads\/2009\/01\/Siema-200x138.jpg 200w, https:\/\/paulinenaue.info\/wp-content\/uploads\/2009\/01\/Siema-300x207.jpg 300w, https:\/\/paulinenaue.info\/wp-content\/uploads\/2009\/01\/Siema-400x276.jpg 400w, https:\/\/paulinenaue.info\/wp-content\/uploads\/2009\/01\/Siema-600x413.jpg 600w, https:\/\/paulinenaue.info\/wp-content\/uploads\/2009\/01\/Siema-768x529.jpg 768w, https:\/\/paulinenaue.info\/wp-content\/uploads\/2009\/01\/Siema-800x551.jpg 800w, https:\/\/paulinenaue.info\/wp-content\/uploads\/2009\/01\/Siema.jpg 1000w\" data-sizes=\"auto\" data-orig-sizes=\"(max-width: 800px) 100vw, 800px\" \/><\/a><p id=\"caption-attachment-6089\" class=\"wp-caption-text\"><em>Die alte \u201eDame\u201c Siema mit Nachwuchs auf der Weide. Foto: Deutsches Traber-Jahrbuch 1927.<\/em><\/p><\/div>\n<p>Zun\u00e4chst besuchte Arthur Knauer namhafte Rennbahnen, beobachtete das\u00a0<span xml:lang=\"en\">Grand-Circuit-Meeting<\/span>\u00a0zu\u00a0<span xml:lang=\"en\">Lexington (Kentucky)<\/span>\u00a0oder auch Halbmeilenbahn-Rennen von\u00a0<span xml:lang=\"en\">Cleveland (Ohio)<\/span>. Besonders beeindruckt gab er sich von Zuchtst\u00e4tten, wie der\u00a0<span xml:lang=\"en\">Walnut Hall Farm<\/span>, der\u00a0<span xml:lang=\"en\">Calumet Farm<\/span>, der\u00a0<span xml:lang=\"en\">Castleton Farm<\/span>\u00a0oder der\u00a0<span xml:lang=\"en\">Laurel Hall Farm<\/span>. In ersterer stand neben\u00a0<span xml:lang=\"en\">Cracks<\/span>\u00a0wie\u00a0<span xml:lang=\"en\">Guy Axworthy<\/span>\u00a0und\u00a0<span xml:lang=\"en\">Peter Volo<\/span>\u00a0sogar noch der alte Moko. Der Vater des Lindenhofer Besch\u00e4lers Franko sollte auf der Farm sogar das stattliche Alter von 33 Jahren erreichen. Alles in allem kaufte der Brandenburger in staatlicher Mission rund zwei Dutzend Stuten ein, unter ihnen Schmuckst\u00fccke wie\u00a0<span xml:lang=\"en\">Rona Worthy, Alma Todd, Lady B. Watts, Nell Cord<\/span>\u00a0und\u00a0<span xml:lang=\"en\">Jeanette the Great<\/span>. Seine Einsch\u00e4tzung lautete: \u201eDurch die Unterst\u00fctzung, die uns damals der staatliche Zuchtfond gew\u00e4hrte, hatten wir die M\u00f6glichkeit, aus der F\u00fclle des dr\u00fcben befindlichen Zuchtmaterials das f\u00fcr uns passende f\u00fcr verh\u00e4ltnism\u00e4\u00dfig wenig Geld herauszukaufen, vor allem Stuten, welche auch den Anspr\u00fcchen, die man hierzulande mit zwingender Notwendigkeit stellte, gen\u00fcgten.\u201c Zwischen 1920 und 1924 \u2013 1923 ruhte die Einfuhr wegen der Inflation \u2013 fanden 46 erstklassig gezogene Stuten sowie die Hengste <span xml:lang=\"ru\">Brussiloff<\/span>\u00a0und Dos Palos in deutsche St\u00e4lle. Angesichts dieser Entwicklung zog Walter Buchholz 1927 ein positives Fazit: \u201eMan darf mit Fug und Recht sagen, dass die Importationen den Grundstock f\u00fcr den heutigen Stand der deutschen Traberzucht bildeten. Es soll bei dieser Gelegenheit die aufopfernde und selbstlose T\u00e4tigkeit des Herrn Artur Knauer, der unter Assistenz des Herrn Alkemade die Eink\u00e4ufe in Amerika ausf\u00fchrte, nicht vergessen, vielmehr dankbar anerkannt werden.\u201c<\/p>\n<p>Dem damaligen Trend folgend, erwarb der Paulinenauer ebenfalls US-Mutterstuten f\u00fcr ureigenste Zwecke. Derer gedachte der \u201eVater der Importbewegung\u201c 1953: \u201eUnser Streben, ausgesprochene Traber-Familien zu z\u00fcchten, um dadurch eine konstante Qualit\u00e4t unserer Nachzucht zu erhalten, begann sich erst zu verwirklichen, nachdem ich von meinem Aufenthalt in Amerika aus einer gro\u00dfen Zahl eingef\u00fchrter Muterstuten drei davon f\u00fcr eigene Zwecke behielt:\u00a0<span xml:lang=\"en\">Alta Donovan<\/span>\u00a0(2:06 1\/4),\u00a0<span xml:lang=\"en\">Addie<\/span>\u00a0(3j\u00e4hr. 2:12 1\/4) und\u00a0<span xml:lang=\"en\">Harvester Abbess<\/span>\u00a0(2:11). Diese drei Stuten und die einige Jahre zuvor im Gest\u00fct eingestellte Inl\u00e4nderin Clara Bingen (1:26,8) bildeten die Stammstuten, auf die unsere gesamte Zucht aufgebaut wurde, von der man wohl sagen kann, dass sie hervorragende Resultate zeitigte.\u201c<\/p>\n<div id=\"attachment_6108\" style=\"width: 810px\" class=\"wp-caption alignnone\"><a href=\"https:\/\/paulinenaue.info\/wp-content\/uploads\/2009\/01\/knauer_arthur_addie_1927_02.jpg\"><img decoding=\"async\" aria-describedby=\"caption-attachment-6108\" data-attachment-id=\"6108\" data-permalink=\"https:\/\/paulinenaue.info\/index.php\/die-pferde-haben-uns\/knauer_arthur_addie_1927_02\/\" data-orig-file=\"https:\/\/paulinenaue.info\/wp-content\/uploads\/2009\/01\/knauer_arthur_addie_1927_02.jpg\" data-orig-size=\"1000,578\" data-comments-opened=\"1\" data-image-meta=\"{&quot;aperture&quot;:&quot;0&quot;,&quot;credit&quot;:&quot;&quot;,&quot;camera&quot;:&quot;&quot;,&quot;caption&quot;:&quot;&quot;,&quot;created_timestamp&quot;:&quot;0&quot;,&quot;copyright&quot;:&quot;&quot;,&quot;focal_length&quot;:&quot;0&quot;,&quot;iso&quot;:&quot;0&quot;,&quot;shutter_speed&quot;:&quot;0&quot;,&quot;title&quot;:&quot;&quot;,&quot;orientation&quot;:&quot;1&quot;}\" data-image-title=\"knauer_arthur_addie_1927_02\" data-image-description=\"&lt;p&gt;Arthur Knauer stellte die Mutterstute Addie vor (1927).&lt;\/p&gt;\n\" data-image-caption=\"&lt;p&gt;Arthur Knauer stellte die Mutterstute Addie vor. Foto: Deutsches Traber-Jahrbuch 1927.&lt;\/p&gt;\n\" data-large-file=\"https:\/\/paulinenaue.info\/wp-content\/uploads\/2009\/01\/knauer_arthur_addie_1927_02.jpg\" class=\"lazyload wp-image-6108 size-fusion-800\" src=\"https:\/\/paulinenaue.info\/wp-content\/uploads\/2009\/01\/knauer_arthur_addie_1927_02-800x462.jpg\" data-orig-src=\"https:\/\/paulinenaue.info\/wp-content\/uploads\/2009\/01\/knauer_arthur_addie_1927_02-800x462.jpg\" alt=\"Arthur Knauer mit Mutterstute Addie\" width=\"800\" height=\"462\" srcset=\"data:image\/svg+xml,%3Csvg%20xmlns%3D%27http%3A%2F%2Fwww.w3.org%2F2000%2Fsvg%27%20width%3D%27800%27%20height%3D%27462%27%20viewBox%3D%270%200%20800%20462%27%3E%3Crect%20width%3D%27800%27%20height%3D%27462%27%20fill-opacity%3D%220%22%2F%3E%3C%2Fsvg%3E\" data-srcset=\"https:\/\/paulinenaue.info\/wp-content\/uploads\/2009\/01\/knauer_arthur_addie_1927_02-200x116.jpg 200w, https:\/\/paulinenaue.info\/wp-content\/uploads\/2009\/01\/knauer_arthur_addie_1927_02-300x173.jpg 300w, https:\/\/paulinenaue.info\/wp-content\/uploads\/2009\/01\/knauer_arthur_addie_1927_02-400x231.jpg 400w, https:\/\/paulinenaue.info\/wp-content\/uploads\/2009\/01\/knauer_arthur_addie_1927_02-600x347.jpg 600w, https:\/\/paulinenaue.info\/wp-content\/uploads\/2009\/01\/knauer_arthur_addie_1927_02-768x444.jpg 768w, https:\/\/paulinenaue.info\/wp-content\/uploads\/2009\/01\/knauer_arthur_addie_1927_02-800x462.jpg 800w, https:\/\/paulinenaue.info\/wp-content\/uploads\/2009\/01\/knauer_arthur_addie_1927_02.jpg 1000w\" data-sizes=\"auto\" data-orig-sizes=\"(max-width: 800px) 100vw, 800px\" \/><\/a><p id=\"caption-attachment-6108\" class=\"wp-caption-text\"><em>Arthur Knauer stellte die Mutterstute Addie vor. Foto: Deutsches Traber-Jahrbuch 1927.<\/em><\/p><\/div>\n<h3 class=\"titel\">Starken, gesunden B\u00e4umen gleich<\/h3>\n<p>\u201eDie Bedeutung\u00a0<span xml:lang=\"en\">Addies<\/span>\u00a0und auch die\u00a0<span xml:lang=\"en\">Alta Donovans<\/span>\u00a0und Clara Bingens l\u00e4sst sich vergleichen mit starken, gesunden B\u00e4umen, die im Laufe der Jahre immer sch\u00f6nere und kr\u00e4ftigere \u00c4ste und Zweige ausschlagen,\u201c brachte Arthur Knauer einmal zu Papier. Erstere hatte in seinen Augen allerdings weitaus mehr f\u00fcr ihre Geburtsst\u00e4tte geleistet, als Worte ausdr\u00fccken k\u00f6nnen. Diese Tochter des Zwei-Minuten-<span xml:lang=\"en\">Pacers Adioo Guy<\/span>\u00a0(a. d.\u00a0<span xml:lang=\"en\">Mildred Mc Kerron<\/span>\u00a02:16 1\/2) verabschiedete sich als 1:22,7-Traberin mit sieben Lenzen vom Rennsport und bekam als ersten Partner den ber\u00fchmten Damsbr\u00fccker\u00a0<span xml:lang=\"en\">Colonel Bosworth<\/span> zugesprochen, den Besitzer Bruno Cassirer \u2013 wie <span xml:lang=\"en\">Walter Dear<\/span>\u00a0und\u00a0<span xml:lang=\"en\">Guy Bacon<\/span> \u2013 gro\u00dfz\u00fcgig f\u00fcr \u201efremde\u201c Stuten freigab. Der Berliner Verleger und Kunstm\u00e4zen griff den Knauers als langj\u00e4hriger Freund auch hin und wieder in finanziellen Dingen unter die Arme. Eng verbunden waren die Br\u00fcder ebenfalls mit Oberstleutnant a. D. Curt Panse, der an der Hoppegartner Holl\u00e4nder-M\u00fchle ein eigenes Gest\u00fct unterhielt. Der gestandene Vollblut-Mann z\u00fcchtete nebenbei Traber, so beispielsweise mit der 1924 wohl auf Knauers Vermittlung erworbenen <span xml:lang=\"en\">Jeanette the Great<\/span>. In der Deckabteilung standen ebenfalls Paulinenauer Stuten, so beispielsweise 1920 die Franko-Tochter Sennerin (a. d. Siema). Nat\u00fcrlich war der Kavallerist, oft besucht von den Knauers, gerade in Sachen\u00a0<span xml:lang=\"en\">Addie<\/span>\u00a0stets im Bilde.<\/p>\n<p>Diese im Alter von 24 Jahren eingegangene Stute hatte neben drei S\u00f6hnen vier T\u00f6chter, von denen lediglich Annette als Siebentage-Fohlen f\u00fcr einen Rekordpreis an das Gest\u00fct Solln (M\u00fcnchen) gegangen war. Dieser Verkauf kam einer kleinen Sensation gleich, denn die Knauers gaben erfahrungsgem\u00e4\u00df nur sehr wenige ihrer Pferde in fremde H\u00e4nde. Besonders allergisch reagierten sie, wenn von \u201eGnadenbrot\u201c die Rede war. Dazu Arthur: \u201eAllein dieser Begriff konnte uns in Rage bringen, denn wir fassten es nicht als einen Gnadenakt auf, ein Pferd bis ans Ende seiner Tage zu pflegen, sondern einzig und allein als die Abtragung einer Dankesschuld, zu der wir uns zutiefst verpflichtet f\u00fchlen.\u201c Nach dem Erstling Adio brachte die Matrone 1929 die unvergessene Adria zur Welt, von der Arthur Knauer gro\u00dfe St\u00fccke hielt: \u201e<span xml:lang=\"en\">Addie<\/span>\u00a0ist wirklich eine Stammmutter von hohen Graden gewesen, eine Familien-Gr\u00fcnderin, wie sie leider in der Geschichte der Zucht nur zu selten vorkommt. Die direkte Mutterlinie\u00a0<span xml:lang=\"en\">Addie<\/span>-Adra-Adriatica-Alberta kann ohne Zweifel als eine Kostbarkeit bezeichnet werden und es liegt gewiss eine Tragik darin, dass die anderen Zweige dieser Linie, die von\u00a0<span xml:lang=\"en\">Addie<\/span>\u00a0\u00fcber Alix und Antje ausgingen (es war auch von diesen weiblicher Nachwuchs vorhanden), dem rigorosen Zeitgeschehen zum Opfer fielen. Was von allem diesem Blut \u00fcbrig blieb, konnte sp\u00e4ter nie mehr zum einstigen Leistungsstand zur\u00fcckf\u00fchren.\u201c<\/p>\n<p class=\"titel\"><strong><span xml:lang=\"en\">Addie v. Adioo Guy \u2013 Mildred Mc Kerron<\/span><\/strong><\/p>\n<table style=\"height: 200px;\" width=\"516\">\n<tbody>\n<tr>\n<td>1928<\/td>\n<td><strong>Adio<\/strong>\u00a0(F.-H. v.\u00a0<span xml:lang=\"en\">Colonel Bosworth<\/span>)<\/td>\n<td>1:22,7<\/td>\n<\/tr>\n<tr>\n<td>1929<\/td>\n<td><strong>Adria<\/strong>\u00a0(F.-St. v.\u00a0<span xml:lang=\"en\">Guy Bacon<\/span>)<\/td>\n<td>1:22,6<\/td>\n<\/tr>\n<tr>\n<td>1931<\/td>\n<td><strong>Alix<\/strong>\u00a0(br. St. v. Albrecht D\u00fcrer)<\/td>\n<td>1:25,3<\/td>\n<\/tr>\n<tr>\n<td>1932<\/td>\n<td><strong>Annette<\/strong>\u00a0(br. St. v.\u00a0<span xml:lang=\"en\">Colonel Bosworth<\/span>)<\/td>\n<td>1:22,4<\/td>\n<\/tr>\n<tr>\n<td>1934<\/td>\n<td><strong>Antje<\/strong>\u00a0(F.-St. v. Peter Pluto)<\/td>\n<td>1:28,5 (3j.)<\/td>\n<\/tr>\n<tr>\n<td>1935<\/td>\n<td><strong>Apis<\/strong>\u00a0(br. H. v.\u00a0<span xml:lang=\"en\">Walter Dear<\/span>)<\/td>\n<td>1:21,7<\/td>\n<\/tr>\n<tr>\n<td>1937<\/td>\n<td><strong>Admiral<\/strong>\u00a0(br. H. v.\u00a0<span xml:lang=\"en\">Peter Ford<\/span>)<\/td>\n<td>1:22,9<\/td>\n<\/tr>\n<\/tbody>\n<\/table>\n<p>&nbsp;<\/p>\n<div id=\"attachment_6109\" style=\"width: 810px\" class=\"wp-caption alignnone\"><a href=\"https:\/\/paulinenaue.info\/wp-content\/uploads\/2009\/01\/knauers_adria_mit_jauss_sen_02.jpg\"><img decoding=\"async\" aria-describedby=\"caption-attachment-6109\" data-attachment-id=\"6109\" data-permalink=\"https:\/\/paulinenaue.info\/index.php\/die-pferde-haben-uns\/knauers_adria_mit_jauss_sen_02\/\" data-orig-file=\"https:\/\/paulinenaue.info\/wp-content\/uploads\/2009\/01\/knauers_adria_mit_jauss_sen_02.jpg\" data-orig-size=\"1000,664\" data-comments-opened=\"1\" data-image-meta=\"{&quot;aperture&quot;:&quot;0&quot;,&quot;credit&quot;:&quot;&quot;,&quot;camera&quot;:&quot;&quot;,&quot;caption&quot;:&quot;&quot;,&quot;created_timestamp&quot;:&quot;0&quot;,&quot;copyright&quot;:&quot;&quot;,&quot;focal_length&quot;:&quot;0&quot;,&quot;iso&quot;:&quot;0&quot;,&quot;shutter_speed&quot;:&quot;0&quot;,&quot;title&quot;:&quot;&quot;,&quot;orientation&quot;:&quot;1&quot;}\" data-image-title=\"knauers_adria_mit_jauss_sen_02\" data-image-description=\"\" data-image-caption=\"\" data-large-file=\"https:\/\/paulinenaue.info\/wp-content\/uploads\/2009\/01\/knauers_adria_mit_jauss_sen_02.jpg\" class=\"lazyload wp-image-6109 size-fusion-800\" src=\"https:\/\/paulinenaue.info\/wp-content\/uploads\/2009\/01\/knauers_adria_mit_jauss_sen_02-800x531.jpg\" data-orig-src=\"https:\/\/paulinenaue.info\/wp-content\/uploads\/2009\/01\/knauers_adria_mit_jauss_sen_02-800x531.jpg\" alt=\"Gottlieb Jau\u00df sen. und die Derby-Siegerin Adria\" width=\"800\" height=\"531\" srcset=\"data:image\/svg+xml,%3Csvg%20xmlns%3D%27http%3A%2F%2Fwww.w3.org%2F2000%2Fsvg%27%20width%3D%27800%27%20height%3D%27531%27%20viewBox%3D%270%200%20800%20531%27%3E%3Crect%20width%3D%27800%27%20height%3D%27531%27%20fill-opacity%3D%220%22%2F%3E%3C%2Fsvg%3E\" data-srcset=\"https:\/\/paulinenaue.info\/wp-content\/uploads\/2009\/01\/knauers_adria_mit_jauss_sen_02-200x133.jpg 200w, https:\/\/paulinenaue.info\/wp-content\/uploads\/2009\/01\/knauers_adria_mit_jauss_sen_02-300x199.jpg 300w, https:\/\/paulinenaue.info\/wp-content\/uploads\/2009\/01\/knauers_adria_mit_jauss_sen_02-400x266.jpg 400w, https:\/\/paulinenaue.info\/wp-content\/uploads\/2009\/01\/knauers_adria_mit_jauss_sen_02-600x398.jpg 600w, https:\/\/paulinenaue.info\/wp-content\/uploads\/2009\/01\/knauers_adria_mit_jauss_sen_02-768x510.jpg 768w, https:\/\/paulinenaue.info\/wp-content\/uploads\/2009\/01\/knauers_adria_mit_jauss_sen_02-800x531.jpg 800w, https:\/\/paulinenaue.info\/wp-content\/uploads\/2009\/01\/knauers_adria_mit_jauss_sen_02.jpg 1000w\" data-sizes=\"auto\" data-orig-sizes=\"(max-width: 800px) 100vw, 800px\" \/><\/a><p id=\"caption-attachment-6109\" class=\"wp-caption-text\"><em>Gottlieb Jau\u00df sen. und die Derby-Siegerin Adria. Foto: Archiv von Ende.<\/em><\/p><\/div>\n<p>Im Gegensatz zu\u00a0<span xml:lang=\"en\">Addie<\/span>\u00a0konnte Alta\u00a0<span xml:lang=\"en\">Donovan<\/span> \u2013 stammend aus der Familie der ber\u00fchmten US-Amerikanerin <span xml:lang=\"en\">Lady Bunker<\/span> \u2013 nichts f\u00fcr die Begr\u00fcndung einer weiblichen Linie tun. Trotzdem fiel ihre kleine Schar von Nachkommen erlesen aus. Die vier \u00e4ltesten Hengste wurden sp\u00e4ter zu Paschadiensten herangezogen, wobei ausgerechnet der veranlagte Albrecht D\u00fcrer nie aus der Rolle eines echten Sorgenkindes herausfand. Schon dreij\u00e4hrig litt der <span xml:lang=\"ru\">Brussiloff<\/span>-Spross an einer Blutfleckenkrankheit, weshalb sein fr\u00fcher Wechsel ins Gest\u00fct unabdingbar wurde. Zu den besten \u201eD\u00fcrer\u201c-Nachkommen geh\u00f6rten Kampfflieger (1:20,1), Edeltraut (1:22,9),\u00a0<span xml:lang=\"en\">Joker<\/span>\u00a0(1:24,3) sowie Jule (1:24,6). Wegen eines unheilbaren Beinleidens musste der Deckhengst mit 15 Lenzen \u201eerl\u00f6st\u201c werden.<\/p>\n<p><b>Alta\u00a0<span xml:lang=\"en\">Donovan v. Justice Brooke \u2013 Belle Bunker<\/span><\/b><\/p>\n<table style=\"height: 199px;\" width=\"560\">\n<tbody>\n<tr>\n<td>1926<\/td>\n<td><strong>Albrecht D\u00fcrer<\/strong>\u00a0(dbr. H. v.\u00a0<span xml:lang=\"ru\">Brussiloff<\/span>)<\/td>\n<td>1:25,6 (2j.)<\/td>\n<\/tr>\n<tr>\n<td>1929<\/td>\n<td><strong>Albrecht der B\u00e4r<\/strong>\u00a0(hbr. H. v.\u00a0<span xml:lang=\"ru\">Brussiloff<\/span>)<\/td>\n<td>1:21,4<\/td>\n<\/tr>\n<tr>\n<td>1932<\/td>\n<td><strong>Alter Dessauer<\/strong>\u00a0(F.-H. v.\u00a0<span xml:lang=\"en\">Colonel Bosworth<\/span>)<\/td>\n<td>1:25,8<\/td>\n<\/tr>\n<tr>\n<td>1933<\/td>\n<td><strong>Alt-Deutscher<\/strong>\u00a0(br. H. v. Peter Pluto)<\/td>\n<td>1:22,8<\/td>\n<\/tr>\n<tr>\n<td>1935<\/td>\n<td><strong>Antje<\/strong>\u00a0(F.-St. v. Peter Pluto)<\/td>\n<td>1:28,5 (3j.)<\/td>\n<\/tr>\n<tr>\n<td>1935<\/td>\n<td><strong>Andrea Doria<\/strong>\u00a0(br. H. v. Adio)<\/td>\n<td>1:25,3<\/td>\n<\/tr>\n<tr>\n<td>1937<\/td>\n<td><strong>August der Starke<\/strong>\u00a0(br. H. v.\u00a0<span xml:lang=\"en\">Colonel Bosworth<\/span>)<\/td>\n<td>1:24,8<\/td>\n<\/tr>\n<\/tbody>\n<\/table>\n<p>&nbsp;<\/p>\n<p>Als inl\u00e4ndische Perle gl\u00e4nzte besonders Clara Bingen, die das Licht der Welt auf dem Traditionsgest\u00fct Germania bei Zossen erblickt hatte. Von ihren zw\u00f6lf Spr\u00f6sslingen \u2013 Sohn <span xml:lang=\"fr\">Coeur<\/span> Bube avancierte zum Besch\u00e4ler, Tochter Clara Bingen gebar 1944 den schnellen Carolus \u2013 vermochten zehn die 1:30-Marke zu unterbieten. Nach einem schweren Gest\u00fctsunfall wurde Clara Bingen 1940 im Alter von 25 Jahren get\u00f6tet.<\/p>\n<div id=\"attachment_6094\" style=\"width: 810px\" class=\"wp-caption alignnone\"><a href=\"https:\/\/paulinenaue.info\/wp-content\/uploads\/2009\/01\/Knauers-Adriatica.jpg\"><img decoding=\"async\" aria-describedby=\"caption-attachment-6094\" data-attachment-id=\"6094\" data-permalink=\"https:\/\/paulinenaue.info\/index.php\/die-pferde-haben-uns\/knauers-adriatica\/\" data-orig-file=\"https:\/\/paulinenaue.info\/wp-content\/uploads\/2009\/01\/Knauers-Adriatica.jpg\" data-orig-size=\"1000,653\" data-comments-opened=\"1\" data-image-meta=\"{&quot;aperture&quot;:&quot;0&quot;,&quot;credit&quot;:&quot;&quot;,&quot;camera&quot;:&quot;&quot;,&quot;caption&quot;:&quot;&quot;,&quot;created_timestamp&quot;:&quot;0&quot;,&quot;copyright&quot;:&quot;&quot;,&quot;focal_length&quot;:&quot;0&quot;,&quot;iso&quot;:&quot;0&quot;,&quot;shutter_speed&quot;:&quot;0&quot;,&quot;title&quot;:&quot;&quot;,&quot;orientation&quot;:&quot;1&quot;}\" data-image-title=\"Knauers Adriatica\" data-image-description=\"&lt;p&gt;Carl (links) und Arthur Knauer betrachteten Adriatica auf dem Gest\u00fct. Foto: Archiv Gerd von Ende&lt;\/p&gt;\n\" data-image-caption=\"&lt;p&gt;Carl (links) und Arthur Knauer betrachteten Adriatica auf dem Gest\u00fct. Foto: Archiv Gerd von Ende.&lt;\/p&gt;\n\" data-large-file=\"https:\/\/paulinenaue.info\/wp-content\/uploads\/2009\/01\/Knauers-Adriatica.jpg\" class=\"lazyload wp-image-6094 size-fusion-800\" src=\"https:\/\/paulinenaue.info\/wp-content\/uploads\/2009\/01\/Knauers-Adriatica-800x522.jpg\" data-orig-src=\"https:\/\/paulinenaue.info\/wp-content\/uploads\/2009\/01\/Knauers-Adriatica-800x522.jpg\" alt=\"Knauers Adriatica\" width=\"800\" height=\"522\" srcset=\"data:image\/svg+xml,%3Csvg%20xmlns%3D%27http%3A%2F%2Fwww.w3.org%2F2000%2Fsvg%27%20width%3D%27800%27%20height%3D%27522%27%20viewBox%3D%270%200%20800%20522%27%3E%3Crect%20width%3D%27800%27%20height%3D%27522%27%20fill-opacity%3D%220%22%2F%3E%3C%2Fsvg%3E\" data-srcset=\"https:\/\/paulinenaue.info\/wp-content\/uploads\/2009\/01\/Knauers-Adriatica-200x131.jpg 200w, https:\/\/paulinenaue.info\/wp-content\/uploads\/2009\/01\/Knauers-Adriatica-300x196.jpg 300w, https:\/\/paulinenaue.info\/wp-content\/uploads\/2009\/01\/Knauers-Adriatica-400x261.jpg 400w, https:\/\/paulinenaue.info\/wp-content\/uploads\/2009\/01\/Knauers-Adriatica-600x392.jpg 600w, https:\/\/paulinenaue.info\/wp-content\/uploads\/2009\/01\/Knauers-Adriatica-768x502.jpg 768w, https:\/\/paulinenaue.info\/wp-content\/uploads\/2009\/01\/Knauers-Adriatica-800x522.jpg 800w, https:\/\/paulinenaue.info\/wp-content\/uploads\/2009\/01\/Knauers-Adriatica.jpg 1000w\" data-sizes=\"auto\" data-orig-sizes=\"(max-width: 800px) 100vw, 800px\" \/><\/a><p id=\"caption-attachment-6094\" class=\"wp-caption-text\"><em>Carl (links) und Arthur Knauer betrachteten Adriatica auf dem Gest\u00fct. Foto: Archiv Gerd von Ende.<\/em><\/p><\/div>\n<p>Selbst wenn Simpel 1921 f\u00fcr die Knauers den Jugend-Preis geholt hatte, waren die Paulinenauer den Erfolgsbeweis ihrer z\u00fcchterischen Linie noch schuldig geblieben. Das \u00e4nderte sich, als Gottlieb Jau\u00df sen. das Havell\u00e4nder Lot unter seine Fittiche nahm. Der Gr\u00fcnder und Gest\u00fctsherr von Solln (M\u00fcnchen) war an die Spree \u00fcbergesiedelt, als sich sein Sohn \u201eGottl\u201c anschickte, in die Spitzengruppe der\u00a0<span xml:lang=\"en\">Sulky<\/span>-Profis vorzusto\u00dfen. Zu seinen ersten Patronen z\u00e4hlte Arthur Knauer, f\u00fcr den er dann Albrecht D\u00fcrer im Blauen Band 1929 auf den Ehrenrang zu Signal finishte. In selbigem Jahr war \u00fcbrigens Adria zur Welt gekommen, die sich auf den Luchwiesen pr\u00e4chtig entwickelte und 1932 neben den Stallnachbarn Albrecht der B\u00e4r und\u00a0<span xml:lang=\"fr\">Coeur<\/span>\u00a0Bube auf den\u00a0<span xml:lang=\"en\">Derby<\/span>-Spuren \u201eD\u00fcrers\u201c wandelte. Tats\u00e4chlich hielt die Fuchsstute in der \u201ezweiten Stallfarbe\u201c alle Gegner in Schach und triumphierte in 1:26,2\/3200 m Start-Ziel. Endlich zahlte sich das Traberengagement der Br\u00fcder zumindest ansatzweise aus. Dazu der STARTER: &#8222;Die Knauer&#8217;s fanden in den\u00a0<span xml:lang=\"en\">Trainern<\/span>\u00a0Gottlieb Jau\u00df sen. und jun. damals nicht nur die besten Vertreter ihrer Besitzer-Belange, sondern auch\u00a0<span xml:lang=\"fr\">&#8218;Bankiers&#8216;<\/span>, die &#8217;still&#8216; hielten, wenn der Paulinenauer Rennstall immer gr\u00f6\u00dfer, der Schuld-Saldo f\u00fcr Futter und Betreuung der Pferde immer h\u00f6her wurden.\u201c Das \u00e4nderte sich erst 1935, weil die Rennpreise kr\u00e4ftig stiegen. Als endlich \u201ereiner Tisch\u201c mit dem Jau\u00df-Quartier gemacht worden war, verbl\u00fcffte ein Trainerwechsel nicht nur die Fachwelt. Die 15-k\u00f6pfige Knauer-Streitmacht kam zu Otto Dieffenbacher, den dann 1939 der aufstrebende Johannes Fr\u00f6mming abl\u00f6ste. Mit der Adria-Tochter Adriatica galt es schon 1940 im Goldpokal, sprich dem Deutschen Traber-<span xml:lang=\"en\">Derby<\/span>. Dank der Innenspur behauptete sich das Gespann in einem 3.000 Meter langen Kopf-an-Kopf-Duell gegen die von\u00a0<span xml:lang=\"en\">Charlie Mills<\/span>\u00a0offensiv vorgetragene\u00a0<span xml:lang=\"en\">Jenny<\/span>. Aber 200 Meter vor der Linie gab Adriatica Fersengeld und triumphierte in 1:26,5 locker mit zwei L\u00e4ngen Vorsprung. Laut \u201eSankt Georg\u201c erhielten die Knauer-Br\u00fcder eine ganz besondere Troph\u00e4e: \u201eF\u00fcr den ersten &#8218;Goldpokal der Dreij\u00e4hrigen&#8216; wurde aus nahe liegenden Gr\u00fcnden kein Pokal aus Gold vergeben, als Ehrenpreis winkte aber eine nicht minder wertvolle Quadriga aus Silber auf einem Ebenholzsockel, die lange Jahre vor dem Kriege als Ehrenpreis f\u00fcr die Distanzfahrt Berlin-Wien gegeben worden war und somit neben ihrem k\u00fcnstlerischen und materiellen Wert auch eine gewisse historische Bedeutung besitzt.\u201c<\/p>\n<div id=\"attachment_6095\" style=\"width: 810px\" class=\"wp-caption alignnone\"><a href=\"https:\/\/paulinenaue.info\/wp-content\/uploads\/2009\/01\/Knauers-Lindenhof.jpg\"><img decoding=\"async\" aria-describedby=\"caption-attachment-6095\" data-attachment-id=\"6095\" data-permalink=\"https:\/\/paulinenaue.info\/index.php\/die-pferde-haben-uns\/knauers-lindenhof\/\" data-orig-file=\"https:\/\/paulinenaue.info\/wp-content\/uploads\/2009\/01\/Knauers-Lindenhof.jpg\" data-orig-size=\"1000,661\" data-comments-opened=\"1\" data-image-meta=\"{&quot;aperture&quot;:&quot;0&quot;,&quot;credit&quot;:&quot;&quot;,&quot;camera&quot;:&quot;&quot;,&quot;caption&quot;:&quot;&quot;,&quot;created_timestamp&quot;:&quot;0&quot;,&quot;copyright&quot;:&quot;&quot;,&quot;focal_length&quot;:&quot;0&quot;,&quot;iso&quot;:&quot;0&quot;,&quot;shutter_speed&quot;:&quot;0&quot;,&quot;title&quot;:&quot;&quot;,&quot;orientation&quot;:&quot;1&quot;}\" data-image-title=\"\" data-image-description=\"&lt;p&gt;Blick auf Knauers Lindenhof in Paulinenaue 1954.&lt;\/p&gt;\n\" data-image-caption=\"&lt;p&gt;Blick auf Knauers Lindenhof in Paulinenaue 1954. Foto: Archiv Gerd von Ende.&lt;\/p&gt;\n\" data-large-file=\"https:\/\/paulinenaue.info\/wp-content\/uploads\/2009\/01\/Knauers-Lindenhof.jpg\" class=\"lazyload wp-image-6095 size-fusion-800\" src=\"https:\/\/paulinenaue.info\/wp-content\/uploads\/2009\/01\/Knauers-Lindenhof-800x529.jpg\" data-orig-src=\"https:\/\/paulinenaue.info\/wp-content\/uploads\/2009\/01\/Knauers-Lindenhof-800x529.jpg\" alt=\"Knauers Lindenhof\" width=\"800\" height=\"529\" srcset=\"data:image\/svg+xml,%3Csvg%20xmlns%3D%27http%3A%2F%2Fwww.w3.org%2F2000%2Fsvg%27%20width%3D%27800%27%20height%3D%27529%27%20viewBox%3D%270%200%20800%20529%27%3E%3Crect%20width%3D%27800%27%20height%3D%27529%27%20fill-opacity%3D%220%22%2F%3E%3C%2Fsvg%3E\" data-srcset=\"https:\/\/paulinenaue.info\/wp-content\/uploads\/2009\/01\/Knauers-Lindenhof-200x132.jpg 200w, https:\/\/paulinenaue.info\/wp-content\/uploads\/2009\/01\/Knauers-Lindenhof-300x198.jpg 300w, https:\/\/paulinenaue.info\/wp-content\/uploads\/2009\/01\/Knauers-Lindenhof-400x264.jpg 400w, https:\/\/paulinenaue.info\/wp-content\/uploads\/2009\/01\/Knauers-Lindenhof-600x397.jpg 600w, https:\/\/paulinenaue.info\/wp-content\/uploads\/2009\/01\/Knauers-Lindenhof-768x508.jpg 768w, https:\/\/paulinenaue.info\/wp-content\/uploads\/2009\/01\/Knauers-Lindenhof-800x529.jpg 800w, https:\/\/paulinenaue.info\/wp-content\/uploads\/2009\/01\/Knauers-Lindenhof.jpg 1000w\" data-sizes=\"auto\" data-orig-sizes=\"(max-width: 800px) 100vw, 800px\" \/><\/a><p id=\"caption-attachment-6095\" class=\"wp-caption-text\">Blick auf Knauers Lindenhof in Paulinenaue 1954. Foto: Archiv Gerd von Ende.<\/p><\/div>\n<p>Bis 1944 erblickten im Knauer-Gest\u00fct 45 Pferde das Licht der Welt, die 1:30 und schneller zu traben vermochten. Allein 21 Siege in Zuchtrennen durften gefeiert werden, darunter gro\u00dfartige Doppel im Deutschen Traber-<span xml:lang=\"en\">Derby<\/span>, im Jugend-Preis und im Gro\u00dfen Preis von Berlin. Starke bodenst\u00e4ndige Stutenlinien galten als sicheres Fundament der landesweit bekannten Paulinenauer Zucht. Zumindest von Hause aus, nicht aber unter den Bedingungen eines Weltenbrandes, der alles in den Abgrund rei\u00dfen sollte.<\/p>\n<h3 class=\"titel\">Alberta beschenkte ihren Retter<\/h3>\n<p>Als die Situation 1944 weiter eskalierte, fanden bis zum 15. Januar des Folgejahres lediglich noch interne Mariendorfer Rennen statt. Allein am 17. Februar warf die\u00a0<span xml:lang=\"en\">Royal Air Force<\/span> 3.300 Tonnen Bomben \u00fcber Berlin ab, der 2. Weltkrieg kehrte an seinen Ausgangspunkt zur\u00fcck. Im April \u00fcberrollte die Rote Armee das Havelland. In Paulinenaue zogen Kosaken ein, die den Abtransport aller Pferde organisierten. Hartn\u00e4ckig auf eine sp\u00e4tere R\u00fcckf\u00fchrung hoffend, hefteten die Knauers ihren Sch\u00fctzlingen K\u00e4rtchen ans Halfter, darauf waren Name, Alter und Abstammung vermerkt. Tage nach dem Abmarsch erschien ein Kosakenoffizier auf dem Lindenhof, an den sich Arthur Knauer nur zu gut erinnerte. \u201eEr begann ein Gespr\u00e4ch mit der Feststellung, dass jetzt wohl unsere Lebensarbeit zerst\u00f6rt worden sei. Als ich das best\u00e4tigte, brachte er ein aufrichtig gemeintes Bedauern zum Ausdruck. Er habe nach Order gehandelt und k\u00f6nne sich Befehlen nicht widersetzen. Bei aller Schwere unseres Verlustes bat er zu bedenken, dass eben durch diesen Krieg in Russland fast alle Gest\u00fcte zerst\u00f6rt worden seien und wenn uns nun pers\u00f6nlich ein Gleiches beschieden sei, w\u00e4re letztlich der Krieg mit allen seinen Konsequenzen Schuld daran.\u201c<\/p>\n<div id=\"attachment_6096\" style=\"width: 617px\" class=\"wp-caption alignnone\"><a href=\"https:\/\/paulinenaue.info\/wp-content\/uploads\/2009\/01\/Knauer-Portra\u0308t.jpg\"><img decoding=\"async\" aria-describedby=\"caption-attachment-6096\" data-attachment-id=\"6096\" data-permalink=\"https:\/\/paulinenaue.info\/index.php\/die-pferde-haben-uns\/knauer-portra%cc%88t\/\" data-orig-file=\"https:\/\/paulinenaue.info\/wp-content\/uploads\/2009\/01\/Knauer-Portra\u0308t.jpg\" data-orig-size=\"759,1000\" data-comments-opened=\"1\" data-image-meta=\"{&quot;aperture&quot;:&quot;0&quot;,&quot;credit&quot;:&quot;&quot;,&quot;camera&quot;:&quot;&quot;,&quot;caption&quot;:&quot;&quot;,&quot;created_timestamp&quot;:&quot;0&quot;,&quot;copyright&quot;:&quot;&quot;,&quot;focal_length&quot;:&quot;0&quot;,&quot;iso&quot;:&quot;0&quot;,&quot;shutter_speed&quot;:&quot;0&quot;,&quot;title&quot;:&quot;&quot;,&quot;orientation&quot;:&quot;1&quot;}\" data-image-title=\"Knauer Portra\u0308t\" data-image-description=\"&lt;p&gt;Arthur Knauer nach dem Krieg.&lt;\/p&gt;\n\" data-image-caption=\"&lt;p&gt;Arthur Knauer nach dem Krieg. Foto: 100 Jahre deutscher Trabrennsport 1974.&lt;\/p&gt;\n\" data-large-file=\"https:\/\/paulinenaue.info\/wp-content\/uploads\/2009\/01\/Knauer-Portra\u0308t.jpg\" class=\"lazyload wp-image-6096\" src=\"https:\/\/paulinenaue.info\/wp-content\/uploads\/2009\/01\/Knauer-Portra\u0308t-600x791.jpg\" data-orig-src=\"https:\/\/paulinenaue.info\/wp-content\/uploads\/2009\/01\/Knauer-Portra\u0308t-600x791.jpg\" alt=\"Knauer Portra\u0308t\" width=\"607\" height=\"800\" srcset=\"data:image\/svg+xml,%3Csvg%20xmlns%3D%27http%3A%2F%2Fwww.w3.org%2F2000%2Fsvg%27%20width%3D%27607%27%20height%3D%27800%27%20viewBox%3D%270%200%20607%20800%27%3E%3Crect%20width%3D%27607%27%20height%3D%27800%27%20fill-opacity%3D%220%22%2F%3E%3C%2Fsvg%3E\" data-srcset=\"https:\/\/paulinenaue.info\/wp-content\/uploads\/2009\/01\/Knauer-Portra\u0308t-200x264.jpg 200w, https:\/\/paulinenaue.info\/wp-content\/uploads\/2009\/01\/Knauer-Portra\u0308t-228x300.jpg 228w, https:\/\/paulinenaue.info\/wp-content\/uploads\/2009\/01\/Knauer-Portra\u0308t-400x527.jpg 400w, https:\/\/paulinenaue.info\/wp-content\/uploads\/2009\/01\/Knauer-Portra\u0308t-600x791.jpg 600w, https:\/\/paulinenaue.info\/wp-content\/uploads\/2009\/01\/Knauer-Portra\u0308t.jpg 759w\" data-sizes=\"auto\" data-orig-sizes=\"(max-width: 607px) 100vw, 607px\" \/><\/a><p id=\"caption-attachment-6096\" class=\"wp-caption-text\"><em>Arthur Knauer nach dem Krieg. Foto: 100 Jahre deutscher Trabrennsport 1974.<\/em><\/p><\/div>\n<p>Weiter \u00fcberlieferte Arthur Knauer: \u201eWir erlebten den Abtransport unseres lebenden Besitzes und standen eines Tages ohne Pferd, ohne Kuh und ohne Schwein auf unserem Hof. Das alles war f\u00fcr uns sehr niederschmetternd, aber dennoch will ich nicht vers\u00e4umen, zum Ausdruck zu bringen, dass sich die unser Gebiet besetzenden Soldaten kolossal anst\u00e4ndig bewegt hatten. Solange die k\u00e4mpfende Truppe da war, hatten wir f\u00fcr unsere pers\u00f6nliche Sicherheit nichts zu bef\u00fcrchten.\u201c Und es gab kleine Lichtblicke, denn wenige versprengte Arbeitspferde und Fohlen fanden sich wieder auf dem Lindenhof ein. Alberta war von einem Siedler &#8211; weit entfernt von Paulinenaue &#8211; aufgegriffen worden. Der rechtschaffende Mann hegte und pflegte den J\u00e4hrling nach bestem Wissen und Gewissen, um ihn dann den Knauers zur\u00fcckzugeben. \u201eWir waren \u00e4u\u00dferst ger\u00fchrt von der Ehrlichkeit dieses Bauern, der selbst nicht ohne erhebliche Verluste \u00fcber die Krisenzeit gekommen war. &#8230; Als dann der Lebensretter unserer Alberta wieder seinem heimatlichen Hof zustrebte, f\u00fchrte er das beste Arbeitspferd mit sich, das wir ihm zu geben in der Lage waren.\u201c Als die <span xml:lang=\"fr\">Saint-Guy<\/span>-Tochter sp\u00e4ter ihren ersten Zuchtrenntriumph erstritten hatte, suchten die Knauers nun ihrerseits den Ausw\u00e4rtigen auf. \u201eWir nahmen den uns von Alberta gewonnenen Ehrenpreis und brachten ihn dem Bauern ins Haus. Selten habe ich einen Menschen gesehen, der sich \u00fcber ein Geschenk so freute wie dieser. Er wollte es kaum glauben, als wir ihm sagten, von wem das Pr\u00e4sent stammte, als dessen Eigent\u00fcmer er sich jetzt zu betrachten habe. Ich bin sicher, dass Albertas Ehrenpreis bei ihm immer wohl beh\u00fctet sein wird. Es d\u00fcrfte f\u00fcr ihn ein Erinnerungsst\u00fcck sein an eine schwere Zeit, die zu erleben uns allen bestimmt war.\u201c<\/p>\n<p>Zu allem Ungl\u00fcck verloren die Knauers neben ihrer Zuchtherde unsch\u00e4tzbaren Wertes ebenfalls alle Startpferde, die sie &#8211; als der Berliner Rennbetrieb eingestellt worden war &#8211; in einem Gest\u00fct bei Kremmen eingestallt hatten. 1953 erinnerte sich Arthur Knauer: \u201eAls die Kampfhandlungen sich immer mehr diesem Gebiet n\u00e4herten, wollten die beiden franz\u00f6sischen Kriegsgefangenen, die die Pferde betreuten, dennoch mit dem Material zu uns nach Paulinenaue \u00fcbersiedeln. Die Tatsache, dass sie das zu tun beabsichtigten, beweist wohl, dass sie grundanst\u00e4ndige Kerle waren und die Pferde nicht einfach im Stich lassen wollten. &#8230; Sie blieben bei den Tieren und mussten ihre Treue zu uns, die wir ihnen ihr Schicksal als Gefangene in jeder Beziehung zu erleichtern geholfen hatten, wahrscheinlich mit dem Leben bezahlt. Jedenfalls sollen sie weit \u00fcber die H\u00e4lfte des Weges zu uns schon zur\u00fcckgelegt haben, als sie in die Gefechtshandlungen hineingerieten und wir nie mehr etwas von ihnen vernahmen. &#8230; Es mutet wie ein Geisterspuk an, wenn ich heute feststellen muss, dass von den Pferden und vor allem von ihren Betreuern der Verbleib unbekannt ist und von allen anderen Dingen nur ein Longshaft gerettet wurde.\u201c<\/p>\n<h3 class=\"titel\">Ein Neuanfang wie 30 Lenze vorher<\/h3>\n<p>\u201eWieder Trabrennen in Berlin! Mit diesem Vorwort begannen die erst vor wenigen Tagen einsetzenden Hinweise im Rundfunk und in der Tagespresse; und Trabrennen in Karlshorst, auf der Rennbahn Berlins also, auf der, allen Pferdesportlern bekannt, die gr\u00f6\u00dften Hindernisrennen des Reiches abgehalten wurden.\u201c Weiter hie\u00df es im Vorwort des Programmheftes jenes 1. Juli 1945: \u201eWer konnte glauben, dass so wenige Wochen nach einem so vollst\u00e4ndigen Zusammenbruch des nazistischen Deutschlands einige wenige M\u00e4nner den Mut aufbringen w\u00fcrden, aus den verbliebenen Tr\u00fcmmern einen neuen deutschen Trabrennsport aufbauen zu wollen?\u201c \u2013 Diese Initiative ging bekanntlich auf Kurt Bading zur\u00fcck, den die sowjetische Stadtkommandantur folgerichtig mit der Unternehmensf\u00fchrung beauftragte. Die einzige Bedingung der Besatzer lautete: &#8222;Keinerlei Einbindung ehemaliger Faschisten!&#8220; Dazu der Sportfunktion\u00e4r Bading: \u201eEine ,Weste ohne braune Flecken\u2018 hatten kaum mehr als die Herren Arthur und Carl Knauer, der in Hoppegarten Vollbl\u00fcter trainierende und Traber z\u00fcchtende Oberstleutnant a. D. Curt Panse sowie der langj\u00e4hrige Amateurfahrer, Besitzer und Z\u00fcchter, der Rittmeister a. D. Hermann Hoehne.\u201c<\/p>\n<div id=\"attachment_6098\" style=\"width: 810px\" class=\"wp-caption alignnone\"><a href=\"https:\/\/paulinenaue.info\/wp-content\/uploads\/2009\/01\/1960-Fru\u0308hjahr-Knauerhof-Stute-Marlen-01.jpg\"><img decoding=\"async\" aria-describedby=\"caption-attachment-6098\" data-attachment-id=\"6098\" data-permalink=\"https:\/\/paulinenaue.info\/index.php\/die-pferde-haben-uns\/1960-fru%cc%88hjahr-knauerhof-stute-marlen-01\/\" data-orig-file=\"https:\/\/paulinenaue.info\/wp-content\/uploads\/2009\/01\/1960-Fru\u0308hjahr-Knauerhof-Stute-Marlen-01.jpg\" data-orig-size=\"1000,701\" data-comments-opened=\"1\" data-image-meta=\"{&quot;aperture&quot;:&quot;0&quot;,&quot;credit&quot;:&quot;&quot;,&quot;camera&quot;:&quot;&quot;,&quot;caption&quot;:&quot;&quot;,&quot;created_timestamp&quot;:&quot;0&quot;,&quot;copyright&quot;:&quot;&quot;,&quot;focal_length&quot;:&quot;0&quot;,&quot;iso&quot;:&quot;0&quot;,&quot;shutter_speed&quot;:&quot;0&quot;,&quot;title&quot;:&quot;&quot;,&quot;orientation&quot;:&quot;1&quot;}\" data-image-title=\"1960 Fru\u0308hjahr, Knauerhof, Stute Marlen\" data-image-description=\"&lt;p&gt;Neuanfang: Stute Marlen mit Fohlen bei Fu\u00df auf dem Knauerhof. Das Foto nahm Manfred H\u00e4nsch aus Potsdam 1960 als Student auf.&lt;\/p&gt;\n\" data-image-caption=\"&lt;p&gt;Neuanfang: Stute Marlen mit Fohlen bei Fu\u00df auf dem Knauerhof. Foto: Manfred H\u00e4nsch 1960.&lt;\/p&gt;\n\" data-large-file=\"https:\/\/paulinenaue.info\/wp-content\/uploads\/2009\/01\/1960-Fru\u0308hjahr-Knauerhof-Stute-Marlen-01.jpg\" class=\"lazyload wp-image-6098 size-fusion-800\" src=\"https:\/\/paulinenaue.info\/wp-content\/uploads\/2009\/01\/1960-Fru\u0308hjahr-Knauerhof-Stute-Marlen-01-800x561.jpg\" data-orig-src=\"https:\/\/paulinenaue.info\/wp-content\/uploads\/2009\/01\/1960-Fru\u0308hjahr-Knauerhof-Stute-Marlen-01-800x561.jpg\" alt=\"Stute Marlen 1960\" width=\"800\" height=\"561\" srcset=\"data:image\/svg+xml,%3Csvg%20xmlns%3D%27http%3A%2F%2Fwww.w3.org%2F2000%2Fsvg%27%20width%3D%27800%27%20height%3D%27561%27%20viewBox%3D%270%200%20800%20561%27%3E%3Crect%20width%3D%27800%27%20height%3D%27561%27%20fill-opacity%3D%220%22%2F%3E%3C%2Fsvg%3E\" data-srcset=\"https:\/\/paulinenaue.info\/wp-content\/uploads\/2009\/01\/1960-Fru\u0308hjahr-Knauerhof-Stute-Marlen-01-200x140.jpg 200w, https:\/\/paulinenaue.info\/wp-content\/uploads\/2009\/01\/1960-Fru\u0308hjahr-Knauerhof-Stute-Marlen-01-300x210.jpg 300w, https:\/\/paulinenaue.info\/wp-content\/uploads\/2009\/01\/1960-Fru\u0308hjahr-Knauerhof-Stute-Marlen-01-400x280.jpg 400w, https:\/\/paulinenaue.info\/wp-content\/uploads\/2009\/01\/1960-Fru\u0308hjahr-Knauerhof-Stute-Marlen-01-600x421.jpg 600w, https:\/\/paulinenaue.info\/wp-content\/uploads\/2009\/01\/1960-Fru\u0308hjahr-Knauerhof-Stute-Marlen-01-768x538.jpg 768w, https:\/\/paulinenaue.info\/wp-content\/uploads\/2009\/01\/1960-Fru\u0308hjahr-Knauerhof-Stute-Marlen-01-800x561.jpg 800w, https:\/\/paulinenaue.info\/wp-content\/uploads\/2009\/01\/1960-Fru\u0308hjahr-Knauerhof-Stute-Marlen-01.jpg 1000w\" data-sizes=\"auto\" data-orig-sizes=\"(max-width: 800px) 100vw, 800px\" \/><\/a><p id=\"caption-attachment-6098\" class=\"wp-caption-text\"><em>Neuanfang: Stute Marlen mit Fohlen bei Fu\u00df auf dem Knauerhof. Foto: Manfred H\u00e4nsch 1960.<\/em><\/p><\/div>\n<p>Gerade die Knauer-Br\u00fcder hatten aus ihrer ehrlichen und aufrichtigen Gesinnung nie einen Hehl gemacht, sich beispielsweise f\u00fcr den wegen seiner j\u00fcdischen Abstammung aus allen \u00c4mtern gejagten Bruno Cassirer eingesetzt. Kriegsgefangene wussten sich auf dem Lindenhof gut versorgt und humanit\u00e4r behandelt. Zwar hielt sich die Zerst\u00f6rung der Geb\u00e4ude, lediglich eine Scheune brannte nieder, in Grenzen, aber das z\u00fcchterische Lebenswerk der Knauers war vernichtet. Unwiderruflich, wie sich nach Kriegsende neuerlich zeigen sollte. Gebeten den Vorsitz der Rennaufsicht an jenem Karlshorster Er\u00f6ffnungstag zu \u00fcbernehmen, sagte Arthur Knauer vorbehaltlos zu. Sp\u00e4ter jedoch beharrte er darauf, dass sich Kurt Bading bei der Zentralkommandantur um die R\u00fcckf\u00fchrung der 70 Paulinenauer Traber k\u00fcmmern solle. Aber die keinen Widerspruch gestattende Antwort der Sowjets lautete: \u201eDamals war Krieg!\u201c Tief entt\u00e4uscht trat Arthur Knauer seine neue Funktion schon nach Wochenfrist an Hermann Hoehne ab. Anno 1947\/48 trat er dann der Rennleitung Mariendorfs bei.<\/p>\n<p>\u201eNach allen diesen Ereignissen kann es nicht Wunder nehmen, dass es Jahre dauerte, bevor wir mit dem verbliebenen Material wieder in bescheidenem Rahmen zu z\u00fcchten beginnen konnten\u201c, rekapitulierte Arthur Knauer zu Weihnachten 1953. \u201eAuch die Gr\u00fcndung eines kleinen Rennstalles wurde dann m\u00f6glich, aber damit waren wir buchst\u00e4blich vom Pech verfolgt. Wir gaben drei Pferde in des <span xml:lang=\"en\">Trainers<\/span> Hand, im einzelnen Coriolan, Ewald und Hartlieb, jedoch ging mit diesen so ziemlich alles verquer.\u201c Das war zweifelsohne untertrieben, denn Ersterer wurde noch vorm Renndeb\u00fct ein Opfer von Blutw\u00fcrmern. Trotz guter Arbeiten an der <span xml:lang=\"en\">Longe<\/span>, wehrte sich Ewald stets gegen Sattel und\u00a0<span xml:lang=\"en\">Sulky<\/span>, brachte selbst einen Mann wie Gerhard Kr\u00fcger schier zum Verzweifeln. Auch Tapetenwechsel verpufften wirkungslos, ja selbst bei Curt Panse in Hoppegarten gab sich der Knauersche b\u00f6sartig und aggressiv. Alles \u00e4nderte sich nach seiner R\u00fcckkehr ins heimische Gest\u00fct. Der Hengst mutierte in vertrauter Umgebung wieder zu einem lammfrommen Pferd und fungierte fortan als Besch\u00e4ler. Hartlieb, dem Dritten im Bunde, wurde nach kurzer Laufbahn eine falsche Injektion zum Verh\u00e4ngnis. Viel zu zeitig segnete auch der gen Westfalen verpachtete Albrecht der B\u00e4r das Zeitliche, den die Knauers wieder nach Paulinenaue zur\u00fcckgeholt hatten. Mehr Freude bereiteten da zwei\u00a0<span xml:lang=\"en\">Saint-Guy<\/span>-Kinder, beide geboren 1944. Carolus (a. d. Clara Bingen) z\u00e4hlte immerhin zur Berliner Elite und bew\u00e4hrte sich sp\u00e4ter als Deckhengst. Alberta errang bei 82 Versuchen 21 Siege, holte Lorbeer im Zukunfts-Preis und im Buddenbrock-Rennen. Sp\u00e4ter als Mutterstute im Gest\u00fct Werdenfels aufgestellt, brachte die Adriatica-Tochter unter anderem Astonia, ihres Zeichens Mutter des\u00a0<span xml:lang=\"en\">Derby<\/span>-Siegers Agami (1973). Derlei Lichtblicke konnten leider nicht dar\u00fcber hinwegt\u00e4uschen, dass die Knauers nie mehr an \u201egute alte Zeiten\u201c anzukn\u00fcpfen vermochten. Weil zu wenig Geld in der Kasse klingelte, wurde Land verkauft oder verpachtet. Wer wollte schon unter DDR-Bedingungen in ein altes Trabergest\u00fct investieren &#8230; Entsprechend fiel 1968 das <span xml:lang=\"fr\">Res\u00fcme\u00e9<\/span> des Hamburger STARTERS aus: \u201eWas dann in den 50-er Jahren noch von Paulinenaue produziert wurde, hielt ebenso hinsichtlich Masse wie ganz besonders Klasse keinerlei Vergleiche mehr mit dem aus, was jene Scholle einmal dem deutschen Trabrenngeschehen gegeben hatte.\u201c<\/p>\n<div id=\"attachment_6099\" style=\"width: 810px\" class=\"wp-caption alignnone\"><a href=\"https:\/\/paulinenaue.info\/wp-content\/uploads\/2009\/01\/2003-08-26-Knauergrab.jpg\"><img decoding=\"async\" aria-describedby=\"caption-attachment-6099\" data-attachment-id=\"6099\" data-permalink=\"https:\/\/paulinenaue.info\/index.php\/die-pferde-haben-uns\/2003-08-26-knauergrab\/\" data-orig-file=\"https:\/\/paulinenaue.info\/wp-content\/uploads\/2009\/01\/2003-08-26-Knauergrab.jpg\" data-orig-size=\"1000,750\" data-comments-opened=\"1\" data-image-meta=\"{&quot;aperture&quot;:&quot;3.2&quot;,&quot;credit&quot;:&quot;&quot;,&quot;camera&quot;:&quot;DSC-P72&quot;,&quot;caption&quot;:&quot;&quot;,&quot;created_timestamp&quot;:&quot;1061905631&quot;,&quot;copyright&quot;:&quot;&quot;,&quot;focal_length&quot;:&quot;6.9&quot;,&quot;iso&quot;:&quot;200&quot;,&quot;shutter_speed&quot;:&quot;0.00625&quot;,&quot;title&quot;:&quot;&quot;,&quot;orientation&quot;:&quot;1&quot;}\" data-image-title=\"2003-08-26, Knauergrab\" data-image-description=\"&lt;p&gt;Das Grab der Knauers und ihrer Haush\u00e4lterin Charlotte Quoo\u00df auf dem Paulinenauer Friedhof. Foto: Joachim Scholz 2003.&lt;\/p&gt;\n\" data-image-caption=\"&lt;p&gt;Das Grab der Knauers und ihrer Haush\u00e4lterin Charlotte Quoo\u00df auf dem Paulinenauer Friedhof. Foto: Joachim Scholz 2003.&lt;\/p&gt;\n\" data-large-file=\"https:\/\/paulinenaue.info\/wp-content\/uploads\/2009\/01\/2003-08-26-Knauergrab.jpg\" class=\"lazyload wp-image-6099 size-fusion-800\" src=\"https:\/\/paulinenaue.info\/wp-content\/uploads\/2009\/01\/2003-08-26-Knauergrab-800x600.jpg\" data-orig-src=\"https:\/\/paulinenaue.info\/wp-content\/uploads\/2009\/01\/2003-08-26-Knauergrab-800x600.jpg\" alt=\"Knauer-Grab 2003\" width=\"800\" height=\"600\" srcset=\"data:image\/svg+xml,%3Csvg%20xmlns%3D%27http%3A%2F%2Fwww.w3.org%2F2000%2Fsvg%27%20width%3D%27800%27%20height%3D%27600%27%20viewBox%3D%270%200%20800%20600%27%3E%3Crect%20width%3D%27800%27%20height%3D%27600%27%20fill-opacity%3D%220%22%2F%3E%3C%2Fsvg%3E\" data-srcset=\"https:\/\/paulinenaue.info\/wp-content\/uploads\/2009\/01\/2003-08-26-Knauergrab-200x150.jpg 200w, https:\/\/paulinenaue.info\/wp-content\/uploads\/2009\/01\/2003-08-26-Knauergrab-300x225.jpg 300w, https:\/\/paulinenaue.info\/wp-content\/uploads\/2009\/01\/2003-08-26-Knauergrab-400x300.jpg 400w, https:\/\/paulinenaue.info\/wp-content\/uploads\/2009\/01\/2003-08-26-Knauergrab-600x450.jpg 600w, https:\/\/paulinenaue.info\/wp-content\/uploads\/2009\/01\/2003-08-26-Knauergrab-768x576.jpg 768w, https:\/\/paulinenaue.info\/wp-content\/uploads\/2009\/01\/2003-08-26-Knauergrab-800x600.jpg 800w, https:\/\/paulinenaue.info\/wp-content\/uploads\/2009\/01\/2003-08-26-Knauergrab.jpg 1000w\" data-sizes=\"auto\" data-orig-sizes=\"(max-width: 800px) 100vw, 800px\" \/><\/a><p id=\"caption-attachment-6099\" class=\"wp-caption-text\"><em>Das Grab der Knauers und ihrer Haush\u00e4lterin Charlotte Quoo\u00df auf dem Paulinenauer Friedhof. Foto: J. Scholz 2003.<\/em><\/p><\/div>\n<p>Trotzdem wurden beide Knauer-Br\u00fcder bereits zu Lebzeiten zur Legende, hoch geachtet in Karlshorst und Mariendorf. So ver\u00f6ffentlichte der Renncourier 1954: \u201eAm 25. Juli wird Herr Arthur Knauer, der derzeitige Vorsitzende der Traberzucht-Kommission in der Deutschen Demokratischen Republik, 80 Jahre alt. Als Traberz\u00fcchter hat er sich einen Ruf erworben, der ihn zu einem der erfolgreichsten Verfechter z\u00fcchterischer Belange im deutschen Trabersport werden lie\u00df. Sein Wissen auf diesem Gebiet ist einmalig, und es gibt wohl kaum einen <span xml:lang=\"fr\">Exterieur<\/span>-Kenner, der mit ihm auf gleiche Stufe zu stellen w\u00e4re.\u201c Aber beider Br\u00fcder Herzenswunsch, die Traberz\u00fcchter von Ost und West wieder \u201ezu gemeinsamem Tun vereinigt\u201c zu sehen, sollte sich leider nicht erf\u00fcllen. Am 5. M\u00e4rz 1957 verstarb Carl Knauer an den Folgen eines Herzschlages. Bruder Arthur zog sich mehr und mehr auf den Lindenhof zur\u00fcck. Obwohl er seine Sehkraft fast v\u00f6llig einb\u00fc\u00dft hatte, erkannte er all seine Pferde. Derer 16 standen noch in den Stallungen, als ihr Z\u00fcchter zu Silvester 1963 einen Schlaganfall erlitt. Am folgenden 3. Januar schloss Arthur Knauer, fast 90 Jahre alt, f\u00fcr immer die Augen. Sein ab 1970 v\u00f6llig verlassenes Gest\u00fctsanwesen zerfiel und musste, mit Ausnahme der \u00fcbern Kanal f\u00fchrenden Knauer-Br\u00fccke, der Natur weichen. Aber unvergessen bleibt neben Gl\u00fcck, Aufstieg und Niedergang von Paulinenaue das Credo des Begr\u00fcnders, der \u2013 wenn es um eigene Traber ging \u2013 in seiner stets jovialen Art gern artikulierte: \u201eBei uns ist es nun einmal so! Wir haben keine Pferde! Die Pferde haben uns!\u201c<\/p>\n<h3 class=\"titel\">Die Top Ten von Paulinenaue<\/h3>\n<table>\n<tbody>\n<tr>\n<td valign=\"top\"><strong>Alberta<\/strong><br \/>\n(geb. 1914)<\/td>\n<td valign=\"top\">D.-F. v.\u00a0<span xml:lang=\"en\">Saint Guy<\/span>\u00a0&#8211; Adriatica<\/td>\n<td valign=\"top\">1:20,5 (Groscurth-Rennen 1946, Buddenbrock-Rennen 1947)<\/td>\n<\/tr>\n<tr>\n<td valign=\"top\"><strong>Albrecht der B\u00e4r<\/strong><br \/>\n(geb. 1939)<\/td>\n<td valign=\"top\">hbr. H. v.\u00a0<span xml:lang=\"ru\">Brussiloff<\/span>\u00a0&#8211; Alta\u00a0<span xml:lang=\"en\">Donovan<\/span><\/td>\n<td valign=\"top\">1:21,4<\/td>\n<\/tr>\n<tr>\n<td valign=\"top\"><strong>Carolus<\/strong><br \/>\n(geb. 1944)<\/td>\n<td valign=\"top\">br. H. v.\u00a0<span xml:lang=\"en\">Saint Guy<\/span>\u00a0&#8211; Carla Bingen<\/td>\n<td valign=\"top\">1:21,5<\/td>\n<\/tr>\n<tr>\n<td valign=\"top\"><strong>Apis<\/strong><br \/>\n(geb. 1935)<\/td>\n<td valign=\"top\">br. H. v.\u00a0<span xml:lang=\"en\">Walter Dear &#8211; Addie<\/span><\/td>\n<td valign=\"top\">1:21,7<\/td>\n<\/tr>\n<tr>\n<td valign=\"top\"><strong><span xml:lang=\"fr\">Coeur Bube<\/span><\/strong><br \/>\n(geb. 1929)<\/td>\n<td valign=\"top\">dbr. H. v.\u00a0<span xml:lang=\"ru\">Brussiloff<\/span>\u00a0&#8211; Clara Bingen<\/td>\n<td valign=\"top\">1:22,0 (Gro\u00dfer Preis von Berlin 1933)<\/td>\n<\/tr>\n<tr>\n<td valign=\"top\"><strong>Alt-Deutscher<\/strong><br \/>\n(geb. 1933)<\/td>\n<td valign=\"top\">br. H. v. Peter Pluto &#8211;\u00a0<span xml:lang=\"en\">Alta Donovan<\/span><\/td>\n<td valign=\"top\">1:22,3<\/td>\n<\/tr>\n<tr>\n<td valign=\"top\"><strong>Annette<\/strong><br \/>\n(geb. 1932)<\/td>\n<td valign=\"top\">br. St. v.\u00a0<span xml:lang=\"en\">Colonel Bosworth &#8211; Addie<\/span><\/td>\n<td valign=\"top\">1:22,4 (Herbstpreis der Dreij\u00e4hrigen 1935, Mariendorfer Pokal 1935, Preis der Nationen 1939)<\/td>\n<\/tr>\n<tr>\n<td valign=\"top\"><strong>Adria<\/strong><br \/>\n(geb. 1929)<\/td>\n<td valign=\"top\">F.-St. v.\u00a0<span xml:lang=\"en\">Guy Bacon &#8211; Addie<\/span><\/td>\n<td valign=\"top\">1:22,6 (Versuchsrennen der Stuten 1931, Deutsches Traber-<span xml:lang=\"en\">Derby<\/span>\u00a01932<\/td>\n<\/tr>\n<tr>\n<td valign=\"top\"><strong>Adio<\/strong><br \/>\n(geb. 1928)<\/td>\n<td valign=\"top\">F.-H. v.\u00a0<span xml:lang=\"en\">Colonel Bosworth &#8211; Addie<\/span><\/td>\n<td valign=\"top\">1:22,7 (Gro\u00dfer Preis von Berlin 1935)<\/td>\n<\/tr>\n<tr>\n<td valign=\"top\"><strong>Adriatica<\/strong><br \/>\n(geb. 1937)<\/td>\n<td valign=\"top\">hbr. S. v.\u00a0<span xml:lang=\"en\">Walter Dear<\/span>\u00a0&#8211; Adria<\/td>\n<td valign=\"top\">1:22,9 (Jugend-Preis 1939,\u00a0<span xml:lang=\"en\">Adbell-Toddington<\/span>-Rennen, 1940, Deutsches Traber-Derby 1940)<\/td>\n<\/tr>\n<\/tbody>\n<\/table>\n<p><i>Der Dank des Autoren gilt Karl Dold vom Berliner Versandantiquariat f\u00fcr die fachliche Beratung sowie dem Paulinenauer Ortschronisten Joachim Scholz und dem Fotografen Manfred H\u00e4nsch, welche die aktuelleren Bilder beisteuerten.<\/i><\/p>\n<div class=\"mceTemp\"><\/div>\n<p><a href=\"https:\/\/paulinenaue.info\/wp-content\/uploads\/2009\/01\/dtm_200901_01.jpg\"><img decoding=\"async\" data-attachment-id=\"6082\" data-permalink=\"https:\/\/paulinenaue.info\/index.php\/die-pferde-haben-uns\/dtm_200901_01\/\" data-orig-file=\"https:\/\/paulinenaue.info\/wp-content\/uploads\/2009\/01\/dtm_200901_01.jpg\" data-orig-size=\"200,270\" data-comments-opened=\"1\" data-image-meta=\"{&quot;aperture&quot;:&quot;0&quot;,&quot;credit&quot;:&quot;&quot;,&quot;camera&quot;:&quot;&quot;,&quot;caption&quot;:&quot;&quot;,&quot;created_timestamp&quot;:&quot;0&quot;,&quot;copyright&quot;:&quot;&quot;,&quot;focal_length&quot;:&quot;0&quot;,&quot;iso&quot;:&quot;0&quot;,&quot;shutter_speed&quot;:&quot;0&quot;,&quot;title&quot;:&quot;&quot;,&quot;orientation&quot;:&quot;1&quot;}\" data-image-title=\"dtm_200901_01\" data-image-description=\"\" data-image-caption=\"\" data-large-file=\"https:\/\/paulinenaue.info\/wp-content\/uploads\/2009\/01\/dtm_200901_01.jpg\" class=\"lazyload alignnone size-full wp-image-6082\" src=\"data:image\/svg+xml,%3Csvg%20xmlns%3D%27http%3A%2F%2Fwww.w3.org%2F2000%2Fsvg%27%20width%3D%27200%27%20height%3D%27270%27%20viewBox%3D%270%200%20200%20270%27%3E%3Crect%20width%3D%27200%27%20height%3D%27270%27%20fill-opacity%3D%220%22%2F%3E%3C%2Fsvg%3E\" data-orig-src=\"https:\/\/paulinenaue.info\/wp-content\/uploads\/2009\/01\/dtm_200901_01.jpg\" alt=\"\" width=\"200\" height=\"270\" \/><\/a><\/p>\n<p><i>Dieser Beitrag erschien in der Ausgabe Januar 2009 des Deutschen Traber Magazins. Die Wiedergabe auf dieser Website erfolgte mit freundlicher Genehmigung des Autors und des Herausgebers des Magazins am 31.01.2009 unter dem Titel <\/i><em>\u201eDie Pferde haben uns \u2013\u00a0Vor 45 Jahren verstarb der Paulinenauer Traberz\u00fcchter Arthur Knauer.\u201c<\/em><\/p>\n","protected":false},"excerpt":{"rendered":"<p>Die Paulinenauer Traberz\u00fcchter Arthur und Carl Knauer von Gerd von [&hellip;]<\/p>\n","protected":false},"author":1,"featured_media":6108,"comment_status":"open","ping_status":"open","sticky":false,"template":"","format":"standard","meta":{"_acf_changed":false,"_price":"","_stock":"","_tribe_ticket_header":"","_tribe_default_ticket_provider":"","_tribe_ticket_capacity":"0","_ticket_start_date":"","_ticket_end_date":"","_tribe_ticket_show_description":"","_tribe_ticket_show_not_going":false,"_tribe_ticket_use_global_stock":"","_tribe_ticket_global_stock_level":"","_global_stock_mode":"","_global_stock_cap":"","_tribe_rsvp_for_event":"","_tribe_ticket_going_count":"","_tribe_ticket_not_going_count":"","_tribe_tickets_list":"[]","_tribe_ticket_has_attendee_info_fields":false,"jetpack_post_was_ever_published":false,"_jetpack_newsletter_access":"","_jetpack_dont_email_post_to_subs":false,"_jetpack_newsletter_tier_id":0,"_jetpack_memberships_contains_paywalled_content":false,"_jetpack_memberships_contains_paid_content":false,"footnotes":"","jetpack_publicize_message":"","jetpack_publicize_feature_enabled":true,"jetpack_social_post_already_shared":true,"jetpack_social_options":{"image_generator_settings":{"template":"highway","default_image_id":0,"font":"","enabled":false},"version":2}},"categories":[1,7,216],"tags":[409,123,92,125,79,408,124],"class_list":["post-6080","post","type-post","status-publish","format-standard","has-post-thumbnail","hentry","category-allgemein","category-historie","category-natur","tag-arthur-knauer","tag-gebrueder-knauer","tag-havelland","tag-lindenhof","tag-lindholz","tag-pferdesport","tag-pferdezucht"],"acf":[],"yoast_head":"<!-- This site is optimized with the Yoast SEO plugin v27.5 - https:\/\/yoast.com\/product\/yoast-seo-wordpress\/ -->\n<title>Die Pferde haben uns! - Paulinenaue<\/title>\n<meta name=\"robots\" content=\"index, follow, max-snippet:-1, max-image-preview:large, max-video-preview:-1\" \/>\n<link rel=\"canonical\" href=\"https:\/\/paulinenaue.info\/index.php\/die-pferde-haben-uns\/\" \/>\n<meta property=\"og:locale\" content=\"de_DE\" \/>\n<meta property=\"og:type\" content=\"article\" \/>\n<meta property=\"og:title\" content=\"Die Pferde haben uns! - Paulinenaue\" \/>\n<meta property=\"og:description\" content=\"Die Paulinenauer Traberz\u00fcchter Arthur und Carl Knauer von Gerd von [&hellip;]\" \/>\n<meta property=\"og:url\" content=\"https:\/\/paulinenaue.info\/index.php\/die-pferde-haben-uns\/\" \/>\n<meta property=\"og:site_name\" content=\"Paulinenaue\" \/>\n<meta property=\"article:published_time\" content=\"2009-01-30T23:03:33+00:00\" \/>\n<meta property=\"article:modified_time\" content=\"2024-06-06T22:41:10+00:00\" \/>\n<meta property=\"og:image\" content=\"https:\/\/paulinenaue.info\/wp-content\/uploads\/2009\/01\/knauer_arthur_addie_1927_02.jpg\" \/>\n\t<meta property=\"og:image:width\" content=\"1000\" \/>\n\t<meta property=\"og:image:height\" content=\"578\" \/>\n\t<meta property=\"og:image:type\" content=\"image\/jpeg\" \/>\n<meta name=\"author\" content=\"Joachim Scholz\" \/>\n<meta name=\"twitter:card\" content=\"summary_large_image\" \/>\n<meta name=\"twitter:label1\" content=\"Verfasst von\" \/>\n\t<meta name=\"twitter:data1\" content=\"Joachim Scholz\" \/>\n\t<meta name=\"twitter:label2\" content=\"Gesch\u00e4tzte Lesezeit\" \/>\n\t<meta name=\"twitter:data2\" content=\"27\u00a0Minuten\" \/>\n<script type=\"application\/ld+json\" class=\"yoast-schema-graph\">{\"@context\":\"https:\\\/\\\/schema.org\",\"@graph\":[{\"@type\":\"Article\",\"@id\":\"https:\\\/\\\/paulinenaue.info\\\/index.php\\\/die-pferde-haben-uns\\\/#article\",\"isPartOf\":{\"@id\":\"https:\\\/\\\/paulinenaue.info\\\/index.php\\\/die-pferde-haben-uns\\\/\"},\"author\":{\"name\":\"Joachim Scholz\",\"@id\":\"https:\\\/\\\/paulinenaue.info\\\/#\\\/schema\\\/person\\\/3f9e818fd7b69b0d2bd937ac506897cc\"},\"headline\":\"Die Pferde haben uns!\",\"datePublished\":\"2009-01-30T23:03:33+00:00\",\"dateModified\":\"2024-06-06T22:41:10+00:00\",\"mainEntityOfPage\":{\"@id\":\"https:\\\/\\\/paulinenaue.info\\\/index.php\\\/die-pferde-haben-uns\\\/\"},\"wordCount\":4444,\"commentCount\":2,\"image\":{\"@id\":\"https:\\\/\\\/paulinenaue.info\\\/index.php\\\/die-pferde-haben-uns\\\/#primaryimage\"},\"thumbnailUrl\":\"https:\\\/\\\/paulinenaue.info\\\/wp-content\\\/uploads\\\/2009\\\/01\\\/knauer_arthur_addie_1927_02.jpg\",\"keywords\":[\"Arthur Knauer\",\"Gebr\u00fcder Knauer\",\"Havelland\",\"Lindenhof\",\"Lindholz\",\"Pferdesport\",\"Pferdezucht\"],\"articleSection\":{\"1\":\"Historie\",\"2\":\"Natur\"},\"inLanguage\":\"de\",\"potentialAction\":[{\"@type\":\"CommentAction\",\"name\":\"Comment\",\"target\":[\"https:\\\/\\\/paulinenaue.info\\\/index.php\\\/die-pferde-haben-uns\\\/#respond\"]}]},{\"@type\":\"WebPage\",\"@id\":\"https:\\\/\\\/paulinenaue.info\\\/index.php\\\/die-pferde-haben-uns\\\/\",\"url\":\"https:\\\/\\\/paulinenaue.info\\\/index.php\\\/die-pferde-haben-uns\\\/\",\"name\":\"Die Pferde haben uns! - Paulinenaue\",\"isPartOf\":{\"@id\":\"https:\\\/\\\/paulinenaue.info\\\/#website\"},\"primaryImageOfPage\":{\"@id\":\"https:\\\/\\\/paulinenaue.info\\\/index.php\\\/die-pferde-haben-uns\\\/#primaryimage\"},\"image\":{\"@id\":\"https:\\\/\\\/paulinenaue.info\\\/index.php\\\/die-pferde-haben-uns\\\/#primaryimage\"},\"thumbnailUrl\":\"https:\\\/\\\/paulinenaue.info\\\/wp-content\\\/uploads\\\/2009\\\/01\\\/knauer_arthur_addie_1927_02.jpg\",\"datePublished\":\"2009-01-30T23:03:33+00:00\",\"dateModified\":\"2024-06-06T22:41:10+00:00\",\"author\":{\"@id\":\"https:\\\/\\\/paulinenaue.info\\\/#\\\/schema\\\/person\\\/3f9e818fd7b69b0d2bd937ac506897cc\"},\"breadcrumb\":{\"@id\":\"https:\\\/\\\/paulinenaue.info\\\/index.php\\\/die-pferde-haben-uns\\\/#breadcrumb\"},\"inLanguage\":\"de\",\"potentialAction\":[{\"@type\":\"ReadAction\",\"target\":[\"https:\\\/\\\/paulinenaue.info\\\/index.php\\\/die-pferde-haben-uns\\\/\"]}]},{\"@type\":\"ImageObject\",\"inLanguage\":\"de\",\"@id\":\"https:\\\/\\\/paulinenaue.info\\\/index.php\\\/die-pferde-haben-uns\\\/#primaryimage\",\"url\":\"https:\\\/\\\/paulinenaue.info\\\/wp-content\\\/uploads\\\/2009\\\/01\\\/knauer_arthur_addie_1927_02.jpg\",\"contentUrl\":\"https:\\\/\\\/paulinenaue.info\\\/wp-content\\\/uploads\\\/2009\\\/01\\\/knauer_arthur_addie_1927_02.jpg\",\"width\":1000,\"height\":578,\"caption\":\"Arthur Knauer stellte die Mutterstute Addie vor. Foto: Deutsches Traber-Jahrbuch 1927.\"},{\"@type\":\"BreadcrumbList\",\"@id\":\"https:\\\/\\\/paulinenaue.info\\\/index.php\\\/die-pferde-haben-uns\\\/#breadcrumb\",\"itemListElement\":[{\"@type\":\"ListItem\",\"position\":1,\"name\":\"Home\",\"item\":\"https:\\\/\\\/paulinenaue.info\\\/\"},{\"@type\":\"ListItem\",\"position\":2,\"name\":\"Die Pferde haben uns!\"}]},{\"@type\":\"WebSite\",\"@id\":\"https:\\\/\\\/paulinenaue.info\\\/#website\",\"url\":\"https:\\\/\\\/paulinenaue.info\\\/\",\"name\":\"Paulinenaue\",\"description\":\"Ein Dorf im Havelland\",\"potentialAction\":[{\"@type\":\"SearchAction\",\"target\":{\"@type\":\"EntryPoint\",\"urlTemplate\":\"https:\\\/\\\/paulinenaue.info\\\/?s={search_term_string}\"},\"query-input\":{\"@type\":\"PropertyValueSpecification\",\"valueRequired\":true,\"valueName\":\"search_term_string\"}}],\"inLanguage\":\"de\"},{\"@type\":\"Person\",\"@id\":\"https:\\\/\\\/paulinenaue.info\\\/#\\\/schema\\\/person\\\/3f9e818fd7b69b0d2bd937ac506897cc\",\"name\":\"Joachim Scholz\",\"url\":\"https:\\\/\\\/paulinenaue.info\\\/index.php\\\/author\\\/jjscholz\\\/\"}]}<\/script>\n<!-- \/ Yoast SEO plugin. -->","yoast_head_json":{"title":"Die Pferde haben uns! - Paulinenaue","robots":{"index":"index","follow":"follow","max-snippet":"max-snippet:-1","max-image-preview":"max-image-preview:large","max-video-preview":"max-video-preview:-1"},"canonical":"https:\/\/paulinenaue.info\/index.php\/die-pferde-haben-uns\/","og_locale":"de_DE","og_type":"article","og_title":"Die Pferde haben uns! - Paulinenaue","og_description":"Die Paulinenauer Traberz\u00fcchter Arthur und Carl Knauer von Gerd von [&hellip;]","og_url":"https:\/\/paulinenaue.info\/index.php\/die-pferde-haben-uns\/","og_site_name":"Paulinenaue","article_published_time":"2009-01-30T23:03:33+00:00","article_modified_time":"2024-06-06T22:41:10+00:00","og_image":[{"width":1000,"height":578,"url":"https:\/\/paulinenaue.info\/wp-content\/uploads\/2009\/01\/knauer_arthur_addie_1927_02.jpg","type":"image\/jpeg"}],"author":"Joachim Scholz","twitter_card":"summary_large_image","twitter_misc":{"Verfasst von":"Joachim Scholz","Gesch\u00e4tzte Lesezeit":"27\u00a0Minuten"},"schema":{"@context":"https:\/\/schema.org","@graph":[{"@type":"Article","@id":"https:\/\/paulinenaue.info\/index.php\/die-pferde-haben-uns\/#article","isPartOf":{"@id":"https:\/\/paulinenaue.info\/index.php\/die-pferde-haben-uns\/"},"author":{"name":"Joachim Scholz","@id":"https:\/\/paulinenaue.info\/#\/schema\/person\/3f9e818fd7b69b0d2bd937ac506897cc"},"headline":"Die Pferde haben uns!","datePublished":"2009-01-30T23:03:33+00:00","dateModified":"2024-06-06T22:41:10+00:00","mainEntityOfPage":{"@id":"https:\/\/paulinenaue.info\/index.php\/die-pferde-haben-uns\/"},"wordCount":4444,"commentCount":2,"image":{"@id":"https:\/\/paulinenaue.info\/index.php\/die-pferde-haben-uns\/#primaryimage"},"thumbnailUrl":"https:\/\/paulinenaue.info\/wp-content\/uploads\/2009\/01\/knauer_arthur_addie_1927_02.jpg","keywords":["Arthur Knauer","Gebr\u00fcder Knauer","Havelland","Lindenhof","Lindholz","Pferdesport","Pferdezucht"],"articleSection":{"1":"Historie","2":"Natur"},"inLanguage":"de","potentialAction":[{"@type":"CommentAction","name":"Comment","target":["https:\/\/paulinenaue.info\/index.php\/die-pferde-haben-uns\/#respond"]}]},{"@type":"WebPage","@id":"https:\/\/paulinenaue.info\/index.php\/die-pferde-haben-uns\/","url":"https:\/\/paulinenaue.info\/index.php\/die-pferde-haben-uns\/","name":"Die Pferde haben uns! - Paulinenaue","isPartOf":{"@id":"https:\/\/paulinenaue.info\/#website"},"primaryImageOfPage":{"@id":"https:\/\/paulinenaue.info\/index.php\/die-pferde-haben-uns\/#primaryimage"},"image":{"@id":"https:\/\/paulinenaue.info\/index.php\/die-pferde-haben-uns\/#primaryimage"},"thumbnailUrl":"https:\/\/paulinenaue.info\/wp-content\/uploads\/2009\/01\/knauer_arthur_addie_1927_02.jpg","datePublished":"2009-01-30T23:03:33+00:00","dateModified":"2024-06-06T22:41:10+00:00","author":{"@id":"https:\/\/paulinenaue.info\/#\/schema\/person\/3f9e818fd7b69b0d2bd937ac506897cc"},"breadcrumb":{"@id":"https:\/\/paulinenaue.info\/index.php\/die-pferde-haben-uns\/#breadcrumb"},"inLanguage":"de","potentialAction":[{"@type":"ReadAction","target":["https:\/\/paulinenaue.info\/index.php\/die-pferde-haben-uns\/"]}]},{"@type":"ImageObject","inLanguage":"de","@id":"https:\/\/paulinenaue.info\/index.php\/die-pferde-haben-uns\/#primaryimage","url":"https:\/\/paulinenaue.info\/wp-content\/uploads\/2009\/01\/knauer_arthur_addie_1927_02.jpg","contentUrl":"https:\/\/paulinenaue.info\/wp-content\/uploads\/2009\/01\/knauer_arthur_addie_1927_02.jpg","width":1000,"height":578,"caption":"Arthur Knauer stellte die Mutterstute Addie vor. Foto: Deutsches Traber-Jahrbuch 1927."},{"@type":"BreadcrumbList","@id":"https:\/\/paulinenaue.info\/index.php\/die-pferde-haben-uns\/#breadcrumb","itemListElement":[{"@type":"ListItem","position":1,"name":"Home","item":"https:\/\/paulinenaue.info\/"},{"@type":"ListItem","position":2,"name":"Die Pferde haben uns!"}]},{"@type":"WebSite","@id":"https:\/\/paulinenaue.info\/#website","url":"https:\/\/paulinenaue.info\/","name":"Paulinenaue","description":"Ein Dorf im Havelland","potentialAction":[{"@type":"SearchAction","target":{"@type":"EntryPoint","urlTemplate":"https:\/\/paulinenaue.info\/?s={search_term_string}"},"query-input":{"@type":"PropertyValueSpecification","valueRequired":true,"valueName":"search_term_string"}}],"inLanguage":"de"},{"@type":"Person","@id":"https:\/\/paulinenaue.info\/#\/schema\/person\/3f9e818fd7b69b0d2bd937ac506897cc","name":"Joachim Scholz","url":"https:\/\/paulinenaue.info\/index.php\/author\/jjscholz\/"}]}},"jetpack_publicize_connections":[],"jetpack_featured_media_url":"https:\/\/paulinenaue.info\/wp-content\/uploads\/2009\/01\/knauer_arthur_addie_1927_02.jpg","jetpack_sharing_enabled":true,"jetpack_shortlink":"https:\/\/wp.me\/pcYhWA-1A4","jetpack-related-posts":[{"id":416666,"url":"https:\/\/paulinenaue.info\/index.php\/arthur-knauer-150-jahre\/","url_meta":{"origin":6080,"position":0},"title":"Arthur Knauer \u2013\u00a0150 Jahre","author":"Joachim Scholz","date":"28. Juli 2024","format":false,"excerpt":"Unter den wenigen Paulinenauer Ber\u00fchmtheiten rangiert er weit vorn \u2013\u00a0und das, ohne Wissenschaftler gewesen zu sein! Die Rede ist von Arthur Knauer (1874\u20131964), der zur Zeit des Ersten Weltkrieges gemeinsam mit seinem Bruder Carl aus Berlin kommend in unser Dorf \u00fcbersiedelte, um auf dem frisch urbar gemachten Luchland eine Pferdezucht\u2026","rel":"","context":"In &quot;Ehrenamt&quot;","block_context":{"text":"Ehrenamt","link":"https:\/\/paulinenaue.info\/index.php\/category\/ehrenamt\/"},"img":{"alt_text":"","src":"https:\/\/i0.wp.com\/paulinenaue.info\/wp-content\/uploads\/2024\/07\/2024-07-28-Knauergrab-01.jpeg?resize=350%2C200&ssl=1","width":350,"height":200,"srcset":"https:\/\/i0.wp.com\/paulinenaue.info\/wp-content\/uploads\/2024\/07\/2024-07-28-Knauergrab-01.jpeg?resize=350%2C200&ssl=1 1x, https:\/\/i0.wp.com\/paulinenaue.info\/wp-content\/uploads\/2024\/07\/2024-07-28-Knauergrab-01.jpeg?resize=525%2C300&ssl=1 1.5x, https:\/\/i0.wp.com\/paulinenaue.info\/wp-content\/uploads\/2024\/07\/2024-07-28-Knauergrab-01.jpeg?resize=700%2C400&ssl=1 2x"},"classes":[]},{"id":215195,"url":"https:\/\/paulinenaue.info\/index.php\/andenken-an-die-gebrueder-knauer\/","url_meta":{"origin":6080,"position":1},"title":"Andenken an die Gebr\u00fcder Knauer","author":"Joachim Scholz","date":"12. Juni 2022","format":false,"excerpt":"Paulinenaue feiert die Sanierung des Grabsteins der ber\u00fchmten Pferdez\u00fcchter Im Paulinenauer Kulturverein wurde hin und her \u00fcberlegt, ob nicht einer der frisch in den sanierten Grabstein geschlagenen Datumseintr\u00e4ge sich f\u00fcr die feierliche \u00dcbergabe eben dieses Steines eignen w\u00fcrde. Doch bis zum 150. Geburtstag von Arthur Knauer sind es noch zwei\u2026","rel":"","context":"In &quot;Bienenfarm&quot;","block_context":{"text":"Bienenfarm","link":"https:\/\/paulinenaue.info\/index.php\/category\/bienenfarm\/"},"img":{"alt_text":"","src":"https:\/\/i0.wp.com\/paulinenaue.info\/wp-content\/uploads\/2022\/06\/2022-06-12-Knauerehrung-03.jpeg?resize=350%2C200&ssl=1","width":350,"height":200,"srcset":"https:\/\/i0.wp.com\/paulinenaue.info\/wp-content\/uploads\/2022\/06\/2022-06-12-Knauerehrung-03.jpeg?resize=350%2C200&ssl=1 1x, https:\/\/i0.wp.com\/paulinenaue.info\/wp-content\/uploads\/2022\/06\/2022-06-12-Knauerehrung-03.jpeg?resize=525%2C300&ssl=1 1.5x, https:\/\/i0.wp.com\/paulinenaue.info\/wp-content\/uploads\/2022\/06\/2022-06-12-Knauerehrung-03.jpeg?resize=700%2C400&ssl=1 2x"},"classes":[]},{"id":6135,"url":"https:\/\/paulinenaue.info\/index.php\/spendenaufruf-fuer-das-grab-der-gebrueder-knauer\/","url_meta":{"origin":6080,"position":2},"title":"Spendenaufruf f\u00fcr das Grab der Gebr\u00fcder Knauer","author":"Joachim Scholz","date":"23. Oktober 2021","format":false,"excerpt":"","rel":"","context":"In &quot;Historie&quot;","block_context":{"text":"Historie","link":"https:\/\/paulinenaue.info\/index.php\/category\/historie\/"},"img":{"alt_text":"Grab der Gebr\u00fcder Knauer","src":"https:\/\/i0.wp.com\/paulinenaue.info\/wp-content\/uploads\/2021\/10\/2021-09-18-Grab-Knauers.jpg?resize=350%2C200&ssl=1","width":350,"height":200,"srcset":"https:\/\/i0.wp.com\/paulinenaue.info\/wp-content\/uploads\/2021\/10\/2021-09-18-Grab-Knauers.jpg?resize=350%2C200&ssl=1 1x, https:\/\/i0.wp.com\/paulinenaue.info\/wp-content\/uploads\/2021\/10\/2021-09-18-Grab-Knauers.jpg?resize=525%2C300&ssl=1 1.5x, https:\/\/i0.wp.com\/paulinenaue.info\/wp-content\/uploads\/2021\/10\/2021-09-18-Grab-Knauers.jpg?resize=700%2C400&ssl=1 2x"},"classes":[]},{"id":900,"url":"https:\/\/paulinenaue.info\/index.php\/der-lindenhof-das-legendaere-gestuet-der-brueder-knauer-seltene-fotografien-aus-dem-jahre-1960\/","url_meta":{"origin":6080,"position":3},"title":"Der Lindenhof &#8211; das legend\u00e4re Gest\u00fct der Br\u00fcder Knauer. Seltene Fotografien aus dem Jahre 1960","author":"Sarah","date":"31. Januar 2004","format":false,"excerpt":"Text: Joachim Scholz (2004), Fotos: Manfred H\u00e4nsch (1960) Seit 1916 und bis in die 70er-Jahre des letzten Jahrhunderts bestand am Nordrand des Lindholzes hinter dem Kanal das von Carl und Arthur Knauer bewirtschaftete Gest\u00fct \u201eLindenhof\u201c. Durch kluge Zucht und als Ergebnis der Importpolitik beider Br\u00fcder brachte der Knauersche Hof bis\u2026","rel":"","context":"In &quot;Allgemein&quot;","block_context":{"text":"Allgemein","link":"https:\/\/paulinenaue.info\/index.php\/category\/allgemein\/"},"img":{"alt_text":"Knauerhof 1960","src":"https:\/\/i0.wp.com\/paulinenaue.info\/wp-content\/uploads\/2017\/06\/1960-Fru%CC%88hjahr-Knauerhof-Hengst-Ewald-01.jpg?resize=350%2C200&ssl=1","width":350,"height":200,"srcset":"https:\/\/i0.wp.com\/paulinenaue.info\/wp-content\/uploads\/2017\/06\/1960-Fru%CC%88hjahr-Knauerhof-Hengst-Ewald-01.jpg?resize=350%2C200&ssl=1 1x, https:\/\/i0.wp.com\/paulinenaue.info\/wp-content\/uploads\/2017\/06\/1960-Fru%CC%88hjahr-Knauerhof-Hengst-Ewald-01.jpg?resize=525%2C300&ssl=1 1.5x, https:\/\/i0.wp.com\/paulinenaue.info\/wp-content\/uploads\/2017\/06\/1960-Fru%CC%88hjahr-Knauerhof-Hengst-Ewald-01.jpg?resize=700%2C400&ssl=1 2x"},"classes":[]},{"id":415648,"url":"https:\/\/paulinenaue.info\/index.php\/erweiterung-des-ortshistorischen-archivs\/","url_meta":{"origin":6080,"position":4},"title":"Erweiterung des ortshistorischen Archivs","author":"Joachim Scholz","date":"27. Dezember 2023","format":false,"excerpt":"Kulturverein erh\u00e4lt wertvolles Quellenmaterial zu den Gebr\u00fcdern Knauer Es gibt Spezialgebiete des Wissens und die dazu geh\u00f6renden Spezialisten. Das ist nicht nur in den Wissenschaften so, sondern auch im Pferdesport. Interessiert man sich zum Beispiel f\u00fcr die Geschichte des deutschen Trabrennsports, kommt man an Karl Dold nicht vorbei. \u00dcber Umwege\u2026","rel":"","context":"In &quot;Dorfentwicklung&quot;","block_context":{"text":"Dorfentwicklung","link":"https:\/\/paulinenaue.info\/index.php\/category\/dorfentwicklung\/"},"img":{"alt_text":"","src":"https:\/\/i0.wp.com\/paulinenaue.info\/wp-content\/uploads\/2023\/12\/1910-ca-Arthur-Knauer-Zeichnung-scaled.jpg?resize=350%2C200&ssl=1","width":350,"height":200,"srcset":"https:\/\/i0.wp.com\/paulinenaue.info\/wp-content\/uploads\/2023\/12\/1910-ca-Arthur-Knauer-Zeichnung-scaled.jpg?resize=350%2C200&ssl=1 1x, https:\/\/i0.wp.com\/paulinenaue.info\/wp-content\/uploads\/2023\/12\/1910-ca-Arthur-Knauer-Zeichnung-scaled.jpg?resize=525%2C300&ssl=1 1.5x, https:\/\/i0.wp.com\/paulinenaue.info\/wp-content\/uploads\/2023\/12\/1910-ca-Arthur-Knauer-Zeichnung-scaled.jpg?resize=700%2C400&ssl=1 2x, https:\/\/i0.wp.com\/paulinenaue.info\/wp-content\/uploads\/2023\/12\/1910-ca-Arthur-Knauer-Zeichnung-scaled.jpg?resize=1050%2C600&ssl=1 3x, https:\/\/i0.wp.com\/paulinenaue.info\/wp-content\/uploads\/2023\/12\/1910-ca-Arthur-Knauer-Zeichnung-scaled.jpg?resize=1400%2C800&ssl=1 4x"},"classes":[]},{"id":940,"url":"https:\/\/paulinenaue.info\/index.php\/80-jahre-gemeinde-paulinenaue-eine-serie-zur-ortsgeschichte-teil-1\/","url_meta":{"origin":6080,"position":5},"title":"80 Jahre Gemeinde Paulinenaue &#8211; Eine Serie zur Ortsgeschichte (Teil 1)","author":"Sarah","date":"10. Juni 2017","format":false,"excerpt":"11.06.2004 Am 8. Dezember 1924 wurde der Gutsbezirk Paulinenaue in eine eigene Dorfgemeinde umgewandelt. Zur 80. Wiederkehr dieses Ereignisses veranstaltete im Juni 2004 die Paulinenauer Kirchengemeinde einen Bildvortrag, der von Dr. Gabriele Metzner, Angelika Kellner, Dr. Peter Pollack und Joachim Scholz gestaltet wurde. In den n\u00e4chsten Monaten werden die Beitr\u00e4ge\u2026","rel":"","context":"In &quot;Allgemein&quot;","block_context":{"text":"Allgemein","link":"https:\/\/paulinenaue.info\/index.php\/category\/allgemein\/"},"img":{"alt_text":"","src":"https:\/\/i0.wp.com\/paulinenaue.info\/wp-content\/uploads\/2017\/06\/luch.jpg?resize=350%2C200&ssl=1","width":350,"height":200},"classes":[]}],"_links":{"self":[{"href":"https:\/\/paulinenaue.info\/index.php\/wp-json\/wp\/v2\/posts\/6080","targetHints":{"allow":["GET"]}}],"collection":[{"href":"https:\/\/paulinenaue.info\/index.php\/wp-json\/wp\/v2\/posts"}],"about":[{"href":"https:\/\/paulinenaue.info\/index.php\/wp-json\/wp\/v2\/types\/post"}],"author":[{"embeddable":true,"href":"https:\/\/paulinenaue.info\/index.php\/wp-json\/wp\/v2\/users\/1"}],"replies":[{"embeddable":true,"href":"https:\/\/paulinenaue.info\/index.php\/wp-json\/wp\/v2\/comments?post=6080"}],"version-history":[{"count":28,"href":"https:\/\/paulinenaue.info\/index.php\/wp-json\/wp\/v2\/posts\/6080\/revisions"}],"predecessor-version":[{"id":416487,"href":"https:\/\/paulinenaue.info\/index.php\/wp-json\/wp\/v2\/posts\/6080\/revisions\/416487"}],"wp:featuredmedia":[{"embeddable":true,"href":"https:\/\/paulinenaue.info\/index.php\/wp-json\/wp\/v2\/media\/6108"}],"wp:attachment":[{"href":"https:\/\/paulinenaue.info\/index.php\/wp-json\/wp\/v2\/media?parent=6080"}],"wp:term":[{"taxonomy":"category","embeddable":true,"href":"https:\/\/paulinenaue.info\/index.php\/wp-json\/wp\/v2\/categories?post=6080"},{"taxonomy":"post_tag","embeddable":true,"href":"https:\/\/paulinenaue.info\/index.php\/wp-json\/wp\/v2\/tags?post=6080"}],"curies":[{"name":"wp","href":"https:\/\/api.w.org\/{rel}","templated":true}]}}