{"id":6135,"date":"2021-10-23T00:58:45","date_gmt":"2021-10-22T22:58:45","guid":{"rendered":"https:\/\/paulinenaue.info\/?p=6135"},"modified":"2021-11-14T10:52:41","modified_gmt":"2021-11-14T09:52:41","slug":"spendenaufruf-fuer-das-grab-der-gebrueder-knauer","status":"publish","type":"post","link":"https:\/\/paulinenaue.info\/index.php\/spendenaufruf-fuer-das-grab-der-gebrueder-knauer\/","title":{"rendered":"Spendenaufruf f\u00fcr das Grab der Gebr\u00fcder Knauer"},"content":{"rendered":"<div class=\"fusion-fullwidth fullwidth-box fusion-builder-row-1 fusion-flex-container nonhundred-percent-fullwidth non-hundred-percent-height-scrolling\" style=\"--awb-border-radius-top-left:0px;--awb-border-radius-top-right:0px;--awb-border-radius-bottom-right:0px;--awb-border-radius-bottom-left:0px;\" ><div class=\"fusion-builder-row fusion-row fusion-flex-align-items-flex-start\" style=\"max-width:1248px;margin-left: calc(-4% \/ 2 );margin-right: calc(-4% \/ 2 );\"><div class=\"fusion-layout-column fusion_builder_column fusion-builder-column-0 fusion_builder_column_1_2 1_2 fusion-flex-column\" style=\"--awb-bg-size:cover;--awb-width-large:50%;--awb-margin-top-large:0px;--awb-spacing-right-large:3.84%;--awb-margin-bottom-large:20px;--awb-spacing-left-large:3.84%;--awb-width-medium:50%;--awb-order-medium:0;--awb-spacing-right-medium:3.84%;--awb-spacing-left-medium:3.84%;--awb-width-small:100%;--awb-order-small:0;--awb-spacing-right-small:1.92%;--awb-spacing-left-small:1.92%;\"><div class=\"fusion-column-wrapper fusion-column-has-shadow fusion-flex-justify-content-flex-start fusion-content-layout-column\"><\/div><\/div><div class=\"fusion-layout-column fusion_builder_column fusion-builder-column-1 fusion_builder_column_1_2 1_2 fusion-flex-column\" style=\"--awb-bg-size:cover;--awb-width-large:50%;--awb-margin-top-large:0px;--awb-spacing-right-large:3.84%;--awb-margin-bottom-large:20px;--awb-spacing-left-large:3.84%;--awb-width-medium:50%;--awb-order-medium:0;--awb-spacing-right-medium:3.84%;--awb-spacing-left-medium:3.84%;--awb-width-small:100%;--awb-order-small:0;--awb-spacing-right-small:1.92%;--awb-spacing-left-small:1.92%;\"><div class=\"fusion-column-wrapper fusion-column-has-shadow fusion-flex-justify-content-flex-start fusion-content-layout-column\"><div ><a class=\"fusion-button button-flat fusion-button-default-size button-default fusion-button-default button-1 fusion-button-default-span fusion-button-default-type\" target=\"_self\" href=\"www.betterplace.org\/p101187\"><i class=\"fa-coins fas button-icon-left\" aria-hidden=\"true\"><\/i><span class=\"fusion-button-text\">Hier auf betterplace.org spenden<\/span><\/a><\/div><\/div><\/div><div class=\"fusion-layout-column fusion_builder_column fusion-builder-column-2 fusion_builder_column_1_1 1_1 fusion-flex-column\" style=\"--awb-bg-size:cover;--awb-width-large:100%;--awb-margin-top-large:0px;--awb-spacing-right-large:1.92%;--awb-margin-bottom-large:0px;--awb-spacing-left-large:1.92%;--awb-width-medium:100%;--awb-spacing-right-medium:1.92%;--awb-spacing-left-medium:1.92%;--awb-width-small:100%;--awb-spacing-right-small:1.92%;--awb-spacing-left-small:1.92%;\"><div class=\"fusion-column-wrapper fusion-flex-justify-content-flex-start fusion-content-layout-column\"><div class=\"fusion-text fusion-text-1\"><p class=\"p1\"><a href=\"https:\/\/paulinenaue.info\/index.php\/die-pferde-haben-uns\/\">Carl und Arthur Knauer<\/a> sind Pferdez\u00fcchter-Legenden. Aus ihrem <a href=\"https:\/\/paulinenaue.info\/index.php\/der-lindenhof-das-legendaere-gestuet-der-brueder-knauer-seltene-fotografien-aus-dem-jahre-1960\/\">Paulinenauer Gest\u00fct \u201eLindenhof\u201c<\/a> gingen vor dem Krieg etliche sehr erfolgreiche Trabrennpferde hervor. Noch heute h\u00e4lt die<span class=\"Apple-converted-space\">\u00a0 <\/span>Mariendorfer Trabrennbahn in Berlin j\u00e4hrlich <a href=\"https:\/\/trab-halloffame.de\/Siegerlisten\/Bedeutende-Rennen\/Arthur-Knauer-Rennen\">Knauer-Gedenkrennen<\/a> ab. Das Grab der Br\u00fcder in Paulinenaue befindet sich jedoch in einem traurigen Zustand. Nach mehr als einem halben Jahrhundert sind die Eintr\u00e4ge auf ihrem Stein verwittert und kaum noch zu erkennen.<\/p>\n<div id=\"attachment_6136\" style=\"width: 1010px\" class=\"wp-caption alignnone\"><a href=\"https:\/\/paulinenaue.info\/wp-content\/uploads\/2021\/10\/2021-09-18-Grab-Knauers.jpg\"><img decoding=\"async\" aria-describedby=\"caption-attachment-6136\" data-attachment-id=\"6136\" data-permalink=\"https:\/\/paulinenaue.info\/index.php\/spendenaufruf-fuer-das-grab-der-gebrueder-knauer\/friedhof-paulinenaue-3\/\" data-orig-file=\"https:\/\/paulinenaue.info\/wp-content\/uploads\/2021\/10\/2021-09-18-Grab-Knauers.jpg\" data-orig-size=\"1000,667\" data-comments-opened=\"1\" data-image-meta=\"{&quot;aperture&quot;:&quot;4&quot;,&quot;credit&quot;:&quot;&quot;,&quot;camera&quot;:&quot;DSC-RX10&quot;,&quot;caption&quot;:&quot;Grab der Gebr\\u00fcder Knauer auf dem Paulinenauer Friedhof&quot;,&quot;created_timestamp&quot;:&quot;1631962350&quot;,&quot;copyright&quot;:&quot;&quot;,&quot;focal_length&quot;:&quot;13.37&quot;,&quot;iso&quot;:&quot;125&quot;,&quot;shutter_speed&quot;:&quot;0.003125&quot;,&quot;title&quot;:&quot;Friedhof Paulinenaue&quot;,&quot;orientation&quot;:&quot;1&quot;}\" data-image-title=\"Friedhof Paulinenaue\" data-image-description=\"&lt;p&gt;Grab der Gebr\u00fcder Knauer auf dem Paulinenauer Friedhof&lt;\/p&gt;\n\" data-image-caption=\"&lt;p&gt;Die Gebr\u00fcder Arthur und Carl Knauer und Charlotte Quoo\u00df.&lt;\/p&gt;\n\" data-large-file=\"https:\/\/paulinenaue.info\/wp-content\/uploads\/2021\/10\/2021-09-18-Grab-Knauers.jpg\" class=\"lazyload wp-image-6136 size-full\" src=\"https:\/\/paulinenaue.info\/wp-content\/uploads\/2021\/10\/2021-09-18-Grab-Knauers.jpg\" data-orig-src=\"https:\/\/paulinenaue.info\/wp-content\/uploads\/2021\/10\/2021-09-18-Grab-Knauers.jpg\" alt=\"Grab der Gebr\u00fcder Knauer\" width=\"1000\" height=\"667\" srcset=\"data:image\/svg+xml,%3Csvg%20xmlns%3D%27http%3A%2F%2Fwww.w3.org%2F2000%2Fsvg%27%20width%3D%271000%27%20height%3D%27667%27%20viewBox%3D%270%200%201000%20667%27%3E%3Crect%20width%3D%271000%27%20height%3D%27667%27%20fill-opacity%3D%220%22%2F%3E%3C%2Fsvg%3E\" data-srcset=\"https:\/\/paulinenaue.info\/wp-content\/uploads\/2021\/10\/2021-09-18-Grab-Knauers-200x133.jpg 200w, https:\/\/paulinenaue.info\/wp-content\/uploads\/2021\/10\/2021-09-18-Grab-Knauers-300x200.jpg 300w, https:\/\/paulinenaue.info\/wp-content\/uploads\/2021\/10\/2021-09-18-Grab-Knauers-400x267.jpg 400w, https:\/\/paulinenaue.info\/wp-content\/uploads\/2021\/10\/2021-09-18-Grab-Knauers-600x400.jpg 600w, https:\/\/paulinenaue.info\/wp-content\/uploads\/2021\/10\/2021-09-18-Grab-Knauers-768x512.jpg 768w, https:\/\/paulinenaue.info\/wp-content\/uploads\/2021\/10\/2021-09-18-Grab-Knauers-800x534.jpg 800w, https:\/\/paulinenaue.info\/wp-content\/uploads\/2021\/10\/2021-09-18-Grab-Knauers.jpg 1000w\" data-sizes=\"auto\" data-orig-sizes=\"(max-width: 1000px) 100vw, 1000px\" \/><\/a><p id=\"caption-attachment-6136\" class=\"wp-caption-text\">Grab der Gebr\u00fcder Knauer auf dem Paulinenauer Friedhof. Auch die Haush\u00e4lterin der beiden Junggesellen, Charlotte Quoo\u00df, liegt hier begraben. Foto: Joachim Scholz, Oktober 2021.<\/p><\/div>\n<p class=\"p1\">Der <a href=\"https:\/\/paulinenaue.info\/index.php\/kulturverein\/\">Paulinenauer Kulturverein e.V.<\/a> will nun gemeinsam mit der Evangelischen Kirchgemeinde das Knauergrab zum Paulinenauer Ehrengrab erkl\u00e4ren und daf\u00fcr sorgen, dass es dauerhaft gepflegt wird. Auch der Grabstein soll erneuert werden. Daf\u00fcr wurden mehrere Kostenvoranschl\u00e4ge eingeholt. F\u00fcr die Sanierung werden 3000,- \u20ac ben\u00f6tigt.<\/p>\n<p class=\"p1\">Etwa ein Drittel des Betrages ist bereits gesichert. Bitte spenden auch Sie, damit das Ehrengrab der Gebr\u00fcder Knauer originalgetreu wiederhergestellt werden kann.<\/p>\n<p><strong>Konto: Paulinenauer Kulturverein e.V.<\/strong><br \/>\n<strong>IBAN: DE32120300000010437242<\/strong><br \/>\n<strong>Verwendungszweck: Grabstein Knauer<\/strong><\/p>\n<p><em>Ihre Spende ist steuerlich absetzbar. Eine Spendenquittung k\u00f6nnen Sie unter kulturverein@paulinenaue.info anfordern.<\/em><\/p>\n<p>Ihr Paulinenauer Kulturverein e.V.<\/p>\n<p>Joachim Scholz<\/p>\n<\/div><\/div><\/div><\/div><\/div>\n","protected":false},"excerpt":{"rendered":"","protected":false},"author":1,"featured_media":6136,"comment_status":"open","ping_status":"open","sticky":false,"template":"","format":"standard","meta":{"_acf_changed":false,"_price":"","_stock":"","_tribe_ticket_header":"","_tribe_default_ticket_provider":"","_tribe_ticket_capacity":"0","_ticket_start_date":"","_ticket_end_date":"","_tribe_ticket_show_description":"","_tribe_ticket_show_not_going":false,"_tribe_ticket_use_global_stock":"","_tribe_ticket_global_stock_level":"","_global_stock_mode":"","_global_stock_cap":"","_tribe_rsvp_for_event":"","_tribe_ticket_going_count":"","_tribe_ticket_not_going_count":"","_tribe_tickets_list":"[]","_tribe_ticket_has_attendee_info_fields":false,"jetpack_post_was_ever_published":false,"_jetpack_newsletter_access":"","_jetpack_dont_email_post_to_subs":false,"_jetpack_newsletter_tier_id":0,"_jetpack_memberships_contains_paywalled_content":false,"_jetpack_memberships_contains_paid_content":false,"footnotes":"","jetpack_publicize_message":"","jetpack_publicize_feature_enabled":true,"jetpack_social_post_already_shared":true,"jetpack_social_options":{"image_generator_settings":{"template":"highway","default_image_id":0,"font":"","enabled":false},"version":2}},"categories":[7,47,9,10],"tags":[409,123,92,124,411,412],"class_list":["post-6135","post","type-post","status-publish","format-standard","has-post-thumbnail","hentry","category-historie","category-kulturverein","category-neuigkeiten","category-vereine","tag-arthur-knauer","tag-gebrueder-knauer","tag-havelland","tag-pferdezucht","tag-trabrennbahn","tag-trabrennbahn-mariendorf"],"acf":[],"yoast_head":"<!-- This site is optimized with the Yoast SEO plugin v27.5 - https:\/\/yoast.com\/product\/yoast-seo-wordpress\/ -->\n<title>Spendenaufruf f\u00fcr das Grab der Gebr\u00fcder Knauer - Paulinenaue<\/title>\n<meta name=\"description\" content=\"Der Paulinenauer Kulturverein will den Grabstein der ber\u00fchmten Pferdez\u00fcchter Arthur und Arthur Knauer sanieren und ruft zu Spenden auf.\" \/>\n<meta name=\"robots\" content=\"index, follow, max-snippet:-1, max-image-preview:large, max-video-preview:-1\" \/>\n<link rel=\"canonical\" href=\"https:\/\/paulinenaue.info\/index.php\/spendenaufruf-fuer-das-grab-der-gebrueder-knauer\/\" \/>\n<meta property=\"og:locale\" content=\"de_DE\" \/>\n<meta property=\"og:type\" content=\"article\" \/>\n<meta property=\"og:title\" content=\"Spendenaufruf f\u00fcr das Grab der Gebr\u00fcder Knauer - Paulinenaue\" \/>\n<meta property=\"og:description\" content=\"Der Paulinenauer Kulturverein will den Grabstein der ber\u00fchmten Pferdez\u00fcchter Arthur und Arthur Knauer sanieren und ruft zu Spenden auf.\" \/>\n<meta property=\"og:url\" content=\"https:\/\/paulinenaue.info\/index.php\/spendenaufruf-fuer-das-grab-der-gebrueder-knauer\/\" \/>\n<meta property=\"og:site_name\" content=\"Paulinenaue\" \/>\n<meta property=\"article:published_time\" content=\"2021-10-22T22:58:45+00:00\" \/>\n<meta property=\"article:modified_time\" content=\"2021-11-14T09:52:41+00:00\" \/>\n<meta property=\"og:image\" content=\"https:\/\/i2.wp.com\/paulinenaue.info\/wp-content\/uploads\/2021\/10\/2021-09-18-Grab-Knauers.jpg?fit=1000%2C667&ssl=1\" \/>\n\t<meta property=\"og:image:width\" content=\"1000\" \/>\n\t<meta property=\"og:image:height\" content=\"667\" \/>\n\t<meta property=\"og:image:type\" content=\"image\/jpeg\" \/>\n<meta name=\"author\" content=\"Joachim Scholz\" \/>\n<meta name=\"twitter:card\" content=\"summary_large_image\" \/>\n<meta name=\"twitter:label1\" content=\"Verfasst von\" \/>\n\t<meta name=\"twitter:data1\" content=\"Joachim Scholz\" \/>\n\t<meta name=\"twitter:label2\" content=\"Gesch\u00e4tzte Lesezeit\" \/>\n\t<meta name=\"twitter:data2\" content=\"1\u00a0Minute\" \/>\n<script type=\"application\/ld+json\" class=\"yoast-schema-graph\">{\"@context\":\"https:\\\/\\\/schema.org\",\"@graph\":[{\"@type\":\"Article\",\"@id\":\"https:\\\/\\\/paulinenaue.info\\\/index.php\\\/spendenaufruf-fuer-das-grab-der-gebrueder-knauer\\\/#article\",\"isPartOf\":{\"@id\":\"https:\\\/\\\/paulinenaue.info\\\/index.php\\\/spendenaufruf-fuer-das-grab-der-gebrueder-knauer\\\/\"},\"author\":{\"name\":\"Joachim Scholz\",\"@id\":\"https:\\\/\\\/paulinenaue.info\\\/#\\\/schema\\\/person\\\/3f9e818fd7b69b0d2bd937ac506897cc\"},\"headline\":\"Spendenaufruf f\u00fcr das Grab der Gebr\u00fcder Knauer\",\"datePublished\":\"2021-10-22T22:58:45+00:00\",\"dateModified\":\"2021-11-14T09:52:41+00:00\",\"mainEntityOfPage\":{\"@id\":\"https:\\\/\\\/paulinenaue.info\\\/index.php\\\/spendenaufruf-fuer-das-grab-der-gebrueder-knauer\\\/\"},\"wordCount\":978,\"commentCount\":2,\"image\":{\"@id\":\"https:\\\/\\\/paulinenaue.info\\\/index.php\\\/spendenaufruf-fuer-das-grab-der-gebrueder-knauer\\\/#primaryimage\"},\"thumbnailUrl\":\"https:\\\/\\\/paulinenaue.info\\\/wp-content\\\/uploads\\\/2021\\\/10\\\/2021-09-18-Grab-Knauers.jpg\",\"keywords\":[\"Arthur Knauer\",\"Gebr\u00fcder Knauer\",\"Havelland\",\"Pferdezucht\",\"Trabrennbahn\",\"Trabrennbahn Mariendorf\"],\"articleSection\":[\"Historie\",\"Kulturverein\",\"Neuigkeiten\",\"Vereine\"],\"inLanguage\":\"de\",\"potentialAction\":[{\"@type\":\"CommentAction\",\"name\":\"Comment\",\"target\":[\"https:\\\/\\\/paulinenaue.info\\\/index.php\\\/spendenaufruf-fuer-das-grab-der-gebrueder-knauer\\\/#respond\"]}]},{\"@type\":\"WebPage\",\"@id\":\"https:\\\/\\\/paulinenaue.info\\\/index.php\\\/spendenaufruf-fuer-das-grab-der-gebrueder-knauer\\\/\",\"url\":\"https:\\\/\\\/paulinenaue.info\\\/index.php\\\/spendenaufruf-fuer-das-grab-der-gebrueder-knauer\\\/\",\"name\":\"Spendenaufruf f\u00fcr das Grab der Gebr\u00fcder Knauer - Paulinenaue\",\"isPartOf\":{\"@id\":\"https:\\\/\\\/paulinenaue.info\\\/#website\"},\"primaryImageOfPage\":{\"@id\":\"https:\\\/\\\/paulinenaue.info\\\/index.php\\\/spendenaufruf-fuer-das-grab-der-gebrueder-knauer\\\/#primaryimage\"},\"image\":{\"@id\":\"https:\\\/\\\/paulinenaue.info\\\/index.php\\\/spendenaufruf-fuer-das-grab-der-gebrueder-knauer\\\/#primaryimage\"},\"thumbnailUrl\":\"https:\\\/\\\/paulinenaue.info\\\/wp-content\\\/uploads\\\/2021\\\/10\\\/2021-09-18-Grab-Knauers.jpg\",\"datePublished\":\"2021-10-22T22:58:45+00:00\",\"dateModified\":\"2021-11-14T09:52:41+00:00\",\"author\":{\"@id\":\"https:\\\/\\\/paulinenaue.info\\\/#\\\/schema\\\/person\\\/3f9e818fd7b69b0d2bd937ac506897cc\"},\"description\":\"Der Paulinenauer Kulturverein will den Grabstein der ber\u00fchmten Pferdez\u00fcchter Arthur und Arthur Knauer sanieren und ruft zu Spenden auf.\",\"breadcrumb\":{\"@id\":\"https:\\\/\\\/paulinenaue.info\\\/index.php\\\/spendenaufruf-fuer-das-grab-der-gebrueder-knauer\\\/#breadcrumb\"},\"inLanguage\":\"de\",\"potentialAction\":[{\"@type\":\"ReadAction\",\"target\":[\"https:\\\/\\\/paulinenaue.info\\\/index.php\\\/spendenaufruf-fuer-das-grab-der-gebrueder-knauer\\\/\"]}]},{\"@type\":\"ImageObject\",\"inLanguage\":\"de\",\"@id\":\"https:\\\/\\\/paulinenaue.info\\\/index.php\\\/spendenaufruf-fuer-das-grab-der-gebrueder-knauer\\\/#primaryimage\",\"url\":\"https:\\\/\\\/paulinenaue.info\\\/wp-content\\\/uploads\\\/2021\\\/10\\\/2021-09-18-Grab-Knauers.jpg\",\"contentUrl\":\"https:\\\/\\\/paulinenaue.info\\\/wp-content\\\/uploads\\\/2021\\\/10\\\/2021-09-18-Grab-Knauers.jpg\",\"width\":1000,\"height\":667,\"caption\":\"Die Gebr\u00fcder Arthur und Carl Knauer und Charlotte Quoo\u00df.\"},{\"@type\":\"BreadcrumbList\",\"@id\":\"https:\\\/\\\/paulinenaue.info\\\/index.php\\\/spendenaufruf-fuer-das-grab-der-gebrueder-knauer\\\/#breadcrumb\",\"itemListElement\":[{\"@type\":\"ListItem\",\"position\":1,\"name\":\"Home\",\"item\":\"https:\\\/\\\/paulinenaue.info\\\/\"},{\"@type\":\"ListItem\",\"position\":2,\"name\":\"Spendenaufruf f\u00fcr das Grab der Gebr\u00fcder Knauer\"}]},{\"@type\":\"WebSite\",\"@id\":\"https:\\\/\\\/paulinenaue.info\\\/#website\",\"url\":\"https:\\\/\\\/paulinenaue.info\\\/\",\"name\":\"Paulinenaue\",\"description\":\"Ein Dorf im Havelland\",\"potentialAction\":[{\"@type\":\"SearchAction\",\"target\":{\"@type\":\"EntryPoint\",\"urlTemplate\":\"https:\\\/\\\/paulinenaue.info\\\/?s={search_term_string}\"},\"query-input\":{\"@type\":\"PropertyValueSpecification\",\"valueRequired\":true,\"valueName\":\"search_term_string\"}}],\"inLanguage\":\"de\"},{\"@type\":\"Person\",\"@id\":\"https:\\\/\\\/paulinenaue.info\\\/#\\\/schema\\\/person\\\/3f9e818fd7b69b0d2bd937ac506897cc\",\"name\":\"Joachim Scholz\",\"url\":\"https:\\\/\\\/paulinenaue.info\\\/index.php\\\/author\\\/jjscholz\\\/\"}]}<\/script>\n<!-- \/ Yoast SEO plugin. -->","yoast_head_json":{"title":"Spendenaufruf f\u00fcr das Grab der Gebr\u00fcder Knauer - Paulinenaue","description":"Der Paulinenauer Kulturverein will den Grabstein der ber\u00fchmten Pferdez\u00fcchter Arthur und Arthur Knauer sanieren und ruft zu Spenden auf.","robots":{"index":"index","follow":"follow","max-snippet":"max-snippet:-1","max-image-preview":"max-image-preview:large","max-video-preview":"max-video-preview:-1"},"canonical":"https:\/\/paulinenaue.info\/index.php\/spendenaufruf-fuer-das-grab-der-gebrueder-knauer\/","og_locale":"de_DE","og_type":"article","og_title":"Spendenaufruf f\u00fcr das Grab der Gebr\u00fcder Knauer - Paulinenaue","og_description":"Der Paulinenauer Kulturverein will den Grabstein der ber\u00fchmten Pferdez\u00fcchter Arthur und Arthur Knauer sanieren und ruft zu Spenden auf.","og_url":"https:\/\/paulinenaue.info\/index.php\/spendenaufruf-fuer-das-grab-der-gebrueder-knauer\/","og_site_name":"Paulinenaue","article_published_time":"2021-10-22T22:58:45+00:00","article_modified_time":"2021-11-14T09:52:41+00:00","og_image":[{"width":1000,"height":667,"url":"https:\/\/i2.wp.com\/paulinenaue.info\/wp-content\/uploads\/2021\/10\/2021-09-18-Grab-Knauers.jpg?fit=1000%2C667&ssl=1","type":"image\/jpeg"}],"author":"Joachim Scholz","twitter_card":"summary_large_image","twitter_misc":{"Verfasst von":"Joachim Scholz","Gesch\u00e4tzte Lesezeit":"1\u00a0Minute"},"schema":{"@context":"https:\/\/schema.org","@graph":[{"@type":"Article","@id":"https:\/\/paulinenaue.info\/index.php\/spendenaufruf-fuer-das-grab-der-gebrueder-knauer\/#article","isPartOf":{"@id":"https:\/\/paulinenaue.info\/index.php\/spendenaufruf-fuer-das-grab-der-gebrueder-knauer\/"},"author":{"name":"Joachim Scholz","@id":"https:\/\/paulinenaue.info\/#\/schema\/person\/3f9e818fd7b69b0d2bd937ac506897cc"},"headline":"Spendenaufruf f\u00fcr das Grab der Gebr\u00fcder Knauer","datePublished":"2021-10-22T22:58:45+00:00","dateModified":"2021-11-14T09:52:41+00:00","mainEntityOfPage":{"@id":"https:\/\/paulinenaue.info\/index.php\/spendenaufruf-fuer-das-grab-der-gebrueder-knauer\/"},"wordCount":978,"commentCount":2,"image":{"@id":"https:\/\/paulinenaue.info\/index.php\/spendenaufruf-fuer-das-grab-der-gebrueder-knauer\/#primaryimage"},"thumbnailUrl":"https:\/\/paulinenaue.info\/wp-content\/uploads\/2021\/10\/2021-09-18-Grab-Knauers.jpg","keywords":["Arthur Knauer","Gebr\u00fcder Knauer","Havelland","Pferdezucht","Trabrennbahn","Trabrennbahn Mariendorf"],"articleSection":["Historie","Kulturverein","Neuigkeiten","Vereine"],"inLanguage":"de","potentialAction":[{"@type":"CommentAction","name":"Comment","target":["https:\/\/paulinenaue.info\/index.php\/spendenaufruf-fuer-das-grab-der-gebrueder-knauer\/#respond"]}]},{"@type":"WebPage","@id":"https:\/\/paulinenaue.info\/index.php\/spendenaufruf-fuer-das-grab-der-gebrueder-knauer\/","url":"https:\/\/paulinenaue.info\/index.php\/spendenaufruf-fuer-das-grab-der-gebrueder-knauer\/","name":"Spendenaufruf f\u00fcr das Grab der Gebr\u00fcder Knauer - Paulinenaue","isPartOf":{"@id":"https:\/\/paulinenaue.info\/#website"},"primaryImageOfPage":{"@id":"https:\/\/paulinenaue.info\/index.php\/spendenaufruf-fuer-das-grab-der-gebrueder-knauer\/#primaryimage"},"image":{"@id":"https:\/\/paulinenaue.info\/index.php\/spendenaufruf-fuer-das-grab-der-gebrueder-knauer\/#primaryimage"},"thumbnailUrl":"https:\/\/paulinenaue.info\/wp-content\/uploads\/2021\/10\/2021-09-18-Grab-Knauers.jpg","datePublished":"2021-10-22T22:58:45+00:00","dateModified":"2021-11-14T09:52:41+00:00","author":{"@id":"https:\/\/paulinenaue.info\/#\/schema\/person\/3f9e818fd7b69b0d2bd937ac506897cc"},"description":"Der Paulinenauer Kulturverein will den Grabstein der ber\u00fchmten Pferdez\u00fcchter Arthur und Arthur Knauer sanieren und ruft zu Spenden auf.","breadcrumb":{"@id":"https:\/\/paulinenaue.info\/index.php\/spendenaufruf-fuer-das-grab-der-gebrueder-knauer\/#breadcrumb"},"inLanguage":"de","potentialAction":[{"@type":"ReadAction","target":["https:\/\/paulinenaue.info\/index.php\/spendenaufruf-fuer-das-grab-der-gebrueder-knauer\/"]}]},{"@type":"ImageObject","inLanguage":"de","@id":"https:\/\/paulinenaue.info\/index.php\/spendenaufruf-fuer-das-grab-der-gebrueder-knauer\/#primaryimage","url":"https:\/\/paulinenaue.info\/wp-content\/uploads\/2021\/10\/2021-09-18-Grab-Knauers.jpg","contentUrl":"https:\/\/paulinenaue.info\/wp-content\/uploads\/2021\/10\/2021-09-18-Grab-Knauers.jpg","width":1000,"height":667,"caption":"Die Gebr\u00fcder Arthur und Carl Knauer und Charlotte Quoo\u00df."},{"@type":"BreadcrumbList","@id":"https:\/\/paulinenaue.info\/index.php\/spendenaufruf-fuer-das-grab-der-gebrueder-knauer\/#breadcrumb","itemListElement":[{"@type":"ListItem","position":1,"name":"Home","item":"https:\/\/paulinenaue.info\/"},{"@type":"ListItem","position":2,"name":"Spendenaufruf f\u00fcr das Grab der Gebr\u00fcder Knauer"}]},{"@type":"WebSite","@id":"https:\/\/paulinenaue.info\/#website","url":"https:\/\/paulinenaue.info\/","name":"Paulinenaue","description":"Ein Dorf im Havelland","potentialAction":[{"@type":"SearchAction","target":{"@type":"EntryPoint","urlTemplate":"https:\/\/paulinenaue.info\/?s={search_term_string}"},"query-input":{"@type":"PropertyValueSpecification","valueRequired":true,"valueName":"search_term_string"}}],"inLanguage":"de"},{"@type":"Person","@id":"https:\/\/paulinenaue.info\/#\/schema\/person\/3f9e818fd7b69b0d2bd937ac506897cc","name":"Joachim Scholz","url":"https:\/\/paulinenaue.info\/index.php\/author\/jjscholz\/"}]}},"jetpack_publicize_connections":[],"jetpack_featured_media_url":"https:\/\/paulinenaue.info\/wp-content\/uploads\/2021\/10\/2021-09-18-Grab-Knauers.jpg","jetpack_sharing_enabled":true,"jetpack_shortlink":"https:\/\/wp.me\/pcYhWA-1AX","jetpack-related-posts":[{"id":415648,"url":"https:\/\/paulinenaue.info\/index.php\/erweiterung-des-ortshistorischen-archivs\/","url_meta":{"origin":6135,"position":0},"title":"Erweiterung des ortshistorischen Archivs","author":"Joachim Scholz","date":"27. Dezember 2023","format":false,"excerpt":"Kulturverein erh\u00e4lt wertvolles Quellenmaterial zu den Gebr\u00fcdern Knauer Es gibt Spezialgebiete des Wissens und die dazu geh\u00f6renden Spezialisten. Das ist nicht nur in den Wissenschaften so, sondern auch im Pferdesport. Interessiert man sich zum Beispiel f\u00fcr die Geschichte des deutschen Trabrennsports, kommt man an Karl Dold nicht vorbei. \u00dcber Umwege\u2026","rel":"","context":"In &quot;Dorfentwicklung&quot;","block_context":{"text":"Dorfentwicklung","link":"https:\/\/paulinenaue.info\/index.php\/category\/dorfentwicklung\/"},"img":{"alt_text":"","src":"https:\/\/i0.wp.com\/paulinenaue.info\/wp-content\/uploads\/2023\/12\/1910-ca-Arthur-Knauer-Zeichnung-scaled.jpg?resize=350%2C200&ssl=1","width":350,"height":200,"srcset":"https:\/\/i0.wp.com\/paulinenaue.info\/wp-content\/uploads\/2023\/12\/1910-ca-Arthur-Knauer-Zeichnung-scaled.jpg?resize=350%2C200&ssl=1 1x, https:\/\/i0.wp.com\/paulinenaue.info\/wp-content\/uploads\/2023\/12\/1910-ca-Arthur-Knauer-Zeichnung-scaled.jpg?resize=525%2C300&ssl=1 1.5x, https:\/\/i0.wp.com\/paulinenaue.info\/wp-content\/uploads\/2023\/12\/1910-ca-Arthur-Knauer-Zeichnung-scaled.jpg?resize=700%2C400&ssl=1 2x, https:\/\/i0.wp.com\/paulinenaue.info\/wp-content\/uploads\/2023\/12\/1910-ca-Arthur-Knauer-Zeichnung-scaled.jpg?resize=1050%2C600&ssl=1 3x, https:\/\/i0.wp.com\/paulinenaue.info\/wp-content\/uploads\/2023\/12\/1910-ca-Arthur-Knauer-Zeichnung-scaled.jpg?resize=1400%2C800&ssl=1 4x"},"classes":[]},{"id":215195,"url":"https:\/\/paulinenaue.info\/index.php\/andenken-an-die-gebrueder-knauer\/","url_meta":{"origin":6135,"position":1},"title":"Andenken an die Gebr\u00fcder Knauer","author":"Joachim Scholz","date":"12. Juni 2022","format":false,"excerpt":"Paulinenaue feiert die Sanierung des Grabsteins der ber\u00fchmten Pferdez\u00fcchter Im Paulinenauer Kulturverein wurde hin und her \u00fcberlegt, ob nicht einer der frisch in den sanierten Grabstein geschlagenen Datumseintr\u00e4ge sich f\u00fcr die feierliche \u00dcbergabe eben dieses Steines eignen w\u00fcrde. Doch bis zum 150. Geburtstag von Arthur Knauer sind es noch zwei\u2026","rel":"","context":"In &quot;Bienenfarm&quot;","block_context":{"text":"Bienenfarm","link":"https:\/\/paulinenaue.info\/index.php\/category\/bienenfarm\/"},"img":{"alt_text":"","src":"https:\/\/i0.wp.com\/paulinenaue.info\/wp-content\/uploads\/2022\/06\/2022-06-12-Knauerehrung-03.jpeg?resize=350%2C200&ssl=1","width":350,"height":200,"srcset":"https:\/\/i0.wp.com\/paulinenaue.info\/wp-content\/uploads\/2022\/06\/2022-06-12-Knauerehrung-03.jpeg?resize=350%2C200&ssl=1 1x, https:\/\/i0.wp.com\/paulinenaue.info\/wp-content\/uploads\/2022\/06\/2022-06-12-Knauerehrung-03.jpeg?resize=525%2C300&ssl=1 1.5x, https:\/\/i0.wp.com\/paulinenaue.info\/wp-content\/uploads\/2022\/06\/2022-06-12-Knauerehrung-03.jpeg?resize=700%2C400&ssl=1 2x"},"classes":[]},{"id":900,"url":"https:\/\/paulinenaue.info\/index.php\/der-lindenhof-das-legendaere-gestuet-der-brueder-knauer-seltene-fotografien-aus-dem-jahre-1960\/","url_meta":{"origin":6135,"position":2},"title":"Der Lindenhof &#8211; das legend\u00e4re Gest\u00fct der Br\u00fcder Knauer. Seltene Fotografien aus dem Jahre 1960","author":"Sarah","date":"31. Januar 2004","format":false,"excerpt":"Text: Joachim Scholz (2004), Fotos: Manfred H\u00e4nsch (1960) Seit 1916 und bis in die 70er-Jahre des letzten Jahrhunderts bestand am Nordrand des Lindholzes hinter dem Kanal das von Carl und Arthur Knauer bewirtschaftete Gest\u00fct \u201eLindenhof\u201c. Durch kluge Zucht und als Ergebnis der Importpolitik beider Br\u00fcder brachte der Knauersche Hof bis\u2026","rel":"","context":"In &quot;Allgemein&quot;","block_context":{"text":"Allgemein","link":"https:\/\/paulinenaue.info\/index.php\/category\/allgemein\/"},"img":{"alt_text":"Knauerhof 1960","src":"https:\/\/i0.wp.com\/paulinenaue.info\/wp-content\/uploads\/2017\/06\/1960-Fru%CC%88hjahr-Knauerhof-Hengst-Ewald-01.jpg?resize=350%2C200&ssl=1","width":350,"height":200,"srcset":"https:\/\/i0.wp.com\/paulinenaue.info\/wp-content\/uploads\/2017\/06\/1960-Fru%CC%88hjahr-Knauerhof-Hengst-Ewald-01.jpg?resize=350%2C200&ssl=1 1x, https:\/\/i0.wp.com\/paulinenaue.info\/wp-content\/uploads\/2017\/06\/1960-Fru%CC%88hjahr-Knauerhof-Hengst-Ewald-01.jpg?resize=525%2C300&ssl=1 1.5x, https:\/\/i0.wp.com\/paulinenaue.info\/wp-content\/uploads\/2017\/06\/1960-Fru%CC%88hjahr-Knauerhof-Hengst-Ewald-01.jpg?resize=700%2C400&ssl=1 2x"},"classes":[]},{"id":416666,"url":"https:\/\/paulinenaue.info\/index.php\/arthur-knauer-150-jahre\/","url_meta":{"origin":6135,"position":3},"title":"Arthur Knauer \u2013\u00a0150 Jahre","author":"Joachim Scholz","date":"28. Juli 2024","format":false,"excerpt":"Unter den wenigen Paulinenauer Ber\u00fchmtheiten rangiert er weit vorn \u2013\u00a0und das, ohne Wissenschaftler gewesen zu sein! Die Rede ist von Arthur Knauer (1874\u20131964), der zur Zeit des Ersten Weltkrieges gemeinsam mit seinem Bruder Carl aus Berlin kommend in unser Dorf \u00fcbersiedelte, um auf dem frisch urbar gemachten Luchland eine Pferdezucht\u2026","rel":"","context":"In &quot;Ehrenamt&quot;","block_context":{"text":"Ehrenamt","link":"https:\/\/paulinenaue.info\/index.php\/category\/ehrenamt\/"},"img":{"alt_text":"","src":"https:\/\/i0.wp.com\/paulinenaue.info\/wp-content\/uploads\/2024\/07\/2024-07-28-Knauergrab-01.jpeg?resize=350%2C200&ssl=1","width":350,"height":200,"srcset":"https:\/\/i0.wp.com\/paulinenaue.info\/wp-content\/uploads\/2024\/07\/2024-07-28-Knauergrab-01.jpeg?resize=350%2C200&ssl=1 1x, https:\/\/i0.wp.com\/paulinenaue.info\/wp-content\/uploads\/2024\/07\/2024-07-28-Knauergrab-01.jpeg?resize=525%2C300&ssl=1 1.5x, https:\/\/i0.wp.com\/paulinenaue.info\/wp-content\/uploads\/2024\/07\/2024-07-28-Knauergrab-01.jpeg?resize=700%2C400&ssl=1 2x"},"classes":[]},{"id":6080,"url":"https:\/\/paulinenaue.info\/index.php\/die-pferde-haben-uns\/","url_meta":{"origin":6135,"position":4},"title":"Die Pferde haben uns!","author":"Joachim Scholz","date":"31. Januar 2009","format":false,"excerpt":"Die Paulinenauer Traberz\u00fcchter Arthur und Carl Knauer von Gerd von Ende \u201eEs war eine wilde Urgegend, wie die Hand der Natur sie gebildet hatte, ein Seitenst\u00fcck zu den Urw\u00e4ldern S\u00fcdamerikas, nur kleiner und nicht Wald, sondern Luch. Es zeigte damals in gro\u00dfer Ausdehnung, was kleinere Bruchfl\u00e4chen der Mark noch jetzt\u2026","rel":"","context":"In &quot;Allgemein&quot;","block_context":{"text":"Allgemein","link":"https:\/\/paulinenaue.info\/index.php\/category\/allgemein\/"},"img":{"alt_text":"Arthur Knauer mit Mutterstute Addie","src":"https:\/\/i0.wp.com\/paulinenaue.info\/wp-content\/uploads\/2009\/01\/knauer_arthur_addie_1927_02.jpg?resize=350%2C200&ssl=1","width":350,"height":200,"srcset":"https:\/\/i0.wp.com\/paulinenaue.info\/wp-content\/uploads\/2009\/01\/knauer_arthur_addie_1927_02.jpg?resize=350%2C200&ssl=1 1x, https:\/\/i0.wp.com\/paulinenaue.info\/wp-content\/uploads\/2009\/01\/knauer_arthur_addie_1927_02.jpg?resize=525%2C300&ssl=1 1.5x, https:\/\/i0.wp.com\/paulinenaue.info\/wp-content\/uploads\/2009\/01\/knauer_arthur_addie_1927_02.jpg?resize=700%2C400&ssl=1 2x"},"classes":[]},{"id":415702,"url":"https:\/\/paulinenaue.info\/index.php\/ehrengraeber-auf-dem-paulinenauer-friedhof\/","url_meta":{"origin":6135,"position":5},"title":"Ehrengr\u00e4ber auf dem Paulinenauer Friedhof","author":"Joachim Scholz","date":"14. Januar 2024","format":false,"excerpt":"Er ist einer der wenigen \u00f6ffentlichen Orte in Paulinenaue, an dem man zugleich etwas Sinnvolles tun, Leute treffen, sich erz\u00e4hlen und vielleicht sogar erholen kann: unser Friedhof. Selbst wenn niemand hier gerade harkt und hegt, ist man auf dem Friedhof Verwandten, Nachbarn und Freunden nah. Je l\u00e4nger man lebt, desto\u2026","rel":"","context":"In &quot;Dorfentwicklung&quot;","block_context":{"text":"Dorfentwicklung","link":"https:\/\/paulinenaue.info\/index.php\/category\/dorfentwicklung\/"},"img":{"alt_text":"","src":"https:\/\/i0.wp.com\/paulinenaue.info\/wp-content\/uploads\/2024\/01\/2021-09-18-Grabstelle-Ramsauer.jpeg?resize=350%2C200&ssl=1","width":350,"height":200,"srcset":"https:\/\/i0.wp.com\/paulinenaue.info\/wp-content\/uploads\/2024\/01\/2021-09-18-Grabstelle-Ramsauer.jpeg?resize=350%2C200&ssl=1 1x, https:\/\/i0.wp.com\/paulinenaue.info\/wp-content\/uploads\/2024\/01\/2021-09-18-Grabstelle-Ramsauer.jpeg?resize=525%2C300&ssl=1 1.5x, https:\/\/i0.wp.com\/paulinenaue.info\/wp-content\/uploads\/2024\/01\/2021-09-18-Grabstelle-Ramsauer.jpeg?resize=700%2C400&ssl=1 2x"},"classes":[]}],"_links":{"self":[{"href":"https:\/\/paulinenaue.info\/index.php\/wp-json\/wp\/v2\/posts\/6135","targetHints":{"allow":["GET"]}}],"collection":[{"href":"https:\/\/paulinenaue.info\/index.php\/wp-json\/wp\/v2\/posts"}],"about":[{"href":"https:\/\/paulinenaue.info\/index.php\/wp-json\/wp\/v2\/types\/post"}],"author":[{"embeddable":true,"href":"https:\/\/paulinenaue.info\/index.php\/wp-json\/wp\/v2\/users\/1"}],"replies":[{"embeddable":true,"href":"https:\/\/paulinenaue.info\/index.php\/wp-json\/wp\/v2\/comments?post=6135"}],"version-history":[{"count":26,"href":"https:\/\/paulinenaue.info\/index.php\/wp-json\/wp\/v2\/posts\/6135\/revisions"}],"predecessor-version":[{"id":6333,"href":"https:\/\/paulinenaue.info\/index.php\/wp-json\/wp\/v2\/posts\/6135\/revisions\/6333"}],"wp:featuredmedia":[{"embeddable":true,"href":"https:\/\/paulinenaue.info\/index.php\/wp-json\/wp\/v2\/media\/6136"}],"wp:attachment":[{"href":"https:\/\/paulinenaue.info\/index.php\/wp-json\/wp\/v2\/media?parent=6135"}],"wp:term":[{"taxonomy":"category","embeddable":true,"href":"https:\/\/paulinenaue.info\/index.php\/wp-json\/wp\/v2\/categories?post=6135"},{"taxonomy":"post_tag","embeddable":true,"href":"https:\/\/paulinenaue.info\/index.php\/wp-json\/wp\/v2\/tags?post=6135"}],"curies":[{"name":"wp","href":"https:\/\/api.w.org\/{rel}","templated":true}]}}