{"id":6248,"date":"2021-10-31T01:57:22","date_gmt":"2021-10-30T23:57:22","guid":{"rendered":"https:\/\/paulinenaue.info\/?p=6248"},"modified":"2024-02-04T12:45:28","modified_gmt":"2024-02-04T11:45:28","slug":"100-jahre-friedhof-paulinenaue","status":"publish","type":"post","link":"https:\/\/paulinenaue.info\/index.php\/100-jahre-friedhof-paulinenaue\/","title":{"rendered":"100 Jahre Friedhof Paulinenaue"},"content":{"rendered":"<p><em>Vortrag anl\u00e4sslich der Gedenkveranstaltung am 2. Oktober 2021, von Joachim Scholz<\/em><\/p>\n<p>Ein seltener und auch etwas seltsamer Anlass f\u00fchrt uns heute auf den Paulinenauer Friedhof. Der Friedhof hat sozusagen Geburtstag. 100 Jahre Friedhof: Wie begeht man so einen Anlass? Soll man ihn \u00fcberhaupt begehen? Ich bin froh, dass unser Pfarrer Michael Jurk, als ich ihm die Frage stellte und den Vorschlag zu dieser Veranstaltung machte, sofort dabei war, dieses Datum hier feierlich zu begehen. Begehen im wahrsten Sinne des Wortes, denn im Anschluss werden wir \u00fcber den Friedhof gehen und an einigen besonderen Gr\u00e4bern Halt machen. Wir wollen den Friedhof heute als ein Denkmal behandeln und einmal fragen: Wie ist seine Geschichte, was erz\u00e4hlen seine Gr\u00e4ber? Ich hatte vor, Ihnen in meinem kleinen Einleitungsvortrag einige Geschichten aus den 100 Jahren zu erz\u00e4hlen, in denen der Paulinenauer Friedhof besteht. Es w\u00e4re eine sch\u00f6ne Gelegenheit, dachte ich, dabei an einige besondere Paulinenauer\/innen zu erinnern. Aber ich habe festgestellt, dass die eingeplante Zeit schon fast ausgesch\u00f6pft war, ohne dass ich in meiner Erz\u00e4hlung weit \u00fcber das Er\u00f6ffnungsdatum des Friedhofs hinausgekommen w\u00e4re. Es sind einfach <em>zu viele<\/em> Geschichten. Deshalb konzentriere ich mich im Folgenden auf die Zeit vor 100 Jahren und auf die Frage, wie es damals zur Anlegung des Paulinenauer Friedhofs kam. Danach ein kurzer Ausblick und dann gehen wir \u00fcber den Friedhof und machen Halt an einigen wichtigen Gr\u00e4bern.<\/p>\n<div id=\"attachment_6250\" style=\"width: 610px\" class=\"wp-caption alignnone\"><a href=\"https:\/\/paulinenaue.info\/wp-content\/uploads\/2021\/10\/2021-09-18-Friedhof-Paulinenaue.jpg\"><img decoding=\"async\" aria-describedby=\"caption-attachment-6250\" data-attachment-id=\"6250\" data-permalink=\"https:\/\/paulinenaue.info\/index.php\/100-jahre-friedhof-paulinenaue\/friedhof-paulinenaue-4\/\" data-orig-file=\"https:\/\/paulinenaue.info\/wp-content\/uploads\/2021\/10\/2021-09-18-Friedhof-Paulinenaue.jpg\" data-orig-size=\"1000,667\" data-comments-opened=\"1\" data-image-meta=\"{&quot;aperture&quot;:&quot;4&quot;,&quot;credit&quot;:&quot;&quot;,&quot;camera&quot;:&quot;DSC-RX10&quot;,&quot;caption&quot;:&quot;&quot;,&quot;created_timestamp&quot;:&quot;1631962394&quot;,&quot;copyright&quot;:&quot;&quot;,&quot;focal_length&quot;:&quot;13.37&quot;,&quot;iso&quot;:&quot;125&quot;,&quot;shutter_speed&quot;:&quot;0.003125&quot;,&quot;title&quot;:&quot;Friedhof Paulinenaue&quot;,&quot;orientation&quot;:&quot;1&quot;}\" data-image-title=\"Friedhof Paulinenaue\" data-image-description=\"&lt;p&gt;Der Paulinenauer Friedhof im September 2021&lt;\/p&gt;\n\" data-image-caption=\"&lt;p&gt;Der Paulinenauer Friedhof. Foto: J. Scholz, 2021 &lt;\/p&gt;\n\" data-large-file=\"https:\/\/paulinenaue.info\/wp-content\/uploads\/2021\/10\/2021-09-18-Friedhof-Paulinenaue.jpg\" class=\"lazyload size-fusion-600 wp-image-6250\" src=\"https:\/\/paulinenaue.info\/wp-content\/uploads\/2021\/10\/2021-09-18-Friedhof-Paulinenaue-600x400.jpg\" data-orig-src=\"https:\/\/paulinenaue.info\/wp-content\/uploads\/2021\/10\/2021-09-18-Friedhof-Paulinenaue-600x400.jpg\" alt=\"Friedhof Paulinenaue\" width=\"600\" height=\"400\" srcset=\"data:image\/svg+xml,%3Csvg%20xmlns%3D%27http%3A%2F%2Fwww.w3.org%2F2000%2Fsvg%27%20width%3D%27600%27%20height%3D%27400%27%20viewBox%3D%270%200%20600%20400%27%3E%3Crect%20width%3D%27600%27%20height%3D%27400%27%20fill-opacity%3D%220%22%2F%3E%3C%2Fsvg%3E\" data-srcset=\"https:\/\/paulinenaue.info\/wp-content\/uploads\/2021\/10\/2021-09-18-Friedhof-Paulinenaue-200x133.jpg 200w, https:\/\/paulinenaue.info\/wp-content\/uploads\/2021\/10\/2021-09-18-Friedhof-Paulinenaue-300x200.jpg 300w, https:\/\/paulinenaue.info\/wp-content\/uploads\/2021\/10\/2021-09-18-Friedhof-Paulinenaue-400x267.jpg 400w, https:\/\/paulinenaue.info\/wp-content\/uploads\/2021\/10\/2021-09-18-Friedhof-Paulinenaue-600x400.jpg 600w, https:\/\/paulinenaue.info\/wp-content\/uploads\/2021\/10\/2021-09-18-Friedhof-Paulinenaue-768x512.jpg 768w, https:\/\/paulinenaue.info\/wp-content\/uploads\/2021\/10\/2021-09-18-Friedhof-Paulinenaue-800x534.jpg 800w, https:\/\/paulinenaue.info\/wp-content\/uploads\/2021\/10\/2021-09-18-Friedhof-Paulinenaue.jpg 1000w\" data-sizes=\"auto\" data-orig-sizes=\"(max-width: 600px) 100vw, 600px\" \/><\/a><p id=\"caption-attachment-6250\" class=\"wp-caption-text\">Der Paulinenauer Friedhof heute. Foto: J. Scholz, 2021<\/p><\/div>\n<p>Paulinenaue gibt es als ,Paulinenaue\u2018 seit 1833. Davor war es eine unbedeutende Meierei. Wenn so ein Dorf neu entsteht, dann braucht es nicht lange, bis auch ein Friedhof ben\u00f6tigt wird. In Paulinenaue dauerte es etwa eine Generation, bis das Friedhofs-Problem zum ersten Mal aktenkundig wurde. Das war gegen Ende der 1860er-Jahre. Damals hatte sich die Eisenbahn schon im Ort etabliert. F\u00fcr die Armenvorsorge war aber der (Pessiner) Gutsherr Curt von Knoblauch zust\u00e4ndig. Ihn st\u00f6rte die Vorstellung, dass er vielleicht auch einmal f\u00fcr Bahnerfamilien w\u00fcrde aufkommen m\u00fcssen, wenn die in Geldschwierigkeiten k\u00e4men. 13 Bahnerfamilien gab es damals immerhin schon. Curt von Knoblauch wollte also, dass sich die Eisenbahn an den kommunalen Pflichten beteiligt und machte der Bahn folgendes Angebot:<\/p>\n<p>F\u00fcr den Fall, dass die Bahn die Verantwortung f\u00fcr die eigenen Beamten \u00fcbernimmt, \u201ewerde er einen Begr\u00e4bni\u00dfplatz f\u00fcr die s\u00e4mmtlichen Einwohner von Paulinenaue unentgeltlich hergeben und einrichten, entgegengesetzten Falles k\u00f6nne er sich nicht hierzu verstehen\u201c und er w\u00fcrde sogar in Zukunft alle weiteren Bauvorhaben der Bahn in Paulinenaue blockieren, so Curt von Knoblauch. \u2013 Die Bahn lehnte ab.<\/p>\n<p>Viele Bahnbauten entstanden in der Folgezeit in Paulinenaue, aber auf einen eigenen Friedhof mussten die Paulinenauer noch mehr als f\u00fcnfzig Jahre warten. Ihre Toten begruben sie im Nachbardorf Selbelang. Noch heute findet man hier in einem abgetrennten, sehr romantischen Teil des Friedhofs alte Grabst\u00e4tten und dort gibt es auch Gr\u00e4ber von Paulinenauern. Ein Stein ist ein echtes Paulinenauer Denkmal. Es handelt sich um die Ruhest\u00e4tte der 1918 im Alter von 26 Jahren gestorbene Minna K\u00e4ding, eine geborene Boddin. Die Familie kennt man in Paulinenaue. Im selben Grab ruht auch Minnas kleine Tochter Elfriede. Die Geschichte des traurigen Doppeltodesfalles hat sich nicht nur auf dem Grabstein erhalten. Der Retzower Pfarrer Martin Koch, der in der Zeit des Ersten Weltkriegs f\u00fcr die Soldaten der heimatlichen Kirchspiele eine Zeitung herausgab, hielt darin fest, dass \u201eein recht schmerzlicher Todesfall aus Paulinenaue zu melden\u201c sei.<\/p>\n<blockquote><p>\u201eFrau Minna K\u00e4ding verstarb am 24.4., nachdem sie am 26.3. ihrer ersten Tochter das Leben geschenkt hatte. Der Ehemann Feldgendarm Paul K\u00e4ding konnte noch zum Begr\u00e4bnis herankommen, um der Taufe seines Kindes am Sarge seiner lieben, jungen Frau beizuwohnen. Die beiden Familien Boddin und K\u00e4ding, denen der Krieg schon schmerzliche Trauer gebracht hat, [Pauls j\u00fcngerer Bruder Otto war ein Jahr zuvor in Frankreich gefallen, J.S.] sind schwer getroffen.\u201c<\/p><\/blockquote>\n<p>Paul war also zur Beerdigung seiner Frau und zur Taufe seiner Tochter gekommen. Aber die kleine Elfriede \u00fcberlebte ihre Mutter nur um Wochen. Auch ihren Tod vermerkte der Pfarrer nicht ohne R\u00fchrung: \u201ePaul K\u00e4ding hat nach seiner jungen Frau bald auch sein T\u00f6chterchen hergeben m\u00fcssen. Dasselbe starb am 27.6. im Hause der Gro\u00dfeltern Boddin, die es neben seiner Mutter schmerzbewegt in die Erde senkten.\u201c<\/p>\n<div id=\"attachment_6254\" style=\"width: 610px\" class=\"wp-caption alignnone\"><a href=\"https:\/\/paulinenaue.info\/wp-content\/uploads\/2021\/10\/2021-09-25-Grabstein-Minna-Ka\u0308ding.jpg\"><img decoding=\"async\" aria-describedby=\"caption-attachment-6254\" data-attachment-id=\"6254\" data-permalink=\"https:\/\/paulinenaue.info\/index.php\/100-jahre-friedhof-paulinenaue\/friedhof-selbelang\/\" data-orig-file=\"https:\/\/paulinenaue.info\/wp-content\/uploads\/2021\/10\/2021-09-25-Grabstein-Minna-Ka\u0308ding.jpg\" data-orig-size=\"1000,667\" data-comments-opened=\"1\" data-image-meta=\"{&quot;aperture&quot;:&quot;2.8&quot;,&quot;credit&quot;:&quot;&quot;,&quot;camera&quot;:&quot;DSC-RX10&quot;,&quot;caption&quot;:&quot;&quot;,&quot;created_timestamp&quot;:&quot;1632570061&quot;,&quot;copyright&quot;:&quot;&quot;,&quot;focal_length&quot;:&quot;8.81&quot;,&quot;iso&quot;:&quot;125&quot;,&quot;shutter_speed&quot;:&quot;0.033333333333333&quot;,&quot;title&quot;:&quot;Friedhof Selbelang&quot;,&quot;orientation&quot;:&quot;1&quot;}\" data-image-title=\"Friedhof Selbelang\" data-image-description=\"&lt;p&gt;Ein Paulinenauer Grab auf dem Friedhof von Selbelang. Es geh\u00f6rt Minna K\u00e4ding und ihrem T\u00f6chterchen Elfriede. &lt;\/p&gt;\n\" data-image-caption=\"&lt;p&gt;Ein Paulinenauer Grab auf dem Friedhof von Selbelang. Es geh\u00f6rt Minna K\u00e4ding und ihrem T\u00f6chterchen Elfriede. Foto: J. Scholz, 2021.&lt;\/p&gt;\n\" data-large-file=\"https:\/\/paulinenaue.info\/wp-content\/uploads\/2021\/10\/2021-09-25-Grabstein-Minna-Ka\u0308ding.jpg\" class=\"lazyload size-fusion-600 wp-image-6254\" src=\"https:\/\/paulinenaue.info\/wp-content\/uploads\/2021\/10\/2021-09-25-Grabstein-Minna-Ka\u0308ding-600x400.jpg\" data-orig-src=\"https:\/\/paulinenaue.info\/wp-content\/uploads\/2021\/10\/2021-09-25-Grabstein-Minna-Ka\u0308ding-600x400.jpg\" alt=\"Grab Minna K\u00e4ding\" width=\"600\" height=\"400\" srcset=\"data:image\/svg+xml,%3Csvg%20xmlns%3D%27http%3A%2F%2Fwww.w3.org%2F2000%2Fsvg%27%20width%3D%27600%27%20height%3D%27400%27%20viewBox%3D%270%200%20600%20400%27%3E%3Crect%20width%3D%27600%27%20height%3D%27400%27%20fill-opacity%3D%220%22%2F%3E%3C%2Fsvg%3E\" data-srcset=\"https:\/\/paulinenaue.info\/wp-content\/uploads\/2021\/10\/2021-09-25-Grabstein-Minna-Ka\u0308ding-200x133.jpg 200w, https:\/\/paulinenaue.info\/wp-content\/uploads\/2021\/10\/2021-09-25-Grabstein-Minna-Ka\u0308ding-300x200.jpg 300w, https:\/\/paulinenaue.info\/wp-content\/uploads\/2021\/10\/2021-09-25-Grabstein-Minna-Ka\u0308ding-400x267.jpg 400w, https:\/\/paulinenaue.info\/wp-content\/uploads\/2021\/10\/2021-09-25-Grabstein-Minna-Ka\u0308ding-600x400.jpg 600w, https:\/\/paulinenaue.info\/wp-content\/uploads\/2021\/10\/2021-09-25-Grabstein-Minna-Ka\u0308ding-768x512.jpg 768w, https:\/\/paulinenaue.info\/wp-content\/uploads\/2021\/10\/2021-09-25-Grabstein-Minna-Ka\u0308ding-800x534.jpg 800w, https:\/\/paulinenaue.info\/wp-content\/uploads\/2021\/10\/2021-09-25-Grabstein-Minna-Ka\u0308ding.jpg 1000w\" data-sizes=\"auto\" data-orig-sizes=\"(max-width: 600px) 100vw, 600px\" \/><\/a><p id=\"caption-attachment-6254\" class=\"wp-caption-text\"><em>Ein Paulinenauer Grab auf dem Friedhof von Selbelang. Es geh\u00f6rt Minna K\u00e4ding und ihrem T\u00f6chterchen Elfriede und ist \u00fcber 100 Jahre alt. Foto: J. Scholz, 2021.<\/em><\/p><\/div>\n<p>Die Gro\u00dfeltern Gustav und Minna Boddin lebten nach diesen Widerfahrnissen noch 15 bzw. 25 Jahre. Ihre Grabstelle z\u00e4hlte bis vor kurzem zu den \u00e4ltesten in Paulinenaue. Nur einige wenige Jahre und die Familie h\u00e4tte nicht in zwei unterschiedlichen D\u00f6rfern ihre Ruhest\u00e4tten finden m\u00fcssen. Im Juli 1921 n\u00e4mlich beantragten die Kirchen\u00e4ltesten die Einrichtung eines Begr\u00e4bnisplatzes in Paulinenaue. Der Landrat \u00fcbermittelte kurz darauf nach Potsdam, dass der Zustand, dass \u201edie Leichen von Paulinenaue in der 7 km entfernt liegenden Gemeinde Selbelang beerdigt [werden, JS], auf Dauer unhaltbar [sei], soda\u00df die Anlage eines besonderen Begr\u00e4bnisplatzes in Paulinenaue dringendes Bed\u00fcrfnis ist.\u201c<\/p>\n<p>Wahrscheinlich handelte es sich bei dem Antrag um eine reine Formalie. Denn als der Brief Ende August 1921 beantwortet wurde, war das erste Paulinenauer Grab schon belegt. Die \u00e4lteren von Ihnen kennen vielleicht noch den Paulinenauer Lehrer Ernst Richter. \u00dcber ihn k\u00f6nnte man viel erz\u00e4hlen. Er hat in der Ortsgeschichte so einige Spuren hinterlassen. Dass seine Frau und er \u201eohne Geleit\u201c (also ganz alleine) ihr im Alter von gerade f\u00fcnf Tagen verstorbenes T\u00f6chterchen Gisela am 19. August 1921 auf dem noch ganz leeren Paulinenauer Friedhof zu Grabe tragen mussten, ber\u00fchrt noch heute. Wie muss das vorgegangen sein? Nicht mehr als der Vermerk \u201eKindergr\u00e4ber Nr. 1\u201c steht dazu im Kirchenbuch.<\/p>\n<div id=\"attachment_5983\" style=\"width: 610px\" class=\"wp-caption alignnone\"><a href=\"https:\/\/paulinenaue.info\/wp-content\/uploads\/2021\/08\/o.D.-Kindergrab-von-Ursula-Richter-1921-01.jpg\"><img decoding=\"async\" aria-describedby=\"caption-attachment-5983\" data-attachment-id=\"5983\" data-permalink=\"https:\/\/paulinenaue.info\/index.php\/event\/100-jahre-friedhof-paulinenaue-geschichte-und-gedenken\/o-d-kindergrab-von-ursula-richter-1921-01\/\" data-orig-file=\"https:\/\/paulinenaue.info\/wp-content\/uploads\/2021\/08\/o.D.-Kindergrab-von-Ursula-Richter-1921-01.jpg\" data-orig-size=\"1877,1411\" data-comments-opened=\"1\" data-image-meta=\"{&quot;aperture&quot;:&quot;0&quot;,&quot;credit&quot;:&quot;&quot;,&quot;camera&quot;:&quot;&quot;,&quot;caption&quot;:&quot;&quot;,&quot;created_timestamp&quot;:&quot;0&quot;,&quot;copyright&quot;:&quot;&quot;,&quot;focal_length&quot;:&quot;0&quot;,&quot;iso&quot;:&quot;0&quot;,&quot;shutter_speed&quot;:&quot;0&quot;,&quot;title&quot;:&quot;&quot;,&quot;orientation&quot;:&quot;1&quot;}\" data-image-title=\"o.D., Kindergrab von Ursula Richter (1921), 01\" data-image-description=\"&lt;p&gt;Das erste Grab auf dem Paulinenauer Friedhof war ein Kindergrab. &lt;\/p&gt;\n\" data-image-caption=\"&lt;p&gt;Das erste Grab auf dem Paulinenauer Friedhof war ein Kindergrab. Foto: G. Drasch\u00e9, o.D.&lt;\/p&gt;\n\" data-large-file=\"https:\/\/paulinenaue.info\/wp-content\/uploads\/2021\/08\/o.D.-Kindergrab-von-Ursula-Richter-1921-01-1024x770.jpg\" class=\"lazyload size-fusion-600 wp-image-5983\" src=\"https:\/\/paulinenaue.info\/wp-content\/uploads\/2021\/08\/o.D.-Kindergrab-von-Ursula-Richter-1921-01-600x451.jpg\" data-orig-src=\"https:\/\/paulinenaue.info\/wp-content\/uploads\/2021\/08\/o.D.-Kindergrab-von-Ursula-Richter-1921-01-600x451.jpg\" alt=\"Gisela Richter\" width=\"600\" height=\"451\" srcset=\"data:image\/svg+xml,%3Csvg%20xmlns%3D%27http%3A%2F%2Fwww.w3.org%2F2000%2Fsvg%27%20width%3D%27600%27%20height%3D%27451%27%20viewBox%3D%270%200%20600%20451%27%3E%3Crect%20width%3D%27600%27%20height%3D%27451%27%20fill-opacity%3D%220%22%2F%3E%3C%2Fsvg%3E\" data-srcset=\"https:\/\/paulinenaue.info\/wp-content\/uploads\/2021\/08\/o.D.-Kindergrab-von-Ursula-Richter-1921-01-200x150.jpg 200w, https:\/\/paulinenaue.info\/wp-content\/uploads\/2021\/08\/o.D.-Kindergrab-von-Ursula-Richter-1921-01-300x226.jpg 300w, https:\/\/paulinenaue.info\/wp-content\/uploads\/2021\/08\/o.D.-Kindergrab-von-Ursula-Richter-1921-01-400x301.jpg 400w, https:\/\/paulinenaue.info\/wp-content\/uploads\/2021\/08\/o.D.-Kindergrab-von-Ursula-Richter-1921-01-600x451.jpg 600w, https:\/\/paulinenaue.info\/wp-content\/uploads\/2021\/08\/o.D.-Kindergrab-von-Ursula-Richter-1921-01-768x577.jpg 768w, https:\/\/paulinenaue.info\/wp-content\/uploads\/2021\/08\/o.D.-Kindergrab-von-Ursula-Richter-1921-01-800x601.jpg 800w, https:\/\/paulinenaue.info\/wp-content\/uploads\/2021\/08\/o.D.-Kindergrab-von-Ursula-Richter-1921-01-1024x770.jpg 1024w, https:\/\/paulinenaue.info\/wp-content\/uploads\/2021\/08\/o.D.-Kindergrab-von-Ursula-Richter-1921-01-1200x902.jpg 1200w, https:\/\/paulinenaue.info\/wp-content\/uploads\/2021\/08\/o.D.-Kindergrab-von-Ursula-Richter-1921-01-1536x1155.jpg 1536w, https:\/\/paulinenaue.info\/wp-content\/uploads\/2021\/08\/o.D.-Kindergrab-von-Ursula-Richter-1921-01.jpg 1877w\" data-sizes=\"auto\" data-orig-sizes=\"(max-width: 600px) 100vw, 600px\" \/><\/a><p id=\"caption-attachment-5983\" class=\"wp-caption-text\"><em>Das erste Grab auf dem Paulinenauer Friedhof war ein Kindergrab. Foto: G. Drasch\u00e9, o.D.<\/em><\/p><\/div>\n<p>Zwei Monate blieb die kleine Gisela allein hier liegen, bis der Torfgr\u00e4ber Emil Ebert im Oktober 1921 das \u201eErwachsenengrab Nr. 1\u201c erhielt. Er war von der Kleinbahn \u00fcberfahren worden. In der Zwischenzeit war unter der Bedingung, dass eine kleine Leichenhalle errichtet werde, dem Antrag des Landrats stattgegeben worden und schon im Dezember 1921 war der Friedhof so weit hergestellt, dass er, wie der Landrat schreibt, \u201ejetzt in Benutzung genommen werden kann. Die Umz\u00e4unung soll im Laufe des Winters erfolgen.\u201c Und weil auch auf dem Feld der Ewigkeit alles geregelt zugehen muss, schlie\u00dft er seinen Brief an die Regierung in Potsdam mit den Worten: \u201eEs wird sodann auch eine Begr\u00e4bnisordnung eingereicht werden.\u201c<\/p>\n<p>Ein letzter Brief aus den Anfangstagen sei erw\u00e4hnt. Pfarrer Koch als Vorsitzender des Gemeindekirchenrates setzte ihn am 1. Mai 1922 auf. Er berichtet darin vom vorl\u00e4ufigen Abschluss einer Angelegenheit, die sich zuletzt doch in trauter Einigkeit zwischen Bahn und Gutsverwaltung vollzogen hatte:<\/p>\n<blockquote><p>\u201eDer Begr\u00e4bnisplatz in Paulinenaue ist fertig hergerichtet. Umfangreiche Erdarbeiten waren n\u00f6tig, um den Platz einzuebnen und einen etwa 300 m langen Zufahrtsweg zu schaffen und zu bepflanzen. Anerkennend m\u00f6chte ich hervorheben, da\u00df s\u00e4mtliche Arbeiten an Hand- und Spanndiensten von den Einwohnern unentgeldlich und freiwillig geleistet sind. Besonders haben sich die Eisenbahnangestellten beteiligt. Der Oberbahnmeister hatte die technische Leitung. Die Pfosten der Umwehrung sind von der Gutsverwaltung geschenkt. Der Platz ist im Herbst vorigen Jahres in Benutzung genommen und bereits mit einigen Gr\u00e4bern belegt.\u201c<\/p><\/blockquote>\n<p>Ob allerdings der Plan umgesetzt wurde, den Koch abschlie\u00dfend nennt, ist aus den Akten leider nicht zu erfahren:\u201eWir sind dabei, die \u00dcberlassung eines alten Eisenbahnwagens zu beantragen und denselben so umzubauen, da\u00df er vorl\u00e4ufig als Leichenhalle dienen kann.\u201c\u00a0Was h\u00e4tte wohl Curt von Knoblauch dazu gesagt, dass seine Paulinenauer einmal so stark mit der Eisenbahn verbunden sein w\u00fcrden? Das also war ein Einblick in die Anf\u00e4nge des Paulinenauer Friedhofes. Sie sehen schon, wie viele Geschichten allein \u00fcber diese erste Zeit erz\u00e4hlt werden k\u00f6nnen. Und es wird einem mulmig, wenn man an die vielen denkt, die seither ihre letzte Ruhest\u00e4tte hier gefunden haben und noch finden werden. Etliche sind vergessen oder werden langsam vergessen. Die Geschichte vom Tod fast einer ganzen Paulinenauer Familie, die 1945 an einer Knollenbl\u00e4tterpilzvergiftung starb (die Stellmacherfamilie Hennig, darunter auch das kleine f\u00fcnfj\u00e4hrige Peterle), kennen manche \u00c4ltere noch, meist aber nur aus Erz\u00e4hlungen und Verboten der eigenen Eltern. Ich habe von einigen Paulinenauerinnen geh\u00f6rt, denen das Pilzesammeln und -essen als direkte Folge dieser Geschichte von ihren Eltern strikt verboten worden war.<\/p>\n<p>Dass f\u00fcnf Jahre zuvor (1940) sich in Paulinenaue eine Trag\u00f6die abspielte, die viele Menschenleben kostete, wusste nicht einmal mehr Karl Weirauch, denn der war damals im Krieg. Und auch die Nazizeitung, die die Umsiedlung von Wolhyniendeutschen damals als \u201eHeim-Ins-Reich\u201c-Aktion verkl\u00e4rte, schwieg sich \u00fcber die tragische Dimension dieses Ereignisses aus. Das Kirchenbuch listet insgesamt sieben in diesen Tagen auf dem Paulinenauer Friedhof bestattete Kinder auf, das \u00e4lteste von ihnen war gerade drei Jahre alt. Pfarrer Pachali hielt damals fest:<\/p>\n<blockquote><p>\u201eIn der Nacht vom 12. zum 13. Februar trafen in Paulinenaue achthundert Wolhyniendeutsche ein, [Paulinenaue hatte zu dieser Zeit nur ca. 700 Einwohner, JS] die infolge des Umsiedelungsvertrages zwischen Deutschland und der russischen Sowjetunion ihre Wohnsitze verlie\u00dfen, um unter deutscher Herrschaft eine neue Heimat zu finden. Je 400 wurden in dem bisherigen Arbeits-Dienstlager Bienenfarm und Jahnberge (bei Mangelshorst) untergebracht, dabei herrschte bittere K\u00e4lte. Transportwagen der Wehrmacht besorgten die Bef\u00f6rderung vom Bahnhof Paulinenaue zu den beiden Lagern. In dem jetzt russischen Gebiet des ehemaligen Polens reisten diese Wolhyniendeutschen auf ihren eigenen Fahrzeugen, Leiterwagen und dergl., dann wurden sie mit der Bahn bef\u00f6rdert. Den Anstrengungen und der K\u00e4lte \u2013 wir hatten fast f\u00fcnf Wochen lang immer wieder minus 25 Grad \u2013, die dort noch strenger war als hier, konnten diese Kinder nicht widerstehen. Sie bekamen alle Lungenentz\u00fcndung, ein f\u00fcnftes Kind ist im Krankenhaus Friesack verstorben. Die V\u00e4ter dieser Kinder sind noch an der Grenze.\u201c<\/p><\/blockquote>\n<p>Nein, es sind in der Regel keine lustigen Geschichten, die \u00fcber den Friedhof erz\u00e4hlt werden k\u00f6nnen. Aber \u00fcber eine Geschichte, die mir selbst hier einmal passiert ist, muss ich doch immer wieder lachen.<\/p>\n<p>Ich interessiere mich ja schon seit Langem f\u00fcr die Paulinenauer Ortsgeschichte. Vor einigen Jahren hatte ich mir einmal in den Kopf gesetzt, alle Paulinenauer Grabsteine zu fotografieren. Es war Winter, ich war ganz allein auf dem Friedhof. Der Schnee war frisch gefallen und so stapfte ich von Grab zu Grab, bis ich endlich alle Grabsteine im Kasten hatte. Am Ausgang begegnete mir dann eine \u00e4ltere Frau: \u201eNa, Achim, hast du die Omi besucht?\u201c. Was sollte ich sagen? Ich bejahte nat\u00fcrlich und sie glaubte mir. W\u00e4re sie aber meinen Spuren im Schnee gefolgt, h\u00e4tte sie bemerkt, dass ich <em>an jedem Grab<\/em> gestanden hatte, au\u00dfer an dem meiner Oma, denn von ihrem Grab hatte ich schon genug Fotos.<\/p>\n<p>Vielleicht geht es Ihnen auch so. Wenn ich heute \u00fcber den Friedhof gehe, begegnet mir das Personal meiner ganzen Kindheit, man f\u00fchlt sich mit den Jahren mehr und mehr vertraut und mehr und mehr zu Hause hier. Der Friedhof ist nicht der schlechteste Ort in Paulinenaue, er ist vielleicht sogar einer der sch\u00f6nsten. Und damit es so bleibt, werden derzeit Gespr\u00e4che \u00fcber eine Versch\u00f6nerung und Neukonzeption der Friedhofsgestaltung gef\u00fchrt, auf die man sich freuen kann.<\/p>\n<h3>Paulinenauer Ehrengr\u00e4ber<\/h3>\n\n\t\t<style type=\"text\/css\">\n\t\t\t#gallery-1 {\n\t\t\t\tmargin: auto;\n\t\t\t}\n\t\t\t#gallery-1 .gallery-item {\n\t\t\t\tfloat: left;\n\t\t\t\tmargin-top: 10px;\n\t\t\t\ttext-align: center;\n\t\t\t\twidth: 25%;\n\t\t\t}\n\t\t\t#gallery-1 img {\n\t\t\t\tborder: 2px solid #cfcfcf;\n\t\t\t}\n\t\t\t#gallery-1 .gallery-caption {\n\t\t\t\tmargin-left: 0;\n\t\t\t}\n\t\t\t\/* see gallery_shortcode() in wp-includes\/media.php *\/\n\t\t<\/style>\n\t\t<div data-carousel-extra='{&quot;blog_id&quot;:1,&quot;permalink&quot;:&quot;https:\/\/paulinenaue.info\/index.php\/100-jahre-friedhof-paulinenaue\/&quot;}' id='gallery-1' class='gallery galleryid-6248 gallery-columns-4 gallery-size-thumbnail'><dl class='gallery-item'>\n\t\t\t<dt class='gallery-icon landscape'>\n\t\t\t\t<a data-rel=\"iLightbox[postimages]\" data-title=\"\" data-caption=\"Prof. Eilhard Alfred Mitscherlich \u2013 der ber\u00fchmteste Paulinenauer\" href='https:\/\/paulinenaue.info\/index.php\/100-jahre-friedhof-paulinenaue\/friedhof-paulinenaue-7\/'><img decoding=\"async\" width=\"150\" height=\"150\" src=\"https:\/\/paulinenaue.info\/wp-content\/uploads\/2021\/10\/2021-09-18-Grabstein-Eilhard-Alfred-Mitscherlich-150x150.jpg\" class=\"attachment-thumbnail size-thumbnail lazyload\" alt=\"Grab Mitscherlich\" aria-describedby=\"gallery-1-6253\" srcset=\"data:image\/svg+xml,%3Csvg%20xmlns%3D%27http%3A%2F%2Fwww.w3.org%2F2000%2Fsvg%27%20width%3D%271000%27%20height%3D%27667%27%20viewBox%3D%270%200%201000%20667%27%3E%3Crect%20width%3D%271000%27%20height%3D%27667%27%20fill-opacity%3D%220%22%2F%3E%3C%2Fsvg%3E\" data-orig-src=\"https:\/\/paulinenaue.info\/wp-content\/uploads\/2021\/10\/2021-09-18-Grabstein-Eilhard-Alfred-Mitscherlich-150x150.jpg\" data-srcset=\"https:\/\/paulinenaue.info\/wp-content\/uploads\/2021\/10\/2021-09-18-Grabstein-Eilhard-Alfred-Mitscherlich-66x66.jpg 66w, https:\/\/paulinenaue.info\/wp-content\/uploads\/2021\/10\/2021-09-18-Grabstein-Eilhard-Alfred-Mitscherlich-150x150.jpg 150w\" data-sizes=\"auto\" data-attachment-id=\"6253\" data-permalink=\"https:\/\/paulinenaue.info\/index.php\/100-jahre-friedhof-paulinenaue\/friedhof-paulinenaue-7\/\" data-orig-file=\"https:\/\/paulinenaue.info\/wp-content\/uploads\/2021\/10\/2021-09-18-Grabstein-Eilhard-Alfred-Mitscherlich.jpg\" data-orig-size=\"1000,667\" data-comments-opened=\"1\" data-image-meta=\"{&quot;aperture&quot;:&quot;4&quot;,&quot;credit&quot;:&quot;&quot;,&quot;camera&quot;:&quot;DSC-RX10&quot;,&quot;caption&quot;:&quot;&quot;,&quot;created_timestamp&quot;:&quot;1631962144&quot;,&quot;copyright&quot;:&quot;&quot;,&quot;focal_length&quot;:&quot;23.32&quot;,&quot;iso&quot;:&quot;125&quot;,&quot;shutter_speed&quot;:&quot;0.005&quot;,&quot;title&quot;:&quot;Friedhof Paulinenaue&quot;,&quot;orientation&quot;:&quot;1&quot;}\" data-image-title=\"\" data-image-description=\"&lt;p&gt;Das Grab von Professor Eilhard Alfred Mitscherlich auf dem Friedhof von Paulinenaue&lt;\/p&gt;\n\" data-image-caption=\"&lt;p&gt;Prof. Eilhard Alfred Mitscherlich \u2013 der ber\u00fchmteste Paulinenauer&lt;\/p&gt;\n\" data-large-file=\"https:\/\/paulinenaue.info\/wp-content\/uploads\/2021\/10\/2021-09-18-Grabstein-Eilhard-Alfred-Mitscherlich.jpg\" \/><\/a>\n\t\t\t<\/dt>\n\t\t\t\t<dd class='wp-caption-text gallery-caption' id='gallery-1-6253'>\n\t\t\t\tProf. Eilhard Alfred Mitscherlich \u2013 der ber\u00fchmteste Paulinenauer\n\t\t\t\t<\/dd><\/dl><dl class='gallery-item'>\n\t\t\t<dt class='gallery-icon landscape'>\n\t\t\t\t<a data-rel=\"iLightbox[postimages]\" data-title=\"Friedhof Paulinenaue\" data-caption=\"Der Physiker Carl Ramsauer\" href='https:\/\/paulinenaue.info\/index.php\/100-jahre-friedhof-paulinenaue\/friedhof-paulinenaue-6\/'><img decoding=\"async\" width=\"150\" height=\"150\" src=\"https:\/\/paulinenaue.info\/wp-content\/uploads\/2021\/10\/2021-09-18-Grabstein-Carl-Ramsauer-150x150.jpg\" class=\"attachment-thumbnail size-thumbnail lazyload\" alt=\"Grab Ramsauer\" aria-describedby=\"gallery-1-6252\" srcset=\"data:image\/svg+xml,%3Csvg%20xmlns%3D%27http%3A%2F%2Fwww.w3.org%2F2000%2Fsvg%27%20width%3D%271000%27%20height%3D%27667%27%20viewBox%3D%270%200%201000%20667%27%3E%3Crect%20width%3D%271000%27%20height%3D%27667%27%20fill-opacity%3D%220%22%2F%3E%3C%2Fsvg%3E\" data-orig-src=\"https:\/\/paulinenaue.info\/wp-content\/uploads\/2021\/10\/2021-09-18-Grabstein-Carl-Ramsauer-150x150.jpg\" data-srcset=\"https:\/\/paulinenaue.info\/wp-content\/uploads\/2021\/10\/2021-09-18-Grabstein-Carl-Ramsauer-66x66.jpg 66w, https:\/\/paulinenaue.info\/wp-content\/uploads\/2021\/10\/2021-09-18-Grabstein-Carl-Ramsauer-150x150.jpg 150w\" data-sizes=\"auto\" data-attachment-id=\"6252\" data-permalink=\"https:\/\/paulinenaue.info\/index.php\/100-jahre-friedhof-paulinenaue\/friedhof-paulinenaue-6\/\" data-orig-file=\"https:\/\/paulinenaue.info\/wp-content\/uploads\/2021\/10\/2021-09-18-Grabstein-Carl-Ramsauer.jpg\" data-orig-size=\"1000,667\" data-comments-opened=\"1\" data-image-meta=\"{&quot;aperture&quot;:&quot;2.8&quot;,&quot;credit&quot;:&quot;&quot;,&quot;camera&quot;:&quot;DSC-RX10&quot;,&quot;caption&quot;:&quot;&quot;,&quot;created_timestamp&quot;:&quot;1631961980&quot;,&quot;copyright&quot;:&quot;&quot;,&quot;focal_length&quot;:&quot;31.77&quot;,&quot;iso&quot;:&quot;125&quot;,&quot;shutter_speed&quot;:&quot;0.005&quot;,&quot;title&quot;:&quot;Friedhof Paulinenaue&quot;,&quot;orientation&quot;:&quot;1&quot;}\" data-image-title=\"Friedhof Paulinenaue\" data-image-description=\"&lt;p&gt;Das Grab des Physikers Carl Ramsauer (1879\u20131955). Der Grabstein links von ihm geh\u00f6rt seiner Frau Meta. &lt;\/p&gt;\n\" data-image-caption=\"&lt;p&gt;Der Physiker Carl Ramsauer&lt;\/p&gt;\n\" data-large-file=\"https:\/\/paulinenaue.info\/wp-content\/uploads\/2021\/10\/2021-09-18-Grabstein-Carl-Ramsauer.jpg\" \/><\/a>\n\t\t\t<\/dt>\n\t\t\t\t<dd class='wp-caption-text gallery-caption' id='gallery-1-6252'>\n\t\t\t\tDer Physiker Carl Ramsauer\n\t\t\t\t<\/dd><\/dl><dl class='gallery-item'>\n\t\t\t<dt class='gallery-icon landscape'>\n\t\t\t\t<a data-rel=\"iLightbox[postimages]\" data-title=\"Friedhof Paulinenaue\" data-caption=\"Mitscherlichs Nachfolger Asmus Petersen und seine Frau Waltraud\" href='https:\/\/paulinenaue.info\/index.php\/100-jahre-friedhof-paulinenaue\/friedhof-paulinenaue-5\/'><img decoding=\"async\" width=\"150\" height=\"150\" src=\"https:\/\/paulinenaue.info\/wp-content\/uploads\/2021\/10\/2021-09-18-Grabstein-Asmus-Petersen-150x150.jpg\" class=\"attachment-thumbnail size-thumbnail lazyload\" alt=\"Grab Petersen\" aria-describedby=\"gallery-1-6251\" srcset=\"data:image\/svg+xml,%3Csvg%20xmlns%3D%27http%3A%2F%2Fwww.w3.org%2F2000%2Fsvg%27%20width%3D%271000%27%20height%3D%27667%27%20viewBox%3D%270%200%201000%20667%27%3E%3Crect%20width%3D%271000%27%20height%3D%27667%27%20fill-opacity%3D%220%22%2F%3E%3C%2Fsvg%3E\" data-orig-src=\"https:\/\/paulinenaue.info\/wp-content\/uploads\/2021\/10\/2021-09-18-Grabstein-Asmus-Petersen-150x150.jpg\" data-srcset=\"https:\/\/paulinenaue.info\/wp-content\/uploads\/2021\/10\/2021-09-18-Grabstein-Asmus-Petersen-66x66.jpg 66w, https:\/\/paulinenaue.info\/wp-content\/uploads\/2021\/10\/2021-09-18-Grabstein-Asmus-Petersen-150x150.jpg 150w\" data-sizes=\"auto\" data-attachment-id=\"6251\" data-permalink=\"https:\/\/paulinenaue.info\/index.php\/100-jahre-friedhof-paulinenaue\/friedhof-paulinenaue-5\/\" data-orig-file=\"https:\/\/paulinenaue.info\/wp-content\/uploads\/2021\/10\/2021-09-18-Grabstein-Asmus-Petersen.jpg\" data-orig-size=\"1000,667\" data-comments-opened=\"1\" data-image-meta=\"{&quot;aperture&quot;:&quot;2.8&quot;,&quot;credit&quot;:&quot;&quot;,&quot;camera&quot;:&quot;DSC-RX10&quot;,&quot;caption&quot;:&quot;Das Grab von Asmus Petersen auf dem Paulinenauer Friedhof&quot;,&quot;created_timestamp&quot;:&quot;1631962238&quot;,&quot;copyright&quot;:&quot;&quot;,&quot;focal_length&quot;:&quot;19.77&quot;,&quot;iso&quot;:&quot;125&quot;,&quot;shutter_speed&quot;:&quot;0.01&quot;,&quot;title&quot;:&quot;Friedhof Paulinenaue&quot;,&quot;orientation&quot;:&quot;1&quot;}\" data-image-title=\"Friedhof Paulinenaue\" data-image-description=\"&lt;p&gt;Das Grab von Asmus Petersen und seiner Frau Waltraud auf dem Paulinenauer Friedhof&lt;\/p&gt;\n\" data-image-caption=\"&lt;p&gt;Mitscherlichs Nachfolger Asmus Petersen und seine Frau Waltraud&lt;\/p&gt;\n\" data-large-file=\"https:\/\/paulinenaue.info\/wp-content\/uploads\/2021\/10\/2021-09-18-Grabstein-Asmus-Petersen.jpg\" \/><\/a>\n\t\t\t<\/dt>\n\t\t\t\t<dd class='wp-caption-text gallery-caption' id='gallery-1-6251'>\n\t\t\t\tMitscherlichs Nachfolger Asmus Petersen und seine Frau Waltraud\n\t\t\t\t<\/dd><\/dl><dl class='gallery-item'>\n\t\t\t<dt class='gallery-icon landscape'>\n\t\t\t\t<a data-rel=\"iLightbox[postimages]\" data-title=\"Friedhof Paulinenaue\" data-caption=\"Die Gebr\u00fcder Arthur und Carl Knauer und Charlotte Quoo\u00df.\" href='https:\/\/paulinenaue.info\/index.php\/spendenaufruf-fuer-das-grab-der-gebrueder-knauer\/friedhof-paulinenaue-3\/'><img decoding=\"async\" width=\"150\" height=\"150\" src=\"https:\/\/paulinenaue.info\/wp-content\/uploads\/2021\/10\/2021-09-18-Grab-Knauers-150x150.jpg\" class=\"attachment-thumbnail size-thumbnail lazyload\" alt=\"Grab der Gebr\u00fcder Knauer\" aria-describedby=\"gallery-1-6136\" srcset=\"data:image\/svg+xml,%3Csvg%20xmlns%3D%27http%3A%2F%2Fwww.w3.org%2F2000%2Fsvg%27%20width%3D%271000%27%20height%3D%27667%27%20viewBox%3D%270%200%201000%20667%27%3E%3Crect%20width%3D%271000%27%20height%3D%27667%27%20fill-opacity%3D%220%22%2F%3E%3C%2Fsvg%3E\" data-orig-src=\"https:\/\/paulinenaue.info\/wp-content\/uploads\/2021\/10\/2021-09-18-Grab-Knauers-150x150.jpg\" data-srcset=\"https:\/\/paulinenaue.info\/wp-content\/uploads\/2021\/10\/2021-09-18-Grab-Knauers-66x66.jpg 66w, https:\/\/paulinenaue.info\/wp-content\/uploads\/2021\/10\/2021-09-18-Grab-Knauers-150x150.jpg 150w\" data-sizes=\"auto\" data-attachment-id=\"6136\" data-permalink=\"https:\/\/paulinenaue.info\/index.php\/spendenaufruf-fuer-das-grab-der-gebrueder-knauer\/friedhof-paulinenaue-3\/\" data-orig-file=\"https:\/\/paulinenaue.info\/wp-content\/uploads\/2021\/10\/2021-09-18-Grab-Knauers.jpg\" data-orig-size=\"1000,667\" data-comments-opened=\"1\" data-image-meta=\"{&quot;aperture&quot;:&quot;4&quot;,&quot;credit&quot;:&quot;&quot;,&quot;camera&quot;:&quot;DSC-RX10&quot;,&quot;caption&quot;:&quot;Grab der Gebr\\u00fcder Knauer auf dem Paulinenauer Friedhof&quot;,&quot;created_timestamp&quot;:&quot;1631962350&quot;,&quot;copyright&quot;:&quot;&quot;,&quot;focal_length&quot;:&quot;13.37&quot;,&quot;iso&quot;:&quot;125&quot;,&quot;shutter_speed&quot;:&quot;0.003125&quot;,&quot;title&quot;:&quot;Friedhof Paulinenaue&quot;,&quot;orientation&quot;:&quot;1&quot;}\" data-image-title=\"Friedhof Paulinenaue\" data-image-description=\"&lt;p&gt;Grab der Gebr\u00fcder Knauer auf dem Paulinenauer Friedhof&lt;\/p&gt;\n\" data-image-caption=\"&lt;p&gt;Die Gebr\u00fcder Arthur und Carl Knauer und Charlotte Quoo\u00df.&lt;\/p&gt;\n\" data-large-file=\"https:\/\/paulinenaue.info\/wp-content\/uploads\/2021\/10\/2021-09-18-Grab-Knauers.jpg\" \/><\/a>\n\t\t\t<\/dt>\n\t\t\t\t<dd class='wp-caption-text gallery-caption' id='gallery-1-6136'>\n\t\t\t\tDie Gebr\u00fcder Arthur und Carl Knauer und Charlotte Quoo\u00df.\n\t\t\t\t<\/dd><\/dl><br style=\"clear: both\" \/>\n\t\t<\/div>\n\n<p style=\"text-align: right;\"><em>Fotos: Joachim Scholz, 2021<\/em><\/p>\n","protected":false},"excerpt":{"rendered":"<p>Vortrag anl\u00e4sslich der Gedenkveranstaltung am 2. Oktober 2021, von Joachim [&hellip;]<\/p>\n","protected":false},"author":1,"featured_media":6250,"comment_status":"open","ping_status":"open","sticky":false,"template":"","format":"standard","meta":{"_acf_changed":false,"_price":"","_stock":"","_tribe_ticket_header":"","_tribe_default_ticket_provider":"","_tribe_ticket_capacity":"0","_ticket_start_date":"","_ticket_end_date":"","_tribe_ticket_show_description":"","_tribe_ticket_show_not_going":false,"_tribe_ticket_use_global_stock":"","_tribe_ticket_global_stock_level":"","_global_stock_mode":"","_global_stock_cap":"","_tribe_rsvp_for_event":"","_tribe_ticket_going_count":"","_tribe_ticket_not_going_count":"","_tribe_tickets_list":"[]","_tribe_ticket_has_attendee_info_fields":false,"jetpack_post_was_ever_published":false,"_jetpack_newsletter_access":"","_jetpack_dont_email_post_to_subs":false,"_jetpack_newsletter_tier_id":0,"_jetpack_memberships_contains_paywalled_content":false,"_jetpack_memberships_contains_paid_content":false,"footnotes":"","jetpack_publicize_message":"","jetpack_publicize_feature_enabled":true,"jetpack_social_post_already_shared":true,"jetpack_social_options":{"image_generator_settings":{"template":"highway","default_image_id":0,"font":"","enabled":false},"version":2}},"categories":[1,40,6,7,26,93],"tags":[84,416,418,92,417],"class_list":["post-6248","post","type-post","status-publish","format-standard","has-post-thumbnail","hentry","category-allgemein","category-dorfentwicklung","category-hier-zuhause","category-historie","category-kirche","category-veranstaltungen","tag-asmus-petersen","tag-eilhard-alfred-mitscherlich","tag-erster-weltkrieg","tag-havelland","tag-wolhynien"],"acf":[],"yoast_head":"<!-- This site is optimized with the Yoast SEO plugin v27.5 - https:\/\/yoast.com\/product\/yoast-seo-wordpress\/ -->\n<title>100 Jahre Friedhof Paulinenaue - Paulinenaue<\/title>\n<meta name=\"description\" content=\"Vor einhundert Jahren fand auf dem Paulinenauer Friedhof die erste Beerdigung statt. Ein Bericht aus 100 Jahren Friedhofsgeschichte.\" \/>\n<meta name=\"robots\" content=\"index, follow, max-snippet:-1, max-image-preview:large, max-video-preview:-1\" \/>\n<link rel=\"canonical\" href=\"https:\/\/paulinenaue.info\/index.php\/100-jahre-friedhof-paulinenaue\/\" \/>\n<meta property=\"og:locale\" content=\"de_DE\" \/>\n<meta property=\"og:type\" content=\"article\" \/>\n<meta property=\"og:title\" content=\"100 Jahre Friedhof Paulinenaue - Paulinenaue\" \/>\n<meta property=\"og:description\" content=\"Vor einhundert Jahren fand auf dem Paulinenauer Friedhof die erste Beerdigung statt. Ein Bericht aus 100 Jahren Friedhofsgeschichte.\" \/>\n<meta property=\"og:url\" content=\"https:\/\/paulinenaue.info\/index.php\/100-jahre-friedhof-paulinenaue\/\" \/>\n<meta property=\"og:site_name\" content=\"Paulinenaue\" \/>\n<meta property=\"article:published_time\" content=\"2021-10-30T23:57:22+00:00\" \/>\n<meta property=\"article:modified_time\" content=\"2024-02-04T11:45:28+00:00\" \/>\n<meta property=\"og:image\" content=\"https:\/\/paulinenaue.info\/wp-content\/uploads\/2021\/10\/2021-09-18-Friedhof-Paulinenaue.jpg\" \/>\n\t<meta property=\"og:image:width\" content=\"1000\" \/>\n\t<meta property=\"og:image:height\" content=\"667\" \/>\n\t<meta property=\"og:image:type\" content=\"image\/jpeg\" \/>\n<meta name=\"author\" content=\"Joachim Scholz\" \/>\n<meta name=\"twitter:card\" content=\"summary_large_image\" \/>\n<meta name=\"twitter:label1\" content=\"Verfasst von\" \/>\n\t<meta name=\"twitter:data1\" content=\"Joachim Scholz\" \/>\n\t<meta name=\"twitter:label2\" content=\"Gesch\u00e4tzte Lesezeit\" \/>\n\t<meta name=\"twitter:data2\" content=\"10\u00a0Minuten\" \/>\n<script type=\"application\/ld+json\" class=\"yoast-schema-graph\">{\"@context\":\"https:\\\/\\\/schema.org\",\"@graph\":[{\"@type\":\"Article\",\"@id\":\"https:\\\/\\\/paulinenaue.info\\\/index.php\\\/100-jahre-friedhof-paulinenaue\\\/#article\",\"isPartOf\":{\"@id\":\"https:\\\/\\\/paulinenaue.info\\\/index.php\\\/100-jahre-friedhof-paulinenaue\\\/\"},\"author\":{\"name\":\"Joachim Scholz\",\"@id\":\"https:\\\/\\\/paulinenaue.info\\\/#\\\/schema\\\/person\\\/3f9e818fd7b69b0d2bd937ac506897cc\"},\"headline\":\"100 Jahre Friedhof Paulinenaue\",\"datePublished\":\"2021-10-30T23:57:22+00:00\",\"dateModified\":\"2024-02-04T11:45:28+00:00\",\"mainEntityOfPage\":{\"@id\":\"https:\\\/\\\/paulinenaue.info\\\/index.php\\\/100-jahre-friedhof-paulinenaue\\\/\"},\"wordCount\":1905,\"commentCount\":0,\"image\":{\"@id\":\"https:\\\/\\\/paulinenaue.info\\\/index.php\\\/100-jahre-friedhof-paulinenaue\\\/#primaryimage\"},\"thumbnailUrl\":\"https:\\\/\\\/paulinenaue.info\\\/wp-content\\\/uploads\\\/2021\\\/10\\\/2021-09-18-Friedhof-Paulinenaue.jpg\",\"keywords\":[\"Asmus Petersen\",\"Eilhard Alfred Mitscherlich\",\"Erster Weltkrieg\",\"Havelland\",\"Wolhynien\"],\"articleSection\":{\"1\":\"Dorfentwicklung\",\"2\":\"Hier Zuhause\",\"3\":\"Historie\",\"4\":\"Kirche\",\"5\":\"Veranstaltungen\"},\"inLanguage\":\"de\",\"potentialAction\":[{\"@type\":\"CommentAction\",\"name\":\"Comment\",\"target\":[\"https:\\\/\\\/paulinenaue.info\\\/index.php\\\/100-jahre-friedhof-paulinenaue\\\/#respond\"]}]},{\"@type\":\"WebPage\",\"@id\":\"https:\\\/\\\/paulinenaue.info\\\/index.php\\\/100-jahre-friedhof-paulinenaue\\\/\",\"url\":\"https:\\\/\\\/paulinenaue.info\\\/index.php\\\/100-jahre-friedhof-paulinenaue\\\/\",\"name\":\"100 Jahre Friedhof Paulinenaue - Paulinenaue\",\"isPartOf\":{\"@id\":\"https:\\\/\\\/paulinenaue.info\\\/#website\"},\"primaryImageOfPage\":{\"@id\":\"https:\\\/\\\/paulinenaue.info\\\/index.php\\\/100-jahre-friedhof-paulinenaue\\\/#primaryimage\"},\"image\":{\"@id\":\"https:\\\/\\\/paulinenaue.info\\\/index.php\\\/100-jahre-friedhof-paulinenaue\\\/#primaryimage\"},\"thumbnailUrl\":\"https:\\\/\\\/paulinenaue.info\\\/wp-content\\\/uploads\\\/2021\\\/10\\\/2021-09-18-Friedhof-Paulinenaue.jpg\",\"datePublished\":\"2021-10-30T23:57:22+00:00\",\"dateModified\":\"2024-02-04T11:45:28+00:00\",\"author\":{\"@id\":\"https:\\\/\\\/paulinenaue.info\\\/#\\\/schema\\\/person\\\/3f9e818fd7b69b0d2bd937ac506897cc\"},\"description\":\"Vor einhundert Jahren fand auf dem Paulinenauer Friedhof die erste Beerdigung statt. Ein Bericht aus 100 Jahren Friedhofsgeschichte.\",\"breadcrumb\":{\"@id\":\"https:\\\/\\\/paulinenaue.info\\\/index.php\\\/100-jahre-friedhof-paulinenaue\\\/#breadcrumb\"},\"inLanguage\":\"de\",\"potentialAction\":[{\"@type\":\"ReadAction\",\"target\":[\"https:\\\/\\\/paulinenaue.info\\\/index.php\\\/100-jahre-friedhof-paulinenaue\\\/\"]}]},{\"@type\":\"ImageObject\",\"inLanguage\":\"de\",\"@id\":\"https:\\\/\\\/paulinenaue.info\\\/index.php\\\/100-jahre-friedhof-paulinenaue\\\/#primaryimage\",\"url\":\"https:\\\/\\\/paulinenaue.info\\\/wp-content\\\/uploads\\\/2021\\\/10\\\/2021-09-18-Friedhof-Paulinenaue.jpg\",\"contentUrl\":\"https:\\\/\\\/paulinenaue.info\\\/wp-content\\\/uploads\\\/2021\\\/10\\\/2021-09-18-Friedhof-Paulinenaue.jpg\",\"width\":1000,\"height\":667,\"caption\":\"Der Paulinenauer Friedhof. Foto: J. Scholz, 2021\"},{\"@type\":\"BreadcrumbList\",\"@id\":\"https:\\\/\\\/paulinenaue.info\\\/index.php\\\/100-jahre-friedhof-paulinenaue\\\/#breadcrumb\",\"itemListElement\":[{\"@type\":\"ListItem\",\"position\":1,\"name\":\"Home\",\"item\":\"https:\\\/\\\/paulinenaue.info\\\/\"},{\"@type\":\"ListItem\",\"position\":2,\"name\":\"100 Jahre Friedhof Paulinenaue\"}]},{\"@type\":\"WebSite\",\"@id\":\"https:\\\/\\\/paulinenaue.info\\\/#website\",\"url\":\"https:\\\/\\\/paulinenaue.info\\\/\",\"name\":\"Paulinenaue\",\"description\":\"Ein Dorf im Havelland\",\"potentialAction\":[{\"@type\":\"SearchAction\",\"target\":{\"@type\":\"EntryPoint\",\"urlTemplate\":\"https:\\\/\\\/paulinenaue.info\\\/?s={search_term_string}\"},\"query-input\":{\"@type\":\"PropertyValueSpecification\",\"valueRequired\":true,\"valueName\":\"search_term_string\"}}],\"inLanguage\":\"de\"},{\"@type\":\"Person\",\"@id\":\"https:\\\/\\\/paulinenaue.info\\\/#\\\/schema\\\/person\\\/3f9e818fd7b69b0d2bd937ac506897cc\",\"name\":\"Joachim Scholz\",\"url\":\"https:\\\/\\\/paulinenaue.info\\\/index.php\\\/author\\\/jjscholz\\\/\"}]}<\/script>\n<!-- \/ Yoast SEO plugin. -->","yoast_head_json":{"title":"100 Jahre Friedhof Paulinenaue - Paulinenaue","description":"Vor einhundert Jahren fand auf dem Paulinenauer Friedhof die erste Beerdigung statt. Ein Bericht aus 100 Jahren Friedhofsgeschichte.","robots":{"index":"index","follow":"follow","max-snippet":"max-snippet:-1","max-image-preview":"max-image-preview:large","max-video-preview":"max-video-preview:-1"},"canonical":"https:\/\/paulinenaue.info\/index.php\/100-jahre-friedhof-paulinenaue\/","og_locale":"de_DE","og_type":"article","og_title":"100 Jahre Friedhof Paulinenaue - Paulinenaue","og_description":"Vor einhundert Jahren fand auf dem Paulinenauer Friedhof die erste Beerdigung statt. Ein Bericht aus 100 Jahren Friedhofsgeschichte.","og_url":"https:\/\/paulinenaue.info\/index.php\/100-jahre-friedhof-paulinenaue\/","og_site_name":"Paulinenaue","article_published_time":"2021-10-30T23:57:22+00:00","article_modified_time":"2024-02-04T11:45:28+00:00","og_image":[{"width":1000,"height":667,"url":"https:\/\/paulinenaue.info\/wp-content\/uploads\/2021\/10\/2021-09-18-Friedhof-Paulinenaue.jpg","type":"image\/jpeg"}],"author":"Joachim Scholz","twitter_card":"summary_large_image","twitter_misc":{"Verfasst von":"Joachim Scholz","Gesch\u00e4tzte Lesezeit":"10\u00a0Minuten"},"schema":{"@context":"https:\/\/schema.org","@graph":[{"@type":"Article","@id":"https:\/\/paulinenaue.info\/index.php\/100-jahre-friedhof-paulinenaue\/#article","isPartOf":{"@id":"https:\/\/paulinenaue.info\/index.php\/100-jahre-friedhof-paulinenaue\/"},"author":{"name":"Joachim Scholz","@id":"https:\/\/paulinenaue.info\/#\/schema\/person\/3f9e818fd7b69b0d2bd937ac506897cc"},"headline":"100 Jahre Friedhof Paulinenaue","datePublished":"2021-10-30T23:57:22+00:00","dateModified":"2024-02-04T11:45:28+00:00","mainEntityOfPage":{"@id":"https:\/\/paulinenaue.info\/index.php\/100-jahre-friedhof-paulinenaue\/"},"wordCount":1905,"commentCount":0,"image":{"@id":"https:\/\/paulinenaue.info\/index.php\/100-jahre-friedhof-paulinenaue\/#primaryimage"},"thumbnailUrl":"https:\/\/paulinenaue.info\/wp-content\/uploads\/2021\/10\/2021-09-18-Friedhof-Paulinenaue.jpg","keywords":["Asmus Petersen","Eilhard Alfred Mitscherlich","Erster Weltkrieg","Havelland","Wolhynien"],"articleSection":{"1":"Dorfentwicklung","2":"Hier Zuhause","3":"Historie","4":"Kirche","5":"Veranstaltungen"},"inLanguage":"de","potentialAction":[{"@type":"CommentAction","name":"Comment","target":["https:\/\/paulinenaue.info\/index.php\/100-jahre-friedhof-paulinenaue\/#respond"]}]},{"@type":"WebPage","@id":"https:\/\/paulinenaue.info\/index.php\/100-jahre-friedhof-paulinenaue\/","url":"https:\/\/paulinenaue.info\/index.php\/100-jahre-friedhof-paulinenaue\/","name":"100 Jahre Friedhof Paulinenaue - Paulinenaue","isPartOf":{"@id":"https:\/\/paulinenaue.info\/#website"},"primaryImageOfPage":{"@id":"https:\/\/paulinenaue.info\/index.php\/100-jahre-friedhof-paulinenaue\/#primaryimage"},"image":{"@id":"https:\/\/paulinenaue.info\/index.php\/100-jahre-friedhof-paulinenaue\/#primaryimage"},"thumbnailUrl":"https:\/\/paulinenaue.info\/wp-content\/uploads\/2021\/10\/2021-09-18-Friedhof-Paulinenaue.jpg","datePublished":"2021-10-30T23:57:22+00:00","dateModified":"2024-02-04T11:45:28+00:00","author":{"@id":"https:\/\/paulinenaue.info\/#\/schema\/person\/3f9e818fd7b69b0d2bd937ac506897cc"},"description":"Vor einhundert Jahren fand auf dem Paulinenauer Friedhof die erste Beerdigung statt. Ein Bericht aus 100 Jahren Friedhofsgeschichte.","breadcrumb":{"@id":"https:\/\/paulinenaue.info\/index.php\/100-jahre-friedhof-paulinenaue\/#breadcrumb"},"inLanguage":"de","potentialAction":[{"@type":"ReadAction","target":["https:\/\/paulinenaue.info\/index.php\/100-jahre-friedhof-paulinenaue\/"]}]},{"@type":"ImageObject","inLanguage":"de","@id":"https:\/\/paulinenaue.info\/index.php\/100-jahre-friedhof-paulinenaue\/#primaryimage","url":"https:\/\/paulinenaue.info\/wp-content\/uploads\/2021\/10\/2021-09-18-Friedhof-Paulinenaue.jpg","contentUrl":"https:\/\/paulinenaue.info\/wp-content\/uploads\/2021\/10\/2021-09-18-Friedhof-Paulinenaue.jpg","width":1000,"height":667,"caption":"Der Paulinenauer Friedhof. Foto: J. Scholz, 2021"},{"@type":"BreadcrumbList","@id":"https:\/\/paulinenaue.info\/index.php\/100-jahre-friedhof-paulinenaue\/#breadcrumb","itemListElement":[{"@type":"ListItem","position":1,"name":"Home","item":"https:\/\/paulinenaue.info\/"},{"@type":"ListItem","position":2,"name":"100 Jahre Friedhof Paulinenaue"}]},{"@type":"WebSite","@id":"https:\/\/paulinenaue.info\/#website","url":"https:\/\/paulinenaue.info\/","name":"Paulinenaue","description":"Ein Dorf im Havelland","potentialAction":[{"@type":"SearchAction","target":{"@type":"EntryPoint","urlTemplate":"https:\/\/paulinenaue.info\/?s={search_term_string}"},"query-input":{"@type":"PropertyValueSpecification","valueRequired":true,"valueName":"search_term_string"}}],"inLanguage":"de"},{"@type":"Person","@id":"https:\/\/paulinenaue.info\/#\/schema\/person\/3f9e818fd7b69b0d2bd937ac506897cc","name":"Joachim Scholz","url":"https:\/\/paulinenaue.info\/index.php\/author\/jjscholz\/"}]}},"jetpack_publicize_connections":[],"jetpack_featured_media_url":"https:\/\/paulinenaue.info\/wp-content\/uploads\/2021\/10\/2021-09-18-Friedhof-Paulinenaue.jpg","jetpack_sharing_enabled":true,"jetpack_shortlink":"https:\/\/wp.me\/pcYhWA-1CM","jetpack-related-posts":[{"id":416666,"url":"https:\/\/paulinenaue.info\/index.php\/arthur-knauer-150-jahre\/","url_meta":{"origin":6248,"position":0},"title":"Arthur Knauer \u2013\u00a0150 Jahre","author":"Joachim Scholz","date":"28. Juli 2024","format":false,"excerpt":"Unter den wenigen Paulinenauer Ber\u00fchmtheiten rangiert er weit vorn \u2013\u00a0und das, ohne Wissenschaftler gewesen zu sein! Die Rede ist von Arthur Knauer (1874\u20131964), der zur Zeit des Ersten Weltkrieges gemeinsam mit seinem Bruder Carl aus Berlin kommend in unser Dorf \u00fcbersiedelte, um auf dem frisch urbar gemachten Luchland eine Pferdezucht\u2026","rel":"","context":"In &quot;Ehrenamt&quot;","block_context":{"text":"Ehrenamt","link":"https:\/\/paulinenaue.info\/index.php\/category\/ehrenamt\/"},"img":{"alt_text":"","src":"https:\/\/i0.wp.com\/paulinenaue.info\/wp-content\/uploads\/2024\/07\/2024-07-28-Knauergrab-01.jpeg?resize=350%2C200&ssl=1","width":350,"height":200,"srcset":"https:\/\/i0.wp.com\/paulinenaue.info\/wp-content\/uploads\/2024\/07\/2024-07-28-Knauergrab-01.jpeg?resize=350%2C200&ssl=1 1x, https:\/\/i0.wp.com\/paulinenaue.info\/wp-content\/uploads\/2024\/07\/2024-07-28-Knauergrab-01.jpeg?resize=525%2C300&ssl=1 1.5x, https:\/\/i0.wp.com\/paulinenaue.info\/wp-content\/uploads\/2024\/07\/2024-07-28-Knauergrab-01.jpeg?resize=700%2C400&ssl=1 2x"},"classes":[]},{"id":137,"url":"https:\/\/paulinenaue.info\/index.php\/wo-gehts-zum-friedhof\/","url_meta":{"origin":6248,"position":1},"title":"Wo geht&#8217;s zum Friedhof?","author":"Joachim Scholz","date":"1. September 2012","format":false,"excerpt":"Neue Schilder weisen den Weg durch Paulinenaue 01.09.2012. Nach dem ersten Blick schwillt nat\u00fcrlich die Brust vor Stolz: Tats\u00e4chlich weist da ein Leitsystem neuerdings an verschiedenen Punkten zu wichtigen Orten im Dorf. Dunkelgr\u00fcne Schilder sind zu denen hinzu gekommen, die Radtouristen schon seit einiger Zeit Orientierung auf ihren Wegen geben.\u2026","rel":"","context":"In &quot;Dorfentwicklung&quot;","block_context":{"text":"Dorfentwicklung","link":"https:\/\/paulinenaue.info\/index.php\/category\/dorfentwicklung\/"},"img":{"alt_text":"","src":"https:\/\/i0.wp.com\/paulinenaue.info\/wp-content\/uploads\/2016\/03\/20120926_ausschilderung_01.jpg?resize=350%2C200&ssl=1","width":350,"height":200},"classes":[]},{"id":415702,"url":"https:\/\/paulinenaue.info\/index.php\/ehrengraeber-auf-dem-paulinenauer-friedhof\/","url_meta":{"origin":6248,"position":2},"title":"Ehrengr\u00e4ber auf dem Paulinenauer Friedhof","author":"Joachim Scholz","date":"14. Januar 2024","format":false,"excerpt":"Er ist einer der wenigen \u00f6ffentlichen Orte in Paulinenaue, an dem man zugleich etwas Sinnvolles tun, Leute treffen, sich erz\u00e4hlen und vielleicht sogar erholen kann: unser Friedhof. Selbst wenn niemand hier gerade harkt und hegt, ist man auf dem Friedhof Verwandten, Nachbarn und Freunden nah. Je l\u00e4nger man lebt, desto\u2026","rel":"","context":"In &quot;Dorfentwicklung&quot;","block_context":{"text":"Dorfentwicklung","link":"https:\/\/paulinenaue.info\/index.php\/category\/dorfentwicklung\/"},"img":{"alt_text":"","src":"https:\/\/i0.wp.com\/paulinenaue.info\/wp-content\/uploads\/2024\/01\/2021-09-18-Grabstelle-Ramsauer.jpeg?resize=350%2C200&ssl=1","width":350,"height":200,"srcset":"https:\/\/i0.wp.com\/paulinenaue.info\/wp-content\/uploads\/2024\/01\/2021-09-18-Grabstelle-Ramsauer.jpeg?resize=350%2C200&ssl=1 1x, https:\/\/i0.wp.com\/paulinenaue.info\/wp-content\/uploads\/2024\/01\/2021-09-18-Grabstelle-Ramsauer.jpeg?resize=525%2C300&ssl=1 1.5x, https:\/\/i0.wp.com\/paulinenaue.info\/wp-content\/uploads\/2024\/01\/2021-09-18-Grabstelle-Ramsauer.jpeg?resize=700%2C400&ssl=1 2x"},"classes":[]},{"id":419376,"url":"https:\/\/paulinenaue.info\/index.php\/fruehjahrsputz-2026\/","url_meta":{"origin":6248,"position":3},"title":"Fr\u00fchjahrsputz 2026","author":"Sarah","date":"12. April 2026","format":false,"excerpt":"Auch in diesem Jahr hat die Gemeindevertretung wieder zum Fr\u00fchjahrsputz aufgerufen. So fanden sich am Vormittag des 28.03.2026 29 PaulinenauerInnen ein, um unser Dorf vom Winterschmutz zu befreien und etwas zu versch\u00f6nern. Schwerpunkt waren, wie alle Jahre, die Fl\u00e4chen rund um den Bahnhof einschlie\u00dflich der Gr\u00fcnstreifen in der Bahnhofstra\u00dfe und\u2026","rel":"","context":"In &quot;Allgemein&quot;","block_context":{"text":"Allgemein","link":"https:\/\/paulinenaue.info\/index.php\/category\/allgemein\/"},"img":{"alt_text":"","src":"https:\/\/i0.wp.com\/paulinenaue.info\/wp-content\/uploads\/2026\/04\/IMG-20260328-WA0004.jpg?resize=350%2C200&ssl=1","width":350,"height":200,"srcset":"https:\/\/i0.wp.com\/paulinenaue.info\/wp-content\/uploads\/2026\/04\/IMG-20260328-WA0004.jpg?resize=350%2C200&ssl=1 1x, https:\/\/i0.wp.com\/paulinenaue.info\/wp-content\/uploads\/2026\/04\/IMG-20260328-WA0004.jpg?resize=525%2C300&ssl=1 1.5x, https:\/\/i0.wp.com\/paulinenaue.info\/wp-content\/uploads\/2026\/04\/IMG-20260328-WA0004.jpg?resize=700%2C400&ssl=1 2x, https:\/\/i0.wp.com\/paulinenaue.info\/wp-content\/uploads\/2026\/04\/IMG-20260328-WA0004.jpg?resize=1050%2C600&ssl=1 3x, https:\/\/i0.wp.com\/paulinenaue.info\/wp-content\/uploads\/2026\/04\/IMG-20260328-WA0004.jpg?resize=1400%2C800&ssl=1 4x"},"classes":[]},{"id":1494,"url":"https:\/\/paulinenaue.info\/index.php\/von-den-letzten-dingen-85-jahre-paulinenauer-friedhof\/","url_meta":{"origin":6248,"position":4},"title":"Von den letzten Dingen: 85 Jahre Paulinenauer Friedhof 2007","author":"Joachim Scholz","date":"19. Mai 2007","format":false,"excerpt":"Die Anlegung eines Friedhofs in Paulinenaue wird, soweit es sich aus den aufgefundenen Akten erlesen l\u00e4sst, erstmals im Jahre 1867 verhandelt. Schon damals war die Eisenbahn im Ort fest etabliert, stark genug, um sich nach Meinung des Paulinenauer Gutsherrn Curt von Knoblauch auch an den kommunalen Pflichten zu beteiligen. Von\u2026","rel":"","context":"In &quot;Allgemein&quot;","block_context":{"text":"Allgemein","link":"https:\/\/paulinenaue.info\/index.php\/category\/allgemein\/"},"img":{"alt_text":"","src":"https:\/\/i0.wp.com\/paulinenaue.info\/wp-content\/uploads\/2017\/09\/Friedhof-Paulinenaue-01-28.05.2005.jpg?resize=350%2C200&ssl=1","width":350,"height":200,"srcset":"https:\/\/i0.wp.com\/paulinenaue.info\/wp-content\/uploads\/2017\/09\/Friedhof-Paulinenaue-01-28.05.2005.jpg?resize=350%2C200&ssl=1 1x, https:\/\/i0.wp.com\/paulinenaue.info\/wp-content\/uploads\/2017\/09\/Friedhof-Paulinenaue-01-28.05.2005.jpg?resize=525%2C300&ssl=1 1.5x, https:\/\/i0.wp.com\/paulinenaue.info\/wp-content\/uploads\/2017\/09\/Friedhof-Paulinenaue-01-28.05.2005.jpg?resize=700%2C400&ssl=1 2x"},"classes":[]},{"id":6791,"url":"https:\/\/paulinenaue.info\/index.php\/in-arbeit-der-knauergrabstein\/","url_meta":{"origin":6248,"position":5},"title":"In Arbeit \u2013 Der Knauergrabstein wird saniert","author":"Joachim Scholz","date":"28. Januar 2022","format":false,"excerpt":"Manchem Friedhofsbesucher wird am letzten Wochenende aufgefallen sein, dass pl\u00f6tzlich ein Grab auf dem Paulinenauer Friedhof fehlte, oder besser: ein Grabstein. Wo bis vor kurzem der tonnenschwere Granitfindling stand, unter dem die Gebr\u00fcder Knauer und ihre Haush\u00e4lterin vor Jahrzehnten ihre letzte Ruhest\u00e4tte gefunden haben, tut sich ein klaffendes Loch auf.\u2026","rel":"","context":"In &quot;Friedhof&quot;","block_context":{"text":"Friedhof","link":"https:\/\/paulinenaue.info\/index.php\/category\/friedhof\/"},"img":{"alt_text":"","src":"https:\/\/i0.wp.com\/paulinenaue.info\/wp-content\/uploads\/2022\/01\/2022-01-27-Knauer-Grabstein-04.jpg?resize=350%2C200&ssl=1","width":350,"height":200,"srcset":"https:\/\/i0.wp.com\/paulinenaue.info\/wp-content\/uploads\/2022\/01\/2022-01-27-Knauer-Grabstein-04.jpg?resize=350%2C200&ssl=1 1x, https:\/\/i0.wp.com\/paulinenaue.info\/wp-content\/uploads\/2022\/01\/2022-01-27-Knauer-Grabstein-04.jpg?resize=525%2C300&ssl=1 1.5x, https:\/\/i0.wp.com\/paulinenaue.info\/wp-content\/uploads\/2022\/01\/2022-01-27-Knauer-Grabstein-04.jpg?resize=700%2C400&ssl=1 2x"},"classes":[]}],"_links":{"self":[{"href":"https:\/\/paulinenaue.info\/index.php\/wp-json\/wp\/v2\/posts\/6248","targetHints":{"allow":["GET"]}}],"collection":[{"href":"https:\/\/paulinenaue.info\/index.php\/wp-json\/wp\/v2\/posts"}],"about":[{"href":"https:\/\/paulinenaue.info\/index.php\/wp-json\/wp\/v2\/types\/post"}],"author":[{"embeddable":true,"href":"https:\/\/paulinenaue.info\/index.php\/wp-json\/wp\/v2\/users\/1"}],"replies":[{"embeddable":true,"href":"https:\/\/paulinenaue.info\/index.php\/wp-json\/wp\/v2\/comments?post=6248"}],"version-history":[{"count":35,"href":"https:\/\/paulinenaue.info\/index.php\/wp-json\/wp\/v2\/posts\/6248\/revisions"}],"predecessor-version":[{"id":415992,"href":"https:\/\/paulinenaue.info\/index.php\/wp-json\/wp\/v2\/posts\/6248\/revisions\/415992"}],"wp:featuredmedia":[{"embeddable":true,"href":"https:\/\/paulinenaue.info\/index.php\/wp-json\/wp\/v2\/media\/6250"}],"wp:attachment":[{"href":"https:\/\/paulinenaue.info\/index.php\/wp-json\/wp\/v2\/media?parent=6248"}],"wp:term":[{"taxonomy":"category","embeddable":true,"href":"https:\/\/paulinenaue.info\/index.php\/wp-json\/wp\/v2\/categories?post=6248"},{"taxonomy":"post_tag","embeddable":true,"href":"https:\/\/paulinenaue.info\/index.php\/wp-json\/wp\/v2\/tags?post=6248"}],"curies":[{"name":"wp","href":"https:\/\/api.w.org\/{rel}","templated":true}]}}