{"id":6287,"date":"2021-11-02T21:27:36","date_gmt":"2021-11-02T20:27:36","guid":{"rendered":"https:\/\/paulinenaue.info\/?p=6287"},"modified":"2021-11-02T21:27:36","modified_gmt":"2021-11-02T20:27:36","slug":"information-paulinenauer-weihnachtsmarkt-2021","status":"publish","type":"post","link":"https:\/\/paulinenaue.info\/index.php\/information-paulinenauer-weihnachtsmarkt-2021\/","title":{"rendered":"Information Paulinenauer Weihnachtsmarkt 2021"},"content":{"rendered":"<p>Liebe Paulinenauerinnen und Paulinenauer,<\/p>\n<p>leider werden wir auch in diesem Jahr keinen Weihnachtsmarkt durchf\u00fchren. Es gibt zu viele Unsicherheiten und einen deutlich h\u00f6heren Aufwand f\u00fcr uns bei der Organisation und Durchf\u00fchrung. Wir wollen kein Risiko eingehen und daf\u00fcr im n\u00e4chsten Jahr wieder mit euch einen tollen Weihnachtsmarkt erleben.<\/p>\n<p>Wir w\u00fcnschen allen eine sch\u00f6ne Advents- und Weihnachtszeit mit Gl\u00fchwein, Punsch und Leckereien in kleiner Runde. Wir freuen uns auf 2022 gemeinsam mit euch!<\/p>\n<p>Der Paulinenauer Kulturverein sowie<br \/>\ndie Ev. Kirchengemeinde Havell\u00e4ndisches Luch<\/p>\n<p><a href=\"https:\/\/paulinenaue.info\/wp-content\/uploads\/2021\/11\/Firmenschild_Pfarramt.png\"><img decoding=\"async\" data-attachment-id=\"6288\" data-permalink=\"https:\/\/paulinenaue.info\/index.php\/information-paulinenauer-weihnachtsmarkt-2021\/firmenschild_pfarramt-2\/\" data-orig-file=\"https:\/\/paulinenaue.info\/wp-content\/uploads\/2021\/11\/Firmenschild_Pfarramt.png\" data-orig-size=\"1000,434\" data-comments-opened=\"1\" data-image-meta=\"{&quot;aperture&quot;:&quot;0&quot;,&quot;credit&quot;:&quot;&quot;,&quot;camera&quot;:&quot;&quot;,&quot;caption&quot;:&quot;&quot;,&quot;created_timestamp&quot;:&quot;0&quot;,&quot;copyright&quot;:&quot;&quot;,&quot;focal_length&quot;:&quot;0&quot;,&quot;iso&quot;:&quot;0&quot;,&quot;shutter_speed&quot;:&quot;0&quot;,&quot;title&quot;:&quot;&quot;,&quot;orientation&quot;:&quot;0&quot;}\" data-image-title=\"Firmenschild_Pfarramt\" data-image-description=\"\" data-image-caption=\"\" data-large-file=\"https:\/\/paulinenaue.info\/wp-content\/uploads\/2021\/11\/Firmenschild_Pfarramt.png\" class=\"lazyload alignnone  wp-image-6288\" src=\"https:\/\/paulinenaue.info\/wp-content\/uploads\/2021\/11\/Firmenschild_Pfarramt-300x130.png\" data-orig-src=\"https:\/\/paulinenaue.info\/wp-content\/uploads\/2021\/11\/Firmenschild_Pfarramt-300x130.png\" alt=\"\" width=\"173\" height=\"75\" srcset=\"data:image\/svg+xml,%3Csvg%20xmlns%3D%27http%3A%2F%2Fwww.w3.org%2F2000%2Fsvg%27%20width%3D%27173%27%20height%3D%2775%27%20viewBox%3D%270%200%20173%2075%27%3E%3Crect%20width%3D%27173%27%20height%3D%2775%27%20fill-opacity%3D%220%22%2F%3E%3C%2Fsvg%3E\" data-srcset=\"https:\/\/paulinenaue.info\/wp-content\/uploads\/2021\/11\/Firmenschild_Pfarramt-200x87.png 200w, https:\/\/paulinenaue.info\/wp-content\/uploads\/2021\/11\/Firmenschild_Pfarramt-300x130.png 300w, https:\/\/paulinenaue.info\/wp-content\/uploads\/2021\/11\/Firmenschild_Pfarramt-400x174.png 400w, https:\/\/paulinenaue.info\/wp-content\/uploads\/2021\/11\/Firmenschild_Pfarramt-600x260.png 600w, https:\/\/paulinenaue.info\/wp-content\/uploads\/2021\/11\/Firmenschild_Pfarramt-768x333.png 768w, https:\/\/paulinenaue.info\/wp-content\/uploads\/2021\/11\/Firmenschild_Pfarramt-800x347.png 800w, https:\/\/paulinenaue.info\/wp-content\/uploads\/2021\/11\/Firmenschild_Pfarramt.png 1000w\" data-sizes=\"auto\" data-orig-sizes=\"(max-width: 173px) 100vw, 173px\" \/><\/a> <a href=\"https:\/\/paulinenaue.info\/wp-content\/uploads\/2021\/08\/Logo-Paulinenauer-Kulturverein-Arial-1.gif\"><img decoding=\"async\" data-attachment-id=\"5990\" data-permalink=\"https:\/\/paulinenaue.info\/index.php\/information-paulinenauer-weihnachtsmarkt-2021\/logo-paulinenauer-kulturverein-arial-2\/\" data-orig-file=\"https:\/\/paulinenaue.info\/wp-content\/uploads\/2021\/08\/Logo-Paulinenauer-Kulturverein-Arial-1.gif\" data-orig-size=\"300,146\" data-comments-opened=\"1\" data-image-meta=\"{&quot;aperture&quot;:&quot;0&quot;,&quot;credit&quot;:&quot;&quot;,&quot;camera&quot;:&quot;&quot;,&quot;caption&quot;:&quot;&quot;,&quot;created_timestamp&quot;:&quot;0&quot;,&quot;copyright&quot;:&quot;&quot;,&quot;focal_length&quot;:&quot;0&quot;,&quot;iso&quot;:&quot;0&quot;,&quot;shutter_speed&quot;:&quot;0&quot;,&quot;title&quot;:&quot;&quot;,&quot;orientation&quot;:&quot;0&quot;}\" data-image-title=\"Logo-Paulinenauer-Kulturverein\" data-image-description=\"\" data-image-caption=\"\" data-large-file=\"https:\/\/paulinenaue.info\/wp-content\/uploads\/2021\/08\/Logo-Paulinenauer-Kulturverein-Arial-1.gif\" class=\"lazyload alignnone  wp-image-5990\" src=\"data:image\/svg+xml,%3Csvg%20xmlns%3D%27http%3A%2F%2Fwww.w3.org%2F2000%2Fsvg%27%20width%3D%27193%27%20height%3D%2794%27%20viewBox%3D%270%200%20193%2094%27%3E%3Crect%20width%3D%27193%27%20height%3D%2794%27%20fill-opacity%3D%220%22%2F%3E%3C%2Fsvg%3E\" data-orig-src=\"https:\/\/paulinenaue.info\/wp-content\/uploads\/2021\/08\/Logo-Paulinenauer-Kulturverein-Arial-1.gif\" alt=\"\" width=\"193\" height=\"94\" \/><\/a><\/p>\n","protected":false},"excerpt":{"rendered":"<p>Liebe Paulinenauerinnen und Paulinenauer, leider werden wir auch in diesem [&hellip;]<\/p>\n","protected":false},"author":3,"featured_media":5184,"comment_status":"open","ping_status":"open","sticky":false,"template":"","format":"standard","meta":{"_acf_changed":false,"_price":"","_stock":"","_tribe_ticket_header":"","_tribe_default_ticket_provider":"","_tribe_ticket_capacity":"0","_ticket_start_date":"","_ticket_end_date":"","_tribe_ticket_show_description":"","_tribe_ticket_show_not_going":false,"_tribe_ticket_use_global_stock":"","_tribe_ticket_global_stock_level":"","_global_stock_mode":"","_global_stock_cap":"","_tribe_rsvp_for_event":"","_tribe_ticket_going_count":"","_tribe_ticket_not_going_count":"","_tribe_tickets_list":"[]","_tribe_ticket_has_attendee_info_fields":false,"jetpack_post_was_ever_published":false,"_jetpack_newsletter_access":"","_jetpack_dont_email_post_to_subs":false,"_jetpack_newsletter_tier_id":0,"_jetpack_memberships_contains_paywalled_content":false,"_jetpack_memberships_contains_paid_content":false,"footnotes":"","jetpack_publicize_message":"","jetpack_publicize_feature_enabled":true,"jetpack_social_post_already_shared":true,"jetpack_social_options":{"image_generator_settings":{"template":"highway","default_image_id":0,"font":"","enabled":false},"version":2}},"categories":[1,26,47,9,93],"tags":[27,231,419,28],"class_list":["post-6287","post","type-post","status-publish","format-standard","has-post-thumbnail","hentry","category-allgemein","category-kirche","category-kulturverein","category-neuigkeiten","category-veranstaltungen","tag-kirche","tag-kulturverein","tag-weihnachten","tag-weihnachtsmarkt"],"acf":[],"yoast_head":"<!-- This site is optimized with the Yoast SEO plugin v27.5 - https:\/\/yoast.com\/product\/yoast-seo-wordpress\/ -->\n<title>Information Paulinenauer Weihnachtsmarkt 2021 - Paulinenaue<\/title>\n<meta name=\"robots\" content=\"index, follow, max-snippet:-1, max-image-preview:large, max-video-preview:-1\" \/>\n<link rel=\"canonical\" href=\"https:\/\/paulinenaue.info\/index.php\/information-paulinenauer-weihnachtsmarkt-2021\/\" \/>\n<meta property=\"og:locale\" content=\"de_DE\" \/>\n<meta property=\"og:type\" content=\"article\" \/>\n<meta property=\"og:title\" content=\"Information Paulinenauer Weihnachtsmarkt 2021 - Paulinenaue\" \/>\n<meta property=\"og:description\" content=\"Liebe Paulinenauerinnen und Paulinenauer, leider werden wir auch in diesem [&hellip;]\" \/>\n<meta property=\"og:url\" content=\"https:\/\/paulinenaue.info\/index.php\/information-paulinenauer-weihnachtsmarkt-2021\/\" \/>\n<meta property=\"og:site_name\" content=\"Paulinenaue\" \/>\n<meta property=\"article:published_time\" content=\"2021-11-02T20:27:36+00:00\" \/>\n<meta property=\"og:image\" content=\"https:\/\/i1.wp.com\/paulinenaue.info\/wp-content\/uploads\/2019\/12\/17.jpg?fit=1600%2C1200&ssl=1\" \/>\n\t<meta property=\"og:image:width\" content=\"1600\" \/>\n\t<meta property=\"og:image:height\" content=\"1200\" \/>\n\t<meta property=\"og:image:type\" content=\"image\/jpeg\" \/>\n<meta name=\"author\" content=\"Sarah\" \/>\n<meta name=\"twitter:card\" content=\"summary_large_image\" \/>\n<meta name=\"twitter:label1\" content=\"Verfasst von\" \/>\n\t<meta name=\"twitter:data1\" content=\"Sarah\" \/>\n\t<meta name=\"twitter:label2\" content=\"Gesch\u00e4tzte Lesezeit\" \/>\n\t<meta name=\"twitter:data2\" content=\"1\u00a0Minute\" \/>\n<script type=\"application\/ld+json\" class=\"yoast-schema-graph\">{\"@context\":\"https:\\\/\\\/schema.org\",\"@graph\":[{\"@type\":\"Article\",\"@id\":\"https:\\\/\\\/paulinenaue.info\\\/index.php\\\/information-paulinenauer-weihnachtsmarkt-2021\\\/#article\",\"isPartOf\":{\"@id\":\"https:\\\/\\\/paulinenaue.info\\\/index.php\\\/information-paulinenauer-weihnachtsmarkt-2021\\\/\"},\"author\":{\"name\":\"Sarah\",\"@id\":\"https:\\\/\\\/paulinenaue.info\\\/#\\\/schema\\\/person\\\/e5be566a57b5b3f65d2c65a58c42325e\"},\"headline\":\"Information Paulinenauer Weihnachtsmarkt 2021\",\"datePublished\":\"2021-11-02T20:27:36+00:00\",\"mainEntityOfPage\":{\"@id\":\"https:\\\/\\\/paulinenaue.info\\\/index.php\\\/information-paulinenauer-weihnachtsmarkt-2021\\\/\"},\"wordCount\":93,\"commentCount\":0,\"image\":{\"@id\":\"https:\\\/\\\/paulinenaue.info\\\/index.php\\\/information-paulinenauer-weihnachtsmarkt-2021\\\/#primaryimage\"},\"thumbnailUrl\":\"https:\\\/\\\/paulinenaue.info\\\/wp-content\\\/uploads\\\/2019\\\/12\\\/17.jpg\",\"keywords\":[\"Kirche\",\"Kulturverein\",\"Weihnachten\",\"Weihnachtsmarkt\"],\"articleSection\":{\"1\":\"Kirche\",\"2\":\"Kulturverein\",\"3\":\"Neuigkeiten\",\"4\":\"Veranstaltungen\"},\"inLanguage\":\"de\",\"potentialAction\":[{\"@type\":\"CommentAction\",\"name\":\"Comment\",\"target\":[\"https:\\\/\\\/paulinenaue.info\\\/index.php\\\/information-paulinenauer-weihnachtsmarkt-2021\\\/#respond\"]}]},{\"@type\":\"WebPage\",\"@id\":\"https:\\\/\\\/paulinenaue.info\\\/index.php\\\/information-paulinenauer-weihnachtsmarkt-2021\\\/\",\"url\":\"https:\\\/\\\/paulinenaue.info\\\/index.php\\\/information-paulinenauer-weihnachtsmarkt-2021\\\/\",\"name\":\"Information Paulinenauer Weihnachtsmarkt 2021 - Paulinenaue\",\"isPartOf\":{\"@id\":\"https:\\\/\\\/paulinenaue.info\\\/#website\"},\"primaryImageOfPage\":{\"@id\":\"https:\\\/\\\/paulinenaue.info\\\/index.php\\\/information-paulinenauer-weihnachtsmarkt-2021\\\/#primaryimage\"},\"image\":{\"@id\":\"https:\\\/\\\/paulinenaue.info\\\/index.php\\\/information-paulinenauer-weihnachtsmarkt-2021\\\/#primaryimage\"},\"thumbnailUrl\":\"https:\\\/\\\/paulinenaue.info\\\/wp-content\\\/uploads\\\/2019\\\/12\\\/17.jpg\",\"datePublished\":\"2021-11-02T20:27:36+00:00\",\"author\":{\"@id\":\"https:\\\/\\\/paulinenaue.info\\\/#\\\/schema\\\/person\\\/e5be566a57b5b3f65d2c65a58c42325e\"},\"breadcrumb\":{\"@id\":\"https:\\\/\\\/paulinenaue.info\\\/index.php\\\/information-paulinenauer-weihnachtsmarkt-2021\\\/#breadcrumb\"},\"inLanguage\":\"de\",\"potentialAction\":[{\"@type\":\"ReadAction\",\"target\":[\"https:\\\/\\\/paulinenaue.info\\\/index.php\\\/information-paulinenauer-weihnachtsmarkt-2021\\\/\"]}]},{\"@type\":\"ImageObject\",\"inLanguage\":\"de\",\"@id\":\"https:\\\/\\\/paulinenaue.info\\\/index.php\\\/information-paulinenauer-weihnachtsmarkt-2021\\\/#primaryimage\",\"url\":\"https:\\\/\\\/paulinenaue.info\\\/wp-content\\\/uploads\\\/2019\\\/12\\\/17.jpg\",\"contentUrl\":\"https:\\\/\\\/paulinenaue.info\\\/wp-content\\\/uploads\\\/2019\\\/12\\\/17.jpg\",\"width\":1600,\"height\":1200},{\"@type\":\"BreadcrumbList\",\"@id\":\"https:\\\/\\\/paulinenaue.info\\\/index.php\\\/information-paulinenauer-weihnachtsmarkt-2021\\\/#breadcrumb\",\"itemListElement\":[{\"@type\":\"ListItem\",\"position\":1,\"name\":\"Home\",\"item\":\"https:\\\/\\\/paulinenaue.info\\\/\"},{\"@type\":\"ListItem\",\"position\":2,\"name\":\"Information Paulinenauer Weihnachtsmarkt 2021\"}]},{\"@type\":\"WebSite\",\"@id\":\"https:\\\/\\\/paulinenaue.info\\\/#website\",\"url\":\"https:\\\/\\\/paulinenaue.info\\\/\",\"name\":\"Paulinenaue\",\"description\":\"Ein Dorf im Havelland\",\"potentialAction\":[{\"@type\":\"SearchAction\",\"target\":{\"@type\":\"EntryPoint\",\"urlTemplate\":\"https:\\\/\\\/paulinenaue.info\\\/?s={search_term_string}\"},\"query-input\":{\"@type\":\"PropertyValueSpecification\",\"valueRequired\":true,\"valueName\":\"search_term_string\"}}],\"inLanguage\":\"de\"},{\"@type\":\"Person\",\"@id\":\"https:\\\/\\\/paulinenaue.info\\\/#\\\/schema\\\/person\\\/e5be566a57b5b3f65d2c65a58c42325e\",\"name\":\"Sarah\",\"url\":\"https:\\\/\\\/paulinenaue.info\\\/index.php\\\/author\\\/sarah\\\/\"}]}<\/script>\n<!-- \/ Yoast SEO plugin. -->","yoast_head_json":{"title":"Information Paulinenauer Weihnachtsmarkt 2021 - Paulinenaue","robots":{"index":"index","follow":"follow","max-snippet":"max-snippet:-1","max-image-preview":"max-image-preview:large","max-video-preview":"max-video-preview:-1"},"canonical":"https:\/\/paulinenaue.info\/index.php\/information-paulinenauer-weihnachtsmarkt-2021\/","og_locale":"de_DE","og_type":"article","og_title":"Information Paulinenauer Weihnachtsmarkt 2021 - Paulinenaue","og_description":"Liebe Paulinenauerinnen und Paulinenauer, leider werden wir auch in diesem [&hellip;]","og_url":"https:\/\/paulinenaue.info\/index.php\/information-paulinenauer-weihnachtsmarkt-2021\/","og_site_name":"Paulinenaue","article_published_time":"2021-11-02T20:27:36+00:00","og_image":[{"width":1600,"height":1200,"url":"https:\/\/i1.wp.com\/paulinenaue.info\/wp-content\/uploads\/2019\/12\/17.jpg?fit=1600%2C1200&ssl=1","type":"image\/jpeg"}],"author":"Sarah","twitter_card":"summary_large_image","twitter_misc":{"Verfasst von":"Sarah","Gesch\u00e4tzte Lesezeit":"1\u00a0Minute"},"schema":{"@context":"https:\/\/schema.org","@graph":[{"@type":"Article","@id":"https:\/\/paulinenaue.info\/index.php\/information-paulinenauer-weihnachtsmarkt-2021\/#article","isPartOf":{"@id":"https:\/\/paulinenaue.info\/index.php\/information-paulinenauer-weihnachtsmarkt-2021\/"},"author":{"name":"Sarah","@id":"https:\/\/paulinenaue.info\/#\/schema\/person\/e5be566a57b5b3f65d2c65a58c42325e"},"headline":"Information Paulinenauer Weihnachtsmarkt 2021","datePublished":"2021-11-02T20:27:36+00:00","mainEntityOfPage":{"@id":"https:\/\/paulinenaue.info\/index.php\/information-paulinenauer-weihnachtsmarkt-2021\/"},"wordCount":93,"commentCount":0,"image":{"@id":"https:\/\/paulinenaue.info\/index.php\/information-paulinenauer-weihnachtsmarkt-2021\/#primaryimage"},"thumbnailUrl":"https:\/\/paulinenaue.info\/wp-content\/uploads\/2019\/12\/17.jpg","keywords":["Kirche","Kulturverein","Weihnachten","Weihnachtsmarkt"],"articleSection":{"1":"Kirche","2":"Kulturverein","3":"Neuigkeiten","4":"Veranstaltungen"},"inLanguage":"de","potentialAction":[{"@type":"CommentAction","name":"Comment","target":["https:\/\/paulinenaue.info\/index.php\/information-paulinenauer-weihnachtsmarkt-2021\/#respond"]}]},{"@type":"WebPage","@id":"https:\/\/paulinenaue.info\/index.php\/information-paulinenauer-weihnachtsmarkt-2021\/","url":"https:\/\/paulinenaue.info\/index.php\/information-paulinenauer-weihnachtsmarkt-2021\/","name":"Information Paulinenauer Weihnachtsmarkt 2021 - Paulinenaue","isPartOf":{"@id":"https:\/\/paulinenaue.info\/#website"},"primaryImageOfPage":{"@id":"https:\/\/paulinenaue.info\/index.php\/information-paulinenauer-weihnachtsmarkt-2021\/#primaryimage"},"image":{"@id":"https:\/\/paulinenaue.info\/index.php\/information-paulinenauer-weihnachtsmarkt-2021\/#primaryimage"},"thumbnailUrl":"https:\/\/paulinenaue.info\/wp-content\/uploads\/2019\/12\/17.jpg","datePublished":"2021-11-02T20:27:36+00:00","author":{"@id":"https:\/\/paulinenaue.info\/#\/schema\/person\/e5be566a57b5b3f65d2c65a58c42325e"},"breadcrumb":{"@id":"https:\/\/paulinenaue.info\/index.php\/information-paulinenauer-weihnachtsmarkt-2021\/#breadcrumb"},"inLanguage":"de","potentialAction":[{"@type":"ReadAction","target":["https:\/\/paulinenaue.info\/index.php\/information-paulinenauer-weihnachtsmarkt-2021\/"]}]},{"@type":"ImageObject","inLanguage":"de","@id":"https:\/\/paulinenaue.info\/index.php\/information-paulinenauer-weihnachtsmarkt-2021\/#primaryimage","url":"https:\/\/paulinenaue.info\/wp-content\/uploads\/2019\/12\/17.jpg","contentUrl":"https:\/\/paulinenaue.info\/wp-content\/uploads\/2019\/12\/17.jpg","width":1600,"height":1200},{"@type":"BreadcrumbList","@id":"https:\/\/paulinenaue.info\/index.php\/information-paulinenauer-weihnachtsmarkt-2021\/#breadcrumb","itemListElement":[{"@type":"ListItem","position":1,"name":"Home","item":"https:\/\/paulinenaue.info\/"},{"@type":"ListItem","position":2,"name":"Information Paulinenauer Weihnachtsmarkt 2021"}]},{"@type":"WebSite","@id":"https:\/\/paulinenaue.info\/#website","url":"https:\/\/paulinenaue.info\/","name":"Paulinenaue","description":"Ein Dorf im Havelland","potentialAction":[{"@type":"SearchAction","target":{"@type":"EntryPoint","urlTemplate":"https:\/\/paulinenaue.info\/?s={search_term_string}"},"query-input":{"@type":"PropertyValueSpecification","valueRequired":true,"valueName":"search_term_string"}}],"inLanguage":"de"},{"@type":"Person","@id":"https:\/\/paulinenaue.info\/#\/schema\/person\/e5be566a57b5b3f65d2c65a58c42325e","name":"Sarah","url":"https:\/\/paulinenaue.info\/index.php\/author\/sarah\/"}]}},"jetpack_publicize_connections":[],"jetpack_featured_media_url":"https:\/\/paulinenaue.info\/wp-content\/uploads\/2019\/12\/17.jpg","jetpack_sharing_enabled":true,"jetpack_shortlink":"https:\/\/wp.me\/pcYhWA-1Dp","jetpack-related-posts":[{"id":129,"url":"https:\/\/paulinenaue.info\/index.php\/nun-ist-weihnachtszeit-kirche-kita-und-kulturverein-gestalten-gemeinsam-den-7-paulinenauer-weihnachtsmarkt\/","url_meta":{"origin":6287,"position":0},"title":"Nun ist Weihnachtszeit \u2013 Kirche, Kita und Kulturverein gestalten gemeinsam den 7. Paulinenauer Weihnachtsmarkt","author":"Joachim Scholz","date":"22. M\u00e4rz 2016","format":false,"excerpt":"Joachim Scholz 01.12.2012. Der Weihnachtsmarkt hat Paulinenaue am Samstag vor dem ersten Advent wieder in vorweihnachtlichem Rahmen zu gem\u00fctlichen und kurzweiligen Stunden zusammengebracht. Die beschauliche Kulisse rund um das Kirchgel\u00e4nde und die gute Zusammenarbeit von Kirchgemeinde, Kitateam, Kulturverein und auch der Schule: das hat sich in den letzten Jahren bei\u2026","rel":"","context":"In &quot;Kirche&quot;","block_context":{"text":"Kirche","link":"https:\/\/paulinenaue.info\/index.php\/category\/kirche\/"},"img":{"alt_text":"","src":"https:\/\/i0.wp.com\/paulinenaue.info\/wp-content\/uploads\/2016\/03\/20121201_weihnachtsmarkt_04_ft.jpg?resize=350%2C200&ssl=1","width":350,"height":200},"classes":[]},{"id":558,"url":"https:\/\/paulinenaue.info\/index.php\/zehnter-paulinenauer-weihnachtsmarkt\/","url_meta":{"origin":6287,"position":1},"title":"Zehnter Paulinenauer Weihnachtsmarkt","author":"Joachim Scholz","date":"28. November 2016","format":false,"excerpt":"Einen Weihnachtsmarkt abzuhalten, wie es in anderen Orten hier und dort bereits \u00fcblich war, geh\u00f6rte im Herbst 2006 zu den ersten Zielen und Vorhaben des neu gegr\u00fcndeten Paulinenauer Kulturvereins. Doch seitdem er vor zehn Jahren das erste Mal seine Pforten er\u00f6ffnete, wurde der Weihnachtsmarkt stets von Vielen gestaltet.\u00a02016 fand er\u2026","rel":"","context":"In &quot;Allgemein&quot;","block_context":{"text":"Allgemein","link":"https:\/\/paulinenaue.info\/index.php\/category\/allgemein\/"},"img":{"alt_text":"","src":"https:\/\/i0.wp.com\/paulinenaue.info\/wp-content\/uploads\/2016\/11\/DSC07450.jpg?resize=350%2C200&ssl=1","width":350,"height":200,"srcset":"https:\/\/i0.wp.com\/paulinenaue.info\/wp-content\/uploads\/2016\/11\/DSC07450.jpg?resize=350%2C200&ssl=1 1x, https:\/\/i0.wp.com\/paulinenaue.info\/wp-content\/uploads\/2016\/11\/DSC07450.jpg?resize=525%2C300&ssl=1 1.5x, https:\/\/i0.wp.com\/paulinenaue.info\/wp-content\/uploads\/2016\/11\/DSC07450.jpg?resize=700%2C400&ssl=1 2x"},"classes":[]},{"id":182,"url":"https:\/\/paulinenaue.info\/index.php\/der-paulinenauer-weihnachtsmarkt-in-diesem-jahr\/","url_meta":{"origin":6287,"position":2},"title":"Der Paulinenauer Weihnachtsmarkt in diesem Jahr","author":"Joachim Scholz","date":"22. M\u00e4rz 2016","format":false,"excerpt":"Joachim Scholz 28.11.2010. Eine feine Reifschicht bedeckte das Kirchengel\u00e4nde, als allen Terrorwarnungen im Lande zum Trotz viele Paulinenauer am Samstag vor dem ersten Advent auf den belebten Weihnachtsmarkt str\u00f6mten. Vor f\u00fcnf Jahren hatte der Kulturverein den Markt ins Leben gerufen, den seither die Vereine des Ortes und die Kirchengemeinde ohne\u2026","rel":"","context":"In &quot;Kulturverein&quot;","block_context":{"text":"Kulturverein","link":"https:\/\/paulinenaue.info\/index.php\/category\/kulturverein\/"},"img":{"alt_text":"","src":"https:\/\/i0.wp.com\/paulinenaue.info\/wp-content\/uploads\/2016\/03\/20101127_weihnachtsmarkt_03.jpg?resize=350%2C200&ssl=1","width":350,"height":200},"classes":[]},{"id":6380,"url":"https:\/\/paulinenaue.info\/index.php\/rueckblick-auf-den-weihnachtsmarkt-2011\/","url_meta":{"origin":6287,"position":3},"title":"R\u00fcckblick auf den Weihnachtsmarkt 2011","author":"Joachim Scholz","date":"26. November 2011","format":false,"excerpt":"26.11.2011. Auf bew\u00e4hrtem Gel\u00e4nde und zusammen mit Kita und Kirchgemeinde fand auch 2011 wieder der vom Kulturverein initiierte Weihnachtsmarkt statt. Der j\u00e4hrliche Termin hat sich mittlerweile auf den 1. Advent eingependelt. Auch wenn die Feuerwehr diesmal nicht dabei war und kein Kalender f\u00fcr das neue Jahr angeboten werden konnte, ist\u2026","rel":"","context":"In &quot;Allgemein&quot;","block_context":{"text":"Allgemein","link":"https:\/\/paulinenaue.info\/index.php\/category\/allgemein\/"},"img":{"alt_text":"","src":"https:\/\/i0.wp.com\/paulinenaue.info\/wp-content\/uploads\/2021\/12\/2012-11-26-Weihnachtsmarkt-Paulinenaue-05.jpg?resize=350%2C200&ssl=1","width":350,"height":200,"srcset":"https:\/\/i0.wp.com\/paulinenaue.info\/wp-content\/uploads\/2021\/12\/2012-11-26-Weihnachtsmarkt-Paulinenaue-05.jpg?resize=350%2C200&ssl=1 1x, https:\/\/i0.wp.com\/paulinenaue.info\/wp-content\/uploads\/2021\/12\/2012-11-26-Weihnachtsmarkt-Paulinenaue-05.jpg?resize=525%2C300&ssl=1 1.5x, https:\/\/i0.wp.com\/paulinenaue.info\/wp-content\/uploads\/2021\/12\/2012-11-26-Weihnachtsmarkt-Paulinenaue-05.jpg?resize=700%2C400&ssl=1 2x"},"classes":[]},{"id":5166,"url":"https:\/\/paulinenaue.info\/index.php\/mit-dem-weihnachtsmarkt-in-den-advent-2\/","url_meta":{"origin":6287,"position":4},"title":"Mit dem Weihnachtsmarkt in den Advent","author":"Sarah","date":"4. Dezember 2019","format":false,"excerpt":"Ein Highlight durfte auch in diesem Jahr nicht fehlen - der Weihnachtsmarkt rund um unsere Kirche. F\u00fcr mich ist es einer der sch\u00f6nsten, wenn nicht sogar der sch\u00f6nste! Wo findet man einen so gem\u00fctlichen, famili\u00e4ren Weihnachtsmarkt schon? Aber die tolle Atmosph\u00e4re entstand nicht nur durch die liebevolle Dekoration, sondern im\u2026","rel":"","context":"In &quot;Allgemein&quot;","block_context":{"text":"Allgemein","link":"https:\/\/paulinenaue.info\/index.php\/category\/allgemein\/"},"img":{"alt_text":"","src":"https:\/\/i0.wp.com\/paulinenaue.info\/wp-content\/uploads\/2019\/12\/7-scaled.jpg?resize=350%2C200&ssl=1","width":350,"height":200,"srcset":"https:\/\/i0.wp.com\/paulinenaue.info\/wp-content\/uploads\/2019\/12\/7-scaled.jpg?resize=350%2C200&ssl=1 1x, https:\/\/i0.wp.com\/paulinenaue.info\/wp-content\/uploads\/2019\/12\/7-scaled.jpg?resize=525%2C300&ssl=1 1.5x, https:\/\/i0.wp.com\/paulinenaue.info\/wp-content\/uploads\/2019\/12\/7-scaled.jpg?resize=700%2C400&ssl=1 2x, https:\/\/i0.wp.com\/paulinenaue.info\/wp-content\/uploads\/2019\/12\/7-scaled.jpg?resize=1050%2C600&ssl=1 3x, https:\/\/i0.wp.com\/paulinenaue.info\/wp-content\/uploads\/2019\/12\/7-scaled.jpg?resize=1400%2C800&ssl=1 4x"},"classes":[]},{"id":418593,"url":"https:\/\/paulinenaue.info\/index.php\/willkommen-auf-dem-weihnachtsmarkt\/","url_meta":{"origin":6287,"position":5},"title":"Willkommen auf dem 17. Paulinenauer Weihnachtsmarkt","author":"Joachim Scholz","date":"30. November 2025","format":false,"excerpt":"29.11.2025. Wer hatte einst die Idee, die Paulinenauer Weihnachtsm\u00e4rkte durchzunummerieren und wird eigentlich noch richtig gez\u00e4hlt? Dass im Jahr 2006 der damals frisch gegr\u00fcndete Paulinenauer Kulturverein seiner ersten gr\u00f6\u00dferen Veranstaltung die Premiere in den Titel einschrieb (\u201e1. Paulinenauer Weihnachtsmarkt\u201c) ist wohl der Grund. Danach wurde einfach weitergez\u00e4hlt. In der Coronazeit\u2026","rel":"","context":"In &quot;Ehrenamt&quot;","block_context":{"text":"Ehrenamt","link":"https:\/\/paulinenaue.info\/index.php\/category\/ehrenamt\/"},"img":{"alt_text":"","src":"https:\/\/i0.wp.com\/paulinenaue.info\/wp-content\/uploads\/2025\/11\/DSC02019.jpeg?resize=350%2C200&ssl=1","width":350,"height":200,"srcset":"https:\/\/i0.wp.com\/paulinenaue.info\/wp-content\/uploads\/2025\/11\/DSC02019.jpeg?resize=350%2C200&ssl=1 1x, https:\/\/i0.wp.com\/paulinenaue.info\/wp-content\/uploads\/2025\/11\/DSC02019.jpeg?resize=525%2C300&ssl=1 1.5x, https:\/\/i0.wp.com\/paulinenaue.info\/wp-content\/uploads\/2025\/11\/DSC02019.jpeg?resize=700%2C400&ssl=1 2x"},"classes":[]}],"_links":{"self":[{"href":"https:\/\/paulinenaue.info\/index.php\/wp-json\/wp\/v2\/posts\/6287","targetHints":{"allow":["GET"]}}],"collection":[{"href":"https:\/\/paulinenaue.info\/index.php\/wp-json\/wp\/v2\/posts"}],"about":[{"href":"https:\/\/paulinenaue.info\/index.php\/wp-json\/wp\/v2\/types\/post"}],"author":[{"embeddable":true,"href":"https:\/\/paulinenaue.info\/index.php\/wp-json\/wp\/v2\/users\/3"}],"replies":[{"embeddable":true,"href":"https:\/\/paulinenaue.info\/index.php\/wp-json\/wp\/v2\/comments?post=6287"}],"version-history":[{"count":1,"href":"https:\/\/paulinenaue.info\/index.php\/wp-json\/wp\/v2\/posts\/6287\/revisions"}],"predecessor-version":[{"id":6289,"href":"https:\/\/paulinenaue.info\/index.php\/wp-json\/wp\/v2\/posts\/6287\/revisions\/6289"}],"wp:featuredmedia":[{"embeddable":true,"href":"https:\/\/paulinenaue.info\/index.php\/wp-json\/wp\/v2\/media\/5184"}],"wp:attachment":[{"href":"https:\/\/paulinenaue.info\/index.php\/wp-json\/wp\/v2\/media?parent=6287"}],"wp:term":[{"taxonomy":"category","embeddable":true,"href":"https:\/\/paulinenaue.info\/index.php\/wp-json\/wp\/v2\/categories?post=6287"},{"taxonomy":"post_tag","embeddable":true,"href":"https:\/\/paulinenaue.info\/index.php\/wp-json\/wp\/v2\/tags?post=6287"}],"curies":[{"name":"wp","href":"https:\/\/api.w.org\/{rel}","templated":true}]}}