{"id":6316,"date":"2008-08-19T23:21:57","date_gmt":"2008-08-19T21:21:57","guid":{"rendered":"https:\/\/paulinenaue.info\/?p=6316"},"modified":"2025-05-30T02:07:00","modified_gmt":"2025-05-30T00:07:00","slug":"bahnhofstrasse-bekommt-bitumendecke","status":"publish","type":"post","link":"https:\/\/paulinenaue.info\/index.php\/bahnhofstrasse-bekommt-bitumendecke\/","title":{"rendered":"Bahnhofstra\u00dfe bekommt Bitumendecke"},"content":{"rendered":"<p>18.08.2008. Nach wochenlanger Bauphase erh\u00e4lt die Paulinenauer Bahnhofstra\u00dfe nun ein ansehnliches Asphaltkleid, das in Schichten aufgetragen wird. Eberhard Schwarz gibt mit der Kamera eine Momentaufnahme der Situation am Montag, dem 18.08.2008.<\/p>\n<div id=\"attachment_6317\" style=\"width: 610px\" class=\"wp-caption alignnone\"><a href=\"https:\/\/paulinenaue.info\/wp-content\/uploads\/2021\/11\/2008-08-18_bahnhofstrasse_bitumendecke_01_es.jpg\"><img decoding=\"async\" aria-describedby=\"caption-attachment-6317\" data-attachment-id=\"6317\" data-permalink=\"https:\/\/paulinenaue.info\/index.php\/bahnhofstrasse-bekommt-bitumendecke\/2008-08-18_bahnhofstrasse_bitumendecke_01_es\/\" data-orig-file=\"https:\/\/paulinenaue.info\/wp-content\/uploads\/2021\/11\/2008-08-18_bahnhofstrasse_bitumendecke_01_es.jpg\" data-orig-size=\"1000,750\" data-comments-opened=\"1\" data-image-meta=\"{&quot;aperture&quot;:&quot;5.6&quot;,&quot;credit&quot;:&quot;&quot;,&quot;camera&quot;:&quot;DSC-P72&quot;,&quot;caption&quot;:&quot;&quot;,&quot;created_timestamp&quot;:&quot;1219079211&quot;,&quot;copyright&quot;:&quot;&quot;,&quot;focal_length&quot;:&quot;6&quot;,&quot;iso&quot;:&quot;100&quot;,&quot;shutter_speed&quot;:&quot;0.005&quot;,&quot;title&quot;:&quot;&quot;,&quot;orientation&quot;:&quot;1&quot;}\" data-image-title=\"2008-08-18_bahnhofstrasse_bitumendecke_01_es\" data-image-description=\"&lt;p&gt;Die Paulinenauer Bahnhofstra\u00dfe mit neuer Beschichtung im Sommer 008 &lt;\/p&gt;\n\" data-image-caption=\"&lt;p&gt;In Richtung Br\u00e4dikow gleitet der Blick dahin wie auf einer Rollbahn. Foto: Eberhard Schwarz, 2008&lt;\/p&gt;\n\" data-large-file=\"https:\/\/paulinenaue.info\/wp-content\/uploads\/2021\/11\/2008-08-18_bahnhofstrasse_bitumendecke_01_es.jpg\" class=\"lazyload wp-image-6317 size-fusion-600\" src=\"https:\/\/paulinenaue.info\/wp-content\/uploads\/2021\/11\/2008-08-18_bahnhofstrasse_bitumendecke_01_es-600x450.jpg\" data-orig-src=\"https:\/\/paulinenaue.info\/wp-content\/uploads\/2021\/11\/2008-08-18_bahnhofstrasse_bitumendecke_01_es-600x450.jpg\" alt=\"\" width=\"600\" height=\"450\" srcset=\"data:image\/svg+xml,%3Csvg%20xmlns%3D%27http%3A%2F%2Fwww.w3.org%2F2000%2Fsvg%27%20width%3D%27600%27%20height%3D%27450%27%20viewBox%3D%270%200%20600%20450%27%3E%3Crect%20width%3D%27600%27%20height%3D%27450%27%20fill-opacity%3D%220%22%2F%3E%3C%2Fsvg%3E\" data-srcset=\"https:\/\/paulinenaue.info\/wp-content\/uploads\/2021\/11\/2008-08-18_bahnhofstrasse_bitumendecke_01_es-200x150.jpg 200w, https:\/\/paulinenaue.info\/wp-content\/uploads\/2021\/11\/2008-08-18_bahnhofstrasse_bitumendecke_01_es-300x225.jpg 300w, https:\/\/paulinenaue.info\/wp-content\/uploads\/2021\/11\/2008-08-18_bahnhofstrasse_bitumendecke_01_es-400x300.jpg 400w, https:\/\/paulinenaue.info\/wp-content\/uploads\/2021\/11\/2008-08-18_bahnhofstrasse_bitumendecke_01_es-600x450.jpg 600w, https:\/\/paulinenaue.info\/wp-content\/uploads\/2021\/11\/2008-08-18_bahnhofstrasse_bitumendecke_01_es-768x576.jpg 768w, https:\/\/paulinenaue.info\/wp-content\/uploads\/2021\/11\/2008-08-18_bahnhofstrasse_bitumendecke_01_es-800x600.jpg 800w, https:\/\/paulinenaue.info\/wp-content\/uploads\/2021\/11\/2008-08-18_bahnhofstrasse_bitumendecke_01_es.jpg 1000w\" data-sizes=\"auto\" data-orig-sizes=\"(max-width: 600px) 100vw, 600px\" \/><\/a><p id=\"caption-attachment-6317\" class=\"wp-caption-text\"><em>In Richtung Br\u00e4dikow gleitet der Blick dahin wie auf einer Rollbahn. Foto: E. Schwarz, 2008.<\/em><\/p><\/div>\n<p>&nbsp;<\/p>\n<div id=\"attachment_6318\" style=\"width: 610px\" class=\"wp-caption alignnone\"><a href=\"https:\/\/paulinenaue.info\/wp-content\/uploads\/2021\/11\/2008-08-18_bahnhofstrasse_bitumendecke_02_es.jpg\"><img decoding=\"async\" aria-describedby=\"caption-attachment-6318\" data-attachment-id=\"6318\" data-permalink=\"https:\/\/paulinenaue.info\/index.php\/bahnhofstrasse-bekommt-bitumendecke\/2008-08-18_bahnhofstrasse_bitumendecke_02_es\/\" data-orig-file=\"https:\/\/paulinenaue.info\/wp-content\/uploads\/2021\/11\/2008-08-18_bahnhofstrasse_bitumendecke_02_es.jpg\" data-orig-size=\"1000,750\" data-comments-opened=\"1\" data-image-meta=\"{&quot;aperture&quot;:&quot;5.6&quot;,&quot;credit&quot;:&quot;&quot;,&quot;camera&quot;:&quot;DSC-P72&quot;,&quot;caption&quot;:&quot;&quot;,&quot;created_timestamp&quot;:&quot;1219079482&quot;,&quot;copyright&quot;:&quot;&quot;,&quot;focal_length&quot;:&quot;6&quot;,&quot;iso&quot;:&quot;100&quot;,&quot;shutter_speed&quot;:&quot;0.0125&quot;,&quot;title&quot;:&quot;&quot;,&quot;orientation&quot;:&quot;1&quot;}\" data-image-title=\"2008-08-18_bahnhofstrasse_bitumendecke_02_es\" data-image-description=\"\" data-image-caption=\"&lt;p&gt;Hohe Kanten und ein gegen\u00fcber dem grauen Gehsteig sehr breit geratener Radweg, der angeblich Voraussetzung zum Erhalt von F\u00f6rdermitteln war, hatten mancherlei Besorgnisse gen\u00e4hrt. Bald wird sich zeigen, ob man mit der neuen Situation zufrieden sein kann. Foto: Eberhard Schwarz, 2008&lt;\/p&gt;\n\" data-large-file=\"https:\/\/paulinenaue.info\/wp-content\/uploads\/2021\/11\/2008-08-18_bahnhofstrasse_bitumendecke_02_es.jpg\" class=\"lazyload wp-image-6318 size-fusion-600\" src=\"https:\/\/paulinenaue.info\/wp-content\/uploads\/2021\/11\/2008-08-18_bahnhofstrasse_bitumendecke_02_es-600x450.jpg\" data-orig-src=\"https:\/\/paulinenaue.info\/wp-content\/uploads\/2021\/11\/2008-08-18_bahnhofstrasse_bitumendecke_02_es-600x450.jpg\" alt=\"\" width=\"600\" height=\"450\" srcset=\"data:image\/svg+xml,%3Csvg%20xmlns%3D%27http%3A%2F%2Fwww.w3.org%2F2000%2Fsvg%27%20width%3D%27600%27%20height%3D%27450%27%20viewBox%3D%270%200%20600%20450%27%3E%3Crect%20width%3D%27600%27%20height%3D%27450%27%20fill-opacity%3D%220%22%2F%3E%3C%2Fsvg%3E\" data-srcset=\"https:\/\/paulinenaue.info\/wp-content\/uploads\/2021\/11\/2008-08-18_bahnhofstrasse_bitumendecke_02_es-200x150.jpg 200w, https:\/\/paulinenaue.info\/wp-content\/uploads\/2021\/11\/2008-08-18_bahnhofstrasse_bitumendecke_02_es-300x225.jpg 300w, https:\/\/paulinenaue.info\/wp-content\/uploads\/2021\/11\/2008-08-18_bahnhofstrasse_bitumendecke_02_es-400x300.jpg 400w, https:\/\/paulinenaue.info\/wp-content\/uploads\/2021\/11\/2008-08-18_bahnhofstrasse_bitumendecke_02_es-600x450.jpg 600w, https:\/\/paulinenaue.info\/wp-content\/uploads\/2021\/11\/2008-08-18_bahnhofstrasse_bitumendecke_02_es-768x576.jpg 768w, https:\/\/paulinenaue.info\/wp-content\/uploads\/2021\/11\/2008-08-18_bahnhofstrasse_bitumendecke_02_es-800x600.jpg 800w, https:\/\/paulinenaue.info\/wp-content\/uploads\/2021\/11\/2008-08-18_bahnhofstrasse_bitumendecke_02_es.jpg 1000w\" data-sizes=\"auto\" data-orig-sizes=\"(max-width: 600px) 100vw, 600px\" \/><\/a><p id=\"caption-attachment-6318\" class=\"wp-caption-text\"><em>Hohe Kanten und ein gegen\u00fcber dem grauen Gehsteig sehr breit geratener Radweg, der angeblich Voraussetzung zum Erhalt von F\u00f6rdermitteln war, hatten mancherlei Besorgnisse gen\u00e4hrt. Bald wird sich zeigen, ob man mit der neuen Situation zufrieden sein kann. Foto: E. Schwarz, 2008.<\/em><\/p><\/div>\n<p>&nbsp;<\/p>\n<div id=\"attachment_6319\" style=\"width: 610px\" class=\"wp-caption alignnone\"><a href=\"https:\/\/paulinenaue.info\/wp-content\/uploads\/2021\/11\/2008-08-18_bahnhofstrasse_bitumendecke_03_es.jpg\"><img decoding=\"async\" aria-describedby=\"caption-attachment-6319\" data-attachment-id=\"6319\" data-permalink=\"https:\/\/paulinenaue.info\/index.php\/bahnhofstrasse-bekommt-bitumendecke\/2008-08-18_bahnhofstrasse_bitumendecke_03_es\/\" data-orig-file=\"https:\/\/paulinenaue.info\/wp-content\/uploads\/2021\/11\/2008-08-18_bahnhofstrasse_bitumendecke_03_es.jpg\" data-orig-size=\"1000,750\" data-comments-opened=\"1\" data-image-meta=\"{&quot;aperture&quot;:&quot;5.6&quot;,&quot;credit&quot;:&quot;&quot;,&quot;camera&quot;:&quot;DSC-P72&quot;,&quot;caption&quot;:&quot;&quot;,&quot;created_timestamp&quot;:&quot;1219079837&quot;,&quot;copyright&quot;:&quot;&quot;,&quot;focal_length&quot;:&quot;6&quot;,&quot;iso&quot;:&quot;100&quot;,&quot;shutter_speed&quot;:&quot;0.008&quot;,&quot;title&quot;:&quot;&quot;,&quot;orientation&quot;:&quot;1&quot;}\" data-image-title=\"2008-08-18_bahnhofstrasse_bitumendecke_03_es\" data-image-description=\"\" data-image-caption=\"&lt;p&gt;Auf den ersten Blick k\u00f6nnen sich die Resultate durchaus sehen lassen. Foto: Eberhard Schwarz, 2008&lt;\/p&gt;\n\" data-large-file=\"https:\/\/paulinenaue.info\/wp-content\/uploads\/2021\/11\/2008-08-18_bahnhofstrasse_bitumendecke_03_es.jpg\" class=\"lazyload wp-image-6319 size-fusion-600\" src=\"https:\/\/paulinenaue.info\/wp-content\/uploads\/2021\/11\/2008-08-18_bahnhofstrasse_bitumendecke_03_es-600x450.jpg\" data-orig-src=\"https:\/\/paulinenaue.info\/wp-content\/uploads\/2021\/11\/2008-08-18_bahnhofstrasse_bitumendecke_03_es-600x450.jpg\" alt=\"\" width=\"600\" height=\"450\" srcset=\"data:image\/svg+xml,%3Csvg%20xmlns%3D%27http%3A%2F%2Fwww.w3.org%2F2000%2Fsvg%27%20width%3D%27600%27%20height%3D%27450%27%20viewBox%3D%270%200%20600%20450%27%3E%3Crect%20width%3D%27600%27%20height%3D%27450%27%20fill-opacity%3D%220%22%2F%3E%3C%2Fsvg%3E\" data-srcset=\"https:\/\/paulinenaue.info\/wp-content\/uploads\/2021\/11\/2008-08-18_bahnhofstrasse_bitumendecke_03_es-200x150.jpg 200w, https:\/\/paulinenaue.info\/wp-content\/uploads\/2021\/11\/2008-08-18_bahnhofstrasse_bitumendecke_03_es-300x225.jpg 300w, https:\/\/paulinenaue.info\/wp-content\/uploads\/2021\/11\/2008-08-18_bahnhofstrasse_bitumendecke_03_es-400x300.jpg 400w, https:\/\/paulinenaue.info\/wp-content\/uploads\/2021\/11\/2008-08-18_bahnhofstrasse_bitumendecke_03_es-600x450.jpg 600w, https:\/\/paulinenaue.info\/wp-content\/uploads\/2021\/11\/2008-08-18_bahnhofstrasse_bitumendecke_03_es-768x576.jpg 768w, https:\/\/paulinenaue.info\/wp-content\/uploads\/2021\/11\/2008-08-18_bahnhofstrasse_bitumendecke_03_es-800x600.jpg 800w, https:\/\/paulinenaue.info\/wp-content\/uploads\/2021\/11\/2008-08-18_bahnhofstrasse_bitumendecke_03_es.jpg 1000w\" data-sizes=\"auto\" data-orig-sizes=\"(max-width: 600px) 100vw, 600px\" \/><\/a><p id=\"caption-attachment-6319\" class=\"wp-caption-text\"><em>Auf den ersten Blick k\u00f6nnen sich die Resultate durchaus sehen lassen. Foto: E. Schwarz, 2008.<\/em><\/p><\/div>\n<p>&nbsp;<\/p>\n<div id=\"attachment_6320\" style=\"width: 610px\" class=\"wp-caption alignnone\"><a href=\"https:\/\/paulinenaue.info\/wp-content\/uploads\/2021\/11\/2008-08-18_bahnhofstrasse_bitumendecke_04_es.jpg\"><img decoding=\"async\" aria-describedby=\"caption-attachment-6320\" data-attachment-id=\"6320\" data-permalink=\"https:\/\/paulinenaue.info\/index.php\/bahnhofstrasse-bekommt-bitumendecke\/2008-08-18_bahnhofstrasse_bitumendecke_04_es\/\" data-orig-file=\"https:\/\/paulinenaue.info\/wp-content\/uploads\/2021\/11\/2008-08-18_bahnhofstrasse_bitumendecke_04_es.jpg\" data-orig-size=\"1000,750\" data-comments-opened=\"1\" data-image-meta=\"{&quot;aperture&quot;:&quot;5.6&quot;,&quot;credit&quot;:&quot;&quot;,&quot;camera&quot;:&quot;DSC-P72&quot;,&quot;caption&quot;:&quot;&quot;,&quot;created_timestamp&quot;:&quot;1219079946&quot;,&quot;copyright&quot;:&quot;&quot;,&quot;focal_length&quot;:&quot;18&quot;,&quot;iso&quot;:&quot;100&quot;,&quot;shutter_speed&quot;:&quot;0.01&quot;,&quot;title&quot;:&quot;&quot;,&quot;orientation&quot;:&quot;1&quot;}\" data-image-title=\"2008-08-18_bahnhofstrasse_bitumendecke_04_es\" data-image-description=\"\" data-image-caption=\"&lt;p&gt;Schweres Ger\u00e4t verdichtet die neue Asphaltdecke. Foto: Eberhard Schwarz, 2008&lt;\/p&gt;\n\" data-large-file=\"https:\/\/paulinenaue.info\/wp-content\/uploads\/2021\/11\/2008-08-18_bahnhofstrasse_bitumendecke_04_es.jpg\" class=\"lazyload wp-image-6320 size-fusion-600\" src=\"https:\/\/paulinenaue.info\/wp-content\/uploads\/2021\/11\/2008-08-18_bahnhofstrasse_bitumendecke_04_es-600x450.jpg\" data-orig-src=\"https:\/\/paulinenaue.info\/wp-content\/uploads\/2021\/11\/2008-08-18_bahnhofstrasse_bitumendecke_04_es-600x450.jpg\" alt=\"\" width=\"600\" height=\"450\" srcset=\"data:image\/svg+xml,%3Csvg%20xmlns%3D%27http%3A%2F%2Fwww.w3.org%2F2000%2Fsvg%27%20width%3D%27600%27%20height%3D%27450%27%20viewBox%3D%270%200%20600%20450%27%3E%3Crect%20width%3D%27600%27%20height%3D%27450%27%20fill-opacity%3D%220%22%2F%3E%3C%2Fsvg%3E\" data-srcset=\"https:\/\/paulinenaue.info\/wp-content\/uploads\/2021\/11\/2008-08-18_bahnhofstrasse_bitumendecke_04_es-200x150.jpg 200w, https:\/\/paulinenaue.info\/wp-content\/uploads\/2021\/11\/2008-08-18_bahnhofstrasse_bitumendecke_04_es-300x225.jpg 300w, https:\/\/paulinenaue.info\/wp-content\/uploads\/2021\/11\/2008-08-18_bahnhofstrasse_bitumendecke_04_es-400x300.jpg 400w, https:\/\/paulinenaue.info\/wp-content\/uploads\/2021\/11\/2008-08-18_bahnhofstrasse_bitumendecke_04_es-600x450.jpg 600w, https:\/\/paulinenaue.info\/wp-content\/uploads\/2021\/11\/2008-08-18_bahnhofstrasse_bitumendecke_04_es-768x576.jpg 768w, https:\/\/paulinenaue.info\/wp-content\/uploads\/2021\/11\/2008-08-18_bahnhofstrasse_bitumendecke_04_es-800x600.jpg 800w, https:\/\/paulinenaue.info\/wp-content\/uploads\/2021\/11\/2008-08-18_bahnhofstrasse_bitumendecke_04_es.jpg 1000w\" data-sizes=\"auto\" data-orig-sizes=\"(max-width: 600px) 100vw, 600px\" \/><\/a><p id=\"caption-attachment-6320\" class=\"wp-caption-text\"><em>Schweres Ger\u00e4t verdichtet die neue Asphaltdecke. Foto: E. Schwarz, 2008.<\/em><\/p><\/div>\n<p>&nbsp;<\/p>\n<div id=\"attachment_6321\" style=\"width: 610px\" class=\"wp-caption alignnone\"><a href=\"https:\/\/paulinenaue.info\/wp-content\/uploads\/2021\/11\/2008-08-18_bahnhofstrasse_bitumendecke_05_es.jpg\"><img decoding=\"async\" aria-describedby=\"caption-attachment-6321\" data-attachment-id=\"6321\" data-permalink=\"https:\/\/paulinenaue.info\/index.php\/bahnhofstrasse-bekommt-bitumendecke\/2008-08-18_bahnhofstrasse_bitumendecke_05_es\/\" data-orig-file=\"https:\/\/paulinenaue.info\/wp-content\/uploads\/2021\/11\/2008-08-18_bahnhofstrasse_bitumendecke_05_es.jpg\" data-orig-size=\"1000,750\" data-comments-opened=\"1\" data-image-meta=\"{&quot;aperture&quot;:&quot;5.6&quot;,&quot;credit&quot;:&quot;&quot;,&quot;camera&quot;:&quot;DSC-P72&quot;,&quot;caption&quot;:&quot;&quot;,&quot;created_timestamp&quot;:&quot;1219080060&quot;,&quot;copyright&quot;:&quot;&quot;,&quot;focal_length&quot;:&quot;6&quot;,&quot;iso&quot;:&quot;100&quot;,&quot;shutter_speed&quot;:&quot;0.01&quot;,&quot;title&quot;:&quot;&quot;,&quot;orientation&quot;:&quot;1&quot;}\" data-image-title=\"2008-08-18_bahnhofstrasse_bitumendecke_05_es\" data-image-description=\"\" data-image-caption=\"&lt;p&gt;Gegen\u00fcber der Kita Paulinchen, wo heute die aktuellen Vorg\u00e4nge sicherlich Attraktion gewesen sind. Foto: Eberhard Schwarz, 2008&lt;\/p&gt;\n\" data-large-file=\"https:\/\/paulinenaue.info\/wp-content\/uploads\/2021\/11\/2008-08-18_bahnhofstrasse_bitumendecke_05_es.jpg\" class=\"lazyload wp-image-6321 size-fusion-600\" src=\"https:\/\/paulinenaue.info\/wp-content\/uploads\/2021\/11\/2008-08-18_bahnhofstrasse_bitumendecke_05_es-600x450.jpg\" data-orig-src=\"https:\/\/paulinenaue.info\/wp-content\/uploads\/2021\/11\/2008-08-18_bahnhofstrasse_bitumendecke_05_es-600x450.jpg\" alt=\"\" width=\"600\" height=\"450\" srcset=\"data:image\/svg+xml,%3Csvg%20xmlns%3D%27http%3A%2F%2Fwww.w3.org%2F2000%2Fsvg%27%20width%3D%27600%27%20height%3D%27450%27%20viewBox%3D%270%200%20600%20450%27%3E%3Crect%20width%3D%27600%27%20height%3D%27450%27%20fill-opacity%3D%220%22%2F%3E%3C%2Fsvg%3E\" data-srcset=\"https:\/\/paulinenaue.info\/wp-content\/uploads\/2021\/11\/2008-08-18_bahnhofstrasse_bitumendecke_05_es-200x150.jpg 200w, https:\/\/paulinenaue.info\/wp-content\/uploads\/2021\/11\/2008-08-18_bahnhofstrasse_bitumendecke_05_es-300x225.jpg 300w, https:\/\/paulinenaue.info\/wp-content\/uploads\/2021\/11\/2008-08-18_bahnhofstrasse_bitumendecke_05_es-400x300.jpg 400w, https:\/\/paulinenaue.info\/wp-content\/uploads\/2021\/11\/2008-08-18_bahnhofstrasse_bitumendecke_05_es-600x450.jpg 600w, https:\/\/paulinenaue.info\/wp-content\/uploads\/2021\/11\/2008-08-18_bahnhofstrasse_bitumendecke_05_es-768x576.jpg 768w, https:\/\/paulinenaue.info\/wp-content\/uploads\/2021\/11\/2008-08-18_bahnhofstrasse_bitumendecke_05_es-800x600.jpg 800w, https:\/\/paulinenaue.info\/wp-content\/uploads\/2021\/11\/2008-08-18_bahnhofstrasse_bitumendecke_05_es.jpg 1000w\" data-sizes=\"auto\" data-orig-sizes=\"(max-width: 600px) 100vw, 600px\" \/><\/a><p id=\"caption-attachment-6321\" class=\"wp-caption-text\"><em>Gegen\u00fcber der Kita Paulinchen, wo heute die aktuellen Vorg\u00e4nge sicherlich Attraktion gewesen sind. Foto: E. Schwarz, 2008.<\/em><\/p><\/div>\n<p>&nbsp;<\/p>\n<div id=\"attachment_6322\" style=\"width: 610px\" class=\"wp-caption alignnone\"><a href=\"https:\/\/paulinenaue.info\/wp-content\/uploads\/2021\/11\/2008-08-18_bahnhofstrasse_bitumendecke_06_es.jpg\"><img decoding=\"async\" aria-describedby=\"caption-attachment-6322\" data-attachment-id=\"6322\" data-permalink=\"https:\/\/paulinenaue.info\/index.php\/bahnhofstrasse-bekommt-bitumendecke\/2008-08-18_bahnhofstrasse_bitumendecke_06_es\/\" data-orig-file=\"https:\/\/paulinenaue.info\/wp-content\/uploads\/2021\/11\/2008-08-18_bahnhofstrasse_bitumendecke_06_es.jpg\" data-orig-size=\"1010,758\" data-comments-opened=\"1\" data-image-meta=\"{&quot;aperture&quot;:&quot;5.6&quot;,&quot;credit&quot;:&quot;&quot;,&quot;camera&quot;:&quot;DSC-P72&quot;,&quot;caption&quot;:&quot;&quot;,&quot;created_timestamp&quot;:&quot;1219080263&quot;,&quot;copyright&quot;:&quot;&quot;,&quot;focal_length&quot;:&quot;6&quot;,&quot;iso&quot;:&quot;100&quot;,&quot;shutter_speed&quot;:&quot;0.00625&quot;,&quot;title&quot;:&quot;&quot;,&quot;orientation&quot;:&quot;1&quot;}\" data-image-title=\"2008-08-18_bahnhofstrasse_bitumendecke_06_es\" data-image-description=\"&lt;p&gt;Eine Verkehrsinsel entsteht an der Einm\u00fcndung von Brandenburger Allee und Bienenfarmer Weg&lt;\/p&gt;\n\" data-image-caption=\"&lt;p&gt;Eine Verkehrsinsel entsteht an der Einm\u00fcndung von Brandenburger Allee und Bienenfarmer Weg. Foto: Eberhard Schwarz, 2008&lt;\/p&gt;\n\" data-large-file=\"https:\/\/paulinenaue.info\/wp-content\/uploads\/2021\/11\/2008-08-18_bahnhofstrasse_bitumendecke_06_es.jpg\" class=\"lazyload wp-image-6322 size-fusion-600\" src=\"https:\/\/paulinenaue.info\/wp-content\/uploads\/2021\/11\/2008-08-18_bahnhofstrasse_bitumendecke_06_es-600x450.jpg\" data-orig-src=\"https:\/\/paulinenaue.info\/wp-content\/uploads\/2021\/11\/2008-08-18_bahnhofstrasse_bitumendecke_06_es-600x450.jpg\" alt=\"\" width=\"600\" height=\"450\" srcset=\"data:image\/svg+xml,%3Csvg%20xmlns%3D%27http%3A%2F%2Fwww.w3.org%2F2000%2Fsvg%27%20width%3D%27600%27%20height%3D%27450%27%20viewBox%3D%270%200%20600%20450%27%3E%3Crect%20width%3D%27600%27%20height%3D%27450%27%20fill-opacity%3D%220%22%2F%3E%3C%2Fsvg%3E\" data-srcset=\"https:\/\/paulinenaue.info\/wp-content\/uploads\/2021\/11\/2008-08-18_bahnhofstrasse_bitumendecke_06_es-200x150.jpg 200w, https:\/\/paulinenaue.info\/wp-content\/uploads\/2021\/11\/2008-08-18_bahnhofstrasse_bitumendecke_06_es-300x225.jpg 300w, https:\/\/paulinenaue.info\/wp-content\/uploads\/2021\/11\/2008-08-18_bahnhofstrasse_bitumendecke_06_es-400x300.jpg 400w, https:\/\/paulinenaue.info\/wp-content\/uploads\/2021\/11\/2008-08-18_bahnhofstrasse_bitumendecke_06_es-600x450.jpg 600w, https:\/\/paulinenaue.info\/wp-content\/uploads\/2021\/11\/2008-08-18_bahnhofstrasse_bitumendecke_06_es-768x576.jpg 768w, https:\/\/paulinenaue.info\/wp-content\/uploads\/2021\/11\/2008-08-18_bahnhofstrasse_bitumendecke_06_es-800x600.jpg 800w, https:\/\/paulinenaue.info\/wp-content\/uploads\/2021\/11\/2008-08-18_bahnhofstrasse_bitumendecke_06_es.jpg 1010w\" data-sizes=\"auto\" data-orig-sizes=\"(max-width: 600px) 100vw, 600px\" \/><\/a><p id=\"caption-attachment-6322\" class=\"wp-caption-text\"><em>Eine Verkehrsinsel entsteht an der Einm\u00fcndung von Brandenburger Allee und Bienenfarmer Weg. Foto: E. Schwarz, 2008.<\/em><\/p><\/div>\n","protected":false},"excerpt":{"rendered":"<p>18.08.2008. Nach wochenlanger Bauphase erh\u00e4lt die Paulinenauer Bahnhofstra\u00dfe nun ein [&hellip;]<\/p>\n","protected":false},"author":1,"featured_media":6322,"comment_status":"open","ping_status":"open","sticky":false,"template":"","format":"standard","meta":{"_acf_changed":false,"_price":"","_stock":"","_tribe_ticket_header":"","_tribe_default_ticket_provider":"","_tribe_ticket_capacity":"0","_ticket_start_date":"","_ticket_end_date":"","_tribe_ticket_show_description":"","_tribe_ticket_show_not_going":false,"_tribe_ticket_use_global_stock":"","_tribe_ticket_global_stock_level":"","_global_stock_mode":"","_global_stock_cap":"","_tribe_rsvp_for_event":"","_tribe_ticket_going_count":"","_tribe_ticket_not_going_count":"","_tribe_tickets_list":"[]","_tribe_ticket_has_attendee_info_fields":false,"jetpack_post_was_ever_published":false,"_jetpack_newsletter_access":"","_jetpack_dont_email_post_to_subs":false,"_jetpack_newsletter_tier_id":0,"_jetpack_memberships_contains_paywalled_content":false,"_jetpack_memberships_contains_paid_content":false,"footnotes":"","jetpack_publicize_message":"","jetpack_publicize_feature_enabled":true,"jetpack_social_post_already_shared":true,"jetpack_social_options":{"image_generator_settings":{"template":"highway","default_image_id":0,"font":"","enabled":false},"version":2}},"categories":[1,40,6,9],"tags":[197,421],"class_list":["post-6316","post","type-post","status-publish","format-standard","has-post-thumbnail","hentry","category-allgemein","category-dorfentwicklung","category-hier-zuhause","category-neuigkeiten","tag-bahnhofstrasse","tag-strassenbau"],"acf":[],"yoast_head":"<!-- This site is optimized with the Yoast SEO plugin v27.5 - https:\/\/yoast.com\/product\/yoast-seo-wordpress\/ -->\n<title>Bahnhofstra\u00dfe bekommt Bitumendecke - Paulinenaue<\/title>\n<meta name=\"description\" content=\"Im August 2008 erhielt die Paulinenauer Bahnhofstra\u00dfe ein neues Asphaltkleid, das in Schichten aufgetragen wurde.\" \/>\n<meta name=\"robots\" content=\"index, follow, max-snippet:-1, max-image-preview:large, max-video-preview:-1\" \/>\n<link rel=\"canonical\" href=\"https:\/\/paulinenaue.info\/index.php\/bahnhofstrasse-bekommt-bitumendecke\/\" \/>\n<meta property=\"og:locale\" content=\"de_DE\" \/>\n<meta property=\"og:type\" content=\"article\" \/>\n<meta property=\"og:title\" content=\"Bahnhofstra\u00dfe bekommt Bitumendecke - Paulinenaue\" \/>\n<meta property=\"og:description\" content=\"Im August 2008 erhielt die Paulinenauer Bahnhofstra\u00dfe ein neues Asphaltkleid, das in Schichten aufgetragen wurde.\" \/>\n<meta property=\"og:url\" content=\"https:\/\/paulinenaue.info\/index.php\/bahnhofstrasse-bekommt-bitumendecke\/\" \/>\n<meta property=\"og:site_name\" content=\"Paulinenaue\" \/>\n<meta property=\"article:published_time\" content=\"2008-08-19T21:21:57+00:00\" \/>\n<meta property=\"article:modified_time\" content=\"2025-05-30T00:07:00+00:00\" \/>\n<meta property=\"og:image\" content=\"https:\/\/paulinenaue.info\/wp-content\/uploads\/2021\/11\/2008-08-18_bahnhofstrasse_bitumendecke_06_es.jpg\" \/>\n\t<meta property=\"og:image:width\" content=\"1010\" \/>\n\t<meta property=\"og:image:height\" content=\"758\" \/>\n\t<meta property=\"og:image:type\" content=\"image\/jpeg\" \/>\n<meta name=\"author\" content=\"Joachim Scholz\" \/>\n<meta name=\"twitter:card\" content=\"summary_large_image\" \/>\n<meta name=\"twitter:label1\" content=\"Verfasst von\" \/>\n\t<meta name=\"twitter:data1\" content=\"Joachim Scholz\" \/>\n\t<meta name=\"twitter:label2\" content=\"Gesch\u00e4tzte Lesezeit\" \/>\n\t<meta name=\"twitter:data2\" content=\"3\u00a0Minuten\" \/>\n<script type=\"application\/ld+json\" class=\"yoast-schema-graph\">{\"@context\":\"https:\\\/\\\/schema.org\",\"@graph\":[{\"@type\":\"Article\",\"@id\":\"https:\\\/\\\/paulinenaue.info\\\/index.php\\\/bahnhofstrasse-bekommt-bitumendecke\\\/#article\",\"isPartOf\":{\"@id\":\"https:\\\/\\\/paulinenaue.info\\\/index.php\\\/bahnhofstrasse-bekommt-bitumendecke\\\/\"},\"author\":{\"name\":\"Joachim Scholz\",\"@id\":\"https:\\\/\\\/paulinenaue.info\\\/#\\\/schema\\\/person\\\/3f9e818fd7b69b0d2bd937ac506897cc\"},\"headline\":\"Bahnhofstra\u00dfe bekommt Bitumendecke\",\"datePublished\":\"2008-08-19T21:21:57+00:00\",\"dateModified\":\"2025-05-30T00:07:00+00:00\",\"mainEntityOfPage\":{\"@id\":\"https:\\\/\\\/paulinenaue.info\\\/index.php\\\/bahnhofstrasse-bekommt-bitumendecke\\\/\"},\"wordCount\":199,\"commentCount\":0,\"image\":{\"@id\":\"https:\\\/\\\/paulinenaue.info\\\/index.php\\\/bahnhofstrasse-bekommt-bitumendecke\\\/#primaryimage\"},\"thumbnailUrl\":\"https:\\\/\\\/paulinenaue.info\\\/wp-content\\\/uploads\\\/2021\\\/11\\\/2008-08-18_bahnhofstrasse_bitumendecke_06_es.jpg\",\"keywords\":[\"Bahnhofstra\u00dfe\",\"Stra\u00dfenbau\"],\"articleSection\":{\"1\":\"Dorfentwicklung\",\"2\":\"Hier Zuhause\",\"3\":\"Neuigkeiten\"},\"inLanguage\":\"de\",\"potentialAction\":[{\"@type\":\"CommentAction\",\"name\":\"Comment\",\"target\":[\"https:\\\/\\\/paulinenaue.info\\\/index.php\\\/bahnhofstrasse-bekommt-bitumendecke\\\/#respond\"]}]},{\"@type\":\"WebPage\",\"@id\":\"https:\\\/\\\/paulinenaue.info\\\/index.php\\\/bahnhofstrasse-bekommt-bitumendecke\\\/\",\"url\":\"https:\\\/\\\/paulinenaue.info\\\/index.php\\\/bahnhofstrasse-bekommt-bitumendecke\\\/\",\"name\":\"Bahnhofstra\u00dfe bekommt Bitumendecke - Paulinenaue\",\"isPartOf\":{\"@id\":\"https:\\\/\\\/paulinenaue.info\\\/#website\"},\"primaryImageOfPage\":{\"@id\":\"https:\\\/\\\/paulinenaue.info\\\/index.php\\\/bahnhofstrasse-bekommt-bitumendecke\\\/#primaryimage\"},\"image\":{\"@id\":\"https:\\\/\\\/paulinenaue.info\\\/index.php\\\/bahnhofstrasse-bekommt-bitumendecke\\\/#primaryimage\"},\"thumbnailUrl\":\"https:\\\/\\\/paulinenaue.info\\\/wp-content\\\/uploads\\\/2021\\\/11\\\/2008-08-18_bahnhofstrasse_bitumendecke_06_es.jpg\",\"datePublished\":\"2008-08-19T21:21:57+00:00\",\"dateModified\":\"2025-05-30T00:07:00+00:00\",\"author\":{\"@id\":\"https:\\\/\\\/paulinenaue.info\\\/#\\\/schema\\\/person\\\/3f9e818fd7b69b0d2bd937ac506897cc\"},\"description\":\"Im August 2008 erhielt die Paulinenauer Bahnhofstra\u00dfe ein neues Asphaltkleid, das in Schichten aufgetragen wurde.\",\"breadcrumb\":{\"@id\":\"https:\\\/\\\/paulinenaue.info\\\/index.php\\\/bahnhofstrasse-bekommt-bitumendecke\\\/#breadcrumb\"},\"inLanguage\":\"de\",\"potentialAction\":[{\"@type\":\"ReadAction\",\"target\":[\"https:\\\/\\\/paulinenaue.info\\\/index.php\\\/bahnhofstrasse-bekommt-bitumendecke\\\/\"]}]},{\"@type\":\"ImageObject\",\"inLanguage\":\"de\",\"@id\":\"https:\\\/\\\/paulinenaue.info\\\/index.php\\\/bahnhofstrasse-bekommt-bitumendecke\\\/#primaryimage\",\"url\":\"https:\\\/\\\/paulinenaue.info\\\/wp-content\\\/uploads\\\/2021\\\/11\\\/2008-08-18_bahnhofstrasse_bitumendecke_06_es.jpg\",\"contentUrl\":\"https:\\\/\\\/paulinenaue.info\\\/wp-content\\\/uploads\\\/2021\\\/11\\\/2008-08-18_bahnhofstrasse_bitumendecke_06_es.jpg\",\"width\":1010,\"height\":758,\"caption\":\"Eine Verkehrsinsel entsteht an der Einm\u00fcndung von Brandenburger Allee und Bienenfarmer Weg. Foto: Eberhard Schwarz, 2008\"},{\"@type\":\"BreadcrumbList\",\"@id\":\"https:\\\/\\\/paulinenaue.info\\\/index.php\\\/bahnhofstrasse-bekommt-bitumendecke\\\/#breadcrumb\",\"itemListElement\":[{\"@type\":\"ListItem\",\"position\":1,\"name\":\"Home\",\"item\":\"https:\\\/\\\/paulinenaue.info\\\/\"},{\"@type\":\"ListItem\",\"position\":2,\"name\":\"Bahnhofstra\u00dfe bekommt Bitumendecke\"}]},{\"@type\":\"WebSite\",\"@id\":\"https:\\\/\\\/paulinenaue.info\\\/#website\",\"url\":\"https:\\\/\\\/paulinenaue.info\\\/\",\"name\":\"Paulinenaue\",\"description\":\"Ein Dorf im Havelland\",\"potentialAction\":[{\"@type\":\"SearchAction\",\"target\":{\"@type\":\"EntryPoint\",\"urlTemplate\":\"https:\\\/\\\/paulinenaue.info\\\/?s={search_term_string}\"},\"query-input\":{\"@type\":\"PropertyValueSpecification\",\"valueRequired\":true,\"valueName\":\"search_term_string\"}}],\"inLanguage\":\"de\"},{\"@type\":\"Person\",\"@id\":\"https:\\\/\\\/paulinenaue.info\\\/#\\\/schema\\\/person\\\/3f9e818fd7b69b0d2bd937ac506897cc\",\"name\":\"Joachim Scholz\",\"url\":\"https:\\\/\\\/paulinenaue.info\\\/index.php\\\/author\\\/jjscholz\\\/\"}]}<\/script>\n<!-- \/ Yoast SEO plugin. -->","yoast_head_json":{"title":"Bahnhofstra\u00dfe bekommt Bitumendecke - Paulinenaue","description":"Im August 2008 erhielt die Paulinenauer Bahnhofstra\u00dfe ein neues Asphaltkleid, das in Schichten aufgetragen wurde.","robots":{"index":"index","follow":"follow","max-snippet":"max-snippet:-1","max-image-preview":"max-image-preview:large","max-video-preview":"max-video-preview:-1"},"canonical":"https:\/\/paulinenaue.info\/index.php\/bahnhofstrasse-bekommt-bitumendecke\/","og_locale":"de_DE","og_type":"article","og_title":"Bahnhofstra\u00dfe bekommt Bitumendecke - Paulinenaue","og_description":"Im August 2008 erhielt die Paulinenauer Bahnhofstra\u00dfe ein neues Asphaltkleid, das in Schichten aufgetragen wurde.","og_url":"https:\/\/paulinenaue.info\/index.php\/bahnhofstrasse-bekommt-bitumendecke\/","og_site_name":"Paulinenaue","article_published_time":"2008-08-19T21:21:57+00:00","article_modified_time":"2025-05-30T00:07:00+00:00","og_image":[{"width":1010,"height":758,"url":"https:\/\/paulinenaue.info\/wp-content\/uploads\/2021\/11\/2008-08-18_bahnhofstrasse_bitumendecke_06_es.jpg","type":"image\/jpeg"}],"author":"Joachim Scholz","twitter_card":"summary_large_image","twitter_misc":{"Verfasst von":"Joachim Scholz","Gesch\u00e4tzte Lesezeit":"3\u00a0Minuten"},"schema":{"@context":"https:\/\/schema.org","@graph":[{"@type":"Article","@id":"https:\/\/paulinenaue.info\/index.php\/bahnhofstrasse-bekommt-bitumendecke\/#article","isPartOf":{"@id":"https:\/\/paulinenaue.info\/index.php\/bahnhofstrasse-bekommt-bitumendecke\/"},"author":{"name":"Joachim Scholz","@id":"https:\/\/paulinenaue.info\/#\/schema\/person\/3f9e818fd7b69b0d2bd937ac506897cc"},"headline":"Bahnhofstra\u00dfe bekommt Bitumendecke","datePublished":"2008-08-19T21:21:57+00:00","dateModified":"2025-05-30T00:07:00+00:00","mainEntityOfPage":{"@id":"https:\/\/paulinenaue.info\/index.php\/bahnhofstrasse-bekommt-bitumendecke\/"},"wordCount":199,"commentCount":0,"image":{"@id":"https:\/\/paulinenaue.info\/index.php\/bahnhofstrasse-bekommt-bitumendecke\/#primaryimage"},"thumbnailUrl":"https:\/\/paulinenaue.info\/wp-content\/uploads\/2021\/11\/2008-08-18_bahnhofstrasse_bitumendecke_06_es.jpg","keywords":["Bahnhofstra\u00dfe","Stra\u00dfenbau"],"articleSection":{"1":"Dorfentwicklung","2":"Hier Zuhause","3":"Neuigkeiten"},"inLanguage":"de","potentialAction":[{"@type":"CommentAction","name":"Comment","target":["https:\/\/paulinenaue.info\/index.php\/bahnhofstrasse-bekommt-bitumendecke\/#respond"]}]},{"@type":"WebPage","@id":"https:\/\/paulinenaue.info\/index.php\/bahnhofstrasse-bekommt-bitumendecke\/","url":"https:\/\/paulinenaue.info\/index.php\/bahnhofstrasse-bekommt-bitumendecke\/","name":"Bahnhofstra\u00dfe bekommt Bitumendecke - Paulinenaue","isPartOf":{"@id":"https:\/\/paulinenaue.info\/#website"},"primaryImageOfPage":{"@id":"https:\/\/paulinenaue.info\/index.php\/bahnhofstrasse-bekommt-bitumendecke\/#primaryimage"},"image":{"@id":"https:\/\/paulinenaue.info\/index.php\/bahnhofstrasse-bekommt-bitumendecke\/#primaryimage"},"thumbnailUrl":"https:\/\/paulinenaue.info\/wp-content\/uploads\/2021\/11\/2008-08-18_bahnhofstrasse_bitumendecke_06_es.jpg","datePublished":"2008-08-19T21:21:57+00:00","dateModified":"2025-05-30T00:07:00+00:00","author":{"@id":"https:\/\/paulinenaue.info\/#\/schema\/person\/3f9e818fd7b69b0d2bd937ac506897cc"},"description":"Im August 2008 erhielt die Paulinenauer Bahnhofstra\u00dfe ein neues Asphaltkleid, das in Schichten aufgetragen wurde.","breadcrumb":{"@id":"https:\/\/paulinenaue.info\/index.php\/bahnhofstrasse-bekommt-bitumendecke\/#breadcrumb"},"inLanguage":"de","potentialAction":[{"@type":"ReadAction","target":["https:\/\/paulinenaue.info\/index.php\/bahnhofstrasse-bekommt-bitumendecke\/"]}]},{"@type":"ImageObject","inLanguage":"de","@id":"https:\/\/paulinenaue.info\/index.php\/bahnhofstrasse-bekommt-bitumendecke\/#primaryimage","url":"https:\/\/paulinenaue.info\/wp-content\/uploads\/2021\/11\/2008-08-18_bahnhofstrasse_bitumendecke_06_es.jpg","contentUrl":"https:\/\/paulinenaue.info\/wp-content\/uploads\/2021\/11\/2008-08-18_bahnhofstrasse_bitumendecke_06_es.jpg","width":1010,"height":758,"caption":"Eine Verkehrsinsel entsteht an der Einm\u00fcndung von Brandenburger Allee und Bienenfarmer Weg. Foto: Eberhard Schwarz, 2008"},{"@type":"BreadcrumbList","@id":"https:\/\/paulinenaue.info\/index.php\/bahnhofstrasse-bekommt-bitumendecke\/#breadcrumb","itemListElement":[{"@type":"ListItem","position":1,"name":"Home","item":"https:\/\/paulinenaue.info\/"},{"@type":"ListItem","position":2,"name":"Bahnhofstra\u00dfe bekommt Bitumendecke"}]},{"@type":"WebSite","@id":"https:\/\/paulinenaue.info\/#website","url":"https:\/\/paulinenaue.info\/","name":"Paulinenaue","description":"Ein Dorf im Havelland","potentialAction":[{"@type":"SearchAction","target":{"@type":"EntryPoint","urlTemplate":"https:\/\/paulinenaue.info\/?s={search_term_string}"},"query-input":{"@type":"PropertyValueSpecification","valueRequired":true,"valueName":"search_term_string"}}],"inLanguage":"de"},{"@type":"Person","@id":"https:\/\/paulinenaue.info\/#\/schema\/person\/3f9e818fd7b69b0d2bd937ac506897cc","name":"Joachim Scholz","url":"https:\/\/paulinenaue.info\/index.php\/author\/jjscholz\/"}]}},"jetpack_publicize_connections":[],"jetpack_featured_media_url":"https:\/\/paulinenaue.info\/wp-content\/uploads\/2021\/11\/2008-08-18_bahnhofstrasse_bitumendecke_06_es.jpg","jetpack_sharing_enabled":true,"jetpack_shortlink":"https:\/\/wp.me\/pcYhWA-1DS","jetpack-related-posts":[{"id":417988,"url":"https:\/\/paulinenaue.info\/index.php\/altes-paulinenauer-kopfsteinpflaster\/","url_meta":{"origin":6316,"position":0},"title":"Stra\u00dfenbau f\u00f6rdert altes Paulinenauer Kopfsteinpflaster zu Tage","author":"Joachim Scholz","date":"7. August 2008","format":false,"excerpt":"07.08.2008. Dass Paulinenaue ein Kind des 19. Jahrhunderts ist, kann man dank der Stra\u00dfenbauarbeiten inmitten des Dorfes gerade auf anschauliche Weise erfahren. In Paulinenaue wird in diesem Jahr die durch das Dorf f\u00fchrende Kreisstra\u00dfe HVL 12 erneuert. Die Aufhebung der Asphaltdecke bringt hier das historische Pflaster unter der Bahnhofstra\u00dfe wieder\u2026","rel":"","context":"In &quot;Allgemein&quot;","block_context":{"text":"Allgemein","link":"https:\/\/paulinenaue.info\/index.php\/category\/allgemein\/"},"img":{"alt_text":"","src":"https:\/\/i0.wp.com\/paulinenaue.info\/wp-content\/uploads\/2025\/05\/2008-07-27-Kopfsteinpflaster-05_es.jpeg?resize=350%2C200&ssl=1","width":350,"height":200,"srcset":"https:\/\/i0.wp.com\/paulinenaue.info\/wp-content\/uploads\/2025\/05\/2008-07-27-Kopfsteinpflaster-05_es.jpeg?resize=350%2C200&ssl=1 1x, https:\/\/i0.wp.com\/paulinenaue.info\/wp-content\/uploads\/2025\/05\/2008-07-27-Kopfsteinpflaster-05_es.jpeg?resize=525%2C300&ssl=1 1.5x, https:\/\/i0.wp.com\/paulinenaue.info\/wp-content\/uploads\/2025\/05\/2008-07-27-Kopfsteinpflaster-05_es.jpeg?resize=700%2C400&ssl=1 2x"},"classes":[]},{"id":152,"url":"https:\/\/paulinenaue.info\/index.php\/paulinenaues-schwarze-bretter-wurden-entfernt\/","url_meta":{"origin":6316,"position":1},"title":"Paulinenaues \u201eSchwarze Bretter\u201c wurden entfernt","author":"Joachim Scholz","date":"22. M\u00e4rz 2016","format":false,"excerpt":"Joachim Scholz 03.08.2011. Die Schwarzen Bretter von Paulinenaue, die kurioserweise alle braun waren, sind im Jahresverlauf \u00fcberwiegend aus dem Ortsbild verschwunden. Was im M\u00e4rz nach einer Anwohnerkritik in der Philipp-M\u00fcller-Stra\u00dfe begonnen hatte und mit Sicherheitsbedenken begr\u00fcndet wurde, zog weiter als Trend durchs Dorf. Auch \u201eUnter den Eichen\u201c und in der\u2026","rel":"","context":"In &quot;Dorfentwicklung&quot;","block_context":{"text":"Dorfentwicklung","link":"https:\/\/paulinenaue.info\/index.php\/category\/dorfentwicklung\/"},"img":{"alt_text":"","src":"https:\/\/i0.wp.com\/paulinenaue.info\/wp-content\/uploads\/2016\/03\/schwarzesbrett_20061225_phmstr_01.jpg?resize=350%2C200&ssl=1","width":350,"height":200},"classes":[]},{"id":419376,"url":"https:\/\/paulinenaue.info\/index.php\/fruehjahrsputz-2026\/","url_meta":{"origin":6316,"position":2},"title":"Fr\u00fchjahrsputz 2026","author":"Sarah","date":"12. April 2026","format":false,"excerpt":"Auch in diesem Jahr hat die Gemeindevertretung wieder zum Fr\u00fchjahrsputz aufgerufen. So fanden sich am Vormittag des 28.03.2026 29 PaulinenauerInnen ein, um unser Dorf vom Winterschmutz zu befreien und etwas zu versch\u00f6nern. Schwerpunkt waren, wie alle Jahre, die Fl\u00e4chen rund um den Bahnhof einschlie\u00dflich der Gr\u00fcnstreifen in der Bahnhofstra\u00dfe und\u2026","rel":"","context":"In &quot;Allgemein&quot;","block_context":{"text":"Allgemein","link":"https:\/\/paulinenaue.info\/index.php\/category\/allgemein\/"},"img":{"alt_text":"","src":"https:\/\/i0.wp.com\/paulinenaue.info\/wp-content\/uploads\/2026\/04\/IMG-20260328-WA0004.jpg?resize=350%2C200&ssl=1","width":350,"height":200,"srcset":"https:\/\/i0.wp.com\/paulinenaue.info\/wp-content\/uploads\/2026\/04\/IMG-20260328-WA0004.jpg?resize=350%2C200&ssl=1 1x, https:\/\/i0.wp.com\/paulinenaue.info\/wp-content\/uploads\/2026\/04\/IMG-20260328-WA0004.jpg?resize=525%2C300&ssl=1 1.5x, https:\/\/i0.wp.com\/paulinenaue.info\/wp-content\/uploads\/2026\/04\/IMG-20260328-WA0004.jpg?resize=700%2C400&ssl=1 2x, https:\/\/i0.wp.com\/paulinenaue.info\/wp-content\/uploads\/2026\/04\/IMG-20260328-WA0004.jpg?resize=1050%2C600&ssl=1 3x, https:\/\/i0.wp.com\/paulinenaue.info\/wp-content\/uploads\/2026\/04\/IMG-20260328-WA0004.jpg?resize=1400%2C800&ssl=1 4x"},"classes":[]},{"id":168,"url":"https:\/\/paulinenaue.info\/index.php\/konsumabriss-oeffnet-wieder-den-blick-auf-den-bahnhof\/","url_meta":{"origin":6316,"position":3},"title":"Konsumabriss \u00f6ffnet wieder den Blick auf den Bahnhof","author":"Joachim Scholz","date":"8. Oktober 2010","format":false,"excerpt":"08.10.2010. Mehr als 34 Jahren war das Paulinenauer Bahnhofsgeb\u00e4ude durch den Konsum aus DDR-Zeiten verdeckt. F\u00fcr die \u00e4sthetischen Aspekte, die die historische Dorfentwicklung aufwies, gab es damals kaum Verst\u00e4ndnis. Doch seit am Freitag die Giebelfront des im Abriss befindlichen Flachbaus fiel, \u00f6ffnet sich wieder der Blick auf das imposante, wenn\u2026","rel":"","context":"In &quot;Bahnhof&quot;","block_context":{"text":"Bahnhof","link":"https:\/\/paulinenaue.info\/index.php\/category\/bahnhof\/"},"img":{"alt_text":"","src":"https:\/\/i0.wp.com\/paulinenaue.info\/wp-content\/uploads\/2016\/03\/20101008_sichtachse_bahnhof_02.jpg?resize=350%2C200&ssl=1","width":350,"height":200},"classes":[]},{"id":1972,"url":"https:\/\/paulinenaue.info\/index.php\/frohe-ostern-in-paulinenaue\/","url_meta":{"origin":6316,"position":4},"title":"Frohe Ostern in Paulinenaue","author":"Joachim Scholz","date":"29. M\u00e4rz 2018","format":false,"excerpt":"Ein k\u00fchles Osterfest begehen wir in diesem Jahr, aber vor vielen Paulinenauer H\u00e4usern ist dennoch fr\u00fchlingshafte Farbenpracht zu bewundern. Das machen die vielen bunten Osterstr\u00e4u\u00dfe. Einer von ihnen, der bei Familie Gossmann in der Bahnhofstra\u00dfe 18, wurde von unserer Websiteredaktion zum \u201eOsterstrau\u00df des Jahres 2018\u201c gek\u00fcrt. Wir w\u00fcnschen Ihnen damit\u2026","rel":"","context":"In &quot;Allgemein&quot;","block_context":{"text":"Allgemein","link":"https:\/\/paulinenaue.info\/index.php\/category\/allgemein\/"},"img":{"alt_text":"Der Osterstrau\u00df des Jahres","src":"https:\/\/i0.wp.com\/paulinenaue.info\/wp-content\/uploads\/2018\/03\/DSC09383-1.jpg?resize=350%2C200&ssl=1","width":350,"height":200,"srcset":"https:\/\/i0.wp.com\/paulinenaue.info\/wp-content\/uploads\/2018\/03\/DSC09383-1.jpg?resize=350%2C200&ssl=1 1x, https:\/\/i0.wp.com\/paulinenaue.info\/wp-content\/uploads\/2018\/03\/DSC09383-1.jpg?resize=525%2C300&ssl=1 1.5x, https:\/\/i0.wp.com\/paulinenaue.info\/wp-content\/uploads\/2018\/03\/DSC09383-1.jpg?resize=700%2C400&ssl=1 2x"},"classes":[]},{"id":961,"url":"https:\/\/paulinenaue.info\/index.php\/80-jahre-gemeinde-paulinenaue-eine-serie-zur-ortsgeschichte-teil-3\/","url_meta":{"origin":6316,"position":5},"title":"80 Jahre Gemeinde Paulinenaue \u2013 Eine Serie zur Ortsgeschichte (Teil 3)","author":"Sarah","date":"10. Juni 2017","format":false,"excerpt":"08.09.2004 Teil 3 Paulinenaue und die Eisenbahn Jeder Paulinenauer wei\u00df, dass unser Dorf durch die Eisenbahn gepr\u00e4gt wurde. In den 40er Jahren des 19. Jahrhunderts hielten die bewegten Zeiten im wahrsten Sinne des Wortes Einzug. \u201eErw\u00e4gen Sie [bitte]\u201c, hei\u00dft es im Generalbericht der Berlin-Hamburger Eisenbahndirektion f\u00fcr das Jahr 1847 \u201eda\u00df\u2026","rel":"","context":"In &quot;Allgemein&quot;","block_context":{"text":"Allgemein","link":"https:\/\/paulinenaue.info\/index.php\/category\/allgemein\/"},"img":{"alt_text":"","src":"https:\/\/i0.wp.com\/paulinenaue.info\/wp-content\/uploads\/2017\/06\/bhf_um-1918.jpg?resize=350%2C200&ssl=1","width":350,"height":200},"classes":[]}],"_links":{"self":[{"href":"https:\/\/paulinenaue.info\/index.php\/wp-json\/wp\/v2\/posts\/6316","targetHints":{"allow":["GET"]}}],"collection":[{"href":"https:\/\/paulinenaue.info\/index.php\/wp-json\/wp\/v2\/posts"}],"about":[{"href":"https:\/\/paulinenaue.info\/index.php\/wp-json\/wp\/v2\/types\/post"}],"author":[{"embeddable":true,"href":"https:\/\/paulinenaue.info\/index.php\/wp-json\/wp\/v2\/users\/1"}],"replies":[{"embeddable":true,"href":"https:\/\/paulinenaue.info\/index.php\/wp-json\/wp\/v2\/comments?post=6316"}],"version-history":[{"count":6,"href":"https:\/\/paulinenaue.info\/index.php\/wp-json\/wp\/v2\/posts\/6316\/revisions"}],"predecessor-version":[{"id":418000,"href":"https:\/\/paulinenaue.info\/index.php\/wp-json\/wp\/v2\/posts\/6316\/revisions\/418000"}],"wp:featuredmedia":[{"embeddable":true,"href":"https:\/\/paulinenaue.info\/index.php\/wp-json\/wp\/v2\/media\/6322"}],"wp:attachment":[{"href":"https:\/\/paulinenaue.info\/index.php\/wp-json\/wp\/v2\/media?parent=6316"}],"wp:term":[{"taxonomy":"category","embeddable":true,"href":"https:\/\/paulinenaue.info\/index.php\/wp-json\/wp\/v2\/categories?post=6316"},{"taxonomy":"post_tag","embeddable":true,"href":"https:\/\/paulinenaue.info\/index.php\/wp-json\/wp\/v2\/tags?post=6316"}],"curies":[{"name":"wp","href":"https:\/\/api.w.org\/{rel}","templated":true}]}}