{"id":6773,"date":"2011-10-29T12:13:15","date_gmt":"2011-10-29T10:13:15","guid":{"rendered":"https:\/\/paulinenaue.info\/?p=6773"},"modified":"2022-01-25T00:59:14","modified_gmt":"2022-01-24T23:59:14","slug":"auf-der-kleintierausstellung-2011-in-bienenfarm","status":"publish","type":"post","link":"https:\/\/paulinenaue.info\/index.php\/auf-der-kleintierausstellung-2011-in-bienenfarm\/","title":{"rendered":"Auf der Kleintierausstellung 2011 in Bienenfarm"},"content":{"rendered":"<p>Ein zauberhafter Herbstnebel lag \u00fcber dem Luch, als am Morgen des letzten Oktobersamstags die Kleintierausstellung 2011 in Bienenfarm er\u00f6ffnete. Es sollte ein sch\u00f6ner Tag werden f\u00fcr die Z\u00fcchter und ihre G\u00e4ste. Und nat\u00fcrlich waren in gro\u00dfer Zahl auch wieder die Kleintiere dabei: 220 sind es diesmal gewesen. Die gro\u00dfe Scheune war, wie seit acht Jahren schon, Austragungsort der Kleintierausstellung. Hier gibt es im vorderen Teil viel Platz f\u00fcr die Tiere und im hinteren Raum f\u00fcr gem\u00fctliches Beisammensein und nat\u00fcrlich die Tombola.<\/p>\n<div id=\"attachment_6776\" style=\"width: 610px\" class=\"wp-caption alignnone\"><a href=\"https:\/\/paulinenaue.info\/wp-content\/uploads\/2022\/01\/2011-10-30-Kleintierschau-Einlass-FT.jpg\"><img decoding=\"async\" aria-describedby=\"caption-attachment-6776\" data-attachment-id=\"6776\" data-permalink=\"https:\/\/paulinenaue.info\/index.php\/auf-der-kleintierausstellung-2011-in-bienenfarm\/dsc06150-jpg\/\" data-orig-file=\"https:\/\/paulinenaue.info\/wp-content\/uploads\/2022\/01\/2011-10-30-Kleintierschau-Einlass-FT.jpg\" data-orig-size=\"1000,750\" data-comments-opened=\"1\" data-image-meta=\"{&quot;aperture&quot;:&quot;3.5&quot;,&quot;credit&quot;:&quot;&quot;,&quot;camera&quot;:&quot;DSC-H10&quot;,&quot;caption&quot;:&quot;&quot;,&quot;created_timestamp&quot;:&quot;1319896846&quot;,&quot;copyright&quot;:&quot;&quot;,&quot;focal_length&quot;:&quot;7.2&quot;,&quot;iso&quot;:&quot;400&quot;,&quot;shutter_speed&quot;:&quot;0.025&quot;,&quot;title&quot;:&quot;DSC06150.JPG&quot;,&quot;orientation&quot;:&quot;1&quot;}\" data-image-title=\"DSC06150.JPG\" data-image-description=\"\" data-image-caption=\"&lt;p&gt;Am Einlass. Mit einem Euro Eintrittspreis darf man dem Spektakel beiwohnen. Dass sich das lohnen kann, wissen alle, die gekommen sind. Foto: Franziska Timm, 2010.&lt;\/p&gt;\n\" data-large-file=\"https:\/\/paulinenaue.info\/wp-content\/uploads\/2022\/01\/2011-10-30-Kleintierschau-Einlass-FT.jpg\" class=\"lazyload wp-image-6776 size-fusion-600\" src=\"https:\/\/paulinenaue.info\/wp-content\/uploads\/2022\/01\/2011-10-30-Kleintierschau-Einlass-FT-600x450.jpg\" data-orig-src=\"https:\/\/paulinenaue.info\/wp-content\/uploads\/2022\/01\/2011-10-30-Kleintierschau-Einlass-FT-600x450.jpg\" alt=\"\" width=\"600\" height=\"450\" srcset=\"data:image\/svg+xml,%3Csvg%20xmlns%3D%27http%3A%2F%2Fwww.w3.org%2F2000%2Fsvg%27%20width%3D%27600%27%20height%3D%27450%27%20viewBox%3D%270%200%20600%20450%27%3E%3Crect%20width%3D%27600%27%20height%3D%27450%27%20fill-opacity%3D%220%22%2F%3E%3C%2Fsvg%3E\" data-srcset=\"https:\/\/paulinenaue.info\/wp-content\/uploads\/2022\/01\/2011-10-30-Kleintierschau-Einlass-FT-200x150.jpg 200w, https:\/\/paulinenaue.info\/wp-content\/uploads\/2022\/01\/2011-10-30-Kleintierschau-Einlass-FT-300x225.jpg 300w, https:\/\/paulinenaue.info\/wp-content\/uploads\/2022\/01\/2011-10-30-Kleintierschau-Einlass-FT-400x300.jpg 400w, https:\/\/paulinenaue.info\/wp-content\/uploads\/2022\/01\/2011-10-30-Kleintierschau-Einlass-FT-600x450.jpg 600w, https:\/\/paulinenaue.info\/wp-content\/uploads\/2022\/01\/2011-10-30-Kleintierschau-Einlass-FT-768x576.jpg 768w, https:\/\/paulinenaue.info\/wp-content\/uploads\/2022\/01\/2011-10-30-Kleintierschau-Einlass-FT-800x600.jpg 800w, https:\/\/paulinenaue.info\/wp-content\/uploads\/2022\/01\/2011-10-30-Kleintierschau-Einlass-FT.jpg 1000w\" data-sizes=\"auto\" data-orig-sizes=\"(max-width: 600px) 100vw, 600px\" \/><\/a><p id=\"caption-attachment-6776\" class=\"wp-caption-text\">Am Einlass. Mit einem Euro Eintrittspreis darf man dem Spektakel beiwohnen. Dass sich das lohnen kann, wissen alle, die gekommen sind. Foto: Franziska Timm, 2010.<\/p><\/div>\n<p>&nbsp;<\/p>\n<div id=\"attachment_6774\" style=\"width: 499px\" class=\"wp-caption alignnone\"><a href=\"https:\/\/paulinenaue.info\/wp-content\/uploads\/2022\/01\/2011-10-30-Kleintierschau-Bernd-Zeglin.jpg\"><img decoding=\"async\" aria-describedby=\"caption-attachment-6774\" data-attachment-id=\"6774\" data-permalink=\"https:\/\/paulinenaue.info\/index.php\/auf-der-kleintierausstellung-2011-in-bienenfarm\/dsc03593-jpg\/\" data-orig-file=\"https:\/\/paulinenaue.info\/wp-content\/uploads\/2022\/01\/2011-10-30-Kleintierschau-Bernd-Zeglin.jpg\" data-orig-size=\"750,1000\" data-comments-opened=\"1\" data-image-meta=\"{&quot;aperture&quot;:&quot;4&quot;,&quot;credit&quot;:&quot;&quot;,&quot;camera&quot;:&quot;DSC-HX1&quot;,&quot;caption&quot;:&quot;Paulinenaue Bienenfarm, Kleintierausstellung 2011, Bernd Zeglin mit einer gewonnenen Ente in einem Karton&quot;,&quot;created_timestamp&quot;:&quot;1319893192&quot;,&quot;copyright&quot;:&quot;&quot;,&quot;focal_length&quot;:&quot;5&quot;,&quot;iso&quot;:&quot;125&quot;,&quot;shutter_speed&quot;:&quot;0.003125&quot;,&quot;title&quot;:&quot;DSC03593.JPG&quot;,&quot;orientation&quot;:&quot;1&quot;}\" data-image-title=\"DSC03593.JPG\" data-image-description=\"&lt;p&gt;Paulinenaue Bienenfarm, Kleintierausstellung 2011, Bernd Zeglin mit einer gewonnenen Ente in einem Karton&lt;\/p&gt;\n\" data-image-caption=\"&lt;p&gt;Zum Beispiel Bernd Zeglin. Der Tag war noch jung, als er schon eine Ente gewonnen hatte, die er hier stolz nach Hause tr\u00e4gt. Foto: Joachim Scholz, 2011.&lt;\/p&gt;\n\" data-large-file=\"https:\/\/paulinenaue.info\/wp-content\/uploads\/2022\/01\/2011-10-30-Kleintierschau-Bernd-Zeglin.jpg\" class=\"lazyload  wp-image-6774\" src=\"https:\/\/paulinenaue.info\/wp-content\/uploads\/2022\/01\/2011-10-30-Kleintierschau-Bernd-Zeglin-600x800.jpg\" data-orig-src=\"https:\/\/paulinenaue.info\/wp-content\/uploads\/2022\/01\/2011-10-30-Kleintierschau-Bernd-Zeglin-600x800.jpg\" alt=\"\" width=\"489\" height=\"653\" srcset=\"data:image\/svg+xml,%3Csvg%20xmlns%3D%27http%3A%2F%2Fwww.w3.org%2F2000%2Fsvg%27%20width%3D%27489%27%20height%3D%27653%27%20viewBox%3D%270%200%20489%20653%27%3E%3Crect%20width%3D%27489%27%20height%3D%27653%27%20fill-opacity%3D%220%22%2F%3E%3C%2Fsvg%3E\" data-srcset=\"https:\/\/paulinenaue.info\/wp-content\/uploads\/2022\/01\/2011-10-30-Kleintierschau-Bernd-Zeglin-200x267.jpg 200w, https:\/\/paulinenaue.info\/wp-content\/uploads\/2022\/01\/2011-10-30-Kleintierschau-Bernd-Zeglin-225x300.jpg 225w, https:\/\/paulinenaue.info\/wp-content\/uploads\/2022\/01\/2011-10-30-Kleintierschau-Bernd-Zeglin-400x533.jpg 400w, https:\/\/paulinenaue.info\/wp-content\/uploads\/2022\/01\/2011-10-30-Kleintierschau-Bernd-Zeglin-600x800.jpg 600w, https:\/\/paulinenaue.info\/wp-content\/uploads\/2022\/01\/2011-10-30-Kleintierschau-Bernd-Zeglin.jpg 750w\" data-sizes=\"auto\" data-orig-sizes=\"(max-width: 489px) 100vw, 489px\" \/><\/a><p id=\"caption-attachment-6774\" class=\"wp-caption-text\">Zum Beispiel Bernd Zeglin. Der Tag war noch jung, als er schon eine Ente gewonnen hatte, die er hier stolz nach Hause tr\u00e4gt. Foto: Joachim Scholz, 2011.<\/p><\/div>\n<p>&nbsp;<\/p>\n<div id=\"attachment_6775\" style=\"width: 610px\" class=\"wp-caption alignnone\"><a href=\"https:\/\/paulinenaue.info\/wp-content\/uploads\/2022\/01\/2011-10-30-Kleintierschau-Dieter-Thier-an-der-Gulaschkanone.jpg\"><img decoding=\"async\" aria-describedby=\"caption-attachment-6775\" data-attachment-id=\"6775\" data-permalink=\"https:\/\/paulinenaue.info\/index.php\/auf-der-kleintierausstellung-2011-in-bienenfarm\/dsc03595-jpg\/\" data-orig-file=\"https:\/\/paulinenaue.info\/wp-content\/uploads\/2022\/01\/2011-10-30-Kleintierschau-Dieter-Thier-an-der-Gulaschkanone.jpg\" data-orig-size=\"1000,750\" data-comments-opened=\"1\" data-image-meta=\"{&quot;aperture&quot;:&quot;2.8&quot;,&quot;credit&quot;:&quot;&quot;,&quot;camera&quot;:&quot;DSC-HX1&quot;,&quot;caption&quot;:&quot;Paulinenaue Bienenfarm, Kleintierausstellung 2011, Dieter Thier an der Gulaschkanone&quot;,&quot;created_timestamp&quot;:&quot;1319893439&quot;,&quot;copyright&quot;:&quot;&quot;,&quot;focal_length&quot;:&quot;5&quot;,&quot;iso&quot;:&quot;125&quot;,&quot;shutter_speed&quot;:&quot;0.0025&quot;,&quot;title&quot;:&quot;DSC03595.JPG&quot;,&quot;orientation&quot;:&quot;1&quot;}\" data-image-title=\"DSC03595.JPG\" data-image-description=\"&lt;p&gt;Paulinenaue Bienenfarm, Kleintierausstellung 2011, Dieter Thier an der Gulaschkanone&lt;\/p&gt;\n\" data-image-caption=\"&lt;p&gt;Freudige \u00dcberraschung an der Gulaschkanone. Gutes Zureden seines Sohnes hat Dieter Thier bewogen, seinen Dienst an der Waffe, den er eigentlich beenden wollte, doch fortzusetzen. Dieters Suppe geh\u00f6rt einfach dazu! Foto: Joachim Scholz, 2011.&lt;\/p&gt;\n\" data-large-file=\"https:\/\/paulinenaue.info\/wp-content\/uploads\/2022\/01\/2011-10-30-Kleintierschau-Dieter-Thier-an-der-Gulaschkanone.jpg\" class=\"lazyload size-fusion-600 wp-image-6775\" src=\"https:\/\/paulinenaue.info\/wp-content\/uploads\/2022\/01\/2011-10-30-Kleintierschau-Dieter-Thier-an-der-Gulaschkanone-600x450.jpg\" data-orig-src=\"https:\/\/paulinenaue.info\/wp-content\/uploads\/2022\/01\/2011-10-30-Kleintierschau-Dieter-Thier-an-der-Gulaschkanone-600x450.jpg\" alt=\"\" width=\"600\" height=\"450\" srcset=\"data:image\/svg+xml,%3Csvg%20xmlns%3D%27http%3A%2F%2Fwww.w3.org%2F2000%2Fsvg%27%20width%3D%27600%27%20height%3D%27450%27%20viewBox%3D%270%200%20600%20450%27%3E%3Crect%20width%3D%27600%27%20height%3D%27450%27%20fill-opacity%3D%220%22%2F%3E%3C%2Fsvg%3E\" data-srcset=\"https:\/\/paulinenaue.info\/wp-content\/uploads\/2022\/01\/2011-10-30-Kleintierschau-Dieter-Thier-an-der-Gulaschkanone-200x150.jpg 200w, https:\/\/paulinenaue.info\/wp-content\/uploads\/2022\/01\/2011-10-30-Kleintierschau-Dieter-Thier-an-der-Gulaschkanone-300x225.jpg 300w, https:\/\/paulinenaue.info\/wp-content\/uploads\/2022\/01\/2011-10-30-Kleintierschau-Dieter-Thier-an-der-Gulaschkanone-400x300.jpg 400w, https:\/\/paulinenaue.info\/wp-content\/uploads\/2022\/01\/2011-10-30-Kleintierschau-Dieter-Thier-an-der-Gulaschkanone-600x450.jpg 600w, https:\/\/paulinenaue.info\/wp-content\/uploads\/2022\/01\/2011-10-30-Kleintierschau-Dieter-Thier-an-der-Gulaschkanone-768x576.jpg 768w, https:\/\/paulinenaue.info\/wp-content\/uploads\/2022\/01\/2011-10-30-Kleintierschau-Dieter-Thier-an-der-Gulaschkanone-800x600.jpg 800w, https:\/\/paulinenaue.info\/wp-content\/uploads\/2022\/01\/2011-10-30-Kleintierschau-Dieter-Thier-an-der-Gulaschkanone.jpg 1000w\" data-sizes=\"auto\" data-orig-sizes=\"(max-width: 600px) 100vw, 600px\" \/><\/a><p id=\"caption-attachment-6775\" class=\"wp-caption-text\">Freudige \u00dcberraschung an der Gulaschkanone. Gutes Zureden seines Sohnes hat Dieter Thier bewogen, seinen Dienst an der Waffe, den er eigentlich beenden wollte, doch fortzusetzen. Dieters Suppe geh\u00f6rt einfach dazu! Foto: Joachim Scholz, 2011.<\/p><\/div>\n<p>&nbsp;<\/p>\n<div id=\"attachment_6778\" style=\"width: 615px\" class=\"wp-caption alignnone\"><a href=\"https:\/\/paulinenaue.info\/wp-content\/uploads\/2022\/01\/2011-10-30-Kleintierschau-zwei-komische-Vo\u0308gel-FT.jpg\"><img decoding=\"async\" aria-describedby=\"caption-attachment-6778\" data-attachment-id=\"6778\" data-permalink=\"https:\/\/paulinenaue.info\/index.php\/auf-der-kleintierausstellung-2011-in-bienenfarm\/dsc06170-jpg\/\" data-orig-file=\"https:\/\/paulinenaue.info\/wp-content\/uploads\/2022\/01\/2011-10-30-Kleintierschau-zwei-komische-Vo\u0308gel-FT.jpg\" data-orig-size=\"1000,750\" data-comments-opened=\"1\" data-image-meta=\"{&quot;aperture&quot;:&quot;3.5&quot;,&quot;credit&quot;:&quot;&quot;,&quot;camera&quot;:&quot;DSC-H10&quot;,&quot;caption&quot;:&quot;&quot;,&quot;created_timestamp&quot;:&quot;1319897395&quot;,&quot;copyright&quot;:&quot;&quot;,&quot;focal_length&quot;:&quot;6.3&quot;,&quot;iso&quot;:&quot;400&quot;,&quot;shutter_speed&quot;:&quot;0.1&quot;,&quot;title&quot;:&quot;DSC06170.JPG&quot;,&quot;orientation&quot;:&quot;1&quot;}\" data-image-title=\"DSC06170.JPG\" data-image-description=\"\" data-image-caption=\"&lt;p&gt;Aug in Aug mit zwei komischen V\u00f6geln. Viele der von den Paulinenauer Z\u00fcchtern ausgestellten Tiere hatten schon am Samstagmittag sehr gute Noten in der Tasche. Der Preisrichter hatte seines Amtes gewaltet. Foto: Franziska Timm, 2011.&lt;\/p&gt;\n\" data-large-file=\"https:\/\/paulinenaue.info\/wp-content\/uploads\/2022\/01\/2011-10-30-Kleintierschau-zwei-komische-Vo\u0308gel-FT.jpg\" class=\"lazyload  wp-image-6778\" src=\"https:\/\/paulinenaue.info\/wp-content\/uploads\/2022\/01\/2011-10-30-Kleintierschau-zwei-komische-Vo\u0308gel-FT-600x450.jpg\" data-orig-src=\"https:\/\/paulinenaue.info\/wp-content\/uploads\/2022\/01\/2011-10-30-Kleintierschau-zwei-komische-Vo\u0308gel-FT-600x450.jpg\" alt=\"\" width=\"605\" height=\"454\" srcset=\"data:image\/svg+xml,%3Csvg%20xmlns%3D%27http%3A%2F%2Fwww.w3.org%2F2000%2Fsvg%27%20width%3D%27605%27%20height%3D%27454%27%20viewBox%3D%270%200%20605%20454%27%3E%3Crect%20width%3D%27605%27%20height%3D%27454%27%20fill-opacity%3D%220%22%2F%3E%3C%2Fsvg%3E\" data-srcset=\"https:\/\/paulinenaue.info\/wp-content\/uploads\/2022\/01\/2011-10-30-Kleintierschau-zwei-komische-Vo\u0308gel-FT-200x150.jpg 200w, https:\/\/paulinenaue.info\/wp-content\/uploads\/2022\/01\/2011-10-30-Kleintierschau-zwei-komische-Vo\u0308gel-FT-300x225.jpg 300w, https:\/\/paulinenaue.info\/wp-content\/uploads\/2022\/01\/2011-10-30-Kleintierschau-zwei-komische-Vo\u0308gel-FT-400x300.jpg 400w, https:\/\/paulinenaue.info\/wp-content\/uploads\/2022\/01\/2011-10-30-Kleintierschau-zwei-komische-Vo\u0308gel-FT-600x450.jpg 600w, https:\/\/paulinenaue.info\/wp-content\/uploads\/2022\/01\/2011-10-30-Kleintierschau-zwei-komische-Vo\u0308gel-FT-768x576.jpg 768w, https:\/\/paulinenaue.info\/wp-content\/uploads\/2022\/01\/2011-10-30-Kleintierschau-zwei-komische-Vo\u0308gel-FT-800x600.jpg 800w, https:\/\/paulinenaue.info\/wp-content\/uploads\/2022\/01\/2011-10-30-Kleintierschau-zwei-komische-Vo\u0308gel-FT.jpg 1000w\" data-sizes=\"auto\" data-orig-sizes=\"(max-width: 605px) 100vw, 605px\" \/><\/a><p id=\"caption-attachment-6778\" class=\"wp-caption-text\">Aug in Aug mit zwei komischen V\u00f6geln. Viele der von den Paulinenauer Z\u00fcchtern ausgestellten Tiere hatten schon am Samstagmittag sehr gute Noten in der Tasche. Der Preisrichter hatte seines Amtes gewaltet. Foto: Franziska Timm, 2011.<\/p><\/div>\n<p>&nbsp;<\/p>\n<div id=\"attachment_6777\" style=\"width: 459px\" class=\"wp-caption alignnone\"><a href=\"https:\/\/paulinenaue.info\/wp-content\/uploads\/2022\/01\/2011-10-30-Kleintierschau-Geschlecht-gea\u0308ndert.jpg\"><img decoding=\"async\" aria-describedby=\"caption-attachment-6777\" data-attachment-id=\"6777\" data-permalink=\"https:\/\/paulinenaue.info\/index.php\/auf-der-kleintierausstellung-2011-in-bienenfarm\/dsc03602-jpg\/\" data-orig-file=\"https:\/\/paulinenaue.info\/wp-content\/uploads\/2022\/01\/2011-10-30-Kleintierschau-Geschlecht-gea\u0308ndert.jpg\" data-orig-size=\"750,1000\" data-comments-opened=\"1\" data-image-meta=\"{&quot;aperture&quot;:&quot;2.8&quot;,&quot;credit&quot;:&quot;&quot;,&quot;camera&quot;:&quot;DSC-HX1&quot;,&quot;caption&quot;:&quot;&quot;,&quot;created_timestamp&quot;:&quot;1319893556&quot;,&quot;copyright&quot;:&quot;&quot;,&quot;focal_length&quot;:&quot;5&quot;,&quot;iso&quot;:&quot;400&quot;,&quot;shutter_speed&quot;:&quot;0.05&quot;,&quot;title&quot;:&quot;DSC03602.JPG&quot;,&quot;orientation&quot;:&quot;1&quot;}\" data-image-title=\"DSC03602.JPG\" data-image-description=\"\" data-image-caption=\"&lt;p&gt;Warum nur? Hinter den meist knappen schriftlichen Vermerken des Preisrichters werden wieder spannende biografische Schicksale sichtbar. \u201eGeschlecht ge\u00e4ndert\u201c vermerkt ein Zettel am Stall dieses Alaska-Kaninchens. In welche Richtung verwandelt wurde und aus welchen Gr\u00fcnden, erf\u00e4hrt man nicht. Foto: Franziska Timm, 2011.&lt;\/p&gt;\n\" data-large-file=\"https:\/\/paulinenaue.info\/wp-content\/uploads\/2022\/01\/2011-10-30-Kleintierschau-Geschlecht-gea\u0308ndert.jpg\" class=\"lazyload  wp-image-6777\" src=\"https:\/\/paulinenaue.info\/wp-content\/uploads\/2022\/01\/2011-10-30-Kleintierschau-Geschlecht-gea\u0308ndert-600x800.jpg\" data-orig-src=\"https:\/\/paulinenaue.info\/wp-content\/uploads\/2022\/01\/2011-10-30-Kleintierschau-Geschlecht-gea\u0308ndert-600x800.jpg\" alt=\"\" width=\"449\" height=\"599\" srcset=\"data:image\/svg+xml,%3Csvg%20xmlns%3D%27http%3A%2F%2Fwww.w3.org%2F2000%2Fsvg%27%20width%3D%27449%27%20height%3D%27599%27%20viewBox%3D%270%200%20449%20599%27%3E%3Crect%20width%3D%27449%27%20height%3D%27599%27%20fill-opacity%3D%220%22%2F%3E%3C%2Fsvg%3E\" data-srcset=\"https:\/\/paulinenaue.info\/wp-content\/uploads\/2022\/01\/2011-10-30-Kleintierschau-Geschlecht-gea\u0308ndert-200x267.jpg 200w, https:\/\/paulinenaue.info\/wp-content\/uploads\/2022\/01\/2011-10-30-Kleintierschau-Geschlecht-gea\u0308ndert-225x300.jpg 225w, https:\/\/paulinenaue.info\/wp-content\/uploads\/2022\/01\/2011-10-30-Kleintierschau-Geschlecht-gea\u0308ndert-400x533.jpg 400w, https:\/\/paulinenaue.info\/wp-content\/uploads\/2022\/01\/2011-10-30-Kleintierschau-Geschlecht-gea\u0308ndert-600x800.jpg 600w, https:\/\/paulinenaue.info\/wp-content\/uploads\/2022\/01\/2011-10-30-Kleintierschau-Geschlecht-gea\u0308ndert.jpg 750w\" data-sizes=\"auto\" data-orig-sizes=\"(max-width: 449px) 100vw, 449px\" \/><\/a><p id=\"caption-attachment-6777\" class=\"wp-caption-text\">Warum nur? Hinter den meist knappen schriftlichen Vermerken des Preisrichters werden wieder spannende biografische Schicksale sichtbar. \u201eGeschlecht ge\u00e4ndert\u201c vermerkt ein Zettel am Stall dieses Alaska-Kaninchens. In welche Richtung verwandelt wurde und aus welchen Gr\u00fcnden, erf\u00e4hrt man nicht. Foto: Franziska Timm, 2011.<\/p><\/div>\n<p>&nbsp;<\/p>\n<div id=\"attachment_6783\" style=\"width: 610px\" class=\"wp-caption alignnone\"><a href=\"https:\/\/paulinenaue.info\/wp-content\/uploads\/2022\/01\/2011-10-30-Kleintierschau-weisses-Kaninchen-FT.jpg\"><img decoding=\"async\" aria-describedby=\"caption-attachment-6783\" data-attachment-id=\"6783\" data-permalink=\"https:\/\/paulinenaue.info\/index.php\/auf-der-kleintierausstellung-2011-in-bienenfarm\/dsc06182-jpg\/\" data-orig-file=\"https:\/\/paulinenaue.info\/wp-content\/uploads\/2022\/01\/2011-10-30-Kleintierschau-weisses-Kaninchen-FT.jpg\" data-orig-size=\"1000,750\" data-comments-opened=\"1\" data-image-meta=\"{&quot;aperture&quot;:&quot;3.5&quot;,&quot;credit&quot;:&quot;&quot;,&quot;camera&quot;:&quot;DSC-H10&quot;,&quot;caption&quot;:&quot;&quot;,&quot;created_timestamp&quot;:&quot;1319897832&quot;,&quot;copyright&quot;:&quot;&quot;,&quot;focal_length&quot;:&quot;6.3&quot;,&quot;iso&quot;:&quot;400&quot;,&quot;shutter_speed&quot;:&quot;0.04&quot;,&quot;title&quot;:&quot;DSC06182.JPG&quot;,&quot;orientation&quot;:&quot;1&quot;}\" data-image-title=\"DSC06182.JPG\" data-image-description=\"\" data-image-caption=\"&lt;p&gt;Auch dieses unschuldig wirkende Tier wirft mehr Fragen auf, als es beantwort. \u201eRuf mich an!\u201c scheint es sagen zu wollen und verr\u00e4t uns seine Nummer: 2121. Doch ein Anruf f\u00fchrt ins Leere. &lt;\/p&gt;\n\" data-large-file=\"https:\/\/paulinenaue.info\/wp-content\/uploads\/2022\/01\/2011-10-30-Kleintierschau-weisses-Kaninchen-FT.jpg\" class=\"lazyload size-fusion-600 wp-image-6783\" src=\"https:\/\/paulinenaue.info\/wp-content\/uploads\/2022\/01\/2011-10-30-Kleintierschau-weisses-Kaninchen-FT-600x450.jpg\" data-orig-src=\"https:\/\/paulinenaue.info\/wp-content\/uploads\/2022\/01\/2011-10-30-Kleintierschau-weisses-Kaninchen-FT-600x450.jpg\" alt=\"\" width=\"600\" height=\"450\" srcset=\"data:image\/svg+xml,%3Csvg%20xmlns%3D%27http%3A%2F%2Fwww.w3.org%2F2000%2Fsvg%27%20width%3D%27600%27%20height%3D%27450%27%20viewBox%3D%270%200%20600%20450%27%3E%3Crect%20width%3D%27600%27%20height%3D%27450%27%20fill-opacity%3D%220%22%2F%3E%3C%2Fsvg%3E\" data-srcset=\"https:\/\/paulinenaue.info\/wp-content\/uploads\/2022\/01\/2011-10-30-Kleintierschau-weisses-Kaninchen-FT-200x150.jpg 200w, https:\/\/paulinenaue.info\/wp-content\/uploads\/2022\/01\/2011-10-30-Kleintierschau-weisses-Kaninchen-FT-300x225.jpg 300w, https:\/\/paulinenaue.info\/wp-content\/uploads\/2022\/01\/2011-10-30-Kleintierschau-weisses-Kaninchen-FT-400x300.jpg 400w, https:\/\/paulinenaue.info\/wp-content\/uploads\/2022\/01\/2011-10-30-Kleintierschau-weisses-Kaninchen-FT-600x450.jpg 600w, https:\/\/paulinenaue.info\/wp-content\/uploads\/2022\/01\/2011-10-30-Kleintierschau-weisses-Kaninchen-FT-768x576.jpg 768w, https:\/\/paulinenaue.info\/wp-content\/uploads\/2022\/01\/2011-10-30-Kleintierschau-weisses-Kaninchen-FT-800x600.jpg 800w, https:\/\/paulinenaue.info\/wp-content\/uploads\/2022\/01\/2011-10-30-Kleintierschau-weisses-Kaninchen-FT.jpg 1000w\" data-sizes=\"auto\" data-orig-sizes=\"(max-width: 600px) 100vw, 600px\" \/><\/a><p id=\"caption-attachment-6783\" class=\"wp-caption-text\">Auch dieses unschuldig wirkende Tier wirft mehr Fragen auf, als es beantwortet. Seine Nummer immerhin ist bekannt: 2121. Foto: Franziska Timm, 2011.<\/p><\/div>\n<p>&nbsp;<\/p>\n<div id=\"attachment_6782\" style=\"width: 610px\" class=\"wp-caption alignnone\"><a href=\"https:\/\/paulinenaue.info\/wp-content\/uploads\/2022\/01\/2011-10-30-Kleintierschau-Horst-Wengzinski.jpg\"><img decoding=\"async\" aria-describedby=\"caption-attachment-6782\" data-attachment-id=\"6782\" data-permalink=\"https:\/\/paulinenaue.info\/index.php\/auf-der-kleintierausstellung-2011-in-bienenfarm\/horst-wengzinski-auf-der-kleintierausstellung-2011\/\" data-orig-file=\"https:\/\/paulinenaue.info\/wp-content\/uploads\/2022\/01\/2011-10-30-Kleintierschau-Horst-Wengzinski.jpg\" data-orig-size=\"1000,750\" data-comments-opened=\"1\" data-image-meta=\"{&quot;aperture&quot;:&quot;3.2&quot;,&quot;credit&quot;:&quot;&quot;,&quot;camera&quot;:&quot;DSC-HX1&quot;,&quot;caption&quot;:&quot;Horst Wengzinski&quot;,&quot;created_timestamp&quot;:&quot;1319894207&quot;,&quot;copyright&quot;:&quot;&quot;,&quot;focal_length&quot;:&quot;6.4&quot;,&quot;iso&quot;:&quot;400&quot;,&quot;shutter_speed&quot;:&quot;0.1&quot;,&quot;title&quot;:&quot;Horst Wengzinski auf der Kleintierausstellung 2011&quot;,&quot;orientation&quot;:&quot;1&quot;}\" data-image-title=\"Horst Wengzinski auf der Kleintierausstellung 2011\" data-image-description=\"\" data-image-caption=\"&lt;p&gt;Horst Wengzinski hat f\u00fcr diesen \u201eStrasser Blau\u201c 95 Punkte und einen Ehrenpreis erhalten. Foto: Joachim Scholz, 2011.&lt;\/p&gt;\n\" data-large-file=\"https:\/\/paulinenaue.info\/wp-content\/uploads\/2022\/01\/2011-10-30-Kleintierschau-Horst-Wengzinski.jpg\" class=\"lazyload size-fusion-600 wp-image-6782\" src=\"https:\/\/paulinenaue.info\/wp-content\/uploads\/2022\/01\/2011-10-30-Kleintierschau-Horst-Wengzinski-600x450.jpg\" data-orig-src=\"https:\/\/paulinenaue.info\/wp-content\/uploads\/2022\/01\/2011-10-30-Kleintierschau-Horst-Wengzinski-600x450.jpg\" alt=\"\" width=\"600\" height=\"450\" srcset=\"data:image\/svg+xml,%3Csvg%20xmlns%3D%27http%3A%2F%2Fwww.w3.org%2F2000%2Fsvg%27%20width%3D%27600%27%20height%3D%27450%27%20viewBox%3D%270%200%20600%20450%27%3E%3Crect%20width%3D%27600%27%20height%3D%27450%27%20fill-opacity%3D%220%22%2F%3E%3C%2Fsvg%3E\" data-srcset=\"https:\/\/paulinenaue.info\/wp-content\/uploads\/2022\/01\/2011-10-30-Kleintierschau-Horst-Wengzinski-200x150.jpg 200w, https:\/\/paulinenaue.info\/wp-content\/uploads\/2022\/01\/2011-10-30-Kleintierschau-Horst-Wengzinski-300x225.jpg 300w, https:\/\/paulinenaue.info\/wp-content\/uploads\/2022\/01\/2011-10-30-Kleintierschau-Horst-Wengzinski-400x300.jpg 400w, https:\/\/paulinenaue.info\/wp-content\/uploads\/2022\/01\/2011-10-30-Kleintierschau-Horst-Wengzinski-600x450.jpg 600w, https:\/\/paulinenaue.info\/wp-content\/uploads\/2022\/01\/2011-10-30-Kleintierschau-Horst-Wengzinski-768x576.jpg 768w, https:\/\/paulinenaue.info\/wp-content\/uploads\/2022\/01\/2011-10-30-Kleintierschau-Horst-Wengzinski-800x600.jpg 800w, https:\/\/paulinenaue.info\/wp-content\/uploads\/2022\/01\/2011-10-30-Kleintierschau-Horst-Wengzinski.jpg 1000w\" data-sizes=\"auto\" data-orig-sizes=\"(max-width: 600px) 100vw, 600px\" \/><\/a><p id=\"caption-attachment-6782\" class=\"wp-caption-text\">Horst Wengzinski hat f\u00fcr diesen \u201eStrasser Blau\u201c 95 Punkte und einen Ehrenpreis erhalten. Foto: Joachim Scholz, 2011.<\/p><\/div>\n<p>&nbsp;<\/p>\n<div id=\"attachment_6781\" style=\"width: 610px\" class=\"wp-caption alignnone\"><a href=\"https:\/\/paulinenaue.info\/wp-content\/uploads\/2022\/01\/2011-10-30-Kleintierschau-Muskelprotz.jpg\"><img decoding=\"async\" aria-describedby=\"caption-attachment-6781\" data-attachment-id=\"6781\" data-permalink=\"https:\/\/paulinenaue.info\/index.php\/auf-der-kleintierausstellung-2011-in-bienenfarm\/dsc03640-jpg\/\" data-orig-file=\"https:\/\/paulinenaue.info\/wp-content\/uploads\/2022\/01\/2011-10-30-Kleintierschau-Muskelprotz.jpg\" data-orig-size=\"1000,750\" data-comments-opened=\"1\" data-image-meta=\"{&quot;aperture&quot;:&quot;2.8&quot;,&quot;credit&quot;:&quot;&quot;,&quot;camera&quot;:&quot;DSC-HX1&quot;,&quot;caption&quot;:&quot;&quot;,&quot;created_timestamp&quot;:&quot;1319894834&quot;,&quot;copyright&quot;:&quot;&quot;,&quot;focal_length&quot;:&quot;5&quot;,&quot;iso&quot;:&quot;400&quot;,&quot;shutter_speed&quot;:&quot;0.05&quot;,&quot;title&quot;:&quot;DSC03640.JPG&quot;,&quot;orientation&quot;:&quot;1&quot;}\" data-image-title=\"DSC03640.JPG\" data-image-description=\"\" data-image-caption=\"&lt;p&gt;Zum Gl\u00fcck im K\u00e4fig: \u201eEin Muskelprotz, der seine Rasse vertritt. Dem Grundanspruch nach vorz\u00fcglich\u201c lautet in seinem Fall das Urteil des Preisrichters Siegfried Brehmer. Foto: Joachim Scholz, 2011.&lt;\/p&gt;\n\" data-large-file=\"https:\/\/paulinenaue.info\/wp-content\/uploads\/2022\/01\/2011-10-30-Kleintierschau-Muskelprotz.jpg\" class=\"lazyload size-fusion-600 wp-image-6781\" src=\"https:\/\/paulinenaue.info\/wp-content\/uploads\/2022\/01\/2011-10-30-Kleintierschau-Muskelprotz-600x450.jpg\" data-orig-src=\"https:\/\/paulinenaue.info\/wp-content\/uploads\/2022\/01\/2011-10-30-Kleintierschau-Muskelprotz-600x450.jpg\" alt=\"\" width=\"600\" height=\"450\" srcset=\"data:image\/svg+xml,%3Csvg%20xmlns%3D%27http%3A%2F%2Fwww.w3.org%2F2000%2Fsvg%27%20width%3D%27600%27%20height%3D%27450%27%20viewBox%3D%270%200%20600%20450%27%3E%3Crect%20width%3D%27600%27%20height%3D%27450%27%20fill-opacity%3D%220%22%2F%3E%3C%2Fsvg%3E\" data-srcset=\"https:\/\/paulinenaue.info\/wp-content\/uploads\/2022\/01\/2011-10-30-Kleintierschau-Muskelprotz-200x150.jpg 200w, https:\/\/paulinenaue.info\/wp-content\/uploads\/2022\/01\/2011-10-30-Kleintierschau-Muskelprotz-300x225.jpg 300w, https:\/\/paulinenaue.info\/wp-content\/uploads\/2022\/01\/2011-10-30-Kleintierschau-Muskelprotz-400x300.jpg 400w, https:\/\/paulinenaue.info\/wp-content\/uploads\/2022\/01\/2011-10-30-Kleintierschau-Muskelprotz-600x450.jpg 600w, https:\/\/paulinenaue.info\/wp-content\/uploads\/2022\/01\/2011-10-30-Kleintierschau-Muskelprotz-768x576.jpg 768w, https:\/\/paulinenaue.info\/wp-content\/uploads\/2022\/01\/2011-10-30-Kleintierschau-Muskelprotz-800x600.jpg 800w, https:\/\/paulinenaue.info\/wp-content\/uploads\/2022\/01\/2011-10-30-Kleintierschau-Muskelprotz.jpg 1000w\" data-sizes=\"auto\" data-orig-sizes=\"(max-width: 600px) 100vw, 600px\" \/><\/a><p id=\"caption-attachment-6781\" class=\"wp-caption-text\">Zum Gl\u00fcck im K\u00e4fig: \u201eEin Muskelprotz, der seine Rasse vertritt. Dem Grundanspruch nach vorz\u00fcglich\u201c lautet in seinem Fall das Urteil des Preisrichters Siegfried Brehmer. Foto: Joachim Scholz, 2011.<\/p><\/div>\n<p>&nbsp;<\/p>\n<div id=\"attachment_6780\" style=\"width: 610px\" class=\"wp-caption alignnone\"><a href=\"https:\/\/paulinenaue.info\/wp-content\/uploads\/2022\/01\/2011-10-30-Kleintierschau-2-Tauben-von-Erhard-Hesse.jpg\"><img decoding=\"async\" aria-describedby=\"caption-attachment-6780\" data-attachment-id=\"6780\" data-permalink=\"https:\/\/paulinenaue.info\/index.php\/auf-der-kleintierausstellung-2011-in-bienenfarm\/dsc03642-jpg\/\" data-orig-file=\"https:\/\/paulinenaue.info\/wp-content\/uploads\/2022\/01\/2011-10-30-Kleintierschau-2-Tauben-von-Erhard-Hesse.jpg\" data-orig-size=\"1000,750\" data-comments-opened=\"1\" data-image-meta=\"{&quot;aperture&quot;:&quot;2.8&quot;,&quot;credit&quot;:&quot;&quot;,&quot;camera&quot;:&quot;DSC-HX1&quot;,&quot;caption&quot;:&quot;&quot;,&quot;created_timestamp&quot;:&quot;1319894889&quot;,&quot;copyright&quot;:&quot;&quot;,&quot;focal_length&quot;:&quot;5&quot;,&quot;iso&quot;:&quot;400&quot;,&quot;shutter_speed&quot;:&quot;0.066666666666667&quot;,&quot;title&quot;:&quot;DSC03642.JPG&quot;,&quot;orientation&quot;:&quot;1&quot;}\" data-image-title=\"DSC03642.JPG\" data-image-description=\"\" data-image-caption=\"&lt;p&gt;Ungeduldig erwarten zwei Tombolatauben aus dem Stall unseres B\u00fcrgermeisters ihr Los. Foto: Joachim Scholz, 2011.&lt;\/p&gt;\n\" data-large-file=\"https:\/\/paulinenaue.info\/wp-content\/uploads\/2022\/01\/2011-10-30-Kleintierschau-2-Tauben-von-Erhard-Hesse.jpg\" class=\"lazyload size-fusion-600 wp-image-6780\" src=\"https:\/\/paulinenaue.info\/wp-content\/uploads\/2022\/01\/2011-10-30-Kleintierschau-2-Tauben-von-Erhard-Hesse-600x450.jpg\" data-orig-src=\"https:\/\/paulinenaue.info\/wp-content\/uploads\/2022\/01\/2011-10-30-Kleintierschau-2-Tauben-von-Erhard-Hesse-600x450.jpg\" alt=\"\" width=\"600\" height=\"450\" srcset=\"data:image\/svg+xml,%3Csvg%20xmlns%3D%27http%3A%2F%2Fwww.w3.org%2F2000%2Fsvg%27%20width%3D%27600%27%20height%3D%27450%27%20viewBox%3D%270%200%20600%20450%27%3E%3Crect%20width%3D%27600%27%20height%3D%27450%27%20fill-opacity%3D%220%22%2F%3E%3C%2Fsvg%3E\" data-srcset=\"https:\/\/paulinenaue.info\/wp-content\/uploads\/2022\/01\/2011-10-30-Kleintierschau-2-Tauben-von-Erhard-Hesse-200x150.jpg 200w, https:\/\/paulinenaue.info\/wp-content\/uploads\/2022\/01\/2011-10-30-Kleintierschau-2-Tauben-von-Erhard-Hesse-300x225.jpg 300w, https:\/\/paulinenaue.info\/wp-content\/uploads\/2022\/01\/2011-10-30-Kleintierschau-2-Tauben-von-Erhard-Hesse-400x300.jpg 400w, https:\/\/paulinenaue.info\/wp-content\/uploads\/2022\/01\/2011-10-30-Kleintierschau-2-Tauben-von-Erhard-Hesse-600x450.jpg 600w, https:\/\/paulinenaue.info\/wp-content\/uploads\/2022\/01\/2011-10-30-Kleintierschau-2-Tauben-von-Erhard-Hesse-768x576.jpg 768w, https:\/\/paulinenaue.info\/wp-content\/uploads\/2022\/01\/2011-10-30-Kleintierschau-2-Tauben-von-Erhard-Hesse-800x600.jpg 800w, https:\/\/paulinenaue.info\/wp-content\/uploads\/2022\/01\/2011-10-30-Kleintierschau-2-Tauben-von-Erhard-Hesse.jpg 1000w\" data-sizes=\"auto\" data-orig-sizes=\"(max-width: 600px) 100vw, 600px\" \/><\/a><p id=\"caption-attachment-6780\" class=\"wp-caption-text\">Ungeduldig erwarten zwei Tombolatauben aus dem Stall unseres B\u00fcrgermeisters ihr Los. Foto: Joachim Scholz, 2011.<\/p><\/div>\n<p>&nbsp;<\/p>\n<div id=\"attachment_6779\" style=\"width: 610px\" class=\"wp-caption alignnone\"><a href=\"https:\/\/paulinenaue.info\/wp-content\/uploads\/2022\/01\/2011-10-30-Kleintierschau-Zu\u0308chter-vor-der-Scheune.jpg\"><img decoding=\"async\" aria-describedby=\"caption-attachment-6779\" data-attachment-id=\"6779\" data-permalink=\"https:\/\/paulinenaue.info\/index.php\/auf-der-kleintierausstellung-2011-in-bienenfarm\/dsc03650-jpg\/\" data-orig-file=\"https:\/\/paulinenaue.info\/wp-content\/uploads\/2022\/01\/2011-10-30-Kleintierschau-Zu\u0308chter-vor-der-Scheune.jpg\" data-orig-size=\"1000,750\" data-comments-opened=\"1\" data-image-meta=\"{&quot;aperture&quot;:&quot;4&quot;,&quot;credit&quot;:&quot;&quot;,&quot;camera&quot;:&quot;DSC-HX1&quot;,&quot;caption&quot;:&quot;Paulinenaue, Kleintierausstellung 2011. Z\\u00fcchter und G\\u00e4ste vor der Bienenfarmer Scheune.&quot;,&quot;created_timestamp&quot;:&quot;1319895020&quot;,&quot;copyright&quot;:&quot;&quot;,&quot;focal_length&quot;:&quot;10.4&quot;,&quot;iso&quot;:&quot;125&quot;,&quot;shutter_speed&quot;:&quot;0.002&quot;,&quot;title&quot;:&quot;DSC03650.JPG&quot;,&quot;orientation&quot;:&quot;1&quot;}\" data-image-title=\"DSC03650.JPG\" data-image-description=\"&lt;p&gt;Paulinenaue, Kleintierausstellung 2011. Z\u00fcchter und G\u00e4ste vor der Bienenfarmer Scheune.&lt;\/p&gt;\n\" data-image-caption=\"&lt;p&gt;Sch\u00f6nes Wetter lockt vors Scheuentor. F\u00fcr die 21 Paulinenauer Z\u00fcchter ist die Ausstellung im Herbst der H\u00f6hepunkt des Vereinslebens. Foto: Joachim Scholz, 2011.&lt;\/p&gt;\n\" data-large-file=\"https:\/\/paulinenaue.info\/wp-content\/uploads\/2022\/01\/2011-10-30-Kleintierschau-Zu\u0308chter-vor-der-Scheune.jpg\" class=\"lazyload size-fusion-600 wp-image-6779\" src=\"https:\/\/paulinenaue.info\/wp-content\/uploads\/2022\/01\/2011-10-30-Kleintierschau-Zu\u0308chter-vor-der-Scheune-600x450.jpg\" data-orig-src=\"https:\/\/paulinenaue.info\/wp-content\/uploads\/2022\/01\/2011-10-30-Kleintierschau-Zu\u0308chter-vor-der-Scheune-600x450.jpg\" alt=\"\" width=\"600\" height=\"450\" srcset=\"data:image\/svg+xml,%3Csvg%20xmlns%3D%27http%3A%2F%2Fwww.w3.org%2F2000%2Fsvg%27%20width%3D%27600%27%20height%3D%27450%27%20viewBox%3D%270%200%20600%20450%27%3E%3Crect%20width%3D%27600%27%20height%3D%27450%27%20fill-opacity%3D%220%22%2F%3E%3C%2Fsvg%3E\" data-srcset=\"https:\/\/paulinenaue.info\/wp-content\/uploads\/2022\/01\/2011-10-30-Kleintierschau-Zu\u0308chter-vor-der-Scheune-200x150.jpg 200w, https:\/\/paulinenaue.info\/wp-content\/uploads\/2022\/01\/2011-10-30-Kleintierschau-Zu\u0308chter-vor-der-Scheune-300x225.jpg 300w, https:\/\/paulinenaue.info\/wp-content\/uploads\/2022\/01\/2011-10-30-Kleintierschau-Zu\u0308chter-vor-der-Scheune-400x300.jpg 400w, https:\/\/paulinenaue.info\/wp-content\/uploads\/2022\/01\/2011-10-30-Kleintierschau-Zu\u0308chter-vor-der-Scheune-600x450.jpg 600w, https:\/\/paulinenaue.info\/wp-content\/uploads\/2022\/01\/2011-10-30-Kleintierschau-Zu\u0308chter-vor-der-Scheune-768x576.jpg 768w, https:\/\/paulinenaue.info\/wp-content\/uploads\/2022\/01\/2011-10-30-Kleintierschau-Zu\u0308chter-vor-der-Scheune-800x600.jpg 800w, https:\/\/paulinenaue.info\/wp-content\/uploads\/2022\/01\/2011-10-30-Kleintierschau-Zu\u0308chter-vor-der-Scheune.jpg 1000w\" data-sizes=\"auto\" data-orig-sizes=\"(max-width: 600px) 100vw, 600px\" \/><\/a><p id=\"caption-attachment-6779\" class=\"wp-caption-text\">Sch\u00f6nes Wetter lockt vors Scheuentor. F\u00fcr die 21 Paulinenauer Z\u00fcchter ist die Ausstellung im Herbst der H\u00f6hepunkt des Vereinslebens. Foto: Joachim Scholz, 2011.<\/p><\/div>\n","protected":false},"excerpt":{"rendered":"<p>Ein zauberhafter Herbstnebel lag \u00fcber dem Luch, als am Morgen [&hellip;]<\/p>\n","protected":false},"author":1,"featured_media":6783,"comment_status":"open","ping_status":"open","sticky":false,"template":"","format":"standard","meta":{"_acf_changed":false,"_price":"","_stock":"","_tribe_ticket_header":"","_tribe_default_ticket_provider":"","_tribe_ticket_capacity":"0","_ticket_start_date":"","_ticket_end_date":"","_tribe_ticket_show_description":"","_tribe_ticket_show_not_going":false,"_tribe_ticket_use_global_stock":"","_tribe_ticket_global_stock_level":"","_global_stock_mode":"","_global_stock_cap":"","_tribe_rsvp_for_event":"","_tribe_ticket_going_count":"","_tribe_ticket_not_going_count":"","_tribe_tickets_list":"[]","_tribe_ticket_has_attendee_info_fields":false,"jetpack_post_was_ever_published":false,"_jetpack_newsletter_access":"","_jetpack_dont_email_post_to_subs":false,"_jetpack_newsletter_tier_id":0,"_jetpack_memberships_contains_paywalled_content":false,"_jetpack_memberships_contains_paid_content":false,"footnotes":"","jetpack_publicize_message":"","jetpack_publicize_feature_enabled":true,"jetpack_social_post_already_shared":true,"jetpack_social_options":{"image_generator_settings":{"template":"highway","default_image_id":0,"font":"","enabled":false},"version":2}},"categories":[36,87,9,354,10],"tags":[37,441,423,422,88],"class_list":["post-6773","post","type-post","status-publish","format-standard","has-post-thumbnail","hentry","category-bienenfarm","category-kleintierverein","category-neuigkeiten","category-selbelang","category-vereine","tag-bienenfarm","tag-kaninchen","tag-kleintierausstellung","tag-kleintierschau","tag-kleintierzuchtverein"],"acf":[],"yoast_head":"<!-- This site is optimized with the Yoast SEO plugin v27.5 - https:\/\/yoast.com\/product\/yoast-seo-wordpress\/ -->\n<title>Auf der Kleintierausstellung 2011 in Bienenfarm - Paulinenaue<\/title>\n<meta name=\"description\" content=\"An einem sonnigen Oktoberwochenende fand 2011 in Bienenfarm die Paulinenauer Kleintierausstellung statt. 220 Tiere wurden ausgestellt.\" \/>\n<meta name=\"robots\" content=\"index, follow, max-snippet:-1, max-image-preview:large, max-video-preview:-1\" \/>\n<link rel=\"canonical\" href=\"https:\/\/paulinenaue.info\/index.php\/auf-der-kleintierausstellung-2011-in-bienenfarm\/\" \/>\n<meta property=\"og:locale\" content=\"de_DE\" \/>\n<meta property=\"og:type\" content=\"article\" \/>\n<meta property=\"og:title\" content=\"Auf der Kleintierausstellung 2011 in Bienenfarm - Paulinenaue\" \/>\n<meta property=\"og:description\" content=\"An einem sonnigen Oktoberwochenende fand 2011 in Bienenfarm die Paulinenauer Kleintierausstellung statt. 220 Tiere wurden ausgestellt.\" \/>\n<meta property=\"og:url\" content=\"https:\/\/paulinenaue.info\/index.php\/auf-der-kleintierausstellung-2011-in-bienenfarm\/\" \/>\n<meta property=\"og:site_name\" content=\"Paulinenaue\" \/>\n<meta property=\"article:published_time\" content=\"2011-10-29T10:13:15+00:00\" \/>\n<meta property=\"article:modified_time\" content=\"2022-01-24T23:59:14+00:00\" \/>\n<meta property=\"og:image\" content=\"https:\/\/paulinenaue.info\/wp-content\/uploads\/2022\/01\/2011-10-30-Kleintierschau-weisses-Kaninchen-FT.jpg\" \/>\n\t<meta property=\"og:image:width\" content=\"1000\" \/>\n\t<meta property=\"og:image:height\" content=\"750\" \/>\n\t<meta property=\"og:image:type\" content=\"image\/jpeg\" \/>\n<meta name=\"author\" content=\"Joachim Scholz\" \/>\n<meta name=\"twitter:card\" content=\"summary_large_image\" \/>\n<meta name=\"twitter:label1\" content=\"Verfasst von\" \/>\n\t<meta name=\"twitter:data1\" content=\"Joachim Scholz\" \/>\n\t<meta name=\"twitter:label2\" content=\"Gesch\u00e4tzte Lesezeit\" \/>\n\t<meta name=\"twitter:data2\" content=\"5\u00a0Minuten\" \/>\n<script type=\"application\/ld+json\" class=\"yoast-schema-graph\">{\"@context\":\"https:\\\/\\\/schema.org\",\"@graph\":[{\"@type\":\"Article\",\"@id\":\"https:\\\/\\\/paulinenaue.info\\\/index.php\\\/auf-der-kleintierausstellung-2011-in-bienenfarm\\\/#article\",\"isPartOf\":{\"@id\":\"https:\\\/\\\/paulinenaue.info\\\/index.php\\\/auf-der-kleintierausstellung-2011-in-bienenfarm\\\/\"},\"author\":{\"name\":\"Joachim Scholz\",\"@id\":\"https:\\\/\\\/paulinenaue.info\\\/#\\\/schema\\\/person\\\/3f9e818fd7b69b0d2bd937ac506897cc\"},\"headline\":\"Auf der Kleintierausstellung 2011 in Bienenfarm\",\"datePublished\":\"2011-10-29T10:13:15+00:00\",\"dateModified\":\"2022-01-24T23:59:14+00:00\",\"mainEntityOfPage\":{\"@id\":\"https:\\\/\\\/paulinenaue.info\\\/index.php\\\/auf-der-kleintierausstellung-2011-in-bienenfarm\\\/\"},\"wordCount\":445,\"commentCount\":0,\"image\":{\"@id\":\"https:\\\/\\\/paulinenaue.info\\\/index.php\\\/auf-der-kleintierausstellung-2011-in-bienenfarm\\\/#primaryimage\"},\"thumbnailUrl\":\"https:\\\/\\\/paulinenaue.info\\\/wp-content\\\/uploads\\\/2022\\\/01\\\/2011-10-30-Kleintierschau-weisses-Kaninchen-FT.jpg\",\"keywords\":[\"Bienenfarm\",\"Kaninchen\",\"Kleintierausstellung\",\"Kleintierschau\",\"Kleintierzuchtverein\"],\"articleSection\":[\"Bienenfarm\",\"Kleintierverein\",\"Neuigkeiten\",\"Selbelang\",\"Vereine\"],\"inLanguage\":\"de\",\"potentialAction\":[{\"@type\":\"CommentAction\",\"name\":\"Comment\",\"target\":[\"https:\\\/\\\/paulinenaue.info\\\/index.php\\\/auf-der-kleintierausstellung-2011-in-bienenfarm\\\/#respond\"]}]},{\"@type\":\"WebPage\",\"@id\":\"https:\\\/\\\/paulinenaue.info\\\/index.php\\\/auf-der-kleintierausstellung-2011-in-bienenfarm\\\/\",\"url\":\"https:\\\/\\\/paulinenaue.info\\\/index.php\\\/auf-der-kleintierausstellung-2011-in-bienenfarm\\\/\",\"name\":\"Auf der Kleintierausstellung 2011 in Bienenfarm - Paulinenaue\",\"isPartOf\":{\"@id\":\"https:\\\/\\\/paulinenaue.info\\\/#website\"},\"primaryImageOfPage\":{\"@id\":\"https:\\\/\\\/paulinenaue.info\\\/index.php\\\/auf-der-kleintierausstellung-2011-in-bienenfarm\\\/#primaryimage\"},\"image\":{\"@id\":\"https:\\\/\\\/paulinenaue.info\\\/index.php\\\/auf-der-kleintierausstellung-2011-in-bienenfarm\\\/#primaryimage\"},\"thumbnailUrl\":\"https:\\\/\\\/paulinenaue.info\\\/wp-content\\\/uploads\\\/2022\\\/01\\\/2011-10-30-Kleintierschau-weisses-Kaninchen-FT.jpg\",\"datePublished\":\"2011-10-29T10:13:15+00:00\",\"dateModified\":\"2022-01-24T23:59:14+00:00\",\"author\":{\"@id\":\"https:\\\/\\\/paulinenaue.info\\\/#\\\/schema\\\/person\\\/3f9e818fd7b69b0d2bd937ac506897cc\"},\"description\":\"An einem sonnigen Oktoberwochenende fand 2011 in Bienenfarm die Paulinenauer Kleintierausstellung statt. 220 Tiere wurden ausgestellt.\",\"breadcrumb\":{\"@id\":\"https:\\\/\\\/paulinenaue.info\\\/index.php\\\/auf-der-kleintierausstellung-2011-in-bienenfarm\\\/#breadcrumb\"},\"inLanguage\":\"de\",\"potentialAction\":[{\"@type\":\"ReadAction\",\"target\":[\"https:\\\/\\\/paulinenaue.info\\\/index.php\\\/auf-der-kleintierausstellung-2011-in-bienenfarm\\\/\"]}]},{\"@type\":\"ImageObject\",\"inLanguage\":\"de\",\"@id\":\"https:\\\/\\\/paulinenaue.info\\\/index.php\\\/auf-der-kleintierausstellung-2011-in-bienenfarm\\\/#primaryimage\",\"url\":\"https:\\\/\\\/paulinenaue.info\\\/wp-content\\\/uploads\\\/2022\\\/01\\\/2011-10-30-Kleintierschau-weisses-Kaninchen-FT.jpg\",\"contentUrl\":\"https:\\\/\\\/paulinenaue.info\\\/wp-content\\\/uploads\\\/2022\\\/01\\\/2011-10-30-Kleintierschau-weisses-Kaninchen-FT.jpg\",\"width\":1000,\"height\":750,\"caption\":\"Auch dieses unschuldig wirkende Tier wirft mehr Fragen auf, als es beantwort. \u201eRuf mich an!\u201c scheint es sagen zu wollen und verr\u00e4t uns seine Nummer: 2121. Doch ein Anruf f\u00fchrt ins Leere.\"},{\"@type\":\"BreadcrumbList\",\"@id\":\"https:\\\/\\\/paulinenaue.info\\\/index.php\\\/auf-der-kleintierausstellung-2011-in-bienenfarm\\\/#breadcrumb\",\"itemListElement\":[{\"@type\":\"ListItem\",\"position\":1,\"name\":\"Home\",\"item\":\"https:\\\/\\\/paulinenaue.info\\\/\"},{\"@type\":\"ListItem\",\"position\":2,\"name\":\"Auf der Kleintierausstellung 2011 in Bienenfarm\"}]},{\"@type\":\"WebSite\",\"@id\":\"https:\\\/\\\/paulinenaue.info\\\/#website\",\"url\":\"https:\\\/\\\/paulinenaue.info\\\/\",\"name\":\"Paulinenaue\",\"description\":\"Ein Dorf im Havelland\",\"potentialAction\":[{\"@type\":\"SearchAction\",\"target\":{\"@type\":\"EntryPoint\",\"urlTemplate\":\"https:\\\/\\\/paulinenaue.info\\\/?s={search_term_string}\"},\"query-input\":{\"@type\":\"PropertyValueSpecification\",\"valueRequired\":true,\"valueName\":\"search_term_string\"}}],\"inLanguage\":\"de\"},{\"@type\":\"Person\",\"@id\":\"https:\\\/\\\/paulinenaue.info\\\/#\\\/schema\\\/person\\\/3f9e818fd7b69b0d2bd937ac506897cc\",\"name\":\"Joachim Scholz\",\"url\":\"https:\\\/\\\/paulinenaue.info\\\/index.php\\\/author\\\/jjscholz\\\/\"}]}<\/script>\n<!-- \/ Yoast SEO plugin. -->","yoast_head_json":{"title":"Auf der Kleintierausstellung 2011 in Bienenfarm - Paulinenaue","description":"An einem sonnigen Oktoberwochenende fand 2011 in Bienenfarm die Paulinenauer Kleintierausstellung statt. 220 Tiere wurden ausgestellt.","robots":{"index":"index","follow":"follow","max-snippet":"max-snippet:-1","max-image-preview":"max-image-preview:large","max-video-preview":"max-video-preview:-1"},"canonical":"https:\/\/paulinenaue.info\/index.php\/auf-der-kleintierausstellung-2011-in-bienenfarm\/","og_locale":"de_DE","og_type":"article","og_title":"Auf der Kleintierausstellung 2011 in Bienenfarm - Paulinenaue","og_description":"An einem sonnigen Oktoberwochenende fand 2011 in Bienenfarm die Paulinenauer Kleintierausstellung statt. 220 Tiere wurden ausgestellt.","og_url":"https:\/\/paulinenaue.info\/index.php\/auf-der-kleintierausstellung-2011-in-bienenfarm\/","og_site_name":"Paulinenaue","article_published_time":"2011-10-29T10:13:15+00:00","article_modified_time":"2022-01-24T23:59:14+00:00","og_image":[{"width":1000,"height":750,"url":"https:\/\/paulinenaue.info\/wp-content\/uploads\/2022\/01\/2011-10-30-Kleintierschau-weisses-Kaninchen-FT.jpg","type":"image\/jpeg"}],"author":"Joachim Scholz","twitter_card":"summary_large_image","twitter_misc":{"Verfasst von":"Joachim Scholz","Gesch\u00e4tzte Lesezeit":"5\u00a0Minuten"},"schema":{"@context":"https:\/\/schema.org","@graph":[{"@type":"Article","@id":"https:\/\/paulinenaue.info\/index.php\/auf-der-kleintierausstellung-2011-in-bienenfarm\/#article","isPartOf":{"@id":"https:\/\/paulinenaue.info\/index.php\/auf-der-kleintierausstellung-2011-in-bienenfarm\/"},"author":{"name":"Joachim Scholz","@id":"https:\/\/paulinenaue.info\/#\/schema\/person\/3f9e818fd7b69b0d2bd937ac506897cc"},"headline":"Auf der Kleintierausstellung 2011 in Bienenfarm","datePublished":"2011-10-29T10:13:15+00:00","dateModified":"2022-01-24T23:59:14+00:00","mainEntityOfPage":{"@id":"https:\/\/paulinenaue.info\/index.php\/auf-der-kleintierausstellung-2011-in-bienenfarm\/"},"wordCount":445,"commentCount":0,"image":{"@id":"https:\/\/paulinenaue.info\/index.php\/auf-der-kleintierausstellung-2011-in-bienenfarm\/#primaryimage"},"thumbnailUrl":"https:\/\/paulinenaue.info\/wp-content\/uploads\/2022\/01\/2011-10-30-Kleintierschau-weisses-Kaninchen-FT.jpg","keywords":["Bienenfarm","Kaninchen","Kleintierausstellung","Kleintierschau","Kleintierzuchtverein"],"articleSection":["Bienenfarm","Kleintierverein","Neuigkeiten","Selbelang","Vereine"],"inLanguage":"de","potentialAction":[{"@type":"CommentAction","name":"Comment","target":["https:\/\/paulinenaue.info\/index.php\/auf-der-kleintierausstellung-2011-in-bienenfarm\/#respond"]}]},{"@type":"WebPage","@id":"https:\/\/paulinenaue.info\/index.php\/auf-der-kleintierausstellung-2011-in-bienenfarm\/","url":"https:\/\/paulinenaue.info\/index.php\/auf-der-kleintierausstellung-2011-in-bienenfarm\/","name":"Auf der Kleintierausstellung 2011 in Bienenfarm - Paulinenaue","isPartOf":{"@id":"https:\/\/paulinenaue.info\/#website"},"primaryImageOfPage":{"@id":"https:\/\/paulinenaue.info\/index.php\/auf-der-kleintierausstellung-2011-in-bienenfarm\/#primaryimage"},"image":{"@id":"https:\/\/paulinenaue.info\/index.php\/auf-der-kleintierausstellung-2011-in-bienenfarm\/#primaryimage"},"thumbnailUrl":"https:\/\/paulinenaue.info\/wp-content\/uploads\/2022\/01\/2011-10-30-Kleintierschau-weisses-Kaninchen-FT.jpg","datePublished":"2011-10-29T10:13:15+00:00","dateModified":"2022-01-24T23:59:14+00:00","author":{"@id":"https:\/\/paulinenaue.info\/#\/schema\/person\/3f9e818fd7b69b0d2bd937ac506897cc"},"description":"An einem sonnigen Oktoberwochenende fand 2011 in Bienenfarm die Paulinenauer Kleintierausstellung statt. 220 Tiere wurden ausgestellt.","breadcrumb":{"@id":"https:\/\/paulinenaue.info\/index.php\/auf-der-kleintierausstellung-2011-in-bienenfarm\/#breadcrumb"},"inLanguage":"de","potentialAction":[{"@type":"ReadAction","target":["https:\/\/paulinenaue.info\/index.php\/auf-der-kleintierausstellung-2011-in-bienenfarm\/"]}]},{"@type":"ImageObject","inLanguage":"de","@id":"https:\/\/paulinenaue.info\/index.php\/auf-der-kleintierausstellung-2011-in-bienenfarm\/#primaryimage","url":"https:\/\/paulinenaue.info\/wp-content\/uploads\/2022\/01\/2011-10-30-Kleintierschau-weisses-Kaninchen-FT.jpg","contentUrl":"https:\/\/paulinenaue.info\/wp-content\/uploads\/2022\/01\/2011-10-30-Kleintierschau-weisses-Kaninchen-FT.jpg","width":1000,"height":750,"caption":"Auch dieses unschuldig wirkende Tier wirft mehr Fragen auf, als es beantwort. \u201eRuf mich an!\u201c scheint es sagen zu wollen und verr\u00e4t uns seine Nummer: 2121. Doch ein Anruf f\u00fchrt ins Leere."},{"@type":"BreadcrumbList","@id":"https:\/\/paulinenaue.info\/index.php\/auf-der-kleintierausstellung-2011-in-bienenfarm\/#breadcrumb","itemListElement":[{"@type":"ListItem","position":1,"name":"Home","item":"https:\/\/paulinenaue.info\/"},{"@type":"ListItem","position":2,"name":"Auf der Kleintierausstellung 2011 in Bienenfarm"}]},{"@type":"WebSite","@id":"https:\/\/paulinenaue.info\/#website","url":"https:\/\/paulinenaue.info\/","name":"Paulinenaue","description":"Ein Dorf im Havelland","potentialAction":[{"@type":"SearchAction","target":{"@type":"EntryPoint","urlTemplate":"https:\/\/paulinenaue.info\/?s={search_term_string}"},"query-input":{"@type":"PropertyValueSpecification","valueRequired":true,"valueName":"search_term_string"}}],"inLanguage":"de"},{"@type":"Person","@id":"https:\/\/paulinenaue.info\/#\/schema\/person\/3f9e818fd7b69b0d2bd937ac506897cc","name":"Joachim Scholz","url":"https:\/\/paulinenaue.info\/index.php\/author\/jjscholz\/"}]}},"jetpack_publicize_connections":[],"jetpack_featured_media_url":"https:\/\/paulinenaue.info\/wp-content\/uploads\/2022\/01\/2011-10-30-Kleintierschau-weisses-Kaninchen-FT.jpg","jetpack_sharing_enabled":true,"jetpack_shortlink":"https:\/\/wp.me\/pcYhWA-1Lf","jetpack-related-posts":[{"id":295399,"url":"https:\/\/paulinenaue.info\/index.php\/kleintierausstellung-der-kleintierzuechter-2004\/","url_meta":{"origin":6773,"position":0},"title":"Kleintierausstellung der Kleintierz\u00fcchter 2004","author":"Joachim Scholz","date":"31. Oktober 2004","format":false,"excerpt":"31.10.2004. Kleintierschau in Paulinenaue: Dieter Borchmann und Werner Zeglin konnte man schon am Donnerstag Vormittag dabei beobachten, wie sie ihre Kaninchen k\u00e4mmten. Am Wochenende p\u00e4sentierten sie und viele andere Paulinenauer Z\u00fcchter insgesamt 120 Kaninchen, 20 Enten und 70 Tauben. Besonders am Samstag gab es regen Publikumsverkehr; Dieter Thiers Eisbeinmahlzeiten waren\u2026","rel":"","context":"In &quot;Allgemein&quot;","block_context":{"text":"Allgemein","link":"https:\/\/paulinenaue.info\/index.php\/category\/allgemein\/"},"img":{"alt_text":"","src":"https:\/\/i0.wp.com\/paulinenaue.info\/wp-content\/uploads\/2022\/07\/2004-10-31-Werner-Zeglin.jpeg?resize=350%2C200&ssl=1","width":350,"height":200,"srcset":"https:\/\/i0.wp.com\/paulinenaue.info\/wp-content\/uploads\/2022\/07\/2004-10-31-Werner-Zeglin.jpeg?resize=350%2C200&ssl=1 1x, https:\/\/i0.wp.com\/paulinenaue.info\/wp-content\/uploads\/2022\/07\/2004-10-31-Werner-Zeglin.jpeg?resize=525%2C300&ssl=1 1.5x, https:\/\/i0.wp.com\/paulinenaue.info\/wp-content\/uploads\/2022\/07\/2004-10-31-Werner-Zeglin.jpeg?resize=700%2C400&ssl=1 2x"},"classes":[]},{"id":107,"url":"https:\/\/paulinenaue.info\/index.php\/kleintierausstellung-im-jubilaeumsjahr-50-jahre-ktzv-d-719-paulinenaue\/","url_meta":{"origin":6773,"position":1},"title":"Kleintierausstellung im Jubil\u00e4umsjahr \u2013 50 Jahre KTZV \u201eD 719 Paulinenaue\u201c","author":"Joachim Scholz","date":"22. M\u00e4rz 2016","format":false,"excerpt":"Joachim Scholz 26.\/27.10.2013. Als der Paulinenauer Kleintierz\u00fcchterverein sich gr\u00fcndete, geh\u00f6rte die Gefl\u00fcgelaufzucht noch viel mehr als heute zum d\u00f6rflichen Alltag. Man muss nur auf Bilder aus dieser Zeit sehen: \u00fcberall liefen damals noch H\u00fchner durch Paulinenaue. Wenn viele Kaninchenbuchten und H\u00fchnerst\u00e4lle auch l\u00e4ngst abgerissen sind, so ist es den Paulinenauer\u2026","rel":"","context":"In &quot;Kleintierverein&quot;","block_context":{"text":"Kleintierverein","link":"https:\/\/paulinenaue.info\/index.php\/category\/kleintierverein\/"},"img":{"alt_text":"","src":"https:\/\/i0.wp.com\/paulinenaue.info\/wp-content\/uploads\/2016\/03\/20131026_kleintierausstellung_18.jpg?resize=350%2C200&ssl=1","width":350,"height":200},"classes":[]},{"id":6335,"url":"https:\/\/paulinenaue.info\/index.php\/menschen-kleintier-sensationen\/","url_meta":{"origin":6773,"position":2},"title":"Menschen, Kleintier, Sensationen","author":"Joachim Scholz","date":"1. November 2010","format":false,"excerpt":"Die Kleintierschau der Paulinenauer Z\u00fcchter in Bienenfarm 2010 30. und 31.10.2010. \u00dcber 220 Ausstellungstiere, dazu Imbiss, Kaffee und Kuchen, eine Tombola mit lebenden Tieren und obendrauf noch Dieters Erbseneintopf mit leckeren Haxen. Die Kleintierschau der Paulinenauer Z\u00fcchter in Bienenfarm zog einmal mehr alle Register. \u00a0 \u00a0 \u00a0 \u00a0 \u00a0 \u00a0\u2026","rel":"","context":"In &quot;Bienenfarm&quot;","block_context":{"text":"Bienenfarm","link":"https:\/\/paulinenaue.info\/index.php\/category\/bienenfarm\/"},"img":{"alt_text":"","src":"https:\/\/i0.wp.com\/paulinenaue.info\/wp-content\/uploads\/2021\/11\/DSC09931.jpg?resize=350%2C200&ssl=1","width":350,"height":200,"srcset":"https:\/\/i0.wp.com\/paulinenaue.info\/wp-content\/uploads\/2021\/11\/DSC09931.jpg?resize=350%2C200&ssl=1 1x, https:\/\/i0.wp.com\/paulinenaue.info\/wp-content\/uploads\/2021\/11\/DSC09931.jpg?resize=525%2C300&ssl=1 1.5x, https:\/\/i0.wp.com\/paulinenaue.info\/wp-content\/uploads\/2021\/11\/DSC09931.jpg?resize=700%2C400&ssl=1 2x"},"classes":[]},{"id":197,"url":"https:\/\/paulinenaue.info\/index.php\/kleine-geschichte-von-bienenfarm-und-der-lindholzfarm\/","url_meta":{"origin":6773,"position":3},"title":"Kleine Geschichte von Bienenfarm und Lindholzfarm","author":"Joachim Scholz","date":"11. Februar 2013","format":false,"excerpt":"Im Schmettauschen Kartenwerk von 1774 sieht man am Waldrand des Lindholzes - den Stra\u00dfend\u00f6rfern Ribbeck, Selbelang und Pessin vorgelagert - drei \u00e4hnlich gro\u00dfe Vierseitenh\u00f6fe in der Wiesenfl\u00e4che liegen, die hier \u201edas Blache Luch\u201c hei\u00dft. An der helleren Ausmalung erkennt man die Fl\u00e4chen, die von diesen Meiereien bewirtschaftet wurden. Dass auf\u2026","rel":"","context":"In &quot;Bienenfarm&quot;","block_context":{"text":"Bienenfarm","link":"https:\/\/paulinenaue.info\/index.php\/category\/bienenfarm\/"},"img":{"alt_text":"","src":"https:\/\/i0.wp.com\/paulinenaue.info\/wp-content\/uploads\/2018\/03\/Verwalterhaus-Bienenfarm-2012.jpg?resize=350%2C200&ssl=1","width":350,"height":200,"srcset":"https:\/\/i0.wp.com\/paulinenaue.info\/wp-content\/uploads\/2018\/03\/Verwalterhaus-Bienenfarm-2012.jpg?resize=350%2C200&ssl=1 1x, https:\/\/i0.wp.com\/paulinenaue.info\/wp-content\/uploads\/2018\/03\/Verwalterhaus-Bienenfarm-2012.jpg?resize=525%2C300&ssl=1 1.5x, https:\/\/i0.wp.com\/paulinenaue.info\/wp-content\/uploads\/2018\/03\/Verwalterhaus-Bienenfarm-2012.jpg?resize=700%2C400&ssl=1 2x"},"classes":[]},{"id":2145,"url":"https:\/\/paulinenaue.info\/index.php\/paulinenaue-entdecken-ein-videoprojekt-des-kulturvereins\/","url_meta":{"origin":6773,"position":4},"title":"\u201ePaulinenaue entdecken\u201c \u2013 ein Videoprojekt des Kulturvereins","author":"Joachim Scholz","date":"17. Juni 2018","format":false,"excerpt":"Die Rubrik \u201ePaulinenaue entdecken\u201c auf der Paulinenauer Internetseite soll sich an Au\u00dfenstehende richten, die, wie der Name sagt, unser Dorf erst kennenlernen sollen. Der\u00a0Kulturverein wird nun aktiv, diese Rubrik mit einem filmischen Projekt weiter zu entwickeln.\u00a0 F\u00fcr\u00a0die Website sollen besondere oder nicht besondere Paulinenauer Orte in kleinen\u00a0Videos\u00a0pr\u00e4sentiert werden. In diesen\u2026","rel":"","context":"In &quot;Allgemein&quot;","block_context":{"text":"Allgemein","link":"https:\/\/paulinenaue.info\/index.php\/category\/allgemein\/"},"img":{"alt_text":"","src":"https:\/\/i0.wp.com\/paulinenaue.info\/wp-content\/uploads\/2018\/06\/DSC00808.jpg?resize=350%2C200&ssl=1","width":350,"height":200,"srcset":"https:\/\/i0.wp.com\/paulinenaue.info\/wp-content\/uploads\/2018\/06\/DSC00808.jpg?resize=350%2C200&ssl=1 1x, https:\/\/i0.wp.com\/paulinenaue.info\/wp-content\/uploads\/2018\/06\/DSC00808.jpg?resize=525%2C300&ssl=1 1.5x, https:\/\/i0.wp.com\/paulinenaue.info\/wp-content\/uploads\/2018\/06\/DSC00808.jpg?resize=700%2C400&ssl=1 2x, https:\/\/i0.wp.com\/paulinenaue.info\/wp-content\/uploads\/2018\/06\/DSC00808.jpg?resize=1050%2C600&ssl=1 3x"},"classes":[]},{"id":215195,"url":"https:\/\/paulinenaue.info\/index.php\/andenken-an-die-gebrueder-knauer\/","url_meta":{"origin":6773,"position":5},"title":"Andenken an die Gebr\u00fcder Knauer","author":"Joachim Scholz","date":"12. Juni 2022","format":false,"excerpt":"Paulinenaue feiert die Sanierung des Grabsteins der ber\u00fchmten Pferdez\u00fcchter Im Paulinenauer Kulturverein wurde hin und her \u00fcberlegt, ob nicht einer der frisch in den sanierten Grabstein geschlagenen Datumseintr\u00e4ge sich f\u00fcr die feierliche \u00dcbergabe eben dieses Steines eignen w\u00fcrde. Doch bis zum 150. Geburtstag von Arthur Knauer sind es noch zwei\u2026","rel":"","context":"In &quot;Bienenfarm&quot;","block_context":{"text":"Bienenfarm","link":"https:\/\/paulinenaue.info\/index.php\/category\/bienenfarm\/"},"img":{"alt_text":"","src":"https:\/\/i0.wp.com\/paulinenaue.info\/wp-content\/uploads\/2022\/06\/2022-06-12-Knauerehrung-03.jpeg?resize=350%2C200&ssl=1","width":350,"height":200,"srcset":"https:\/\/i0.wp.com\/paulinenaue.info\/wp-content\/uploads\/2022\/06\/2022-06-12-Knauerehrung-03.jpeg?resize=350%2C200&ssl=1 1x, https:\/\/i0.wp.com\/paulinenaue.info\/wp-content\/uploads\/2022\/06\/2022-06-12-Knauerehrung-03.jpeg?resize=525%2C300&ssl=1 1.5x, https:\/\/i0.wp.com\/paulinenaue.info\/wp-content\/uploads\/2022\/06\/2022-06-12-Knauerehrung-03.jpeg?resize=700%2C400&ssl=1 2x"},"classes":[]}],"_links":{"self":[{"href":"https:\/\/paulinenaue.info\/index.php\/wp-json\/wp\/v2\/posts\/6773","targetHints":{"allow":["GET"]}}],"collection":[{"href":"https:\/\/paulinenaue.info\/index.php\/wp-json\/wp\/v2\/posts"}],"about":[{"href":"https:\/\/paulinenaue.info\/index.php\/wp-json\/wp\/v2\/types\/post"}],"author":[{"embeddable":true,"href":"https:\/\/paulinenaue.info\/index.php\/wp-json\/wp\/v2\/users\/1"}],"replies":[{"embeddable":true,"href":"https:\/\/paulinenaue.info\/index.php\/wp-json\/wp\/v2\/comments?post=6773"}],"version-history":[{"count":5,"href":"https:\/\/paulinenaue.info\/index.php\/wp-json\/wp\/v2\/posts\/6773\/revisions"}],"predecessor-version":[{"id":6790,"href":"https:\/\/paulinenaue.info\/index.php\/wp-json\/wp\/v2\/posts\/6773\/revisions\/6790"}],"wp:featuredmedia":[{"embeddable":true,"href":"https:\/\/paulinenaue.info\/index.php\/wp-json\/wp\/v2\/media\/6783"}],"wp:attachment":[{"href":"https:\/\/paulinenaue.info\/index.php\/wp-json\/wp\/v2\/media?parent=6773"}],"wp:term":[{"taxonomy":"category","embeddable":true,"href":"https:\/\/paulinenaue.info\/index.php\/wp-json\/wp\/v2\/categories?post=6773"},{"taxonomy":"post_tag","embeddable":true,"href":"https:\/\/paulinenaue.info\/index.php\/wp-json\/wp\/v2\/tags?post=6773"}],"curies":[{"name":"wp","href":"https:\/\/api.w.org\/{rel}","templated":true}]}}