{"id":79,"date":"2016-03-22T12:03:15","date_gmt":"2016-03-22T11:03:15","guid":{"rendered":"https:\/\/sudile.com\/paue\/?p=79"},"modified":"2022-07-28T14:39:56","modified_gmt":"2022-07-28T12:39:56","slug":"storchenankunft-2014","status":"publish","type":"post","link":"https:\/\/paulinenaue.info\/index.php\/storchenankunft-2014\/","title":{"rendered":"Kenianer_innen zu Gast in der Kita Paulinchen"},"content":{"rendered":"<p><em>Monika Schilling<\/em><br \/>\n02.04.2014. Der Gedanke, Afrikaner zu uns in die Kita-Gruppe einzuladen, reifte bei den Kindern w\u00e4hrend des Projektes \u00fcber die Entstehung der Erde, \u00fcber Kontinente und Menschen. Die Gespr\u00e4chsthemen waren neben anderen: \u201eWas ist ein Dschungel?\u201c, \u201eWo liegt Afrika?\u201c, \u201eWas ist dort anders als bei uns?\u201c \u00dcber die Eltern eines unserer Kinder wurde der Kontakt zu kenianischen Einwohnern aus Rathenow hergestellt. Voller Neugierde und aufgeregt begr\u00fc\u00dften sich unsere Kinder mit den kenianischen G\u00e4sten. In einer gem\u00fctlichen Gespr\u00e4chsrunde stellten unsere Kinder viele Fragen, die von den Kenianern beeindruckend beantwortet wurden.<br \/>\n<a href=\"https:\/\/paulinenaue.info\/wp-content\/uploads\/2022\/07\/20140402_kenia_01.jpg\"><img decoding=\"async\" data-attachment-id=\"323856\" data-permalink=\"https:\/\/paulinenaue.info\/20140402_kenia_01-2\/\" data-orig-file=\"https:\/\/paulinenaue.info\/wp-content\/uploads\/2022\/07\/20140402_kenia_01.jpg\" data-orig-size=\"500,375\" data-comments-opened=\"1\" data-image-meta=\"{&quot;aperture&quot;:&quot;3.2&quot;,&quot;credit&quot;:&quot;&quot;,&quot;camera&quot;:&quot;COOLPIX P50&quot;,&quot;caption&quot;:&quot;&quot;,&quot;created_timestamp&quot;:&quot;-62169984000&quot;,&quot;copyright&quot;:&quot;&quot;,&quot;focal_length&quot;:&quot;6.3&quot;,&quot;iso&quot;:&quot;174&quot;,&quot;shutter_speed&quot;:&quot;0.033333333333333&quot;,&quot;title&quot;:&quot;&quot;,&quot;orientation&quot;:&quot;1&quot;}\" data-image-title=\"20140402_kenia_01\" data-image-description=\"\" data-image-caption=\"\" data-large-file=\"https:\/\/paulinenaue.info\/wp-content\/uploads\/2022\/07\/20140402_kenia_01.jpg\" class=\"lazyload alignnone wp-image-323856 size-medium\" src=\"https:\/\/paulinenaue.info\/wp-content\/uploads\/2022\/07\/20140402_kenia_01-300x225.jpg\" data-orig-src=\"https:\/\/paulinenaue.info\/wp-content\/uploads\/2022\/07\/20140402_kenia_01-300x225.jpg\" alt=\"\" width=\"300\" height=\"225\" srcset=\"data:image\/svg+xml,%3Csvg%20xmlns%3D%27http%3A%2F%2Fwww.w3.org%2F2000%2Fsvg%27%20width%3D%27300%27%20height%3D%27225%27%20viewBox%3D%270%200%20300%20225%27%3E%3Crect%20width%3D%27300%27%20height%3D%27225%27%20fill-opacity%3D%220%22%2F%3E%3C%2Fsvg%3E\" data-srcset=\"https:\/\/paulinenaue.info\/wp-content\/uploads\/2022\/07\/20140402_kenia_01-200x150.jpg 200w, https:\/\/paulinenaue.info\/wp-content\/uploads\/2022\/07\/20140402_kenia_01-300x225.jpg 300w, https:\/\/paulinenaue.info\/wp-content\/uploads\/2022\/07\/20140402_kenia_01-400x300.jpg 400w, https:\/\/paulinenaue.info\/wp-content\/uploads\/2022\/07\/20140402_kenia_01.jpg 500w\" data-sizes=\"auto\" data-orig-sizes=\"(max-width: 300px) 100vw, 300px\" \/><\/a><br \/>\nKitaauff\u00fchrung<br \/>\nG\u00e4ste aus Kenia in der Kita. Foto: Kita, 2014.<\/p>\n<p>Wir z\u00e4hlten auf Englisch bis 10 und lernten die Zahlen auf Swahili. Die vielen Rastaz\u00f6pfe der Kenianerinnen begeisterten unsere M\u00e4dchen. F\u00fcnf bis acht Stunden h\u00e4tte man daf\u00fcr stillsitzen m\u00fcssen. Unser aufgef\u00fchrter Tanz sowie unser Trommeln gefielen den G\u00e4sten. Sie lie\u00dfen sich nicht lange bitten und wir lauschten ihrer Sprache, ihrem Gesang und ihrem Trommeln. Voller Spa\u00df stimmten wir klatschend und singend mit ein. Die Stimmung war locker und voller Begeisterung auf beiden Seiten, in einer nat\u00fcrlichen Atmosph\u00e4re. Anschlie\u00dfend spielten wir bei herrlichem Wetter noch eine kleine Runde Fu\u00dfball. Gern h\u00e4tten wir noch mehr Zeit miteinander verbracht, aber vielleicht geht der Kontakt doch weiter.<\/p>\n","protected":false},"excerpt":{"rendered":"<p>Monika Schilling 02.04.2014. Der Gedanke, Afrikaner zu uns in die [&hellip;]<\/p>\n","protected":false},"author":1,"featured_media":80,"comment_status":"open","ping_status":"open","sticky":false,"template":"","format":"standard","meta":{"_acf_changed":false,"_price":"","_stock":"","_tribe_ticket_header":"","_tribe_default_ticket_provider":"","_tribe_ticket_capacity":"0","_ticket_start_date":"","_ticket_end_date":"","_tribe_ticket_show_description":"","_tribe_ticket_show_not_going":false,"_tribe_ticket_use_global_stock":"","_tribe_ticket_global_stock_level":"","_global_stock_mode":"","_global_stock_cap":"","_tribe_rsvp_for_event":"","_tribe_ticket_going_count":"","_tribe_ticket_not_going_count":"","_tribe_tickets_list":"[]","_tribe_ticket_has_attendee_info_fields":false,"jetpack_post_was_ever_published":false,"_jetpack_newsletter_access":"","_jetpack_dont_email_post_to_subs":false,"_jetpack_newsletter_tier_id":0,"_jetpack_memberships_contains_paywalled_content":false,"_jetpack_memberships_contains_paid_content":false,"footnotes":"","jetpack_publicize_message":"","jetpack_publicize_feature_enabled":true,"jetpack_social_post_already_shared":false,"jetpack_social_options":{"image_generator_settings":{"template":"highway","default_image_id":0,"font":"","enabled":false},"version":2}},"categories":[14],"tags":[12,13,11],"class_list":["post-79","post","type-post","status-publish","format-standard","has-post-thumbnail","hentry","category-kita","tag-gaeste","tag-kenia","tag-kita"],"acf":[],"yoast_head":"<!-- This site is optimized with the Yoast SEO plugin v27.5 - https:\/\/yoast.com\/product\/yoast-seo-wordpress\/ -->\n<title>Kenianer_innen zu Gast in der Kita Paulinchen - Paulinenaue<\/title>\n<meta name=\"robots\" content=\"index, follow, max-snippet:-1, max-image-preview:large, max-video-preview:-1\" \/>\n<link rel=\"canonical\" href=\"https:\/\/paulinenaue.info\/index.php\/storchenankunft-2014\/\" \/>\n<meta property=\"og:locale\" content=\"de_DE\" \/>\n<meta property=\"og:type\" content=\"article\" \/>\n<meta property=\"og:title\" content=\"Kenianer_innen zu Gast in der Kita Paulinchen - Paulinenaue\" \/>\n<meta property=\"og:description\" content=\"Monika Schilling 02.04.2014. Der Gedanke, Afrikaner zu uns in die [&hellip;]\" \/>\n<meta property=\"og:url\" content=\"https:\/\/paulinenaue.info\/index.php\/storchenankunft-2014\/\" \/>\n<meta property=\"og:site_name\" content=\"Paulinenaue\" \/>\n<meta property=\"article:published_time\" content=\"2016-03-22T11:03:15+00:00\" \/>\n<meta property=\"article:modified_time\" content=\"2022-07-28T12:39:56+00:00\" \/>\n<meta property=\"og:image\" content=\"https:\/\/paulinenaue.info\/wp-content\/uploads\/2016\/03\/20140402_kenia_01.jpg\" \/>\n\t<meta property=\"og:image:width\" content=\"500\" \/>\n\t<meta property=\"og:image:height\" content=\"375\" \/>\n\t<meta property=\"og:image:type\" content=\"image\/jpeg\" \/>\n<meta name=\"author\" content=\"Joachim Scholz\" \/>\n<meta name=\"twitter:card\" content=\"summary_large_image\" \/>\n<meta name=\"twitter:label1\" content=\"Verfasst von\" \/>\n\t<meta name=\"twitter:data1\" content=\"Joachim Scholz\" \/>\n\t<meta name=\"twitter:label2\" content=\"Gesch\u00e4tzte Lesezeit\" \/>\n\t<meta name=\"twitter:data2\" content=\"2\u00a0Minuten\" \/>\n<script type=\"application\/ld+json\" class=\"yoast-schema-graph\">{\"@context\":\"https:\\\/\\\/schema.org\",\"@graph\":[{\"@type\":\"Article\",\"@id\":\"https:\\\/\\\/paulinenaue.info\\\/index.php\\\/storchenankunft-2014\\\/#article\",\"isPartOf\":{\"@id\":\"https:\\\/\\\/paulinenaue.info\\\/index.php\\\/storchenankunft-2014\\\/\"},\"author\":{\"name\":\"Joachim Scholz\",\"@id\":\"https:\\\/\\\/paulinenaue.info\\\/#\\\/schema\\\/person\\\/3f9e818fd7b69b0d2bd937ac506897cc\"},\"headline\":\"Kenianer_innen zu Gast in der Kita Paulinchen\",\"datePublished\":\"2016-03-22T11:03:15+00:00\",\"dateModified\":\"2022-07-28T12:39:56+00:00\",\"mainEntityOfPage\":{\"@id\":\"https:\\\/\\\/paulinenaue.info\\\/index.php\\\/storchenankunft-2014\\\/\"},\"wordCount\":231,\"commentCount\":0,\"image\":{\"@id\":\"https:\\\/\\\/paulinenaue.info\\\/index.php\\\/storchenankunft-2014\\\/#primaryimage\"},\"thumbnailUrl\":\"https:\\\/\\\/paulinenaue.info\\\/wp-content\\\/uploads\\\/2016\\\/03\\\/20140402_kenia_01.jpg\",\"keywords\":[\"G\u00e4ste\",\"Kenia\",\"KITA\"],\"articleSection\":[\"Kita\"],\"inLanguage\":\"de\",\"potentialAction\":[{\"@type\":\"CommentAction\",\"name\":\"Comment\",\"target\":[\"https:\\\/\\\/paulinenaue.info\\\/index.php\\\/storchenankunft-2014\\\/#respond\"]}]},{\"@type\":\"WebPage\",\"@id\":\"https:\\\/\\\/paulinenaue.info\\\/index.php\\\/storchenankunft-2014\\\/\",\"url\":\"https:\\\/\\\/paulinenaue.info\\\/index.php\\\/storchenankunft-2014\\\/\",\"name\":\"Kenianer_innen zu Gast in der Kita Paulinchen - Paulinenaue\",\"isPartOf\":{\"@id\":\"https:\\\/\\\/paulinenaue.info\\\/#website\"},\"primaryImageOfPage\":{\"@id\":\"https:\\\/\\\/paulinenaue.info\\\/index.php\\\/storchenankunft-2014\\\/#primaryimage\"},\"image\":{\"@id\":\"https:\\\/\\\/paulinenaue.info\\\/index.php\\\/storchenankunft-2014\\\/#primaryimage\"},\"thumbnailUrl\":\"https:\\\/\\\/paulinenaue.info\\\/wp-content\\\/uploads\\\/2016\\\/03\\\/20140402_kenia_01.jpg\",\"datePublished\":\"2016-03-22T11:03:15+00:00\",\"dateModified\":\"2022-07-28T12:39:56+00:00\",\"author\":{\"@id\":\"https:\\\/\\\/paulinenaue.info\\\/#\\\/schema\\\/person\\\/3f9e818fd7b69b0d2bd937ac506897cc\"},\"breadcrumb\":{\"@id\":\"https:\\\/\\\/paulinenaue.info\\\/index.php\\\/storchenankunft-2014\\\/#breadcrumb\"},\"inLanguage\":\"de\",\"potentialAction\":[{\"@type\":\"ReadAction\",\"target\":[\"https:\\\/\\\/paulinenaue.info\\\/index.php\\\/storchenankunft-2014\\\/\"]}]},{\"@type\":\"ImageObject\",\"inLanguage\":\"de\",\"@id\":\"https:\\\/\\\/paulinenaue.info\\\/index.php\\\/storchenankunft-2014\\\/#primaryimage\",\"url\":\"https:\\\/\\\/paulinenaue.info\\\/wp-content\\\/uploads\\\/2016\\\/03\\\/20140402_kenia_01.jpg\",\"contentUrl\":\"https:\\\/\\\/paulinenaue.info\\\/wp-content\\\/uploads\\\/2016\\\/03\\\/20140402_kenia_01.jpg\",\"width\":500,\"height\":375,\"caption\":\"Kenia\"},{\"@type\":\"BreadcrumbList\",\"@id\":\"https:\\\/\\\/paulinenaue.info\\\/index.php\\\/storchenankunft-2014\\\/#breadcrumb\",\"itemListElement\":[{\"@type\":\"ListItem\",\"position\":1,\"name\":\"Home\",\"item\":\"https:\\\/\\\/paulinenaue.info\\\/\"},{\"@type\":\"ListItem\",\"position\":2,\"name\":\"Kenianer_innen zu Gast in der Kita Paulinchen\"}]},{\"@type\":\"WebSite\",\"@id\":\"https:\\\/\\\/paulinenaue.info\\\/#website\",\"url\":\"https:\\\/\\\/paulinenaue.info\\\/\",\"name\":\"Paulinenaue\",\"description\":\"Ein Dorf im Havelland\",\"potentialAction\":[{\"@type\":\"SearchAction\",\"target\":{\"@type\":\"EntryPoint\",\"urlTemplate\":\"https:\\\/\\\/paulinenaue.info\\\/?s={search_term_string}\"},\"query-input\":{\"@type\":\"PropertyValueSpecification\",\"valueRequired\":true,\"valueName\":\"search_term_string\"}}],\"inLanguage\":\"de\"},{\"@type\":\"Person\",\"@id\":\"https:\\\/\\\/paulinenaue.info\\\/#\\\/schema\\\/person\\\/3f9e818fd7b69b0d2bd937ac506897cc\",\"name\":\"Joachim Scholz\",\"url\":\"https:\\\/\\\/paulinenaue.info\\\/index.php\\\/author\\\/jjscholz\\\/\"}]}<\/script>\n<!-- \/ Yoast SEO plugin. -->","yoast_head_json":{"title":"Kenianer_innen zu Gast in der Kita Paulinchen - Paulinenaue","robots":{"index":"index","follow":"follow","max-snippet":"max-snippet:-1","max-image-preview":"max-image-preview:large","max-video-preview":"max-video-preview:-1"},"canonical":"https:\/\/paulinenaue.info\/index.php\/storchenankunft-2014\/","og_locale":"de_DE","og_type":"article","og_title":"Kenianer_innen zu Gast in der Kita Paulinchen - Paulinenaue","og_description":"Monika Schilling 02.04.2014. Der Gedanke, Afrikaner zu uns in die [&hellip;]","og_url":"https:\/\/paulinenaue.info\/index.php\/storchenankunft-2014\/","og_site_name":"Paulinenaue","article_published_time":"2016-03-22T11:03:15+00:00","article_modified_time":"2022-07-28T12:39:56+00:00","og_image":[{"width":500,"height":375,"url":"https:\/\/paulinenaue.info\/wp-content\/uploads\/2016\/03\/20140402_kenia_01.jpg","type":"image\/jpeg"}],"author":"Joachim Scholz","twitter_card":"summary_large_image","twitter_misc":{"Verfasst von":"Joachim Scholz","Gesch\u00e4tzte Lesezeit":"2\u00a0Minuten"},"schema":{"@context":"https:\/\/schema.org","@graph":[{"@type":"Article","@id":"https:\/\/paulinenaue.info\/index.php\/storchenankunft-2014\/#article","isPartOf":{"@id":"https:\/\/paulinenaue.info\/index.php\/storchenankunft-2014\/"},"author":{"name":"Joachim Scholz","@id":"https:\/\/paulinenaue.info\/#\/schema\/person\/3f9e818fd7b69b0d2bd937ac506897cc"},"headline":"Kenianer_innen zu Gast in der Kita Paulinchen","datePublished":"2016-03-22T11:03:15+00:00","dateModified":"2022-07-28T12:39:56+00:00","mainEntityOfPage":{"@id":"https:\/\/paulinenaue.info\/index.php\/storchenankunft-2014\/"},"wordCount":231,"commentCount":0,"image":{"@id":"https:\/\/paulinenaue.info\/index.php\/storchenankunft-2014\/#primaryimage"},"thumbnailUrl":"https:\/\/paulinenaue.info\/wp-content\/uploads\/2016\/03\/20140402_kenia_01.jpg","keywords":["G\u00e4ste","Kenia","KITA"],"articleSection":["Kita"],"inLanguage":"de","potentialAction":[{"@type":"CommentAction","name":"Comment","target":["https:\/\/paulinenaue.info\/index.php\/storchenankunft-2014\/#respond"]}]},{"@type":"WebPage","@id":"https:\/\/paulinenaue.info\/index.php\/storchenankunft-2014\/","url":"https:\/\/paulinenaue.info\/index.php\/storchenankunft-2014\/","name":"Kenianer_innen zu Gast in der Kita Paulinchen - Paulinenaue","isPartOf":{"@id":"https:\/\/paulinenaue.info\/#website"},"primaryImageOfPage":{"@id":"https:\/\/paulinenaue.info\/index.php\/storchenankunft-2014\/#primaryimage"},"image":{"@id":"https:\/\/paulinenaue.info\/index.php\/storchenankunft-2014\/#primaryimage"},"thumbnailUrl":"https:\/\/paulinenaue.info\/wp-content\/uploads\/2016\/03\/20140402_kenia_01.jpg","datePublished":"2016-03-22T11:03:15+00:00","dateModified":"2022-07-28T12:39:56+00:00","author":{"@id":"https:\/\/paulinenaue.info\/#\/schema\/person\/3f9e818fd7b69b0d2bd937ac506897cc"},"breadcrumb":{"@id":"https:\/\/paulinenaue.info\/index.php\/storchenankunft-2014\/#breadcrumb"},"inLanguage":"de","potentialAction":[{"@type":"ReadAction","target":["https:\/\/paulinenaue.info\/index.php\/storchenankunft-2014\/"]}]},{"@type":"ImageObject","inLanguage":"de","@id":"https:\/\/paulinenaue.info\/index.php\/storchenankunft-2014\/#primaryimage","url":"https:\/\/paulinenaue.info\/wp-content\/uploads\/2016\/03\/20140402_kenia_01.jpg","contentUrl":"https:\/\/paulinenaue.info\/wp-content\/uploads\/2016\/03\/20140402_kenia_01.jpg","width":500,"height":375,"caption":"Kenia"},{"@type":"BreadcrumbList","@id":"https:\/\/paulinenaue.info\/index.php\/storchenankunft-2014\/#breadcrumb","itemListElement":[{"@type":"ListItem","position":1,"name":"Home","item":"https:\/\/paulinenaue.info\/"},{"@type":"ListItem","position":2,"name":"Kenianer_innen zu Gast in der Kita Paulinchen"}]},{"@type":"WebSite","@id":"https:\/\/paulinenaue.info\/#website","url":"https:\/\/paulinenaue.info\/","name":"Paulinenaue","description":"Ein Dorf im Havelland","potentialAction":[{"@type":"SearchAction","target":{"@type":"EntryPoint","urlTemplate":"https:\/\/paulinenaue.info\/?s={search_term_string}"},"query-input":{"@type":"PropertyValueSpecification","valueRequired":true,"valueName":"search_term_string"}}],"inLanguage":"de"},{"@type":"Person","@id":"https:\/\/paulinenaue.info\/#\/schema\/person\/3f9e818fd7b69b0d2bd937ac506897cc","name":"Joachim Scholz","url":"https:\/\/paulinenaue.info\/index.php\/author\/jjscholz\/"}]}},"jetpack_publicize_connections":[],"jetpack_featured_media_url":"https:\/\/paulinenaue.info\/wp-content\/uploads\/2016\/03\/20140402_kenia_01.jpg","jetpack_sharing_enabled":true,"jetpack_shortlink":"https:\/\/wp.me\/pcYhWA-1h","jetpack-related-posts":[{"id":83,"url":"https:\/\/paulinenaue.info\/index.php\/programmauffuehrung-der-kita-paulinchen\/","url_meta":{"origin":79,"position":0},"title":"Programmauff\u00fchrung der Kita Paulinchen","author":"Joachim Scholz","date":"22. M\u00e4rz 2016","format":false,"excerpt":"Petra H\u00e4nsel 28.02.2014. Die Kita \u201ePaulinchen\u201c veranstaltete am letzten Februarfreitag eine sehr gelungene Programmauff\u00fchrung der Kindergarten- und Hortkinder. Alle Eltern waren eingeladen. Die Kinder haben sehr hingebungsvoll ihre Lieder, Gedichte und T\u00e4nze vorgetragen. Am Ende gab es einen riesigen Beifall aller G\u00e4ste.","rel":"","context":"In &quot;Kita&quot;","block_context":{"text":"Kita","link":"https:\/\/paulinenaue.info\/index.php\/category\/kita\/"},"img":{"alt_text":"","src":"https:\/\/i0.wp.com\/paulinenaue.info\/wp-content\/uploads\/2016\/03\/20140228_kita_06.jpg?resize=350%2C200&ssl=1","width":350,"height":200},"classes":[]},{"id":154,"url":"https:\/\/paulinenaue.info\/index.php\/20-jahre-kitaverein-grosses-fest-im-sonnenschein\/","url_meta":{"origin":79,"position":1},"title":"20 Jahre Kitaverein \u2013 gro\u00dfes Fest im Sonnenschein","author":"Joachim Scholz","date":"22. M\u00e4rz 2016","format":false,"excerpt":"Joachim Scholz 17.04.2011. \"Paulinchen\" hie\u00df der Kindergarten in Paulinenaue schon in DDR-Zeiten, doch der Neuanfang als Verein in turbulenten Wendezeiten hat der Kita eine ganz neue Identit\u00e4t geschaffen. So feierte, wie viele Einrichtungen in den neuen Bundesl\u00e4ndern, auch die Paulinenauer Kita jetzt 20. Geburtstag. An einem sonnigen Wochenende standen die\u2026","rel":"","context":"In &quot;Kita&quot;","block_context":{"text":"Kita","link":"https:\/\/paulinenaue.info\/index.php\/category\/kita\/"},"img":{"alt_text":"","src":"https:\/\/i0.wp.com\/paulinenaue.info\/wp-content\/uploads\/2016\/03\/20110416_kita_01.jpg?resize=350%2C200&ssl=1","width":350,"height":200},"classes":[]},{"id":416182,"url":"https:\/\/paulinenaue.info\/index.php\/elke-janneck-kita-legende-tritt-in-den-ruhestand\/","url_meta":{"origin":79,"position":2},"title":"Elke Janneck:  Kita-Legende tritt in den Ruhestand","author":"Joachim Scholz","date":"13. April 2024","format":false,"excerpt":"Am 1. April h\u00e4tte sie ihren ersten Tag als Rentnerin verleben k\u00f6nnen, aber Elke Janneck vertrat eine Kollegin. Erst heute verabschiedete ihr Team sie in den Ruhestand. In der Kita \u201ePaulinchen\u201c haben sich um 13.00 Uhr alle versammelt. Petra H\u00e4nsel, die Kitaleiterin, hat eine Diashow und Dankesrede vorbereitet. \u00dcber drei\u00dfig\u2026","rel":"","context":"In &quot;Kita&quot;","block_context":{"text":"Kita","link":"https:\/\/paulinenaue.info\/index.php\/category\/kita\/"},"img":{"alt_text":"","src":"https:\/\/i0.wp.com\/paulinenaue.info\/wp-content\/uploads\/2024\/04\/2024-04-12-Verabschiedung-Elke-Janneck.jpeg?resize=350%2C200&ssl=1","width":350,"height":200,"srcset":"https:\/\/i0.wp.com\/paulinenaue.info\/wp-content\/uploads\/2024\/04\/2024-04-12-Verabschiedung-Elke-Janneck.jpeg?resize=350%2C200&ssl=1 1x, https:\/\/i0.wp.com\/paulinenaue.info\/wp-content\/uploads\/2024\/04\/2024-04-12-Verabschiedung-Elke-Janneck.jpeg?resize=525%2C300&ssl=1 1.5x, https:\/\/i0.wp.com\/paulinenaue.info\/wp-content\/uploads\/2024\/04\/2024-04-12-Verabschiedung-Elke-Janneck.jpeg?resize=700%2C400&ssl=1 2x"},"classes":[]},{"id":178,"url":"https:\/\/paulinenaue.info\/index.php\/plaetzchen-backen-im-schloss\/","url_meta":{"origin":79,"position":3},"title":"Pl\u00e4tzchen backen im Schloss","author":"Joachim Scholz","date":"22. M\u00e4rz 2016","format":false,"excerpt":"Petra H\u00e4nsel, Joachim Scholz 09.12.2010. Am Donnerstag vor dem dritten Advent waren einige Kindergartenkinder im Schloss und haben mit den Senioren gemeinsam Pl\u00e4tzchen gebacken. Es hat, wie unsere Bilder beweisen, allen gro\u00dfen Spa\u00df bereitet. Das Paulinenauer Schloss wurde zur Weihnachtsb\u00e4ckerei und zum Treffpunkt der Generationen. Foto: Kita Paulinchen, 2010. Gekonnt\u2026","rel":"","context":"In &quot;Kita&quot;","block_context":{"text":"Kita","link":"https:\/\/paulinenaue.info\/index.php\/category\/kita\/"},"img":{"alt_text":"","src":"https:\/\/i0.wp.com\/paulinenaue.info\/wp-content\/uploads\/2016\/03\/20101209_kekse_kita_03.jpg?resize=350%2C200&ssl=1","width":350,"height":200},"classes":[]},{"id":1792,"url":"https:\/\/paulinenaue.info\/index.php\/zauberfloete\/","url_meta":{"origin":79,"position":4},"title":"Die Zauberfl\u00f6te","author":"Anja Paech","date":"26. Oktober 2017","format":"image","excerpt":"\u00a0 Musik wirkt durch sich selbst und ist eine universelle Sprache.\u00a0\u00a0 Die \u00e4ltere Kindergartengruppe hat einen besonderen Zugang zur Musik, so konnte die Oper \u201eDie Zauberfl\u00f6te\u201c lebendig werden. Ein Buch \/H\u00f6rbuch lie\u00df uns an dem Leben von Wolfgang Amadeus Mozart als kleinen Jungen teilhaben. Am Meisten interessierte den Kindern die\u2026","rel":"","context":"In &quot;Allgemein&quot;","block_context":{"text":"Allgemein","link":"https:\/\/paulinenaue.info\/index.php\/category\/allgemein\/"},"img":{"alt_text":"","src":"https:\/\/i0.wp.com\/paulinenaue.info\/wp-content\/uploads\/2017\/10\/DSC00837.jpg?resize=350%2C200&ssl=1","width":350,"height":200,"srcset":"https:\/\/i0.wp.com\/paulinenaue.info\/wp-content\/uploads\/2017\/10\/DSC00837.jpg?resize=350%2C200&ssl=1 1x, https:\/\/i0.wp.com\/paulinenaue.info\/wp-content\/uploads\/2017\/10\/DSC00837.jpg?resize=525%2C300&ssl=1 1.5x, https:\/\/i0.wp.com\/paulinenaue.info\/wp-content\/uploads\/2017\/10\/DSC00837.jpg?resize=700%2C400&ssl=1 2x, https:\/\/i0.wp.com\/paulinenaue.info\/wp-content\/uploads\/2017\/10\/DSC00837.jpg?resize=1050%2C600&ssl=1 3x, https:\/\/i0.wp.com\/paulinenaue.info\/wp-content\/uploads\/2017\/10\/DSC00837.jpg?resize=1400%2C800&ssl=1 4x"},"classes":[]},{"id":180,"url":"https:\/\/paulinenaue.info\/index.php\/die-kita-sucht-auch-2010-den-nikolaus\/","url_meta":{"origin":79,"position":5},"title":"Die Kita sucht auch 2010 \u2013 den Nikolaus","author":"Joachim Scholz","date":"22. M\u00e4rz 2016","format":false,"excerpt":"Petra H\u00e4nsel, Joachim Scholz 06.12.2010. Und wieder begaben sich die Kleinsten Paulinenauer auf die Suche nach dem gro\u00dfen Unbekannten, dem Nikolaus. Sie wurden nicht entt\u00e4uscht und wie immer mehrfach belohnt, mit vielen kleinen Geschenken und mit gleich drei Nikol\u00e4usen. Wetter und Stimmung waren perfekt, als sie diesmal durch Paulinenaue zogen.\u2026","rel":"","context":"In &quot;Kita&quot;","block_context":{"text":"Kita","link":"https:\/\/paulinenaue.info\/index.php\/category\/kita\/"},"img":{"alt_text":"","src":"https:\/\/i0.wp.com\/paulinenaue.info\/wp-content\/uploads\/2016\/03\/20101206_kita_03.jpg?resize=350%2C200&ssl=1","width":350,"height":200},"classes":[]}],"_links":{"self":[{"href":"https:\/\/paulinenaue.info\/index.php\/wp-json\/wp\/v2\/posts\/79","targetHints":{"allow":["GET"]}}],"collection":[{"href":"https:\/\/paulinenaue.info\/index.php\/wp-json\/wp\/v2\/posts"}],"about":[{"href":"https:\/\/paulinenaue.info\/index.php\/wp-json\/wp\/v2\/types\/post"}],"author":[{"embeddable":true,"href":"https:\/\/paulinenaue.info\/index.php\/wp-json\/wp\/v2\/users\/1"}],"replies":[{"embeddable":true,"href":"https:\/\/paulinenaue.info\/index.php\/wp-json\/wp\/v2\/comments?post=79"}],"version-history":[{"count":4,"href":"https:\/\/paulinenaue.info\/index.php\/wp-json\/wp\/v2\/posts\/79\/revisions"}],"predecessor-version":[{"id":323857,"href":"https:\/\/paulinenaue.info\/index.php\/wp-json\/wp\/v2\/posts\/79\/revisions\/323857"}],"wp:featuredmedia":[{"embeddable":true,"href":"https:\/\/paulinenaue.info\/index.php\/wp-json\/wp\/v2\/media\/80"}],"wp:attachment":[{"href":"https:\/\/paulinenaue.info\/index.php\/wp-json\/wp\/v2\/media?parent=79"}],"wp:term":[{"taxonomy":"category","embeddable":true,"href":"https:\/\/paulinenaue.info\/index.php\/wp-json\/wp\/v2\/categories?post=79"},{"taxonomy":"post_tag","embeddable":true,"href":"https:\/\/paulinenaue.info\/index.php\/wp-json\/wp\/v2\/tags?post=79"}],"curies":[{"name":"wp","href":"https:\/\/api.w.org\/{rel}","templated":true}]}}