{"id":881,"date":"2017-06-10T11:34:48","date_gmt":"2017-06-10T09:34:48","guid":{"rendered":"http:\/\/paulinenaue.info\/?p=881"},"modified":"2017-06-19T14:57:51","modified_gmt":"2017-06-19T12:57:51","slug":"eine-kleine-sammlung-paulinenauer-souvenirs","status":"publish","type":"post","link":"https:\/\/paulinenaue.info\/index.php\/eine-kleine-sammlung-paulinenauer-souvenirs\/","title":{"rendered":"Eine kleine Sammlung Paulinenauer Souvenirs"},"content":{"rendered":"<h6>28.05.2003<\/h6>\n<div id=\"attachment_882\" style=\"width: 310px\" class=\"wp-caption alignnone\"><a href=\"http:\/\/paulinenaue.info\/wp-content\/uploads\/2017\/06\/20030507_kuhkrug.jpg\"><img decoding=\"async\" aria-describedby=\"caption-attachment-882\" data-attachment-id=\"882\" data-permalink=\"https:\/\/paulinenaue.info\/index.php\/eine-kleine-sammlung-paulinenauer-souvenirs\/20030507_kuhkrug\/\" data-orig-file=\"https:\/\/paulinenaue.info\/wp-content\/uploads\/2017\/06\/20030507_kuhkrug.jpg\" data-orig-size=\"350,240\" data-comments-opened=\"1\" data-image-meta=\"{&quot;aperture&quot;:&quot;2.8&quot;,&quot;credit&quot;:&quot;&quot;,&quot;camera&quot;:&quot;FinePix6800 ZOOM&quot;,&quot;caption&quot;:&quot;&quot;,&quot;created_timestamp&quot;:&quot;1057365447&quot;,&quot;copyright&quot;:&quot;&quot;,&quot;focal_length&quot;:&quot;17.3&quot;,&quot;iso&quot;:&quot;100&quot;,&quot;shutter_speed&quot;:&quot;0&quot;,&quot;title&quot;:&quot;&quot;,&quot;orientation&quot;:&quot;1&quot;}\" data-image-title=\"20030507_kuhkrug\" data-image-description=\"\" data-image-caption=\"\" data-large-file=\"https:\/\/paulinenaue.info\/wp-content\/uploads\/2017\/06\/20030507_kuhkrug.jpg\" class=\"lazyload wp-image-882 size-medium\" src=\"http:\/\/paulinenaue.info\/wp-content\/uploads\/2017\/06\/20030507_kuhkrug-300x206.jpg\" data-orig-src=\"http:\/\/paulinenaue.info\/wp-content\/uploads\/2017\/06\/20030507_kuhkrug-300x206.jpg\" alt=\" In Sendung 40 des Fotoforums wurde dieser Bierkrug pr\u00e4sentiert. Er zeigt das von Georg Drasch\u00e9 entworfene Paulinenaue-Logo und auf der R\u00fcckseite die Jahreszahl \u201e1981\u201c.\" width=\"300\" height=\"206\" srcset=\"data:image\/svg+xml,%3Csvg%20xmlns%3D%27http%3A%2F%2Fwww.w3.org%2F2000%2Fsvg%27%20width%3D%27300%27%20height%3D%27206%27%20viewBox%3D%270%200%20300%20206%27%3E%3Crect%20width%3D%27300%27%20height%3D%27206%27%20fill-opacity%3D%220%22%2F%3E%3C%2Fsvg%3E\" data-srcset=\"https:\/\/paulinenaue.info\/wp-content\/uploads\/2017\/06\/20030507_kuhkrug-300x206.jpg 300w, https:\/\/paulinenaue.info\/wp-content\/uploads\/2017\/06\/20030507_kuhkrug.jpg 350w\" data-sizes=\"auto\" data-orig-sizes=\"(max-width: 300px) 100vw, 300px\" \/><\/a><p id=\"caption-attachment-882\" class=\"wp-caption-text\">In Sendung 40 des Fotoforums wurde dieser Bierkrug pr\u00e4sentiert. Er zeigt das von Georg Drasch\u00e9 entworfene Paulinenaue-Logo und auf der R\u00fcckseite die Jahreszahl \u201e1981\u201c. Foto: Joachim Scholz, 2003.<\/p><\/div>\n<div id=\"attachment_883\" style=\"width: 259px\" class=\"wp-caption alignnone\"><a href=\"http:\/\/paulinenaue.info\/wp-content\/uploads\/2017\/06\/20030508_kuhkrug.jpg\"><img decoding=\"async\" aria-describedby=\"caption-attachment-883\" data-attachment-id=\"883\" data-permalink=\"https:\/\/paulinenaue.info\/index.php\/eine-kleine-sammlung-paulinenauer-souvenirs\/20030508_kuhkrug\/\" data-orig-file=\"https:\/\/paulinenaue.info\/wp-content\/uploads\/2017\/06\/20030508_kuhkrug.jpg\" data-orig-size=\"291,350\" data-comments-opened=\"1\" data-image-meta=\"{&quot;aperture&quot;:&quot;0&quot;,&quot;credit&quot;:&quot;&quot;,&quot;camera&quot;:&quot;&quot;,&quot;caption&quot;:&quot;&quot;,&quot;created_timestamp&quot;:&quot;0&quot;,&quot;copyright&quot;:&quot;&quot;,&quot;focal_length&quot;:&quot;0&quot;,&quot;iso&quot;:&quot;0&quot;,&quot;shutter_speed&quot;:&quot;0&quot;,&quot;title&quot;:&quot;&quot;,&quot;orientation&quot;:&quot;1&quot;}\" data-image-title=\"20030508_kuhkrug\" data-image-description=\"\" data-image-caption=\"\" data-large-file=\"https:\/\/paulinenaue.info\/wp-content\/uploads\/2017\/06\/20030508_kuhkrug.jpg\" class=\"lazyload wp-image-883 size-medium\" src=\"http:\/\/paulinenaue.info\/wp-content\/uploads\/2017\/06\/20030508_kuhkrug-249x300.jpg\" data-orig-src=\"http:\/\/paulinenaue.info\/wp-content\/uploads\/2017\/06\/20030508_kuhkrug-249x300.jpg\" alt=\"Es gibt aber auch noch mindestens einen anderen Paulinenaue-Bierkrug. Auf diesem alternativ gestalteten ist neben dem Logo die Jahreszahl \u201e1985\u201c abgebildet. \" width=\"249\" height=\"300\" srcset=\"data:image\/svg+xml,%3Csvg%20xmlns%3D%27http%3A%2F%2Fwww.w3.org%2F2000%2Fsvg%27%20width%3D%27249%27%20height%3D%27300%27%20viewBox%3D%270%200%20249%20300%27%3E%3Crect%20width%3D%27249%27%20height%3D%27300%27%20fill-opacity%3D%220%22%2F%3E%3C%2Fsvg%3E\" data-srcset=\"https:\/\/paulinenaue.info\/wp-content\/uploads\/2017\/06\/20030508_kuhkrug-249x300.jpg 249w, https:\/\/paulinenaue.info\/wp-content\/uploads\/2017\/06\/20030508_kuhkrug.jpg 291w\" data-sizes=\"auto\" data-orig-sizes=\"(max-width: 249px) 100vw, 249px\" \/><\/a><p id=\"caption-attachment-883\" class=\"wp-caption-text\">Es gibt aber auch noch mindestens einen anderen Paulinenaue-Bierkrug. Auf diesem alternativ gestalteten ist neben dem Logo die Jahreszahl \u201e1985\u201c abgebildet.<\/p><\/div>\n<div id=\"attachment_884\" style=\"width: 244px\" class=\"wp-caption alignnone\"><a href=\"http:\/\/paulinenaue.info\/wp-content\/uploads\/2017\/06\/20030528_notizbuch.jpg\"><img decoding=\"async\" aria-describedby=\"caption-attachment-884\" data-attachment-id=\"884\" data-permalink=\"https:\/\/paulinenaue.info\/index.php\/eine-kleine-sammlung-paulinenauer-souvenirs\/20030528_notizbuch\/\" data-orig-file=\"https:\/\/paulinenaue.info\/wp-content\/uploads\/2017\/06\/20030528_notizbuch.jpg\" data-orig-size=\"262,336\" data-comments-opened=\"1\" data-image-meta=\"{&quot;aperture&quot;:&quot;0&quot;,&quot;credit&quot;:&quot;&quot;,&quot;camera&quot;:&quot;&quot;,&quot;caption&quot;:&quot;&quot;,&quot;created_timestamp&quot;:&quot;0&quot;,&quot;copyright&quot;:&quot;&quot;,&quot;focal_length&quot;:&quot;0&quot;,&quot;iso&quot;:&quot;0&quot;,&quot;shutter_speed&quot;:&quot;0&quot;,&quot;title&quot;:&quot;&quot;,&quot;orientation&quot;:&quot;0&quot;}\" data-image-title=\"20030528_notizbuch\" data-image-description=\"\" data-image-caption=\"\" data-large-file=\"https:\/\/paulinenaue.info\/wp-content\/uploads\/2017\/06\/20030528_notizbuch.jpg\" class=\"lazyload wp-image-884 size-medium\" src=\"http:\/\/paulinenaue.info\/wp-content\/uploads\/2017\/06\/20030528_notizbuch-234x300.jpg\" data-orig-src=\"http:\/\/paulinenaue.info\/wp-content\/uploads\/2017\/06\/20030528_notizbuch-234x300.jpg\" alt=\"Mit dem Paulinenaue-Logo wurden in der achtziger Jahren sogar Notizblocks versehen.\" width=\"234\" height=\"300\" srcset=\"data:image\/svg+xml,%3Csvg%20xmlns%3D%27http%3A%2F%2Fwww.w3.org%2F2000%2Fsvg%27%20width%3D%27234%27%20height%3D%27300%27%20viewBox%3D%270%200%20234%20300%27%3E%3Crect%20width%3D%27234%27%20height%3D%27300%27%20fill-opacity%3D%220%22%2F%3E%3C%2Fsvg%3E\" data-srcset=\"https:\/\/paulinenaue.info\/wp-content\/uploads\/2017\/06\/20030528_notizbuch-234x300.jpg 234w, https:\/\/paulinenaue.info\/wp-content\/uploads\/2017\/06\/20030528_notizbuch.jpg 262w\" data-sizes=\"auto\" data-orig-sizes=\"(max-width: 234px) 100vw, 234px\" \/><\/a><p id=\"caption-attachment-884\" class=\"wp-caption-text\">Mit dem Paulinenaue-Logo wurden in der achtziger Jahren sogar Notizblocks versehen. Foto: Joachim Scholz, 2003.<\/p><\/div>\n","protected":false},"excerpt":{"rendered":"<p>28.05.2003<\/p>\n","protected":false},"author":3,"featured_media":882,"comment_status":"open","ping_status":"open","sticky":false,"template":"","format":"standard","meta":{"_acf_changed":false,"_price":"","_stock":"","_tribe_ticket_header":"","_tribe_default_ticket_provider":"","_tribe_ticket_capacity":"0","_ticket_start_date":"","_ticket_end_date":"","_tribe_ticket_show_description":"","_tribe_ticket_show_not_going":false,"_tribe_ticket_use_global_stock":"","_tribe_ticket_global_stock_level":"","_global_stock_mode":"","_global_stock_cap":"","_tribe_rsvp_for_event":"","_tribe_ticket_going_count":"","_tribe_ticket_not_going_count":"","_tribe_tickets_list":"[]","_tribe_ticket_has_attendee_info_fields":false,"jetpack_post_was_ever_published":false,"_jetpack_newsletter_access":"","_jetpack_dont_email_post_to_subs":false,"_jetpack_newsletter_tier_id":0,"_jetpack_memberships_contains_paywalled_content":false,"_jetpack_memberships_contains_paid_content":false,"footnotes":"","jetpack_publicize_message":"","jetpack_publicize_feature_enabled":true,"jetpack_social_post_already_shared":true,"jetpack_social_options":{"image_generator_settings":{"template":"highway","default_image_id":0,"font":"","enabled":false},"version":2}},"categories":[1,6,7],"tags":[116,118,117,115],"class_list":["post-881","post","type-post","status-publish","format-standard","has-post-thumbnail","hentry","category-allgemein","category-hier-zuhause","category-historie","tag-bierkrug","tag-georg-drasche","tag-notizblock","tag-souvenirs"],"acf":[],"yoast_head":"<!-- This site is optimized with the Yoast SEO plugin v27.5 - https:\/\/yoast.com\/product\/yoast-seo-wordpress\/ -->\n<title>Eine kleine Sammlung Paulinenauer Souvenirs - Paulinenaue<\/title>\n<meta name=\"robots\" content=\"index, follow, max-snippet:-1, max-image-preview:large, max-video-preview:-1\" \/>\n<link rel=\"canonical\" href=\"https:\/\/paulinenaue.info\/index.php\/eine-kleine-sammlung-paulinenauer-souvenirs\/\" \/>\n<meta property=\"og:locale\" content=\"de_DE\" \/>\n<meta property=\"og:type\" content=\"article\" \/>\n<meta property=\"og:title\" content=\"Eine kleine Sammlung Paulinenauer Souvenirs - Paulinenaue\" \/>\n<meta property=\"og:description\" content=\"28.05.2003\" \/>\n<meta property=\"og:url\" content=\"https:\/\/paulinenaue.info\/index.php\/eine-kleine-sammlung-paulinenauer-souvenirs\/\" \/>\n<meta property=\"og:site_name\" content=\"Paulinenaue\" \/>\n<meta property=\"article:published_time\" content=\"2017-06-10T09:34:48+00:00\" \/>\n<meta property=\"article:modified_time\" content=\"2017-06-19T12:57:51+00:00\" \/>\n<meta property=\"og:image\" content=\"https:\/\/i0.wp.com\/paulinenaue.info\/wp-content\/uploads\/2017\/06\/20030507_kuhkrug.jpg?fit=350%2C240&ssl=1\" \/>\n\t<meta property=\"og:image:width\" content=\"350\" \/>\n\t<meta property=\"og:image:height\" content=\"240\" \/>\n\t<meta property=\"og:image:type\" content=\"image\/jpeg\" \/>\n<meta name=\"author\" content=\"Sarah\" \/>\n<meta name=\"twitter:card\" content=\"summary_large_image\" \/>\n<meta name=\"twitter:label1\" content=\"Verfasst von\" \/>\n\t<meta name=\"twitter:data1\" content=\"Sarah\" \/>\n<script type=\"application\/ld+json\" class=\"yoast-schema-graph\">{\"@context\":\"https:\\\/\\\/schema.org\",\"@graph\":[{\"@type\":\"Article\",\"@id\":\"https:\\\/\\\/paulinenaue.info\\\/index.php\\\/eine-kleine-sammlung-paulinenauer-souvenirs\\\/#article\",\"isPartOf\":{\"@id\":\"https:\\\/\\\/paulinenaue.info\\\/index.php\\\/eine-kleine-sammlung-paulinenauer-souvenirs\\\/\"},\"author\":{\"name\":\"Sarah\",\"@id\":\"https:\\\/\\\/paulinenaue.info\\\/#\\\/schema\\\/person\\\/e5be566a57b5b3f65d2c65a58c42325e\"},\"headline\":\"Eine kleine Sammlung Paulinenauer Souvenirs\",\"datePublished\":\"2017-06-10T09:34:48+00:00\",\"dateModified\":\"2017-06-19T12:57:51+00:00\",\"mainEntityOfPage\":{\"@id\":\"https:\\\/\\\/paulinenaue.info\\\/index.php\\\/eine-kleine-sammlung-paulinenauer-souvenirs\\\/\"},\"wordCount\":87,\"commentCount\":0,\"image\":{\"@id\":\"https:\\\/\\\/paulinenaue.info\\\/index.php\\\/eine-kleine-sammlung-paulinenauer-souvenirs\\\/#primaryimage\"},\"thumbnailUrl\":\"https:\\\/\\\/paulinenaue.info\\\/wp-content\\\/uploads\\\/2017\\\/06\\\/20030507_kuhkrug.jpg\",\"keywords\":[\"Bierkrug\",\"Georg Drasch\u00e9\",\"Notizblock\",\"Souvenirs\"],\"articleSection\":{\"1\":\"Hier Zuhause\",\"2\":\"Historie\"},\"inLanguage\":\"de\",\"potentialAction\":[{\"@type\":\"CommentAction\",\"name\":\"Comment\",\"target\":[\"https:\\\/\\\/paulinenaue.info\\\/index.php\\\/eine-kleine-sammlung-paulinenauer-souvenirs\\\/#respond\"]}]},{\"@type\":\"WebPage\",\"@id\":\"https:\\\/\\\/paulinenaue.info\\\/index.php\\\/eine-kleine-sammlung-paulinenauer-souvenirs\\\/\",\"url\":\"https:\\\/\\\/paulinenaue.info\\\/index.php\\\/eine-kleine-sammlung-paulinenauer-souvenirs\\\/\",\"name\":\"Eine kleine Sammlung Paulinenauer Souvenirs - Paulinenaue\",\"isPartOf\":{\"@id\":\"https:\\\/\\\/paulinenaue.info\\\/#website\"},\"primaryImageOfPage\":{\"@id\":\"https:\\\/\\\/paulinenaue.info\\\/index.php\\\/eine-kleine-sammlung-paulinenauer-souvenirs\\\/#primaryimage\"},\"image\":{\"@id\":\"https:\\\/\\\/paulinenaue.info\\\/index.php\\\/eine-kleine-sammlung-paulinenauer-souvenirs\\\/#primaryimage\"},\"thumbnailUrl\":\"https:\\\/\\\/paulinenaue.info\\\/wp-content\\\/uploads\\\/2017\\\/06\\\/20030507_kuhkrug.jpg\",\"datePublished\":\"2017-06-10T09:34:48+00:00\",\"dateModified\":\"2017-06-19T12:57:51+00:00\",\"author\":{\"@id\":\"https:\\\/\\\/paulinenaue.info\\\/#\\\/schema\\\/person\\\/e5be566a57b5b3f65d2c65a58c42325e\"},\"breadcrumb\":{\"@id\":\"https:\\\/\\\/paulinenaue.info\\\/index.php\\\/eine-kleine-sammlung-paulinenauer-souvenirs\\\/#breadcrumb\"},\"inLanguage\":\"de\",\"potentialAction\":[{\"@type\":\"ReadAction\",\"target\":[\"https:\\\/\\\/paulinenaue.info\\\/index.php\\\/eine-kleine-sammlung-paulinenauer-souvenirs\\\/\"]}]},{\"@type\":\"ImageObject\",\"inLanguage\":\"de\",\"@id\":\"https:\\\/\\\/paulinenaue.info\\\/index.php\\\/eine-kleine-sammlung-paulinenauer-souvenirs\\\/#primaryimage\",\"url\":\"https:\\\/\\\/paulinenaue.info\\\/wp-content\\\/uploads\\\/2017\\\/06\\\/20030507_kuhkrug.jpg\",\"contentUrl\":\"https:\\\/\\\/paulinenaue.info\\\/wp-content\\\/uploads\\\/2017\\\/06\\\/20030507_kuhkrug.jpg\",\"width\":\"350\",\"height\":\"240\"},{\"@type\":\"BreadcrumbList\",\"@id\":\"https:\\\/\\\/paulinenaue.info\\\/index.php\\\/eine-kleine-sammlung-paulinenauer-souvenirs\\\/#breadcrumb\",\"itemListElement\":[{\"@type\":\"ListItem\",\"position\":1,\"name\":\"Home\",\"item\":\"https:\\\/\\\/paulinenaue.info\\\/\"},{\"@type\":\"ListItem\",\"position\":2,\"name\":\"Eine kleine Sammlung Paulinenauer Souvenirs\"}]},{\"@type\":\"WebSite\",\"@id\":\"https:\\\/\\\/paulinenaue.info\\\/#website\",\"url\":\"https:\\\/\\\/paulinenaue.info\\\/\",\"name\":\"Paulinenaue\",\"description\":\"Ein Dorf im Havelland\",\"potentialAction\":[{\"@type\":\"SearchAction\",\"target\":{\"@type\":\"EntryPoint\",\"urlTemplate\":\"https:\\\/\\\/paulinenaue.info\\\/?s={search_term_string}\"},\"query-input\":{\"@type\":\"PropertyValueSpecification\",\"valueRequired\":true,\"valueName\":\"search_term_string\"}}],\"inLanguage\":\"de\"},{\"@type\":\"Person\",\"@id\":\"https:\\\/\\\/paulinenaue.info\\\/#\\\/schema\\\/person\\\/e5be566a57b5b3f65d2c65a58c42325e\",\"name\":\"Sarah\",\"url\":\"https:\\\/\\\/paulinenaue.info\\\/index.php\\\/author\\\/sarah\\\/\"}]}<\/script>\n<!-- \/ Yoast SEO plugin. -->","yoast_head_json":{"title":"Eine kleine Sammlung Paulinenauer Souvenirs - Paulinenaue","robots":{"index":"index","follow":"follow","max-snippet":"max-snippet:-1","max-image-preview":"max-image-preview:large","max-video-preview":"max-video-preview:-1"},"canonical":"https:\/\/paulinenaue.info\/index.php\/eine-kleine-sammlung-paulinenauer-souvenirs\/","og_locale":"de_DE","og_type":"article","og_title":"Eine kleine Sammlung Paulinenauer Souvenirs - Paulinenaue","og_description":"28.05.2003","og_url":"https:\/\/paulinenaue.info\/index.php\/eine-kleine-sammlung-paulinenauer-souvenirs\/","og_site_name":"Paulinenaue","article_published_time":"2017-06-10T09:34:48+00:00","article_modified_time":"2017-06-19T12:57:51+00:00","og_image":[{"width":350,"height":240,"url":"https:\/\/i0.wp.com\/paulinenaue.info\/wp-content\/uploads\/2017\/06\/20030507_kuhkrug.jpg?fit=350%2C240&ssl=1","type":"image\/jpeg"}],"author":"Sarah","twitter_card":"summary_large_image","twitter_misc":{"Verfasst von":"Sarah"},"schema":{"@context":"https:\/\/schema.org","@graph":[{"@type":"Article","@id":"https:\/\/paulinenaue.info\/index.php\/eine-kleine-sammlung-paulinenauer-souvenirs\/#article","isPartOf":{"@id":"https:\/\/paulinenaue.info\/index.php\/eine-kleine-sammlung-paulinenauer-souvenirs\/"},"author":{"name":"Sarah","@id":"https:\/\/paulinenaue.info\/#\/schema\/person\/e5be566a57b5b3f65d2c65a58c42325e"},"headline":"Eine kleine Sammlung Paulinenauer Souvenirs","datePublished":"2017-06-10T09:34:48+00:00","dateModified":"2017-06-19T12:57:51+00:00","mainEntityOfPage":{"@id":"https:\/\/paulinenaue.info\/index.php\/eine-kleine-sammlung-paulinenauer-souvenirs\/"},"wordCount":87,"commentCount":0,"image":{"@id":"https:\/\/paulinenaue.info\/index.php\/eine-kleine-sammlung-paulinenauer-souvenirs\/#primaryimage"},"thumbnailUrl":"https:\/\/paulinenaue.info\/wp-content\/uploads\/2017\/06\/20030507_kuhkrug.jpg","keywords":["Bierkrug","Georg Drasch\u00e9","Notizblock","Souvenirs"],"articleSection":{"1":"Hier Zuhause","2":"Historie"},"inLanguage":"de","potentialAction":[{"@type":"CommentAction","name":"Comment","target":["https:\/\/paulinenaue.info\/index.php\/eine-kleine-sammlung-paulinenauer-souvenirs\/#respond"]}]},{"@type":"WebPage","@id":"https:\/\/paulinenaue.info\/index.php\/eine-kleine-sammlung-paulinenauer-souvenirs\/","url":"https:\/\/paulinenaue.info\/index.php\/eine-kleine-sammlung-paulinenauer-souvenirs\/","name":"Eine kleine Sammlung Paulinenauer Souvenirs - Paulinenaue","isPartOf":{"@id":"https:\/\/paulinenaue.info\/#website"},"primaryImageOfPage":{"@id":"https:\/\/paulinenaue.info\/index.php\/eine-kleine-sammlung-paulinenauer-souvenirs\/#primaryimage"},"image":{"@id":"https:\/\/paulinenaue.info\/index.php\/eine-kleine-sammlung-paulinenauer-souvenirs\/#primaryimage"},"thumbnailUrl":"https:\/\/paulinenaue.info\/wp-content\/uploads\/2017\/06\/20030507_kuhkrug.jpg","datePublished":"2017-06-10T09:34:48+00:00","dateModified":"2017-06-19T12:57:51+00:00","author":{"@id":"https:\/\/paulinenaue.info\/#\/schema\/person\/e5be566a57b5b3f65d2c65a58c42325e"},"breadcrumb":{"@id":"https:\/\/paulinenaue.info\/index.php\/eine-kleine-sammlung-paulinenauer-souvenirs\/#breadcrumb"},"inLanguage":"de","potentialAction":[{"@type":"ReadAction","target":["https:\/\/paulinenaue.info\/index.php\/eine-kleine-sammlung-paulinenauer-souvenirs\/"]}]},{"@type":"ImageObject","inLanguage":"de","@id":"https:\/\/paulinenaue.info\/index.php\/eine-kleine-sammlung-paulinenauer-souvenirs\/#primaryimage","url":"https:\/\/paulinenaue.info\/wp-content\/uploads\/2017\/06\/20030507_kuhkrug.jpg","contentUrl":"https:\/\/paulinenaue.info\/wp-content\/uploads\/2017\/06\/20030507_kuhkrug.jpg","width":"350","height":"240"},{"@type":"BreadcrumbList","@id":"https:\/\/paulinenaue.info\/index.php\/eine-kleine-sammlung-paulinenauer-souvenirs\/#breadcrumb","itemListElement":[{"@type":"ListItem","position":1,"name":"Home","item":"https:\/\/paulinenaue.info\/"},{"@type":"ListItem","position":2,"name":"Eine kleine Sammlung Paulinenauer Souvenirs"}]},{"@type":"WebSite","@id":"https:\/\/paulinenaue.info\/#website","url":"https:\/\/paulinenaue.info\/","name":"Paulinenaue","description":"Ein Dorf im Havelland","potentialAction":[{"@type":"SearchAction","target":{"@type":"EntryPoint","urlTemplate":"https:\/\/paulinenaue.info\/?s={search_term_string}"},"query-input":{"@type":"PropertyValueSpecification","valueRequired":true,"valueName":"search_term_string"}}],"inLanguage":"de"},{"@type":"Person","@id":"https:\/\/paulinenaue.info\/#\/schema\/person\/e5be566a57b5b3f65d2c65a58c42325e","name":"Sarah","url":"https:\/\/paulinenaue.info\/index.php\/author\/sarah\/"}]}},"jetpack_publicize_connections":[],"jetpack_featured_media_url":"https:\/\/paulinenaue.info\/wp-content\/uploads\/2017\/06\/20030507_kuhkrug.jpg","jetpack_sharing_enabled":true,"jetpack_shortlink":"https:\/\/wp.me\/pcYhWA-ed","jetpack-related-posts":[{"id":201,"url":"https:\/\/paulinenaue.info\/index.php\/damals-vor-40-jahren-paulinenaue-im-ausnahmezustand\/","url_meta":{"origin":881,"position":0},"title":"Damals vor 40 Jahren: Paulinenaue im Ausnahmezustand","author":"Joachim Scholz","date":"22. M\u00e4rz 2016","format":false,"excerpt":"Georg Drasch\u00e9 fotografierte das Dorf im November 1972 nach dem Sturm \u201eQuimburga\u201c Artikel aus dem Archiv der Website vom 30.11.2012 von Joachim Scholz \u201eWetterlage:\u00a0Ein Sturmtief \u00fcberquert mit seinen Ausl\u00e4ufern im Tagesverlauf die DDR. Auf seiner R\u00fcckseite wird erneut Kaltluft herangef\u00fchrt.\u00a0Wetteraussichten:\u00a0Bedeckt und zeitweise Regen. Im sp\u00e4teren Tagesverlauf Schauer. Tagesh\u00f6chsttemperaturen 5 \u00b0C-10\u00b0C.\u2026","rel":"","context":"In &quot;Hier Zuhause&quot;","block_context":{"text":"Hier Zuhause","link":"https:\/\/paulinenaue.info\/index.php\/category\/hier-zuhause\/"},"img":{"alt_text":"","src":"https:\/\/i0.wp.com\/paulinenaue.info\/wp-content\/uploads\/2016\/03\/19721114_quimburga_10_gd.jpg?resize=350%2C200&ssl=1","width":350,"height":200},"classes":[]},{"id":1230,"url":"https:\/\/paulinenaue.info\/index.php\/der-paulinenauer-fotozirkel\/","url_meta":{"origin":881,"position":1},"title":"Der Paulinenauer Fotozirkel","author":"Sarah","date":"22. Juni 2017","format":false,"excerpt":"06.09.2006 von Tilo Geisel, Angelika Kellner und Thomas M\u00fcller Text: Angelika Kellner Anfang Juli 2006 trafen sich vier \"Fotofreunde\" nach langer Zeit wieder und erinnerten sich alter Zeiten mit Bildern und k\u00fchlenden Getr\u00e4nken. Vielleicht werden sie sich auch zuk\u00fcnftig \u00fcber ihre Arbeiten austauschen und so auf irgendeine Art und Weise\u2026","rel":"","context":"In &quot;Allgemein&quot;","block_context":{"text":"Allgemein","link":"https:\/\/paulinenaue.info\/index.php\/category\/allgemein\/"},"img":{"alt_text":"","src":"https:\/\/i0.wp.com\/paulinenaue.info\/wp-content\/uploads\/2017\/06\/06.jpg?resize=350%2C200&ssl=1","width":350,"height":200},"classes":[]},{"id":414989,"url":"https:\/\/paulinenaue.info\/index.php\/paulinenaue-kalender-2023-erschienen\/","url_meta":{"origin":881,"position":2},"title":"Paulinenaue-Kalender 2023 erschienen","author":"Joachim Scholz","date":"2. Dezember 2022","format":false,"excerpt":"Es gibt ihn wieder, den Fotokalender mit Paulinenauer Motiven f\u00fcr das n\u00e4chste Jahr. Der aktuelle Kalender ist eine Werkschau von Eberhard Schwarz, der in den 1980er-Jahren bereits dem Fotozirkel des Institutes unter der Leitung von Georg Drasch\u00e9 angeh\u00f6rte. Schwarz, der zu vielen Anl\u00e4ssen die Kamera dabei hat, dokumentiert auch regelm\u00e4\u00dfig\u2026","rel":"","context":"In &quot;Allgemein&quot;","block_context":{"text":"Allgemein","link":"https:\/\/paulinenaue.info\/index.php\/category\/allgemein\/"},"img":{"alt_text":"","src":"https:\/\/i0.wp.com\/paulinenaue.info\/wp-content\/uploads\/2022\/12\/2022-12-02-Kalender-2023.jpeg?resize=350%2C200&ssl=1","width":350,"height":200,"srcset":"https:\/\/i0.wp.com\/paulinenaue.info\/wp-content\/uploads\/2022\/12\/2022-12-02-Kalender-2023.jpeg?resize=350%2C200&ssl=1 1x, https:\/\/i0.wp.com\/paulinenaue.info\/wp-content\/uploads\/2022\/12\/2022-12-02-Kalender-2023.jpeg?resize=525%2C300&ssl=1 1.5x, https:\/\/i0.wp.com\/paulinenaue.info\/wp-content\/uploads\/2022\/12\/2022-12-02-Kalender-2023.jpeg?resize=700%2C400&ssl=1 2x"},"classes":[]},{"id":1056,"url":"https:\/\/paulinenaue.info\/index.php\/paulinenauer-schilderwelten-wolfgang-arndt-oeffnet-sein-archiv\/","url_meta":{"origin":881,"position":3},"title":"Paulinenauer Schilderwelten Wolfgang Arndt \u00f6ffnet sein Archiv","author":"Sarah","date":"19. Juni 2017","format":false,"excerpt":"27.01.2005 Wolfgang Arndt ist seit langer Zeit Hausmeister an der Paulinenauer Schule. Als in Wendezeiten die Schuleinrichtung neu geordnet wurde, rettete er manches Kleinod der Ortsgeschichte vor gedankenloser Beseitigung, darunter auch die hier abgebildeten Schilder vergangener Tage. Klicken Sie zur Vergr\u00f6\u00dferung in die Bilder.","rel":"","context":"In &quot;Allgemein&quot;","block_context":{"text":"Allgemein","link":"https:\/\/paulinenaue.info\/index.php\/category\/allgemein\/"},"img":{"alt_text":"","src":"https:\/\/i0.wp.com\/paulinenaue.info\/wp-content\/uploads\/2017\/06\/schild_rat_der_gemeinde_01.jpg?resize=350%2C200&ssl=1","width":350,"height":200},"classes":[]},{"id":418376,"url":"https:\/\/paulinenaue.info\/index.php\/bier-und-weinfest-in-kruegers-biergarten\/","url_meta":{"origin":881,"position":4},"title":"Bier- und Weinfest in Kr\u00fcgers Biergarten","author":"Joachim Scholz","date":"5. Oktober 2025","format":false,"excerpt":"\u201eSo voll war es hier noch nie, ja vielleicht fr\u00fcher mal zu Himmelfahrt\u201c, so die Worte von Dieter Blume. Viele Paulinenauer folgten der Einladung von Uwe Kr\u00fcger zum Bier- und Weinfest. Wer in Google Maps nach Kr\u00fcgers Biergarten sucht, findet den Hinweis, dass die Gastst\u00e4tte dauerhaft geschlossen ist. Manche Eintragungen\u2026","rel":"","context":"In &quot;Gastronomie&quot;","block_context":{"text":"Gastronomie","link":"https:\/\/paulinenaue.info\/index.php\/category\/gastronomie\/"},"img":{"alt_text":"","src":"https:\/\/i0.wp.com\/paulinenaue.info\/wp-content\/uploads\/2025\/10\/Bild-5a-scaled.jpg?resize=350%2C200&ssl=1","width":350,"height":200,"srcset":"https:\/\/i0.wp.com\/paulinenaue.info\/wp-content\/uploads\/2025\/10\/Bild-5a-scaled.jpg?resize=350%2C200&ssl=1 1x, https:\/\/i0.wp.com\/paulinenaue.info\/wp-content\/uploads\/2025\/10\/Bild-5a-scaled.jpg?resize=525%2C300&ssl=1 1.5x, https:\/\/i0.wp.com\/paulinenaue.info\/wp-content\/uploads\/2025\/10\/Bild-5a-scaled.jpg?resize=700%2C400&ssl=1 2x, https:\/\/i0.wp.com\/paulinenaue.info\/wp-content\/uploads\/2025\/10\/Bild-5a-scaled.jpg?resize=1050%2C600&ssl=1 3x, https:\/\/i0.wp.com\/paulinenaue.info\/wp-content\/uploads\/2025\/10\/Bild-5a-scaled.jpg?resize=1400%2C800&ssl=1 4x"},"classes":[]},{"id":1215,"url":"https:\/\/paulinenaue.info\/index.php\/zum-30-kleine-bildgeschichte-vom-paulinenauer-konsum\/","url_meta":{"origin":881,"position":5},"title":"Zum 30.: Kleine Bildgeschichte vom Paulinenauer Konsum","author":"Sarah","date":"30. April 2006","format":false,"excerpt":"Er\u00f6ffnung des Konsumgeb\u00e4udes vor 30 Jahren Joachim Scholz 30.04.2006: \"Dies war seit mehr als einem Jahrzehnt der Wunschtraum der B\u00fcrger unseres Ortes. Die vier vorhandenen, zu kleinen Konsum-Verkaufsstellen befanden sich seit langem in einem schlechten baulichen Zustand, entsprachen nicht immer den hygienischen Anforderungen und konnten die gewachsenen Bed\u00fcrfnisse unserer Bev\u00f6lkerung\u2026","rel":"","context":"In &quot;Allgemein&quot;","block_context":{"text":"Allgemein","link":"https:\/\/paulinenaue.info\/index.php\/category\/allgemein\/"},"img":{"alt_text":"","src":"https:\/\/i0.wp.com\/paulinenaue.info\/wp-content\/uploads\/2017\/06\/konsum_198x_02.jpg?resize=350%2C200&ssl=1","width":350,"height":200},"classes":[]}],"_links":{"self":[{"href":"https:\/\/paulinenaue.info\/index.php\/wp-json\/wp\/v2\/posts\/881","targetHints":{"allow":["GET"]}}],"collection":[{"href":"https:\/\/paulinenaue.info\/index.php\/wp-json\/wp\/v2\/posts"}],"about":[{"href":"https:\/\/paulinenaue.info\/index.php\/wp-json\/wp\/v2\/types\/post"}],"author":[{"embeddable":true,"href":"https:\/\/paulinenaue.info\/index.php\/wp-json\/wp\/v2\/users\/3"}],"replies":[{"embeddable":true,"href":"https:\/\/paulinenaue.info\/index.php\/wp-json\/wp\/v2\/comments?post=881"}],"version-history":[{"count":2,"href":"https:\/\/paulinenaue.info\/index.php\/wp-json\/wp\/v2\/posts\/881\/revisions"}],"predecessor-version":[{"id":1036,"href":"https:\/\/paulinenaue.info\/index.php\/wp-json\/wp\/v2\/posts\/881\/revisions\/1036"}],"wp:featuredmedia":[{"embeddable":true,"href":"https:\/\/paulinenaue.info\/index.php\/wp-json\/wp\/v2\/media\/882"}],"wp:attachment":[{"href":"https:\/\/paulinenaue.info\/index.php\/wp-json\/wp\/v2\/media?parent=881"}],"wp:term":[{"taxonomy":"category","embeddable":true,"href":"https:\/\/paulinenaue.info\/index.php\/wp-json\/wp\/v2\/categories?post=881"},{"taxonomy":"post_tag","embeddable":true,"href":"https:\/\/paulinenaue.info\/index.php\/wp-json\/wp\/v2\/tags?post=881"}],"curies":[{"name":"wp","href":"https:\/\/api.w.org\/{rel}","templated":true}]}}