{"id":93,"date":"2014-04-22T12:16:32","date_gmt":"2014-04-22T10:16:32","guid":{"rendered":"https:\/\/sudile.com\/paue\/?p=93"},"modified":"2024-04-01T12:55:50","modified_gmt":"2024-04-01T10:55:50","slug":"ostern-in-paulinenaue-2014","status":"publish","type":"post","link":"https:\/\/paulinenaue.info\/index.php\/ostern-in-paulinenaue-2014\/","title":{"rendered":"Ostern in Paulinenaue 2014"},"content":{"rendered":"<p>22.04.2014. Der Kontrast zum letzten Jahr, als die Gipfel der Eierberge unter Eis und Schnee lagen, lie\u00df sich an diesem Ostern nirgends besser erleben als beim Eiertrudeln in der Pessiner Heide. Am fr\u00fchen Ostersonntag-Nachmittag herrschte, wie es so sch\u00f6n hei\u00dft, Volksfestatmosph\u00e4re. Kein W\u00f6lkchen, nur ein j\u00e4h herabst\u00fcrzender Ast, der aber niemanden verletzte, tr\u00fcbte auch nur f\u00fcr einen f\u00fcr einen Augenblick die heitere Stimmung.<\/p>\n<p>An anderen Stellen des Dorfs konnte man schon Fliederbl\u00fcten riechen, beim Osterspaziergang eine in voller L\u00e4nge in den Kanal gefallene Pappel bestaunen oder sich auf die Suche nach dem\u00a0<a href=\"http:\/\/paulinenaue.info\/index.php\/der-osterstrauss-des-jahres-2014\/\">Osterstrau\u00df des Jahres<\/a>\u00a0machen. Flugzeuge summten von Bienenfarm her kommend wieder \u00e4u\u00dferst kritisch an den R\u00e4ndern des Dorfes entlang. Zu h\u00f6ren waren sie \u00fcberall, aber die warme Jahresh\u00e4lfte beginnt erst und hebt allseits die Herzen, so waren sie noch recht gut zu verkraften. Ein Besuch auf den Eierbergen.<\/p>\n<div id=\"attachment_4679\" style=\"width: 810px\" class=\"wp-caption alignnone\"><a href=\"http:\/\/paulinenaue.info\/wp-content\/uploads\/2014\/04\/DSC01719.jpg\"><img decoding=\"async\" aria-describedby=\"caption-attachment-4679\" data-attachment-id=\"4679\" data-permalink=\"https:\/\/paulinenaue.info\/index.php\/ostern-in-paulinenaue-2014\/paulinenaue-eiertrudeln-ostern-2014\/\" data-orig-file=\"https:\/\/paulinenaue.info\/wp-content\/uploads\/2014\/04\/DSC01719.jpg\" data-orig-size=\"1000,750\" data-comments-opened=\"1\" data-image-meta=\"{&quot;aperture&quot;:&quot;4&quot;,&quot;credit&quot;:&quot;&quot;,&quot;camera&quot;:&quot;DSC-H10&quot;,&quot;caption&quot;:&quot;&quot;,&quot;created_timestamp&quot;:&quot;1398003572&quot;,&quot;copyright&quot;:&quot;&quot;,&quot;focal_length&quot;:&quot;15.9&quot;,&quot;iso&quot;:&quot;250&quot;,&quot;shutter_speed&quot;:&quot;0.01&quot;,&quot;title&quot;:&quot;Paulinenaue, Eiertrudeln Ostern 2014&quot;,&quot;orientation&quot;:&quot;1&quot;}\" data-image-title=\"Paulinenaue, Eiertrudeln Ostern 2014\" data-image-description=\"\" data-image-caption=\"\" data-large-file=\"https:\/\/paulinenaue.info\/wp-content\/uploads\/2014\/04\/DSC01719.jpg\" class=\"lazyload wp-image-4679\" src=\"http:\/\/paulinenaue.info\/wp-content\/uploads\/2014\/04\/DSC01719.jpg\" data-orig-src=\"http:\/\/paulinenaue.info\/wp-content\/uploads\/2014\/04\/DSC01719.jpg\" alt=\"\" width=\"800\" height=\"600\" srcset=\"data:image\/svg+xml,%3Csvg%20xmlns%3D%27http%3A%2F%2Fwww.w3.org%2F2000%2Fsvg%27%20width%3D%27800%27%20height%3D%27600%27%20viewBox%3D%270%200%20800%20600%27%3E%3Crect%20width%3D%27800%27%20height%3D%27600%27%20fill-opacity%3D%220%22%2F%3E%3C%2Fsvg%3E\" data-srcset=\"https:\/\/paulinenaue.info\/wp-content\/uploads\/2014\/04\/DSC01719-300x225.jpg 300w, https:\/\/paulinenaue.info\/wp-content\/uploads\/2014\/04\/DSC01719-768x576.jpg 768w, https:\/\/paulinenaue.info\/wp-content\/uploads\/2014\/04\/DSC01719-958x719.jpg 958w, https:\/\/paulinenaue.info\/wp-content\/uploads\/2014\/04\/DSC01719.jpg 1000w\" data-sizes=\"auto\" data-orig-sizes=\"(max-width: 800px) 100vw, 800px\" \/><\/a><p id=\"caption-attachment-4679\" class=\"wp-caption-text\"><em>Am Ostersonntag gegen 14.00 Uhr gab es in Paulinenaue kein reizvolleres Ziel als die Eierberge. Ob gelaufen, getragen oder mit dem Rad \u2013 alle hatten dieselbe Richtung eingeschlagen. Foto: F. Timm, 2014.<\/em><\/p><\/div>\n<p>&nbsp;<\/p>\n<div id=\"attachment_4684\" style=\"width: 810px\" class=\"wp-caption alignnone\"><a href=\"http:\/\/paulinenaue.info\/wp-content\/uploads\/2014\/04\/DSC07941.jpg\"><img decoding=\"async\" aria-describedby=\"caption-attachment-4684\" data-attachment-id=\"4684\" data-permalink=\"https:\/\/paulinenaue.info\/index.php\/ostern-in-paulinenaue-2014\/paulinenaue-eiertrudeln-ostern-2014-5\/\" data-orig-file=\"https:\/\/paulinenaue.info\/wp-content\/uploads\/2014\/04\/DSC07941.jpg\" data-orig-size=\"1000,750\" data-comments-opened=\"1\" data-image-meta=\"{&quot;aperture&quot;:&quot;4&quot;,&quot;credit&quot;:&quot;&quot;,&quot;camera&quot;:&quot;DSC-HX1&quot;,&quot;caption&quot;:&quot;&quot;,&quot;created_timestamp&quot;:&quot;1398000709&quot;,&quot;copyright&quot;:&quot;&quot;,&quot;focal_length&quot;:&quot;5&quot;,&quot;iso&quot;:&quot;125&quot;,&quot;shutter_speed&quot;:&quot;0.005&quot;,&quot;title&quot;:&quot;Paulinenaue, Eiertrudeln Ostern 2014&quot;,&quot;orientation&quot;:&quot;1&quot;}\" data-image-title=\"Paulinenaue, Eiertrudeln Ostern 2014\" data-image-description=\"\" data-image-caption=\"\" data-large-file=\"https:\/\/paulinenaue.info\/wp-content\/uploads\/2014\/04\/DSC07941.jpg\" class=\"lazyload wp-image-4684\" src=\"https:\/\/paulinenaue.info\/wp-content\/uploads\/2014\/04\/DSC07941.jpg\" data-orig-src=\"https:\/\/paulinenaue.info\/wp-content\/uploads\/2014\/04\/DSC07941.jpg\" alt=\"\" width=\"800\" height=\"600\" srcset=\"data:image\/svg+xml,%3Csvg%20xmlns%3D%27http%3A%2F%2Fwww.w3.org%2F2000%2Fsvg%27%20width%3D%27800%27%20height%3D%27600%27%20viewBox%3D%270%200%20800%20600%27%3E%3Crect%20width%3D%27800%27%20height%3D%27600%27%20fill-opacity%3D%220%22%2F%3E%3C%2Fsvg%3E\" data-srcset=\"https:\/\/paulinenaue.info\/wp-content\/uploads\/2014\/04\/DSC07941-300x225.jpg 300w, https:\/\/paulinenaue.info\/wp-content\/uploads\/2014\/04\/DSC07941-768x576.jpg 768w, https:\/\/paulinenaue.info\/wp-content\/uploads\/2014\/04\/DSC07941-958x719.jpg 958w, https:\/\/paulinenaue.info\/wp-content\/uploads\/2014\/04\/DSC07941.jpg 1000w\" data-sizes=\"auto\" data-orig-sizes=\"(max-width: 800px) 100vw, 800px\" \/><\/a><p id=\"caption-attachment-4684\" class=\"wp-caption-text\"><em>An den h\u00f6chsten Erhebungen der Ortslage angekommen, musste den Ostereiern zuerst eine Bahn geschaffen werden. An mehreren Trudelbahnen wurde gearbeitet. Foto: J. Scholz, 2014.<\/em><\/p><\/div>\n<p>&nbsp;<\/p>\n<div id=\"attachment_4680\" style=\"width: 810px\" class=\"wp-caption alignnone\"><a href=\"http:\/\/paulinenaue.info\/wp-content\/uploads\/2014\/04\/DSC01772.jpg\"><img decoding=\"async\" aria-describedby=\"caption-attachment-4680\" data-attachment-id=\"4680\" data-permalink=\"https:\/\/paulinenaue.info\/index.php\/ostern-in-paulinenaue-2014\/dsc01772\/\" data-orig-file=\"https:\/\/paulinenaue.info\/wp-content\/uploads\/2014\/04\/DSC01772-e1649688939391.jpg\" data-orig-size=\"1333,1000\" data-comments-opened=\"1\" data-image-meta=\"{&quot;aperture&quot;:&quot;4&quot;,&quot;credit&quot;:&quot;&quot;,&quot;camera&quot;:&quot;DSC-H10&quot;,&quot;caption&quot;:&quot;&quot;,&quot;created_timestamp&quot;:&quot;1398006406&quot;,&quot;copyright&quot;:&quot;&quot;,&quot;focal_length&quot;:&quot;15.2&quot;,&quot;iso&quot;:&quot;125&quot;,&quot;shutter_speed&quot;:&quot;0.003125&quot;,&quot;title&quot;:&quot;&quot;,&quot;orientation&quot;:&quot;1&quot;}\" data-image-title=\"DSC01772\" data-image-description=\"\" data-image-caption=\"\" data-large-file=\"https:\/\/paulinenaue.info\/wp-content\/uploads\/2014\/04\/DSC01772-e1649688939391-1024x768.jpg\" class=\"lazyload wp-image-4680\" src=\"https:\/\/paulinenaue.info\/wp-content\/uploads\/2014\/04\/DSC01772-e1649688939391-800x600.jpg\" data-orig-src=\"https:\/\/paulinenaue.info\/wp-content\/uploads\/2014\/04\/DSC01772-e1649688939391-800x600.jpg\" alt=\"\" width=\"800\" height=\"600\" srcset=\"data:image\/svg+xml,%3Csvg%20xmlns%3D%27http%3A%2F%2Fwww.w3.org%2F2000%2Fsvg%27%20width%3D%27800%27%20height%3D%27600%27%20viewBox%3D%270%200%20800%20600%27%3E%3Crect%20width%3D%27800%27%20height%3D%27600%27%20fill-opacity%3D%220%22%2F%3E%3C%2Fsvg%3E\" data-srcset=\"https:\/\/paulinenaue.info\/wp-content\/uploads\/2014\/04\/DSC01772-e1649688939391-200x150.jpg 200w, https:\/\/paulinenaue.info\/wp-content\/uploads\/2014\/04\/DSC01772-e1649688939391-300x225.jpg 300w, https:\/\/paulinenaue.info\/wp-content\/uploads\/2014\/04\/DSC01772-e1649688939391-400x300.jpg 400w, https:\/\/paulinenaue.info\/wp-content\/uploads\/2014\/04\/DSC01772-e1649688939391-600x450.jpg 600w, https:\/\/paulinenaue.info\/wp-content\/uploads\/2014\/04\/DSC01772-e1649688939391-768x576.jpg 768w, https:\/\/paulinenaue.info\/wp-content\/uploads\/2014\/04\/DSC01772-e1649688939391-800x600.jpg 800w, https:\/\/paulinenaue.info\/wp-content\/uploads\/2014\/04\/DSC01772-e1649688939391-1024x768.jpg 1024w, https:\/\/paulinenaue.info\/wp-content\/uploads\/2014\/04\/DSC01772-e1649688939391-1200x900.jpg 1200w, https:\/\/paulinenaue.info\/wp-content\/uploads\/2014\/04\/DSC01772-e1649688939391.jpg 1333w\" data-sizes=\"auto\" data-orig-sizes=\"(max-width: 800px) 100vw, 800px\" \/><\/a><p id=\"caption-attachment-4680\" class=\"wp-caption-text\"><em>F\u00fcr die Eier ging es wieder hart her. Ein Ei wirkt nach dem Turnier ganz zerst\u00f6rt. Foto: F. Timm, 2014.<\/em><\/p><\/div>\n<p>&nbsp;<\/p>\n<div id=\"attachment_4681\" style=\"width: 810px\" class=\"wp-caption alignnone\"><a href=\"http:\/\/paulinenaue.info\/wp-content\/uploads\/2014\/04\/DSC07977.jpg\"><img decoding=\"async\" aria-describedby=\"caption-attachment-4681\" data-attachment-id=\"4681\" data-permalink=\"https:\/\/paulinenaue.info\/index.php\/ostern-in-paulinenaue-2014\/paulinenaue-eiertrudeln-ostern-2014-2\/\" data-orig-file=\"https:\/\/paulinenaue.info\/wp-content\/uploads\/2014\/04\/DSC07977.jpg\" data-orig-size=\"1000,750\" data-comments-opened=\"1\" data-image-meta=\"{&quot;aperture&quot;:&quot;2.8&quot;,&quot;credit&quot;:&quot;&quot;,&quot;camera&quot;:&quot;DSC-HX1&quot;,&quot;caption&quot;:&quot;&quot;,&quot;created_timestamp&quot;:&quot;1398003301&quot;,&quot;copyright&quot;:&quot;&quot;,&quot;focal_length&quot;:&quot;5&quot;,&quot;iso&quot;:&quot;125&quot;,&quot;shutter_speed&quot;:&quot;0.016666666666667&quot;,&quot;title&quot;:&quot;Paulinenaue, Eiertrudeln Ostern 2014&quot;,&quot;orientation&quot;:&quot;1&quot;}\" data-image-title=\"Paulinenaue, Eiertrudeln Ostern 2014\" data-image-description=\"\" data-image-caption=\"\" data-large-file=\"https:\/\/paulinenaue.info\/wp-content\/uploads\/2014\/04\/DSC07977.jpg\" class=\"lazyload wp-image-4681\" src=\"http:\/\/paulinenaue.info\/wp-content\/uploads\/2014\/04\/DSC07977.jpg\" data-orig-src=\"http:\/\/paulinenaue.info\/wp-content\/uploads\/2014\/04\/DSC07977.jpg\" alt=\"\" width=\"800\" height=\"600\" srcset=\"data:image\/svg+xml,%3Csvg%20xmlns%3D%27http%3A%2F%2Fwww.w3.org%2F2000%2Fsvg%27%20width%3D%27800%27%20height%3D%27600%27%20viewBox%3D%270%200%20800%20600%27%3E%3Crect%20width%3D%27800%27%20height%3D%27600%27%20fill-opacity%3D%220%22%2F%3E%3C%2Fsvg%3E\" data-srcset=\"https:\/\/paulinenaue.info\/wp-content\/uploads\/2014\/04\/DSC07977-300x225.jpg 300w, https:\/\/paulinenaue.info\/wp-content\/uploads\/2014\/04\/DSC07977-768x576.jpg 768w, https:\/\/paulinenaue.info\/wp-content\/uploads\/2014\/04\/DSC07977-958x719.jpg 958w, https:\/\/paulinenaue.info\/wp-content\/uploads\/2014\/04\/DSC07977.jpg 1000w\" data-sizes=\"auto\" data-orig-sizes=\"(max-width: 800px) 100vw, 800px\" \/><\/a><p id=\"caption-attachment-4681\" class=\"wp-caption-text\"><em>Familie Paech nimmt Aufstellung. Foto: J. Scholz, 2014.<\/em><\/p><\/div>\n<p>&nbsp;<\/p>\n<div id=\"attachment_4682\" style=\"width: 810px\" class=\"wp-caption alignnone\"><a href=\"http:\/\/paulinenaue.info\/wp-content\/uploads\/2014\/04\/DSC07990.jpg\"><img decoding=\"async\" aria-describedby=\"caption-attachment-4682\" data-attachment-id=\"4682\" data-permalink=\"https:\/\/paulinenaue.info\/index.php\/ostern-in-paulinenaue-2014\/paulinenaue-eiertrudeln-ostern-2014-3\/\" data-orig-file=\"https:\/\/paulinenaue.info\/wp-content\/uploads\/2014\/04\/DSC07990.jpg\" data-orig-size=\"1000,750\" data-comments-opened=\"1\" data-image-meta=\"{&quot;aperture&quot;:&quot;4&quot;,&quot;credit&quot;:&quot;&quot;,&quot;camera&quot;:&quot;DSC-HX1&quot;,&quot;caption&quot;:&quot;&quot;,&quot;created_timestamp&quot;:&quot;1398003530&quot;,&quot;copyright&quot;:&quot;&quot;,&quot;focal_length&quot;:&quot;5.6&quot;,&quot;iso&quot;:&quot;125&quot;,&quot;shutter_speed&quot;:&quot;0.005&quot;,&quot;title&quot;:&quot;Paulinenaue, Eiertrudeln Ostern 2014&quot;,&quot;orientation&quot;:&quot;1&quot;}\" data-image-title=\"Paulinenaue, Eiertrudeln Ostern 2014\" data-image-description=\"\" data-image-caption=\"\" data-large-file=\"https:\/\/paulinenaue.info\/wp-content\/uploads\/2014\/04\/DSC07990.jpg\" class=\"lazyload wp-image-4682\" src=\"http:\/\/paulinenaue.info\/wp-content\/uploads\/2014\/04\/DSC07990.jpg\" data-orig-src=\"http:\/\/paulinenaue.info\/wp-content\/uploads\/2014\/04\/DSC07990.jpg\" alt=\"\" width=\"800\" height=\"600\" srcset=\"data:image\/svg+xml,%3Csvg%20xmlns%3D%27http%3A%2F%2Fwww.w3.org%2F2000%2Fsvg%27%20width%3D%27800%27%20height%3D%27600%27%20viewBox%3D%270%200%20800%20600%27%3E%3Crect%20width%3D%27800%27%20height%3D%27600%27%20fill-opacity%3D%220%22%2F%3E%3C%2Fsvg%3E\" data-srcset=\"https:\/\/paulinenaue.info\/wp-content\/uploads\/2014\/04\/DSC07990-300x225.jpg 300w, https:\/\/paulinenaue.info\/wp-content\/uploads\/2014\/04\/DSC07990-768x576.jpg 768w, https:\/\/paulinenaue.info\/wp-content\/uploads\/2014\/04\/DSC07990-958x719.jpg 958w, https:\/\/paulinenaue.info\/wp-content\/uploads\/2014\/04\/DSC07990.jpg 1000w\" data-sizes=\"auto\" data-orig-sizes=\"(max-width: 800px) 100vw, 800px\" \/><\/a><p id=\"caption-attachment-4682\" class=\"wp-caption-text\"><em>Manches Mal stand man schon allein auf den Eierbergen, in diesem Jahr aber war das nicht der Fall. \u00dcber drei\u00dfig Personen posieren im Fr\u00fchlingssonnenschein. Foto: J. Scholz, 2014.<\/em><\/p><\/div>\n<p>&nbsp;<\/p>\n<div id=\"attachment_4683\" style=\"width: 810px\" class=\"wp-caption alignnone\"><a href=\"http:\/\/paulinenaue.info\/wp-content\/uploads\/2014\/04\/DSC07995.jpg\"><img decoding=\"async\" aria-describedby=\"caption-attachment-4683\" data-attachment-id=\"4683\" data-permalink=\"https:\/\/paulinenaue.info\/index.php\/ostern-in-paulinenaue-2014\/paulinenaue-eiertrudeln-ostern-2014-4\/\" data-orig-file=\"https:\/\/paulinenaue.info\/wp-content\/uploads\/2014\/04\/DSC07995.jpg\" data-orig-size=\"1000,750\" data-comments-opened=\"1\" data-image-meta=\"{&quot;aperture&quot;:&quot;3.2&quot;,&quot;credit&quot;:&quot;&quot;,&quot;camera&quot;:&quot;DSC-HX1&quot;,&quot;caption&quot;:&quot;&quot;,&quot;created_timestamp&quot;:&quot;1398003939&quot;,&quot;copyright&quot;:&quot;&quot;,&quot;focal_length&quot;:&quot;7.6&quot;,&quot;iso&quot;:&quot;125&quot;,&quot;shutter_speed&quot;:&quot;0.0125&quot;,&quot;title&quot;:&quot;Paulinenaue, Eiertrudeln Ostern 2014&quot;,&quot;orientation&quot;:&quot;1&quot;}\" data-image-title=\"Paulinenaue, Eiertrudeln Ostern 2014\" data-image-description=\"\" data-image-caption=\"\" data-large-file=\"https:\/\/paulinenaue.info\/wp-content\/uploads\/2014\/04\/DSC07995.jpg\" class=\"lazyload wp-image-4683\" src=\"http:\/\/paulinenaue.info\/wp-content\/uploads\/2014\/04\/DSC07995.jpg\" data-orig-src=\"http:\/\/paulinenaue.info\/wp-content\/uploads\/2014\/04\/DSC07995.jpg\" alt=\"\" width=\"800\" height=\"600\" srcset=\"data:image\/svg+xml,%3Csvg%20xmlns%3D%27http%3A%2F%2Fwww.w3.org%2F2000%2Fsvg%27%20width%3D%27800%27%20height%3D%27600%27%20viewBox%3D%270%200%20800%20600%27%3E%3Crect%20width%3D%27800%27%20height%3D%27600%27%20fill-opacity%3D%220%22%2F%3E%3C%2Fsvg%3E\" data-srcset=\"https:\/\/paulinenaue.info\/wp-content\/uploads\/2014\/04\/DSC07995-300x225.jpg 300w, https:\/\/paulinenaue.info\/wp-content\/uploads\/2014\/04\/DSC07995-768x576.jpg 768w, https:\/\/paulinenaue.info\/wp-content\/uploads\/2014\/04\/DSC07995-958x719.jpg 958w, https:\/\/paulinenaue.info\/wp-content\/uploads\/2014\/04\/DSC07995.jpg 1000w\" data-sizes=\"auto\" data-orig-sizes=\"(max-width: 800px) 100vw, 800px\" \/><\/a><p id=\"caption-attachment-4683\" class=\"wp-caption-text\"><em>F\u00fcrs Gruppenbild leider etwas sp\u00e4t, aber daf\u00fcr exklusiv: Die Kunkels kommen. Foto: F. Timm, 2014.<\/em><\/p><\/div>\n","protected":false},"excerpt":{"rendered":"<p>22.04.2014. Der Kontrast zum letzten Jahr, als die Gipfel der [&hellip;]<\/p>\n","protected":false},"author":1,"featured_media":315,"comment_status":"open","ping_status":"open","sticky":false,"template":"","format":"standard","meta":{"_acf_changed":false,"_price":"","_stock":"","_tribe_ticket_header":"","_tribe_default_ticket_provider":"","_tribe_ticket_capacity":"0","_ticket_start_date":"","_ticket_end_date":"","_tribe_ticket_show_description":"","_tribe_ticket_show_not_going":false,"_tribe_ticket_use_global_stock":"","_tribe_ticket_global_stock_level":"","_global_stock_mode":"","_global_stock_cap":"","_tribe_rsvp_for_event":"","_tribe_ticket_going_count":"","_tribe_ticket_not_going_count":"","_tribe_tickets_list":"[]","_tribe_ticket_has_attendee_info_fields":false,"jetpack_post_was_ever_published":false,"_jetpack_newsletter_access":"","_jetpack_dont_email_post_to_subs":false,"_jetpack_newsletter_tier_id":0,"_jetpack_memberships_contains_paywalled_content":false,"_jetpack_memberships_contains_paid_content":false,"footnotes":"","jetpack_publicize_message":"","jetpack_publicize_feature_enabled":true,"jetpack_social_post_already_shared":false,"jetpack_social_options":{"image_generator_settings":{"template":"highway","default_image_id":0,"font":"","enabled":false},"version":2}},"categories":[1,6,216,9,93],"tags":[289,286,15],"class_list":["post-93","post","type-post","status-publish","format-standard","has-post-thumbnail","hentry","category-allgemein","category-hier-zuhause","category-natur","category-neuigkeiten","category-veranstaltungen","tag-eierberge","tag-eiertrudeln","tag-ostern"],"acf":[],"yoast_head":"<!-- This site is optimized with the Yoast SEO plugin v27.5 - https:\/\/yoast.com\/product\/yoast-seo-wordpress\/ -->\n<title>Ostern in Paulinenaue 2014 - Paulinenaue<\/title>\n<meta name=\"robots\" content=\"index, follow, max-snippet:-1, max-image-preview:large, max-video-preview:-1\" \/>\n<link rel=\"canonical\" href=\"https:\/\/paulinenaue.info\/index.php\/ostern-in-paulinenaue-2014\/\" \/>\n<meta property=\"og:locale\" content=\"de_DE\" \/>\n<meta property=\"og:type\" content=\"article\" \/>\n<meta property=\"og:title\" content=\"Ostern in Paulinenaue 2014 - Paulinenaue\" \/>\n<meta property=\"og:description\" content=\"22.04.2014. Der Kontrast zum letzten Jahr, als die Gipfel der [&hellip;]\" \/>\n<meta property=\"og:url\" content=\"https:\/\/paulinenaue.info\/index.php\/ostern-in-paulinenaue-2014\/\" \/>\n<meta property=\"og:site_name\" content=\"Paulinenaue\" \/>\n<meta property=\"article:published_time\" content=\"2014-04-22T10:16:32+00:00\" \/>\n<meta property=\"article:modified_time\" content=\"2024-04-01T10:55:50+00:00\" \/>\n<meta property=\"og:image\" content=\"https:\/\/paulinenaue.info\/wp-content\/uploads\/2016\/03\/20140421_ostern_06.jpg\" \/>\n\t<meta property=\"og:image:width\" content=\"500\" \/>\n\t<meta property=\"og:image:height\" content=\"375\" \/>\n\t<meta property=\"og:image:type\" content=\"image\/jpeg\" \/>\n<meta name=\"author\" content=\"Joachim Scholz\" \/>\n<meta name=\"twitter:card\" content=\"summary_large_image\" \/>\n<meta name=\"twitter:label1\" content=\"Verfasst von\" \/>\n\t<meta name=\"twitter:data1\" content=\"Joachim Scholz\" \/>\n\t<meta name=\"twitter:label2\" content=\"Gesch\u00e4tzte Lesezeit\" \/>\n\t<meta name=\"twitter:data2\" content=\"4\u00a0Minuten\" \/>\n<script type=\"application\/ld+json\" class=\"yoast-schema-graph\">{\"@context\":\"https:\\\/\\\/schema.org\",\"@graph\":[{\"@type\":\"Article\",\"@id\":\"https:\\\/\\\/paulinenaue.info\\\/index.php\\\/ostern-in-paulinenaue-2014\\\/#article\",\"isPartOf\":{\"@id\":\"https:\\\/\\\/paulinenaue.info\\\/index.php\\\/ostern-in-paulinenaue-2014\\\/\"},\"author\":{\"name\":\"Joachim Scholz\",\"@id\":\"https:\\\/\\\/paulinenaue.info\\\/#\\\/schema\\\/person\\\/3f9e818fd7b69b0d2bd937ac506897cc\"},\"headline\":\"Ostern in Paulinenaue 2014\",\"datePublished\":\"2014-04-22T10:16:32+00:00\",\"dateModified\":\"2024-04-01T10:55:50+00:00\",\"mainEntityOfPage\":{\"@id\":\"https:\\\/\\\/paulinenaue.info\\\/index.php\\\/ostern-in-paulinenaue-2014\\\/\"},\"wordCount\":332,\"commentCount\":0,\"image\":{\"@id\":\"https:\\\/\\\/paulinenaue.info\\\/index.php\\\/ostern-in-paulinenaue-2014\\\/#primaryimage\"},\"thumbnailUrl\":\"https:\\\/\\\/paulinenaue.info\\\/wp-content\\\/uploads\\\/2016\\\/03\\\/20140421_ostern_06.jpg\",\"keywords\":[\"Eierberge\",\"Eiertrudeln\",\"Ostern\"],\"articleSection\":{\"1\":\"Hier Zuhause\",\"2\":\"Natur\",\"3\":\"Neuigkeiten\",\"4\":\"Veranstaltungen\"},\"inLanguage\":\"de\",\"potentialAction\":[{\"@type\":\"CommentAction\",\"name\":\"Comment\",\"target\":[\"https:\\\/\\\/paulinenaue.info\\\/index.php\\\/ostern-in-paulinenaue-2014\\\/#respond\"]}]},{\"@type\":\"WebPage\",\"@id\":\"https:\\\/\\\/paulinenaue.info\\\/index.php\\\/ostern-in-paulinenaue-2014\\\/\",\"url\":\"https:\\\/\\\/paulinenaue.info\\\/index.php\\\/ostern-in-paulinenaue-2014\\\/\",\"name\":\"Ostern in Paulinenaue 2014 - Paulinenaue\",\"isPartOf\":{\"@id\":\"https:\\\/\\\/paulinenaue.info\\\/#website\"},\"primaryImageOfPage\":{\"@id\":\"https:\\\/\\\/paulinenaue.info\\\/index.php\\\/ostern-in-paulinenaue-2014\\\/#primaryimage\"},\"image\":{\"@id\":\"https:\\\/\\\/paulinenaue.info\\\/index.php\\\/ostern-in-paulinenaue-2014\\\/#primaryimage\"},\"thumbnailUrl\":\"https:\\\/\\\/paulinenaue.info\\\/wp-content\\\/uploads\\\/2016\\\/03\\\/20140421_ostern_06.jpg\",\"datePublished\":\"2014-04-22T10:16:32+00:00\",\"dateModified\":\"2024-04-01T10:55:50+00:00\",\"author\":{\"@id\":\"https:\\\/\\\/paulinenaue.info\\\/#\\\/schema\\\/person\\\/3f9e818fd7b69b0d2bd937ac506897cc\"},\"breadcrumb\":{\"@id\":\"https:\\\/\\\/paulinenaue.info\\\/index.php\\\/ostern-in-paulinenaue-2014\\\/#breadcrumb\"},\"inLanguage\":\"de\",\"potentialAction\":[{\"@type\":\"ReadAction\",\"target\":[\"https:\\\/\\\/paulinenaue.info\\\/index.php\\\/ostern-in-paulinenaue-2014\\\/\"]}]},{\"@type\":\"ImageObject\",\"inLanguage\":\"de\",\"@id\":\"https:\\\/\\\/paulinenaue.info\\\/index.php\\\/ostern-in-paulinenaue-2014\\\/#primaryimage\",\"url\":\"https:\\\/\\\/paulinenaue.info\\\/wp-content\\\/uploads\\\/2016\\\/03\\\/20140421_ostern_06.jpg\",\"contentUrl\":\"https:\\\/\\\/paulinenaue.info\\\/wp-content\\\/uploads\\\/2016\\\/03\\\/20140421_ostern_06.jpg\",\"width\":500,\"height\":375},{\"@type\":\"BreadcrumbList\",\"@id\":\"https:\\\/\\\/paulinenaue.info\\\/index.php\\\/ostern-in-paulinenaue-2014\\\/#breadcrumb\",\"itemListElement\":[{\"@type\":\"ListItem\",\"position\":1,\"name\":\"Home\",\"item\":\"https:\\\/\\\/paulinenaue.info\\\/\"},{\"@type\":\"ListItem\",\"position\":2,\"name\":\"Ostern in Paulinenaue 2014\"}]},{\"@type\":\"WebSite\",\"@id\":\"https:\\\/\\\/paulinenaue.info\\\/#website\",\"url\":\"https:\\\/\\\/paulinenaue.info\\\/\",\"name\":\"Paulinenaue\",\"description\":\"Ein Dorf im Havelland\",\"potentialAction\":[{\"@type\":\"SearchAction\",\"target\":{\"@type\":\"EntryPoint\",\"urlTemplate\":\"https:\\\/\\\/paulinenaue.info\\\/?s={search_term_string}\"},\"query-input\":{\"@type\":\"PropertyValueSpecification\",\"valueRequired\":true,\"valueName\":\"search_term_string\"}}],\"inLanguage\":\"de\"},{\"@type\":\"Person\",\"@id\":\"https:\\\/\\\/paulinenaue.info\\\/#\\\/schema\\\/person\\\/3f9e818fd7b69b0d2bd937ac506897cc\",\"name\":\"Joachim Scholz\",\"url\":\"https:\\\/\\\/paulinenaue.info\\\/index.php\\\/author\\\/jjscholz\\\/\"}]}<\/script>\n<!-- \/ Yoast SEO plugin. -->","yoast_head_json":{"title":"Ostern in Paulinenaue 2014 - Paulinenaue","robots":{"index":"index","follow":"follow","max-snippet":"max-snippet:-1","max-image-preview":"max-image-preview:large","max-video-preview":"max-video-preview:-1"},"canonical":"https:\/\/paulinenaue.info\/index.php\/ostern-in-paulinenaue-2014\/","og_locale":"de_DE","og_type":"article","og_title":"Ostern in Paulinenaue 2014 - Paulinenaue","og_description":"22.04.2014. Der Kontrast zum letzten Jahr, als die Gipfel der [&hellip;]","og_url":"https:\/\/paulinenaue.info\/index.php\/ostern-in-paulinenaue-2014\/","og_site_name":"Paulinenaue","article_published_time":"2014-04-22T10:16:32+00:00","article_modified_time":"2024-04-01T10:55:50+00:00","og_image":[{"width":500,"height":375,"url":"https:\/\/paulinenaue.info\/wp-content\/uploads\/2016\/03\/20140421_ostern_06.jpg","type":"image\/jpeg"}],"author":"Joachim Scholz","twitter_card":"summary_large_image","twitter_misc":{"Verfasst von":"Joachim Scholz","Gesch\u00e4tzte Lesezeit":"4\u00a0Minuten"},"schema":{"@context":"https:\/\/schema.org","@graph":[{"@type":"Article","@id":"https:\/\/paulinenaue.info\/index.php\/ostern-in-paulinenaue-2014\/#article","isPartOf":{"@id":"https:\/\/paulinenaue.info\/index.php\/ostern-in-paulinenaue-2014\/"},"author":{"name":"Joachim Scholz","@id":"https:\/\/paulinenaue.info\/#\/schema\/person\/3f9e818fd7b69b0d2bd937ac506897cc"},"headline":"Ostern in Paulinenaue 2014","datePublished":"2014-04-22T10:16:32+00:00","dateModified":"2024-04-01T10:55:50+00:00","mainEntityOfPage":{"@id":"https:\/\/paulinenaue.info\/index.php\/ostern-in-paulinenaue-2014\/"},"wordCount":332,"commentCount":0,"image":{"@id":"https:\/\/paulinenaue.info\/index.php\/ostern-in-paulinenaue-2014\/#primaryimage"},"thumbnailUrl":"https:\/\/paulinenaue.info\/wp-content\/uploads\/2016\/03\/20140421_ostern_06.jpg","keywords":["Eierberge","Eiertrudeln","Ostern"],"articleSection":{"1":"Hier Zuhause","2":"Natur","3":"Neuigkeiten","4":"Veranstaltungen"},"inLanguage":"de","potentialAction":[{"@type":"CommentAction","name":"Comment","target":["https:\/\/paulinenaue.info\/index.php\/ostern-in-paulinenaue-2014\/#respond"]}]},{"@type":"WebPage","@id":"https:\/\/paulinenaue.info\/index.php\/ostern-in-paulinenaue-2014\/","url":"https:\/\/paulinenaue.info\/index.php\/ostern-in-paulinenaue-2014\/","name":"Ostern in Paulinenaue 2014 - Paulinenaue","isPartOf":{"@id":"https:\/\/paulinenaue.info\/#website"},"primaryImageOfPage":{"@id":"https:\/\/paulinenaue.info\/index.php\/ostern-in-paulinenaue-2014\/#primaryimage"},"image":{"@id":"https:\/\/paulinenaue.info\/index.php\/ostern-in-paulinenaue-2014\/#primaryimage"},"thumbnailUrl":"https:\/\/paulinenaue.info\/wp-content\/uploads\/2016\/03\/20140421_ostern_06.jpg","datePublished":"2014-04-22T10:16:32+00:00","dateModified":"2024-04-01T10:55:50+00:00","author":{"@id":"https:\/\/paulinenaue.info\/#\/schema\/person\/3f9e818fd7b69b0d2bd937ac506897cc"},"breadcrumb":{"@id":"https:\/\/paulinenaue.info\/index.php\/ostern-in-paulinenaue-2014\/#breadcrumb"},"inLanguage":"de","potentialAction":[{"@type":"ReadAction","target":["https:\/\/paulinenaue.info\/index.php\/ostern-in-paulinenaue-2014\/"]}]},{"@type":"ImageObject","inLanguage":"de","@id":"https:\/\/paulinenaue.info\/index.php\/ostern-in-paulinenaue-2014\/#primaryimage","url":"https:\/\/paulinenaue.info\/wp-content\/uploads\/2016\/03\/20140421_ostern_06.jpg","contentUrl":"https:\/\/paulinenaue.info\/wp-content\/uploads\/2016\/03\/20140421_ostern_06.jpg","width":500,"height":375},{"@type":"BreadcrumbList","@id":"https:\/\/paulinenaue.info\/index.php\/ostern-in-paulinenaue-2014\/#breadcrumb","itemListElement":[{"@type":"ListItem","position":1,"name":"Home","item":"https:\/\/paulinenaue.info\/"},{"@type":"ListItem","position":2,"name":"Ostern in Paulinenaue 2014"}]},{"@type":"WebSite","@id":"https:\/\/paulinenaue.info\/#website","url":"https:\/\/paulinenaue.info\/","name":"Paulinenaue","description":"Ein Dorf im Havelland","potentialAction":[{"@type":"SearchAction","target":{"@type":"EntryPoint","urlTemplate":"https:\/\/paulinenaue.info\/?s={search_term_string}"},"query-input":{"@type":"PropertyValueSpecification","valueRequired":true,"valueName":"search_term_string"}}],"inLanguage":"de"},{"@type":"Person","@id":"https:\/\/paulinenaue.info\/#\/schema\/person\/3f9e818fd7b69b0d2bd937ac506897cc","name":"Joachim Scholz","url":"https:\/\/paulinenaue.info\/index.php\/author\/jjscholz\/"}]}},"jetpack_publicize_connections":[],"jetpack_featured_media_url":"https:\/\/paulinenaue.info\/wp-content\/uploads\/2016\/03\/20140421_ostern_06.jpg","jetpack_sharing_enabled":true,"jetpack_shortlink":"https:\/\/wp.me\/pcYhWA-1v","jetpack-related-posts":[{"id":415144,"url":"https:\/\/paulinenaue.info\/index.php\/eiertrudeln-wie-vor-90-jahren-ostern-auf-dem-dorf\/","url_meta":{"origin":93,"position":0},"title":"Eiertrudeln wie vor 90 Jahren \u2013\u00a0Ostern auf dem Dorf","author":"Joachim Scholz","date":"10. April 2023","format":false,"excerpt":"Es ist wieder Ostern, der Winter ist definitiv vorbei und es erwacht \u00f6sterliches Paulinenauer Brauchtum. Der Osterstrau\u00df des Jahres wurde bereits gek\u00fcrt, nun standen abseits der religi\u00f6sen Feierlichkeiten noch Osterfeuer und Eiertrudeln auf dem Plan. Nicht nur die Menschen wissen, was sich zu dieser Zeit geh\u00f6rt. So war alles wie\u2026","rel":"","context":"In &quot;Allgemein&quot;","block_context":{"text":"Allgemein","link":"https:\/\/paulinenaue.info\/index.php\/category\/allgemein\/"},"img":{"alt_text":"","src":"https:\/\/i0.wp.com\/paulinenaue.info\/wp-content\/uploads\/2023\/04\/2023-04-08-Osterfeuer-01-1.jpeg?resize=350%2C200&ssl=1","width":350,"height":200,"srcset":"https:\/\/i0.wp.com\/paulinenaue.info\/wp-content\/uploads\/2023\/04\/2023-04-08-Osterfeuer-01-1.jpeg?resize=350%2C200&ssl=1 1x, https:\/\/i0.wp.com\/paulinenaue.info\/wp-content\/uploads\/2023\/04\/2023-04-08-Osterfeuer-01-1.jpeg?resize=525%2C300&ssl=1 1.5x, https:\/\/i0.wp.com\/paulinenaue.info\/wp-content\/uploads\/2023\/04\/2023-04-08-Osterfeuer-01-1.jpeg?resize=700%2C400&ssl=1 2x"},"classes":[]},{"id":120,"url":"https:\/\/paulinenaue.info\/index.php\/eiertrudeln-im-schnee-frohe-ostern-wuenscht-die-kita-paulinchen\/","url_meta":{"origin":93,"position":1},"title":"Eiertrudeln im Schnee \u2013 Frohe Ostern w\u00fcnscht die Kita \u201ePaulinchen\u201c","author":"Joachim Scholz","date":"22. M\u00e4rz 2016","format":false,"excerpt":"Joachim Scholz 26.03.2013. Mit diesen Bildern sendet und die Paulinenauer Kita \u201ePaulinchen\u201c einen lieben Ostergru\u00df. Am vergangenen Dienstag veranstalteten die kleinen Paulinenauerinnen und Paulinenauer ihr Osterfest unter den seltsamen Bedingungen richtigen Winterwetters, das uns zu Weihnachten verwehrt geblieben war. F\u00fcr die Kleinen, die erst in die Ordnung dieser Welt hineinwachsen,\u2026","rel":"","context":"In &quot;Kita&quot;","block_context":{"text":"Kita","link":"https:\/\/paulinenaue.info\/index.php\/category\/kita\/"},"img":{"alt_text":"","src":"","width":0,"height":0},"classes":[]},{"id":416143,"url":"https:\/\/paulinenaue.info\/index.php\/ostern-2024-in-paulinenaue\/","url_meta":{"origin":93,"position":2},"title":"Das war Ostern 2024","author":"Joachim Scholz","date":"1. April 2024","format":false,"excerpt":"Der Storch, der sich in diesem Jahr am 26. M\u00e4rz in Paulinenaue einstellte, hatte den Fr\u00fchling bereits angek\u00fcndigt. Nun kam das Osterfest. Neben seiner religi\u00f6sen Bedeutung ist es immer auch Auftakt zum Fr\u00fchlingserleben, besonders, wenn wie diesmal das Wetter ordentlich dazu beitrug. Mit etwas Mut zum Kitsch k\u00f6nnte man direkt\u2026","rel":"","context":"In &quot;Allgemein&quot;","block_context":{"text":"Allgemein","link":"https:\/\/paulinenaue.info\/index.php\/category\/allgemein\/"},"img":{"alt_text":"","src":"https:\/\/i0.wp.com\/paulinenaue.info\/wp-content\/uploads\/2024\/04\/2024-03-31-Eiertrudeln-01.jpeg?resize=350%2C200&ssl=1","width":350,"height":200,"srcset":"https:\/\/i0.wp.com\/paulinenaue.info\/wp-content\/uploads\/2024\/04\/2024-03-31-Eiertrudeln-01.jpeg?resize=350%2C200&ssl=1 1x, https:\/\/i0.wp.com\/paulinenaue.info\/wp-content\/uploads\/2024\/04\/2024-03-31-Eiertrudeln-01.jpeg?resize=525%2C300&ssl=1 1.5x, https:\/\/i0.wp.com\/paulinenaue.info\/wp-content\/uploads\/2024\/04\/2024-03-31-Eiertrudeln-01.jpeg?resize=700%2C400&ssl=1 2x"},"classes":[]},{"id":417805,"url":"https:\/\/paulinenaue.info\/index.php\/auf-dem-gipfel-besucherrekord-beim-eiertrudeln-2025\/","url_meta":{"origin":93,"position":3},"title":"Auf dem Gipfel:\u00a0Besucherrekord beim Eiertrudeln 2025","author":"Joachim Scholz","date":"21. April 2025","format":false,"excerpt":"","rel":"","context":"In &quot;Ehrenamt&quot;","block_context":{"text":"Ehrenamt","link":"https:\/\/paulinenaue.info\/index.php\/category\/ehrenamt\/"},"img":{"alt_text":"","src":"https:\/\/i0.wp.com\/paulinenaue.info\/wp-content\/uploads\/2025\/04\/2025-04-20-Eiertrudeln-01.jpeg?resize=350%2C200&ssl=1","width":350,"height":200,"srcset":"https:\/\/i0.wp.com\/paulinenaue.info\/wp-content\/uploads\/2025\/04\/2025-04-20-Eiertrudeln-01.jpeg?resize=350%2C200&ssl=1 1x, https:\/\/i0.wp.com\/paulinenaue.info\/wp-content\/uploads\/2025\/04\/2025-04-20-Eiertrudeln-01.jpeg?resize=525%2C300&ssl=1 1.5x, https:\/\/i0.wp.com\/paulinenaue.info\/wp-content\/uploads\/2025\/04\/2025-04-20-Eiertrudeln-01.jpeg?resize=700%2C400&ssl=1 2x"},"classes":[]},{"id":419341,"url":"https:\/\/paulinenaue.info\/index.php\/traditionelles-eiertrudeln-auch-bei-durchwachsenem-wetter-ein-voller-erfolg\/","url_meta":{"origin":93,"position":4},"title":"Traditionelles Eiertrudeln \u2013 auch bei durchwachsenem Wetter ein voller Erfolg","author":"Pauline Hirschberg","date":"8. April 2026","format":false,"excerpt":"Auch in diesem Jahr fand am Ostersonntag wieder unser traditionelles Eiertrudeln an den Paulinenauer Eierbergen statt. Trotz etwas widriger Wetterbedingungen lie\u00dfen sich die Besucherinnen und Besucher nicht davon abhalten, den Weg dorthin zu finden \u2013 und so wurde auch diesmal wieder flei\u00dfig getrudelt. Gro\u00df und Klein hatten sichtlich Freude daran,\u2026","rel":"","context":"In &quot;Allgemein&quot;","block_context":{"text":"Allgemein","link":"https:\/\/paulinenaue.info\/index.php\/category\/allgemein\/"},"img":{"alt_text":"","src":"https:\/\/i0.wp.com\/paulinenaue.info\/wp-content\/uploads\/2026\/04\/20260405_144639-scaled.jpg?resize=350%2C200&ssl=1","width":350,"height":200,"srcset":"https:\/\/i0.wp.com\/paulinenaue.info\/wp-content\/uploads\/2026\/04\/20260405_144639-scaled.jpg?resize=350%2C200&ssl=1 1x, https:\/\/i0.wp.com\/paulinenaue.info\/wp-content\/uploads\/2026\/04\/20260405_144639-scaled.jpg?resize=525%2C300&ssl=1 1.5x, https:\/\/i0.wp.com\/paulinenaue.info\/wp-content\/uploads\/2026\/04\/20260405_144639-scaled.jpg?resize=700%2C400&ssl=1 2x, https:\/\/i0.wp.com\/paulinenaue.info\/wp-content\/uploads\/2026\/04\/20260405_144639-scaled.jpg?resize=1050%2C600&ssl=1 3x, https:\/\/i0.wp.com\/paulinenaue.info\/wp-content\/uploads\/2026\/04\/20260405_144639-scaled.jpg?resize=1400%2C800&ssl=1 4x"},"classes":[]},{"id":4659,"url":"https:\/\/paulinenaue.info\/index.php\/ostereiertrudeln-im-sonnenschein-2019\/","url_meta":{"origin":93,"position":5},"title":"Ostereiertrudeln im Sonnenschein 2019","author":"Joachim Scholz","date":"21. April 2019","format":false,"excerpt":"\u201eVom Eise befreit\u201c \u2013 Es w\u00e4re untertrieben, das \u00fcber die Gipfel der Eierberge in diesem Jahr zu sagen. Wahrscheinlich lag im ganzen Winter 2018\/19 kein Millimeter Schnee hier oben. Aber einen Osterspaziergang hat es dann doch gegeben. Als sich am Nachmittag des Ostersonntag 30 bis 40 Paulinenauer\/innen und G\u00e4ste flanierend\u2026","rel":"","context":"In &quot;Allgemein&quot;","block_context":{"text":"Allgemein","link":"https:\/\/paulinenaue.info\/index.php\/category\/allgemein\/"},"img":{"alt_text":"","src":"https:\/\/i0.wp.com\/paulinenaue.info\/wp-content\/uploads\/2019\/04\/DSC00818.jpg?resize=350%2C200&ssl=1","width":350,"height":200,"srcset":"https:\/\/i0.wp.com\/paulinenaue.info\/wp-content\/uploads\/2019\/04\/DSC00818.jpg?resize=350%2C200&ssl=1 1x, https:\/\/i0.wp.com\/paulinenaue.info\/wp-content\/uploads\/2019\/04\/DSC00818.jpg?resize=525%2C300&ssl=1 1.5x, https:\/\/i0.wp.com\/paulinenaue.info\/wp-content\/uploads\/2019\/04\/DSC00818.jpg?resize=700%2C400&ssl=1 2x"},"classes":[]}],"_links":{"self":[{"href":"https:\/\/paulinenaue.info\/index.php\/wp-json\/wp\/v2\/posts\/93","targetHints":{"allow":["GET"]}}],"collection":[{"href":"https:\/\/paulinenaue.info\/index.php\/wp-json\/wp\/v2\/posts"}],"about":[{"href":"https:\/\/paulinenaue.info\/index.php\/wp-json\/wp\/v2\/types\/post"}],"author":[{"embeddable":true,"href":"https:\/\/paulinenaue.info\/index.php\/wp-json\/wp\/v2\/users\/1"}],"replies":[{"embeddable":true,"href":"https:\/\/paulinenaue.info\/index.php\/wp-json\/wp\/v2\/comments?post=93"}],"version-history":[{"count":8,"href":"https:\/\/paulinenaue.info\/index.php\/wp-json\/wp\/v2\/posts\/93\/revisions"}],"predecessor-version":[{"id":416171,"href":"https:\/\/paulinenaue.info\/index.php\/wp-json\/wp\/v2\/posts\/93\/revisions\/416171"}],"wp:featuredmedia":[{"embeddable":true,"href":"https:\/\/paulinenaue.info\/index.php\/wp-json\/wp\/v2\/media\/315"}],"wp:attachment":[{"href":"https:\/\/paulinenaue.info\/index.php\/wp-json\/wp\/v2\/media?parent=93"}],"wp:term":[{"taxonomy":"category","embeddable":true,"href":"https:\/\/paulinenaue.info\/index.php\/wp-json\/wp\/v2\/categories?post=93"},{"taxonomy":"post_tag","embeddable":true,"href":"https:\/\/paulinenaue.info\/index.php\/wp-json\/wp\/v2\/tags?post=93"}],"curies":[{"name":"wp","href":"https:\/\/api.w.org\/{rel}","templated":true}]}}