{"id":940,"date":"2017-06-10T11:58:14","date_gmt":"2017-06-10T09:58:14","guid":{"rendered":"http:\/\/paulinenaue.info\/?p=940"},"modified":"2017-06-21T09:21:50","modified_gmt":"2017-06-21T07:21:50","slug":"80-jahre-gemeinde-paulinenaue-eine-serie-zur-ortsgeschichte-teil-1","status":"publish","type":"post","link":"https:\/\/paulinenaue.info\/index.php\/80-jahre-gemeinde-paulinenaue-eine-serie-zur-ortsgeschichte-teil-1\/","title":{"rendered":"80 Jahre Gemeinde Paulinenaue &#8211; Eine Serie zur Ortsgeschichte (Teil 1)"},"content":{"rendered":"<h6>11.06.2004<\/h6>\n<p>Am 8. Dezember 1924 wurde der Gutsbezirk Paulinenaue in eine eigene Dorfgemeinde umgewandelt. Zur 80. Wiederkehr dieses Ereignisses veranstaltete im Juni 2004 die Paulinenauer Kirchengemeinde einen Bildvortrag, der von Dr. Gabriele Metzner, Angelika Kellner, Dr. Peter Pollack und Joachim Scholz gestaltet wurde. In den n\u00e4chsten Monaten werden die Beitr\u00e4ge in einer Serie auf www.dorffotografie.de ver\u00f6ffentlicht.<\/p>\n<h3>Teil 1<\/h3>\n<h4>Bis zur Entw\u00e4sserung des Havell\u00e4ndischen Luches<\/h4>\n<p>Das Havell\u00e4ndische Luch, in dem Paulinenaue liegt, w\u00e4re trotz seiner nat\u00fcrlichen Reize kaum bewohnbar ohne das weit verzweigte Netz von Kan\u00e4len, das es entw\u00e4ssert. \u00dcber &#8222;die wilde Urgegend&#8220; vor ihrer Entw\u00e4sserung schriebt der Naturwissenschaftler Karl Friedrich von Kl\u00f6den: \u201eWeit und breit bedeckte ein Rasen aus zusammengefilzter Wurzeldecke von br\u00e4unlichgr\u00fcner Farbe die wasserreiche Ebene [&#8230;]. In jedem Fr\u00fchjahr quoll der Boden durch das hervordringende Grundwasser auf, die Rasendecke hob sich in die H\u00f6he, bildete eine schwimmende, elastische Fl\u00e4che, welche bei jedem Schritt unter den F\u00fc\u00dfen einsank, w\u00e4hrend sich ringsum ein flach trichterf\u00f6rmig ansteigender Abhang bildete. Andere Stellen, die sich nicht in die H\u00f6he heben konnten, sogenannte Lanken, wurden \u00fcberschwemmt, und so glich das Luch in jedem Fr\u00fchjahr einem weiten See, \u00fcber welchen jene Rasenstellen wie gr\u00fcne, schwimmende Inseln hervorragten, w\u00e4hrend an anderen Stellen Weiden, Erlen und Birkengeb\u00fcsch sich im Wasser spiegelten, oder da, wo sie auf einzelnen Sandh\u00fcgeln, den sogenannten Horsten, gewachsen waren, kleine Wald-Eilande darstellten.\u201c<\/p>\n<div id=\"attachment_942\" style=\"width: 310px\" class=\"wp-caption alignnone\"><a href=\"http:\/\/paulinenaue.info\/wp-content\/uploads\/2017\/06\/luch.jpg\"><img decoding=\"async\" aria-describedby=\"caption-attachment-942\" data-attachment-id=\"942\" data-permalink=\"https:\/\/paulinenaue.info\/index.php\/80-jahre-gemeinde-paulinenaue-eine-serie-zur-ortsgeschichte-teil-1\/luch\/\" data-orig-file=\"https:\/\/paulinenaue.info\/wp-content\/uploads\/2017\/06\/luch.jpg\" data-orig-size=\"350,218\" data-comments-opened=\"1\" data-image-meta=\"{&quot;aperture&quot;:&quot;0&quot;,&quot;credit&quot;:&quot;&quot;,&quot;camera&quot;:&quot;&quot;,&quot;caption&quot;:&quot;&quot;,&quot;created_timestamp&quot;:&quot;0&quot;,&quot;copyright&quot;:&quot;&quot;,&quot;focal_length&quot;:&quot;0&quot;,&quot;iso&quot;:&quot;0&quot;,&quot;shutter_speed&quot;:&quot;0&quot;,&quot;title&quot;:&quot;&quot;,&quot;orientation&quot;:&quot;0&quot;}\" data-image-title=\"luch\" data-image-description=\"\" data-image-caption=\"\" data-large-file=\"https:\/\/paulinenaue.info\/wp-content\/uploads\/2017\/06\/luch.jpg\" class=\"lazyload wp-image-942 size-medium\" src=\"http:\/\/paulinenaue.info\/wp-content\/uploads\/2017\/06\/luch-300x187.jpg\" data-orig-src=\"http:\/\/paulinenaue.info\/wp-content\/uploads\/2017\/06\/luch-300x187.jpg\" alt=\"Ein norddeutsches Luch vor der Entw\u00e4sserung\" width=\"300\" height=\"187\" srcset=\"data:image\/svg+xml,%3Csvg%20xmlns%3D%27http%3A%2F%2Fwww.w3.org%2F2000%2Fsvg%27%20width%3D%27300%27%20height%3D%27187%27%20viewBox%3D%270%200%20300%20187%27%3E%3Crect%20width%3D%27300%27%20height%3D%27187%27%20fill-opacity%3D%220%22%2F%3E%3C%2Fsvg%3E\" data-srcset=\"https:\/\/paulinenaue.info\/wp-content\/uploads\/2017\/06\/luch-200x125.jpg 200w, https:\/\/paulinenaue.info\/wp-content\/uploads\/2017\/06\/luch-300x187.jpg 300w, https:\/\/paulinenaue.info\/wp-content\/uploads\/2017\/06\/luch-330x206.jpg 330w, https:\/\/paulinenaue.info\/wp-content\/uploads\/2017\/06\/luch.jpg 350w\" data-sizes=\"auto\" data-orig-sizes=\"(max-width: 300px) 100vw, 300px\" \/><\/a><p id=\"caption-attachment-942\" class=\"wp-caption-text\">Ein norddeutsches Luch vor der Entw\u00e4sserung Foto: A. Scholz<\/p><\/div>\n<p>Dass das menschliche Leben und die landwirschaftliche Nutzung dieses Gebietes keine gro\u00dfe Bedeutung hatten, kann man sich vorstellen: \u201eDie umliegenden Ortschaften versuchten es, dem Luche dadurch einigen Nutzen abzugewinnen, da\u00df sie ihre K\u00fche darin weiden lie\u00dfen und das freilich schlechte und saure Gras, so gut es ging, m\u00e4hten. Beides war nur mit gro\u00dfer M\u00fchseligkeit zu erreichen. Das Vieh mu\u00dfte h\u00e4ufig durch die Lanken schwimmen, um Grasstellen zu finden, oder es sank in die weiche Decke tief ein, zertrat dieselbe, da\u00df bei jedem Fu\u00dftritt der braune Moderschlamm hervorquoll, ja da\u00df es sich oft nur mit gro\u00dfer M\u00fche wieder herausarbeitete. Oft blieb eine Kuh im Moraste stecken und ward nach uns\u00e4glicher M\u00fche kalt, kraftlos und krank wieder herausgebracht, oder wenn dies zu schwer hielt, an dem Orte, wo sie versunken war, geschlachtet und zerst\u00fcckt herausgetragen. [&#8230;] In fr\u00fcheren Zeiten hausten hier selbst Tiere, welche jetzt in der Mark nicht mehr vorkommen, wie Luchse, B\u00e4ren und W\u00f6lfe. Besonders aber waren es die Sumpfv\u00f6gel, Kraniche und St\u00f6rche, welche hochbeinig in diesem Paradiese der Fr\u00f6sche einherstolzierten, und mit ihnen bewohnte die Wasser ein unendliches Heer von Enten aller Art, nebst einer Unzahl anderer Wasserv\u00f6gel. Kibitze, Rohrs\u00e4nger, Birkh\u00e4hne, alles war da, und in den Fl\u00fcssen fanden sich Schildkr\u00f6ten, wie allerhand Schlangen in dem mitten im Luch gelegenen Zotzenwald.\u201c<\/p>\n<div id=\"attachment_943\" style=\"width: 299px\" class=\"wp-caption alignnone\"><a href=\"http:\/\/paulinenaue.info\/wp-content\/uploads\/2017\/06\/soldatenkoenig.jpg\"><img decoding=\"async\" aria-describedby=\"caption-attachment-943\" data-attachment-id=\"943\" data-permalink=\"https:\/\/paulinenaue.info\/index.php\/80-jahre-gemeinde-paulinenaue-eine-serie-zur-ortsgeschichte-teil-1\/soldatenkoenig\/\" data-orig-file=\"https:\/\/paulinenaue.info\/wp-content\/uploads\/2017\/06\/soldatenkoenig.jpg\" data-orig-size=\"337,350\" data-comments-opened=\"1\" data-image-meta=\"{&quot;aperture&quot;:&quot;0&quot;,&quot;credit&quot;:&quot;&quot;,&quot;camera&quot;:&quot;&quot;,&quot;caption&quot;:&quot;&quot;,&quot;created_timestamp&quot;:&quot;0&quot;,&quot;copyright&quot;:&quot;&quot;,&quot;focal_length&quot;:&quot;0&quot;,&quot;iso&quot;:&quot;0&quot;,&quot;shutter_speed&quot;:&quot;0&quot;,&quot;title&quot;:&quot;&quot;,&quot;orientation&quot;:&quot;0&quot;}\" data-image-title=\"soldatenkoenig\" data-image-description=\"\" data-image-caption=\"\" data-large-file=\"https:\/\/paulinenaue.info\/wp-content\/uploads\/2017\/06\/soldatenkoenig.jpg\" class=\"lazyload wp-image-943 size-medium\" src=\"http:\/\/paulinenaue.info\/wp-content\/uploads\/2017\/06\/soldatenkoenig-289x300.jpg\" data-orig-src=\"http:\/\/paulinenaue.info\/wp-content\/uploads\/2017\/06\/soldatenkoenig-289x300.jpg\" alt=\"Friedrich Wilhelm I, der &quot;Soldatenk\u00f6nig&quot; \" width=\"289\" height=\"300\" srcset=\"data:image\/svg+xml,%3Csvg%20xmlns%3D%27http%3A%2F%2Fwww.w3.org%2F2000%2Fsvg%27%20width%3D%27289%27%20height%3D%27300%27%20viewBox%3D%270%200%20289%20300%27%3E%3Crect%20width%3D%27289%27%20height%3D%27300%27%20fill-opacity%3D%220%22%2F%3E%3C%2Fsvg%3E\" data-srcset=\"https:\/\/paulinenaue.info\/wp-content\/uploads\/2017\/06\/soldatenkoenig-289x300.jpg 289w, https:\/\/paulinenaue.info\/wp-content\/uploads\/2017\/06\/soldatenkoenig.jpg 337w\" data-sizes=\"auto\" data-orig-sizes=\"(max-width: 289px) 100vw, 289px\" \/><\/a><p id=\"caption-attachment-943\" class=\"wp-caption-text\">Friedrich Wilhelm I, der &#8222;Soldatenk\u00f6nig&#8220;<\/p><\/div>\n<p>Es war K\u00f6nig Friedrich Wilhelm der I, der sogenannte Soldatenk\u00f6nig, der kurz nach seiner Amts\u00fcbernahme vor fast 300 Jahren die Entw\u00e4sserung und Kolonisierung des Luches einleitete, um die rasch wachsende Stadt Berlin besser mit landwirtschaftlichen G\u00fctern versorgen zu k\u00f6nnen. Unser Kanal, an dessen Ausbau unter anderem 1000 seiner Soldaten zwei Jahre lang besch\u00e4ftigt waren, ist die Hauptsache dieses Projektes gewesen.<\/p>\n<div id=\"attachment_944\" style=\"width: 310px\" class=\"wp-caption alignnone\"><a href=\"http:\/\/paulinenaue.info\/wp-content\/uploads\/2017\/06\/butterakademie_nordhof_01.jpg\"><img decoding=\"async\" aria-describedby=\"caption-attachment-944\" data-attachment-id=\"944\" data-permalink=\"https:\/\/paulinenaue.info\/index.php\/80-jahre-gemeinde-paulinenaue-eine-serie-zur-ortsgeschichte-teil-1\/butterakademie_nordhof_01\/\" data-orig-file=\"https:\/\/paulinenaue.info\/wp-content\/uploads\/2017\/06\/butterakademie_nordhof_01.jpg\" data-orig-size=\"350,215\" data-comments-opened=\"1\" data-image-meta=\"{&quot;aperture&quot;:&quot;4&quot;,&quot;credit&quot;:&quot;&quot;,&quot;camera&quot;:&quot;DSC-P72&quot;,&quot;caption&quot;:&quot;&quot;,&quot;created_timestamp&quot;:&quot;1084535997&quot;,&quot;copyright&quot;:&quot;&quot;,&quot;focal_length&quot;:&quot;10.3&quot;,&quot;iso&quot;:&quot;100&quot;,&quot;shutter_speed&quot;:&quot;0.04&quot;,&quot;title&quot;:&quot;&quot;,&quot;orientation&quot;:&quot;1&quot;}\" data-image-title=\"butterakademie_nordhof_01\" data-image-description=\"\" data-image-caption=\"\" data-large-file=\"https:\/\/paulinenaue.info\/wp-content\/uploads\/2017\/06\/butterakademie_nordhof_01.jpg\" class=\"lazyload wp-image-944 size-medium\" src=\"http:\/\/paulinenaue.info\/wp-content\/uploads\/2017\/06\/butterakademie_nordhof_01-300x184.jpg\" data-orig-src=\"http:\/\/paulinenaue.info\/wp-content\/uploads\/2017\/06\/butterakademie_nordhof_01-300x184.jpg\" alt=\"Die Butterakademie in K\u00f6nigshorst Foto: Archiv Institut \" width=\"300\" height=\"184\" srcset=\"data:image\/svg+xml,%3Csvg%20xmlns%3D%27http%3A%2F%2Fwww.w3.org%2F2000%2Fsvg%27%20width%3D%27300%27%20height%3D%27184%27%20viewBox%3D%270%200%20300%20184%27%3E%3Crect%20width%3D%27300%27%20height%3D%27184%27%20fill-opacity%3D%220%22%2F%3E%3C%2Fsvg%3E\" data-srcset=\"https:\/\/paulinenaue.info\/wp-content\/uploads\/2017\/06\/butterakademie_nordhof_01-300x184.jpg 300w, https:\/\/paulinenaue.info\/wp-content\/uploads\/2017\/06\/butterakademie_nordhof_01.jpg 350w\" data-sizes=\"auto\" data-orig-sizes=\"(max-width: 300px) 100vw, 300px\" \/><\/a><p id=\"caption-attachment-944\" class=\"wp-caption-text\">Die Butterakademie in K\u00f6nigshorst Foto: Archiv Institut<\/p><\/div>\n<p>In K\u00f6nigshorst entstand bald nach dem Kanalbau die so genannte \u201eButterakademie\u201c, eine Musteranstalt, die schon 250 Jahre vor Gr\u00fcndung des Paulinenauer Institutes den Nachweis f\u00fchren sollte, dass auf Luchb\u00f6den ansehnliche Ertr\u00e4ge erwirtschaftet werden konnten. Die \u201eHorstbutter\u201c, die dort hergestellt wurde, galt in Berlin als die beste. Und Paulinenaue? Gab es das damals \u00fcberhaupt schon? Davon wird im n\u00e4chsten Teil die Rede sein.<\/p>\n<h4><a href=\"https:\/\/paulinenaue.info\/index.php\/80-jahre-gemeinde-paulinenaue-eine-serie-zur-ortsgeschichte-teil-2\/\">Hier<\/a> geht es weiter zu Teil 2.<\/h4>\n<p class=\"untertitel\">Text: Joachim Scholz; Zitate nach Fontane, Theodor: Wanderungen durch die Mark Brandenburg. Dritter Band: Havelland. Die Landschaft um Spandau, Potsdam, Brandenburg.<br \/>\nBerlin 1892, S. 101 f.<\/p>\n<h4><\/h4>\n","protected":false},"excerpt":{"rendered":"<p>11.06.2004 Am 8. Dezember 1924 wurde der Gutsbezirk Paulinenaue in [&hellip;]<\/p>\n","protected":false},"author":3,"featured_media":942,"comment_status":"open","ping_status":"open","sticky":false,"template":"","format":"standard","meta":{"_acf_changed":false,"_price":"","_stock":"","_tribe_ticket_header":"","_tribe_default_ticket_provider":"","_tribe_ticket_capacity":"0","_ticket_start_date":"","_ticket_end_date":"","_tribe_ticket_show_description":"","_tribe_ticket_show_not_going":false,"_tribe_ticket_use_global_stock":"","_tribe_ticket_global_stock_level":"","_global_stock_mode":"","_global_stock_cap":"","_tribe_rsvp_for_event":"","_tribe_ticket_going_count":"","_tribe_ticket_not_going_count":"","_tribe_tickets_list":"[]","_tribe_ticket_has_attendee_info_fields":false,"jetpack_post_was_ever_published":false,"_jetpack_newsletter_access":"","_jetpack_dont_email_post_to_subs":false,"_jetpack_newsletter_tier_id":0,"_jetpack_memberships_contains_paywalled_content":false,"_jetpack_memberships_contains_paid_content":false,"footnotes":"","jetpack_publicize_message":"","jetpack_publicize_feature_enabled":true,"jetpack_social_post_already_shared":true,"jetpack_social_options":{"image_generator_settings":{"template":"highway","default_image_id":0,"font":"","enabled":false},"version":2}},"categories":[1,40,7],"tags":[128,127],"class_list":["post-940","post","type-post","status-publish","format-standard","has-post-thumbnail","hentry","category-allgemein","category-dorfentwicklung","category-historie","tag-80-jahre-gemeinde","tag-entwaesserung-des-havellaendischen-luches"],"acf":[],"yoast_head":"<!-- This site is optimized with the Yoast SEO plugin v27.5 - https:\/\/yoast.com\/product\/yoast-seo-wordpress\/ -->\n<title>80 Jahre Gemeinde Paulinenaue - Eine Serie zur Ortsgeschichte (Teil 1) - Paulinenaue<\/title>\n<meta name=\"robots\" content=\"index, follow, max-snippet:-1, max-image-preview:large, max-video-preview:-1\" \/>\n<link rel=\"canonical\" href=\"https:\/\/paulinenaue.info\/index.php\/80-jahre-gemeinde-paulinenaue-eine-serie-zur-ortsgeschichte-teil-1\/\" \/>\n<meta property=\"og:locale\" content=\"de_DE\" \/>\n<meta property=\"og:type\" content=\"article\" \/>\n<meta property=\"og:title\" content=\"80 Jahre Gemeinde Paulinenaue - Eine Serie zur Ortsgeschichte (Teil 1) - Paulinenaue\" \/>\n<meta property=\"og:description\" content=\"11.06.2004 Am 8. Dezember 1924 wurde der Gutsbezirk Paulinenaue in [&hellip;]\" \/>\n<meta property=\"og:url\" content=\"https:\/\/paulinenaue.info\/index.php\/80-jahre-gemeinde-paulinenaue-eine-serie-zur-ortsgeschichte-teil-1\/\" \/>\n<meta property=\"og:site_name\" content=\"Paulinenaue\" \/>\n<meta property=\"article:published_time\" content=\"2017-06-10T09:58:14+00:00\" \/>\n<meta property=\"article:modified_time\" content=\"2017-06-21T07:21:50+00:00\" \/>\n<meta property=\"og:image\" content=\"https:\/\/i1.wp.com\/paulinenaue.info\/wp-content\/uploads\/2017\/06\/luch.jpg?fit=350%2C218&ssl=1\" \/>\n\t<meta property=\"og:image:width\" content=\"350\" \/>\n\t<meta property=\"og:image:height\" content=\"218\" \/>\n\t<meta property=\"og:image:type\" content=\"image\/jpeg\" \/>\n<meta name=\"author\" content=\"Sarah\" \/>\n<meta name=\"twitter:card\" content=\"summary_large_image\" \/>\n<meta name=\"twitter:label1\" content=\"Verfasst von\" \/>\n\t<meta name=\"twitter:data1\" content=\"Sarah\" \/>\n\t<meta name=\"twitter:label2\" content=\"Gesch\u00e4tzte Lesezeit\" \/>\n\t<meta name=\"twitter:data2\" content=\"3\u00a0Minuten\" \/>\n<script type=\"application\/ld+json\" class=\"yoast-schema-graph\">{\"@context\":\"https:\\\/\\\/schema.org\",\"@graph\":[{\"@type\":\"Article\",\"@id\":\"https:\\\/\\\/paulinenaue.info\\\/index.php\\\/80-jahre-gemeinde-paulinenaue-eine-serie-zur-ortsgeschichte-teil-1\\\/#article\",\"isPartOf\":{\"@id\":\"https:\\\/\\\/paulinenaue.info\\\/index.php\\\/80-jahre-gemeinde-paulinenaue-eine-serie-zur-ortsgeschichte-teil-1\\\/\"},\"author\":{\"name\":\"Sarah\",\"@id\":\"https:\\\/\\\/paulinenaue.info\\\/#\\\/schema\\\/person\\\/e5be566a57b5b3f65d2c65a58c42325e\"},\"headline\":\"80 Jahre Gemeinde Paulinenaue &#8211; Eine Serie zur Ortsgeschichte (Teil 1)\",\"datePublished\":\"2017-06-10T09:58:14+00:00\",\"dateModified\":\"2017-06-21T07:21:50+00:00\",\"mainEntityOfPage\":{\"@id\":\"https:\\\/\\\/paulinenaue.info\\\/index.php\\\/80-jahre-gemeinde-paulinenaue-eine-serie-zur-ortsgeschichte-teil-1\\\/\"},\"wordCount\":692,\"commentCount\":0,\"image\":{\"@id\":\"https:\\\/\\\/paulinenaue.info\\\/index.php\\\/80-jahre-gemeinde-paulinenaue-eine-serie-zur-ortsgeschichte-teil-1\\\/#primaryimage\"},\"thumbnailUrl\":\"https:\\\/\\\/paulinenaue.info\\\/wp-content\\\/uploads\\\/2017\\\/06\\\/luch.jpg\",\"keywords\":[\"80 Jahre Gemeinde\",\"Entw\u00e4sserung des Havell\u00e4ndischen Luches\"],\"articleSection\":{\"1\":\"Dorfentwicklung\",\"2\":\"Historie\"},\"inLanguage\":\"de\",\"potentialAction\":[{\"@type\":\"CommentAction\",\"name\":\"Comment\",\"target\":[\"https:\\\/\\\/paulinenaue.info\\\/index.php\\\/80-jahre-gemeinde-paulinenaue-eine-serie-zur-ortsgeschichte-teil-1\\\/#respond\"]}]},{\"@type\":\"WebPage\",\"@id\":\"https:\\\/\\\/paulinenaue.info\\\/index.php\\\/80-jahre-gemeinde-paulinenaue-eine-serie-zur-ortsgeschichte-teil-1\\\/\",\"url\":\"https:\\\/\\\/paulinenaue.info\\\/index.php\\\/80-jahre-gemeinde-paulinenaue-eine-serie-zur-ortsgeschichte-teil-1\\\/\",\"name\":\"80 Jahre Gemeinde Paulinenaue - Eine Serie zur Ortsgeschichte (Teil 1) - Paulinenaue\",\"isPartOf\":{\"@id\":\"https:\\\/\\\/paulinenaue.info\\\/#website\"},\"primaryImageOfPage\":{\"@id\":\"https:\\\/\\\/paulinenaue.info\\\/index.php\\\/80-jahre-gemeinde-paulinenaue-eine-serie-zur-ortsgeschichte-teil-1\\\/#primaryimage\"},\"image\":{\"@id\":\"https:\\\/\\\/paulinenaue.info\\\/index.php\\\/80-jahre-gemeinde-paulinenaue-eine-serie-zur-ortsgeschichte-teil-1\\\/#primaryimage\"},\"thumbnailUrl\":\"https:\\\/\\\/paulinenaue.info\\\/wp-content\\\/uploads\\\/2017\\\/06\\\/luch.jpg\",\"datePublished\":\"2017-06-10T09:58:14+00:00\",\"dateModified\":\"2017-06-21T07:21:50+00:00\",\"author\":{\"@id\":\"https:\\\/\\\/paulinenaue.info\\\/#\\\/schema\\\/person\\\/e5be566a57b5b3f65d2c65a58c42325e\"},\"breadcrumb\":{\"@id\":\"https:\\\/\\\/paulinenaue.info\\\/index.php\\\/80-jahre-gemeinde-paulinenaue-eine-serie-zur-ortsgeschichte-teil-1\\\/#breadcrumb\"},\"inLanguage\":\"de\",\"potentialAction\":[{\"@type\":\"ReadAction\",\"target\":[\"https:\\\/\\\/paulinenaue.info\\\/index.php\\\/80-jahre-gemeinde-paulinenaue-eine-serie-zur-ortsgeschichte-teil-1\\\/\"]}]},{\"@type\":\"ImageObject\",\"inLanguage\":\"de\",\"@id\":\"https:\\\/\\\/paulinenaue.info\\\/index.php\\\/80-jahre-gemeinde-paulinenaue-eine-serie-zur-ortsgeschichte-teil-1\\\/#primaryimage\",\"url\":\"https:\\\/\\\/paulinenaue.info\\\/wp-content\\\/uploads\\\/2017\\\/06\\\/luch.jpg\",\"contentUrl\":\"https:\\\/\\\/paulinenaue.info\\\/wp-content\\\/uploads\\\/2017\\\/06\\\/luch.jpg\",\"width\":\"350\",\"height\":\"218\"},{\"@type\":\"BreadcrumbList\",\"@id\":\"https:\\\/\\\/paulinenaue.info\\\/index.php\\\/80-jahre-gemeinde-paulinenaue-eine-serie-zur-ortsgeschichte-teil-1\\\/#breadcrumb\",\"itemListElement\":[{\"@type\":\"ListItem\",\"position\":1,\"name\":\"Home\",\"item\":\"https:\\\/\\\/paulinenaue.info\\\/\"},{\"@type\":\"ListItem\",\"position\":2,\"name\":\"80 Jahre Gemeinde Paulinenaue &#8211; Eine Serie zur Ortsgeschichte (Teil 1)\"}]},{\"@type\":\"WebSite\",\"@id\":\"https:\\\/\\\/paulinenaue.info\\\/#website\",\"url\":\"https:\\\/\\\/paulinenaue.info\\\/\",\"name\":\"Paulinenaue\",\"description\":\"Ein Dorf im Havelland\",\"potentialAction\":[{\"@type\":\"SearchAction\",\"target\":{\"@type\":\"EntryPoint\",\"urlTemplate\":\"https:\\\/\\\/paulinenaue.info\\\/?s={search_term_string}\"},\"query-input\":{\"@type\":\"PropertyValueSpecification\",\"valueRequired\":true,\"valueName\":\"search_term_string\"}}],\"inLanguage\":\"de\"},{\"@type\":\"Person\",\"@id\":\"https:\\\/\\\/paulinenaue.info\\\/#\\\/schema\\\/person\\\/e5be566a57b5b3f65d2c65a58c42325e\",\"name\":\"Sarah\",\"url\":\"https:\\\/\\\/paulinenaue.info\\\/index.php\\\/author\\\/sarah\\\/\"}]}<\/script>\n<!-- \/ Yoast SEO plugin. -->","yoast_head_json":{"title":"80 Jahre Gemeinde Paulinenaue - Eine Serie zur Ortsgeschichte (Teil 1) - Paulinenaue","robots":{"index":"index","follow":"follow","max-snippet":"max-snippet:-1","max-image-preview":"max-image-preview:large","max-video-preview":"max-video-preview:-1"},"canonical":"https:\/\/paulinenaue.info\/index.php\/80-jahre-gemeinde-paulinenaue-eine-serie-zur-ortsgeschichte-teil-1\/","og_locale":"de_DE","og_type":"article","og_title":"80 Jahre Gemeinde Paulinenaue - Eine Serie zur Ortsgeschichte (Teil 1) - Paulinenaue","og_description":"11.06.2004 Am 8. Dezember 1924 wurde der Gutsbezirk Paulinenaue in [&hellip;]","og_url":"https:\/\/paulinenaue.info\/index.php\/80-jahre-gemeinde-paulinenaue-eine-serie-zur-ortsgeschichte-teil-1\/","og_site_name":"Paulinenaue","article_published_time":"2017-06-10T09:58:14+00:00","article_modified_time":"2017-06-21T07:21:50+00:00","og_image":[{"width":350,"height":218,"url":"https:\/\/i1.wp.com\/paulinenaue.info\/wp-content\/uploads\/2017\/06\/luch.jpg?fit=350%2C218&ssl=1","type":"image\/jpeg"}],"author":"Sarah","twitter_card":"summary_large_image","twitter_misc":{"Verfasst von":"Sarah","Gesch\u00e4tzte Lesezeit":"3\u00a0Minuten"},"schema":{"@context":"https:\/\/schema.org","@graph":[{"@type":"Article","@id":"https:\/\/paulinenaue.info\/index.php\/80-jahre-gemeinde-paulinenaue-eine-serie-zur-ortsgeschichte-teil-1\/#article","isPartOf":{"@id":"https:\/\/paulinenaue.info\/index.php\/80-jahre-gemeinde-paulinenaue-eine-serie-zur-ortsgeschichte-teil-1\/"},"author":{"name":"Sarah","@id":"https:\/\/paulinenaue.info\/#\/schema\/person\/e5be566a57b5b3f65d2c65a58c42325e"},"headline":"80 Jahre Gemeinde Paulinenaue &#8211; Eine Serie zur Ortsgeschichte (Teil 1)","datePublished":"2017-06-10T09:58:14+00:00","dateModified":"2017-06-21T07:21:50+00:00","mainEntityOfPage":{"@id":"https:\/\/paulinenaue.info\/index.php\/80-jahre-gemeinde-paulinenaue-eine-serie-zur-ortsgeschichte-teil-1\/"},"wordCount":692,"commentCount":0,"image":{"@id":"https:\/\/paulinenaue.info\/index.php\/80-jahre-gemeinde-paulinenaue-eine-serie-zur-ortsgeschichte-teil-1\/#primaryimage"},"thumbnailUrl":"https:\/\/paulinenaue.info\/wp-content\/uploads\/2017\/06\/luch.jpg","keywords":["80 Jahre Gemeinde","Entw\u00e4sserung des Havell\u00e4ndischen Luches"],"articleSection":{"1":"Dorfentwicklung","2":"Historie"},"inLanguage":"de","potentialAction":[{"@type":"CommentAction","name":"Comment","target":["https:\/\/paulinenaue.info\/index.php\/80-jahre-gemeinde-paulinenaue-eine-serie-zur-ortsgeschichte-teil-1\/#respond"]}]},{"@type":"WebPage","@id":"https:\/\/paulinenaue.info\/index.php\/80-jahre-gemeinde-paulinenaue-eine-serie-zur-ortsgeschichte-teil-1\/","url":"https:\/\/paulinenaue.info\/index.php\/80-jahre-gemeinde-paulinenaue-eine-serie-zur-ortsgeschichte-teil-1\/","name":"80 Jahre Gemeinde Paulinenaue - Eine Serie zur Ortsgeschichte (Teil 1) - Paulinenaue","isPartOf":{"@id":"https:\/\/paulinenaue.info\/#website"},"primaryImageOfPage":{"@id":"https:\/\/paulinenaue.info\/index.php\/80-jahre-gemeinde-paulinenaue-eine-serie-zur-ortsgeschichte-teil-1\/#primaryimage"},"image":{"@id":"https:\/\/paulinenaue.info\/index.php\/80-jahre-gemeinde-paulinenaue-eine-serie-zur-ortsgeschichte-teil-1\/#primaryimage"},"thumbnailUrl":"https:\/\/paulinenaue.info\/wp-content\/uploads\/2017\/06\/luch.jpg","datePublished":"2017-06-10T09:58:14+00:00","dateModified":"2017-06-21T07:21:50+00:00","author":{"@id":"https:\/\/paulinenaue.info\/#\/schema\/person\/e5be566a57b5b3f65d2c65a58c42325e"},"breadcrumb":{"@id":"https:\/\/paulinenaue.info\/index.php\/80-jahre-gemeinde-paulinenaue-eine-serie-zur-ortsgeschichte-teil-1\/#breadcrumb"},"inLanguage":"de","potentialAction":[{"@type":"ReadAction","target":["https:\/\/paulinenaue.info\/index.php\/80-jahre-gemeinde-paulinenaue-eine-serie-zur-ortsgeschichte-teil-1\/"]}]},{"@type":"ImageObject","inLanguage":"de","@id":"https:\/\/paulinenaue.info\/index.php\/80-jahre-gemeinde-paulinenaue-eine-serie-zur-ortsgeschichte-teil-1\/#primaryimage","url":"https:\/\/paulinenaue.info\/wp-content\/uploads\/2017\/06\/luch.jpg","contentUrl":"https:\/\/paulinenaue.info\/wp-content\/uploads\/2017\/06\/luch.jpg","width":"350","height":"218"},{"@type":"BreadcrumbList","@id":"https:\/\/paulinenaue.info\/index.php\/80-jahre-gemeinde-paulinenaue-eine-serie-zur-ortsgeschichte-teil-1\/#breadcrumb","itemListElement":[{"@type":"ListItem","position":1,"name":"Home","item":"https:\/\/paulinenaue.info\/"},{"@type":"ListItem","position":2,"name":"80 Jahre Gemeinde Paulinenaue &#8211; Eine Serie zur Ortsgeschichte (Teil 1)"}]},{"@type":"WebSite","@id":"https:\/\/paulinenaue.info\/#website","url":"https:\/\/paulinenaue.info\/","name":"Paulinenaue","description":"Ein Dorf im Havelland","potentialAction":[{"@type":"SearchAction","target":{"@type":"EntryPoint","urlTemplate":"https:\/\/paulinenaue.info\/?s={search_term_string}"},"query-input":{"@type":"PropertyValueSpecification","valueRequired":true,"valueName":"search_term_string"}}],"inLanguage":"de"},{"@type":"Person","@id":"https:\/\/paulinenaue.info\/#\/schema\/person\/e5be566a57b5b3f65d2c65a58c42325e","name":"Sarah","url":"https:\/\/paulinenaue.info\/index.php\/author\/sarah\/"}]}},"jetpack_publicize_connections":[],"jetpack_featured_media_url":"https:\/\/paulinenaue.info\/wp-content\/uploads\/2017\/06\/luch.jpg","jetpack_sharing_enabled":true,"jetpack_shortlink":"https:\/\/wp.me\/pcYhWA-fa","jetpack-related-posts":[{"id":4717,"url":"https:\/\/paulinenaue.info\/index.php\/thema-torf-eine-exkursion-mit-karl-weirauch\/","url_meta":{"origin":940,"position":0},"title":"Thema Torf \u2013 eine\u00a0Exkursion mit Karl Weirauch","author":"Joachim Scholz","date":"1. Mai 2019","format":false,"excerpt":"Karl Weirauch ist ein Ph\u00e4nomen. Das \u00e4lteste Foto von ihm zeigt ihn als Dreij\u00e4hrigen auf einer monstr\u00f6sen Wiesenwalze vor dem Paulinenauer \u201eNeubau\u201c, in der heutigen Philipp-M\u00fcller-Stra\u00dfe. Es wurde 1928 aufgenommen. Wenn er heute \u00fcber das Schicksal der Walze berichtet, die Mitte der 1930er Jahre erst ausrangiert und dann ausgeweidet wurde,\u2026","rel":"","context":"In &quot;Dorfentwicklung&quot;","block_context":{"text":"Dorfentwicklung","link":"https:\/\/paulinenaue.info\/index.php\/category\/dorfentwicklung\/"},"img":{"alt_text":"","src":"https:\/\/i0.wp.com\/paulinenaue.info\/wp-content\/uploads\/2019\/04\/DSC01130.jpg?resize=350%2C200&ssl=1","width":350,"height":200,"srcset":"https:\/\/i0.wp.com\/paulinenaue.info\/wp-content\/uploads\/2019\/04\/DSC01130.jpg?resize=350%2C200&ssl=1 1x, https:\/\/i0.wp.com\/paulinenaue.info\/wp-content\/uploads\/2019\/04\/DSC01130.jpg?resize=525%2C300&ssl=1 1.5x, https:\/\/i0.wp.com\/paulinenaue.info\/wp-content\/uploads\/2019\/04\/DSC01130.jpg?resize=700%2C400&ssl=1 2x"},"classes":[]},{"id":992,"url":"https:\/\/paulinenaue.info\/index.php\/80-jahre-gemeinde-paulinenaue-eine-serie-zur-ortsgeschichte-teil-4\/","url_meta":{"origin":940,"position":1},"title":"80 Jahre Gemeinde Paulinenaue \u2013 Eine Serie zur Ortsgeschichte (Teil 4)","author":"Sarah","date":"19. Juni 2017","format":false,"excerpt":"02.10.2004 Teil 4 Von der Jahrhundertwende bis zur Gemeindegr\u00fcndung Zu Beginn des letzten Jahrhunderts musste das Luch zum zweiten Mal trockengelegt werden, da viele wassertechnische Anlagen im Laufe der Zeit verkommen waren. 1917 erwirbt eine Landsiedlungsgesellschaft das kurz zuvor baulich aufgewertete Gut und Paulinenaue wird zum Zentrum einer Besiedlungswelle, die\u2026","rel":"","context":"In &quot;Allgemein&quot;","block_context":{"text":"Allgemein","link":"https:\/\/paulinenaue.info\/index.php\/category\/allgemein\/"},"img":{"alt_text":"","src":"https:\/\/i0.wp.com\/paulinenaue.info\/wp-content\/uploads\/2017\/06\/goldschmidt.jpg?resize=350%2C200&ssl=1","width":350,"height":200},"classes":[]},{"id":961,"url":"https:\/\/paulinenaue.info\/index.php\/80-jahre-gemeinde-paulinenaue-eine-serie-zur-ortsgeschichte-teil-3\/","url_meta":{"origin":940,"position":2},"title":"80 Jahre Gemeinde Paulinenaue \u2013 Eine Serie zur Ortsgeschichte (Teil 3)","author":"Sarah","date":"10. Juni 2017","format":false,"excerpt":"08.09.2004 Teil 3 Paulinenaue und die Eisenbahn Jeder Paulinenauer wei\u00df, dass unser Dorf durch die Eisenbahn gepr\u00e4gt wurde. In den 40er Jahren des 19. Jahrhunderts hielten die bewegten Zeiten im wahrsten Sinne des Wortes Einzug. \u201eErw\u00e4gen Sie [bitte]\u201c, hei\u00dft es im Generalbericht der Berlin-Hamburger Eisenbahndirektion f\u00fcr das Jahr 1847 \u201eda\u00df\u2026","rel":"","context":"In &quot;Allgemein&quot;","block_context":{"text":"Allgemein","link":"https:\/\/paulinenaue.info\/index.php\/category\/allgemein\/"},"img":{"alt_text":"","src":"https:\/\/i0.wp.com\/paulinenaue.info\/wp-content\/uploads\/2017\/06\/bhf_um-1918.jpg?resize=350%2C200&ssl=1","width":350,"height":200},"classes":[]},{"id":417007,"url":"https:\/\/paulinenaue.info\/index.php\/100-jahre-gemeinde-paulinenaue-2\/","url_meta":{"origin":940,"position":3},"title":"8. Dezember 2024 \u2013\u00a0100 Jahre Gemeinde Paulinenaue","author":"Joachim Scholz","date":"8. Dezember 2024","format":false,"excerpt":"Herzlichen Gl\u00fcckwunsch, aber feiern wir vielleicht das falsche Jubil\u00e4um? Vortrag von Joachim Scholz zur Feierstunde am 16.11.2024 im Saal des ehemaligen MZG Paulinenaue Nicht lange her, da wurden in Paulinenaue 100 Jahre Sportverein gefeiert, auch einen Friedhof gibt es seit etwa 100 Jahren in Paulinenaue. Damals muss also ganz sch\u00f6n\u2026","rel":"","context":"In &quot;Dorfentwicklung&quot;","block_context":{"text":"Dorfentwicklung","link":"https:\/\/paulinenaue.info\/index.php\/category\/dorfentwicklung\/"},"img":{"alt_text":"","src":"https:\/\/i0.wp.com\/paulinenaue.info\/wp-content\/uploads\/2024\/12\/Paulinenaue-Schmiede-und-Strasse-um-1920.jpg?resize=350%2C200&ssl=1","width":350,"height":200,"srcset":"https:\/\/i0.wp.com\/paulinenaue.info\/wp-content\/uploads\/2024\/12\/Paulinenaue-Schmiede-und-Strasse-um-1920.jpg?resize=350%2C200&ssl=1 1x, https:\/\/i0.wp.com\/paulinenaue.info\/wp-content\/uploads\/2024\/12\/Paulinenaue-Schmiede-und-Strasse-um-1920.jpg?resize=525%2C300&ssl=1 1.5x, https:\/\/i0.wp.com\/paulinenaue.info\/wp-content\/uploads\/2024\/12\/Paulinenaue-Schmiede-und-Strasse-um-1920.jpg?resize=700%2C400&ssl=1 2x"},"classes":[]},{"id":2285,"url":"https:\/\/paulinenaue.info\/index.php\/super-schnelle-vorbeifahrten\/","url_meta":{"origin":940,"position":4},"title":"\u201eSchnelle Vorbeifahrten\u201c","author":"Joachim Scholz","date":"22. August 2018","format":false,"excerpt":"Ein Landart-Parcour zum Kanaljubil\u00e4um und ein Fest f\u00fcr den Bahnhof Ein Kulturereignis dieses Formates hat es in Paulinenaue noch nicht gegeben. Was noch vor zwei Jahren, als der Ausstellungsmacher R\u00fcdiger Stern zusammen mit dem Theaterschaffenden Stefan Bischoff die \u201eSchnellen Vorbeifahrten\u201c im kleinen Rahmen in seinem Atelierhaus ins Leben rief, bereits\u2026","rel":"","context":"In &quot;Allgemein&quot;","block_context":{"text":"Allgemein","link":"https:\/\/paulinenaue.info\/index.php\/category\/allgemein\/"},"img":{"alt_text":"","src":"https:\/\/i0.wp.com\/paulinenaue.info\/wp-content\/uploads\/2018\/01\/20180819-_DSC7879.jpg?resize=350%2C200&ssl=1","width":350,"height":200,"srcset":"https:\/\/i0.wp.com\/paulinenaue.info\/wp-content\/uploads\/2018\/01\/20180819-_DSC7879.jpg?resize=350%2C200&ssl=1 1x, https:\/\/i0.wp.com\/paulinenaue.info\/wp-content\/uploads\/2018\/01\/20180819-_DSC7879.jpg?resize=525%2C300&ssl=1 1.5x, https:\/\/i0.wp.com\/paulinenaue.info\/wp-content\/uploads\/2018\/01\/20180819-_DSC7879.jpg?resize=700%2C400&ssl=1 2x, https:\/\/i0.wp.com\/paulinenaue.info\/wp-content\/uploads\/2018\/01\/20180819-_DSC7879.jpg?resize=1050%2C600&ssl=1 3x, https:\/\/i0.wp.com\/paulinenaue.info\/wp-content\/uploads\/2018\/01\/20180819-_DSC7879.jpg?resize=1400%2C800&ssl=1 4x"},"classes":[]},{"id":415683,"url":"https:\/\/paulinenaue.info\/index.php\/hochwasser-im-luch\/","url_meta":{"origin":940,"position":5},"title":"Hochwasser im Luch","author":"Joachim Scholz","date":"30. Dezember 2023","format":false,"excerpt":"Im Havell\u00e4ndischen Luch stehen momentan gro\u00dfe Fl\u00e4chen unter Wasser. K\u00fche suchen h\u00f6her gelegene Stellen, die ICEs scheinen aus Vorsicht langsamer durch Paulinenaue zu fahren. Und auch wenn die meisten Keller noch trocken sein sollen, war eine Hochwassersituation wohl selten so ausgepr\u00e4gt wie an diesem Jahresende 2023. Mit 69 mm wurden\u2026","rel":"","context":"In &quot;Allgemein&quot;","block_context":{"text":"Allgemein","link":"https:\/\/paulinenaue.info\/index.php\/category\/allgemein\/"},"img":{"alt_text":"","src":"https:\/\/i0.wp.com\/paulinenaue.info\/wp-content\/uploads\/2023\/12\/2023-12-29-Luch-unter-Wasser.jpeg?resize=350%2C200&ssl=1","width":350,"height":200,"srcset":"https:\/\/i0.wp.com\/paulinenaue.info\/wp-content\/uploads\/2023\/12\/2023-12-29-Luch-unter-Wasser.jpeg?resize=350%2C200&ssl=1 1x, https:\/\/i0.wp.com\/paulinenaue.info\/wp-content\/uploads\/2023\/12\/2023-12-29-Luch-unter-Wasser.jpeg?resize=525%2C300&ssl=1 1.5x, https:\/\/i0.wp.com\/paulinenaue.info\/wp-content\/uploads\/2023\/12\/2023-12-29-Luch-unter-Wasser.jpeg?resize=700%2C400&ssl=1 2x"},"classes":[]}],"_links":{"self":[{"href":"https:\/\/paulinenaue.info\/index.php\/wp-json\/wp\/v2\/posts\/940","targetHints":{"allow":["GET"]}}],"collection":[{"href":"https:\/\/paulinenaue.info\/index.php\/wp-json\/wp\/v2\/posts"}],"about":[{"href":"https:\/\/paulinenaue.info\/index.php\/wp-json\/wp\/v2\/types\/post"}],"author":[{"embeddable":true,"href":"https:\/\/paulinenaue.info\/index.php\/wp-json\/wp\/v2\/users\/3"}],"replies":[{"embeddable":true,"href":"https:\/\/paulinenaue.info\/index.php\/wp-json\/wp\/v2\/comments?post=940"}],"version-history":[{"count":9,"href":"https:\/\/paulinenaue.info\/index.php\/wp-json\/wp\/v2\/posts\/940\/revisions"}],"predecessor-version":[{"id":1158,"href":"https:\/\/paulinenaue.info\/index.php\/wp-json\/wp\/v2\/posts\/940\/revisions\/1158"}],"wp:featuredmedia":[{"embeddable":true,"href":"https:\/\/paulinenaue.info\/index.php\/wp-json\/wp\/v2\/media\/942"}],"wp:attachment":[{"href":"https:\/\/paulinenaue.info\/index.php\/wp-json\/wp\/v2\/media?parent=940"}],"wp:term":[{"taxonomy":"category","embeddable":true,"href":"https:\/\/paulinenaue.info\/index.php\/wp-json\/wp\/v2\/categories?post=940"},{"taxonomy":"post_tag","embeddable":true,"href":"https:\/\/paulinenaue.info\/index.php\/wp-json\/wp\/v2\/tags?post=940"}],"curies":[{"name":"wp","href":"https:\/\/api.w.org\/{rel}","templated":true}]}}