{"id":951,"date":"2017-06-10T12:08:06","date_gmt":"2017-06-10T10:08:06","guid":{"rendered":"http:\/\/paulinenaue.info\/?p=951"},"modified":"2017-06-21T09:21:07","modified_gmt":"2017-06-21T07:21:07","slug":"80-jahre-gemeinde-paulinenaue-eine-serie-zur-ortsgeschichte-teil-2","status":"publish","type":"post","link":"https:\/\/paulinenaue.info\/index.php\/80-jahre-gemeinde-paulinenaue-eine-serie-zur-ortsgeschichte-teil-2\/","title":{"rendered":"80 Jahre Gemeinde Paulinenaue \u2013 Eine Serie zur Ortsgeschichte (Teil 2)"},"content":{"rendered":"<h6>01.08.2004<\/h6>\n<h3>Teil 2<\/h3>\n<h4>Bardelebens Meierei und das junge Dorf Paulinenaue<\/h4>\n<p class=\"autor\">Joachim Scholz<\/p>\n<p>Auf einer Sandinsel hatten um 1400 die Gebr\u00fcder <a title=\"\u00dcber die Familie von Bardeleben\" href=\"http:\/\/archiv.paulinenaue.info\/extra\/extra\/20040611_serie_ortsgeschichte\/allgemeines\/chroniken\/adelslexikon.html\"> Bardeleben<\/a> eine Meierei errichtet. Die kleine Wirtschaft bestand k\u00e4rglich durch mehrere Jahrhunderte hindurch und hatte gewiss mit \u00e4hnlichen Problemen zu k\u00e4mpfen, <a title=\"Zitat im ersten Teil\" href=\"http:\/\/archiv.paulinenaue.info\/extra\/extra\/20040611_serie_ortsgeschichte\/01.html#kloeden\">wie Kl\u00f6den sie beschrieben hat<\/a>. Noch gegen Ende des 18. Jahrhunderts sehen wir sie auf der <a title=\"Ausschnitt aus der Schmettauschen Karte von Preu\u00dfen, 1774\" href=\"http:\/\/archiv.paulinenaue.info\/extra\/extra\/20040611_serie_ortsgeschichte\/karten\/1774_schmettau_hauptfenster.html\">Schmettauschen Karte von Preu\u00dfen<\/a> als kleinen Kastenhof eine Dreiviertel Meile n\u00f6rdlich von Selbelang, das im Vergleich dazu damals schon ein stattliches Dorf gewesen ist. Die Schmettausche Karte von 1774 ist das erste detaillierte Bild von dem Ort, der heute Paulinenaue ist. Im Gegensatz zu unseren Tagen geh\u00f6rte Bardelebens Meierei seinerzeit zu Selbelang. Vom Leben der wenigen Menschen auf diesem Vorwerk ist nichts bekannt. \u00dcber die Selbelanger wissen wir immerhin aus einem Schulbericht des Superintendenten Kalisch von 1814, dass \u201edas ganze Dorf &#8230; aus armen und ungebildeten, gro\u00dfentheils rohen Menschen [besteht], deren Geist sich unter den Lasten und Sorgen des Lebens und eines dr\u00fcckenden Lohndienstes nicht zu erheben vermag.\u201c Nicht anders wird es auch den Urpaulinenauern gegangen sein.<\/p>\n<div id=\"attachment_945\" style=\"width: 310px\" class=\"wp-caption alignnone\"><a href=\"http:\/\/paulinenaue.info\/wp-content\/uploads\/2017\/06\/gutshof_195905_02.jpg\"><img decoding=\"async\" aria-describedby=\"caption-attachment-945\" data-attachment-id=\"945\" data-permalink=\"https:\/\/paulinenaue.info\/index.php\/80-jahre-gemeinde-paulinenaue-eine-serie-zur-ortsgeschichte-teil-1\/gutshof_195905_02\/\" data-orig-file=\"https:\/\/paulinenaue.info\/wp-content\/uploads\/2017\/06\/gutshof_195905_02.jpg\" data-orig-size=\"500,292\" data-comments-opened=\"1\" data-image-meta=\"{&quot;aperture&quot;:&quot;0&quot;,&quot;credit&quot;:&quot;&quot;,&quot;camera&quot;:&quot;MF Scanner&quot;,&quot;caption&quot;:&quot;&quot;,&quot;created_timestamp&quot;:&quot;1290462070&quot;,&quot;copyright&quot;:&quot;&quot;,&quot;focal_length&quot;:&quot;0&quot;,&quot;iso&quot;:&quot;0&quot;,&quot;shutter_speed&quot;:&quot;0&quot;,&quot;title&quot;:&quot;&quot;,&quot;orientation&quot;:&quot;1&quot;}\" data-image-title=\"gutshof_195905_02\" data-image-description=\"\" data-image-caption=\"\" data-large-file=\"https:\/\/paulinenaue.info\/wp-content\/uploads\/2017\/06\/gutshof_195905_02.jpg\" class=\"lazyload wp-image-945 size-medium\" src=\"http:\/\/paulinenaue.info\/wp-content\/uploads\/2017\/06\/gutshof_195905_02-300x175.jpg\" data-orig-src=\"http:\/\/paulinenaue.info\/wp-content\/uploads\/2017\/06\/gutshof_195905_02-300x175.jpg\" alt=\"Der Standort von Bardelebens Meierei (farbiges Rechteck).\" width=\"300\" height=\"175\" srcset=\"data:image\/svg+xml,%3Csvg%20xmlns%3D%27http%3A%2F%2Fwww.w3.org%2F2000%2Fsvg%27%20width%3D%27300%27%20height%3D%27175%27%20viewBox%3D%270%200%20300%20175%27%3E%3Crect%20width%3D%27300%27%20height%3D%27175%27%20fill-opacity%3D%220%22%2F%3E%3C%2Fsvg%3E\" data-srcset=\"https:\/\/paulinenaue.info\/wp-content\/uploads\/2017\/06\/gutshof_195905_02-300x175.jpg 300w, https:\/\/paulinenaue.info\/wp-content\/uploads\/2017\/06\/gutshof_195905_02.jpg 500w\" data-sizes=\"auto\" data-orig-sizes=\"(max-width: 300px) 100vw, 300px\" \/><\/a><p id=\"caption-attachment-945\" class=\"wp-caption-text\">Der Standort von Bardelebens Meierei (farbiges Rechteck). Foto: Georg Drasch\u00e9, 1959.<\/p><\/div>\n<p>\u00dcbrigens lag die Meierei nicht direkt dort, wo heute der Gutshof steht. Bardelebens Meierei befand sich etwa dort, wo heute der Speicher steht und nichts ist mehr von ihr \u00fcbrig geblieben. Sie wurde 1833, nachdem sie \u00fcber 400 Jahre den von Bardelebens geh\u00f6rt hatte, an den damals 34-j\u00e4hrigen Rittmeister und Kreisdeputierten Friedrich Wilhelm von Knoblauch aus Pessin verkauft. Von Knoblauch l\u00e4sst in den drei\u00dfiger Jahren des 19. Jahrunderts die ersten Geb\u00e4ude auf dem jetzigen Gutshof errichten. Er beantragt am 16. April 1833, dort \u201edas neue Wohnhaus ganz massiv mit Ziegelbedachung, die neuen Wirtschaftsgeb\u00e4ude aber mit Ziegelbedachungen und ausgemauertem Fachwerk\u201c errichten zu d\u00fcrfen &#8211; auch von diesen Geb\u00e4uden steht heute keines mehr.<\/p>\n<div id=\"attachment_947\" style=\"width: 210px\" class=\"wp-caption alignnone\"><a href=\"http:\/\/paulinenaue.info\/wp-content\/uploads\/2017\/06\/wappen_bardeleben.jpg\"><img decoding=\"async\" aria-describedby=\"caption-attachment-947\" data-attachment-id=\"947\" data-permalink=\"https:\/\/paulinenaue.info\/index.php\/80-jahre-gemeinde-paulinenaue-eine-serie-zur-ortsgeschichte-teil-1\/wappen_bardeleben\/\" data-orig-file=\"https:\/\/paulinenaue.info\/wp-content\/uploads\/2017\/06\/wappen_bardeleben.jpg\" data-orig-size=\"200,220\" data-comments-opened=\"1\" data-image-meta=\"{&quot;aperture&quot;:&quot;2.8&quot;,&quot;credit&quot;:&quot;&quot;,&quot;camera&quot;:&quot;DSC-P72&quot;,&quot;caption&quot;:&quot;&quot;,&quot;created_timestamp&quot;:&quot;1084547524&quot;,&quot;copyright&quot;:&quot;&quot;,&quot;focal_length&quot;:&quot;6&quot;,&quot;iso&quot;:&quot;100&quot;,&quot;shutter_speed&quot;:&quot;0.25&quot;,&quot;title&quot;:&quot;&quot;,&quot;orientation&quot;:&quot;1&quot;}\" data-image-title=\"wappen_bardeleben\" data-image-description=\"\" data-image-caption=\"\" data-large-file=\"https:\/\/paulinenaue.info\/wp-content\/uploads\/2017\/06\/wappen_bardeleben.jpg\" class=\"lazyload wp-image-947 size-full\" src=\"data:image\/svg+xml,%3Csvg%20xmlns%3D%27http%3A%2F%2Fwww.w3.org%2F2000%2Fsvg%27%20width%3D%27200%27%20height%3D%27220%27%20viewBox%3D%270%200%20200%20220%27%3E%3Crect%20width%3D%27200%27%20height%3D%27220%27%20fill-opacity%3D%220%22%2F%3E%3C%2Fsvg%3E\" data-orig-src=\"http:\/\/paulinenaue.info\/wp-content\/uploads\/2017\/06\/wappen_bardeleben.jpg\" alt=\"Abb. 3: Pauline von Bardelebens Familienwappen \" width=\"200\" height=\"220\" \/><\/a><p id=\"caption-attachment-947\" class=\"wp-caption-text\">Abb. 3: Pauline von Bardelebens Familienwappen<\/p><\/div>\n<p>Von bleibender Dauer der von Knoblauchschen Regentschaft \u00fcber unser Dorf ist vor allem eines geblieben &#8211; der Name \u201ePaulinenaue\u201c. Selten sind die F\u00e4lle, dass eine Frau in vergangenen Jahrhunderten bleibende Spuren hinterlassen durfte. Paulinenaue ist ein r\u00fchmliches Beispiel. Pauline von Knoblauch, geborene von Bardeleben, damals 22 Jahre alt, war frisch verm\u00e4hlt, als Friedrich Wilhelm von Knoblauch ihr zu Ehren die Bardelebensche Meierei in \u201ePaulinenaue\u201c umbenannte. Hier sehen wir Paulines Familienwappen, das man im Original in der Pessiner Kirche bewundern kann.<\/p>\n<div id=\"attachment_948\" style=\"width: 310px\" class=\"wp-caption alignnone\"><a href=\"http:\/\/paulinenaue.info\/wp-content\/uploads\/2017\/06\/schaeferei.jpg\"><img decoding=\"async\" aria-describedby=\"caption-attachment-948\" data-attachment-id=\"948\" data-permalink=\"https:\/\/paulinenaue.info\/index.php\/80-jahre-gemeinde-paulinenaue-eine-serie-zur-ortsgeschichte-teil-1\/schaeferei\/\" data-orig-file=\"https:\/\/paulinenaue.info\/wp-content\/uploads\/2017\/06\/schaeferei.jpg\" data-orig-size=\"351,250\" data-comments-opened=\"1\" data-image-meta=\"{&quot;aperture&quot;:&quot;0&quot;,&quot;credit&quot;:&quot;&quot;,&quot;camera&quot;:&quot;&quot;,&quot;caption&quot;:&quot;&quot;,&quot;created_timestamp&quot;:&quot;0&quot;,&quot;copyright&quot;:&quot;&quot;,&quot;focal_length&quot;:&quot;0&quot;,&quot;iso&quot;:&quot;0&quot;,&quot;shutter_speed&quot;:&quot;0&quot;,&quot;title&quot;:&quot;&quot;,&quot;orientation&quot;:&quot;0&quot;}\" data-image-title=\"schaeferei\" data-image-description=\"\" data-image-caption=\"\" data-large-file=\"https:\/\/paulinenaue.info\/wp-content\/uploads\/2017\/06\/schaeferei.jpg\" class=\"lazyload wp-image-948 size-medium\" src=\"http:\/\/paulinenaue.info\/wp-content\/uploads\/2017\/06\/schaeferei-300x214.jpg\" data-orig-src=\"http:\/\/paulinenaue.info\/wp-content\/uploads\/2017\/06\/schaeferei-300x214.jpg\" alt=\"Abb. 4: Die Sch\u00e4ferei von Paulinenaue \" width=\"300\" height=\"214\" srcset=\"data:image\/svg+xml,%3Csvg%20xmlns%3D%27http%3A%2F%2Fwww.w3.org%2F2000%2Fsvg%27%20width%3D%27300%27%20height%3D%27214%27%20viewBox%3D%270%200%20300%20214%27%3E%3Crect%20width%3D%27300%27%20height%3D%27214%27%20fill-opacity%3D%220%22%2F%3E%3C%2Fsvg%3E\" data-srcset=\"https:\/\/paulinenaue.info\/wp-content\/uploads\/2017\/06\/schaeferei-300x214.jpg 300w, https:\/\/paulinenaue.info\/wp-content\/uploads\/2017\/06\/schaeferei.jpg 351w\" data-sizes=\"auto\" data-orig-sizes=\"(max-width: 300px) 100vw, 300px\" \/><\/a><p id=\"caption-attachment-948\" class=\"wp-caption-text\">Abb. 4: Die Sch\u00e4ferei von Paulinenaue<\/p><\/div>\n<p>Wieviele Paulinenauer hat es damals wohl gegeben? \u201eJetzt befinden sich dort 2 H\u00e4user und ein neues Haus wird in diesem Jahr erbaut.\u201c schreibt von Knoblauch im Mai 1833 an die Regierung in Potsdam. Die \u201eAnzahl der dort befindlichen Seelen\u201c beziffert er auf 23. Sehr gem\u00fctlich war es also nicht in Paulinenaue. Das wohl \u00e4lteste Foto unseres Dorfes zeigt die Sch\u00e4ferei, die vermutlich noch eines der Geb\u00e4ude von Bardelebens Meierei gewesen ist, denn sie tr\u00e4gt, wie wir sehen, noch ein Strohdach. Wer genau hinsieht, erkennt darauf 14 Paulinenauer, und das muss ein betr\u00e4chtlicher Teil der damaligen Dorfbev\u00f6lkerung gewesen sein.<\/p>\n<div id=\"attachment_946\" style=\"width: 310px\" class=\"wp-caption alignnone\"><a href=\"http:\/\/paulinenaue.info\/wp-content\/uploads\/2017\/06\/kl_gutshaus_alt.jpg\"><img decoding=\"async\" aria-describedby=\"caption-attachment-946\" data-attachment-id=\"946\" data-permalink=\"https:\/\/paulinenaue.info\/index.php\/80-jahre-gemeinde-paulinenaue-eine-serie-zur-ortsgeschichte-teil-1\/kl_gutshaus_alt\/\" data-orig-file=\"https:\/\/paulinenaue.info\/wp-content\/uploads\/2017\/06\/kl_gutshaus_alt.jpg\" data-orig-size=\"363,250\" data-comments-opened=\"1\" data-image-meta=\"{&quot;aperture&quot;:&quot;0&quot;,&quot;credit&quot;:&quot;&quot;,&quot;camera&quot;:&quot;&quot;,&quot;caption&quot;:&quot;&quot;,&quot;created_timestamp&quot;:&quot;0&quot;,&quot;copyright&quot;:&quot;&quot;,&quot;focal_length&quot;:&quot;0&quot;,&quot;iso&quot;:&quot;0&quot;,&quot;shutter_speed&quot;:&quot;0&quot;,&quot;title&quot;:&quot;&quot;,&quot;orientation&quot;:&quot;0&quot;}\" data-image-title=\"kl_gutshaus_alt\" data-image-description=\"\" data-image-caption=\"\" data-large-file=\"https:\/\/paulinenaue.info\/wp-content\/uploads\/2017\/06\/kl_gutshaus_alt.jpg\" class=\"lazyload wp-image-946 size-medium\" src=\"http:\/\/paulinenaue.info\/wp-content\/uploads\/2017\/06\/kl_gutshaus_alt-300x207.jpg\" data-orig-src=\"http:\/\/paulinenaue.info\/wp-content\/uploads\/2017\/06\/kl_gutshaus_alt-300x207.jpg\" alt=\"Abb. 5: Das Paulinenauer Gutshaus, noch einst\u00f6ckig \" width=\"300\" height=\"207\" srcset=\"data:image\/svg+xml,%3Csvg%20xmlns%3D%27http%3A%2F%2Fwww.w3.org%2F2000%2Fsvg%27%20width%3D%27300%27%20height%3D%27207%27%20viewBox%3D%270%200%20300%20207%27%3E%3Crect%20width%3D%27300%27%20height%3D%27207%27%20fill-opacity%3D%220%22%2F%3E%3C%2Fsvg%3E\" data-srcset=\"https:\/\/paulinenaue.info\/wp-content\/uploads\/2017\/06\/kl_gutshaus_alt-300x207.jpg 300w, https:\/\/paulinenaue.info\/wp-content\/uploads\/2017\/06\/kl_gutshaus_alt.jpg 363w\" data-sizes=\"auto\" data-orig-sizes=\"(max-width: 300px) 100vw, 300px\" \/><\/a><p id=\"caption-attachment-946\" class=\"wp-caption-text\">Abb. 5: Das Paulinenauer Gutshaus, noch einst\u00f6ckig<\/p><\/div>\n<p>Die von Knoblauchs selbst wohnten nicht in Paulinenaue, sondern in Pessin. Im Gutshaus, das damals noch einst\u00f6ckig war, lebte nur ein Inspektor, der die Wirtschaft verwaltete. Da diese sich langsam entwickelte, entstanden etwa zehn Jahre sp\u00e4ter die ersten H\u00e4user am Kr\u00e4henwinkel, im Revolutionsjahr 1848 kam ebenfalls am Kr\u00e4henwinkel noch einmal ein Wohnhaus hinzu. Dort lebten die Tagel\u00f6hner des Gutes. Immerhin, die Entwicklung von Paulinenaue hatte ihren Anfang genommen, doch allzuviel w\u00e4re wohl nicht mehr zu erwarten gewesen, wenn nicht ein Ereignis eingetreten w\u00e4re, das nachhaltig alles anders werden lie\u00df. Wie Paulinenaue durch die Eisenbahn ver\u00e4ndert wurde, lesen wir im kommenden Teil.<\/p>\n<h4><a href=\"https:\/\/paulinenaue.info\/index.php\/80-jahre-gemeinde-paulinenaue-eine-serie-zur-ortsgeschichte-teil-3\/\">Hier<\/a> geht es weiter zu Teil 3.<\/h4>\n<p class=\"untertitel\">Text: Joachim Scholz; Abbildungen: (1) BLHA Potsdam, Situationsplan zur Erbauung eines neuen Vorwerks f\u00fcr Sr. Hochwohlgeboren den Herrn W. v. Knoblauch (Ausschnitt), 1833; (2) (4) (5): Institutsarchiv; (3) privat.<br \/>\nQuellen: Schulbericht des Superintendenten Kalisch vom 20.08.1814 \u00fcber die Schule zu Selbelang. In: BLHA Potsdam, Rep. 2A Abt. II WH Nr. 11, Bd. 1: Einrichtung und Verbesserung des Schulwesens in der Superintendentur Dom Brandenburg. &#8211; Brief des Landrates Hagen an die K\u00f6nigliche Regierung in Potsdam vom 16.04.1833 &#8222;wegen der Vermehrung der Geb\u00e4ude auf der ehemaligen Bardelebenschen Meyerey bey dem Dorfe Ribbeck&#8220;. In: BLHA Potsdam, Pr.Br. Rep. 6B Westhavelland Nr. 923: Die von dem Herrn von Knoblauch zu Pessin projectirte Vermehrung der Geb\u00e4ude zu Lindholz und Beilegung eines eigenen Namens Paulinenaue. &#8211; Knoblauch, Wilhelm von: Datentableau Paulinenaue (13.05.1833), ebd.<\/p>\n","protected":false},"excerpt":{"rendered":"<p>01.08.2004 Teil 2 Bardelebens Meierei und das junge Dorf Paulinenaue [&hellip;]<\/p>\n","protected":false},"author":3,"featured_media":948,"comment_status":"open","ping_status":"open","sticky":false,"template":"","format":"standard","meta":{"_acf_changed":false,"_price":"","_stock":"","_tribe_ticket_header":"","_tribe_default_ticket_provider":"","_tribe_ticket_capacity":"0","_ticket_start_date":"","_ticket_end_date":"","_tribe_ticket_show_description":"","_tribe_ticket_show_not_going":false,"_tribe_ticket_use_global_stock":"","_tribe_ticket_global_stock_level":"","_global_stock_mode":"","_global_stock_cap":"","_tribe_rsvp_for_event":"","_tribe_ticket_going_count":"","_tribe_ticket_not_going_count":"","_tribe_tickets_list":"[]","_tribe_ticket_has_attendee_info_fields":false,"jetpack_post_was_ever_published":false,"_jetpack_newsletter_access":"","_jetpack_dont_email_post_to_subs":false,"_jetpack_newsletter_tier_id":0,"_jetpack_memberships_contains_paywalled_content":false,"_jetpack_memberships_contains_paid_content":false,"footnotes":"","jetpack_publicize_message":"","jetpack_publicize_feature_enabled":true,"jetpack_social_post_already_shared":true,"jetpack_social_options":{"image_generator_settings":{"template":"highway","default_image_id":0,"font":"","enabled":false},"version":2}},"categories":[1,40,7],"tags":[129],"class_list":["post-951","post","type-post","status-publish","format-standard","has-post-thumbnail","hentry","category-allgemein","category-dorfentwicklung","category-historie","tag-bardelebens-meierei"],"acf":[],"yoast_head":"<!-- This site is optimized with the Yoast SEO plugin v27.5 - https:\/\/yoast.com\/product\/yoast-seo-wordpress\/ -->\n<title>80 Jahre Gemeinde Paulinenaue \u2013 Eine Serie zur Ortsgeschichte (Teil 2) - Paulinenaue<\/title>\n<meta name=\"robots\" content=\"index, follow, max-snippet:-1, max-image-preview:large, max-video-preview:-1\" \/>\n<link rel=\"canonical\" href=\"https:\/\/paulinenaue.info\/index.php\/80-jahre-gemeinde-paulinenaue-eine-serie-zur-ortsgeschichte-teil-2\/\" \/>\n<meta property=\"og:locale\" content=\"de_DE\" \/>\n<meta property=\"og:type\" content=\"article\" \/>\n<meta property=\"og:title\" content=\"80 Jahre Gemeinde Paulinenaue \u2013 Eine Serie zur Ortsgeschichte (Teil 2) - Paulinenaue\" \/>\n<meta property=\"og:description\" content=\"01.08.2004 Teil 2 Bardelebens Meierei und das junge Dorf Paulinenaue [&hellip;]\" \/>\n<meta property=\"og:url\" content=\"https:\/\/paulinenaue.info\/index.php\/80-jahre-gemeinde-paulinenaue-eine-serie-zur-ortsgeschichte-teil-2\/\" \/>\n<meta property=\"og:site_name\" content=\"Paulinenaue\" \/>\n<meta property=\"article:published_time\" content=\"2017-06-10T10:08:06+00:00\" \/>\n<meta property=\"article:modified_time\" content=\"2017-06-21T07:21:07+00:00\" \/>\n<meta property=\"og:image\" content=\"https:\/\/i0.wp.com\/paulinenaue.info\/wp-content\/uploads\/2017\/06\/schaeferei.jpg?fit=351%2C250&ssl=1\" \/>\n\t<meta property=\"og:image:width\" content=\"351\" \/>\n\t<meta property=\"og:image:height\" content=\"250\" \/>\n\t<meta property=\"og:image:type\" content=\"image\/jpeg\" \/>\n<meta name=\"author\" content=\"Sarah\" \/>\n<meta name=\"twitter:card\" content=\"summary_large_image\" \/>\n<meta name=\"twitter:label1\" content=\"Verfasst von\" \/>\n\t<meta name=\"twitter:data1\" content=\"Sarah\" \/>\n\t<meta name=\"twitter:label2\" content=\"Gesch\u00e4tzte Lesezeit\" \/>\n\t<meta name=\"twitter:data2\" content=\"4\u00a0Minuten\" \/>\n<script type=\"application\/ld+json\" class=\"yoast-schema-graph\">{\"@context\":\"https:\\\/\\\/schema.org\",\"@graph\":[{\"@type\":\"Article\",\"@id\":\"https:\\\/\\\/paulinenaue.info\\\/index.php\\\/80-jahre-gemeinde-paulinenaue-eine-serie-zur-ortsgeschichte-teil-2\\\/#article\",\"isPartOf\":{\"@id\":\"https:\\\/\\\/paulinenaue.info\\\/index.php\\\/80-jahre-gemeinde-paulinenaue-eine-serie-zur-ortsgeschichte-teil-2\\\/\"},\"author\":{\"name\":\"Sarah\",\"@id\":\"https:\\\/\\\/paulinenaue.info\\\/#\\\/schema\\\/person\\\/e5be566a57b5b3f65d2c65a58c42325e\"},\"headline\":\"80 Jahre Gemeinde Paulinenaue \u2013 Eine Serie zur Ortsgeschichte (Teil 2)\",\"datePublished\":\"2017-06-10T10:08:06+00:00\",\"dateModified\":\"2017-06-21T07:21:07+00:00\",\"mainEntityOfPage\":{\"@id\":\"https:\\\/\\\/paulinenaue.info\\\/index.php\\\/80-jahre-gemeinde-paulinenaue-eine-serie-zur-ortsgeschichte-teil-2\\\/\"},\"wordCount\":772,\"commentCount\":0,\"image\":{\"@id\":\"https:\\\/\\\/paulinenaue.info\\\/index.php\\\/80-jahre-gemeinde-paulinenaue-eine-serie-zur-ortsgeschichte-teil-2\\\/#primaryimage\"},\"thumbnailUrl\":\"https:\\\/\\\/paulinenaue.info\\\/wp-content\\\/uploads\\\/2017\\\/06\\\/schaeferei.jpg\",\"keywords\":[\"Bardelebens Meierei\"],\"articleSection\":{\"1\":\"Dorfentwicklung\",\"2\":\"Historie\"},\"inLanguage\":\"de\",\"potentialAction\":[{\"@type\":\"CommentAction\",\"name\":\"Comment\",\"target\":[\"https:\\\/\\\/paulinenaue.info\\\/index.php\\\/80-jahre-gemeinde-paulinenaue-eine-serie-zur-ortsgeschichte-teil-2\\\/#respond\"]}]},{\"@type\":\"WebPage\",\"@id\":\"https:\\\/\\\/paulinenaue.info\\\/index.php\\\/80-jahre-gemeinde-paulinenaue-eine-serie-zur-ortsgeschichte-teil-2\\\/\",\"url\":\"https:\\\/\\\/paulinenaue.info\\\/index.php\\\/80-jahre-gemeinde-paulinenaue-eine-serie-zur-ortsgeschichte-teil-2\\\/\",\"name\":\"80 Jahre Gemeinde Paulinenaue \u2013 Eine Serie zur Ortsgeschichte (Teil 2) - Paulinenaue\",\"isPartOf\":{\"@id\":\"https:\\\/\\\/paulinenaue.info\\\/#website\"},\"primaryImageOfPage\":{\"@id\":\"https:\\\/\\\/paulinenaue.info\\\/index.php\\\/80-jahre-gemeinde-paulinenaue-eine-serie-zur-ortsgeschichte-teil-2\\\/#primaryimage\"},\"image\":{\"@id\":\"https:\\\/\\\/paulinenaue.info\\\/index.php\\\/80-jahre-gemeinde-paulinenaue-eine-serie-zur-ortsgeschichte-teil-2\\\/#primaryimage\"},\"thumbnailUrl\":\"https:\\\/\\\/paulinenaue.info\\\/wp-content\\\/uploads\\\/2017\\\/06\\\/schaeferei.jpg\",\"datePublished\":\"2017-06-10T10:08:06+00:00\",\"dateModified\":\"2017-06-21T07:21:07+00:00\",\"author\":{\"@id\":\"https:\\\/\\\/paulinenaue.info\\\/#\\\/schema\\\/person\\\/e5be566a57b5b3f65d2c65a58c42325e\"},\"breadcrumb\":{\"@id\":\"https:\\\/\\\/paulinenaue.info\\\/index.php\\\/80-jahre-gemeinde-paulinenaue-eine-serie-zur-ortsgeschichte-teil-2\\\/#breadcrumb\"},\"inLanguage\":\"de\",\"potentialAction\":[{\"@type\":\"ReadAction\",\"target\":[\"https:\\\/\\\/paulinenaue.info\\\/index.php\\\/80-jahre-gemeinde-paulinenaue-eine-serie-zur-ortsgeschichte-teil-2\\\/\"]}]},{\"@type\":\"ImageObject\",\"inLanguage\":\"de\",\"@id\":\"https:\\\/\\\/paulinenaue.info\\\/index.php\\\/80-jahre-gemeinde-paulinenaue-eine-serie-zur-ortsgeschichte-teil-2\\\/#primaryimage\",\"url\":\"https:\\\/\\\/paulinenaue.info\\\/wp-content\\\/uploads\\\/2017\\\/06\\\/schaeferei.jpg\",\"contentUrl\":\"https:\\\/\\\/paulinenaue.info\\\/wp-content\\\/uploads\\\/2017\\\/06\\\/schaeferei.jpg\",\"width\":\"351\",\"height\":\"250\"},{\"@type\":\"BreadcrumbList\",\"@id\":\"https:\\\/\\\/paulinenaue.info\\\/index.php\\\/80-jahre-gemeinde-paulinenaue-eine-serie-zur-ortsgeschichte-teil-2\\\/#breadcrumb\",\"itemListElement\":[{\"@type\":\"ListItem\",\"position\":1,\"name\":\"Home\",\"item\":\"https:\\\/\\\/paulinenaue.info\\\/\"},{\"@type\":\"ListItem\",\"position\":2,\"name\":\"80 Jahre Gemeinde Paulinenaue \u2013 Eine Serie zur Ortsgeschichte (Teil 2)\"}]},{\"@type\":\"WebSite\",\"@id\":\"https:\\\/\\\/paulinenaue.info\\\/#website\",\"url\":\"https:\\\/\\\/paulinenaue.info\\\/\",\"name\":\"Paulinenaue\",\"description\":\"Ein Dorf im Havelland\",\"potentialAction\":[{\"@type\":\"SearchAction\",\"target\":{\"@type\":\"EntryPoint\",\"urlTemplate\":\"https:\\\/\\\/paulinenaue.info\\\/?s={search_term_string}\"},\"query-input\":{\"@type\":\"PropertyValueSpecification\",\"valueRequired\":true,\"valueName\":\"search_term_string\"}}],\"inLanguage\":\"de\"},{\"@type\":\"Person\",\"@id\":\"https:\\\/\\\/paulinenaue.info\\\/#\\\/schema\\\/person\\\/e5be566a57b5b3f65d2c65a58c42325e\",\"name\":\"Sarah\",\"url\":\"https:\\\/\\\/paulinenaue.info\\\/index.php\\\/author\\\/sarah\\\/\"}]}<\/script>\n<!-- \/ Yoast SEO plugin. -->","yoast_head_json":{"title":"80 Jahre Gemeinde Paulinenaue \u2013 Eine Serie zur Ortsgeschichte (Teil 2) - Paulinenaue","robots":{"index":"index","follow":"follow","max-snippet":"max-snippet:-1","max-image-preview":"max-image-preview:large","max-video-preview":"max-video-preview:-1"},"canonical":"https:\/\/paulinenaue.info\/index.php\/80-jahre-gemeinde-paulinenaue-eine-serie-zur-ortsgeschichte-teil-2\/","og_locale":"de_DE","og_type":"article","og_title":"80 Jahre Gemeinde Paulinenaue \u2013 Eine Serie zur Ortsgeschichte (Teil 2) - Paulinenaue","og_description":"01.08.2004 Teil 2 Bardelebens Meierei und das junge Dorf Paulinenaue [&hellip;]","og_url":"https:\/\/paulinenaue.info\/index.php\/80-jahre-gemeinde-paulinenaue-eine-serie-zur-ortsgeschichte-teil-2\/","og_site_name":"Paulinenaue","article_published_time":"2017-06-10T10:08:06+00:00","article_modified_time":"2017-06-21T07:21:07+00:00","og_image":[{"width":351,"height":250,"url":"https:\/\/i0.wp.com\/paulinenaue.info\/wp-content\/uploads\/2017\/06\/schaeferei.jpg?fit=351%2C250&ssl=1","type":"image\/jpeg"}],"author":"Sarah","twitter_card":"summary_large_image","twitter_misc":{"Verfasst von":"Sarah","Gesch\u00e4tzte Lesezeit":"4\u00a0Minuten"},"schema":{"@context":"https:\/\/schema.org","@graph":[{"@type":"Article","@id":"https:\/\/paulinenaue.info\/index.php\/80-jahre-gemeinde-paulinenaue-eine-serie-zur-ortsgeschichte-teil-2\/#article","isPartOf":{"@id":"https:\/\/paulinenaue.info\/index.php\/80-jahre-gemeinde-paulinenaue-eine-serie-zur-ortsgeschichte-teil-2\/"},"author":{"name":"Sarah","@id":"https:\/\/paulinenaue.info\/#\/schema\/person\/e5be566a57b5b3f65d2c65a58c42325e"},"headline":"80 Jahre Gemeinde Paulinenaue \u2013 Eine Serie zur Ortsgeschichte (Teil 2)","datePublished":"2017-06-10T10:08:06+00:00","dateModified":"2017-06-21T07:21:07+00:00","mainEntityOfPage":{"@id":"https:\/\/paulinenaue.info\/index.php\/80-jahre-gemeinde-paulinenaue-eine-serie-zur-ortsgeschichte-teil-2\/"},"wordCount":772,"commentCount":0,"image":{"@id":"https:\/\/paulinenaue.info\/index.php\/80-jahre-gemeinde-paulinenaue-eine-serie-zur-ortsgeschichte-teil-2\/#primaryimage"},"thumbnailUrl":"https:\/\/paulinenaue.info\/wp-content\/uploads\/2017\/06\/schaeferei.jpg","keywords":["Bardelebens Meierei"],"articleSection":{"1":"Dorfentwicklung","2":"Historie"},"inLanguage":"de","potentialAction":[{"@type":"CommentAction","name":"Comment","target":["https:\/\/paulinenaue.info\/index.php\/80-jahre-gemeinde-paulinenaue-eine-serie-zur-ortsgeschichte-teil-2\/#respond"]}]},{"@type":"WebPage","@id":"https:\/\/paulinenaue.info\/index.php\/80-jahre-gemeinde-paulinenaue-eine-serie-zur-ortsgeschichte-teil-2\/","url":"https:\/\/paulinenaue.info\/index.php\/80-jahre-gemeinde-paulinenaue-eine-serie-zur-ortsgeschichte-teil-2\/","name":"80 Jahre Gemeinde Paulinenaue \u2013 Eine Serie zur Ortsgeschichte (Teil 2) - Paulinenaue","isPartOf":{"@id":"https:\/\/paulinenaue.info\/#website"},"primaryImageOfPage":{"@id":"https:\/\/paulinenaue.info\/index.php\/80-jahre-gemeinde-paulinenaue-eine-serie-zur-ortsgeschichte-teil-2\/#primaryimage"},"image":{"@id":"https:\/\/paulinenaue.info\/index.php\/80-jahre-gemeinde-paulinenaue-eine-serie-zur-ortsgeschichte-teil-2\/#primaryimage"},"thumbnailUrl":"https:\/\/paulinenaue.info\/wp-content\/uploads\/2017\/06\/schaeferei.jpg","datePublished":"2017-06-10T10:08:06+00:00","dateModified":"2017-06-21T07:21:07+00:00","author":{"@id":"https:\/\/paulinenaue.info\/#\/schema\/person\/e5be566a57b5b3f65d2c65a58c42325e"},"breadcrumb":{"@id":"https:\/\/paulinenaue.info\/index.php\/80-jahre-gemeinde-paulinenaue-eine-serie-zur-ortsgeschichte-teil-2\/#breadcrumb"},"inLanguage":"de","potentialAction":[{"@type":"ReadAction","target":["https:\/\/paulinenaue.info\/index.php\/80-jahre-gemeinde-paulinenaue-eine-serie-zur-ortsgeschichte-teil-2\/"]}]},{"@type":"ImageObject","inLanguage":"de","@id":"https:\/\/paulinenaue.info\/index.php\/80-jahre-gemeinde-paulinenaue-eine-serie-zur-ortsgeschichte-teil-2\/#primaryimage","url":"https:\/\/paulinenaue.info\/wp-content\/uploads\/2017\/06\/schaeferei.jpg","contentUrl":"https:\/\/paulinenaue.info\/wp-content\/uploads\/2017\/06\/schaeferei.jpg","width":"351","height":"250"},{"@type":"BreadcrumbList","@id":"https:\/\/paulinenaue.info\/index.php\/80-jahre-gemeinde-paulinenaue-eine-serie-zur-ortsgeschichte-teil-2\/#breadcrumb","itemListElement":[{"@type":"ListItem","position":1,"name":"Home","item":"https:\/\/paulinenaue.info\/"},{"@type":"ListItem","position":2,"name":"80 Jahre Gemeinde Paulinenaue \u2013 Eine Serie zur Ortsgeschichte (Teil 2)"}]},{"@type":"WebSite","@id":"https:\/\/paulinenaue.info\/#website","url":"https:\/\/paulinenaue.info\/","name":"Paulinenaue","description":"Ein Dorf im Havelland","potentialAction":[{"@type":"SearchAction","target":{"@type":"EntryPoint","urlTemplate":"https:\/\/paulinenaue.info\/?s={search_term_string}"},"query-input":{"@type":"PropertyValueSpecification","valueRequired":true,"valueName":"search_term_string"}}],"inLanguage":"de"},{"@type":"Person","@id":"https:\/\/paulinenaue.info\/#\/schema\/person\/e5be566a57b5b3f65d2c65a58c42325e","name":"Sarah","url":"https:\/\/paulinenaue.info\/index.php\/author\/sarah\/"}]}},"jetpack_publicize_connections":[],"jetpack_featured_media_url":"https:\/\/paulinenaue.info\/wp-content\/uploads\/2017\/06\/schaeferei.jpg","jetpack_sharing_enabled":true,"jetpack_shortlink":"https:\/\/wp.me\/pcYhWA-fl","jetpack-related-posts":[{"id":1212,"url":"https:\/\/paulinenaue.info\/index.php\/einsamer-hirt-im-lindholz\/","url_meta":{"origin":951,"position":0},"title":"Einsamer Hirt im Lindholz","author":"Sarah","date":"22. Juni 2017","format":false,"excerpt":"Eine 400 Jahre alte Quelle informiert \u00fcber die fr\u00fcheste Ortsgeschichte Joachim Scholz Stefan Lindemann, Archivwissenschaftler aus Potsdam, ist in Gro\u00df Behnitz aufgewachsen und ein begeisterter Ortschronist. Die Reihe seiner im Selbstverlag herausgegebenen \u201eBeitr\u00e4ge zur Geschichte der D\u00f6rfer Gro\u00df und Klein Behnitz\u201c f\u00fcllt mittlerweile eine stattliche Regalzeite. Manchmal st\u00f6\u00dft Stefan Lindemann\u2026","rel":"","context":"In &quot;Allgemein&quot;","block_context":{"text":"Allgemein","link":"https:\/\/paulinenaue.info\/index.php\/category\/allgemein\/"},"img":{"alt_text":"Abbildung des Schauplatzes. Auf seinem Weg vom Lindholz nach Behnitz \u00fcber Selbelang ber\u00fchrte von Bardeleben die Gemarkungen mehrerer Herren. ","src":"https:\/\/i0.wp.com\/paulinenaue.info\/wp-content\/uploads\/2017\/06\/17_havelland-222x300.jpg?resize=350%2C200","width":350,"height":200},"classes":[]},{"id":199,"url":"https:\/\/paulinenaue.info\/index.php\/einsamer-hirt-im-lindholz-eine-400-jahre-alte-quelle-informiert-ueber-die-frueheste-ortsgeschichte\/","url_meta":{"origin":951,"position":1},"title":"Einsamer Hirt im Lindholz \u2013 Eine 400 Jahre alte Quelle informiert \u00fcber die fr\u00fcheste Ortsgeschichte","author":"Joachim Scholz","date":"22. M\u00e4rz 2016","format":false,"excerpt":"Stefan Lindemann, Archivwissenschaftler aus Potsdam, ist in Gro\u00df Behnitz aufgewachsen und ein begeisterter Ortschronist. Die Reihe seiner im Selbstverlag herausgegebenen \u201eBeitr\u00e4ge zur Geschichte der D\u00f6rfer Gro\u00df und Klein Behnitz\u201c f\u00fcllt mittlerweile eine stattliche Regalzeite. Manchmal st\u00f6\u00dft Stefan Lindemann bei seiner Archivarbeit auf Verbindungen zwischen der Behnitzer und der Paulinenauer Ortsgeschichte.\u2026","rel":"","context":"In &quot;Historie&quot;","block_context":{"text":"Historie","link":"https:\/\/paulinenaue.info\/index.php\/category\/historie\/"},"img":{"alt_text":"Abbildung des Schauplatzes.","src":"https:\/\/i0.wp.com\/paulinenaue.info\/neues\/extra\/extra\/2013_bienenfarm_lindholzfarm\/extra\/einzelne\/fotos\/06_karten\/17_havelland.jpg?resize=350%2C200","width":350,"height":200},"classes":[]},{"id":197,"url":"https:\/\/paulinenaue.info\/index.php\/kleine-geschichte-von-bienenfarm-und-der-lindholzfarm\/","url_meta":{"origin":951,"position":2},"title":"Kleine Geschichte von Bienenfarm und Lindholzfarm","author":"Joachim Scholz","date":"11. Februar 2013","format":false,"excerpt":"Im Schmettauschen Kartenwerk von 1774 sieht man am Waldrand des Lindholzes - den Stra\u00dfend\u00f6rfern Ribbeck, Selbelang und Pessin vorgelagert - drei \u00e4hnlich gro\u00dfe Vierseitenh\u00f6fe in der Wiesenfl\u00e4che liegen, die hier \u201edas Blache Luch\u201c hei\u00dft. An der helleren Ausmalung erkennt man die Fl\u00e4chen, die von diesen Meiereien bewirtschaftet wurden. Dass auf\u2026","rel":"","context":"In &quot;Bienenfarm&quot;","block_context":{"text":"Bienenfarm","link":"https:\/\/paulinenaue.info\/index.php\/category\/bienenfarm\/"},"img":{"alt_text":"","src":"https:\/\/i0.wp.com\/paulinenaue.info\/wp-content\/uploads\/2018\/03\/Verwalterhaus-Bienenfarm-2012.jpg?resize=350%2C200&ssl=1","width":350,"height":200,"srcset":"https:\/\/i0.wp.com\/paulinenaue.info\/wp-content\/uploads\/2018\/03\/Verwalterhaus-Bienenfarm-2012.jpg?resize=350%2C200&ssl=1 1x, https:\/\/i0.wp.com\/paulinenaue.info\/wp-content\/uploads\/2018\/03\/Verwalterhaus-Bienenfarm-2012.jpg?resize=525%2C300&ssl=1 1.5x, https:\/\/i0.wp.com\/paulinenaue.info\/wp-content\/uploads\/2018\/03\/Verwalterhaus-Bienenfarm-2012.jpg?resize=700%2C400&ssl=1 2x"},"classes":[]},{"id":775,"url":"https:\/\/paulinenaue.info\/index.php\/deutsche-sprache-schwere-sprache\/","url_meta":{"origin":951,"position":3},"title":"Deutsche Sprache \u2013 schwere Sprache","author":"Sarah","date":"4. April 2017","format":false,"excerpt":"\u201eDie Siedlungsstelle ist durch drei voneinander unabh\u00e4ngige Meiereien im Lindholz. Um die von Hauptmann von Bardeleben seit 1400 formiert sich die heutige Gemeinde mit den Siedlungen Lindholzfarm und Bienenfarm.\u201c Wer bewusst und aufmerksam durch Paulinenaue geht, hat diese merkw\u00fcrdigen S\u00e4tze bestimmt schon einmal gelesen. Manche gehen jeden Tag daran vorbei,\u2026","rel":"","context":"In &quot;Allgemein&quot;","block_context":{"text":"Allgemein","link":"https:\/\/paulinenaue.info\/index.php\/category\/allgemein\/"},"img":{"alt_text":"Informationstafel am Bahnhof","src":"https:\/\/i0.wp.com\/paulinenaue.info\/wp-content\/uploads\/2017\/04\/Infotafel-Bhf.png?resize=350%2C200&ssl=1","width":350,"height":200,"srcset":"https:\/\/i0.wp.com\/paulinenaue.info\/wp-content\/uploads\/2017\/04\/Infotafel-Bhf.png?resize=350%2C200&ssl=1 1x, https:\/\/i0.wp.com\/paulinenaue.info\/wp-content\/uploads\/2017\/04\/Infotafel-Bhf.png?resize=525%2C300&ssl=1 1.5x, https:\/\/i0.wp.com\/paulinenaue.info\/wp-content\/uploads\/2017\/04\/Infotafel-Bhf.png?resize=700%2C400&ssl=1 2x"},"classes":[]},{"id":417007,"url":"https:\/\/paulinenaue.info\/index.php\/100-jahre-gemeinde-paulinenaue-2\/","url_meta":{"origin":951,"position":4},"title":"8. Dezember 2024 \u2013\u00a0100 Jahre Gemeinde Paulinenaue","author":"Joachim Scholz","date":"8. Dezember 2024","format":false,"excerpt":"Herzlichen Gl\u00fcckwunsch, aber feiern wir vielleicht das falsche Jubil\u00e4um? Vortrag von Joachim Scholz zur Feierstunde am 16.11.2024 im Saal des ehemaligen MZG Paulinenaue Nicht lange her, da wurden in Paulinenaue 100 Jahre Sportverein gefeiert, auch einen Friedhof gibt es seit etwa 100 Jahren in Paulinenaue. Damals muss also ganz sch\u00f6n\u2026","rel":"","context":"In &quot;Dorfentwicklung&quot;","block_context":{"text":"Dorfentwicklung","link":"https:\/\/paulinenaue.info\/index.php\/category\/dorfentwicklung\/"},"img":{"alt_text":"","src":"https:\/\/i0.wp.com\/paulinenaue.info\/wp-content\/uploads\/2024\/12\/Paulinenaue-Schmiede-und-Strasse-um-1920.jpg?resize=350%2C200&ssl=1","width":350,"height":200,"srcset":"https:\/\/i0.wp.com\/paulinenaue.info\/wp-content\/uploads\/2024\/12\/Paulinenaue-Schmiede-und-Strasse-um-1920.jpg?resize=350%2C200&ssl=1 1x, https:\/\/i0.wp.com\/paulinenaue.info\/wp-content\/uploads\/2024\/12\/Paulinenaue-Schmiede-und-Strasse-um-1920.jpg?resize=525%2C300&ssl=1 1.5x, https:\/\/i0.wp.com\/paulinenaue.info\/wp-content\/uploads\/2024\/12\/Paulinenaue-Schmiede-und-Strasse-um-1920.jpg?resize=700%2C400&ssl=1 2x"},"classes":[]},{"id":886,"url":"https:\/\/paulinenaue.info\/index.php\/zum-170-namenstag-von-paulinenaue-2003\/","url_meta":{"origin":951,"position":5},"title":"Zum 170. Namenstag von Paulinenaue 2003","author":"Sarah","date":"10. Juni 2017","format":false,"excerpt":"30.08.2004 2003 - 170 Jahre Paulinenaue Joachim Scholz Am 10. Mai 1833 ver\u00f6ffentlichte das Amts-Blatt der K\u00f6niglichen Regierung zu Potsdam und der Stadt Berlin eine Notiz, die von der Namensgebung unseres Dorfes am 30. April vor 170 Jahren Bericht ablegt. Pauline von Bardeleben, mit der sich Herr von Knoblauch kurz\u2026","rel":"","context":"In &quot;Allgemein&quot;","block_context":{"text":"Allgemein","link":"https:\/\/paulinenaue.info\/index.php\/category\/allgemein\/"},"img":{"alt_text":"Faksimile der Notiz \u00fcber die Namensgebung Paulinenaue. In: Amts-Blatt der K\u00f6niglichen Regierung zu Potsdam und der Stadt Berlin. St\u00fcck 19 vom 30.05.1833, S. 122.","src":"https:\/\/i0.wp.com\/paulinenaue.info\/wp-content\/uploads\/2017\/06\/amtsblatt-300x90.jpg?resize=350%2C200","width":350,"height":200},"classes":[]}],"_links":{"self":[{"href":"https:\/\/paulinenaue.info\/index.php\/wp-json\/wp\/v2\/posts\/951","targetHints":{"allow":["GET"]}}],"collection":[{"href":"https:\/\/paulinenaue.info\/index.php\/wp-json\/wp\/v2\/posts"}],"about":[{"href":"https:\/\/paulinenaue.info\/index.php\/wp-json\/wp\/v2\/types\/post"}],"author":[{"embeddable":true,"href":"https:\/\/paulinenaue.info\/index.php\/wp-json\/wp\/v2\/users\/3"}],"replies":[{"embeddable":true,"href":"https:\/\/paulinenaue.info\/index.php\/wp-json\/wp\/v2\/comments?post=951"}],"version-history":[{"count":6,"href":"https:\/\/paulinenaue.info\/index.php\/wp-json\/wp\/v2\/posts\/951\/revisions"}],"predecessor-version":[{"id":1157,"href":"https:\/\/paulinenaue.info\/index.php\/wp-json\/wp\/v2\/posts\/951\/revisions\/1157"}],"wp:featuredmedia":[{"embeddable":true,"href":"https:\/\/paulinenaue.info\/index.php\/wp-json\/wp\/v2\/media\/948"}],"wp:attachment":[{"href":"https:\/\/paulinenaue.info\/index.php\/wp-json\/wp\/v2\/media?parent=951"}],"wp:term":[{"taxonomy":"category","embeddable":true,"href":"https:\/\/paulinenaue.info\/index.php\/wp-json\/wp\/v2\/categories?post=951"},{"taxonomy":"post_tag","embeddable":true,"href":"https:\/\/paulinenaue.info\/index.php\/wp-json\/wp\/v2\/tags?post=951"}],"curies":[{"name":"wp","href":"https:\/\/api.w.org\/{rel}","templated":true}]}}